{"id":1829,"date":"2019-11-25T10:00:34","date_gmt":"2019-11-25T09:00:34","guid":{"rendered":"http:\/\/www.anovapeneira.gal\/?p=1829"},"modified":"2019-11-25T09:08:12","modified_gmt":"2019-11-25T08:08:12","slug":"emiliano-lage-alcalde-de-fornelos-de-montes-2","status":"publish","type":"post","link":"https:\/\/www.anovapeneira.gal\/index.php\/2019\/11\/25\/emiliano-lage-alcalde-de-fornelos-de-montes-2\/","title":{"rendered":"Emiliano Lage. Alcalde de Fornelos de Montes"},"content":{"rendered":"\n<p><strong>Non\nhai mellor forma de rematarmos o ano que acheg\u00e1ndonos a Fornelos de\nMontes, o pobo m\u00e1is bonito do bonito do mundo, pola s\u00faa inmensa\nbeleza f\u00edsica e polo acougo e serenidade que transmite, como sempre\nfoi un pracer conversar do divino e do humano co seu alcalde.<\/strong><\/p>\n\n\n\n<p>\u201c<strong>ESTE GOBERNO TEN MOI\nCLARAS AS DEFICIENCIAS E AS NECESIDADES DE ACTUACI\u00d3N QUE TEN\nFORNELOS,E NA MEDIDA QUE EXISTAN POSIBILIDADES ECON\u00d3MICAS IMOS IR A\nPOR ELAS CON ENERX\u00cdA E CONTUNDENCIA\u201d<\/strong><\/p>\n\n\n\n<p> <strong>Estamos a piques de\nrematarmos o ano, como o valoramos, alcalde?<\/strong><\/p>\n\n\n\n<blockquote class=\"wp-block-quote is-layout-flow wp-block-quote-is-layout-flow\"><p>Ben, creo que en li\u00f1as xerais foi un bo ano para Fornelos, moi intenso politicamente pois en  moi pouco tempo vivimos unhas elecci\u00f3ns municipais, unhas europeas e d\u00faas nacionais.<\/p><\/blockquote>\n\n\n\n<p><strong>No teu pobo, o partido\nsocialista ten a situaci\u00f3n pol\u00edtica moi controlada?<\/strong><\/p>\n\n\n\n<blockquote class=\"wp-block-quote is-layout-flow wp-block-quote-is-layout-flow\"><p>Eu o que entendo, e que a maior\u00eda das veci\u00f1as e veci\u00f1os avalan a nosa xesti\u00f3n coa s\u00faa confianza o que \u00e9 unha inmensa honra para min desde logo<\/p><\/blockquote>\n\n\n\n<p><strong>Aquel experimento un\ntanto peculiar de C,S que montaron para as municipais aqu\u00ed, en que\nquedou?<\/strong><\/p>\n\n\n\n<blockquote class=\"wp-block-quote is-layout-flow wp-block-quote-is-layout-flow\"><p>En nada, non quitaron representaci\u00f3n e como todos os proxectos sen base real que se montan ad hoc para un proceso electoral concreto, cando o proceso remata, o experimento desaparece. F\u00edxate ti cal ser\u00eda a mi\u00f1a sorpresa que \u00e1 candidata de C,S nas municipais de Fornelos de Montes, mireina eu no mitin que deu Pedro S\u00e1nchez en Vigo<\/p><\/blockquote>\n\n\n\n<p><strong>Ti sempre me dixeches\nque a \u00fanica oposici\u00f3n real que ti\u00f1as era a que exerc\u00eda o BNG,\nagora que Pedro xa non est\u00e1, coa s\u00faa actual concelleira, Mila de\nTraspielas, sigue acontecendo o mesmo?<\/strong><\/p>\n\n\n\n<blockquote class=\"wp-block-quote is-layout-flow wp-block-quote-is-layout-flow\"><p>Exactamente o mesmo. A \u00fanica oposici\u00f3n que te\u00f1o aqu\u00ed \u00e9 a do BNG, unha oposici\u00f3n contundente pero responsable.<\/p><\/blockquote>\n\n\n\n<p><strong>E o PP de Fornelos,\nsegue actuando como unha procesi\u00f3n de caladi\u00f1os?<\/strong><\/p>\n\n\n\n<blockquote class=\"wp-block-quote is-layout-flow wp-block-quote-is-layout-flow\"><p>Non fan nada, s\u00f3 votan o que consideren<\/p><\/blockquote>\n\n\n\n<p><strong>Pero algunha moci\u00f3n\npresentar\u00e1n, supo\u00f1o?<\/strong><\/p>\n\n\n\n<blockquote class=\"wp-block-quote is-layout-flow wp-block-quote-is-layout-flow\"><p>Non<\/p><\/blockquote>\n\n\n\n<p><strong>Alucino, en serio\nEmiliano?<\/strong><\/p>\n\n\n\n<blockquote class=\"wp-block-quote is-layout-flow wp-block-quote-is-layout-flow\"><p>Absolutamente en serio, nunca presentaron ningunha moci\u00f3n<\/p><\/blockquote>\n\n\n\n<p>\t<strong>Que tal foron as\nfestas de Agosto?<\/strong><\/p>\n\n\n\n<blockquote class=\"wp-block-quote is-layout-flow wp-block-quote-is-layout-flow\"><p>Moi ben, malia que o tempo non axudou moito, tanto de contido como de afluencia, considero que estiveron na li\u00f1a do que soen ser aqu\u00ed as festas patronais<\/p><\/blockquote>\n\n\n\n<p><strong>Penso que a sociedade\nfornelense est\u00e1 moi implicada nesas festas verdade?<\/strong><\/p>\n\n\n\n<blockquote class=\"wp-block-quote is-layout-flow wp-block-quote-is-layout-flow\"><p>Abof\u00e9 que si, e a\u00ednda que son moitas as persoas que se implican, quixera aproveitar para destacar o traballo inmenso en calidade e cantidade de d\u00faas persoas que colaboran de maneira superlativa: Cayetano e Eva.<\/p><\/blockquote>\n\n\n\n<p><strong>No anterior mandato\n2.015-2.019 ti\u00f1as a ilusi\u00f3n de facer realidade o Tanatorio, como\nas\u00ed foi, que proxectos tes en mente para este per\u00edodo 2.019-2.023?<\/strong><\/p>\n\n\n\n<blockquote class=\"wp-block-quote is-layout-flow wp-block-quote-is-layout-flow\"><p>Ben todo depender\u00e1 das posibilidades econ\u00f3micas que te\u00f1amos, precisamos a renovaci\u00f3n de varias instalaci\u00f3ns deportivas, algo que xa lle comentei \u00e1 presidenta da DEP<\/p><\/blockquote>\n\n\n\n<p><strong>E a s\u00faa receptividade?<\/strong><\/p>\n\n\n\n<blockquote class=\"wp-block-quote is-layout-flow wp-block-quote-is-layout-flow\"><p>El \u00e9 moi sensible \u00e1s necesidades dos concellos al\u00e9n dunha persoa xusta. Tam\u00e9n precisamos renovar o tellado  do pavill\u00f3n. Avanzar no saneamento \u00e9 moi importante para n\u00f3s<\/p><\/blockquote>\n\n\n\n<p><strong>En que zonas?<\/strong><\/p>\n\n\n\n<blockquote class=\"wp-block-quote is-layout-flow wp-block-quote-is-layout-flow\"><p>Rematar o de Calvos, que xa non nos falta moito, o de Fornelos xa est\u00e1 rematado e agora teremos que meternos seguramente con Traspielas malia que a orograf\u00eda desa parroquia \u00e9 moi complicada xa que ten catro n\u00facleos de poboaci\u00f3n moi diferenciadas. O saneamento nun concello como o noso \u00e9 complicad\u00edsimo, tanto pola orograf\u00eda, como pola dispersi\u00f3n como polo custe. F\u00edxate a depuradora de Calvos, a n\u00f3s s\u00e1enos entre 15.000\u20ac e 20.000\u20ac ao ano, e como comprender\u00e1s se a Xunta non se implica o que debe, pois resulta realmente dif\u00edcil. E xa por \u00faltimo tam\u00e9n temos necesidade de mellorar a nosa rede viaria. En definitiva, este goberno ten claro as deficiencias e as necesidades de actuaci\u00f3n que ten Fornelos e na medida de que existan posibilidades de financiamento imos apor elas con absoluta enerx\u00eda e contundencia<\/p><\/blockquote>\n\n\n\n<p><strong>Fan falta cartos claro?<\/strong><\/p>\n\n\n\n<blockquote class=\"wp-block-quote is-layout-flow wp-block-quote-is-layout-flow\"><p>Si, desde logo. Nas campa\u00f1as electorais todos falan da \u201cEspa\u00f1a vaciada\u201d, pero unha cousa \u00e9 falar e outra moi distinta e exercer a responsabilidade de achegar os investimentos necesarios para que o rural non se vacie.<\/p><\/blockquote>\n\n\n\n<p><strong>Se algunha familia nova\nquixera vir a vivir en Fornelos ter\u00eda facilidades para atopar unha\nvivenda?<\/strong><\/p>\n\n\n\n<blockquote class=\"wp-block-quote is-layout-flow wp-block-quote-is-layout-flow\"><p>Non hai moitas, a verdade \u00e9 que non. Hai algunhas ruinosas que compran xente de f\u00f3ra e rehabilitan, pero no aspecto da vivenda nova para mercar e alugar, eu entendo que a Xunta deber\u00eda dar un paso adiante na creaci\u00f3n dun parque de vivendas no rural a prezos asequibles para facilitar que a xente que o desexe poida vir vivir ao rural<\/p><\/blockquote>\n\n\n\n<p><strong>Supo\u00f1o que \u00e1 hora de\ndar licenzas para vivenda nova o, concello non ser\u00e1 un problema?<\/strong><\/p>\n\n\n\n<blockquote class=\"wp-block-quote is-layout-flow wp-block-quote-is-layout-flow\"><p>De ningunha maneira, todo o contrario, sempre cumprindo escrupulosamente a lei por suposto, n\u00f3s damos todas as facilidades do mundo<\/p><\/blockquote>\n\n\n\n<p><strong>F\u00e1lanos do Foxo dos\nlobos?<\/strong><\/p>\n\n\n\n<blockquote class=\"wp-block-quote is-layout-flow wp-block-quote-is-layout-flow\"><p>Pois remat\u00e1molo de limpar e preparar hai pouco, cunha subvenci\u00f3n de turismo, e seica \u00e9 o m\u00e1is grande de Europa. Recentemente organizaron unha andaina para miralo e present\u00e1ronse 130 persoas<\/p><\/blockquote>\n\n\n\n<p><strong>Os premios Lueiro Rei\nseguen indo ben?<\/strong><\/p>\n\n\n\n<blockquote class=\"wp-block-quote is-layout-flow wp-block-quote-is-layout-flow\"><p>Eu entendo que si, seguen a ser unha das sinais de identidade do noso pobo e considero que xa est\u00e1n inseridos no panorama cultural de Galicia como unha das citas imprescindibles e de m\u00e1ximo nivel<\/p><\/blockquote>\n\n\n\n<p><strong>Este nadal vas p\u00f3r\nunha noria como a de Vigo?<\/strong><\/p>\n\n\n\n<blockquote class=\"wp-block-quote is-layout-flow wp-block-quote-is-layout-flow\"><p>Ha ha ha ha, este Nadal imos p\u00f3r unha decoraci\u00f3n moi bonita e decente, conforme a nosa capacidade, como procuramos facer todos os anos<\/p><\/blockquote>\n\n\n\n<p><strong>A atenci\u00f3n \u00e1s persoas\nque o pasan mal, segue a ser unha prioridade?<\/strong><\/p>\n\n\n\n<blockquote class=\"wp-block-quote is-layout-flow wp-block-quote-is-layout-flow\"><p>Total e absoluta, este \u00e9 un goberno sensible \u00e1s necesidades dos segmentos de poboaci\u00f3n que sofren, e sempre vai estar para atendelos no que precisen<\/p><\/blockquote>\n\n\n\n<p><strong>Quedaches contento da\naperta entre Pedro S\u00e1nchez e Pablo Iglesias?<\/strong><\/p>\n\n\n\n<blockquote class=\"wp-block-quote is-layout-flow wp-block-quote-is-layout-flow\"><p>Si, claro que si, a\u00ednda que penso que deber\u00eda terse feito antes<\/p><\/blockquote>\n\n\n\n<p><strong>E para rematar, que vai\npasas nas elecci\u00f3ns auton\u00f3micas do 2.020?<\/strong><\/p>\n\n\n\n<blockquote class=\"wp-block-quote is-layout-flow wp-block-quote-is-layout-flow\"><p>Eu creo que \u00e9 evidente que a Galicia faille falta un cambio con urxencia, e s\u00f3 pode ser liderado pola experiencia e pola solvencia do partido socialista. Estou moi ilusionado en que o pr\u00f3ximo presidente da Xunta ser\u00e1 socialista<\/p><\/blockquote>\n","protected":false},"excerpt":{"rendered":"<div class=\"mh-excerpt\"><p>Non hai mellor forma de rematarmos o ano que acheg\u00e1ndonos a Fornelos de Montes, o pobo m\u00e1is bonito do bonito do mundo, pola s\u00faa inmensa beleza f\u00edsica e polo acougo e serenidade que transmite <a class=\"mh-excerpt-more\" href=\"https:\/\/www.anovapeneira.gal\/index.php\/2019\/11\/25\/emiliano-lage-alcalde-de-fornelos-de-montes-2\/\" title=\"Emiliano Lage. Alcalde de Fornelos de Montes\">[&#8230;]<\/a><\/p>\n<\/div>","protected":false},"author":3,"featured_media":1830,"comment_status":"open","ping_status":"open","sticky":false,"template":"","format":"standard","meta":{"_exactmetrics_skip_tracking":false,"_exactmetrics_sitenote_active":false,"_exactmetrics_sitenote_note":"","_exactmetrics_sitenote_category":0,"footnotes":""},"categories":[270],"tags":[452,14],"class_list":{"0":"post-1829","1":"post","2":"type-post","3":"status-publish","4":"format-standard","5":"has-post-thumbnail","7":"category-redondela-entrevistas","8":"tag-concello-de-fornelos-de-montes","9":"tag-emiliano-lage"},"yoast_head":"<!-- This site is optimized with the Yoast SEO plugin v27.4 - https:\/\/yoast.com\/product\/yoast-seo-wordpress\/ -->\n<title>Emiliano Lage. Alcalde de Fornelos de Montes -<\/title>\n<meta name=\"robots\" content=\"index, follow, max-snippet:-1, max-image-preview:large, max-video-preview:-1\" \/>\n<link rel=\"canonical\" href=\"https:\/\/www.anovapeneira.gal\/index.php\/2019\/11\/25\/emiliano-lage-alcalde-de-fornelos-de-montes-2\/\" \/>\n<meta property=\"og:locale\" content=\"gl_ES\" \/>\n<meta property=\"og:type\" content=\"article\" \/>\n<meta property=\"og:title\" content=\"Emiliano Lage. Alcalde de Fornelos de Montes -\" \/>\n<meta property=\"og:description\" content=\"Non hai mellor forma de rematarmos o ano que acheg\u00e1ndonos a Fornelos de Montes, o pobo m\u00e1is bonito do bonito do mundo, pola s\u00faa inmensa beleza f\u00edsica e polo acougo e serenidade que transmite [...]\" \/>\n<meta property=\"og:url\" content=\"https:\/\/www.anovapeneira.gal\/index.php\/2019\/11\/25\/emiliano-lage-alcalde-de-fornelos-de-montes-2\/\" \/>\n<meta property=\"article:publisher\" content=\"https:\/\/www.facebook.com\/anovapeneira\" \/>\n<meta property=\"article:published_time\" content=\"2019-11-25T09:00:34+00:00\" \/>\n<meta property=\"og:image\" content=\"https:\/\/www.anovapeneira.gal\/wp-content\/uploads\/2019\/11\/Emiliano_lage_a_nova_peneira.jpg\" \/>\n\t<meta property=\"og:image:width\" content=\"720\" \/>\n\t<meta property=\"og:image:height\" content=\"432\" \/>\n\t<meta property=\"og:image:type\" content=\"image\/jpeg\" \/>\n<meta name=\"author\" content=\"Redacci\u00f3n A Nova Peneira\" \/>\n<meta name=\"twitter:card\" content=\"summary_large_image\" \/>\n<meta name=\"twitter:creator\" content=\"@APeneira\" \/>\n<meta name=\"twitter:site\" content=\"@APeneira\" \/>\n<meta name=\"twitter:label1\" content=\"Escrito por\" \/>\n\t<meta name=\"twitter:data1\" content=\"Redacci\u00f3n A Nova Peneira\" \/>\n\t<meta name=\"twitter:label2\" content=\"Tempo de lectura\" \/>\n\t<meta name=\"twitter:data2\" content=\"5 minutos\" \/>\n<script type=\"application\/ld+json\" class=\"yoast-schema-graph\">{\"@context\":\"https:\\\/\\\/schema.org\",\"@graph\":[{\"@type\":\"Article\",\"@id\":\"https:\\\/\\\/www.anovapeneira.gal\\\/index.php\\\/2019\\\/11\\\/25\\\/emiliano-lage-alcalde-de-fornelos-de-montes-2\\\/#article\",\"isPartOf\":{\"@id\":\"https:\\\/\\\/www.anovapeneira.gal\\\/index.php\\\/2019\\\/11\\\/25\\\/emiliano-lage-alcalde-de-fornelos-de-montes-2\\\/\"},\"author\":{\"name\":\"Redacci\u00f3n A Nova Peneira\",\"@id\":\"https:\\\/\\\/www.anovapeneira.gal\\\/#\\\/schema\\\/person\\\/b93e3f8932e3f8da96334607eb6ac6aa\"},\"headline\":\"Emiliano Lage. Alcalde de Fornelos de Montes\",\"datePublished\":\"2019-11-25T09:00:34+00:00\",\"mainEntityOfPage\":{\"@id\":\"https:\\\/\\\/www.anovapeneira.gal\\\/index.php\\\/2019\\\/11\\\/25\\\/emiliano-lage-alcalde-de-fornelos-de-montes-2\\\/\"},\"wordCount\":1078,\"commentCount\":0,\"publisher\":{\"@id\":\"https:\\\/\\\/www.anovapeneira.gal\\\/#organization\"},\"image\":{\"@id\":\"https:\\\/\\\/www.anovapeneira.gal\\\/index.php\\\/2019\\\/11\\\/25\\\/emiliano-lage-alcalde-de-fornelos-de-montes-2\\\/#primaryimage\"},\"thumbnailUrl\":\"https:\\\/\\\/www.anovapeneira.gal\\\/wp-content\\\/uploads\\\/2019\\\/11\\\/Emiliano_lage_a_nova_peneira.jpg\",\"keywords\":[\"Concello de Fornelos de Montes\",\"Emiliano Lage\"],\"articleSection\":[\"Redondela\"],\"inLanguage\":\"gl-ES\",\"potentialAction\":[{\"@type\":\"CommentAction\",\"name\":\"Comment\",\"target\":[\"https:\\\/\\\/www.anovapeneira.gal\\\/index.php\\\/2019\\\/11\\\/25\\\/emiliano-lage-alcalde-de-fornelos-de-montes-2\\\/#respond\"]}]},{\"@type\":\"WebPage\",\"@id\":\"https:\\\/\\\/www.anovapeneira.gal\\\/index.php\\\/2019\\\/11\\\/25\\\/emiliano-lage-alcalde-de-fornelos-de-montes-2\\\/\",\"url\":\"https:\\\/\\\/www.anovapeneira.gal\\\/index.php\\\/2019\\\/11\\\/25\\\/emiliano-lage-alcalde-de-fornelos-de-montes-2\\\/\",\"name\":\"Emiliano Lage. Alcalde de Fornelos de Montes -\",\"isPartOf\":{\"@id\":\"https:\\\/\\\/www.anovapeneira.gal\\\/#website\"},\"primaryImageOfPage\":{\"@id\":\"https:\\\/\\\/www.anovapeneira.gal\\\/index.php\\\/2019\\\/11\\\/25\\\/emiliano-lage-alcalde-de-fornelos-de-montes-2\\\/#primaryimage\"},\"image\":{\"@id\":\"https:\\\/\\\/www.anovapeneira.gal\\\/index.php\\\/2019\\\/11\\\/25\\\/emiliano-lage-alcalde-de-fornelos-de-montes-2\\\/#primaryimage\"},\"thumbnailUrl\":\"https:\\\/\\\/www.anovapeneira.gal\\\/wp-content\\\/uploads\\\/2019\\\/11\\\/Emiliano_lage_a_nova_peneira.jpg\",\"datePublished\":\"2019-11-25T09:00:34+00:00\",\"breadcrumb\":{\"@id\":\"https:\\\/\\\/www.anovapeneira.gal\\\/index.php\\\/2019\\\/11\\\/25\\\/emiliano-lage-alcalde-de-fornelos-de-montes-2\\\/#breadcrumb\"},\"inLanguage\":\"gl-ES\",\"potentialAction\":[{\"@type\":\"ReadAction\",\"target\":[\"https:\\\/\\\/www.anovapeneira.gal\\\/index.php\\\/2019\\\/11\\\/25\\\/emiliano-lage-alcalde-de-fornelos-de-montes-2\\\/\"]}]},{\"@type\":\"ImageObject\",\"inLanguage\":\"gl-ES\",\"@id\":\"https:\\\/\\\/www.anovapeneira.gal\\\/index.php\\\/2019\\\/11\\\/25\\\/emiliano-lage-alcalde-de-fornelos-de-montes-2\\\/#primaryimage\",\"url\":\"https:\\\/\\\/www.anovapeneira.gal\\\/wp-content\\\/uploads\\\/2019\\\/11\\\/Emiliano_lage_a_nova_peneira.jpg\",\"contentUrl\":\"https:\\\/\\\/www.anovapeneira.gal\\\/wp-content\\\/uploads\\\/2019\\\/11\\\/Emiliano_lage_a_nova_peneira.jpg\",\"width\":720,\"height\":432,\"caption\":\"Emiliano Lage A Nova Peneira Concello de Fornelos de montes\"},{\"@type\":\"BreadcrumbList\",\"@id\":\"https:\\\/\\\/www.anovapeneira.gal\\\/index.php\\\/2019\\\/11\\\/25\\\/emiliano-lage-alcalde-de-fornelos-de-montes-2\\\/#breadcrumb\",\"itemListElement\":[{\"@type\":\"ListItem\",\"position\":1,\"name\":\"Portada\",\"item\":\"https:\\\/\\\/www.anovapeneira.gal\\\/\"},{\"@type\":\"ListItem\",\"position\":2,\"name\":\"Emiliano Lage. Alcalde de Fornelos de Montes\"}]},{\"@type\":\"WebSite\",\"@id\":\"https:\\\/\\\/www.anovapeneira.gal\\\/#website\",\"url\":\"https:\\\/\\\/www.anovapeneira.gal\\\/\",\"name\":\"\",\"description\":\"Xornal galego de informaci\u00f3n xeral Publicaci\u00f3n mensual de novas de Galicia e en especial dos Concellos da sur da provincia de Pontevedra.\",\"publisher\":{\"@id\":\"https:\\\/\\\/www.anovapeneira.gal\\\/#organization\"},\"potentialAction\":[{\"@type\":\"SearchAction\",\"target\":{\"@type\":\"EntryPoint\",\"urlTemplate\":\"https:\\\/\\\/www.anovapeneira.gal\\\/?s={search_term_string}\"},\"query-input\":{\"@type\":\"PropertyValueSpecification\",\"valueRequired\":true,\"valueName\":\"search_term_string\"}}],\"inLanguage\":\"gl-ES\"},{\"@type\":\"Organization\",\"@id\":\"https:\\\/\\\/www.anovapeneira.gal\\\/#organization\",\"name\":\"A Nova Peneira\",\"url\":\"https:\\\/\\\/www.anovapeneira.gal\\\/\",\"logo\":{\"@type\":\"ImageObject\",\"inLanguage\":\"gl-ES\",\"@id\":\"https:\\\/\\\/www.anovapeneira.gal\\\/#\\\/schema\\\/logo\\\/image\\\/\",\"url\":\"http:\\\/\\\/www.anovapeneira.gal\\\/wp-content\\\/uploads\\\/2019\\\/06\\\/logo_a_nova_peneira_portal_web.png\",\"contentUrl\":\"http:\\\/\\\/www.anovapeneira.gal\\\/wp-content\\\/uploads\\\/2019\\\/06\\\/logo_a_nova_peneira_portal_web.png\",\"width\":300,\"height\":100,\"caption\":\"A Nova Peneira\"},\"image\":{\"@id\":\"https:\\\/\\\/www.anovapeneira.gal\\\/#\\\/schema\\\/logo\\\/image\\\/\"},\"sameAs\":[\"https:\\\/\\\/www.facebook.com\\\/anovapeneira\",\"https:\\\/\\\/x.com\\\/APeneira\"]},{\"@type\":\"Person\",\"@id\":\"https:\\\/\\\/www.anovapeneira.gal\\\/#\\\/schema\\\/person\\\/b93e3f8932e3f8da96334607eb6ac6aa\",\"name\":\"Redacci\u00f3n A Nova Peneira\",\"image\":{\"@type\":\"ImageObject\",\"inLanguage\":\"gl-ES\",\"@id\":\"https:\\\/\\\/secure.gravatar.com\\\/avatar\\\/c052a2551a06e23fac63626232eaa90abd78dbcf1700fc46a2b2c89fd27b735f?s=96&d=mm&r=g\",\"url\":\"https:\\\/\\\/secure.gravatar.com\\\/avatar\\\/c052a2551a06e23fac63626232eaa90abd78dbcf1700fc46a2b2c89fd27b735f?s=96&d=mm&r=g\",\"contentUrl\":\"https:\\\/\\\/secure.gravatar.com\\\/avatar\\\/c052a2551a06e23fac63626232eaa90abd78dbcf1700fc46a2b2c89fd27b735f?s=96&d=mm&r=g\",\"caption\":\"Redacci\u00f3n A Nova Peneira\"},\"sameAs\":[\"http:\\\/\\\/www.anovapeneira.gal\\\/\"],\"url\":\"https:\\\/\\\/www.anovapeneira.gal\\\/index.php\\\/author\\\/redactor\\\/\"}]}<\/script>\n<!-- \/ Yoast SEO plugin. -->","yoast_head_json":{"title":"Emiliano Lage. Alcalde de Fornelos de Montes -","robots":{"index":"index","follow":"follow","max-snippet":"max-snippet:-1","max-image-preview":"max-image-preview:large","max-video-preview":"max-video-preview:-1"},"canonical":"https:\/\/www.anovapeneira.gal\/index.php\/2019\/11\/25\/emiliano-lage-alcalde-de-fornelos-de-montes-2\/","og_locale":"gl_ES","og_type":"article","og_title":"Emiliano Lage. Alcalde de Fornelos de Montes -","og_description":"Non hai mellor forma de rematarmos o ano que acheg\u00e1ndonos a Fornelos de Montes, o pobo m\u00e1is bonito do bonito do mundo, pola s\u00faa inmensa beleza f\u00edsica e polo acougo e serenidade que transmite [...]","og_url":"https:\/\/www.anovapeneira.gal\/index.php\/2019\/11\/25\/emiliano-lage-alcalde-de-fornelos-de-montes-2\/","article_publisher":"https:\/\/www.facebook.com\/anovapeneira","article_published_time":"2019-11-25T09:00:34+00:00","og_image":[{"width":720,"height":432,"url":"https:\/\/www.anovapeneira.gal\/wp-content\/uploads\/2019\/11\/Emiliano_lage_a_nova_peneira.jpg","type":"image\/jpeg"}],"author":"Redacci\u00f3n A Nova Peneira","twitter_card":"summary_large_image","twitter_creator":"@APeneira","twitter_site":"@APeneira","twitter_misc":{"Escrito por":"Redacci\u00f3n A Nova Peneira","Tempo de lectura":"5 minutos"},"schema":{"@context":"https:\/\/schema.org","@graph":[{"@type":"Article","@id":"https:\/\/www.anovapeneira.gal\/index.php\/2019\/11\/25\/emiliano-lage-alcalde-de-fornelos-de-montes-2\/#article","isPartOf":{"@id":"https:\/\/www.anovapeneira.gal\/index.php\/2019\/11\/25\/emiliano-lage-alcalde-de-fornelos-de-montes-2\/"},"author":{"name":"Redacci\u00f3n A Nova Peneira","@id":"https:\/\/www.anovapeneira.gal\/#\/schema\/person\/b93e3f8932e3f8da96334607eb6ac6aa"},"headline":"Emiliano Lage. Alcalde de Fornelos de Montes","datePublished":"2019-11-25T09:00:34+00:00","mainEntityOfPage":{"@id":"https:\/\/www.anovapeneira.gal\/index.php\/2019\/11\/25\/emiliano-lage-alcalde-de-fornelos-de-montes-2\/"},"wordCount":1078,"commentCount":0,"publisher":{"@id":"https:\/\/www.anovapeneira.gal\/#organization"},"image":{"@id":"https:\/\/www.anovapeneira.gal\/index.php\/2019\/11\/25\/emiliano-lage-alcalde-de-fornelos-de-montes-2\/#primaryimage"},"thumbnailUrl":"https:\/\/www.anovapeneira.gal\/wp-content\/uploads\/2019\/11\/Emiliano_lage_a_nova_peneira.jpg","keywords":["Concello de Fornelos de Montes","Emiliano Lage"],"articleSection":["Redondela"],"inLanguage":"gl-ES","potentialAction":[{"@type":"CommentAction","name":"Comment","target":["https:\/\/www.anovapeneira.gal\/index.php\/2019\/11\/25\/emiliano-lage-alcalde-de-fornelos-de-montes-2\/#respond"]}]},{"@type":"WebPage","@id":"https:\/\/www.anovapeneira.gal\/index.php\/2019\/11\/25\/emiliano-lage-alcalde-de-fornelos-de-montes-2\/","url":"https:\/\/www.anovapeneira.gal\/index.php\/2019\/11\/25\/emiliano-lage-alcalde-de-fornelos-de-montes-2\/","name":"Emiliano Lage. Alcalde de Fornelos de Montes -","isPartOf":{"@id":"https:\/\/www.anovapeneira.gal\/#website"},"primaryImageOfPage":{"@id":"https:\/\/www.anovapeneira.gal\/index.php\/2019\/11\/25\/emiliano-lage-alcalde-de-fornelos-de-montes-2\/#primaryimage"},"image":{"@id":"https:\/\/www.anovapeneira.gal\/index.php\/2019\/11\/25\/emiliano-lage-alcalde-de-fornelos-de-montes-2\/#primaryimage"},"thumbnailUrl":"https:\/\/www.anovapeneira.gal\/wp-content\/uploads\/2019\/11\/Emiliano_lage_a_nova_peneira.jpg","datePublished":"2019-11-25T09:00:34+00:00","breadcrumb":{"@id":"https:\/\/www.anovapeneira.gal\/index.php\/2019\/11\/25\/emiliano-lage-alcalde-de-fornelos-de-montes-2\/#breadcrumb"},"inLanguage":"gl-ES","potentialAction":[{"@type":"ReadAction","target":["https:\/\/www.anovapeneira.gal\/index.php\/2019\/11\/25\/emiliano-lage-alcalde-de-fornelos-de-montes-2\/"]}]},{"@type":"ImageObject","inLanguage":"gl-ES","@id":"https:\/\/www.anovapeneira.gal\/index.php\/2019\/11\/25\/emiliano-lage-alcalde-de-fornelos-de-montes-2\/#primaryimage","url":"https:\/\/www.anovapeneira.gal\/wp-content\/uploads\/2019\/11\/Emiliano_lage_a_nova_peneira.jpg","contentUrl":"https:\/\/www.anovapeneira.gal\/wp-content\/uploads\/2019\/11\/Emiliano_lage_a_nova_peneira.jpg","width":720,"height":432,"caption":"Emiliano Lage A Nova Peneira Concello de Fornelos de montes"},{"@type":"BreadcrumbList","@id":"https:\/\/www.anovapeneira.gal\/index.php\/2019\/11\/25\/emiliano-lage-alcalde-de-fornelos-de-montes-2\/#breadcrumb","itemListElement":[{"@type":"ListItem","position":1,"name":"Portada","item":"https:\/\/www.anovapeneira.gal\/"},{"@type":"ListItem","position":2,"name":"Emiliano Lage. Alcalde de Fornelos de Montes"}]},{"@type":"WebSite","@id":"https:\/\/www.anovapeneira.gal\/#website","url":"https:\/\/www.anovapeneira.gal\/","name":"","description":"Xornal galego de informaci\u00f3n xeral Publicaci\u00f3n mensual de novas de Galicia e en especial dos Concellos da sur da provincia de Pontevedra.","publisher":{"@id":"https:\/\/www.anovapeneira.gal\/#organization"},"potentialAction":[{"@type":"SearchAction","target":{"@type":"EntryPoint","urlTemplate":"https:\/\/www.anovapeneira.gal\/?s={search_term_string}"},"query-input":{"@type":"PropertyValueSpecification","valueRequired":true,"valueName":"search_term_string"}}],"inLanguage":"gl-ES"},{"@type":"Organization","@id":"https:\/\/www.anovapeneira.gal\/#organization","name":"A Nova Peneira","url":"https:\/\/www.anovapeneira.gal\/","logo":{"@type":"ImageObject","inLanguage":"gl-ES","@id":"https:\/\/www.anovapeneira.gal\/#\/schema\/logo\/image\/","url":"http:\/\/www.anovapeneira.gal\/wp-content\/uploads\/2019\/06\/logo_a_nova_peneira_portal_web.png","contentUrl":"http:\/\/www.anovapeneira.gal\/wp-content\/uploads\/2019\/06\/logo_a_nova_peneira_portal_web.png","width":300,"height":100,"caption":"A Nova Peneira"},"image":{"@id":"https:\/\/www.anovapeneira.gal\/#\/schema\/logo\/image\/"},"sameAs":["https:\/\/www.facebook.com\/anovapeneira","https:\/\/x.com\/APeneira"]},{"@type":"Person","@id":"https:\/\/www.anovapeneira.gal\/#\/schema\/person\/b93e3f8932e3f8da96334607eb6ac6aa","name":"Redacci\u00f3n A Nova Peneira","image":{"@type":"ImageObject","inLanguage":"gl-ES","@id":"https:\/\/secure.gravatar.com\/avatar\/c052a2551a06e23fac63626232eaa90abd78dbcf1700fc46a2b2c89fd27b735f?s=96&d=mm&r=g","url":"https:\/\/secure.gravatar.com\/avatar\/c052a2551a06e23fac63626232eaa90abd78dbcf1700fc46a2b2c89fd27b735f?s=96&d=mm&r=g","contentUrl":"https:\/\/secure.gravatar.com\/avatar\/c052a2551a06e23fac63626232eaa90abd78dbcf1700fc46a2b2c89fd27b735f?s=96&d=mm&r=g","caption":"Redacci\u00f3n A Nova Peneira"},"sameAs":["http:\/\/www.anovapeneira.gal\/"],"url":"https:\/\/www.anovapeneira.gal\/index.php\/author\/redactor\/"}]}},"jetpack_featured_media_url":"https:\/\/www.anovapeneira.gal\/wp-content\/uploads\/2019\/11\/Emiliano_lage_a_nova_peneira.jpg","_links":{"self":[{"href":"https:\/\/www.anovapeneira.gal\/index.php\/wp-json\/wp\/v2\/posts\/1829","targetHints":{"allow":["GET"]}}],"collection":[{"href":"https:\/\/www.anovapeneira.gal\/index.php\/wp-json\/wp\/v2\/posts"}],"about":[{"href":"https:\/\/www.anovapeneira.gal\/index.php\/wp-json\/wp\/v2\/types\/post"}],"author":[{"embeddable":true,"href":"https:\/\/www.anovapeneira.gal\/index.php\/wp-json\/wp\/v2\/users\/3"}],"replies":[{"embeddable":true,"href":"https:\/\/www.anovapeneira.gal\/index.php\/wp-json\/wp\/v2\/comments?post=1829"}],"version-history":[{"count":1,"href":"https:\/\/www.anovapeneira.gal\/index.php\/wp-json\/wp\/v2\/posts\/1829\/revisions"}],"predecessor-version":[{"id":1831,"href":"https:\/\/www.anovapeneira.gal\/index.php\/wp-json\/wp\/v2\/posts\/1829\/revisions\/1831"}],"wp:featuredmedia":[{"embeddable":true,"href":"https:\/\/www.anovapeneira.gal\/index.php\/wp-json\/wp\/v2\/media\/1830"}],"wp:attachment":[{"href":"https:\/\/www.anovapeneira.gal\/index.php\/wp-json\/wp\/v2\/media?parent=1829"}],"wp:term":[{"taxonomy":"category","embeddable":true,"href":"https:\/\/www.anovapeneira.gal\/index.php\/wp-json\/wp\/v2\/categories?post=1829"},{"taxonomy":"post_tag","embeddable":true,"href":"https:\/\/www.anovapeneira.gal\/index.php\/wp-json\/wp\/v2\/tags?post=1829"}],"curies":[{"name":"wp","href":"https:\/\/api.w.org\/{rel}","templated":true}]}}