{"id":1832,"date":"2019-11-25T12:00:05","date_gmt":"2019-11-25T11:00:05","guid":{"rendered":"http:\/\/www.anovapeneira.gal\/?p=1832"},"modified":"2019-11-25T09:08:16","modified_gmt":"2019-11-25T08:08:16","slug":"mari-carmen-amoedo-voceira-do-pp-de-redondela","status":"publish","type":"post","link":"https:\/\/www.anovapeneira.gal\/index.php\/2019\/11\/25\/mari-carmen-amoedo-voceira-do-pp-de-redondela\/","title":{"rendered":"Mari Carmen Amoedo, voceira  do PP de Redondela"},"content":{"rendered":"\n<h2 class=\"wp-block-heading\"><strong>Cando Arist\u00f3teles definiu ao ser humano como \u201cZOON POLITIKON\u201d( animal pol\u00edtico), Mari Carmen Amoedo non exist\u00eda a\u00ednda, pero a concepci\u00f3n aristot\u00e9lica adec\u00faase perfectamente a arquitectura de Mari Carmen, pois poucas persoas co\u00f1ezo, que vivan a pol\u00edtica con tanta intensidade e paix\u00f3n como a vive a voceira do PP de Redondela. Eu agrad\u00e9zolle moito a Mari Carmen que me atendera con tanta amabilidade, sabendo, como sabe, que a mi\u00f1a visi\u00f3n da realidade est\u00e1 nas ant\u00edpodas da s\u00faa, a nosa conversa foi un verdadeiro exercicio de democracia do que estar\u00eda ben que aprenderan os representantes do PP doutras localidades pr\u00f3ximas a Redondela<\/strong><\/h2>\n\n\n\n<pre class=\"wp-block-verse\">Tino Lago<\/pre>\n\n\n\n<p>\u201c<strong>ESTE GOBERNO \u00c9\nCARNE DE PHOTOCALL TODO O RATO, PERO NON TEN NADA DETR\u00c1S\u201d<\/strong><\/p>\n\n\n\n<p><strong>Malia que a intenci\u00f3n\nfundamental desta conversa \u00e9 co\u00f1ecer  valoraci\u00f3n do PP de\nRedondela sobre o novo goberno municipal, quero que comecemos falando\nde Javier Bas, e de cales son os teus sentimentos sobre a s\u00faa a\nmarcha a  Madrid como deputado?<\/strong><\/p>\n\n\n\n<blockquote class=\"wp-block-quote is-layout-flow wp-block-quote-is-layout-flow\"><p>Para todo o PP de Redondela e para min en particular o feito de que Javier sexa deputado en Madrid \u00e9 unha alegr\u00eda inmensa, e ademais te\u00f1o a certeza de que far\u00e1 un traballo excepcional<\/p><\/blockquote>\n\n\n\n<p><strong>E non o ides botar de\nmenos no PP de Redondela?<\/strong><\/p>\n\n\n\n<blockquote class=\"wp-block-quote is-layout-flow wp-block-quote-is-layout-flow\"><p>Eu agardo que siga colaborando con n\u00f3s e nos siga axudando. El segue formando parte do noso grupo humano e te\u00f1o a certeza de que a nosa vinculaci\u00f3n afectiva seguir\u00e1 intacta<\/p><\/blockquote>\n\n\n\n<p><strong>Corr\u00edxeme se me\nequivoco pero creo que lin declaraci\u00f3ns s\u00faas nalg\u00fan sitio nas que\ndic\u00eda que defender\u00eda os intereses de Redondela no parlamento, en\nque se concreta iso?<\/strong><\/p>\n\n\n\n<blockquote class=\"wp-block-quote is-layout-flow wp-block-quote-is-layout-flow\"><p>Pois na defensa firme dos nosos intereses; por exemplo que sen ningunha escusa se materialice xa  un cronograma para a supresi\u00f3n da peaxe de Redondela, ou que se concreten as melloras, que xa estaban comprometidas e xa cun orzamento, imprescindibles para o entorno de Rande, Trasma\u00f1\u00f3 e Chapela<\/p><\/blockquote>\n\n\n\n<p><strong>A esquerda pol\u00edtica de\nRedondela ac\u00fasavos de que defendedes con moita intensidade a\nsupresi\u00f3n da peaxe nesta \u00e9poca de goberno socialista, pero que non\no faciades ,nin por asomo, coa mesma forza, cando en Madrid gobernaba\no PP, que tes que dicir ao respecto?<\/strong><\/p>\n\n\n\n<blockquote class=\"wp-block-quote is-layout-flow wp-block-quote-is-layout-flow\"><p>A esquerda de Redondela minte m\u00e1is que fala<\/p><\/blockquote>\n\n\n\n<p><strong>Non \u00e9 verdade  iso?<\/strong><\/p>\n\n\n\n<blockquote class=\"wp-block-quote is-layout-flow wp-block-quote-is-layout-flow\"><p>Desde logo que non, sendo goberno Mariano Rajoy fixemos unha manifestaci\u00f3n en Chapela en contra da ampliaci\u00f3n da AP9, sendo ministra Ana Pastor, Javier Bas reuniuse con ela para dicirlle que non quer\u00eda esa ampliaci\u00f3n. N\u00f3s si que defendemos ao noso pobo, e non a esquerda deste pobo que sempre lle d\u00e1 prioridade os intereses partidistas particulares sobre os xerais do conxunto da veci\u00f1anza<\/p><\/blockquote>\n\n\n\n<p><strong>Ben, como valora o PP\nde Redondela o feito de que o goberno municipal sexa bipartito e non\ntripartito?<\/strong><\/p>\n\n\n\n<blockquote class=\"wp-block-quote is-layout-flow wp-block-quote-is-layout-flow\"><p>O BNG non est\u00e1 no goberno de Redondela porque non lle deixaron. Non est\u00e1 porque AER puxo esa condici\u00f3n, non ten sentido que o BNG non estea e que estea unha suposta agrupaci\u00f3n de electores que o que est\u00e1 a amosar \u00e9 que \u00e9 unha prolongaci\u00f3n do PSOE<\/p><\/blockquote>\n\n\n\n<p><strong>En serio consideras que\nAER \u00e9 unha prolongaci\u00f3n do partido socialista?<\/strong><\/p>\n\n\n\n<blockquote class=\"wp-block-quote is-layout-flow wp-block-quote-is-layout-flow\"><p>Total e absolutamente<\/p><\/blockquote>\n\n\n\n<p><strong>Que voltas d\u00e1 a vida,\nnoutro contexto hist\u00f3rico, cando a abstenci\u00f3n de AER impediu que\nEduardo Reguera fose alcalde, diversas voces do PSOE, definiron a AER\ncomo a \u201c marca branca do PP\u201d?<\/strong><\/p>\n\n\n\n<blockquote class=\"wp-block-quote is-layout-flow wp-block-quote-is-layout-flow\"><p>AER naceu como unha agrupaci\u00f3n veci\u00f1al que supostamente vi\u00f1a ao concello non a ocupar cadeiras, sen\u00f3n para fiscalizar e evitar as pol\u00edticas caciqu\u00eds da etapa de Xaime Rei, e polo de agora na s\u00faa acci\u00f3n de goberno o \u00fanico que est\u00e1n a amosar \u00e9 seren unha prolongaci\u00f3n do PSOE.AER dixo que pretend\u00eda traer aire fresco a Redondela, pero o aire que trouxeron ven bastante contaminado<\/p><\/blockquote>\n\n\n\n<p><strong>O goberno de Xaime Rei\nera un goberno caciquil?<\/strong><\/p>\n\n\n\n<blockquote class=\"wp-block-quote is-layout-flow wp-block-quote-is-layout-flow\"><p>Eu non te\u00f1o ningunha d\u00fabida<\/p><\/blockquote>\n\n\n\n<p><strong>Xa pasaron seis meses e\nxa temos algo de tempo para emitir unha primeira valoraci\u00f3n do novo\ngoberno municipal de Redondela, gustar\u00edame co\u00f1ecela?<\/strong><\/p>\n\n\n\n<blockquote class=\"wp-block-quote is-layout-flow wp-block-quote-is-layout-flow\"><p>O primeiro que quero dicir \u00e9 que si, eles te\u00f1en as portas abertas, pero o problema \u00e9 que non est\u00e1n nos despachos. En seis meses de goberno bipartito co apoio c\u00f3mplice do BNG que non lle est\u00e1 a facer ningunha oposici\u00f3n a pesar de ter motivos sobrados para poderlla facer, non foron quen de presentar nin sequera un borrador de  presupostos, e est\u00e1n a traballar cos nosos do 2.018 prorrogados  <\/p><\/blockquote>\n\n\n\n<p><strong>Ben, a\u00ednda non comezou\no ano<\/strong><\/p>\n\n\n\n<blockquote class=\"wp-block-quote is-layout-flow wp-block-quote-is-layout-flow\"><p>Xa pero concellos como Vigo, Salceda ou Salvaterra por exemplo xa aprobaron os seus, pero o goberno de Redondela s\u00f3 se pode definir como un goberno da mentira e da xustificaci\u00f3n<\/p><\/blockquote>\n\n\n\n<p><strong>A mentira por que?<\/strong><\/p>\n\n\n\n<blockquote class=\"wp-block-quote is-layout-flow wp-block-quote-is-layout-flow\"><p>Porque entran dicindo que van limpar o aire que supostamente n\u00f3s deixamos sucio e nin o aire que nos deixamos ti\u00f1a un \u00e1tomo de  sucidade, nin limpan nada en absoluto  <\/p><\/blockquote>\n\n\n\n<p><strong>E da xustificaci\u00f3n por\nque?<\/strong><\/p>\n\n\n\n<blockquote class=\"wp-block-quote is-layout-flow wp-block-quote-is-layout-flow\"><p>Hai que deixar moi claro que n\u00f3s ga\u00f1amos as elecci\u00f3ns municipais, a realidade \u00e9 que AER perdeu un concelleiro e moitos votos, eles dic\u00edan en campa\u00f1a que xa estaban preparados para gobernar, e o certo  \u00e9 que a sociedade redondel\u00e1 d\u00edxolles claramente nas urnas que non os quer\u00edan no goberno pois sufriron unha perda significativa de apoio, por outra banda a se\u00f1ora Rivas tivo 1.000 votos menos que Borrell nas europeas( que foron o mesmo d\u00eda c\u00e1s municipais). \u00c9 dicir; 1.000 votantes socialistas si votaron ao psoe nas europeas pero non a Digna Rivas como alcaldesa. E no caso noso 3.000 persoas non votaron ao PP nas europeas pero si votaron a Javier Bas como o seu candidato \u00e1 alcald\u00eda de Redondela.<\/p><\/blockquote>\n\n\n\n<blockquote class=\"wp-block-quote is-layout-flow wp-block-quote-is-layout-flow\"><p>E de a\u00ed ven o da xustificaci\u00f3n, porque para xustificar que Redondela precisaba un cambio de goberno, case case hai que aceptar \u201c polbo como animal de compa\u00f1\u00eda\u201d. N\u00f3s deixamos 2,4 mill\u00f3ns en obra para comezar a facer xa, que corren o risco de perderse<\/p><\/blockquote>\n\n\n\n<p><strong>Por que? E dime alg\u00fan\nexemplo?<\/strong><\/p>\n\n\n\n<blockquote class=\"wp-block-quote is-layout-flow wp-block-quote-is-layout-flow\"><p>Por desidia, por apat\u00eda total e absoluta. E alg\u00fan exemplo pois a casa da cultura de Quintela, a \u00fanica parroquia que non a ten, a \u00e1rea recreativa de Santo Estevo, despois do que nos costou conseguir eses terreos, agora est\u00e1n completamente enlamados. Este goberno non est\u00e1 preparado e tratan de xustificar o que non ten xustificaci\u00f3n. O problema \u00e9 que a alcaldesa durante os catro anos que foi deputada provincial e concelleira da oposici\u00f3n, en realidade s\u00f3 foi deputada provincial<\/p><\/blockquote>\n\n\n\n<p><strong>O entroido de ver\u00e1n\ndeste ano como o valoras?<\/strong><\/p>\n\n\n\n<blockquote class=\"wp-block-quote is-layout-flow wp-block-quote-is-layout-flow\"><p>O botell\u00f3n foi o mesmo ou m\u00e1is que en anos anteriores, e en canto a asistencia de visitantes foi arredor dun terzo menos que o habitual. Este entroido foi un absoluto fracaso. Este equipo de goberno traballa por impulsos e afogado polos tempos non son capaces de concretar unha soa medida en beneficio de Redondela. Este goberno \u00e9 carne de photocall todo o tempo, pero sen nada detr\u00e1s.<\/p><\/blockquote>\n\n\n\n<p><strong>E en canto \u00e1 vosa\noposici\u00f3n?<\/strong><\/p>\n\n\n\n<blockquote class=\"wp-block-quote is-layout-flow wp-block-quote-is-layout-flow\"><p>Como debe de ser unha labor de oposici\u00f3n, fiscalizar a acci\u00f3n de goberno, e levar ao pleno propostas en positivo para que mellore Redondela<\/p><\/blockquote>\n\n\n\n<p><strong>Non acabo de ver en que\nbeneficia ao pobo de Redondela a vosa teima co asunto da exposici\u00f3n\ndo colectivo republicano, do que pouco menos que fixestes casus belli<\/strong><\/p>\n\n\n\n<blockquote class=\"wp-block-quote is-layout-flow wp-block-quote-is-layout-flow\"><p>N\u00f3s apoiamos \u00e1s forzas de seguridade do estado despregadas en Catalunya, de feito levamos unha moci\u00f3n a pleno sobre este asunto, aprobada cos nosos votos e cos do PSOE e co voto en contra de AER e do BNG, e non pode ser que unha semana despois se coloque unha exposici\u00f3n dunha suposta represi\u00f3n contra os cidad\u00e1ns de Catalunya<\/p><\/blockquote>\n\n\n\n<p><strong>Segues avalando,\nentendo, aquela decisi\u00f3n do voso goberno de retirar esa exposici\u00f3n?<\/strong><\/p>\n\n\n\n<blockquote class=\"wp-block-quote is-layout-flow wp-block-quote-is-layout-flow\"><p>Si, claro que si, \u00e9 que se nos estamos gobernando esa exposici\u00f3n non se fai<\/p><\/blockquote>\n\n\n\n<p><strong>Que ambiente percibes\npola r\u00faa, non digo dos simpatizantes vosos, sen\u00f3n da veci\u00f1anza en\nxeral?<\/strong><\/p>\n\n\n\n<blockquote class=\"wp-block-quote is-layout-flow wp-block-quote-is-layout-flow\"><p>En xeral, que a alcaldesa act\u00faa por impulsos, que non ten idea de onde se meteu, e que a atenci\u00f3n \u00e1 veci\u00f1anza \u00e9 moi deficiente, e ata se pode dicir que en ocasi\u00f3ns inexistente<\/p><\/blockquote>\n\n\n\n<p><strong>Como est\u00e1 sendo a t\u00faa\nexperiencia como deputada provincial?<\/strong><\/p>\n\n\n\n<blockquote class=\"wp-block-quote is-layout-flow wp-block-quote-is-layout-flow\"><p>Enormemente enriquecedora, pois co\u00f1ezo moitas particularidades doutros concellos que doutra maneira non poder\u00eda co\u00f1ecer, malia que a mi\u00f1a valoraci\u00f3n do goberno provincial \u00e9 moi semellante \u00e1 do municipal; gobernan s\u00f3 para a foto<\/p><\/blockquote>\n\n\n\n<p><strong>Ben, pero supo\u00f1o que\nnon poder\u00e1s dicir que no reparto de fondos a DEP utilice cami\u00f1os\ndiferentes \u00e1 equidade?<\/strong><\/p>\n\n\n\n<blockquote class=\"wp-block-quote is-layout-flow wp-block-quote-is-layout-flow\"><p>No plan concellos existen criterios obxectivos, al\u00ed si, pero \u00e9 que aparte est\u00e1n os convenios, que a presidenta asina con quen ela quere, e al\u00ed si que beneficia con claridade a grandes concellos como Vigo e Pontevedra. A realidade \u00e9 que agora mesmo a DEP parece un pleno da corporaci\u00f3n de Vigo<\/p><\/blockquote>\n\n\n\n<p><strong>O outro d\u00eda l\u00eda nun\nxornal dixital unhas supostas declaraci\u00f3ns do teu compa\u00f1eiro\nAlberto Pazos, nas que presuntamente defend\u00eda o acordo con Vox en\nAndaluc\u00eda, que tes que dicir ao respecto?<\/strong><\/p>\n\n\n\n<blockquote class=\"wp-block-quote is-layout-flow wp-block-quote-is-layout-flow\"><p>Non co\u00f1ezo esas supostas declaraci\u00f3ns, si se fixeron realmente, e nese caso en que contexto as fixo, e eu non podo valorar o que non co\u00f1ezo. O que si quero dicir \u00e9 que te\u00f1o moi claro que a sentencia dos ERES retrasouse a despois das elecci\u00f3ns voluntariamente<\/p><\/blockquote>\n\n\n\n<p><strong>Rematamos Mari Carmen,\no ano pr\u00f3ximo hai elecci\u00f3ns auton\u00f3micas, na hip\u00f3tese de que para\nmanter a Xunta, precisarades os supostos votos de deputados de\nextrema dereita, se os houbera, cal ser\u00eda o teu criterio?<\/strong><\/p>\n\n\n\n<blockquote class=\"wp-block-quote is-layout-flow wp-block-quote-is-layout-flow\"><p>Temos un magn\u00edfico presidente da Xunta, cunha ampl\u00edsima maior\u00eda que o avala, unha estrutura pol\u00edtica marabillosa do PPdG e agardo e desexo que a situaci\u00f3n se poida manter despois das elecci\u00f3ns do ano 2.020,porque te\u00f1o a certeza \u00edntima de que a maior\u00eda absoluta do PP e a presidencia de Alberto N\u00fa\u00f1ez Feijoo \u00e9 o mellor para o conxunto da sociedade galega.<\/p><\/blockquote>\n\n\n\n<p><strong>Si vale, pero non me\ncontestaches?<\/strong><\/p>\n\n\n\n<blockquote class=\"wp-block-quote is-layout-flow wp-block-quote-is-layout-flow\"><p>Eu rexeito as actitudes extremistas tanto as de extrema dereita como as de extrema esquerda, e quero dicir que moito falamos de Vox pero nada das posici\u00f3ns de ultra esquerda.<\/p><\/blockquote>\n\n\n\n<p><strong>Moi\nben, pero non te escapes Mari Carmen, ti s\u00e9nteste pr\u00f3xima a un\ndiscurso que nega a violencia de x\u00e9nero, cuestiona o cambio\nclim\u00e1tico e defende a necesidade do ensino nas escolas da caza e as\ntouradas?<\/strong><\/p>\n\n\n\n<blockquote class=\"wp-block-quote is-layout-flow wp-block-quote-is-layout-flow\"><p>Non claro que non, eu non estou pr\u00f3xima ese tipo de visi\u00f3n da realidade. Eu s\u00edntome pr\u00f3xima ao PP, levo afiliada desde 1.992 e non cambiei nin cambiarei.<\/p><\/blockquote>\n\n\n\n<p><strong>MOITAS GRAZAS<\/strong><\/p>\n","protected":false},"excerpt":{"rendered":"<div class=\"mh-excerpt\"><p>Cando Arist\u00f3teles definiu ao ser humano como \u201cZOON POLITIKON\u201d( animal pol\u00edtico), Mari Carmen Amoedo non exist\u00eda a\u00ednda, pero a concepci\u00f3n aristot\u00e9lica adec\u00faase perfectamente a arquitectura de Mari Carmen, pois poucas persoas co\u00f1ezo, que vivan a <a class=\"mh-excerpt-more\" href=\"https:\/\/www.anovapeneira.gal\/index.php\/2019\/11\/25\/mari-carmen-amoedo-voceira-do-pp-de-redondela\/\" title=\"Mari Carmen Amoedo, voceira  do PP de Redondela\">[&#8230;]<\/a><\/p>\n<\/div>","protected":false},"author":2,"featured_media":1833,"comment_status":"open","ping_status":"open","sticky":false,"template":"","format":"standard","meta":{"_exactmetrics_skip_tracking":false,"_exactmetrics_sitenote_active":false,"_exactmetrics_sitenote_note":"","_exactmetrics_sitenote_category":0,"footnotes":""},"categories":[270],"tags":[171,12,349],"class_list":{"0":"post-1832","1":"post","2":"type-post","3":"status-publish","4":"format-standard","5":"has-post-thumbnail","7":"category-redondela-entrevistas","8":"tag-concello-de-redondela","9":"tag-politica","10":"tag-pp"},"yoast_head":"<!-- This site is optimized with the Yoast SEO plugin v27.4 - https:\/\/yoast.com\/product\/yoast-seo-wordpress\/ -->\n<title>Mari Carmen Amoedo, voceira do PP de Redondela -<\/title>\n<meta name=\"robots\" content=\"index, follow, max-snippet:-1, max-image-preview:large, max-video-preview:-1\" \/>\n<link rel=\"canonical\" href=\"https:\/\/www.anovapeneira.gal\/index.php\/2019\/11\/25\/mari-carmen-amoedo-voceira-do-pp-de-redondela\/\" \/>\n<meta property=\"og:locale\" content=\"gl_ES\" \/>\n<meta property=\"og:type\" content=\"article\" \/>\n<meta property=\"og:title\" content=\"Mari Carmen Amoedo, voceira do PP de Redondela -\" \/>\n<meta property=\"og:description\" content=\"Cando Arist\u00f3teles definiu ao ser humano como \u201cZOON POLITIKON\u201d( animal pol\u00edtico), Mari Carmen Amoedo non exist\u00eda a\u00ednda, pero a concepci\u00f3n aristot\u00e9lica adec\u00faase perfectamente a arquitectura de Mari Carmen, pois poucas persoas co\u00f1ezo, que vivan a [...]\" \/>\n<meta property=\"og:url\" content=\"https:\/\/www.anovapeneira.gal\/index.php\/2019\/11\/25\/mari-carmen-amoedo-voceira-do-pp-de-redondela\/\" \/>\n<meta property=\"article:publisher\" content=\"https:\/\/www.facebook.com\/anovapeneira\" \/>\n<meta property=\"article:published_time\" content=\"2019-11-25T11:00:05+00:00\" \/>\n<meta property=\"og:image\" content=\"https:\/\/www.anovapeneira.gal\/wp-content\/uploads\/2019\/11\/CARMEN_AMOEDO_ENTREVISTA_a_nova_peneira.jpg\" \/>\n\t<meta property=\"og:image:width\" content=\"720\" \/>\n\t<meta property=\"og:image:height\" content=\"432\" \/>\n\t<meta property=\"og:image:type\" content=\"image\/jpeg\" \/>\n<meta name=\"author\" content=\"Tino Lago\" \/>\n<meta name=\"twitter:card\" content=\"summary_large_image\" \/>\n<meta name=\"twitter:creator\" content=\"@APeneira\" \/>\n<meta name=\"twitter:site\" content=\"@APeneira\" \/>\n<meta name=\"twitter:label1\" content=\"Escrito por\" \/>\n\t<meta name=\"twitter:data1\" content=\"Tino Lago\" \/>\n\t<meta name=\"twitter:label2\" content=\"Tempo de lectura\" \/>\n\t<meta name=\"twitter:data2\" content=\"9 minutos\" \/>\n<script type=\"application\/ld+json\" class=\"yoast-schema-graph\">{\"@context\":\"https:\\\/\\\/schema.org\",\"@graph\":[{\"@type\":\"Article\",\"@id\":\"https:\\\/\\\/www.anovapeneira.gal\\\/index.php\\\/2019\\\/11\\\/25\\\/mari-carmen-amoedo-voceira-do-pp-de-redondela\\\/#article\",\"isPartOf\":{\"@id\":\"https:\\\/\\\/www.anovapeneira.gal\\\/index.php\\\/2019\\\/11\\\/25\\\/mari-carmen-amoedo-voceira-do-pp-de-redondela\\\/\"},\"author\":{\"name\":\"Tino Lago\",\"@id\":\"https:\\\/\\\/www.anovapeneira.gal\\\/#\\\/schema\\\/person\\\/424dfe65e3070fd8a44d22d2c088762a\"},\"headline\":\"Mari Carmen Amoedo, voceira do PP de Redondela\",\"datePublished\":\"2019-11-25T11:00:05+00:00\",\"mainEntityOfPage\":{\"@id\":\"https:\\\/\\\/www.anovapeneira.gal\\\/index.php\\\/2019\\\/11\\\/25\\\/mari-carmen-amoedo-voceira-do-pp-de-redondela\\\/\"},\"wordCount\":1843,\"commentCount\":0,\"publisher\":{\"@id\":\"https:\\\/\\\/www.anovapeneira.gal\\\/#organization\"},\"image\":{\"@id\":\"https:\\\/\\\/www.anovapeneira.gal\\\/index.php\\\/2019\\\/11\\\/25\\\/mari-carmen-amoedo-voceira-do-pp-de-redondela\\\/#primaryimage\"},\"thumbnailUrl\":\"https:\\\/\\\/www.anovapeneira.gal\\\/wp-content\\\/uploads\\\/2019\\\/11\\\/CARMEN_AMOEDO_ENTREVISTA_a_nova_peneira.jpg\",\"keywords\":[\"Concello de Redondela\",\"Pol\u00edtica\",\"PP\"],\"articleSection\":[\"Redondela\"],\"inLanguage\":\"gl-ES\",\"potentialAction\":[{\"@type\":\"CommentAction\",\"name\":\"Comment\",\"target\":[\"https:\\\/\\\/www.anovapeneira.gal\\\/index.php\\\/2019\\\/11\\\/25\\\/mari-carmen-amoedo-voceira-do-pp-de-redondela\\\/#respond\"]}]},{\"@type\":\"WebPage\",\"@id\":\"https:\\\/\\\/www.anovapeneira.gal\\\/index.php\\\/2019\\\/11\\\/25\\\/mari-carmen-amoedo-voceira-do-pp-de-redondela\\\/\",\"url\":\"https:\\\/\\\/www.anovapeneira.gal\\\/index.php\\\/2019\\\/11\\\/25\\\/mari-carmen-amoedo-voceira-do-pp-de-redondela\\\/\",\"name\":\"Mari Carmen Amoedo, voceira do PP de Redondela -\",\"isPartOf\":{\"@id\":\"https:\\\/\\\/www.anovapeneira.gal\\\/#website\"},\"primaryImageOfPage\":{\"@id\":\"https:\\\/\\\/www.anovapeneira.gal\\\/index.php\\\/2019\\\/11\\\/25\\\/mari-carmen-amoedo-voceira-do-pp-de-redondela\\\/#primaryimage\"},\"image\":{\"@id\":\"https:\\\/\\\/www.anovapeneira.gal\\\/index.php\\\/2019\\\/11\\\/25\\\/mari-carmen-amoedo-voceira-do-pp-de-redondela\\\/#primaryimage\"},\"thumbnailUrl\":\"https:\\\/\\\/www.anovapeneira.gal\\\/wp-content\\\/uploads\\\/2019\\\/11\\\/CARMEN_AMOEDO_ENTREVISTA_a_nova_peneira.jpg\",\"datePublished\":\"2019-11-25T11:00:05+00:00\",\"breadcrumb\":{\"@id\":\"https:\\\/\\\/www.anovapeneira.gal\\\/index.php\\\/2019\\\/11\\\/25\\\/mari-carmen-amoedo-voceira-do-pp-de-redondela\\\/#breadcrumb\"},\"inLanguage\":\"gl-ES\",\"potentialAction\":[{\"@type\":\"ReadAction\",\"target\":[\"https:\\\/\\\/www.anovapeneira.gal\\\/index.php\\\/2019\\\/11\\\/25\\\/mari-carmen-amoedo-voceira-do-pp-de-redondela\\\/\"]}]},{\"@type\":\"ImageObject\",\"inLanguage\":\"gl-ES\",\"@id\":\"https:\\\/\\\/www.anovapeneira.gal\\\/index.php\\\/2019\\\/11\\\/25\\\/mari-carmen-amoedo-voceira-do-pp-de-redondela\\\/#primaryimage\",\"url\":\"https:\\\/\\\/www.anovapeneira.gal\\\/wp-content\\\/uploads\\\/2019\\\/11\\\/CARMEN_AMOEDO_ENTREVISTA_a_nova_peneira.jpg\",\"contentUrl\":\"https:\\\/\\\/www.anovapeneira.gal\\\/wp-content\\\/uploads\\\/2019\\\/11\\\/CARMEN_AMOEDO_ENTREVISTA_a_nova_peneira.jpg\",\"width\":720,\"height\":432,\"caption\":\"Carmen Amoedo Concello de Redondela A Nova Peneira\"},{\"@type\":\"BreadcrumbList\",\"@id\":\"https:\\\/\\\/www.anovapeneira.gal\\\/index.php\\\/2019\\\/11\\\/25\\\/mari-carmen-amoedo-voceira-do-pp-de-redondela\\\/#breadcrumb\",\"itemListElement\":[{\"@type\":\"ListItem\",\"position\":1,\"name\":\"Portada\",\"item\":\"https:\\\/\\\/www.anovapeneira.gal\\\/\"},{\"@type\":\"ListItem\",\"position\":2,\"name\":\"Mari Carmen Amoedo, voceira do PP de Redondela\"}]},{\"@type\":\"WebSite\",\"@id\":\"https:\\\/\\\/www.anovapeneira.gal\\\/#website\",\"url\":\"https:\\\/\\\/www.anovapeneira.gal\\\/\",\"name\":\"\",\"description\":\"Xornal galego de informaci\u00f3n xeral Publicaci\u00f3n mensual de novas de Galicia e en especial dos Concellos da sur da provincia de Pontevedra.\",\"publisher\":{\"@id\":\"https:\\\/\\\/www.anovapeneira.gal\\\/#organization\"},\"potentialAction\":[{\"@type\":\"SearchAction\",\"target\":{\"@type\":\"EntryPoint\",\"urlTemplate\":\"https:\\\/\\\/www.anovapeneira.gal\\\/?s={search_term_string}\"},\"query-input\":{\"@type\":\"PropertyValueSpecification\",\"valueRequired\":true,\"valueName\":\"search_term_string\"}}],\"inLanguage\":\"gl-ES\"},{\"@type\":\"Organization\",\"@id\":\"https:\\\/\\\/www.anovapeneira.gal\\\/#organization\",\"name\":\"A Nova Peneira\",\"url\":\"https:\\\/\\\/www.anovapeneira.gal\\\/\",\"logo\":{\"@type\":\"ImageObject\",\"inLanguage\":\"gl-ES\",\"@id\":\"https:\\\/\\\/www.anovapeneira.gal\\\/#\\\/schema\\\/logo\\\/image\\\/\",\"url\":\"http:\\\/\\\/www.anovapeneira.gal\\\/wp-content\\\/uploads\\\/2019\\\/06\\\/logo_a_nova_peneira_portal_web.png\",\"contentUrl\":\"http:\\\/\\\/www.anovapeneira.gal\\\/wp-content\\\/uploads\\\/2019\\\/06\\\/logo_a_nova_peneira_portal_web.png\",\"width\":300,\"height\":100,\"caption\":\"A Nova Peneira\"},\"image\":{\"@id\":\"https:\\\/\\\/www.anovapeneira.gal\\\/#\\\/schema\\\/logo\\\/image\\\/\"},\"sameAs\":[\"https:\\\/\\\/www.facebook.com\\\/anovapeneira\",\"https:\\\/\\\/x.com\\\/APeneira\"]},{\"@type\":\"Person\",\"@id\":\"https:\\\/\\\/www.anovapeneira.gal\\\/#\\\/schema\\\/person\\\/424dfe65e3070fd8a44d22d2c088762a\",\"name\":\"Tino Lago\",\"image\":{\"@type\":\"ImageObject\",\"inLanguage\":\"gl-ES\",\"@id\":\"https:\\\/\\\/secure.gravatar.com\\\/avatar\\\/b3df6a06e44bab3111583b90f0f33a0379ee5e3d22cbadd232d39f21c30c62be?s=96&d=mm&r=g\",\"url\":\"https:\\\/\\\/secure.gravatar.com\\\/avatar\\\/b3df6a06e44bab3111583b90f0f33a0379ee5e3d22cbadd232d39f21c30c62be?s=96&d=mm&r=g\",\"contentUrl\":\"https:\\\/\\\/secure.gravatar.com\\\/avatar\\\/b3df6a06e44bab3111583b90f0f33a0379ee5e3d22cbadd232d39f21c30c62be?s=96&d=mm&r=g\",\"caption\":\"Tino Lago\"},\"sameAs\":[\"http:\\\/\\\/www.anovapeneira.gal\"],\"url\":\"https:\\\/\\\/www.anovapeneira.gal\\\/index.php\\\/author\\\/director\\\/\"}]}<\/script>\n<!-- \/ Yoast SEO plugin. -->","yoast_head_json":{"title":"Mari Carmen Amoedo, voceira do PP de Redondela -","robots":{"index":"index","follow":"follow","max-snippet":"max-snippet:-1","max-image-preview":"max-image-preview:large","max-video-preview":"max-video-preview:-1"},"canonical":"https:\/\/www.anovapeneira.gal\/index.php\/2019\/11\/25\/mari-carmen-amoedo-voceira-do-pp-de-redondela\/","og_locale":"gl_ES","og_type":"article","og_title":"Mari Carmen Amoedo, voceira do PP de Redondela -","og_description":"Cando Arist\u00f3teles definiu ao ser humano como \u201cZOON POLITIKON\u201d( animal pol\u00edtico), Mari Carmen Amoedo non exist\u00eda a\u00ednda, pero a concepci\u00f3n aristot\u00e9lica adec\u00faase perfectamente a arquitectura de Mari Carmen, pois poucas persoas co\u00f1ezo, que vivan a [...]","og_url":"https:\/\/www.anovapeneira.gal\/index.php\/2019\/11\/25\/mari-carmen-amoedo-voceira-do-pp-de-redondela\/","article_publisher":"https:\/\/www.facebook.com\/anovapeneira","article_published_time":"2019-11-25T11:00:05+00:00","og_image":[{"width":720,"height":432,"url":"https:\/\/www.anovapeneira.gal\/wp-content\/uploads\/2019\/11\/CARMEN_AMOEDO_ENTREVISTA_a_nova_peneira.jpg","type":"image\/jpeg"}],"author":"Tino Lago","twitter_card":"summary_large_image","twitter_creator":"@APeneira","twitter_site":"@APeneira","twitter_misc":{"Escrito por":"Tino Lago","Tempo de lectura":"9 minutos"},"schema":{"@context":"https:\/\/schema.org","@graph":[{"@type":"Article","@id":"https:\/\/www.anovapeneira.gal\/index.php\/2019\/11\/25\/mari-carmen-amoedo-voceira-do-pp-de-redondela\/#article","isPartOf":{"@id":"https:\/\/www.anovapeneira.gal\/index.php\/2019\/11\/25\/mari-carmen-amoedo-voceira-do-pp-de-redondela\/"},"author":{"name":"Tino Lago","@id":"https:\/\/www.anovapeneira.gal\/#\/schema\/person\/424dfe65e3070fd8a44d22d2c088762a"},"headline":"Mari Carmen Amoedo, voceira do PP de Redondela","datePublished":"2019-11-25T11:00:05+00:00","mainEntityOfPage":{"@id":"https:\/\/www.anovapeneira.gal\/index.php\/2019\/11\/25\/mari-carmen-amoedo-voceira-do-pp-de-redondela\/"},"wordCount":1843,"commentCount":0,"publisher":{"@id":"https:\/\/www.anovapeneira.gal\/#organization"},"image":{"@id":"https:\/\/www.anovapeneira.gal\/index.php\/2019\/11\/25\/mari-carmen-amoedo-voceira-do-pp-de-redondela\/#primaryimage"},"thumbnailUrl":"https:\/\/www.anovapeneira.gal\/wp-content\/uploads\/2019\/11\/CARMEN_AMOEDO_ENTREVISTA_a_nova_peneira.jpg","keywords":["Concello de Redondela","Pol\u00edtica","PP"],"articleSection":["Redondela"],"inLanguage":"gl-ES","potentialAction":[{"@type":"CommentAction","name":"Comment","target":["https:\/\/www.anovapeneira.gal\/index.php\/2019\/11\/25\/mari-carmen-amoedo-voceira-do-pp-de-redondela\/#respond"]}]},{"@type":"WebPage","@id":"https:\/\/www.anovapeneira.gal\/index.php\/2019\/11\/25\/mari-carmen-amoedo-voceira-do-pp-de-redondela\/","url":"https:\/\/www.anovapeneira.gal\/index.php\/2019\/11\/25\/mari-carmen-amoedo-voceira-do-pp-de-redondela\/","name":"Mari Carmen Amoedo, voceira do PP de Redondela -","isPartOf":{"@id":"https:\/\/www.anovapeneira.gal\/#website"},"primaryImageOfPage":{"@id":"https:\/\/www.anovapeneira.gal\/index.php\/2019\/11\/25\/mari-carmen-amoedo-voceira-do-pp-de-redondela\/#primaryimage"},"image":{"@id":"https:\/\/www.anovapeneira.gal\/index.php\/2019\/11\/25\/mari-carmen-amoedo-voceira-do-pp-de-redondela\/#primaryimage"},"thumbnailUrl":"https:\/\/www.anovapeneira.gal\/wp-content\/uploads\/2019\/11\/CARMEN_AMOEDO_ENTREVISTA_a_nova_peneira.jpg","datePublished":"2019-11-25T11:00:05+00:00","breadcrumb":{"@id":"https:\/\/www.anovapeneira.gal\/index.php\/2019\/11\/25\/mari-carmen-amoedo-voceira-do-pp-de-redondela\/#breadcrumb"},"inLanguage":"gl-ES","potentialAction":[{"@type":"ReadAction","target":["https:\/\/www.anovapeneira.gal\/index.php\/2019\/11\/25\/mari-carmen-amoedo-voceira-do-pp-de-redondela\/"]}]},{"@type":"ImageObject","inLanguage":"gl-ES","@id":"https:\/\/www.anovapeneira.gal\/index.php\/2019\/11\/25\/mari-carmen-amoedo-voceira-do-pp-de-redondela\/#primaryimage","url":"https:\/\/www.anovapeneira.gal\/wp-content\/uploads\/2019\/11\/CARMEN_AMOEDO_ENTREVISTA_a_nova_peneira.jpg","contentUrl":"https:\/\/www.anovapeneira.gal\/wp-content\/uploads\/2019\/11\/CARMEN_AMOEDO_ENTREVISTA_a_nova_peneira.jpg","width":720,"height":432,"caption":"Carmen Amoedo Concello de Redondela A Nova Peneira"},{"@type":"BreadcrumbList","@id":"https:\/\/www.anovapeneira.gal\/index.php\/2019\/11\/25\/mari-carmen-amoedo-voceira-do-pp-de-redondela\/#breadcrumb","itemListElement":[{"@type":"ListItem","position":1,"name":"Portada","item":"https:\/\/www.anovapeneira.gal\/"},{"@type":"ListItem","position":2,"name":"Mari Carmen Amoedo, voceira do PP de Redondela"}]},{"@type":"WebSite","@id":"https:\/\/www.anovapeneira.gal\/#website","url":"https:\/\/www.anovapeneira.gal\/","name":"","description":"Xornal galego de informaci\u00f3n xeral Publicaci\u00f3n mensual de novas de Galicia e en especial dos Concellos da sur da provincia de Pontevedra.","publisher":{"@id":"https:\/\/www.anovapeneira.gal\/#organization"},"potentialAction":[{"@type":"SearchAction","target":{"@type":"EntryPoint","urlTemplate":"https:\/\/www.anovapeneira.gal\/?s={search_term_string}"},"query-input":{"@type":"PropertyValueSpecification","valueRequired":true,"valueName":"search_term_string"}}],"inLanguage":"gl-ES"},{"@type":"Organization","@id":"https:\/\/www.anovapeneira.gal\/#organization","name":"A Nova Peneira","url":"https:\/\/www.anovapeneira.gal\/","logo":{"@type":"ImageObject","inLanguage":"gl-ES","@id":"https:\/\/www.anovapeneira.gal\/#\/schema\/logo\/image\/","url":"http:\/\/www.anovapeneira.gal\/wp-content\/uploads\/2019\/06\/logo_a_nova_peneira_portal_web.png","contentUrl":"http:\/\/www.anovapeneira.gal\/wp-content\/uploads\/2019\/06\/logo_a_nova_peneira_portal_web.png","width":300,"height":100,"caption":"A Nova Peneira"},"image":{"@id":"https:\/\/www.anovapeneira.gal\/#\/schema\/logo\/image\/"},"sameAs":["https:\/\/www.facebook.com\/anovapeneira","https:\/\/x.com\/APeneira"]},{"@type":"Person","@id":"https:\/\/www.anovapeneira.gal\/#\/schema\/person\/424dfe65e3070fd8a44d22d2c088762a","name":"Tino Lago","image":{"@type":"ImageObject","inLanguage":"gl-ES","@id":"https:\/\/secure.gravatar.com\/avatar\/b3df6a06e44bab3111583b90f0f33a0379ee5e3d22cbadd232d39f21c30c62be?s=96&d=mm&r=g","url":"https:\/\/secure.gravatar.com\/avatar\/b3df6a06e44bab3111583b90f0f33a0379ee5e3d22cbadd232d39f21c30c62be?s=96&d=mm&r=g","contentUrl":"https:\/\/secure.gravatar.com\/avatar\/b3df6a06e44bab3111583b90f0f33a0379ee5e3d22cbadd232d39f21c30c62be?s=96&d=mm&r=g","caption":"Tino Lago"},"sameAs":["http:\/\/www.anovapeneira.gal"],"url":"https:\/\/www.anovapeneira.gal\/index.php\/author\/director\/"}]}},"jetpack_featured_media_url":"https:\/\/www.anovapeneira.gal\/wp-content\/uploads\/2019\/11\/CARMEN_AMOEDO_ENTREVISTA_a_nova_peneira.jpg","_links":{"self":[{"href":"https:\/\/www.anovapeneira.gal\/index.php\/wp-json\/wp\/v2\/posts\/1832","targetHints":{"allow":["GET"]}}],"collection":[{"href":"https:\/\/www.anovapeneira.gal\/index.php\/wp-json\/wp\/v2\/posts"}],"about":[{"href":"https:\/\/www.anovapeneira.gal\/index.php\/wp-json\/wp\/v2\/types\/post"}],"author":[{"embeddable":true,"href":"https:\/\/www.anovapeneira.gal\/index.php\/wp-json\/wp\/v2\/users\/2"}],"replies":[{"embeddable":true,"href":"https:\/\/www.anovapeneira.gal\/index.php\/wp-json\/wp\/v2\/comments?post=1832"}],"version-history":[{"count":2,"href":"https:\/\/www.anovapeneira.gal\/index.php\/wp-json\/wp\/v2\/posts\/1832\/revisions"}],"predecessor-version":[{"id":1835,"href":"https:\/\/www.anovapeneira.gal\/index.php\/wp-json\/wp\/v2\/posts\/1832\/revisions\/1835"}],"wp:featuredmedia":[{"embeddable":true,"href":"https:\/\/www.anovapeneira.gal\/index.php\/wp-json\/wp\/v2\/media\/1833"}],"wp:attachment":[{"href":"https:\/\/www.anovapeneira.gal\/index.php\/wp-json\/wp\/v2\/media?parent=1832"}],"wp:term":[{"taxonomy":"category","embeddable":true,"href":"https:\/\/www.anovapeneira.gal\/index.php\/wp-json\/wp\/v2\/categories?post=1832"},{"taxonomy":"post_tag","embeddable":true,"href":"https:\/\/www.anovapeneira.gal\/index.php\/wp-json\/wp\/v2\/tags?post=1832"}],"curies":[{"name":"wp","href":"https:\/\/api.w.org\/{rel}","templated":true}]}}