{"id":1839,"date":"2019-11-26T12:00:28","date_gmt":"2019-11-26T11:00:28","guid":{"rendered":"http:\/\/www.anovapeneira.gal\/?p=1839"},"modified":"2019-11-23T20:24:47","modified_gmt":"2019-11-23T19:24:47","slug":"guillermo-presa-avogado","status":"publish","type":"post","link":"https:\/\/www.anovapeneira.gal\/index.php\/2019\/11\/26\/guillermo-presa-avogado\/","title":{"rendered":"Guillermo Presa avogado"},"content":{"rendered":"\n<h2 class=\"wp-block-heading\"><strong>No pasado mes de xu\u00f1o\neran detidas varias persoas \u00e1s que con gran profusi\u00f3n medi\u00e1tica se\nlles atribu\u00eda o papel de dirixentes dunha suposta organizaci\u00f3n\nterrorista que existir\u00eda en Galicia, baixo a denominaci\u00f3n de\nResistencia Galega. Por outra parte , a semana pasada co\u00f1eciamos que\na 12 militantes independentistas galegos das organizaci\u00f3ns Causa\nGaliza e Ceivar, imputados na operaci\u00f3n Jaro, a fiscal\u00eda da\nAudiencia Nacional  demand\u00e1balles, en conxunto, m\u00e1is dun s\u00e9culo de\nprisi\u00f3n, con petici\u00f3ns de penas de entre catro e doce anos de\nprisi\u00f3n. A Nova Peneira conversou co avogado vigu\u00e9s Guillermo\nPresa, que exerce a defensa de CAUSA GALIZA como persoa xur\u00eddica e\nde tres dos presuntos militantes da suposta organizaci\u00f3n Resistencia\nGalega.<\/strong><\/h2>\n\n\n\n<p>\u201c<strong>NON EXISTE NING\u00daN TIPO DE ORGANIZACI\u00d3N TERRORISTA EN GALICIA E POLO TANTO NON CABE A IMPUTACI\u00d3N DE PERTENZA A ALGO QUE NON EXISTE\u201d<\/strong><\/p>\n\n\n\n<pre class=\"wp-block-verse\"><strong>Tino Lago<\/strong><\/pre>\n\n\n\n<p><strong>Ti es avogado de Causa\nGaliza como persoa xur\u00eddica?<\/strong><\/p>\n\n\n\n<blockquote class=\"wp-block-quote is-layout-flow wp-block-quote-is-layout-flow\"><p>Si. O delito de enaltecemento do terrorismo s\u00f3 pode ser cometido por persoas f\u00edsicas, non xur\u00eddicas,  piden que tanto Causa Galiza como Ceivar sexan ilegalizadas pois as persoas f\u00edsicas, di a parte que acusa, est\u00e1n integradas en ambas organizaci\u00f3ns para enaltecer o terrorismo<\/p><\/blockquote>\n\n\n\n<p><strong>Desde o desco\u00f1ecemento\nm\u00e1is absoluto do c\u00f3digo penal, o tipo delituoso  que se lles imputa\n\u00e1s persoas de Causa Galiza:\u201d integraci\u00f3n en organizaci\u00f3n\ncriminal para enaltecer o terrorismo\u201d, par\u00e9ceme un exercicio\nret\u00f3rico case manierista, que a sensaci\u00f3n que me produce \u00e9 que\nsemella haber unha intenci\u00f3n de castigar opini\u00f3ns<\/strong><\/p>\n\n\n\n<blockquote class=\"wp-block-quote is-layout-flow wp-block-quote-is-layout-flow\"><p>O tipo delituoso existe, de feito ten habido persoas condenadas por ese motivo, outra cousa \u00e9 que sexa aplicable a este caso. O tipo \u00e9 moi discutido e discutible.<\/p><\/blockquote>\n\n\n\n<p> <strong>Como valoras o informe\nde Amnist\u00eda Internacional sobre as condenas dos l\u00edderes pol\u00edticos\ndo proceso independentista catal\u00e1n?<\/strong><\/p>\n\n\n\n<blockquote class=\"wp-block-quote is-layout-flow wp-block-quote-is-layout-flow\"><p>Non o lin en profundidade, penso que o que est\u00e1n a dicir \u00e9 que a situaci\u00f3n de prisi\u00f3n \u00e9 inxustificable, algo co que estou de acordo, pero tam\u00e9n di que o proceso xudicial non foi inxusto, algo co que discrepo.<\/p><\/blockquote>\n\n\n\n<p><strong>A xustiza espa\u00f1ola,\nneste tipo de temas tan sensibles, neste momento pol\u00edtico tan\nconvulso, tratou o asunto do \u201cproc\u00e9s\u201d de maneira equilibrada e\nrigorosa ?<\/strong><\/p>\n\n\n\n<blockquote class=\"wp-block-quote is-layout-flow wp-block-quote-is-layout-flow\"><p>Eu considero que ese \u00e9 un problema pol\u00edtico e non de dereito penal. A xustiza est\u00e1 politizada, non falo dos xu\u00edces de a p\u00e9 que est\u00e1n d\u00eda a d\u00eda traballando nos xulgados, sen\u00f3n das c\u00fapulas xudiciais<\/p><\/blockquote>\n\n\n\n<p><strong>A suposta politizaci\u00f3n\nda xustiza non pon en cuesti\u00f3n os principios m\u00e1is b\u00e1sicos da\ndemocracia?<\/strong><\/p>\n\n\n\n<blockquote class=\"wp-block-quote is-layout-flow wp-block-quote-is-layout-flow\"><p>Si, efectivamente, a separaci\u00f3n de poderes<\/p><\/blockquote>\n\n\n\n<p><strong>Existen presos\npol\u00edticos en Galicia?<\/strong><\/p>\n\n\n\n<blockquote class=\"wp-block-quote is-layout-flow wp-block-quote-is-layout-flow\"><p>Existen persoas presas polas s\u00faas convicci\u00f3ns pol\u00edticas<\/p><\/blockquote>\n\n\n\n<p><strong>Est\u00e1n presos polas\ns\u00faas convicci\u00f3ns pol\u00edticas ou por desenvolver supostos\ncomportamentos delituosos?<\/strong><\/p>\n\n\n\n<blockquote class=\"wp-block-quote is-layout-flow wp-block-quote-is-layout-flow\"><p>Cando falamos de supostos delitos vencellados \u00e1 liberdade de expresi\u00f3n e ou \u00e1 liberdade de participaci\u00f3n pol\u00edtica estamos nun terreo moi difuso e espi\u00f1ento.<\/p><\/blockquote>\n\n\n\n<p><strong>Ti, no que respecta \u00e1\nsuposta organizaci\u00f3n terrorista resistencia galega, a cantas persoas\nrepresentas?<\/strong><\/p>\n\n\n\n<blockquote class=\"wp-block-quote is-layout-flow wp-block-quote-is-layout-flow\"><p>Eu defendo a 3 persoas<\/p><\/blockquote>\n\n\n\n<p><strong>Quen son?<\/strong><\/p>\n\n\n\n<blockquote class=\"wp-block-quote is-layout-flow wp-block-quote-is-layout-flow\"><p>Ant\u00f3n Garc\u00eda, Asunci\u00f3n Losada e Miguel Garc\u00eda<\/p><\/blockquote>\n\n\n\n<p><strong>En que prisi\u00f3ns est\u00e1n?<\/strong><\/p>\n\n\n\n<blockquote class=\"wp-block-quote is-layout-flow wp-block-quote-is-layout-flow\"><p>En Soto del Real os dous homes e en Estremera Asunci\u00f3n<\/p><\/blockquote>\n\n\n\n<p><strong>Por que motivo non\nest\u00e1n en prisi\u00f3ns galegas?<\/strong><\/p>\n\n\n\n<blockquote class=\"wp-block-quote is-layout-flow wp-block-quote-is-layout-flow\"><p>Son presos preventivos, est\u00e1n a dispor do xulgado que est\u00e1 a desenvolver a investigaci\u00f3n que \u00e9 a Audiencia Nacional, polo tanto si que ten un certo sentido que estean nun centro penal pr\u00f3ximo ao xulgado competente. Tam\u00e9n \u00e9 certo que xa prestaron declaraci\u00f3n, xa compareceron na Audiencia Nacional nun par de ocasi\u00f3ns, xa que logo a dispo\u00f1ibilidade , entendo eu que ,non \u00e9 tan necesaria e si poder\u00edan ser trasladados a Galicia<\/p><\/blockquote>\n\n\n\n<p><strong>O sistema xudicial\nespa\u00f1ol abusa da figura da prisi\u00f3n preventiva?<\/strong><\/p>\n\n\n\n<blockquote class=\"wp-block-quote is-layout-flow wp-block-quote-is-layout-flow\"><p>Si, claramente si.<\/p><\/blockquote>\n\n\n\n<p><strong>Por que , ao teu xu\u00edzo?<\/strong><\/p>\n\n\n\n<blockquote class=\"wp-block-quote is-layout-flow wp-block-quote-is-layout-flow\"><p>As persoas en prisi\u00f3n preventiva son inocentes, e a regra xeral debe ser que as persoas comparezan libres ante os tribunais que os van a xulgar, e esa norma inc\u00famprese en demasiadas ocasi\u00f3ns.<\/p><\/blockquote>\n\n\n\n<p><strong>A prisi\u00f3n preventiva\nten un tempo m\u00e1ximo?<\/strong><\/p>\n\n\n\n<blockquote class=\"wp-block-quote is-layout-flow wp-block-quote-is-layout-flow\"><p>Si, catro anos<\/p><\/blockquote>\n\n\n\n<p><strong>E se unha persoa \u00e9\nobrigada a estar catro anos da s\u00faa vida nun c\u00e1rcere e logo o xu\u00edzo\ndetermina a s\u00faa inocencia?<\/strong><\/p>\n\n\n\n<blockquote class=\"wp-block-quote is-layout-flow wp-block-quote-is-layout-flow\"><p>Indemn\u00edzaselle economicamente<\/p><\/blockquote>\n\n\n\n<p><strong>De que delitos se lles\nacusa \u00e1s 3 persoas que ti defendes?<\/strong><\/p>\n\n\n\n<blockquote class=\"wp-block-quote is-layout-flow wp-block-quote-is-layout-flow\"><p>Pertenza a organizaci\u00f3n terrorista, e probablemente alg\u00fan m\u00e1is, pero como de momento o procedemento \u00e9 segredo non te\u00f1o a posibilidade de sabelo<\/p><\/blockquote>\n\n\n\n<p><strong>Iso non o entendo, o\nfeito de que o procedemento xudicial sexa segredo implica que o\navogado non o co\u00f1eza ata que se levante ese segredo?<\/strong><\/p>\n\n\n\n<blockquote class=\"wp-block-quote is-layout-flow wp-block-quote-is-layout-flow\"><p>Efectivamente<\/p><\/blockquote>\n\n\n\n<p><strong>E iso non sup\u00f3n unha\nvantaxe para a parte acusatoria?<\/strong><\/p>\n\n\n\n<blockquote class=\"wp-block-quote is-layout-flow wp-block-quote-is-layout-flow\"><p>Por suposto que si, e \u00e9 un d\u00e9ficit clar\u00edsimo para o sistema de defensa. O sumario iniciouse no ano  2.012,e leva segredo ,sendo prorrogado mes a mes, desde ese momento, algo que a min par\u00e9ceme unha aut\u00e9ntica barbaridade. Eu xa te\u00f1o presentado tres recursos de apelaci\u00f3n contra ese segredo<\/p><\/blockquote>\n\n\n\n<p><strong>O\nsegredo sumarial \u00e9 com\u00fan a os ordenamentos xur\u00eddicos de todos os\nestados que poden estar nuns est\u00e1ndars xur\u00eddicos semellantes a\nEspa\u00f1a?<\/strong><\/p>\n\n\n\n<blockquote class=\"wp-block-quote is-layout-flow wp-block-quote-is-layout-flow\"><p>Si, existe en todos os ordenamentos porque pode ter a s\u00faa raz\u00f3n de ser, pero non ten sentido neste caso en concreto que se est\u00e1 a manter m\u00e1is al\u00e1 da instrumentalidade. Unha vez que se fixeron p\u00fablicas as detenci\u00f3ns, que sentido pode ter manter o segredo sumarial?<\/p><\/blockquote>\n\n\n\n<p><strong>Resistencia galega,\ncomo organizaci\u00f3n terrorista existe?, existiu? ou \u00e9 unha\nelucubraci\u00f3n dalgunha mente fantasiosa?<\/strong><\/p>\n\n\n\n<blockquote class=\"wp-block-quote is-layout-flow wp-block-quote-is-layout-flow\"><p>N\u00f3s como defensa, entendemos que non existe como tal organizaci\u00f3n. Hai unha sentencia do Tribunal Supremo, que considera que si existe, con votos particulares, e que non crea xurisprudencia<\/p><\/blockquote>\n\n\n\n<p><strong>Como \u00e9 iso de que non\ncrea xurisprudencia?<\/strong><\/p>\n\n\n\n<blockquote class=\"wp-block-quote is-layout-flow wp-block-quote-is-layout-flow\"><p>Porque \u00e9 unha \u00fanica sentencia, e para que as\u00ed fose ten que ser un criterio reiterado no tempo<\/p><\/blockquote>\n\n\n\n<p><strong>Como est\u00e1n de \u00e1nimos\nos teus defendidos?<\/strong><\/p>\n\n\n\n<blockquote class=\"wp-block-quote is-layout-flow wp-block-quote-is-layout-flow\"><p>Ben, enteiros e fortes<\/p><\/blockquote>\n\n\n\n<p><strong>Que expectativas tes ti\nen relaci\u00f3n co desenvolvemento do xu\u00edzo?<\/strong><\/p>\n\n\n\n<blockquote class=\"wp-block-quote is-layout-flow wp-block-quote-is-layout-flow\"><p>Ata que non levanten o segredo non che podo dicir nada ao respecto. S\u00f3 podo asegurar a mi\u00f1a convicci\u00f3n de que non existe ning\u00fan tipo de organizaci\u00f3n terrorista en Galicia e polo tanto non cabe a imputaci\u00f3n da pertenza a algo que non existe.<\/p><\/blockquote>\n","protected":false},"excerpt":{"rendered":"<div class=\"mh-excerpt\"><p>No pasado mes de xu\u00f1o eran detidas varias persoas \u00e1s que con gran profusi\u00f3n medi\u00e1tica se lles atribu\u00eda o papel de dirixentes dunha suposta organizaci\u00f3n terrorista <a class=\"mh-excerpt-more\" href=\"https:\/\/www.anovapeneira.gal\/index.php\/2019\/11\/26\/guillermo-presa-avogado\/\" title=\"Guillermo Presa avogado\">[&#8230;]<\/a><\/p>\n<\/div>","protected":false},"author":2,"featured_media":1840,"comment_status":"open","ping_status":"open","sticky":false,"template":"","format":"standard","meta":{"_exactmetrics_skip_tracking":false,"_exactmetrics_sitenote_active":false,"_exactmetrics_sitenote_note":"","_exactmetrics_sitenote_category":0,"footnotes":""},"categories":[264],"tags":[12,812],"class_list":{"0":"post-1839","1":"post","2":"type-post","3":"status-publish","4":"format-standard","5":"has-post-thumbnail","7":"category-entrevistas-galicia","8":"tag-politica","9":"tag-resistencia-galega"},"yoast_head":"<!-- This site is optimized with the Yoast SEO plugin v27.4 - https:\/\/yoast.com\/product\/yoast-seo-wordpress\/ -->\n<title>Guillermo Presa avogado -<\/title>\n<meta name=\"robots\" content=\"index, follow, max-snippet:-1, max-image-preview:large, max-video-preview:-1\" \/>\n<link rel=\"canonical\" href=\"https:\/\/www.anovapeneira.gal\/index.php\/2019\/11\/26\/guillermo-presa-avogado\/\" \/>\n<meta property=\"og:locale\" content=\"gl_ES\" \/>\n<meta property=\"og:type\" content=\"article\" \/>\n<meta property=\"og:title\" content=\"Guillermo Presa avogado -\" \/>\n<meta property=\"og:description\" content=\"No pasado mes de xu\u00f1o eran detidas varias persoas \u00e1s que con gran profusi\u00f3n medi\u00e1tica se lles atribu\u00eda o papel de dirixentes dunha suposta organizaci\u00f3n terrorista [...]\" \/>\n<meta property=\"og:url\" content=\"https:\/\/www.anovapeneira.gal\/index.php\/2019\/11\/26\/guillermo-presa-avogado\/\" \/>\n<meta property=\"article:publisher\" content=\"https:\/\/www.facebook.com\/anovapeneira\" \/>\n<meta property=\"article:published_time\" content=\"2019-11-26T11:00:28+00:00\" \/>\n<meta property=\"og:image\" content=\"https:\/\/www.anovapeneira.gal\/wp-content\/uploads\/2019\/11\/GUILLERMO_PRESA_a_nova_peneira.jpg\" \/>\n\t<meta property=\"og:image:width\" content=\"720\" \/>\n\t<meta property=\"og:image:height\" content=\"432\" \/>\n\t<meta property=\"og:image:type\" content=\"image\/jpeg\" \/>\n<meta name=\"author\" content=\"Tino Lago\" \/>\n<meta name=\"twitter:card\" content=\"summary_large_image\" \/>\n<meta name=\"twitter:creator\" content=\"@APeneira\" \/>\n<meta name=\"twitter:site\" content=\"@APeneira\" \/>\n<meta name=\"twitter:label1\" content=\"Escrito por\" \/>\n\t<meta name=\"twitter:data1\" content=\"Tino Lago\" \/>\n\t<meta name=\"twitter:label2\" content=\"Tempo de lectura\" \/>\n\t<meta name=\"twitter:data2\" content=\"6 minutos\" \/>\n<script type=\"application\/ld+json\" class=\"yoast-schema-graph\">{\"@context\":\"https:\\\/\\\/schema.org\",\"@graph\":[{\"@type\":\"Article\",\"@id\":\"https:\\\/\\\/www.anovapeneira.gal\\\/index.php\\\/2019\\\/11\\\/26\\\/guillermo-presa-avogado\\\/#article\",\"isPartOf\":{\"@id\":\"https:\\\/\\\/www.anovapeneira.gal\\\/index.php\\\/2019\\\/11\\\/26\\\/guillermo-presa-avogado\\\/\"},\"author\":{\"name\":\"Tino Lago\",\"@id\":\"https:\\\/\\\/www.anovapeneira.gal\\\/#\\\/schema\\\/person\\\/424dfe65e3070fd8a44d22d2c088762a\"},\"headline\":\"Guillermo Presa avogado\",\"datePublished\":\"2019-11-26T11:00:28+00:00\",\"mainEntityOfPage\":{\"@id\":\"https:\\\/\\\/www.anovapeneira.gal\\\/index.php\\\/2019\\\/11\\\/26\\\/guillermo-presa-avogado\\\/\"},\"wordCount\":1104,\"commentCount\":0,\"publisher\":{\"@id\":\"https:\\\/\\\/www.anovapeneira.gal\\\/#organization\"},\"image\":{\"@id\":\"https:\\\/\\\/www.anovapeneira.gal\\\/index.php\\\/2019\\\/11\\\/26\\\/guillermo-presa-avogado\\\/#primaryimage\"},\"thumbnailUrl\":\"https:\\\/\\\/www.anovapeneira.gal\\\/wp-content\\\/uploads\\\/2019\\\/11\\\/GUILLERMO_PRESA_a_nova_peneira.jpg\",\"keywords\":[\"Pol\u00edtica\",\"Resistencia Galega\"],\"articleSection\":[\"Entrevistas\"],\"inLanguage\":\"gl-ES\",\"potentialAction\":[{\"@type\":\"CommentAction\",\"name\":\"Comment\",\"target\":[\"https:\\\/\\\/www.anovapeneira.gal\\\/index.php\\\/2019\\\/11\\\/26\\\/guillermo-presa-avogado\\\/#respond\"]}]},{\"@type\":\"WebPage\",\"@id\":\"https:\\\/\\\/www.anovapeneira.gal\\\/index.php\\\/2019\\\/11\\\/26\\\/guillermo-presa-avogado\\\/\",\"url\":\"https:\\\/\\\/www.anovapeneira.gal\\\/index.php\\\/2019\\\/11\\\/26\\\/guillermo-presa-avogado\\\/\",\"name\":\"Guillermo Presa avogado -\",\"isPartOf\":{\"@id\":\"https:\\\/\\\/www.anovapeneira.gal\\\/#website\"},\"primaryImageOfPage\":{\"@id\":\"https:\\\/\\\/www.anovapeneira.gal\\\/index.php\\\/2019\\\/11\\\/26\\\/guillermo-presa-avogado\\\/#primaryimage\"},\"image\":{\"@id\":\"https:\\\/\\\/www.anovapeneira.gal\\\/index.php\\\/2019\\\/11\\\/26\\\/guillermo-presa-avogado\\\/#primaryimage\"},\"thumbnailUrl\":\"https:\\\/\\\/www.anovapeneira.gal\\\/wp-content\\\/uploads\\\/2019\\\/11\\\/GUILLERMO_PRESA_a_nova_peneira.jpg\",\"datePublished\":\"2019-11-26T11:00:28+00:00\",\"breadcrumb\":{\"@id\":\"https:\\\/\\\/www.anovapeneira.gal\\\/index.php\\\/2019\\\/11\\\/26\\\/guillermo-presa-avogado\\\/#breadcrumb\"},\"inLanguage\":\"gl-ES\",\"potentialAction\":[{\"@type\":\"ReadAction\",\"target\":[\"https:\\\/\\\/www.anovapeneira.gal\\\/index.php\\\/2019\\\/11\\\/26\\\/guillermo-presa-avogado\\\/\"]}]},{\"@type\":\"ImageObject\",\"inLanguage\":\"gl-ES\",\"@id\":\"https:\\\/\\\/www.anovapeneira.gal\\\/index.php\\\/2019\\\/11\\\/26\\\/guillermo-presa-avogado\\\/#primaryimage\",\"url\":\"https:\\\/\\\/www.anovapeneira.gal\\\/wp-content\\\/uploads\\\/2019\\\/11\\\/GUILLERMO_PRESA_a_nova_peneira.jpg\",\"contentUrl\":\"https:\\\/\\\/www.anovapeneira.gal\\\/wp-content\\\/uploads\\\/2019\\\/11\\\/GUILLERMO_PRESA_a_nova_peneira.jpg\",\"width\":720,\"height\":432,\"caption\":\"Guillermo Presa A Nova Peneira\"},{\"@type\":\"BreadcrumbList\",\"@id\":\"https:\\\/\\\/www.anovapeneira.gal\\\/index.php\\\/2019\\\/11\\\/26\\\/guillermo-presa-avogado\\\/#breadcrumb\",\"itemListElement\":[{\"@type\":\"ListItem\",\"position\":1,\"name\":\"Portada\",\"item\":\"https:\\\/\\\/www.anovapeneira.gal\\\/\"},{\"@type\":\"ListItem\",\"position\":2,\"name\":\"Guillermo Presa avogado\"}]},{\"@type\":\"WebSite\",\"@id\":\"https:\\\/\\\/www.anovapeneira.gal\\\/#website\",\"url\":\"https:\\\/\\\/www.anovapeneira.gal\\\/\",\"name\":\"\",\"description\":\"Xornal galego de informaci\u00f3n xeral Publicaci\u00f3n mensual de novas de Galicia e en especial dos Concellos da sur da provincia de Pontevedra.\",\"publisher\":{\"@id\":\"https:\\\/\\\/www.anovapeneira.gal\\\/#organization\"},\"potentialAction\":[{\"@type\":\"SearchAction\",\"target\":{\"@type\":\"EntryPoint\",\"urlTemplate\":\"https:\\\/\\\/www.anovapeneira.gal\\\/?s={search_term_string}\"},\"query-input\":{\"@type\":\"PropertyValueSpecification\",\"valueRequired\":true,\"valueName\":\"search_term_string\"}}],\"inLanguage\":\"gl-ES\"},{\"@type\":\"Organization\",\"@id\":\"https:\\\/\\\/www.anovapeneira.gal\\\/#organization\",\"name\":\"A Nova Peneira\",\"url\":\"https:\\\/\\\/www.anovapeneira.gal\\\/\",\"logo\":{\"@type\":\"ImageObject\",\"inLanguage\":\"gl-ES\",\"@id\":\"https:\\\/\\\/www.anovapeneira.gal\\\/#\\\/schema\\\/logo\\\/image\\\/\",\"url\":\"http:\\\/\\\/www.anovapeneira.gal\\\/wp-content\\\/uploads\\\/2019\\\/06\\\/logo_a_nova_peneira_portal_web.png\",\"contentUrl\":\"http:\\\/\\\/www.anovapeneira.gal\\\/wp-content\\\/uploads\\\/2019\\\/06\\\/logo_a_nova_peneira_portal_web.png\",\"width\":300,\"height\":100,\"caption\":\"A Nova Peneira\"},\"image\":{\"@id\":\"https:\\\/\\\/www.anovapeneira.gal\\\/#\\\/schema\\\/logo\\\/image\\\/\"},\"sameAs\":[\"https:\\\/\\\/www.facebook.com\\\/anovapeneira\",\"https:\\\/\\\/x.com\\\/APeneira\"]},{\"@type\":\"Person\",\"@id\":\"https:\\\/\\\/www.anovapeneira.gal\\\/#\\\/schema\\\/person\\\/424dfe65e3070fd8a44d22d2c088762a\",\"name\":\"Tino Lago\",\"image\":{\"@type\":\"ImageObject\",\"inLanguage\":\"gl-ES\",\"@id\":\"https:\\\/\\\/secure.gravatar.com\\\/avatar\\\/b3df6a06e44bab3111583b90f0f33a0379ee5e3d22cbadd232d39f21c30c62be?s=96&d=mm&r=g\",\"url\":\"https:\\\/\\\/secure.gravatar.com\\\/avatar\\\/b3df6a06e44bab3111583b90f0f33a0379ee5e3d22cbadd232d39f21c30c62be?s=96&d=mm&r=g\",\"contentUrl\":\"https:\\\/\\\/secure.gravatar.com\\\/avatar\\\/b3df6a06e44bab3111583b90f0f33a0379ee5e3d22cbadd232d39f21c30c62be?s=96&d=mm&r=g\",\"caption\":\"Tino Lago\"},\"sameAs\":[\"http:\\\/\\\/www.anovapeneira.gal\"],\"url\":\"https:\\\/\\\/www.anovapeneira.gal\\\/index.php\\\/author\\\/director\\\/\"}]}<\/script>\n<!-- \/ Yoast SEO plugin. -->","yoast_head_json":{"title":"Guillermo Presa avogado -","robots":{"index":"index","follow":"follow","max-snippet":"max-snippet:-1","max-image-preview":"max-image-preview:large","max-video-preview":"max-video-preview:-1"},"canonical":"https:\/\/www.anovapeneira.gal\/index.php\/2019\/11\/26\/guillermo-presa-avogado\/","og_locale":"gl_ES","og_type":"article","og_title":"Guillermo Presa avogado -","og_description":"No pasado mes de xu\u00f1o eran detidas varias persoas \u00e1s que con gran profusi\u00f3n medi\u00e1tica se lles atribu\u00eda o papel de dirixentes dunha suposta organizaci\u00f3n terrorista [...]","og_url":"https:\/\/www.anovapeneira.gal\/index.php\/2019\/11\/26\/guillermo-presa-avogado\/","article_publisher":"https:\/\/www.facebook.com\/anovapeneira","article_published_time":"2019-11-26T11:00:28+00:00","og_image":[{"width":720,"height":432,"url":"https:\/\/www.anovapeneira.gal\/wp-content\/uploads\/2019\/11\/GUILLERMO_PRESA_a_nova_peneira.jpg","type":"image\/jpeg"}],"author":"Tino Lago","twitter_card":"summary_large_image","twitter_creator":"@APeneira","twitter_site":"@APeneira","twitter_misc":{"Escrito por":"Tino Lago","Tempo de lectura":"6 minutos"},"schema":{"@context":"https:\/\/schema.org","@graph":[{"@type":"Article","@id":"https:\/\/www.anovapeneira.gal\/index.php\/2019\/11\/26\/guillermo-presa-avogado\/#article","isPartOf":{"@id":"https:\/\/www.anovapeneira.gal\/index.php\/2019\/11\/26\/guillermo-presa-avogado\/"},"author":{"name":"Tino Lago","@id":"https:\/\/www.anovapeneira.gal\/#\/schema\/person\/424dfe65e3070fd8a44d22d2c088762a"},"headline":"Guillermo Presa avogado","datePublished":"2019-11-26T11:00:28+00:00","mainEntityOfPage":{"@id":"https:\/\/www.anovapeneira.gal\/index.php\/2019\/11\/26\/guillermo-presa-avogado\/"},"wordCount":1104,"commentCount":0,"publisher":{"@id":"https:\/\/www.anovapeneira.gal\/#organization"},"image":{"@id":"https:\/\/www.anovapeneira.gal\/index.php\/2019\/11\/26\/guillermo-presa-avogado\/#primaryimage"},"thumbnailUrl":"https:\/\/www.anovapeneira.gal\/wp-content\/uploads\/2019\/11\/GUILLERMO_PRESA_a_nova_peneira.jpg","keywords":["Pol\u00edtica","Resistencia Galega"],"articleSection":["Entrevistas"],"inLanguage":"gl-ES","potentialAction":[{"@type":"CommentAction","name":"Comment","target":["https:\/\/www.anovapeneira.gal\/index.php\/2019\/11\/26\/guillermo-presa-avogado\/#respond"]}]},{"@type":"WebPage","@id":"https:\/\/www.anovapeneira.gal\/index.php\/2019\/11\/26\/guillermo-presa-avogado\/","url":"https:\/\/www.anovapeneira.gal\/index.php\/2019\/11\/26\/guillermo-presa-avogado\/","name":"Guillermo Presa avogado -","isPartOf":{"@id":"https:\/\/www.anovapeneira.gal\/#website"},"primaryImageOfPage":{"@id":"https:\/\/www.anovapeneira.gal\/index.php\/2019\/11\/26\/guillermo-presa-avogado\/#primaryimage"},"image":{"@id":"https:\/\/www.anovapeneira.gal\/index.php\/2019\/11\/26\/guillermo-presa-avogado\/#primaryimage"},"thumbnailUrl":"https:\/\/www.anovapeneira.gal\/wp-content\/uploads\/2019\/11\/GUILLERMO_PRESA_a_nova_peneira.jpg","datePublished":"2019-11-26T11:00:28+00:00","breadcrumb":{"@id":"https:\/\/www.anovapeneira.gal\/index.php\/2019\/11\/26\/guillermo-presa-avogado\/#breadcrumb"},"inLanguage":"gl-ES","potentialAction":[{"@type":"ReadAction","target":["https:\/\/www.anovapeneira.gal\/index.php\/2019\/11\/26\/guillermo-presa-avogado\/"]}]},{"@type":"ImageObject","inLanguage":"gl-ES","@id":"https:\/\/www.anovapeneira.gal\/index.php\/2019\/11\/26\/guillermo-presa-avogado\/#primaryimage","url":"https:\/\/www.anovapeneira.gal\/wp-content\/uploads\/2019\/11\/GUILLERMO_PRESA_a_nova_peneira.jpg","contentUrl":"https:\/\/www.anovapeneira.gal\/wp-content\/uploads\/2019\/11\/GUILLERMO_PRESA_a_nova_peneira.jpg","width":720,"height":432,"caption":"Guillermo Presa A Nova Peneira"},{"@type":"BreadcrumbList","@id":"https:\/\/www.anovapeneira.gal\/index.php\/2019\/11\/26\/guillermo-presa-avogado\/#breadcrumb","itemListElement":[{"@type":"ListItem","position":1,"name":"Portada","item":"https:\/\/www.anovapeneira.gal\/"},{"@type":"ListItem","position":2,"name":"Guillermo Presa avogado"}]},{"@type":"WebSite","@id":"https:\/\/www.anovapeneira.gal\/#website","url":"https:\/\/www.anovapeneira.gal\/","name":"","description":"Xornal galego de informaci\u00f3n xeral Publicaci\u00f3n mensual de novas de Galicia e en especial dos Concellos da sur da provincia de Pontevedra.","publisher":{"@id":"https:\/\/www.anovapeneira.gal\/#organization"},"potentialAction":[{"@type":"SearchAction","target":{"@type":"EntryPoint","urlTemplate":"https:\/\/www.anovapeneira.gal\/?s={search_term_string}"},"query-input":{"@type":"PropertyValueSpecification","valueRequired":true,"valueName":"search_term_string"}}],"inLanguage":"gl-ES"},{"@type":"Organization","@id":"https:\/\/www.anovapeneira.gal\/#organization","name":"A Nova Peneira","url":"https:\/\/www.anovapeneira.gal\/","logo":{"@type":"ImageObject","inLanguage":"gl-ES","@id":"https:\/\/www.anovapeneira.gal\/#\/schema\/logo\/image\/","url":"http:\/\/www.anovapeneira.gal\/wp-content\/uploads\/2019\/06\/logo_a_nova_peneira_portal_web.png","contentUrl":"http:\/\/www.anovapeneira.gal\/wp-content\/uploads\/2019\/06\/logo_a_nova_peneira_portal_web.png","width":300,"height":100,"caption":"A Nova Peneira"},"image":{"@id":"https:\/\/www.anovapeneira.gal\/#\/schema\/logo\/image\/"},"sameAs":["https:\/\/www.facebook.com\/anovapeneira","https:\/\/x.com\/APeneira"]},{"@type":"Person","@id":"https:\/\/www.anovapeneira.gal\/#\/schema\/person\/424dfe65e3070fd8a44d22d2c088762a","name":"Tino Lago","image":{"@type":"ImageObject","inLanguage":"gl-ES","@id":"https:\/\/secure.gravatar.com\/avatar\/b3df6a06e44bab3111583b90f0f33a0379ee5e3d22cbadd232d39f21c30c62be?s=96&d=mm&r=g","url":"https:\/\/secure.gravatar.com\/avatar\/b3df6a06e44bab3111583b90f0f33a0379ee5e3d22cbadd232d39f21c30c62be?s=96&d=mm&r=g","contentUrl":"https:\/\/secure.gravatar.com\/avatar\/b3df6a06e44bab3111583b90f0f33a0379ee5e3d22cbadd232d39f21c30c62be?s=96&d=mm&r=g","caption":"Tino Lago"},"sameAs":["http:\/\/www.anovapeneira.gal"],"url":"https:\/\/www.anovapeneira.gal\/index.php\/author\/director\/"}]}},"jetpack_featured_media_url":"https:\/\/www.anovapeneira.gal\/wp-content\/uploads\/2019\/11\/GUILLERMO_PRESA_a_nova_peneira.jpg","_links":{"self":[{"href":"https:\/\/www.anovapeneira.gal\/index.php\/wp-json\/wp\/v2\/posts\/1839","targetHints":{"allow":["GET"]}}],"collection":[{"href":"https:\/\/www.anovapeneira.gal\/index.php\/wp-json\/wp\/v2\/posts"}],"about":[{"href":"https:\/\/www.anovapeneira.gal\/index.php\/wp-json\/wp\/v2\/types\/post"}],"author":[{"embeddable":true,"href":"https:\/\/www.anovapeneira.gal\/index.php\/wp-json\/wp\/v2\/users\/2"}],"replies":[{"embeddable":true,"href":"https:\/\/www.anovapeneira.gal\/index.php\/wp-json\/wp\/v2\/comments?post=1839"}],"version-history":[{"count":1,"href":"https:\/\/www.anovapeneira.gal\/index.php\/wp-json\/wp\/v2\/posts\/1839\/revisions"}],"predecessor-version":[{"id":1841,"href":"https:\/\/www.anovapeneira.gal\/index.php\/wp-json\/wp\/v2\/posts\/1839\/revisions\/1841"}],"wp:featuredmedia":[{"embeddable":true,"href":"https:\/\/www.anovapeneira.gal\/index.php\/wp-json\/wp\/v2\/media\/1840"}],"wp:attachment":[{"href":"https:\/\/www.anovapeneira.gal\/index.php\/wp-json\/wp\/v2\/media?parent=1839"}],"wp:term":[{"taxonomy":"category","embeddable":true,"href":"https:\/\/www.anovapeneira.gal\/index.php\/wp-json\/wp\/v2\/categories?post=1839"},{"taxonomy":"post_tag","embeddable":true,"href":"https:\/\/www.anovapeneira.gal\/index.php\/wp-json\/wp\/v2\/tags?post=1839"}],"curies":[{"name":"wp","href":"https:\/\/api.w.org\/{rel}","templated":true}]}}