{"id":1845,"date":"2019-11-26T14:00:11","date_gmt":"2019-11-26T13:00:11","guid":{"rendered":"http:\/\/www.anovapeneira.gal\/?p=1845"},"modified":"2019-11-24T09:32:52","modified_gmt":"2019-11-24T08:32:52","slug":"coplas-de-outono","status":"publish","type":"post","link":"https:\/\/www.anovapeneira.gal\/index.php\/2019\/11\/26\/coplas-de-outono\/","title":{"rendered":"COPLAS\u00a0DE OUTONO"},"content":{"rendered":"\n<figure class=\"wp-block-image size-large is-resized\"><img loading=\"lazy\" decoding=\"async\" src=\"http:\/\/www.anovapeneira.gal\/wp-content\/uploads\/2019\/07\/xoan_alonso_a_nova_peneira_r.jpg\" alt=\"Xo\u00e1n Alonso. Correspondente de A Nova Peneira en Euskadi\" class=\"wp-image-763\" width=\"95\" height=\"111\"\/><figcaption>Xo\u00e1n Alonso. Correspondente de A Nova Peneira en Euskadi<\/figcaption><\/figure>\n\n\n\n<div class=\"wp-block-columns is-layout-flex wp-container-core-columns-is-layout-9d6595d7 wp-block-columns-is-layout-flex\">\n<div class=\"wp-block-column is-layout-flow wp-block-column-is-layout-flow\">\nAntes\nde que chegue a noite,<br>\n\n\n\na\ntempada escura e fr\u00eda,<br>\n\n\n\nbotar\u00e9moslle\nunhas coplas<br>\n\n\n\n<p>antes\nde que morra o d\u00eda.<\/p>\n\n\n\nOs\nr\u00edos baixan cantando<br>\n\n\n\neu\ntam\u00e9n hei de cantar,<br>\n\n\n\ncoma\na moa no mui\u00f1o<br>\n\n\n\n<p>que\nnon deixa de xirar.<\/p>\n\n\n\nSemella\na fin do mundo<br>\n\n\n\nfagan\no seu testamento,<br>\n\n\n\nque\nimos morrer afogados<br>\n\n\n\n<p>cas\nchoivas que est\u00e1n caendo.<\/p>\n\n\n\nContan\nos vellos e vellas<br>\n\n\n\nque\nnon viran nas s\u00faas vidas<br>\n\n\n\ntanta\nauga caer do veo<br>\n\n\n\n<p>sobre\nouteiros e avenidas.<\/p>\n\n\n\nBate\na choiva no Chan<br>\n\n\n\ncoma\nquen bate un pandeiro,<br>\n\n\n\nfronte\na fronte os bailadores<br>\n\n\n\n<p>a\nver quen baila primeiro.<\/p>\n\n\n\nBate\na choiva nos tellados,<br>\n\n\n\nbate\nna terra e no mar,<br>\n\n\n\nbate\nsobre a mi\u00f1a testa<br>\n\n\n\n<p>coido\nque vou tolear.<\/p>\n\n\n\nSobre\nestradas e cami\u00f1os,<br>\n\n\n\nsobre\nas \u00e1rbores espidas,<br>\n\n\n\nsobre\nos coraz\u00f3ns de ferro<br>\n\n\n\n<p>tam\u00e8n\nnas mi\u00f1as feridas<\/p>\n\n\n\nContan\nna televisi\u00f3n<br>\n\n\n\nque\nisto vai ser un inferno,<br>\n\n\n\noutono\ncheo de auga<br>\n\n\n\n<p>e\nxeadas no inverno.<\/p>\n\n\n\nBule\na choiva en coiros<br>\n\n\n\npolas\nr\u00faas empedradas,<br>\n\n\n\nque\nfermosa a mi\u00f1a horta<br>\n\n\n\n<p>e\nas flores que est\u00e1n molladas.<\/p>\n\n\n\nXa\nentramos no outono<br>\n\n\n\natr\u00e1s\nquedou o ver\u00e1n,<br>\n\n\n\ndo\nceo chega a choiva<br>\n\n\n\n<p>que\nven&nbsp; a bater no chan.<\/p>\n\n\n\nT\u00e9moslle\nque dar as grazas<br>\n\n\n\n\u00e1s\ndeusas da natureza<br>\n\n\n\npor\nadobiar os campos<br>\n\n\n\n<p>con\nfartura e beleza.<\/p>\n\n\n\nTe\u00f1o\nmarmelo e noces,<br>\n\n\n\nlandras\ntam\u00e9n abel\u00e1s<br>\n\n\n\ne\nd\u00faas maceiras cheas<br>\n\n\n\n<p>de\nsuculetas maz\u00e1s.<\/p>\n\n\n\nUnha\nPereira con peras<br>\n\n\n\nm\u00e1is\ngrandes ca mi\u00f1a man,<br>\n\n\n\nque\nnon maduran na p\u00f3la<br>\n\n\n\n<p>pero\nmaduran no chan.<\/p>\n\n\n\nHai que recoller os froitos,<br>\n\n\n\nson\ntempos de traballar,<br>\n\n\n\nacudide\nmeus amigos<br>\n\n\n\n<p>que\nte\u00f1o que vendimar.<\/p>\n<\/div>\n\n\n\n<div class=\"wp-block-column is-layout-flow wp-block-column-is-layout-flow\">\nAfiade\nas navallas,<br>\n\n\n\ntesoiras\ntam\u00e9n coitelos,<br>\n\n\n\na\nquen me bote unha man<br>\n\n\n\n<p>convidareino\na cachelos.<\/p>\n\n\n\nHaiche\ndous tipos de xente,<br>\n\n\n\ncando\nhai que traballar<br>\n\n\n\nuns\nve\u00f1en asubiando<br>\n\n\n\n<p>outros\nsempre a rosmar.<\/p>\n\n\n\nXa\nentramos no outono<br>\n\n\n\ncon\nchoivas e treboadas,<br>\n\n\n\nxa\nest\u00e1n os cami\u00f1os cheos<br>\n\n\n\n<p>de\nourizos e casta\u00f1as.<\/p>\n\n\n\nSe\nqueredes un magosto<br>\n\n\n\neu\nvos podo axudar,<br>\n\n\n\nco\u00f1ezo\nun casti\u00f1eiro<br>\n\n\n\n<p>no\nmonte do Carrascal.<\/p>\n\n\n\nIde\npicando as casta\u00f1as<br>\n\n\n\ncun\ncoitelo afiado,<br>\n\n\n\nas\ncativas e cativos<br>\n\n\n\n<p>andar\ncon moito coidado.<\/p>\n\n\n\nO\nmeu veci\u00f1o Ram\u00f3n<br>\n\n\n\nten\ncabazas na s\u00faa horta,<br>\n\n\n\ncando\nchegue o Sama\u00edn<br>\n\n\n\n<p>vai\npo\u00f1elas na s\u00faa porta.<\/p>\n\n\n\nPara\nensinarlle \u00f3s mortos<br>\n\n\n\nque\ndeixaron este mundo,<br>\n\n\n\no\ncami\u00f1o de regreso<br>\n\n\n\n<p>nesa\nnoite, un segundo.<\/p>\n\n\n\nSe  vedes na mi\u00f1a porta<br>\n\n\n\nunha cabeza encendida,<br>\n\n\n\nentrar\nalmas doutro mundo<br>\n\n\n\n<p>que\na cea est\u00e1 servida.<\/p>\n\n\n\nVinde\nfadas onda min,<br>\n\n\n\nvinde\nbicarme no peito<br>\n\n\n\nse\ncompa\u00f1a me facedes<br>\n\n\n\n<p>eivos\nde querer con xeito.<\/p>\n\n\n\nVou\ncantar a derradeira<br>\n\n\n\npor\nmoita pena que te\u00f1a<br>\n\n\n\npero\npor cantar tan alto,<br>\n\n\n\n<p>te\u00f1o\na garganta seca.<\/p>\n\n\n\nEstas\nvan para o Est\u00e9vez<br>\n\n\n\ne a\nxente que o acompa\u00f1a,<br>\n\n\n\npara\no brindador Ribeira<br>\n\n\n\n<p>unha\naperta dende a entra\u00f1a.<\/p>\n\n\n\nPolo\ntraballo que fan<br>\n\n\n\npolo\nbrindo e a regueifa,<br>\n\n\n\npor\nmanter viva a cultura,<br>\n\n\n\n<p>o\neixo da nosa Terra.<\/p>\n\n\n\nEu\n\u00e1brolle a mi\u00f1a casa,<br>\n\n\n\nas\nportas, tam\u00e8n a fiestra<br>\n\n\n\ndende\naqu\u00ed no Pa\u00eds Vasco<br>\n\n\n\n<p>mand\u00e1moslle\nunha aperta.<\/p>\n\n\n\nEscollan\nd\u00eda e hora,<br>\n\n\n\ndeixo\ntodo na s\u00faa man,<br>\n\n\n\nvaian\nfacendo a maleta<br>\n\n\n\n<p>pra\nvir por San Sebasti\u00e1n.<\/p>\n<\/div>\n<\/div>\n","protected":false},"excerpt":{"rendered":"<div class=\"mh-excerpt\"><p>Antes de que chegue a noite, a tempada escura e fr\u00eda, botar\u00e9moslle unhas coplas antes de que morra o d\u00eda. Os r\u00edos baixan cantando eu tam\u00e9n hei de cantar, coma a moa no mui\u00f1o que <a class=\"mh-excerpt-more\" href=\"https:\/\/www.anovapeneira.gal\/index.php\/2019\/11\/26\/coplas-de-outono\/\" title=\"COPLAS\u00a0DE OUTONO\">[&#8230;]<\/a><\/p>\n<\/div>","protected":false},"author":14,"featured_media":584,"comment_status":"open","ping_status":"open","sticky":false,"template":"","format":"standard","meta":{"_exactmetrics_skip_tracking":false,"_exactmetrics_sitenote_active":false,"_exactmetrics_sitenote_note":"","_exactmetrics_sitenote_category":0,"footnotes":""},"categories":[7],"tags":[],"class_list":{"0":"post-1845","1":"post","2":"type-post","3":"status-publish","4":"format-standard","5":"has-post-thumbnail","7":"category-artigos-de-opinion"},"yoast_head":"<!-- This site is optimized with the Yoast SEO plugin v27.5 - https:\/\/yoast.com\/product\/yoast-seo-wordpress\/ -->\n<title>COPLAS\u00a0DE OUTONO -<\/title>\n<meta name=\"robots\" content=\"index, follow, max-snippet:-1, max-image-preview:large, max-video-preview:-1\" \/>\n<link rel=\"canonical\" href=\"https:\/\/www.anovapeneira.gal\/index.php\/2019\/11\/26\/coplas-de-outono\/\" \/>\n<meta property=\"og:locale\" content=\"gl_ES\" \/>\n<meta property=\"og:type\" content=\"article\" \/>\n<meta property=\"og:title\" content=\"COPLAS\u00a0DE OUTONO -\" \/>\n<meta property=\"og:description\" content=\"Antes de que chegue a noite, a tempada escura e fr\u00eda, botar\u00e9moslle unhas coplas antes de que morra o d\u00eda. Os r\u00edos baixan cantando eu tam\u00e9n hei de cantar, coma a moa no mui\u00f1o que [...]\" \/>\n<meta property=\"og:url\" content=\"https:\/\/www.anovapeneira.gal\/index.php\/2019\/11\/26\/coplas-de-outono\/\" \/>\n<meta property=\"article:publisher\" content=\"https:\/\/www.facebook.com\/anovapeneira\" \/>\n<meta property=\"article:published_time\" content=\"2019-11-26T13:00:11+00:00\" \/>\n<meta property=\"og:image\" content=\"https:\/\/www.anovapeneira.gal\/wp-content\/uploads\/2019\/07\/ARTIGO_DE_OPINION_A_NOVA_PENEIRA.jpg\" \/>\n\t<meta property=\"og:image:width\" content=\"720\" \/>\n\t<meta property=\"og:image:height\" content=\"473\" \/>\n\t<meta property=\"og:image:type\" content=\"image\/jpeg\" \/>\n<meta name=\"author\" content=\"Xo\u00e1n Alonso\" \/>\n<meta name=\"twitter:card\" content=\"summary_large_image\" \/>\n<meta name=\"twitter:creator\" content=\"@APeneira\" \/>\n<meta name=\"twitter:site\" content=\"@APeneira\" \/>\n<meta name=\"twitter:label1\" content=\"Escrito por\" \/>\n\t<meta name=\"twitter:data1\" content=\"Xo\u00e1n Alonso\" \/>\n\t<meta name=\"twitter:label2\" content=\"Tempo de lectura\" \/>\n\t<meta name=\"twitter:data2\" content=\"3 minutos\" \/>\n<script type=\"application\/ld+json\" class=\"yoast-schema-graph\">{\"@context\":\"https:\\\/\\\/schema.org\",\"@graph\":[{\"@type\":\"Article\",\"@id\":\"https:\\\/\\\/www.anovapeneira.gal\\\/index.php\\\/2019\\\/11\\\/26\\\/coplas-de-outono\\\/#article\",\"isPartOf\":{\"@id\":\"https:\\\/\\\/www.anovapeneira.gal\\\/index.php\\\/2019\\\/11\\\/26\\\/coplas-de-outono\\\/\"},\"author\":{\"name\":\"Xo\u00e1n Alonso\",\"@id\":\"https:\\\/\\\/www.anovapeneira.gal\\\/#\\\/schema\\\/person\\\/3c0f6176a11937f0382c23cfcecc8810\"},\"headline\":\"COPLAS\u00a0DE OUTONO\",\"datePublished\":\"2019-11-26T13:00:11+00:00\",\"mainEntityOfPage\":{\"@id\":\"https:\\\/\\\/www.anovapeneira.gal\\\/index.php\\\/2019\\\/11\\\/26\\\/coplas-de-outono\\\/\"},\"wordCount\":565,\"commentCount\":0,\"publisher\":{\"@id\":\"https:\\\/\\\/www.anovapeneira.gal\\\/#organization\"},\"image\":{\"@id\":\"https:\\\/\\\/www.anovapeneira.gal\\\/index.php\\\/2019\\\/11\\\/26\\\/coplas-de-outono\\\/#primaryimage\"},\"thumbnailUrl\":\"https:\\\/\\\/www.anovapeneira.gal\\\/wp-content\\\/uploads\\\/2019\\\/07\\\/ARTIGO_DE_OPINION_A_NOVA_PENEIRA.jpg\",\"articleSection\":[\"Artigos de opini\u00f3n\"],\"inLanguage\":\"gl-ES\",\"potentialAction\":[{\"@type\":\"CommentAction\",\"name\":\"Comment\",\"target\":[\"https:\\\/\\\/www.anovapeneira.gal\\\/index.php\\\/2019\\\/11\\\/26\\\/coplas-de-outono\\\/#respond\"]}]},{\"@type\":\"WebPage\",\"@id\":\"https:\\\/\\\/www.anovapeneira.gal\\\/index.php\\\/2019\\\/11\\\/26\\\/coplas-de-outono\\\/\",\"url\":\"https:\\\/\\\/www.anovapeneira.gal\\\/index.php\\\/2019\\\/11\\\/26\\\/coplas-de-outono\\\/\",\"name\":\"COPLAS\u00a0DE OUTONO -\",\"isPartOf\":{\"@id\":\"https:\\\/\\\/www.anovapeneira.gal\\\/#website\"},\"primaryImageOfPage\":{\"@id\":\"https:\\\/\\\/www.anovapeneira.gal\\\/index.php\\\/2019\\\/11\\\/26\\\/coplas-de-outono\\\/#primaryimage\"},\"image\":{\"@id\":\"https:\\\/\\\/www.anovapeneira.gal\\\/index.php\\\/2019\\\/11\\\/26\\\/coplas-de-outono\\\/#primaryimage\"},\"thumbnailUrl\":\"https:\\\/\\\/www.anovapeneira.gal\\\/wp-content\\\/uploads\\\/2019\\\/07\\\/ARTIGO_DE_OPINION_A_NOVA_PENEIRA.jpg\",\"datePublished\":\"2019-11-26T13:00:11+00:00\",\"breadcrumb\":{\"@id\":\"https:\\\/\\\/www.anovapeneira.gal\\\/index.php\\\/2019\\\/11\\\/26\\\/coplas-de-outono\\\/#breadcrumb\"},\"inLanguage\":\"gl-ES\",\"potentialAction\":[{\"@type\":\"ReadAction\",\"target\":[\"https:\\\/\\\/www.anovapeneira.gal\\\/index.php\\\/2019\\\/11\\\/26\\\/coplas-de-outono\\\/\"]}]},{\"@type\":\"ImageObject\",\"inLanguage\":\"gl-ES\",\"@id\":\"https:\\\/\\\/www.anovapeneira.gal\\\/index.php\\\/2019\\\/11\\\/26\\\/coplas-de-outono\\\/#primaryimage\",\"url\":\"https:\\\/\\\/www.anovapeneira.gal\\\/wp-content\\\/uploads\\\/2019\\\/07\\\/ARTIGO_DE_OPINION_A_NOVA_PENEIRA.jpg\",\"contentUrl\":\"https:\\\/\\\/www.anovapeneira.gal\\\/wp-content\\\/uploads\\\/2019\\\/07\\\/ARTIGO_DE_OPINION_A_NOVA_PENEIRA.jpg\",\"width\":720,\"height\":473,\"caption\":\"Artigo de opini\u00f3n A Nova Peneira\"},{\"@type\":\"BreadcrumbList\",\"@id\":\"https:\\\/\\\/www.anovapeneira.gal\\\/index.php\\\/2019\\\/11\\\/26\\\/coplas-de-outono\\\/#breadcrumb\",\"itemListElement\":[{\"@type\":\"ListItem\",\"position\":1,\"name\":\"Portada\",\"item\":\"https:\\\/\\\/www.anovapeneira.gal\\\/\"},{\"@type\":\"ListItem\",\"position\":2,\"name\":\"COPLAS\u00a0DE OUTONO\"}]},{\"@type\":\"WebSite\",\"@id\":\"https:\\\/\\\/www.anovapeneira.gal\\\/#website\",\"url\":\"https:\\\/\\\/www.anovapeneira.gal\\\/\",\"name\":\"\",\"description\":\"Xornal galego de informaci\u00f3n xeral Publicaci\u00f3n mensual de novas de Galicia e en especial dos Concellos da sur da provincia de Pontevedra.\",\"publisher\":{\"@id\":\"https:\\\/\\\/www.anovapeneira.gal\\\/#organization\"},\"potentialAction\":[{\"@type\":\"SearchAction\",\"target\":{\"@type\":\"EntryPoint\",\"urlTemplate\":\"https:\\\/\\\/www.anovapeneira.gal\\\/?s={search_term_string}\"},\"query-input\":{\"@type\":\"PropertyValueSpecification\",\"valueRequired\":true,\"valueName\":\"search_term_string\"}}],\"inLanguage\":\"gl-ES\"},{\"@type\":\"Organization\",\"@id\":\"https:\\\/\\\/www.anovapeneira.gal\\\/#organization\",\"name\":\"A Nova Peneira\",\"url\":\"https:\\\/\\\/www.anovapeneira.gal\\\/\",\"logo\":{\"@type\":\"ImageObject\",\"inLanguage\":\"gl-ES\",\"@id\":\"https:\\\/\\\/www.anovapeneira.gal\\\/#\\\/schema\\\/logo\\\/image\\\/\",\"url\":\"http:\\\/\\\/www.anovapeneira.gal\\\/wp-content\\\/uploads\\\/2019\\\/06\\\/logo_a_nova_peneira_portal_web.png\",\"contentUrl\":\"http:\\\/\\\/www.anovapeneira.gal\\\/wp-content\\\/uploads\\\/2019\\\/06\\\/logo_a_nova_peneira_portal_web.png\",\"width\":300,\"height\":100,\"caption\":\"A Nova Peneira\"},\"image\":{\"@id\":\"https:\\\/\\\/www.anovapeneira.gal\\\/#\\\/schema\\\/logo\\\/image\\\/\"},\"sameAs\":[\"https:\\\/\\\/www.facebook.com\\\/anovapeneira\",\"https:\\\/\\\/x.com\\\/APeneira\"]},{\"@type\":\"Person\",\"@id\":\"https:\\\/\\\/www.anovapeneira.gal\\\/#\\\/schema\\\/person\\\/3c0f6176a11937f0382c23cfcecc8810\",\"name\":\"Xo\u00e1n Alonso\",\"image\":{\"@type\":\"ImageObject\",\"inLanguage\":\"gl-ES\",\"@id\":\"https:\\\/\\\/secure.gravatar.com\\\/avatar\\\/2363e2851e208cf25381166cf12eec1cad20b87f47b38097822f83644f99412d?s=96&d=mm&r=g\",\"url\":\"https:\\\/\\\/secure.gravatar.com\\\/avatar\\\/2363e2851e208cf25381166cf12eec1cad20b87f47b38097822f83644f99412d?s=96&d=mm&r=g\",\"contentUrl\":\"https:\\\/\\\/secure.gravatar.com\\\/avatar\\\/2363e2851e208cf25381166cf12eec1cad20b87f47b38097822f83644f99412d?s=96&d=mm&r=g\",\"caption\":\"Xo\u00e1n Alonso\"},\"sameAs\":[\"http:\\\/\\\/anovapeneira.gal\"],\"url\":\"https:\\\/\\\/www.anovapeneira.gal\\\/index.php\\\/author\\\/opinionxoan-alonso\\\/\"}]}<\/script>\n<!-- \/ Yoast SEO plugin. -->","yoast_head_json":{"title":"COPLAS\u00a0DE OUTONO -","robots":{"index":"index","follow":"follow","max-snippet":"max-snippet:-1","max-image-preview":"max-image-preview:large","max-video-preview":"max-video-preview:-1"},"canonical":"https:\/\/www.anovapeneira.gal\/index.php\/2019\/11\/26\/coplas-de-outono\/","og_locale":"gl_ES","og_type":"article","og_title":"COPLAS\u00a0DE OUTONO -","og_description":"Antes de que chegue a noite, a tempada escura e fr\u00eda, botar\u00e9moslle unhas coplas antes de que morra o d\u00eda. Os r\u00edos baixan cantando eu tam\u00e9n hei de cantar, coma a moa no mui\u00f1o que [...]","og_url":"https:\/\/www.anovapeneira.gal\/index.php\/2019\/11\/26\/coplas-de-outono\/","article_publisher":"https:\/\/www.facebook.com\/anovapeneira","article_published_time":"2019-11-26T13:00:11+00:00","og_image":[{"width":720,"height":473,"url":"https:\/\/www.anovapeneira.gal\/wp-content\/uploads\/2019\/07\/ARTIGO_DE_OPINION_A_NOVA_PENEIRA.jpg","type":"image\/jpeg"}],"author":"Xo\u00e1n Alonso","twitter_card":"summary_large_image","twitter_creator":"@APeneira","twitter_site":"@APeneira","twitter_misc":{"Escrito por":"Xo\u00e1n Alonso","Tempo de lectura":"3 minutos"},"schema":{"@context":"https:\/\/schema.org","@graph":[{"@type":"Article","@id":"https:\/\/www.anovapeneira.gal\/index.php\/2019\/11\/26\/coplas-de-outono\/#article","isPartOf":{"@id":"https:\/\/www.anovapeneira.gal\/index.php\/2019\/11\/26\/coplas-de-outono\/"},"author":{"name":"Xo\u00e1n Alonso","@id":"https:\/\/www.anovapeneira.gal\/#\/schema\/person\/3c0f6176a11937f0382c23cfcecc8810"},"headline":"COPLAS\u00a0DE OUTONO","datePublished":"2019-11-26T13:00:11+00:00","mainEntityOfPage":{"@id":"https:\/\/www.anovapeneira.gal\/index.php\/2019\/11\/26\/coplas-de-outono\/"},"wordCount":565,"commentCount":0,"publisher":{"@id":"https:\/\/www.anovapeneira.gal\/#organization"},"image":{"@id":"https:\/\/www.anovapeneira.gal\/index.php\/2019\/11\/26\/coplas-de-outono\/#primaryimage"},"thumbnailUrl":"https:\/\/www.anovapeneira.gal\/wp-content\/uploads\/2019\/07\/ARTIGO_DE_OPINION_A_NOVA_PENEIRA.jpg","articleSection":["Artigos de opini\u00f3n"],"inLanguage":"gl-ES","potentialAction":[{"@type":"CommentAction","name":"Comment","target":["https:\/\/www.anovapeneira.gal\/index.php\/2019\/11\/26\/coplas-de-outono\/#respond"]}]},{"@type":"WebPage","@id":"https:\/\/www.anovapeneira.gal\/index.php\/2019\/11\/26\/coplas-de-outono\/","url":"https:\/\/www.anovapeneira.gal\/index.php\/2019\/11\/26\/coplas-de-outono\/","name":"COPLAS\u00a0DE OUTONO -","isPartOf":{"@id":"https:\/\/www.anovapeneira.gal\/#website"},"primaryImageOfPage":{"@id":"https:\/\/www.anovapeneira.gal\/index.php\/2019\/11\/26\/coplas-de-outono\/#primaryimage"},"image":{"@id":"https:\/\/www.anovapeneira.gal\/index.php\/2019\/11\/26\/coplas-de-outono\/#primaryimage"},"thumbnailUrl":"https:\/\/www.anovapeneira.gal\/wp-content\/uploads\/2019\/07\/ARTIGO_DE_OPINION_A_NOVA_PENEIRA.jpg","datePublished":"2019-11-26T13:00:11+00:00","breadcrumb":{"@id":"https:\/\/www.anovapeneira.gal\/index.php\/2019\/11\/26\/coplas-de-outono\/#breadcrumb"},"inLanguage":"gl-ES","potentialAction":[{"@type":"ReadAction","target":["https:\/\/www.anovapeneira.gal\/index.php\/2019\/11\/26\/coplas-de-outono\/"]}]},{"@type":"ImageObject","inLanguage":"gl-ES","@id":"https:\/\/www.anovapeneira.gal\/index.php\/2019\/11\/26\/coplas-de-outono\/#primaryimage","url":"https:\/\/www.anovapeneira.gal\/wp-content\/uploads\/2019\/07\/ARTIGO_DE_OPINION_A_NOVA_PENEIRA.jpg","contentUrl":"https:\/\/www.anovapeneira.gal\/wp-content\/uploads\/2019\/07\/ARTIGO_DE_OPINION_A_NOVA_PENEIRA.jpg","width":720,"height":473,"caption":"Artigo de opini\u00f3n A Nova Peneira"},{"@type":"BreadcrumbList","@id":"https:\/\/www.anovapeneira.gal\/index.php\/2019\/11\/26\/coplas-de-outono\/#breadcrumb","itemListElement":[{"@type":"ListItem","position":1,"name":"Portada","item":"https:\/\/www.anovapeneira.gal\/"},{"@type":"ListItem","position":2,"name":"COPLAS\u00a0DE OUTONO"}]},{"@type":"WebSite","@id":"https:\/\/www.anovapeneira.gal\/#website","url":"https:\/\/www.anovapeneira.gal\/","name":"","description":"Xornal galego de informaci\u00f3n xeral Publicaci\u00f3n mensual de novas de Galicia e en especial dos Concellos da sur da provincia de Pontevedra.","publisher":{"@id":"https:\/\/www.anovapeneira.gal\/#organization"},"potentialAction":[{"@type":"SearchAction","target":{"@type":"EntryPoint","urlTemplate":"https:\/\/www.anovapeneira.gal\/?s={search_term_string}"},"query-input":{"@type":"PropertyValueSpecification","valueRequired":true,"valueName":"search_term_string"}}],"inLanguage":"gl-ES"},{"@type":"Organization","@id":"https:\/\/www.anovapeneira.gal\/#organization","name":"A Nova Peneira","url":"https:\/\/www.anovapeneira.gal\/","logo":{"@type":"ImageObject","inLanguage":"gl-ES","@id":"https:\/\/www.anovapeneira.gal\/#\/schema\/logo\/image\/","url":"http:\/\/www.anovapeneira.gal\/wp-content\/uploads\/2019\/06\/logo_a_nova_peneira_portal_web.png","contentUrl":"http:\/\/www.anovapeneira.gal\/wp-content\/uploads\/2019\/06\/logo_a_nova_peneira_portal_web.png","width":300,"height":100,"caption":"A Nova Peneira"},"image":{"@id":"https:\/\/www.anovapeneira.gal\/#\/schema\/logo\/image\/"},"sameAs":["https:\/\/www.facebook.com\/anovapeneira","https:\/\/x.com\/APeneira"]},{"@type":"Person","@id":"https:\/\/www.anovapeneira.gal\/#\/schema\/person\/3c0f6176a11937f0382c23cfcecc8810","name":"Xo\u00e1n Alonso","image":{"@type":"ImageObject","inLanguage":"gl-ES","@id":"https:\/\/secure.gravatar.com\/avatar\/2363e2851e208cf25381166cf12eec1cad20b87f47b38097822f83644f99412d?s=96&d=mm&r=g","url":"https:\/\/secure.gravatar.com\/avatar\/2363e2851e208cf25381166cf12eec1cad20b87f47b38097822f83644f99412d?s=96&d=mm&r=g","contentUrl":"https:\/\/secure.gravatar.com\/avatar\/2363e2851e208cf25381166cf12eec1cad20b87f47b38097822f83644f99412d?s=96&d=mm&r=g","caption":"Xo\u00e1n Alonso"},"sameAs":["http:\/\/anovapeneira.gal"],"url":"https:\/\/www.anovapeneira.gal\/index.php\/author\/opinionxoan-alonso\/"}]}},"jetpack_featured_media_url":"https:\/\/www.anovapeneira.gal\/wp-content\/uploads\/2019\/07\/ARTIGO_DE_OPINION_A_NOVA_PENEIRA.jpg","_links":{"self":[{"href":"https:\/\/www.anovapeneira.gal\/index.php\/wp-json\/wp\/v2\/posts\/1845","targetHints":{"allow":["GET"]}}],"collection":[{"href":"https:\/\/www.anovapeneira.gal\/index.php\/wp-json\/wp\/v2\/posts"}],"about":[{"href":"https:\/\/www.anovapeneira.gal\/index.php\/wp-json\/wp\/v2\/types\/post"}],"author":[{"embeddable":true,"href":"https:\/\/www.anovapeneira.gal\/index.php\/wp-json\/wp\/v2\/users\/14"}],"replies":[{"embeddable":true,"href":"https:\/\/www.anovapeneira.gal\/index.php\/wp-json\/wp\/v2\/comments?post=1845"}],"version-history":[{"count":21,"href":"https:\/\/www.anovapeneira.gal\/index.php\/wp-json\/wp\/v2\/posts\/1845\/revisions"}],"predecessor-version":[{"id":1867,"href":"https:\/\/www.anovapeneira.gal\/index.php\/wp-json\/wp\/v2\/posts\/1845\/revisions\/1867"}],"wp:featuredmedia":[{"embeddable":true,"href":"https:\/\/www.anovapeneira.gal\/index.php\/wp-json\/wp\/v2\/media\/584"}],"wp:attachment":[{"href":"https:\/\/www.anovapeneira.gal\/index.php\/wp-json\/wp\/v2\/media?parent=1845"}],"wp:term":[{"taxonomy":"category","embeddable":true,"href":"https:\/\/www.anovapeneira.gal\/index.php\/wp-json\/wp\/v2\/categories?post=1845"},{"taxonomy":"post_tag","embeddable":true,"href":"https:\/\/www.anovapeneira.gal\/index.php\/wp-json\/wp\/v2\/tags?post=1845"}],"curies":[{"name":"wp","href":"https:\/\/api.w.org\/{rel}","templated":true}]}}