{"id":1872,"date":"2019-11-27T12:00:40","date_gmt":"2019-11-27T11:00:40","guid":{"rendered":"http:\/\/www.anovapeneira.gal\/?p=1872"},"modified":"2019-11-24T09:49:02","modified_gmt":"2019-11-24T08:49:02","slug":"15-persoas-beneficianse-do-programa-cultiva-a-mente","status":"publish","type":"post","link":"https:\/\/www.anovapeneira.gal\/index.php\/2019\/11\/27\/15-persoas-beneficianse-do-programa-cultiva-a-mente\/","title":{"rendered":"15 persoas benef\u00edcianse do programa \u201cCultiva a mente\u201d"},"content":{"rendered":"\n<p><strong>Salceda de Caselas, 21 de novembro de 2019<\/strong><\/p>\n\n\n\n<p>O Concello de Salceda de\nCaselas, en colaboraci\u00f3n con AFAGA e coa financiaci\u00f3n da obra\nsocial de Caixabank est\u00e1 a desenvolver unha nova edici\u00f3n do\nprograma \u201cCultiva a mente\u201d,  un proxecto que engloba a prevenci\u00f3n\nda demencia e a promoci\u00f3n de h\u00e1bitos saudables a nivel cognitivo e\nemocional. As persoas participantes fano dun xeito activo,\ninmersos\/as nun programa formativo que explora as preocupaci\u00f3ns e\nnecesidades de cada unha, proporcionando unha resposta que sexa\nextrapolable \u00f3 seu d\u00eda a d\u00eda e proporcione h\u00e1bitos saudables no\nplano cognitivo e no afectivo. \n<\/p>\n\n\n\n<p>Os\/as\nasistentes ao programa realizan actividades de memorizaci\u00f3n, as\u00ed\ncomo tarefas nas que se estimule a l\u00f3xica, a planificaci\u00f3n, a\norganizaci\u00f3n e a toma de decisi\u00f3n, tanto individual como grupal.\nReal\u00edzanse tam\u00e9n exercicios para mellorar a orientaci\u00f3n temporal,\nespacial e persoal, ensin\u00e1ndolles \u00e1s persoas maiores a empregar\naxudas externas para orientarse.<\/p>\n\n\n\n<p>Esta\nma\u00f1\u00e1 a Alcaldesa Loli Casti\u00f1eira xunto coa tenente alcaldesa\nVer\u00f3nica Tour\u00f3n, a Concelleira de Benestar Social Gela Ledo, o\ndirector da oficina de Caixabank en Salceda de Caselas e o presidente\nde AFAGA, visitaron a actividade para saudar \u00e1s persoas\nparticipantes e agradecerlles a s\u00faa participaci\u00f3n no programa. As\npersoas asistentes traslad\u00e1ronlles unha valoraci\u00f3n moi positiva da\nactividade, e aproveitaron para demandar que se realice durante m\u00e1is\ntempo, por ser unha actividade considerada de moito proveito para\ntodas elas.<\/p>\n\n\n\n<p>O\nprograma vai dirixido \u00e1s persoas maiores de 55 anos sen deterioro\ncognitivo, interesadas na prevenci\u00f3n deste deterioro e no\nco\u00f1ecemento do envellecemento activo. Real\u00edzase os xoves no centro\nSocial da Devesa a cargo de AFAGA (Asociaci\u00f3n de Familiares de\nEnfermos de Alzheimer e outras demencias de Galicia), grazas \u00e1\nfinanciaci\u00f3n da entidade Caixabank. \n<\/p>\n\n\n\n<p>Gela\nLedo, Concelleira de Benestar Social: \u201cDende o departamento de\nbenestar social a prioridade \u00e9 a de traballar para que iniciativas\ncoma estas para as nosas persoas maiores as\u00ed como outras para a\ninfancia se poidan levar a cabo ao longo dos vindeiros anos\u201d<\/p>\n\n\n\n<p>Loli\nCasti\u00f1eira, alcaldesa de Salceda \u201cOs\/as nosos\/as maiores cada vez\nest\u00e1n m\u00e1is concienciados\/as e demandan un envellecemento saudable\nacorde co seu estilo de vida, e o Concello de Salceda aporta as\u00ed o\nseu granci\u00f1o para que isto sexa posible. Seguiremos a po\u00f1er en\nmarcha acci\u00f3ns deste estilo que sempre te\u00f1en unha grande acollida\npor parte da terceira idade, buscando para elo a colaboraci\u00f3n das\ndiferentes entidades que nos permitan seguir a manter este tipo de\niniciativas\u201d.  \n<\/p>\n","protected":false},"excerpt":{"rendered":"<div class=\"mh-excerpt\"><p>O Concello de Salceda de Caselas, en colaboraci\u00f3n con AFAGA e coa financiaci\u00f3n da obra social de Caixabank est\u00e1 a desenvolver unha nova edici\u00f3n do programa \u201cCultiva a mente\u201d <a class=\"mh-excerpt-more\" href=\"https:\/\/www.anovapeneira.gal\/index.php\/2019\/11\/27\/15-persoas-beneficianse-do-programa-cultiva-a-mente\/\" title=\"15 persoas benef\u00edcianse do programa \u201cCultiva a mente\u201d\">[&#8230;]<\/a><\/p>\n<\/div>","protected":false},"author":3,"featured_media":1873,"comment_status":"open","ping_status":"open","sticky":false,"template":"","format":"standard","meta":{"_exactmetrics_skip_tracking":false,"_exactmetrics_sitenote_active":false,"_exactmetrics_sitenote_note":"","_exactmetrics_sitenote_category":0,"footnotes":""},"categories":[23],"tags":[665,359,666],"class_list":{"0":"post-1872","1":"post","2":"type-post","3":"status-publish","4":"format-standard","5":"has-post-thumbnail","7":"category-a-lourina","8":"tag-afaga","9":"tag-concello-de-salceda-de-caselas","10":"tag-cultiva-a-mente"},"yoast_head":"<!-- This site is optimized with the Yoast SEO plugin v27.4 - https:\/\/yoast.com\/product\/yoast-seo-wordpress\/ -->\n<title>15 persoas benef\u00edcianse do programa \u201cCultiva a mente\u201d -<\/title>\n<meta name=\"robots\" content=\"index, follow, max-snippet:-1, max-image-preview:large, max-video-preview:-1\" \/>\n<link rel=\"canonical\" href=\"https:\/\/www.anovapeneira.gal\/index.php\/2019\/11\/27\/15-persoas-beneficianse-do-programa-cultiva-a-mente\/\" \/>\n<meta property=\"og:locale\" content=\"gl_ES\" \/>\n<meta property=\"og:type\" content=\"article\" \/>\n<meta property=\"og:title\" content=\"15 persoas benef\u00edcianse do programa \u201cCultiva a mente\u201d -\" \/>\n<meta property=\"og:description\" content=\"O Concello de Salceda de Caselas, en colaboraci\u00f3n con AFAGA e coa financiaci\u00f3n da obra social de Caixabank est\u00e1 a desenvolver unha nova edici\u00f3n do programa \u201cCultiva a mente\u201d [...]\" \/>\n<meta property=\"og:url\" content=\"https:\/\/www.anovapeneira.gal\/index.php\/2019\/11\/27\/15-persoas-beneficianse-do-programa-cultiva-a-mente\/\" \/>\n<meta property=\"article:publisher\" content=\"https:\/\/www.facebook.com\/anovapeneira\" \/>\n<meta property=\"article:published_time\" content=\"2019-11-27T11:00:40+00:00\" \/>\n<meta property=\"og:image\" content=\"https:\/\/www.anovapeneira.gal\/wp-content\/uploads\/2019\/11\/SALCEDA_afaga_a_nova_peneira.jpg\" \/>\n\t<meta property=\"og:image:width\" content=\"720\" \/>\n\t<meta property=\"og:image:height\" content=\"432\" \/>\n\t<meta property=\"og:image:type\" content=\"image\/jpeg\" \/>\n<meta name=\"author\" content=\"Redacci\u00f3n A Nova Peneira\" \/>\n<meta name=\"twitter:card\" content=\"summary_large_image\" \/>\n<meta name=\"twitter:creator\" content=\"@APeneira\" \/>\n<meta name=\"twitter:site\" content=\"@APeneira\" \/>\n<meta name=\"twitter:label1\" content=\"Escrito por\" \/>\n\t<meta name=\"twitter:data1\" content=\"Redacci\u00f3n A Nova Peneira\" \/>\n\t<meta name=\"twitter:label2\" content=\"Tempo de lectura\" \/>\n\t<meta name=\"twitter:data2\" content=\"2 minutos\" \/>\n<script type=\"application\/ld+json\" class=\"yoast-schema-graph\">{\"@context\":\"https:\\\/\\\/schema.org\",\"@graph\":[{\"@type\":\"Article\",\"@id\":\"https:\\\/\\\/www.anovapeneira.gal\\\/index.php\\\/2019\\\/11\\\/27\\\/15-persoas-beneficianse-do-programa-cultiva-a-mente\\\/#article\",\"isPartOf\":{\"@id\":\"https:\\\/\\\/www.anovapeneira.gal\\\/index.php\\\/2019\\\/11\\\/27\\\/15-persoas-beneficianse-do-programa-cultiva-a-mente\\\/\"},\"author\":{\"name\":\"Redacci\u00f3n A Nova Peneira\",\"@id\":\"https:\\\/\\\/www.anovapeneira.gal\\\/#\\\/schema\\\/person\\\/b93e3f8932e3f8da96334607eb6ac6aa\"},\"headline\":\"15 persoas benef\u00edcianse do programa \u201cCultiva a mente\u201d\",\"datePublished\":\"2019-11-27T11:00:40+00:00\",\"mainEntityOfPage\":{\"@id\":\"https:\\\/\\\/www.anovapeneira.gal\\\/index.php\\\/2019\\\/11\\\/27\\\/15-persoas-beneficianse-do-programa-cultiva-a-mente\\\/\"},\"wordCount\":449,\"commentCount\":0,\"publisher\":{\"@id\":\"https:\\\/\\\/www.anovapeneira.gal\\\/#organization\"},\"image\":{\"@id\":\"https:\\\/\\\/www.anovapeneira.gal\\\/index.php\\\/2019\\\/11\\\/27\\\/15-persoas-beneficianse-do-programa-cultiva-a-mente\\\/#primaryimage\"},\"thumbnailUrl\":\"https:\\\/\\\/www.anovapeneira.gal\\\/wp-content\\\/uploads\\\/2019\\\/11\\\/SALCEDA_afaga_a_nova_peneira.jpg\",\"keywords\":[\"Afaga\",\"Concello de Salceda de Caselas\",\"Cultiva a mente\"],\"articleSection\":[\"A Louri\u00f1a\"],\"inLanguage\":\"gl-ES\",\"potentialAction\":[{\"@type\":\"CommentAction\",\"name\":\"Comment\",\"target\":[\"https:\\\/\\\/www.anovapeneira.gal\\\/index.php\\\/2019\\\/11\\\/27\\\/15-persoas-beneficianse-do-programa-cultiva-a-mente\\\/#respond\"]}]},{\"@type\":\"WebPage\",\"@id\":\"https:\\\/\\\/www.anovapeneira.gal\\\/index.php\\\/2019\\\/11\\\/27\\\/15-persoas-beneficianse-do-programa-cultiva-a-mente\\\/\",\"url\":\"https:\\\/\\\/www.anovapeneira.gal\\\/index.php\\\/2019\\\/11\\\/27\\\/15-persoas-beneficianse-do-programa-cultiva-a-mente\\\/\",\"name\":\"15 persoas benef\u00edcianse do programa \u201cCultiva a mente\u201d -\",\"isPartOf\":{\"@id\":\"https:\\\/\\\/www.anovapeneira.gal\\\/#website\"},\"primaryImageOfPage\":{\"@id\":\"https:\\\/\\\/www.anovapeneira.gal\\\/index.php\\\/2019\\\/11\\\/27\\\/15-persoas-beneficianse-do-programa-cultiva-a-mente\\\/#primaryimage\"},\"image\":{\"@id\":\"https:\\\/\\\/www.anovapeneira.gal\\\/index.php\\\/2019\\\/11\\\/27\\\/15-persoas-beneficianse-do-programa-cultiva-a-mente\\\/#primaryimage\"},\"thumbnailUrl\":\"https:\\\/\\\/www.anovapeneira.gal\\\/wp-content\\\/uploads\\\/2019\\\/11\\\/SALCEDA_afaga_a_nova_peneira.jpg\",\"datePublished\":\"2019-11-27T11:00:40+00:00\",\"breadcrumb\":{\"@id\":\"https:\\\/\\\/www.anovapeneira.gal\\\/index.php\\\/2019\\\/11\\\/27\\\/15-persoas-beneficianse-do-programa-cultiva-a-mente\\\/#breadcrumb\"},\"inLanguage\":\"gl-ES\",\"potentialAction\":[{\"@type\":\"ReadAction\",\"target\":[\"https:\\\/\\\/www.anovapeneira.gal\\\/index.php\\\/2019\\\/11\\\/27\\\/15-persoas-beneficianse-do-programa-cultiva-a-mente\\\/\"]}]},{\"@type\":\"ImageObject\",\"inLanguage\":\"gl-ES\",\"@id\":\"https:\\\/\\\/www.anovapeneira.gal\\\/index.php\\\/2019\\\/11\\\/27\\\/15-persoas-beneficianse-do-programa-cultiva-a-mente\\\/#primaryimage\",\"url\":\"https:\\\/\\\/www.anovapeneira.gal\\\/wp-content\\\/uploads\\\/2019\\\/11\\\/SALCEDA_afaga_a_nova_peneira.jpg\",\"contentUrl\":\"https:\\\/\\\/www.anovapeneira.gal\\\/wp-content\\\/uploads\\\/2019\\\/11\\\/SALCEDA_afaga_a_nova_peneira.jpg\",\"width\":720,\"height\":432,\"caption\":\"Salceda A Nova Peneira Afaga\"},{\"@type\":\"BreadcrumbList\",\"@id\":\"https:\\\/\\\/www.anovapeneira.gal\\\/index.php\\\/2019\\\/11\\\/27\\\/15-persoas-beneficianse-do-programa-cultiva-a-mente\\\/#breadcrumb\",\"itemListElement\":[{\"@type\":\"ListItem\",\"position\":1,\"name\":\"Portada\",\"item\":\"https:\\\/\\\/www.anovapeneira.gal\\\/\"},{\"@type\":\"ListItem\",\"position\":2,\"name\":\"15 persoas benef\u00edcianse do programa \u201cCultiva a mente\u201d\"}]},{\"@type\":\"WebSite\",\"@id\":\"https:\\\/\\\/www.anovapeneira.gal\\\/#website\",\"url\":\"https:\\\/\\\/www.anovapeneira.gal\\\/\",\"name\":\"\",\"description\":\"Xornal galego de informaci\u00f3n xeral Publicaci\u00f3n mensual de novas de Galicia e en especial dos Concellos da sur da provincia de Pontevedra.\",\"publisher\":{\"@id\":\"https:\\\/\\\/www.anovapeneira.gal\\\/#organization\"},\"potentialAction\":[{\"@type\":\"SearchAction\",\"target\":{\"@type\":\"EntryPoint\",\"urlTemplate\":\"https:\\\/\\\/www.anovapeneira.gal\\\/?s={search_term_string}\"},\"query-input\":{\"@type\":\"PropertyValueSpecification\",\"valueRequired\":true,\"valueName\":\"search_term_string\"}}],\"inLanguage\":\"gl-ES\"},{\"@type\":\"Organization\",\"@id\":\"https:\\\/\\\/www.anovapeneira.gal\\\/#organization\",\"name\":\"A Nova Peneira\",\"url\":\"https:\\\/\\\/www.anovapeneira.gal\\\/\",\"logo\":{\"@type\":\"ImageObject\",\"inLanguage\":\"gl-ES\",\"@id\":\"https:\\\/\\\/www.anovapeneira.gal\\\/#\\\/schema\\\/logo\\\/image\\\/\",\"url\":\"http:\\\/\\\/www.anovapeneira.gal\\\/wp-content\\\/uploads\\\/2019\\\/06\\\/logo_a_nova_peneira_portal_web.png\",\"contentUrl\":\"http:\\\/\\\/www.anovapeneira.gal\\\/wp-content\\\/uploads\\\/2019\\\/06\\\/logo_a_nova_peneira_portal_web.png\",\"width\":300,\"height\":100,\"caption\":\"A Nova Peneira\"},\"image\":{\"@id\":\"https:\\\/\\\/www.anovapeneira.gal\\\/#\\\/schema\\\/logo\\\/image\\\/\"},\"sameAs\":[\"https:\\\/\\\/www.facebook.com\\\/anovapeneira\",\"https:\\\/\\\/x.com\\\/APeneira\"]},{\"@type\":\"Person\",\"@id\":\"https:\\\/\\\/www.anovapeneira.gal\\\/#\\\/schema\\\/person\\\/b93e3f8932e3f8da96334607eb6ac6aa\",\"name\":\"Redacci\u00f3n A Nova Peneira\",\"image\":{\"@type\":\"ImageObject\",\"inLanguage\":\"gl-ES\",\"@id\":\"https:\\\/\\\/secure.gravatar.com\\\/avatar\\\/c052a2551a06e23fac63626232eaa90abd78dbcf1700fc46a2b2c89fd27b735f?s=96&d=mm&r=g\",\"url\":\"https:\\\/\\\/secure.gravatar.com\\\/avatar\\\/c052a2551a06e23fac63626232eaa90abd78dbcf1700fc46a2b2c89fd27b735f?s=96&d=mm&r=g\",\"contentUrl\":\"https:\\\/\\\/secure.gravatar.com\\\/avatar\\\/c052a2551a06e23fac63626232eaa90abd78dbcf1700fc46a2b2c89fd27b735f?s=96&d=mm&r=g\",\"caption\":\"Redacci\u00f3n A Nova Peneira\"},\"sameAs\":[\"http:\\\/\\\/www.anovapeneira.gal\\\/\"],\"url\":\"https:\\\/\\\/www.anovapeneira.gal\\\/index.php\\\/author\\\/redactor\\\/\"}]}<\/script>\n<!-- \/ Yoast SEO plugin. -->","yoast_head_json":{"title":"15 persoas benef\u00edcianse do programa \u201cCultiva a mente\u201d -","robots":{"index":"index","follow":"follow","max-snippet":"max-snippet:-1","max-image-preview":"max-image-preview:large","max-video-preview":"max-video-preview:-1"},"canonical":"https:\/\/www.anovapeneira.gal\/index.php\/2019\/11\/27\/15-persoas-beneficianse-do-programa-cultiva-a-mente\/","og_locale":"gl_ES","og_type":"article","og_title":"15 persoas benef\u00edcianse do programa \u201cCultiva a mente\u201d -","og_description":"O Concello de Salceda de Caselas, en colaboraci\u00f3n con AFAGA e coa financiaci\u00f3n da obra social de Caixabank est\u00e1 a desenvolver unha nova edici\u00f3n do programa \u201cCultiva a mente\u201d [...]","og_url":"https:\/\/www.anovapeneira.gal\/index.php\/2019\/11\/27\/15-persoas-beneficianse-do-programa-cultiva-a-mente\/","article_publisher":"https:\/\/www.facebook.com\/anovapeneira","article_published_time":"2019-11-27T11:00:40+00:00","og_image":[{"width":720,"height":432,"url":"https:\/\/www.anovapeneira.gal\/wp-content\/uploads\/2019\/11\/SALCEDA_afaga_a_nova_peneira.jpg","type":"image\/jpeg"}],"author":"Redacci\u00f3n A Nova Peneira","twitter_card":"summary_large_image","twitter_creator":"@APeneira","twitter_site":"@APeneira","twitter_misc":{"Escrito por":"Redacci\u00f3n A Nova Peneira","Tempo de lectura":"2 minutos"},"schema":{"@context":"https:\/\/schema.org","@graph":[{"@type":"Article","@id":"https:\/\/www.anovapeneira.gal\/index.php\/2019\/11\/27\/15-persoas-beneficianse-do-programa-cultiva-a-mente\/#article","isPartOf":{"@id":"https:\/\/www.anovapeneira.gal\/index.php\/2019\/11\/27\/15-persoas-beneficianse-do-programa-cultiva-a-mente\/"},"author":{"name":"Redacci\u00f3n A Nova Peneira","@id":"https:\/\/www.anovapeneira.gal\/#\/schema\/person\/b93e3f8932e3f8da96334607eb6ac6aa"},"headline":"15 persoas benef\u00edcianse do programa \u201cCultiva a mente\u201d","datePublished":"2019-11-27T11:00:40+00:00","mainEntityOfPage":{"@id":"https:\/\/www.anovapeneira.gal\/index.php\/2019\/11\/27\/15-persoas-beneficianse-do-programa-cultiva-a-mente\/"},"wordCount":449,"commentCount":0,"publisher":{"@id":"https:\/\/www.anovapeneira.gal\/#organization"},"image":{"@id":"https:\/\/www.anovapeneira.gal\/index.php\/2019\/11\/27\/15-persoas-beneficianse-do-programa-cultiva-a-mente\/#primaryimage"},"thumbnailUrl":"https:\/\/www.anovapeneira.gal\/wp-content\/uploads\/2019\/11\/SALCEDA_afaga_a_nova_peneira.jpg","keywords":["Afaga","Concello de Salceda de Caselas","Cultiva a mente"],"articleSection":["A Louri\u00f1a"],"inLanguage":"gl-ES","potentialAction":[{"@type":"CommentAction","name":"Comment","target":["https:\/\/www.anovapeneira.gal\/index.php\/2019\/11\/27\/15-persoas-beneficianse-do-programa-cultiva-a-mente\/#respond"]}]},{"@type":"WebPage","@id":"https:\/\/www.anovapeneira.gal\/index.php\/2019\/11\/27\/15-persoas-beneficianse-do-programa-cultiva-a-mente\/","url":"https:\/\/www.anovapeneira.gal\/index.php\/2019\/11\/27\/15-persoas-beneficianse-do-programa-cultiva-a-mente\/","name":"15 persoas benef\u00edcianse do programa \u201cCultiva a mente\u201d -","isPartOf":{"@id":"https:\/\/www.anovapeneira.gal\/#website"},"primaryImageOfPage":{"@id":"https:\/\/www.anovapeneira.gal\/index.php\/2019\/11\/27\/15-persoas-beneficianse-do-programa-cultiva-a-mente\/#primaryimage"},"image":{"@id":"https:\/\/www.anovapeneira.gal\/index.php\/2019\/11\/27\/15-persoas-beneficianse-do-programa-cultiva-a-mente\/#primaryimage"},"thumbnailUrl":"https:\/\/www.anovapeneira.gal\/wp-content\/uploads\/2019\/11\/SALCEDA_afaga_a_nova_peneira.jpg","datePublished":"2019-11-27T11:00:40+00:00","breadcrumb":{"@id":"https:\/\/www.anovapeneira.gal\/index.php\/2019\/11\/27\/15-persoas-beneficianse-do-programa-cultiva-a-mente\/#breadcrumb"},"inLanguage":"gl-ES","potentialAction":[{"@type":"ReadAction","target":["https:\/\/www.anovapeneira.gal\/index.php\/2019\/11\/27\/15-persoas-beneficianse-do-programa-cultiva-a-mente\/"]}]},{"@type":"ImageObject","inLanguage":"gl-ES","@id":"https:\/\/www.anovapeneira.gal\/index.php\/2019\/11\/27\/15-persoas-beneficianse-do-programa-cultiva-a-mente\/#primaryimage","url":"https:\/\/www.anovapeneira.gal\/wp-content\/uploads\/2019\/11\/SALCEDA_afaga_a_nova_peneira.jpg","contentUrl":"https:\/\/www.anovapeneira.gal\/wp-content\/uploads\/2019\/11\/SALCEDA_afaga_a_nova_peneira.jpg","width":720,"height":432,"caption":"Salceda A Nova Peneira Afaga"},{"@type":"BreadcrumbList","@id":"https:\/\/www.anovapeneira.gal\/index.php\/2019\/11\/27\/15-persoas-beneficianse-do-programa-cultiva-a-mente\/#breadcrumb","itemListElement":[{"@type":"ListItem","position":1,"name":"Portada","item":"https:\/\/www.anovapeneira.gal\/"},{"@type":"ListItem","position":2,"name":"15 persoas benef\u00edcianse do programa \u201cCultiva a mente\u201d"}]},{"@type":"WebSite","@id":"https:\/\/www.anovapeneira.gal\/#website","url":"https:\/\/www.anovapeneira.gal\/","name":"","description":"Xornal galego de informaci\u00f3n xeral Publicaci\u00f3n mensual de novas de Galicia e en especial dos Concellos da sur da provincia de Pontevedra.","publisher":{"@id":"https:\/\/www.anovapeneira.gal\/#organization"},"potentialAction":[{"@type":"SearchAction","target":{"@type":"EntryPoint","urlTemplate":"https:\/\/www.anovapeneira.gal\/?s={search_term_string}"},"query-input":{"@type":"PropertyValueSpecification","valueRequired":true,"valueName":"search_term_string"}}],"inLanguage":"gl-ES"},{"@type":"Organization","@id":"https:\/\/www.anovapeneira.gal\/#organization","name":"A Nova Peneira","url":"https:\/\/www.anovapeneira.gal\/","logo":{"@type":"ImageObject","inLanguage":"gl-ES","@id":"https:\/\/www.anovapeneira.gal\/#\/schema\/logo\/image\/","url":"http:\/\/www.anovapeneira.gal\/wp-content\/uploads\/2019\/06\/logo_a_nova_peneira_portal_web.png","contentUrl":"http:\/\/www.anovapeneira.gal\/wp-content\/uploads\/2019\/06\/logo_a_nova_peneira_portal_web.png","width":300,"height":100,"caption":"A Nova Peneira"},"image":{"@id":"https:\/\/www.anovapeneira.gal\/#\/schema\/logo\/image\/"},"sameAs":["https:\/\/www.facebook.com\/anovapeneira","https:\/\/x.com\/APeneira"]},{"@type":"Person","@id":"https:\/\/www.anovapeneira.gal\/#\/schema\/person\/b93e3f8932e3f8da96334607eb6ac6aa","name":"Redacci\u00f3n A Nova Peneira","image":{"@type":"ImageObject","inLanguage":"gl-ES","@id":"https:\/\/secure.gravatar.com\/avatar\/c052a2551a06e23fac63626232eaa90abd78dbcf1700fc46a2b2c89fd27b735f?s=96&d=mm&r=g","url":"https:\/\/secure.gravatar.com\/avatar\/c052a2551a06e23fac63626232eaa90abd78dbcf1700fc46a2b2c89fd27b735f?s=96&d=mm&r=g","contentUrl":"https:\/\/secure.gravatar.com\/avatar\/c052a2551a06e23fac63626232eaa90abd78dbcf1700fc46a2b2c89fd27b735f?s=96&d=mm&r=g","caption":"Redacci\u00f3n A Nova Peneira"},"sameAs":["http:\/\/www.anovapeneira.gal\/"],"url":"https:\/\/www.anovapeneira.gal\/index.php\/author\/redactor\/"}]}},"jetpack_featured_media_url":"https:\/\/www.anovapeneira.gal\/wp-content\/uploads\/2019\/11\/SALCEDA_afaga_a_nova_peneira.jpg","_links":{"self":[{"href":"https:\/\/www.anovapeneira.gal\/index.php\/wp-json\/wp\/v2\/posts\/1872","targetHints":{"allow":["GET"]}}],"collection":[{"href":"https:\/\/www.anovapeneira.gal\/index.php\/wp-json\/wp\/v2\/posts"}],"about":[{"href":"https:\/\/www.anovapeneira.gal\/index.php\/wp-json\/wp\/v2\/types\/post"}],"author":[{"embeddable":true,"href":"https:\/\/www.anovapeneira.gal\/index.php\/wp-json\/wp\/v2\/users\/3"}],"replies":[{"embeddable":true,"href":"https:\/\/www.anovapeneira.gal\/index.php\/wp-json\/wp\/v2\/comments?post=1872"}],"version-history":[{"count":1,"href":"https:\/\/www.anovapeneira.gal\/index.php\/wp-json\/wp\/v2\/posts\/1872\/revisions"}],"predecessor-version":[{"id":1874,"href":"https:\/\/www.anovapeneira.gal\/index.php\/wp-json\/wp\/v2\/posts\/1872\/revisions\/1874"}],"wp:featuredmedia":[{"embeddable":true,"href":"https:\/\/www.anovapeneira.gal\/index.php\/wp-json\/wp\/v2\/media\/1873"}],"wp:attachment":[{"href":"https:\/\/www.anovapeneira.gal\/index.php\/wp-json\/wp\/v2\/media?parent=1872"}],"wp:term":[{"taxonomy":"category","embeddable":true,"href":"https:\/\/www.anovapeneira.gal\/index.php\/wp-json\/wp\/v2\/categories?post=1872"},{"taxonomy":"post_tag","embeddable":true,"href":"https:\/\/www.anovapeneira.gal\/index.php\/wp-json\/wp\/v2\/tags?post=1872"}],"curies":[{"name":"wp","href":"https:\/\/api.w.org\/{rel}","templated":true}]}}