{"id":1896,"date":"2019-11-29T12:00:30","date_gmt":"2019-11-29T11:00:30","guid":{"rendered":"http:\/\/www.anovapeneira.gal\/?p=1896"},"modified":"2020-06-21T22:32:36","modified_gmt":"2020-06-21T20:32:36","slug":"retrincos-galegos-do-ze-mario-branco","status":"publish","type":"post","link":"https:\/\/www.anovapeneira.gal\/index.php\/2019\/11\/29\/retrincos-galegos-do-ze-mario-branco\/","title":{"rendered":"Retrincos galegos do Z\u00e9 Mario Branco"},"content":{"rendered":"\n<pre class=\"wp-block-verse\"> <strong>Carlos M\u00e9ixome<\/strong><\/pre>\n\n\n\n<p>Comezo a redactar esta nota o mesmo d\u00eda (2 de xu\u00f1o de 2016) que se vai estrear, nunha sala comercial lisboeta, o documental longo <a href=\"https:\/\/www.youtube.com\/watch?v=3turCsGeKHo\"><em>Mudar de Vida. Jos\u00e9 Mario Branco vida e obra<\/em><\/a> realizado e producido por Nelson Guerreiro e Pedro Fidalgo. O filme seguindo o itinerario da vida e obra do m\u00fasico do Porto ofrece un percorrido pola historia pol\u00edtica e social do Portugal contempor\u00e1neo.<\/p>\n\n\n\n<p>Non pretendo nin glosar a obra musical nin a acci\u00f3n cultural, pol\u00edtica e humana do Z\u00e9 Mario. Inmensa. S\u00f3 dar conta de tres an\u00e9cdotas que viv\u00edn e deixan, na mi\u00f1a opini\u00f3n, ben palp\u00e1bel a enorme personalidade dun m\u00fasico,  <\/p>\n\n\n\n<figure class=\"wp-block-image size-large\"><img loading=\"lazy\" decoding=\"async\" width=\"720\" height=\"432\" src=\"http:\/\/www.anovapeneira.gal\/wp-content\/uploads\/2019\/11\/ze_mariano_branco_a_nova_peneira.jpg\" alt=\"Ze Mariano branco A Nova Peneira\" class=\"wp-image-1897\" srcset=\"https:\/\/www.anovapeneira.gal\/wp-content\/uploads\/2019\/11\/ze_mariano_branco_a_nova_peneira.jpg 720w, https:\/\/www.anovapeneira.gal\/wp-content\/uploads\/2019\/11\/ze_mariano_branco_a_nova_peneira-300x180.jpg 300w\" sizes=\"auto, (max-width: 720px) 100vw, 720px\" \/><\/figure>\n\n\n\n<p>creador\nde m\u00faltiple expresi\u00f3n e inmenso home de escena as\u00ed como o\npermanente compromiso dun loitador sen concesi\u00f3ns. Ora ben,\naproveito para presentarllo tal e como el mesmo fixo nese intenso\nalegado vital que \u00e9 <em>FMI<\/em>;\ndic\u00eda: \u201cSou portugu\u00eas, pequeno-burgu\u00eas, filho de professores\nprim\u00e1rios, artista de variedades, compositor popular, aprendiz de\nfeiticeiro, faltam-me dentes. Sou o Z\u00e9 Mario Branco, 37 anos, do\nPorto, muito mais vivo que morto, contai com isto de mim e para o\nresto\u201d. E recomendar a que non o fixera a\u00ednda que po\u00f1an a orella\ne os ollos en cando menos <a href=\"https:\/\/www.youtube.com\/watch?v=Xc_fMCp36mI&amp;list=RDXc_fMCp36mI&amp;index=1\"><em>Mudam-se\nos tempos, mudanse-se as vontades<\/em><\/a>\n(1971), <a href=\"https:\/\/www.youtube.com\/watch?v=U2l2xm-52SM\"><em>Margem\nde certa maneira<\/em><\/a>\n(1973),<a href=\"https:\/\/www.youtube.com\/watch?v=6jEDO-bj5Ow\"><em>Ser\nsolidario<\/em><\/a><a href=\"https:\/\/www.youtube.com\/watch?v=6jEDO-bj5Ow\">\n<\/a>(1982),\no xa referido <a href=\"https:\/\/www.youtube.com\/watch?v=ZUJts90HIHc\"><em>FMI\n<\/em><\/a>(1982),\ne o seu \u00faltimo traballo en disco <a href=\"https:\/\/www.youtube.com\/watch?v=vCp0lfOVQ4Y\"><em>Resistir\n\u00e9 vencer<\/em><\/a>\n(2004). Coa primeira achega ao Z\u00e9 Mario Branco procurar\u00e1n saber do\nresto da s\u00faa obra.<\/p>\n\n\n\n<p> Trateino fugazmente. Primeiro con motivo do festival que tivo lugar no auditorio do vigu\u00e9s Parque de Castrelos, por mor de recadar fondos para axudar na adquisici\u00f3n das custosas menci\u00f1as que precisaba o Zeca Afonso cando a s\u00faa  <\/p>\n\n\n\n<figure class=\"wp-block-image size-large\"><img loading=\"lazy\" decoding=\"async\" width=\"720\" height=\"432\" src=\"http:\/\/www.anovapeneira.gal\/wp-content\/uploads\/2019\/11\/ze_mariano_branco_a_nova_peneira_2.jpg\" alt=\"Ze Mariano Branco a Nova Peneira\" class=\"wp-image-1898\" srcset=\"https:\/\/www.anovapeneira.gal\/wp-content\/uploads\/2019\/11\/ze_mariano_branco_a_nova_peneira_2.jpg 720w, https:\/\/www.anovapeneira.gal\/wp-content\/uploads\/2019\/11\/ze_mariano_branco_a_nova_peneira_2-300x180.jpg 300w\" sizes=\"auto, (max-width: 720px) 100vw, 720px\" \/><\/figure>\n\n\n\n<p>enfermidade\nestaba xa moi avanzada. Un grupo de persoas, Xico de Cari\u00f1o, Manuel\n\u00c1lvarez, Xos\u00e9 Manuel Est\u00e9vez, Ant\u00f3n Mascato e eu mesmo, co\nrespaldo da Federaci\u00f3n de Asociaci\u00f3ns Culturais de Galicia, a\nAsociaci\u00f3n Cultural de Vigo e as Xuventudes Musicais e a\ncolaboraci\u00f3n de moitas outras persoas dunha e outra beira da raia\norganizamos aquela especie de macrofestival que comezou sobre as\ncinco da tarde do \u00faltimo d\u00eda de agosto e rematou avanzada a noite\ndo primeiro d\u00eda de setembro de 1985. Doce horas de m\u00fasica e poes\u00eda\ne m\u00e1is de 20.000 persoas no p\u00fablico. Os detalles est\u00e1n recollidos\nno libreto que elaborou Ant\u00f3n Mascato para acompa\u00f1ar o dobre CD que\neditou Edici\u00f3ns do Cumio no ano 2000. Infortunadamente non se\npuideron inclu\u00edr as d\u00faas pezas que interpretou o Z\u00e9 Mario. As\nfotograf\u00edas que ilustran estas notas son de Xan Carballa, outro dos\n\u201cfacedores\u201d daquela xornada.<\/p>\n\n\n\n<p>Unha das condici\u00f3ns que puxeramos para dar cabida a tantas persoas que xenerosamente se brindaran a participar fora que os grupos musicais s\u00f3 poder\u00edan interpretar d\u00faas composici\u00f3ns, mentres que as persoas recitadoras\/oradoras ter\u00edan uns escasos minutos. O ambiente do festival estaba xa animado cando subiu ao escenario o Jos\u00e9 Mario Branco. Unha parte do publico co\u00f1ec\u00eda os seus discos dos primeiros anos setenta e oitenta e sab\u00edan do seu labor nos arranxos das gravaci\u00f3ns do Zeca ( <em>Cantigas do<\/em> <em>Maio<\/em> (1971), <em>Venhan mais cinco<\/em> (1973), <em>Fura, fura<\/em> (1979)&#8230;). A este labor colaborador dedicouse con permanente constancia facendo arranxos e\/ou a produci\u00f3n de discos de Carlos do Carmo,  <\/p>\n\n\n\n<figure class=\"wp-block-image size-large\"><img loading=\"lazy\" decoding=\"async\" width=\"720\" height=\"432\" src=\"http:\/\/www.anovapeneira.gal\/wp-content\/uploads\/2019\/11\/ze_mariano_branco_a_nova_peneira_3.jpg\" alt=\"Ze mariano branco a Nova Peneira\" class=\"wp-image-1899\" srcset=\"https:\/\/www.anovapeneira.gal\/wp-content\/uploads\/2019\/11\/ze_mariano_branco_a_nova_peneira_3.jpg 720w, https:\/\/www.anovapeneira.gal\/wp-content\/uploads\/2019\/11\/ze_mariano_branco_a_nova_peneira_3-300x180.jpg 300w\" sizes=\"auto, (max-width: 720px) 100vw, 720px\" \/><\/figure>\n\n\n\n<p>Amelia Muge (outra das sorpresas do festival de Castrelos), Sergio Godinho, Fausto e, nos \u00faltimos anos, de forma case permanente, de Caman\u00e9. O que non co\u00f1ec\u00eda o publico era a s\u00faa forza como home de escena. A s\u00faa actuaci\u00f3n entusiasmou. El s\u00f3 cunha guitarra elevou un ambiente que se mantivo \u201ca tope\u201d ata o peche coa interpretaci\u00f3n do <em>Gr\u00e2ndola, vila morena<\/em>, con todas as persoas participantes sobre o escenario. Cando rematou o Z\u00e9 Mario, entre fervorosos aplausos, comezou a ouvirse o de \u201coutra, outra, outra&#8230;.\u201d que ao pouco converteuse nun clamor; o Z\u00e9 Mario retornou ata o micro e dixo coa s\u00faa forza declamatoria: \u201cDisciplina camaradas\u201d e abandonou o escenario.<\/p>\n\n\n\n<p>O Zeca puxera algunhas condici\u00f3ns para que se celebrase o festival que recollo do libreto citado de Ant\u00f3n Mascato \u201c&#8230; ti\u00f1a que participar unha delegaci\u00f3n de Timor Leste (naquel momento a ex-colonia portuguesa fora invadida por Indonesia e estaba inmersa nunha segunda loita pola independencia, acabar\u00edan expulsando os indonesios -1999 e ser\u00eda o primeiro estado soberano constitu\u00eddo no s\u00e9culo XXI; \u00e1 loita deste pobo est\u00e1 dedicado o disco do Z\u00e9 Mario <em>Resistir \u00e9 venc<\/em>er), a xente ti\u00f1a que cobrar, e hab\u00eda que facer do acto unha enorme reivindicaci\u00f3n do galego. A representaci\u00f3n do Timor foi de sesenta persoas \u2013nenos, adultos e vellos- , envoltos en vestidos coloristas, a danzaren e cantaren, mesmo coa lectura dun comunicado de denuncia da FRETILIN. Todos os participantes cobraron, cada quen o que quixo; alg\u00fan, como o impecable Jos\u00e9 Mario Branco, f\u00edxonos a conta repartindo a gasolina consumida por un coche de ida e volta de Lisboa a Vigo entre as cinco persoas que viaxaron, o que deu un total a cobrar de oitocentos escudos. Cobrado iso, xa pod\u00eda contarlle ao Zeca que \u201csi, se\u00f1or, que el tam\u00e9n cobrara\u201d.<\/p>\n\n\n\n<p>Poucos meses despois, novembro 1985, ti\u00f1an lugar as elecci\u00f3ns galegas. Como nas de 1981, a esquerda nacionalista concorr\u00eda dividida. O BNG nacera tres anos antes e Xos\u00e9 Manuel Beiras (que falara no festival de Castrelos en representaci\u00f3n dos organizadores) era o candidato pola circunscrici\u00f3n coru\u00f1esa. Daquela os mitins pol\u00edticos a\u00ednda congregaban persoas que desexaban escoitar o que se dic\u00eda, co\u00f1ecer os candidatos, botar unha ollada e sobre todo acud\u00edan animosos e animosas seguidoras. O BNG xog\u00e1base moito nesas elecci\u00f3ns despois de que os tres deputados do BN-PG-PSG foran expulsados do Parlamento por negarse a obedecer un regulamento aprobado con posterioridade a ser electos deputados. A outra candidatura, a do PSG-EG, estaba encabezada por Camilo Nogueira.<\/p>\n\n\n\n<p>O BNG entrou en contacto con Jos\u00e9 Mario Branco para que coas s\u00faas canci\u00f3ns puxese o ramo aos actos electorais, coido, que nas sete cidades m\u00e1is grandes. Se non me trabuco, e tampouco \u00e9 cousa de maior importancia, coido que o \u00faltimo, o \u201cpeche de campa\u00f1a\u201d, como se dic\u00eda, foi en Vigo. Non lembro o lugar. O Z\u00e9 Mario pasou aqueles d\u00edas percorrendo as nosas cidades, co\u00f1ecendo activistas e entusiasmando o publico que acud\u00eda aos actos dunha forza pol\u00edtica que era unha dubitativa inc\u00f3gnita.  <\/p>\n\n\n\n<p>A campa\u00f1a electoral rematou. Algu\u00e9n me entregou un sobre fechado para facerllo chegar ao noso m\u00fasico. Era a compensaci\u00f3n econ\u00f3mica que se acordara. Citeino nun local, ben sinistro por certo, da r\u00faa Loriga, en Vigo. Nun pequeno despachi\u00f1o, inzado de vasoiras e caldeiros enzoufados en cola, paus para pancartas, propaganda impresa, papeletas, sobres e tarecos de utilidade semellante, f\u00edxenlle entrega do sobre. Coidei que a cousa xa estaba. Para a mi\u00f1a sorpresa acadou unha cadeira e sentou; fixen o mesmo, ao outro lado da mesa. Abriu o sobre e p\u00faxose a contar os billetes. Sorprendinme ante unha actitude que tomei como desconfianza. Esta foi en aumento cando, rematado o inicial reconto, volveu comezalo por segunda vez. O Z\u00e9 Mario \u00e9 home serio e de abastado bigote. Mais desta vez o repaso dos billetes non chegou ao final; parou xusto na metade. Colleu os dous feixes de papeis asinados polo Banco de Espa\u00f1a, entregoume un deles e d\u00edxome: \u201cIsto \u00e9 o meu contributo \u00e1 campa\u00f1a do bloque\u201d. O Mascato, que estaba presente e pasara aqueles d\u00edas lev\u00e1ndoo dun sitio para outro, l\u00e9mbrame a cara de apampado que se me puxo. Sabiamos que non lle sobraban.<\/p>\n\n\n\n<p>Fiquei con ganas de baixar ata Lisboa. Agardo poder ollar, calquera d\u00eda, o documental sobre este home que me impresionou hai tantos anos. Sei que a Margarita Ledo, que tam\u00e9n estivera aquel d\u00eda en Castrelo, anda a facer xesti\u00f3ns para proxectalo na sala Numax compostel\u00e1. Mentres agardo, escoito a s\u00faa m\u00fasica e a s\u00faa voz que me di con Cam\u00f5es, \u201cMudan-se os tempos mudan-se as vontades\u201d.<\/p>\n","protected":false},"excerpt":{"rendered":"<div class=\"mh-excerpt\"><p>Comezo a redactar esta nota o mesmo d\u00eda (2 de xu\u00f1o de 2016) que se vai estrear, nunha sala comercial lisboeta, o documental longo Mudar de Vida. Jos\u00e9 Mario Branco vida e obra <a class=\"mh-excerpt-more\" href=\"https:\/\/www.anovapeneira.gal\/index.php\/2019\/11\/29\/retrincos-galegos-do-ze-mario-branco\/\" title=\"Retrincos galegos do Z\u00e9 Mario Branco\">[&#8230;]<\/a><\/p>\n<\/div>","protected":false},"author":28,"featured_media":584,"comment_status":"open","ping_status":"open","sticky":false,"template":"","format":"standard","meta":{"_exactmetrics_skip_tracking":false,"_exactmetrics_sitenote_active":false,"_exactmetrics_sitenote_note":"","_exactmetrics_sitenote_category":0,"footnotes":""},"categories":[7],"tags":[819],"class_list":{"0":"post-1896","1":"post","2":"type-post","3":"status-publish","4":"format-standard","5":"has-post-thumbnail","7":"category-artigos-de-opinion","8":"tag-ze-mario-branco"},"yoast_head":"<!-- This site is optimized with the Yoast SEO plugin v27.4 - https:\/\/yoast.com\/product\/yoast-seo-wordpress\/ -->\n<title>Retrincos galegos do Z\u00e9 Mario Branco -<\/title>\n<meta name=\"robots\" content=\"index, follow, max-snippet:-1, max-image-preview:large, max-video-preview:-1\" \/>\n<link rel=\"canonical\" href=\"https:\/\/www.anovapeneira.gal\/index.php\/2019\/11\/29\/retrincos-galegos-do-ze-mario-branco\/\" \/>\n<meta property=\"og:locale\" content=\"gl_ES\" \/>\n<meta property=\"og:type\" content=\"article\" \/>\n<meta property=\"og:title\" content=\"Retrincos galegos do Z\u00e9 Mario Branco -\" \/>\n<meta property=\"og:description\" content=\"Comezo a redactar esta nota o mesmo d\u00eda (2 de xu\u00f1o de 2016) que se vai estrear, nunha sala comercial lisboeta, o documental longo Mudar de Vida. Jos\u00e9 Mario Branco vida e obra [...]\" \/>\n<meta property=\"og:url\" content=\"https:\/\/www.anovapeneira.gal\/index.php\/2019\/11\/29\/retrincos-galegos-do-ze-mario-branco\/\" \/>\n<meta property=\"article:publisher\" content=\"https:\/\/www.facebook.com\/anovapeneira\" \/>\n<meta property=\"article:published_time\" content=\"2019-11-29T11:00:30+00:00\" \/>\n<meta property=\"article:modified_time\" content=\"2020-06-21T20:32:36+00:00\" \/>\n<meta property=\"og:image\" content=\"https:\/\/www.anovapeneira.gal\/wp-content\/uploads\/2019\/07\/ARTIGO_DE_OPINION_A_NOVA_PENEIRA.jpg\" \/>\n\t<meta property=\"og:image:width\" content=\"720\" \/>\n\t<meta property=\"og:image:height\" content=\"473\" \/>\n\t<meta property=\"og:image:type\" content=\"image\/jpeg\" \/>\n<meta name=\"author\" content=\"Carlos M\u00e9ixome\" \/>\n<meta name=\"twitter:card\" content=\"summary_large_image\" \/>\n<meta name=\"twitter:creator\" content=\"@APeneira\" \/>\n<meta name=\"twitter:site\" content=\"@APeneira\" \/>\n<meta name=\"twitter:label1\" content=\"Escrito por\" \/>\n\t<meta name=\"twitter:data1\" content=\"Carlos M\u00e9ixome\" \/>\n\t<meta name=\"twitter:label2\" content=\"Tempo de lectura\" \/>\n\t<meta name=\"twitter:data2\" content=\"7 minutos\" \/>\n<script type=\"application\/ld+json\" class=\"yoast-schema-graph\">{\"@context\":\"https:\\\/\\\/schema.org\",\"@graph\":[{\"@type\":\"Article\",\"@id\":\"https:\\\/\\\/www.anovapeneira.gal\\\/index.php\\\/2019\\\/11\\\/29\\\/retrincos-galegos-do-ze-mario-branco\\\/#article\",\"isPartOf\":{\"@id\":\"https:\\\/\\\/www.anovapeneira.gal\\\/index.php\\\/2019\\\/11\\\/29\\\/retrincos-galegos-do-ze-mario-branco\\\/\"},\"author\":{\"name\":\"Carlos M\u00e9ixome\",\"@id\":\"https:\\\/\\\/www.anovapeneira.gal\\\/#\\\/schema\\\/person\\\/2b153a5dc1eb464bd57627c809057031\"},\"headline\":\"Retrincos galegos do Z\u00e9 Mario Branco\",\"datePublished\":\"2019-11-29T11:00:30+00:00\",\"dateModified\":\"2020-06-21T20:32:36+00:00\",\"mainEntityOfPage\":{\"@id\":\"https:\\\/\\\/www.anovapeneira.gal\\\/index.php\\\/2019\\\/11\\\/29\\\/retrincos-galegos-do-ze-mario-branco\\\/\"},\"wordCount\":1398,\"commentCount\":0,\"publisher\":{\"@id\":\"https:\\\/\\\/www.anovapeneira.gal\\\/#organization\"},\"image\":{\"@id\":\"https:\\\/\\\/www.anovapeneira.gal\\\/index.php\\\/2019\\\/11\\\/29\\\/retrincos-galegos-do-ze-mario-branco\\\/#primaryimage\"},\"thumbnailUrl\":\"https:\\\/\\\/www.anovapeneira.gal\\\/wp-content\\\/uploads\\\/2019\\\/07\\\/ARTIGO_DE_OPINION_A_NOVA_PENEIRA.jpg\",\"keywords\":[\"Z\u00e9 Mario Branco\"],\"articleSection\":[\"Artigos de opini\u00f3n\"],\"inLanguage\":\"gl-ES\",\"potentialAction\":[{\"@type\":\"CommentAction\",\"name\":\"Comment\",\"target\":[\"https:\\\/\\\/www.anovapeneira.gal\\\/index.php\\\/2019\\\/11\\\/29\\\/retrincos-galegos-do-ze-mario-branco\\\/#respond\"]}]},{\"@type\":\"WebPage\",\"@id\":\"https:\\\/\\\/www.anovapeneira.gal\\\/index.php\\\/2019\\\/11\\\/29\\\/retrincos-galegos-do-ze-mario-branco\\\/\",\"url\":\"https:\\\/\\\/www.anovapeneira.gal\\\/index.php\\\/2019\\\/11\\\/29\\\/retrincos-galegos-do-ze-mario-branco\\\/\",\"name\":\"Retrincos galegos do Z\u00e9 Mario Branco -\",\"isPartOf\":{\"@id\":\"https:\\\/\\\/www.anovapeneira.gal\\\/#website\"},\"primaryImageOfPage\":{\"@id\":\"https:\\\/\\\/www.anovapeneira.gal\\\/index.php\\\/2019\\\/11\\\/29\\\/retrincos-galegos-do-ze-mario-branco\\\/#primaryimage\"},\"image\":{\"@id\":\"https:\\\/\\\/www.anovapeneira.gal\\\/index.php\\\/2019\\\/11\\\/29\\\/retrincos-galegos-do-ze-mario-branco\\\/#primaryimage\"},\"thumbnailUrl\":\"https:\\\/\\\/www.anovapeneira.gal\\\/wp-content\\\/uploads\\\/2019\\\/07\\\/ARTIGO_DE_OPINION_A_NOVA_PENEIRA.jpg\",\"datePublished\":\"2019-11-29T11:00:30+00:00\",\"dateModified\":\"2020-06-21T20:32:36+00:00\",\"breadcrumb\":{\"@id\":\"https:\\\/\\\/www.anovapeneira.gal\\\/index.php\\\/2019\\\/11\\\/29\\\/retrincos-galegos-do-ze-mario-branco\\\/#breadcrumb\"},\"inLanguage\":\"gl-ES\",\"potentialAction\":[{\"@type\":\"ReadAction\",\"target\":[\"https:\\\/\\\/www.anovapeneira.gal\\\/index.php\\\/2019\\\/11\\\/29\\\/retrincos-galegos-do-ze-mario-branco\\\/\"]}]},{\"@type\":\"ImageObject\",\"inLanguage\":\"gl-ES\",\"@id\":\"https:\\\/\\\/www.anovapeneira.gal\\\/index.php\\\/2019\\\/11\\\/29\\\/retrincos-galegos-do-ze-mario-branco\\\/#primaryimage\",\"url\":\"https:\\\/\\\/www.anovapeneira.gal\\\/wp-content\\\/uploads\\\/2019\\\/07\\\/ARTIGO_DE_OPINION_A_NOVA_PENEIRA.jpg\",\"contentUrl\":\"https:\\\/\\\/www.anovapeneira.gal\\\/wp-content\\\/uploads\\\/2019\\\/07\\\/ARTIGO_DE_OPINION_A_NOVA_PENEIRA.jpg\",\"width\":720,\"height\":473,\"caption\":\"Artigo de opini\u00f3n A Nova Peneira\"},{\"@type\":\"BreadcrumbList\",\"@id\":\"https:\\\/\\\/www.anovapeneira.gal\\\/index.php\\\/2019\\\/11\\\/29\\\/retrincos-galegos-do-ze-mario-branco\\\/#breadcrumb\",\"itemListElement\":[{\"@type\":\"ListItem\",\"position\":1,\"name\":\"Portada\",\"item\":\"https:\\\/\\\/www.anovapeneira.gal\\\/\"},{\"@type\":\"ListItem\",\"position\":2,\"name\":\"Retrincos galegos do Z\u00e9 Mario Branco\"}]},{\"@type\":\"WebSite\",\"@id\":\"https:\\\/\\\/www.anovapeneira.gal\\\/#website\",\"url\":\"https:\\\/\\\/www.anovapeneira.gal\\\/\",\"name\":\"\",\"description\":\"Xornal galego de informaci\u00f3n xeral Publicaci\u00f3n mensual de novas de Galicia e en especial dos Concellos da sur da provincia de Pontevedra.\",\"publisher\":{\"@id\":\"https:\\\/\\\/www.anovapeneira.gal\\\/#organization\"},\"potentialAction\":[{\"@type\":\"SearchAction\",\"target\":{\"@type\":\"EntryPoint\",\"urlTemplate\":\"https:\\\/\\\/www.anovapeneira.gal\\\/?s={search_term_string}\"},\"query-input\":{\"@type\":\"PropertyValueSpecification\",\"valueRequired\":true,\"valueName\":\"search_term_string\"}}],\"inLanguage\":\"gl-ES\"},{\"@type\":\"Organization\",\"@id\":\"https:\\\/\\\/www.anovapeneira.gal\\\/#organization\",\"name\":\"A Nova Peneira\",\"url\":\"https:\\\/\\\/www.anovapeneira.gal\\\/\",\"logo\":{\"@type\":\"ImageObject\",\"inLanguage\":\"gl-ES\",\"@id\":\"https:\\\/\\\/www.anovapeneira.gal\\\/#\\\/schema\\\/logo\\\/image\\\/\",\"url\":\"http:\\\/\\\/www.anovapeneira.gal\\\/wp-content\\\/uploads\\\/2019\\\/06\\\/logo_a_nova_peneira_portal_web.png\",\"contentUrl\":\"http:\\\/\\\/www.anovapeneira.gal\\\/wp-content\\\/uploads\\\/2019\\\/06\\\/logo_a_nova_peneira_portal_web.png\",\"width\":300,\"height\":100,\"caption\":\"A Nova Peneira\"},\"image\":{\"@id\":\"https:\\\/\\\/www.anovapeneira.gal\\\/#\\\/schema\\\/logo\\\/image\\\/\"},\"sameAs\":[\"https:\\\/\\\/www.facebook.com\\\/anovapeneira\",\"https:\\\/\\\/x.com\\\/APeneira\"]},{\"@type\":\"Person\",\"@id\":\"https:\\\/\\\/www.anovapeneira.gal\\\/#\\\/schema\\\/person\\\/2b153a5dc1eb464bd57627c809057031\",\"name\":\"Carlos M\u00e9ixome\",\"image\":{\"@type\":\"ImageObject\",\"inLanguage\":\"gl-ES\",\"@id\":\"https:\\\/\\\/secure.gravatar.com\\\/avatar\\\/4a156c6183f8f634f0b5226ef6d55cfbb3b2fe17a025ab46bfb1c737c737f0cf?s=96&d=mm&r=g\",\"url\":\"https:\\\/\\\/secure.gravatar.com\\\/avatar\\\/4a156c6183f8f634f0b5226ef6d55cfbb3b2fe17a025ab46bfb1c737c737f0cf?s=96&d=mm&r=g\",\"contentUrl\":\"https:\\\/\\\/secure.gravatar.com\\\/avatar\\\/4a156c6183f8f634f0b5226ef6d55cfbb3b2fe17a025ab46bfb1c737c737f0cf?s=96&d=mm&r=g\",\"caption\":\"Carlos M\u00e9ixome\"},\"url\":\"https:\\\/\\\/www.anovapeneira.gal\\\/index.php\\\/author\\\/carlosmeixome\\\/\"}]}<\/script>\n<!-- \/ Yoast SEO plugin. -->","yoast_head_json":{"title":"Retrincos galegos do Z\u00e9 Mario Branco -","robots":{"index":"index","follow":"follow","max-snippet":"max-snippet:-1","max-image-preview":"max-image-preview:large","max-video-preview":"max-video-preview:-1"},"canonical":"https:\/\/www.anovapeneira.gal\/index.php\/2019\/11\/29\/retrincos-galegos-do-ze-mario-branco\/","og_locale":"gl_ES","og_type":"article","og_title":"Retrincos galegos do Z\u00e9 Mario Branco -","og_description":"Comezo a redactar esta nota o mesmo d\u00eda (2 de xu\u00f1o de 2016) que se vai estrear, nunha sala comercial lisboeta, o documental longo Mudar de Vida. Jos\u00e9 Mario Branco vida e obra [...]","og_url":"https:\/\/www.anovapeneira.gal\/index.php\/2019\/11\/29\/retrincos-galegos-do-ze-mario-branco\/","article_publisher":"https:\/\/www.facebook.com\/anovapeneira","article_published_time":"2019-11-29T11:00:30+00:00","article_modified_time":"2020-06-21T20:32:36+00:00","og_image":[{"width":720,"height":473,"url":"https:\/\/www.anovapeneira.gal\/wp-content\/uploads\/2019\/07\/ARTIGO_DE_OPINION_A_NOVA_PENEIRA.jpg","type":"image\/jpeg"}],"author":"Carlos M\u00e9ixome","twitter_card":"summary_large_image","twitter_creator":"@APeneira","twitter_site":"@APeneira","twitter_misc":{"Escrito por":"Carlos M\u00e9ixome","Tempo de lectura":"7 minutos"},"schema":{"@context":"https:\/\/schema.org","@graph":[{"@type":"Article","@id":"https:\/\/www.anovapeneira.gal\/index.php\/2019\/11\/29\/retrincos-galegos-do-ze-mario-branco\/#article","isPartOf":{"@id":"https:\/\/www.anovapeneira.gal\/index.php\/2019\/11\/29\/retrincos-galegos-do-ze-mario-branco\/"},"author":{"name":"Carlos M\u00e9ixome","@id":"https:\/\/www.anovapeneira.gal\/#\/schema\/person\/2b153a5dc1eb464bd57627c809057031"},"headline":"Retrincos galegos do Z\u00e9 Mario Branco","datePublished":"2019-11-29T11:00:30+00:00","dateModified":"2020-06-21T20:32:36+00:00","mainEntityOfPage":{"@id":"https:\/\/www.anovapeneira.gal\/index.php\/2019\/11\/29\/retrincos-galegos-do-ze-mario-branco\/"},"wordCount":1398,"commentCount":0,"publisher":{"@id":"https:\/\/www.anovapeneira.gal\/#organization"},"image":{"@id":"https:\/\/www.anovapeneira.gal\/index.php\/2019\/11\/29\/retrincos-galegos-do-ze-mario-branco\/#primaryimage"},"thumbnailUrl":"https:\/\/www.anovapeneira.gal\/wp-content\/uploads\/2019\/07\/ARTIGO_DE_OPINION_A_NOVA_PENEIRA.jpg","keywords":["Z\u00e9 Mario Branco"],"articleSection":["Artigos de opini\u00f3n"],"inLanguage":"gl-ES","potentialAction":[{"@type":"CommentAction","name":"Comment","target":["https:\/\/www.anovapeneira.gal\/index.php\/2019\/11\/29\/retrincos-galegos-do-ze-mario-branco\/#respond"]}]},{"@type":"WebPage","@id":"https:\/\/www.anovapeneira.gal\/index.php\/2019\/11\/29\/retrincos-galegos-do-ze-mario-branco\/","url":"https:\/\/www.anovapeneira.gal\/index.php\/2019\/11\/29\/retrincos-galegos-do-ze-mario-branco\/","name":"Retrincos galegos do Z\u00e9 Mario Branco -","isPartOf":{"@id":"https:\/\/www.anovapeneira.gal\/#website"},"primaryImageOfPage":{"@id":"https:\/\/www.anovapeneira.gal\/index.php\/2019\/11\/29\/retrincos-galegos-do-ze-mario-branco\/#primaryimage"},"image":{"@id":"https:\/\/www.anovapeneira.gal\/index.php\/2019\/11\/29\/retrincos-galegos-do-ze-mario-branco\/#primaryimage"},"thumbnailUrl":"https:\/\/www.anovapeneira.gal\/wp-content\/uploads\/2019\/07\/ARTIGO_DE_OPINION_A_NOVA_PENEIRA.jpg","datePublished":"2019-11-29T11:00:30+00:00","dateModified":"2020-06-21T20:32:36+00:00","breadcrumb":{"@id":"https:\/\/www.anovapeneira.gal\/index.php\/2019\/11\/29\/retrincos-galegos-do-ze-mario-branco\/#breadcrumb"},"inLanguage":"gl-ES","potentialAction":[{"@type":"ReadAction","target":["https:\/\/www.anovapeneira.gal\/index.php\/2019\/11\/29\/retrincos-galegos-do-ze-mario-branco\/"]}]},{"@type":"ImageObject","inLanguage":"gl-ES","@id":"https:\/\/www.anovapeneira.gal\/index.php\/2019\/11\/29\/retrincos-galegos-do-ze-mario-branco\/#primaryimage","url":"https:\/\/www.anovapeneira.gal\/wp-content\/uploads\/2019\/07\/ARTIGO_DE_OPINION_A_NOVA_PENEIRA.jpg","contentUrl":"https:\/\/www.anovapeneira.gal\/wp-content\/uploads\/2019\/07\/ARTIGO_DE_OPINION_A_NOVA_PENEIRA.jpg","width":720,"height":473,"caption":"Artigo de opini\u00f3n A Nova Peneira"},{"@type":"BreadcrumbList","@id":"https:\/\/www.anovapeneira.gal\/index.php\/2019\/11\/29\/retrincos-galegos-do-ze-mario-branco\/#breadcrumb","itemListElement":[{"@type":"ListItem","position":1,"name":"Portada","item":"https:\/\/www.anovapeneira.gal\/"},{"@type":"ListItem","position":2,"name":"Retrincos galegos do Z\u00e9 Mario Branco"}]},{"@type":"WebSite","@id":"https:\/\/www.anovapeneira.gal\/#website","url":"https:\/\/www.anovapeneira.gal\/","name":"","description":"Xornal galego de informaci\u00f3n xeral Publicaci\u00f3n mensual de novas de Galicia e en especial dos Concellos da sur da provincia de Pontevedra.","publisher":{"@id":"https:\/\/www.anovapeneira.gal\/#organization"},"potentialAction":[{"@type":"SearchAction","target":{"@type":"EntryPoint","urlTemplate":"https:\/\/www.anovapeneira.gal\/?s={search_term_string}"},"query-input":{"@type":"PropertyValueSpecification","valueRequired":true,"valueName":"search_term_string"}}],"inLanguage":"gl-ES"},{"@type":"Organization","@id":"https:\/\/www.anovapeneira.gal\/#organization","name":"A Nova Peneira","url":"https:\/\/www.anovapeneira.gal\/","logo":{"@type":"ImageObject","inLanguage":"gl-ES","@id":"https:\/\/www.anovapeneira.gal\/#\/schema\/logo\/image\/","url":"http:\/\/www.anovapeneira.gal\/wp-content\/uploads\/2019\/06\/logo_a_nova_peneira_portal_web.png","contentUrl":"http:\/\/www.anovapeneira.gal\/wp-content\/uploads\/2019\/06\/logo_a_nova_peneira_portal_web.png","width":300,"height":100,"caption":"A Nova Peneira"},"image":{"@id":"https:\/\/www.anovapeneira.gal\/#\/schema\/logo\/image\/"},"sameAs":["https:\/\/www.facebook.com\/anovapeneira","https:\/\/x.com\/APeneira"]},{"@type":"Person","@id":"https:\/\/www.anovapeneira.gal\/#\/schema\/person\/2b153a5dc1eb464bd57627c809057031","name":"Carlos M\u00e9ixome","image":{"@type":"ImageObject","inLanguage":"gl-ES","@id":"https:\/\/secure.gravatar.com\/avatar\/4a156c6183f8f634f0b5226ef6d55cfbb3b2fe17a025ab46bfb1c737c737f0cf?s=96&d=mm&r=g","url":"https:\/\/secure.gravatar.com\/avatar\/4a156c6183f8f634f0b5226ef6d55cfbb3b2fe17a025ab46bfb1c737c737f0cf?s=96&d=mm&r=g","contentUrl":"https:\/\/secure.gravatar.com\/avatar\/4a156c6183f8f634f0b5226ef6d55cfbb3b2fe17a025ab46bfb1c737c737f0cf?s=96&d=mm&r=g","caption":"Carlos M\u00e9ixome"},"url":"https:\/\/www.anovapeneira.gal\/index.php\/author\/carlosmeixome\/"}]}},"jetpack_featured_media_url":"https:\/\/www.anovapeneira.gal\/wp-content\/uploads\/2019\/07\/ARTIGO_DE_OPINION_A_NOVA_PENEIRA.jpg","_links":{"self":[{"href":"https:\/\/www.anovapeneira.gal\/index.php\/wp-json\/wp\/v2\/posts\/1896","targetHints":{"allow":["GET"]}}],"collection":[{"href":"https:\/\/www.anovapeneira.gal\/index.php\/wp-json\/wp\/v2\/posts"}],"about":[{"href":"https:\/\/www.anovapeneira.gal\/index.php\/wp-json\/wp\/v2\/types\/post"}],"author":[{"embeddable":true,"href":"https:\/\/www.anovapeneira.gal\/index.php\/wp-json\/wp\/v2\/users\/28"}],"replies":[{"embeddable":true,"href":"https:\/\/www.anovapeneira.gal\/index.php\/wp-json\/wp\/v2\/comments?post=1896"}],"version-history":[{"count":1,"href":"https:\/\/www.anovapeneira.gal\/index.php\/wp-json\/wp\/v2\/posts\/1896\/revisions"}],"predecessor-version":[{"id":1900,"href":"https:\/\/www.anovapeneira.gal\/index.php\/wp-json\/wp\/v2\/posts\/1896\/revisions\/1900"}],"wp:featuredmedia":[{"embeddable":true,"href":"https:\/\/www.anovapeneira.gal\/index.php\/wp-json\/wp\/v2\/media\/584"}],"wp:attachment":[{"href":"https:\/\/www.anovapeneira.gal\/index.php\/wp-json\/wp\/v2\/media?parent=1896"}],"wp:term":[{"taxonomy":"category","embeddable":true,"href":"https:\/\/www.anovapeneira.gal\/index.php\/wp-json\/wp\/v2\/categories?post=1896"},{"taxonomy":"post_tag","embeddable":true,"href":"https:\/\/www.anovapeneira.gal\/index.php\/wp-json\/wp\/v2\/tags?post=1896"}],"curies":[{"name":"wp","href":"https:\/\/api.w.org\/{rel}","templated":true}]}}