{"id":1910,"date":"2019-12-05T14:00:17","date_gmt":"2019-12-05T13:00:17","guid":{"rendered":"http:\/\/www.anovapeneira.gal\/?p=1910"},"modified":"2019-12-02T12:04:29","modified_gmt":"2019-12-02T11:04:29","slug":"a-xunta-non-quere-un-centro-de-maiores-en-ponte-caldelas","status":"publish","type":"post","link":"https:\/\/www.anovapeneira.gal\/index.php\/2019\/12\/05\/a-xunta-non-quere-un-centro-de-maiores-en-ponte-caldelas\/","title":{"rendered":"A Xunta non quere un centro de maiores en Ponte Caldelas"},"content":{"rendered":"\n<h2 class=\"wp-block-heading\">Achaca a decisi\u00f3n a cuesti\u00f3ns vagas, entre as que destaca a falta dun ascensor, o que demostra que non estudaron a proposta do Concello nin co\u00f1ecen a instalaci\u00f3n, pois a vivenda disp\u00f3n deste servizo<\/h2>\n\n\n\n<p><strong>Ponte Caldelas, 28 de novembro de 2019<\/strong><\/p>\n\n\n\n<p>Logo de que o Concello de Ponte Caldelas propuxera  para  a  Casa  da  Quint\u00e1n  un  centro  interxeracional,  que  poida  acoller  o  centro de  menores  tutelados  que  prop\u00f3n  a  Xunta  de  Galicia  e  un  centro  de  d\u00eda  para  persoas maiores, para cubrir a necesidade que existe no municipio dun centro deste tipo, a Xunta de Galicia contesta a trav\u00e9s da prensa, que un centro deste tipo non \u00e9 viable. Esc\u00fadase a administraci\u00f3n autom\u00f3nica en varias cuesti\u00f3ns, a m\u00e1is chamativa a falta de ascensor, o que demostra que non co\u00f1ecen o edificio e que non estudaron a proposta do Concello  de  Ponte  Caldelas.  O  edificio  conta  con  ascensor,  cun  amplo  recibidor-recepci\u00f3n e con espazo suficiente para acoller \u00e1mbolos dous ervizo. O Concello de Ponte Caldelas non se nega a unha utilizaci\u00f3n social da Casa da Quint\u00e1n, agora ben, \u00e9 deber municipal informar \u00e1 veci\u00f1anza de que houbo problemas de violencia e  adici\u00f3ns  no  centro  de  menores  tutelados  \u2018Pr\u00edncipe  Felipe\u2019  e  resulta  chamativo  que,  \u00e1s pr\u00e9sas,  a  Xunta  de  Galicia  precise  prazas  para  menores  tutelados  en  Ponte  Caldelas,  a moi poucos quil\u00f3metros do centro Centro Pr\u00edncipe Felipe.<\/p>\n","protected":false},"excerpt":{"rendered":"<div class=\"mh-excerpt\"><p>Achaca a decisi\u00f3n a cuesti\u00f3ns vagas, entre as que destaca a falta dun ascensor, o que demostra que non estudaron a proposta do Concello <a class=\"mh-excerpt-more\" href=\"https:\/\/www.anovapeneira.gal\/index.php\/2019\/12\/05\/a-xunta-non-quere-un-centro-de-maiores-en-ponte-caldelas\/\" title=\"A Xunta non quere un centro de maiores en Ponte Caldelas\">[&#8230;]<\/a><\/p>\n<\/div>","protected":false},"author":3,"featured_media":1911,"comment_status":"open","ping_status":"open","sticky":false,"template":"","format":"standard","meta":{"_exactmetrics_skip_tracking":false,"_exactmetrics_sitenote_active":false,"_exactmetrics_sitenote_note":"","_exactmetrics_sitenote_category":0,"footnotes":""},"categories":[26],"tags":[380,821,822],"class_list":{"0":"post-1910","1":"post","2":"type-post","3":"status-publish","4":"format-standard","5":"has-post-thumbnail","7":"category-pontevedra","8":"tag-benestar-social","9":"tag-concello-ponte-caldelas","10":"tag-vivenda"},"yoast_head":"<!-- This site is optimized with the Yoast SEO plugin v27.4 - https:\/\/yoast.com\/product\/yoast-seo-wordpress\/ -->\n<title>A Xunta non quere un centro de maiores en Ponte Caldelas -<\/title>\n<meta name=\"robots\" content=\"index, follow, max-snippet:-1, max-image-preview:large, max-video-preview:-1\" \/>\n<link rel=\"canonical\" href=\"https:\/\/www.anovapeneira.gal\/index.php\/2019\/12\/05\/a-xunta-non-quere-un-centro-de-maiores-en-ponte-caldelas\/\" \/>\n<meta property=\"og:locale\" content=\"gl_ES\" \/>\n<meta property=\"og:type\" content=\"article\" \/>\n<meta property=\"og:title\" content=\"A Xunta non quere un centro de maiores en Ponte Caldelas -\" \/>\n<meta property=\"og:description\" content=\"Achaca a decisi\u00f3n a cuesti\u00f3ns vagas, entre as que destaca a falta dun ascensor, o que demostra que non estudaron a proposta do Concello [...]\" \/>\n<meta property=\"og:url\" content=\"https:\/\/www.anovapeneira.gal\/index.php\/2019\/12\/05\/a-xunta-non-quere-un-centro-de-maiores-en-ponte-caldelas\/\" \/>\n<meta property=\"article:publisher\" content=\"https:\/\/www.facebook.com\/anovapeneira\" \/>\n<meta property=\"article:published_time\" content=\"2019-12-05T13:00:17+00:00\" \/>\n<meta property=\"og:image\" content=\"https:\/\/www.anovapeneira.gal\/wp-content\/uploads\/2019\/11\/ascensor_na_casa_da_quintan.png\" \/>\n\t<meta property=\"og:image:width\" content=\"720\" \/>\n\t<meta property=\"og:image:height\" content=\"432\" \/>\n\t<meta property=\"og:image:type\" content=\"image\/png\" \/>\n<meta name=\"author\" content=\"Redacci\u00f3n A Nova Peneira\" \/>\n<meta name=\"twitter:card\" content=\"summary_large_image\" \/>\n<meta name=\"twitter:creator\" content=\"@APeneira\" \/>\n<meta name=\"twitter:site\" content=\"@APeneira\" \/>\n<meta name=\"twitter:label1\" content=\"Escrito por\" \/>\n\t<meta name=\"twitter:data1\" content=\"Redacci\u00f3n A Nova Peneira\" \/>\n\t<meta name=\"twitter:label2\" content=\"Tempo de lectura\" \/>\n\t<meta name=\"twitter:data2\" content=\"1 minuto\" \/>\n<script type=\"application\/ld+json\" class=\"yoast-schema-graph\">{\"@context\":\"https:\\\/\\\/schema.org\",\"@graph\":[{\"@type\":\"Article\",\"@id\":\"https:\\\/\\\/www.anovapeneira.gal\\\/index.php\\\/2019\\\/12\\\/05\\\/a-xunta-non-quere-un-centro-de-maiores-en-ponte-caldelas\\\/#article\",\"isPartOf\":{\"@id\":\"https:\\\/\\\/www.anovapeneira.gal\\\/index.php\\\/2019\\\/12\\\/05\\\/a-xunta-non-quere-un-centro-de-maiores-en-ponte-caldelas\\\/\"},\"author\":{\"name\":\"Redacci\u00f3n A Nova Peneira\",\"@id\":\"https:\\\/\\\/www.anovapeneira.gal\\\/#\\\/schema\\\/person\\\/b93e3f8932e3f8da96334607eb6ac6aa\"},\"headline\":\"A Xunta non quere un centro de maiores en Ponte Caldelas\",\"datePublished\":\"2019-12-05T13:00:17+00:00\",\"mainEntityOfPage\":{\"@id\":\"https:\\\/\\\/www.anovapeneira.gal\\\/index.php\\\/2019\\\/12\\\/05\\\/a-xunta-non-quere-un-centro-de-maiores-en-ponte-caldelas\\\/\"},\"wordCount\":255,\"commentCount\":0,\"publisher\":{\"@id\":\"https:\\\/\\\/www.anovapeneira.gal\\\/#organization\"},\"image\":{\"@id\":\"https:\\\/\\\/www.anovapeneira.gal\\\/index.php\\\/2019\\\/12\\\/05\\\/a-xunta-non-quere-un-centro-de-maiores-en-ponte-caldelas\\\/#primaryimage\"},\"thumbnailUrl\":\"https:\\\/\\\/www.anovapeneira.gal\\\/wp-content\\\/uploads\\\/2019\\\/11\\\/ascensor_na_casa_da_quintan.png\",\"keywords\":[\"Benestar Social\",\"Concello Ponte Caldelas\",\"Vivenda\"],\"articleSection\":[\"Pontevedra\"],\"inLanguage\":\"gl-ES\",\"potentialAction\":[{\"@type\":\"CommentAction\",\"name\":\"Comment\",\"target\":[\"https:\\\/\\\/www.anovapeneira.gal\\\/index.php\\\/2019\\\/12\\\/05\\\/a-xunta-non-quere-un-centro-de-maiores-en-ponte-caldelas\\\/#respond\"]}]},{\"@type\":\"WebPage\",\"@id\":\"https:\\\/\\\/www.anovapeneira.gal\\\/index.php\\\/2019\\\/12\\\/05\\\/a-xunta-non-quere-un-centro-de-maiores-en-ponte-caldelas\\\/\",\"url\":\"https:\\\/\\\/www.anovapeneira.gal\\\/index.php\\\/2019\\\/12\\\/05\\\/a-xunta-non-quere-un-centro-de-maiores-en-ponte-caldelas\\\/\",\"name\":\"A Xunta non quere un centro de maiores en Ponte Caldelas -\",\"isPartOf\":{\"@id\":\"https:\\\/\\\/www.anovapeneira.gal\\\/#website\"},\"primaryImageOfPage\":{\"@id\":\"https:\\\/\\\/www.anovapeneira.gal\\\/index.php\\\/2019\\\/12\\\/05\\\/a-xunta-non-quere-un-centro-de-maiores-en-ponte-caldelas\\\/#primaryimage\"},\"image\":{\"@id\":\"https:\\\/\\\/www.anovapeneira.gal\\\/index.php\\\/2019\\\/12\\\/05\\\/a-xunta-non-quere-un-centro-de-maiores-en-ponte-caldelas\\\/#primaryimage\"},\"thumbnailUrl\":\"https:\\\/\\\/www.anovapeneira.gal\\\/wp-content\\\/uploads\\\/2019\\\/11\\\/ascensor_na_casa_da_quintan.png\",\"datePublished\":\"2019-12-05T13:00:17+00:00\",\"breadcrumb\":{\"@id\":\"https:\\\/\\\/www.anovapeneira.gal\\\/index.php\\\/2019\\\/12\\\/05\\\/a-xunta-non-quere-un-centro-de-maiores-en-ponte-caldelas\\\/#breadcrumb\"},\"inLanguage\":\"gl-ES\",\"potentialAction\":[{\"@type\":\"ReadAction\",\"target\":[\"https:\\\/\\\/www.anovapeneira.gal\\\/index.php\\\/2019\\\/12\\\/05\\\/a-xunta-non-quere-un-centro-de-maiores-en-ponte-caldelas\\\/\"]}]},{\"@type\":\"ImageObject\",\"inLanguage\":\"gl-ES\",\"@id\":\"https:\\\/\\\/www.anovapeneira.gal\\\/index.php\\\/2019\\\/12\\\/05\\\/a-xunta-non-quere-un-centro-de-maiores-en-ponte-caldelas\\\/#primaryimage\",\"url\":\"https:\\\/\\\/www.anovapeneira.gal\\\/wp-content\\\/uploads\\\/2019\\\/11\\\/ascensor_na_casa_da_quintan.png\",\"contentUrl\":\"https:\\\/\\\/www.anovapeneira.gal\\\/wp-content\\\/uploads\\\/2019\\\/11\\\/ascensor_na_casa_da_quintan.png\",\"width\":720,\"height\":432,\"caption\":\"Ascensor na casa da Quintan A Nova Peneira\"},{\"@type\":\"BreadcrumbList\",\"@id\":\"https:\\\/\\\/www.anovapeneira.gal\\\/index.php\\\/2019\\\/12\\\/05\\\/a-xunta-non-quere-un-centro-de-maiores-en-ponte-caldelas\\\/#breadcrumb\",\"itemListElement\":[{\"@type\":\"ListItem\",\"position\":1,\"name\":\"Portada\",\"item\":\"https:\\\/\\\/www.anovapeneira.gal\\\/\"},{\"@type\":\"ListItem\",\"position\":2,\"name\":\"A Xunta non quere un centro de maiores en Ponte Caldelas\"}]},{\"@type\":\"WebSite\",\"@id\":\"https:\\\/\\\/www.anovapeneira.gal\\\/#website\",\"url\":\"https:\\\/\\\/www.anovapeneira.gal\\\/\",\"name\":\"\",\"description\":\"Xornal galego de informaci\u00f3n xeral Publicaci\u00f3n mensual de novas de Galicia e en especial dos Concellos da sur da provincia de Pontevedra.\",\"publisher\":{\"@id\":\"https:\\\/\\\/www.anovapeneira.gal\\\/#organization\"},\"potentialAction\":[{\"@type\":\"SearchAction\",\"target\":{\"@type\":\"EntryPoint\",\"urlTemplate\":\"https:\\\/\\\/www.anovapeneira.gal\\\/?s={search_term_string}\"},\"query-input\":{\"@type\":\"PropertyValueSpecification\",\"valueRequired\":true,\"valueName\":\"search_term_string\"}}],\"inLanguage\":\"gl-ES\"},{\"@type\":\"Organization\",\"@id\":\"https:\\\/\\\/www.anovapeneira.gal\\\/#organization\",\"name\":\"A Nova Peneira\",\"url\":\"https:\\\/\\\/www.anovapeneira.gal\\\/\",\"logo\":{\"@type\":\"ImageObject\",\"inLanguage\":\"gl-ES\",\"@id\":\"https:\\\/\\\/www.anovapeneira.gal\\\/#\\\/schema\\\/logo\\\/image\\\/\",\"url\":\"http:\\\/\\\/www.anovapeneira.gal\\\/wp-content\\\/uploads\\\/2019\\\/06\\\/logo_a_nova_peneira_portal_web.png\",\"contentUrl\":\"http:\\\/\\\/www.anovapeneira.gal\\\/wp-content\\\/uploads\\\/2019\\\/06\\\/logo_a_nova_peneira_portal_web.png\",\"width\":300,\"height\":100,\"caption\":\"A Nova Peneira\"},\"image\":{\"@id\":\"https:\\\/\\\/www.anovapeneira.gal\\\/#\\\/schema\\\/logo\\\/image\\\/\"},\"sameAs\":[\"https:\\\/\\\/www.facebook.com\\\/anovapeneira\",\"https:\\\/\\\/x.com\\\/APeneira\"]},{\"@type\":\"Person\",\"@id\":\"https:\\\/\\\/www.anovapeneira.gal\\\/#\\\/schema\\\/person\\\/b93e3f8932e3f8da96334607eb6ac6aa\",\"name\":\"Redacci\u00f3n A Nova Peneira\",\"image\":{\"@type\":\"ImageObject\",\"inLanguage\":\"gl-ES\",\"@id\":\"https:\\\/\\\/secure.gravatar.com\\\/avatar\\\/c052a2551a06e23fac63626232eaa90abd78dbcf1700fc46a2b2c89fd27b735f?s=96&d=mm&r=g\",\"url\":\"https:\\\/\\\/secure.gravatar.com\\\/avatar\\\/c052a2551a06e23fac63626232eaa90abd78dbcf1700fc46a2b2c89fd27b735f?s=96&d=mm&r=g\",\"contentUrl\":\"https:\\\/\\\/secure.gravatar.com\\\/avatar\\\/c052a2551a06e23fac63626232eaa90abd78dbcf1700fc46a2b2c89fd27b735f?s=96&d=mm&r=g\",\"caption\":\"Redacci\u00f3n A Nova Peneira\"},\"sameAs\":[\"http:\\\/\\\/www.anovapeneira.gal\\\/\"],\"url\":\"https:\\\/\\\/www.anovapeneira.gal\\\/index.php\\\/author\\\/redactor\\\/\"}]}<\/script>\n<!-- \/ Yoast SEO plugin. -->","yoast_head_json":{"title":"A Xunta non quere un centro de maiores en Ponte Caldelas -","robots":{"index":"index","follow":"follow","max-snippet":"max-snippet:-1","max-image-preview":"max-image-preview:large","max-video-preview":"max-video-preview:-1"},"canonical":"https:\/\/www.anovapeneira.gal\/index.php\/2019\/12\/05\/a-xunta-non-quere-un-centro-de-maiores-en-ponte-caldelas\/","og_locale":"gl_ES","og_type":"article","og_title":"A Xunta non quere un centro de maiores en Ponte Caldelas -","og_description":"Achaca a decisi\u00f3n a cuesti\u00f3ns vagas, entre as que destaca a falta dun ascensor, o que demostra que non estudaron a proposta do Concello [...]","og_url":"https:\/\/www.anovapeneira.gal\/index.php\/2019\/12\/05\/a-xunta-non-quere-un-centro-de-maiores-en-ponte-caldelas\/","article_publisher":"https:\/\/www.facebook.com\/anovapeneira","article_published_time":"2019-12-05T13:00:17+00:00","og_image":[{"width":720,"height":432,"url":"https:\/\/www.anovapeneira.gal\/wp-content\/uploads\/2019\/11\/ascensor_na_casa_da_quintan.png","type":"image\/png"}],"author":"Redacci\u00f3n A Nova Peneira","twitter_card":"summary_large_image","twitter_creator":"@APeneira","twitter_site":"@APeneira","twitter_misc":{"Escrito por":"Redacci\u00f3n A Nova Peneira","Tempo de lectura":"1 minuto"},"schema":{"@context":"https:\/\/schema.org","@graph":[{"@type":"Article","@id":"https:\/\/www.anovapeneira.gal\/index.php\/2019\/12\/05\/a-xunta-non-quere-un-centro-de-maiores-en-ponte-caldelas\/#article","isPartOf":{"@id":"https:\/\/www.anovapeneira.gal\/index.php\/2019\/12\/05\/a-xunta-non-quere-un-centro-de-maiores-en-ponte-caldelas\/"},"author":{"name":"Redacci\u00f3n A Nova Peneira","@id":"https:\/\/www.anovapeneira.gal\/#\/schema\/person\/b93e3f8932e3f8da96334607eb6ac6aa"},"headline":"A Xunta non quere un centro de maiores en Ponte Caldelas","datePublished":"2019-12-05T13:00:17+00:00","mainEntityOfPage":{"@id":"https:\/\/www.anovapeneira.gal\/index.php\/2019\/12\/05\/a-xunta-non-quere-un-centro-de-maiores-en-ponte-caldelas\/"},"wordCount":255,"commentCount":0,"publisher":{"@id":"https:\/\/www.anovapeneira.gal\/#organization"},"image":{"@id":"https:\/\/www.anovapeneira.gal\/index.php\/2019\/12\/05\/a-xunta-non-quere-un-centro-de-maiores-en-ponte-caldelas\/#primaryimage"},"thumbnailUrl":"https:\/\/www.anovapeneira.gal\/wp-content\/uploads\/2019\/11\/ascensor_na_casa_da_quintan.png","keywords":["Benestar Social","Concello Ponte Caldelas","Vivenda"],"articleSection":["Pontevedra"],"inLanguage":"gl-ES","potentialAction":[{"@type":"CommentAction","name":"Comment","target":["https:\/\/www.anovapeneira.gal\/index.php\/2019\/12\/05\/a-xunta-non-quere-un-centro-de-maiores-en-ponte-caldelas\/#respond"]}]},{"@type":"WebPage","@id":"https:\/\/www.anovapeneira.gal\/index.php\/2019\/12\/05\/a-xunta-non-quere-un-centro-de-maiores-en-ponte-caldelas\/","url":"https:\/\/www.anovapeneira.gal\/index.php\/2019\/12\/05\/a-xunta-non-quere-un-centro-de-maiores-en-ponte-caldelas\/","name":"A Xunta non quere un centro de maiores en Ponte Caldelas -","isPartOf":{"@id":"https:\/\/www.anovapeneira.gal\/#website"},"primaryImageOfPage":{"@id":"https:\/\/www.anovapeneira.gal\/index.php\/2019\/12\/05\/a-xunta-non-quere-un-centro-de-maiores-en-ponte-caldelas\/#primaryimage"},"image":{"@id":"https:\/\/www.anovapeneira.gal\/index.php\/2019\/12\/05\/a-xunta-non-quere-un-centro-de-maiores-en-ponte-caldelas\/#primaryimage"},"thumbnailUrl":"https:\/\/www.anovapeneira.gal\/wp-content\/uploads\/2019\/11\/ascensor_na_casa_da_quintan.png","datePublished":"2019-12-05T13:00:17+00:00","breadcrumb":{"@id":"https:\/\/www.anovapeneira.gal\/index.php\/2019\/12\/05\/a-xunta-non-quere-un-centro-de-maiores-en-ponte-caldelas\/#breadcrumb"},"inLanguage":"gl-ES","potentialAction":[{"@type":"ReadAction","target":["https:\/\/www.anovapeneira.gal\/index.php\/2019\/12\/05\/a-xunta-non-quere-un-centro-de-maiores-en-ponte-caldelas\/"]}]},{"@type":"ImageObject","inLanguage":"gl-ES","@id":"https:\/\/www.anovapeneira.gal\/index.php\/2019\/12\/05\/a-xunta-non-quere-un-centro-de-maiores-en-ponte-caldelas\/#primaryimage","url":"https:\/\/www.anovapeneira.gal\/wp-content\/uploads\/2019\/11\/ascensor_na_casa_da_quintan.png","contentUrl":"https:\/\/www.anovapeneira.gal\/wp-content\/uploads\/2019\/11\/ascensor_na_casa_da_quintan.png","width":720,"height":432,"caption":"Ascensor na casa da Quintan A Nova Peneira"},{"@type":"BreadcrumbList","@id":"https:\/\/www.anovapeneira.gal\/index.php\/2019\/12\/05\/a-xunta-non-quere-un-centro-de-maiores-en-ponte-caldelas\/#breadcrumb","itemListElement":[{"@type":"ListItem","position":1,"name":"Portada","item":"https:\/\/www.anovapeneira.gal\/"},{"@type":"ListItem","position":2,"name":"A Xunta non quere un centro de maiores en Ponte Caldelas"}]},{"@type":"WebSite","@id":"https:\/\/www.anovapeneira.gal\/#website","url":"https:\/\/www.anovapeneira.gal\/","name":"","description":"Xornal galego de informaci\u00f3n xeral Publicaci\u00f3n mensual de novas de Galicia e en especial dos Concellos da sur da provincia de Pontevedra.","publisher":{"@id":"https:\/\/www.anovapeneira.gal\/#organization"},"potentialAction":[{"@type":"SearchAction","target":{"@type":"EntryPoint","urlTemplate":"https:\/\/www.anovapeneira.gal\/?s={search_term_string}"},"query-input":{"@type":"PropertyValueSpecification","valueRequired":true,"valueName":"search_term_string"}}],"inLanguage":"gl-ES"},{"@type":"Organization","@id":"https:\/\/www.anovapeneira.gal\/#organization","name":"A Nova Peneira","url":"https:\/\/www.anovapeneira.gal\/","logo":{"@type":"ImageObject","inLanguage":"gl-ES","@id":"https:\/\/www.anovapeneira.gal\/#\/schema\/logo\/image\/","url":"http:\/\/www.anovapeneira.gal\/wp-content\/uploads\/2019\/06\/logo_a_nova_peneira_portal_web.png","contentUrl":"http:\/\/www.anovapeneira.gal\/wp-content\/uploads\/2019\/06\/logo_a_nova_peneira_portal_web.png","width":300,"height":100,"caption":"A Nova Peneira"},"image":{"@id":"https:\/\/www.anovapeneira.gal\/#\/schema\/logo\/image\/"},"sameAs":["https:\/\/www.facebook.com\/anovapeneira","https:\/\/x.com\/APeneira"]},{"@type":"Person","@id":"https:\/\/www.anovapeneira.gal\/#\/schema\/person\/b93e3f8932e3f8da96334607eb6ac6aa","name":"Redacci\u00f3n A Nova Peneira","image":{"@type":"ImageObject","inLanguage":"gl-ES","@id":"https:\/\/secure.gravatar.com\/avatar\/c052a2551a06e23fac63626232eaa90abd78dbcf1700fc46a2b2c89fd27b735f?s=96&d=mm&r=g","url":"https:\/\/secure.gravatar.com\/avatar\/c052a2551a06e23fac63626232eaa90abd78dbcf1700fc46a2b2c89fd27b735f?s=96&d=mm&r=g","contentUrl":"https:\/\/secure.gravatar.com\/avatar\/c052a2551a06e23fac63626232eaa90abd78dbcf1700fc46a2b2c89fd27b735f?s=96&d=mm&r=g","caption":"Redacci\u00f3n A Nova Peneira"},"sameAs":["http:\/\/www.anovapeneira.gal\/"],"url":"https:\/\/www.anovapeneira.gal\/index.php\/author\/redactor\/"}]}},"jetpack_featured_media_url":"https:\/\/www.anovapeneira.gal\/wp-content\/uploads\/2019\/11\/ascensor_na_casa_da_quintan.png","_links":{"self":[{"href":"https:\/\/www.anovapeneira.gal\/index.php\/wp-json\/wp\/v2\/posts\/1910","targetHints":{"allow":["GET"]}}],"collection":[{"href":"https:\/\/www.anovapeneira.gal\/index.php\/wp-json\/wp\/v2\/posts"}],"about":[{"href":"https:\/\/www.anovapeneira.gal\/index.php\/wp-json\/wp\/v2\/types\/post"}],"author":[{"embeddable":true,"href":"https:\/\/www.anovapeneira.gal\/index.php\/wp-json\/wp\/v2\/users\/3"}],"replies":[{"embeddable":true,"href":"https:\/\/www.anovapeneira.gal\/index.php\/wp-json\/wp\/v2\/comments?post=1910"}],"version-history":[{"count":1,"href":"https:\/\/www.anovapeneira.gal\/index.php\/wp-json\/wp\/v2\/posts\/1910\/revisions"}],"predecessor-version":[{"id":1912,"href":"https:\/\/www.anovapeneira.gal\/index.php\/wp-json\/wp\/v2\/posts\/1910\/revisions\/1912"}],"wp:featuredmedia":[{"embeddable":true,"href":"https:\/\/www.anovapeneira.gal\/index.php\/wp-json\/wp\/v2\/media\/1911"}],"wp:attachment":[{"href":"https:\/\/www.anovapeneira.gal\/index.php\/wp-json\/wp\/v2\/media?parent=1910"}],"wp:term":[{"taxonomy":"category","embeddable":true,"href":"https:\/\/www.anovapeneira.gal\/index.php\/wp-json\/wp\/v2\/categories?post=1910"},{"taxonomy":"post_tag","embeddable":true,"href":"https:\/\/www.anovapeneira.gal\/index.php\/wp-json\/wp\/v2\/tags?post=1910"}],"curies":[{"name":"wp","href":"https:\/\/api.w.org\/{rel}","templated":true}]}}