{"id":1913,"date":"2019-12-02T10:00:56","date_gmt":"2019-12-02T09:00:56","guid":{"rendered":"http:\/\/www.anovapeneira.gal\/?p=1913"},"modified":"2019-12-02T09:56:30","modified_gmt":"2019-12-02T08:56:30","slug":"un-gran-soto-conectara-baixo-terra-os-tres-edificios-historicos-do-museo-nas-inmediacions-da-praza-da-lena-e-permitira-duplicar-a-sua-superficie-expositiva","status":"publish","type":"post","link":"https:\/\/www.anovapeneira.gal\/index.php\/2019\/12\/02\/un-gran-soto-conectara-baixo-terra-os-tres-edificios-historicos-do-museo-nas-inmediacions-da-praza-da-lena-e-permitira-duplicar-a-sua-superficie-expositiva\/","title":{"rendered":"Un gran soto conectar\u00e1 baixo terra os tres edificios hist\u00f3ricos do museo nas inmediaci\u00f3ns da praza da le\u00f1a e permitir\u00e1 duplicar a s\u00faa superficie expositiva"},"content":{"rendered":"\n<h2 class=\"wp-block-heading\"><strong>O\nvicepresidente C\u00e9sar Mosquera presentou hoxe a proposta de\nrehabilitaci\u00f3n para os edificios Castro Monteagudo, Garc\u00eda Fl\u00f3rez\ne Fern\u00e1ndez L\u00f3pez: \u201c\u00c9 a \u00fanica soluci\u00f3n t\u00e9cnica e\nadministrativamente viable, orixinal, funcional, bonita e lograda\u201d \n<\/strong>\n<\/h2>\n\n\n\n<h3 class=\"wp-block-heading\"><strong>Bas\u00e9ase\nna soluci\u00f3n do Louvre para ampliar e comunicar as s\u00faas instalaci\u00f3ns\ne pretende habilitar 1.900 m2 m\u00e1is dos que xa existen<\/strong><\/h3>\n\n\n\n<h3 class=\"wp-block-heading\"><strong>Os\ntr\u00e1mites para a obra est\u00e1n \u201cenfocados\u201d, inici\u00e1ronse contactos\ncon Xunta e Estado para que participen no financiamento, e a\nperspectiva \u00e9 que as obras comecen no 2021<\/strong><\/h3>\n\n\n\n<p>A\nrehabilitaci\u00f3n dos edificios hist\u00f3ricos do Museo de Pontevedra nas\ninmediaci\u00f3ns da Praza da Le\u00f1a, o Castro Monteagudo, Garc\u00eda Fl\u00f3rez\ne Fern\u00e1ndez L\u00f3pez xa est\u00e1 definida. O vicepresidente C\u00e9sar\nMosquera, o director do Museo Xos\u00e9 Manuel Rey, e o arquitecto e\nasesor provincial Jes\u00fas Fole presentaron hoxe a proposta: a creaci\u00f3n\ndun gran espazo soterrado que conectar\u00e1 baixo terra os tres inmobles\ne permitir\u00e1 duplicar a s\u00faa capacidade expositiva. \n<\/p>\n\n\n\n<p>A\nsoluci\u00f3n, xa falada con Patrimonio e enfocada nos tr\u00e1mites\nadministrativos, \u00e9 segundo o vicepresidente Mosquera, a \u201c\u00fanica\nt\u00e9cnica e administrativamente viable\u201d, ademais de \u201clograda,\nbonita, orixinal e funcional\u201d. Tam\u00e9n se iniciaron conversas coa\nXunta e o Estado para que se involucren no financiamento, coa\nperspectiva de comezar a obra a mediados de 2021 se non existen\ncomplicaci\u00f3ns.<\/p>\n\n\n\n<p>O\nvicepresidente Mosquera destacou que o Museo de Pontevedra \u00e9\n\u201cclaramente\u201d o museo m\u00e1is importante de Galiza. Subli\u00f1ou que\nest\u00e1 moi constre\u00f1ido de espazo pola sobreabundancia de pezas e\ncolecci\u00f3ns, polo que a rehabilitaci\u00f3n dos edificios hist\u00f3ricos que\nlevan pechados e baleirados dende a posta en marcha do \u2018Sexto\nEdificio\u2019 \u00e9 un obxectivo prioritario (xunto \u00e1 mellora da xesti\u00f3n\ne \u00e1 creaci\u00f3n dun novo edificio de Arqueolox\u00eda). \n<\/p>\n\n\n\n<p>\u201cEste\n\u00e9 un dos retos m\u00e1is dif\u00edciles cos que nos enfrontamos\ncolectivamente e eu como responsable p\u00fablico\u201d, dixo -lembrando no\nseu haber actuaci\u00f3ns como a do Pitillo, Mugartegui, o aparcadoiro da\nPraza de Espa\u00f1a-. Incidiu, ademais, en que os pasos que \nhistoricamente se plantexaron para a rehabilitaci\u00f3n atoparon co\n\u201cmuro da inviabilidade\u201d pola complexidade t\u00e9cnica, polo mal\nestado interior dos inmobles (sobre todo do Castro de Monteagudo e\nGarc\u00eda Fl\u00f3rez), e tam\u00e9n pola s\u00faa situaci\u00f3n a cotas diferentes,\nchegando a paralizarse o debate das soluci\u00f3ns en 2013. \n<\/p>\n\n\n\n<p>As\u00ed,\nlogo de activar de novo a rehabilitaci\u00f3n e dun fondo traballo,\nchegouse \u00e1 conclusi\u00f3n de que a conexi\u00f3n soterrada entre os tres\nedificios era a mellor alternativa: crear 1.900 metros m\u00e1is de\nsuperficie constru\u00edda en dous niveis de soto e ga\u00f1ar en\nfuncionalidade ao redistribu\u00edr os 1.945 metros de superficie actual\nen superficie.<\/p>\n\n\n\n<p>A\npartir desa proposta inici\u00e1ronse todos os tr\u00e1mites: houbo contactos\ncon Patrimonio -que amosou a s\u00faa satisfacci\u00f3n por manter intacta a\napariencia do exterior dos edificios-, inici\u00e1ronse as contrataci\u00f3ns\ndo xeot\u00e9cnico e da modificaci\u00f3n do Peprica, est\u00e1 en estudo o\napuntalamento dos edificios durante a obra, e est\u00e1 en redacci\u00f3n o\nconvenio co Concello de Pontevedra para que ceda o uso do subsolo.<\/p>\n\n\n\n<p>En\ncanto aos prazos, a previsi\u00f3n \u00e9 que as obras comecen en dous anos,\nestando abertos xa os contactos con Xunta de Galicia e Estado para\nque aporten parte do investimento da rehabilitacion, que ten un custe\nestimado de 2.500 euros por metro cadrado. \u201c-O financiamento desta\nobra no Museo- est\u00e1 entre as famosas condici\u00f3ns da Axenda Galega\nque o BNG negocia en Madrid, pero tam\u00e9n o negociaremos pola v\u00eda\ninstitucional\u201d, dixo Mosquera, salientando tam\u00e9n o compormiso da\npresidenta Carmela Silva para presionar tanto ao goberno galego como\nao estatal.<\/p>\n\n\n\n<p><strong>A\nsoluci\u00f3n m\u00e1is id\u00f3nea <\/strong>\n<\/p>\n\n\n\n<p>Pola\ns\u00faa banda, o director do Museo Xos\u00e9 Manuel Rey, explicou os\ncondicionamentos e limitaci\u00f3ns que existen a d\u00eda de hoxe nos\nedificios hist\u00f3ricos do Museo que levaron a plantexar a soluci\u00f3n\npresentada hoxe como a m\u00e1is id\u00f3nea. \n<\/p>\n\n\n\n<p>O\nprimeiro a destacar foi que os edificios Garc\u00eda Fl\u00f3rez e Castro de\nMonteagudo, por ser os primixenios da instituci\u00f3n muse\u00edstica e o\nseu valor simb\u00f3lico, deber\u00edan manterse de maneira \u201cirrenunciable\u201d\nna proposta construtiva. As\u00ed mesmo, e dados os graves problemas de\nacceso e comunicaci\u00f3n entre os inmobles, unha das apostas era\ngarantir a plena accesibilidade para todas as persoas nas mesmas\ncondici\u00f3ns. \n<\/p>\n\n\n\n<p>A\nseguir, Rey subli\u00f1ou a importancia de crear unha zona de acceso\n\u00fanica cunha grande entrada na que se garantisen os servizos e\nelementos imprescindibles para as e os visitantes; a aposta por unha\nsoluci\u00f3n que eliminase a compartimentaci\u00f3n das estancias e\npermitise recuperar a configuraci\u00f3n orixinal dos inmobles; a\nnecesidade de ga\u00f1ar superficie \u00fatil significativa para activar\ncolecci\u00f3ns e pezas que non est\u00e1n en exhibici\u00f3n; a garant\u00eda de dar\nun servizo p\u00fablico de calidade en cuesti\u00f3ns de seguridade,\nclimatizaci\u00f3n, ou comunicaci\u00f3n vertical, entre outras; as\u00ed como\ngarantir espazos inexistentes e recuperar instalaci\u00f3ns obsoletas\npara mellorar as condici\u00f3ns de traballo do persoal (coa creaci\u00f3n de\naulas ou espazos de obradoiros).<\/p>\n\n\n\n<p><strong>O\nLouvre, a inspiraci\u00f3n<\/strong><\/p>\n\n\n\n<p>O\narquitecto e asesor provincial Jes\u00fas Fole foi o autor da proposta de\nrehabilitaci\u00f3n presentada hoxe. Destacou que est\u00e1 inspirada na\nsoluci\u00f3n adoptada polo Louvre en Par\u00eds para comunicar e ampliar a\ns\u00faa superficie expositiva, baleirando o espazo interior aos pazos\nlaterais e reorganizando circulaci\u00f3ns de p\u00fablico. \n<\/p>\n\n\n\n<p>Segundo\ndixo, en calquera caso, a actuaci\u00f3n en Pontevedra \u2013deixando a un\nlado a s\u00faa magnitude en superficie- \u201c\u00e9 un reto m\u00e1is complexo\u201d\nque o do Louvre polos cambios de rasante que existen entre os\nedificios.  Subli\u00f1ou que se duplica a superficie real de Castro\nMonteagudo, Garc\u00eda Fl\u00f3rez e Fern\u00e1ndez L\u00f3pez, pasando dos 1.945\nmetros cadrados actuais a 3.845 metros coa construci\u00f3n do novo soto\na dous niveis. Este distrib\u00faese baixo a planta dos tres edificios e\nbaixo os 25 metros da zona de uni\u00f3n do Fern\u00e1ndez L\u00f3pez co Castro\nde Monteagudo, onde agora est\u00e1 a estatua de Castelao.<\/p>\n\n\n\n<p>Unha\nvez rehabilitado o conxunto de edificios do Museo na contorna da\nPraza da Le\u00f1a, o p\u00fablico entrar\u00e1 a trav\u00e9s dun acceso \u00fanico polos\nsoportais inferiores do edificio Fern\u00e1ndez L\u00f3pez en nivel O, nunha\nzona de 250 metros cadrados. Logo poder\u00e1 pasar ao soto no nivel -1,\nque ser\u00e1 compartido entre os edificios Castro Monteagudo e Fern\u00e1ndez\nL\u00f3pez, e despois baixar ao soto nivel -2, compartido para edificios\nGarc\u00eda Fl\u00f3rez e Castro Monteagudo. Estas plantas inferiores e as\nsuperiores estar\u00e1n comunicadas, entre outras f\u00f3rmulas, cun novo\nascensor a constru\u00edr na torre do edificio Castro Monteagudo, por\nonde se chegar\u00e1 a un novo miradoiro dende onde observar os\ncampanarios de Santa Mar\u00eda e San Bartolom\u00e9. \u201cEsta rehabilitaci\u00f3n\n\u00e9 complexa pero factible: unha verdadeira obra de enxe\u00f1er\u00eda\navanzada. \u00c9 un espect\u00e1culo\u201d, cualificou o arquitecto.<\/p>\n","protected":false},"excerpt":{"rendered":"<div class=\"mh-excerpt\"><p>O vicepresidente C\u00e9sar Mosquera presentou hoxe a proposta de rehabilitaci\u00f3n para os edificios Castro Monteagudo, Garc\u00eda Fl\u00f3rez e Fern\u00e1ndez L\u00f3pez <a class=\"mh-excerpt-more\" href=\"https:\/\/www.anovapeneira.gal\/index.php\/2019\/12\/02\/un-gran-soto-conectara-baixo-terra-os-tres-edificios-historicos-do-museo-nas-inmediacions-da-praza-da-lena-e-permitira-duplicar-a-sua-superficie-expositiva\/\" title=\"Un gran soto conectar\u00e1 baixo terra os tres edificios hist\u00f3ricos do museo nas inmediaci\u00f3ns da praza da le\u00f1a e permitir\u00e1 duplicar a s\u00faa superficie expositiva\">[&#8230;]<\/a><\/p>\n<\/div>","protected":false},"author":3,"featured_media":1914,"comment_status":"open","ping_status":"open","sticky":false,"template":"","format":"standard","meta":{"_exactmetrics_skip_tracking":false,"_exactmetrics_sitenote_active":false,"_exactmetrics_sitenote_note":"","_exactmetrics_sitenote_category":0,"footnotes":""},"categories":[26],"tags":[756,33,823],"class_list":{"0":"post-1913","1":"post","2":"type-post","3":"status-publish","4":"format-standard","5":"has-post-thumbnail","7":"category-pontevedra","8":"tag-concello-de-pontevedra","9":"tag-cultura","10":"tag-museo"},"yoast_head":"<!-- This site is optimized with the Yoast SEO plugin v27.4 - https:\/\/yoast.com\/product\/yoast-seo-wordpress\/ -->\n<title>Un gran soto conectar\u00e1 baixo terra os tres edificios hist\u00f3ricos do museo nas inmediaci\u00f3ns da praza da le\u00f1a e permitir\u00e1 duplicar a s\u00faa superficie expositiva -<\/title>\n<meta name=\"robots\" content=\"index, follow, max-snippet:-1, max-image-preview:large, max-video-preview:-1\" \/>\n<link rel=\"canonical\" href=\"https:\/\/www.anovapeneira.gal\/index.php\/2019\/12\/02\/un-gran-soto-conectara-baixo-terra-os-tres-edificios-historicos-do-museo-nas-inmediacions-da-praza-da-lena-e-permitira-duplicar-a-sua-superficie-expositiva\/\" \/>\n<meta property=\"og:locale\" content=\"gl_ES\" \/>\n<meta property=\"og:type\" content=\"article\" \/>\n<meta property=\"og:title\" content=\"Un gran soto conectar\u00e1 baixo terra os tres edificios hist\u00f3ricos do museo nas inmediaci\u00f3ns da praza da le\u00f1a e permitir\u00e1 duplicar a s\u00faa superficie expositiva -\" \/>\n<meta property=\"og:description\" content=\"O vicepresidente C\u00e9sar Mosquera presentou hoxe a proposta de rehabilitaci\u00f3n para os edificios Castro Monteagudo, Garc\u00eda Fl\u00f3rez e Fern\u00e1ndez L\u00f3pez [...]\" \/>\n<meta property=\"og:url\" content=\"https:\/\/www.anovapeneira.gal\/index.php\/2019\/12\/02\/un-gran-soto-conectara-baixo-terra-os-tres-edificios-historicos-do-museo-nas-inmediacions-da-praza-da-lena-e-permitira-duplicar-a-sua-superficie-expositiva\/\" \/>\n<meta property=\"article:publisher\" content=\"https:\/\/www.facebook.com\/anovapeneira\" \/>\n<meta property=\"article:published_time\" content=\"2019-12-02T09:00:56+00:00\" \/>\n<meta property=\"og:image\" content=\"https:\/\/www.anovapeneira.gal\/wp-content\/uploads\/2019\/11\/REHAB_MUSEO_a_nova_peneira.jpg\" \/>\n\t<meta property=\"og:image:width\" content=\"720\" \/>\n\t<meta property=\"og:image:height\" content=\"432\" \/>\n\t<meta property=\"og:image:type\" content=\"image\/jpeg\" \/>\n<meta name=\"author\" content=\"Redacci\u00f3n A Nova Peneira\" \/>\n<meta name=\"twitter:card\" content=\"summary_large_image\" \/>\n<meta name=\"twitter:creator\" content=\"@APeneira\" \/>\n<meta name=\"twitter:site\" content=\"@APeneira\" \/>\n<meta name=\"twitter:label1\" content=\"Escrito por\" \/>\n\t<meta name=\"twitter:data1\" content=\"Redacci\u00f3n A Nova Peneira\" \/>\n\t<meta name=\"twitter:label2\" content=\"Tempo de lectura\" \/>\n\t<meta name=\"twitter:data2\" content=\"6 minutos\" \/>\n<script type=\"application\/ld+json\" class=\"yoast-schema-graph\">{\"@context\":\"https:\\\/\\\/schema.org\",\"@graph\":[{\"@type\":\"Article\",\"@id\":\"https:\\\/\\\/www.anovapeneira.gal\\\/index.php\\\/2019\\\/12\\\/02\\\/un-gran-soto-conectara-baixo-terra-os-tres-edificios-historicos-do-museo-nas-inmediacions-da-praza-da-lena-e-permitira-duplicar-a-sua-superficie-expositiva\\\/#article\",\"isPartOf\":{\"@id\":\"https:\\\/\\\/www.anovapeneira.gal\\\/index.php\\\/2019\\\/12\\\/02\\\/un-gran-soto-conectara-baixo-terra-os-tres-edificios-historicos-do-museo-nas-inmediacions-da-praza-da-lena-e-permitira-duplicar-a-sua-superficie-expositiva\\\/\"},\"author\":{\"name\":\"Redacci\u00f3n A Nova Peneira\",\"@id\":\"https:\\\/\\\/www.anovapeneira.gal\\\/#\\\/schema\\\/person\\\/b93e3f8932e3f8da96334607eb6ac6aa\"},\"headline\":\"Un gran soto conectar\u00e1 baixo terra os tres edificios hist\u00f3ricos do museo nas inmediaci\u00f3ns da praza da le\u00f1a e permitir\u00e1 duplicar a s\u00faa superficie expositiva\",\"datePublished\":\"2019-12-02T09:00:56+00:00\",\"mainEntityOfPage\":{\"@id\":\"https:\\\/\\\/www.anovapeneira.gal\\\/index.php\\\/2019\\\/12\\\/02\\\/un-gran-soto-conectara-baixo-terra-os-tres-edificios-historicos-do-museo-nas-inmediacions-da-praza-da-lena-e-permitira-duplicar-a-sua-superficie-expositiva\\\/\"},\"wordCount\":1221,\"commentCount\":0,\"publisher\":{\"@id\":\"https:\\\/\\\/www.anovapeneira.gal\\\/#organization\"},\"image\":{\"@id\":\"https:\\\/\\\/www.anovapeneira.gal\\\/index.php\\\/2019\\\/12\\\/02\\\/un-gran-soto-conectara-baixo-terra-os-tres-edificios-historicos-do-museo-nas-inmediacions-da-praza-da-lena-e-permitira-duplicar-a-sua-superficie-expositiva\\\/#primaryimage\"},\"thumbnailUrl\":\"https:\\\/\\\/www.anovapeneira.gal\\\/wp-content\\\/uploads\\\/2019\\\/11\\\/REHAB_MUSEO_a_nova_peneira.jpg\",\"keywords\":[\"Concello de Pontevedra\",\"Cultura\",\"Museo\"],\"articleSection\":[\"Pontevedra\"],\"inLanguage\":\"gl-ES\",\"potentialAction\":[{\"@type\":\"CommentAction\",\"name\":\"Comment\",\"target\":[\"https:\\\/\\\/www.anovapeneira.gal\\\/index.php\\\/2019\\\/12\\\/02\\\/un-gran-soto-conectara-baixo-terra-os-tres-edificios-historicos-do-museo-nas-inmediacions-da-praza-da-lena-e-permitira-duplicar-a-sua-superficie-expositiva\\\/#respond\"]}]},{\"@type\":\"WebPage\",\"@id\":\"https:\\\/\\\/www.anovapeneira.gal\\\/index.php\\\/2019\\\/12\\\/02\\\/un-gran-soto-conectara-baixo-terra-os-tres-edificios-historicos-do-museo-nas-inmediacions-da-praza-da-lena-e-permitira-duplicar-a-sua-superficie-expositiva\\\/\",\"url\":\"https:\\\/\\\/www.anovapeneira.gal\\\/index.php\\\/2019\\\/12\\\/02\\\/un-gran-soto-conectara-baixo-terra-os-tres-edificios-historicos-do-museo-nas-inmediacions-da-praza-da-lena-e-permitira-duplicar-a-sua-superficie-expositiva\\\/\",\"name\":\"Un gran soto conectar\u00e1 baixo terra os tres edificios hist\u00f3ricos do museo nas inmediaci\u00f3ns da praza da le\u00f1a e permitir\u00e1 duplicar a s\u00faa superficie expositiva -\",\"isPartOf\":{\"@id\":\"https:\\\/\\\/www.anovapeneira.gal\\\/#website\"},\"primaryImageOfPage\":{\"@id\":\"https:\\\/\\\/www.anovapeneira.gal\\\/index.php\\\/2019\\\/12\\\/02\\\/un-gran-soto-conectara-baixo-terra-os-tres-edificios-historicos-do-museo-nas-inmediacions-da-praza-da-lena-e-permitira-duplicar-a-sua-superficie-expositiva\\\/#primaryimage\"},\"image\":{\"@id\":\"https:\\\/\\\/www.anovapeneira.gal\\\/index.php\\\/2019\\\/12\\\/02\\\/un-gran-soto-conectara-baixo-terra-os-tres-edificios-historicos-do-museo-nas-inmediacions-da-praza-da-lena-e-permitira-duplicar-a-sua-superficie-expositiva\\\/#primaryimage\"},\"thumbnailUrl\":\"https:\\\/\\\/www.anovapeneira.gal\\\/wp-content\\\/uploads\\\/2019\\\/11\\\/REHAB_MUSEO_a_nova_peneira.jpg\",\"datePublished\":\"2019-12-02T09:00:56+00:00\",\"breadcrumb\":{\"@id\":\"https:\\\/\\\/www.anovapeneira.gal\\\/index.php\\\/2019\\\/12\\\/02\\\/un-gran-soto-conectara-baixo-terra-os-tres-edificios-historicos-do-museo-nas-inmediacions-da-praza-da-lena-e-permitira-duplicar-a-sua-superficie-expositiva\\\/#breadcrumb\"},\"inLanguage\":\"gl-ES\",\"potentialAction\":[{\"@type\":\"ReadAction\",\"target\":[\"https:\\\/\\\/www.anovapeneira.gal\\\/index.php\\\/2019\\\/12\\\/02\\\/un-gran-soto-conectara-baixo-terra-os-tres-edificios-historicos-do-museo-nas-inmediacions-da-praza-da-lena-e-permitira-duplicar-a-sua-superficie-expositiva\\\/\"]}]},{\"@type\":\"ImageObject\",\"inLanguage\":\"gl-ES\",\"@id\":\"https:\\\/\\\/www.anovapeneira.gal\\\/index.php\\\/2019\\\/12\\\/02\\\/un-gran-soto-conectara-baixo-terra-os-tres-edificios-historicos-do-museo-nas-inmediacions-da-praza-da-lena-e-permitira-duplicar-a-sua-superficie-expositiva\\\/#primaryimage\",\"url\":\"https:\\\/\\\/www.anovapeneira.gal\\\/wp-content\\\/uploads\\\/2019\\\/11\\\/REHAB_MUSEO_a_nova_peneira.jpg\",\"contentUrl\":\"https:\\\/\\\/www.anovapeneira.gal\\\/wp-content\\\/uploads\\\/2019\\\/11\\\/REHAB_MUSEO_a_nova_peneira.jpg\",\"width\":720,\"height\":432,\"caption\":\"Museo de Pontevedra A Nova Peneira\"},{\"@type\":\"BreadcrumbList\",\"@id\":\"https:\\\/\\\/www.anovapeneira.gal\\\/index.php\\\/2019\\\/12\\\/02\\\/un-gran-soto-conectara-baixo-terra-os-tres-edificios-historicos-do-museo-nas-inmediacions-da-praza-da-lena-e-permitira-duplicar-a-sua-superficie-expositiva\\\/#breadcrumb\",\"itemListElement\":[{\"@type\":\"ListItem\",\"position\":1,\"name\":\"Portada\",\"item\":\"https:\\\/\\\/www.anovapeneira.gal\\\/\"},{\"@type\":\"ListItem\",\"position\":2,\"name\":\"Un gran soto conectar\u00e1 baixo terra os tres edificios hist\u00f3ricos do museo nas inmediaci\u00f3ns da praza da le\u00f1a e permitir\u00e1 duplicar a s\u00faa superficie expositiva\"}]},{\"@type\":\"WebSite\",\"@id\":\"https:\\\/\\\/www.anovapeneira.gal\\\/#website\",\"url\":\"https:\\\/\\\/www.anovapeneira.gal\\\/\",\"name\":\"\",\"description\":\"Xornal galego de informaci\u00f3n xeral Publicaci\u00f3n mensual de novas de Galicia e en especial dos Concellos da sur da provincia de Pontevedra.\",\"publisher\":{\"@id\":\"https:\\\/\\\/www.anovapeneira.gal\\\/#organization\"},\"potentialAction\":[{\"@type\":\"SearchAction\",\"target\":{\"@type\":\"EntryPoint\",\"urlTemplate\":\"https:\\\/\\\/www.anovapeneira.gal\\\/?s={search_term_string}\"},\"query-input\":{\"@type\":\"PropertyValueSpecification\",\"valueRequired\":true,\"valueName\":\"search_term_string\"}}],\"inLanguage\":\"gl-ES\"},{\"@type\":\"Organization\",\"@id\":\"https:\\\/\\\/www.anovapeneira.gal\\\/#organization\",\"name\":\"A Nova Peneira\",\"url\":\"https:\\\/\\\/www.anovapeneira.gal\\\/\",\"logo\":{\"@type\":\"ImageObject\",\"inLanguage\":\"gl-ES\",\"@id\":\"https:\\\/\\\/www.anovapeneira.gal\\\/#\\\/schema\\\/logo\\\/image\\\/\",\"url\":\"http:\\\/\\\/www.anovapeneira.gal\\\/wp-content\\\/uploads\\\/2019\\\/06\\\/logo_a_nova_peneira_portal_web.png\",\"contentUrl\":\"http:\\\/\\\/www.anovapeneira.gal\\\/wp-content\\\/uploads\\\/2019\\\/06\\\/logo_a_nova_peneira_portal_web.png\",\"width\":300,\"height\":100,\"caption\":\"A Nova Peneira\"},\"image\":{\"@id\":\"https:\\\/\\\/www.anovapeneira.gal\\\/#\\\/schema\\\/logo\\\/image\\\/\"},\"sameAs\":[\"https:\\\/\\\/www.facebook.com\\\/anovapeneira\",\"https:\\\/\\\/x.com\\\/APeneira\"]},{\"@type\":\"Person\",\"@id\":\"https:\\\/\\\/www.anovapeneira.gal\\\/#\\\/schema\\\/person\\\/b93e3f8932e3f8da96334607eb6ac6aa\",\"name\":\"Redacci\u00f3n A Nova Peneira\",\"image\":{\"@type\":\"ImageObject\",\"inLanguage\":\"gl-ES\",\"@id\":\"https:\\\/\\\/secure.gravatar.com\\\/avatar\\\/c052a2551a06e23fac63626232eaa90abd78dbcf1700fc46a2b2c89fd27b735f?s=96&d=mm&r=g\",\"url\":\"https:\\\/\\\/secure.gravatar.com\\\/avatar\\\/c052a2551a06e23fac63626232eaa90abd78dbcf1700fc46a2b2c89fd27b735f?s=96&d=mm&r=g\",\"contentUrl\":\"https:\\\/\\\/secure.gravatar.com\\\/avatar\\\/c052a2551a06e23fac63626232eaa90abd78dbcf1700fc46a2b2c89fd27b735f?s=96&d=mm&r=g\",\"caption\":\"Redacci\u00f3n A Nova Peneira\"},\"sameAs\":[\"http:\\\/\\\/www.anovapeneira.gal\\\/\"],\"url\":\"https:\\\/\\\/www.anovapeneira.gal\\\/index.php\\\/author\\\/redactor\\\/\"}]}<\/script>\n<!-- \/ Yoast SEO plugin. -->","yoast_head_json":{"title":"Un gran soto conectar\u00e1 baixo terra os tres edificios hist\u00f3ricos do museo nas inmediaci\u00f3ns da praza da le\u00f1a e permitir\u00e1 duplicar a s\u00faa superficie expositiva -","robots":{"index":"index","follow":"follow","max-snippet":"max-snippet:-1","max-image-preview":"max-image-preview:large","max-video-preview":"max-video-preview:-1"},"canonical":"https:\/\/www.anovapeneira.gal\/index.php\/2019\/12\/02\/un-gran-soto-conectara-baixo-terra-os-tres-edificios-historicos-do-museo-nas-inmediacions-da-praza-da-lena-e-permitira-duplicar-a-sua-superficie-expositiva\/","og_locale":"gl_ES","og_type":"article","og_title":"Un gran soto conectar\u00e1 baixo terra os tres edificios hist\u00f3ricos do museo nas inmediaci\u00f3ns da praza da le\u00f1a e permitir\u00e1 duplicar a s\u00faa superficie expositiva -","og_description":"O vicepresidente C\u00e9sar Mosquera presentou hoxe a proposta de rehabilitaci\u00f3n para os edificios Castro Monteagudo, Garc\u00eda Fl\u00f3rez e Fern\u00e1ndez L\u00f3pez [...]","og_url":"https:\/\/www.anovapeneira.gal\/index.php\/2019\/12\/02\/un-gran-soto-conectara-baixo-terra-os-tres-edificios-historicos-do-museo-nas-inmediacions-da-praza-da-lena-e-permitira-duplicar-a-sua-superficie-expositiva\/","article_publisher":"https:\/\/www.facebook.com\/anovapeneira","article_published_time":"2019-12-02T09:00:56+00:00","og_image":[{"width":720,"height":432,"url":"https:\/\/www.anovapeneira.gal\/wp-content\/uploads\/2019\/11\/REHAB_MUSEO_a_nova_peneira.jpg","type":"image\/jpeg"}],"author":"Redacci\u00f3n A Nova Peneira","twitter_card":"summary_large_image","twitter_creator":"@APeneira","twitter_site":"@APeneira","twitter_misc":{"Escrito por":"Redacci\u00f3n A Nova Peneira","Tempo de lectura":"6 minutos"},"schema":{"@context":"https:\/\/schema.org","@graph":[{"@type":"Article","@id":"https:\/\/www.anovapeneira.gal\/index.php\/2019\/12\/02\/un-gran-soto-conectara-baixo-terra-os-tres-edificios-historicos-do-museo-nas-inmediacions-da-praza-da-lena-e-permitira-duplicar-a-sua-superficie-expositiva\/#article","isPartOf":{"@id":"https:\/\/www.anovapeneira.gal\/index.php\/2019\/12\/02\/un-gran-soto-conectara-baixo-terra-os-tres-edificios-historicos-do-museo-nas-inmediacions-da-praza-da-lena-e-permitira-duplicar-a-sua-superficie-expositiva\/"},"author":{"name":"Redacci\u00f3n A Nova Peneira","@id":"https:\/\/www.anovapeneira.gal\/#\/schema\/person\/b93e3f8932e3f8da96334607eb6ac6aa"},"headline":"Un gran soto conectar\u00e1 baixo terra os tres edificios hist\u00f3ricos do museo nas inmediaci\u00f3ns da praza da le\u00f1a e permitir\u00e1 duplicar a s\u00faa superficie expositiva","datePublished":"2019-12-02T09:00:56+00:00","mainEntityOfPage":{"@id":"https:\/\/www.anovapeneira.gal\/index.php\/2019\/12\/02\/un-gran-soto-conectara-baixo-terra-os-tres-edificios-historicos-do-museo-nas-inmediacions-da-praza-da-lena-e-permitira-duplicar-a-sua-superficie-expositiva\/"},"wordCount":1221,"commentCount":0,"publisher":{"@id":"https:\/\/www.anovapeneira.gal\/#organization"},"image":{"@id":"https:\/\/www.anovapeneira.gal\/index.php\/2019\/12\/02\/un-gran-soto-conectara-baixo-terra-os-tres-edificios-historicos-do-museo-nas-inmediacions-da-praza-da-lena-e-permitira-duplicar-a-sua-superficie-expositiva\/#primaryimage"},"thumbnailUrl":"https:\/\/www.anovapeneira.gal\/wp-content\/uploads\/2019\/11\/REHAB_MUSEO_a_nova_peneira.jpg","keywords":["Concello de Pontevedra","Cultura","Museo"],"articleSection":["Pontevedra"],"inLanguage":"gl-ES","potentialAction":[{"@type":"CommentAction","name":"Comment","target":["https:\/\/www.anovapeneira.gal\/index.php\/2019\/12\/02\/un-gran-soto-conectara-baixo-terra-os-tres-edificios-historicos-do-museo-nas-inmediacions-da-praza-da-lena-e-permitira-duplicar-a-sua-superficie-expositiva\/#respond"]}]},{"@type":"WebPage","@id":"https:\/\/www.anovapeneira.gal\/index.php\/2019\/12\/02\/un-gran-soto-conectara-baixo-terra-os-tres-edificios-historicos-do-museo-nas-inmediacions-da-praza-da-lena-e-permitira-duplicar-a-sua-superficie-expositiva\/","url":"https:\/\/www.anovapeneira.gal\/index.php\/2019\/12\/02\/un-gran-soto-conectara-baixo-terra-os-tres-edificios-historicos-do-museo-nas-inmediacions-da-praza-da-lena-e-permitira-duplicar-a-sua-superficie-expositiva\/","name":"Un gran soto conectar\u00e1 baixo terra os tres edificios hist\u00f3ricos do museo nas inmediaci\u00f3ns da praza da le\u00f1a e permitir\u00e1 duplicar a s\u00faa superficie expositiva -","isPartOf":{"@id":"https:\/\/www.anovapeneira.gal\/#website"},"primaryImageOfPage":{"@id":"https:\/\/www.anovapeneira.gal\/index.php\/2019\/12\/02\/un-gran-soto-conectara-baixo-terra-os-tres-edificios-historicos-do-museo-nas-inmediacions-da-praza-da-lena-e-permitira-duplicar-a-sua-superficie-expositiva\/#primaryimage"},"image":{"@id":"https:\/\/www.anovapeneira.gal\/index.php\/2019\/12\/02\/un-gran-soto-conectara-baixo-terra-os-tres-edificios-historicos-do-museo-nas-inmediacions-da-praza-da-lena-e-permitira-duplicar-a-sua-superficie-expositiva\/#primaryimage"},"thumbnailUrl":"https:\/\/www.anovapeneira.gal\/wp-content\/uploads\/2019\/11\/REHAB_MUSEO_a_nova_peneira.jpg","datePublished":"2019-12-02T09:00:56+00:00","breadcrumb":{"@id":"https:\/\/www.anovapeneira.gal\/index.php\/2019\/12\/02\/un-gran-soto-conectara-baixo-terra-os-tres-edificios-historicos-do-museo-nas-inmediacions-da-praza-da-lena-e-permitira-duplicar-a-sua-superficie-expositiva\/#breadcrumb"},"inLanguage":"gl-ES","potentialAction":[{"@type":"ReadAction","target":["https:\/\/www.anovapeneira.gal\/index.php\/2019\/12\/02\/un-gran-soto-conectara-baixo-terra-os-tres-edificios-historicos-do-museo-nas-inmediacions-da-praza-da-lena-e-permitira-duplicar-a-sua-superficie-expositiva\/"]}]},{"@type":"ImageObject","inLanguage":"gl-ES","@id":"https:\/\/www.anovapeneira.gal\/index.php\/2019\/12\/02\/un-gran-soto-conectara-baixo-terra-os-tres-edificios-historicos-do-museo-nas-inmediacions-da-praza-da-lena-e-permitira-duplicar-a-sua-superficie-expositiva\/#primaryimage","url":"https:\/\/www.anovapeneira.gal\/wp-content\/uploads\/2019\/11\/REHAB_MUSEO_a_nova_peneira.jpg","contentUrl":"https:\/\/www.anovapeneira.gal\/wp-content\/uploads\/2019\/11\/REHAB_MUSEO_a_nova_peneira.jpg","width":720,"height":432,"caption":"Museo de Pontevedra A Nova Peneira"},{"@type":"BreadcrumbList","@id":"https:\/\/www.anovapeneira.gal\/index.php\/2019\/12\/02\/un-gran-soto-conectara-baixo-terra-os-tres-edificios-historicos-do-museo-nas-inmediacions-da-praza-da-lena-e-permitira-duplicar-a-sua-superficie-expositiva\/#breadcrumb","itemListElement":[{"@type":"ListItem","position":1,"name":"Portada","item":"https:\/\/www.anovapeneira.gal\/"},{"@type":"ListItem","position":2,"name":"Un gran soto conectar\u00e1 baixo terra os tres edificios hist\u00f3ricos do museo nas inmediaci\u00f3ns da praza da le\u00f1a e permitir\u00e1 duplicar a s\u00faa superficie expositiva"}]},{"@type":"WebSite","@id":"https:\/\/www.anovapeneira.gal\/#website","url":"https:\/\/www.anovapeneira.gal\/","name":"","description":"Xornal galego de informaci\u00f3n xeral Publicaci\u00f3n mensual de novas de Galicia e en especial dos Concellos da sur da provincia de Pontevedra.","publisher":{"@id":"https:\/\/www.anovapeneira.gal\/#organization"},"potentialAction":[{"@type":"SearchAction","target":{"@type":"EntryPoint","urlTemplate":"https:\/\/www.anovapeneira.gal\/?s={search_term_string}"},"query-input":{"@type":"PropertyValueSpecification","valueRequired":true,"valueName":"search_term_string"}}],"inLanguage":"gl-ES"},{"@type":"Organization","@id":"https:\/\/www.anovapeneira.gal\/#organization","name":"A Nova Peneira","url":"https:\/\/www.anovapeneira.gal\/","logo":{"@type":"ImageObject","inLanguage":"gl-ES","@id":"https:\/\/www.anovapeneira.gal\/#\/schema\/logo\/image\/","url":"http:\/\/www.anovapeneira.gal\/wp-content\/uploads\/2019\/06\/logo_a_nova_peneira_portal_web.png","contentUrl":"http:\/\/www.anovapeneira.gal\/wp-content\/uploads\/2019\/06\/logo_a_nova_peneira_portal_web.png","width":300,"height":100,"caption":"A Nova Peneira"},"image":{"@id":"https:\/\/www.anovapeneira.gal\/#\/schema\/logo\/image\/"},"sameAs":["https:\/\/www.facebook.com\/anovapeneira","https:\/\/x.com\/APeneira"]},{"@type":"Person","@id":"https:\/\/www.anovapeneira.gal\/#\/schema\/person\/b93e3f8932e3f8da96334607eb6ac6aa","name":"Redacci\u00f3n A Nova Peneira","image":{"@type":"ImageObject","inLanguage":"gl-ES","@id":"https:\/\/secure.gravatar.com\/avatar\/c052a2551a06e23fac63626232eaa90abd78dbcf1700fc46a2b2c89fd27b735f?s=96&d=mm&r=g","url":"https:\/\/secure.gravatar.com\/avatar\/c052a2551a06e23fac63626232eaa90abd78dbcf1700fc46a2b2c89fd27b735f?s=96&d=mm&r=g","contentUrl":"https:\/\/secure.gravatar.com\/avatar\/c052a2551a06e23fac63626232eaa90abd78dbcf1700fc46a2b2c89fd27b735f?s=96&d=mm&r=g","caption":"Redacci\u00f3n A Nova Peneira"},"sameAs":["http:\/\/www.anovapeneira.gal\/"],"url":"https:\/\/www.anovapeneira.gal\/index.php\/author\/redactor\/"}]}},"jetpack_featured_media_url":"https:\/\/www.anovapeneira.gal\/wp-content\/uploads\/2019\/11\/REHAB_MUSEO_a_nova_peneira.jpg","_links":{"self":[{"href":"https:\/\/www.anovapeneira.gal\/index.php\/wp-json\/wp\/v2\/posts\/1913","targetHints":{"allow":["GET"]}}],"collection":[{"href":"https:\/\/www.anovapeneira.gal\/index.php\/wp-json\/wp\/v2\/posts"}],"about":[{"href":"https:\/\/www.anovapeneira.gal\/index.php\/wp-json\/wp\/v2\/types\/post"}],"author":[{"embeddable":true,"href":"https:\/\/www.anovapeneira.gal\/index.php\/wp-json\/wp\/v2\/users\/3"}],"replies":[{"embeddable":true,"href":"https:\/\/www.anovapeneira.gal\/index.php\/wp-json\/wp\/v2\/comments?post=1913"}],"version-history":[{"count":1,"href":"https:\/\/www.anovapeneira.gal\/index.php\/wp-json\/wp\/v2\/posts\/1913\/revisions"}],"predecessor-version":[{"id":1915,"href":"https:\/\/www.anovapeneira.gal\/index.php\/wp-json\/wp\/v2\/posts\/1913\/revisions\/1915"}],"wp:featuredmedia":[{"embeddable":true,"href":"https:\/\/www.anovapeneira.gal\/index.php\/wp-json\/wp\/v2\/media\/1914"}],"wp:attachment":[{"href":"https:\/\/www.anovapeneira.gal\/index.php\/wp-json\/wp\/v2\/media?parent=1913"}],"wp:term":[{"taxonomy":"category","embeddable":true,"href":"https:\/\/www.anovapeneira.gal\/index.php\/wp-json\/wp\/v2\/categories?post=1913"},{"taxonomy":"post_tag","embeddable":true,"href":"https:\/\/www.anovapeneira.gal\/index.php\/wp-json\/wp\/v2\/tags?post=1913"}],"curies":[{"name":"wp","href":"https:\/\/api.w.org\/{rel}","templated":true}]}}