{"id":1916,"date":"2019-12-03T10:00:40","date_gmt":"2019-12-03T09:00:40","guid":{"rendered":"http:\/\/www.anovapeneira.gal\/?p=1916"},"modified":"2019-12-02T09:54:40","modified_gmt":"2019-12-02T08:54:40","slug":"o-grupo-comun-da-esquerda-esixe-ao-director-xeral-da-crtvg-que-mellore-as-condicions-laborais-dos-traballadores-da-radio-galega","status":"publish","type":"post","link":"https:\/\/www.anovapeneira.gal\/index.php\/2019\/12\/03\/o-grupo-comun-da-esquerda-esixe-ao-director-xeral-da-crtvg-que-mellore-as-condicions-laborais-dos-traballadores-da-radio-galega\/","title":{"rendered":"O Grupo Com\u00fan da Esquerda esixe ao director xeral da CRTVG que mellore as condici\u00f3ns laborais dos traballadores da Radio Galega"},"content":{"rendered":"\n<h2 class=\"wp-block-heading\"><em>Xan Xove expuxo no Parlamento o informe elaborado polo persoal da emisora, que apunta cara un desmantelamento deliberado da mesma<\/em><\/h2>\n\n\n\n<p><strong>Santiago, 29\u00a0de novembro de 2019<\/strong><\/p>\n\n\n\n<p>Esta\nma\u00f1\u00e1, coincidindo co octox\u00e9simo Venres Negro de Defende a Galega,\nXan Xove levou \u00e1 Comisi\u00f3n de Control da CRTVG o informe elaborado\npolos traballadores e traballadoras da Radio Galega, no que amosan\ncomo a Compa\u00f1\u00eda est\u00e1 a desmantelar deliberadamente a emisora\np\u00fablica a trav\u00e9s dunha deterioraci\u00f3n&nbsp;das condici\u00f3ns\nlaborais, que comprometen a calidade do servizo.&nbsp;<br><br>Neste\nVenres Negro, as traballadoras lembran que se cumpren nove anos do\npeche das delegaci\u00f3ns locais da Mari\u00f1a, Ferrol e Pontevedra. A\nprogresiva desaparici\u00f3n da informaci\u00f3n local e a falta de medios e\nt\u00e9cnicos de son nas delegaci\u00f3ns locais son algunhas das cuesti\u00f3ns\nque, precisamente, constan neste informe dos traballadores da Radio\nGalega. &#8220;A Radio Galega non ten que rexerse polos n\u00fameros de\naudiencia como fan as emisoras privadas, porque \u00e9 un medio p\u00fablico,\ne ten que dar cobertura precisamente a contidos que non te\u00f1en cabida\nnas radios xeralistas comerciais&#8221;, apuntou Xan Xove. Lembroulle\ntam\u00e9n ao director xeral da CRTVG que a garant\u00eda de plena cobertura\nno conxunto do territorio \u00e9 precisamente un dos criterios que te\u00f1en\nque rexer os contidos da Radio Galega, segundo a Lei de Medios\nP\u00fablicos, xunto a outros como a promoci\u00f3n e difusi\u00f3n da cultura\ngalega;&nbsp;a potenciaci\u00f3n da produci\u00f3n audiovisual propia;&nbsp;o\nreflexo do pluralismo ideol\u00f3xico, pol\u00edtico, cultural e social de\nGalicia, e a obxectividade, imparcialidade e neutralidade\ninformativas.<br><br>O deputado do Grupo Com\u00fan da Esquerda tam\u00e9n\nexpuxo varias denuncias recollidas no informe no respectivo \u00e1s\ncondici\u00f3ns laborais na secci\u00f3n de Deportes: &#8220;rec\u00f3rrese de\nxeito excesivo a colaboradores en detrimento do persoal fixo, non se\nrespectan as doce horas de descanso entre xornadas laborais, sobre\ntodo cando hai desprazamentos, e non se est\u00e1n a cubrir as prazas de\npersoal xubilado e prexubilado&#8221;, resumiu. Enumerou tam\u00e9n\nalgunhas das denuncias da secci\u00f3n de Informativos, entre as que\nest\u00e1n a organizaci\u00f3n ca\u00f3tica do departamento, o privilexio \u00e1\ninformaci\u00f3n pol\u00edtica que prov\u00e9n de f\u00f3ra de Galicia ou&nbsp;o\ntratamento favorable cara o PPdeG nos informativos.<br><br>&#8220;O\ninforme tam\u00e9n denuncia que gran parte do contido emitido no ver\u00e1n\nera enlatado, pero non gravado especificamente para esas emisi\u00f3ns\ndurante o ver\u00e1n, sen\u00f3n pregravado e reutilizado, coa conseguinte\nmingua de calidade que isto sup\u00f3n&#8221;, apuntou tam\u00e9n Xan Xove.\n&#8220;Hai moitas m\u00e1is cuesti\u00f3ns que mencionar, case&nbsp;\u00e9 dif\u00edcil\nrecollelas todas: o software est\u00e1 totalmente obsoleto, pasouse da\norganizaci\u00f3n en equipos a unha organizaci\u00f3n xer\u00e1rquica e\nindividualizada, estase a prescindir de xente en determinados\nprogramas&#8230;&#8221;, enumerou. &#8220;Un\u00edmonos tam\u00e9n \u00e1 denuncia do\npeche do diario cultural, para ser substitu\u00eddo por diversos\ncontedores culturais sen ningunha personalidade&#8221;,\nengadiu.<br><br>Finalmente, o deputado instou a S\u00e1nchez Izquierdo e\nao conxunto da direcci\u00f3n da CRTVG a &#8220;escoitar as\nreivindicaci\u00f3ns dos traballadores, porque te\u00f1en a intenci\u00f3n de\nmellorar a calidade dos contidos da Radio Galega&#8221; e a &#8220;corrixir\nas eivas sinaladas, recuperar a informaci\u00f3n de proximidade,\nrespectar as doce horas de descanso entre xornadas e cubrir as prazas\nde xubilados e prexubilados&#8221;.<\/p>\n","protected":false},"excerpt":{"rendered":"<div class=\"mh-excerpt\"><p>Xan Xove expuxo no Parlamento o informe elaborado polo persoal da emisora, que apunta cara un desmantelamento deliberado da mesma <a class=\"mh-excerpt-more\" href=\"https:\/\/www.anovapeneira.gal\/index.php\/2019\/12\/03\/o-grupo-comun-da-esquerda-esixe-ao-director-xeral-da-crtvg-que-mellore-as-condicions-laborais-dos-traballadores-da-radio-galega\/\" title=\"O Grupo Com\u00fan da Esquerda esixe ao director xeral da CRTVG que mellore as condici\u00f3ns laborais dos traballadores da Radio Galega\">[&#8230;]<\/a><\/p>\n<\/div>","protected":false},"author":3,"featured_media":1917,"comment_status":"open","ping_status":"open","sticky":false,"template":"","format":"standard","meta":{"_exactmetrics_skip_tracking":false,"_exactmetrics_sitenote_active":false,"_exactmetrics_sitenote_note":"","_exactmetrics_sitenote_category":0,"footnotes":""},"categories":[263],"tags":[824,825,722,12],"class_list":{"0":"post-1916","1":"post","2":"type-post","3":"status-publish","4":"format-standard","5":"has-post-thumbnail","7":"category-novas","8":"tag-crtvg","9":"tag-defende-a-galega","10":"tag-grupo-comun-da-esquerda","11":"tag-politica"},"yoast_head":"<!-- This site is optimized with the Yoast SEO plugin v27.4 - https:\/\/yoast.com\/product\/yoast-seo-wordpress\/ -->\n<title>O Grupo Com\u00fan da Esquerda esixe ao director xeral da CRTVG que mellore as condici\u00f3ns laborais dos traballadores da Radio Galega -<\/title>\n<meta name=\"robots\" content=\"index, follow, max-snippet:-1, max-image-preview:large, max-video-preview:-1\" \/>\n<link rel=\"canonical\" href=\"https:\/\/www.anovapeneira.gal\/index.php\/2019\/12\/03\/o-grupo-comun-da-esquerda-esixe-ao-director-xeral-da-crtvg-que-mellore-as-condicions-laborais-dos-traballadores-da-radio-galega\/\" \/>\n<meta property=\"og:locale\" content=\"gl_ES\" \/>\n<meta property=\"og:type\" content=\"article\" \/>\n<meta property=\"og:title\" content=\"O Grupo Com\u00fan da Esquerda esixe ao director xeral da CRTVG que mellore as condici\u00f3ns laborais dos traballadores da Radio Galega -\" \/>\n<meta property=\"og:description\" content=\"Xan Xove expuxo no Parlamento o informe elaborado polo persoal da emisora, que apunta cara un desmantelamento deliberado da mesma [...]\" \/>\n<meta property=\"og:url\" content=\"https:\/\/www.anovapeneira.gal\/index.php\/2019\/12\/03\/o-grupo-comun-da-esquerda-esixe-ao-director-xeral-da-crtvg-que-mellore-as-condicions-laborais-dos-traballadores-da-radio-galega\/\" \/>\n<meta property=\"article:publisher\" content=\"https:\/\/www.facebook.com\/anovapeneira\" \/>\n<meta property=\"article:published_time\" content=\"2019-12-03T09:00:40+00:00\" \/>\n<meta property=\"og:image\" content=\"https:\/\/www.anovapeneira.gal\/wp-content\/uploads\/2019\/12\/grupo_comun_da_esquerda.jpg\" \/>\n\t<meta property=\"og:image:width\" content=\"720\" \/>\n\t<meta property=\"og:image:height\" content=\"432\" \/>\n\t<meta property=\"og:image:type\" content=\"image\/jpeg\" \/>\n<meta name=\"author\" content=\"Redacci\u00f3n A Nova Peneira\" \/>\n<meta name=\"twitter:card\" content=\"summary_large_image\" \/>\n<meta name=\"twitter:creator\" content=\"@APeneira\" \/>\n<meta name=\"twitter:site\" content=\"@APeneira\" \/>\n<meta name=\"twitter:label1\" content=\"Escrito por\" \/>\n\t<meta name=\"twitter:data1\" content=\"Redacci\u00f3n A Nova Peneira\" \/>\n\t<meta name=\"twitter:label2\" content=\"Tempo de lectura\" \/>\n\t<meta name=\"twitter:data2\" content=\"3 minutos\" \/>\n<script type=\"application\/ld+json\" class=\"yoast-schema-graph\">{\"@context\":\"https:\\\/\\\/schema.org\",\"@graph\":[{\"@type\":\"Article\",\"@id\":\"https:\\\/\\\/www.anovapeneira.gal\\\/index.php\\\/2019\\\/12\\\/03\\\/o-grupo-comun-da-esquerda-esixe-ao-director-xeral-da-crtvg-que-mellore-as-condicions-laborais-dos-traballadores-da-radio-galega\\\/#article\",\"isPartOf\":{\"@id\":\"https:\\\/\\\/www.anovapeneira.gal\\\/index.php\\\/2019\\\/12\\\/03\\\/o-grupo-comun-da-esquerda-esixe-ao-director-xeral-da-crtvg-que-mellore-as-condicions-laborais-dos-traballadores-da-radio-galega\\\/\"},\"author\":{\"name\":\"Redacci\u00f3n A Nova Peneira\",\"@id\":\"https:\\\/\\\/www.anovapeneira.gal\\\/#\\\/schema\\\/person\\\/b93e3f8932e3f8da96334607eb6ac6aa\"},\"headline\":\"O Grupo Com\u00fan da Esquerda esixe ao director xeral da CRTVG que mellore as condici\u00f3ns laborais dos traballadores da Radio Galega\",\"datePublished\":\"2019-12-03T09:00:40+00:00\",\"mainEntityOfPage\":{\"@id\":\"https:\\\/\\\/www.anovapeneira.gal\\\/index.php\\\/2019\\\/12\\\/03\\\/o-grupo-comun-da-esquerda-esixe-ao-director-xeral-da-crtvg-que-mellore-as-condicions-laborais-dos-traballadores-da-radio-galega\\\/\"},\"wordCount\":590,\"commentCount\":0,\"publisher\":{\"@id\":\"https:\\\/\\\/www.anovapeneira.gal\\\/#organization\"},\"image\":{\"@id\":\"https:\\\/\\\/www.anovapeneira.gal\\\/index.php\\\/2019\\\/12\\\/03\\\/o-grupo-comun-da-esquerda-esixe-ao-director-xeral-da-crtvg-que-mellore-as-condicions-laborais-dos-traballadores-da-radio-galega\\\/#primaryimage\"},\"thumbnailUrl\":\"https:\\\/\\\/www.anovapeneira.gal\\\/wp-content\\\/uploads\\\/2019\\\/12\\\/grupo_comun_da_esquerda.jpg\",\"keywords\":[\"CRTVG\",\"Defende a Galega\",\"Grupo Com\u00fan da Esquerda\",\"Pol\u00edtica\"],\"articleSection\":[\"Novas\"],\"inLanguage\":\"gl-ES\",\"potentialAction\":[{\"@type\":\"CommentAction\",\"name\":\"Comment\",\"target\":[\"https:\\\/\\\/www.anovapeneira.gal\\\/index.php\\\/2019\\\/12\\\/03\\\/o-grupo-comun-da-esquerda-esixe-ao-director-xeral-da-crtvg-que-mellore-as-condicions-laborais-dos-traballadores-da-radio-galega\\\/#respond\"]}]},{\"@type\":\"WebPage\",\"@id\":\"https:\\\/\\\/www.anovapeneira.gal\\\/index.php\\\/2019\\\/12\\\/03\\\/o-grupo-comun-da-esquerda-esixe-ao-director-xeral-da-crtvg-que-mellore-as-condicions-laborais-dos-traballadores-da-radio-galega\\\/\",\"url\":\"https:\\\/\\\/www.anovapeneira.gal\\\/index.php\\\/2019\\\/12\\\/03\\\/o-grupo-comun-da-esquerda-esixe-ao-director-xeral-da-crtvg-que-mellore-as-condicions-laborais-dos-traballadores-da-radio-galega\\\/\",\"name\":\"O Grupo Com\u00fan da Esquerda esixe ao director xeral da CRTVG que mellore as condici\u00f3ns laborais dos traballadores da Radio Galega -\",\"isPartOf\":{\"@id\":\"https:\\\/\\\/www.anovapeneira.gal\\\/#website\"},\"primaryImageOfPage\":{\"@id\":\"https:\\\/\\\/www.anovapeneira.gal\\\/index.php\\\/2019\\\/12\\\/03\\\/o-grupo-comun-da-esquerda-esixe-ao-director-xeral-da-crtvg-que-mellore-as-condicions-laborais-dos-traballadores-da-radio-galega\\\/#primaryimage\"},\"image\":{\"@id\":\"https:\\\/\\\/www.anovapeneira.gal\\\/index.php\\\/2019\\\/12\\\/03\\\/o-grupo-comun-da-esquerda-esixe-ao-director-xeral-da-crtvg-que-mellore-as-condicions-laborais-dos-traballadores-da-radio-galega\\\/#primaryimage\"},\"thumbnailUrl\":\"https:\\\/\\\/www.anovapeneira.gal\\\/wp-content\\\/uploads\\\/2019\\\/12\\\/grupo_comun_da_esquerda.jpg\",\"datePublished\":\"2019-12-03T09:00:40+00:00\",\"breadcrumb\":{\"@id\":\"https:\\\/\\\/www.anovapeneira.gal\\\/index.php\\\/2019\\\/12\\\/03\\\/o-grupo-comun-da-esquerda-esixe-ao-director-xeral-da-crtvg-que-mellore-as-condicions-laborais-dos-traballadores-da-radio-galega\\\/#breadcrumb\"},\"inLanguage\":\"gl-ES\",\"potentialAction\":[{\"@type\":\"ReadAction\",\"target\":[\"https:\\\/\\\/www.anovapeneira.gal\\\/index.php\\\/2019\\\/12\\\/03\\\/o-grupo-comun-da-esquerda-esixe-ao-director-xeral-da-crtvg-que-mellore-as-condicions-laborais-dos-traballadores-da-radio-galega\\\/\"]}]},{\"@type\":\"ImageObject\",\"inLanguage\":\"gl-ES\",\"@id\":\"https:\\\/\\\/www.anovapeneira.gal\\\/index.php\\\/2019\\\/12\\\/03\\\/o-grupo-comun-da-esquerda-esixe-ao-director-xeral-da-crtvg-que-mellore-as-condicions-laborais-dos-traballadores-da-radio-galega\\\/#primaryimage\",\"url\":\"https:\\\/\\\/www.anovapeneira.gal\\\/wp-content\\\/uploads\\\/2019\\\/12\\\/grupo_comun_da_esquerda.jpg\",\"contentUrl\":\"https:\\\/\\\/www.anovapeneira.gal\\\/wp-content\\\/uploads\\\/2019\\\/12\\\/grupo_comun_da_esquerda.jpg\",\"width\":720,\"height\":432,\"caption\":\"grupo com\u00fan da esquerda A Nova Peneira\"},{\"@type\":\"BreadcrumbList\",\"@id\":\"https:\\\/\\\/www.anovapeneira.gal\\\/index.php\\\/2019\\\/12\\\/03\\\/o-grupo-comun-da-esquerda-esixe-ao-director-xeral-da-crtvg-que-mellore-as-condicions-laborais-dos-traballadores-da-radio-galega\\\/#breadcrumb\",\"itemListElement\":[{\"@type\":\"ListItem\",\"position\":1,\"name\":\"Portada\",\"item\":\"https:\\\/\\\/www.anovapeneira.gal\\\/\"},{\"@type\":\"ListItem\",\"position\":2,\"name\":\"O Grupo Com\u00fan da Esquerda esixe ao director xeral da CRTVG que mellore as condici\u00f3ns laborais dos traballadores da Radio Galega\"}]},{\"@type\":\"WebSite\",\"@id\":\"https:\\\/\\\/www.anovapeneira.gal\\\/#website\",\"url\":\"https:\\\/\\\/www.anovapeneira.gal\\\/\",\"name\":\"\",\"description\":\"Xornal galego de informaci\u00f3n xeral Publicaci\u00f3n mensual de novas de Galicia e en especial dos Concellos da sur da provincia de Pontevedra.\",\"publisher\":{\"@id\":\"https:\\\/\\\/www.anovapeneira.gal\\\/#organization\"},\"potentialAction\":[{\"@type\":\"SearchAction\",\"target\":{\"@type\":\"EntryPoint\",\"urlTemplate\":\"https:\\\/\\\/www.anovapeneira.gal\\\/?s={search_term_string}\"},\"query-input\":{\"@type\":\"PropertyValueSpecification\",\"valueRequired\":true,\"valueName\":\"search_term_string\"}}],\"inLanguage\":\"gl-ES\"},{\"@type\":\"Organization\",\"@id\":\"https:\\\/\\\/www.anovapeneira.gal\\\/#organization\",\"name\":\"A Nova Peneira\",\"url\":\"https:\\\/\\\/www.anovapeneira.gal\\\/\",\"logo\":{\"@type\":\"ImageObject\",\"inLanguage\":\"gl-ES\",\"@id\":\"https:\\\/\\\/www.anovapeneira.gal\\\/#\\\/schema\\\/logo\\\/image\\\/\",\"url\":\"http:\\\/\\\/www.anovapeneira.gal\\\/wp-content\\\/uploads\\\/2019\\\/06\\\/logo_a_nova_peneira_portal_web.png\",\"contentUrl\":\"http:\\\/\\\/www.anovapeneira.gal\\\/wp-content\\\/uploads\\\/2019\\\/06\\\/logo_a_nova_peneira_portal_web.png\",\"width\":300,\"height\":100,\"caption\":\"A Nova Peneira\"},\"image\":{\"@id\":\"https:\\\/\\\/www.anovapeneira.gal\\\/#\\\/schema\\\/logo\\\/image\\\/\"},\"sameAs\":[\"https:\\\/\\\/www.facebook.com\\\/anovapeneira\",\"https:\\\/\\\/x.com\\\/APeneira\"]},{\"@type\":\"Person\",\"@id\":\"https:\\\/\\\/www.anovapeneira.gal\\\/#\\\/schema\\\/person\\\/b93e3f8932e3f8da96334607eb6ac6aa\",\"name\":\"Redacci\u00f3n A Nova Peneira\",\"image\":{\"@type\":\"ImageObject\",\"inLanguage\":\"gl-ES\",\"@id\":\"https:\\\/\\\/secure.gravatar.com\\\/avatar\\\/c052a2551a06e23fac63626232eaa90abd78dbcf1700fc46a2b2c89fd27b735f?s=96&d=mm&r=g\",\"url\":\"https:\\\/\\\/secure.gravatar.com\\\/avatar\\\/c052a2551a06e23fac63626232eaa90abd78dbcf1700fc46a2b2c89fd27b735f?s=96&d=mm&r=g\",\"contentUrl\":\"https:\\\/\\\/secure.gravatar.com\\\/avatar\\\/c052a2551a06e23fac63626232eaa90abd78dbcf1700fc46a2b2c89fd27b735f?s=96&d=mm&r=g\",\"caption\":\"Redacci\u00f3n A Nova Peneira\"},\"sameAs\":[\"http:\\\/\\\/www.anovapeneira.gal\\\/\"],\"url\":\"https:\\\/\\\/www.anovapeneira.gal\\\/index.php\\\/author\\\/redactor\\\/\"}]}<\/script>\n<!-- \/ Yoast SEO plugin. -->","yoast_head_json":{"title":"O Grupo Com\u00fan da Esquerda esixe ao director xeral da CRTVG que mellore as condici\u00f3ns laborais dos traballadores da Radio Galega -","robots":{"index":"index","follow":"follow","max-snippet":"max-snippet:-1","max-image-preview":"max-image-preview:large","max-video-preview":"max-video-preview:-1"},"canonical":"https:\/\/www.anovapeneira.gal\/index.php\/2019\/12\/03\/o-grupo-comun-da-esquerda-esixe-ao-director-xeral-da-crtvg-que-mellore-as-condicions-laborais-dos-traballadores-da-radio-galega\/","og_locale":"gl_ES","og_type":"article","og_title":"O Grupo Com\u00fan da Esquerda esixe ao director xeral da CRTVG que mellore as condici\u00f3ns laborais dos traballadores da Radio Galega -","og_description":"Xan Xove expuxo no Parlamento o informe elaborado polo persoal da emisora, que apunta cara un desmantelamento deliberado da mesma [...]","og_url":"https:\/\/www.anovapeneira.gal\/index.php\/2019\/12\/03\/o-grupo-comun-da-esquerda-esixe-ao-director-xeral-da-crtvg-que-mellore-as-condicions-laborais-dos-traballadores-da-radio-galega\/","article_publisher":"https:\/\/www.facebook.com\/anovapeneira","article_published_time":"2019-12-03T09:00:40+00:00","og_image":[{"width":720,"height":432,"url":"https:\/\/www.anovapeneira.gal\/wp-content\/uploads\/2019\/12\/grupo_comun_da_esquerda.jpg","type":"image\/jpeg"}],"author":"Redacci\u00f3n A Nova Peneira","twitter_card":"summary_large_image","twitter_creator":"@APeneira","twitter_site":"@APeneira","twitter_misc":{"Escrito por":"Redacci\u00f3n A Nova Peneira","Tempo de lectura":"3 minutos"},"schema":{"@context":"https:\/\/schema.org","@graph":[{"@type":"Article","@id":"https:\/\/www.anovapeneira.gal\/index.php\/2019\/12\/03\/o-grupo-comun-da-esquerda-esixe-ao-director-xeral-da-crtvg-que-mellore-as-condicions-laborais-dos-traballadores-da-radio-galega\/#article","isPartOf":{"@id":"https:\/\/www.anovapeneira.gal\/index.php\/2019\/12\/03\/o-grupo-comun-da-esquerda-esixe-ao-director-xeral-da-crtvg-que-mellore-as-condicions-laborais-dos-traballadores-da-radio-galega\/"},"author":{"name":"Redacci\u00f3n A Nova Peneira","@id":"https:\/\/www.anovapeneira.gal\/#\/schema\/person\/b93e3f8932e3f8da96334607eb6ac6aa"},"headline":"O Grupo Com\u00fan da Esquerda esixe ao director xeral da CRTVG que mellore as condici\u00f3ns laborais dos traballadores da Radio Galega","datePublished":"2019-12-03T09:00:40+00:00","mainEntityOfPage":{"@id":"https:\/\/www.anovapeneira.gal\/index.php\/2019\/12\/03\/o-grupo-comun-da-esquerda-esixe-ao-director-xeral-da-crtvg-que-mellore-as-condicions-laborais-dos-traballadores-da-radio-galega\/"},"wordCount":590,"commentCount":0,"publisher":{"@id":"https:\/\/www.anovapeneira.gal\/#organization"},"image":{"@id":"https:\/\/www.anovapeneira.gal\/index.php\/2019\/12\/03\/o-grupo-comun-da-esquerda-esixe-ao-director-xeral-da-crtvg-que-mellore-as-condicions-laborais-dos-traballadores-da-radio-galega\/#primaryimage"},"thumbnailUrl":"https:\/\/www.anovapeneira.gal\/wp-content\/uploads\/2019\/12\/grupo_comun_da_esquerda.jpg","keywords":["CRTVG","Defende a Galega","Grupo Com\u00fan da Esquerda","Pol\u00edtica"],"articleSection":["Novas"],"inLanguage":"gl-ES","potentialAction":[{"@type":"CommentAction","name":"Comment","target":["https:\/\/www.anovapeneira.gal\/index.php\/2019\/12\/03\/o-grupo-comun-da-esquerda-esixe-ao-director-xeral-da-crtvg-que-mellore-as-condicions-laborais-dos-traballadores-da-radio-galega\/#respond"]}]},{"@type":"WebPage","@id":"https:\/\/www.anovapeneira.gal\/index.php\/2019\/12\/03\/o-grupo-comun-da-esquerda-esixe-ao-director-xeral-da-crtvg-que-mellore-as-condicions-laborais-dos-traballadores-da-radio-galega\/","url":"https:\/\/www.anovapeneira.gal\/index.php\/2019\/12\/03\/o-grupo-comun-da-esquerda-esixe-ao-director-xeral-da-crtvg-que-mellore-as-condicions-laborais-dos-traballadores-da-radio-galega\/","name":"O Grupo Com\u00fan da Esquerda esixe ao director xeral da CRTVG que mellore as condici\u00f3ns laborais dos traballadores da Radio Galega -","isPartOf":{"@id":"https:\/\/www.anovapeneira.gal\/#website"},"primaryImageOfPage":{"@id":"https:\/\/www.anovapeneira.gal\/index.php\/2019\/12\/03\/o-grupo-comun-da-esquerda-esixe-ao-director-xeral-da-crtvg-que-mellore-as-condicions-laborais-dos-traballadores-da-radio-galega\/#primaryimage"},"image":{"@id":"https:\/\/www.anovapeneira.gal\/index.php\/2019\/12\/03\/o-grupo-comun-da-esquerda-esixe-ao-director-xeral-da-crtvg-que-mellore-as-condicions-laborais-dos-traballadores-da-radio-galega\/#primaryimage"},"thumbnailUrl":"https:\/\/www.anovapeneira.gal\/wp-content\/uploads\/2019\/12\/grupo_comun_da_esquerda.jpg","datePublished":"2019-12-03T09:00:40+00:00","breadcrumb":{"@id":"https:\/\/www.anovapeneira.gal\/index.php\/2019\/12\/03\/o-grupo-comun-da-esquerda-esixe-ao-director-xeral-da-crtvg-que-mellore-as-condicions-laborais-dos-traballadores-da-radio-galega\/#breadcrumb"},"inLanguage":"gl-ES","potentialAction":[{"@type":"ReadAction","target":["https:\/\/www.anovapeneira.gal\/index.php\/2019\/12\/03\/o-grupo-comun-da-esquerda-esixe-ao-director-xeral-da-crtvg-que-mellore-as-condicions-laborais-dos-traballadores-da-radio-galega\/"]}]},{"@type":"ImageObject","inLanguage":"gl-ES","@id":"https:\/\/www.anovapeneira.gal\/index.php\/2019\/12\/03\/o-grupo-comun-da-esquerda-esixe-ao-director-xeral-da-crtvg-que-mellore-as-condicions-laborais-dos-traballadores-da-radio-galega\/#primaryimage","url":"https:\/\/www.anovapeneira.gal\/wp-content\/uploads\/2019\/12\/grupo_comun_da_esquerda.jpg","contentUrl":"https:\/\/www.anovapeneira.gal\/wp-content\/uploads\/2019\/12\/grupo_comun_da_esquerda.jpg","width":720,"height":432,"caption":"grupo com\u00fan da esquerda A Nova Peneira"},{"@type":"BreadcrumbList","@id":"https:\/\/www.anovapeneira.gal\/index.php\/2019\/12\/03\/o-grupo-comun-da-esquerda-esixe-ao-director-xeral-da-crtvg-que-mellore-as-condicions-laborais-dos-traballadores-da-radio-galega\/#breadcrumb","itemListElement":[{"@type":"ListItem","position":1,"name":"Portada","item":"https:\/\/www.anovapeneira.gal\/"},{"@type":"ListItem","position":2,"name":"O Grupo Com\u00fan da Esquerda esixe ao director xeral da CRTVG que mellore as condici\u00f3ns laborais dos traballadores da Radio Galega"}]},{"@type":"WebSite","@id":"https:\/\/www.anovapeneira.gal\/#website","url":"https:\/\/www.anovapeneira.gal\/","name":"","description":"Xornal galego de informaci\u00f3n xeral Publicaci\u00f3n mensual de novas de Galicia e en especial dos Concellos da sur da provincia de Pontevedra.","publisher":{"@id":"https:\/\/www.anovapeneira.gal\/#organization"},"potentialAction":[{"@type":"SearchAction","target":{"@type":"EntryPoint","urlTemplate":"https:\/\/www.anovapeneira.gal\/?s={search_term_string}"},"query-input":{"@type":"PropertyValueSpecification","valueRequired":true,"valueName":"search_term_string"}}],"inLanguage":"gl-ES"},{"@type":"Organization","@id":"https:\/\/www.anovapeneira.gal\/#organization","name":"A Nova Peneira","url":"https:\/\/www.anovapeneira.gal\/","logo":{"@type":"ImageObject","inLanguage":"gl-ES","@id":"https:\/\/www.anovapeneira.gal\/#\/schema\/logo\/image\/","url":"http:\/\/www.anovapeneira.gal\/wp-content\/uploads\/2019\/06\/logo_a_nova_peneira_portal_web.png","contentUrl":"http:\/\/www.anovapeneira.gal\/wp-content\/uploads\/2019\/06\/logo_a_nova_peneira_portal_web.png","width":300,"height":100,"caption":"A Nova Peneira"},"image":{"@id":"https:\/\/www.anovapeneira.gal\/#\/schema\/logo\/image\/"},"sameAs":["https:\/\/www.facebook.com\/anovapeneira","https:\/\/x.com\/APeneira"]},{"@type":"Person","@id":"https:\/\/www.anovapeneira.gal\/#\/schema\/person\/b93e3f8932e3f8da96334607eb6ac6aa","name":"Redacci\u00f3n A Nova Peneira","image":{"@type":"ImageObject","inLanguage":"gl-ES","@id":"https:\/\/secure.gravatar.com\/avatar\/c052a2551a06e23fac63626232eaa90abd78dbcf1700fc46a2b2c89fd27b735f?s=96&d=mm&r=g","url":"https:\/\/secure.gravatar.com\/avatar\/c052a2551a06e23fac63626232eaa90abd78dbcf1700fc46a2b2c89fd27b735f?s=96&d=mm&r=g","contentUrl":"https:\/\/secure.gravatar.com\/avatar\/c052a2551a06e23fac63626232eaa90abd78dbcf1700fc46a2b2c89fd27b735f?s=96&d=mm&r=g","caption":"Redacci\u00f3n A Nova Peneira"},"sameAs":["http:\/\/www.anovapeneira.gal\/"],"url":"https:\/\/www.anovapeneira.gal\/index.php\/author\/redactor\/"}]}},"jetpack_featured_media_url":"https:\/\/www.anovapeneira.gal\/wp-content\/uploads\/2019\/12\/grupo_comun_da_esquerda.jpg","_links":{"self":[{"href":"https:\/\/www.anovapeneira.gal\/index.php\/wp-json\/wp\/v2\/posts\/1916","targetHints":{"allow":["GET"]}}],"collection":[{"href":"https:\/\/www.anovapeneira.gal\/index.php\/wp-json\/wp\/v2\/posts"}],"about":[{"href":"https:\/\/www.anovapeneira.gal\/index.php\/wp-json\/wp\/v2\/types\/post"}],"author":[{"embeddable":true,"href":"https:\/\/www.anovapeneira.gal\/index.php\/wp-json\/wp\/v2\/users\/3"}],"replies":[{"embeddable":true,"href":"https:\/\/www.anovapeneira.gal\/index.php\/wp-json\/wp\/v2\/comments?post=1916"}],"version-history":[{"count":1,"href":"https:\/\/www.anovapeneira.gal\/index.php\/wp-json\/wp\/v2\/posts\/1916\/revisions"}],"predecessor-version":[{"id":1918,"href":"https:\/\/www.anovapeneira.gal\/index.php\/wp-json\/wp\/v2\/posts\/1916\/revisions\/1918"}],"wp:featuredmedia":[{"embeddable":true,"href":"https:\/\/www.anovapeneira.gal\/index.php\/wp-json\/wp\/v2\/media\/1917"}],"wp:attachment":[{"href":"https:\/\/www.anovapeneira.gal\/index.php\/wp-json\/wp\/v2\/media?parent=1916"}],"wp:term":[{"taxonomy":"category","embeddable":true,"href":"https:\/\/www.anovapeneira.gal\/index.php\/wp-json\/wp\/v2\/categories?post=1916"},{"taxonomy":"post_tag","embeddable":true,"href":"https:\/\/www.anovapeneira.gal\/index.php\/wp-json\/wp\/v2\/tags?post=1916"}],"curies":[{"name":"wp","href":"https:\/\/api.w.org\/{rel}","templated":true}]}}