{"id":1926,"date":"2019-12-04T10:00:50","date_gmt":"2019-12-04T09:00:50","guid":{"rendered":"http:\/\/www.anovapeneira.gal\/?p=1926"},"modified":"2019-12-02T10:24:14","modified_gmt":"2019-12-02T09:24:14","slug":"rematan-as-obras-de-mellora-do-vial-entre-o-campo-de-futbol-de-moreira-e-a-estrada-provincial","status":"publish","type":"post","link":"https:\/\/www.anovapeneira.gal\/index.php\/2019\/12\/04\/rematan-as-obras-de-mellora-do-vial-entre-o-campo-de-futbol-de-moreira-e-a-estrada-provincial\/","title":{"rendered":"Rematan as obras de mellora do vial entre o campo de f\u00fatbol de Moreira e a estrada provincial"},"content":{"rendered":"\n<h2 class=\"wp-block-heading\"><strong>A conceller\u00eda de V\u00edas e Obras informa que esta obra foi adxudicada a trav\u00e9s dun concurso p\u00fablico por m\u00e1is de 50.000\u20ac<\/strong><\/h2>\n\n\n\n<p> <strong>Ponteareas, 29 de novembro de 2019<\/strong><\/p>\n\n\n\n<p>\nA conceller\u00eda de V\u00edas e Obras que dirixe Chus Garrote\ninforma que nestes d\u00edas se procedeu a executar as obras de\npavimentaci\u00f3n do cami\u00f1o do campo de f\u00fatbol Moreira EP-4005\nadxudicadas por un total de 53.274,94\u20ac a trav\u00e9s dun concurso\np\u00fablico aberto. \n<\/p>\n\n\n\n<p>Financiadas\ncon fondos propios e cunha achega do plan MARCO da Axencia Galega de\nDesenvolvemento Rural (Agader), estas obras contemplan a\npavimentaci\u00f3n dun tramo moi demandado pola veci\u00f1anza da zona dado o\nmal estado da capa de rodadura.<\/p>\n\n\n\n<p>Veci\u00f1os\nde Cristi\u00f1ade, Moreira e Nogueira empregan a diario este vial que\nagora se asfaltou dende o campo de f\u00fatbol a estrada provincial\nEP-4005.<\/p>\n\n\n\n<p>A empresa\nactuou en 1.139,94m comezando por unha limpeza das marxes e apertura\nde cunetas ao longo de todo o tramo. Seguidamente procedeuse ao\nbarrido da superficie e aos traballos necesarios para o posterior\nasfaltado de 6.968,00 m2 . \n<\/p>\n\n\n\n<p>Estas\nobras enm\u00e1rcanse no planeamento que esta conceller\u00eda ten previsto\npara a mellora de viais no rural.<\/p>\n\n\n\n<p>\u201cDende\nesta conceller\u00eda eramos conscientes da necesidade de mellora deste\ntraxecto pero faltaban os pertinentes permisos da Confederaci\u00f3n\nHidrogr\u00e1fica ao tratarse dun tramo que transcorre ao lado do r\u00edo.\nAgradezo de antem\u00e1n a paciencia dos veci\u00f1os e das veci\u00f1as e os\ncomentarios positivos que nestes d\u00edas nos est\u00e1n trasladando\u201d.<\/p>\n","protected":false},"excerpt":{"rendered":"<div class=\"mh-excerpt\"><p>A conceller\u00eda de V\u00edas e Obras informa que esta obra foi adxudicada a trav\u00e9s dun concurso p\u00fablico por m\u00e1is de 50.000\u20ac <a class=\"mh-excerpt-more\" href=\"https:\/\/www.anovapeneira.gal\/index.php\/2019\/12\/04\/rematan-as-obras-de-mellora-do-vial-entre-o-campo-de-futbol-de-moreira-e-a-estrada-provincial\/\" title=\"Rematan as obras de mellora do vial entre o campo de f\u00fatbol de Moreira e a estrada provincial\">[&#8230;]<\/a><\/p>\n<\/div>","protected":false},"author":3,"featured_media":1927,"comment_status":"open","ping_status":"open","sticky":false,"template":"","format":"standard","meta":{"_exactmetrics_skip_tracking":false,"_exactmetrics_sitenote_active":false,"_exactmetrics_sitenote_note":"","_exactmetrics_sitenote_category":0,"footnotes":""},"categories":[25],"tags":[208,367],"class_list":{"0":"post-1926","1":"post","2":"type-post","3":"status-publish","4":"format-standard","5":"has-post-thumbnail","7":"category-condado","8":"tag-concello-de-ponteareas","9":"tag-vias-e-obras"},"yoast_head":"<!-- This site is optimized with the Yoast SEO plugin v27.4 - https:\/\/yoast.com\/product\/yoast-seo-wordpress\/ -->\n<title>Rematan as obras de mellora do vial entre o campo de f\u00fatbol de Moreira e a estrada provincial -<\/title>\n<meta name=\"robots\" content=\"index, follow, max-snippet:-1, max-image-preview:large, max-video-preview:-1\" \/>\n<link rel=\"canonical\" href=\"https:\/\/www.anovapeneira.gal\/index.php\/2019\/12\/04\/rematan-as-obras-de-mellora-do-vial-entre-o-campo-de-futbol-de-moreira-e-a-estrada-provincial\/\" \/>\n<meta property=\"og:locale\" content=\"gl_ES\" \/>\n<meta property=\"og:type\" content=\"article\" \/>\n<meta property=\"og:title\" content=\"Rematan as obras de mellora do vial entre o campo de f\u00fatbol de Moreira e a estrada provincial -\" \/>\n<meta property=\"og:description\" content=\"A conceller\u00eda de V\u00edas e Obras informa que esta obra foi adxudicada a trav\u00e9s dun concurso p\u00fablico por m\u00e1is de 50.000\u20ac [...]\" \/>\n<meta property=\"og:url\" content=\"https:\/\/www.anovapeneira.gal\/index.php\/2019\/12\/04\/rematan-as-obras-de-mellora-do-vial-entre-o-campo-de-futbol-de-moreira-e-a-estrada-provincial\/\" \/>\n<meta property=\"article:publisher\" content=\"https:\/\/www.facebook.com\/anovapeneira\" \/>\n<meta property=\"article:published_time\" content=\"2019-12-04T09:00:50+00:00\" \/>\n<meta property=\"og:image\" content=\"https:\/\/www.anovapeneira.gal\/wp-content\/uploads\/2019\/12\/ponteareas-_vias_e_obras_a_nova_peneira.jpg\" \/>\n\t<meta property=\"og:image:width\" content=\"720\" \/>\n\t<meta property=\"og:image:height\" content=\"432\" \/>\n\t<meta property=\"og:image:type\" content=\"image\/jpeg\" \/>\n<meta name=\"author\" content=\"Redacci\u00f3n A Nova Peneira\" \/>\n<meta name=\"twitter:card\" content=\"summary_large_image\" \/>\n<meta name=\"twitter:creator\" content=\"@APeneira\" \/>\n<meta name=\"twitter:site\" content=\"@APeneira\" \/>\n<meta name=\"twitter:label1\" content=\"Escrito por\" \/>\n\t<meta name=\"twitter:data1\" content=\"Redacci\u00f3n A Nova Peneira\" \/>\n\t<meta name=\"twitter:label2\" content=\"Tempo de lectura\" \/>\n\t<meta name=\"twitter:data2\" content=\"1 minuto\" \/>\n<script type=\"application\/ld+json\" class=\"yoast-schema-graph\">{\"@context\":\"https:\\\/\\\/schema.org\",\"@graph\":[{\"@type\":\"Article\",\"@id\":\"https:\\\/\\\/www.anovapeneira.gal\\\/index.php\\\/2019\\\/12\\\/04\\\/rematan-as-obras-de-mellora-do-vial-entre-o-campo-de-futbol-de-moreira-e-a-estrada-provincial\\\/#article\",\"isPartOf\":{\"@id\":\"https:\\\/\\\/www.anovapeneira.gal\\\/index.php\\\/2019\\\/12\\\/04\\\/rematan-as-obras-de-mellora-do-vial-entre-o-campo-de-futbol-de-moreira-e-a-estrada-provincial\\\/\"},\"author\":{\"name\":\"Redacci\u00f3n A Nova Peneira\",\"@id\":\"https:\\\/\\\/www.anovapeneira.gal\\\/#\\\/schema\\\/person\\\/b93e3f8932e3f8da96334607eb6ac6aa\"},\"headline\":\"Rematan as obras de mellora do vial entre o campo de f\u00fatbol de Moreira e a estrada provincial\",\"datePublished\":\"2019-12-04T09:00:50+00:00\",\"mainEntityOfPage\":{\"@id\":\"https:\\\/\\\/www.anovapeneira.gal\\\/index.php\\\/2019\\\/12\\\/04\\\/rematan-as-obras-de-mellora-do-vial-entre-o-campo-de-futbol-de-moreira-e-a-estrada-provincial\\\/\"},\"wordCount\":278,\"commentCount\":0,\"publisher\":{\"@id\":\"https:\\\/\\\/www.anovapeneira.gal\\\/#organization\"},\"image\":{\"@id\":\"https:\\\/\\\/www.anovapeneira.gal\\\/index.php\\\/2019\\\/12\\\/04\\\/rematan-as-obras-de-mellora-do-vial-entre-o-campo-de-futbol-de-moreira-e-a-estrada-provincial\\\/#primaryimage\"},\"thumbnailUrl\":\"https:\\\/\\\/www.anovapeneira.gal\\\/wp-content\\\/uploads\\\/2019\\\/12\\\/ponteareas-_vias_e_obras_a_nova_peneira.jpg\",\"keywords\":[\"Concello de Ponteareas\",\"V\u00edas e Obras\"],\"articleSection\":[\"Condado\"],\"inLanguage\":\"gl-ES\",\"potentialAction\":[{\"@type\":\"CommentAction\",\"name\":\"Comment\",\"target\":[\"https:\\\/\\\/www.anovapeneira.gal\\\/index.php\\\/2019\\\/12\\\/04\\\/rematan-as-obras-de-mellora-do-vial-entre-o-campo-de-futbol-de-moreira-e-a-estrada-provincial\\\/#respond\"]}]},{\"@type\":\"WebPage\",\"@id\":\"https:\\\/\\\/www.anovapeneira.gal\\\/index.php\\\/2019\\\/12\\\/04\\\/rematan-as-obras-de-mellora-do-vial-entre-o-campo-de-futbol-de-moreira-e-a-estrada-provincial\\\/\",\"url\":\"https:\\\/\\\/www.anovapeneira.gal\\\/index.php\\\/2019\\\/12\\\/04\\\/rematan-as-obras-de-mellora-do-vial-entre-o-campo-de-futbol-de-moreira-e-a-estrada-provincial\\\/\",\"name\":\"Rematan as obras de mellora do vial entre o campo de f\u00fatbol de Moreira e a estrada provincial -\",\"isPartOf\":{\"@id\":\"https:\\\/\\\/www.anovapeneira.gal\\\/#website\"},\"primaryImageOfPage\":{\"@id\":\"https:\\\/\\\/www.anovapeneira.gal\\\/index.php\\\/2019\\\/12\\\/04\\\/rematan-as-obras-de-mellora-do-vial-entre-o-campo-de-futbol-de-moreira-e-a-estrada-provincial\\\/#primaryimage\"},\"image\":{\"@id\":\"https:\\\/\\\/www.anovapeneira.gal\\\/index.php\\\/2019\\\/12\\\/04\\\/rematan-as-obras-de-mellora-do-vial-entre-o-campo-de-futbol-de-moreira-e-a-estrada-provincial\\\/#primaryimage\"},\"thumbnailUrl\":\"https:\\\/\\\/www.anovapeneira.gal\\\/wp-content\\\/uploads\\\/2019\\\/12\\\/ponteareas-_vias_e_obras_a_nova_peneira.jpg\",\"datePublished\":\"2019-12-04T09:00:50+00:00\",\"breadcrumb\":{\"@id\":\"https:\\\/\\\/www.anovapeneira.gal\\\/index.php\\\/2019\\\/12\\\/04\\\/rematan-as-obras-de-mellora-do-vial-entre-o-campo-de-futbol-de-moreira-e-a-estrada-provincial\\\/#breadcrumb\"},\"inLanguage\":\"gl-ES\",\"potentialAction\":[{\"@type\":\"ReadAction\",\"target\":[\"https:\\\/\\\/www.anovapeneira.gal\\\/index.php\\\/2019\\\/12\\\/04\\\/rematan-as-obras-de-mellora-do-vial-entre-o-campo-de-futbol-de-moreira-e-a-estrada-provincial\\\/\"]}]},{\"@type\":\"ImageObject\",\"inLanguage\":\"gl-ES\",\"@id\":\"https:\\\/\\\/www.anovapeneira.gal\\\/index.php\\\/2019\\\/12\\\/04\\\/rematan-as-obras-de-mellora-do-vial-entre-o-campo-de-futbol-de-moreira-e-a-estrada-provincial\\\/#primaryimage\",\"url\":\"https:\\\/\\\/www.anovapeneira.gal\\\/wp-content\\\/uploads\\\/2019\\\/12\\\/ponteareas-_vias_e_obras_a_nova_peneira.jpg\",\"contentUrl\":\"https:\\\/\\\/www.anovapeneira.gal\\\/wp-content\\\/uploads\\\/2019\\\/12\\\/ponteareas-_vias_e_obras_a_nova_peneira.jpg\",\"width\":720,\"height\":432,\"caption\":\"V\u00edas e obras a nova peneira\"},{\"@type\":\"BreadcrumbList\",\"@id\":\"https:\\\/\\\/www.anovapeneira.gal\\\/index.php\\\/2019\\\/12\\\/04\\\/rematan-as-obras-de-mellora-do-vial-entre-o-campo-de-futbol-de-moreira-e-a-estrada-provincial\\\/#breadcrumb\",\"itemListElement\":[{\"@type\":\"ListItem\",\"position\":1,\"name\":\"Portada\",\"item\":\"https:\\\/\\\/www.anovapeneira.gal\\\/\"},{\"@type\":\"ListItem\",\"position\":2,\"name\":\"Rematan as obras de mellora do vial entre o campo de f\u00fatbol de Moreira e a estrada provincial\"}]},{\"@type\":\"WebSite\",\"@id\":\"https:\\\/\\\/www.anovapeneira.gal\\\/#website\",\"url\":\"https:\\\/\\\/www.anovapeneira.gal\\\/\",\"name\":\"\",\"description\":\"Xornal galego de informaci\u00f3n xeral Publicaci\u00f3n mensual de novas de Galicia e en especial dos Concellos da sur da provincia de Pontevedra.\",\"publisher\":{\"@id\":\"https:\\\/\\\/www.anovapeneira.gal\\\/#organization\"},\"potentialAction\":[{\"@type\":\"SearchAction\",\"target\":{\"@type\":\"EntryPoint\",\"urlTemplate\":\"https:\\\/\\\/www.anovapeneira.gal\\\/?s={search_term_string}\"},\"query-input\":{\"@type\":\"PropertyValueSpecification\",\"valueRequired\":true,\"valueName\":\"search_term_string\"}}],\"inLanguage\":\"gl-ES\"},{\"@type\":\"Organization\",\"@id\":\"https:\\\/\\\/www.anovapeneira.gal\\\/#organization\",\"name\":\"A Nova Peneira\",\"url\":\"https:\\\/\\\/www.anovapeneira.gal\\\/\",\"logo\":{\"@type\":\"ImageObject\",\"inLanguage\":\"gl-ES\",\"@id\":\"https:\\\/\\\/www.anovapeneira.gal\\\/#\\\/schema\\\/logo\\\/image\\\/\",\"url\":\"http:\\\/\\\/www.anovapeneira.gal\\\/wp-content\\\/uploads\\\/2019\\\/06\\\/logo_a_nova_peneira_portal_web.png\",\"contentUrl\":\"http:\\\/\\\/www.anovapeneira.gal\\\/wp-content\\\/uploads\\\/2019\\\/06\\\/logo_a_nova_peneira_portal_web.png\",\"width\":300,\"height\":100,\"caption\":\"A Nova Peneira\"},\"image\":{\"@id\":\"https:\\\/\\\/www.anovapeneira.gal\\\/#\\\/schema\\\/logo\\\/image\\\/\"},\"sameAs\":[\"https:\\\/\\\/www.facebook.com\\\/anovapeneira\",\"https:\\\/\\\/x.com\\\/APeneira\"]},{\"@type\":\"Person\",\"@id\":\"https:\\\/\\\/www.anovapeneira.gal\\\/#\\\/schema\\\/person\\\/b93e3f8932e3f8da96334607eb6ac6aa\",\"name\":\"Redacci\u00f3n A Nova Peneira\",\"image\":{\"@type\":\"ImageObject\",\"inLanguage\":\"gl-ES\",\"@id\":\"https:\\\/\\\/secure.gravatar.com\\\/avatar\\\/c052a2551a06e23fac63626232eaa90abd78dbcf1700fc46a2b2c89fd27b735f?s=96&d=mm&r=g\",\"url\":\"https:\\\/\\\/secure.gravatar.com\\\/avatar\\\/c052a2551a06e23fac63626232eaa90abd78dbcf1700fc46a2b2c89fd27b735f?s=96&d=mm&r=g\",\"contentUrl\":\"https:\\\/\\\/secure.gravatar.com\\\/avatar\\\/c052a2551a06e23fac63626232eaa90abd78dbcf1700fc46a2b2c89fd27b735f?s=96&d=mm&r=g\",\"caption\":\"Redacci\u00f3n A Nova Peneira\"},\"sameAs\":[\"http:\\\/\\\/www.anovapeneira.gal\\\/\"],\"url\":\"https:\\\/\\\/www.anovapeneira.gal\\\/index.php\\\/author\\\/redactor\\\/\"}]}<\/script>\n<!-- \/ Yoast SEO plugin. -->","yoast_head_json":{"title":"Rematan as obras de mellora do vial entre o campo de f\u00fatbol de Moreira e a estrada provincial -","robots":{"index":"index","follow":"follow","max-snippet":"max-snippet:-1","max-image-preview":"max-image-preview:large","max-video-preview":"max-video-preview:-1"},"canonical":"https:\/\/www.anovapeneira.gal\/index.php\/2019\/12\/04\/rematan-as-obras-de-mellora-do-vial-entre-o-campo-de-futbol-de-moreira-e-a-estrada-provincial\/","og_locale":"gl_ES","og_type":"article","og_title":"Rematan as obras de mellora do vial entre o campo de f\u00fatbol de Moreira e a estrada provincial -","og_description":"A conceller\u00eda de V\u00edas e Obras informa que esta obra foi adxudicada a trav\u00e9s dun concurso p\u00fablico por m\u00e1is de 50.000\u20ac [...]","og_url":"https:\/\/www.anovapeneira.gal\/index.php\/2019\/12\/04\/rematan-as-obras-de-mellora-do-vial-entre-o-campo-de-futbol-de-moreira-e-a-estrada-provincial\/","article_publisher":"https:\/\/www.facebook.com\/anovapeneira","article_published_time":"2019-12-04T09:00:50+00:00","og_image":[{"width":720,"height":432,"url":"https:\/\/www.anovapeneira.gal\/wp-content\/uploads\/2019\/12\/ponteareas-_vias_e_obras_a_nova_peneira.jpg","type":"image\/jpeg"}],"author":"Redacci\u00f3n A Nova Peneira","twitter_card":"summary_large_image","twitter_creator":"@APeneira","twitter_site":"@APeneira","twitter_misc":{"Escrito por":"Redacci\u00f3n A Nova Peneira","Tempo de lectura":"1 minuto"},"schema":{"@context":"https:\/\/schema.org","@graph":[{"@type":"Article","@id":"https:\/\/www.anovapeneira.gal\/index.php\/2019\/12\/04\/rematan-as-obras-de-mellora-do-vial-entre-o-campo-de-futbol-de-moreira-e-a-estrada-provincial\/#article","isPartOf":{"@id":"https:\/\/www.anovapeneira.gal\/index.php\/2019\/12\/04\/rematan-as-obras-de-mellora-do-vial-entre-o-campo-de-futbol-de-moreira-e-a-estrada-provincial\/"},"author":{"name":"Redacci\u00f3n A Nova Peneira","@id":"https:\/\/www.anovapeneira.gal\/#\/schema\/person\/b93e3f8932e3f8da96334607eb6ac6aa"},"headline":"Rematan as obras de mellora do vial entre o campo de f\u00fatbol de Moreira e a estrada provincial","datePublished":"2019-12-04T09:00:50+00:00","mainEntityOfPage":{"@id":"https:\/\/www.anovapeneira.gal\/index.php\/2019\/12\/04\/rematan-as-obras-de-mellora-do-vial-entre-o-campo-de-futbol-de-moreira-e-a-estrada-provincial\/"},"wordCount":278,"commentCount":0,"publisher":{"@id":"https:\/\/www.anovapeneira.gal\/#organization"},"image":{"@id":"https:\/\/www.anovapeneira.gal\/index.php\/2019\/12\/04\/rematan-as-obras-de-mellora-do-vial-entre-o-campo-de-futbol-de-moreira-e-a-estrada-provincial\/#primaryimage"},"thumbnailUrl":"https:\/\/www.anovapeneira.gal\/wp-content\/uploads\/2019\/12\/ponteareas-_vias_e_obras_a_nova_peneira.jpg","keywords":["Concello de Ponteareas","V\u00edas e Obras"],"articleSection":["Condado"],"inLanguage":"gl-ES","potentialAction":[{"@type":"CommentAction","name":"Comment","target":["https:\/\/www.anovapeneira.gal\/index.php\/2019\/12\/04\/rematan-as-obras-de-mellora-do-vial-entre-o-campo-de-futbol-de-moreira-e-a-estrada-provincial\/#respond"]}]},{"@type":"WebPage","@id":"https:\/\/www.anovapeneira.gal\/index.php\/2019\/12\/04\/rematan-as-obras-de-mellora-do-vial-entre-o-campo-de-futbol-de-moreira-e-a-estrada-provincial\/","url":"https:\/\/www.anovapeneira.gal\/index.php\/2019\/12\/04\/rematan-as-obras-de-mellora-do-vial-entre-o-campo-de-futbol-de-moreira-e-a-estrada-provincial\/","name":"Rematan as obras de mellora do vial entre o campo de f\u00fatbol de Moreira e a estrada provincial -","isPartOf":{"@id":"https:\/\/www.anovapeneira.gal\/#website"},"primaryImageOfPage":{"@id":"https:\/\/www.anovapeneira.gal\/index.php\/2019\/12\/04\/rematan-as-obras-de-mellora-do-vial-entre-o-campo-de-futbol-de-moreira-e-a-estrada-provincial\/#primaryimage"},"image":{"@id":"https:\/\/www.anovapeneira.gal\/index.php\/2019\/12\/04\/rematan-as-obras-de-mellora-do-vial-entre-o-campo-de-futbol-de-moreira-e-a-estrada-provincial\/#primaryimage"},"thumbnailUrl":"https:\/\/www.anovapeneira.gal\/wp-content\/uploads\/2019\/12\/ponteareas-_vias_e_obras_a_nova_peneira.jpg","datePublished":"2019-12-04T09:00:50+00:00","breadcrumb":{"@id":"https:\/\/www.anovapeneira.gal\/index.php\/2019\/12\/04\/rematan-as-obras-de-mellora-do-vial-entre-o-campo-de-futbol-de-moreira-e-a-estrada-provincial\/#breadcrumb"},"inLanguage":"gl-ES","potentialAction":[{"@type":"ReadAction","target":["https:\/\/www.anovapeneira.gal\/index.php\/2019\/12\/04\/rematan-as-obras-de-mellora-do-vial-entre-o-campo-de-futbol-de-moreira-e-a-estrada-provincial\/"]}]},{"@type":"ImageObject","inLanguage":"gl-ES","@id":"https:\/\/www.anovapeneira.gal\/index.php\/2019\/12\/04\/rematan-as-obras-de-mellora-do-vial-entre-o-campo-de-futbol-de-moreira-e-a-estrada-provincial\/#primaryimage","url":"https:\/\/www.anovapeneira.gal\/wp-content\/uploads\/2019\/12\/ponteareas-_vias_e_obras_a_nova_peneira.jpg","contentUrl":"https:\/\/www.anovapeneira.gal\/wp-content\/uploads\/2019\/12\/ponteareas-_vias_e_obras_a_nova_peneira.jpg","width":720,"height":432,"caption":"V\u00edas e obras a nova peneira"},{"@type":"BreadcrumbList","@id":"https:\/\/www.anovapeneira.gal\/index.php\/2019\/12\/04\/rematan-as-obras-de-mellora-do-vial-entre-o-campo-de-futbol-de-moreira-e-a-estrada-provincial\/#breadcrumb","itemListElement":[{"@type":"ListItem","position":1,"name":"Portada","item":"https:\/\/www.anovapeneira.gal\/"},{"@type":"ListItem","position":2,"name":"Rematan as obras de mellora do vial entre o campo de f\u00fatbol de Moreira e a estrada provincial"}]},{"@type":"WebSite","@id":"https:\/\/www.anovapeneira.gal\/#website","url":"https:\/\/www.anovapeneira.gal\/","name":"","description":"Xornal galego de informaci\u00f3n xeral Publicaci\u00f3n mensual de novas de Galicia e en especial dos Concellos da sur da provincia de Pontevedra.","publisher":{"@id":"https:\/\/www.anovapeneira.gal\/#organization"},"potentialAction":[{"@type":"SearchAction","target":{"@type":"EntryPoint","urlTemplate":"https:\/\/www.anovapeneira.gal\/?s={search_term_string}"},"query-input":{"@type":"PropertyValueSpecification","valueRequired":true,"valueName":"search_term_string"}}],"inLanguage":"gl-ES"},{"@type":"Organization","@id":"https:\/\/www.anovapeneira.gal\/#organization","name":"A Nova Peneira","url":"https:\/\/www.anovapeneira.gal\/","logo":{"@type":"ImageObject","inLanguage":"gl-ES","@id":"https:\/\/www.anovapeneira.gal\/#\/schema\/logo\/image\/","url":"http:\/\/www.anovapeneira.gal\/wp-content\/uploads\/2019\/06\/logo_a_nova_peneira_portal_web.png","contentUrl":"http:\/\/www.anovapeneira.gal\/wp-content\/uploads\/2019\/06\/logo_a_nova_peneira_portal_web.png","width":300,"height":100,"caption":"A Nova Peneira"},"image":{"@id":"https:\/\/www.anovapeneira.gal\/#\/schema\/logo\/image\/"},"sameAs":["https:\/\/www.facebook.com\/anovapeneira","https:\/\/x.com\/APeneira"]},{"@type":"Person","@id":"https:\/\/www.anovapeneira.gal\/#\/schema\/person\/b93e3f8932e3f8da96334607eb6ac6aa","name":"Redacci\u00f3n A Nova Peneira","image":{"@type":"ImageObject","inLanguage":"gl-ES","@id":"https:\/\/secure.gravatar.com\/avatar\/c052a2551a06e23fac63626232eaa90abd78dbcf1700fc46a2b2c89fd27b735f?s=96&d=mm&r=g","url":"https:\/\/secure.gravatar.com\/avatar\/c052a2551a06e23fac63626232eaa90abd78dbcf1700fc46a2b2c89fd27b735f?s=96&d=mm&r=g","contentUrl":"https:\/\/secure.gravatar.com\/avatar\/c052a2551a06e23fac63626232eaa90abd78dbcf1700fc46a2b2c89fd27b735f?s=96&d=mm&r=g","caption":"Redacci\u00f3n A Nova Peneira"},"sameAs":["http:\/\/www.anovapeneira.gal\/"],"url":"https:\/\/www.anovapeneira.gal\/index.php\/author\/redactor\/"}]}},"jetpack_featured_media_url":"https:\/\/www.anovapeneira.gal\/wp-content\/uploads\/2019\/12\/ponteareas-_vias_e_obras_a_nova_peneira.jpg","_links":{"self":[{"href":"https:\/\/www.anovapeneira.gal\/index.php\/wp-json\/wp\/v2\/posts\/1926","targetHints":{"allow":["GET"]}}],"collection":[{"href":"https:\/\/www.anovapeneira.gal\/index.php\/wp-json\/wp\/v2\/posts"}],"about":[{"href":"https:\/\/www.anovapeneira.gal\/index.php\/wp-json\/wp\/v2\/types\/post"}],"author":[{"embeddable":true,"href":"https:\/\/www.anovapeneira.gal\/index.php\/wp-json\/wp\/v2\/users\/3"}],"replies":[{"embeddable":true,"href":"https:\/\/www.anovapeneira.gal\/index.php\/wp-json\/wp\/v2\/comments?post=1926"}],"version-history":[{"count":1,"href":"https:\/\/www.anovapeneira.gal\/index.php\/wp-json\/wp\/v2\/posts\/1926\/revisions"}],"predecessor-version":[{"id":1928,"href":"https:\/\/www.anovapeneira.gal\/index.php\/wp-json\/wp\/v2\/posts\/1926\/revisions\/1928"}],"wp:featuredmedia":[{"embeddable":true,"href":"https:\/\/www.anovapeneira.gal\/index.php\/wp-json\/wp\/v2\/media\/1927"}],"wp:attachment":[{"href":"https:\/\/www.anovapeneira.gal\/index.php\/wp-json\/wp\/v2\/media?parent=1926"}],"wp:term":[{"taxonomy":"category","embeddable":true,"href":"https:\/\/www.anovapeneira.gal\/index.php\/wp-json\/wp\/v2\/categories?post=1926"},{"taxonomy":"post_tag","embeddable":true,"href":"https:\/\/www.anovapeneira.gal\/index.php\/wp-json\/wp\/v2\/tags?post=1926"}],"curies":[{"name":"wp","href":"https:\/\/api.w.org\/{rel}","templated":true}]}}