{"id":1931,"date":"2019-12-04T10:00:22","date_gmt":"2019-12-04T09:00:22","guid":{"rendered":"http:\/\/www.anovapeneira.gal\/?p=1931"},"modified":"2019-12-02T10:47:17","modified_gmt":"2019-12-02T09:47:17","slug":"rego-confirma-nas-pontes-que-o-futuro-de-endesa-esta-na-negociacion-do-bng-co-psoe-de-cara-a-investidura-de-sanchez","status":"publish","type":"post","link":"https:\/\/www.anovapeneira.gal\/index.php\/2019\/12\/04\/rego-confirma-nas-pontes-que-o-futuro-de-endesa-esta-na-negociacion-do-bng-co-psoe-de-cara-a-investidura-de-sanchez\/","title":{"rendered":"Rego confirma nas Pontes que o futuro de ENDESA est\u00e1 na  negociaci\u00f3n do BNG co PSOE de cara \u00e1 investidura de S\u00e1nchez"},"content":{"rendered":"\n<h2 class=\"wp-block-heading\"><strong>A\nformaci\u00f3n nacionalista manter\u00e1 a \u201cpresi\u00f3n parlamentaria\u201d para\nbuscar unha soluci\u00f3n, reclama unha mesa de negociaci\u00f3n e que Galiza\nentre no reparto das axudas \u00e1 descarbonizaci\u00f3n<\/strong><\/h2>\n\n\n\n<h2 class=\"wp-block-heading\"><strong>Encontro co comit\u00e9 de crise que integra a todos os axentes locais afectados polo anunciado peche da t\u00e9rmica <\/strong> <\/h2>\n\n\n\n<p> <strong>Santiago de Compostela, 29 de Novembro<\/strong> <strong>de 2019<\/strong><\/p>\n\n\n\n<p>O\ndeputado no Congreso, Nestor Rego, mantivo un encontro co comit\u00e9 de\ncrise creado nas Pontes tras o anuncio de peche de ENDESA, e\nconfirmou que este asunto \u00e9 prioritario para o BNG e, por iso, forma\nparte dos temas que a formaci\u00f3n nacionalista puxo na negociaci\u00f3n co\nPSOE de cara \u00e1 investidura de Pedro S\u00e1nchez.<\/p>\n\n\n\n<p>\n\u201cO\nBNG colocou a situaci\u00f3n de ENDESA dentro do proceso negociador co\nPSOE de cara a posible investidura de Pedro S\u00e1nchez como presidente\ndo Goberno do Estado, po\u00f1endo sobre a mesa  a necesidade de que haxa\nunha alternativa a trav\u00e9s dunha mesa de traballo na que participen a\nAdministraci\u00f3n central, -a trav\u00e9s de todos os ministerios con\ncompetencia neste asunto-, a Xunta de Galiza, a administraci\u00f3n local\ne os axentes sociais das Pontes e que, desa mesa, saia un plan que\nconsiga o obxectivo de manter a continuidade da actividade\necon\u00f3mica\u201d, explicou o deputado nacionalista.<\/p>\n\n\n\n<p>\nRego\nsalientou que o Bloque vai seguir na s\u00faa posici\u00f3n de \u201cdefensa\nactiva\u201d da continuidade da central t\u00e9rmica, e para iso recorrer\u00e1\ntam\u00e9n \u201c\u00e1 presi\u00f3n parlamentaria\u201d para evitar que o Goberno do\nEstado permita o cese e o peche de ENDESA sen garantir unha\nalternativa de futuro, en termos econ\u00f3micos e de postos de traballo.<\/p>\n\n\n\n<p>\n\u201cO\ncese de actividade sen alternativa previa non \u00e9 razoable e imos\ntraballar a favor de soluci\u00f3ns e de alternativas que garantan a\nactividade econ\u00f3mica e a continuidade do emprego, tanto neste\nconcello como na comarca\u201d, recalcou o nacionalista.<\/p>\n\n\n\n<p>\nAdemais\ndesa presi\u00f3n pol\u00edtica aproveitando a representaci\u00f3n no Congreso, o\nBNG formula medidas concretas, empezando por esixir as modificaci\u00f3ns\nlegais pertinentes para que Galiza se beneficie das axudas a\ndescarbonizaci\u00f3n, \u201cpara que poida entrar no plan de acci\u00f3n\nurxente para pa\u00edses con centrais que usan o carb\u00f3n e est\u00e1n\nameazadas por peches e, neste sentido, te\u00f1a o mesmo tratamento que\nAsturias, Arag\u00f3n ou Castela-Le\u00f3n\u201d, explicou.<\/p>\n\n\n\n<p>\nIgualmente,\n\u201cque se recuperen os 55 M\u20ac que estaban previstos nese plan de\nacci\u00f3n urxente para centrais en peche\u201d, coa vista posta na\nampliaci\u00f3n do Pol\u00edgono industrial de Penapurreira, hoxe xa sen\nespazo. \u201cSe queremos que haxa novas actividades econ\u00f3micas na\nPontes o primeiro que temos que facer \u00e9 facilitar solo para acoller\nnovos proxectos que contrib\u00faan ao mantemento do emprego\u201d,\nargumentou Rego.<\/p>\n\n\n\n<p>\nO\ndeputado recalcou o compromiso do BNG na soluci\u00f3n desta crise,\nempezando por conseguir \u201cque o Goberno non autorice o cese da\nactividade nin o peche da f\u00e1brica sen que previamente haxa ese plan\nalternativo, e a garant\u00eda desde o punto de vista econ\u00f3mico como\npol\u00edtico de que ese plan ser\u00e1 executado. Hai que pasar das boas\nintenci\u00f3ns aos feitos\u201d, sintetizou.<\/p>\n\n\n\n<p>\nO\nBNG tam\u00e9n se suma \u00e1s denuncias dos representantes dos e das\ntraballadoras e do comit\u00e9 de crise en relaci\u00f3n \u00e1 opacidade de\nENDESA, e reclama que se lle trasladen \u00e1 parte social os datos\nt\u00e9cnicos que supostamente fan inviable o mantemento da actividade\ncon biocombustible. Na reuni\u00f3n tam\u00e9n participaron o deputado pola\nCoru\u00f1a, Xos\u00e9 Lu\u00eds Rivas, e a portavoz municipal, Silvia Pardo.<\/p>\n","protected":false},"excerpt":{"rendered":"<div class=\"mh-excerpt\"><p>A formaci\u00f3n nacionalista manter\u00e1 a \u201cpresi\u00f3n parlamentaria\u201d para buscar unha soluci\u00f3n <a class=\"mh-excerpt-more\" href=\"https:\/\/www.anovapeneira.gal\/index.php\/2019\/12\/04\/rego-confirma-nas-pontes-que-o-futuro-de-endesa-esta-na-negociacion-do-bng-co-psoe-de-cara-a-investidura-de-sanchez\/\" title=\"Rego confirma nas Pontes que o futuro de ENDESA est\u00e1 na  negociaci\u00f3n do BNG co PSOE de cara \u00e1 investidura de S\u00e1nchez\">[&#8230;]<\/a><\/p>\n<\/div>","protected":false},"author":3,"featured_media":1932,"comment_status":"open","ping_status":"open","sticky":false,"template":"","format":"standard","meta":{"_exactmetrics_skip_tracking":false,"_exactmetrics_sitenote_active":false,"_exactmetrics_sitenote_note":"","_exactmetrics_sitenote_category":0,"footnotes":""},"categories":[263],"tags":[832,10,831],"class_list":{"0":"post-1931","1":"post","2":"type-post","3":"status-publish","4":"format-standard","5":"has-post-thumbnail","7":"category-novas","8":"tag-as-pontes","9":"tag-bng","10":"tag-endesa"},"yoast_head":"<!-- This site is optimized with the Yoast SEO plugin v27.4 - https:\/\/yoast.com\/product\/yoast-seo-wordpress\/ -->\n<title>Rego confirma nas Pontes que o futuro de ENDESA est\u00e1 na negociaci\u00f3n do BNG co PSOE de cara \u00e1 investidura de S\u00e1nchez -<\/title>\n<meta name=\"robots\" content=\"index, follow, max-snippet:-1, max-image-preview:large, max-video-preview:-1\" \/>\n<link rel=\"canonical\" href=\"https:\/\/www.anovapeneira.gal\/index.php\/2019\/12\/04\/rego-confirma-nas-pontes-que-o-futuro-de-endesa-esta-na-negociacion-do-bng-co-psoe-de-cara-a-investidura-de-sanchez\/\" \/>\n<meta property=\"og:locale\" content=\"gl_ES\" \/>\n<meta property=\"og:type\" content=\"article\" \/>\n<meta property=\"og:title\" content=\"Rego confirma nas Pontes que o futuro de ENDESA est\u00e1 na negociaci\u00f3n do BNG co PSOE de cara \u00e1 investidura de S\u00e1nchez -\" \/>\n<meta property=\"og:description\" content=\"A formaci\u00f3n nacionalista manter\u00e1 a \u201cpresi\u00f3n parlamentaria\u201d para buscar unha soluci\u00f3n [...]\" \/>\n<meta property=\"og:url\" content=\"https:\/\/www.anovapeneira.gal\/index.php\/2019\/12\/04\/rego-confirma-nas-pontes-que-o-futuro-de-endesa-esta-na-negociacion-do-bng-co-psoe-de-cara-a-investidura-de-sanchez\/\" \/>\n<meta property=\"article:publisher\" content=\"https:\/\/www.facebook.com\/anovapeneira\" \/>\n<meta property=\"article:published_time\" content=\"2019-12-04T09:00:22+00:00\" \/>\n<meta property=\"og:image\" content=\"https:\/\/www.anovapeneira.gal\/wp-content\/uploads\/2019\/12\/reunion_endesa_as_pontes_a_nova_peneira.jpg\" \/>\n\t<meta property=\"og:image:width\" content=\"720\" \/>\n\t<meta property=\"og:image:height\" content=\"432\" \/>\n\t<meta property=\"og:image:type\" content=\"image\/jpeg\" \/>\n<meta name=\"author\" content=\"Redacci\u00f3n A Nova Peneira\" \/>\n<meta name=\"twitter:card\" content=\"summary_large_image\" \/>\n<meta name=\"twitter:creator\" content=\"@APeneira\" \/>\n<meta name=\"twitter:site\" content=\"@APeneira\" \/>\n<meta name=\"twitter:label1\" content=\"Escrito por\" \/>\n\t<meta name=\"twitter:data1\" content=\"Redacci\u00f3n A Nova Peneira\" \/>\n\t<meta name=\"twitter:label2\" content=\"Tempo de lectura\" \/>\n\t<meta name=\"twitter:data2\" content=\"3 minutos\" \/>\n<script type=\"application\/ld+json\" class=\"yoast-schema-graph\">{\"@context\":\"https:\\\/\\\/schema.org\",\"@graph\":[{\"@type\":\"Article\",\"@id\":\"https:\\\/\\\/www.anovapeneira.gal\\\/index.php\\\/2019\\\/12\\\/04\\\/rego-confirma-nas-pontes-que-o-futuro-de-endesa-esta-na-negociacion-do-bng-co-psoe-de-cara-a-investidura-de-sanchez\\\/#article\",\"isPartOf\":{\"@id\":\"https:\\\/\\\/www.anovapeneira.gal\\\/index.php\\\/2019\\\/12\\\/04\\\/rego-confirma-nas-pontes-que-o-futuro-de-endesa-esta-na-negociacion-do-bng-co-psoe-de-cara-a-investidura-de-sanchez\\\/\"},\"author\":{\"name\":\"Redacci\u00f3n A Nova Peneira\",\"@id\":\"https:\\\/\\\/www.anovapeneira.gal\\\/#\\\/schema\\\/person\\\/b93e3f8932e3f8da96334607eb6ac6aa\"},\"headline\":\"Rego confirma nas Pontes que o futuro de ENDESA est\u00e1 na negociaci\u00f3n do BNG co PSOE de cara \u00e1 investidura de S\u00e1nchez\",\"datePublished\":\"2019-12-04T09:00:22+00:00\",\"mainEntityOfPage\":{\"@id\":\"https:\\\/\\\/www.anovapeneira.gal\\\/index.php\\\/2019\\\/12\\\/04\\\/rego-confirma-nas-pontes-que-o-futuro-de-endesa-esta-na-negociacion-do-bng-co-psoe-de-cara-a-investidura-de-sanchez\\\/\"},\"wordCount\":616,\"commentCount\":0,\"publisher\":{\"@id\":\"https:\\\/\\\/www.anovapeneira.gal\\\/#organization\"},\"image\":{\"@id\":\"https:\\\/\\\/www.anovapeneira.gal\\\/index.php\\\/2019\\\/12\\\/04\\\/rego-confirma-nas-pontes-que-o-futuro-de-endesa-esta-na-negociacion-do-bng-co-psoe-de-cara-a-investidura-de-sanchez\\\/#primaryimage\"},\"thumbnailUrl\":\"https:\\\/\\\/www.anovapeneira.gal\\\/wp-content\\\/uploads\\\/2019\\\/12\\\/reunion_endesa_as_pontes_a_nova_peneira.jpg\",\"keywords\":[\"As Pontes\",\"BNG\",\"Endesa\"],\"articleSection\":[\"Novas\"],\"inLanguage\":\"gl-ES\",\"potentialAction\":[{\"@type\":\"CommentAction\",\"name\":\"Comment\",\"target\":[\"https:\\\/\\\/www.anovapeneira.gal\\\/index.php\\\/2019\\\/12\\\/04\\\/rego-confirma-nas-pontes-que-o-futuro-de-endesa-esta-na-negociacion-do-bng-co-psoe-de-cara-a-investidura-de-sanchez\\\/#respond\"]}]},{\"@type\":\"WebPage\",\"@id\":\"https:\\\/\\\/www.anovapeneira.gal\\\/index.php\\\/2019\\\/12\\\/04\\\/rego-confirma-nas-pontes-que-o-futuro-de-endesa-esta-na-negociacion-do-bng-co-psoe-de-cara-a-investidura-de-sanchez\\\/\",\"url\":\"https:\\\/\\\/www.anovapeneira.gal\\\/index.php\\\/2019\\\/12\\\/04\\\/rego-confirma-nas-pontes-que-o-futuro-de-endesa-esta-na-negociacion-do-bng-co-psoe-de-cara-a-investidura-de-sanchez\\\/\",\"name\":\"Rego confirma nas Pontes que o futuro de ENDESA est\u00e1 na negociaci\u00f3n do BNG co PSOE de cara \u00e1 investidura de S\u00e1nchez -\",\"isPartOf\":{\"@id\":\"https:\\\/\\\/www.anovapeneira.gal\\\/#website\"},\"primaryImageOfPage\":{\"@id\":\"https:\\\/\\\/www.anovapeneira.gal\\\/index.php\\\/2019\\\/12\\\/04\\\/rego-confirma-nas-pontes-que-o-futuro-de-endesa-esta-na-negociacion-do-bng-co-psoe-de-cara-a-investidura-de-sanchez\\\/#primaryimage\"},\"image\":{\"@id\":\"https:\\\/\\\/www.anovapeneira.gal\\\/index.php\\\/2019\\\/12\\\/04\\\/rego-confirma-nas-pontes-que-o-futuro-de-endesa-esta-na-negociacion-do-bng-co-psoe-de-cara-a-investidura-de-sanchez\\\/#primaryimage\"},\"thumbnailUrl\":\"https:\\\/\\\/www.anovapeneira.gal\\\/wp-content\\\/uploads\\\/2019\\\/12\\\/reunion_endesa_as_pontes_a_nova_peneira.jpg\",\"datePublished\":\"2019-12-04T09:00:22+00:00\",\"breadcrumb\":{\"@id\":\"https:\\\/\\\/www.anovapeneira.gal\\\/index.php\\\/2019\\\/12\\\/04\\\/rego-confirma-nas-pontes-que-o-futuro-de-endesa-esta-na-negociacion-do-bng-co-psoe-de-cara-a-investidura-de-sanchez\\\/#breadcrumb\"},\"inLanguage\":\"gl-ES\",\"potentialAction\":[{\"@type\":\"ReadAction\",\"target\":[\"https:\\\/\\\/www.anovapeneira.gal\\\/index.php\\\/2019\\\/12\\\/04\\\/rego-confirma-nas-pontes-que-o-futuro-de-endesa-esta-na-negociacion-do-bng-co-psoe-de-cara-a-investidura-de-sanchez\\\/\"]}]},{\"@type\":\"ImageObject\",\"inLanguage\":\"gl-ES\",\"@id\":\"https:\\\/\\\/www.anovapeneira.gal\\\/index.php\\\/2019\\\/12\\\/04\\\/rego-confirma-nas-pontes-que-o-futuro-de-endesa-esta-na-negociacion-do-bng-co-psoe-de-cara-a-investidura-de-sanchez\\\/#primaryimage\",\"url\":\"https:\\\/\\\/www.anovapeneira.gal\\\/wp-content\\\/uploads\\\/2019\\\/12\\\/reunion_endesa_as_pontes_a_nova_peneira.jpg\",\"contentUrl\":\"https:\\\/\\\/www.anovapeneira.gal\\\/wp-content\\\/uploads\\\/2019\\\/12\\\/reunion_endesa_as_pontes_a_nova_peneira.jpg\",\"width\":720,\"height\":432,\"caption\":\"Reuni\u00f3n Endesa As Pontes A Nova Peneira\"},{\"@type\":\"BreadcrumbList\",\"@id\":\"https:\\\/\\\/www.anovapeneira.gal\\\/index.php\\\/2019\\\/12\\\/04\\\/rego-confirma-nas-pontes-que-o-futuro-de-endesa-esta-na-negociacion-do-bng-co-psoe-de-cara-a-investidura-de-sanchez\\\/#breadcrumb\",\"itemListElement\":[{\"@type\":\"ListItem\",\"position\":1,\"name\":\"Portada\",\"item\":\"https:\\\/\\\/www.anovapeneira.gal\\\/\"},{\"@type\":\"ListItem\",\"position\":2,\"name\":\"Rego confirma nas Pontes que o futuro de ENDESA est\u00e1 na negociaci\u00f3n do BNG co PSOE de cara \u00e1 investidura de S\u00e1nchez\"}]},{\"@type\":\"WebSite\",\"@id\":\"https:\\\/\\\/www.anovapeneira.gal\\\/#website\",\"url\":\"https:\\\/\\\/www.anovapeneira.gal\\\/\",\"name\":\"\",\"description\":\"Xornal galego de informaci\u00f3n xeral Publicaci\u00f3n mensual de novas de Galicia e en especial dos Concellos da sur da provincia de Pontevedra.\",\"publisher\":{\"@id\":\"https:\\\/\\\/www.anovapeneira.gal\\\/#organization\"},\"potentialAction\":[{\"@type\":\"SearchAction\",\"target\":{\"@type\":\"EntryPoint\",\"urlTemplate\":\"https:\\\/\\\/www.anovapeneira.gal\\\/?s={search_term_string}\"},\"query-input\":{\"@type\":\"PropertyValueSpecification\",\"valueRequired\":true,\"valueName\":\"search_term_string\"}}],\"inLanguage\":\"gl-ES\"},{\"@type\":\"Organization\",\"@id\":\"https:\\\/\\\/www.anovapeneira.gal\\\/#organization\",\"name\":\"A Nova Peneira\",\"url\":\"https:\\\/\\\/www.anovapeneira.gal\\\/\",\"logo\":{\"@type\":\"ImageObject\",\"inLanguage\":\"gl-ES\",\"@id\":\"https:\\\/\\\/www.anovapeneira.gal\\\/#\\\/schema\\\/logo\\\/image\\\/\",\"url\":\"http:\\\/\\\/www.anovapeneira.gal\\\/wp-content\\\/uploads\\\/2019\\\/06\\\/logo_a_nova_peneira_portal_web.png\",\"contentUrl\":\"http:\\\/\\\/www.anovapeneira.gal\\\/wp-content\\\/uploads\\\/2019\\\/06\\\/logo_a_nova_peneira_portal_web.png\",\"width\":300,\"height\":100,\"caption\":\"A Nova Peneira\"},\"image\":{\"@id\":\"https:\\\/\\\/www.anovapeneira.gal\\\/#\\\/schema\\\/logo\\\/image\\\/\"},\"sameAs\":[\"https:\\\/\\\/www.facebook.com\\\/anovapeneira\",\"https:\\\/\\\/x.com\\\/APeneira\"]},{\"@type\":\"Person\",\"@id\":\"https:\\\/\\\/www.anovapeneira.gal\\\/#\\\/schema\\\/person\\\/b93e3f8932e3f8da96334607eb6ac6aa\",\"name\":\"Redacci\u00f3n A Nova Peneira\",\"image\":{\"@type\":\"ImageObject\",\"inLanguage\":\"gl-ES\",\"@id\":\"https:\\\/\\\/secure.gravatar.com\\\/avatar\\\/c052a2551a06e23fac63626232eaa90abd78dbcf1700fc46a2b2c89fd27b735f?s=96&d=mm&r=g\",\"url\":\"https:\\\/\\\/secure.gravatar.com\\\/avatar\\\/c052a2551a06e23fac63626232eaa90abd78dbcf1700fc46a2b2c89fd27b735f?s=96&d=mm&r=g\",\"contentUrl\":\"https:\\\/\\\/secure.gravatar.com\\\/avatar\\\/c052a2551a06e23fac63626232eaa90abd78dbcf1700fc46a2b2c89fd27b735f?s=96&d=mm&r=g\",\"caption\":\"Redacci\u00f3n A Nova Peneira\"},\"sameAs\":[\"http:\\\/\\\/www.anovapeneira.gal\\\/\"],\"url\":\"https:\\\/\\\/www.anovapeneira.gal\\\/index.php\\\/author\\\/redactor\\\/\"}]}<\/script>\n<!-- \/ Yoast SEO plugin. -->","yoast_head_json":{"title":"Rego confirma nas Pontes que o futuro de ENDESA est\u00e1 na negociaci\u00f3n do BNG co PSOE de cara \u00e1 investidura de S\u00e1nchez -","robots":{"index":"index","follow":"follow","max-snippet":"max-snippet:-1","max-image-preview":"max-image-preview:large","max-video-preview":"max-video-preview:-1"},"canonical":"https:\/\/www.anovapeneira.gal\/index.php\/2019\/12\/04\/rego-confirma-nas-pontes-que-o-futuro-de-endesa-esta-na-negociacion-do-bng-co-psoe-de-cara-a-investidura-de-sanchez\/","og_locale":"gl_ES","og_type":"article","og_title":"Rego confirma nas Pontes que o futuro de ENDESA est\u00e1 na negociaci\u00f3n do BNG co PSOE de cara \u00e1 investidura de S\u00e1nchez -","og_description":"A formaci\u00f3n nacionalista manter\u00e1 a \u201cpresi\u00f3n parlamentaria\u201d para buscar unha soluci\u00f3n [...]","og_url":"https:\/\/www.anovapeneira.gal\/index.php\/2019\/12\/04\/rego-confirma-nas-pontes-que-o-futuro-de-endesa-esta-na-negociacion-do-bng-co-psoe-de-cara-a-investidura-de-sanchez\/","article_publisher":"https:\/\/www.facebook.com\/anovapeneira","article_published_time":"2019-12-04T09:00:22+00:00","og_image":[{"width":720,"height":432,"url":"https:\/\/www.anovapeneira.gal\/wp-content\/uploads\/2019\/12\/reunion_endesa_as_pontes_a_nova_peneira.jpg","type":"image\/jpeg"}],"author":"Redacci\u00f3n A Nova Peneira","twitter_card":"summary_large_image","twitter_creator":"@APeneira","twitter_site":"@APeneira","twitter_misc":{"Escrito por":"Redacci\u00f3n A Nova Peneira","Tempo de lectura":"3 minutos"},"schema":{"@context":"https:\/\/schema.org","@graph":[{"@type":"Article","@id":"https:\/\/www.anovapeneira.gal\/index.php\/2019\/12\/04\/rego-confirma-nas-pontes-que-o-futuro-de-endesa-esta-na-negociacion-do-bng-co-psoe-de-cara-a-investidura-de-sanchez\/#article","isPartOf":{"@id":"https:\/\/www.anovapeneira.gal\/index.php\/2019\/12\/04\/rego-confirma-nas-pontes-que-o-futuro-de-endesa-esta-na-negociacion-do-bng-co-psoe-de-cara-a-investidura-de-sanchez\/"},"author":{"name":"Redacci\u00f3n A Nova Peneira","@id":"https:\/\/www.anovapeneira.gal\/#\/schema\/person\/b93e3f8932e3f8da96334607eb6ac6aa"},"headline":"Rego confirma nas Pontes que o futuro de ENDESA est\u00e1 na negociaci\u00f3n do BNG co PSOE de cara \u00e1 investidura de S\u00e1nchez","datePublished":"2019-12-04T09:00:22+00:00","mainEntityOfPage":{"@id":"https:\/\/www.anovapeneira.gal\/index.php\/2019\/12\/04\/rego-confirma-nas-pontes-que-o-futuro-de-endesa-esta-na-negociacion-do-bng-co-psoe-de-cara-a-investidura-de-sanchez\/"},"wordCount":616,"commentCount":0,"publisher":{"@id":"https:\/\/www.anovapeneira.gal\/#organization"},"image":{"@id":"https:\/\/www.anovapeneira.gal\/index.php\/2019\/12\/04\/rego-confirma-nas-pontes-que-o-futuro-de-endesa-esta-na-negociacion-do-bng-co-psoe-de-cara-a-investidura-de-sanchez\/#primaryimage"},"thumbnailUrl":"https:\/\/www.anovapeneira.gal\/wp-content\/uploads\/2019\/12\/reunion_endesa_as_pontes_a_nova_peneira.jpg","keywords":["As Pontes","BNG","Endesa"],"articleSection":["Novas"],"inLanguage":"gl-ES","potentialAction":[{"@type":"CommentAction","name":"Comment","target":["https:\/\/www.anovapeneira.gal\/index.php\/2019\/12\/04\/rego-confirma-nas-pontes-que-o-futuro-de-endesa-esta-na-negociacion-do-bng-co-psoe-de-cara-a-investidura-de-sanchez\/#respond"]}]},{"@type":"WebPage","@id":"https:\/\/www.anovapeneira.gal\/index.php\/2019\/12\/04\/rego-confirma-nas-pontes-que-o-futuro-de-endesa-esta-na-negociacion-do-bng-co-psoe-de-cara-a-investidura-de-sanchez\/","url":"https:\/\/www.anovapeneira.gal\/index.php\/2019\/12\/04\/rego-confirma-nas-pontes-que-o-futuro-de-endesa-esta-na-negociacion-do-bng-co-psoe-de-cara-a-investidura-de-sanchez\/","name":"Rego confirma nas Pontes que o futuro de ENDESA est\u00e1 na negociaci\u00f3n do BNG co PSOE de cara \u00e1 investidura de S\u00e1nchez -","isPartOf":{"@id":"https:\/\/www.anovapeneira.gal\/#website"},"primaryImageOfPage":{"@id":"https:\/\/www.anovapeneira.gal\/index.php\/2019\/12\/04\/rego-confirma-nas-pontes-que-o-futuro-de-endesa-esta-na-negociacion-do-bng-co-psoe-de-cara-a-investidura-de-sanchez\/#primaryimage"},"image":{"@id":"https:\/\/www.anovapeneira.gal\/index.php\/2019\/12\/04\/rego-confirma-nas-pontes-que-o-futuro-de-endesa-esta-na-negociacion-do-bng-co-psoe-de-cara-a-investidura-de-sanchez\/#primaryimage"},"thumbnailUrl":"https:\/\/www.anovapeneira.gal\/wp-content\/uploads\/2019\/12\/reunion_endesa_as_pontes_a_nova_peneira.jpg","datePublished":"2019-12-04T09:00:22+00:00","breadcrumb":{"@id":"https:\/\/www.anovapeneira.gal\/index.php\/2019\/12\/04\/rego-confirma-nas-pontes-que-o-futuro-de-endesa-esta-na-negociacion-do-bng-co-psoe-de-cara-a-investidura-de-sanchez\/#breadcrumb"},"inLanguage":"gl-ES","potentialAction":[{"@type":"ReadAction","target":["https:\/\/www.anovapeneira.gal\/index.php\/2019\/12\/04\/rego-confirma-nas-pontes-que-o-futuro-de-endesa-esta-na-negociacion-do-bng-co-psoe-de-cara-a-investidura-de-sanchez\/"]}]},{"@type":"ImageObject","inLanguage":"gl-ES","@id":"https:\/\/www.anovapeneira.gal\/index.php\/2019\/12\/04\/rego-confirma-nas-pontes-que-o-futuro-de-endesa-esta-na-negociacion-do-bng-co-psoe-de-cara-a-investidura-de-sanchez\/#primaryimage","url":"https:\/\/www.anovapeneira.gal\/wp-content\/uploads\/2019\/12\/reunion_endesa_as_pontes_a_nova_peneira.jpg","contentUrl":"https:\/\/www.anovapeneira.gal\/wp-content\/uploads\/2019\/12\/reunion_endesa_as_pontes_a_nova_peneira.jpg","width":720,"height":432,"caption":"Reuni\u00f3n Endesa As Pontes A Nova Peneira"},{"@type":"BreadcrumbList","@id":"https:\/\/www.anovapeneira.gal\/index.php\/2019\/12\/04\/rego-confirma-nas-pontes-que-o-futuro-de-endesa-esta-na-negociacion-do-bng-co-psoe-de-cara-a-investidura-de-sanchez\/#breadcrumb","itemListElement":[{"@type":"ListItem","position":1,"name":"Portada","item":"https:\/\/www.anovapeneira.gal\/"},{"@type":"ListItem","position":2,"name":"Rego confirma nas Pontes que o futuro de ENDESA est\u00e1 na negociaci\u00f3n do BNG co PSOE de cara \u00e1 investidura de S\u00e1nchez"}]},{"@type":"WebSite","@id":"https:\/\/www.anovapeneira.gal\/#website","url":"https:\/\/www.anovapeneira.gal\/","name":"","description":"Xornal galego de informaci\u00f3n xeral Publicaci\u00f3n mensual de novas de Galicia e en especial dos Concellos da sur da provincia de Pontevedra.","publisher":{"@id":"https:\/\/www.anovapeneira.gal\/#organization"},"potentialAction":[{"@type":"SearchAction","target":{"@type":"EntryPoint","urlTemplate":"https:\/\/www.anovapeneira.gal\/?s={search_term_string}"},"query-input":{"@type":"PropertyValueSpecification","valueRequired":true,"valueName":"search_term_string"}}],"inLanguage":"gl-ES"},{"@type":"Organization","@id":"https:\/\/www.anovapeneira.gal\/#organization","name":"A Nova Peneira","url":"https:\/\/www.anovapeneira.gal\/","logo":{"@type":"ImageObject","inLanguage":"gl-ES","@id":"https:\/\/www.anovapeneira.gal\/#\/schema\/logo\/image\/","url":"http:\/\/www.anovapeneira.gal\/wp-content\/uploads\/2019\/06\/logo_a_nova_peneira_portal_web.png","contentUrl":"http:\/\/www.anovapeneira.gal\/wp-content\/uploads\/2019\/06\/logo_a_nova_peneira_portal_web.png","width":300,"height":100,"caption":"A Nova Peneira"},"image":{"@id":"https:\/\/www.anovapeneira.gal\/#\/schema\/logo\/image\/"},"sameAs":["https:\/\/www.facebook.com\/anovapeneira","https:\/\/x.com\/APeneira"]},{"@type":"Person","@id":"https:\/\/www.anovapeneira.gal\/#\/schema\/person\/b93e3f8932e3f8da96334607eb6ac6aa","name":"Redacci\u00f3n A Nova Peneira","image":{"@type":"ImageObject","inLanguage":"gl-ES","@id":"https:\/\/secure.gravatar.com\/avatar\/c052a2551a06e23fac63626232eaa90abd78dbcf1700fc46a2b2c89fd27b735f?s=96&d=mm&r=g","url":"https:\/\/secure.gravatar.com\/avatar\/c052a2551a06e23fac63626232eaa90abd78dbcf1700fc46a2b2c89fd27b735f?s=96&d=mm&r=g","contentUrl":"https:\/\/secure.gravatar.com\/avatar\/c052a2551a06e23fac63626232eaa90abd78dbcf1700fc46a2b2c89fd27b735f?s=96&d=mm&r=g","caption":"Redacci\u00f3n A Nova Peneira"},"sameAs":["http:\/\/www.anovapeneira.gal\/"],"url":"https:\/\/www.anovapeneira.gal\/index.php\/author\/redactor\/"}]}},"jetpack_featured_media_url":"https:\/\/www.anovapeneira.gal\/wp-content\/uploads\/2019\/12\/reunion_endesa_as_pontes_a_nova_peneira.jpg","_links":{"self":[{"href":"https:\/\/www.anovapeneira.gal\/index.php\/wp-json\/wp\/v2\/posts\/1931","targetHints":{"allow":["GET"]}}],"collection":[{"href":"https:\/\/www.anovapeneira.gal\/index.php\/wp-json\/wp\/v2\/posts"}],"about":[{"href":"https:\/\/www.anovapeneira.gal\/index.php\/wp-json\/wp\/v2\/types\/post"}],"author":[{"embeddable":true,"href":"https:\/\/www.anovapeneira.gal\/index.php\/wp-json\/wp\/v2\/users\/3"}],"replies":[{"embeddable":true,"href":"https:\/\/www.anovapeneira.gal\/index.php\/wp-json\/wp\/v2\/comments?post=1931"}],"version-history":[{"count":1,"href":"https:\/\/www.anovapeneira.gal\/index.php\/wp-json\/wp\/v2\/posts\/1931\/revisions"}],"predecessor-version":[{"id":1933,"href":"https:\/\/www.anovapeneira.gal\/index.php\/wp-json\/wp\/v2\/posts\/1931\/revisions\/1933"}],"wp:featuredmedia":[{"embeddable":true,"href":"https:\/\/www.anovapeneira.gal\/index.php\/wp-json\/wp\/v2\/media\/1932"}],"wp:attachment":[{"href":"https:\/\/www.anovapeneira.gal\/index.php\/wp-json\/wp\/v2\/media?parent=1931"}],"wp:term":[{"taxonomy":"category","embeddable":true,"href":"https:\/\/www.anovapeneira.gal\/index.php\/wp-json\/wp\/v2\/categories?post=1931"},{"taxonomy":"post_tag","embeddable":true,"href":"https:\/\/www.anovapeneira.gal\/index.php\/wp-json\/wp\/v2\/tags?post=1931"}],"curies":[{"name":"wp","href":"https:\/\/api.w.org\/{rel}","templated":true}]}}