{"id":1934,"date":"2019-12-05T10:00:06","date_gmt":"2019-12-05T09:00:06","guid":{"rendered":"http:\/\/www.anovapeneira.gal\/?p=1934"},"modified":"2019-12-02T12:04:23","modified_gmt":"2019-12-02T11:04:23","slug":"o-concello-de-nigran-arranca-este-domingo-a-sua-programacion-de-nadal-con-preto-de-medio-cento-de-actividades-ata-o-dia-de-reis","status":"publish","type":"post","link":"https:\/\/www.anovapeneira.gal\/index.php\/2019\/12\/05\/o-concello-de-nigran-arranca-este-domingo-a-sua-programacion-de-nadal-con-preto-de-medio-cento-de-actividades-ata-o-dia-de-reis\/","title":{"rendered":"O Concello de Nigr\u00e1n arranca este domingo a s\u00faa programaci\u00f3n de nadal con preto de medio cento de actividades ata o d\u00eda de Reis"},"content":{"rendered":"\n<p> <\/p>\n\n\n\n<h2 class=\"wp-block-heading\"><strong>O acendido do alumeado celebrarase o pr\u00f3ximo venres na Praza do Concello coa actuaci\u00f3n de Peter Punk e o concerto de Broken Peach<\/strong><\/h2>\n\n\n\n<h2 class=\"wp-block-heading\"><strong>O Concello mant\u00e9n citas xa tradicionais como a San Silvestre e a rondalla e engade novidades como sendos concertos no Templo Votivo de Panx\u00f3n, un bingo solidario ou badaladas de fin de ano o d\u00eda 28<\/strong><\/h2>\n\n\n\n<h2 class=\"wp-block-heading\"><strong>Os m\u00e1is pequenos son os protagonistas da programaci\u00f3n, puidendo gozar de m\u00faltiples contacontos, concertos, teatro ou a visita do carteiro real ou Pap\u00e1 Noel aos colexios<\/strong><\/h2>\n\n\n\n<p><strong>Nigr\u00e1n, 29 de noviembre<\/strong> <strong>de 2019<\/strong><\/p>\n\n\n\n<p>O\nConcello de Nigr\u00e1n arranca co inicio do mes de decembro unha\nprogramaci\u00f3n especial de Nadal que concentra preto de medio cento de\nactividades desde este domingo d\u00eda 1 co mercado dos comerciantes de\nA Ramallosa en Panx\u00f3n ata a cabalgata de Reis, o 5 de xaneiro,  como\npunto final. As cinco mochilas vibratorias do Concello estar\u00e1n a\ndisposici\u00f3n de todas aquelas persoas que as soliciten para garantir\nas\u00ed a accesibilidade nos diferentes concertos.<\/p>\n\n\n\n<p>\n\tAs\u00ed,\ntras celebrar o  D\u00eda Internacional da Discapacidade o martes 3, o\nvenres 6 de decembro ter\u00e1 lugar o acendido das luces de Nadal na\nPraza do Concello coa actuaci\u00f3n de Peter Punk e o concerto posterior\nda banda feminina de rock&amp;Soul Broken Peach. Ao d\u00eda seguinte\ncelebrarase unha das novas iniciativas do Concello neste Nadal, un\nbingo solidario no Auditorio Municipal co concerto posterior de\nArgonat Band. Non ser\u00e1 a \u00fanica novidade na programaci\u00f3n, o\nConcello ofrecer\u00e1 sendos concertos no Templo Votivo do Mar en Panx\u00f3n\n(&#8216;Il Bimbi Appassionati&#8217; e o grupo de m\u00fasica antiga &#8216;I Colori\ndell&#8217;Armon\u00eda&#8217; o domingo 8 e a Coral Novos Aires o s\u00e1bado 21) ou\nunha gala de teatro o d\u00eda 28 e outra de Afaga o d\u00eda 27,  ademais,\ncolaborar\u00e1 cos comerciantes na celebraci\u00f3n das 12 badaladas o\nmediod\u00eda do 28 na Alameda de San Campio.<\/p>\n\n\n\n<figure class=\"wp-block-image size-full\"><img loading=\"lazy\" decoding=\"async\" width=\"1810\" height=\"2560\" src=\"http:\/\/www.anovapeneira.gal\/wp-content\/uploads\/2019\/12\/nigran_cartel_nadal_a_nova_peneira-scaled.jpg\" alt=\"\" class=\"wp-image-1936\" srcset=\"https:\/\/www.anovapeneira.gal\/wp-content\/uploads\/2019\/12\/nigran_cartel_nadal_a_nova_peneira-scaled.jpg 1810w, https:\/\/www.anovapeneira.gal\/wp-content\/uploads\/2019\/12\/nigran_cartel_nadal_a_nova_peneira-212x300.jpg 212w, https:\/\/www.anovapeneira.gal\/wp-content\/uploads\/2019\/12\/nigran_cartel_nadal_a_nova_peneira-724x1024.jpg 724w, https:\/\/www.anovapeneira.gal\/wp-content\/uploads\/2019\/12\/nigran_cartel_nadal_a_nova_peneira-768x1086.jpg 768w, https:\/\/www.anovapeneira.gal\/wp-content\/uploads\/2019\/12\/nigran_cartel_nadal_a_nova_peneira-1086x1536.jpg 1086w, https:\/\/www.anovapeneira.gal\/wp-content\/uploads\/2019\/12\/nigran_cartel_nadal_a_nova_peneira-1448x2048.jpg 1448w\" sizes=\"auto, (max-width: 1810px) 100vw, 1810px\" \/><\/figure>\n\n\n\n<p>\n\tComo\n\u00e9 preceptivo nestas datas, os nenos ser\u00e1n os protagonistas na\nprogramaci\u00f3n non s\u00f3 na Cabalgata do d\u00eda 5 de xaneiro, se non moi\nespecialmente durante o periodo de vacaci\u00f3ns escolares. O Concello,\nademais de organizar a ludoteca de Nadal e ofrecer a visita dos paxes\nreais ou Pap\u00e1 Noel a t\u00f3dolos colexios e a Praza Rosal\u00eda de Castro\ne Auditorio, ofrecer\u00e1 diferentes sesi\u00f3ns de contacontos os d\u00edas 27\nde decembro e venres 3 de xaneiro, e os musicais &#8216;A voar&#8217; de C\u00e9\nOrquestra Pantasma o domingo 29  e &#8216;Pedro e o lobo&#8217;, de Prokofiev, o\nxoves 2. Novamente, progr\u00e1mase unha excursi\u00f3n a Perlim o xoves 26\n(inscrici\u00f3n previa do 16 ao 20 de decembro) e o colexio Humberto\nJuanes realizar\u00e1 dous festivais solidarios o xoves 19 e venres 20.\t<\/p>\n\n\n\n<p>Citas xa tradicionais como o baile de maiores (d\u00eda 15) ou o pasarr\u00faas da Rondalla de Parada (martes 24) e o concerto de corais (d\u00eda 14) mant\u00e9\u00f1ense na programaci\u00f3n un ano m\u00e1is xunto aos papanoeles surfeiros ou moteiros os dous o d\u00eda 22 e o cine-club Alice Guy o 19.<\/p>\n\n\n\n<p>\n\tNo\neido deportivo, os cl\u00e1sicos torneos solidarios multipl\u00edcanse co\n&#8216;Encesta un alimento&#8217; do C.B. Nigr\u00e1n (21 e 22), f\u00fatbol-sala (27, 28\ne 29) e patinaxe (20) no Pavill\u00f3n, o de xadrez Laroca no Auditorio\n(20, 21 e 22) e, finalmente, a carreira San Silvestre organizada polo\nConcello o s\u00e1bado 28. \n<\/p>\n\n\n\n<p>&#8220;En definitiva, dese\u00f1amos unha programaci\u00f3n pensando en todas  as idades e en todos os gustos para que ningu\u00e9n se sinta fora&#8221;, resume o alcalde, Juan Gonz\u00e1lez.<\/p>\n","protected":false},"excerpt":{"rendered":"<div class=\"mh-excerpt\"><p>O acendido do alumeado celebrarase o pr\u00f3ximo venres na Praza do Concello coa actuaci\u00f3n de Peter Punk e o concerto de Broken Peach <a class=\"mh-excerpt-more\" href=\"https:\/\/www.anovapeneira.gal\/index.php\/2019\/12\/05\/o-concello-de-nigran-arranca-este-domingo-a-sua-programacion-de-nadal-con-preto-de-medio-cento-de-actividades-ata-o-dia-de-reis\/\" title=\"O Concello de Nigr\u00e1n arranca este domingo a s\u00faa programaci\u00f3n de nadal con preto de medio cento de actividades ata o d\u00eda de Reis\">[&#8230;]<\/a><\/p>\n<\/div>","protected":false},"author":3,"featured_media":1935,"comment_status":"open","ping_status":"open","sticky":false,"template":"","format":"standard","meta":{"_exactmetrics_skip_tracking":false,"_exactmetrics_sitenote_active":false,"_exactmetrics_sitenote_note":"","_exactmetrics_sitenote_category":0,"footnotes":""},"categories":[20],"tags":[135,833],"class_list":{"0":"post-1934","1":"post","2":"type-post","3":"status-publish","4":"format-standard","5":"has-post-thumbnail","7":"category-val-minor","8":"tag-concello-de-nigran","9":"tag-nadal"},"yoast_head":"<!-- This site is optimized with the Yoast SEO plugin v27.4 - https:\/\/yoast.com\/product\/yoast-seo-wordpress\/ -->\n<title>O Concello de Nigr\u00e1n arranca este domingo a s\u00faa programaci\u00f3n de nadal con preto de medio cento de actividades ata o d\u00eda de Reis -<\/title>\n<meta name=\"robots\" content=\"index, follow, max-snippet:-1, max-image-preview:large, max-video-preview:-1\" \/>\n<link rel=\"canonical\" href=\"https:\/\/www.anovapeneira.gal\/index.php\/2019\/12\/05\/o-concello-de-nigran-arranca-este-domingo-a-sua-programacion-de-nadal-con-preto-de-medio-cento-de-actividades-ata-o-dia-de-reis\/\" \/>\n<meta property=\"og:locale\" content=\"gl_ES\" \/>\n<meta property=\"og:type\" content=\"article\" \/>\n<meta property=\"og:title\" content=\"O Concello de Nigr\u00e1n arranca este domingo a s\u00faa programaci\u00f3n de nadal con preto de medio cento de actividades ata o d\u00eda de Reis -\" \/>\n<meta property=\"og:description\" content=\"O acendido do alumeado celebrarase o pr\u00f3ximo venres na Praza do Concello coa actuaci\u00f3n de Peter Punk e o concerto de Broken Peach [...]\" \/>\n<meta property=\"og:url\" content=\"https:\/\/www.anovapeneira.gal\/index.php\/2019\/12\/05\/o-concello-de-nigran-arranca-este-domingo-a-sua-programacion-de-nadal-con-preto-de-medio-cento-de-actividades-ata-o-dia-de-reis\/\" \/>\n<meta property=\"article:publisher\" content=\"https:\/\/www.facebook.com\/anovapeneira\" \/>\n<meta property=\"article:published_time\" content=\"2019-12-05T09:00:06+00:00\" \/>\n<meta property=\"og:image\" content=\"https:\/\/www.anovapeneira.gal\/wp-content\/uploads\/2019\/12\/nigran_nadal_a_nova_peneira.jpg\" \/>\n\t<meta property=\"og:image:width\" content=\"720\" \/>\n\t<meta property=\"og:image:height\" content=\"432\" \/>\n\t<meta property=\"og:image:type\" content=\"image\/jpeg\" \/>\n<meta name=\"author\" content=\"Redacci\u00f3n A Nova Peneira\" \/>\n<meta name=\"twitter:card\" content=\"summary_large_image\" \/>\n<meta name=\"twitter:creator\" content=\"@APeneira\" \/>\n<meta name=\"twitter:site\" content=\"@APeneira\" \/>\n<meta name=\"twitter:label1\" content=\"Escrito por\" \/>\n\t<meta name=\"twitter:data1\" content=\"Redacci\u00f3n A Nova Peneira\" \/>\n\t<meta name=\"twitter:label2\" content=\"Tempo de lectura\" \/>\n\t<meta name=\"twitter:data2\" content=\"3 minutos\" \/>\n<script type=\"application\/ld+json\" class=\"yoast-schema-graph\">{\"@context\":\"https:\\\/\\\/schema.org\",\"@graph\":[{\"@type\":\"Article\",\"@id\":\"https:\\\/\\\/www.anovapeneira.gal\\\/index.php\\\/2019\\\/12\\\/05\\\/o-concello-de-nigran-arranca-este-domingo-a-sua-programacion-de-nadal-con-preto-de-medio-cento-de-actividades-ata-o-dia-de-reis\\\/#article\",\"isPartOf\":{\"@id\":\"https:\\\/\\\/www.anovapeneira.gal\\\/index.php\\\/2019\\\/12\\\/05\\\/o-concello-de-nigran-arranca-este-domingo-a-sua-programacion-de-nadal-con-preto-de-medio-cento-de-actividades-ata-o-dia-de-reis\\\/\"},\"author\":{\"name\":\"Redacci\u00f3n A Nova Peneira\",\"@id\":\"https:\\\/\\\/www.anovapeneira.gal\\\/#\\\/schema\\\/person\\\/b93e3f8932e3f8da96334607eb6ac6aa\"},\"headline\":\"O Concello de Nigr\u00e1n arranca este domingo a s\u00faa programaci\u00f3n de nadal con preto de medio cento de actividades ata o d\u00eda de Reis\",\"datePublished\":\"2019-12-05T09:00:06+00:00\",\"mainEntityOfPage\":{\"@id\":\"https:\\\/\\\/www.anovapeneira.gal\\\/index.php\\\/2019\\\/12\\\/05\\\/o-concello-de-nigran-arranca-este-domingo-a-sua-programacion-de-nadal-con-preto-de-medio-cento-de-actividades-ata-o-dia-de-reis\\\/\"},\"wordCount\":612,\"commentCount\":0,\"publisher\":{\"@id\":\"https:\\\/\\\/www.anovapeneira.gal\\\/#organization\"},\"image\":{\"@id\":\"https:\\\/\\\/www.anovapeneira.gal\\\/index.php\\\/2019\\\/12\\\/05\\\/o-concello-de-nigran-arranca-este-domingo-a-sua-programacion-de-nadal-con-preto-de-medio-cento-de-actividades-ata-o-dia-de-reis\\\/#primaryimage\"},\"thumbnailUrl\":\"https:\\\/\\\/www.anovapeneira.gal\\\/wp-content\\\/uploads\\\/2019\\\/12\\\/nigran_nadal_a_nova_peneira.jpg\",\"keywords\":[\"Concello de Nigr\u00e1n\",\"Nadal\"],\"articleSection\":[\"Val Mi\u00f1or\"],\"inLanguage\":\"gl-ES\",\"potentialAction\":[{\"@type\":\"CommentAction\",\"name\":\"Comment\",\"target\":[\"https:\\\/\\\/www.anovapeneira.gal\\\/index.php\\\/2019\\\/12\\\/05\\\/o-concello-de-nigran-arranca-este-domingo-a-sua-programacion-de-nadal-con-preto-de-medio-cento-de-actividades-ata-o-dia-de-reis\\\/#respond\"]}]},{\"@type\":\"WebPage\",\"@id\":\"https:\\\/\\\/www.anovapeneira.gal\\\/index.php\\\/2019\\\/12\\\/05\\\/o-concello-de-nigran-arranca-este-domingo-a-sua-programacion-de-nadal-con-preto-de-medio-cento-de-actividades-ata-o-dia-de-reis\\\/\",\"url\":\"https:\\\/\\\/www.anovapeneira.gal\\\/index.php\\\/2019\\\/12\\\/05\\\/o-concello-de-nigran-arranca-este-domingo-a-sua-programacion-de-nadal-con-preto-de-medio-cento-de-actividades-ata-o-dia-de-reis\\\/\",\"name\":\"O Concello de Nigr\u00e1n arranca este domingo a s\u00faa programaci\u00f3n de nadal con preto de medio cento de actividades ata o d\u00eda de Reis -\",\"isPartOf\":{\"@id\":\"https:\\\/\\\/www.anovapeneira.gal\\\/#website\"},\"primaryImageOfPage\":{\"@id\":\"https:\\\/\\\/www.anovapeneira.gal\\\/index.php\\\/2019\\\/12\\\/05\\\/o-concello-de-nigran-arranca-este-domingo-a-sua-programacion-de-nadal-con-preto-de-medio-cento-de-actividades-ata-o-dia-de-reis\\\/#primaryimage\"},\"image\":{\"@id\":\"https:\\\/\\\/www.anovapeneira.gal\\\/index.php\\\/2019\\\/12\\\/05\\\/o-concello-de-nigran-arranca-este-domingo-a-sua-programacion-de-nadal-con-preto-de-medio-cento-de-actividades-ata-o-dia-de-reis\\\/#primaryimage\"},\"thumbnailUrl\":\"https:\\\/\\\/www.anovapeneira.gal\\\/wp-content\\\/uploads\\\/2019\\\/12\\\/nigran_nadal_a_nova_peneira.jpg\",\"datePublished\":\"2019-12-05T09:00:06+00:00\",\"breadcrumb\":{\"@id\":\"https:\\\/\\\/www.anovapeneira.gal\\\/index.php\\\/2019\\\/12\\\/05\\\/o-concello-de-nigran-arranca-este-domingo-a-sua-programacion-de-nadal-con-preto-de-medio-cento-de-actividades-ata-o-dia-de-reis\\\/#breadcrumb\"},\"inLanguage\":\"gl-ES\",\"potentialAction\":[{\"@type\":\"ReadAction\",\"target\":[\"https:\\\/\\\/www.anovapeneira.gal\\\/index.php\\\/2019\\\/12\\\/05\\\/o-concello-de-nigran-arranca-este-domingo-a-sua-programacion-de-nadal-con-preto-de-medio-cento-de-actividades-ata-o-dia-de-reis\\\/\"]}]},{\"@type\":\"ImageObject\",\"inLanguage\":\"gl-ES\",\"@id\":\"https:\\\/\\\/www.anovapeneira.gal\\\/index.php\\\/2019\\\/12\\\/05\\\/o-concello-de-nigran-arranca-este-domingo-a-sua-programacion-de-nadal-con-preto-de-medio-cento-de-actividades-ata-o-dia-de-reis\\\/#primaryimage\",\"url\":\"https:\\\/\\\/www.anovapeneira.gal\\\/wp-content\\\/uploads\\\/2019\\\/12\\\/nigran_nadal_a_nova_peneira.jpg\",\"contentUrl\":\"https:\\\/\\\/www.anovapeneira.gal\\\/wp-content\\\/uploads\\\/2019\\\/12\\\/nigran_nadal_a_nova_peneira.jpg\",\"width\":720,\"height\":432,\"caption\":\"Concello de Nigr\u00e1n Nadal A Nova Peneira\"},{\"@type\":\"BreadcrumbList\",\"@id\":\"https:\\\/\\\/www.anovapeneira.gal\\\/index.php\\\/2019\\\/12\\\/05\\\/o-concello-de-nigran-arranca-este-domingo-a-sua-programacion-de-nadal-con-preto-de-medio-cento-de-actividades-ata-o-dia-de-reis\\\/#breadcrumb\",\"itemListElement\":[{\"@type\":\"ListItem\",\"position\":1,\"name\":\"Portada\",\"item\":\"https:\\\/\\\/www.anovapeneira.gal\\\/\"},{\"@type\":\"ListItem\",\"position\":2,\"name\":\"O Concello de Nigr\u00e1n arranca este domingo a s\u00faa programaci\u00f3n de nadal con preto de medio cento de actividades ata o d\u00eda de Reis\"}]},{\"@type\":\"WebSite\",\"@id\":\"https:\\\/\\\/www.anovapeneira.gal\\\/#website\",\"url\":\"https:\\\/\\\/www.anovapeneira.gal\\\/\",\"name\":\"\",\"description\":\"Xornal galego de informaci\u00f3n xeral Publicaci\u00f3n mensual de novas de Galicia e en especial dos Concellos da sur da provincia de Pontevedra.\",\"publisher\":{\"@id\":\"https:\\\/\\\/www.anovapeneira.gal\\\/#organization\"},\"potentialAction\":[{\"@type\":\"SearchAction\",\"target\":{\"@type\":\"EntryPoint\",\"urlTemplate\":\"https:\\\/\\\/www.anovapeneira.gal\\\/?s={search_term_string}\"},\"query-input\":{\"@type\":\"PropertyValueSpecification\",\"valueRequired\":true,\"valueName\":\"search_term_string\"}}],\"inLanguage\":\"gl-ES\"},{\"@type\":\"Organization\",\"@id\":\"https:\\\/\\\/www.anovapeneira.gal\\\/#organization\",\"name\":\"A Nova Peneira\",\"url\":\"https:\\\/\\\/www.anovapeneira.gal\\\/\",\"logo\":{\"@type\":\"ImageObject\",\"inLanguage\":\"gl-ES\",\"@id\":\"https:\\\/\\\/www.anovapeneira.gal\\\/#\\\/schema\\\/logo\\\/image\\\/\",\"url\":\"http:\\\/\\\/www.anovapeneira.gal\\\/wp-content\\\/uploads\\\/2019\\\/06\\\/logo_a_nova_peneira_portal_web.png\",\"contentUrl\":\"http:\\\/\\\/www.anovapeneira.gal\\\/wp-content\\\/uploads\\\/2019\\\/06\\\/logo_a_nova_peneira_portal_web.png\",\"width\":300,\"height\":100,\"caption\":\"A Nova Peneira\"},\"image\":{\"@id\":\"https:\\\/\\\/www.anovapeneira.gal\\\/#\\\/schema\\\/logo\\\/image\\\/\"},\"sameAs\":[\"https:\\\/\\\/www.facebook.com\\\/anovapeneira\",\"https:\\\/\\\/x.com\\\/APeneira\"]},{\"@type\":\"Person\",\"@id\":\"https:\\\/\\\/www.anovapeneira.gal\\\/#\\\/schema\\\/person\\\/b93e3f8932e3f8da96334607eb6ac6aa\",\"name\":\"Redacci\u00f3n A Nova Peneira\",\"image\":{\"@type\":\"ImageObject\",\"inLanguage\":\"gl-ES\",\"@id\":\"https:\\\/\\\/secure.gravatar.com\\\/avatar\\\/c052a2551a06e23fac63626232eaa90abd78dbcf1700fc46a2b2c89fd27b735f?s=96&d=mm&r=g\",\"url\":\"https:\\\/\\\/secure.gravatar.com\\\/avatar\\\/c052a2551a06e23fac63626232eaa90abd78dbcf1700fc46a2b2c89fd27b735f?s=96&d=mm&r=g\",\"contentUrl\":\"https:\\\/\\\/secure.gravatar.com\\\/avatar\\\/c052a2551a06e23fac63626232eaa90abd78dbcf1700fc46a2b2c89fd27b735f?s=96&d=mm&r=g\",\"caption\":\"Redacci\u00f3n A Nova Peneira\"},\"sameAs\":[\"http:\\\/\\\/www.anovapeneira.gal\\\/\"],\"url\":\"https:\\\/\\\/www.anovapeneira.gal\\\/index.php\\\/author\\\/redactor\\\/\"}]}<\/script>\n<!-- \/ Yoast SEO plugin. -->","yoast_head_json":{"title":"O Concello de Nigr\u00e1n arranca este domingo a s\u00faa programaci\u00f3n de nadal con preto de medio cento de actividades ata o d\u00eda de Reis -","robots":{"index":"index","follow":"follow","max-snippet":"max-snippet:-1","max-image-preview":"max-image-preview:large","max-video-preview":"max-video-preview:-1"},"canonical":"https:\/\/www.anovapeneira.gal\/index.php\/2019\/12\/05\/o-concello-de-nigran-arranca-este-domingo-a-sua-programacion-de-nadal-con-preto-de-medio-cento-de-actividades-ata-o-dia-de-reis\/","og_locale":"gl_ES","og_type":"article","og_title":"O Concello de Nigr\u00e1n arranca este domingo a s\u00faa programaci\u00f3n de nadal con preto de medio cento de actividades ata o d\u00eda de Reis -","og_description":"O acendido do alumeado celebrarase o pr\u00f3ximo venres na Praza do Concello coa actuaci\u00f3n de Peter Punk e o concerto de Broken Peach [...]","og_url":"https:\/\/www.anovapeneira.gal\/index.php\/2019\/12\/05\/o-concello-de-nigran-arranca-este-domingo-a-sua-programacion-de-nadal-con-preto-de-medio-cento-de-actividades-ata-o-dia-de-reis\/","article_publisher":"https:\/\/www.facebook.com\/anovapeneira","article_published_time":"2019-12-05T09:00:06+00:00","og_image":[{"width":720,"height":432,"url":"https:\/\/www.anovapeneira.gal\/wp-content\/uploads\/2019\/12\/nigran_nadal_a_nova_peneira.jpg","type":"image\/jpeg"}],"author":"Redacci\u00f3n A Nova Peneira","twitter_card":"summary_large_image","twitter_creator":"@APeneira","twitter_site":"@APeneira","twitter_misc":{"Escrito por":"Redacci\u00f3n A Nova Peneira","Tempo de lectura":"3 minutos"},"schema":{"@context":"https:\/\/schema.org","@graph":[{"@type":"Article","@id":"https:\/\/www.anovapeneira.gal\/index.php\/2019\/12\/05\/o-concello-de-nigran-arranca-este-domingo-a-sua-programacion-de-nadal-con-preto-de-medio-cento-de-actividades-ata-o-dia-de-reis\/#article","isPartOf":{"@id":"https:\/\/www.anovapeneira.gal\/index.php\/2019\/12\/05\/o-concello-de-nigran-arranca-este-domingo-a-sua-programacion-de-nadal-con-preto-de-medio-cento-de-actividades-ata-o-dia-de-reis\/"},"author":{"name":"Redacci\u00f3n A Nova Peneira","@id":"https:\/\/www.anovapeneira.gal\/#\/schema\/person\/b93e3f8932e3f8da96334607eb6ac6aa"},"headline":"O Concello de Nigr\u00e1n arranca este domingo a s\u00faa programaci\u00f3n de nadal con preto de medio cento de actividades ata o d\u00eda de Reis","datePublished":"2019-12-05T09:00:06+00:00","mainEntityOfPage":{"@id":"https:\/\/www.anovapeneira.gal\/index.php\/2019\/12\/05\/o-concello-de-nigran-arranca-este-domingo-a-sua-programacion-de-nadal-con-preto-de-medio-cento-de-actividades-ata-o-dia-de-reis\/"},"wordCount":612,"commentCount":0,"publisher":{"@id":"https:\/\/www.anovapeneira.gal\/#organization"},"image":{"@id":"https:\/\/www.anovapeneira.gal\/index.php\/2019\/12\/05\/o-concello-de-nigran-arranca-este-domingo-a-sua-programacion-de-nadal-con-preto-de-medio-cento-de-actividades-ata-o-dia-de-reis\/#primaryimage"},"thumbnailUrl":"https:\/\/www.anovapeneira.gal\/wp-content\/uploads\/2019\/12\/nigran_nadal_a_nova_peneira.jpg","keywords":["Concello de Nigr\u00e1n","Nadal"],"articleSection":["Val Mi\u00f1or"],"inLanguage":"gl-ES","potentialAction":[{"@type":"CommentAction","name":"Comment","target":["https:\/\/www.anovapeneira.gal\/index.php\/2019\/12\/05\/o-concello-de-nigran-arranca-este-domingo-a-sua-programacion-de-nadal-con-preto-de-medio-cento-de-actividades-ata-o-dia-de-reis\/#respond"]}]},{"@type":"WebPage","@id":"https:\/\/www.anovapeneira.gal\/index.php\/2019\/12\/05\/o-concello-de-nigran-arranca-este-domingo-a-sua-programacion-de-nadal-con-preto-de-medio-cento-de-actividades-ata-o-dia-de-reis\/","url":"https:\/\/www.anovapeneira.gal\/index.php\/2019\/12\/05\/o-concello-de-nigran-arranca-este-domingo-a-sua-programacion-de-nadal-con-preto-de-medio-cento-de-actividades-ata-o-dia-de-reis\/","name":"O Concello de Nigr\u00e1n arranca este domingo a s\u00faa programaci\u00f3n de nadal con preto de medio cento de actividades ata o d\u00eda de Reis -","isPartOf":{"@id":"https:\/\/www.anovapeneira.gal\/#website"},"primaryImageOfPage":{"@id":"https:\/\/www.anovapeneira.gal\/index.php\/2019\/12\/05\/o-concello-de-nigran-arranca-este-domingo-a-sua-programacion-de-nadal-con-preto-de-medio-cento-de-actividades-ata-o-dia-de-reis\/#primaryimage"},"image":{"@id":"https:\/\/www.anovapeneira.gal\/index.php\/2019\/12\/05\/o-concello-de-nigran-arranca-este-domingo-a-sua-programacion-de-nadal-con-preto-de-medio-cento-de-actividades-ata-o-dia-de-reis\/#primaryimage"},"thumbnailUrl":"https:\/\/www.anovapeneira.gal\/wp-content\/uploads\/2019\/12\/nigran_nadal_a_nova_peneira.jpg","datePublished":"2019-12-05T09:00:06+00:00","breadcrumb":{"@id":"https:\/\/www.anovapeneira.gal\/index.php\/2019\/12\/05\/o-concello-de-nigran-arranca-este-domingo-a-sua-programacion-de-nadal-con-preto-de-medio-cento-de-actividades-ata-o-dia-de-reis\/#breadcrumb"},"inLanguage":"gl-ES","potentialAction":[{"@type":"ReadAction","target":["https:\/\/www.anovapeneira.gal\/index.php\/2019\/12\/05\/o-concello-de-nigran-arranca-este-domingo-a-sua-programacion-de-nadal-con-preto-de-medio-cento-de-actividades-ata-o-dia-de-reis\/"]}]},{"@type":"ImageObject","inLanguage":"gl-ES","@id":"https:\/\/www.anovapeneira.gal\/index.php\/2019\/12\/05\/o-concello-de-nigran-arranca-este-domingo-a-sua-programacion-de-nadal-con-preto-de-medio-cento-de-actividades-ata-o-dia-de-reis\/#primaryimage","url":"https:\/\/www.anovapeneira.gal\/wp-content\/uploads\/2019\/12\/nigran_nadal_a_nova_peneira.jpg","contentUrl":"https:\/\/www.anovapeneira.gal\/wp-content\/uploads\/2019\/12\/nigran_nadal_a_nova_peneira.jpg","width":720,"height":432,"caption":"Concello de Nigr\u00e1n Nadal A Nova Peneira"},{"@type":"BreadcrumbList","@id":"https:\/\/www.anovapeneira.gal\/index.php\/2019\/12\/05\/o-concello-de-nigran-arranca-este-domingo-a-sua-programacion-de-nadal-con-preto-de-medio-cento-de-actividades-ata-o-dia-de-reis\/#breadcrumb","itemListElement":[{"@type":"ListItem","position":1,"name":"Portada","item":"https:\/\/www.anovapeneira.gal\/"},{"@type":"ListItem","position":2,"name":"O Concello de Nigr\u00e1n arranca este domingo a s\u00faa programaci\u00f3n de nadal con preto de medio cento de actividades ata o d\u00eda de Reis"}]},{"@type":"WebSite","@id":"https:\/\/www.anovapeneira.gal\/#website","url":"https:\/\/www.anovapeneira.gal\/","name":"","description":"Xornal galego de informaci\u00f3n xeral Publicaci\u00f3n mensual de novas de Galicia e en especial dos Concellos da sur da provincia de Pontevedra.","publisher":{"@id":"https:\/\/www.anovapeneira.gal\/#organization"},"potentialAction":[{"@type":"SearchAction","target":{"@type":"EntryPoint","urlTemplate":"https:\/\/www.anovapeneira.gal\/?s={search_term_string}"},"query-input":{"@type":"PropertyValueSpecification","valueRequired":true,"valueName":"search_term_string"}}],"inLanguage":"gl-ES"},{"@type":"Organization","@id":"https:\/\/www.anovapeneira.gal\/#organization","name":"A Nova Peneira","url":"https:\/\/www.anovapeneira.gal\/","logo":{"@type":"ImageObject","inLanguage":"gl-ES","@id":"https:\/\/www.anovapeneira.gal\/#\/schema\/logo\/image\/","url":"http:\/\/www.anovapeneira.gal\/wp-content\/uploads\/2019\/06\/logo_a_nova_peneira_portal_web.png","contentUrl":"http:\/\/www.anovapeneira.gal\/wp-content\/uploads\/2019\/06\/logo_a_nova_peneira_portal_web.png","width":300,"height":100,"caption":"A Nova Peneira"},"image":{"@id":"https:\/\/www.anovapeneira.gal\/#\/schema\/logo\/image\/"},"sameAs":["https:\/\/www.facebook.com\/anovapeneira","https:\/\/x.com\/APeneira"]},{"@type":"Person","@id":"https:\/\/www.anovapeneira.gal\/#\/schema\/person\/b93e3f8932e3f8da96334607eb6ac6aa","name":"Redacci\u00f3n A Nova Peneira","image":{"@type":"ImageObject","inLanguage":"gl-ES","@id":"https:\/\/secure.gravatar.com\/avatar\/c052a2551a06e23fac63626232eaa90abd78dbcf1700fc46a2b2c89fd27b735f?s=96&d=mm&r=g","url":"https:\/\/secure.gravatar.com\/avatar\/c052a2551a06e23fac63626232eaa90abd78dbcf1700fc46a2b2c89fd27b735f?s=96&d=mm&r=g","contentUrl":"https:\/\/secure.gravatar.com\/avatar\/c052a2551a06e23fac63626232eaa90abd78dbcf1700fc46a2b2c89fd27b735f?s=96&d=mm&r=g","caption":"Redacci\u00f3n A Nova Peneira"},"sameAs":["http:\/\/www.anovapeneira.gal\/"],"url":"https:\/\/www.anovapeneira.gal\/index.php\/author\/redactor\/"}]}},"jetpack_featured_media_url":"https:\/\/www.anovapeneira.gal\/wp-content\/uploads\/2019\/12\/nigran_nadal_a_nova_peneira.jpg","_links":{"self":[{"href":"https:\/\/www.anovapeneira.gal\/index.php\/wp-json\/wp\/v2\/posts\/1934","targetHints":{"allow":["GET"]}}],"collection":[{"href":"https:\/\/www.anovapeneira.gal\/index.php\/wp-json\/wp\/v2\/posts"}],"about":[{"href":"https:\/\/www.anovapeneira.gal\/index.php\/wp-json\/wp\/v2\/types\/post"}],"author":[{"embeddable":true,"href":"https:\/\/www.anovapeneira.gal\/index.php\/wp-json\/wp\/v2\/users\/3"}],"replies":[{"embeddable":true,"href":"https:\/\/www.anovapeneira.gal\/index.php\/wp-json\/wp\/v2\/comments?post=1934"}],"version-history":[{"count":1,"href":"https:\/\/www.anovapeneira.gal\/index.php\/wp-json\/wp\/v2\/posts\/1934\/revisions"}],"predecessor-version":[{"id":1937,"href":"https:\/\/www.anovapeneira.gal\/index.php\/wp-json\/wp\/v2\/posts\/1934\/revisions\/1937"}],"wp:featuredmedia":[{"embeddable":true,"href":"https:\/\/www.anovapeneira.gal\/index.php\/wp-json\/wp\/v2\/media\/1935"}],"wp:attachment":[{"href":"https:\/\/www.anovapeneira.gal\/index.php\/wp-json\/wp\/v2\/media?parent=1934"}],"wp:term":[{"taxonomy":"category","embeddable":true,"href":"https:\/\/www.anovapeneira.gal\/index.php\/wp-json\/wp\/v2\/categories?post=1934"},{"taxonomy":"post_tag","embeddable":true,"href":"https:\/\/www.anovapeneira.gal\/index.php\/wp-json\/wp\/v2\/tags?post=1934"}],"curies":[{"name":"wp","href":"https:\/\/api.w.org\/{rel}","templated":true}]}}