{"id":1948,"date":"2019-12-06T12:00:22","date_gmt":"2019-12-06T11:00:22","guid":{"rendered":"http:\/\/www.anovapeneira.gal\/?p=1948"},"modified":"2019-12-02T12:34:06","modified_gmt":"2019-12-02T11:34:06","slug":"galiza-nova-e-o-bng-de-tui-lamentan-que-unha-pinza-do-pp-e-psoe-impida-a-tui-ter-un-local-social-e-unha-casa-da-mocidade","status":"publish","type":"post","link":"https:\/\/www.anovapeneira.gal\/index.php\/2019\/12\/06\/galiza-nova-e-o-bng-de-tui-lamentan-que-unha-pinza-do-pp-e-psoe-impida-a-tui-ter-un-local-social-e-unha-casa-da-mocidade\/","title":{"rendered":"Galiza Nova e o BNG de Tui lamentan que unha pinza do PP e PSOE impida a Tui ter un Local Social e unha Casa da Mocidade"},"content":{"rendered":"\n<p>A\norganizaci\u00f3n xuvenil Galiza Nova cualifica de \u201clamentable\u201d e\n\u201cperda dunha oportunidade \u00fanica\u201d a negaci\u00f3n \u00e1 mocidade tudense\ne ao conxunto do tecido asociativo de un espazo p\u00fablico \u00e1\ndisposici\u00f3n da sociedade no que desempe\u00f1ar actividades de toda\n\u00edndole.<\/p>\n\n\n\n<p>A\nproposta, presentada conxuntamente polo BNG e Galiza Nova, impulsaba\na creaci\u00f3n de un Local Social, que actuase como centro polivalente e\nCasa da Mocidade. Nel, busc\u00e1base dar soluci\u00f3n \u00e1 inexistencia de\ncertos espazos para o encontro e uso de asociaci\u00f3ns culturais,\ncolectivos sociais, grupos xuven\u00eds ou organizaci\u00f3ns de calquera\ncar\u00e1cter.<\/p>\n\n\n\n<p>Ademais,\nxurd\u00eda a posibilidade da existencia de locais para o ensaio de\ngrupos musicais, espazos para a creaci\u00f3n art\u00edstica, desde talleres\nata un espazo para uso de grupos de teatrais, ou mesmo salas de\nestudo.<\/p>\n\n\n\n<p> \u201cA\ndia de hoxe, o concello presenta grandes deficiencias en materia\nasociativa, e as demandas da mocidade non est\u00e1n a ser escoitadas. O\nfeito de que o PSOE se opo\u00f1a \u00e1 existencia de este espazo que dar\u00eda\nsoluci\u00f3n de alg\u00fans dos nosos problemas como mocidade alegando que\n\u201cnon cren que se deba acotar o uso do edificio agora mesmo\u201d \u00e9\nesclarecedor de que para eles non existimos ou que non toman as nosas\nnecesidades como algo urxente.\u201d \u2013 afirma Sergio Mart\u00ednez,\nRespons\u00e1bel Comarcal de Galiza Nova.<\/p>\n\n\n\n<p>Galiza\nNova e o BNG expresan a necesidade de adopci\u00f3n de medidas inmediatas\npara dotar \u00e1s mozas e mozos, e colectivos sociais de Tui de espazos\n\u00e1 s\u00faa disposici\u00f3n. \u201cLamentamos a hipocris\u00eda do PSOE e do\nPartido Popular, aprobando minutos mais tarde unha proposta de Skate\nPark no mesmo espazo \u201ccuxo uso non se deb\u00eda determinar\u201d e que ao\nnoso parecer, ten cabida dentro da dedicaci\u00f3n que demandamos para o\nedificio de Cam Fran.\u201d \u2013 termina.<\/p>\n\n\n\n<p>Os\nnacionalistas chaman ao PSOE e ao PP a realizar unha pol\u00edtica seria\ne non \u201cde aparencias\u201d, afirmando que \u201cse realmente lles\npreocupa a mocidade, que tomen medidas inmediatas para resolver os\ngraves problemas estruturais que est\u00e1n a padecer\u201d.<\/p>\n\n\n\n<p>\nAdemais, reaf\u00edrmanse\nna s\u00faa proposta, avanzando que dar\u00e1n continuidade ao proxecto \u201cata\nque as necesidades da sociedade tudense neste \u00e1mbito fiquen\ncubertas.\u201d<\/p>\n","protected":false},"excerpt":{"rendered":"<div class=\"mh-excerpt\"><p>A organizaci\u00f3n xuvenil Galiza Nova cualifica de \u201clamentable\u201d e \u201cperda dunha oportunidade \u00fanica\u201d a negaci\u00f3n \u00e1 mocidade tudense e ao conxunto do tecido asociativo de un espazo p\u00fablico <a class=\"mh-excerpt-more\" href=\"https:\/\/www.anovapeneira.gal\/index.php\/2019\/12\/06\/galiza-nova-e-o-bng-de-tui-lamentan-que-unha-pinza-do-pp-e-psoe-impida-a-tui-ter-un-local-social-e-unha-casa-da-mocidade\/\" title=\"Galiza Nova e o BNG de Tui lamentan que unha pinza do PP e PSOE impida a Tui ter un Local Social e unha Casa da Mocidade\">[&#8230;]<\/a><\/p>\n<\/div>","protected":false},"author":3,"featured_media":1949,"comment_status":"open","ping_status":"open","sticky":false,"template":"","format":"standard","meta":{"_exactmetrics_skip_tracking":false,"_exactmetrics_sitenote_active":false,"_exactmetrics_sitenote_note":"","_exactmetrics_sitenote_category":0,"footnotes":""},"categories":[21],"tags":[10,838],"class_list":{"0":"post-1948","1":"post","2":"type-post","3":"status-publish","4":"format-standard","5":"has-post-thumbnail","7":"category-baixo-mino","8":"tag-bng","9":"tag-galiza-nova"},"yoast_head":"<!-- This site is optimized with the Yoast SEO plugin v27.4 - https:\/\/yoast.com\/product\/yoast-seo-wordpress\/ -->\n<title>Galiza Nova e o BNG de Tui lamentan que unha pinza do PP e PSOE impida a Tui ter un Local Social e unha Casa da Mocidade -<\/title>\n<meta name=\"robots\" content=\"index, follow, max-snippet:-1, max-image-preview:large, max-video-preview:-1\" \/>\n<link rel=\"canonical\" href=\"https:\/\/www.anovapeneira.gal\/index.php\/2019\/12\/06\/galiza-nova-e-o-bng-de-tui-lamentan-que-unha-pinza-do-pp-e-psoe-impida-a-tui-ter-un-local-social-e-unha-casa-da-mocidade\/\" \/>\n<meta property=\"og:locale\" content=\"gl_ES\" \/>\n<meta property=\"og:type\" content=\"article\" \/>\n<meta property=\"og:title\" content=\"Galiza Nova e o BNG de Tui lamentan que unha pinza do PP e PSOE impida a Tui ter un Local Social e unha Casa da Mocidade -\" \/>\n<meta property=\"og:description\" content=\"A organizaci\u00f3n xuvenil Galiza Nova cualifica de \u201clamentable\u201d e \u201cperda dunha oportunidade \u00fanica\u201d a negaci\u00f3n \u00e1 mocidade tudense e ao conxunto do tecido asociativo de un espazo p\u00fablico [...]\" \/>\n<meta property=\"og:url\" content=\"https:\/\/www.anovapeneira.gal\/index.php\/2019\/12\/06\/galiza-nova-e-o-bng-de-tui-lamentan-que-unha-pinza-do-pp-e-psoe-impida-a-tui-ter-un-local-social-e-unha-casa-da-mocidade\/\" \/>\n<meta property=\"article:publisher\" content=\"https:\/\/www.facebook.com\/anovapeneira\" \/>\n<meta property=\"article:published_time\" content=\"2019-12-06T11:00:22+00:00\" \/>\n<meta property=\"og:image\" content=\"https:\/\/www.anovapeneira.gal\/wp-content\/uploads\/2019\/12\/Logo_Galiza_Nova_a_nova_peneira.png\" \/>\n\t<meta property=\"og:image:width\" content=\"720\" \/>\n\t<meta property=\"og:image:height\" content=\"432\" \/>\n\t<meta property=\"og:image:type\" content=\"image\/png\" \/>\n<meta name=\"author\" content=\"Redacci\u00f3n A Nova Peneira\" \/>\n<meta name=\"twitter:card\" content=\"summary_large_image\" \/>\n<meta name=\"twitter:creator\" content=\"@APeneira\" \/>\n<meta name=\"twitter:site\" content=\"@APeneira\" \/>\n<meta name=\"twitter:label1\" content=\"Escrito por\" \/>\n\t<meta name=\"twitter:data1\" content=\"Redacci\u00f3n A Nova Peneira\" \/>\n\t<meta name=\"twitter:label2\" content=\"Tempo de lectura\" \/>\n\t<meta name=\"twitter:data2\" content=\"2 minutos\" \/>\n<script type=\"application\/ld+json\" class=\"yoast-schema-graph\">{\"@context\":\"https:\\\/\\\/schema.org\",\"@graph\":[{\"@type\":\"Article\",\"@id\":\"https:\\\/\\\/www.anovapeneira.gal\\\/index.php\\\/2019\\\/12\\\/06\\\/galiza-nova-e-o-bng-de-tui-lamentan-que-unha-pinza-do-pp-e-psoe-impida-a-tui-ter-un-local-social-e-unha-casa-da-mocidade\\\/#article\",\"isPartOf\":{\"@id\":\"https:\\\/\\\/www.anovapeneira.gal\\\/index.php\\\/2019\\\/12\\\/06\\\/galiza-nova-e-o-bng-de-tui-lamentan-que-unha-pinza-do-pp-e-psoe-impida-a-tui-ter-un-local-social-e-unha-casa-da-mocidade\\\/\"},\"author\":{\"name\":\"Redacci\u00f3n A Nova Peneira\",\"@id\":\"https:\\\/\\\/www.anovapeneira.gal\\\/#\\\/schema\\\/person\\\/b93e3f8932e3f8da96334607eb6ac6aa\"},\"headline\":\"Galiza Nova e o BNG de Tui lamentan que unha pinza do PP e PSOE impida a Tui ter un Local Social e unha Casa da Mocidade\",\"datePublished\":\"2019-12-06T11:00:22+00:00\",\"mainEntityOfPage\":{\"@id\":\"https:\\\/\\\/www.anovapeneira.gal\\\/index.php\\\/2019\\\/12\\\/06\\\/galiza-nova-e-o-bng-de-tui-lamentan-que-unha-pinza-do-pp-e-psoe-impida-a-tui-ter-un-local-social-e-unha-casa-da-mocidade\\\/\"},\"wordCount\":400,\"commentCount\":0,\"publisher\":{\"@id\":\"https:\\\/\\\/www.anovapeneira.gal\\\/#organization\"},\"image\":{\"@id\":\"https:\\\/\\\/www.anovapeneira.gal\\\/index.php\\\/2019\\\/12\\\/06\\\/galiza-nova-e-o-bng-de-tui-lamentan-que-unha-pinza-do-pp-e-psoe-impida-a-tui-ter-un-local-social-e-unha-casa-da-mocidade\\\/#primaryimage\"},\"thumbnailUrl\":\"https:\\\/\\\/www.anovapeneira.gal\\\/wp-content\\\/uploads\\\/2019\\\/12\\\/Logo_Galiza_Nova_a_nova_peneira.png\",\"keywords\":[\"BNG\",\"Galiza Nova\"],\"articleSection\":[\"Baixo Mi\u00f1o\"],\"inLanguage\":\"gl-ES\",\"potentialAction\":[{\"@type\":\"CommentAction\",\"name\":\"Comment\",\"target\":[\"https:\\\/\\\/www.anovapeneira.gal\\\/index.php\\\/2019\\\/12\\\/06\\\/galiza-nova-e-o-bng-de-tui-lamentan-que-unha-pinza-do-pp-e-psoe-impida-a-tui-ter-un-local-social-e-unha-casa-da-mocidade\\\/#respond\"]}]},{\"@type\":\"WebPage\",\"@id\":\"https:\\\/\\\/www.anovapeneira.gal\\\/index.php\\\/2019\\\/12\\\/06\\\/galiza-nova-e-o-bng-de-tui-lamentan-que-unha-pinza-do-pp-e-psoe-impida-a-tui-ter-un-local-social-e-unha-casa-da-mocidade\\\/\",\"url\":\"https:\\\/\\\/www.anovapeneira.gal\\\/index.php\\\/2019\\\/12\\\/06\\\/galiza-nova-e-o-bng-de-tui-lamentan-que-unha-pinza-do-pp-e-psoe-impida-a-tui-ter-un-local-social-e-unha-casa-da-mocidade\\\/\",\"name\":\"Galiza Nova e o BNG de Tui lamentan que unha pinza do PP e PSOE impida a Tui ter un Local Social e unha Casa da Mocidade -\",\"isPartOf\":{\"@id\":\"https:\\\/\\\/www.anovapeneira.gal\\\/#website\"},\"primaryImageOfPage\":{\"@id\":\"https:\\\/\\\/www.anovapeneira.gal\\\/index.php\\\/2019\\\/12\\\/06\\\/galiza-nova-e-o-bng-de-tui-lamentan-que-unha-pinza-do-pp-e-psoe-impida-a-tui-ter-un-local-social-e-unha-casa-da-mocidade\\\/#primaryimage\"},\"image\":{\"@id\":\"https:\\\/\\\/www.anovapeneira.gal\\\/index.php\\\/2019\\\/12\\\/06\\\/galiza-nova-e-o-bng-de-tui-lamentan-que-unha-pinza-do-pp-e-psoe-impida-a-tui-ter-un-local-social-e-unha-casa-da-mocidade\\\/#primaryimage\"},\"thumbnailUrl\":\"https:\\\/\\\/www.anovapeneira.gal\\\/wp-content\\\/uploads\\\/2019\\\/12\\\/Logo_Galiza_Nova_a_nova_peneira.png\",\"datePublished\":\"2019-12-06T11:00:22+00:00\",\"breadcrumb\":{\"@id\":\"https:\\\/\\\/www.anovapeneira.gal\\\/index.php\\\/2019\\\/12\\\/06\\\/galiza-nova-e-o-bng-de-tui-lamentan-que-unha-pinza-do-pp-e-psoe-impida-a-tui-ter-un-local-social-e-unha-casa-da-mocidade\\\/#breadcrumb\"},\"inLanguage\":\"gl-ES\",\"potentialAction\":[{\"@type\":\"ReadAction\",\"target\":[\"https:\\\/\\\/www.anovapeneira.gal\\\/index.php\\\/2019\\\/12\\\/06\\\/galiza-nova-e-o-bng-de-tui-lamentan-que-unha-pinza-do-pp-e-psoe-impida-a-tui-ter-un-local-social-e-unha-casa-da-mocidade\\\/\"]}]},{\"@type\":\"ImageObject\",\"inLanguage\":\"gl-ES\",\"@id\":\"https:\\\/\\\/www.anovapeneira.gal\\\/index.php\\\/2019\\\/12\\\/06\\\/galiza-nova-e-o-bng-de-tui-lamentan-que-unha-pinza-do-pp-e-psoe-impida-a-tui-ter-un-local-social-e-unha-casa-da-mocidade\\\/#primaryimage\",\"url\":\"https:\\\/\\\/www.anovapeneira.gal\\\/wp-content\\\/uploads\\\/2019\\\/12\\\/Logo_Galiza_Nova_a_nova_peneira.png\",\"contentUrl\":\"https:\\\/\\\/www.anovapeneira.gal\\\/wp-content\\\/uploads\\\/2019\\\/12\\\/Logo_Galiza_Nova_a_nova_peneira.png\",\"width\":720,\"height\":432,\"caption\":\"Galiza Nova a Nova Peneira Concello de Tui\"},{\"@type\":\"BreadcrumbList\",\"@id\":\"https:\\\/\\\/www.anovapeneira.gal\\\/index.php\\\/2019\\\/12\\\/06\\\/galiza-nova-e-o-bng-de-tui-lamentan-que-unha-pinza-do-pp-e-psoe-impida-a-tui-ter-un-local-social-e-unha-casa-da-mocidade\\\/#breadcrumb\",\"itemListElement\":[{\"@type\":\"ListItem\",\"position\":1,\"name\":\"Portada\",\"item\":\"https:\\\/\\\/www.anovapeneira.gal\\\/\"},{\"@type\":\"ListItem\",\"position\":2,\"name\":\"Galiza Nova e o BNG de Tui lamentan que unha pinza do PP e PSOE impida a Tui ter un Local Social e unha Casa da Mocidade\"}]},{\"@type\":\"WebSite\",\"@id\":\"https:\\\/\\\/www.anovapeneira.gal\\\/#website\",\"url\":\"https:\\\/\\\/www.anovapeneira.gal\\\/\",\"name\":\"\",\"description\":\"Xornal galego de informaci\u00f3n xeral Publicaci\u00f3n mensual de novas de Galicia e en especial dos Concellos da sur da provincia de Pontevedra.\",\"publisher\":{\"@id\":\"https:\\\/\\\/www.anovapeneira.gal\\\/#organization\"},\"potentialAction\":[{\"@type\":\"SearchAction\",\"target\":{\"@type\":\"EntryPoint\",\"urlTemplate\":\"https:\\\/\\\/www.anovapeneira.gal\\\/?s={search_term_string}\"},\"query-input\":{\"@type\":\"PropertyValueSpecification\",\"valueRequired\":true,\"valueName\":\"search_term_string\"}}],\"inLanguage\":\"gl-ES\"},{\"@type\":\"Organization\",\"@id\":\"https:\\\/\\\/www.anovapeneira.gal\\\/#organization\",\"name\":\"A Nova Peneira\",\"url\":\"https:\\\/\\\/www.anovapeneira.gal\\\/\",\"logo\":{\"@type\":\"ImageObject\",\"inLanguage\":\"gl-ES\",\"@id\":\"https:\\\/\\\/www.anovapeneira.gal\\\/#\\\/schema\\\/logo\\\/image\\\/\",\"url\":\"http:\\\/\\\/www.anovapeneira.gal\\\/wp-content\\\/uploads\\\/2019\\\/06\\\/logo_a_nova_peneira_portal_web.png\",\"contentUrl\":\"http:\\\/\\\/www.anovapeneira.gal\\\/wp-content\\\/uploads\\\/2019\\\/06\\\/logo_a_nova_peneira_portal_web.png\",\"width\":300,\"height\":100,\"caption\":\"A Nova Peneira\"},\"image\":{\"@id\":\"https:\\\/\\\/www.anovapeneira.gal\\\/#\\\/schema\\\/logo\\\/image\\\/\"},\"sameAs\":[\"https:\\\/\\\/www.facebook.com\\\/anovapeneira\",\"https:\\\/\\\/x.com\\\/APeneira\"]},{\"@type\":\"Person\",\"@id\":\"https:\\\/\\\/www.anovapeneira.gal\\\/#\\\/schema\\\/person\\\/b93e3f8932e3f8da96334607eb6ac6aa\",\"name\":\"Redacci\u00f3n A Nova Peneira\",\"image\":{\"@type\":\"ImageObject\",\"inLanguage\":\"gl-ES\",\"@id\":\"https:\\\/\\\/secure.gravatar.com\\\/avatar\\\/c052a2551a06e23fac63626232eaa90abd78dbcf1700fc46a2b2c89fd27b735f?s=96&d=mm&r=g\",\"url\":\"https:\\\/\\\/secure.gravatar.com\\\/avatar\\\/c052a2551a06e23fac63626232eaa90abd78dbcf1700fc46a2b2c89fd27b735f?s=96&d=mm&r=g\",\"contentUrl\":\"https:\\\/\\\/secure.gravatar.com\\\/avatar\\\/c052a2551a06e23fac63626232eaa90abd78dbcf1700fc46a2b2c89fd27b735f?s=96&d=mm&r=g\",\"caption\":\"Redacci\u00f3n A Nova Peneira\"},\"sameAs\":[\"http:\\\/\\\/www.anovapeneira.gal\\\/\"],\"url\":\"https:\\\/\\\/www.anovapeneira.gal\\\/index.php\\\/author\\\/redactor\\\/\"}]}<\/script>\n<!-- \/ Yoast SEO plugin. -->","yoast_head_json":{"title":"Galiza Nova e o BNG de Tui lamentan que unha pinza do PP e PSOE impida a Tui ter un Local Social e unha Casa da Mocidade -","robots":{"index":"index","follow":"follow","max-snippet":"max-snippet:-1","max-image-preview":"max-image-preview:large","max-video-preview":"max-video-preview:-1"},"canonical":"https:\/\/www.anovapeneira.gal\/index.php\/2019\/12\/06\/galiza-nova-e-o-bng-de-tui-lamentan-que-unha-pinza-do-pp-e-psoe-impida-a-tui-ter-un-local-social-e-unha-casa-da-mocidade\/","og_locale":"gl_ES","og_type":"article","og_title":"Galiza Nova e o BNG de Tui lamentan que unha pinza do PP e PSOE impida a Tui ter un Local Social e unha Casa da Mocidade -","og_description":"A organizaci\u00f3n xuvenil Galiza Nova cualifica de \u201clamentable\u201d e \u201cperda dunha oportunidade \u00fanica\u201d a negaci\u00f3n \u00e1 mocidade tudense e ao conxunto do tecido asociativo de un espazo p\u00fablico [...]","og_url":"https:\/\/www.anovapeneira.gal\/index.php\/2019\/12\/06\/galiza-nova-e-o-bng-de-tui-lamentan-que-unha-pinza-do-pp-e-psoe-impida-a-tui-ter-un-local-social-e-unha-casa-da-mocidade\/","article_publisher":"https:\/\/www.facebook.com\/anovapeneira","article_published_time":"2019-12-06T11:00:22+00:00","og_image":[{"width":720,"height":432,"url":"https:\/\/www.anovapeneira.gal\/wp-content\/uploads\/2019\/12\/Logo_Galiza_Nova_a_nova_peneira.png","type":"image\/png"}],"author":"Redacci\u00f3n A Nova Peneira","twitter_card":"summary_large_image","twitter_creator":"@APeneira","twitter_site":"@APeneira","twitter_misc":{"Escrito por":"Redacci\u00f3n A Nova Peneira","Tempo de lectura":"2 minutos"},"schema":{"@context":"https:\/\/schema.org","@graph":[{"@type":"Article","@id":"https:\/\/www.anovapeneira.gal\/index.php\/2019\/12\/06\/galiza-nova-e-o-bng-de-tui-lamentan-que-unha-pinza-do-pp-e-psoe-impida-a-tui-ter-un-local-social-e-unha-casa-da-mocidade\/#article","isPartOf":{"@id":"https:\/\/www.anovapeneira.gal\/index.php\/2019\/12\/06\/galiza-nova-e-o-bng-de-tui-lamentan-que-unha-pinza-do-pp-e-psoe-impida-a-tui-ter-un-local-social-e-unha-casa-da-mocidade\/"},"author":{"name":"Redacci\u00f3n A Nova Peneira","@id":"https:\/\/www.anovapeneira.gal\/#\/schema\/person\/b93e3f8932e3f8da96334607eb6ac6aa"},"headline":"Galiza Nova e o BNG de Tui lamentan que unha pinza do PP e PSOE impida a Tui ter un Local Social e unha Casa da Mocidade","datePublished":"2019-12-06T11:00:22+00:00","mainEntityOfPage":{"@id":"https:\/\/www.anovapeneira.gal\/index.php\/2019\/12\/06\/galiza-nova-e-o-bng-de-tui-lamentan-que-unha-pinza-do-pp-e-psoe-impida-a-tui-ter-un-local-social-e-unha-casa-da-mocidade\/"},"wordCount":400,"commentCount":0,"publisher":{"@id":"https:\/\/www.anovapeneira.gal\/#organization"},"image":{"@id":"https:\/\/www.anovapeneira.gal\/index.php\/2019\/12\/06\/galiza-nova-e-o-bng-de-tui-lamentan-que-unha-pinza-do-pp-e-psoe-impida-a-tui-ter-un-local-social-e-unha-casa-da-mocidade\/#primaryimage"},"thumbnailUrl":"https:\/\/www.anovapeneira.gal\/wp-content\/uploads\/2019\/12\/Logo_Galiza_Nova_a_nova_peneira.png","keywords":["BNG","Galiza Nova"],"articleSection":["Baixo Mi\u00f1o"],"inLanguage":"gl-ES","potentialAction":[{"@type":"CommentAction","name":"Comment","target":["https:\/\/www.anovapeneira.gal\/index.php\/2019\/12\/06\/galiza-nova-e-o-bng-de-tui-lamentan-que-unha-pinza-do-pp-e-psoe-impida-a-tui-ter-un-local-social-e-unha-casa-da-mocidade\/#respond"]}]},{"@type":"WebPage","@id":"https:\/\/www.anovapeneira.gal\/index.php\/2019\/12\/06\/galiza-nova-e-o-bng-de-tui-lamentan-que-unha-pinza-do-pp-e-psoe-impida-a-tui-ter-un-local-social-e-unha-casa-da-mocidade\/","url":"https:\/\/www.anovapeneira.gal\/index.php\/2019\/12\/06\/galiza-nova-e-o-bng-de-tui-lamentan-que-unha-pinza-do-pp-e-psoe-impida-a-tui-ter-un-local-social-e-unha-casa-da-mocidade\/","name":"Galiza Nova e o BNG de Tui lamentan que unha pinza do PP e PSOE impida a Tui ter un Local Social e unha Casa da Mocidade -","isPartOf":{"@id":"https:\/\/www.anovapeneira.gal\/#website"},"primaryImageOfPage":{"@id":"https:\/\/www.anovapeneira.gal\/index.php\/2019\/12\/06\/galiza-nova-e-o-bng-de-tui-lamentan-que-unha-pinza-do-pp-e-psoe-impida-a-tui-ter-un-local-social-e-unha-casa-da-mocidade\/#primaryimage"},"image":{"@id":"https:\/\/www.anovapeneira.gal\/index.php\/2019\/12\/06\/galiza-nova-e-o-bng-de-tui-lamentan-que-unha-pinza-do-pp-e-psoe-impida-a-tui-ter-un-local-social-e-unha-casa-da-mocidade\/#primaryimage"},"thumbnailUrl":"https:\/\/www.anovapeneira.gal\/wp-content\/uploads\/2019\/12\/Logo_Galiza_Nova_a_nova_peneira.png","datePublished":"2019-12-06T11:00:22+00:00","breadcrumb":{"@id":"https:\/\/www.anovapeneira.gal\/index.php\/2019\/12\/06\/galiza-nova-e-o-bng-de-tui-lamentan-que-unha-pinza-do-pp-e-psoe-impida-a-tui-ter-un-local-social-e-unha-casa-da-mocidade\/#breadcrumb"},"inLanguage":"gl-ES","potentialAction":[{"@type":"ReadAction","target":["https:\/\/www.anovapeneira.gal\/index.php\/2019\/12\/06\/galiza-nova-e-o-bng-de-tui-lamentan-que-unha-pinza-do-pp-e-psoe-impida-a-tui-ter-un-local-social-e-unha-casa-da-mocidade\/"]}]},{"@type":"ImageObject","inLanguage":"gl-ES","@id":"https:\/\/www.anovapeneira.gal\/index.php\/2019\/12\/06\/galiza-nova-e-o-bng-de-tui-lamentan-que-unha-pinza-do-pp-e-psoe-impida-a-tui-ter-un-local-social-e-unha-casa-da-mocidade\/#primaryimage","url":"https:\/\/www.anovapeneira.gal\/wp-content\/uploads\/2019\/12\/Logo_Galiza_Nova_a_nova_peneira.png","contentUrl":"https:\/\/www.anovapeneira.gal\/wp-content\/uploads\/2019\/12\/Logo_Galiza_Nova_a_nova_peneira.png","width":720,"height":432,"caption":"Galiza Nova a Nova Peneira Concello de Tui"},{"@type":"BreadcrumbList","@id":"https:\/\/www.anovapeneira.gal\/index.php\/2019\/12\/06\/galiza-nova-e-o-bng-de-tui-lamentan-que-unha-pinza-do-pp-e-psoe-impida-a-tui-ter-un-local-social-e-unha-casa-da-mocidade\/#breadcrumb","itemListElement":[{"@type":"ListItem","position":1,"name":"Portada","item":"https:\/\/www.anovapeneira.gal\/"},{"@type":"ListItem","position":2,"name":"Galiza Nova e o BNG de Tui lamentan que unha pinza do PP e PSOE impida a Tui ter un Local Social e unha Casa da Mocidade"}]},{"@type":"WebSite","@id":"https:\/\/www.anovapeneira.gal\/#website","url":"https:\/\/www.anovapeneira.gal\/","name":"","description":"Xornal galego de informaci\u00f3n xeral Publicaci\u00f3n mensual de novas de Galicia e en especial dos Concellos da sur da provincia de Pontevedra.","publisher":{"@id":"https:\/\/www.anovapeneira.gal\/#organization"},"potentialAction":[{"@type":"SearchAction","target":{"@type":"EntryPoint","urlTemplate":"https:\/\/www.anovapeneira.gal\/?s={search_term_string}"},"query-input":{"@type":"PropertyValueSpecification","valueRequired":true,"valueName":"search_term_string"}}],"inLanguage":"gl-ES"},{"@type":"Organization","@id":"https:\/\/www.anovapeneira.gal\/#organization","name":"A Nova Peneira","url":"https:\/\/www.anovapeneira.gal\/","logo":{"@type":"ImageObject","inLanguage":"gl-ES","@id":"https:\/\/www.anovapeneira.gal\/#\/schema\/logo\/image\/","url":"http:\/\/www.anovapeneira.gal\/wp-content\/uploads\/2019\/06\/logo_a_nova_peneira_portal_web.png","contentUrl":"http:\/\/www.anovapeneira.gal\/wp-content\/uploads\/2019\/06\/logo_a_nova_peneira_portal_web.png","width":300,"height":100,"caption":"A Nova Peneira"},"image":{"@id":"https:\/\/www.anovapeneira.gal\/#\/schema\/logo\/image\/"},"sameAs":["https:\/\/www.facebook.com\/anovapeneira","https:\/\/x.com\/APeneira"]},{"@type":"Person","@id":"https:\/\/www.anovapeneira.gal\/#\/schema\/person\/b93e3f8932e3f8da96334607eb6ac6aa","name":"Redacci\u00f3n A Nova Peneira","image":{"@type":"ImageObject","inLanguage":"gl-ES","@id":"https:\/\/secure.gravatar.com\/avatar\/c052a2551a06e23fac63626232eaa90abd78dbcf1700fc46a2b2c89fd27b735f?s=96&d=mm&r=g","url":"https:\/\/secure.gravatar.com\/avatar\/c052a2551a06e23fac63626232eaa90abd78dbcf1700fc46a2b2c89fd27b735f?s=96&d=mm&r=g","contentUrl":"https:\/\/secure.gravatar.com\/avatar\/c052a2551a06e23fac63626232eaa90abd78dbcf1700fc46a2b2c89fd27b735f?s=96&d=mm&r=g","caption":"Redacci\u00f3n A Nova Peneira"},"sameAs":["http:\/\/www.anovapeneira.gal\/"],"url":"https:\/\/www.anovapeneira.gal\/index.php\/author\/redactor\/"}]}},"jetpack_featured_media_url":"https:\/\/www.anovapeneira.gal\/wp-content\/uploads\/2019\/12\/Logo_Galiza_Nova_a_nova_peneira.png","_links":{"self":[{"href":"https:\/\/www.anovapeneira.gal\/index.php\/wp-json\/wp\/v2\/posts\/1948","targetHints":{"allow":["GET"]}}],"collection":[{"href":"https:\/\/www.anovapeneira.gal\/index.php\/wp-json\/wp\/v2\/posts"}],"about":[{"href":"https:\/\/www.anovapeneira.gal\/index.php\/wp-json\/wp\/v2\/types\/post"}],"author":[{"embeddable":true,"href":"https:\/\/www.anovapeneira.gal\/index.php\/wp-json\/wp\/v2\/users\/3"}],"replies":[{"embeddable":true,"href":"https:\/\/www.anovapeneira.gal\/index.php\/wp-json\/wp\/v2\/comments?post=1948"}],"version-history":[{"count":1,"href":"https:\/\/www.anovapeneira.gal\/index.php\/wp-json\/wp\/v2\/posts\/1948\/revisions"}],"predecessor-version":[{"id":1950,"href":"https:\/\/www.anovapeneira.gal\/index.php\/wp-json\/wp\/v2\/posts\/1948\/revisions\/1950"}],"wp:featuredmedia":[{"embeddable":true,"href":"https:\/\/www.anovapeneira.gal\/index.php\/wp-json\/wp\/v2\/media\/1949"}],"wp:attachment":[{"href":"https:\/\/www.anovapeneira.gal\/index.php\/wp-json\/wp\/v2\/media?parent=1948"}],"wp:term":[{"taxonomy":"category","embeddable":true,"href":"https:\/\/www.anovapeneira.gal\/index.php\/wp-json\/wp\/v2\/categories?post=1948"},{"taxonomy":"post_tag","embeddable":true,"href":"https:\/\/www.anovapeneira.gal\/index.php\/wp-json\/wp\/v2\/tags?post=1948"}],"curies":[{"name":"wp","href":"https:\/\/api.w.org\/{rel}","templated":true}]}}