{"id":1952,"date":"2019-12-06T14:00:57","date_gmt":"2019-12-06T13:00:57","guid":{"rendered":"http:\/\/www.anovapeneira.gal\/?p=1952"},"modified":"2019-12-05T01:23:21","modified_gmt":"2019-12-05T00:23:21","slug":"ponton-presenta-os-avais-da-sua-candidatura-co-reto-de-liderar-o-cambio-real-en-galiza-nas-eleccions-de-2020","status":"publish","type":"post","link":"https:\/\/www.anovapeneira.gal\/index.php\/2019\/12\/06\/ponton-presenta-os-avais-da-sua-candidatura-co-reto-de-liderar-o-cambio-real-en-galiza-nas-eleccions-de-2020\/","title":{"rendered":"Pont\u00f3n presenta os avais da s\u00faa candidatura co reto de liderar o cambio real en Galiza nas elecci\u00f3ns de 2020"},"content":{"rendered":"\n<h2 class=\"wp-block-heading\">\u201c<strong>Imos\na por todas porque estamos en condici\u00f3ns de liderar \u00e1 alternativa\nque deixe atr\u00e1s o decenio negro do Goberno Feix\u00f3o\u201d, proclama<\/strong><\/h2>\n\n\n\n<h2 class=\"wp-block-heading\"><strong>Multiplica\npor seis os avais requiridos que presentou acompa\u00f1ada de mulleres,\n\u201ctemos que ser decisivas no tempo novo que precisa o pa\u00eds\u201d<\/strong><\/h2>\n\n\n\n<p> <strong>Santiago de Compostela, 2 de Decembro 2019<\/strong><\/p>\n\n\n\n<p>Rodeada\nde mulleres, militantes de base, a  portavoz nacional, Ana Pont\u00f3n,\npresentou 1.252 avais \u00e1 s\u00faa candidatura \u00e1 Presidencia da Xunta\npolo BNG, multiplicando por seis os apoios necesarios para participar\nno proceso de elecci\u00f3n que concluir\u00e1 a mediados de xaneiro tras a\nvotaci\u00f3n das bases nas asembleas comarcais previstas en todo o pa\u00eds.<\/p>\n\n\n\n<p>\nPont\u00f3n\ntrasladou o seu agradecemento a todas as persoas que lle prestaron\neste apoio inicial \u00e1 s\u00faa candidatura que presenta \u201ccon ilusi\u00f3n,\nconfianza e responsabilidade para afrontar o reto de abrir un tempo\nnovo en Galiza nas pr\u00f3ximas elecci\u00f3ns galegas nas que imos ir a por\ntodas\u201d.<\/p>\n\n\n\n<p>\nTras\nrexistrar os avais na sede nacional, avanzou que o obxectivo persoal\ne colectivo da s\u00faa candidatura \u201c\u00e9 liderar a pr\u00f3xima etapa na\nXunta, liderar o cambio pol\u00edtico do noso pa\u00eds que nos permita\ndeixar atr\u00e1s unha d\u00e9cada de recortes, precariedade e mentiras que\nrepresenta o Goberno de Feix\u00f3o, que nunca estivo \u00e1 altura do pa\u00eds,\nque deixa unha Galiza peor da que atopou e demostrou que tampouco ten\nun proxecto que ofrecerlle os galegos e as galegas\u201d.<\/p>\n\n\n\n<p>\nA\nportavoz do Bloque destacou as fortalezas que lle permite aspirar \u00e1\nformaci\u00f3n nacionalista a ser o motor do cambio. \n<\/p>\n\n\n\n<p>\n\u201cO\ndigo con humildade pero con todo o realismo pois ao longo destes\ncatro anos como portavoz levamos a cabo un proceso de renovaci\u00f3n e\nde incorporaci\u00f3n de novas persoas, nun proceso de suma ao proxecto\nnacionalista que tivo a s\u00faa translaci\u00f3n nunha organizaci\u00f3n\nfortalecida e nun incremento do apoio social e electoral. Todo isto\nperm\u00edtenos estar en condici\u00f3ns de liderar a alternativa ao PP e\nabrir un tempo novo en Galiza a partir de 2020\u201d, argumentou.<\/p>\n\n\n\n<p>\nDe\ncara \u00e1 cita coas urnas, Pont\u00f3n confirmou que o Bloque est\u00e1\ntraballando \u201cdesde xa\u201d para estar \u00e1 altura de todas as persoas\nque te\u00f1en postas no BNG \u201cas s\u00faa esperanzas para deixar atr\u00e1s\nesta etapa nefasta do PP,asumimos ese reto con todas as ganas,\nilusi\u00f3n e traballo sabendo que estamos en situaci\u00f3n de poder\nafrontar con garant\u00edas as elecci\u00f3ns galegas\u201d.<\/p>\n\n\n\n<p>\nCon\nindependencia de cando se convoquen, subli\u00f1ou, \u201cFeix\u00f3o vainos\natopar cos deberes feitos e con todas as ganas de dar o mellor de n\u00f3s\nporque este pa\u00eds merece un futuro diferente que aproveite todo o seu\npotencial,  con m\u00e1is autogoberno, con capacidade para xerar emprego\ndigno, que priorice a defensa dos servizos p\u00fablicos, que aposte pola\nnosa lingua e cultura, un pa\u00eds con m\u00e1is democracia, liberdade e\ndereitos\u201d. \n<\/p>\n\n\n\n<p>\n<em><strong>Canto\nm\u00e1is BNG, menos PP<\/strong><\/em><\/p>\n\n\n\n<p>\n\u201cCanto\nm\u00e1is BNG, menos PP\u201d, salientou Pont\u00f3n, en resposta tam\u00e9n as\ncr\u00edticas de Feix\u00f3o \u00e1 formaci\u00f3n nacionalista, \u201csabe que imos ser\nclave para en 2020 deixar atr\u00e1s o decenio negro das pol\u00edticas da\ndereita\u201d, recalcou acompa\u00f1ada dun grupo de mulleres, militantes de\nbase para destacar tam\u00e9n o papel que deben xogar as mulleres no\ntempo novo que se abrir\u00e1 en Galiza.<\/p>\n\n\n\n<p>\n\u201cEstou\nconvencida de que hai moitos actores importantes para levar a cabo\nese cambio e un deles somos as mulleres, por iso hoxe presento os\navais rodeada de compa\u00f1eiras que se implicaron na candidatura, e\nporque estou convencida de que este tempo novo non s\u00f3 precisa novos\nprotagonistas, sen\u00f3n tam\u00e9n que as mulleres sexamos decisivas\u201d,\nconclu\u00edu.<\/p>\n\n\n\n<p>\n<em><strong>Negociaci\u00f3ns\nen Madrid<\/strong><\/em><\/p>\n\n\n\n<p>\nPreguntada\npolas negociaci\u00f3n co PSOE de cara \u00e1 investidura, indicou que o BNG\nest\u00e1 traballando \u201ccon toda seriedade e rigor para avanzar na\ndefensa dunha axenda galega porque hai temas moi importantes que\nseguen dependendo do Estado e as negociaci\u00f3ns van a un ritmo\nrazoable. Dix\u00e9molo desde o principio: a discreci\u00f3n \u00e9 importante e\nos e as galegas saben que imos utilizar os seus votos para que Galiza\nte\u00f1a voz no Congreso e empecemos a ver soluci\u00f3ns aos nosos\nproblemas\u201d.<\/p>\n","protected":false},"excerpt":{"rendered":"<div class=\"mh-excerpt\"><p>\u201cImos a por todas porque estamos en condici\u00f3ns de liderar \u00e1 alternativa que deixe atr\u00e1s o decenio negro do Goberno Feix\u00f3o\u201d <a class=\"mh-excerpt-more\" href=\"https:\/\/www.anovapeneira.gal\/index.php\/2019\/12\/06\/ponton-presenta-os-avais-da-sua-candidatura-co-reto-de-liderar-o-cambio-real-en-galiza-nas-eleccions-de-2020\/\" title=\"Pont\u00f3n presenta os avais da s\u00faa candidatura co reto de liderar o cambio real en Galiza nas elecci\u00f3ns de 2020\">[&#8230;]<\/a><\/p>\n<\/div>","protected":false},"author":3,"featured_media":1953,"comment_status":"open","ping_status":"open","sticky":false,"template":"","format":"standard","meta":{"_exactmetrics_skip_tracking":false,"_exactmetrics_sitenote_active":false,"_exactmetrics_sitenote_note":"","_exactmetrics_sitenote_category":0,"footnotes":""},"categories":[263],"tags":[281,10],"class_list":{"0":"post-1952","1":"post","2":"type-post","3":"status-publish","4":"format-standard","5":"has-post-thumbnail","7":"category-novas","8":"tag-ana-ponton","9":"tag-bng"},"yoast_head":"<!-- This site is optimized with the Yoast SEO plugin v27.4 - https:\/\/yoast.com\/product\/yoast-seo-wordpress\/ -->\n<title>Pont\u00f3n presenta os avais da s\u00faa candidatura co reto de liderar o cambio real en Galiza nas elecci\u00f3ns de 2020 -<\/title>\n<meta name=\"robots\" content=\"index, follow, max-snippet:-1, max-image-preview:large, max-video-preview:-1\" \/>\n<link rel=\"canonical\" href=\"https:\/\/www.anovapeneira.gal\/index.php\/2019\/12\/06\/ponton-presenta-os-avais-da-sua-candidatura-co-reto-de-liderar-o-cambio-real-en-galiza-nas-eleccions-de-2020\/\" \/>\n<meta property=\"og:locale\" content=\"gl_ES\" \/>\n<meta property=\"og:type\" content=\"article\" \/>\n<meta property=\"og:title\" content=\"Pont\u00f3n presenta os avais da s\u00faa candidatura co reto de liderar o cambio real en Galiza nas elecci\u00f3ns de 2020 -\" \/>\n<meta property=\"og:description\" content=\"\u201cImos a por todas porque estamos en condici\u00f3ns de liderar \u00e1 alternativa que deixe atr\u00e1s o decenio negro do Goberno Feix\u00f3o\u201d [...]\" \/>\n<meta property=\"og:url\" content=\"https:\/\/www.anovapeneira.gal\/index.php\/2019\/12\/06\/ponton-presenta-os-avais-da-sua-candidatura-co-reto-de-liderar-o-cambio-real-en-galiza-nas-eleccions-de-2020\/\" \/>\n<meta property=\"article:publisher\" content=\"https:\/\/www.facebook.com\/anovapeneira\" \/>\n<meta property=\"article:published_time\" content=\"2019-12-06T13:00:57+00:00\" \/>\n<meta property=\"og:image\" content=\"https:\/\/www.anovapeneira.gal\/wp-content\/uploads\/2019\/12\/ana_ponton_presentacion_avais_a_nova_peneira.jpg\" \/>\n\t<meta property=\"og:image:width\" content=\"720\" \/>\n\t<meta property=\"og:image:height\" content=\"432\" \/>\n\t<meta property=\"og:image:type\" content=\"image\/jpeg\" \/>\n<meta name=\"author\" content=\"Redacci\u00f3n A Nova Peneira\" \/>\n<meta name=\"twitter:card\" content=\"summary_large_image\" \/>\n<meta name=\"twitter:creator\" content=\"@APeneira\" \/>\n<meta name=\"twitter:site\" content=\"@APeneira\" \/>\n<meta name=\"twitter:label1\" content=\"Escrito por\" \/>\n\t<meta name=\"twitter:data1\" content=\"Redacci\u00f3n A Nova Peneira\" \/>\n\t<meta name=\"twitter:label2\" content=\"Tempo de lectura\" \/>\n\t<meta name=\"twitter:data2\" content=\"4 minutos\" \/>\n<script type=\"application\/ld+json\" class=\"yoast-schema-graph\">{\"@context\":\"https:\\\/\\\/schema.org\",\"@graph\":[{\"@type\":\"Article\",\"@id\":\"https:\\\/\\\/www.anovapeneira.gal\\\/index.php\\\/2019\\\/12\\\/06\\\/ponton-presenta-os-avais-da-sua-candidatura-co-reto-de-liderar-o-cambio-real-en-galiza-nas-eleccions-de-2020\\\/#article\",\"isPartOf\":{\"@id\":\"https:\\\/\\\/www.anovapeneira.gal\\\/index.php\\\/2019\\\/12\\\/06\\\/ponton-presenta-os-avais-da-sua-candidatura-co-reto-de-liderar-o-cambio-real-en-galiza-nas-eleccions-de-2020\\\/\"},\"author\":{\"name\":\"Redacci\u00f3n A Nova Peneira\",\"@id\":\"https:\\\/\\\/www.anovapeneira.gal\\\/#\\\/schema\\\/person\\\/b93e3f8932e3f8da96334607eb6ac6aa\"},\"headline\":\"Pont\u00f3n presenta os avais da s\u00faa candidatura co reto de liderar o cambio real en Galiza nas elecci\u00f3ns de 2020\",\"datePublished\":\"2019-12-06T13:00:57+00:00\",\"mainEntityOfPage\":{\"@id\":\"https:\\\/\\\/www.anovapeneira.gal\\\/index.php\\\/2019\\\/12\\\/06\\\/ponton-presenta-os-avais-da-sua-candidatura-co-reto-de-liderar-o-cambio-real-en-galiza-nas-eleccions-de-2020\\\/\"},\"wordCount\":736,\"commentCount\":0,\"publisher\":{\"@id\":\"https:\\\/\\\/www.anovapeneira.gal\\\/#organization\"},\"image\":{\"@id\":\"https:\\\/\\\/www.anovapeneira.gal\\\/index.php\\\/2019\\\/12\\\/06\\\/ponton-presenta-os-avais-da-sua-candidatura-co-reto-de-liderar-o-cambio-real-en-galiza-nas-eleccions-de-2020\\\/#primaryimage\"},\"thumbnailUrl\":\"https:\\\/\\\/www.anovapeneira.gal\\\/wp-content\\\/uploads\\\/2019\\\/12\\\/ana_ponton_presentacion_avais_a_nova_peneira.jpg\",\"keywords\":[\"Ana Pont\u00f3n\",\"BNG\"],\"articleSection\":[\"Novas\"],\"inLanguage\":\"gl-ES\",\"potentialAction\":[{\"@type\":\"CommentAction\",\"name\":\"Comment\",\"target\":[\"https:\\\/\\\/www.anovapeneira.gal\\\/index.php\\\/2019\\\/12\\\/06\\\/ponton-presenta-os-avais-da-sua-candidatura-co-reto-de-liderar-o-cambio-real-en-galiza-nas-eleccions-de-2020\\\/#respond\"]}]},{\"@type\":\"WebPage\",\"@id\":\"https:\\\/\\\/www.anovapeneira.gal\\\/index.php\\\/2019\\\/12\\\/06\\\/ponton-presenta-os-avais-da-sua-candidatura-co-reto-de-liderar-o-cambio-real-en-galiza-nas-eleccions-de-2020\\\/\",\"url\":\"https:\\\/\\\/www.anovapeneira.gal\\\/index.php\\\/2019\\\/12\\\/06\\\/ponton-presenta-os-avais-da-sua-candidatura-co-reto-de-liderar-o-cambio-real-en-galiza-nas-eleccions-de-2020\\\/\",\"name\":\"Pont\u00f3n presenta os avais da s\u00faa candidatura co reto de liderar o cambio real en Galiza nas elecci\u00f3ns de 2020 -\",\"isPartOf\":{\"@id\":\"https:\\\/\\\/www.anovapeneira.gal\\\/#website\"},\"primaryImageOfPage\":{\"@id\":\"https:\\\/\\\/www.anovapeneira.gal\\\/index.php\\\/2019\\\/12\\\/06\\\/ponton-presenta-os-avais-da-sua-candidatura-co-reto-de-liderar-o-cambio-real-en-galiza-nas-eleccions-de-2020\\\/#primaryimage\"},\"image\":{\"@id\":\"https:\\\/\\\/www.anovapeneira.gal\\\/index.php\\\/2019\\\/12\\\/06\\\/ponton-presenta-os-avais-da-sua-candidatura-co-reto-de-liderar-o-cambio-real-en-galiza-nas-eleccions-de-2020\\\/#primaryimage\"},\"thumbnailUrl\":\"https:\\\/\\\/www.anovapeneira.gal\\\/wp-content\\\/uploads\\\/2019\\\/12\\\/ana_ponton_presentacion_avais_a_nova_peneira.jpg\",\"datePublished\":\"2019-12-06T13:00:57+00:00\",\"breadcrumb\":{\"@id\":\"https:\\\/\\\/www.anovapeneira.gal\\\/index.php\\\/2019\\\/12\\\/06\\\/ponton-presenta-os-avais-da-sua-candidatura-co-reto-de-liderar-o-cambio-real-en-galiza-nas-eleccions-de-2020\\\/#breadcrumb\"},\"inLanguage\":\"gl-ES\",\"potentialAction\":[{\"@type\":\"ReadAction\",\"target\":[\"https:\\\/\\\/www.anovapeneira.gal\\\/index.php\\\/2019\\\/12\\\/06\\\/ponton-presenta-os-avais-da-sua-candidatura-co-reto-de-liderar-o-cambio-real-en-galiza-nas-eleccions-de-2020\\\/\"]}]},{\"@type\":\"ImageObject\",\"inLanguage\":\"gl-ES\",\"@id\":\"https:\\\/\\\/www.anovapeneira.gal\\\/index.php\\\/2019\\\/12\\\/06\\\/ponton-presenta-os-avais-da-sua-candidatura-co-reto-de-liderar-o-cambio-real-en-galiza-nas-eleccions-de-2020\\\/#primaryimage\",\"url\":\"https:\\\/\\\/www.anovapeneira.gal\\\/wp-content\\\/uploads\\\/2019\\\/12\\\/ana_ponton_presentacion_avais_a_nova_peneira.jpg\",\"contentUrl\":\"https:\\\/\\\/www.anovapeneira.gal\\\/wp-content\\\/uploads\\\/2019\\\/12\\\/ana_ponton_presentacion_avais_a_nova_peneira.jpg\",\"width\":720,\"height\":432,\"caption\":\"Ana Pont\u00f3n presentaci\u00f3n avais A Nova Peneira\"},{\"@type\":\"BreadcrumbList\",\"@id\":\"https:\\\/\\\/www.anovapeneira.gal\\\/index.php\\\/2019\\\/12\\\/06\\\/ponton-presenta-os-avais-da-sua-candidatura-co-reto-de-liderar-o-cambio-real-en-galiza-nas-eleccions-de-2020\\\/#breadcrumb\",\"itemListElement\":[{\"@type\":\"ListItem\",\"position\":1,\"name\":\"Portada\",\"item\":\"https:\\\/\\\/www.anovapeneira.gal\\\/\"},{\"@type\":\"ListItem\",\"position\":2,\"name\":\"Pont\u00f3n presenta os avais da s\u00faa candidatura co reto de liderar o cambio real en Galiza nas elecci\u00f3ns de 2020\"}]},{\"@type\":\"WebSite\",\"@id\":\"https:\\\/\\\/www.anovapeneira.gal\\\/#website\",\"url\":\"https:\\\/\\\/www.anovapeneira.gal\\\/\",\"name\":\"\",\"description\":\"Xornal galego de informaci\u00f3n xeral Publicaci\u00f3n mensual de novas de Galicia e en especial dos Concellos da sur da provincia de Pontevedra.\",\"publisher\":{\"@id\":\"https:\\\/\\\/www.anovapeneira.gal\\\/#organization\"},\"potentialAction\":[{\"@type\":\"SearchAction\",\"target\":{\"@type\":\"EntryPoint\",\"urlTemplate\":\"https:\\\/\\\/www.anovapeneira.gal\\\/?s={search_term_string}\"},\"query-input\":{\"@type\":\"PropertyValueSpecification\",\"valueRequired\":true,\"valueName\":\"search_term_string\"}}],\"inLanguage\":\"gl-ES\"},{\"@type\":\"Organization\",\"@id\":\"https:\\\/\\\/www.anovapeneira.gal\\\/#organization\",\"name\":\"A Nova Peneira\",\"url\":\"https:\\\/\\\/www.anovapeneira.gal\\\/\",\"logo\":{\"@type\":\"ImageObject\",\"inLanguage\":\"gl-ES\",\"@id\":\"https:\\\/\\\/www.anovapeneira.gal\\\/#\\\/schema\\\/logo\\\/image\\\/\",\"url\":\"http:\\\/\\\/www.anovapeneira.gal\\\/wp-content\\\/uploads\\\/2019\\\/06\\\/logo_a_nova_peneira_portal_web.png\",\"contentUrl\":\"http:\\\/\\\/www.anovapeneira.gal\\\/wp-content\\\/uploads\\\/2019\\\/06\\\/logo_a_nova_peneira_portal_web.png\",\"width\":300,\"height\":100,\"caption\":\"A Nova Peneira\"},\"image\":{\"@id\":\"https:\\\/\\\/www.anovapeneira.gal\\\/#\\\/schema\\\/logo\\\/image\\\/\"},\"sameAs\":[\"https:\\\/\\\/www.facebook.com\\\/anovapeneira\",\"https:\\\/\\\/x.com\\\/APeneira\"]},{\"@type\":\"Person\",\"@id\":\"https:\\\/\\\/www.anovapeneira.gal\\\/#\\\/schema\\\/person\\\/b93e3f8932e3f8da96334607eb6ac6aa\",\"name\":\"Redacci\u00f3n A Nova Peneira\",\"image\":{\"@type\":\"ImageObject\",\"inLanguage\":\"gl-ES\",\"@id\":\"https:\\\/\\\/secure.gravatar.com\\\/avatar\\\/c052a2551a06e23fac63626232eaa90abd78dbcf1700fc46a2b2c89fd27b735f?s=96&d=mm&r=g\",\"url\":\"https:\\\/\\\/secure.gravatar.com\\\/avatar\\\/c052a2551a06e23fac63626232eaa90abd78dbcf1700fc46a2b2c89fd27b735f?s=96&d=mm&r=g\",\"contentUrl\":\"https:\\\/\\\/secure.gravatar.com\\\/avatar\\\/c052a2551a06e23fac63626232eaa90abd78dbcf1700fc46a2b2c89fd27b735f?s=96&d=mm&r=g\",\"caption\":\"Redacci\u00f3n A Nova Peneira\"},\"sameAs\":[\"http:\\\/\\\/www.anovapeneira.gal\\\/\"],\"url\":\"https:\\\/\\\/www.anovapeneira.gal\\\/index.php\\\/author\\\/redactor\\\/\"}]}<\/script>\n<!-- \/ Yoast SEO plugin. -->","yoast_head_json":{"title":"Pont\u00f3n presenta os avais da s\u00faa candidatura co reto de liderar o cambio real en Galiza nas elecci\u00f3ns de 2020 -","robots":{"index":"index","follow":"follow","max-snippet":"max-snippet:-1","max-image-preview":"max-image-preview:large","max-video-preview":"max-video-preview:-1"},"canonical":"https:\/\/www.anovapeneira.gal\/index.php\/2019\/12\/06\/ponton-presenta-os-avais-da-sua-candidatura-co-reto-de-liderar-o-cambio-real-en-galiza-nas-eleccions-de-2020\/","og_locale":"gl_ES","og_type":"article","og_title":"Pont\u00f3n presenta os avais da s\u00faa candidatura co reto de liderar o cambio real en Galiza nas elecci\u00f3ns de 2020 -","og_description":"\u201cImos a por todas porque estamos en condici\u00f3ns de liderar \u00e1 alternativa que deixe atr\u00e1s o decenio negro do Goberno Feix\u00f3o\u201d [...]","og_url":"https:\/\/www.anovapeneira.gal\/index.php\/2019\/12\/06\/ponton-presenta-os-avais-da-sua-candidatura-co-reto-de-liderar-o-cambio-real-en-galiza-nas-eleccions-de-2020\/","article_publisher":"https:\/\/www.facebook.com\/anovapeneira","article_published_time":"2019-12-06T13:00:57+00:00","og_image":[{"width":720,"height":432,"url":"https:\/\/www.anovapeneira.gal\/wp-content\/uploads\/2019\/12\/ana_ponton_presentacion_avais_a_nova_peneira.jpg","type":"image\/jpeg"}],"author":"Redacci\u00f3n A Nova Peneira","twitter_card":"summary_large_image","twitter_creator":"@APeneira","twitter_site":"@APeneira","twitter_misc":{"Escrito por":"Redacci\u00f3n A Nova Peneira","Tempo de lectura":"4 minutos"},"schema":{"@context":"https:\/\/schema.org","@graph":[{"@type":"Article","@id":"https:\/\/www.anovapeneira.gal\/index.php\/2019\/12\/06\/ponton-presenta-os-avais-da-sua-candidatura-co-reto-de-liderar-o-cambio-real-en-galiza-nas-eleccions-de-2020\/#article","isPartOf":{"@id":"https:\/\/www.anovapeneira.gal\/index.php\/2019\/12\/06\/ponton-presenta-os-avais-da-sua-candidatura-co-reto-de-liderar-o-cambio-real-en-galiza-nas-eleccions-de-2020\/"},"author":{"name":"Redacci\u00f3n A Nova Peneira","@id":"https:\/\/www.anovapeneira.gal\/#\/schema\/person\/b93e3f8932e3f8da96334607eb6ac6aa"},"headline":"Pont\u00f3n presenta os avais da s\u00faa candidatura co reto de liderar o cambio real en Galiza nas elecci\u00f3ns de 2020","datePublished":"2019-12-06T13:00:57+00:00","mainEntityOfPage":{"@id":"https:\/\/www.anovapeneira.gal\/index.php\/2019\/12\/06\/ponton-presenta-os-avais-da-sua-candidatura-co-reto-de-liderar-o-cambio-real-en-galiza-nas-eleccions-de-2020\/"},"wordCount":736,"commentCount":0,"publisher":{"@id":"https:\/\/www.anovapeneira.gal\/#organization"},"image":{"@id":"https:\/\/www.anovapeneira.gal\/index.php\/2019\/12\/06\/ponton-presenta-os-avais-da-sua-candidatura-co-reto-de-liderar-o-cambio-real-en-galiza-nas-eleccions-de-2020\/#primaryimage"},"thumbnailUrl":"https:\/\/www.anovapeneira.gal\/wp-content\/uploads\/2019\/12\/ana_ponton_presentacion_avais_a_nova_peneira.jpg","keywords":["Ana Pont\u00f3n","BNG"],"articleSection":["Novas"],"inLanguage":"gl-ES","potentialAction":[{"@type":"CommentAction","name":"Comment","target":["https:\/\/www.anovapeneira.gal\/index.php\/2019\/12\/06\/ponton-presenta-os-avais-da-sua-candidatura-co-reto-de-liderar-o-cambio-real-en-galiza-nas-eleccions-de-2020\/#respond"]}]},{"@type":"WebPage","@id":"https:\/\/www.anovapeneira.gal\/index.php\/2019\/12\/06\/ponton-presenta-os-avais-da-sua-candidatura-co-reto-de-liderar-o-cambio-real-en-galiza-nas-eleccions-de-2020\/","url":"https:\/\/www.anovapeneira.gal\/index.php\/2019\/12\/06\/ponton-presenta-os-avais-da-sua-candidatura-co-reto-de-liderar-o-cambio-real-en-galiza-nas-eleccions-de-2020\/","name":"Pont\u00f3n presenta os avais da s\u00faa candidatura co reto de liderar o cambio real en Galiza nas elecci\u00f3ns de 2020 -","isPartOf":{"@id":"https:\/\/www.anovapeneira.gal\/#website"},"primaryImageOfPage":{"@id":"https:\/\/www.anovapeneira.gal\/index.php\/2019\/12\/06\/ponton-presenta-os-avais-da-sua-candidatura-co-reto-de-liderar-o-cambio-real-en-galiza-nas-eleccions-de-2020\/#primaryimage"},"image":{"@id":"https:\/\/www.anovapeneira.gal\/index.php\/2019\/12\/06\/ponton-presenta-os-avais-da-sua-candidatura-co-reto-de-liderar-o-cambio-real-en-galiza-nas-eleccions-de-2020\/#primaryimage"},"thumbnailUrl":"https:\/\/www.anovapeneira.gal\/wp-content\/uploads\/2019\/12\/ana_ponton_presentacion_avais_a_nova_peneira.jpg","datePublished":"2019-12-06T13:00:57+00:00","breadcrumb":{"@id":"https:\/\/www.anovapeneira.gal\/index.php\/2019\/12\/06\/ponton-presenta-os-avais-da-sua-candidatura-co-reto-de-liderar-o-cambio-real-en-galiza-nas-eleccions-de-2020\/#breadcrumb"},"inLanguage":"gl-ES","potentialAction":[{"@type":"ReadAction","target":["https:\/\/www.anovapeneira.gal\/index.php\/2019\/12\/06\/ponton-presenta-os-avais-da-sua-candidatura-co-reto-de-liderar-o-cambio-real-en-galiza-nas-eleccions-de-2020\/"]}]},{"@type":"ImageObject","inLanguage":"gl-ES","@id":"https:\/\/www.anovapeneira.gal\/index.php\/2019\/12\/06\/ponton-presenta-os-avais-da-sua-candidatura-co-reto-de-liderar-o-cambio-real-en-galiza-nas-eleccions-de-2020\/#primaryimage","url":"https:\/\/www.anovapeneira.gal\/wp-content\/uploads\/2019\/12\/ana_ponton_presentacion_avais_a_nova_peneira.jpg","contentUrl":"https:\/\/www.anovapeneira.gal\/wp-content\/uploads\/2019\/12\/ana_ponton_presentacion_avais_a_nova_peneira.jpg","width":720,"height":432,"caption":"Ana Pont\u00f3n presentaci\u00f3n avais A Nova Peneira"},{"@type":"BreadcrumbList","@id":"https:\/\/www.anovapeneira.gal\/index.php\/2019\/12\/06\/ponton-presenta-os-avais-da-sua-candidatura-co-reto-de-liderar-o-cambio-real-en-galiza-nas-eleccions-de-2020\/#breadcrumb","itemListElement":[{"@type":"ListItem","position":1,"name":"Portada","item":"https:\/\/www.anovapeneira.gal\/"},{"@type":"ListItem","position":2,"name":"Pont\u00f3n presenta os avais da s\u00faa candidatura co reto de liderar o cambio real en Galiza nas elecci\u00f3ns de 2020"}]},{"@type":"WebSite","@id":"https:\/\/www.anovapeneira.gal\/#website","url":"https:\/\/www.anovapeneira.gal\/","name":"","description":"Xornal galego de informaci\u00f3n xeral Publicaci\u00f3n mensual de novas de Galicia e en especial dos Concellos da sur da provincia de Pontevedra.","publisher":{"@id":"https:\/\/www.anovapeneira.gal\/#organization"},"potentialAction":[{"@type":"SearchAction","target":{"@type":"EntryPoint","urlTemplate":"https:\/\/www.anovapeneira.gal\/?s={search_term_string}"},"query-input":{"@type":"PropertyValueSpecification","valueRequired":true,"valueName":"search_term_string"}}],"inLanguage":"gl-ES"},{"@type":"Organization","@id":"https:\/\/www.anovapeneira.gal\/#organization","name":"A Nova Peneira","url":"https:\/\/www.anovapeneira.gal\/","logo":{"@type":"ImageObject","inLanguage":"gl-ES","@id":"https:\/\/www.anovapeneira.gal\/#\/schema\/logo\/image\/","url":"http:\/\/www.anovapeneira.gal\/wp-content\/uploads\/2019\/06\/logo_a_nova_peneira_portal_web.png","contentUrl":"http:\/\/www.anovapeneira.gal\/wp-content\/uploads\/2019\/06\/logo_a_nova_peneira_portal_web.png","width":300,"height":100,"caption":"A Nova Peneira"},"image":{"@id":"https:\/\/www.anovapeneira.gal\/#\/schema\/logo\/image\/"},"sameAs":["https:\/\/www.facebook.com\/anovapeneira","https:\/\/x.com\/APeneira"]},{"@type":"Person","@id":"https:\/\/www.anovapeneira.gal\/#\/schema\/person\/b93e3f8932e3f8da96334607eb6ac6aa","name":"Redacci\u00f3n A Nova Peneira","image":{"@type":"ImageObject","inLanguage":"gl-ES","@id":"https:\/\/secure.gravatar.com\/avatar\/c052a2551a06e23fac63626232eaa90abd78dbcf1700fc46a2b2c89fd27b735f?s=96&d=mm&r=g","url":"https:\/\/secure.gravatar.com\/avatar\/c052a2551a06e23fac63626232eaa90abd78dbcf1700fc46a2b2c89fd27b735f?s=96&d=mm&r=g","contentUrl":"https:\/\/secure.gravatar.com\/avatar\/c052a2551a06e23fac63626232eaa90abd78dbcf1700fc46a2b2c89fd27b735f?s=96&d=mm&r=g","caption":"Redacci\u00f3n A Nova Peneira"},"sameAs":["http:\/\/www.anovapeneira.gal\/"],"url":"https:\/\/www.anovapeneira.gal\/index.php\/author\/redactor\/"}]}},"jetpack_featured_media_url":"https:\/\/www.anovapeneira.gal\/wp-content\/uploads\/2019\/12\/ana_ponton_presentacion_avais_a_nova_peneira.jpg","_links":{"self":[{"href":"https:\/\/www.anovapeneira.gal\/index.php\/wp-json\/wp\/v2\/posts\/1952","targetHints":{"allow":["GET"]}}],"collection":[{"href":"https:\/\/www.anovapeneira.gal\/index.php\/wp-json\/wp\/v2\/posts"}],"about":[{"href":"https:\/\/www.anovapeneira.gal\/index.php\/wp-json\/wp\/v2\/types\/post"}],"author":[{"embeddable":true,"href":"https:\/\/www.anovapeneira.gal\/index.php\/wp-json\/wp\/v2\/users\/3"}],"replies":[{"embeddable":true,"href":"https:\/\/www.anovapeneira.gal\/index.php\/wp-json\/wp\/v2\/comments?post=1952"}],"version-history":[{"count":1,"href":"https:\/\/www.anovapeneira.gal\/index.php\/wp-json\/wp\/v2\/posts\/1952\/revisions"}],"predecessor-version":[{"id":1954,"href":"https:\/\/www.anovapeneira.gal\/index.php\/wp-json\/wp\/v2\/posts\/1952\/revisions\/1954"}],"wp:featuredmedia":[{"embeddable":true,"href":"https:\/\/www.anovapeneira.gal\/index.php\/wp-json\/wp\/v2\/media\/1953"}],"wp:attachment":[{"href":"https:\/\/www.anovapeneira.gal\/index.php\/wp-json\/wp\/v2\/media?parent=1952"}],"wp:term":[{"taxonomy":"category","embeddable":true,"href":"https:\/\/www.anovapeneira.gal\/index.php\/wp-json\/wp\/v2\/categories?post=1952"},{"taxonomy":"post_tag","embeddable":true,"href":"https:\/\/www.anovapeneira.gal\/index.php\/wp-json\/wp\/v2\/tags?post=1952"}],"curies":[{"name":"wp","href":"https:\/\/api.w.org\/{rel}","templated":true}]}}