{"id":1971,"date":"2019-12-10T10:00:13","date_gmt":"2019-12-10T09:00:13","guid":{"rendered":"http:\/\/www.anovapeneira.gal\/?p=1971"},"modified":"2020-01-21T08:53:53","modified_gmt":"2020-01-21T07:53:53","slug":"a-asociacion-de-empresarios-de-redondela-presenta-unha-campana-de-nadal-marcada-polo-selo-da-ecoinnovacion-comercial","status":"publish","type":"post","link":"https:\/\/www.anovapeneira.gal\/index.php\/2019\/12\/10\/a-asociacion-de-empresarios-de-redondela-presenta-unha-campana-de-nadal-marcada-polo-selo-da-ecoinnovacion-comercial\/","title":{"rendered":"A Asociaci\u00f3n de Empresarios de Redondela presenta unha campa\u00f1a de nadal marcada polo selo da ecoinnovaci\u00f3n comercial"},"content":{"rendered":"\n<h2 class=\"wp-block-heading\">Por primeira vez a praza de abastos s\u00famase en pleno a campa\u00f1a de premios<\/h2>\n\n\n\n<p><strong>Redondela, 5 de decembro  de 2019<\/strong><\/p>\n\n\n\n<p>O   coidado   do   medio   ambiente   ven   sendo   unha   constante   nas   campa\u00f1as   de   dinamizaci\u00f3n  comercial  desenvolvidas  pola  Asociaci\u00f3n  de  Empresarios  de  Redondela  pero  neste  caso  acent\u00faase  xa  que  todos  os  materiais  empregados  contan  cunha  distinci\u00f3n  ambiental.  As\u00ed  as  bolsas  est\u00e1n  realizadas  en  material  reciclado  e  impresasnunha  tinta  totalmente  inocua  de  base  acuosa  que  garante  o  coidado  do  medio  ambiente.  Nos  \u00faltimos  dous  exercicios  a  Asociaci\u00f3n  de  Empresarios  ten  contribu\u00eddo  notablemente  a  eliminaci\u00f3n  do  pl\u00e1stico  do  circu\u00edto  comercial  distribu\u00edndo  entre  os  seus  asociados  m\u00e1is de 20.000 bolsas de papel, acci\u00f3n que se ten desenvolvido graza ao cofinanciamento da Xunta de Galicia a trav\u00e9s da Direcci\u00f3n Xeral de Comercio e que tam\u00e9n esta Nadal conta coa colaboraci\u00f3n co Concello de Redondela o que nos permite duplicar o n\u00famero de bolsas que se entregar\u00e1n no comercio da vila, aportaci\u00f3n que \u00e9 sen d\u00fabida unha gran axuda dado o importante custe que sup\u00f3n a entrega gratu\u00edta de bolsas a clientela.<\/p>\n\n\n\n<p>A campa\u00f1a de premios trae ao comercio de Redondela os cl\u00e1sicos BOLETOS DE NADAL que  se  distribu\u00edran  polas  compras  que  se  realicen  dende  hoxe  5  de  decembro  ata  o  5  de  xaneiro.  Este  formato  de  campa\u00f1a  permite  que  cada  comerciote\u00f1a  unhaurna  de  premios  \u00fanica  e  exclusiva  xa  que  en  cada  comercio  poder\u00e1  haber  premios  diferentesademais do cl\u00e1sicos vales de compra que nesta edici\u00f3n son de 300\u20ac, 200\u20ac, 100\u20ac e 50\u20ac que se sortear\u00e1n ao finalizar a campa\u00f1a. O d\u00eda do sorteo ser\u00e1 o 15 de xaneiro. <\/p>\n\n\n\n<p>Outra  novidade  desta  campa\u00f1a  \u00e9  a  decoraci\u00f3n  exterior  dos  comercios  coa  que  se  realza  a  presenza  do  comercio  da  Vila.  Un  elemento  decorativo  com\u00fan  consistente nunha  \u00e1rbore  iluminada  e  vinilos  en  forma  de  destello fan  que  ao  caer  a  tarde  os  comercios  realcen  a  s\u00faa  presenza  e  dean  un especial ambiente de  Nadal a  esta  tradicional  vila  comercial  situada  ao  fondo  da  r\u00eda  de  Vigo  na  que  as  tendas,  todas diferentes e \u00fanicas, vense realzadas pola imaxe homox\u00e9nea da decoraci\u00f3n de Nadal.<\/p>\n","protected":false},"excerpt":{"rendered":"<div class=\"mh-excerpt\"><p>Por primeira vez a praza de abastos s\u00famase en pleno a campa\u00f1a de premios <a class=\"mh-excerpt-more\" href=\"https:\/\/www.anovapeneira.gal\/index.php\/2019\/12\/10\/a-asociacion-de-empresarios-de-redondela-presenta-unha-campana-de-nadal-marcada-polo-selo-da-ecoinnovacion-comercial\/\" title=\"A Asociaci\u00f3n de Empresarios de Redondela presenta unha campa\u00f1a de nadal marcada polo selo da ecoinnovaci\u00f3n comercial\">[&#8230;]<\/a><\/p>\n<\/div>","protected":false},"author":3,"featured_media":1969,"comment_status":"open","ping_status":"open","sticky":false,"template":"","format":"standard","meta":{"_exactmetrics_skip_tracking":false,"_exactmetrics_sitenote_active":false,"_exactmetrics_sitenote_note":"","_exactmetrics_sitenote_category":0,"footnotes":""},"categories":[24],"tags":[364,171,833],"class_list":{"0":"post-1971","1":"post","2":"type-post","3":"status-publish","4":"format-standard","5":"has-post-thumbnail","7":"category-redondela","8":"tag-comercio","9":"tag-concello-de-redondela","10":"tag-nadal"},"yoast_head":"<!-- This site is optimized with the Yoast SEO plugin v27.4 - https:\/\/yoast.com\/product\/yoast-seo-wordpress\/ -->\n<title>A Asociaci\u00f3n de Empresarios de Redondela presenta unha campa\u00f1a de nadal marcada polo selo da ecoinnovaci\u00f3n comercial -<\/title>\n<meta name=\"robots\" content=\"index, follow, max-snippet:-1, max-image-preview:large, max-video-preview:-1\" \/>\n<link rel=\"canonical\" href=\"https:\/\/www.anovapeneira.gal\/index.php\/2019\/12\/10\/a-asociacion-de-empresarios-de-redondela-presenta-unha-campana-de-nadal-marcada-polo-selo-da-ecoinnovacion-comercial\/\" \/>\n<meta property=\"og:locale\" content=\"gl_ES\" \/>\n<meta property=\"og:type\" content=\"article\" \/>\n<meta property=\"og:title\" content=\"A Asociaci\u00f3n de Empresarios de Redondela presenta unha campa\u00f1a de nadal marcada polo selo da ecoinnovaci\u00f3n comercial -\" \/>\n<meta property=\"og:description\" content=\"Por primeira vez a praza de abastos s\u00famase en pleno a campa\u00f1a de premios [...]\" \/>\n<meta property=\"og:url\" content=\"https:\/\/www.anovapeneira.gal\/index.php\/2019\/12\/10\/a-asociacion-de-empresarios-de-redondela-presenta-unha-campana-de-nadal-marcada-polo-selo-da-ecoinnovacion-comercial\/\" \/>\n<meta property=\"article:publisher\" content=\"https:\/\/www.facebook.com\/anovapeneira\" \/>\n<meta property=\"article:published_time\" content=\"2019-12-10T09:00:13+00:00\" \/>\n<meta property=\"article:modified_time\" content=\"2020-01-21T07:53:53+00:00\" \/>\n<meta property=\"og:image\" content=\"https:\/\/www.anovapeneira.gal\/wp-content\/uploads\/2019\/12\/redondela_nadal_a_nova_peneira.jpg\" \/>\n\t<meta property=\"og:image:width\" content=\"720\" \/>\n\t<meta property=\"og:image:height\" content=\"432\" \/>\n\t<meta property=\"og:image:type\" content=\"image\/jpeg\" \/>\n<meta name=\"author\" content=\"Redacci\u00f3n A Nova Peneira\" \/>\n<meta name=\"twitter:card\" content=\"summary_large_image\" \/>\n<meta name=\"twitter:creator\" content=\"@APeneira\" \/>\n<meta name=\"twitter:site\" content=\"@APeneira\" \/>\n<meta name=\"twitter:label1\" content=\"Escrito por\" \/>\n\t<meta name=\"twitter:data1\" content=\"Redacci\u00f3n A Nova Peneira\" \/>\n\t<meta name=\"twitter:label2\" content=\"Tempo de lectura\" \/>\n\t<meta name=\"twitter:data2\" content=\"2 minutos\" \/>\n<script type=\"application\/ld+json\" class=\"yoast-schema-graph\">{\"@context\":\"https:\\\/\\\/schema.org\",\"@graph\":[{\"@type\":\"Article\",\"@id\":\"https:\\\/\\\/www.anovapeneira.gal\\\/index.php\\\/2019\\\/12\\\/10\\\/a-asociacion-de-empresarios-de-redondela-presenta-unha-campana-de-nadal-marcada-polo-selo-da-ecoinnovacion-comercial\\\/#article\",\"isPartOf\":{\"@id\":\"https:\\\/\\\/www.anovapeneira.gal\\\/index.php\\\/2019\\\/12\\\/10\\\/a-asociacion-de-empresarios-de-redondela-presenta-unha-campana-de-nadal-marcada-polo-selo-da-ecoinnovacion-comercial\\\/\"},\"author\":{\"name\":\"Redacci\u00f3n A Nova Peneira\",\"@id\":\"https:\\\/\\\/www.anovapeneira.gal\\\/#\\\/schema\\\/person\\\/b93e3f8932e3f8da96334607eb6ac6aa\"},\"headline\":\"A Asociaci\u00f3n de Empresarios de Redondela presenta unha campa\u00f1a de nadal marcada polo selo da ecoinnovaci\u00f3n comercial\",\"datePublished\":\"2019-12-10T09:00:13+00:00\",\"dateModified\":\"2020-01-21T07:53:53+00:00\",\"mainEntityOfPage\":{\"@id\":\"https:\\\/\\\/www.anovapeneira.gal\\\/index.php\\\/2019\\\/12\\\/10\\\/a-asociacion-de-empresarios-de-redondela-presenta-unha-campana-de-nadal-marcada-polo-selo-da-ecoinnovacion-comercial\\\/\"},\"wordCount\":394,\"commentCount\":0,\"publisher\":{\"@id\":\"https:\\\/\\\/www.anovapeneira.gal\\\/#organization\"},\"image\":{\"@id\":\"https:\\\/\\\/www.anovapeneira.gal\\\/index.php\\\/2019\\\/12\\\/10\\\/a-asociacion-de-empresarios-de-redondela-presenta-unha-campana-de-nadal-marcada-polo-selo-da-ecoinnovacion-comercial\\\/#primaryimage\"},\"thumbnailUrl\":\"https:\\\/\\\/www.anovapeneira.gal\\\/wp-content\\\/uploads\\\/2019\\\/12\\\/redondela_nadal_a_nova_peneira.jpg\",\"keywords\":[\"Comercio\",\"Concello de Redondela\",\"Nadal\"],\"articleSection\":[\"Redondela\"],\"inLanguage\":\"gl-ES\",\"potentialAction\":[{\"@type\":\"CommentAction\",\"name\":\"Comment\",\"target\":[\"https:\\\/\\\/www.anovapeneira.gal\\\/index.php\\\/2019\\\/12\\\/10\\\/a-asociacion-de-empresarios-de-redondela-presenta-unha-campana-de-nadal-marcada-polo-selo-da-ecoinnovacion-comercial\\\/#respond\"]}]},{\"@type\":\"WebPage\",\"@id\":\"https:\\\/\\\/www.anovapeneira.gal\\\/index.php\\\/2019\\\/12\\\/10\\\/a-asociacion-de-empresarios-de-redondela-presenta-unha-campana-de-nadal-marcada-polo-selo-da-ecoinnovacion-comercial\\\/\",\"url\":\"https:\\\/\\\/www.anovapeneira.gal\\\/index.php\\\/2019\\\/12\\\/10\\\/a-asociacion-de-empresarios-de-redondela-presenta-unha-campana-de-nadal-marcada-polo-selo-da-ecoinnovacion-comercial\\\/\",\"name\":\"A Asociaci\u00f3n de Empresarios de Redondela presenta unha campa\u00f1a de nadal marcada polo selo da ecoinnovaci\u00f3n comercial -\",\"isPartOf\":{\"@id\":\"https:\\\/\\\/www.anovapeneira.gal\\\/#website\"},\"primaryImageOfPage\":{\"@id\":\"https:\\\/\\\/www.anovapeneira.gal\\\/index.php\\\/2019\\\/12\\\/10\\\/a-asociacion-de-empresarios-de-redondela-presenta-unha-campana-de-nadal-marcada-polo-selo-da-ecoinnovacion-comercial\\\/#primaryimage\"},\"image\":{\"@id\":\"https:\\\/\\\/www.anovapeneira.gal\\\/index.php\\\/2019\\\/12\\\/10\\\/a-asociacion-de-empresarios-de-redondela-presenta-unha-campana-de-nadal-marcada-polo-selo-da-ecoinnovacion-comercial\\\/#primaryimage\"},\"thumbnailUrl\":\"https:\\\/\\\/www.anovapeneira.gal\\\/wp-content\\\/uploads\\\/2019\\\/12\\\/redondela_nadal_a_nova_peneira.jpg\",\"datePublished\":\"2019-12-10T09:00:13+00:00\",\"dateModified\":\"2020-01-21T07:53:53+00:00\",\"breadcrumb\":{\"@id\":\"https:\\\/\\\/www.anovapeneira.gal\\\/index.php\\\/2019\\\/12\\\/10\\\/a-asociacion-de-empresarios-de-redondela-presenta-unha-campana-de-nadal-marcada-polo-selo-da-ecoinnovacion-comercial\\\/#breadcrumb\"},\"inLanguage\":\"gl-ES\",\"potentialAction\":[{\"@type\":\"ReadAction\",\"target\":[\"https:\\\/\\\/www.anovapeneira.gal\\\/index.php\\\/2019\\\/12\\\/10\\\/a-asociacion-de-empresarios-de-redondela-presenta-unha-campana-de-nadal-marcada-polo-selo-da-ecoinnovacion-comercial\\\/\"]}]},{\"@type\":\"ImageObject\",\"inLanguage\":\"gl-ES\",\"@id\":\"https:\\\/\\\/www.anovapeneira.gal\\\/index.php\\\/2019\\\/12\\\/10\\\/a-asociacion-de-empresarios-de-redondela-presenta-unha-campana-de-nadal-marcada-polo-selo-da-ecoinnovacion-comercial\\\/#primaryimage\",\"url\":\"https:\\\/\\\/www.anovapeneira.gal\\\/wp-content\\\/uploads\\\/2019\\\/12\\\/redondela_nadal_a_nova_peneira.jpg\",\"contentUrl\":\"https:\\\/\\\/www.anovapeneira.gal\\\/wp-content\\\/uploads\\\/2019\\\/12\\\/redondela_nadal_a_nova_peneira.jpg\",\"width\":720,\"height\":432,\"caption\":\"Redondela Comercio Nadal A Nova Peneira\"},{\"@type\":\"BreadcrumbList\",\"@id\":\"https:\\\/\\\/www.anovapeneira.gal\\\/index.php\\\/2019\\\/12\\\/10\\\/a-asociacion-de-empresarios-de-redondela-presenta-unha-campana-de-nadal-marcada-polo-selo-da-ecoinnovacion-comercial\\\/#breadcrumb\",\"itemListElement\":[{\"@type\":\"ListItem\",\"position\":1,\"name\":\"Portada\",\"item\":\"https:\\\/\\\/www.anovapeneira.gal\\\/\"},{\"@type\":\"ListItem\",\"position\":2,\"name\":\"A Asociaci\u00f3n de Empresarios de Redondela presenta unha campa\u00f1a de nadal marcada polo selo da ecoinnovaci\u00f3n comercial\"}]},{\"@type\":\"WebSite\",\"@id\":\"https:\\\/\\\/www.anovapeneira.gal\\\/#website\",\"url\":\"https:\\\/\\\/www.anovapeneira.gal\\\/\",\"name\":\"\",\"description\":\"Xornal galego de informaci\u00f3n xeral Publicaci\u00f3n mensual de novas de Galicia e en especial dos Concellos da sur da provincia de Pontevedra.\",\"publisher\":{\"@id\":\"https:\\\/\\\/www.anovapeneira.gal\\\/#organization\"},\"potentialAction\":[{\"@type\":\"SearchAction\",\"target\":{\"@type\":\"EntryPoint\",\"urlTemplate\":\"https:\\\/\\\/www.anovapeneira.gal\\\/?s={search_term_string}\"},\"query-input\":{\"@type\":\"PropertyValueSpecification\",\"valueRequired\":true,\"valueName\":\"search_term_string\"}}],\"inLanguage\":\"gl-ES\"},{\"@type\":\"Organization\",\"@id\":\"https:\\\/\\\/www.anovapeneira.gal\\\/#organization\",\"name\":\"A Nova Peneira\",\"url\":\"https:\\\/\\\/www.anovapeneira.gal\\\/\",\"logo\":{\"@type\":\"ImageObject\",\"inLanguage\":\"gl-ES\",\"@id\":\"https:\\\/\\\/www.anovapeneira.gal\\\/#\\\/schema\\\/logo\\\/image\\\/\",\"url\":\"http:\\\/\\\/www.anovapeneira.gal\\\/wp-content\\\/uploads\\\/2019\\\/06\\\/logo_a_nova_peneira_portal_web.png\",\"contentUrl\":\"http:\\\/\\\/www.anovapeneira.gal\\\/wp-content\\\/uploads\\\/2019\\\/06\\\/logo_a_nova_peneira_portal_web.png\",\"width\":300,\"height\":100,\"caption\":\"A Nova Peneira\"},\"image\":{\"@id\":\"https:\\\/\\\/www.anovapeneira.gal\\\/#\\\/schema\\\/logo\\\/image\\\/\"},\"sameAs\":[\"https:\\\/\\\/www.facebook.com\\\/anovapeneira\",\"https:\\\/\\\/x.com\\\/APeneira\"]},{\"@type\":\"Person\",\"@id\":\"https:\\\/\\\/www.anovapeneira.gal\\\/#\\\/schema\\\/person\\\/b93e3f8932e3f8da96334607eb6ac6aa\",\"name\":\"Redacci\u00f3n A Nova Peneira\",\"image\":{\"@type\":\"ImageObject\",\"inLanguage\":\"gl-ES\",\"@id\":\"https:\\\/\\\/secure.gravatar.com\\\/avatar\\\/c052a2551a06e23fac63626232eaa90abd78dbcf1700fc46a2b2c89fd27b735f?s=96&d=mm&r=g\",\"url\":\"https:\\\/\\\/secure.gravatar.com\\\/avatar\\\/c052a2551a06e23fac63626232eaa90abd78dbcf1700fc46a2b2c89fd27b735f?s=96&d=mm&r=g\",\"contentUrl\":\"https:\\\/\\\/secure.gravatar.com\\\/avatar\\\/c052a2551a06e23fac63626232eaa90abd78dbcf1700fc46a2b2c89fd27b735f?s=96&d=mm&r=g\",\"caption\":\"Redacci\u00f3n A Nova Peneira\"},\"sameAs\":[\"http:\\\/\\\/www.anovapeneira.gal\\\/\"],\"url\":\"https:\\\/\\\/www.anovapeneira.gal\\\/index.php\\\/author\\\/redactor\\\/\"}]}<\/script>\n<!-- \/ Yoast SEO plugin. -->","yoast_head_json":{"title":"A Asociaci\u00f3n de Empresarios de Redondela presenta unha campa\u00f1a de nadal marcada polo selo da ecoinnovaci\u00f3n comercial -","robots":{"index":"index","follow":"follow","max-snippet":"max-snippet:-1","max-image-preview":"max-image-preview:large","max-video-preview":"max-video-preview:-1"},"canonical":"https:\/\/www.anovapeneira.gal\/index.php\/2019\/12\/10\/a-asociacion-de-empresarios-de-redondela-presenta-unha-campana-de-nadal-marcada-polo-selo-da-ecoinnovacion-comercial\/","og_locale":"gl_ES","og_type":"article","og_title":"A Asociaci\u00f3n de Empresarios de Redondela presenta unha campa\u00f1a de nadal marcada polo selo da ecoinnovaci\u00f3n comercial -","og_description":"Por primeira vez a praza de abastos s\u00famase en pleno a campa\u00f1a de premios [...]","og_url":"https:\/\/www.anovapeneira.gal\/index.php\/2019\/12\/10\/a-asociacion-de-empresarios-de-redondela-presenta-unha-campana-de-nadal-marcada-polo-selo-da-ecoinnovacion-comercial\/","article_publisher":"https:\/\/www.facebook.com\/anovapeneira","article_published_time":"2019-12-10T09:00:13+00:00","article_modified_time":"2020-01-21T07:53:53+00:00","og_image":[{"width":720,"height":432,"url":"https:\/\/www.anovapeneira.gal\/wp-content\/uploads\/2019\/12\/redondela_nadal_a_nova_peneira.jpg","type":"image\/jpeg"}],"author":"Redacci\u00f3n A Nova Peneira","twitter_card":"summary_large_image","twitter_creator":"@APeneira","twitter_site":"@APeneira","twitter_misc":{"Escrito por":"Redacci\u00f3n A Nova Peneira","Tempo de lectura":"2 minutos"},"schema":{"@context":"https:\/\/schema.org","@graph":[{"@type":"Article","@id":"https:\/\/www.anovapeneira.gal\/index.php\/2019\/12\/10\/a-asociacion-de-empresarios-de-redondela-presenta-unha-campana-de-nadal-marcada-polo-selo-da-ecoinnovacion-comercial\/#article","isPartOf":{"@id":"https:\/\/www.anovapeneira.gal\/index.php\/2019\/12\/10\/a-asociacion-de-empresarios-de-redondela-presenta-unha-campana-de-nadal-marcada-polo-selo-da-ecoinnovacion-comercial\/"},"author":{"name":"Redacci\u00f3n A Nova Peneira","@id":"https:\/\/www.anovapeneira.gal\/#\/schema\/person\/b93e3f8932e3f8da96334607eb6ac6aa"},"headline":"A Asociaci\u00f3n de Empresarios de Redondela presenta unha campa\u00f1a de nadal marcada polo selo da ecoinnovaci\u00f3n comercial","datePublished":"2019-12-10T09:00:13+00:00","dateModified":"2020-01-21T07:53:53+00:00","mainEntityOfPage":{"@id":"https:\/\/www.anovapeneira.gal\/index.php\/2019\/12\/10\/a-asociacion-de-empresarios-de-redondela-presenta-unha-campana-de-nadal-marcada-polo-selo-da-ecoinnovacion-comercial\/"},"wordCount":394,"commentCount":0,"publisher":{"@id":"https:\/\/www.anovapeneira.gal\/#organization"},"image":{"@id":"https:\/\/www.anovapeneira.gal\/index.php\/2019\/12\/10\/a-asociacion-de-empresarios-de-redondela-presenta-unha-campana-de-nadal-marcada-polo-selo-da-ecoinnovacion-comercial\/#primaryimage"},"thumbnailUrl":"https:\/\/www.anovapeneira.gal\/wp-content\/uploads\/2019\/12\/redondela_nadal_a_nova_peneira.jpg","keywords":["Comercio","Concello de Redondela","Nadal"],"articleSection":["Redondela"],"inLanguage":"gl-ES","potentialAction":[{"@type":"CommentAction","name":"Comment","target":["https:\/\/www.anovapeneira.gal\/index.php\/2019\/12\/10\/a-asociacion-de-empresarios-de-redondela-presenta-unha-campana-de-nadal-marcada-polo-selo-da-ecoinnovacion-comercial\/#respond"]}]},{"@type":"WebPage","@id":"https:\/\/www.anovapeneira.gal\/index.php\/2019\/12\/10\/a-asociacion-de-empresarios-de-redondela-presenta-unha-campana-de-nadal-marcada-polo-selo-da-ecoinnovacion-comercial\/","url":"https:\/\/www.anovapeneira.gal\/index.php\/2019\/12\/10\/a-asociacion-de-empresarios-de-redondela-presenta-unha-campana-de-nadal-marcada-polo-selo-da-ecoinnovacion-comercial\/","name":"A Asociaci\u00f3n de Empresarios de Redondela presenta unha campa\u00f1a de nadal marcada polo selo da ecoinnovaci\u00f3n comercial -","isPartOf":{"@id":"https:\/\/www.anovapeneira.gal\/#website"},"primaryImageOfPage":{"@id":"https:\/\/www.anovapeneira.gal\/index.php\/2019\/12\/10\/a-asociacion-de-empresarios-de-redondela-presenta-unha-campana-de-nadal-marcada-polo-selo-da-ecoinnovacion-comercial\/#primaryimage"},"image":{"@id":"https:\/\/www.anovapeneira.gal\/index.php\/2019\/12\/10\/a-asociacion-de-empresarios-de-redondela-presenta-unha-campana-de-nadal-marcada-polo-selo-da-ecoinnovacion-comercial\/#primaryimage"},"thumbnailUrl":"https:\/\/www.anovapeneira.gal\/wp-content\/uploads\/2019\/12\/redondela_nadal_a_nova_peneira.jpg","datePublished":"2019-12-10T09:00:13+00:00","dateModified":"2020-01-21T07:53:53+00:00","breadcrumb":{"@id":"https:\/\/www.anovapeneira.gal\/index.php\/2019\/12\/10\/a-asociacion-de-empresarios-de-redondela-presenta-unha-campana-de-nadal-marcada-polo-selo-da-ecoinnovacion-comercial\/#breadcrumb"},"inLanguage":"gl-ES","potentialAction":[{"@type":"ReadAction","target":["https:\/\/www.anovapeneira.gal\/index.php\/2019\/12\/10\/a-asociacion-de-empresarios-de-redondela-presenta-unha-campana-de-nadal-marcada-polo-selo-da-ecoinnovacion-comercial\/"]}]},{"@type":"ImageObject","inLanguage":"gl-ES","@id":"https:\/\/www.anovapeneira.gal\/index.php\/2019\/12\/10\/a-asociacion-de-empresarios-de-redondela-presenta-unha-campana-de-nadal-marcada-polo-selo-da-ecoinnovacion-comercial\/#primaryimage","url":"https:\/\/www.anovapeneira.gal\/wp-content\/uploads\/2019\/12\/redondela_nadal_a_nova_peneira.jpg","contentUrl":"https:\/\/www.anovapeneira.gal\/wp-content\/uploads\/2019\/12\/redondela_nadal_a_nova_peneira.jpg","width":720,"height":432,"caption":"Redondela Comercio Nadal A Nova Peneira"},{"@type":"BreadcrumbList","@id":"https:\/\/www.anovapeneira.gal\/index.php\/2019\/12\/10\/a-asociacion-de-empresarios-de-redondela-presenta-unha-campana-de-nadal-marcada-polo-selo-da-ecoinnovacion-comercial\/#breadcrumb","itemListElement":[{"@type":"ListItem","position":1,"name":"Portada","item":"https:\/\/www.anovapeneira.gal\/"},{"@type":"ListItem","position":2,"name":"A Asociaci\u00f3n de Empresarios de Redondela presenta unha campa\u00f1a de nadal marcada polo selo da ecoinnovaci\u00f3n comercial"}]},{"@type":"WebSite","@id":"https:\/\/www.anovapeneira.gal\/#website","url":"https:\/\/www.anovapeneira.gal\/","name":"","description":"Xornal galego de informaci\u00f3n xeral Publicaci\u00f3n mensual de novas de Galicia e en especial dos Concellos da sur da provincia de Pontevedra.","publisher":{"@id":"https:\/\/www.anovapeneira.gal\/#organization"},"potentialAction":[{"@type":"SearchAction","target":{"@type":"EntryPoint","urlTemplate":"https:\/\/www.anovapeneira.gal\/?s={search_term_string}"},"query-input":{"@type":"PropertyValueSpecification","valueRequired":true,"valueName":"search_term_string"}}],"inLanguage":"gl-ES"},{"@type":"Organization","@id":"https:\/\/www.anovapeneira.gal\/#organization","name":"A Nova Peneira","url":"https:\/\/www.anovapeneira.gal\/","logo":{"@type":"ImageObject","inLanguage":"gl-ES","@id":"https:\/\/www.anovapeneira.gal\/#\/schema\/logo\/image\/","url":"http:\/\/www.anovapeneira.gal\/wp-content\/uploads\/2019\/06\/logo_a_nova_peneira_portal_web.png","contentUrl":"http:\/\/www.anovapeneira.gal\/wp-content\/uploads\/2019\/06\/logo_a_nova_peneira_portal_web.png","width":300,"height":100,"caption":"A Nova Peneira"},"image":{"@id":"https:\/\/www.anovapeneira.gal\/#\/schema\/logo\/image\/"},"sameAs":["https:\/\/www.facebook.com\/anovapeneira","https:\/\/x.com\/APeneira"]},{"@type":"Person","@id":"https:\/\/www.anovapeneira.gal\/#\/schema\/person\/b93e3f8932e3f8da96334607eb6ac6aa","name":"Redacci\u00f3n A Nova Peneira","image":{"@type":"ImageObject","inLanguage":"gl-ES","@id":"https:\/\/secure.gravatar.com\/avatar\/c052a2551a06e23fac63626232eaa90abd78dbcf1700fc46a2b2c89fd27b735f?s=96&d=mm&r=g","url":"https:\/\/secure.gravatar.com\/avatar\/c052a2551a06e23fac63626232eaa90abd78dbcf1700fc46a2b2c89fd27b735f?s=96&d=mm&r=g","contentUrl":"https:\/\/secure.gravatar.com\/avatar\/c052a2551a06e23fac63626232eaa90abd78dbcf1700fc46a2b2c89fd27b735f?s=96&d=mm&r=g","caption":"Redacci\u00f3n A Nova Peneira"},"sameAs":["http:\/\/www.anovapeneira.gal\/"],"url":"https:\/\/www.anovapeneira.gal\/index.php\/author\/redactor\/"}]}},"jetpack_featured_media_url":"https:\/\/www.anovapeneira.gal\/wp-content\/uploads\/2019\/12\/redondela_nadal_a_nova_peneira.jpg","_links":{"self":[{"href":"https:\/\/www.anovapeneira.gal\/index.php\/wp-json\/wp\/v2\/posts\/1971","targetHints":{"allow":["GET"]}}],"collection":[{"href":"https:\/\/www.anovapeneira.gal\/index.php\/wp-json\/wp\/v2\/posts"}],"about":[{"href":"https:\/\/www.anovapeneira.gal\/index.php\/wp-json\/wp\/v2\/types\/post"}],"author":[{"embeddable":true,"href":"https:\/\/www.anovapeneira.gal\/index.php\/wp-json\/wp\/v2\/users\/3"}],"replies":[{"embeddable":true,"href":"https:\/\/www.anovapeneira.gal\/index.php\/wp-json\/wp\/v2\/comments?post=1971"}],"version-history":[{"count":2,"href":"https:\/\/www.anovapeneira.gal\/index.php\/wp-json\/wp\/v2\/posts\/1971\/revisions"}],"predecessor-version":[{"id":1973,"href":"https:\/\/www.anovapeneira.gal\/index.php\/wp-json\/wp\/v2\/posts\/1971\/revisions\/1973"}],"wp:featuredmedia":[{"embeddable":true,"href":"https:\/\/www.anovapeneira.gal\/index.php\/wp-json\/wp\/v2\/media\/1969"}],"wp:attachment":[{"href":"https:\/\/www.anovapeneira.gal\/index.php\/wp-json\/wp\/v2\/media?parent=1971"}],"wp:term":[{"taxonomy":"category","embeddable":true,"href":"https:\/\/www.anovapeneira.gal\/index.php\/wp-json\/wp\/v2\/categories?post=1971"},{"taxonomy":"post_tag","embeddable":true,"href":"https:\/\/www.anovapeneira.gal\/index.php\/wp-json\/wp\/v2\/tags?post=1971"}],"curies":[{"name":"wp","href":"https:\/\/api.w.org\/{rel}","templated":true}]}}