{"id":1974,"date":"2019-12-10T12:00:52","date_gmt":"2019-12-10T11:00:52","guid":{"rendered":"http:\/\/www.anovapeneira.gal\/?p=1974"},"modified":"2019-12-09T21:51:11","modified_gmt":"2019-12-09T20:51:11","slug":"sexto-fragmento-do-diario-de-senlua-arraiana","status":"publish","type":"post","link":"https:\/\/www.anovapeneira.gal\/index.php\/2019\/12\/10\/sexto-fragmento-do-diario-de-senlua-arraiana\/","title":{"rendered":"Sexto fragmento do diario de Senl\u00faa Arraiana"},"content":{"rendered":"\n<h2 class=\"wp-block-heading\"><strong>Atravesando mortefria<\/strong><\/h2>\n\n\n\n<figure class=\"wp-block-image size-large is-resized\"><img loading=\"lazy\" decoding=\"async\" src=\"http:\/\/www.anovapeneira.gal\/wp-content\/uploads\/2019\/07\/cristobal_a_nova_peneira.jpg\" alt=\"Crist\u00f3bal L\u00f3pez A Nova Peneira\" class=\"wp-image-555\" width=\"95\" height=\"111\"\/><figcaption>Crist\u00f3bal L\u00f3pez.\nComuneiro de Montes de Tameiga, militante de Anticapitalistas e veci\u00f1o constituinte da Asemblea Veci\u00f1al Ga\u00f1aM\u00f3s. <\/figcaption><\/figure>\n\n\n\n<figure class=\"wp-block-image size-large is-resized\"><img loading=\"lazy\" decoding=\"async\" src=\"http:\/\/www.anovapeneira.gal\/wp-content\/uploads\/2019\/08\/senlua_arraiana_2135.jpg\" alt=\"\" class=\"wp-image-877\" width=\"350\" height=\"408\" srcset=\"https:\/\/www.anovapeneira.gal\/wp-content\/uploads\/2019\/08\/senlua_arraiana_2135.jpg 700w, https:\/\/www.anovapeneira.gal\/wp-content\/uploads\/2019\/08\/senlua_arraiana_2135-257x300.jpg 257w\" sizes=\"auto, (max-width: 350px) 100vw, 350px\" \/><\/figure>\n\n\n\n<p><em><strong>(Este\nfragmento do diario de Senl\u00faa Arraiana foi recuperado e adiantado ao\nnoso tempo por Crist\u00f3bal L\u00f3pez, fiel camarada do av\u00f3 da futura\nl\u00edder da resistencia arraiana).<\/strong><\/em><\/p>\n\n\n\n<p>Ch\u00e1mome\nSenl\u00faa e son membro da resistencia arraiana. Perdoade que leve d\u00edas\nsen escribir no diario. As longas xornadas de viaxe d\u00e9ixanme\nexhausta e ademais desde que nos adentramos na zona m\u00e1is escura de\nMortefr\u00eda decidimos viaxar coa luz que reflicten os fragmentos da\nextinta l\u00faa, un feble luar que eu aproveitaba para escribir e agora\ngu\u00eda os nosos pasos. Despois de tantos d\u00edas en perpetua escuridade\nos nosos ollos afelin\u00e1ronse e s\u00f3 nos treitos con maior dificultade\nactivamos as dinamos dos ciclosolares. Os focos alimentados polas\ndinamos permiten unha boa visi\u00f3n pero son un esforzo extra para as\nnosas pernas cansas.&nbsp;<\/p>\n\n\n\n<p>Hoxe\ndecidimos tomarnos unha xornada de descanso na traves\u00eda e aproveitar\nque estamos ao car\u00f3n das ru\u00ednas dunha gran cidade para facer un\nrastrexo de v\u00edveres. Non \u00e9 doado atopar alimentos en bo estado pero\na fortuna s\u00f3 sorr\u00ed a quen acude ao seu encobtro. Os soterrados das\ncasas illadas soen ter o n\u00famero premiado e atoparnos neles con\nenlatados aproveitables. Nas cidades hai que peitear os supermercados\ncon bodegas pero moitos xa foron saqueados incluso antes da\ndetonaci\u00f3n da l\u00faa.&nbsp; Despois da devastaci\u00f3n moi poucos\nsobreviviron e sobraban alimentos, pero as\u00ed como a Terra foi\nexpo\u00f1endo a zona escura ao devastador sol s\u00f3 os enlatados agochados\na bo recado permaneceron comestibles.&nbsp;<\/p>\n\n\n\n<p>Non.\nNon me esquezo de contarvos o motivo da algarab\u00eda que interrumpiu a\n\u00faltima entrada no diario. A excitaci\u00f3n dos meus compa\u00f1eiros estaba\nmotivada polo descubrimento dun arsenal con munici\u00f3n aproveitable\nnos soterrados do edificio onde nos atopabamos descansando. Hai\nmoitos anos que o noso pobo renunciara a portar armas de fogo. As\ncondici\u00f3ns clim\u00e1ticas extremas deixaban inservible a munici\u00f3n pero\nademais para un pobo que cami\u00f1a en soidade non ten m\u00e1is que os seus\npropios pantasmas nos que facer punter\u00eda. O noso pobo converteu esta\ncarist\u00eda nun fervoroso pacifismo raiando a relixiosidade. No noso\nforzado pacifismo s\u00f3 blandimos armas blancas usadas meramente como\nferramentas.<\/p>\n\n\n\n<p>A\nsorte de acudir tarde ao soterrado f\u00edxome decatarme de que en medio\ndo alborozo da nosa escolta atop\u00e1base Malatesta aterrado no medio do\nabismo que se lle abr\u00eda ante herex\u00eda pacifista. Borrei da mi\u00f1a\nfaciana calquera signo de ledicia polo descubremento e contive a\nher\u00e9tica algarab\u00eda intentando as\u00ed rescatar ao meu fan\u00e1tico\npacifista do insondable hermetismo onde se refuxiara.&nbsp;<\/p>\n\n\n\n<p>Unha\nvez que a serenidade e o silencio volveron a estar presentes musit\u00e9\no estribillo dunha vella tonada infantil mentres lentamente me\nachegaba ao meu antigo compa\u00f1eiro da infancia. Sobre a punta dos\nmeus pes collino polos hombreiros e fiquei a mirada nel ata que a\nmi\u00f1a melod\u00eda de Hamel\u00edn trouxonolo de volta. Cando os seus ollos\nrestableceron contacto coa s\u00faa contorna o resto beleirara con\ninsospeitada axilidade o compartimento agochando o arsenal nun\nrecuncho do pasillo.&nbsp;<\/p>\n\n\n\n<p>O\nseu insistente balbuceo: &#8220;non,&nbsp; non podemos, ser\u00e1 a nosa\nperdici\u00f3n, non\u2026&#8221; non me deixo lugar a d\u00fabida, Malatesta\nafundir\u00edase coas s\u00faas f\u00e9rreas convicci\u00f3ns antes que renunciar a\nelas.&nbsp;<\/p>\n\n\n\n<p>Na\nurdidumbre do engano non tecin fios que me ataran afectivamente. A\nmi\u00f1a determinaci\u00f3n s\u00f3 reco\u00f1ece \u00e1 rectil\u00ednea como tr\u00e1nsito para\no pobo arraiano. Os azos afectivos non ser\u00e1n unha distracci\u00f3n como\nfun eu mesma para a mi\u00f1a nai, nin deixarei que a nostalxia que tanto\nturbou ao meu av\u00f3 nos marque a derrota nunha eterna geod\u00e9sica e\nmenos caer na ara\u00f1eira da melancol\u00eda. Como detestaba ese permanente\ndesapego da realidade no que finou a mi\u00f1a avoa.&nbsp;<\/p>\n\n\n\n<p>Nesa\ninquebrable recta cara a conquista do paradiso perdido as armas\natopadas foron distribu\u00eddas e agochadas entre o resto dos membros da\nexpedici\u00f3n, mantendo as\u00ed aparentemente inmaculada a bandeira\npacifista enarbolada por Malatesta.&nbsp;<\/p>\n\n\n\n<p>O\nfuturo xulgar\u00e1 as mi\u00f1a acci\u00f3n pero non ser\u00e1 quen de cuestionar a\nmi\u00f1a determinaci\u00f3n. A mi\u00f1a fe na forza da determinaci\u00f3n non \u00e9\nfroita da \u00e1rbore da ignorancia. Cantos muros desplomaron os\nactivistas ecoloxistas con moi poucas mans pero co poderoso m\u00fasculo\nda determinaci\u00f3n afianzada na verdade. Mentres o tictac da conta\natr\u00e1s ecoaba non desfaleceron pero&nbsp; non houbo trompetas que\nderruaran as murallas da cobiza que ani\u00f1aba naquela decr\u00e9pita\nsociedade. Todos aqueles adoradores do individualismo toparon de\nbruces coa verdade que se negaban a admitir, s\u00f3 cando est\u00e1 tomou\nforma de cadalso acadou ser protagonista da s\u00faa realidade. Os seus\npecados foron expiados polo planeta, a vida entregada como\npenitencia, a vida masacrada como estigma imborrable para os\nsupervivintes.&nbsp;<\/p>\n\n\n\n<p>No\nnoso mundo a realidade cami\u00f1a da man da verdade polo filo da\nguada\u00f1a. Un despiadado verdugo para quen lle da as costas \u00e1\nverdade.&nbsp;<\/p>\n\n\n\n<p>Te\u00f1o\nfe na determinaci\u00f3n do meu pobo por conquistar o futuro e cobrarnos\na d\u00e9beda co vestixio do pasado pero cu\u00e1n inquebrantable voltase a\nmi\u00f1a fe cando a correlaci\u00f3n de forzas co o enemigo res\u00faltanos\nfavorable.&nbsp; Por iso a mi\u00f1a determinaci\u00f3n quere ter un capit\u00e1n\nde artiller\u00eda que lle po\u00f1a o acento \u00e1s palabras que non entendan\nos nosos enemigos.&nbsp;<\/p>\n\n\n\n<p>Cantas\nilusi\u00f3ns de reencontrarme con Malatesta albergaba ao comezo desta\ntraves\u00eda pero que angostos \u00e9 o cami\u00f1o. Non hai cabida na mi\u00f1a\nmochila para ilusi\u00f3ns superfluas, s\u00f3 \u00e9 cuesti\u00f3n de tempo que o\nabismo \u00e1brase de novo para Malatesta e te\u00f1o que estar preparada\npara cortar a cordada que nos une evitando que nos arrastre a todos.&nbsp;<\/p>\n\n\n\n<p>Comecei\neste diario co af\u00e1n de deixar constancia do devenir do meu pobo, do\nseu asalto ao ceo e non para resaltar os avatares da mi\u00f1a vida\npersoal. Pero o certo \u00e9 que plasmar aqu\u00ed as mi\u00f1as inquedanzas\nax\u00fadame a manter a cordura. Necesito sa\u00edr e ver os fragmentos da\nl\u00faa, entornar os ollos e recompo\u00f1er \u00e1 ra\u00ed\u00f1a da noite\nalumbr\u00e1ndome o cami\u00f1o que xunta o pasado co futuro para otorgarnos\nun presente sen capitulaci\u00f3ns.&nbsp;<\/p>\n","protected":false},"excerpt":{"rendered":"<div class=\"mh-excerpt\"><p>Este fragmento do diario de Senl\u00faa Arraiana foi recuperado e adiantado ao noso tempo por Crist\u00f3bal L\u00f3pez, fiel camarada do av\u00f3 da futura l\u00edder da resistencia arraiana <a class=\"mh-excerpt-more\" href=\"https:\/\/www.anovapeneira.gal\/index.php\/2019\/12\/10\/sexto-fragmento-do-diario-de-senlua-arraiana\/\" title=\"Sexto fragmento do diario de Senl\u00faa Arraiana\">[&#8230;]<\/a><\/p>\n<\/div>","protected":false},"author":13,"featured_media":1970,"comment_status":"open","ping_status":"open","sticky":false,"template":"","format":"standard","meta":{"_exactmetrics_skip_tracking":false,"_exactmetrics_sitenote_active":false,"_exactmetrics_sitenote_note":"","_exactmetrics_sitenote_category":0,"footnotes":""},"categories":[7],"tags":[236,235],"class_list":{"0":"post-1974","1":"post","2":"type-post","3":"status-publish","4":"format-standard","5":"has-post-thumbnail","7":"category-artigos-de-opinion","8":"tag-resistencia-arraiana","9":"tag-senlua-arraiana"},"yoast_head":"<!-- This site is optimized with the Yoast SEO plugin v27.4 - https:\/\/yoast.com\/product\/yoast-seo-wordpress\/ -->\n<title>Sexto fragmento do diario de Senl\u00faa Arraiana -<\/title>\n<meta name=\"robots\" content=\"index, follow, max-snippet:-1, max-image-preview:large, max-video-preview:-1\" \/>\n<link rel=\"canonical\" href=\"https:\/\/www.anovapeneira.gal\/index.php\/2019\/12\/10\/sexto-fragmento-do-diario-de-senlua-arraiana\/\" \/>\n<meta property=\"og:locale\" content=\"gl_ES\" \/>\n<meta property=\"og:type\" content=\"article\" \/>\n<meta property=\"og:title\" content=\"Sexto fragmento do diario de Senl\u00faa Arraiana -\" \/>\n<meta property=\"og:description\" content=\"Este fragmento do diario de Senl\u00faa Arraiana foi recuperado e adiantado ao noso tempo por Crist\u00f3bal L\u00f3pez, fiel camarada do av\u00f3 da futura l\u00edder da resistencia arraiana [...]\" \/>\n<meta property=\"og:url\" content=\"https:\/\/www.anovapeneira.gal\/index.php\/2019\/12\/10\/sexto-fragmento-do-diario-de-senlua-arraiana\/\" \/>\n<meta property=\"article:publisher\" content=\"https:\/\/www.facebook.com\/anovapeneira\" \/>\n<meta property=\"article:published_time\" content=\"2019-12-10T11:00:52+00:00\" \/>\n<meta property=\"og:image\" content=\"https:\/\/www.anovapeneira.gal\/wp-content\/uploads\/2019\/12\/6_fragmento_sen_lua_a_nova_peneira.jpg\" \/>\n\t<meta property=\"og:image:width\" content=\"720\" \/>\n\t<meta property=\"og:image:height\" content=\"432\" \/>\n\t<meta property=\"og:image:type\" content=\"image\/jpeg\" \/>\n<meta name=\"author\" content=\"Cristobal L\u00f3pez\" \/>\n<meta name=\"twitter:card\" content=\"summary_large_image\" \/>\n<meta name=\"twitter:creator\" content=\"@APeneira\" \/>\n<meta name=\"twitter:site\" content=\"@APeneira\" \/>\n<meta name=\"twitter:label1\" content=\"Escrito por\" \/>\n\t<meta name=\"twitter:data1\" content=\"Cristobal L\u00f3pez\" \/>\n\t<meta name=\"twitter:label2\" content=\"Tempo de lectura\" \/>\n\t<meta name=\"twitter:data2\" content=\"6 minutos\" \/>\n<script type=\"application\/ld+json\" class=\"yoast-schema-graph\">{\"@context\":\"https:\\\/\\\/schema.org\",\"@graph\":[{\"@type\":\"Article\",\"@id\":\"https:\\\/\\\/www.anovapeneira.gal\\\/index.php\\\/2019\\\/12\\\/10\\\/sexto-fragmento-do-diario-de-senlua-arraiana\\\/#article\",\"isPartOf\":{\"@id\":\"https:\\\/\\\/www.anovapeneira.gal\\\/index.php\\\/2019\\\/12\\\/10\\\/sexto-fragmento-do-diario-de-senlua-arraiana\\\/\"},\"author\":{\"name\":\"Cristobal L\u00f3pez\",\"@id\":\"https:\\\/\\\/www.anovapeneira.gal\\\/#\\\/schema\\\/person\\\/45b3df2338e4d898b7616809f9c5906c\"},\"headline\":\"Sexto fragmento do diario de Senl\u00faa Arraiana\",\"datePublished\":\"2019-12-10T11:00:52+00:00\",\"mainEntityOfPage\":{\"@id\":\"https:\\\/\\\/www.anovapeneira.gal\\\/index.php\\\/2019\\\/12\\\/10\\\/sexto-fragmento-do-diario-de-senlua-arraiana\\\/\"},\"wordCount\":1113,\"commentCount\":0,\"publisher\":{\"@id\":\"https:\\\/\\\/www.anovapeneira.gal\\\/#organization\"},\"image\":{\"@id\":\"https:\\\/\\\/www.anovapeneira.gal\\\/index.php\\\/2019\\\/12\\\/10\\\/sexto-fragmento-do-diario-de-senlua-arraiana\\\/#primaryimage\"},\"thumbnailUrl\":\"https:\\\/\\\/www.anovapeneira.gal\\\/wp-content\\\/uploads\\\/2019\\\/12\\\/6_fragmento_sen_lua_a_nova_peneira.jpg\",\"keywords\":[\"Resistencia arraiana\",\"Senl\u00faa Arraiana\"],\"articleSection\":[\"Artigos de opini\u00f3n\"],\"inLanguage\":\"gl-ES\",\"potentialAction\":[{\"@type\":\"CommentAction\",\"name\":\"Comment\",\"target\":[\"https:\\\/\\\/www.anovapeneira.gal\\\/index.php\\\/2019\\\/12\\\/10\\\/sexto-fragmento-do-diario-de-senlua-arraiana\\\/#respond\"]}]},{\"@type\":\"WebPage\",\"@id\":\"https:\\\/\\\/www.anovapeneira.gal\\\/index.php\\\/2019\\\/12\\\/10\\\/sexto-fragmento-do-diario-de-senlua-arraiana\\\/\",\"url\":\"https:\\\/\\\/www.anovapeneira.gal\\\/index.php\\\/2019\\\/12\\\/10\\\/sexto-fragmento-do-diario-de-senlua-arraiana\\\/\",\"name\":\"Sexto fragmento do diario de Senl\u00faa Arraiana -\",\"isPartOf\":{\"@id\":\"https:\\\/\\\/www.anovapeneira.gal\\\/#website\"},\"primaryImageOfPage\":{\"@id\":\"https:\\\/\\\/www.anovapeneira.gal\\\/index.php\\\/2019\\\/12\\\/10\\\/sexto-fragmento-do-diario-de-senlua-arraiana\\\/#primaryimage\"},\"image\":{\"@id\":\"https:\\\/\\\/www.anovapeneira.gal\\\/index.php\\\/2019\\\/12\\\/10\\\/sexto-fragmento-do-diario-de-senlua-arraiana\\\/#primaryimage\"},\"thumbnailUrl\":\"https:\\\/\\\/www.anovapeneira.gal\\\/wp-content\\\/uploads\\\/2019\\\/12\\\/6_fragmento_sen_lua_a_nova_peneira.jpg\",\"datePublished\":\"2019-12-10T11:00:52+00:00\",\"breadcrumb\":{\"@id\":\"https:\\\/\\\/www.anovapeneira.gal\\\/index.php\\\/2019\\\/12\\\/10\\\/sexto-fragmento-do-diario-de-senlua-arraiana\\\/#breadcrumb\"},\"inLanguage\":\"gl-ES\",\"potentialAction\":[{\"@type\":\"ReadAction\",\"target\":[\"https:\\\/\\\/www.anovapeneira.gal\\\/index.php\\\/2019\\\/12\\\/10\\\/sexto-fragmento-do-diario-de-senlua-arraiana\\\/\"]}]},{\"@type\":\"ImageObject\",\"inLanguage\":\"gl-ES\",\"@id\":\"https:\\\/\\\/www.anovapeneira.gal\\\/index.php\\\/2019\\\/12\\\/10\\\/sexto-fragmento-do-diario-de-senlua-arraiana\\\/#primaryimage\",\"url\":\"https:\\\/\\\/www.anovapeneira.gal\\\/wp-content\\\/uploads\\\/2019\\\/12\\\/6_fragmento_sen_lua_a_nova_peneira.jpg\",\"contentUrl\":\"https:\\\/\\\/www.anovapeneira.gal\\\/wp-content\\\/uploads\\\/2019\\\/12\\\/6_fragmento_sen_lua_a_nova_peneira.jpg\",\"width\":720,\"height\":432,\"caption\":\"Sen l\u00faa A Nova Peneira\"},{\"@type\":\"BreadcrumbList\",\"@id\":\"https:\\\/\\\/www.anovapeneira.gal\\\/index.php\\\/2019\\\/12\\\/10\\\/sexto-fragmento-do-diario-de-senlua-arraiana\\\/#breadcrumb\",\"itemListElement\":[{\"@type\":\"ListItem\",\"position\":1,\"name\":\"Portada\",\"item\":\"https:\\\/\\\/www.anovapeneira.gal\\\/\"},{\"@type\":\"ListItem\",\"position\":2,\"name\":\"Sexto fragmento do diario de Senl\u00faa Arraiana\"}]},{\"@type\":\"WebSite\",\"@id\":\"https:\\\/\\\/www.anovapeneira.gal\\\/#website\",\"url\":\"https:\\\/\\\/www.anovapeneira.gal\\\/\",\"name\":\"\",\"description\":\"Xornal galego de informaci\u00f3n xeral Publicaci\u00f3n mensual de novas de Galicia e en especial dos Concellos da sur da provincia de Pontevedra.\",\"publisher\":{\"@id\":\"https:\\\/\\\/www.anovapeneira.gal\\\/#organization\"},\"potentialAction\":[{\"@type\":\"SearchAction\",\"target\":{\"@type\":\"EntryPoint\",\"urlTemplate\":\"https:\\\/\\\/www.anovapeneira.gal\\\/?s={search_term_string}\"},\"query-input\":{\"@type\":\"PropertyValueSpecification\",\"valueRequired\":true,\"valueName\":\"search_term_string\"}}],\"inLanguage\":\"gl-ES\"},{\"@type\":\"Organization\",\"@id\":\"https:\\\/\\\/www.anovapeneira.gal\\\/#organization\",\"name\":\"A Nova Peneira\",\"url\":\"https:\\\/\\\/www.anovapeneira.gal\\\/\",\"logo\":{\"@type\":\"ImageObject\",\"inLanguage\":\"gl-ES\",\"@id\":\"https:\\\/\\\/www.anovapeneira.gal\\\/#\\\/schema\\\/logo\\\/image\\\/\",\"url\":\"http:\\\/\\\/www.anovapeneira.gal\\\/wp-content\\\/uploads\\\/2019\\\/06\\\/logo_a_nova_peneira_portal_web.png\",\"contentUrl\":\"http:\\\/\\\/www.anovapeneira.gal\\\/wp-content\\\/uploads\\\/2019\\\/06\\\/logo_a_nova_peneira_portal_web.png\",\"width\":300,\"height\":100,\"caption\":\"A Nova Peneira\"},\"image\":{\"@id\":\"https:\\\/\\\/www.anovapeneira.gal\\\/#\\\/schema\\\/logo\\\/image\\\/\"},\"sameAs\":[\"https:\\\/\\\/www.facebook.com\\\/anovapeneira\",\"https:\\\/\\\/x.com\\\/APeneira\"]},{\"@type\":\"Person\",\"@id\":\"https:\\\/\\\/www.anovapeneira.gal\\\/#\\\/schema\\\/person\\\/45b3df2338e4d898b7616809f9c5906c\",\"name\":\"Cristobal L\u00f3pez\",\"image\":{\"@type\":\"ImageObject\",\"inLanguage\":\"gl-ES\",\"@id\":\"https:\\\/\\\/secure.gravatar.com\\\/avatar\\\/b537cf06ef8166c9ef72b09f4d5f6446b1e22ea99505d94e40b8685710482f79?s=96&d=mm&r=g\",\"url\":\"https:\\\/\\\/secure.gravatar.com\\\/avatar\\\/b537cf06ef8166c9ef72b09f4d5f6446b1e22ea99505d94e40b8685710482f79?s=96&d=mm&r=g\",\"contentUrl\":\"https:\\\/\\\/secure.gravatar.com\\\/avatar\\\/b537cf06ef8166c9ef72b09f4d5f6446b1e22ea99505d94e40b8685710482f79?s=96&d=mm&r=g\",\"caption\":\"Cristobal L\u00f3pez\"},\"sameAs\":[\"http:\\\/\\\/anovapeneira.gal\"],\"url\":\"https:\\\/\\\/www.anovapeneira.gal\\\/index.php\\\/author\\\/opinioncristoballopez\\\/\"}]}<\/script>\n<!-- \/ Yoast SEO plugin. -->","yoast_head_json":{"title":"Sexto fragmento do diario de Senl\u00faa Arraiana -","robots":{"index":"index","follow":"follow","max-snippet":"max-snippet:-1","max-image-preview":"max-image-preview:large","max-video-preview":"max-video-preview:-1"},"canonical":"https:\/\/www.anovapeneira.gal\/index.php\/2019\/12\/10\/sexto-fragmento-do-diario-de-senlua-arraiana\/","og_locale":"gl_ES","og_type":"article","og_title":"Sexto fragmento do diario de Senl\u00faa Arraiana -","og_description":"Este fragmento do diario de Senl\u00faa Arraiana foi recuperado e adiantado ao noso tempo por Crist\u00f3bal L\u00f3pez, fiel camarada do av\u00f3 da futura l\u00edder da resistencia arraiana [...]","og_url":"https:\/\/www.anovapeneira.gal\/index.php\/2019\/12\/10\/sexto-fragmento-do-diario-de-senlua-arraiana\/","article_publisher":"https:\/\/www.facebook.com\/anovapeneira","article_published_time":"2019-12-10T11:00:52+00:00","og_image":[{"width":720,"height":432,"url":"https:\/\/www.anovapeneira.gal\/wp-content\/uploads\/2019\/12\/6_fragmento_sen_lua_a_nova_peneira.jpg","type":"image\/jpeg"}],"author":"Cristobal L\u00f3pez","twitter_card":"summary_large_image","twitter_creator":"@APeneira","twitter_site":"@APeneira","twitter_misc":{"Escrito por":"Cristobal L\u00f3pez","Tempo de lectura":"6 minutos"},"schema":{"@context":"https:\/\/schema.org","@graph":[{"@type":"Article","@id":"https:\/\/www.anovapeneira.gal\/index.php\/2019\/12\/10\/sexto-fragmento-do-diario-de-senlua-arraiana\/#article","isPartOf":{"@id":"https:\/\/www.anovapeneira.gal\/index.php\/2019\/12\/10\/sexto-fragmento-do-diario-de-senlua-arraiana\/"},"author":{"name":"Cristobal L\u00f3pez","@id":"https:\/\/www.anovapeneira.gal\/#\/schema\/person\/45b3df2338e4d898b7616809f9c5906c"},"headline":"Sexto fragmento do diario de Senl\u00faa Arraiana","datePublished":"2019-12-10T11:00:52+00:00","mainEntityOfPage":{"@id":"https:\/\/www.anovapeneira.gal\/index.php\/2019\/12\/10\/sexto-fragmento-do-diario-de-senlua-arraiana\/"},"wordCount":1113,"commentCount":0,"publisher":{"@id":"https:\/\/www.anovapeneira.gal\/#organization"},"image":{"@id":"https:\/\/www.anovapeneira.gal\/index.php\/2019\/12\/10\/sexto-fragmento-do-diario-de-senlua-arraiana\/#primaryimage"},"thumbnailUrl":"https:\/\/www.anovapeneira.gal\/wp-content\/uploads\/2019\/12\/6_fragmento_sen_lua_a_nova_peneira.jpg","keywords":["Resistencia arraiana","Senl\u00faa Arraiana"],"articleSection":["Artigos de opini\u00f3n"],"inLanguage":"gl-ES","potentialAction":[{"@type":"CommentAction","name":"Comment","target":["https:\/\/www.anovapeneira.gal\/index.php\/2019\/12\/10\/sexto-fragmento-do-diario-de-senlua-arraiana\/#respond"]}]},{"@type":"WebPage","@id":"https:\/\/www.anovapeneira.gal\/index.php\/2019\/12\/10\/sexto-fragmento-do-diario-de-senlua-arraiana\/","url":"https:\/\/www.anovapeneira.gal\/index.php\/2019\/12\/10\/sexto-fragmento-do-diario-de-senlua-arraiana\/","name":"Sexto fragmento do diario de Senl\u00faa Arraiana -","isPartOf":{"@id":"https:\/\/www.anovapeneira.gal\/#website"},"primaryImageOfPage":{"@id":"https:\/\/www.anovapeneira.gal\/index.php\/2019\/12\/10\/sexto-fragmento-do-diario-de-senlua-arraiana\/#primaryimage"},"image":{"@id":"https:\/\/www.anovapeneira.gal\/index.php\/2019\/12\/10\/sexto-fragmento-do-diario-de-senlua-arraiana\/#primaryimage"},"thumbnailUrl":"https:\/\/www.anovapeneira.gal\/wp-content\/uploads\/2019\/12\/6_fragmento_sen_lua_a_nova_peneira.jpg","datePublished":"2019-12-10T11:00:52+00:00","breadcrumb":{"@id":"https:\/\/www.anovapeneira.gal\/index.php\/2019\/12\/10\/sexto-fragmento-do-diario-de-senlua-arraiana\/#breadcrumb"},"inLanguage":"gl-ES","potentialAction":[{"@type":"ReadAction","target":["https:\/\/www.anovapeneira.gal\/index.php\/2019\/12\/10\/sexto-fragmento-do-diario-de-senlua-arraiana\/"]}]},{"@type":"ImageObject","inLanguage":"gl-ES","@id":"https:\/\/www.anovapeneira.gal\/index.php\/2019\/12\/10\/sexto-fragmento-do-diario-de-senlua-arraiana\/#primaryimage","url":"https:\/\/www.anovapeneira.gal\/wp-content\/uploads\/2019\/12\/6_fragmento_sen_lua_a_nova_peneira.jpg","contentUrl":"https:\/\/www.anovapeneira.gal\/wp-content\/uploads\/2019\/12\/6_fragmento_sen_lua_a_nova_peneira.jpg","width":720,"height":432,"caption":"Sen l\u00faa A Nova Peneira"},{"@type":"BreadcrumbList","@id":"https:\/\/www.anovapeneira.gal\/index.php\/2019\/12\/10\/sexto-fragmento-do-diario-de-senlua-arraiana\/#breadcrumb","itemListElement":[{"@type":"ListItem","position":1,"name":"Portada","item":"https:\/\/www.anovapeneira.gal\/"},{"@type":"ListItem","position":2,"name":"Sexto fragmento do diario de Senl\u00faa Arraiana"}]},{"@type":"WebSite","@id":"https:\/\/www.anovapeneira.gal\/#website","url":"https:\/\/www.anovapeneira.gal\/","name":"","description":"Xornal galego de informaci\u00f3n xeral Publicaci\u00f3n mensual de novas de Galicia e en especial dos Concellos da sur da provincia de Pontevedra.","publisher":{"@id":"https:\/\/www.anovapeneira.gal\/#organization"},"potentialAction":[{"@type":"SearchAction","target":{"@type":"EntryPoint","urlTemplate":"https:\/\/www.anovapeneira.gal\/?s={search_term_string}"},"query-input":{"@type":"PropertyValueSpecification","valueRequired":true,"valueName":"search_term_string"}}],"inLanguage":"gl-ES"},{"@type":"Organization","@id":"https:\/\/www.anovapeneira.gal\/#organization","name":"A Nova Peneira","url":"https:\/\/www.anovapeneira.gal\/","logo":{"@type":"ImageObject","inLanguage":"gl-ES","@id":"https:\/\/www.anovapeneira.gal\/#\/schema\/logo\/image\/","url":"http:\/\/www.anovapeneira.gal\/wp-content\/uploads\/2019\/06\/logo_a_nova_peneira_portal_web.png","contentUrl":"http:\/\/www.anovapeneira.gal\/wp-content\/uploads\/2019\/06\/logo_a_nova_peneira_portal_web.png","width":300,"height":100,"caption":"A Nova Peneira"},"image":{"@id":"https:\/\/www.anovapeneira.gal\/#\/schema\/logo\/image\/"},"sameAs":["https:\/\/www.facebook.com\/anovapeneira","https:\/\/x.com\/APeneira"]},{"@type":"Person","@id":"https:\/\/www.anovapeneira.gal\/#\/schema\/person\/45b3df2338e4d898b7616809f9c5906c","name":"Cristobal L\u00f3pez","image":{"@type":"ImageObject","inLanguage":"gl-ES","@id":"https:\/\/secure.gravatar.com\/avatar\/b537cf06ef8166c9ef72b09f4d5f6446b1e22ea99505d94e40b8685710482f79?s=96&d=mm&r=g","url":"https:\/\/secure.gravatar.com\/avatar\/b537cf06ef8166c9ef72b09f4d5f6446b1e22ea99505d94e40b8685710482f79?s=96&d=mm&r=g","contentUrl":"https:\/\/secure.gravatar.com\/avatar\/b537cf06ef8166c9ef72b09f4d5f6446b1e22ea99505d94e40b8685710482f79?s=96&d=mm&r=g","caption":"Cristobal L\u00f3pez"},"sameAs":["http:\/\/anovapeneira.gal"],"url":"https:\/\/www.anovapeneira.gal\/index.php\/author\/opinioncristoballopez\/"}]}},"jetpack_featured_media_url":"https:\/\/www.anovapeneira.gal\/wp-content\/uploads\/2019\/12\/6_fragmento_sen_lua_a_nova_peneira.jpg","_links":{"self":[{"href":"https:\/\/www.anovapeneira.gal\/index.php\/wp-json\/wp\/v2\/posts\/1974","targetHints":{"allow":["GET"]}}],"collection":[{"href":"https:\/\/www.anovapeneira.gal\/index.php\/wp-json\/wp\/v2\/posts"}],"about":[{"href":"https:\/\/www.anovapeneira.gal\/index.php\/wp-json\/wp\/v2\/types\/post"}],"author":[{"embeddable":true,"href":"https:\/\/www.anovapeneira.gal\/index.php\/wp-json\/wp\/v2\/users\/13"}],"replies":[{"embeddable":true,"href":"https:\/\/www.anovapeneira.gal\/index.php\/wp-json\/wp\/v2\/comments?post=1974"}],"version-history":[{"count":1,"href":"https:\/\/www.anovapeneira.gal\/index.php\/wp-json\/wp\/v2\/posts\/1974\/revisions"}],"predecessor-version":[{"id":1975,"href":"https:\/\/www.anovapeneira.gal\/index.php\/wp-json\/wp\/v2\/posts\/1974\/revisions\/1975"}],"wp:featuredmedia":[{"embeddable":true,"href":"https:\/\/www.anovapeneira.gal\/index.php\/wp-json\/wp\/v2\/media\/1970"}],"wp:attachment":[{"href":"https:\/\/www.anovapeneira.gal\/index.php\/wp-json\/wp\/v2\/media?parent=1974"}],"wp:term":[{"taxonomy":"category","embeddable":true,"href":"https:\/\/www.anovapeneira.gal\/index.php\/wp-json\/wp\/v2\/categories?post=1974"},{"taxonomy":"post_tag","embeddable":true,"href":"https:\/\/www.anovapeneira.gal\/index.php\/wp-json\/wp\/v2\/tags?post=1974"}],"curies":[{"name":"wp","href":"https:\/\/api.w.org\/{rel}","templated":true}]}}