{"id":1988,"date":"2019-12-12T10:00:00","date_gmt":"2019-12-12T09:00:00","guid":{"rendered":"http:\/\/www.anovapeneira.gal\/?p=1988"},"modified":"2019-12-10T21:12:28","modified_gmt":"2019-12-10T20:12:28","slug":"francisco-alvarez-koki-escritor-galego","status":"publish","type":"post","link":"https:\/\/www.anovapeneira.gal\/index.php\/2019\/12\/12\/francisco-alvarez-koki-escritor-galego\/","title":{"rendered":"Francisco \u00c1lvarez (Koki) escritor galego"},"content":{"rendered":"\n<h2 class=\"wp-block-heading\"><strong>KOKI \u00e9 un escritor de\nA Guarda que vive entre  o seu Salcidos natal e a cidade de New York,\n\u00e1 que emigrou sendo moi novo, e que que tivo unha importancia\nsuperlativa na conformaci\u00f3n do seu substrato art\u00edstico e humano.\nKoki \u00e9 correspondente e colaborador de A Nova Peneira, escritor de\ngran sensibilidade social, na li\u00f1a de Celso Emilio ou Ferr\u00edn, e \u00e9\nsobre todo unha persoa encantadora coa que foi un pracer conversar.<\/strong><\/h2>\n\n\n\n<h3 class=\"wp-block-heading\">\u201c<strong>SE A UN POETA NON\nLLE PREOCUPAN AS CUESTI\u00d3NS SOCIAIS \u00c9 PORQUE TEN MOI POUCA\nSENSIBILIDADE\u201d<\/strong><\/h3>\n\n\n\n<p><strong>Ti es unha persoa\npolifac\u00e9tica, cunha capacidade creativa multidisciplinar \u00e1 que \u00e9\ndif\u00edcil presentar, como te definir\u00edas ti, a ti mesmo?<\/strong><\/p>\n\n\n\n<blockquote class=\"wp-block-quote is-layout-flow wp-block-quote-is-layout-flow\"><p>Eu def\u00ednome como poeta, outras cousas xurdiron pola necesidade de contar, pero eu son esencialmente poeta<\/p><\/blockquote>\n\n\n\n<p><strong>Ao longo da historia da\nhumanidade, \u00e1 hora de interpretar a finalidade da arte en xeral e da\ncreaci\u00f3n po\u00e9tica en particular, existen d\u00faas visi\u00f3ns\ndiferenciadas; a que considera que a creaci\u00f3n art\u00edstica debe\nresponder a unha motivaci\u00f3n exclusivamente est\u00e9tica e a que defende\nque debe transmitir unha posici\u00f3n ao respecto do contexto social na\nque se encontra . Eu creo que a t\u00faa produci\u00f3n literaria est\u00e1 nesta\n\u00faltima, verdade koki?<\/strong><\/p>\n\n\n\n<blockquote class=\"wp-block-quote is-layout-flow wp-block-quote-is-layout-flow\"><p>Sen d\u00fabida. Un pode escribir sobre calquera cousa, pero se a un poeta non lle preocupan as cuesti\u00f3ns sociais \u00e9 porque ten moi pouca sensibilidade<\/p><\/blockquote>\n\n\n\n<p><strong>Cal \u00e9 a t\u00faa\nprofesi\u00f3n?<\/strong><\/p>\n\n\n\n<blockquote class=\"wp-block-quote is-layout-flow wp-block-quote-is-layout-flow\"><p>Eu fixen moitas cousas na mi\u00f1a vida; traballei no mundo da pedra, vend\u00edn peixe ,porcos, casas ,a verdade vend\u00edn moit\u00edsimas cousas<\/p><\/blockquote>\n\n\n\n<p><strong>Vaia, non vender\u00edas\nenciclopedias, coma min?<\/strong><\/p>\n\n\n\n<blockquote class=\"wp-block-quote is-layout-flow wp-block-quote-is-layout-flow\"><p>Pois si, tam\u00e9n, cando cheguei a New York, vend\u00edn a enciclopedia Brit\u00e1nica<\/p><\/blockquote>\n\n\n\n<p><strong>Caramba, porta a porta?<\/strong><\/p>\n\n\n\n<blockquote class=\"wp-block-quote is-layout-flow wp-block-quote-is-layout-flow\"><p>Si, si, porta a porta e sen saber falar ingl\u00e9s. Por\u00e9n, desde neno o que dominaba en min era un sentimento de necesidade de xustiza, eu observaba os abusos que en moitas ocasi\u00f3ns se comet\u00edan contra o pobo e sent\u00eda a necesidade de expresar o meu desacougo<\/p><\/blockquote>\n\n\n\n<p><strong>Ese sentimento que\ndescribes definir\u00edalo como innato, ou como froito do teu contexto\nvital?<\/strong><\/p>\n\n\n\n<blockquote class=\"wp-block-quote is-layout-flow wp-block-quote-is-layout-flow\"><p>Eu creo que un pouco de todo, pero penso que observar os abusos e inxustizas foi o que o fixo medrar e dotalo de solidez<\/p><\/blockquote>\n\n\n\n<p><strong>A viaxe a New York foi\nmoi importante na t\u00faa vida?<\/strong><\/p>\n\n\n\n<blockquote class=\"wp-block-quote is-layout-flow wp-block-quote-is-layout-flow\"><p>Foi esencial, eu fun al\u00ed cun certo sentimento anti americano creo que com\u00fan a amplos segmentos da mocidade da mi\u00f1a xeraci\u00f3n, pero al\u00ed decateime de que a condici\u00f3n humana \u00e9 universal, en EEUU como en Galicia ou como en calquera parte do mundo hai xente que abusa dos seus semellantes e xente explotada que vive por baixo do limiar da dignidade<\/p><\/blockquote>\n\n\n\n<p><strong>Cando comezaches a\nescribir?<\/strong><\/p>\n\n\n\n<blockquote class=\"wp-block-quote is-layout-flow wp-block-quote-is-layout-flow\"><p>Xa cando estaba na escola<\/p><\/blockquote>\n\n\n\n<p><strong>A que escola \u00edas?<\/strong><\/p>\n\n\n\n<blockquote class=\"wp-block-quote is-layout-flow wp-block-quote-is-layout-flow\"><p>\u00c1 de Don Sabino<\/p><\/blockquote>\n\n\n\n<p><strong>E que recordos tes desa\netapa tan importante na vida de cada ser humano?<\/strong><\/p>\n\n\n\n<blockquote class=\"wp-block-quote is-layout-flow wp-block-quote-is-layout-flow\"><p>Bastante pobres a verdade. Case todos os mestres estaban cortados polo mesmo patr\u00f3n, o da t\u00edpica escola do nacional catolicismo espa\u00f1ol, e moi poucos ensinaban de maneira diferente<\/p><\/blockquote>\n\n\n\n<p><strong>Comezaches a escribir\nna escola, e despois?<\/strong><\/p>\n\n\n\n<blockquote class=\"wp-block-quote is-layout-flow wp-block-quote-is-layout-flow\"><p>Despois comecei a colaborar nos libros de festas, e revistas de literatura. E cando tiven ocasi\u00f3n de publicar algo xa o publiquei<\/p><\/blockquote>\n\n\n\n<p><strong>Cal foi o primeiro que\npublicaches?<\/strong><\/p>\n\n\n\n<blockquote class=\"wp-block-quote is-layout-flow wp-block-quote-is-layout-flow\"><p>O primeiro libro que publiquei ch\u00e1mase \u201cLexan\u00edas\u201d<\/p><\/blockquote>\n\n\n\n<p><strong>Ti publicas en galego e\ntam\u00e9n en espa\u00f1ol verdade?<\/strong><\/p>\n\n\n\n<blockquote class=\"wp-block-quote is-layout-flow wp-block-quote-is-layout-flow\"><p>Si, eu en EEUU colaboro con moitos poetas hispanos, de diversos pa\u00edses de Am\u00e9rica e todo o que fago con eles \u00e9 en espa\u00f1ol<\/p><\/blockquote>\n\n\n\n<p><strong>Cantos libros tes\npublicados?<\/strong><\/p>\n\n\n\n<blockquote class=\"wp-block-quote is-layout-flow wp-block-quote-is-layout-flow\"><p>Pois non o sei con seguridade, entre doce quince, calculo eu<\/p><\/blockquote>\n\n\n\n<p><strong>P\u00f3dese vivir da\nliteratura?<\/strong><\/p>\n\n\n\n<blockquote class=\"wp-block-quote is-layout-flow wp-block-quote-is-layout-flow\"><p>Non, de ningunha maneira. F\u00edxate ,hai editoriais que para publicar p\u00eddenche importantes cantidades de di\u00f1eiro para facelo<\/p><\/blockquote>\n\n\n\n<p><strong>\u00c1 hora de decidir,\nunha editorial, se publica ou non, prima calidade que puidese ter o\nmanuscrito potencialmente publicable ou os criterios comerciais?<\/strong><\/p>\n\n\n\n<blockquote class=\"wp-block-quote is-layout-flow wp-block-quote-is-layout-flow\"><p>Os criterios comerciais son os que mandan.<\/p><\/blockquote>\n\n\n\n<p><strong>Que est\u00e1s a facer na\nactualidade?<\/strong><\/p>\n\n\n\n<blockquote class=\"wp-block-quote is-layout-flow wp-block-quote-is-layout-flow\"><p>A verdade non paro de facer cousas. O \u00faltimo que fixen foi unha mostra de poetas espa\u00f1ois en New York que foi constru\u00edda sobre un verso de Garc\u00eda Lorca<\/p><\/blockquote>\n\n\n\n<p><strong>Que verso?<\/strong><\/p>\n\n\n\n<blockquote class=\"wp-block-quote is-layout-flow wp-block-quote-is-layout-flow\"><p>\u201cLuna y panorama sobre los rascacielos<strong>\u201d<\/strong><\/p><\/blockquote>\n\n\n\n<p><strong>De \u201cPoeta en Nueva\nYork\u201d non?<\/strong><\/p>\n\n\n\n<blockquote class=\"wp-block-quote is-layout-flow wp-block-quote-is-layout-flow\"><p>Si, e foi financiado polo consulado de Espa\u00f1a. Non foi unha edici\u00f3n comercial, pero \u00e9 posible que as\u00ed se edite o pr\u00f3ximo ano<\/p><\/blockquote>\n\n\n\n<p><strong>Cando volves a New\nYork, koki?<\/strong><\/p>\n\n\n\n<blockquote class=\"wp-block-quote is-layout-flow wp-block-quote-is-layout-flow\"><p>Como cada ano, volverei en xaneiro. Te\u00f1o lecturas diversas, e asemade este ano irei por vez primeira a Cuba, a un festival de poes\u00eda chamado \u201cLa Isla en Verso\u201d<\/p><\/blockquote>\n\n\n\n<p><strong>Caramba, que\ninteresante, agardo que nos mandes algunha cr\u00f3nica desde Cuba?<\/strong><\/p>\n\n\n\n<blockquote class=\"wp-block-quote is-layout-flow wp-block-quote-is-layout-flow\"><p>Que menos que unha entrevista con Ra\u00fal  Castro<\/p><\/blockquote>\n\n\n\n<p><strong>Ha\nha ha, t\u00f3moche a palabra. Rematamos esta interesant\u00edsima conversa,\nKoki, ped\u00edndoche unha valoraci\u00f3n sobre a situaci\u00f3n cultural e\npol\u00edtica de A Guarda?<\/strong><\/p>\n\n\n\n<blockquote class=\"wp-block-quote is-layout-flow wp-block-quote-is-layout-flow\"><p>No noso pobo hai moita xente con potencial, capacidade e ilusi\u00f3n por facer cousas que non te\u00f1en espazo para desenvolver o seu talento, e falo tanto da cultura como do deporte, hai en ambos campos un oco que non se enche. E no que respecta ao aspecto pol\u00edtico estamos a vivir unha agon\u00eda de resistencia, o vento fresco que chegou con ideas novas ao noso pobo, foron enganados e boicoteados, e m\u00e1is que probablemente estes catro anos ser\u00e1n catro anos perdidos. A Guarda ten tantas necesidades&#8230;precisamos que a autov\u00eda chegue ata o noso pobo, non \u00e9 admisible que sexa precisa unha hora de coche para chegar a Vigo, necesitamos unha ponte a Cami\u00f1a para podermos ter vida transfronteiriza&#8230;.<\/p><\/blockquote>\n","protected":false},"excerpt":{"rendered":"<div class=\"mh-excerpt\"><p>KOKI \u00e9 un escritor de A Guarda que vive entre  o seu Salcidos natal e a cidade de New York, \u00e1 que emigrou sendo moi novo, e que que tivo unha importancia superlativa na conformaci\u00f3n do seu substrato art\u00edstico e humano <a class=\"mh-excerpt-more\" href=\"https:\/\/www.anovapeneira.gal\/index.php\/2019\/12\/12\/francisco-alvarez-koki-escritor-galego\/\" title=\"Francisco \u00c1lvarez (Koki) escritor galego\">[&#8230;]<\/a><\/p>\n<\/div>","protected":false},"author":3,"featured_media":1989,"comment_status":"open","ping_status":"open","sticky":false,"template":"","format":"standard","meta":{"_exactmetrics_skip_tracking":false,"_exactmetrics_sitenote_active":false,"_exactmetrics_sitenote_note":"","_exactmetrics_sitenote_category":0,"footnotes":""},"categories":[266],"tags":[238,184],"class_list":{"0":"post-1988","1":"post","2":"type-post","3":"status-publish","4":"format-standard","5":"has-post-thumbnail","7":"category-baixo-mino-entrevistas","8":"tag-concello-da-guarda","9":"tag-francisco-alvarez-koki"},"yoast_head":"<!-- This site is optimized with the Yoast SEO plugin v27.4 - https:\/\/yoast.com\/product\/yoast-seo-wordpress\/ -->\n<title>Francisco \u00c1lvarez (Koki) escritor galego -<\/title>\n<meta name=\"robots\" content=\"index, follow, max-snippet:-1, max-image-preview:large, max-video-preview:-1\" \/>\n<link rel=\"canonical\" href=\"https:\/\/www.anovapeneira.gal\/index.php\/2019\/12\/12\/francisco-alvarez-koki-escritor-galego\/\" \/>\n<meta property=\"og:locale\" content=\"gl_ES\" \/>\n<meta property=\"og:type\" content=\"article\" \/>\n<meta property=\"og:title\" content=\"Francisco \u00c1lvarez (Koki) escritor galego -\" \/>\n<meta property=\"og:description\" content=\"KOKI \u00e9 un escritor de A Guarda que vive entre o seu Salcidos natal e a cidade de New York, \u00e1 que emigrou sendo moi novo, e que que tivo unha importancia superlativa na conformaci\u00f3n do seu substrato art\u00edstico e humano [...]\" \/>\n<meta property=\"og:url\" content=\"https:\/\/www.anovapeneira.gal\/index.php\/2019\/12\/12\/francisco-alvarez-koki-escritor-galego\/\" \/>\n<meta property=\"article:publisher\" content=\"https:\/\/www.facebook.com\/anovapeneira\" \/>\n<meta property=\"article:published_time\" content=\"2019-12-12T09:00:00+00:00\" \/>\n<meta property=\"og:image\" content=\"https:\/\/www.anovapeneira.gal\/wp-content\/uploads\/2019\/12\/KOKI_A_GUARDA_a_nova_peneira.jpg\" \/>\n\t<meta property=\"og:image:width\" content=\"720\" \/>\n\t<meta property=\"og:image:height\" content=\"432\" \/>\n\t<meta property=\"og:image:type\" content=\"image\/jpeg\" \/>\n<meta name=\"author\" content=\"Redacci\u00f3n A Nova Peneira\" \/>\n<meta name=\"twitter:card\" content=\"summary_large_image\" \/>\n<meta name=\"twitter:creator\" content=\"@APeneira\" \/>\n<meta name=\"twitter:site\" content=\"@APeneira\" \/>\n<meta name=\"twitter:label1\" content=\"Escrito por\" \/>\n\t<meta name=\"twitter:data1\" content=\"Redacci\u00f3n A Nova Peneira\" \/>\n\t<meta name=\"twitter:label2\" content=\"Tempo de lectura\" \/>\n\t<meta name=\"twitter:data2\" content=\"5 minutos\" \/>\n<script type=\"application\/ld+json\" class=\"yoast-schema-graph\">{\"@context\":\"https:\\\/\\\/schema.org\",\"@graph\":[{\"@type\":\"Article\",\"@id\":\"https:\\\/\\\/www.anovapeneira.gal\\\/index.php\\\/2019\\\/12\\\/12\\\/francisco-alvarez-koki-escritor-galego\\\/#article\",\"isPartOf\":{\"@id\":\"https:\\\/\\\/www.anovapeneira.gal\\\/index.php\\\/2019\\\/12\\\/12\\\/francisco-alvarez-koki-escritor-galego\\\/\"},\"author\":{\"name\":\"Redacci\u00f3n A Nova Peneira\",\"@id\":\"https:\\\/\\\/www.anovapeneira.gal\\\/#\\\/schema\\\/person\\\/b93e3f8932e3f8da96334607eb6ac6aa\"},\"headline\":\"Francisco \u00c1lvarez (Koki) escritor galego\",\"datePublished\":\"2019-12-12T09:00:00+00:00\",\"mainEntityOfPage\":{\"@id\":\"https:\\\/\\\/www.anovapeneira.gal\\\/index.php\\\/2019\\\/12\\\/12\\\/francisco-alvarez-koki-escritor-galego\\\/\"},\"wordCount\":969,\"commentCount\":0,\"publisher\":{\"@id\":\"https:\\\/\\\/www.anovapeneira.gal\\\/#organization\"},\"image\":{\"@id\":\"https:\\\/\\\/www.anovapeneira.gal\\\/index.php\\\/2019\\\/12\\\/12\\\/francisco-alvarez-koki-escritor-galego\\\/#primaryimage\"},\"thumbnailUrl\":\"https:\\\/\\\/www.anovapeneira.gal\\\/wp-content\\\/uploads\\\/2019\\\/12\\\/KOKI_A_GUARDA_a_nova_peneira.jpg\",\"keywords\":[\"Concello da Guarda\",\"Francisco \u00c1lvarez Koki\"],\"articleSection\":[\"Baixo Mi\u00f1o\"],\"inLanguage\":\"gl-ES\",\"potentialAction\":[{\"@type\":\"CommentAction\",\"name\":\"Comment\",\"target\":[\"https:\\\/\\\/www.anovapeneira.gal\\\/index.php\\\/2019\\\/12\\\/12\\\/francisco-alvarez-koki-escritor-galego\\\/#respond\"]}]},{\"@type\":\"WebPage\",\"@id\":\"https:\\\/\\\/www.anovapeneira.gal\\\/index.php\\\/2019\\\/12\\\/12\\\/francisco-alvarez-koki-escritor-galego\\\/\",\"url\":\"https:\\\/\\\/www.anovapeneira.gal\\\/index.php\\\/2019\\\/12\\\/12\\\/francisco-alvarez-koki-escritor-galego\\\/\",\"name\":\"Francisco \u00c1lvarez (Koki) escritor galego -\",\"isPartOf\":{\"@id\":\"https:\\\/\\\/www.anovapeneira.gal\\\/#website\"},\"primaryImageOfPage\":{\"@id\":\"https:\\\/\\\/www.anovapeneira.gal\\\/index.php\\\/2019\\\/12\\\/12\\\/francisco-alvarez-koki-escritor-galego\\\/#primaryimage\"},\"image\":{\"@id\":\"https:\\\/\\\/www.anovapeneira.gal\\\/index.php\\\/2019\\\/12\\\/12\\\/francisco-alvarez-koki-escritor-galego\\\/#primaryimage\"},\"thumbnailUrl\":\"https:\\\/\\\/www.anovapeneira.gal\\\/wp-content\\\/uploads\\\/2019\\\/12\\\/KOKI_A_GUARDA_a_nova_peneira.jpg\",\"datePublished\":\"2019-12-12T09:00:00+00:00\",\"breadcrumb\":{\"@id\":\"https:\\\/\\\/www.anovapeneira.gal\\\/index.php\\\/2019\\\/12\\\/12\\\/francisco-alvarez-koki-escritor-galego\\\/#breadcrumb\"},\"inLanguage\":\"gl-ES\",\"potentialAction\":[{\"@type\":\"ReadAction\",\"target\":[\"https:\\\/\\\/www.anovapeneira.gal\\\/index.php\\\/2019\\\/12\\\/12\\\/francisco-alvarez-koki-escritor-galego\\\/\"]}]},{\"@type\":\"ImageObject\",\"inLanguage\":\"gl-ES\",\"@id\":\"https:\\\/\\\/www.anovapeneira.gal\\\/index.php\\\/2019\\\/12\\\/12\\\/francisco-alvarez-koki-escritor-galego\\\/#primaryimage\",\"url\":\"https:\\\/\\\/www.anovapeneira.gal\\\/wp-content\\\/uploads\\\/2019\\\/12\\\/KOKI_A_GUARDA_a_nova_peneira.jpg\",\"contentUrl\":\"https:\\\/\\\/www.anovapeneira.gal\\\/wp-content\\\/uploads\\\/2019\\\/12\\\/KOKI_A_GUARDA_a_nova_peneira.jpg\",\"width\":720,\"height\":432,\"caption\":\"Francisco \u00c1lvarez KoKi A Nova Peneira\"},{\"@type\":\"BreadcrumbList\",\"@id\":\"https:\\\/\\\/www.anovapeneira.gal\\\/index.php\\\/2019\\\/12\\\/12\\\/francisco-alvarez-koki-escritor-galego\\\/#breadcrumb\",\"itemListElement\":[{\"@type\":\"ListItem\",\"position\":1,\"name\":\"Portada\",\"item\":\"https:\\\/\\\/www.anovapeneira.gal\\\/\"},{\"@type\":\"ListItem\",\"position\":2,\"name\":\"Francisco \u00c1lvarez (Koki) escritor galego\"}]},{\"@type\":\"WebSite\",\"@id\":\"https:\\\/\\\/www.anovapeneira.gal\\\/#website\",\"url\":\"https:\\\/\\\/www.anovapeneira.gal\\\/\",\"name\":\"\",\"description\":\"Xornal galego de informaci\u00f3n xeral Publicaci\u00f3n mensual de novas de Galicia e en especial dos Concellos da sur da provincia de Pontevedra.\",\"publisher\":{\"@id\":\"https:\\\/\\\/www.anovapeneira.gal\\\/#organization\"},\"potentialAction\":[{\"@type\":\"SearchAction\",\"target\":{\"@type\":\"EntryPoint\",\"urlTemplate\":\"https:\\\/\\\/www.anovapeneira.gal\\\/?s={search_term_string}\"},\"query-input\":{\"@type\":\"PropertyValueSpecification\",\"valueRequired\":true,\"valueName\":\"search_term_string\"}}],\"inLanguage\":\"gl-ES\"},{\"@type\":\"Organization\",\"@id\":\"https:\\\/\\\/www.anovapeneira.gal\\\/#organization\",\"name\":\"A Nova Peneira\",\"url\":\"https:\\\/\\\/www.anovapeneira.gal\\\/\",\"logo\":{\"@type\":\"ImageObject\",\"inLanguage\":\"gl-ES\",\"@id\":\"https:\\\/\\\/www.anovapeneira.gal\\\/#\\\/schema\\\/logo\\\/image\\\/\",\"url\":\"http:\\\/\\\/www.anovapeneira.gal\\\/wp-content\\\/uploads\\\/2019\\\/06\\\/logo_a_nova_peneira_portal_web.png\",\"contentUrl\":\"http:\\\/\\\/www.anovapeneira.gal\\\/wp-content\\\/uploads\\\/2019\\\/06\\\/logo_a_nova_peneira_portal_web.png\",\"width\":300,\"height\":100,\"caption\":\"A Nova Peneira\"},\"image\":{\"@id\":\"https:\\\/\\\/www.anovapeneira.gal\\\/#\\\/schema\\\/logo\\\/image\\\/\"},\"sameAs\":[\"https:\\\/\\\/www.facebook.com\\\/anovapeneira\",\"https:\\\/\\\/x.com\\\/APeneira\"]},{\"@type\":\"Person\",\"@id\":\"https:\\\/\\\/www.anovapeneira.gal\\\/#\\\/schema\\\/person\\\/b93e3f8932e3f8da96334607eb6ac6aa\",\"name\":\"Redacci\u00f3n A Nova Peneira\",\"image\":{\"@type\":\"ImageObject\",\"inLanguage\":\"gl-ES\",\"@id\":\"https:\\\/\\\/secure.gravatar.com\\\/avatar\\\/c052a2551a06e23fac63626232eaa90abd78dbcf1700fc46a2b2c89fd27b735f?s=96&d=mm&r=g\",\"url\":\"https:\\\/\\\/secure.gravatar.com\\\/avatar\\\/c052a2551a06e23fac63626232eaa90abd78dbcf1700fc46a2b2c89fd27b735f?s=96&d=mm&r=g\",\"contentUrl\":\"https:\\\/\\\/secure.gravatar.com\\\/avatar\\\/c052a2551a06e23fac63626232eaa90abd78dbcf1700fc46a2b2c89fd27b735f?s=96&d=mm&r=g\",\"caption\":\"Redacci\u00f3n A Nova Peneira\"},\"sameAs\":[\"http:\\\/\\\/www.anovapeneira.gal\\\/\"],\"url\":\"https:\\\/\\\/www.anovapeneira.gal\\\/index.php\\\/author\\\/redactor\\\/\"}]}<\/script>\n<!-- \/ Yoast SEO plugin. -->","yoast_head_json":{"title":"Francisco \u00c1lvarez (Koki) escritor galego -","robots":{"index":"index","follow":"follow","max-snippet":"max-snippet:-1","max-image-preview":"max-image-preview:large","max-video-preview":"max-video-preview:-1"},"canonical":"https:\/\/www.anovapeneira.gal\/index.php\/2019\/12\/12\/francisco-alvarez-koki-escritor-galego\/","og_locale":"gl_ES","og_type":"article","og_title":"Francisco \u00c1lvarez (Koki) escritor galego -","og_description":"KOKI \u00e9 un escritor de A Guarda que vive entre o seu Salcidos natal e a cidade de New York, \u00e1 que emigrou sendo moi novo, e que que tivo unha importancia superlativa na conformaci\u00f3n do seu substrato art\u00edstico e humano [...]","og_url":"https:\/\/www.anovapeneira.gal\/index.php\/2019\/12\/12\/francisco-alvarez-koki-escritor-galego\/","article_publisher":"https:\/\/www.facebook.com\/anovapeneira","article_published_time":"2019-12-12T09:00:00+00:00","og_image":[{"width":720,"height":432,"url":"https:\/\/www.anovapeneira.gal\/wp-content\/uploads\/2019\/12\/KOKI_A_GUARDA_a_nova_peneira.jpg","type":"image\/jpeg"}],"author":"Redacci\u00f3n A Nova Peneira","twitter_card":"summary_large_image","twitter_creator":"@APeneira","twitter_site":"@APeneira","twitter_misc":{"Escrito por":"Redacci\u00f3n A Nova Peneira","Tempo de lectura":"5 minutos"},"schema":{"@context":"https:\/\/schema.org","@graph":[{"@type":"Article","@id":"https:\/\/www.anovapeneira.gal\/index.php\/2019\/12\/12\/francisco-alvarez-koki-escritor-galego\/#article","isPartOf":{"@id":"https:\/\/www.anovapeneira.gal\/index.php\/2019\/12\/12\/francisco-alvarez-koki-escritor-galego\/"},"author":{"name":"Redacci\u00f3n A Nova Peneira","@id":"https:\/\/www.anovapeneira.gal\/#\/schema\/person\/b93e3f8932e3f8da96334607eb6ac6aa"},"headline":"Francisco \u00c1lvarez (Koki) escritor galego","datePublished":"2019-12-12T09:00:00+00:00","mainEntityOfPage":{"@id":"https:\/\/www.anovapeneira.gal\/index.php\/2019\/12\/12\/francisco-alvarez-koki-escritor-galego\/"},"wordCount":969,"commentCount":0,"publisher":{"@id":"https:\/\/www.anovapeneira.gal\/#organization"},"image":{"@id":"https:\/\/www.anovapeneira.gal\/index.php\/2019\/12\/12\/francisco-alvarez-koki-escritor-galego\/#primaryimage"},"thumbnailUrl":"https:\/\/www.anovapeneira.gal\/wp-content\/uploads\/2019\/12\/KOKI_A_GUARDA_a_nova_peneira.jpg","keywords":["Concello da Guarda","Francisco \u00c1lvarez Koki"],"articleSection":["Baixo Mi\u00f1o"],"inLanguage":"gl-ES","potentialAction":[{"@type":"CommentAction","name":"Comment","target":["https:\/\/www.anovapeneira.gal\/index.php\/2019\/12\/12\/francisco-alvarez-koki-escritor-galego\/#respond"]}]},{"@type":"WebPage","@id":"https:\/\/www.anovapeneira.gal\/index.php\/2019\/12\/12\/francisco-alvarez-koki-escritor-galego\/","url":"https:\/\/www.anovapeneira.gal\/index.php\/2019\/12\/12\/francisco-alvarez-koki-escritor-galego\/","name":"Francisco \u00c1lvarez (Koki) escritor galego -","isPartOf":{"@id":"https:\/\/www.anovapeneira.gal\/#website"},"primaryImageOfPage":{"@id":"https:\/\/www.anovapeneira.gal\/index.php\/2019\/12\/12\/francisco-alvarez-koki-escritor-galego\/#primaryimage"},"image":{"@id":"https:\/\/www.anovapeneira.gal\/index.php\/2019\/12\/12\/francisco-alvarez-koki-escritor-galego\/#primaryimage"},"thumbnailUrl":"https:\/\/www.anovapeneira.gal\/wp-content\/uploads\/2019\/12\/KOKI_A_GUARDA_a_nova_peneira.jpg","datePublished":"2019-12-12T09:00:00+00:00","breadcrumb":{"@id":"https:\/\/www.anovapeneira.gal\/index.php\/2019\/12\/12\/francisco-alvarez-koki-escritor-galego\/#breadcrumb"},"inLanguage":"gl-ES","potentialAction":[{"@type":"ReadAction","target":["https:\/\/www.anovapeneira.gal\/index.php\/2019\/12\/12\/francisco-alvarez-koki-escritor-galego\/"]}]},{"@type":"ImageObject","inLanguage":"gl-ES","@id":"https:\/\/www.anovapeneira.gal\/index.php\/2019\/12\/12\/francisco-alvarez-koki-escritor-galego\/#primaryimage","url":"https:\/\/www.anovapeneira.gal\/wp-content\/uploads\/2019\/12\/KOKI_A_GUARDA_a_nova_peneira.jpg","contentUrl":"https:\/\/www.anovapeneira.gal\/wp-content\/uploads\/2019\/12\/KOKI_A_GUARDA_a_nova_peneira.jpg","width":720,"height":432,"caption":"Francisco \u00c1lvarez KoKi A Nova Peneira"},{"@type":"BreadcrumbList","@id":"https:\/\/www.anovapeneira.gal\/index.php\/2019\/12\/12\/francisco-alvarez-koki-escritor-galego\/#breadcrumb","itemListElement":[{"@type":"ListItem","position":1,"name":"Portada","item":"https:\/\/www.anovapeneira.gal\/"},{"@type":"ListItem","position":2,"name":"Francisco \u00c1lvarez (Koki) escritor galego"}]},{"@type":"WebSite","@id":"https:\/\/www.anovapeneira.gal\/#website","url":"https:\/\/www.anovapeneira.gal\/","name":"","description":"Xornal galego de informaci\u00f3n xeral Publicaci\u00f3n mensual de novas de Galicia e en especial dos Concellos da sur da provincia de Pontevedra.","publisher":{"@id":"https:\/\/www.anovapeneira.gal\/#organization"},"potentialAction":[{"@type":"SearchAction","target":{"@type":"EntryPoint","urlTemplate":"https:\/\/www.anovapeneira.gal\/?s={search_term_string}"},"query-input":{"@type":"PropertyValueSpecification","valueRequired":true,"valueName":"search_term_string"}}],"inLanguage":"gl-ES"},{"@type":"Organization","@id":"https:\/\/www.anovapeneira.gal\/#organization","name":"A Nova Peneira","url":"https:\/\/www.anovapeneira.gal\/","logo":{"@type":"ImageObject","inLanguage":"gl-ES","@id":"https:\/\/www.anovapeneira.gal\/#\/schema\/logo\/image\/","url":"http:\/\/www.anovapeneira.gal\/wp-content\/uploads\/2019\/06\/logo_a_nova_peneira_portal_web.png","contentUrl":"http:\/\/www.anovapeneira.gal\/wp-content\/uploads\/2019\/06\/logo_a_nova_peneira_portal_web.png","width":300,"height":100,"caption":"A Nova Peneira"},"image":{"@id":"https:\/\/www.anovapeneira.gal\/#\/schema\/logo\/image\/"},"sameAs":["https:\/\/www.facebook.com\/anovapeneira","https:\/\/x.com\/APeneira"]},{"@type":"Person","@id":"https:\/\/www.anovapeneira.gal\/#\/schema\/person\/b93e3f8932e3f8da96334607eb6ac6aa","name":"Redacci\u00f3n A Nova Peneira","image":{"@type":"ImageObject","inLanguage":"gl-ES","@id":"https:\/\/secure.gravatar.com\/avatar\/c052a2551a06e23fac63626232eaa90abd78dbcf1700fc46a2b2c89fd27b735f?s=96&d=mm&r=g","url":"https:\/\/secure.gravatar.com\/avatar\/c052a2551a06e23fac63626232eaa90abd78dbcf1700fc46a2b2c89fd27b735f?s=96&d=mm&r=g","contentUrl":"https:\/\/secure.gravatar.com\/avatar\/c052a2551a06e23fac63626232eaa90abd78dbcf1700fc46a2b2c89fd27b735f?s=96&d=mm&r=g","caption":"Redacci\u00f3n A Nova Peneira"},"sameAs":["http:\/\/www.anovapeneira.gal\/"],"url":"https:\/\/www.anovapeneira.gal\/index.php\/author\/redactor\/"}]}},"jetpack_featured_media_url":"https:\/\/www.anovapeneira.gal\/wp-content\/uploads\/2019\/12\/KOKI_A_GUARDA_a_nova_peneira.jpg","_links":{"self":[{"href":"https:\/\/www.anovapeneira.gal\/index.php\/wp-json\/wp\/v2\/posts\/1988","targetHints":{"allow":["GET"]}}],"collection":[{"href":"https:\/\/www.anovapeneira.gal\/index.php\/wp-json\/wp\/v2\/posts"}],"about":[{"href":"https:\/\/www.anovapeneira.gal\/index.php\/wp-json\/wp\/v2\/types\/post"}],"author":[{"embeddable":true,"href":"https:\/\/www.anovapeneira.gal\/index.php\/wp-json\/wp\/v2\/users\/3"}],"replies":[{"embeddable":true,"href":"https:\/\/www.anovapeneira.gal\/index.php\/wp-json\/wp\/v2\/comments?post=1988"}],"version-history":[{"count":1,"href":"https:\/\/www.anovapeneira.gal\/index.php\/wp-json\/wp\/v2\/posts\/1988\/revisions"}],"predecessor-version":[{"id":1990,"href":"https:\/\/www.anovapeneira.gal\/index.php\/wp-json\/wp\/v2\/posts\/1988\/revisions\/1990"}],"wp:featuredmedia":[{"embeddable":true,"href":"https:\/\/www.anovapeneira.gal\/index.php\/wp-json\/wp\/v2\/media\/1989"}],"wp:attachment":[{"href":"https:\/\/www.anovapeneira.gal\/index.php\/wp-json\/wp\/v2\/media?parent=1988"}],"wp:term":[{"taxonomy":"category","embeddable":true,"href":"https:\/\/www.anovapeneira.gal\/index.php\/wp-json\/wp\/v2\/categories?post=1988"},{"taxonomy":"post_tag","embeddable":true,"href":"https:\/\/www.anovapeneira.gal\/index.php\/wp-json\/wp\/v2\/tags?post=1988"}],"curies":[{"name":"wp","href":"https:\/\/api.w.org\/{rel}","templated":true}]}}