{"id":2002,"date":"2019-12-13T14:00:00","date_gmt":"2019-12-13T13:00:00","guid":{"rendered":"http:\/\/www.anovapeneira.gal\/?p=2002"},"modified":"2019-12-10T21:36:19","modified_gmt":"2019-12-10T20:36:19","slug":"baixo-a-alongada-sombra-da-sospeita","status":"publish","type":"post","link":"https:\/\/www.anovapeneira.gal\/index.php\/2019\/12\/13\/baixo-a-alongada-sombra-da-sospeita\/","title":{"rendered":"Baixo a alongada sombra da sospeita"},"content":{"rendered":"\n<figure class=\"wp-block-image size-large is-resized\"><img loading=\"lazy\" decoding=\"async\" src=\"http:\/\/www.anovapeneira.gal\/wp-content\/uploads\/2019\/12\/cata_bn_tameiga.png\" alt=\"\" class=\"wp-image-2003\" width=\"95\" height=\"111\"\/><figcaption>Catalina Coia Soli\u00f1o | Secretaria da Asociaci\u00f3n Veci\u00f1al da Portela &#8211; Tameiga,\u00a0 integrante da Plataforma A Auga \u00e9 Vida, comuneira de Montes de Tameiga,  ecoloxista en acci\u00f3n e militante Anticapitalistas. <\/figcaption><\/figure>\n\n\n\n<p>A veci\u00f1anza comuneira non defraudou e unha\u00a0 vez m\u00e1is embargoume un forte sentimento de comunidade ao ver despregados, a esquerda e dereita, a centos de camisetas verdes perfilando a estrada de acceso para agasallar cun sonoro recibimento aos concorrentes ao aquelarre urban\u00edstico oficiado por Ar\u00e9valo e Mouri\u00f1o. A masiva presenza da veci\u00f1anza poder\u00eda parecer raz\u00f3n de peso para que a xente de ben se abstivera e recuara, pero a cobiza non ten domicilio fixo e maior\u00eda foi entrando sen reparo a ser c\u00f3mprices do desprop\u00f3sito medioambiental que al\u00ed se estaba xestando. Alg\u00fans estiraban o pescozo aparentando ser importantes pero o seu sorriso nervioso delat\u00e1baos. Outros apuraban o paso coa mirada esquiva. S\u00f3 as de coraz\u00f3n de brea pasaron altivas e indiferentes ao clamor da veci\u00f1anza.\u00a0<\/p>\n\n\n\n<p>&#8220;NIDIA, MOURI\u00d1O, O MONTE \u00c9 DOS VECI\u00d1OS&#8221; centos de gorras un\u00edsonas foron ninguneadas. O tint\u00edneo das moedas nos seus petos \u00e9 o \u00fanico que escoitan os perpetradores desta desfeita ecol\u00f3xica.&nbsp;<br><\/p>\n\n\n\n<p>As artificiosas luces da posta en escena da colocaci\u00f3n da primeira pedra non disiparon as sombras da sospeita, m\u00e1is ben as alongaron ata o t\u00e9trico.&nbsp; A c\u00f3pula entre a ambici\u00f3n e a cobiza s\u00f3 poder\u00eda ter por enxendro esta abominaci\u00f3n. Alg\u00fan destello no dispositivo policial despregado para intimidarnos e ir\u00edan a tomarlle medida das monecas a Nidia e Mouri\u00f1o adiantado as\u00ed o traballo por se cando a Xustiza ditamine resulte que estiveron deixando o mal \u00e1s s\u00faas costas?&nbsp;<br><\/p>\n\n\n\n<p>Como mellorar\u00edan as cousas se a nosa pequena francotiradora social deixara de usar os dedos para sinalar como delincuentes aos veci\u00f1os e veci\u00f1as que loitan polo ben com\u00fan e os empregara para contar os votos das pasadas elecci\u00f3ns municipais agora que insiste en presentalas como un plebiscito sobre o futuro do monte. Porque a pesar de todas as s\u00faas mentiras de pret a-porter, as defensoras dun Mos verde sumaron e suman m\u00e1is apoios que ela. Daquelas s\u00faas rotundas afirmaci\u00f3ns electorais: &#8220;nunca expropiarei&#8221; e &#8220;endexamais se levar\u00e1 a cabo sen o consenso de Tameiga &#8221; s\u00f3 queda a rotundidade, a mesma, pero que agora devora comuneiros con fame atrasada.&nbsp;<br><\/p>\n\n\n\n<p>A s\u00faa parella de baile, o indiano, retornou coa intenci\u00f3n de facer unhas segundas am\u00e9ricas despregando as s\u00faas avezados dotes en misturar o p\u00fablico co privado. Arribou pisando forte, presumindo de primox\u00e9nito do abolengo espoliador e de bruces atopouse portando o sambenito de advenedizo entre a alcurnia aut\u00f3ctona. A Madre Patria \u00e9 coto de caza exclusivo e non hai busssines sen peaxe.&nbsp;<br><\/p>\n\n\n\n<p>Non son capaz de imaxinar aquel momento no que se atoparon por primeira vez Ar\u00e9valo e Mouri\u00f1o sen que o ceo sobre as s\u00faas cabezas non fora esgarrado por un terror\u00edfico arco voltaico. A natureza tivo que alertar do funesto encontro. A realidade \u00e9 m\u00e1is imperceptible, pero estou segura que alomenos houbo un alarido premonitorio na metade desa noite. Quiz\u00e1s non foi m\u00e1is que un de tantos. Quiz\u00e1s a Natureza quedouse af\u00f3nica e languidece inerme ante tanta tropel\u00eda.&nbsp;<br><\/p>\n\n\n\n<p>A natureza vai ter que aprender a confiar de novo na humanidade, alomenos nunha boa parte dela. As comuneiras de Tameiga imos darlle unha proba de vida. Os alicerces entre a veci\u00f1anza comuneira son tan fortes que cando cruzamos a mirada brila un Non Pasar\u00e1n! A nosa alianza coa terra est\u00e1 selada. <\/p>\n","protected":false},"excerpt":{"rendered":"<div class=\"mh-excerpt\"><p>A veci\u00f1anza comuneira non defraudou e unha  vez m\u00e1is embargoume un forte sentimento de comunidade ao ver despregados, a esquerda e dereita, a centos de camisetas verdes perfilando a estrada de acceso <a class=\"mh-excerpt-more\" href=\"https:\/\/www.anovapeneira.gal\/index.php\/2019\/12\/13\/baixo-a-alongada-sombra-da-sospeita\/\" title=\"Baixo a alongada sombra da sospeita\">[&#8230;]<\/a><\/p>\n<\/div>","protected":false},"author":3,"featured_media":2004,"comment_status":"open","ping_status":"open","sticky":false,"template":"","format":"standard","meta":{"_exactmetrics_skip_tracking":false,"_exactmetrics_sitenote_active":false,"_exactmetrics_sitenote_note":"","_exactmetrics_sitenote_category":0,"footnotes":""},"categories":[23],"tags":[561,218,849,848,712],"class_list":{"0":"post-2002","1":"post","2":"type-post","3":"status-publish","4":"format-standard","5":"has-post-thumbnail","7":"category-a-lourina","8":"tag-comunidade-de-montes-de-tameiga","9":"tag-concello-de-mos","10":"tag-mourino","11":"tag-nidia","12":"tag-tameiga"},"yoast_head":"<!-- This site is optimized with the Yoast SEO plugin v27.4 - https:\/\/yoast.com\/product\/yoast-seo-wordpress\/ -->\n<title>Baixo a alongada sombra da sospeita -<\/title>\n<meta name=\"robots\" content=\"index, follow, max-snippet:-1, max-image-preview:large, max-video-preview:-1\" \/>\n<link rel=\"canonical\" href=\"https:\/\/www.anovapeneira.gal\/index.php\/2019\/12\/13\/baixo-a-alongada-sombra-da-sospeita\/\" \/>\n<meta property=\"og:locale\" content=\"gl_ES\" \/>\n<meta property=\"og:type\" content=\"article\" \/>\n<meta property=\"og:title\" content=\"Baixo a alongada sombra da sospeita -\" \/>\n<meta property=\"og:description\" content=\"A veci\u00f1anza comuneira non defraudou e unha vez m\u00e1is embargoume un forte sentimento de comunidade ao ver despregados, a esquerda e dereita, a centos de camisetas verdes perfilando a estrada de acceso [...]\" \/>\n<meta property=\"og:url\" content=\"https:\/\/www.anovapeneira.gal\/index.php\/2019\/12\/13\/baixo-a-alongada-sombra-da-sospeita\/\" \/>\n<meta property=\"article:publisher\" content=\"https:\/\/www.facebook.com\/anovapeneira\" \/>\n<meta property=\"article:published_time\" content=\"2019-12-13T13:00:00+00:00\" \/>\n<meta property=\"og:image\" content=\"https:\/\/www.anovapeneira.gal\/wp-content\/uploads\/2019\/12\/tameiga_mos_a_nova_peneira.jpg\" \/>\n\t<meta property=\"og:image:width\" content=\"720\" \/>\n\t<meta property=\"og:image:height\" content=\"432\" \/>\n\t<meta property=\"og:image:type\" content=\"image\/jpeg\" \/>\n<meta name=\"author\" content=\"Redacci\u00f3n A Nova Peneira\" \/>\n<meta name=\"twitter:card\" content=\"summary_large_image\" \/>\n<meta name=\"twitter:creator\" content=\"@APeneira\" \/>\n<meta name=\"twitter:site\" content=\"@APeneira\" \/>\n<meta name=\"twitter:label1\" content=\"Escrito por\" \/>\n\t<meta name=\"twitter:data1\" content=\"Redacci\u00f3n A Nova Peneira\" \/>\n\t<meta name=\"twitter:label2\" content=\"Tempo de lectura\" \/>\n\t<meta name=\"twitter:data2\" content=\"3 minutos\" \/>\n<script type=\"application\/ld+json\" class=\"yoast-schema-graph\">{\"@context\":\"https:\\\/\\\/schema.org\",\"@graph\":[{\"@type\":\"Article\",\"@id\":\"https:\\\/\\\/www.anovapeneira.gal\\\/index.php\\\/2019\\\/12\\\/13\\\/baixo-a-alongada-sombra-da-sospeita\\\/#article\",\"isPartOf\":{\"@id\":\"https:\\\/\\\/www.anovapeneira.gal\\\/index.php\\\/2019\\\/12\\\/13\\\/baixo-a-alongada-sombra-da-sospeita\\\/\"},\"author\":{\"name\":\"Redacci\u00f3n A Nova Peneira\",\"@id\":\"https:\\\/\\\/www.anovapeneira.gal\\\/#\\\/schema\\\/person\\\/b93e3f8932e3f8da96334607eb6ac6aa\"},\"headline\":\"Baixo a alongada sombra da sospeita\",\"datePublished\":\"2019-12-13T13:00:00+00:00\",\"mainEntityOfPage\":{\"@id\":\"https:\\\/\\\/www.anovapeneira.gal\\\/index.php\\\/2019\\\/12\\\/13\\\/baixo-a-alongada-sombra-da-sospeita\\\/\"},\"wordCount\":631,\"commentCount\":0,\"publisher\":{\"@id\":\"https:\\\/\\\/www.anovapeneira.gal\\\/#organization\"},\"image\":{\"@id\":\"https:\\\/\\\/www.anovapeneira.gal\\\/index.php\\\/2019\\\/12\\\/13\\\/baixo-a-alongada-sombra-da-sospeita\\\/#primaryimage\"},\"thumbnailUrl\":\"https:\\\/\\\/www.anovapeneira.gal\\\/wp-content\\\/uploads\\\/2019\\\/12\\\/tameiga_mos_a_nova_peneira.jpg\",\"keywords\":[\"Comunidade de montes de Tameiga\",\"Concello de Mos\",\"Mouri\u00f1o\",\"Nidia\",\"Tameiga\"],\"articleSection\":[\"A Louri\u00f1a\"],\"inLanguage\":\"gl-ES\",\"potentialAction\":[{\"@type\":\"CommentAction\",\"name\":\"Comment\",\"target\":[\"https:\\\/\\\/www.anovapeneira.gal\\\/index.php\\\/2019\\\/12\\\/13\\\/baixo-a-alongada-sombra-da-sospeita\\\/#respond\"]}]},{\"@type\":\"WebPage\",\"@id\":\"https:\\\/\\\/www.anovapeneira.gal\\\/index.php\\\/2019\\\/12\\\/13\\\/baixo-a-alongada-sombra-da-sospeita\\\/\",\"url\":\"https:\\\/\\\/www.anovapeneira.gal\\\/index.php\\\/2019\\\/12\\\/13\\\/baixo-a-alongada-sombra-da-sospeita\\\/\",\"name\":\"Baixo a alongada sombra da sospeita -\",\"isPartOf\":{\"@id\":\"https:\\\/\\\/www.anovapeneira.gal\\\/#website\"},\"primaryImageOfPage\":{\"@id\":\"https:\\\/\\\/www.anovapeneira.gal\\\/index.php\\\/2019\\\/12\\\/13\\\/baixo-a-alongada-sombra-da-sospeita\\\/#primaryimage\"},\"image\":{\"@id\":\"https:\\\/\\\/www.anovapeneira.gal\\\/index.php\\\/2019\\\/12\\\/13\\\/baixo-a-alongada-sombra-da-sospeita\\\/#primaryimage\"},\"thumbnailUrl\":\"https:\\\/\\\/www.anovapeneira.gal\\\/wp-content\\\/uploads\\\/2019\\\/12\\\/tameiga_mos_a_nova_peneira.jpg\",\"datePublished\":\"2019-12-13T13:00:00+00:00\",\"breadcrumb\":{\"@id\":\"https:\\\/\\\/www.anovapeneira.gal\\\/index.php\\\/2019\\\/12\\\/13\\\/baixo-a-alongada-sombra-da-sospeita\\\/#breadcrumb\"},\"inLanguage\":\"gl-ES\",\"potentialAction\":[{\"@type\":\"ReadAction\",\"target\":[\"https:\\\/\\\/www.anovapeneira.gal\\\/index.php\\\/2019\\\/12\\\/13\\\/baixo-a-alongada-sombra-da-sospeita\\\/\"]}]},{\"@type\":\"ImageObject\",\"inLanguage\":\"gl-ES\",\"@id\":\"https:\\\/\\\/www.anovapeneira.gal\\\/index.php\\\/2019\\\/12\\\/13\\\/baixo-a-alongada-sombra-da-sospeita\\\/#primaryimage\",\"url\":\"https:\\\/\\\/www.anovapeneira.gal\\\/wp-content\\\/uploads\\\/2019\\\/12\\\/tameiga_mos_a_nova_peneira.jpg\",\"contentUrl\":\"https:\\\/\\\/www.anovapeneira.gal\\\/wp-content\\\/uploads\\\/2019\\\/12\\\/tameiga_mos_a_nova_peneira.jpg\",\"width\":720,\"height\":432,\"caption\":\"Montes da Tameiga A Nova Peneira\"},{\"@type\":\"BreadcrumbList\",\"@id\":\"https:\\\/\\\/www.anovapeneira.gal\\\/index.php\\\/2019\\\/12\\\/13\\\/baixo-a-alongada-sombra-da-sospeita\\\/#breadcrumb\",\"itemListElement\":[{\"@type\":\"ListItem\",\"position\":1,\"name\":\"Portada\",\"item\":\"https:\\\/\\\/www.anovapeneira.gal\\\/\"},{\"@type\":\"ListItem\",\"position\":2,\"name\":\"Baixo a alongada sombra da sospeita\"}]},{\"@type\":\"WebSite\",\"@id\":\"https:\\\/\\\/www.anovapeneira.gal\\\/#website\",\"url\":\"https:\\\/\\\/www.anovapeneira.gal\\\/\",\"name\":\"\",\"description\":\"Xornal galego de informaci\u00f3n xeral Publicaci\u00f3n mensual de novas de Galicia e en especial dos Concellos da sur da provincia de Pontevedra.\",\"publisher\":{\"@id\":\"https:\\\/\\\/www.anovapeneira.gal\\\/#organization\"},\"potentialAction\":[{\"@type\":\"SearchAction\",\"target\":{\"@type\":\"EntryPoint\",\"urlTemplate\":\"https:\\\/\\\/www.anovapeneira.gal\\\/?s={search_term_string}\"},\"query-input\":{\"@type\":\"PropertyValueSpecification\",\"valueRequired\":true,\"valueName\":\"search_term_string\"}}],\"inLanguage\":\"gl-ES\"},{\"@type\":\"Organization\",\"@id\":\"https:\\\/\\\/www.anovapeneira.gal\\\/#organization\",\"name\":\"A Nova Peneira\",\"url\":\"https:\\\/\\\/www.anovapeneira.gal\\\/\",\"logo\":{\"@type\":\"ImageObject\",\"inLanguage\":\"gl-ES\",\"@id\":\"https:\\\/\\\/www.anovapeneira.gal\\\/#\\\/schema\\\/logo\\\/image\\\/\",\"url\":\"http:\\\/\\\/www.anovapeneira.gal\\\/wp-content\\\/uploads\\\/2019\\\/06\\\/logo_a_nova_peneira_portal_web.png\",\"contentUrl\":\"http:\\\/\\\/www.anovapeneira.gal\\\/wp-content\\\/uploads\\\/2019\\\/06\\\/logo_a_nova_peneira_portal_web.png\",\"width\":300,\"height\":100,\"caption\":\"A Nova Peneira\"},\"image\":{\"@id\":\"https:\\\/\\\/www.anovapeneira.gal\\\/#\\\/schema\\\/logo\\\/image\\\/\"},\"sameAs\":[\"https:\\\/\\\/www.facebook.com\\\/anovapeneira\",\"https:\\\/\\\/x.com\\\/APeneira\"]},{\"@type\":\"Person\",\"@id\":\"https:\\\/\\\/www.anovapeneira.gal\\\/#\\\/schema\\\/person\\\/b93e3f8932e3f8da96334607eb6ac6aa\",\"name\":\"Redacci\u00f3n A Nova Peneira\",\"image\":{\"@type\":\"ImageObject\",\"inLanguage\":\"gl-ES\",\"@id\":\"https:\\\/\\\/secure.gravatar.com\\\/avatar\\\/c052a2551a06e23fac63626232eaa90abd78dbcf1700fc46a2b2c89fd27b735f?s=96&d=mm&r=g\",\"url\":\"https:\\\/\\\/secure.gravatar.com\\\/avatar\\\/c052a2551a06e23fac63626232eaa90abd78dbcf1700fc46a2b2c89fd27b735f?s=96&d=mm&r=g\",\"contentUrl\":\"https:\\\/\\\/secure.gravatar.com\\\/avatar\\\/c052a2551a06e23fac63626232eaa90abd78dbcf1700fc46a2b2c89fd27b735f?s=96&d=mm&r=g\",\"caption\":\"Redacci\u00f3n A Nova Peneira\"},\"sameAs\":[\"http:\\\/\\\/www.anovapeneira.gal\\\/\"],\"url\":\"https:\\\/\\\/www.anovapeneira.gal\\\/index.php\\\/author\\\/redactor\\\/\"}]}<\/script>\n<!-- \/ Yoast SEO plugin. -->","yoast_head_json":{"title":"Baixo a alongada sombra da sospeita -","robots":{"index":"index","follow":"follow","max-snippet":"max-snippet:-1","max-image-preview":"max-image-preview:large","max-video-preview":"max-video-preview:-1"},"canonical":"https:\/\/www.anovapeneira.gal\/index.php\/2019\/12\/13\/baixo-a-alongada-sombra-da-sospeita\/","og_locale":"gl_ES","og_type":"article","og_title":"Baixo a alongada sombra da sospeita -","og_description":"A veci\u00f1anza comuneira non defraudou e unha vez m\u00e1is embargoume un forte sentimento de comunidade ao ver despregados, a esquerda e dereita, a centos de camisetas verdes perfilando a estrada de acceso [...]","og_url":"https:\/\/www.anovapeneira.gal\/index.php\/2019\/12\/13\/baixo-a-alongada-sombra-da-sospeita\/","article_publisher":"https:\/\/www.facebook.com\/anovapeneira","article_published_time":"2019-12-13T13:00:00+00:00","og_image":[{"width":720,"height":432,"url":"https:\/\/www.anovapeneira.gal\/wp-content\/uploads\/2019\/12\/tameiga_mos_a_nova_peneira.jpg","type":"image\/jpeg"}],"author":"Redacci\u00f3n A Nova Peneira","twitter_card":"summary_large_image","twitter_creator":"@APeneira","twitter_site":"@APeneira","twitter_misc":{"Escrito por":"Redacci\u00f3n A Nova Peneira","Tempo de lectura":"3 minutos"},"schema":{"@context":"https:\/\/schema.org","@graph":[{"@type":"Article","@id":"https:\/\/www.anovapeneira.gal\/index.php\/2019\/12\/13\/baixo-a-alongada-sombra-da-sospeita\/#article","isPartOf":{"@id":"https:\/\/www.anovapeneira.gal\/index.php\/2019\/12\/13\/baixo-a-alongada-sombra-da-sospeita\/"},"author":{"name":"Redacci\u00f3n A Nova Peneira","@id":"https:\/\/www.anovapeneira.gal\/#\/schema\/person\/b93e3f8932e3f8da96334607eb6ac6aa"},"headline":"Baixo a alongada sombra da sospeita","datePublished":"2019-12-13T13:00:00+00:00","mainEntityOfPage":{"@id":"https:\/\/www.anovapeneira.gal\/index.php\/2019\/12\/13\/baixo-a-alongada-sombra-da-sospeita\/"},"wordCount":631,"commentCount":0,"publisher":{"@id":"https:\/\/www.anovapeneira.gal\/#organization"},"image":{"@id":"https:\/\/www.anovapeneira.gal\/index.php\/2019\/12\/13\/baixo-a-alongada-sombra-da-sospeita\/#primaryimage"},"thumbnailUrl":"https:\/\/www.anovapeneira.gal\/wp-content\/uploads\/2019\/12\/tameiga_mos_a_nova_peneira.jpg","keywords":["Comunidade de montes de Tameiga","Concello de Mos","Mouri\u00f1o","Nidia","Tameiga"],"articleSection":["A Louri\u00f1a"],"inLanguage":"gl-ES","potentialAction":[{"@type":"CommentAction","name":"Comment","target":["https:\/\/www.anovapeneira.gal\/index.php\/2019\/12\/13\/baixo-a-alongada-sombra-da-sospeita\/#respond"]}]},{"@type":"WebPage","@id":"https:\/\/www.anovapeneira.gal\/index.php\/2019\/12\/13\/baixo-a-alongada-sombra-da-sospeita\/","url":"https:\/\/www.anovapeneira.gal\/index.php\/2019\/12\/13\/baixo-a-alongada-sombra-da-sospeita\/","name":"Baixo a alongada sombra da sospeita -","isPartOf":{"@id":"https:\/\/www.anovapeneira.gal\/#website"},"primaryImageOfPage":{"@id":"https:\/\/www.anovapeneira.gal\/index.php\/2019\/12\/13\/baixo-a-alongada-sombra-da-sospeita\/#primaryimage"},"image":{"@id":"https:\/\/www.anovapeneira.gal\/index.php\/2019\/12\/13\/baixo-a-alongada-sombra-da-sospeita\/#primaryimage"},"thumbnailUrl":"https:\/\/www.anovapeneira.gal\/wp-content\/uploads\/2019\/12\/tameiga_mos_a_nova_peneira.jpg","datePublished":"2019-12-13T13:00:00+00:00","breadcrumb":{"@id":"https:\/\/www.anovapeneira.gal\/index.php\/2019\/12\/13\/baixo-a-alongada-sombra-da-sospeita\/#breadcrumb"},"inLanguage":"gl-ES","potentialAction":[{"@type":"ReadAction","target":["https:\/\/www.anovapeneira.gal\/index.php\/2019\/12\/13\/baixo-a-alongada-sombra-da-sospeita\/"]}]},{"@type":"ImageObject","inLanguage":"gl-ES","@id":"https:\/\/www.anovapeneira.gal\/index.php\/2019\/12\/13\/baixo-a-alongada-sombra-da-sospeita\/#primaryimage","url":"https:\/\/www.anovapeneira.gal\/wp-content\/uploads\/2019\/12\/tameiga_mos_a_nova_peneira.jpg","contentUrl":"https:\/\/www.anovapeneira.gal\/wp-content\/uploads\/2019\/12\/tameiga_mos_a_nova_peneira.jpg","width":720,"height":432,"caption":"Montes da Tameiga A Nova Peneira"},{"@type":"BreadcrumbList","@id":"https:\/\/www.anovapeneira.gal\/index.php\/2019\/12\/13\/baixo-a-alongada-sombra-da-sospeita\/#breadcrumb","itemListElement":[{"@type":"ListItem","position":1,"name":"Portada","item":"https:\/\/www.anovapeneira.gal\/"},{"@type":"ListItem","position":2,"name":"Baixo a alongada sombra da sospeita"}]},{"@type":"WebSite","@id":"https:\/\/www.anovapeneira.gal\/#website","url":"https:\/\/www.anovapeneira.gal\/","name":"","description":"Xornal galego de informaci\u00f3n xeral Publicaci\u00f3n mensual de novas de Galicia e en especial dos Concellos da sur da provincia de Pontevedra.","publisher":{"@id":"https:\/\/www.anovapeneira.gal\/#organization"},"potentialAction":[{"@type":"SearchAction","target":{"@type":"EntryPoint","urlTemplate":"https:\/\/www.anovapeneira.gal\/?s={search_term_string}"},"query-input":{"@type":"PropertyValueSpecification","valueRequired":true,"valueName":"search_term_string"}}],"inLanguage":"gl-ES"},{"@type":"Organization","@id":"https:\/\/www.anovapeneira.gal\/#organization","name":"A Nova Peneira","url":"https:\/\/www.anovapeneira.gal\/","logo":{"@type":"ImageObject","inLanguage":"gl-ES","@id":"https:\/\/www.anovapeneira.gal\/#\/schema\/logo\/image\/","url":"http:\/\/www.anovapeneira.gal\/wp-content\/uploads\/2019\/06\/logo_a_nova_peneira_portal_web.png","contentUrl":"http:\/\/www.anovapeneira.gal\/wp-content\/uploads\/2019\/06\/logo_a_nova_peneira_portal_web.png","width":300,"height":100,"caption":"A Nova Peneira"},"image":{"@id":"https:\/\/www.anovapeneira.gal\/#\/schema\/logo\/image\/"},"sameAs":["https:\/\/www.facebook.com\/anovapeneira","https:\/\/x.com\/APeneira"]},{"@type":"Person","@id":"https:\/\/www.anovapeneira.gal\/#\/schema\/person\/b93e3f8932e3f8da96334607eb6ac6aa","name":"Redacci\u00f3n A Nova Peneira","image":{"@type":"ImageObject","inLanguage":"gl-ES","@id":"https:\/\/secure.gravatar.com\/avatar\/c052a2551a06e23fac63626232eaa90abd78dbcf1700fc46a2b2c89fd27b735f?s=96&d=mm&r=g","url":"https:\/\/secure.gravatar.com\/avatar\/c052a2551a06e23fac63626232eaa90abd78dbcf1700fc46a2b2c89fd27b735f?s=96&d=mm&r=g","contentUrl":"https:\/\/secure.gravatar.com\/avatar\/c052a2551a06e23fac63626232eaa90abd78dbcf1700fc46a2b2c89fd27b735f?s=96&d=mm&r=g","caption":"Redacci\u00f3n A Nova Peneira"},"sameAs":["http:\/\/www.anovapeneira.gal\/"],"url":"https:\/\/www.anovapeneira.gal\/index.php\/author\/redactor\/"}]}},"jetpack_featured_media_url":"https:\/\/www.anovapeneira.gal\/wp-content\/uploads\/2019\/12\/tameiga_mos_a_nova_peneira.jpg","_links":{"self":[{"href":"https:\/\/www.anovapeneira.gal\/index.php\/wp-json\/wp\/v2\/posts\/2002","targetHints":{"allow":["GET"]}}],"collection":[{"href":"https:\/\/www.anovapeneira.gal\/index.php\/wp-json\/wp\/v2\/posts"}],"about":[{"href":"https:\/\/www.anovapeneira.gal\/index.php\/wp-json\/wp\/v2\/types\/post"}],"author":[{"embeddable":true,"href":"https:\/\/www.anovapeneira.gal\/index.php\/wp-json\/wp\/v2\/users\/3"}],"replies":[{"embeddable":true,"href":"https:\/\/www.anovapeneira.gal\/index.php\/wp-json\/wp\/v2\/comments?post=2002"}],"version-history":[{"count":1,"href":"https:\/\/www.anovapeneira.gal\/index.php\/wp-json\/wp\/v2\/posts\/2002\/revisions"}],"predecessor-version":[{"id":2005,"href":"https:\/\/www.anovapeneira.gal\/index.php\/wp-json\/wp\/v2\/posts\/2002\/revisions\/2005"}],"wp:featuredmedia":[{"embeddable":true,"href":"https:\/\/www.anovapeneira.gal\/index.php\/wp-json\/wp\/v2\/media\/2004"}],"wp:attachment":[{"href":"https:\/\/www.anovapeneira.gal\/index.php\/wp-json\/wp\/v2\/media?parent=2002"}],"wp:term":[{"taxonomy":"category","embeddable":true,"href":"https:\/\/www.anovapeneira.gal\/index.php\/wp-json\/wp\/v2\/categories?post=2002"},{"taxonomy":"post_tag","embeddable":true,"href":"https:\/\/www.anovapeneira.gal\/index.php\/wp-json\/wp\/v2\/tags?post=2002"}],"curies":[{"name":"wp","href":"https:\/\/api.w.org\/{rel}","templated":true}]}}