{"id":2017,"date":"2019-12-16T12:00:24","date_gmt":"2019-12-16T11:00:24","guid":{"rendered":"http:\/\/www.anovapeneira.gal\/?p=2017"},"modified":"2020-01-21T08:53:42","modified_gmt":"2020-01-21T07:53:42","slug":"os-socialistas-de-mos-piden-explicacions-do-motivo-de-non-presentar-a-programacion-cultural-de-mos-na-feira-da-cultura-en-pontevedra-coma-outros-40-concellos","status":"publish","type":"post","link":"https:\/\/www.anovapeneira.gal\/index.php\/2019\/12\/16\/os-socialistas-de-mos-piden-explicacions-do-motivo-de-non-presentar-a-programacion-cultural-de-mos-na-feira-da-cultura-en-pontevedra-coma-outros-40-concellos\/","title":{"rendered":"Os Socialistas de Mos piden explicaci\u00f3ns do motivo de non presentar a programaci\u00f3n cultural de mos na feira da cultura en pontevedra coma outros 40 concellos"},"content":{"rendered":"\n<p>Este mes tivo lugar\nen Pontevedra, coma ven sendo habitual nos \u00faltimos anos, a Culturgal\nque \u00e9 a Feira da Cultura Galega. Esta \u00e9 unha feira na que se\npresenta a oferta cultural de cara o vindeiro ano de Galicia pero\nsobre todo, da provincia de Pontevedra. Tal \u00e9 a magnitude que acadou\nesta feira que acoden diversas administraci\u00f3n p\u00fablicas, editoriais,\nempresas do sector e colectivos da vida cultural pontevedresa.<\/p>\n\n\n\n<p>A Deputaci\u00f3n de\nPontevedra ten un stand propio no que presenta a s\u00faa programaci\u00f3n\npropia pero no que tam\u00e9n convida de forma gratu\u00edta a que formen\nparte os concellos mostrando a s\u00faa. Nesta \u00faltima edici\u00f3n\nparticiparon 40 concellos con micro presentaci\u00f3ns, v\u00eddeos ou\npublicaci\u00f3ns relevantes. O obxectivo \u00e9 que cada concello de a\nco\u00f1ecer a s\u00faa oferta e tam\u00e9n poida obter ideas doutras vilas, e\nas\u00ed o transmitiron dende a administraci\u00f3n provincial.<\/p>\n\n\n\n<p>A voceira do Partido\nSocialista, Victoria Alonso, pide as explicaci\u00f3ns pertinentes do\nmotivo de que Mos non quixese participar nesta feira xa que non hab\u00eda\ntem\u00e1tica acotada. Alonso entende esta como unha maneira de mostrar\nentre os al\u00ed asistentes a actividade do noso concello para atraer\nvisitantes, as\u00ed coma que tilda de inaceptable que se impida a nosa\nvila acceder a este tipo de ofertas que non supor\u00edan gasto econ\u00f3mico\npara o concello. Alonso di que xusto no mes no que se presentan\nnovidades para atraer visitantes a Mos non se queira participar nunha\nactividade gratu\u00edta ca mesma finalidade e engade que so pode deberse\na unha cuesti\u00f3n pol\u00edtica xa que esta medida foi levada a cabo pola\nDeputaci\u00f3n. A voceira socialista incide no feito de que o concello\ndeber\u00eda aproveitar t\u00f3dalas posibilidades que se presenten xa que\ndoutro xeito estar\u00edan actuando dunha maneira partidista. \n<\/p>\n","protected":false},"excerpt":{"rendered":"<div class=\"mh-excerpt\"><p>Este mes tivo lugar en Pontevedra, coma ven sendo habitual nos \u00faltimos anos, a Culturgal que \u00e9 a Feira da Cultura Galega <a class=\"mh-excerpt-more\" href=\"https:\/\/www.anovapeneira.gal\/index.php\/2019\/12\/16\/os-socialistas-de-mos-piden-explicacions-do-motivo-de-non-presentar-a-programacion-cultural-de-mos-na-feira-da-cultura-en-pontevedra-coma-outros-40-concellos\/\" title=\"Os Socialistas de Mos piden explicaci\u00f3ns do motivo de non presentar a programaci\u00f3n cultural de mos na feira da cultura en pontevedra coma outros 40 concellos\">[&#8230;]<\/a><\/p>\n<\/div>","protected":false},"author":3,"featured_media":2018,"comment_status":"open","ping_status":"open","sticky":false,"template":"","format":"standard","meta":{"_exactmetrics_skip_tracking":false,"_exactmetrics_sitenote_active":false,"_exactmetrics_sitenote_note":"","_exactmetrics_sitenote_category":0,"footnotes":""},"categories":[23],"tags":[218,850],"class_list":{"0":"post-2017","1":"post","2":"type-post","3":"status-publish","4":"format-standard","5":"has-post-thumbnail","7":"category-a-lourina","8":"tag-concello-de-mos","9":"tag-culturgal"},"yoast_head":"<!-- This site is optimized with the Yoast SEO plugin v27.4 - https:\/\/yoast.com\/product\/yoast-seo-wordpress\/ -->\n<title>Os Socialistas de Mos piden explicaci\u00f3ns do motivo de non presentar a programaci\u00f3n cultural de mos na feira da cultura en pontevedra coma outros 40 concellos -<\/title>\n<meta name=\"robots\" content=\"index, follow, max-snippet:-1, max-image-preview:large, max-video-preview:-1\" \/>\n<link rel=\"canonical\" href=\"https:\/\/www.anovapeneira.gal\/index.php\/2019\/12\/16\/os-socialistas-de-mos-piden-explicacions-do-motivo-de-non-presentar-a-programacion-cultural-de-mos-na-feira-da-cultura-en-pontevedra-coma-outros-40-concellos\/\" \/>\n<meta property=\"og:locale\" content=\"gl_ES\" \/>\n<meta property=\"og:type\" content=\"article\" \/>\n<meta property=\"og:title\" content=\"Os Socialistas de Mos piden explicaci\u00f3ns do motivo de non presentar a programaci\u00f3n cultural de mos na feira da cultura en pontevedra coma outros 40 concellos -\" \/>\n<meta property=\"og:description\" content=\"Este mes tivo lugar en Pontevedra, coma ven sendo habitual nos \u00faltimos anos, a Culturgal que \u00e9 a Feira da Cultura Galega [...]\" \/>\n<meta property=\"og:url\" content=\"https:\/\/www.anovapeneira.gal\/index.php\/2019\/12\/16\/os-socialistas-de-mos-piden-explicacions-do-motivo-de-non-presentar-a-programacion-cultural-de-mos-na-feira-da-cultura-en-pontevedra-coma-outros-40-concellos\/\" \/>\n<meta property=\"article:publisher\" content=\"https:\/\/www.facebook.com\/anovapeneira\" \/>\n<meta property=\"article:published_time\" content=\"2019-12-16T11:00:24+00:00\" \/>\n<meta property=\"article:modified_time\" content=\"2020-01-21T07:53:42+00:00\" \/>\n<meta property=\"og:image\" content=\"https:\/\/www.anovapeneira.gal\/wp-content\/uploads\/2019\/12\/PSOE_MOS_a_nova_peneira.jpg\" \/>\n\t<meta property=\"og:image:width\" content=\"720\" \/>\n\t<meta property=\"og:image:height\" content=\"432\" \/>\n\t<meta property=\"og:image:type\" content=\"image\/jpeg\" \/>\n<meta name=\"author\" content=\"Redacci\u00f3n A Nova Peneira\" \/>\n<meta name=\"twitter:card\" content=\"summary_large_image\" \/>\n<meta name=\"twitter:creator\" content=\"@APeneira\" \/>\n<meta name=\"twitter:site\" content=\"@APeneira\" \/>\n<meta name=\"twitter:label1\" content=\"Escrito por\" \/>\n\t<meta name=\"twitter:data1\" content=\"Redacci\u00f3n A Nova Peneira\" \/>\n\t<meta name=\"twitter:label2\" content=\"Tempo de lectura\" \/>\n\t<meta name=\"twitter:data2\" content=\"2 minutos\" \/>\n<script type=\"application\/ld+json\" class=\"yoast-schema-graph\">{\"@context\":\"https:\\\/\\\/schema.org\",\"@graph\":[{\"@type\":\"Article\",\"@id\":\"https:\\\/\\\/www.anovapeneira.gal\\\/index.php\\\/2019\\\/12\\\/16\\\/os-socialistas-de-mos-piden-explicacions-do-motivo-de-non-presentar-a-programacion-cultural-de-mos-na-feira-da-cultura-en-pontevedra-coma-outros-40-concellos\\\/#article\",\"isPartOf\":{\"@id\":\"https:\\\/\\\/www.anovapeneira.gal\\\/index.php\\\/2019\\\/12\\\/16\\\/os-socialistas-de-mos-piden-explicacions-do-motivo-de-non-presentar-a-programacion-cultural-de-mos-na-feira-da-cultura-en-pontevedra-coma-outros-40-concellos\\\/\"},\"author\":{\"name\":\"Redacci\u00f3n A Nova Peneira\",\"@id\":\"https:\\\/\\\/www.anovapeneira.gal\\\/#\\\/schema\\\/person\\\/b93e3f8932e3f8da96334607eb6ac6aa\"},\"headline\":\"Os Socialistas de Mos piden explicaci\u00f3ns do motivo de non presentar a programaci\u00f3n cultural de mos na feira da cultura en pontevedra coma outros 40 concellos\",\"datePublished\":\"2019-12-16T11:00:24+00:00\",\"dateModified\":\"2020-01-21T07:53:42+00:00\",\"mainEntityOfPage\":{\"@id\":\"https:\\\/\\\/www.anovapeneira.gal\\\/index.php\\\/2019\\\/12\\\/16\\\/os-socialistas-de-mos-piden-explicacions-do-motivo-de-non-presentar-a-programacion-cultural-de-mos-na-feira-da-cultura-en-pontevedra-coma-outros-40-concellos\\\/\"},\"wordCount\":337,\"commentCount\":0,\"publisher\":{\"@id\":\"https:\\\/\\\/www.anovapeneira.gal\\\/#organization\"},\"image\":{\"@id\":\"https:\\\/\\\/www.anovapeneira.gal\\\/index.php\\\/2019\\\/12\\\/16\\\/os-socialistas-de-mos-piden-explicacions-do-motivo-de-non-presentar-a-programacion-cultural-de-mos-na-feira-da-cultura-en-pontevedra-coma-outros-40-concellos\\\/#primaryimage\"},\"thumbnailUrl\":\"https:\\\/\\\/www.anovapeneira.gal\\\/wp-content\\\/uploads\\\/2019\\\/12\\\/PSOE_MOS_a_nova_peneira.jpg\",\"keywords\":[\"Concello de Mos\",\"Culturgal\"],\"articleSection\":[\"A Louri\u00f1a\"],\"inLanguage\":\"gl-ES\",\"potentialAction\":[{\"@type\":\"CommentAction\",\"name\":\"Comment\",\"target\":[\"https:\\\/\\\/www.anovapeneira.gal\\\/index.php\\\/2019\\\/12\\\/16\\\/os-socialistas-de-mos-piden-explicacions-do-motivo-de-non-presentar-a-programacion-cultural-de-mos-na-feira-da-cultura-en-pontevedra-coma-outros-40-concellos\\\/#respond\"]}]},{\"@type\":\"WebPage\",\"@id\":\"https:\\\/\\\/www.anovapeneira.gal\\\/index.php\\\/2019\\\/12\\\/16\\\/os-socialistas-de-mos-piden-explicacions-do-motivo-de-non-presentar-a-programacion-cultural-de-mos-na-feira-da-cultura-en-pontevedra-coma-outros-40-concellos\\\/\",\"url\":\"https:\\\/\\\/www.anovapeneira.gal\\\/index.php\\\/2019\\\/12\\\/16\\\/os-socialistas-de-mos-piden-explicacions-do-motivo-de-non-presentar-a-programacion-cultural-de-mos-na-feira-da-cultura-en-pontevedra-coma-outros-40-concellos\\\/\",\"name\":\"Os Socialistas de Mos piden explicaci\u00f3ns do motivo de non presentar a programaci\u00f3n cultural de mos na feira da cultura en pontevedra coma outros 40 concellos -\",\"isPartOf\":{\"@id\":\"https:\\\/\\\/www.anovapeneira.gal\\\/#website\"},\"primaryImageOfPage\":{\"@id\":\"https:\\\/\\\/www.anovapeneira.gal\\\/index.php\\\/2019\\\/12\\\/16\\\/os-socialistas-de-mos-piden-explicacions-do-motivo-de-non-presentar-a-programacion-cultural-de-mos-na-feira-da-cultura-en-pontevedra-coma-outros-40-concellos\\\/#primaryimage\"},\"image\":{\"@id\":\"https:\\\/\\\/www.anovapeneira.gal\\\/index.php\\\/2019\\\/12\\\/16\\\/os-socialistas-de-mos-piden-explicacions-do-motivo-de-non-presentar-a-programacion-cultural-de-mos-na-feira-da-cultura-en-pontevedra-coma-outros-40-concellos\\\/#primaryimage\"},\"thumbnailUrl\":\"https:\\\/\\\/www.anovapeneira.gal\\\/wp-content\\\/uploads\\\/2019\\\/12\\\/PSOE_MOS_a_nova_peneira.jpg\",\"datePublished\":\"2019-12-16T11:00:24+00:00\",\"dateModified\":\"2020-01-21T07:53:42+00:00\",\"breadcrumb\":{\"@id\":\"https:\\\/\\\/www.anovapeneira.gal\\\/index.php\\\/2019\\\/12\\\/16\\\/os-socialistas-de-mos-piden-explicacions-do-motivo-de-non-presentar-a-programacion-cultural-de-mos-na-feira-da-cultura-en-pontevedra-coma-outros-40-concellos\\\/#breadcrumb\"},\"inLanguage\":\"gl-ES\",\"potentialAction\":[{\"@type\":\"ReadAction\",\"target\":[\"https:\\\/\\\/www.anovapeneira.gal\\\/index.php\\\/2019\\\/12\\\/16\\\/os-socialistas-de-mos-piden-explicacions-do-motivo-de-non-presentar-a-programacion-cultural-de-mos-na-feira-da-cultura-en-pontevedra-coma-outros-40-concellos\\\/\"]}]},{\"@type\":\"ImageObject\",\"inLanguage\":\"gl-ES\",\"@id\":\"https:\\\/\\\/www.anovapeneira.gal\\\/index.php\\\/2019\\\/12\\\/16\\\/os-socialistas-de-mos-piden-explicacions-do-motivo-de-non-presentar-a-programacion-cultural-de-mos-na-feira-da-cultura-en-pontevedra-coma-outros-40-concellos\\\/#primaryimage\",\"url\":\"https:\\\/\\\/www.anovapeneira.gal\\\/wp-content\\\/uploads\\\/2019\\\/12\\\/PSOE_MOS_a_nova_peneira.jpg\",\"contentUrl\":\"https:\\\/\\\/www.anovapeneira.gal\\\/wp-content\\\/uploads\\\/2019\\\/12\\\/PSOE_MOS_a_nova_peneira.jpg\",\"width\":720,\"height\":432,\"caption\":\"PSOE Mos A Nova Peneira\"},{\"@type\":\"BreadcrumbList\",\"@id\":\"https:\\\/\\\/www.anovapeneira.gal\\\/index.php\\\/2019\\\/12\\\/16\\\/os-socialistas-de-mos-piden-explicacions-do-motivo-de-non-presentar-a-programacion-cultural-de-mos-na-feira-da-cultura-en-pontevedra-coma-outros-40-concellos\\\/#breadcrumb\",\"itemListElement\":[{\"@type\":\"ListItem\",\"position\":1,\"name\":\"Portada\",\"item\":\"https:\\\/\\\/www.anovapeneira.gal\\\/\"},{\"@type\":\"ListItem\",\"position\":2,\"name\":\"Os Socialistas de Mos piden explicaci\u00f3ns do motivo de non presentar a programaci\u00f3n cultural de mos na feira da cultura en pontevedra coma outros 40 concellos\"}]},{\"@type\":\"WebSite\",\"@id\":\"https:\\\/\\\/www.anovapeneira.gal\\\/#website\",\"url\":\"https:\\\/\\\/www.anovapeneira.gal\\\/\",\"name\":\"\",\"description\":\"Xornal galego de informaci\u00f3n xeral Publicaci\u00f3n mensual de novas de Galicia e en especial dos Concellos da sur da provincia de Pontevedra.\",\"publisher\":{\"@id\":\"https:\\\/\\\/www.anovapeneira.gal\\\/#organization\"},\"potentialAction\":[{\"@type\":\"SearchAction\",\"target\":{\"@type\":\"EntryPoint\",\"urlTemplate\":\"https:\\\/\\\/www.anovapeneira.gal\\\/?s={search_term_string}\"},\"query-input\":{\"@type\":\"PropertyValueSpecification\",\"valueRequired\":true,\"valueName\":\"search_term_string\"}}],\"inLanguage\":\"gl-ES\"},{\"@type\":\"Organization\",\"@id\":\"https:\\\/\\\/www.anovapeneira.gal\\\/#organization\",\"name\":\"A Nova Peneira\",\"url\":\"https:\\\/\\\/www.anovapeneira.gal\\\/\",\"logo\":{\"@type\":\"ImageObject\",\"inLanguage\":\"gl-ES\",\"@id\":\"https:\\\/\\\/www.anovapeneira.gal\\\/#\\\/schema\\\/logo\\\/image\\\/\",\"url\":\"http:\\\/\\\/www.anovapeneira.gal\\\/wp-content\\\/uploads\\\/2019\\\/06\\\/logo_a_nova_peneira_portal_web.png\",\"contentUrl\":\"http:\\\/\\\/www.anovapeneira.gal\\\/wp-content\\\/uploads\\\/2019\\\/06\\\/logo_a_nova_peneira_portal_web.png\",\"width\":300,\"height\":100,\"caption\":\"A Nova Peneira\"},\"image\":{\"@id\":\"https:\\\/\\\/www.anovapeneira.gal\\\/#\\\/schema\\\/logo\\\/image\\\/\"},\"sameAs\":[\"https:\\\/\\\/www.facebook.com\\\/anovapeneira\",\"https:\\\/\\\/x.com\\\/APeneira\"]},{\"@type\":\"Person\",\"@id\":\"https:\\\/\\\/www.anovapeneira.gal\\\/#\\\/schema\\\/person\\\/b93e3f8932e3f8da96334607eb6ac6aa\",\"name\":\"Redacci\u00f3n A Nova Peneira\",\"image\":{\"@type\":\"ImageObject\",\"inLanguage\":\"gl-ES\",\"@id\":\"https:\\\/\\\/secure.gravatar.com\\\/avatar\\\/c052a2551a06e23fac63626232eaa90abd78dbcf1700fc46a2b2c89fd27b735f?s=96&d=mm&r=g\",\"url\":\"https:\\\/\\\/secure.gravatar.com\\\/avatar\\\/c052a2551a06e23fac63626232eaa90abd78dbcf1700fc46a2b2c89fd27b735f?s=96&d=mm&r=g\",\"contentUrl\":\"https:\\\/\\\/secure.gravatar.com\\\/avatar\\\/c052a2551a06e23fac63626232eaa90abd78dbcf1700fc46a2b2c89fd27b735f?s=96&d=mm&r=g\",\"caption\":\"Redacci\u00f3n A Nova Peneira\"},\"sameAs\":[\"http:\\\/\\\/www.anovapeneira.gal\\\/\"],\"url\":\"https:\\\/\\\/www.anovapeneira.gal\\\/index.php\\\/author\\\/redactor\\\/\"}]}<\/script>\n<!-- \/ Yoast SEO plugin. -->","yoast_head_json":{"title":"Os Socialistas de Mos piden explicaci\u00f3ns do motivo de non presentar a programaci\u00f3n cultural de mos na feira da cultura en pontevedra coma outros 40 concellos -","robots":{"index":"index","follow":"follow","max-snippet":"max-snippet:-1","max-image-preview":"max-image-preview:large","max-video-preview":"max-video-preview:-1"},"canonical":"https:\/\/www.anovapeneira.gal\/index.php\/2019\/12\/16\/os-socialistas-de-mos-piden-explicacions-do-motivo-de-non-presentar-a-programacion-cultural-de-mos-na-feira-da-cultura-en-pontevedra-coma-outros-40-concellos\/","og_locale":"gl_ES","og_type":"article","og_title":"Os Socialistas de Mos piden explicaci\u00f3ns do motivo de non presentar a programaci\u00f3n cultural de mos na feira da cultura en pontevedra coma outros 40 concellos -","og_description":"Este mes tivo lugar en Pontevedra, coma ven sendo habitual nos \u00faltimos anos, a Culturgal que \u00e9 a Feira da Cultura Galega [...]","og_url":"https:\/\/www.anovapeneira.gal\/index.php\/2019\/12\/16\/os-socialistas-de-mos-piden-explicacions-do-motivo-de-non-presentar-a-programacion-cultural-de-mos-na-feira-da-cultura-en-pontevedra-coma-outros-40-concellos\/","article_publisher":"https:\/\/www.facebook.com\/anovapeneira","article_published_time":"2019-12-16T11:00:24+00:00","article_modified_time":"2020-01-21T07:53:42+00:00","og_image":[{"width":720,"height":432,"url":"https:\/\/www.anovapeneira.gal\/wp-content\/uploads\/2019\/12\/PSOE_MOS_a_nova_peneira.jpg","type":"image\/jpeg"}],"author":"Redacci\u00f3n A Nova Peneira","twitter_card":"summary_large_image","twitter_creator":"@APeneira","twitter_site":"@APeneira","twitter_misc":{"Escrito por":"Redacci\u00f3n A Nova Peneira","Tempo de lectura":"2 minutos"},"schema":{"@context":"https:\/\/schema.org","@graph":[{"@type":"Article","@id":"https:\/\/www.anovapeneira.gal\/index.php\/2019\/12\/16\/os-socialistas-de-mos-piden-explicacions-do-motivo-de-non-presentar-a-programacion-cultural-de-mos-na-feira-da-cultura-en-pontevedra-coma-outros-40-concellos\/#article","isPartOf":{"@id":"https:\/\/www.anovapeneira.gal\/index.php\/2019\/12\/16\/os-socialistas-de-mos-piden-explicacions-do-motivo-de-non-presentar-a-programacion-cultural-de-mos-na-feira-da-cultura-en-pontevedra-coma-outros-40-concellos\/"},"author":{"name":"Redacci\u00f3n A Nova Peneira","@id":"https:\/\/www.anovapeneira.gal\/#\/schema\/person\/b93e3f8932e3f8da96334607eb6ac6aa"},"headline":"Os Socialistas de Mos piden explicaci\u00f3ns do motivo de non presentar a programaci\u00f3n cultural de mos na feira da cultura en pontevedra coma outros 40 concellos","datePublished":"2019-12-16T11:00:24+00:00","dateModified":"2020-01-21T07:53:42+00:00","mainEntityOfPage":{"@id":"https:\/\/www.anovapeneira.gal\/index.php\/2019\/12\/16\/os-socialistas-de-mos-piden-explicacions-do-motivo-de-non-presentar-a-programacion-cultural-de-mos-na-feira-da-cultura-en-pontevedra-coma-outros-40-concellos\/"},"wordCount":337,"commentCount":0,"publisher":{"@id":"https:\/\/www.anovapeneira.gal\/#organization"},"image":{"@id":"https:\/\/www.anovapeneira.gal\/index.php\/2019\/12\/16\/os-socialistas-de-mos-piden-explicacions-do-motivo-de-non-presentar-a-programacion-cultural-de-mos-na-feira-da-cultura-en-pontevedra-coma-outros-40-concellos\/#primaryimage"},"thumbnailUrl":"https:\/\/www.anovapeneira.gal\/wp-content\/uploads\/2019\/12\/PSOE_MOS_a_nova_peneira.jpg","keywords":["Concello de Mos","Culturgal"],"articleSection":["A Louri\u00f1a"],"inLanguage":"gl-ES","potentialAction":[{"@type":"CommentAction","name":"Comment","target":["https:\/\/www.anovapeneira.gal\/index.php\/2019\/12\/16\/os-socialistas-de-mos-piden-explicacions-do-motivo-de-non-presentar-a-programacion-cultural-de-mos-na-feira-da-cultura-en-pontevedra-coma-outros-40-concellos\/#respond"]}]},{"@type":"WebPage","@id":"https:\/\/www.anovapeneira.gal\/index.php\/2019\/12\/16\/os-socialistas-de-mos-piden-explicacions-do-motivo-de-non-presentar-a-programacion-cultural-de-mos-na-feira-da-cultura-en-pontevedra-coma-outros-40-concellos\/","url":"https:\/\/www.anovapeneira.gal\/index.php\/2019\/12\/16\/os-socialistas-de-mos-piden-explicacions-do-motivo-de-non-presentar-a-programacion-cultural-de-mos-na-feira-da-cultura-en-pontevedra-coma-outros-40-concellos\/","name":"Os Socialistas de Mos piden explicaci\u00f3ns do motivo de non presentar a programaci\u00f3n cultural de mos na feira da cultura en pontevedra coma outros 40 concellos -","isPartOf":{"@id":"https:\/\/www.anovapeneira.gal\/#website"},"primaryImageOfPage":{"@id":"https:\/\/www.anovapeneira.gal\/index.php\/2019\/12\/16\/os-socialistas-de-mos-piden-explicacions-do-motivo-de-non-presentar-a-programacion-cultural-de-mos-na-feira-da-cultura-en-pontevedra-coma-outros-40-concellos\/#primaryimage"},"image":{"@id":"https:\/\/www.anovapeneira.gal\/index.php\/2019\/12\/16\/os-socialistas-de-mos-piden-explicacions-do-motivo-de-non-presentar-a-programacion-cultural-de-mos-na-feira-da-cultura-en-pontevedra-coma-outros-40-concellos\/#primaryimage"},"thumbnailUrl":"https:\/\/www.anovapeneira.gal\/wp-content\/uploads\/2019\/12\/PSOE_MOS_a_nova_peneira.jpg","datePublished":"2019-12-16T11:00:24+00:00","dateModified":"2020-01-21T07:53:42+00:00","breadcrumb":{"@id":"https:\/\/www.anovapeneira.gal\/index.php\/2019\/12\/16\/os-socialistas-de-mos-piden-explicacions-do-motivo-de-non-presentar-a-programacion-cultural-de-mos-na-feira-da-cultura-en-pontevedra-coma-outros-40-concellos\/#breadcrumb"},"inLanguage":"gl-ES","potentialAction":[{"@type":"ReadAction","target":["https:\/\/www.anovapeneira.gal\/index.php\/2019\/12\/16\/os-socialistas-de-mos-piden-explicacions-do-motivo-de-non-presentar-a-programacion-cultural-de-mos-na-feira-da-cultura-en-pontevedra-coma-outros-40-concellos\/"]}]},{"@type":"ImageObject","inLanguage":"gl-ES","@id":"https:\/\/www.anovapeneira.gal\/index.php\/2019\/12\/16\/os-socialistas-de-mos-piden-explicacions-do-motivo-de-non-presentar-a-programacion-cultural-de-mos-na-feira-da-cultura-en-pontevedra-coma-outros-40-concellos\/#primaryimage","url":"https:\/\/www.anovapeneira.gal\/wp-content\/uploads\/2019\/12\/PSOE_MOS_a_nova_peneira.jpg","contentUrl":"https:\/\/www.anovapeneira.gal\/wp-content\/uploads\/2019\/12\/PSOE_MOS_a_nova_peneira.jpg","width":720,"height":432,"caption":"PSOE Mos A Nova Peneira"},{"@type":"BreadcrumbList","@id":"https:\/\/www.anovapeneira.gal\/index.php\/2019\/12\/16\/os-socialistas-de-mos-piden-explicacions-do-motivo-de-non-presentar-a-programacion-cultural-de-mos-na-feira-da-cultura-en-pontevedra-coma-outros-40-concellos\/#breadcrumb","itemListElement":[{"@type":"ListItem","position":1,"name":"Portada","item":"https:\/\/www.anovapeneira.gal\/"},{"@type":"ListItem","position":2,"name":"Os Socialistas de Mos piden explicaci\u00f3ns do motivo de non presentar a programaci\u00f3n cultural de mos na feira da cultura en pontevedra coma outros 40 concellos"}]},{"@type":"WebSite","@id":"https:\/\/www.anovapeneira.gal\/#website","url":"https:\/\/www.anovapeneira.gal\/","name":"","description":"Xornal galego de informaci\u00f3n xeral Publicaci\u00f3n mensual de novas de Galicia e en especial dos Concellos da sur da provincia de Pontevedra.","publisher":{"@id":"https:\/\/www.anovapeneira.gal\/#organization"},"potentialAction":[{"@type":"SearchAction","target":{"@type":"EntryPoint","urlTemplate":"https:\/\/www.anovapeneira.gal\/?s={search_term_string}"},"query-input":{"@type":"PropertyValueSpecification","valueRequired":true,"valueName":"search_term_string"}}],"inLanguage":"gl-ES"},{"@type":"Organization","@id":"https:\/\/www.anovapeneira.gal\/#organization","name":"A Nova Peneira","url":"https:\/\/www.anovapeneira.gal\/","logo":{"@type":"ImageObject","inLanguage":"gl-ES","@id":"https:\/\/www.anovapeneira.gal\/#\/schema\/logo\/image\/","url":"http:\/\/www.anovapeneira.gal\/wp-content\/uploads\/2019\/06\/logo_a_nova_peneira_portal_web.png","contentUrl":"http:\/\/www.anovapeneira.gal\/wp-content\/uploads\/2019\/06\/logo_a_nova_peneira_portal_web.png","width":300,"height":100,"caption":"A Nova Peneira"},"image":{"@id":"https:\/\/www.anovapeneira.gal\/#\/schema\/logo\/image\/"},"sameAs":["https:\/\/www.facebook.com\/anovapeneira","https:\/\/x.com\/APeneira"]},{"@type":"Person","@id":"https:\/\/www.anovapeneira.gal\/#\/schema\/person\/b93e3f8932e3f8da96334607eb6ac6aa","name":"Redacci\u00f3n A Nova Peneira","image":{"@type":"ImageObject","inLanguage":"gl-ES","@id":"https:\/\/secure.gravatar.com\/avatar\/c052a2551a06e23fac63626232eaa90abd78dbcf1700fc46a2b2c89fd27b735f?s=96&d=mm&r=g","url":"https:\/\/secure.gravatar.com\/avatar\/c052a2551a06e23fac63626232eaa90abd78dbcf1700fc46a2b2c89fd27b735f?s=96&d=mm&r=g","contentUrl":"https:\/\/secure.gravatar.com\/avatar\/c052a2551a06e23fac63626232eaa90abd78dbcf1700fc46a2b2c89fd27b735f?s=96&d=mm&r=g","caption":"Redacci\u00f3n A Nova Peneira"},"sameAs":["http:\/\/www.anovapeneira.gal\/"],"url":"https:\/\/www.anovapeneira.gal\/index.php\/author\/redactor\/"}]}},"jetpack_featured_media_url":"https:\/\/www.anovapeneira.gal\/wp-content\/uploads\/2019\/12\/PSOE_MOS_a_nova_peneira.jpg","_links":{"self":[{"href":"https:\/\/www.anovapeneira.gal\/index.php\/wp-json\/wp\/v2\/posts\/2017","targetHints":{"allow":["GET"]}}],"collection":[{"href":"https:\/\/www.anovapeneira.gal\/index.php\/wp-json\/wp\/v2\/posts"}],"about":[{"href":"https:\/\/www.anovapeneira.gal\/index.php\/wp-json\/wp\/v2\/types\/post"}],"author":[{"embeddable":true,"href":"https:\/\/www.anovapeneira.gal\/index.php\/wp-json\/wp\/v2\/users\/3"}],"replies":[{"embeddable":true,"href":"https:\/\/www.anovapeneira.gal\/index.php\/wp-json\/wp\/v2\/comments?post=2017"}],"version-history":[{"count":1,"href":"https:\/\/www.anovapeneira.gal\/index.php\/wp-json\/wp\/v2\/posts\/2017\/revisions"}],"predecessor-version":[{"id":2019,"href":"https:\/\/www.anovapeneira.gal\/index.php\/wp-json\/wp\/v2\/posts\/2017\/revisions\/2019"}],"wp:featuredmedia":[{"embeddable":true,"href":"https:\/\/www.anovapeneira.gal\/index.php\/wp-json\/wp\/v2\/media\/2018"}],"wp:attachment":[{"href":"https:\/\/www.anovapeneira.gal\/index.php\/wp-json\/wp\/v2\/media?parent=2017"}],"wp:term":[{"taxonomy":"category","embeddable":true,"href":"https:\/\/www.anovapeneira.gal\/index.php\/wp-json\/wp\/v2\/categories?post=2017"},{"taxonomy":"post_tag","embeddable":true,"href":"https:\/\/www.anovapeneira.gal\/index.php\/wp-json\/wp\/v2\/tags?post=2017"}],"curies":[{"name":"wp","href":"https:\/\/api.w.org\/{rel}","templated":true}]}}