{"id":2028,"date":"2019-12-17T12:00:17","date_gmt":"2019-12-17T11:00:17","guid":{"rendered":"http:\/\/www.anovapeneira.gal\/?p=2028"},"modified":"2019-12-15T21:36:22","modified_gmt":"2019-12-15T20:36:22","slug":"queremos-galego-sae-a-rua-perante-a-situacion-de-emerxencia-linguisitica-para-esixir-que-a-xunta-e-o-estado-cumpran-coas-demandas-do-consello-de-europa","status":"publish","type":"post","link":"https:\/\/www.anovapeneira.gal\/index.php\/2019\/12\/17\/queremos-galego-sae-a-rua-perante-a-situacion-de-emerxencia-linguisitica-para-esixir-que-a-xunta-e-o-estado-cumpran-coas-demandas-do-consello-de-europa\/","title":{"rendered":"Queremos Galego sae \u00e1 r\u00faa perante a situaci\u00f3n de emerxencia ling\u00fc\u00edsitica para esixir que a Xunta e o Estado cumpran coas demandas do Consello de Europa"},"content":{"rendered":"\n<h2 class=\"wp-block-heading\"><strong>A plataforma cidad\u00e1, composta por m\u00e1is de 600 entidades, convoca concentraci\u00f3ns a quinta feira (xoves) 19 de decembro \u00e1s 20h en Santiago, A Coru\u00f1a, Ferrol, Pontevedra, Vigo, Ourense e Lugo<\/strong><\/h2>\n\n\n\n<p><strong>Compostela, 13 de decembro de 2019<\/strong><\/p>\n\n\n\n<p>A\nplataforma cidad\u00e1 Queremos Galego, composta por m\u00e1is de 600\nentidades, chama a cidadan\u00eda galega a mobilizarse nas sete cidades\ngalegas a quinta feira (xoves) 19 de decembro, \u00e1s 20h, &#8220;en\nresposta \u00e1 situaci\u00f3n de emerxencia ling\u00fc\u00edstica que amosan con\nclaridade datos como os do IGE&#8221; e para &#8220;reclamar que a\nXunta cumpra coas demandas realizadas polo Consello de Europa&#8221;.<br><br>O\nlema da convocatoria ser\u00e1 Emerxencia ling\u00fc\u00edstica. Precisamos do\ngalego, e ter\u00e1 lugar nas 7 cidades galegas simultaneamente. En\nSantiago, na Praza do Toural; na Coru\u00f1a, no Obelisco; en Ferrol, na\nPraza Amada Garc\u00eda (diante da delegaci\u00f3n da Xunta); en Lugo e en\nOurense, na Praza Maior; en Pontevedra, na Praza da Peregrina; e en\nVigo; na Praza da Princesa.<br><br>&#8220;A evoluci\u00f3n dos datos de\nuso e co\u00f1ecemento do galego son alarmantes&#8221;, afirma o voceiro\nde Queremos Galego e presidente da Mesa pola Normalizaci\u00f3n\nLing\u00fc\u00edstica, Marcos Maceira. As taxas de incapacidade para falar\ngalego entre a poboaci\u00f3n menor de 15 anos son as m\u00e1is altas da\nhistoria, consol\u00eddase a ruptura interxeracional e aumenta o n\u00famero\nde persoas que se senten na obriga de mudar de lingua. &#8220;Perante\nesta situaci\u00f3n, reiterada en inumer\u00e1beis ocasi\u00f3ns pola plataforma\nQueremos Galego e confirmada polo Comit\u00e9 de expertos e polo Comit\u00e9\nde Ministros do Consello de Europa&#8221;, recorda Maceira, &#8220;a\n\u00fanica pol\u00edtica da Xunta \u00e9 a agresividade e, segundo os expertos do\nConsello de Europa, incumprir a Carta e non realizar ningunha acci\u00f3n\nlexislativa ou pol\u00edtica para o facer, nomeadamente no \u00e1mbito do\nensino&#8221;.<br><br>&#8220;Se Feix\u00f3 tivese un m\u00ednimo de respecto\npor Galiza e pola instituci\u00f3n que representa&#8221;, asegura o\nvoceiro de Queremos Galego, &#8220;xa ter\u00eda derrogado hai anos o\ndecreto contra o galego&#8221;. A resposta da sociedade galega\ncontin\u00faa activa e de novo co respaldo da m\u00e1is relevante instituci\u00f3n\ninternacional europea para a defensa da democracia e dos dereitos\nhumanos, como \u00e9 o Consello de Europa.<br><br>A plataforma lembra que\no informe dos expertos non s\u00f3 afecta \u00e1 Xunta. O Estado ten que\ngarantir o cumprimento da Carta que el mesmo ratificou, nomeadamente\nnos \u00e1mbitos que son da s\u00faa competencia. Neste sentido, a entidade\nrecorda que as dificudades de uso do galego na xustiza ou na\nadministraci\u00f3n xeral do Estado deben ser resoltas, comezando por\ngarantir o co\u00f1ecemento de galego de todo o funcionariado estatal\ndestinado en Galiza.<br><br>&#8220;A situaci\u00f3n \u00e9 de emerxencia e o\ngalego \u00e9 necesario para o desenvolvemento cultural, social,\necon\u00f3mico e humano de Galiza&#8221;, recordan: &#8220;Precisamos do\ngalego para Galiza existir &#8220;.<br><br><strong>10\nanos de Queremos Galego<\/strong>.\nA plataforma cidad\u00e1 celebrou este ano o seu 10\u00ba aniversario\npublicando un&nbsp; v\u00eddeo no que recorda que foi, precisamente, en\n2009 cando se produciu a primeira e \u00fanica manifestaci\u00f3n en contra\ndo galego e mais cando o goberno da Xunta comezou a lexislar contra o\ngalego. A sociedade galega respostou cunha manifestaci\u00f3n na que\nparticiparon 100.000 persoas, a maior mobilizaci\u00f3n a favor dunha\nlingua en Europa. Concentraci\u00f3ns e manifestaci\u00f3ns dentro e f\u00f3ra do\npa\u00eds, manifestos, recollidas de sinaturas, unha folga xeral do\nensino e mesmo o traballo no xulgados, que frutificou nunha sentenza\ndo Tribunal Superior de Xustiza de Galiza que anula os principais\nartigos do decretazo contra o galego. O v\u00eddeo resumo fai un\npercorrido pola primeira d\u00e9cada de vida de Queremos galego recorda\nque &#8220;as cousas s\u00f3 cambian se nos mobilizamos, porque as\nreivindicaci\u00f3ns compartidas sempre dan froitos&#8221;.<\/p>\n","protected":false},"excerpt":{"rendered":"<div class=\"mh-excerpt\"><p>A plataforma cidad\u00e1, composta por m\u00e1is de 600 entidades, convoca concentraci\u00f3ns a quinta feira (xoves) 19 de decembro \u00e1s 20h <a class=\"mh-excerpt-more\" href=\"https:\/\/www.anovapeneira.gal\/index.php\/2019\/12\/17\/queremos-galego-sae-a-rua-perante-a-situacion-de-emerxencia-linguisitica-para-esixir-que-a-xunta-e-o-estado-cumpran-coas-demandas-do-consello-de-europa\/\" title=\"Queremos Galego sae \u00e1 r\u00faa perante a situaci\u00f3n de emerxencia ling\u00fc\u00edsitica para esixir que a Xunta e o Estado cumpran coas demandas do Consello de Europa\">[&#8230;]<\/a><\/p>\n<\/div>","protected":false},"author":3,"featured_media":2029,"comment_status":"open","ping_status":"open","sticky":false,"template":"","format":"standard","meta":{"_exactmetrics_skip_tracking":false,"_exactmetrics_sitenote_active":false,"_exactmetrics_sitenote_note":"","_exactmetrics_sitenote_category":0,"footnotes":""},"categories":[263],"tags":[854],"class_list":{"0":"post-2028","1":"post","2":"type-post","3":"status-publish","4":"format-standard","5":"has-post-thumbnail","7":"category-novas","8":"tag-queremos-galego"},"yoast_head":"<!-- This site is optimized with the Yoast SEO plugin v27.4 - https:\/\/yoast.com\/product\/yoast-seo-wordpress\/ -->\n<title>Queremos Galego sae \u00e1 r\u00faa perante a situaci\u00f3n de emerxencia ling\u00fc\u00edsitica para esixir que a Xunta e o Estado cumpran coas demandas do Consello de Europa -<\/title>\n<meta name=\"robots\" content=\"index, follow, max-snippet:-1, max-image-preview:large, max-video-preview:-1\" \/>\n<link rel=\"canonical\" href=\"https:\/\/www.anovapeneira.gal\/index.php\/2019\/12\/17\/queremos-galego-sae-a-rua-perante-a-situacion-de-emerxencia-linguisitica-para-esixir-que-a-xunta-e-o-estado-cumpran-coas-demandas-do-consello-de-europa\/\" \/>\n<meta property=\"og:locale\" content=\"gl_ES\" \/>\n<meta property=\"og:type\" content=\"article\" \/>\n<meta property=\"og:title\" content=\"Queremos Galego sae \u00e1 r\u00faa perante a situaci\u00f3n de emerxencia ling\u00fc\u00edsitica para esixir que a Xunta e o Estado cumpran coas demandas do Consello de Europa -\" \/>\n<meta property=\"og:description\" content=\"A plataforma cidad\u00e1, composta por m\u00e1is de 600 entidades, convoca concentraci\u00f3ns a quinta feira (xoves) 19 de decembro \u00e1s 20h [...]\" \/>\n<meta property=\"og:url\" content=\"https:\/\/www.anovapeneira.gal\/index.php\/2019\/12\/17\/queremos-galego-sae-a-rua-perante-a-situacion-de-emerxencia-linguisitica-para-esixir-que-a-xunta-e-o-estado-cumpran-coas-demandas-do-consello-de-europa\/\" \/>\n<meta property=\"article:publisher\" content=\"https:\/\/www.facebook.com\/anovapeneira\" \/>\n<meta property=\"article:published_time\" content=\"2019-12-17T11:00:17+00:00\" \/>\n<meta property=\"og:image\" content=\"https:\/\/www.anovapeneira.gal\/wp-content\/uploads\/2019\/12\/queremos_galego_a_nova_peneira.jpeg\" \/>\n\t<meta property=\"og:image:width\" content=\"720\" \/>\n\t<meta property=\"og:image:height\" content=\"432\" \/>\n\t<meta property=\"og:image:type\" content=\"image\/jpeg\" \/>\n<meta name=\"author\" content=\"Redacci\u00f3n A Nova Peneira\" \/>\n<meta name=\"twitter:card\" content=\"summary_large_image\" \/>\n<meta name=\"twitter:creator\" content=\"@APeneira\" \/>\n<meta name=\"twitter:site\" content=\"@APeneira\" \/>\n<meta name=\"twitter:label1\" content=\"Escrito por\" \/>\n\t<meta name=\"twitter:data1\" content=\"Redacci\u00f3n A Nova Peneira\" \/>\n\t<meta name=\"twitter:label2\" content=\"Tempo de lectura\" \/>\n\t<meta name=\"twitter:data2\" content=\"3 minutos\" \/>\n<script type=\"application\/ld+json\" class=\"yoast-schema-graph\">{\"@context\":\"https:\\\/\\\/schema.org\",\"@graph\":[{\"@type\":\"Article\",\"@id\":\"https:\\\/\\\/www.anovapeneira.gal\\\/index.php\\\/2019\\\/12\\\/17\\\/queremos-galego-sae-a-rua-perante-a-situacion-de-emerxencia-linguisitica-para-esixir-que-a-xunta-e-o-estado-cumpran-coas-demandas-do-consello-de-europa\\\/#article\",\"isPartOf\":{\"@id\":\"https:\\\/\\\/www.anovapeneira.gal\\\/index.php\\\/2019\\\/12\\\/17\\\/queremos-galego-sae-a-rua-perante-a-situacion-de-emerxencia-linguisitica-para-esixir-que-a-xunta-e-o-estado-cumpran-coas-demandas-do-consello-de-europa\\\/\"},\"author\":{\"name\":\"Redacci\u00f3n A Nova Peneira\",\"@id\":\"https:\\\/\\\/www.anovapeneira.gal\\\/#\\\/schema\\\/person\\\/b93e3f8932e3f8da96334607eb6ac6aa\"},\"headline\":\"Queremos Galego sae \u00e1 r\u00faa perante a situaci\u00f3n de emerxencia ling\u00fc\u00edsitica para esixir que a Xunta e o Estado cumpran coas demandas do Consello de Europa\",\"datePublished\":\"2019-12-17T11:00:17+00:00\",\"mainEntityOfPage\":{\"@id\":\"https:\\\/\\\/www.anovapeneira.gal\\\/index.php\\\/2019\\\/12\\\/17\\\/queremos-galego-sae-a-rua-perante-a-situacion-de-emerxencia-linguisitica-para-esixir-que-a-xunta-e-o-estado-cumpran-coas-demandas-do-consello-de-europa\\\/\"},\"wordCount\":650,\"commentCount\":0,\"publisher\":{\"@id\":\"https:\\\/\\\/www.anovapeneira.gal\\\/#organization\"},\"image\":{\"@id\":\"https:\\\/\\\/www.anovapeneira.gal\\\/index.php\\\/2019\\\/12\\\/17\\\/queremos-galego-sae-a-rua-perante-a-situacion-de-emerxencia-linguisitica-para-esixir-que-a-xunta-e-o-estado-cumpran-coas-demandas-do-consello-de-europa\\\/#primaryimage\"},\"thumbnailUrl\":\"https:\\\/\\\/www.anovapeneira.gal\\\/wp-content\\\/uploads\\\/2019\\\/12\\\/queremos_galego_a_nova_peneira.jpeg\",\"keywords\":[\"Queremos Galego\"],\"articleSection\":[\"Novas\"],\"inLanguage\":\"gl-ES\",\"potentialAction\":[{\"@type\":\"CommentAction\",\"name\":\"Comment\",\"target\":[\"https:\\\/\\\/www.anovapeneira.gal\\\/index.php\\\/2019\\\/12\\\/17\\\/queremos-galego-sae-a-rua-perante-a-situacion-de-emerxencia-linguisitica-para-esixir-que-a-xunta-e-o-estado-cumpran-coas-demandas-do-consello-de-europa\\\/#respond\"]}]},{\"@type\":\"WebPage\",\"@id\":\"https:\\\/\\\/www.anovapeneira.gal\\\/index.php\\\/2019\\\/12\\\/17\\\/queremos-galego-sae-a-rua-perante-a-situacion-de-emerxencia-linguisitica-para-esixir-que-a-xunta-e-o-estado-cumpran-coas-demandas-do-consello-de-europa\\\/\",\"url\":\"https:\\\/\\\/www.anovapeneira.gal\\\/index.php\\\/2019\\\/12\\\/17\\\/queremos-galego-sae-a-rua-perante-a-situacion-de-emerxencia-linguisitica-para-esixir-que-a-xunta-e-o-estado-cumpran-coas-demandas-do-consello-de-europa\\\/\",\"name\":\"Queremos Galego sae \u00e1 r\u00faa perante a situaci\u00f3n de emerxencia ling\u00fc\u00edsitica para esixir que a Xunta e o Estado cumpran coas demandas do Consello de Europa -\",\"isPartOf\":{\"@id\":\"https:\\\/\\\/www.anovapeneira.gal\\\/#website\"},\"primaryImageOfPage\":{\"@id\":\"https:\\\/\\\/www.anovapeneira.gal\\\/index.php\\\/2019\\\/12\\\/17\\\/queremos-galego-sae-a-rua-perante-a-situacion-de-emerxencia-linguisitica-para-esixir-que-a-xunta-e-o-estado-cumpran-coas-demandas-do-consello-de-europa\\\/#primaryimage\"},\"image\":{\"@id\":\"https:\\\/\\\/www.anovapeneira.gal\\\/index.php\\\/2019\\\/12\\\/17\\\/queremos-galego-sae-a-rua-perante-a-situacion-de-emerxencia-linguisitica-para-esixir-que-a-xunta-e-o-estado-cumpran-coas-demandas-do-consello-de-europa\\\/#primaryimage\"},\"thumbnailUrl\":\"https:\\\/\\\/www.anovapeneira.gal\\\/wp-content\\\/uploads\\\/2019\\\/12\\\/queremos_galego_a_nova_peneira.jpeg\",\"datePublished\":\"2019-12-17T11:00:17+00:00\",\"breadcrumb\":{\"@id\":\"https:\\\/\\\/www.anovapeneira.gal\\\/index.php\\\/2019\\\/12\\\/17\\\/queremos-galego-sae-a-rua-perante-a-situacion-de-emerxencia-linguisitica-para-esixir-que-a-xunta-e-o-estado-cumpran-coas-demandas-do-consello-de-europa\\\/#breadcrumb\"},\"inLanguage\":\"gl-ES\",\"potentialAction\":[{\"@type\":\"ReadAction\",\"target\":[\"https:\\\/\\\/www.anovapeneira.gal\\\/index.php\\\/2019\\\/12\\\/17\\\/queremos-galego-sae-a-rua-perante-a-situacion-de-emerxencia-linguisitica-para-esixir-que-a-xunta-e-o-estado-cumpran-coas-demandas-do-consello-de-europa\\\/\"]}]},{\"@type\":\"ImageObject\",\"inLanguage\":\"gl-ES\",\"@id\":\"https:\\\/\\\/www.anovapeneira.gal\\\/index.php\\\/2019\\\/12\\\/17\\\/queremos-galego-sae-a-rua-perante-a-situacion-de-emerxencia-linguisitica-para-esixir-que-a-xunta-e-o-estado-cumpran-coas-demandas-do-consello-de-europa\\\/#primaryimage\",\"url\":\"https:\\\/\\\/www.anovapeneira.gal\\\/wp-content\\\/uploads\\\/2019\\\/12\\\/queremos_galego_a_nova_peneira.jpeg\",\"contentUrl\":\"https:\\\/\\\/www.anovapeneira.gal\\\/wp-content\\\/uploads\\\/2019\\\/12\\\/queremos_galego_a_nova_peneira.jpeg\",\"width\":720,\"height\":432,\"caption\":\"Queremos Galego Plataforma A Nova Peneira\"},{\"@type\":\"BreadcrumbList\",\"@id\":\"https:\\\/\\\/www.anovapeneira.gal\\\/index.php\\\/2019\\\/12\\\/17\\\/queremos-galego-sae-a-rua-perante-a-situacion-de-emerxencia-linguisitica-para-esixir-que-a-xunta-e-o-estado-cumpran-coas-demandas-do-consello-de-europa\\\/#breadcrumb\",\"itemListElement\":[{\"@type\":\"ListItem\",\"position\":1,\"name\":\"Portada\",\"item\":\"https:\\\/\\\/www.anovapeneira.gal\\\/\"},{\"@type\":\"ListItem\",\"position\":2,\"name\":\"Queremos Galego sae \u00e1 r\u00faa perante a situaci\u00f3n de emerxencia ling\u00fc\u00edsitica para esixir que a Xunta e o Estado cumpran coas demandas do Consello de Europa\"}]},{\"@type\":\"WebSite\",\"@id\":\"https:\\\/\\\/www.anovapeneira.gal\\\/#website\",\"url\":\"https:\\\/\\\/www.anovapeneira.gal\\\/\",\"name\":\"\",\"description\":\"Xornal galego de informaci\u00f3n xeral Publicaci\u00f3n mensual de novas de Galicia e en especial dos Concellos da sur da provincia de Pontevedra.\",\"publisher\":{\"@id\":\"https:\\\/\\\/www.anovapeneira.gal\\\/#organization\"},\"potentialAction\":[{\"@type\":\"SearchAction\",\"target\":{\"@type\":\"EntryPoint\",\"urlTemplate\":\"https:\\\/\\\/www.anovapeneira.gal\\\/?s={search_term_string}\"},\"query-input\":{\"@type\":\"PropertyValueSpecification\",\"valueRequired\":true,\"valueName\":\"search_term_string\"}}],\"inLanguage\":\"gl-ES\"},{\"@type\":\"Organization\",\"@id\":\"https:\\\/\\\/www.anovapeneira.gal\\\/#organization\",\"name\":\"A Nova Peneira\",\"url\":\"https:\\\/\\\/www.anovapeneira.gal\\\/\",\"logo\":{\"@type\":\"ImageObject\",\"inLanguage\":\"gl-ES\",\"@id\":\"https:\\\/\\\/www.anovapeneira.gal\\\/#\\\/schema\\\/logo\\\/image\\\/\",\"url\":\"http:\\\/\\\/www.anovapeneira.gal\\\/wp-content\\\/uploads\\\/2019\\\/06\\\/logo_a_nova_peneira_portal_web.png\",\"contentUrl\":\"http:\\\/\\\/www.anovapeneira.gal\\\/wp-content\\\/uploads\\\/2019\\\/06\\\/logo_a_nova_peneira_portal_web.png\",\"width\":300,\"height\":100,\"caption\":\"A Nova Peneira\"},\"image\":{\"@id\":\"https:\\\/\\\/www.anovapeneira.gal\\\/#\\\/schema\\\/logo\\\/image\\\/\"},\"sameAs\":[\"https:\\\/\\\/www.facebook.com\\\/anovapeneira\",\"https:\\\/\\\/x.com\\\/APeneira\"]},{\"@type\":\"Person\",\"@id\":\"https:\\\/\\\/www.anovapeneira.gal\\\/#\\\/schema\\\/person\\\/b93e3f8932e3f8da96334607eb6ac6aa\",\"name\":\"Redacci\u00f3n A Nova Peneira\",\"image\":{\"@type\":\"ImageObject\",\"inLanguage\":\"gl-ES\",\"@id\":\"https:\\\/\\\/secure.gravatar.com\\\/avatar\\\/c052a2551a06e23fac63626232eaa90abd78dbcf1700fc46a2b2c89fd27b735f?s=96&d=mm&r=g\",\"url\":\"https:\\\/\\\/secure.gravatar.com\\\/avatar\\\/c052a2551a06e23fac63626232eaa90abd78dbcf1700fc46a2b2c89fd27b735f?s=96&d=mm&r=g\",\"contentUrl\":\"https:\\\/\\\/secure.gravatar.com\\\/avatar\\\/c052a2551a06e23fac63626232eaa90abd78dbcf1700fc46a2b2c89fd27b735f?s=96&d=mm&r=g\",\"caption\":\"Redacci\u00f3n A Nova Peneira\"},\"sameAs\":[\"http:\\\/\\\/www.anovapeneira.gal\\\/\"],\"url\":\"https:\\\/\\\/www.anovapeneira.gal\\\/index.php\\\/author\\\/redactor\\\/\"}]}<\/script>\n<!-- \/ Yoast SEO plugin. -->","yoast_head_json":{"title":"Queremos Galego sae \u00e1 r\u00faa perante a situaci\u00f3n de emerxencia ling\u00fc\u00edsitica para esixir que a Xunta e o Estado cumpran coas demandas do Consello de Europa -","robots":{"index":"index","follow":"follow","max-snippet":"max-snippet:-1","max-image-preview":"max-image-preview:large","max-video-preview":"max-video-preview:-1"},"canonical":"https:\/\/www.anovapeneira.gal\/index.php\/2019\/12\/17\/queremos-galego-sae-a-rua-perante-a-situacion-de-emerxencia-linguisitica-para-esixir-que-a-xunta-e-o-estado-cumpran-coas-demandas-do-consello-de-europa\/","og_locale":"gl_ES","og_type":"article","og_title":"Queremos Galego sae \u00e1 r\u00faa perante a situaci\u00f3n de emerxencia ling\u00fc\u00edsitica para esixir que a Xunta e o Estado cumpran coas demandas do Consello de Europa -","og_description":"A plataforma cidad\u00e1, composta por m\u00e1is de 600 entidades, convoca concentraci\u00f3ns a quinta feira (xoves) 19 de decembro \u00e1s 20h [...]","og_url":"https:\/\/www.anovapeneira.gal\/index.php\/2019\/12\/17\/queremos-galego-sae-a-rua-perante-a-situacion-de-emerxencia-linguisitica-para-esixir-que-a-xunta-e-o-estado-cumpran-coas-demandas-do-consello-de-europa\/","article_publisher":"https:\/\/www.facebook.com\/anovapeneira","article_published_time":"2019-12-17T11:00:17+00:00","og_image":[{"width":720,"height":432,"url":"https:\/\/www.anovapeneira.gal\/wp-content\/uploads\/2019\/12\/queremos_galego_a_nova_peneira.jpeg","type":"image\/jpeg"}],"author":"Redacci\u00f3n A Nova Peneira","twitter_card":"summary_large_image","twitter_creator":"@APeneira","twitter_site":"@APeneira","twitter_misc":{"Escrito por":"Redacci\u00f3n A Nova Peneira","Tempo de lectura":"3 minutos"},"schema":{"@context":"https:\/\/schema.org","@graph":[{"@type":"Article","@id":"https:\/\/www.anovapeneira.gal\/index.php\/2019\/12\/17\/queremos-galego-sae-a-rua-perante-a-situacion-de-emerxencia-linguisitica-para-esixir-que-a-xunta-e-o-estado-cumpran-coas-demandas-do-consello-de-europa\/#article","isPartOf":{"@id":"https:\/\/www.anovapeneira.gal\/index.php\/2019\/12\/17\/queremos-galego-sae-a-rua-perante-a-situacion-de-emerxencia-linguisitica-para-esixir-que-a-xunta-e-o-estado-cumpran-coas-demandas-do-consello-de-europa\/"},"author":{"name":"Redacci\u00f3n A Nova Peneira","@id":"https:\/\/www.anovapeneira.gal\/#\/schema\/person\/b93e3f8932e3f8da96334607eb6ac6aa"},"headline":"Queremos Galego sae \u00e1 r\u00faa perante a situaci\u00f3n de emerxencia ling\u00fc\u00edsitica para esixir que a Xunta e o Estado cumpran coas demandas do Consello de Europa","datePublished":"2019-12-17T11:00:17+00:00","mainEntityOfPage":{"@id":"https:\/\/www.anovapeneira.gal\/index.php\/2019\/12\/17\/queremos-galego-sae-a-rua-perante-a-situacion-de-emerxencia-linguisitica-para-esixir-que-a-xunta-e-o-estado-cumpran-coas-demandas-do-consello-de-europa\/"},"wordCount":650,"commentCount":0,"publisher":{"@id":"https:\/\/www.anovapeneira.gal\/#organization"},"image":{"@id":"https:\/\/www.anovapeneira.gal\/index.php\/2019\/12\/17\/queremos-galego-sae-a-rua-perante-a-situacion-de-emerxencia-linguisitica-para-esixir-que-a-xunta-e-o-estado-cumpran-coas-demandas-do-consello-de-europa\/#primaryimage"},"thumbnailUrl":"https:\/\/www.anovapeneira.gal\/wp-content\/uploads\/2019\/12\/queremos_galego_a_nova_peneira.jpeg","keywords":["Queremos Galego"],"articleSection":["Novas"],"inLanguage":"gl-ES","potentialAction":[{"@type":"CommentAction","name":"Comment","target":["https:\/\/www.anovapeneira.gal\/index.php\/2019\/12\/17\/queremos-galego-sae-a-rua-perante-a-situacion-de-emerxencia-linguisitica-para-esixir-que-a-xunta-e-o-estado-cumpran-coas-demandas-do-consello-de-europa\/#respond"]}]},{"@type":"WebPage","@id":"https:\/\/www.anovapeneira.gal\/index.php\/2019\/12\/17\/queremos-galego-sae-a-rua-perante-a-situacion-de-emerxencia-linguisitica-para-esixir-que-a-xunta-e-o-estado-cumpran-coas-demandas-do-consello-de-europa\/","url":"https:\/\/www.anovapeneira.gal\/index.php\/2019\/12\/17\/queremos-galego-sae-a-rua-perante-a-situacion-de-emerxencia-linguisitica-para-esixir-que-a-xunta-e-o-estado-cumpran-coas-demandas-do-consello-de-europa\/","name":"Queremos Galego sae \u00e1 r\u00faa perante a situaci\u00f3n de emerxencia ling\u00fc\u00edsitica para esixir que a Xunta e o Estado cumpran coas demandas do Consello de Europa -","isPartOf":{"@id":"https:\/\/www.anovapeneira.gal\/#website"},"primaryImageOfPage":{"@id":"https:\/\/www.anovapeneira.gal\/index.php\/2019\/12\/17\/queremos-galego-sae-a-rua-perante-a-situacion-de-emerxencia-linguisitica-para-esixir-que-a-xunta-e-o-estado-cumpran-coas-demandas-do-consello-de-europa\/#primaryimage"},"image":{"@id":"https:\/\/www.anovapeneira.gal\/index.php\/2019\/12\/17\/queremos-galego-sae-a-rua-perante-a-situacion-de-emerxencia-linguisitica-para-esixir-que-a-xunta-e-o-estado-cumpran-coas-demandas-do-consello-de-europa\/#primaryimage"},"thumbnailUrl":"https:\/\/www.anovapeneira.gal\/wp-content\/uploads\/2019\/12\/queremos_galego_a_nova_peneira.jpeg","datePublished":"2019-12-17T11:00:17+00:00","breadcrumb":{"@id":"https:\/\/www.anovapeneira.gal\/index.php\/2019\/12\/17\/queremos-galego-sae-a-rua-perante-a-situacion-de-emerxencia-linguisitica-para-esixir-que-a-xunta-e-o-estado-cumpran-coas-demandas-do-consello-de-europa\/#breadcrumb"},"inLanguage":"gl-ES","potentialAction":[{"@type":"ReadAction","target":["https:\/\/www.anovapeneira.gal\/index.php\/2019\/12\/17\/queremos-galego-sae-a-rua-perante-a-situacion-de-emerxencia-linguisitica-para-esixir-que-a-xunta-e-o-estado-cumpran-coas-demandas-do-consello-de-europa\/"]}]},{"@type":"ImageObject","inLanguage":"gl-ES","@id":"https:\/\/www.anovapeneira.gal\/index.php\/2019\/12\/17\/queremos-galego-sae-a-rua-perante-a-situacion-de-emerxencia-linguisitica-para-esixir-que-a-xunta-e-o-estado-cumpran-coas-demandas-do-consello-de-europa\/#primaryimage","url":"https:\/\/www.anovapeneira.gal\/wp-content\/uploads\/2019\/12\/queremos_galego_a_nova_peneira.jpeg","contentUrl":"https:\/\/www.anovapeneira.gal\/wp-content\/uploads\/2019\/12\/queremos_galego_a_nova_peneira.jpeg","width":720,"height":432,"caption":"Queremos Galego Plataforma A Nova Peneira"},{"@type":"BreadcrumbList","@id":"https:\/\/www.anovapeneira.gal\/index.php\/2019\/12\/17\/queremos-galego-sae-a-rua-perante-a-situacion-de-emerxencia-linguisitica-para-esixir-que-a-xunta-e-o-estado-cumpran-coas-demandas-do-consello-de-europa\/#breadcrumb","itemListElement":[{"@type":"ListItem","position":1,"name":"Portada","item":"https:\/\/www.anovapeneira.gal\/"},{"@type":"ListItem","position":2,"name":"Queremos Galego sae \u00e1 r\u00faa perante a situaci\u00f3n de emerxencia ling\u00fc\u00edsitica para esixir que a Xunta e o Estado cumpran coas demandas do Consello de Europa"}]},{"@type":"WebSite","@id":"https:\/\/www.anovapeneira.gal\/#website","url":"https:\/\/www.anovapeneira.gal\/","name":"","description":"Xornal galego de informaci\u00f3n xeral Publicaci\u00f3n mensual de novas de Galicia e en especial dos Concellos da sur da provincia de Pontevedra.","publisher":{"@id":"https:\/\/www.anovapeneira.gal\/#organization"},"potentialAction":[{"@type":"SearchAction","target":{"@type":"EntryPoint","urlTemplate":"https:\/\/www.anovapeneira.gal\/?s={search_term_string}"},"query-input":{"@type":"PropertyValueSpecification","valueRequired":true,"valueName":"search_term_string"}}],"inLanguage":"gl-ES"},{"@type":"Organization","@id":"https:\/\/www.anovapeneira.gal\/#organization","name":"A Nova Peneira","url":"https:\/\/www.anovapeneira.gal\/","logo":{"@type":"ImageObject","inLanguage":"gl-ES","@id":"https:\/\/www.anovapeneira.gal\/#\/schema\/logo\/image\/","url":"http:\/\/www.anovapeneira.gal\/wp-content\/uploads\/2019\/06\/logo_a_nova_peneira_portal_web.png","contentUrl":"http:\/\/www.anovapeneira.gal\/wp-content\/uploads\/2019\/06\/logo_a_nova_peneira_portal_web.png","width":300,"height":100,"caption":"A Nova Peneira"},"image":{"@id":"https:\/\/www.anovapeneira.gal\/#\/schema\/logo\/image\/"},"sameAs":["https:\/\/www.facebook.com\/anovapeneira","https:\/\/x.com\/APeneira"]},{"@type":"Person","@id":"https:\/\/www.anovapeneira.gal\/#\/schema\/person\/b93e3f8932e3f8da96334607eb6ac6aa","name":"Redacci\u00f3n A Nova Peneira","image":{"@type":"ImageObject","inLanguage":"gl-ES","@id":"https:\/\/secure.gravatar.com\/avatar\/c052a2551a06e23fac63626232eaa90abd78dbcf1700fc46a2b2c89fd27b735f?s=96&d=mm&r=g","url":"https:\/\/secure.gravatar.com\/avatar\/c052a2551a06e23fac63626232eaa90abd78dbcf1700fc46a2b2c89fd27b735f?s=96&d=mm&r=g","contentUrl":"https:\/\/secure.gravatar.com\/avatar\/c052a2551a06e23fac63626232eaa90abd78dbcf1700fc46a2b2c89fd27b735f?s=96&d=mm&r=g","caption":"Redacci\u00f3n A Nova Peneira"},"sameAs":["http:\/\/www.anovapeneira.gal\/"],"url":"https:\/\/www.anovapeneira.gal\/index.php\/author\/redactor\/"}]}},"jetpack_featured_media_url":"https:\/\/www.anovapeneira.gal\/wp-content\/uploads\/2019\/12\/queremos_galego_a_nova_peneira.jpeg","_links":{"self":[{"href":"https:\/\/www.anovapeneira.gal\/index.php\/wp-json\/wp\/v2\/posts\/2028","targetHints":{"allow":["GET"]}}],"collection":[{"href":"https:\/\/www.anovapeneira.gal\/index.php\/wp-json\/wp\/v2\/posts"}],"about":[{"href":"https:\/\/www.anovapeneira.gal\/index.php\/wp-json\/wp\/v2\/types\/post"}],"author":[{"embeddable":true,"href":"https:\/\/www.anovapeneira.gal\/index.php\/wp-json\/wp\/v2\/users\/3"}],"replies":[{"embeddable":true,"href":"https:\/\/www.anovapeneira.gal\/index.php\/wp-json\/wp\/v2\/comments?post=2028"}],"version-history":[{"count":1,"href":"https:\/\/www.anovapeneira.gal\/index.php\/wp-json\/wp\/v2\/posts\/2028\/revisions"}],"predecessor-version":[{"id":2030,"href":"https:\/\/www.anovapeneira.gal\/index.php\/wp-json\/wp\/v2\/posts\/2028\/revisions\/2030"}],"wp:featuredmedia":[{"embeddable":true,"href":"https:\/\/www.anovapeneira.gal\/index.php\/wp-json\/wp\/v2\/media\/2029"}],"wp:attachment":[{"href":"https:\/\/www.anovapeneira.gal\/index.php\/wp-json\/wp\/v2\/media?parent=2028"}],"wp:term":[{"taxonomy":"category","embeddable":true,"href":"https:\/\/www.anovapeneira.gal\/index.php\/wp-json\/wp\/v2\/categories?post=2028"},{"taxonomy":"post_tag","embeddable":true,"href":"https:\/\/www.anovapeneira.gal\/index.php\/wp-json\/wp\/v2\/tags?post=2028"}],"curies":[{"name":"wp","href":"https:\/\/api.w.org\/{rel}","templated":true}]}}