{"id":2031,"date":"2019-12-17T14:00:06","date_gmt":"2019-12-17T13:00:06","guid":{"rendered":"http:\/\/www.anovapeneira.gal\/?p=2031"},"modified":"2019-12-15T21:41:48","modified_gmt":"2019-12-15T20:41:48","slug":"o-goberno-do-bng-psoe-tacha-de-desproposito-o-pintado-da-avenida-de-castelao","status":"publish","type":"post","link":"https:\/\/www.anovapeneira.gal\/index.php\/2019\/12\/17\/o-goberno-do-bng-psoe-tacha-de-desproposito-o-pintado-da-avenida-de-castelao\/","title":{"rendered":"O goberno do BNG-PSOE tacha de desprop\u00f3sito o pintado da Avenida de Castelao"},"content":{"rendered":"\n<h2 class=\"wp-block-heading\"><strong>Dous meses despois de concluidas as obras o pintado a\u00ednda est\u00e1 incompleto<\/strong><\/h2>\n\n\n\n<p> <strong>Ponteareas, 13 de decembro 2019<\/strong><\/p>\n\n\n\n<p>A\nconcelleira de V\u00edas e Obras, Chus Garrote, e o concelleiro de\nTr\u00e1fico e Mobilidade, Roberto Mera, tacharon de desprop\u00f3sito e\ngrave irresponsabilidade o pintado da Avenida de Castelao por parte\nda Xunta de Galicia.<\/p>\n\n\n\n<p>Ambos\ned\u00eds lembraron que as obras de asfaltado concluiron hai uns dous\nmeses e o pintado continua incompleto. \u201cFaltan os cebreados en\nzonas de seguridade, cedas ao paso ou stops, frechas de xiro, etc\u201d,\nsinalan e recordan que \u201cao rematar o asfaltado a Xunta dispuxo de\nbastantes d\u00edas con bo tempo para facer o pintado. A pesares dos\nnosos requirimentos non o fixeron. Tras un mes de novembro de\nchoivas, exist\u00eda o compromiso de comezar o pintado o luns 2 de\ndecembro ante a previsi\u00f3n de bo tempo, pero os traballos non\ncomezaron at\u00e9 o festivo 6 de decembro, de tarde e noite\u201d. Garrote\ne Mera acusan \u00e1 Xunta \u201cde deixar pasar unha semana enteira de bo\ntempo e vir no \u00faltimo momento para deixar o traballo de novo sen\nrematar\u201d. Engaden que \u201cen lugar de pintar nos primeiros d\u00edas de\nbo tempo, fix\u00e9rono de noite e con n\u00e9boa e humidade no chan de\nmaneira que o pintado \u00e9 de mala calidade\u201d.<\/p>\n\n\n\n<p>Por\n\u00faltimo, os ed\u00eds lamentaron que a Xunta se negue a facer o paso de\npe\u00f3ns solicitado polo Concello a car\u00f3n do co\u00f1ecido como Parque de\nMota e anunciaron que a s\u00faa realizaci\u00f3n ser\u00e1 asumida polo goberno\nlocal \u201cporque o primeiro \u00e9 garantir a seguridade dos pe\u00f3ns\u201d.<\/p>\n\n\n\n<p>Para\nGarrote e Mera, o acontecido revela a\u00ednda m\u00e1is a necesidade de que\n\u201ca Xunta negocie un acordo para traspasar ao Concello a competencia\nsobre a Avenida de Castelao, entreg\u00e1ndoa debidamente humanizada de\nmaneira que no futuro a responsabilidade sobre o mantemento e xesti\u00f3n\nda r\u00faa sexa municipal\u201d.<\/p>\n","protected":false},"excerpt":{"rendered":"<div class=\"mh-excerpt\"><p>Dous meses despois de concluidas as obras o pintado a\u00ednda est\u00e1 incompleto <a class=\"mh-excerpt-more\" href=\"https:\/\/www.anovapeneira.gal\/index.php\/2019\/12\/17\/o-goberno-do-bng-psoe-tacha-de-desproposito-o-pintado-da-avenida-de-castelao\/\" title=\"O goberno do BNG-PSOE tacha de desprop\u00f3sito o pintado da Avenida de Castelao\">[&#8230;]<\/a><\/p>\n<\/div>","protected":false},"author":3,"featured_media":2032,"comment_status":"open","ping_status":"open","sticky":false,"template":"","format":"standard","meta":{"_exactmetrics_skip_tracking":false,"_exactmetrics_sitenote_active":false,"_exactmetrics_sitenote_note":"","_exactmetrics_sitenote_category":0,"footnotes":""},"categories":[25],"tags":[208,121],"class_list":{"0":"post-2031","1":"post","2":"type-post","3":"status-publish","4":"format-standard","5":"has-post-thumbnail","7":"category-condado","8":"tag-concello-de-ponteareas","9":"tag-fomento"},"yoast_head":"<!-- This site is optimized with the Yoast SEO plugin v27.4 - https:\/\/yoast.com\/product\/yoast-seo-wordpress\/ -->\n<title>O goberno do BNG-PSOE tacha de desprop\u00f3sito o pintado da Avenida de Castelao -<\/title>\n<meta name=\"robots\" content=\"index, follow, max-snippet:-1, max-image-preview:large, max-video-preview:-1\" \/>\n<link rel=\"canonical\" href=\"https:\/\/www.anovapeneira.gal\/index.php\/2019\/12\/17\/o-goberno-do-bng-psoe-tacha-de-desproposito-o-pintado-da-avenida-de-castelao\/\" \/>\n<meta property=\"og:locale\" content=\"gl_ES\" \/>\n<meta property=\"og:type\" content=\"article\" \/>\n<meta property=\"og:title\" content=\"O goberno do BNG-PSOE tacha de desprop\u00f3sito o pintado da Avenida de Castelao -\" \/>\n<meta property=\"og:description\" content=\"Dous meses despois de concluidas as obras o pintado a\u00ednda est\u00e1 incompleto [...]\" \/>\n<meta property=\"og:url\" content=\"https:\/\/www.anovapeneira.gal\/index.php\/2019\/12\/17\/o-goberno-do-bng-psoe-tacha-de-desproposito-o-pintado-da-avenida-de-castelao\/\" \/>\n<meta property=\"article:publisher\" content=\"https:\/\/www.facebook.com\/anovapeneira\" \/>\n<meta property=\"article:published_time\" content=\"2019-12-17T13:00:06+00:00\" \/>\n<meta property=\"og:image\" content=\"https:\/\/www.anovapeneira.gal\/wp-content\/uploads\/2019\/12\/PONTEAREAS_condenado_a_nova_peneira.jpg\" \/>\n\t<meta property=\"og:image:width\" content=\"720\" \/>\n\t<meta property=\"og:image:height\" content=\"432\" \/>\n\t<meta property=\"og:image:type\" content=\"image\/jpeg\" \/>\n<meta name=\"author\" content=\"Redacci\u00f3n A Nova Peneira\" \/>\n<meta name=\"twitter:card\" content=\"summary_large_image\" \/>\n<meta name=\"twitter:creator\" content=\"@APeneira\" \/>\n<meta name=\"twitter:site\" content=\"@APeneira\" \/>\n<meta name=\"twitter:label1\" content=\"Escrito por\" \/>\n\t<meta name=\"twitter:data1\" content=\"Redacci\u00f3n A Nova Peneira\" \/>\n\t<meta name=\"twitter:label2\" content=\"Tempo de lectura\" \/>\n\t<meta name=\"twitter:data2\" content=\"2 minutos\" \/>\n<script type=\"application\/ld+json\" class=\"yoast-schema-graph\">{\"@context\":\"https:\\\/\\\/schema.org\",\"@graph\":[{\"@type\":\"Article\",\"@id\":\"https:\\\/\\\/www.anovapeneira.gal\\\/index.php\\\/2019\\\/12\\\/17\\\/o-goberno-do-bng-psoe-tacha-de-desproposito-o-pintado-da-avenida-de-castelao\\\/#article\",\"isPartOf\":{\"@id\":\"https:\\\/\\\/www.anovapeneira.gal\\\/index.php\\\/2019\\\/12\\\/17\\\/o-goberno-do-bng-psoe-tacha-de-desproposito-o-pintado-da-avenida-de-castelao\\\/\"},\"author\":{\"name\":\"Redacci\u00f3n A Nova Peneira\",\"@id\":\"https:\\\/\\\/www.anovapeneira.gal\\\/#\\\/schema\\\/person\\\/b93e3f8932e3f8da96334607eb6ac6aa\"},\"headline\":\"O goberno do BNG-PSOE tacha de desprop\u00f3sito o pintado da Avenida de Castelao\",\"datePublished\":\"2019-12-17T13:00:06+00:00\",\"mainEntityOfPage\":{\"@id\":\"https:\\\/\\\/www.anovapeneira.gal\\\/index.php\\\/2019\\\/12\\\/17\\\/o-goberno-do-bng-psoe-tacha-de-desproposito-o-pintado-da-avenida-de-castelao\\\/\"},\"wordCount\":339,\"commentCount\":0,\"publisher\":{\"@id\":\"https:\\\/\\\/www.anovapeneira.gal\\\/#organization\"},\"image\":{\"@id\":\"https:\\\/\\\/www.anovapeneira.gal\\\/index.php\\\/2019\\\/12\\\/17\\\/o-goberno-do-bng-psoe-tacha-de-desproposito-o-pintado-da-avenida-de-castelao\\\/#primaryimage\"},\"thumbnailUrl\":\"https:\\\/\\\/www.anovapeneira.gal\\\/wp-content\\\/uploads\\\/2019\\\/12\\\/PONTEAREAS_condenado_a_nova_peneira.jpg\",\"keywords\":[\"Concello de Ponteareas\",\"Fomento\"],\"articleSection\":[\"Condado\"],\"inLanguage\":\"gl-ES\",\"potentialAction\":[{\"@type\":\"CommentAction\",\"name\":\"Comment\",\"target\":[\"https:\\\/\\\/www.anovapeneira.gal\\\/index.php\\\/2019\\\/12\\\/17\\\/o-goberno-do-bng-psoe-tacha-de-desproposito-o-pintado-da-avenida-de-castelao\\\/#respond\"]}]},{\"@type\":\"WebPage\",\"@id\":\"https:\\\/\\\/www.anovapeneira.gal\\\/index.php\\\/2019\\\/12\\\/17\\\/o-goberno-do-bng-psoe-tacha-de-desproposito-o-pintado-da-avenida-de-castelao\\\/\",\"url\":\"https:\\\/\\\/www.anovapeneira.gal\\\/index.php\\\/2019\\\/12\\\/17\\\/o-goberno-do-bng-psoe-tacha-de-desproposito-o-pintado-da-avenida-de-castelao\\\/\",\"name\":\"O goberno do BNG-PSOE tacha de desprop\u00f3sito o pintado da Avenida de Castelao -\",\"isPartOf\":{\"@id\":\"https:\\\/\\\/www.anovapeneira.gal\\\/#website\"},\"primaryImageOfPage\":{\"@id\":\"https:\\\/\\\/www.anovapeneira.gal\\\/index.php\\\/2019\\\/12\\\/17\\\/o-goberno-do-bng-psoe-tacha-de-desproposito-o-pintado-da-avenida-de-castelao\\\/#primaryimage\"},\"image\":{\"@id\":\"https:\\\/\\\/www.anovapeneira.gal\\\/index.php\\\/2019\\\/12\\\/17\\\/o-goberno-do-bng-psoe-tacha-de-desproposito-o-pintado-da-avenida-de-castelao\\\/#primaryimage\"},\"thumbnailUrl\":\"https:\\\/\\\/www.anovapeneira.gal\\\/wp-content\\\/uploads\\\/2019\\\/12\\\/PONTEAREAS_condenado_a_nova_peneira.jpg\",\"datePublished\":\"2019-12-17T13:00:06+00:00\",\"breadcrumb\":{\"@id\":\"https:\\\/\\\/www.anovapeneira.gal\\\/index.php\\\/2019\\\/12\\\/17\\\/o-goberno-do-bng-psoe-tacha-de-desproposito-o-pintado-da-avenida-de-castelao\\\/#breadcrumb\"},\"inLanguage\":\"gl-ES\",\"potentialAction\":[{\"@type\":\"ReadAction\",\"target\":[\"https:\\\/\\\/www.anovapeneira.gal\\\/index.php\\\/2019\\\/12\\\/17\\\/o-goberno-do-bng-psoe-tacha-de-desproposito-o-pintado-da-avenida-de-castelao\\\/\"]}]},{\"@type\":\"ImageObject\",\"inLanguage\":\"gl-ES\",\"@id\":\"https:\\\/\\\/www.anovapeneira.gal\\\/index.php\\\/2019\\\/12\\\/17\\\/o-goberno-do-bng-psoe-tacha-de-desproposito-o-pintado-da-avenida-de-castelao\\\/#primaryimage\",\"url\":\"https:\\\/\\\/www.anovapeneira.gal\\\/wp-content\\\/uploads\\\/2019\\\/12\\\/PONTEAREAS_condenado_a_nova_peneira.jpg\",\"contentUrl\":\"https:\\\/\\\/www.anovapeneira.gal\\\/wp-content\\\/uploads\\\/2019\\\/12\\\/PONTEAREAS_condenado_a_nova_peneira.jpg\",\"width\":720,\"height\":432,\"caption\":\"Ponteareas A Nova Peneira\"},{\"@type\":\"BreadcrumbList\",\"@id\":\"https:\\\/\\\/www.anovapeneira.gal\\\/index.php\\\/2019\\\/12\\\/17\\\/o-goberno-do-bng-psoe-tacha-de-desproposito-o-pintado-da-avenida-de-castelao\\\/#breadcrumb\",\"itemListElement\":[{\"@type\":\"ListItem\",\"position\":1,\"name\":\"Portada\",\"item\":\"https:\\\/\\\/www.anovapeneira.gal\\\/\"},{\"@type\":\"ListItem\",\"position\":2,\"name\":\"O goberno do BNG-PSOE tacha de desprop\u00f3sito o pintado da Avenida de Castelao\"}]},{\"@type\":\"WebSite\",\"@id\":\"https:\\\/\\\/www.anovapeneira.gal\\\/#website\",\"url\":\"https:\\\/\\\/www.anovapeneira.gal\\\/\",\"name\":\"\",\"description\":\"Xornal galego de informaci\u00f3n xeral Publicaci\u00f3n mensual de novas de Galicia e en especial dos Concellos da sur da provincia de Pontevedra.\",\"publisher\":{\"@id\":\"https:\\\/\\\/www.anovapeneira.gal\\\/#organization\"},\"potentialAction\":[{\"@type\":\"SearchAction\",\"target\":{\"@type\":\"EntryPoint\",\"urlTemplate\":\"https:\\\/\\\/www.anovapeneira.gal\\\/?s={search_term_string}\"},\"query-input\":{\"@type\":\"PropertyValueSpecification\",\"valueRequired\":true,\"valueName\":\"search_term_string\"}}],\"inLanguage\":\"gl-ES\"},{\"@type\":\"Organization\",\"@id\":\"https:\\\/\\\/www.anovapeneira.gal\\\/#organization\",\"name\":\"A Nova Peneira\",\"url\":\"https:\\\/\\\/www.anovapeneira.gal\\\/\",\"logo\":{\"@type\":\"ImageObject\",\"inLanguage\":\"gl-ES\",\"@id\":\"https:\\\/\\\/www.anovapeneira.gal\\\/#\\\/schema\\\/logo\\\/image\\\/\",\"url\":\"http:\\\/\\\/www.anovapeneira.gal\\\/wp-content\\\/uploads\\\/2019\\\/06\\\/logo_a_nova_peneira_portal_web.png\",\"contentUrl\":\"http:\\\/\\\/www.anovapeneira.gal\\\/wp-content\\\/uploads\\\/2019\\\/06\\\/logo_a_nova_peneira_portal_web.png\",\"width\":300,\"height\":100,\"caption\":\"A Nova Peneira\"},\"image\":{\"@id\":\"https:\\\/\\\/www.anovapeneira.gal\\\/#\\\/schema\\\/logo\\\/image\\\/\"},\"sameAs\":[\"https:\\\/\\\/www.facebook.com\\\/anovapeneira\",\"https:\\\/\\\/x.com\\\/APeneira\"]},{\"@type\":\"Person\",\"@id\":\"https:\\\/\\\/www.anovapeneira.gal\\\/#\\\/schema\\\/person\\\/b93e3f8932e3f8da96334607eb6ac6aa\",\"name\":\"Redacci\u00f3n A Nova Peneira\",\"image\":{\"@type\":\"ImageObject\",\"inLanguage\":\"gl-ES\",\"@id\":\"https:\\\/\\\/secure.gravatar.com\\\/avatar\\\/c052a2551a06e23fac63626232eaa90abd78dbcf1700fc46a2b2c89fd27b735f?s=96&d=mm&r=g\",\"url\":\"https:\\\/\\\/secure.gravatar.com\\\/avatar\\\/c052a2551a06e23fac63626232eaa90abd78dbcf1700fc46a2b2c89fd27b735f?s=96&d=mm&r=g\",\"contentUrl\":\"https:\\\/\\\/secure.gravatar.com\\\/avatar\\\/c052a2551a06e23fac63626232eaa90abd78dbcf1700fc46a2b2c89fd27b735f?s=96&d=mm&r=g\",\"caption\":\"Redacci\u00f3n A Nova Peneira\"},\"sameAs\":[\"http:\\\/\\\/www.anovapeneira.gal\\\/\"],\"url\":\"https:\\\/\\\/www.anovapeneira.gal\\\/index.php\\\/author\\\/redactor\\\/\"}]}<\/script>\n<!-- \/ Yoast SEO plugin. -->","yoast_head_json":{"title":"O goberno do BNG-PSOE tacha de desprop\u00f3sito o pintado da Avenida de Castelao -","robots":{"index":"index","follow":"follow","max-snippet":"max-snippet:-1","max-image-preview":"max-image-preview:large","max-video-preview":"max-video-preview:-1"},"canonical":"https:\/\/www.anovapeneira.gal\/index.php\/2019\/12\/17\/o-goberno-do-bng-psoe-tacha-de-desproposito-o-pintado-da-avenida-de-castelao\/","og_locale":"gl_ES","og_type":"article","og_title":"O goberno do BNG-PSOE tacha de desprop\u00f3sito o pintado da Avenida de Castelao -","og_description":"Dous meses despois de concluidas as obras o pintado a\u00ednda est\u00e1 incompleto [...]","og_url":"https:\/\/www.anovapeneira.gal\/index.php\/2019\/12\/17\/o-goberno-do-bng-psoe-tacha-de-desproposito-o-pintado-da-avenida-de-castelao\/","article_publisher":"https:\/\/www.facebook.com\/anovapeneira","article_published_time":"2019-12-17T13:00:06+00:00","og_image":[{"width":720,"height":432,"url":"https:\/\/www.anovapeneira.gal\/wp-content\/uploads\/2019\/12\/PONTEAREAS_condenado_a_nova_peneira.jpg","type":"image\/jpeg"}],"author":"Redacci\u00f3n A Nova Peneira","twitter_card":"summary_large_image","twitter_creator":"@APeneira","twitter_site":"@APeneira","twitter_misc":{"Escrito por":"Redacci\u00f3n A Nova Peneira","Tempo de lectura":"2 minutos"},"schema":{"@context":"https:\/\/schema.org","@graph":[{"@type":"Article","@id":"https:\/\/www.anovapeneira.gal\/index.php\/2019\/12\/17\/o-goberno-do-bng-psoe-tacha-de-desproposito-o-pintado-da-avenida-de-castelao\/#article","isPartOf":{"@id":"https:\/\/www.anovapeneira.gal\/index.php\/2019\/12\/17\/o-goberno-do-bng-psoe-tacha-de-desproposito-o-pintado-da-avenida-de-castelao\/"},"author":{"name":"Redacci\u00f3n A Nova Peneira","@id":"https:\/\/www.anovapeneira.gal\/#\/schema\/person\/b93e3f8932e3f8da96334607eb6ac6aa"},"headline":"O goberno do BNG-PSOE tacha de desprop\u00f3sito o pintado da Avenida de Castelao","datePublished":"2019-12-17T13:00:06+00:00","mainEntityOfPage":{"@id":"https:\/\/www.anovapeneira.gal\/index.php\/2019\/12\/17\/o-goberno-do-bng-psoe-tacha-de-desproposito-o-pintado-da-avenida-de-castelao\/"},"wordCount":339,"commentCount":0,"publisher":{"@id":"https:\/\/www.anovapeneira.gal\/#organization"},"image":{"@id":"https:\/\/www.anovapeneira.gal\/index.php\/2019\/12\/17\/o-goberno-do-bng-psoe-tacha-de-desproposito-o-pintado-da-avenida-de-castelao\/#primaryimage"},"thumbnailUrl":"https:\/\/www.anovapeneira.gal\/wp-content\/uploads\/2019\/12\/PONTEAREAS_condenado_a_nova_peneira.jpg","keywords":["Concello de Ponteareas","Fomento"],"articleSection":["Condado"],"inLanguage":"gl-ES","potentialAction":[{"@type":"CommentAction","name":"Comment","target":["https:\/\/www.anovapeneira.gal\/index.php\/2019\/12\/17\/o-goberno-do-bng-psoe-tacha-de-desproposito-o-pintado-da-avenida-de-castelao\/#respond"]}]},{"@type":"WebPage","@id":"https:\/\/www.anovapeneira.gal\/index.php\/2019\/12\/17\/o-goberno-do-bng-psoe-tacha-de-desproposito-o-pintado-da-avenida-de-castelao\/","url":"https:\/\/www.anovapeneira.gal\/index.php\/2019\/12\/17\/o-goberno-do-bng-psoe-tacha-de-desproposito-o-pintado-da-avenida-de-castelao\/","name":"O goberno do BNG-PSOE tacha de desprop\u00f3sito o pintado da Avenida de Castelao -","isPartOf":{"@id":"https:\/\/www.anovapeneira.gal\/#website"},"primaryImageOfPage":{"@id":"https:\/\/www.anovapeneira.gal\/index.php\/2019\/12\/17\/o-goberno-do-bng-psoe-tacha-de-desproposito-o-pintado-da-avenida-de-castelao\/#primaryimage"},"image":{"@id":"https:\/\/www.anovapeneira.gal\/index.php\/2019\/12\/17\/o-goberno-do-bng-psoe-tacha-de-desproposito-o-pintado-da-avenida-de-castelao\/#primaryimage"},"thumbnailUrl":"https:\/\/www.anovapeneira.gal\/wp-content\/uploads\/2019\/12\/PONTEAREAS_condenado_a_nova_peneira.jpg","datePublished":"2019-12-17T13:00:06+00:00","breadcrumb":{"@id":"https:\/\/www.anovapeneira.gal\/index.php\/2019\/12\/17\/o-goberno-do-bng-psoe-tacha-de-desproposito-o-pintado-da-avenida-de-castelao\/#breadcrumb"},"inLanguage":"gl-ES","potentialAction":[{"@type":"ReadAction","target":["https:\/\/www.anovapeneira.gal\/index.php\/2019\/12\/17\/o-goberno-do-bng-psoe-tacha-de-desproposito-o-pintado-da-avenida-de-castelao\/"]}]},{"@type":"ImageObject","inLanguage":"gl-ES","@id":"https:\/\/www.anovapeneira.gal\/index.php\/2019\/12\/17\/o-goberno-do-bng-psoe-tacha-de-desproposito-o-pintado-da-avenida-de-castelao\/#primaryimage","url":"https:\/\/www.anovapeneira.gal\/wp-content\/uploads\/2019\/12\/PONTEAREAS_condenado_a_nova_peneira.jpg","contentUrl":"https:\/\/www.anovapeneira.gal\/wp-content\/uploads\/2019\/12\/PONTEAREAS_condenado_a_nova_peneira.jpg","width":720,"height":432,"caption":"Ponteareas A Nova Peneira"},{"@type":"BreadcrumbList","@id":"https:\/\/www.anovapeneira.gal\/index.php\/2019\/12\/17\/o-goberno-do-bng-psoe-tacha-de-desproposito-o-pintado-da-avenida-de-castelao\/#breadcrumb","itemListElement":[{"@type":"ListItem","position":1,"name":"Portada","item":"https:\/\/www.anovapeneira.gal\/"},{"@type":"ListItem","position":2,"name":"O goberno do BNG-PSOE tacha de desprop\u00f3sito o pintado da Avenida de Castelao"}]},{"@type":"WebSite","@id":"https:\/\/www.anovapeneira.gal\/#website","url":"https:\/\/www.anovapeneira.gal\/","name":"","description":"Xornal galego de informaci\u00f3n xeral Publicaci\u00f3n mensual de novas de Galicia e en especial dos Concellos da sur da provincia de Pontevedra.","publisher":{"@id":"https:\/\/www.anovapeneira.gal\/#organization"},"potentialAction":[{"@type":"SearchAction","target":{"@type":"EntryPoint","urlTemplate":"https:\/\/www.anovapeneira.gal\/?s={search_term_string}"},"query-input":{"@type":"PropertyValueSpecification","valueRequired":true,"valueName":"search_term_string"}}],"inLanguage":"gl-ES"},{"@type":"Organization","@id":"https:\/\/www.anovapeneira.gal\/#organization","name":"A Nova Peneira","url":"https:\/\/www.anovapeneira.gal\/","logo":{"@type":"ImageObject","inLanguage":"gl-ES","@id":"https:\/\/www.anovapeneira.gal\/#\/schema\/logo\/image\/","url":"http:\/\/www.anovapeneira.gal\/wp-content\/uploads\/2019\/06\/logo_a_nova_peneira_portal_web.png","contentUrl":"http:\/\/www.anovapeneira.gal\/wp-content\/uploads\/2019\/06\/logo_a_nova_peneira_portal_web.png","width":300,"height":100,"caption":"A Nova Peneira"},"image":{"@id":"https:\/\/www.anovapeneira.gal\/#\/schema\/logo\/image\/"},"sameAs":["https:\/\/www.facebook.com\/anovapeneira","https:\/\/x.com\/APeneira"]},{"@type":"Person","@id":"https:\/\/www.anovapeneira.gal\/#\/schema\/person\/b93e3f8932e3f8da96334607eb6ac6aa","name":"Redacci\u00f3n A Nova Peneira","image":{"@type":"ImageObject","inLanguage":"gl-ES","@id":"https:\/\/secure.gravatar.com\/avatar\/c052a2551a06e23fac63626232eaa90abd78dbcf1700fc46a2b2c89fd27b735f?s=96&d=mm&r=g","url":"https:\/\/secure.gravatar.com\/avatar\/c052a2551a06e23fac63626232eaa90abd78dbcf1700fc46a2b2c89fd27b735f?s=96&d=mm&r=g","contentUrl":"https:\/\/secure.gravatar.com\/avatar\/c052a2551a06e23fac63626232eaa90abd78dbcf1700fc46a2b2c89fd27b735f?s=96&d=mm&r=g","caption":"Redacci\u00f3n A Nova Peneira"},"sameAs":["http:\/\/www.anovapeneira.gal\/"],"url":"https:\/\/www.anovapeneira.gal\/index.php\/author\/redactor\/"}]}},"jetpack_featured_media_url":"https:\/\/www.anovapeneira.gal\/wp-content\/uploads\/2019\/12\/PONTEAREAS_condenado_a_nova_peneira.jpg","_links":{"self":[{"href":"https:\/\/www.anovapeneira.gal\/index.php\/wp-json\/wp\/v2\/posts\/2031","targetHints":{"allow":["GET"]}}],"collection":[{"href":"https:\/\/www.anovapeneira.gal\/index.php\/wp-json\/wp\/v2\/posts"}],"about":[{"href":"https:\/\/www.anovapeneira.gal\/index.php\/wp-json\/wp\/v2\/types\/post"}],"author":[{"embeddable":true,"href":"https:\/\/www.anovapeneira.gal\/index.php\/wp-json\/wp\/v2\/users\/3"}],"replies":[{"embeddable":true,"href":"https:\/\/www.anovapeneira.gal\/index.php\/wp-json\/wp\/v2\/comments?post=2031"}],"version-history":[{"count":1,"href":"https:\/\/www.anovapeneira.gal\/index.php\/wp-json\/wp\/v2\/posts\/2031\/revisions"}],"predecessor-version":[{"id":2033,"href":"https:\/\/www.anovapeneira.gal\/index.php\/wp-json\/wp\/v2\/posts\/2031\/revisions\/2033"}],"wp:featuredmedia":[{"embeddable":true,"href":"https:\/\/www.anovapeneira.gal\/index.php\/wp-json\/wp\/v2\/media\/2032"}],"wp:attachment":[{"href":"https:\/\/www.anovapeneira.gal\/index.php\/wp-json\/wp\/v2\/media?parent=2031"}],"wp:term":[{"taxonomy":"category","embeddable":true,"href":"https:\/\/www.anovapeneira.gal\/index.php\/wp-json\/wp\/v2\/categories?post=2031"},{"taxonomy":"post_tag","embeddable":true,"href":"https:\/\/www.anovapeneira.gal\/index.php\/wp-json\/wp\/v2\/tags?post=2031"}],"curies":[{"name":"wp","href":"https:\/\/api.w.org\/{rel}","templated":true}]}}