{"id":2036,"date":"2019-12-18T12:00:30","date_gmt":"2019-12-18T11:00:30","guid":{"rendered":"http:\/\/www.anovapeneira.gal\/?p=2036"},"modified":"2019-12-15T21:52:12","modified_gmt":"2019-12-15T20:52:12","slug":"o-concello-de-bueu-substituira-mais-de-400-luminarias-por-outras-led-cunha-subvencion-do-idae","status":"publish","type":"post","link":"https:\/\/www.anovapeneira.gal\/index.php\/2019\/12\/18\/o-concello-de-bueu-substituira-mais-de-400-luminarias-por-outras-led-cunha-subvencion-do-idae\/","title":{"rendered":"O  Concello de Bueu substituir\u00e1 m\u00e1is de 400 luminarias por outras led cunha subvenci\u00f3n do idae"},"content":{"rendered":"\n<h2 class=\"wp-block-heading\"><strong>As \u00e1reas nas que se vai actuar son as de Montemogos, Pousada, Banda do R\u00edo e Pazos Fontenla, e o proxecto est\u00e1 valorado en preto de 200.000 euros<\/strong> <\/h2>\n\n\n\n<p> <strong>Bueu, a 12 de decembro de 2019<\/strong><\/p>\n\n\n\n<p>O Concello de Bueu v\u00e9n de solicitar \u00e1 Deputaci\u00f3n de Pontevedra a adhesi\u00f3n no marco das axudas do Instituto para a Diversificaci\u00f3n de Enerx\u00eda (IDAE), que van permitir substitu\u00edr m\u00e1is de catrocentas luminarias obsoletas das tres parroquias por outras de tipo LED que, segundo salienta o alcalde e a concelleira de medio ambiente, permitir\u00e1n reducir o consumo el\u00e9ctrico, ofrecer\u00e1n unha tecnolox\u00eda m\u00e1is fiable en canto \u00e1 conservaci\u00f3n e mantemento e minimizar\u00e1n considerablemente a contaminaci\u00f3n lum\u00ednica.  <\/p>\n\n\n\n<p>\nAs\u00ed, o Concello\nelaborou unha memoria na que se detallan catro \u00e1reas estrat\u00e9xicas\nnas que se van actuar, que son a zona de Pousada, na parroquia de\nCela, e o lugar de Montemogos, en Beluso. Tam\u00e9n destaca a renovaci\u00f3n\nde puntos de luz en r\u00faas do centro como Pazos Fontenla, Matilde\nBares, Joh\u00e1n Carballeira e parte da urbanizaci\u00f3n das Lagoas; e a\ndas zonas interiores do barrio da Banda do R\u00edo, concretamente nas\nr\u00faas Rosal\u00eda de Castro, Francisco Esc\u00e1neo e Alexandre B\u00f3veda.<\/p>\n\n\n\n<p>\nF\u00e9lix Juncal\ndestaca que a \u00e1rea de medio ambiente est\u00e1 a ter moito protagonismo\nno presente e no futuro inmediato. \u201cEstamos actualmente inmersos na\nelaboraci\u00f3n do Plan de Mobilidade Sostible e na auditor\u00eda sobre\nconsumo enerx\u00e9tico no marco do Pacto dos Alcaldes polo Clima e a\nEnerx\u00eda\u201d. O rexedor bueu\u00e9s salienta que \u201ca nosa sensibilidade\nco planeta e coa mellora do clima ser\u00e1 cada vez m\u00e1is forte e\ndestinaremos m\u00e1is recursos econ\u00f3micos\u201d. \n<\/p>\n\n\n\n<p>\nEste proxecto est\u00e1\nvalorado en preto de 200.000 euros, doa cales o Concello de Bueu e a\nDeputaci\u00f3n deber\u00e1n achegar o 10%, correspondendo a maior\u00eda do\nfinanciamento ao IDAE.<\/p>\n","protected":false},"excerpt":{"rendered":"<div class=\"mh-excerpt\"><p>As \u00e1reas nas que se vai actuar son as de Montemogos, Pousada, Banda do R\u00edo e Pazos Fontenla <a class=\"mh-excerpt-more\" href=\"https:\/\/www.anovapeneira.gal\/index.php\/2019\/12\/18\/o-concello-de-bueu-substituira-mais-de-400-luminarias-por-outras-led-cunha-subvencion-do-idae\/\" title=\"O  Concello de Bueu substituir\u00e1 m\u00e1is de 400 luminarias por outras led cunha subvenci\u00f3n do idae\">[&#8230;]<\/a><\/p>\n<\/div>","protected":false},"author":3,"featured_media":2037,"comment_status":"open","ping_status":"open","sticky":false,"template":"","format":"standard","meta":{"_exactmetrics_skip_tracking":false,"_exactmetrics_sitenote_active":false,"_exactmetrics_sitenote_note":"","_exactmetrics_sitenote_category":0,"footnotes":""},"categories":[22],"tags":[440,121],"class_list":{"0":"post-2036","1":"post","2":"type-post","3":"status-publish","4":"format-standard","5":"has-post-thumbnail","7":"category-morrazo","8":"tag-concello-de-bueu","9":"tag-fomento"},"yoast_head":"<!-- This site is optimized with the Yoast SEO plugin v27.4 - https:\/\/yoast.com\/product\/yoast-seo-wordpress\/ -->\n<title>O Concello de Bueu substituir\u00e1 m\u00e1is de 400 luminarias por outras led cunha subvenci\u00f3n do idae -<\/title>\n<meta name=\"robots\" content=\"index, follow, max-snippet:-1, max-image-preview:large, max-video-preview:-1\" \/>\n<link rel=\"canonical\" href=\"https:\/\/www.anovapeneira.gal\/index.php\/2019\/12\/18\/o-concello-de-bueu-substituira-mais-de-400-luminarias-por-outras-led-cunha-subvencion-do-idae\/\" \/>\n<meta property=\"og:locale\" content=\"gl_ES\" \/>\n<meta property=\"og:type\" content=\"article\" \/>\n<meta property=\"og:title\" content=\"O Concello de Bueu substituir\u00e1 m\u00e1is de 400 luminarias por outras led cunha subvenci\u00f3n do idae -\" \/>\n<meta property=\"og:description\" content=\"As \u00e1reas nas que se vai actuar son as de Montemogos, Pousada, Banda do R\u00edo e Pazos Fontenla [...]\" \/>\n<meta property=\"og:url\" content=\"https:\/\/www.anovapeneira.gal\/index.php\/2019\/12\/18\/o-concello-de-bueu-substituira-mais-de-400-luminarias-por-outras-led-cunha-subvencion-do-idae\/\" \/>\n<meta property=\"article:publisher\" content=\"https:\/\/www.facebook.com\/anovapeneira\" \/>\n<meta property=\"article:published_time\" content=\"2019-12-18T11:00:30+00:00\" \/>\n<meta property=\"og:image\" content=\"https:\/\/www.anovapeneira.gal\/wp-content\/uploads\/2019\/12\/cambio_luminarias_led_recta_peon_beluso_a_nova_peneira.jpeg\" \/>\n\t<meta property=\"og:image:width\" content=\"720\" \/>\n\t<meta property=\"og:image:height\" content=\"432\" \/>\n\t<meta property=\"og:image:type\" content=\"image\/jpeg\" \/>\n<meta name=\"author\" content=\"Redacci\u00f3n A Nova Peneira\" \/>\n<meta name=\"twitter:card\" content=\"summary_large_image\" \/>\n<meta name=\"twitter:creator\" content=\"@APeneira\" \/>\n<meta name=\"twitter:site\" content=\"@APeneira\" \/>\n<meta name=\"twitter:label1\" content=\"Escrito por\" \/>\n\t<meta name=\"twitter:data1\" content=\"Redacci\u00f3n A Nova Peneira\" \/>\n\t<meta name=\"twitter:label2\" content=\"Tempo de lectura\" \/>\n\t<meta name=\"twitter:data2\" content=\"2 minutos\" \/>\n<script type=\"application\/ld+json\" class=\"yoast-schema-graph\">{\"@context\":\"https:\\\/\\\/schema.org\",\"@graph\":[{\"@type\":\"Article\",\"@id\":\"https:\\\/\\\/www.anovapeneira.gal\\\/index.php\\\/2019\\\/12\\\/18\\\/o-concello-de-bueu-substituira-mais-de-400-luminarias-por-outras-led-cunha-subvencion-do-idae\\\/#article\",\"isPartOf\":{\"@id\":\"https:\\\/\\\/www.anovapeneira.gal\\\/index.php\\\/2019\\\/12\\\/18\\\/o-concello-de-bueu-substituira-mais-de-400-luminarias-por-outras-led-cunha-subvencion-do-idae\\\/\"},\"author\":{\"name\":\"Redacci\u00f3n A Nova Peneira\",\"@id\":\"https:\\\/\\\/www.anovapeneira.gal\\\/#\\\/schema\\\/person\\\/b93e3f8932e3f8da96334607eb6ac6aa\"},\"headline\":\"O Concello de Bueu substituir\u00e1 m\u00e1is de 400 luminarias por outras led cunha subvenci\u00f3n do idae\",\"datePublished\":\"2019-12-18T11:00:30+00:00\",\"mainEntityOfPage\":{\"@id\":\"https:\\\/\\\/www.anovapeneira.gal\\\/index.php\\\/2019\\\/12\\\/18\\\/o-concello-de-bueu-substituira-mais-de-400-luminarias-por-outras-led-cunha-subvencion-do-idae\\\/\"},\"wordCount\":343,\"commentCount\":0,\"publisher\":{\"@id\":\"https:\\\/\\\/www.anovapeneira.gal\\\/#organization\"},\"image\":{\"@id\":\"https:\\\/\\\/www.anovapeneira.gal\\\/index.php\\\/2019\\\/12\\\/18\\\/o-concello-de-bueu-substituira-mais-de-400-luminarias-por-outras-led-cunha-subvencion-do-idae\\\/#primaryimage\"},\"thumbnailUrl\":\"https:\\\/\\\/www.anovapeneira.gal\\\/wp-content\\\/uploads\\\/2019\\\/12\\\/cambio_luminarias_led_recta_peon_beluso_a_nova_peneira.jpeg\",\"keywords\":[\"Concello de Bueu\",\"Fomento\"],\"articleSection\":[\"Morrazo\"],\"inLanguage\":\"gl-ES\",\"potentialAction\":[{\"@type\":\"CommentAction\",\"name\":\"Comment\",\"target\":[\"https:\\\/\\\/www.anovapeneira.gal\\\/index.php\\\/2019\\\/12\\\/18\\\/o-concello-de-bueu-substituira-mais-de-400-luminarias-por-outras-led-cunha-subvencion-do-idae\\\/#respond\"]}]},{\"@type\":\"WebPage\",\"@id\":\"https:\\\/\\\/www.anovapeneira.gal\\\/index.php\\\/2019\\\/12\\\/18\\\/o-concello-de-bueu-substituira-mais-de-400-luminarias-por-outras-led-cunha-subvencion-do-idae\\\/\",\"url\":\"https:\\\/\\\/www.anovapeneira.gal\\\/index.php\\\/2019\\\/12\\\/18\\\/o-concello-de-bueu-substituira-mais-de-400-luminarias-por-outras-led-cunha-subvencion-do-idae\\\/\",\"name\":\"O Concello de Bueu substituir\u00e1 m\u00e1is de 400 luminarias por outras led cunha subvenci\u00f3n do idae -\",\"isPartOf\":{\"@id\":\"https:\\\/\\\/www.anovapeneira.gal\\\/#website\"},\"primaryImageOfPage\":{\"@id\":\"https:\\\/\\\/www.anovapeneira.gal\\\/index.php\\\/2019\\\/12\\\/18\\\/o-concello-de-bueu-substituira-mais-de-400-luminarias-por-outras-led-cunha-subvencion-do-idae\\\/#primaryimage\"},\"image\":{\"@id\":\"https:\\\/\\\/www.anovapeneira.gal\\\/index.php\\\/2019\\\/12\\\/18\\\/o-concello-de-bueu-substituira-mais-de-400-luminarias-por-outras-led-cunha-subvencion-do-idae\\\/#primaryimage\"},\"thumbnailUrl\":\"https:\\\/\\\/www.anovapeneira.gal\\\/wp-content\\\/uploads\\\/2019\\\/12\\\/cambio_luminarias_led_recta_peon_beluso_a_nova_peneira.jpeg\",\"datePublished\":\"2019-12-18T11:00:30+00:00\",\"breadcrumb\":{\"@id\":\"https:\\\/\\\/www.anovapeneira.gal\\\/index.php\\\/2019\\\/12\\\/18\\\/o-concello-de-bueu-substituira-mais-de-400-luminarias-por-outras-led-cunha-subvencion-do-idae\\\/#breadcrumb\"},\"inLanguage\":\"gl-ES\",\"potentialAction\":[{\"@type\":\"ReadAction\",\"target\":[\"https:\\\/\\\/www.anovapeneira.gal\\\/index.php\\\/2019\\\/12\\\/18\\\/o-concello-de-bueu-substituira-mais-de-400-luminarias-por-outras-led-cunha-subvencion-do-idae\\\/\"]}]},{\"@type\":\"ImageObject\",\"inLanguage\":\"gl-ES\",\"@id\":\"https:\\\/\\\/www.anovapeneira.gal\\\/index.php\\\/2019\\\/12\\\/18\\\/o-concello-de-bueu-substituira-mais-de-400-luminarias-por-outras-led-cunha-subvencion-do-idae\\\/#primaryimage\",\"url\":\"https:\\\/\\\/www.anovapeneira.gal\\\/wp-content\\\/uploads\\\/2019\\\/12\\\/cambio_luminarias_led_recta_peon_beluso_a_nova_peneira.jpeg\",\"contentUrl\":\"https:\\\/\\\/www.anovapeneira.gal\\\/wp-content\\\/uploads\\\/2019\\\/12\\\/cambio_luminarias_led_recta_peon_beluso_a_nova_peneira.jpeg\",\"width\":720,\"height\":432,\"caption\":\"Luminarias Concello de Bueu A Nova Peneira\"},{\"@type\":\"BreadcrumbList\",\"@id\":\"https:\\\/\\\/www.anovapeneira.gal\\\/index.php\\\/2019\\\/12\\\/18\\\/o-concello-de-bueu-substituira-mais-de-400-luminarias-por-outras-led-cunha-subvencion-do-idae\\\/#breadcrumb\",\"itemListElement\":[{\"@type\":\"ListItem\",\"position\":1,\"name\":\"Portada\",\"item\":\"https:\\\/\\\/www.anovapeneira.gal\\\/\"},{\"@type\":\"ListItem\",\"position\":2,\"name\":\"O Concello de Bueu substituir\u00e1 m\u00e1is de 400 luminarias por outras led cunha subvenci\u00f3n do idae\"}]},{\"@type\":\"WebSite\",\"@id\":\"https:\\\/\\\/www.anovapeneira.gal\\\/#website\",\"url\":\"https:\\\/\\\/www.anovapeneira.gal\\\/\",\"name\":\"\",\"description\":\"Xornal galego de informaci\u00f3n xeral Publicaci\u00f3n mensual de novas de Galicia e en especial dos Concellos da sur da provincia de Pontevedra.\",\"publisher\":{\"@id\":\"https:\\\/\\\/www.anovapeneira.gal\\\/#organization\"},\"potentialAction\":[{\"@type\":\"SearchAction\",\"target\":{\"@type\":\"EntryPoint\",\"urlTemplate\":\"https:\\\/\\\/www.anovapeneira.gal\\\/?s={search_term_string}\"},\"query-input\":{\"@type\":\"PropertyValueSpecification\",\"valueRequired\":true,\"valueName\":\"search_term_string\"}}],\"inLanguage\":\"gl-ES\"},{\"@type\":\"Organization\",\"@id\":\"https:\\\/\\\/www.anovapeneira.gal\\\/#organization\",\"name\":\"A Nova Peneira\",\"url\":\"https:\\\/\\\/www.anovapeneira.gal\\\/\",\"logo\":{\"@type\":\"ImageObject\",\"inLanguage\":\"gl-ES\",\"@id\":\"https:\\\/\\\/www.anovapeneira.gal\\\/#\\\/schema\\\/logo\\\/image\\\/\",\"url\":\"http:\\\/\\\/www.anovapeneira.gal\\\/wp-content\\\/uploads\\\/2019\\\/06\\\/logo_a_nova_peneira_portal_web.png\",\"contentUrl\":\"http:\\\/\\\/www.anovapeneira.gal\\\/wp-content\\\/uploads\\\/2019\\\/06\\\/logo_a_nova_peneira_portal_web.png\",\"width\":300,\"height\":100,\"caption\":\"A Nova Peneira\"},\"image\":{\"@id\":\"https:\\\/\\\/www.anovapeneira.gal\\\/#\\\/schema\\\/logo\\\/image\\\/\"},\"sameAs\":[\"https:\\\/\\\/www.facebook.com\\\/anovapeneira\",\"https:\\\/\\\/x.com\\\/APeneira\"]},{\"@type\":\"Person\",\"@id\":\"https:\\\/\\\/www.anovapeneira.gal\\\/#\\\/schema\\\/person\\\/b93e3f8932e3f8da96334607eb6ac6aa\",\"name\":\"Redacci\u00f3n A Nova Peneira\",\"image\":{\"@type\":\"ImageObject\",\"inLanguage\":\"gl-ES\",\"@id\":\"https:\\\/\\\/secure.gravatar.com\\\/avatar\\\/c052a2551a06e23fac63626232eaa90abd78dbcf1700fc46a2b2c89fd27b735f?s=96&d=mm&r=g\",\"url\":\"https:\\\/\\\/secure.gravatar.com\\\/avatar\\\/c052a2551a06e23fac63626232eaa90abd78dbcf1700fc46a2b2c89fd27b735f?s=96&d=mm&r=g\",\"contentUrl\":\"https:\\\/\\\/secure.gravatar.com\\\/avatar\\\/c052a2551a06e23fac63626232eaa90abd78dbcf1700fc46a2b2c89fd27b735f?s=96&d=mm&r=g\",\"caption\":\"Redacci\u00f3n A Nova Peneira\"},\"sameAs\":[\"http:\\\/\\\/www.anovapeneira.gal\\\/\"],\"url\":\"https:\\\/\\\/www.anovapeneira.gal\\\/index.php\\\/author\\\/redactor\\\/\"}]}<\/script>\n<!-- \/ Yoast SEO plugin. -->","yoast_head_json":{"title":"O Concello de Bueu substituir\u00e1 m\u00e1is de 400 luminarias por outras led cunha subvenci\u00f3n do idae -","robots":{"index":"index","follow":"follow","max-snippet":"max-snippet:-1","max-image-preview":"max-image-preview:large","max-video-preview":"max-video-preview:-1"},"canonical":"https:\/\/www.anovapeneira.gal\/index.php\/2019\/12\/18\/o-concello-de-bueu-substituira-mais-de-400-luminarias-por-outras-led-cunha-subvencion-do-idae\/","og_locale":"gl_ES","og_type":"article","og_title":"O Concello de Bueu substituir\u00e1 m\u00e1is de 400 luminarias por outras led cunha subvenci\u00f3n do idae -","og_description":"As \u00e1reas nas que se vai actuar son as de Montemogos, Pousada, Banda do R\u00edo e Pazos Fontenla [...]","og_url":"https:\/\/www.anovapeneira.gal\/index.php\/2019\/12\/18\/o-concello-de-bueu-substituira-mais-de-400-luminarias-por-outras-led-cunha-subvencion-do-idae\/","article_publisher":"https:\/\/www.facebook.com\/anovapeneira","article_published_time":"2019-12-18T11:00:30+00:00","og_image":[{"width":720,"height":432,"url":"https:\/\/www.anovapeneira.gal\/wp-content\/uploads\/2019\/12\/cambio_luminarias_led_recta_peon_beluso_a_nova_peneira.jpeg","type":"image\/jpeg"}],"author":"Redacci\u00f3n A Nova Peneira","twitter_card":"summary_large_image","twitter_creator":"@APeneira","twitter_site":"@APeneira","twitter_misc":{"Escrito por":"Redacci\u00f3n A Nova Peneira","Tempo de lectura":"2 minutos"},"schema":{"@context":"https:\/\/schema.org","@graph":[{"@type":"Article","@id":"https:\/\/www.anovapeneira.gal\/index.php\/2019\/12\/18\/o-concello-de-bueu-substituira-mais-de-400-luminarias-por-outras-led-cunha-subvencion-do-idae\/#article","isPartOf":{"@id":"https:\/\/www.anovapeneira.gal\/index.php\/2019\/12\/18\/o-concello-de-bueu-substituira-mais-de-400-luminarias-por-outras-led-cunha-subvencion-do-idae\/"},"author":{"name":"Redacci\u00f3n A Nova Peneira","@id":"https:\/\/www.anovapeneira.gal\/#\/schema\/person\/b93e3f8932e3f8da96334607eb6ac6aa"},"headline":"O Concello de Bueu substituir\u00e1 m\u00e1is de 400 luminarias por outras led cunha subvenci\u00f3n do idae","datePublished":"2019-12-18T11:00:30+00:00","mainEntityOfPage":{"@id":"https:\/\/www.anovapeneira.gal\/index.php\/2019\/12\/18\/o-concello-de-bueu-substituira-mais-de-400-luminarias-por-outras-led-cunha-subvencion-do-idae\/"},"wordCount":343,"commentCount":0,"publisher":{"@id":"https:\/\/www.anovapeneira.gal\/#organization"},"image":{"@id":"https:\/\/www.anovapeneira.gal\/index.php\/2019\/12\/18\/o-concello-de-bueu-substituira-mais-de-400-luminarias-por-outras-led-cunha-subvencion-do-idae\/#primaryimage"},"thumbnailUrl":"https:\/\/www.anovapeneira.gal\/wp-content\/uploads\/2019\/12\/cambio_luminarias_led_recta_peon_beluso_a_nova_peneira.jpeg","keywords":["Concello de Bueu","Fomento"],"articleSection":["Morrazo"],"inLanguage":"gl-ES","potentialAction":[{"@type":"CommentAction","name":"Comment","target":["https:\/\/www.anovapeneira.gal\/index.php\/2019\/12\/18\/o-concello-de-bueu-substituira-mais-de-400-luminarias-por-outras-led-cunha-subvencion-do-idae\/#respond"]}]},{"@type":"WebPage","@id":"https:\/\/www.anovapeneira.gal\/index.php\/2019\/12\/18\/o-concello-de-bueu-substituira-mais-de-400-luminarias-por-outras-led-cunha-subvencion-do-idae\/","url":"https:\/\/www.anovapeneira.gal\/index.php\/2019\/12\/18\/o-concello-de-bueu-substituira-mais-de-400-luminarias-por-outras-led-cunha-subvencion-do-idae\/","name":"O Concello de Bueu substituir\u00e1 m\u00e1is de 400 luminarias por outras led cunha subvenci\u00f3n do idae -","isPartOf":{"@id":"https:\/\/www.anovapeneira.gal\/#website"},"primaryImageOfPage":{"@id":"https:\/\/www.anovapeneira.gal\/index.php\/2019\/12\/18\/o-concello-de-bueu-substituira-mais-de-400-luminarias-por-outras-led-cunha-subvencion-do-idae\/#primaryimage"},"image":{"@id":"https:\/\/www.anovapeneira.gal\/index.php\/2019\/12\/18\/o-concello-de-bueu-substituira-mais-de-400-luminarias-por-outras-led-cunha-subvencion-do-idae\/#primaryimage"},"thumbnailUrl":"https:\/\/www.anovapeneira.gal\/wp-content\/uploads\/2019\/12\/cambio_luminarias_led_recta_peon_beluso_a_nova_peneira.jpeg","datePublished":"2019-12-18T11:00:30+00:00","breadcrumb":{"@id":"https:\/\/www.anovapeneira.gal\/index.php\/2019\/12\/18\/o-concello-de-bueu-substituira-mais-de-400-luminarias-por-outras-led-cunha-subvencion-do-idae\/#breadcrumb"},"inLanguage":"gl-ES","potentialAction":[{"@type":"ReadAction","target":["https:\/\/www.anovapeneira.gal\/index.php\/2019\/12\/18\/o-concello-de-bueu-substituira-mais-de-400-luminarias-por-outras-led-cunha-subvencion-do-idae\/"]}]},{"@type":"ImageObject","inLanguage":"gl-ES","@id":"https:\/\/www.anovapeneira.gal\/index.php\/2019\/12\/18\/o-concello-de-bueu-substituira-mais-de-400-luminarias-por-outras-led-cunha-subvencion-do-idae\/#primaryimage","url":"https:\/\/www.anovapeneira.gal\/wp-content\/uploads\/2019\/12\/cambio_luminarias_led_recta_peon_beluso_a_nova_peneira.jpeg","contentUrl":"https:\/\/www.anovapeneira.gal\/wp-content\/uploads\/2019\/12\/cambio_luminarias_led_recta_peon_beluso_a_nova_peneira.jpeg","width":720,"height":432,"caption":"Luminarias Concello de Bueu A Nova Peneira"},{"@type":"BreadcrumbList","@id":"https:\/\/www.anovapeneira.gal\/index.php\/2019\/12\/18\/o-concello-de-bueu-substituira-mais-de-400-luminarias-por-outras-led-cunha-subvencion-do-idae\/#breadcrumb","itemListElement":[{"@type":"ListItem","position":1,"name":"Portada","item":"https:\/\/www.anovapeneira.gal\/"},{"@type":"ListItem","position":2,"name":"O Concello de Bueu substituir\u00e1 m\u00e1is de 400 luminarias por outras led cunha subvenci\u00f3n do idae"}]},{"@type":"WebSite","@id":"https:\/\/www.anovapeneira.gal\/#website","url":"https:\/\/www.anovapeneira.gal\/","name":"","description":"Xornal galego de informaci\u00f3n xeral Publicaci\u00f3n mensual de novas de Galicia e en especial dos Concellos da sur da provincia de Pontevedra.","publisher":{"@id":"https:\/\/www.anovapeneira.gal\/#organization"},"potentialAction":[{"@type":"SearchAction","target":{"@type":"EntryPoint","urlTemplate":"https:\/\/www.anovapeneira.gal\/?s={search_term_string}"},"query-input":{"@type":"PropertyValueSpecification","valueRequired":true,"valueName":"search_term_string"}}],"inLanguage":"gl-ES"},{"@type":"Organization","@id":"https:\/\/www.anovapeneira.gal\/#organization","name":"A Nova Peneira","url":"https:\/\/www.anovapeneira.gal\/","logo":{"@type":"ImageObject","inLanguage":"gl-ES","@id":"https:\/\/www.anovapeneira.gal\/#\/schema\/logo\/image\/","url":"http:\/\/www.anovapeneira.gal\/wp-content\/uploads\/2019\/06\/logo_a_nova_peneira_portal_web.png","contentUrl":"http:\/\/www.anovapeneira.gal\/wp-content\/uploads\/2019\/06\/logo_a_nova_peneira_portal_web.png","width":300,"height":100,"caption":"A Nova Peneira"},"image":{"@id":"https:\/\/www.anovapeneira.gal\/#\/schema\/logo\/image\/"},"sameAs":["https:\/\/www.facebook.com\/anovapeneira","https:\/\/x.com\/APeneira"]},{"@type":"Person","@id":"https:\/\/www.anovapeneira.gal\/#\/schema\/person\/b93e3f8932e3f8da96334607eb6ac6aa","name":"Redacci\u00f3n A Nova Peneira","image":{"@type":"ImageObject","inLanguage":"gl-ES","@id":"https:\/\/secure.gravatar.com\/avatar\/c052a2551a06e23fac63626232eaa90abd78dbcf1700fc46a2b2c89fd27b735f?s=96&d=mm&r=g","url":"https:\/\/secure.gravatar.com\/avatar\/c052a2551a06e23fac63626232eaa90abd78dbcf1700fc46a2b2c89fd27b735f?s=96&d=mm&r=g","contentUrl":"https:\/\/secure.gravatar.com\/avatar\/c052a2551a06e23fac63626232eaa90abd78dbcf1700fc46a2b2c89fd27b735f?s=96&d=mm&r=g","caption":"Redacci\u00f3n A Nova Peneira"},"sameAs":["http:\/\/www.anovapeneira.gal\/"],"url":"https:\/\/www.anovapeneira.gal\/index.php\/author\/redactor\/"}]}},"jetpack_featured_media_url":"https:\/\/www.anovapeneira.gal\/wp-content\/uploads\/2019\/12\/cambio_luminarias_led_recta_peon_beluso_a_nova_peneira.jpeg","_links":{"self":[{"href":"https:\/\/www.anovapeneira.gal\/index.php\/wp-json\/wp\/v2\/posts\/2036","targetHints":{"allow":["GET"]}}],"collection":[{"href":"https:\/\/www.anovapeneira.gal\/index.php\/wp-json\/wp\/v2\/posts"}],"about":[{"href":"https:\/\/www.anovapeneira.gal\/index.php\/wp-json\/wp\/v2\/types\/post"}],"author":[{"embeddable":true,"href":"https:\/\/www.anovapeneira.gal\/index.php\/wp-json\/wp\/v2\/users\/3"}],"replies":[{"embeddable":true,"href":"https:\/\/www.anovapeneira.gal\/index.php\/wp-json\/wp\/v2\/comments?post=2036"}],"version-history":[{"count":1,"href":"https:\/\/www.anovapeneira.gal\/index.php\/wp-json\/wp\/v2\/posts\/2036\/revisions"}],"predecessor-version":[{"id":2038,"href":"https:\/\/www.anovapeneira.gal\/index.php\/wp-json\/wp\/v2\/posts\/2036\/revisions\/2038"}],"wp:featuredmedia":[{"embeddable":true,"href":"https:\/\/www.anovapeneira.gal\/index.php\/wp-json\/wp\/v2\/media\/2037"}],"wp:attachment":[{"href":"https:\/\/www.anovapeneira.gal\/index.php\/wp-json\/wp\/v2\/media?parent=2036"}],"wp:term":[{"taxonomy":"category","embeddable":true,"href":"https:\/\/www.anovapeneira.gal\/index.php\/wp-json\/wp\/v2\/categories?post=2036"},{"taxonomy":"post_tag","embeddable":true,"href":"https:\/\/www.anovapeneira.gal\/index.php\/wp-json\/wp\/v2\/tags?post=2036"}],"curies":[{"name":"wp","href":"https:\/\/api.w.org\/{rel}","templated":true}]}}