{"id":2039,"date":"2019-12-18T14:00:58","date_gmt":"2019-12-18T13:00:58","guid":{"rendered":"http:\/\/www.anovapeneira.gal\/?p=2039"},"modified":"2019-12-15T21:59:23","modified_gmt":"2019-12-15T20:59:23","slug":"joam-peres-do-comite-executivo-de-causa-galiza","status":"publish","type":"post","link":"https:\/\/www.anovapeneira.gal\/index.php\/2019\/12\/18\/joam-peres-do-comite-executivo-de-causa-galiza\/","title":{"rendered":"Jo\u00e1m Peres, do comit\u00e9 executivo de Causa Galiza"},"content":{"rendered":"\n<pre class=\"wp-block-verse\"><strong>Tino\nLago<\/strong><\/pre>\n\n\n\n<h4 class=\"wp-block-heading\"><strong>Nuns\nmeses celebrarase na Audiencia Nacional o xu\u00edzo contra 12\nindependentistas das organizaci\u00f3ns Causa Galiza e Ceivar que se\nenfrontan a penas de prisi\u00f3n, de entre 4 e 12 anos, acusados de\nintegraci\u00f3n en &#8221;organizaci\u00f3n criminal para o enaltecemento do\nterrorismo&#8221;. A Nova Peneira falou con Jo\u00e1m Peres, un dos\nprocesados, que se enfronta a unha petici\u00f3n de 12 anos de prisi\u00f3n.\nEu non son avogado e desco\u00f1ezo o C\u00f3digo Penal, pero si desexo\nemitir unha opini\u00f3n, estritamente persoal, ao respecto desta\nsituaci\u00f3n: en Galicia, non existe hoxe, afortunadamente, ning\u00fan\ntipo de actividade terrorista, e ao meu xu\u00edzo, pretender encarcerar\na algu\u00e9n por enaltecer algo que non existe, se non \u00e9 perseguir pola\nv\u00eda penal a actividade pol\u00edtica par\u00e9ceselle moito.<\/strong><\/h4>\n\n\n\n<p><strong>Imos\ncontextualizar a situaci\u00f3n, para quen non o saiba, que \u00e9 CAUSA\nGALIZA?<\/strong><\/p>\n\n\n\n<blockquote class=\"wp-block-quote is-layout-flow wp-block-quote-is-layout-flow\"><p>\u00c9 unha organizaci\u00f3n pol\u00edtica independentista que desenvolve a s\u00faa actividade a plena luz do d\u00eda e defende a constituci\u00f3n dunha Rep\u00fablica Galega a trav\u00e9s dun proceso unilateral de autodeterminaci\u00f3n a medio e longo prazo, empregando a loita de masas, a ideol\u00f3xica e, co tempo, tam\u00e9n a loita electoral e institucional.<\/p><\/blockquote>\n\n\n\n<p><strong>Na\nEspa\u00f1a actual p\u00f3dese ser independentista con normalidade, de feito\nen numerosas ocasi\u00f3ns pol\u00edticos que se declaran independentistas\nsaen en medios de comunicaci\u00f3n de Madrid, e tiran con liberdade as\nmensaxes que consideran oportunas. Por\u00e9n, te\u00f1o a sensaci\u00f3n de que\no problema xurde cando se intentan procurar cami\u00f1os pol\u00edticos para\nlevar \u00e1 pr\u00e1ctica esa concepci\u00f3n te\u00f3rica?<\/strong><\/p>\n\n\n\n<blockquote class=\"wp-block-quote is-layout-flow wp-block-quote-is-layout-flow\"><p>Exacto. Hai anos repet\u00edase a consigna &#8221;en democracia, todos os proxectos pol\u00edticos son materializ\u00e1beis en ausencia de violencia&#8221;. Era o leit motiv con que o Estado retrucaba \u00e1 reivindicaci\u00f3n vasca. A disoluci\u00f3n de ETA trouxo un novo escenario e unha nova consigna repetida a coro segundo a cal &#8221;neng\u00fan proxecto pol\u00edtico que supere a Constituci\u00f3n espa\u00f1ola \u00e9 democr\u00e1tico&#8221;. O caso catal\u00e1n evidenciou que o problema non resid\u00eda nos m\u00e9todos utilizados para materializar un proxecto pol\u00edtico, mais na natureza independentista deste.<\/p><\/blockquote>\n\n\n\n<blockquote class=\"wp-block-quote is-layout-flow wp-block-quote-is-layout-flow\"><p>O caso galego non se sit\u00faa hoxe na dimensi\u00f3n dos anteriores e aqu\u00ed o Estado reprime preventivamente. Por que? En primeiro lugar para acoutar o independentismo encerr\u00e1ndoo no c\u00edrculo vicioso da represi\u00f3n: facer que a s\u00faa principal actividade sexa cubrirse dos golpes co que garantir\u00eda a residualidade e a vitoria estrat\u00e9xica sobre este. En segundo, porque o Estado co\u00f1ece a existencia dun proceso lento, mais inexor\u00e1bel, de maduraci\u00f3n independentista en segmentos do nacionalismo e da sociedade. A mensaxe dir\u00edxese a todo o campo nacionalista para advertir que cami\u00f1os son intransit\u00e1beis. Se, finalmente, Causa Galiza \u00e9 ilegalizada, iso criar\u00e1 un escenario dif\u00edcil para quen pretender reorganizar o proxecto independentista no futuro. A Espada de Damocles da consideraci\u00f3n como &#8221;sucesor&#8221; do xa disolto e, por tanto, unha nova ilegalizaci\u00f3n, pairar\u00eda sempre sobre el. Existe experiencia e xurisprudencia ao respecto que evidencia que isto \u00e9 as\u00ed.<\/p><\/blockquote>\n\n\n\n<p><strong>Cal\n\u00e9 a actividade habitual de Causa Galiza?<\/strong><\/p>\n\n\n\n<blockquote class=\"wp-block-quote is-layout-flow wp-block-quote-is-layout-flow\"><p>A actividade de Causa Galiza est\u00e1 rumada a aumentar a conciencia nacional e a conciencia independentista do pobo galego, a evidenciar que un problema colonial como o noso, con todas as s\u00faas consecuencias econ\u00f3micas, sociolaborais, ling\u00fc\u00edsticas, ambientais, etc., s\u00f3 ten a longo prazo unha soluci\u00f3n independentista e a articular militancia e masa social sobre estas premisas. A estes obxectivos subord\u00ednase a nosa existencia.<\/p><\/blockquote>\n\n\n\n<p><strong>Ti\npersoalmente participaches na creaci\u00f3n de CAUSA GALIZA?<\/strong><\/p>\n\n\n\n<p>Participei\ndesde a constituci\u00f3n, cando se configurou para forxar a unidade de\nacci\u00f3n de distintas correntes independentistas e soberanistas que\nrechazaban o proceso de reforma estatutaria iniciado en 2.007<\/p>\n\n\n\n<p><strong>E\ncal foi a motivaci\u00f3n que vos impulsou a constitu\u00edr a organizaci\u00f3n?<\/strong><\/p>\n\n\n\n<blockquote class=\"wp-block-quote is-layout-flow wp-block-quote-is-layout-flow\"><p>Foi esa perspectiva da reforma do Estatuto de Autonom\u00eda. Entend\u00edamos e entendemos que a estatutismo \u00e9 unha v\u00eda morta para Galiza, que ning\u00fan marco auton\u00f3mico, por avanzado que for, dar\u00e1 soluci\u00f3n \u00e1s problem\u00e1ticas do pobo galego e que, por tanto, fronte ao autonomismo, hab\u00eda que opor unha alternativa que pivotase sobre a autodeterminaci\u00f3n e a soberan\u00eda nacional. Naquela altura, un abano diverso de sectores pol\u00edticos organizados e non organizados avalou esta posici\u00f3n.<\/p><\/blockquote>\n\n\n\n<p><strong>En\nque momento comezastes a ter problemas coa xustiza?<\/strong><\/p>\n\n\n\n<blockquote class=\"wp-block-quote is-layout-flow wp-block-quote-is-layout-flow\"><p>Desde a constituci\u00f3n. O sumario da <em>Operaci\u00f3n Jaro<\/em> evidencia moitas cousas e unha delas \u00e9 a monitorizaci\u00f3n policial permanente do noso traballo. Con maior ou menor intensidade, multas, detenci\u00f3ns, seguimentos, xu\u00edzos, etc. foron pan de cada d\u00eda, evidenciando que este Estado non s\u00f3 castiga as formas ilegais de intervenci\u00f3n pol\u00edtica, mais o mero cuestionamento do seu marco xur\u00eddico-pol\u00edtico.<\/p><\/blockquote>\n\n\n\n<p><strong>E\nno 2.015?<\/strong><\/p>\n\n\n\n<blockquote class=\"wp-block-quote is-layout-flow wp-block-quote-is-layout-flow\"><p>2.015 marca o punto de inflexi\u00f3n e o salto cualitativo na represi\u00f3n. Causa Galiza reformularase un ano antes como organizaci\u00f3n independentista e en outubro de 2.015 a Guardia Civil inicia a operaci\u00f3n contra a organizaci\u00f3n: ac\u00fasasenos de ser o &#8221;brazo pol\u00edtico&#8221; dunha organizaci\u00f3n ilegal inexistente, asaltan de madrugada os nosos domicilios detendo nove militantes, ilegal\u00edzasenos durante un ano como &#8221;medida cautelar&#8221; e medios como La Voz e TVG difunden o relato que lles dita o instituto armado espa\u00f1ol.<\/p><\/blockquote>\n\n\n\n<p><strong>Entre\neles a ti?<\/strong><\/p>\n\n\n\n<blockquote class=\"wp-block-quote is-layout-flow wp-block-quote-is-layout-flow\"><p>Cond\u00facennos a un cuartel en Madrid onde permanecemos tres d\u00edas incomunicados, submetidos a interrogatorio pol\u00edtico e a unha tensi\u00f3n permanente. Dado significativo: dos domicilios non se retira ning\u00fan material b\u00e9lico nin documental que evidencie a participaci\u00f3n en actividades ilegais.<\/p><\/blockquote>\n\n\n\n<p><strong>Despois\ndeses tres d\u00edas, que aconteceu?<\/strong><\/p>\n\n\n\n<blockquote class=\"wp-block-quote is-layout-flow wp-block-quote-is-layout-flow\"><p>P\u00f3\u00f1ennos a disposici\u00f3n xudicial, imp\u00fatannos por &#8221;pertenza a banda armada&#8221; e &#8221;enaltecemento do terrorismo&#8221; e decretan a suspensi\u00f3n da actividades de Causa Galiza por un ano, o que sup\u00f3n a ilegalizaci\u00f3n de facto. Con esta mochila volvemos para Galiza. En 2.016 o xu\u00edz que instr\u00fae a causa, Eloy Velasco, devolve o status legal a Causa Galiza. Tempo despois, retira a imputaci\u00f3n de &#8221;pertenza&#8221;, co que desmonta o groso da acusaci\u00f3n inicial e coloca como horizonte un xu\u00edzo por &#8221;enaltecemento&#8221;, que \u00e9 un delito difuso que ampara a penalizaci\u00f3n da opini\u00f3n pol\u00edtica.<\/p><\/blockquote>\n\n\n\n<p><strong>Esgotou\no ano?<\/strong><\/p>\n\n\n\n<blockquote class=\"wp-block-quote is-layout-flow wp-block-quote-is-layout-flow\"><p>Esgotouno. Estivemos doce meses ilegalizados. En 2.017, cando parec\u00eda que a montaxe se desinflaba, a Guardia Civil golpea a Ceivar. Son detidos tres  independentistas e imputados por &#8221;enaltecemento&#8221; no mesmo sumario que as militantes de Causa Galiza.<\/p><\/blockquote>\n\n\n\n<p><strong>Unha\nvez que os retiran a imputaci\u00f3n por pertenza a banda armada o\nhorizonte penal semellaba estar bastante despexado?<\/strong><\/p>\n\n\n\n<blockquote class=\"wp-block-quote is-layout-flow wp-block-quote-is-layout-flow\"><p>Iso parec\u00eda. Todo apuntaba que afrontariamos un xu\u00edzo por &#8221;enaltecemento&#8221; con petici\u00f3ns de 1 a 3 anos. Mais recentemente a fiscal\u00eda da Audiencia Nacional, que funciona \u00e1s ordes do Goberno espa\u00f1ol, incorpora a acusaci\u00f3n de &#8221;pertenza a banda criminosa&#8221; e d\u00e1 unha reviravolta \u00e1 situaci\u00f3n pois agora xogamos de 4 e 12 anos de prisi\u00f3n, a opci\u00f3n pos\u00edbel de doce encarceramentos e a ilegalizaci\u00f3n das organizaci\u00f3ns.<\/p><\/blockquote>\n\n\n\n<p><strong>A\ncelebraci\u00f3n do xu\u00edzo \u00e9 inevitable?<\/strong><\/p>\n\n\n\n<blockquote class=\"wp-block-quote is-layout-flow wp-block-quote-is-layout-flow\"><p>Prevese para a primavera ou o ver\u00e1n de 2.020 nun tribunal preconstitucional que \u00e9 sucesor do TOP franquista, que carece das menores garant\u00edas xur\u00eddicas e ten como finalidade a eliminaci\u00f3n da disidencia pol\u00edtica. A inclusi\u00f3n a \u00faltima hora dun delito de &#8221;pertenza a banda criminosa&#8221;, ou a acusaci\u00f3n por supostos delitos xa prescritos, evidencia en que lugar estamos parados e paradas.<\/p><\/blockquote>\n\n\n\n<p><strong>Estades\nmov\u00e9ndovos dalgunha maneira na procura de solidariedade?<\/strong><\/p>\n\n\n\n<blockquote class=\"wp-block-quote is-layout-flow wp-block-quote-is-layout-flow\"><p>Estamos a articular a &#8221;resposta de Pa\u00eds&#8221;, cun traballo de informaci\u00f3n e sensibilizaci\u00f3n intenso nas pr\u00f3ximas semanas, acci\u00f3ns de denuncia do proceso, manifestaci\u00f3ns nacionais como a programada para o 16 de febreiro e outras iniciativas que iremos desgranando. Sabemos que existe un sector importante da sociedade que entende que o proceso \u00e9 unha montaxe, pretende impor un estado de excepci\u00f3n informal e bloquear o desenvolvemento do independentismo.<\/p><\/blockquote>\n\n\n\n<p><strong>A\nreceptividade que estades atopando cal \u00e9?<\/strong><\/p>\n\n\n\n<blockquote class=\"wp-block-quote is-layout-flow wp-block-quote-is-layout-flow\"><p>Moi boa. Vamos seguir acumulando forzas que contrib\u00faan para denunciar esta farsa, a inexistencia dun marco m\u00ednimo de liberdades democr\u00e1ticas e evidenciar que o obxectivo do xu\u00edzo \u00e9 a exemplarizaci\u00f3n represiva e debilitar e ilegalizar un proxecto pol\u00edtico.<\/p><\/blockquote>\n\n\n\n<p><strong>Falastes\ns\u00f3 con espectro social pr\u00f3ximo ao nacionalismo galego ou tam\u00e9n con\norganizaci\u00f3ns pol\u00edticas ou sindicais que non pertenzan a ese\n\u00e1mbito?<\/strong><\/p>\n\n\n\n<blockquote class=\"wp-block-quote is-layout-flow wp-block-quote-is-layout-flow\"><p>Dirix\u00edmonos a todas coas excepci\u00f3ns de PP, PSOE, Ciudadanos, etc. O noso obxectivo \u00e9 que os axentes pol\u00edticos se retraten ante os feitos. Con todo, \u00e1 vista da experiencia de case cinco anos, \u00e9 dif\u00edcil agardar compromisos das forzas pol\u00edticas e sindicais espa\u00f1olas. A propia IU apoiou no seu d\u00eda a proposta do PP de inclu\u00ed unha imaxinaria organizaci\u00f3n armada galega na lista de &#8221;organizaci\u00f3ns terroristas&#8221; da UE.<\/p><\/blockquote>\n\n\n\n<p><strong>Como\nandades de \u00e1nimos?<\/strong><\/p>\n\n\n\n<blockquote class=\"wp-block-quote is-layout-flow wp-block-quote-is-layout-flow\"><p>Estamos fortes e conscientes de por que somos obxecto desta farsa policial e xudicial. Sabemos que se nos xulga por ser independentistas e sentimos a solidariedade e o cari\u00f1o de milleiros de persoas e das principais organizaci\u00f3ns sociais, sindicais e pol\u00edticas do pa\u00eds.<\/p><\/blockquote>\n","protected":false},"excerpt":{"rendered":"<div class=\"mh-excerpt\"><p>Nuns meses celebrarase na Audiencia Nacional o xu\u00edzo contra 12 independentistas das organizaci\u00f3ns Causa Galiza e Ceivar  <a class=\"mh-excerpt-more\" href=\"https:\/\/www.anovapeneira.gal\/index.php\/2019\/12\/18\/joam-peres-do-comite-executivo-de-causa-galiza\/\" title=\"Jo\u00e1m Peres, do comit\u00e9 executivo de Causa Galiza\">[&#8230;]<\/a><\/p>\n<\/div>","protected":false},"author":2,"featured_media":2040,"comment_status":"open","ping_status":"open","sticky":false,"template":"","format":"standard","meta":{"_exactmetrics_skip_tracking":false,"_exactmetrics_sitenote_active":false,"_exactmetrics_sitenote_note":"","_exactmetrics_sitenote_category":0,"footnotes":""},"categories":[264],"tags":[856,857],"class_list":{"0":"post-2039","1":"post","2":"type-post","3":"status-publish","4":"format-standard","5":"has-post-thumbnail","7":"category-entrevistas-galicia","8":"tag-causa-galiza","9":"tag-joam-peres"},"yoast_head":"<!-- This site is optimized with the Yoast SEO plugin v27.4 - https:\/\/yoast.com\/product\/yoast-seo-wordpress\/ -->\n<title>Jo\u00e1m Peres, do comit\u00e9 executivo de Causa Galiza -<\/title>\n<meta name=\"robots\" content=\"index, follow, max-snippet:-1, max-image-preview:large, max-video-preview:-1\" \/>\n<link rel=\"canonical\" href=\"https:\/\/www.anovapeneira.gal\/index.php\/2019\/12\/18\/joam-peres-do-comite-executivo-de-causa-galiza\/\" \/>\n<meta property=\"og:locale\" content=\"gl_ES\" \/>\n<meta property=\"og:type\" content=\"article\" \/>\n<meta property=\"og:title\" content=\"Jo\u00e1m Peres, do comit\u00e9 executivo de Causa Galiza -\" \/>\n<meta property=\"og:description\" content=\"Nuns meses celebrarase na Audiencia Nacional o xu\u00edzo contra 12 independentistas das organizaci\u00f3ns Causa Galiza e Ceivar [...]\" \/>\n<meta property=\"og:url\" content=\"https:\/\/www.anovapeneira.gal\/index.php\/2019\/12\/18\/joam-peres-do-comite-executivo-de-causa-galiza\/\" \/>\n<meta property=\"article:publisher\" content=\"https:\/\/www.facebook.com\/anovapeneira\" \/>\n<meta property=\"article:published_time\" content=\"2019-12-18T13:00:58+00:00\" \/>\n<meta property=\"og:image\" content=\"https:\/\/www.anovapeneira.gal\/wp-content\/uploads\/2019\/12\/JOAM_PERES_CAUSA_GALIZA_a_nova_peneira.jpg\" \/>\n\t<meta property=\"og:image:width\" content=\"720\" \/>\n\t<meta property=\"og:image:height\" content=\"432\" \/>\n\t<meta property=\"og:image:type\" content=\"image\/jpeg\" \/>\n<meta name=\"author\" content=\"Tino Lago\" \/>\n<meta name=\"twitter:card\" content=\"summary_large_image\" \/>\n<meta name=\"twitter:creator\" content=\"@APeneira\" \/>\n<meta name=\"twitter:site\" content=\"@APeneira\" \/>\n<meta name=\"twitter:label1\" content=\"Escrito por\" \/>\n\t<meta name=\"twitter:data1\" content=\"Tino Lago\" \/>\n\t<meta name=\"twitter:label2\" content=\"Tempo de lectura\" \/>\n\t<meta name=\"twitter:data2\" content=\"8 minutos\" \/>\n<script type=\"application\/ld+json\" class=\"yoast-schema-graph\">{\"@context\":\"https:\\\/\\\/schema.org\",\"@graph\":[{\"@type\":\"Article\",\"@id\":\"https:\\\/\\\/www.anovapeneira.gal\\\/index.php\\\/2019\\\/12\\\/18\\\/joam-peres-do-comite-executivo-de-causa-galiza\\\/#article\",\"isPartOf\":{\"@id\":\"https:\\\/\\\/www.anovapeneira.gal\\\/index.php\\\/2019\\\/12\\\/18\\\/joam-peres-do-comite-executivo-de-causa-galiza\\\/\"},\"author\":{\"name\":\"Tino Lago\",\"@id\":\"https:\\\/\\\/www.anovapeneira.gal\\\/#\\\/schema\\\/person\\\/424dfe65e3070fd8a44d22d2c088762a\"},\"headline\":\"Jo\u00e1m Peres, do comit\u00e9 executivo de Causa Galiza\",\"datePublished\":\"2019-12-18T13:00:58+00:00\",\"mainEntityOfPage\":{\"@id\":\"https:\\\/\\\/www.anovapeneira.gal\\\/index.php\\\/2019\\\/12\\\/18\\\/joam-peres-do-comite-executivo-de-causa-galiza\\\/\"},\"wordCount\":1556,\"commentCount\":0,\"publisher\":{\"@id\":\"https:\\\/\\\/www.anovapeneira.gal\\\/#organization\"},\"image\":{\"@id\":\"https:\\\/\\\/www.anovapeneira.gal\\\/index.php\\\/2019\\\/12\\\/18\\\/joam-peres-do-comite-executivo-de-causa-galiza\\\/#primaryimage\"},\"thumbnailUrl\":\"https:\\\/\\\/www.anovapeneira.gal\\\/wp-content\\\/uploads\\\/2019\\\/12\\\/JOAM_PERES_CAUSA_GALIZA_a_nova_peneira.jpg\",\"keywords\":[\"Causa Galiza\",\"Jo\u00e1m Peres\"],\"articleSection\":[\"Entrevistas\"],\"inLanguage\":\"gl-ES\",\"potentialAction\":[{\"@type\":\"CommentAction\",\"name\":\"Comment\",\"target\":[\"https:\\\/\\\/www.anovapeneira.gal\\\/index.php\\\/2019\\\/12\\\/18\\\/joam-peres-do-comite-executivo-de-causa-galiza\\\/#respond\"]}]},{\"@type\":\"WebPage\",\"@id\":\"https:\\\/\\\/www.anovapeneira.gal\\\/index.php\\\/2019\\\/12\\\/18\\\/joam-peres-do-comite-executivo-de-causa-galiza\\\/\",\"url\":\"https:\\\/\\\/www.anovapeneira.gal\\\/index.php\\\/2019\\\/12\\\/18\\\/joam-peres-do-comite-executivo-de-causa-galiza\\\/\",\"name\":\"Jo\u00e1m Peres, do comit\u00e9 executivo de Causa Galiza -\",\"isPartOf\":{\"@id\":\"https:\\\/\\\/www.anovapeneira.gal\\\/#website\"},\"primaryImageOfPage\":{\"@id\":\"https:\\\/\\\/www.anovapeneira.gal\\\/index.php\\\/2019\\\/12\\\/18\\\/joam-peres-do-comite-executivo-de-causa-galiza\\\/#primaryimage\"},\"image\":{\"@id\":\"https:\\\/\\\/www.anovapeneira.gal\\\/index.php\\\/2019\\\/12\\\/18\\\/joam-peres-do-comite-executivo-de-causa-galiza\\\/#primaryimage\"},\"thumbnailUrl\":\"https:\\\/\\\/www.anovapeneira.gal\\\/wp-content\\\/uploads\\\/2019\\\/12\\\/JOAM_PERES_CAUSA_GALIZA_a_nova_peneira.jpg\",\"datePublished\":\"2019-12-18T13:00:58+00:00\",\"breadcrumb\":{\"@id\":\"https:\\\/\\\/www.anovapeneira.gal\\\/index.php\\\/2019\\\/12\\\/18\\\/joam-peres-do-comite-executivo-de-causa-galiza\\\/#breadcrumb\"},\"inLanguage\":\"gl-ES\",\"potentialAction\":[{\"@type\":\"ReadAction\",\"target\":[\"https:\\\/\\\/www.anovapeneira.gal\\\/index.php\\\/2019\\\/12\\\/18\\\/joam-peres-do-comite-executivo-de-causa-galiza\\\/\"]}]},{\"@type\":\"ImageObject\",\"inLanguage\":\"gl-ES\",\"@id\":\"https:\\\/\\\/www.anovapeneira.gal\\\/index.php\\\/2019\\\/12\\\/18\\\/joam-peres-do-comite-executivo-de-causa-galiza\\\/#primaryimage\",\"url\":\"https:\\\/\\\/www.anovapeneira.gal\\\/wp-content\\\/uploads\\\/2019\\\/12\\\/JOAM_PERES_CAUSA_GALIZA_a_nova_peneira.jpg\",\"contentUrl\":\"https:\\\/\\\/www.anovapeneira.gal\\\/wp-content\\\/uploads\\\/2019\\\/12\\\/JOAM_PERES_CAUSA_GALIZA_a_nova_peneira.jpg\",\"width\":720,\"height\":432,\"caption\":\"Joam P\u00e9res Causa Galiza A Nova Peneira\"},{\"@type\":\"BreadcrumbList\",\"@id\":\"https:\\\/\\\/www.anovapeneira.gal\\\/index.php\\\/2019\\\/12\\\/18\\\/joam-peres-do-comite-executivo-de-causa-galiza\\\/#breadcrumb\",\"itemListElement\":[{\"@type\":\"ListItem\",\"position\":1,\"name\":\"Portada\",\"item\":\"https:\\\/\\\/www.anovapeneira.gal\\\/\"},{\"@type\":\"ListItem\",\"position\":2,\"name\":\"Jo\u00e1m Peres, do comit\u00e9 executivo de Causa Galiza\"}]},{\"@type\":\"WebSite\",\"@id\":\"https:\\\/\\\/www.anovapeneira.gal\\\/#website\",\"url\":\"https:\\\/\\\/www.anovapeneira.gal\\\/\",\"name\":\"\",\"description\":\"Xornal galego de informaci\u00f3n xeral Publicaci\u00f3n mensual de novas de Galicia e en especial dos Concellos da sur da provincia de Pontevedra.\",\"publisher\":{\"@id\":\"https:\\\/\\\/www.anovapeneira.gal\\\/#organization\"},\"potentialAction\":[{\"@type\":\"SearchAction\",\"target\":{\"@type\":\"EntryPoint\",\"urlTemplate\":\"https:\\\/\\\/www.anovapeneira.gal\\\/?s={search_term_string}\"},\"query-input\":{\"@type\":\"PropertyValueSpecification\",\"valueRequired\":true,\"valueName\":\"search_term_string\"}}],\"inLanguage\":\"gl-ES\"},{\"@type\":\"Organization\",\"@id\":\"https:\\\/\\\/www.anovapeneira.gal\\\/#organization\",\"name\":\"A Nova Peneira\",\"url\":\"https:\\\/\\\/www.anovapeneira.gal\\\/\",\"logo\":{\"@type\":\"ImageObject\",\"inLanguage\":\"gl-ES\",\"@id\":\"https:\\\/\\\/www.anovapeneira.gal\\\/#\\\/schema\\\/logo\\\/image\\\/\",\"url\":\"http:\\\/\\\/www.anovapeneira.gal\\\/wp-content\\\/uploads\\\/2019\\\/06\\\/logo_a_nova_peneira_portal_web.png\",\"contentUrl\":\"http:\\\/\\\/www.anovapeneira.gal\\\/wp-content\\\/uploads\\\/2019\\\/06\\\/logo_a_nova_peneira_portal_web.png\",\"width\":300,\"height\":100,\"caption\":\"A Nova Peneira\"},\"image\":{\"@id\":\"https:\\\/\\\/www.anovapeneira.gal\\\/#\\\/schema\\\/logo\\\/image\\\/\"},\"sameAs\":[\"https:\\\/\\\/www.facebook.com\\\/anovapeneira\",\"https:\\\/\\\/x.com\\\/APeneira\"]},{\"@type\":\"Person\",\"@id\":\"https:\\\/\\\/www.anovapeneira.gal\\\/#\\\/schema\\\/person\\\/424dfe65e3070fd8a44d22d2c088762a\",\"name\":\"Tino Lago\",\"image\":{\"@type\":\"ImageObject\",\"inLanguage\":\"gl-ES\",\"@id\":\"https:\\\/\\\/secure.gravatar.com\\\/avatar\\\/b3df6a06e44bab3111583b90f0f33a0379ee5e3d22cbadd232d39f21c30c62be?s=96&d=mm&r=g\",\"url\":\"https:\\\/\\\/secure.gravatar.com\\\/avatar\\\/b3df6a06e44bab3111583b90f0f33a0379ee5e3d22cbadd232d39f21c30c62be?s=96&d=mm&r=g\",\"contentUrl\":\"https:\\\/\\\/secure.gravatar.com\\\/avatar\\\/b3df6a06e44bab3111583b90f0f33a0379ee5e3d22cbadd232d39f21c30c62be?s=96&d=mm&r=g\",\"caption\":\"Tino Lago\"},\"sameAs\":[\"http:\\\/\\\/www.anovapeneira.gal\"],\"url\":\"https:\\\/\\\/www.anovapeneira.gal\\\/index.php\\\/author\\\/director\\\/\"}]}<\/script>\n<!-- \/ Yoast SEO plugin. -->","yoast_head_json":{"title":"Jo\u00e1m Peres, do comit\u00e9 executivo de Causa Galiza -","robots":{"index":"index","follow":"follow","max-snippet":"max-snippet:-1","max-image-preview":"max-image-preview:large","max-video-preview":"max-video-preview:-1"},"canonical":"https:\/\/www.anovapeneira.gal\/index.php\/2019\/12\/18\/joam-peres-do-comite-executivo-de-causa-galiza\/","og_locale":"gl_ES","og_type":"article","og_title":"Jo\u00e1m Peres, do comit\u00e9 executivo de Causa Galiza -","og_description":"Nuns meses celebrarase na Audiencia Nacional o xu\u00edzo contra 12 independentistas das organizaci\u00f3ns Causa Galiza e Ceivar [...]","og_url":"https:\/\/www.anovapeneira.gal\/index.php\/2019\/12\/18\/joam-peres-do-comite-executivo-de-causa-galiza\/","article_publisher":"https:\/\/www.facebook.com\/anovapeneira","article_published_time":"2019-12-18T13:00:58+00:00","og_image":[{"width":720,"height":432,"url":"https:\/\/www.anovapeneira.gal\/wp-content\/uploads\/2019\/12\/JOAM_PERES_CAUSA_GALIZA_a_nova_peneira.jpg","type":"image\/jpeg"}],"author":"Tino Lago","twitter_card":"summary_large_image","twitter_creator":"@APeneira","twitter_site":"@APeneira","twitter_misc":{"Escrito por":"Tino Lago","Tempo de lectura":"8 minutos"},"schema":{"@context":"https:\/\/schema.org","@graph":[{"@type":"Article","@id":"https:\/\/www.anovapeneira.gal\/index.php\/2019\/12\/18\/joam-peres-do-comite-executivo-de-causa-galiza\/#article","isPartOf":{"@id":"https:\/\/www.anovapeneira.gal\/index.php\/2019\/12\/18\/joam-peres-do-comite-executivo-de-causa-galiza\/"},"author":{"name":"Tino Lago","@id":"https:\/\/www.anovapeneira.gal\/#\/schema\/person\/424dfe65e3070fd8a44d22d2c088762a"},"headline":"Jo\u00e1m Peres, do comit\u00e9 executivo de Causa Galiza","datePublished":"2019-12-18T13:00:58+00:00","mainEntityOfPage":{"@id":"https:\/\/www.anovapeneira.gal\/index.php\/2019\/12\/18\/joam-peres-do-comite-executivo-de-causa-galiza\/"},"wordCount":1556,"commentCount":0,"publisher":{"@id":"https:\/\/www.anovapeneira.gal\/#organization"},"image":{"@id":"https:\/\/www.anovapeneira.gal\/index.php\/2019\/12\/18\/joam-peres-do-comite-executivo-de-causa-galiza\/#primaryimage"},"thumbnailUrl":"https:\/\/www.anovapeneira.gal\/wp-content\/uploads\/2019\/12\/JOAM_PERES_CAUSA_GALIZA_a_nova_peneira.jpg","keywords":["Causa Galiza","Jo\u00e1m Peres"],"articleSection":["Entrevistas"],"inLanguage":"gl-ES","potentialAction":[{"@type":"CommentAction","name":"Comment","target":["https:\/\/www.anovapeneira.gal\/index.php\/2019\/12\/18\/joam-peres-do-comite-executivo-de-causa-galiza\/#respond"]}]},{"@type":"WebPage","@id":"https:\/\/www.anovapeneira.gal\/index.php\/2019\/12\/18\/joam-peres-do-comite-executivo-de-causa-galiza\/","url":"https:\/\/www.anovapeneira.gal\/index.php\/2019\/12\/18\/joam-peres-do-comite-executivo-de-causa-galiza\/","name":"Jo\u00e1m Peres, do comit\u00e9 executivo de Causa Galiza -","isPartOf":{"@id":"https:\/\/www.anovapeneira.gal\/#website"},"primaryImageOfPage":{"@id":"https:\/\/www.anovapeneira.gal\/index.php\/2019\/12\/18\/joam-peres-do-comite-executivo-de-causa-galiza\/#primaryimage"},"image":{"@id":"https:\/\/www.anovapeneira.gal\/index.php\/2019\/12\/18\/joam-peres-do-comite-executivo-de-causa-galiza\/#primaryimage"},"thumbnailUrl":"https:\/\/www.anovapeneira.gal\/wp-content\/uploads\/2019\/12\/JOAM_PERES_CAUSA_GALIZA_a_nova_peneira.jpg","datePublished":"2019-12-18T13:00:58+00:00","breadcrumb":{"@id":"https:\/\/www.anovapeneira.gal\/index.php\/2019\/12\/18\/joam-peres-do-comite-executivo-de-causa-galiza\/#breadcrumb"},"inLanguage":"gl-ES","potentialAction":[{"@type":"ReadAction","target":["https:\/\/www.anovapeneira.gal\/index.php\/2019\/12\/18\/joam-peres-do-comite-executivo-de-causa-galiza\/"]}]},{"@type":"ImageObject","inLanguage":"gl-ES","@id":"https:\/\/www.anovapeneira.gal\/index.php\/2019\/12\/18\/joam-peres-do-comite-executivo-de-causa-galiza\/#primaryimage","url":"https:\/\/www.anovapeneira.gal\/wp-content\/uploads\/2019\/12\/JOAM_PERES_CAUSA_GALIZA_a_nova_peneira.jpg","contentUrl":"https:\/\/www.anovapeneira.gal\/wp-content\/uploads\/2019\/12\/JOAM_PERES_CAUSA_GALIZA_a_nova_peneira.jpg","width":720,"height":432,"caption":"Joam P\u00e9res Causa Galiza A Nova Peneira"},{"@type":"BreadcrumbList","@id":"https:\/\/www.anovapeneira.gal\/index.php\/2019\/12\/18\/joam-peres-do-comite-executivo-de-causa-galiza\/#breadcrumb","itemListElement":[{"@type":"ListItem","position":1,"name":"Portada","item":"https:\/\/www.anovapeneira.gal\/"},{"@type":"ListItem","position":2,"name":"Jo\u00e1m Peres, do comit\u00e9 executivo de Causa Galiza"}]},{"@type":"WebSite","@id":"https:\/\/www.anovapeneira.gal\/#website","url":"https:\/\/www.anovapeneira.gal\/","name":"","description":"Xornal galego de informaci\u00f3n xeral Publicaci\u00f3n mensual de novas de Galicia e en especial dos Concellos da sur da provincia de Pontevedra.","publisher":{"@id":"https:\/\/www.anovapeneira.gal\/#organization"},"potentialAction":[{"@type":"SearchAction","target":{"@type":"EntryPoint","urlTemplate":"https:\/\/www.anovapeneira.gal\/?s={search_term_string}"},"query-input":{"@type":"PropertyValueSpecification","valueRequired":true,"valueName":"search_term_string"}}],"inLanguage":"gl-ES"},{"@type":"Organization","@id":"https:\/\/www.anovapeneira.gal\/#organization","name":"A Nova Peneira","url":"https:\/\/www.anovapeneira.gal\/","logo":{"@type":"ImageObject","inLanguage":"gl-ES","@id":"https:\/\/www.anovapeneira.gal\/#\/schema\/logo\/image\/","url":"http:\/\/www.anovapeneira.gal\/wp-content\/uploads\/2019\/06\/logo_a_nova_peneira_portal_web.png","contentUrl":"http:\/\/www.anovapeneira.gal\/wp-content\/uploads\/2019\/06\/logo_a_nova_peneira_portal_web.png","width":300,"height":100,"caption":"A Nova Peneira"},"image":{"@id":"https:\/\/www.anovapeneira.gal\/#\/schema\/logo\/image\/"},"sameAs":["https:\/\/www.facebook.com\/anovapeneira","https:\/\/x.com\/APeneira"]},{"@type":"Person","@id":"https:\/\/www.anovapeneira.gal\/#\/schema\/person\/424dfe65e3070fd8a44d22d2c088762a","name":"Tino Lago","image":{"@type":"ImageObject","inLanguage":"gl-ES","@id":"https:\/\/secure.gravatar.com\/avatar\/b3df6a06e44bab3111583b90f0f33a0379ee5e3d22cbadd232d39f21c30c62be?s=96&d=mm&r=g","url":"https:\/\/secure.gravatar.com\/avatar\/b3df6a06e44bab3111583b90f0f33a0379ee5e3d22cbadd232d39f21c30c62be?s=96&d=mm&r=g","contentUrl":"https:\/\/secure.gravatar.com\/avatar\/b3df6a06e44bab3111583b90f0f33a0379ee5e3d22cbadd232d39f21c30c62be?s=96&d=mm&r=g","caption":"Tino Lago"},"sameAs":["http:\/\/www.anovapeneira.gal"],"url":"https:\/\/www.anovapeneira.gal\/index.php\/author\/director\/"}]}},"jetpack_featured_media_url":"https:\/\/www.anovapeneira.gal\/wp-content\/uploads\/2019\/12\/JOAM_PERES_CAUSA_GALIZA_a_nova_peneira.jpg","_links":{"self":[{"href":"https:\/\/www.anovapeneira.gal\/index.php\/wp-json\/wp\/v2\/posts\/2039","targetHints":{"allow":["GET"]}}],"collection":[{"href":"https:\/\/www.anovapeneira.gal\/index.php\/wp-json\/wp\/v2\/posts"}],"about":[{"href":"https:\/\/www.anovapeneira.gal\/index.php\/wp-json\/wp\/v2\/types\/post"}],"author":[{"embeddable":true,"href":"https:\/\/www.anovapeneira.gal\/index.php\/wp-json\/wp\/v2\/users\/2"}],"replies":[{"embeddable":true,"href":"https:\/\/www.anovapeneira.gal\/index.php\/wp-json\/wp\/v2\/comments?post=2039"}],"version-history":[{"count":1,"href":"https:\/\/www.anovapeneira.gal\/index.php\/wp-json\/wp\/v2\/posts\/2039\/revisions"}],"predecessor-version":[{"id":2041,"href":"https:\/\/www.anovapeneira.gal\/index.php\/wp-json\/wp\/v2\/posts\/2039\/revisions\/2041"}],"wp:featuredmedia":[{"embeddable":true,"href":"https:\/\/www.anovapeneira.gal\/index.php\/wp-json\/wp\/v2\/media\/2040"}],"wp:attachment":[{"href":"https:\/\/www.anovapeneira.gal\/index.php\/wp-json\/wp\/v2\/media?parent=2039"}],"wp:term":[{"taxonomy":"category","embeddable":true,"href":"https:\/\/www.anovapeneira.gal\/index.php\/wp-json\/wp\/v2\/categories?post=2039"},{"taxonomy":"post_tag","embeddable":true,"href":"https:\/\/www.anovapeneira.gal\/index.php\/wp-json\/wp\/v2\/tags?post=2039"}],"curies":[{"name":"wp","href":"https:\/\/api.w.org\/{rel}","templated":true}]}}