{"id":2042,"date":"2019-12-19T10:00:26","date_gmt":"2019-12-19T09:00:26","guid":{"rendered":"http:\/\/www.anovapeneira.gal\/?p=2042"},"modified":"2019-12-15T22:16:57","modified_gmt":"2019-12-15T21:16:57","slug":"luis-bara-deputado-do-bng","status":"publish","type":"post","link":"https:\/\/www.anovapeneira.gal\/index.php\/2019\/12\/19\/luis-bara-deputado-do-bng\/","title":{"rendered":"Luis Bar\u00e1 deputado do BNG"},"content":{"rendered":"\n<h2 class=\"wp-block-heading\"><strong>Luis Bar\u00e1 \u00e9 deputado do bloque no\nparlamento galego pola provincia de Pontevedra, asemade \u00e9 membro da\ns\u00faa executiva nacional. A Nova Peneira mantivo unha extensa conversa\ncon el, e vela\u00ed vai o que deu de si<\/strong><\/h2>\n\n\n\n<h4 class=\"wp-block-heading\">\u201c<strong>NON TE\u00d1O\nNINGUNHA D\u00daBIDA DE QUE ,SE LLE FIXESE FALTA, FEIJ\u00d3O PACTAR\u00cdA COA\nEXTREMA DEREITA.E NON S\u00d3 ISO,TAM\u00c9N ASUMIR\u00cdA A S\u00daA AXENDA\u201d<\/strong><\/h4>\n\n\n\n<p><strong>Luis, ti es un home moi implicado na\nmemoria historia, quero comezar esta conversa cont\u00e1ndoche un\nepisodio que me aconteceu a semana pasada: eu tomaba un caf\u00e9 nun bar\nde Redondela que ti\u00f1a unha fermos\u00edsima foto da illa de San Sim\u00f3n\nna parede, fun parabenizar ao propietario, un home de arredor de 45\nanos,  comecei a conversar con el. E deixoume abraiado porque el non\nti\u00f1a nin a m\u00e1is remota idea de que San Sim\u00f3n fora un campo de\nconcentraci\u00f3n, este suceso non sei se consideralo como unha\nan\u00e9cdota, ou como algo habitual?<\/strong><\/p>\n\n\n\n<blockquote class=\"wp-block-quote is-layout-flow wp-block-quote-is-layout-flow\"><p>Por desgraza \u00e9 moi habitual, pero non \u00e9 casual. Xurde dunha pol\u00edtica consciente orientada ao esquecemento, a que as xeraci\u00f3ns posteriores \u00e1 transici\u00f3n non saiban o horror que sufriron tantos homes e mulleres, o que explica que un home desa idade desco\u00f1eza o que aconteceu a car\u00f3n da s\u00faa casa. Ese episodio que me describes exemplifica \u00e1 perfecci\u00f3n a necesidade dunha pol\u00edtica de memoria hist\u00f3rica orientada \u00e1 normalizaci\u00f3n e \u00e1 socializaci\u00f3n da mesma.<\/p><\/blockquote>\n\n\n\n<p><strong>Pol\u00edtica como a que  fixestes no\nConcello de Pontevedra?<\/strong><\/p>\n\n\n\n<blockquote class=\"wp-block-quote is-layout-flow wp-block-quote-is-layout-flow\"><p>Si, e ben que costou no seu momento, pero hoxe xa non a cuestiona ningu\u00e9n.<\/p><\/blockquote>\n\n\n\n<p><strong>Seica est\u00e1s preparando un libro\nsobre a Illa de San Sim\u00f3n ?<\/strong><\/p>\n\n\n\n<blockquote class=\"wp-block-quote is-layout-flow wp-block-quote-is-layout-flow\"><p>Ben, est\u00e1 en fase embrionaria a\u00ednda, pero, si, estou con ese proxecto.  <\/p><\/blockquote>\n\n\n\n<p><strong>A nosa compa\u00f1eira, responsable das\nreportaxes de memoria hist\u00f3rica d\u00edxome que cando o remates non te\nlibras de darlle un exemplar?<\/strong><\/p>\n\n\n\n<blockquote class=\"wp-block-quote is-layout-flow wp-block-quote-is-layout-flow\"><p>Ac\u00f3rdome dela perfectamente , e por suposto que llo dou e dedico ,cando o  te\u00f1a feito e rematado  que non o dubide que as\u00ed ser\u00e1.  <\/p><\/blockquote>\n\n\n\n<p><strong>O tempo pasa moi r\u00e1pido, Luis, xa\nhai case catro anos que iniciaches a t\u00faa actividade no parlamento de\nGalicia como deputado do BNG, como os valoras?<\/strong><\/p>\n\n\n\n<blockquote class=\"wp-block-quote is-layout-flow wp-block-quote-is-layout-flow\"><p>A valoraci\u00f3n ten d\u00faas patas por unha banda foi unha experiencia interesant\u00edsima que me supuxo unha aprendizaxe en grado superlativo e por outra banda foi un tanto complicada e frustrante. Eu estaba afeito \u00e1 pol\u00edtica municipal que, polo menos no concello de Pontevedra, \u00e9 enormemente satisfactoria, e o parlamento e moito m\u00e1is complexo, lento e pouco funcional.<\/p><\/blockquote>\n\n\n\n<p><strong>E frustrante por que?<\/strong><\/p>\n\n\n\n<blockquote class=\"wp-block-quote is-layout-flow wp-block-quote-is-layout-flow\"><p>O grupo parlamentar do BNG \u00e9 marabilloso e a relaci\u00f3n entre todas e todos n\u00f3s  \u00e9 inmellorable, cando falo de frustraci\u00f3n ref\u00edrome que hai que dedicarlle moit\u00edsimo traballo e o resultado \u00e9 en moitas ocasi\u00f3ns nulo, pois a maior\u00eda do PP impide que prosperen moitas iniciativas que redundar\u00edan no ben com\u00fan con certeza absoluta.<\/p><\/blockquote>\n\n\n\n<p><strong>A  cohesi\u00f3n interna do BNG \u00e9 tan\nboa como parece?<\/strong><\/p>\n\n\n\n<blockquote class=\"wp-block-quote is-layout-flow wp-block-quote-is-layout-flow\"><p>Si, rotundamente si, sen ning\u00fan tipo de matiz si. A cohesi\u00f3n interna do BNG \u00e9 magn\u00edfica, o liderado de Ana Pont\u00f3n, s\u00f3lido, como a m\u00e1is s\u00f3lida das rochas, e cun potencial inmenso para chegar a todo tipo de segmentos da sociedade.<\/p><\/blockquote>\n\n\n\n<p><strong>Quero preguntarche por un tema\nconcreto que afecta a un colaborador deste xornal: ref\u00edrome \u00e1\nexpulsi\u00f3n do ex\u00e9rcito espa\u00f1ol do veci\u00f1o de Redondela, Marcos\nSantos?<\/strong><\/p>\n\n\n\n<blockquote class=\"wp-block-quote is-layout-flow wp-block-quote-is-layout-flow\"><p> Eu co\u00f1ezo ese caso, e desde logo que resulta intolerable que algu\u00e9n poida sufrir alg\u00fan tipo de consecuencia laboral, penal ou de calquera clase por asinar un manifesto antifranquista. O caso de Marcos \u00e9 un exemplo clar\u00edsimo de deterioro democr\u00e1tico e un episodio de represi\u00f3n ideol\u00f3xica de manual. O BNG vaino levar ao parlamento, tanto ao galego como ao espa\u00f1ol.<\/p><\/blockquote>\n\n\n\n<p><strong>Neste contexto hist\u00f3rico\nsupostamente ecoloxista e concienciado co coidado do medio ambiente,\nco cume sobre o clima celebr\u00e1ndose na capital do estado, queda como\nun pouco feo que o PP de Mos e o dono do Celta de Vigo queiran\narrasar cun dos principais pulm\u00f3ns verdes da comarca para facer un\ncentro comercial, non ?<\/strong><\/p>\n\n\n\n<blockquote class=\"wp-block-quote is-layout-flow wp-block-quote-is-layout-flow\"><p>Este asunto do cume do clima non \u00e9 m\u00e1is ca pura est\u00e9tica. Vaia paradoxo que sexa patrocinada por grandes empresas como Endesa ou Iberdrola. \u00c9 escandaloso tam\u00e9n que a Xunta, coas pol\u00edticas que desenvolve , vaia al\u00ed a presentar proxectos. O asunto do centro comercial que se pretende constru\u00edr en Mos \u00e9 un pelotazo, que se trata de camuflar coa escusa da cidade deportiva e un exemplo claro de como se pon a administraci\u00f3n p\u00fablica ao servizo dun proxecto privado. Desde logo, o BNG est\u00e1 radicalmente en fronte ,e radicalmente  ao servizo da veci\u00f1anza de Tameiga.<\/p><\/blockquote>\n\n\n\n<p><strong>Falando do clima,  ti que estiveches\nno goberno de Pontevedra estar\u00e1s moi orgulloso   de que o modelo de\ncidade sexa reco\u00f1ecido internacionalmente en foros de m\u00e1ximo\nprestixio? <\/strong>\n<\/p>\n\n\n\n<blockquote class=\"wp-block-quote is-layout-flow wp-block-quote-is-layout-flow\"><p>Si, claro que o estou. Pontevedra \u00e9 o exemplo de que se pode facer pol\u00edtica local  para   traballar en compromisos serios de sostenibilidade futura. Endesa e  Iberdrola non pensan no mundo de dentro de 5o anos sen\u00f3n na s\u00faa conta inmediata de beneficios. En Pontevedra descenderon notablemente os incidentes urbanos  e as enfermidades motivadas pola contaminaci\u00f3n  ,e agora estamos a aplicar un programa de residuos baseado na compostaxe que ter\u00e1 tam\u00e9n resultados m\u00e1is que notables neste eido da conservaci\u00f3n do noso medio ambiente.<\/p><\/blockquote>\n\n\n\n<p> <strong>Os teus compa\u00f1eiros do BNG de A\nGuarda  quixeron facer no seu pobo un modelo semellante a Pontevedra,\npero.. ?<\/strong><\/p>\n\n\n\n<blockquote class=\"wp-block-quote is-layout-flow wp-block-quote-is-layout-flow\"><p>Pero por desgraza o PSOE ten outro modelo de Vila na cabeza e non lles permitiron seguir adiante, e agora o partido socialista goberna s\u00f3 con 5 concelleiros\/as de 17. Veremos como evolucionan os acontecementos.<\/p><\/blockquote>\n\n\n\n<p><strong>O asunto das luces de nadal da\ncidade de Vigo roza as fronteiras do frikismo?<\/strong><\/p>\n\n\n\n<blockquote class=\"wp-block-quote is-layout-flow wp-block-quote-is-layout-flow\"><p>Ha, ha ha, home non sei se definilo as\u00ed, ao meu xu\u00edzo a interpretaci\u00f3n correcta ten relaci\u00f3n m\u00e1is cunha camuflaxe, que a modo de decorado trata de agochar as inmensas carencias que ten esa cidade.<\/p><\/blockquote>\n\n\n\n<p><strong>E no que se refire \u00e1 situaci\u00f3n tan\nperigosa na  que se encontra un dos emblemas industriais da historia\nde Vigo, o estaleiro Barreras, cal \u00e9 a posici\u00f3n do BLOQUE?<\/strong><\/p>\n\n\n\n<blockquote class=\"wp-block-quote is-layout-flow wp-block-quote-is-layout-flow\"><p> Manifest\u00e1mola hai unhas semanas cando Ana Pont\u00f3n e Xabier P\u00e9rez Igrexas estiveron co comit\u00e9 de empresa: \u00c9 necesario depurar responsabilidades; pois foi a Xunta quen avalou a Garc\u00eda Costas, un home do PP, e foi a Xunta quen trouxo a Pemex. Al\u00e9n da asunci\u00f3n de responsabilidades c\u00f3mpre unha aposta firme e decidida da Xunta de Galicia polo sector naval apoiando a Barreras para que saia da situaci\u00f3n na que est\u00e1, \u00e9 indecente mirar para outro lado, e a nosa posici\u00f3n ao respecto pasa pola necesidade da execuci\u00f3n do centro de reparaci\u00f3ns navais da r\u00eda de Vigo que permitir\u00eda ter carga de traballo estable.<\/p><\/blockquote>\n\n\n\n<p><strong>Pouco antes das municipais dic\u00edas\nno noso xornal que o \u201cBNG ir\u00eda a por todas\u201d e non vos foi mal a\ncousa, que nos dis agora a poucos meses das auton\u00f3micas?<\/strong><\/p>\n\n\n\n<blockquote class=\"wp-block-quote is-layout-flow wp-block-quote-is-layout-flow\"><p>Creo que \u00e9 un dato obxectivo que a tendencia do BNG \u00e9 alcista, a sociedade galega, sexa ou non nacionalista, valora e aprecia o noso rigor, a nosa coherencia a nosa seriedade e a defensa inquebrantable que facemos dos intereses dos homes e mulleres que aqu\u00ed vivimos. A onda de simpat\u00eda cara ao BNG \u00e9 cada vez maior, v\u00e9molo nas r\u00faas, nas estradas, nas aldeas, nas vilas e nas cidades. E se antes das municipais d\u00edxenvos que iriamos a por todas agora d\u00edgoo tam\u00e9n coa mesma firmeza e convicci\u00f3n. Imos a por todas porque a Galiza falle falta un cambio e o BNG est\u00e1 en condici\u00f3ns de lideralo.<\/p><\/blockquote>\n\n\n\n<p><strong>Ti vas a repetir como candidato \npola provincia de Pontevedra ?<\/strong><\/p>\n\n\n\n<blockquote class=\"wp-block-quote is-layout-flow wp-block-quote-is-layout-flow\"><p>Iso non depende de min.<\/p><\/blockquote>\n\n\n\n<p> <strong>Pero ti queres repetir?<\/strong><\/p>\n\n\n\n<blockquote class=\"wp-block-quote is-layout-flow wp-block-quote-is-layout-flow\"><p>Eu son un militante disciplinado e asumirei, sempre, as decisi\u00f3ns colectivas da militancia do Bloque. Tam\u00e9n che digo que estou moi ilusionado, con forza e con ga\u00f1as de traballar.<\/p><\/blockquote>\n\n\n\n<p><strong>Case sempre hai unha distancia entre\na realidade e o desexo, o teu desexo, supo\u00f1o que \u00e9 que o PP, perda\na Xunta, e a realidade, sinceramente Luis, como a ves?<\/strong><\/p>\n\n\n\n<blockquote class=\"wp-block-quote is-layout-flow wp-block-quote-is-layout-flow\"><p>O partido est\u00e1  aberto e calquera cousa pode pasar, cada voto vai ser fundamental, pero creo que desta volta a p\u00e9sima xesti\u00f3n do goberno galego cunha grande cantidade de conflitos sociais xerou un panorama moi desfavorable para eles, e \u00e9 moi posible que se dea o cambio que Galiza precisa.<\/p><\/blockquote>\n\n\n\n<p><strong>Nese escenario tan aberto que\nprognosticas, se se dera o caso de que  que a estrema dereita tivera\nrepresentaci\u00f3n e o PP  necesitara  do seu apoios para manter a Xunta\ncrees que Feij\u00f3o pactar\u00eda con eles ?<\/strong><\/p>\n\n\n\n<blockquote class=\"wp-block-quote is-layout-flow wp-block-quote-is-layout-flow\"><p>Non te\u00f1o ningunha d\u00fabida de que se se dese ese escenario, Feij\u00f3o pactar\u00eda coa extrema dereita, e non s\u00f3 iso, sen\u00f3n que asumir\u00eda a s\u00faa axenda.        <\/p><\/blockquote>\n\n\n\n<p><strong>Supo\u00f1o que no BNG estaredes moi\nsatisfeitos pola recuperaci\u00f3n da representaci\u00f3n no parlamento do\nestado. A d\u00eda de hoxe, 10 de decembro representantes do PSOE xa\nfalaron  con v\u00f3s?<\/strong><\/p>\n\n\n\n<blockquote class=\"wp-block-quote is-layout-flow wp-block-quote-is-layout-flow\"><p>Alg\u00fans contactos  si houbo ,  e n\u00f3s  xa dixemos  que non poden contar co noso apoio se non existe un reco\u00f1ecemento da axenda galega, dos temas vitais para o noso pa\u00eds como por exemplo a AP9 ou  os custes da enerx\u00eda&#8230;.<\/p><\/blockquote>\n\n\n\n<p><strong>Como esta N\u00e9stor Rego de \u00e1nimos?<\/strong><\/p>\n\n\n\n<blockquote class=\"wp-block-quote is-layout-flow wp-block-quote-is-layout-flow\"><p>El \u00e9 unha persoa moi responsable, e asume a grande responsabilidade que ten, e \u00e1 vez est\u00e1 moi ilusionado e con moitos \u00e1nimos de defender os intereses das cidad\u00e1s e cidad\u00e1ns de Galiza.<\/p><\/blockquote>\n\n\n\n<p><strong>Que lle dir\u00edas a unha persoa\nnormal, de calquera curruncho normal do pa\u00eds galego que non entende\nas raz\u00f3ns polas que o deputado N\u00e9stor Rego non acode \u00e1 cita co\nxefe do estado?<\/strong><\/p>\n\n\n\n<blockquote class=\"wp-block-quote is-layout-flow wp-block-quote-is-layout-flow\"><p>No fomos por d\u00faas raz\u00f3ns; unha abstracta e conceptual o BNG \u00e9 unha organizaci\u00f3n de sentimento e de raz\u00f3n republicana, e outra concreta en relaci\u00f3n co papel que desempe\u00f1ou este monarca en particular ; un papel claramente partidista que pretendeu lexitimar actuaci\u00f3ns que a n\u00f3s par\u00e9cennos manifestamente censurables.<\/p><\/blockquote>\n","protected":false},"excerpt":{"rendered":"<div class=\"mh-excerpt\"><p>Luis Bar\u00e1 \u00e9 deputado do bloque no parlamento galego pola provincia de Pontevedra <a class=\"mh-excerpt-more\" href=\"https:\/\/www.anovapeneira.gal\/index.php\/2019\/12\/19\/luis-bara-deputado-do-bng\/\" title=\"Luis Bar\u00e1 deputado do BNG\">[&#8230;]<\/a><\/p>\n<\/div>","protected":false},"author":3,"featured_media":2043,"comment_status":"open","ping_status":"open","sticky":false,"template":"","format":"standard","meta":{"_exactmetrics_skip_tracking":false,"_exactmetrics_sitenote_active":false,"_exactmetrics_sitenote_note":"","_exactmetrics_sitenote_category":0,"footnotes":""},"categories":[264],"tags":[10,372],"class_list":{"0":"post-2042","1":"post","2":"type-post","3":"status-publish","4":"format-standard","5":"has-post-thumbnail","7":"category-entrevistas-galicia","8":"tag-bng","9":"tag-luis-bara"},"yoast_head":"<!-- This site is optimized with the Yoast SEO plugin v27.4 - https:\/\/yoast.com\/product\/yoast-seo-wordpress\/ -->\n<title>Luis Bar\u00e1 deputado do BNG -<\/title>\n<meta name=\"robots\" content=\"index, follow, max-snippet:-1, max-image-preview:large, max-video-preview:-1\" \/>\n<link rel=\"canonical\" href=\"https:\/\/www.anovapeneira.gal\/index.php\/2019\/12\/19\/luis-bara-deputado-do-bng\/\" \/>\n<meta property=\"og:locale\" content=\"gl_ES\" \/>\n<meta property=\"og:type\" content=\"article\" \/>\n<meta property=\"og:title\" content=\"Luis Bar\u00e1 deputado do BNG -\" \/>\n<meta property=\"og:description\" content=\"Luis Bar\u00e1 \u00e9 deputado do bloque no parlamento galego pola provincia de Pontevedra [...]\" \/>\n<meta property=\"og:url\" content=\"https:\/\/www.anovapeneira.gal\/index.php\/2019\/12\/19\/luis-bara-deputado-do-bng\/\" \/>\n<meta property=\"article:publisher\" content=\"https:\/\/www.facebook.com\/anovapeneira\" \/>\n<meta property=\"article:published_time\" content=\"2019-12-19T09:00:26+00:00\" \/>\n<meta property=\"og:image\" content=\"https:\/\/www.anovapeneira.gal\/wp-content\/uploads\/2019\/12\/LUIS_BARA_a_nova_peneira.jpg\" \/>\n\t<meta property=\"og:image:width\" content=\"720\" \/>\n\t<meta property=\"og:image:height\" content=\"432\" \/>\n\t<meta property=\"og:image:type\" content=\"image\/jpeg\" \/>\n<meta name=\"author\" content=\"Redacci\u00f3n A Nova Peneira\" \/>\n<meta name=\"twitter:card\" content=\"summary_large_image\" \/>\n<meta name=\"twitter:creator\" content=\"@APeneira\" \/>\n<meta name=\"twitter:site\" content=\"@APeneira\" \/>\n<meta name=\"twitter:label1\" content=\"Escrito por\" \/>\n\t<meta name=\"twitter:data1\" content=\"Redacci\u00f3n A Nova Peneira\" \/>\n\t<meta name=\"twitter:label2\" content=\"Tempo de lectura\" \/>\n\t<meta name=\"twitter:data2\" content=\"9 minutos\" \/>\n<script type=\"application\/ld+json\" class=\"yoast-schema-graph\">{\"@context\":\"https:\\\/\\\/schema.org\",\"@graph\":[{\"@type\":\"Article\",\"@id\":\"https:\\\/\\\/www.anovapeneira.gal\\\/index.php\\\/2019\\\/12\\\/19\\\/luis-bara-deputado-do-bng\\\/#article\",\"isPartOf\":{\"@id\":\"https:\\\/\\\/www.anovapeneira.gal\\\/index.php\\\/2019\\\/12\\\/19\\\/luis-bara-deputado-do-bng\\\/\"},\"author\":{\"name\":\"Redacci\u00f3n A Nova Peneira\",\"@id\":\"https:\\\/\\\/www.anovapeneira.gal\\\/#\\\/schema\\\/person\\\/b93e3f8932e3f8da96334607eb6ac6aa\"},\"headline\":\"Luis Bar\u00e1 deputado do BNG\",\"datePublished\":\"2019-12-19T09:00:26+00:00\",\"mainEntityOfPage\":{\"@id\":\"https:\\\/\\\/www.anovapeneira.gal\\\/index.php\\\/2019\\\/12\\\/19\\\/luis-bara-deputado-do-bng\\\/\"},\"wordCount\":1748,\"commentCount\":0,\"publisher\":{\"@id\":\"https:\\\/\\\/www.anovapeneira.gal\\\/#organization\"},\"image\":{\"@id\":\"https:\\\/\\\/www.anovapeneira.gal\\\/index.php\\\/2019\\\/12\\\/19\\\/luis-bara-deputado-do-bng\\\/#primaryimage\"},\"thumbnailUrl\":\"https:\\\/\\\/www.anovapeneira.gal\\\/wp-content\\\/uploads\\\/2019\\\/12\\\/LUIS_BARA_a_nova_peneira.jpg\",\"keywords\":[\"BNG\",\"Lu\u00eds Bar\u00e1\"],\"articleSection\":[\"Entrevistas\"],\"inLanguage\":\"gl-ES\",\"potentialAction\":[{\"@type\":\"CommentAction\",\"name\":\"Comment\",\"target\":[\"https:\\\/\\\/www.anovapeneira.gal\\\/index.php\\\/2019\\\/12\\\/19\\\/luis-bara-deputado-do-bng\\\/#respond\"]}]},{\"@type\":\"WebPage\",\"@id\":\"https:\\\/\\\/www.anovapeneira.gal\\\/index.php\\\/2019\\\/12\\\/19\\\/luis-bara-deputado-do-bng\\\/\",\"url\":\"https:\\\/\\\/www.anovapeneira.gal\\\/index.php\\\/2019\\\/12\\\/19\\\/luis-bara-deputado-do-bng\\\/\",\"name\":\"Luis Bar\u00e1 deputado do BNG -\",\"isPartOf\":{\"@id\":\"https:\\\/\\\/www.anovapeneira.gal\\\/#website\"},\"primaryImageOfPage\":{\"@id\":\"https:\\\/\\\/www.anovapeneira.gal\\\/index.php\\\/2019\\\/12\\\/19\\\/luis-bara-deputado-do-bng\\\/#primaryimage\"},\"image\":{\"@id\":\"https:\\\/\\\/www.anovapeneira.gal\\\/index.php\\\/2019\\\/12\\\/19\\\/luis-bara-deputado-do-bng\\\/#primaryimage\"},\"thumbnailUrl\":\"https:\\\/\\\/www.anovapeneira.gal\\\/wp-content\\\/uploads\\\/2019\\\/12\\\/LUIS_BARA_a_nova_peneira.jpg\",\"datePublished\":\"2019-12-19T09:00:26+00:00\",\"breadcrumb\":{\"@id\":\"https:\\\/\\\/www.anovapeneira.gal\\\/index.php\\\/2019\\\/12\\\/19\\\/luis-bara-deputado-do-bng\\\/#breadcrumb\"},\"inLanguage\":\"gl-ES\",\"potentialAction\":[{\"@type\":\"ReadAction\",\"target\":[\"https:\\\/\\\/www.anovapeneira.gal\\\/index.php\\\/2019\\\/12\\\/19\\\/luis-bara-deputado-do-bng\\\/\"]}]},{\"@type\":\"ImageObject\",\"inLanguage\":\"gl-ES\",\"@id\":\"https:\\\/\\\/www.anovapeneira.gal\\\/index.php\\\/2019\\\/12\\\/19\\\/luis-bara-deputado-do-bng\\\/#primaryimage\",\"url\":\"https:\\\/\\\/www.anovapeneira.gal\\\/wp-content\\\/uploads\\\/2019\\\/12\\\/LUIS_BARA_a_nova_peneira.jpg\",\"contentUrl\":\"https:\\\/\\\/www.anovapeneira.gal\\\/wp-content\\\/uploads\\\/2019\\\/12\\\/LUIS_BARA_a_nova_peneira.jpg\",\"width\":720,\"height\":432,\"caption\":\"Luis Bar\u00e1 A Nova Peneira\"},{\"@type\":\"BreadcrumbList\",\"@id\":\"https:\\\/\\\/www.anovapeneira.gal\\\/index.php\\\/2019\\\/12\\\/19\\\/luis-bara-deputado-do-bng\\\/#breadcrumb\",\"itemListElement\":[{\"@type\":\"ListItem\",\"position\":1,\"name\":\"Portada\",\"item\":\"https:\\\/\\\/www.anovapeneira.gal\\\/\"},{\"@type\":\"ListItem\",\"position\":2,\"name\":\"Luis Bar\u00e1 deputado do BNG\"}]},{\"@type\":\"WebSite\",\"@id\":\"https:\\\/\\\/www.anovapeneira.gal\\\/#website\",\"url\":\"https:\\\/\\\/www.anovapeneira.gal\\\/\",\"name\":\"\",\"description\":\"Xornal galego de informaci\u00f3n xeral Publicaci\u00f3n mensual de novas de Galicia e en especial dos Concellos da sur da provincia de Pontevedra.\",\"publisher\":{\"@id\":\"https:\\\/\\\/www.anovapeneira.gal\\\/#organization\"},\"potentialAction\":[{\"@type\":\"SearchAction\",\"target\":{\"@type\":\"EntryPoint\",\"urlTemplate\":\"https:\\\/\\\/www.anovapeneira.gal\\\/?s={search_term_string}\"},\"query-input\":{\"@type\":\"PropertyValueSpecification\",\"valueRequired\":true,\"valueName\":\"search_term_string\"}}],\"inLanguage\":\"gl-ES\"},{\"@type\":\"Organization\",\"@id\":\"https:\\\/\\\/www.anovapeneira.gal\\\/#organization\",\"name\":\"A Nova Peneira\",\"url\":\"https:\\\/\\\/www.anovapeneira.gal\\\/\",\"logo\":{\"@type\":\"ImageObject\",\"inLanguage\":\"gl-ES\",\"@id\":\"https:\\\/\\\/www.anovapeneira.gal\\\/#\\\/schema\\\/logo\\\/image\\\/\",\"url\":\"http:\\\/\\\/www.anovapeneira.gal\\\/wp-content\\\/uploads\\\/2019\\\/06\\\/logo_a_nova_peneira_portal_web.png\",\"contentUrl\":\"http:\\\/\\\/www.anovapeneira.gal\\\/wp-content\\\/uploads\\\/2019\\\/06\\\/logo_a_nova_peneira_portal_web.png\",\"width\":300,\"height\":100,\"caption\":\"A Nova Peneira\"},\"image\":{\"@id\":\"https:\\\/\\\/www.anovapeneira.gal\\\/#\\\/schema\\\/logo\\\/image\\\/\"},\"sameAs\":[\"https:\\\/\\\/www.facebook.com\\\/anovapeneira\",\"https:\\\/\\\/x.com\\\/APeneira\"]},{\"@type\":\"Person\",\"@id\":\"https:\\\/\\\/www.anovapeneira.gal\\\/#\\\/schema\\\/person\\\/b93e3f8932e3f8da96334607eb6ac6aa\",\"name\":\"Redacci\u00f3n A Nova Peneira\",\"image\":{\"@type\":\"ImageObject\",\"inLanguage\":\"gl-ES\",\"@id\":\"https:\\\/\\\/secure.gravatar.com\\\/avatar\\\/c052a2551a06e23fac63626232eaa90abd78dbcf1700fc46a2b2c89fd27b735f?s=96&d=mm&r=g\",\"url\":\"https:\\\/\\\/secure.gravatar.com\\\/avatar\\\/c052a2551a06e23fac63626232eaa90abd78dbcf1700fc46a2b2c89fd27b735f?s=96&d=mm&r=g\",\"contentUrl\":\"https:\\\/\\\/secure.gravatar.com\\\/avatar\\\/c052a2551a06e23fac63626232eaa90abd78dbcf1700fc46a2b2c89fd27b735f?s=96&d=mm&r=g\",\"caption\":\"Redacci\u00f3n A Nova Peneira\"},\"sameAs\":[\"http:\\\/\\\/www.anovapeneira.gal\\\/\"],\"url\":\"https:\\\/\\\/www.anovapeneira.gal\\\/index.php\\\/author\\\/redactor\\\/\"}]}<\/script>\n<!-- \/ Yoast SEO plugin. -->","yoast_head_json":{"title":"Luis Bar\u00e1 deputado do BNG -","robots":{"index":"index","follow":"follow","max-snippet":"max-snippet:-1","max-image-preview":"max-image-preview:large","max-video-preview":"max-video-preview:-1"},"canonical":"https:\/\/www.anovapeneira.gal\/index.php\/2019\/12\/19\/luis-bara-deputado-do-bng\/","og_locale":"gl_ES","og_type":"article","og_title":"Luis Bar\u00e1 deputado do BNG -","og_description":"Luis Bar\u00e1 \u00e9 deputado do bloque no parlamento galego pola provincia de Pontevedra [...]","og_url":"https:\/\/www.anovapeneira.gal\/index.php\/2019\/12\/19\/luis-bara-deputado-do-bng\/","article_publisher":"https:\/\/www.facebook.com\/anovapeneira","article_published_time":"2019-12-19T09:00:26+00:00","og_image":[{"width":720,"height":432,"url":"https:\/\/www.anovapeneira.gal\/wp-content\/uploads\/2019\/12\/LUIS_BARA_a_nova_peneira.jpg","type":"image\/jpeg"}],"author":"Redacci\u00f3n A Nova Peneira","twitter_card":"summary_large_image","twitter_creator":"@APeneira","twitter_site":"@APeneira","twitter_misc":{"Escrito por":"Redacci\u00f3n A Nova Peneira","Tempo de lectura":"9 minutos"},"schema":{"@context":"https:\/\/schema.org","@graph":[{"@type":"Article","@id":"https:\/\/www.anovapeneira.gal\/index.php\/2019\/12\/19\/luis-bara-deputado-do-bng\/#article","isPartOf":{"@id":"https:\/\/www.anovapeneira.gal\/index.php\/2019\/12\/19\/luis-bara-deputado-do-bng\/"},"author":{"name":"Redacci\u00f3n A Nova Peneira","@id":"https:\/\/www.anovapeneira.gal\/#\/schema\/person\/b93e3f8932e3f8da96334607eb6ac6aa"},"headline":"Luis Bar\u00e1 deputado do BNG","datePublished":"2019-12-19T09:00:26+00:00","mainEntityOfPage":{"@id":"https:\/\/www.anovapeneira.gal\/index.php\/2019\/12\/19\/luis-bara-deputado-do-bng\/"},"wordCount":1748,"commentCount":0,"publisher":{"@id":"https:\/\/www.anovapeneira.gal\/#organization"},"image":{"@id":"https:\/\/www.anovapeneira.gal\/index.php\/2019\/12\/19\/luis-bara-deputado-do-bng\/#primaryimage"},"thumbnailUrl":"https:\/\/www.anovapeneira.gal\/wp-content\/uploads\/2019\/12\/LUIS_BARA_a_nova_peneira.jpg","keywords":["BNG","Lu\u00eds Bar\u00e1"],"articleSection":["Entrevistas"],"inLanguage":"gl-ES","potentialAction":[{"@type":"CommentAction","name":"Comment","target":["https:\/\/www.anovapeneira.gal\/index.php\/2019\/12\/19\/luis-bara-deputado-do-bng\/#respond"]}]},{"@type":"WebPage","@id":"https:\/\/www.anovapeneira.gal\/index.php\/2019\/12\/19\/luis-bara-deputado-do-bng\/","url":"https:\/\/www.anovapeneira.gal\/index.php\/2019\/12\/19\/luis-bara-deputado-do-bng\/","name":"Luis Bar\u00e1 deputado do BNG -","isPartOf":{"@id":"https:\/\/www.anovapeneira.gal\/#website"},"primaryImageOfPage":{"@id":"https:\/\/www.anovapeneira.gal\/index.php\/2019\/12\/19\/luis-bara-deputado-do-bng\/#primaryimage"},"image":{"@id":"https:\/\/www.anovapeneira.gal\/index.php\/2019\/12\/19\/luis-bara-deputado-do-bng\/#primaryimage"},"thumbnailUrl":"https:\/\/www.anovapeneira.gal\/wp-content\/uploads\/2019\/12\/LUIS_BARA_a_nova_peneira.jpg","datePublished":"2019-12-19T09:00:26+00:00","breadcrumb":{"@id":"https:\/\/www.anovapeneira.gal\/index.php\/2019\/12\/19\/luis-bara-deputado-do-bng\/#breadcrumb"},"inLanguage":"gl-ES","potentialAction":[{"@type":"ReadAction","target":["https:\/\/www.anovapeneira.gal\/index.php\/2019\/12\/19\/luis-bara-deputado-do-bng\/"]}]},{"@type":"ImageObject","inLanguage":"gl-ES","@id":"https:\/\/www.anovapeneira.gal\/index.php\/2019\/12\/19\/luis-bara-deputado-do-bng\/#primaryimage","url":"https:\/\/www.anovapeneira.gal\/wp-content\/uploads\/2019\/12\/LUIS_BARA_a_nova_peneira.jpg","contentUrl":"https:\/\/www.anovapeneira.gal\/wp-content\/uploads\/2019\/12\/LUIS_BARA_a_nova_peneira.jpg","width":720,"height":432,"caption":"Luis Bar\u00e1 A Nova Peneira"},{"@type":"BreadcrumbList","@id":"https:\/\/www.anovapeneira.gal\/index.php\/2019\/12\/19\/luis-bara-deputado-do-bng\/#breadcrumb","itemListElement":[{"@type":"ListItem","position":1,"name":"Portada","item":"https:\/\/www.anovapeneira.gal\/"},{"@type":"ListItem","position":2,"name":"Luis Bar\u00e1 deputado do BNG"}]},{"@type":"WebSite","@id":"https:\/\/www.anovapeneira.gal\/#website","url":"https:\/\/www.anovapeneira.gal\/","name":"","description":"Xornal galego de informaci\u00f3n xeral Publicaci\u00f3n mensual de novas de Galicia e en especial dos Concellos da sur da provincia de Pontevedra.","publisher":{"@id":"https:\/\/www.anovapeneira.gal\/#organization"},"potentialAction":[{"@type":"SearchAction","target":{"@type":"EntryPoint","urlTemplate":"https:\/\/www.anovapeneira.gal\/?s={search_term_string}"},"query-input":{"@type":"PropertyValueSpecification","valueRequired":true,"valueName":"search_term_string"}}],"inLanguage":"gl-ES"},{"@type":"Organization","@id":"https:\/\/www.anovapeneira.gal\/#organization","name":"A Nova Peneira","url":"https:\/\/www.anovapeneira.gal\/","logo":{"@type":"ImageObject","inLanguage":"gl-ES","@id":"https:\/\/www.anovapeneira.gal\/#\/schema\/logo\/image\/","url":"http:\/\/www.anovapeneira.gal\/wp-content\/uploads\/2019\/06\/logo_a_nova_peneira_portal_web.png","contentUrl":"http:\/\/www.anovapeneira.gal\/wp-content\/uploads\/2019\/06\/logo_a_nova_peneira_portal_web.png","width":300,"height":100,"caption":"A Nova Peneira"},"image":{"@id":"https:\/\/www.anovapeneira.gal\/#\/schema\/logo\/image\/"},"sameAs":["https:\/\/www.facebook.com\/anovapeneira","https:\/\/x.com\/APeneira"]},{"@type":"Person","@id":"https:\/\/www.anovapeneira.gal\/#\/schema\/person\/b93e3f8932e3f8da96334607eb6ac6aa","name":"Redacci\u00f3n A Nova Peneira","image":{"@type":"ImageObject","inLanguage":"gl-ES","@id":"https:\/\/secure.gravatar.com\/avatar\/c052a2551a06e23fac63626232eaa90abd78dbcf1700fc46a2b2c89fd27b735f?s=96&d=mm&r=g","url":"https:\/\/secure.gravatar.com\/avatar\/c052a2551a06e23fac63626232eaa90abd78dbcf1700fc46a2b2c89fd27b735f?s=96&d=mm&r=g","contentUrl":"https:\/\/secure.gravatar.com\/avatar\/c052a2551a06e23fac63626232eaa90abd78dbcf1700fc46a2b2c89fd27b735f?s=96&d=mm&r=g","caption":"Redacci\u00f3n A Nova Peneira"},"sameAs":["http:\/\/www.anovapeneira.gal\/"],"url":"https:\/\/www.anovapeneira.gal\/index.php\/author\/redactor\/"}]}},"jetpack_featured_media_url":"https:\/\/www.anovapeneira.gal\/wp-content\/uploads\/2019\/12\/LUIS_BARA_a_nova_peneira.jpg","_links":{"self":[{"href":"https:\/\/www.anovapeneira.gal\/index.php\/wp-json\/wp\/v2\/posts\/2042","targetHints":{"allow":["GET"]}}],"collection":[{"href":"https:\/\/www.anovapeneira.gal\/index.php\/wp-json\/wp\/v2\/posts"}],"about":[{"href":"https:\/\/www.anovapeneira.gal\/index.php\/wp-json\/wp\/v2\/types\/post"}],"author":[{"embeddable":true,"href":"https:\/\/www.anovapeneira.gal\/index.php\/wp-json\/wp\/v2\/users\/3"}],"replies":[{"embeddable":true,"href":"https:\/\/www.anovapeneira.gal\/index.php\/wp-json\/wp\/v2\/comments?post=2042"}],"version-history":[{"count":1,"href":"https:\/\/www.anovapeneira.gal\/index.php\/wp-json\/wp\/v2\/posts\/2042\/revisions"}],"predecessor-version":[{"id":2044,"href":"https:\/\/www.anovapeneira.gal\/index.php\/wp-json\/wp\/v2\/posts\/2042\/revisions\/2044"}],"wp:featuredmedia":[{"embeddable":true,"href":"https:\/\/www.anovapeneira.gal\/index.php\/wp-json\/wp\/v2\/media\/2043"}],"wp:attachment":[{"href":"https:\/\/www.anovapeneira.gal\/index.php\/wp-json\/wp\/v2\/media?parent=2042"}],"wp:term":[{"taxonomy":"category","embeddable":true,"href":"https:\/\/www.anovapeneira.gal\/index.php\/wp-json\/wp\/v2\/categories?post=2042"},{"taxonomy":"post_tag","embeddable":true,"href":"https:\/\/www.anovapeneira.gal\/index.php\/wp-json\/wp\/v2\/tags?post=2042"}],"curies":[{"name":"wp","href":"https:\/\/api.w.org\/{rel}","templated":true}]}}