{"id":2062,"date":"2019-12-20T10:00:16","date_gmt":"2019-12-20T09:00:16","guid":{"rendered":"http:\/\/www.anovapeneira.gal\/?p=2062"},"modified":"2019-12-19T22:16:52","modified_gmt":"2019-12-19T21:16:52","slug":"andaina-redondela","status":"publish","type":"post","link":"https:\/\/www.anovapeneira.gal\/index.php\/2019\/12\/20\/andaina-redondela\/","title":{"rendered":"Andaina Redondela"},"content":{"rendered":"\n<pre class=\"wp-block-verse\"><strong>Marcos Santos<\/strong><\/pre>\n\n\n\n<h4 class=\"wp-block-heading\"><strong>Unha das peculiaridades\nm\u00e1is significativas, que \u00e9 un sinal de identidade da nosa querida\nRedondela, \u00e9 o seu inmenso tecido asociativo. No noso pobo existen\nunha grande cantidade de colectivos organizados cun \u00fanico obxectivo,\no ben com\u00fan. A sociedade redondel\u00e1 est\u00e1 viva, o coraz\u00f3n colectivo\nda nosa vila latexa na procura dunhas mellores condici\u00f3ns de vida\npara todas e todos, especialmente para quen m\u00e1is necesite da\nsolidariedade e apoio dos demais. A asociaci\u00f3n ANDAINA de atenci\u00f3n\na persoas con necesidades especiais \u00e9 un deses colectivos cuxo\ntraballo merece ser co\u00f1ecido e valorado. N\u00f3s conversamos co seu\npresidente<\/strong><\/h4>\n\n\n\n<p><strong>ANTONIO GARC\u00cdA <\/strong>\n<\/p>\n\n\n\n<p>\u201c<strong>REIVINDICAMOSA\nNECESIDADE QUE TEN REDONDELA DUN CENTRO INTEGRAL DE TRATAMENTO PARA\nPERSOAS CON DIVERSIDADE FUNCIONAL\u201d<\/strong><\/p>\n\n\n\n<p><strong>Cando naceu Andaina?<\/strong><\/p>\n\n\n\n<blockquote class=\"wp-block-quote is-layout-flow wp-block-quote-is-layout-flow\"><p>Nacemos en 1.996, despois duns anos de actividade  a asociaci\u00f3n tivo que deixar de funcionar, ata o ano 2.011 que puidemos retomar a nosa andaina , ata hoxe.<\/p><\/blockquote>\n\n\n\n<p><strong>E, que \u00e9 Andaina?<\/strong><\/p>\n\n\n\n<blockquote class=\"wp-block-quote is-layout-flow wp-block-quote-is-layout-flow\"><p>Un colectivo que atende a persoas con discapacidade e necesidades especiais de atenci\u00f3n ao longo da s\u00faa vida.<\/p><\/blockquote>\n\n\n\n<p><strong>Que abano de idade\nte\u00f1en os vosos usuarios e usuarias?<\/strong><\/p>\n\n\n\n<blockquote class=\"wp-block-quote is-layout-flow wp-block-quote-is-layout-flow\"><p>Como che dixen, nesta segunda xeira comezamos a traballar no 2.011. N\u00f3s iniciamos a nosa labor con nenos e nenas, que van crecendo e hoxe xa pasan de adolescentes.<\/p><\/blockquote>\n\n\n\n<p><strong>C\u00f3ntanos un pouco m\u00e1is\ncomo \u00e9 o voso traballo?<\/strong><\/p>\n\n\n\n<blockquote class=\"wp-block-quote is-layout-flow wp-block-quote-is-layout-flow\"><p>Primeiro acubillamos  \u00e1s familias \u00e1s que lle diagnostican o problema a un dos seus membros. Cando iso acontece sabemos que se produce un sentimento que che fai estar como perdido, non se sabe que facer, nin a onde ir, e n\u00f3s procuramos darlle asesoramento e informaci\u00f3n. E despois intentamos tratara a problem\u00e1tica concreta que afecte a quen a padeza.<\/p><\/blockquote>\n\n\n\n<p><strong>Como vos financiades?<\/strong><\/p>\n\n\n\n<blockquote class=\"wp-block-quote is-layout-flow wp-block-quote-is-layout-flow\"><p>Fundamentalmente por subvenci\u00f3ns, e dependendo de como sexan podemos funcionar mellor ou peor. Cando remata o per\u00edodo polo que se concede, non podemos permitirnos contratar ao persoal necesario para atender as necesidades dos nosos usuarios.<\/p><\/blockquote>\n\n\n\n<p><strong>Pero nos momentos en\nque non hai subvenci\u00f3ns, v\u00f3s parados non estades, non?<\/strong><\/p>\n\n\n\n<blockquote class=\"wp-block-quote is-layout-flow wp-block-quote-is-layout-flow\"><p>Non claro, de ningunha maneira. N\u00f3s sempre estamos a facer cousas, e a trav\u00e9s  de distintas li\u00f1as de financiamento privadas, fundamentalmente empresas e comercio local de Redondela, procuramos sufragar todo o que podemos.<\/p><\/blockquote>\n\n\n\n<p><strong>Cales son as acci\u00f3ns\nque fixestes este ano?<\/strong><\/p>\n\n\n\n<blockquote class=\"wp-block-quote is-layout-flow wp-block-quote-is-layout-flow\"><p>O d\u00eda 3 de decembro \u00e9 o d\u00eda internacional da discapacidade e n\u00f3s levamos anos celebr\u00e1ndoo para darlle visibilidade a estes colectivos de persoas, e ao longo de todo o ano n\u00f3s desenvolvemos unha terapia con cabalos, facemos programas de ludotecas e ocio xuvenil, e seguimos dando asesoramento permanente \u00e1s familias.<\/p><\/blockquote>\n\n\n\n<p><strong>O da equinoterapia\nsemella moi interesante, como \u00e9?<\/strong><\/p>\n\n\n\n<blockquote class=\"wp-block-quote is-layout-flow wp-block-quote-is-layout-flow\"><p>Fac\u00e9mola na H\u00edpica LA MURALLA, que est\u00e1 en Cesantes. Consiste en que o cabalo achega moitos beneficios \u00e1s persoas con discapacidade, tanto motrices como sensoriais, o simple feito de estar subido nel ou acaricialo estimula a sensibilidade dos rapaces e o rapazas, tonif\u00edcaos e fai que ga\u00f1en masa muscular e se fortalezan.<\/p><\/blockquote>\n\n\n\n<p><strong>Tedes algo que dicir\nsobre o festival de curtos, verdade?<\/strong><\/p>\n\n\n\n<blockquote class=\"wp-block-quote is-layout-flow wp-block-quote-is-layout-flow\"><p>Si, como sabes este festival nace da man de Redondela en Curto. N\u00f3s estivemos cinco anos traballando  con eles, por desgraza o ano pasado non se fixo, e n\u00f3s decidimos facer o noso propio festival dedicado \u00e1 discapacidade, procurando amosar as capacidades que as persoas discapacitadas te\u00f1en para  realizar cine.<\/p><\/blockquote>\n\n\n\n<p><strong>A acollida foi boa?<\/strong><\/p>\n\n\n\n<blockquote class=\"wp-block-quote is-layout-flow wp-block-quote-is-layout-flow\"><p>Si, moi boa, celebraremos a seguinte edici\u00f3n en marzo do 2020.<\/p><\/blockquote>\n\n\n\n<p><strong>E se Redondela En Curto\nse retomase?<\/strong><\/p>\n\n\n\n<blockquote class=\"wp-block-quote is-layout-flow wp-block-quote-is-layout-flow\"><p>N\u00f3s manteriamos a nosa independencia, fari\u00e1molo de maneira que non n\u00f3s pisemos, claro, pero se se dera esa hip\u00f3tese n\u00f3s seguiriamos sendo independentes.<\/p><\/blockquote>\n\n\n\n<p><strong>Que proxectos tedes para o 2020?<\/strong><\/p>\n\n\n\n<blockquote class=\"wp-block-quote is-layout-flow wp-block-quote-is-layout-flow\"><p>Ben,  continuaremos coas nosas li\u00f1as de traballo habituais, e xa hai alg\u00fan tempo que vimos traballando nun ambicioso proxecto para toda a sociedade redondel\u00e1 que \u00e9 dun centro integral de tratamento para persoas con diversidade funcional. Cando os nosos usuarios cumpren  21 anos e acaban a etapa escolar non te\u00f1en en Redondela, ning\u00fan centro ao que achegarse e que lles poida proporcionar atenci\u00f3n. A nos ilusi\u00f3n e facelo realidade e que abranga  \u00e1 asociaci\u00f3n e un centro integral de emprego que lles poida facilitar o acceso ao mercado laboral.<\/p><\/blockquote>\n\n\n\n<p><strong>Como son as relaci\u00f3ns\nco actual goberno de Redondela?<\/strong><\/p>\n\n\n\n<blockquote class=\"wp-block-quote is-layout-flow wp-block-quote-is-layout-flow\"><p>A cousa parece que est\u00e1 algo parada, n\u00f3s presentamos a principios de ano este proxecto ao anterior goberno, non se fixo nada, vi\u00f1eron as elecci\u00f3ns e houbo cambio de goberno, present\u00e1molo de novo \u00e1 nova administraci\u00f3n municipal e non parece que exista moita disposici\u00f3n a levalo a cabo. A verdade n\u00f3s contabamos que ao ser un goberno de esquerdas houbera unha maior sensibilidade cara a este tipo de asuntos.<\/p><\/blockquote>\n\n\n\n<p><strong>Que \u00e9 o que\nnecesitariades?<\/strong><\/p>\n\n\n\n<blockquote class=\"wp-block-quote is-layout-flow wp-block-quote-is-layout-flow\"><p>Sobre todo, un local con accesibilidade que poida ter unha oficina e arredor de 5 aulas, non esquezamos que falamos de orientaci\u00f3n laboral e busca activa de emprego. Aqu\u00ed non temos ning\u00fan centro ocupacional e xente da nosa vila que o precisa ten que facer uso dos de poboaci\u00f3ns veci\u00f1as. N\u00f3s somos ambiciosos e pretendemos que o haxa en Redondela, temos a ilusi\u00f3n e a nosa mellor disposici\u00f3n para desenvolver an\u00e1lises individualizados de cada usuario e usuaria, para, en funci\u00f3n das s\u00faas capacidades e necesidades, poderlles ofrecer unha sa\u00edda. O esencial, o que inspira o noso traballo e a procura de que cada usuaria e cada usuario poida acadar a s\u00faa autonom\u00eda persoal.<\/p><\/blockquote>\n\n\n\n<p><strong>Rematamos Antonio, se\nalgu\u00e9n desexa colaborar  con Andaina, como o pode facer?<\/strong><\/p>\n\n\n\n<blockquote class=\"wp-block-quote is-layout-flow wp-block-quote-is-layout-flow\"><p>\u00c9 moi doado, por internet buscas Asociaci\u00f3n Andaina de Redondela e xa a parece tanto a nosa web como as nosas redes sociais. Agora mesmo estamos nas antigas casas dos mestres ,al\u00ed estamos en horario de ma\u00f1\u00e1. Tam\u00e9n temos a posibilidade de integrarse como socio participativo, que nos poidan axudar economicamente e que participen das nosas actividades.<\/p><\/blockquote>\n\n\n\n<p><strong>Tam\u00e9n tedes\nvoluntarios e voluntarias verdade?<\/strong><\/p>\n\n\n\n<blockquote class=\"wp-block-quote is-layout-flow wp-block-quote-is-layout-flow\"><p>Efectivamente, estamos intentando facer unha bolsa de voluntariado, e desde logo que calquera tipo de colaboraci\u00f3n sempre \u00e9 benvida.<\/p><\/blockquote>\n\n\n\n<p><strong>Moitas grazas e moita\nsorte.<\/strong><\/p>\n","protected":false},"excerpt":{"rendered":"<div class=\"mh-excerpt\"><p>Unha das peculiaridades m\u00e1is significativas, que \u00e9 un sinal de identidade da nosa querida Redondela, \u00e9 o seu inmenso tecido asociativo <a class=\"mh-excerpt-more\" href=\"https:\/\/www.anovapeneira.gal\/index.php\/2019\/12\/20\/andaina-redondela\/\" title=\"Andaina Redondela\">[&#8230;]<\/a><\/p>\n<\/div>","protected":false},"author":6,"featured_media":2050,"comment_status":"open","ping_status":"open","sticky":false,"template":"","format":"standard","meta":{"_exactmetrics_skip_tracking":false,"_exactmetrics_sitenote_active":false,"_exactmetrics_sitenote_note":"","_exactmetrics_sitenote_category":0,"footnotes":""},"categories":[495],"tags":[160,171],"class_list":{"0":"post-2062","1":"post","2":"type-post","3":"status-publish","4":"format-standard","5":"has-post-thumbnail","7":"category-redondela-reportaxes","8":"tag-andaina","9":"tag-concello-de-redondela"},"yoast_head":"<!-- This site is optimized with the Yoast SEO plugin v27.4 - https:\/\/yoast.com\/product\/yoast-seo-wordpress\/ -->\n<title>Andaina Redondela -<\/title>\n<meta name=\"robots\" content=\"index, follow, max-snippet:-1, max-image-preview:large, max-video-preview:-1\" \/>\n<link rel=\"canonical\" href=\"https:\/\/www.anovapeneira.gal\/index.php\/2019\/12\/20\/andaina-redondela\/\" \/>\n<meta property=\"og:locale\" content=\"gl_ES\" \/>\n<meta property=\"og:type\" content=\"article\" \/>\n<meta property=\"og:title\" content=\"Andaina Redondela -\" \/>\n<meta property=\"og:description\" content=\"Unha das peculiaridades m\u00e1is significativas, que \u00e9 un sinal de identidade da nosa querida Redondela, \u00e9 o seu inmenso tecido asociativo [...]\" \/>\n<meta property=\"og:url\" content=\"https:\/\/www.anovapeneira.gal\/index.php\/2019\/12\/20\/andaina-redondela\/\" \/>\n<meta property=\"article:publisher\" content=\"https:\/\/www.facebook.com\/anovapeneira\" \/>\n<meta property=\"article:published_time\" content=\"2019-12-20T09:00:16+00:00\" \/>\n<meta property=\"og:image\" content=\"https:\/\/www.anovapeneira.gal\/wp-content\/uploads\/2019\/12\/ANDAINA_a_nova_peneira.jpg\" \/>\n\t<meta property=\"og:image:width\" content=\"720\" \/>\n\t<meta property=\"og:image:height\" content=\"432\" \/>\n\t<meta property=\"og:image:type\" content=\"image\/jpeg\" \/>\n<meta name=\"author\" content=\"Marcos Santos\" \/>\n<meta name=\"twitter:card\" content=\"summary_large_image\" \/>\n<meta name=\"twitter:creator\" content=\"@APeneira\" \/>\n<meta name=\"twitter:site\" content=\"@APeneira\" \/>\n<meta name=\"twitter:label1\" content=\"Escrito por\" \/>\n\t<meta name=\"twitter:data1\" content=\"Marcos Santos\" \/>\n\t<meta name=\"twitter:label2\" content=\"Tempo de lectura\" \/>\n\t<meta name=\"twitter:data2\" content=\"5 minutos\" \/>\n<script type=\"application\/ld+json\" class=\"yoast-schema-graph\">{\"@context\":\"https:\\\/\\\/schema.org\",\"@graph\":[{\"@type\":\"Article\",\"@id\":\"https:\\\/\\\/www.anovapeneira.gal\\\/index.php\\\/2019\\\/12\\\/20\\\/andaina-redondela\\\/#article\",\"isPartOf\":{\"@id\":\"https:\\\/\\\/www.anovapeneira.gal\\\/index.php\\\/2019\\\/12\\\/20\\\/andaina-redondela\\\/\"},\"author\":{\"name\":\"Marcos Santos\",\"@id\":\"https:\\\/\\\/www.anovapeneira.gal\\\/#\\\/schema\\\/person\\\/d9d84823564720e7593293bab054e52d\"},\"headline\":\"Andaina Redondela\",\"datePublished\":\"2019-12-20T09:00:16+00:00\",\"mainEntityOfPage\":{\"@id\":\"https:\\\/\\\/www.anovapeneira.gal\\\/index.php\\\/2019\\\/12\\\/20\\\/andaina-redondela\\\/\"},\"wordCount\":1030,\"commentCount\":0,\"publisher\":{\"@id\":\"https:\\\/\\\/www.anovapeneira.gal\\\/#organization\"},\"image\":{\"@id\":\"https:\\\/\\\/www.anovapeneira.gal\\\/index.php\\\/2019\\\/12\\\/20\\\/andaina-redondela\\\/#primaryimage\"},\"thumbnailUrl\":\"https:\\\/\\\/www.anovapeneira.gal\\\/wp-content\\\/uploads\\\/2019\\\/12\\\/ANDAINA_a_nova_peneira.jpg\",\"keywords\":[\"Andaina\",\"Concello de Redondela\"],\"articleSection\":[\"Redondela\"],\"inLanguage\":\"gl-ES\",\"potentialAction\":[{\"@type\":\"CommentAction\",\"name\":\"Comment\",\"target\":[\"https:\\\/\\\/www.anovapeneira.gal\\\/index.php\\\/2019\\\/12\\\/20\\\/andaina-redondela\\\/#respond\"]}]},{\"@type\":\"WebPage\",\"@id\":\"https:\\\/\\\/www.anovapeneira.gal\\\/index.php\\\/2019\\\/12\\\/20\\\/andaina-redondela\\\/\",\"url\":\"https:\\\/\\\/www.anovapeneira.gal\\\/index.php\\\/2019\\\/12\\\/20\\\/andaina-redondela\\\/\",\"name\":\"Andaina Redondela -\",\"isPartOf\":{\"@id\":\"https:\\\/\\\/www.anovapeneira.gal\\\/#website\"},\"primaryImageOfPage\":{\"@id\":\"https:\\\/\\\/www.anovapeneira.gal\\\/index.php\\\/2019\\\/12\\\/20\\\/andaina-redondela\\\/#primaryimage\"},\"image\":{\"@id\":\"https:\\\/\\\/www.anovapeneira.gal\\\/index.php\\\/2019\\\/12\\\/20\\\/andaina-redondela\\\/#primaryimage\"},\"thumbnailUrl\":\"https:\\\/\\\/www.anovapeneira.gal\\\/wp-content\\\/uploads\\\/2019\\\/12\\\/ANDAINA_a_nova_peneira.jpg\",\"datePublished\":\"2019-12-20T09:00:16+00:00\",\"breadcrumb\":{\"@id\":\"https:\\\/\\\/www.anovapeneira.gal\\\/index.php\\\/2019\\\/12\\\/20\\\/andaina-redondela\\\/#breadcrumb\"},\"inLanguage\":\"gl-ES\",\"potentialAction\":[{\"@type\":\"ReadAction\",\"target\":[\"https:\\\/\\\/www.anovapeneira.gal\\\/index.php\\\/2019\\\/12\\\/20\\\/andaina-redondela\\\/\"]}]},{\"@type\":\"ImageObject\",\"inLanguage\":\"gl-ES\",\"@id\":\"https:\\\/\\\/www.anovapeneira.gal\\\/index.php\\\/2019\\\/12\\\/20\\\/andaina-redondela\\\/#primaryimage\",\"url\":\"https:\\\/\\\/www.anovapeneira.gal\\\/wp-content\\\/uploads\\\/2019\\\/12\\\/ANDAINA_a_nova_peneira.jpg\",\"contentUrl\":\"https:\\\/\\\/www.anovapeneira.gal\\\/wp-content\\\/uploads\\\/2019\\\/12\\\/ANDAINA_a_nova_peneira.jpg\",\"width\":720,\"height\":432,\"caption\":\"Andaina A Nova Peneira\"},{\"@type\":\"BreadcrumbList\",\"@id\":\"https:\\\/\\\/www.anovapeneira.gal\\\/index.php\\\/2019\\\/12\\\/20\\\/andaina-redondela\\\/#breadcrumb\",\"itemListElement\":[{\"@type\":\"ListItem\",\"position\":1,\"name\":\"Portada\",\"item\":\"https:\\\/\\\/www.anovapeneira.gal\\\/\"},{\"@type\":\"ListItem\",\"position\":2,\"name\":\"Andaina Redondela\"}]},{\"@type\":\"WebSite\",\"@id\":\"https:\\\/\\\/www.anovapeneira.gal\\\/#website\",\"url\":\"https:\\\/\\\/www.anovapeneira.gal\\\/\",\"name\":\"\",\"description\":\"Xornal galego de informaci\u00f3n xeral Publicaci\u00f3n mensual de novas de Galicia e en especial dos Concellos da sur da provincia de Pontevedra.\",\"publisher\":{\"@id\":\"https:\\\/\\\/www.anovapeneira.gal\\\/#organization\"},\"potentialAction\":[{\"@type\":\"SearchAction\",\"target\":{\"@type\":\"EntryPoint\",\"urlTemplate\":\"https:\\\/\\\/www.anovapeneira.gal\\\/?s={search_term_string}\"},\"query-input\":{\"@type\":\"PropertyValueSpecification\",\"valueRequired\":true,\"valueName\":\"search_term_string\"}}],\"inLanguage\":\"gl-ES\"},{\"@type\":\"Organization\",\"@id\":\"https:\\\/\\\/www.anovapeneira.gal\\\/#organization\",\"name\":\"A Nova Peneira\",\"url\":\"https:\\\/\\\/www.anovapeneira.gal\\\/\",\"logo\":{\"@type\":\"ImageObject\",\"inLanguage\":\"gl-ES\",\"@id\":\"https:\\\/\\\/www.anovapeneira.gal\\\/#\\\/schema\\\/logo\\\/image\\\/\",\"url\":\"http:\\\/\\\/www.anovapeneira.gal\\\/wp-content\\\/uploads\\\/2019\\\/06\\\/logo_a_nova_peneira_portal_web.png\",\"contentUrl\":\"http:\\\/\\\/www.anovapeneira.gal\\\/wp-content\\\/uploads\\\/2019\\\/06\\\/logo_a_nova_peneira_portal_web.png\",\"width\":300,\"height\":100,\"caption\":\"A Nova Peneira\"},\"image\":{\"@id\":\"https:\\\/\\\/www.anovapeneira.gal\\\/#\\\/schema\\\/logo\\\/image\\\/\"},\"sameAs\":[\"https:\\\/\\\/www.facebook.com\\\/anovapeneira\",\"https:\\\/\\\/x.com\\\/APeneira\"]},{\"@type\":\"Person\",\"@id\":\"https:\\\/\\\/www.anovapeneira.gal\\\/#\\\/schema\\\/person\\\/d9d84823564720e7593293bab054e52d\",\"name\":\"Marcos Santos\",\"image\":{\"@type\":\"ImageObject\",\"inLanguage\":\"gl-ES\",\"@id\":\"https:\\\/\\\/secure.gravatar.com\\\/avatar\\\/0e8017099a7a47c0a9d2275e865fe326484561eb3d70649069e4b8e61a8d2e8c?s=96&d=mm&r=g\",\"url\":\"https:\\\/\\\/secure.gravatar.com\\\/avatar\\\/0e8017099a7a47c0a9d2275e865fe326484561eb3d70649069e4b8e61a8d2e8c?s=96&d=mm&r=g\",\"contentUrl\":\"https:\\\/\\\/secure.gravatar.com\\\/avatar\\\/0e8017099a7a47c0a9d2275e865fe326484561eb3d70649069e4b8e61a8d2e8c?s=96&d=mm&r=g\",\"caption\":\"Marcos Santos\"},\"sameAs\":[\"http:\\\/\\\/anovapeneira.gal\"],\"url\":\"https:\\\/\\\/www.anovapeneira.gal\\\/index.php\\\/author\\\/marcos-santos\\\/\"}]}<\/script>\n<!-- \/ Yoast SEO plugin. -->","yoast_head_json":{"title":"Andaina Redondela -","robots":{"index":"index","follow":"follow","max-snippet":"max-snippet:-1","max-image-preview":"max-image-preview:large","max-video-preview":"max-video-preview:-1"},"canonical":"https:\/\/www.anovapeneira.gal\/index.php\/2019\/12\/20\/andaina-redondela\/","og_locale":"gl_ES","og_type":"article","og_title":"Andaina Redondela -","og_description":"Unha das peculiaridades m\u00e1is significativas, que \u00e9 un sinal de identidade da nosa querida Redondela, \u00e9 o seu inmenso tecido asociativo [...]","og_url":"https:\/\/www.anovapeneira.gal\/index.php\/2019\/12\/20\/andaina-redondela\/","article_publisher":"https:\/\/www.facebook.com\/anovapeneira","article_published_time":"2019-12-20T09:00:16+00:00","og_image":[{"width":720,"height":432,"url":"https:\/\/www.anovapeneira.gal\/wp-content\/uploads\/2019\/12\/ANDAINA_a_nova_peneira.jpg","type":"image\/jpeg"}],"author":"Marcos Santos","twitter_card":"summary_large_image","twitter_creator":"@APeneira","twitter_site":"@APeneira","twitter_misc":{"Escrito por":"Marcos Santos","Tempo de lectura":"5 minutos"},"schema":{"@context":"https:\/\/schema.org","@graph":[{"@type":"Article","@id":"https:\/\/www.anovapeneira.gal\/index.php\/2019\/12\/20\/andaina-redondela\/#article","isPartOf":{"@id":"https:\/\/www.anovapeneira.gal\/index.php\/2019\/12\/20\/andaina-redondela\/"},"author":{"name":"Marcos Santos","@id":"https:\/\/www.anovapeneira.gal\/#\/schema\/person\/d9d84823564720e7593293bab054e52d"},"headline":"Andaina Redondela","datePublished":"2019-12-20T09:00:16+00:00","mainEntityOfPage":{"@id":"https:\/\/www.anovapeneira.gal\/index.php\/2019\/12\/20\/andaina-redondela\/"},"wordCount":1030,"commentCount":0,"publisher":{"@id":"https:\/\/www.anovapeneira.gal\/#organization"},"image":{"@id":"https:\/\/www.anovapeneira.gal\/index.php\/2019\/12\/20\/andaina-redondela\/#primaryimage"},"thumbnailUrl":"https:\/\/www.anovapeneira.gal\/wp-content\/uploads\/2019\/12\/ANDAINA_a_nova_peneira.jpg","keywords":["Andaina","Concello de Redondela"],"articleSection":["Redondela"],"inLanguage":"gl-ES","potentialAction":[{"@type":"CommentAction","name":"Comment","target":["https:\/\/www.anovapeneira.gal\/index.php\/2019\/12\/20\/andaina-redondela\/#respond"]}]},{"@type":"WebPage","@id":"https:\/\/www.anovapeneira.gal\/index.php\/2019\/12\/20\/andaina-redondela\/","url":"https:\/\/www.anovapeneira.gal\/index.php\/2019\/12\/20\/andaina-redondela\/","name":"Andaina Redondela -","isPartOf":{"@id":"https:\/\/www.anovapeneira.gal\/#website"},"primaryImageOfPage":{"@id":"https:\/\/www.anovapeneira.gal\/index.php\/2019\/12\/20\/andaina-redondela\/#primaryimage"},"image":{"@id":"https:\/\/www.anovapeneira.gal\/index.php\/2019\/12\/20\/andaina-redondela\/#primaryimage"},"thumbnailUrl":"https:\/\/www.anovapeneira.gal\/wp-content\/uploads\/2019\/12\/ANDAINA_a_nova_peneira.jpg","datePublished":"2019-12-20T09:00:16+00:00","breadcrumb":{"@id":"https:\/\/www.anovapeneira.gal\/index.php\/2019\/12\/20\/andaina-redondela\/#breadcrumb"},"inLanguage":"gl-ES","potentialAction":[{"@type":"ReadAction","target":["https:\/\/www.anovapeneira.gal\/index.php\/2019\/12\/20\/andaina-redondela\/"]}]},{"@type":"ImageObject","inLanguage":"gl-ES","@id":"https:\/\/www.anovapeneira.gal\/index.php\/2019\/12\/20\/andaina-redondela\/#primaryimage","url":"https:\/\/www.anovapeneira.gal\/wp-content\/uploads\/2019\/12\/ANDAINA_a_nova_peneira.jpg","contentUrl":"https:\/\/www.anovapeneira.gal\/wp-content\/uploads\/2019\/12\/ANDAINA_a_nova_peneira.jpg","width":720,"height":432,"caption":"Andaina A Nova Peneira"},{"@type":"BreadcrumbList","@id":"https:\/\/www.anovapeneira.gal\/index.php\/2019\/12\/20\/andaina-redondela\/#breadcrumb","itemListElement":[{"@type":"ListItem","position":1,"name":"Portada","item":"https:\/\/www.anovapeneira.gal\/"},{"@type":"ListItem","position":2,"name":"Andaina Redondela"}]},{"@type":"WebSite","@id":"https:\/\/www.anovapeneira.gal\/#website","url":"https:\/\/www.anovapeneira.gal\/","name":"","description":"Xornal galego de informaci\u00f3n xeral Publicaci\u00f3n mensual de novas de Galicia e en especial dos Concellos da sur da provincia de Pontevedra.","publisher":{"@id":"https:\/\/www.anovapeneira.gal\/#organization"},"potentialAction":[{"@type":"SearchAction","target":{"@type":"EntryPoint","urlTemplate":"https:\/\/www.anovapeneira.gal\/?s={search_term_string}"},"query-input":{"@type":"PropertyValueSpecification","valueRequired":true,"valueName":"search_term_string"}}],"inLanguage":"gl-ES"},{"@type":"Organization","@id":"https:\/\/www.anovapeneira.gal\/#organization","name":"A Nova Peneira","url":"https:\/\/www.anovapeneira.gal\/","logo":{"@type":"ImageObject","inLanguage":"gl-ES","@id":"https:\/\/www.anovapeneira.gal\/#\/schema\/logo\/image\/","url":"http:\/\/www.anovapeneira.gal\/wp-content\/uploads\/2019\/06\/logo_a_nova_peneira_portal_web.png","contentUrl":"http:\/\/www.anovapeneira.gal\/wp-content\/uploads\/2019\/06\/logo_a_nova_peneira_portal_web.png","width":300,"height":100,"caption":"A Nova Peneira"},"image":{"@id":"https:\/\/www.anovapeneira.gal\/#\/schema\/logo\/image\/"},"sameAs":["https:\/\/www.facebook.com\/anovapeneira","https:\/\/x.com\/APeneira"]},{"@type":"Person","@id":"https:\/\/www.anovapeneira.gal\/#\/schema\/person\/d9d84823564720e7593293bab054e52d","name":"Marcos Santos","image":{"@type":"ImageObject","inLanguage":"gl-ES","@id":"https:\/\/secure.gravatar.com\/avatar\/0e8017099a7a47c0a9d2275e865fe326484561eb3d70649069e4b8e61a8d2e8c?s=96&d=mm&r=g","url":"https:\/\/secure.gravatar.com\/avatar\/0e8017099a7a47c0a9d2275e865fe326484561eb3d70649069e4b8e61a8d2e8c?s=96&d=mm&r=g","contentUrl":"https:\/\/secure.gravatar.com\/avatar\/0e8017099a7a47c0a9d2275e865fe326484561eb3d70649069e4b8e61a8d2e8c?s=96&d=mm&r=g","caption":"Marcos Santos"},"sameAs":["http:\/\/anovapeneira.gal"],"url":"https:\/\/www.anovapeneira.gal\/index.php\/author\/marcos-santos\/"}]}},"jetpack_featured_media_url":"https:\/\/www.anovapeneira.gal\/wp-content\/uploads\/2019\/12\/ANDAINA_a_nova_peneira.jpg","_links":{"self":[{"href":"https:\/\/www.anovapeneira.gal\/index.php\/wp-json\/wp\/v2\/posts\/2062","targetHints":{"allow":["GET"]}}],"collection":[{"href":"https:\/\/www.anovapeneira.gal\/index.php\/wp-json\/wp\/v2\/posts"}],"about":[{"href":"https:\/\/www.anovapeneira.gal\/index.php\/wp-json\/wp\/v2\/types\/post"}],"author":[{"embeddable":true,"href":"https:\/\/www.anovapeneira.gal\/index.php\/wp-json\/wp\/v2\/users\/6"}],"replies":[{"embeddable":true,"href":"https:\/\/www.anovapeneira.gal\/index.php\/wp-json\/wp\/v2\/comments?post=2062"}],"version-history":[{"count":1,"href":"https:\/\/www.anovapeneira.gal\/index.php\/wp-json\/wp\/v2\/posts\/2062\/revisions"}],"predecessor-version":[{"id":2063,"href":"https:\/\/www.anovapeneira.gal\/index.php\/wp-json\/wp\/v2\/posts\/2062\/revisions\/2063"}],"wp:featuredmedia":[{"embeddable":true,"href":"https:\/\/www.anovapeneira.gal\/index.php\/wp-json\/wp\/v2\/media\/2050"}],"wp:attachment":[{"href":"https:\/\/www.anovapeneira.gal\/index.php\/wp-json\/wp\/v2\/media?parent=2062"}],"wp:term":[{"taxonomy":"category","embeddable":true,"href":"https:\/\/www.anovapeneira.gal\/index.php\/wp-json\/wp\/v2\/categories?post=2062"},{"taxonomy":"post_tag","embeddable":true,"href":"https:\/\/www.anovapeneira.gal\/index.php\/wp-json\/wp\/v2\/tags?post=2062"}],"curies":[{"name":"wp","href":"https:\/\/api.w.org\/{rel}","templated":true}]}}