{"id":2064,"date":"2019-12-20T12:00:53","date_gmt":"2019-12-20T11:00:53","guid":{"rendered":"http:\/\/www.anovapeneira.gal\/?p=2064"},"modified":"2019-12-19T22:27:12","modified_gmt":"2019-12-19T21:27:12","slug":"o-bng-reclama-ao-goberno-a-rebaixa-das-peaxes-da-ap-9","status":"publish","type":"post","link":"https:\/\/www.anovapeneira.gal\/index.php\/2019\/12\/20\/o-bng-reclama-ao-goberno-a-rebaixa-das-peaxes-da-ap-9\/","title":{"rendered":"O BNG reclama ao Goberno a rebaixa das peaxes da AP-9"},"content":{"rendered":"\n<h4 class=\"wp-block-heading\"><strong>O\ndeputado do BNG, N\u00e9stor Rego salienta que <\/strong><strong>\u00ab<\/strong><strong>\u00e9\no momento de acabar dunha vez por todas coa inxustiza que supo\u00f1en as\nabusivas peaxes da AP9 e coa discriminaci\u00f3n que representa para a\nGaliza en relaci\u00f3n con outras v\u00edas dependentes do Estado<\/strong><strong>\u00bb.<\/strong><\/h4>\n\n\n\n<p><strong>A\nAP-9 converteuse nunha v\u00eda fundamental para as comunicaci\u00f3ns no\neixo atl\u00e1ntico, conectando 5 das 7 principais cidades galegas, sendo\na zona que concentra a maior actividade econ\u00f3mica.<\/strong><\/p>\n\n\n\n<p><strong>Esta\nsuba das peaxes \u00e9 un atranco m\u00e1is para o desenvolvemento econ\u00f3mico\nda Galiza ao encarecer os transportes de mercador\u00edas e turismos.<\/strong><\/p>\n\n\n\n<p><strong>Mentres\nque se encarecen as peaxes da AP-9, outras autoestradas do Estado\nvoltan a mans p\u00fablicas.<\/strong><\/p>\n\n\n\n<p><strong>Madrid, 12 de Decembro 2019<\/strong><\/p>\n\n\n\n<p>N\u00e9stor Rego (BNG) acaba de presentar esta ma\u00f1a no rexistro do Congreso dos Deputados unha iniciativa parlamentaria, demandando ao Goberno central unha rebaixa das abusivas peaxes e a transferencia da AP-9.<\/p>\n\n\n\n<p>En\nGaliza existe unha demanda social un\u00e1nime para acabar coa estafa das\npeaxes da AP-9, que se reflicte tam\u00e9n na reclamaci\u00f3n un\u00e1nime do\nParlamento de Galiza da transferencia dunha v\u00eda que previamente debe\nser rescatada polo Estado e \u00e1 que, como m\u00ednimo e de forma\ninmediata, deben ser aplicadas rebaixas e descontos significativos.<\/p>\n\n\n\n<p>O\nBloque Nacionalista Galego rexeita a autorizaci\u00f3n por parte\nMinisterio de Fomento para unha nova suba das peaxes que se producir\u00e1\na partir de 1 de xaneiro de 2,64%, no que sup\u00f3n o terceiro ano con\nmaior incremento de tarifas de todo o Estado espa\u00f1ol e que acumula\nunha suba de 30% en apenas 10 anos.<\/p>\n\n\n\n<p>Coas\nsubidas anunciadas, as peaxes entre A Coru\u00f1a e Vigo pasar\u00e1n a ser\npara turismos de 16,85\u20ac, 0,45\u20ac m\u00e1is que na actualidade. E as\ndistancias m\u00e1is longas da autoestrada, Ferrol-Tui, pasar\u00e1n a pagar\nuns 22,10\u20ac, 55 c\u00e9ntimos m\u00e1is que este ano. Os grandes veh\u00edculos\ncomo cami\u00f3ns e autobuses pasar\u00e1n a pagar unha tarifa de 36,35 \u20ac\nentre Vigo e A Coru\u00f1a, uns 95 c\u00e9ntimos de subida, mentres que o\ntraxecto Ferrol-Tui situarase en 48,35\u20ac por viaxe, 1,25\u20ac m\u00e1is\nque agora; \u00e9 dicir: un percorrido entre o norte e o sur de Galiza\nsituarase para un veh\u00edculo pesado preto dos 100 euros.<\/p>\n\n\n\n<p>Os\nsectores m\u00e1is afectados son, sen d\u00fabida, os usuarios habituais\n-fundamentalmente traballadores e traballadoras que ven obrigados a\nutilizar esta v\u00eda por raz\u00f3ns laborais-, as empresas -especialmente\nde transporte- e transportistas aut\u00f3nomos. A carga das peaxes nos\ncustos de produci\u00f3n das empresas provoca que, en moitos casos,\n\u00f3ptese polo uso de v\u00edas convencionais, coas consecuencias negativas\nque isto carrexa para o conxunto da poboaci\u00f3n, especialmente polo\nincremento dos riscos de accidentes.<\/p>\n\n\n\n<p>Ademais,\nestamos diante dun agravio comparativo que sofre o noso Pa\u00eds, xa\ncastigado polo d\u00e9ficit en infraestruturas de comunicaci\u00f3n modernas,\nsustentables e adecuadas \u00e1s necesidades do s\u00e9culo XIX. Observamos\ncomo outras autoestradas do Estado pasaron a ser gratu\u00edtas, ou o\nfar\u00e1n en breve. \u00c9 o caso da AP-1 (Burgos- Armi\u00f1\u00f3n), ou da AP-4\n(Sevilla-C\u00e1diz) e a AP-7 (Tarragona-Valencia) a partir do 1 de\nxaneiro de 2020. A isto haille que engadir o recente rescate das\nradiais madrile\u00f1as con di\u00f1eiro p\u00fablico e a subseguinte rebaixa das\ntarifas.<\/p>\n\n\n\n<p>Outras\nautoestradas finalizar\u00e1n as s\u00faas concesi\u00f3ns no ano 2021. A partir\ndese momento, Galiza quedar\u00e1, con 326 km, como como o territorio con\nm\u00e1is quil\u00f3metros de v\u00edas de pago en todo o Estado.<\/p>\n","protected":false},"excerpt":{"rendered":"<div class=\"mh-excerpt\"><p>O deputado do BNG, N\u00e9stor Rego salienta que &#8220;\u00e9 o momento de acabar dunha vez por todas coa inxustiza que supo\u00f1en as abusivas peaxes da AP9&#8221; <a class=\"mh-excerpt-more\" href=\"https:\/\/www.anovapeneira.gal\/index.php\/2019\/12\/20\/o-bng-reclama-ao-goberno-a-rebaixa-das-peaxes-da-ap-9\/\" title=\"O BNG reclama ao Goberno a rebaixa das peaxes da AP-9\">[&#8230;]<\/a><\/p>\n<\/div>","protected":false},"author":3,"featured_media":575,"comment_status":"open","ping_status":"open","sticky":false,"template":"","format":"standard","meta":{"_exactmetrics_skip_tracking":false,"_exactmetrics_sitenote_active":false,"_exactmetrics_sitenote_note":"","_exactmetrics_sitenote_category":0,"footnotes":""},"categories":[263],"tags":[860,10,781,121],"class_list":{"0":"post-2064","1":"post","2":"type-post","3":"status-publish","4":"format-standard","5":"has-post-thumbnail","7":"category-novas","8":"tag-ap9","9":"tag-bng","10":"tag-congreso-dos-diputados","11":"tag-fomento"},"yoast_head":"<!-- This site is optimized with the Yoast SEO plugin v27.4 - https:\/\/yoast.com\/product\/yoast-seo-wordpress\/ -->\n<title>O BNG reclama ao Goberno a rebaixa das peaxes da AP-9 -<\/title>\n<meta name=\"robots\" content=\"index, follow, max-snippet:-1, max-image-preview:large, max-video-preview:-1\" \/>\n<link rel=\"canonical\" href=\"https:\/\/www.anovapeneira.gal\/index.php\/2019\/12\/20\/o-bng-reclama-ao-goberno-a-rebaixa-das-peaxes-da-ap-9\/\" \/>\n<meta property=\"og:locale\" content=\"gl_ES\" \/>\n<meta property=\"og:type\" content=\"article\" \/>\n<meta property=\"og:title\" content=\"O BNG reclama ao Goberno a rebaixa das peaxes da AP-9 -\" \/>\n<meta property=\"og:description\" content=\"O deputado do BNG, N\u00e9stor Rego salienta que &quot;\u00e9 o momento de acabar dunha vez por todas coa inxustiza que supo\u00f1en as abusivas peaxes da AP9&quot; [...]\" \/>\n<meta property=\"og:url\" content=\"https:\/\/www.anovapeneira.gal\/index.php\/2019\/12\/20\/o-bng-reclama-ao-goberno-a-rebaixa-das-peaxes-da-ap-9\/\" \/>\n<meta property=\"article:publisher\" content=\"https:\/\/www.facebook.com\/anovapeneira\" \/>\n<meta property=\"article:published_time\" content=\"2019-12-20T11:00:53+00:00\" \/>\n<meta property=\"og:image\" content=\"https:\/\/www.anovapeneira.gal\/wp-content\/uploads\/2019\/07\/bng_logo.jpg\" \/>\n\t<meta property=\"og:image:width\" content=\"720\" \/>\n\t<meta property=\"og:image:height\" content=\"473\" \/>\n\t<meta property=\"og:image:type\" content=\"image\/jpeg\" \/>\n<meta name=\"author\" content=\"Redacci\u00f3n A Nova Peneira\" \/>\n<meta name=\"twitter:card\" content=\"summary_large_image\" \/>\n<meta name=\"twitter:creator\" content=\"@APeneira\" \/>\n<meta name=\"twitter:site\" content=\"@APeneira\" \/>\n<meta name=\"twitter:label1\" content=\"Escrito por\" \/>\n\t<meta name=\"twitter:data1\" content=\"Redacci\u00f3n A Nova Peneira\" \/>\n\t<meta name=\"twitter:label2\" content=\"Tempo de lectura\" \/>\n\t<meta name=\"twitter:data2\" content=\"3 minutos\" \/>\n<script type=\"application\/ld+json\" class=\"yoast-schema-graph\">{\"@context\":\"https:\\\/\\\/schema.org\",\"@graph\":[{\"@type\":\"Article\",\"@id\":\"https:\\\/\\\/www.anovapeneira.gal\\\/index.php\\\/2019\\\/12\\\/20\\\/o-bng-reclama-ao-goberno-a-rebaixa-das-peaxes-da-ap-9\\\/#article\",\"isPartOf\":{\"@id\":\"https:\\\/\\\/www.anovapeneira.gal\\\/index.php\\\/2019\\\/12\\\/20\\\/o-bng-reclama-ao-goberno-a-rebaixa-das-peaxes-da-ap-9\\\/\"},\"author\":{\"name\":\"Redacci\u00f3n A Nova Peneira\",\"@id\":\"https:\\\/\\\/www.anovapeneira.gal\\\/#\\\/schema\\\/person\\\/b93e3f8932e3f8da96334607eb6ac6aa\"},\"headline\":\"O BNG reclama ao Goberno a rebaixa das peaxes da AP-9\",\"datePublished\":\"2019-12-20T11:00:53+00:00\",\"mainEntityOfPage\":{\"@id\":\"https:\\\/\\\/www.anovapeneira.gal\\\/index.php\\\/2019\\\/12\\\/20\\\/o-bng-reclama-ao-goberno-a-rebaixa-das-peaxes-da-ap-9\\\/\"},\"wordCount\":591,\"commentCount\":0,\"publisher\":{\"@id\":\"https:\\\/\\\/www.anovapeneira.gal\\\/#organization\"},\"image\":{\"@id\":\"https:\\\/\\\/www.anovapeneira.gal\\\/index.php\\\/2019\\\/12\\\/20\\\/o-bng-reclama-ao-goberno-a-rebaixa-das-peaxes-da-ap-9\\\/#primaryimage\"},\"thumbnailUrl\":\"https:\\\/\\\/www.anovapeneira.gal\\\/wp-content\\\/uploads\\\/2019\\\/07\\\/bng_logo.jpg\",\"keywords\":[\"AP9\",\"BNG\",\"Congreso dos diputados\",\"Fomento\"],\"articleSection\":[\"Novas\"],\"inLanguage\":\"gl-ES\",\"potentialAction\":[{\"@type\":\"CommentAction\",\"name\":\"Comment\",\"target\":[\"https:\\\/\\\/www.anovapeneira.gal\\\/index.php\\\/2019\\\/12\\\/20\\\/o-bng-reclama-ao-goberno-a-rebaixa-das-peaxes-da-ap-9\\\/#respond\"]}]},{\"@type\":\"WebPage\",\"@id\":\"https:\\\/\\\/www.anovapeneira.gal\\\/index.php\\\/2019\\\/12\\\/20\\\/o-bng-reclama-ao-goberno-a-rebaixa-das-peaxes-da-ap-9\\\/\",\"url\":\"https:\\\/\\\/www.anovapeneira.gal\\\/index.php\\\/2019\\\/12\\\/20\\\/o-bng-reclama-ao-goberno-a-rebaixa-das-peaxes-da-ap-9\\\/\",\"name\":\"O BNG reclama ao Goberno a rebaixa das peaxes da AP-9 -\",\"isPartOf\":{\"@id\":\"https:\\\/\\\/www.anovapeneira.gal\\\/#website\"},\"primaryImageOfPage\":{\"@id\":\"https:\\\/\\\/www.anovapeneira.gal\\\/index.php\\\/2019\\\/12\\\/20\\\/o-bng-reclama-ao-goberno-a-rebaixa-das-peaxes-da-ap-9\\\/#primaryimage\"},\"image\":{\"@id\":\"https:\\\/\\\/www.anovapeneira.gal\\\/index.php\\\/2019\\\/12\\\/20\\\/o-bng-reclama-ao-goberno-a-rebaixa-das-peaxes-da-ap-9\\\/#primaryimage\"},\"thumbnailUrl\":\"https:\\\/\\\/www.anovapeneira.gal\\\/wp-content\\\/uploads\\\/2019\\\/07\\\/bng_logo.jpg\",\"datePublished\":\"2019-12-20T11:00:53+00:00\",\"breadcrumb\":{\"@id\":\"https:\\\/\\\/www.anovapeneira.gal\\\/index.php\\\/2019\\\/12\\\/20\\\/o-bng-reclama-ao-goberno-a-rebaixa-das-peaxes-da-ap-9\\\/#breadcrumb\"},\"inLanguage\":\"gl-ES\",\"potentialAction\":[{\"@type\":\"ReadAction\",\"target\":[\"https:\\\/\\\/www.anovapeneira.gal\\\/index.php\\\/2019\\\/12\\\/20\\\/o-bng-reclama-ao-goberno-a-rebaixa-das-peaxes-da-ap-9\\\/\"]}]},{\"@type\":\"ImageObject\",\"inLanguage\":\"gl-ES\",\"@id\":\"https:\\\/\\\/www.anovapeneira.gal\\\/index.php\\\/2019\\\/12\\\/20\\\/o-bng-reclama-ao-goberno-a-rebaixa-das-peaxes-da-ap-9\\\/#primaryimage\",\"url\":\"https:\\\/\\\/www.anovapeneira.gal\\\/wp-content\\\/uploads\\\/2019\\\/07\\\/bng_logo.jpg\",\"contentUrl\":\"https:\\\/\\\/www.anovapeneira.gal\\\/wp-content\\\/uploads\\\/2019\\\/07\\\/bng_logo.jpg\",\"width\":720,\"height\":473,\"caption\":\"BNG A Nova Peneira\"},{\"@type\":\"BreadcrumbList\",\"@id\":\"https:\\\/\\\/www.anovapeneira.gal\\\/index.php\\\/2019\\\/12\\\/20\\\/o-bng-reclama-ao-goberno-a-rebaixa-das-peaxes-da-ap-9\\\/#breadcrumb\",\"itemListElement\":[{\"@type\":\"ListItem\",\"position\":1,\"name\":\"Portada\",\"item\":\"https:\\\/\\\/www.anovapeneira.gal\\\/\"},{\"@type\":\"ListItem\",\"position\":2,\"name\":\"O BNG reclama ao Goberno a rebaixa das peaxes da AP-9\"}]},{\"@type\":\"WebSite\",\"@id\":\"https:\\\/\\\/www.anovapeneira.gal\\\/#website\",\"url\":\"https:\\\/\\\/www.anovapeneira.gal\\\/\",\"name\":\"\",\"description\":\"Xornal galego de informaci\u00f3n xeral Publicaci\u00f3n mensual de novas de Galicia e en especial dos Concellos da sur da provincia de Pontevedra.\",\"publisher\":{\"@id\":\"https:\\\/\\\/www.anovapeneira.gal\\\/#organization\"},\"potentialAction\":[{\"@type\":\"SearchAction\",\"target\":{\"@type\":\"EntryPoint\",\"urlTemplate\":\"https:\\\/\\\/www.anovapeneira.gal\\\/?s={search_term_string}\"},\"query-input\":{\"@type\":\"PropertyValueSpecification\",\"valueRequired\":true,\"valueName\":\"search_term_string\"}}],\"inLanguage\":\"gl-ES\"},{\"@type\":\"Organization\",\"@id\":\"https:\\\/\\\/www.anovapeneira.gal\\\/#organization\",\"name\":\"A Nova Peneira\",\"url\":\"https:\\\/\\\/www.anovapeneira.gal\\\/\",\"logo\":{\"@type\":\"ImageObject\",\"inLanguage\":\"gl-ES\",\"@id\":\"https:\\\/\\\/www.anovapeneira.gal\\\/#\\\/schema\\\/logo\\\/image\\\/\",\"url\":\"http:\\\/\\\/www.anovapeneira.gal\\\/wp-content\\\/uploads\\\/2019\\\/06\\\/logo_a_nova_peneira_portal_web.png\",\"contentUrl\":\"http:\\\/\\\/www.anovapeneira.gal\\\/wp-content\\\/uploads\\\/2019\\\/06\\\/logo_a_nova_peneira_portal_web.png\",\"width\":300,\"height\":100,\"caption\":\"A Nova Peneira\"},\"image\":{\"@id\":\"https:\\\/\\\/www.anovapeneira.gal\\\/#\\\/schema\\\/logo\\\/image\\\/\"},\"sameAs\":[\"https:\\\/\\\/www.facebook.com\\\/anovapeneira\",\"https:\\\/\\\/x.com\\\/APeneira\"]},{\"@type\":\"Person\",\"@id\":\"https:\\\/\\\/www.anovapeneira.gal\\\/#\\\/schema\\\/person\\\/b93e3f8932e3f8da96334607eb6ac6aa\",\"name\":\"Redacci\u00f3n A Nova Peneira\",\"image\":{\"@type\":\"ImageObject\",\"inLanguage\":\"gl-ES\",\"@id\":\"https:\\\/\\\/secure.gravatar.com\\\/avatar\\\/c052a2551a06e23fac63626232eaa90abd78dbcf1700fc46a2b2c89fd27b735f?s=96&d=mm&r=g\",\"url\":\"https:\\\/\\\/secure.gravatar.com\\\/avatar\\\/c052a2551a06e23fac63626232eaa90abd78dbcf1700fc46a2b2c89fd27b735f?s=96&d=mm&r=g\",\"contentUrl\":\"https:\\\/\\\/secure.gravatar.com\\\/avatar\\\/c052a2551a06e23fac63626232eaa90abd78dbcf1700fc46a2b2c89fd27b735f?s=96&d=mm&r=g\",\"caption\":\"Redacci\u00f3n A Nova Peneira\"},\"sameAs\":[\"http:\\\/\\\/www.anovapeneira.gal\\\/\"],\"url\":\"https:\\\/\\\/www.anovapeneira.gal\\\/index.php\\\/author\\\/redactor\\\/\"}]}<\/script>\n<!-- \/ Yoast SEO plugin. -->","yoast_head_json":{"title":"O BNG reclama ao Goberno a rebaixa das peaxes da AP-9 -","robots":{"index":"index","follow":"follow","max-snippet":"max-snippet:-1","max-image-preview":"max-image-preview:large","max-video-preview":"max-video-preview:-1"},"canonical":"https:\/\/www.anovapeneira.gal\/index.php\/2019\/12\/20\/o-bng-reclama-ao-goberno-a-rebaixa-das-peaxes-da-ap-9\/","og_locale":"gl_ES","og_type":"article","og_title":"O BNG reclama ao Goberno a rebaixa das peaxes da AP-9 -","og_description":"O deputado do BNG, N\u00e9stor Rego salienta que \"\u00e9 o momento de acabar dunha vez por todas coa inxustiza que supo\u00f1en as abusivas peaxes da AP9\" [...]","og_url":"https:\/\/www.anovapeneira.gal\/index.php\/2019\/12\/20\/o-bng-reclama-ao-goberno-a-rebaixa-das-peaxes-da-ap-9\/","article_publisher":"https:\/\/www.facebook.com\/anovapeneira","article_published_time":"2019-12-20T11:00:53+00:00","og_image":[{"width":720,"height":473,"url":"https:\/\/www.anovapeneira.gal\/wp-content\/uploads\/2019\/07\/bng_logo.jpg","type":"image\/jpeg"}],"author":"Redacci\u00f3n A Nova Peneira","twitter_card":"summary_large_image","twitter_creator":"@APeneira","twitter_site":"@APeneira","twitter_misc":{"Escrito por":"Redacci\u00f3n A Nova Peneira","Tempo de lectura":"3 minutos"},"schema":{"@context":"https:\/\/schema.org","@graph":[{"@type":"Article","@id":"https:\/\/www.anovapeneira.gal\/index.php\/2019\/12\/20\/o-bng-reclama-ao-goberno-a-rebaixa-das-peaxes-da-ap-9\/#article","isPartOf":{"@id":"https:\/\/www.anovapeneira.gal\/index.php\/2019\/12\/20\/o-bng-reclama-ao-goberno-a-rebaixa-das-peaxes-da-ap-9\/"},"author":{"name":"Redacci\u00f3n A Nova Peneira","@id":"https:\/\/www.anovapeneira.gal\/#\/schema\/person\/b93e3f8932e3f8da96334607eb6ac6aa"},"headline":"O BNG reclama ao Goberno a rebaixa das peaxes da AP-9","datePublished":"2019-12-20T11:00:53+00:00","mainEntityOfPage":{"@id":"https:\/\/www.anovapeneira.gal\/index.php\/2019\/12\/20\/o-bng-reclama-ao-goberno-a-rebaixa-das-peaxes-da-ap-9\/"},"wordCount":591,"commentCount":0,"publisher":{"@id":"https:\/\/www.anovapeneira.gal\/#organization"},"image":{"@id":"https:\/\/www.anovapeneira.gal\/index.php\/2019\/12\/20\/o-bng-reclama-ao-goberno-a-rebaixa-das-peaxes-da-ap-9\/#primaryimage"},"thumbnailUrl":"https:\/\/www.anovapeneira.gal\/wp-content\/uploads\/2019\/07\/bng_logo.jpg","keywords":["AP9","BNG","Congreso dos diputados","Fomento"],"articleSection":["Novas"],"inLanguage":"gl-ES","potentialAction":[{"@type":"CommentAction","name":"Comment","target":["https:\/\/www.anovapeneira.gal\/index.php\/2019\/12\/20\/o-bng-reclama-ao-goberno-a-rebaixa-das-peaxes-da-ap-9\/#respond"]}]},{"@type":"WebPage","@id":"https:\/\/www.anovapeneira.gal\/index.php\/2019\/12\/20\/o-bng-reclama-ao-goberno-a-rebaixa-das-peaxes-da-ap-9\/","url":"https:\/\/www.anovapeneira.gal\/index.php\/2019\/12\/20\/o-bng-reclama-ao-goberno-a-rebaixa-das-peaxes-da-ap-9\/","name":"O BNG reclama ao Goberno a rebaixa das peaxes da AP-9 -","isPartOf":{"@id":"https:\/\/www.anovapeneira.gal\/#website"},"primaryImageOfPage":{"@id":"https:\/\/www.anovapeneira.gal\/index.php\/2019\/12\/20\/o-bng-reclama-ao-goberno-a-rebaixa-das-peaxes-da-ap-9\/#primaryimage"},"image":{"@id":"https:\/\/www.anovapeneira.gal\/index.php\/2019\/12\/20\/o-bng-reclama-ao-goberno-a-rebaixa-das-peaxes-da-ap-9\/#primaryimage"},"thumbnailUrl":"https:\/\/www.anovapeneira.gal\/wp-content\/uploads\/2019\/07\/bng_logo.jpg","datePublished":"2019-12-20T11:00:53+00:00","breadcrumb":{"@id":"https:\/\/www.anovapeneira.gal\/index.php\/2019\/12\/20\/o-bng-reclama-ao-goberno-a-rebaixa-das-peaxes-da-ap-9\/#breadcrumb"},"inLanguage":"gl-ES","potentialAction":[{"@type":"ReadAction","target":["https:\/\/www.anovapeneira.gal\/index.php\/2019\/12\/20\/o-bng-reclama-ao-goberno-a-rebaixa-das-peaxes-da-ap-9\/"]}]},{"@type":"ImageObject","inLanguage":"gl-ES","@id":"https:\/\/www.anovapeneira.gal\/index.php\/2019\/12\/20\/o-bng-reclama-ao-goberno-a-rebaixa-das-peaxes-da-ap-9\/#primaryimage","url":"https:\/\/www.anovapeneira.gal\/wp-content\/uploads\/2019\/07\/bng_logo.jpg","contentUrl":"https:\/\/www.anovapeneira.gal\/wp-content\/uploads\/2019\/07\/bng_logo.jpg","width":720,"height":473,"caption":"BNG A Nova Peneira"},{"@type":"BreadcrumbList","@id":"https:\/\/www.anovapeneira.gal\/index.php\/2019\/12\/20\/o-bng-reclama-ao-goberno-a-rebaixa-das-peaxes-da-ap-9\/#breadcrumb","itemListElement":[{"@type":"ListItem","position":1,"name":"Portada","item":"https:\/\/www.anovapeneira.gal\/"},{"@type":"ListItem","position":2,"name":"O BNG reclama ao Goberno a rebaixa das peaxes da AP-9"}]},{"@type":"WebSite","@id":"https:\/\/www.anovapeneira.gal\/#website","url":"https:\/\/www.anovapeneira.gal\/","name":"","description":"Xornal galego de informaci\u00f3n xeral Publicaci\u00f3n mensual de novas de Galicia e en especial dos Concellos da sur da provincia de Pontevedra.","publisher":{"@id":"https:\/\/www.anovapeneira.gal\/#organization"},"potentialAction":[{"@type":"SearchAction","target":{"@type":"EntryPoint","urlTemplate":"https:\/\/www.anovapeneira.gal\/?s={search_term_string}"},"query-input":{"@type":"PropertyValueSpecification","valueRequired":true,"valueName":"search_term_string"}}],"inLanguage":"gl-ES"},{"@type":"Organization","@id":"https:\/\/www.anovapeneira.gal\/#organization","name":"A Nova Peneira","url":"https:\/\/www.anovapeneira.gal\/","logo":{"@type":"ImageObject","inLanguage":"gl-ES","@id":"https:\/\/www.anovapeneira.gal\/#\/schema\/logo\/image\/","url":"http:\/\/www.anovapeneira.gal\/wp-content\/uploads\/2019\/06\/logo_a_nova_peneira_portal_web.png","contentUrl":"http:\/\/www.anovapeneira.gal\/wp-content\/uploads\/2019\/06\/logo_a_nova_peneira_portal_web.png","width":300,"height":100,"caption":"A Nova Peneira"},"image":{"@id":"https:\/\/www.anovapeneira.gal\/#\/schema\/logo\/image\/"},"sameAs":["https:\/\/www.facebook.com\/anovapeneira","https:\/\/x.com\/APeneira"]},{"@type":"Person","@id":"https:\/\/www.anovapeneira.gal\/#\/schema\/person\/b93e3f8932e3f8da96334607eb6ac6aa","name":"Redacci\u00f3n A Nova Peneira","image":{"@type":"ImageObject","inLanguage":"gl-ES","@id":"https:\/\/secure.gravatar.com\/avatar\/c052a2551a06e23fac63626232eaa90abd78dbcf1700fc46a2b2c89fd27b735f?s=96&d=mm&r=g","url":"https:\/\/secure.gravatar.com\/avatar\/c052a2551a06e23fac63626232eaa90abd78dbcf1700fc46a2b2c89fd27b735f?s=96&d=mm&r=g","contentUrl":"https:\/\/secure.gravatar.com\/avatar\/c052a2551a06e23fac63626232eaa90abd78dbcf1700fc46a2b2c89fd27b735f?s=96&d=mm&r=g","caption":"Redacci\u00f3n A Nova Peneira"},"sameAs":["http:\/\/www.anovapeneira.gal\/"],"url":"https:\/\/www.anovapeneira.gal\/index.php\/author\/redactor\/"}]}},"jetpack_featured_media_url":"https:\/\/www.anovapeneira.gal\/wp-content\/uploads\/2019\/07\/bng_logo.jpg","_links":{"self":[{"href":"https:\/\/www.anovapeneira.gal\/index.php\/wp-json\/wp\/v2\/posts\/2064","targetHints":{"allow":["GET"]}}],"collection":[{"href":"https:\/\/www.anovapeneira.gal\/index.php\/wp-json\/wp\/v2\/posts"}],"about":[{"href":"https:\/\/www.anovapeneira.gal\/index.php\/wp-json\/wp\/v2\/types\/post"}],"author":[{"embeddable":true,"href":"https:\/\/www.anovapeneira.gal\/index.php\/wp-json\/wp\/v2\/users\/3"}],"replies":[{"embeddable":true,"href":"https:\/\/www.anovapeneira.gal\/index.php\/wp-json\/wp\/v2\/comments?post=2064"}],"version-history":[{"count":1,"href":"https:\/\/www.anovapeneira.gal\/index.php\/wp-json\/wp\/v2\/posts\/2064\/revisions"}],"predecessor-version":[{"id":2065,"href":"https:\/\/www.anovapeneira.gal\/index.php\/wp-json\/wp\/v2\/posts\/2064\/revisions\/2065"}],"wp:featuredmedia":[{"embeddable":true,"href":"https:\/\/www.anovapeneira.gal\/index.php\/wp-json\/wp\/v2\/media\/575"}],"wp:attachment":[{"href":"https:\/\/www.anovapeneira.gal\/index.php\/wp-json\/wp\/v2\/media?parent=2064"}],"wp:term":[{"taxonomy":"category","embeddable":true,"href":"https:\/\/www.anovapeneira.gal\/index.php\/wp-json\/wp\/v2\/categories?post=2064"},{"taxonomy":"post_tag","embeddable":true,"href":"https:\/\/www.anovapeneira.gal\/index.php\/wp-json\/wp\/v2\/tags?post=2064"}],"curies":[{"name":"wp","href":"https:\/\/api.w.org\/{rel}","templated":true}]}}