{"id":2086,"date":"2019-12-23T10:00:55","date_gmt":"2019-12-23T09:00:55","guid":{"rendered":"http:\/\/www.anovapeneira.gal\/?p=2086"},"modified":"2019-12-22T21:12:32","modified_gmt":"2019-12-22T20:12:32","slug":"do-black-friday-ao-loito-polo-comercio-os-dereitos-e-o-planeta","status":"publish","type":"post","link":"https:\/\/www.anovapeneira.gal\/index.php\/2019\/12\/23\/do-black-friday-ao-loito-polo-comercio-os-dereitos-e-o-planeta\/","title":{"rendered":"Do Black Friday ao loito polo comercio, os dereitos e o planeta"},"content":{"rendered":"\n<figure class=\"wp-block-image size-large is-resized\"><img loading=\"lazy\" decoding=\"async\" src=\"http:\/\/www.anovapeneira.gal\/wp-content\/uploads\/2019\/12\/retrato_montse_fajardo_cambados_a_nova_peneira.jpg\" alt=\"Retrato Montse Fajardo A Nova Peneira\" class=\"wp-image-2085\" width=\"95\" height=\"111\"\/><figcaption>Montse Fajardo<\/figcaption><\/figure>\n\n\n\n<p> Ao d\u00eda seguinte do <em>Black Friday<\/em>, Vilagarc\u00eda espertaba coa nova do adeus dunha das s\u00faas librar\u00edas m\u00e1is senlleiras: <em>Pamp\u00edn<\/em> anunciaba que bota o peche arrasada polas novas formas de comercio: \u201cFoi moi dif\u00edcil sa\u00edr adiante logo da crise\u2026 e mira, finalmente non sa\u00edn\u201d, di a s\u00faa propietaria, e non se sabe se as b\u00e1goas que mant\u00e9n a raia son de rabia ou de tristeza. Mar\u00eda Jos\u00e9 Mesejo cre que a fin de m\u00e1is de cincuenta anos de historia \u00e9 provocada \u201cpolas grandes superficies, san Amancio e san <em>Amazon<\/em>\u2026\u201d e augura que dentro de apenas uns anos \u201cnon vai quedar unha tenda aberta en toda a cidade\u201d.<\/p>\n\n\n\n<p>\n\u00c9 ir\u00f3nico que o anuncio coincida\ncon ese venres negro que a pesar da vor\u00e1xine non s\u00f3 non pal\u00eda\nsen\u00f3n que agrava o loito polo pequeno comercio. Multinacionais e\nvenda <em>on line<\/em>\nabsorben as compras. <em>Amazon<\/em>\niniciouse, precisamente, coa venda de libros pola rede. Agora \u00e9\ndif\u00edcil atopar un produto que non venda. \n<\/p>\n\n\n\n<p>\nTampouco deixa de ser ir\u00f3nico que o\nseu p\u00fablico sexa a xente moza, a mesma que, tam\u00e9n os venres,\nencabeza as mobilizaci\u00f3ns medioambientais lideradas por Greta\nThunberg. Non hai nada menos ecol\u00f3xico que mercar por internet, -e\npor tanto, a moitos quil\u00f3metros da casa-, un produto que tes\ndispo\u00f1\u00edbel na tenda do lado, aforr\u00e1ndolle ao planeta a circulaci\u00f3n\nde miles de avi\u00f3ns, trens ou cami\u00f3ns. \n<\/p>\n\n\n\n<p>\nO 15 de decembro, -o mesmo d\u00eda en\nque <em>Pamp\u00edn<\/em>\ndeixaba de vender prensa diaria para subsistir ata o 31 no intento de\nliquidar existencias-, a cimeira do clima pech\u00e1base sen acordo pola\nreticencia a reducir emisi\u00f3ns de pa\u00edses como Brasil, un dos grandes\nreferentes actuais de destruci\u00f3n do planeta coa queima do Amazonas. \n<\/p>\n\n\n\n<p>\nA paisaxe da fin de d\u00e9cada non pode\nser m\u00e1is desalentadora. Cambiamos Amazonas por <em>Amazon<\/em>\ne tendas que venden clips por clics que nos deixan sen tendas. \n<\/p>\n\n\n\n<p>\n\u00c9 a fin da vida nas cidades tal e\ncomo a co\u00f1ecemos. \n<\/p>\n\n\n\n<p>\nO comercio ilumina as vilas, \u00e9 a\nverdadeira econom\u00eda circular: a libreira \u00eda a media ma\u00f1\u00e1 tomar\ncaf\u00e9 no bar que lle merca o pan \u00e1 panader\u00eda de enfronte, tan\nsimple como iso. Pero ademais, a librar\u00eda era lugar de encontro de\npersoas xubiladas, funcionariado e crianzas que \u00edan os domingos a\nmercar cromos. Hai quen di que as novas tecnolox\u00edas nos fan avanzar.\nCidades como Pontevedra amosan que o avance est\u00e1 en crear espazos de\nconvivencia. O novo comercio destr\u00fae as relaci\u00f3ns sociais. Tam\u00e9n\nporque destr\u00fae o xeito de relacionarse traballadores e patronal.\nExpl\u00edcao moi ben Ken Loach no seu \u00faltimo traballo: <em>Sorry,\nwe missed you<\/em>. O comercio\n<em>on line<\/em>\ndificulta, case imposibilita, calquera tipo de movemento obreiro, de\nloita sindical, abocando indefectiblemente a un empeoramento das\ncondici\u00f3ns laborais. Moitas das persoas que se encargan do\ntransporte das compras <em>on\nline<\/em> son falsos aut\u00f3nomos\nque como Kris Hitchen no filme de Loach conv\u00e9rtense en escravos\ndeste capitalismo voraz. \u00c9 o adeus definitivo ao Estado de benestar.\n\n<\/p>\n\n\n\n<p>\nO cerne da nosa estupidez radica en\nalimentar un xigante que devora establecementos \u2013case catro mil\npecharon en Galiza os \u00faltimos catro anos- sen eructar nada a cambio.\nSegundo un artigo de <em>Expansi\u00f3n,\n<\/em>calc\u00falase que <em>Amazon<\/em>\ningresou o ano pasado polas s\u00faas ventas en Espa\u00f1a m\u00e1is de 4.200\nmill\u00f3ns de euros. Apenas tributaron 46. En impostos pagou 7.\nMentres, a presi\u00f3n fiscal crece para o traballo aut\u00f3nomo. Ese que\nmandamos \u00e1 papeleira de reciclaxe cun s\u00f3 clic. Outra libreira\nresum\u00eda un d\u00eda o colmo da cegueira individualista: unha clienta\ndix\u00e9ralle a unha empresa de transporte que, como non \u00eda estar na\ncasa, lle deixara na s\u00faa librar\u00eda o paquete de libros que mercara\npor internet. \n<\/p>\n\n\n\n<p>\nE as\u00ed andamos. Ata o d\u00eda en que nos\ndeamos conta de que non podemos mercar por <em>Amazon<\/em>\nnin os nosos dereitos nin un novo planeta. \n<\/p>\n","protected":false},"excerpt":{"rendered":"<div class=\"mh-excerpt\"><p>Ao d\u00eda seguinte do Black Friday, Vilagarc\u00eda espertaba coa nova do adeus dunha das s\u00faas librar\u00edas m\u00e1is senlleiras: Pamp\u00edn anunciaba que bota o peche arrasada polas novas formas de comercio <a class=\"mh-excerpt-more\" href=\"https:\/\/www.anovapeneira.gal\/index.php\/2019\/12\/23\/do-black-friday-ao-loito-polo-comercio-os-dereitos-e-o-planeta\/\" title=\"Do Black Friday ao loito polo comercio, os dereitos e o planeta\">[&#8230;]<\/a><\/p>\n<\/div>","protected":false},"author":15,"featured_media":584,"comment_status":"open","ping_status":"open","sticky":false,"template":"","format":"standard","meta":{"_exactmetrics_skip_tracking":false,"_exactmetrics_sitenote_active":false,"_exactmetrics_sitenote_note":"","_exactmetrics_sitenote_category":0,"footnotes":""},"categories":[7],"tags":[862,863,861],"class_list":{"0":"post-2086","1":"post","2":"type-post","3":"status-publish","4":"format-standard","5":"has-post-thumbnail","7":"category-artigos-de-opinion","8":"tag-amazon","9":"tag-black-friday","10":"tag-pequeno-comercio"},"yoast_head":"<!-- This site is optimized with the Yoast SEO plugin v27.4 - https:\/\/yoast.com\/product\/yoast-seo-wordpress\/ -->\n<title>Do Black Friday ao loito polo comercio, os dereitos e o planeta -<\/title>\n<meta name=\"robots\" content=\"index, follow, max-snippet:-1, max-image-preview:large, max-video-preview:-1\" \/>\n<link rel=\"canonical\" href=\"https:\/\/www.anovapeneira.gal\/index.php\/2019\/12\/23\/do-black-friday-ao-loito-polo-comercio-os-dereitos-e-o-planeta\/\" \/>\n<meta property=\"og:locale\" content=\"gl_ES\" \/>\n<meta property=\"og:type\" content=\"article\" \/>\n<meta property=\"og:title\" content=\"Do Black Friday ao loito polo comercio, os dereitos e o planeta -\" \/>\n<meta property=\"og:description\" content=\"Ao d\u00eda seguinte do Black Friday, Vilagarc\u00eda espertaba coa nova do adeus dunha das s\u00faas librar\u00edas m\u00e1is senlleiras: Pamp\u00edn anunciaba que bota o peche arrasada polas novas formas de comercio [...]\" \/>\n<meta property=\"og:url\" content=\"https:\/\/www.anovapeneira.gal\/index.php\/2019\/12\/23\/do-black-friday-ao-loito-polo-comercio-os-dereitos-e-o-planeta\/\" \/>\n<meta property=\"article:publisher\" content=\"https:\/\/www.facebook.com\/anovapeneira\" \/>\n<meta property=\"article:published_time\" content=\"2019-12-23T09:00:55+00:00\" \/>\n<meta property=\"og:image\" content=\"https:\/\/www.anovapeneira.gal\/wp-content\/uploads\/2019\/07\/ARTIGO_DE_OPINION_A_NOVA_PENEIRA.jpg\" \/>\n\t<meta property=\"og:image:width\" content=\"720\" \/>\n\t<meta property=\"og:image:height\" content=\"473\" \/>\n\t<meta property=\"og:image:type\" content=\"image\/jpeg\" \/>\n<meta name=\"author\" content=\"Montse Fajardo\" \/>\n<meta name=\"twitter:card\" content=\"summary_large_image\" \/>\n<meta name=\"twitter:creator\" content=\"@APeneira\" \/>\n<meta name=\"twitter:site\" content=\"@APeneira\" \/>\n<meta name=\"twitter:label1\" content=\"Escrito por\" \/>\n\t<meta name=\"twitter:data1\" content=\"Montse Fajardo\" \/>\n\t<meta name=\"twitter:label2\" content=\"Tempo de lectura\" \/>\n\t<meta name=\"twitter:data2\" content=\"3 minutos\" \/>\n<script type=\"application\/ld+json\" class=\"yoast-schema-graph\">{\"@context\":\"https:\\\/\\\/schema.org\",\"@graph\":[{\"@type\":\"Article\",\"@id\":\"https:\\\/\\\/www.anovapeneira.gal\\\/index.php\\\/2019\\\/12\\\/23\\\/do-black-friday-ao-loito-polo-comercio-os-dereitos-e-o-planeta\\\/#article\",\"isPartOf\":{\"@id\":\"https:\\\/\\\/www.anovapeneira.gal\\\/index.php\\\/2019\\\/12\\\/23\\\/do-black-friday-ao-loito-polo-comercio-os-dereitos-e-o-planeta\\\/\"},\"author\":{\"name\":\"Montse Fajardo\",\"@id\":\"https:\\\/\\\/www.anovapeneira.gal\\\/#\\\/schema\\\/person\\\/b5d841c74dee61f6776658b07b904c18\"},\"headline\":\"Do Black Friday ao loito polo comercio, os dereitos e o planeta\",\"datePublished\":\"2019-12-23T09:00:55+00:00\",\"mainEntityOfPage\":{\"@id\":\"https:\\\/\\\/www.anovapeneira.gal\\\/index.php\\\/2019\\\/12\\\/23\\\/do-black-friday-ao-loito-polo-comercio-os-dereitos-e-o-planeta\\\/\"},\"wordCount\":691,\"commentCount\":2,\"publisher\":{\"@id\":\"https:\\\/\\\/www.anovapeneira.gal\\\/#organization\"},\"image\":{\"@id\":\"https:\\\/\\\/www.anovapeneira.gal\\\/index.php\\\/2019\\\/12\\\/23\\\/do-black-friday-ao-loito-polo-comercio-os-dereitos-e-o-planeta\\\/#primaryimage\"},\"thumbnailUrl\":\"https:\\\/\\\/www.anovapeneira.gal\\\/wp-content\\\/uploads\\\/2019\\\/07\\\/ARTIGO_DE_OPINION_A_NOVA_PENEIRA.jpg\",\"keywords\":[\"Amazon\",\"Black Friday\",\"Pequeno comercio\"],\"articleSection\":[\"Artigos de opini\u00f3n\"],\"inLanguage\":\"gl-ES\",\"potentialAction\":[{\"@type\":\"CommentAction\",\"name\":\"Comment\",\"target\":[\"https:\\\/\\\/www.anovapeneira.gal\\\/index.php\\\/2019\\\/12\\\/23\\\/do-black-friday-ao-loito-polo-comercio-os-dereitos-e-o-planeta\\\/#respond\"]}]},{\"@type\":\"WebPage\",\"@id\":\"https:\\\/\\\/www.anovapeneira.gal\\\/index.php\\\/2019\\\/12\\\/23\\\/do-black-friday-ao-loito-polo-comercio-os-dereitos-e-o-planeta\\\/\",\"url\":\"https:\\\/\\\/www.anovapeneira.gal\\\/index.php\\\/2019\\\/12\\\/23\\\/do-black-friday-ao-loito-polo-comercio-os-dereitos-e-o-planeta\\\/\",\"name\":\"Do Black Friday ao loito polo comercio, os dereitos e o planeta -\",\"isPartOf\":{\"@id\":\"https:\\\/\\\/www.anovapeneira.gal\\\/#website\"},\"primaryImageOfPage\":{\"@id\":\"https:\\\/\\\/www.anovapeneira.gal\\\/index.php\\\/2019\\\/12\\\/23\\\/do-black-friday-ao-loito-polo-comercio-os-dereitos-e-o-planeta\\\/#primaryimage\"},\"image\":{\"@id\":\"https:\\\/\\\/www.anovapeneira.gal\\\/index.php\\\/2019\\\/12\\\/23\\\/do-black-friday-ao-loito-polo-comercio-os-dereitos-e-o-planeta\\\/#primaryimage\"},\"thumbnailUrl\":\"https:\\\/\\\/www.anovapeneira.gal\\\/wp-content\\\/uploads\\\/2019\\\/07\\\/ARTIGO_DE_OPINION_A_NOVA_PENEIRA.jpg\",\"datePublished\":\"2019-12-23T09:00:55+00:00\",\"breadcrumb\":{\"@id\":\"https:\\\/\\\/www.anovapeneira.gal\\\/index.php\\\/2019\\\/12\\\/23\\\/do-black-friday-ao-loito-polo-comercio-os-dereitos-e-o-planeta\\\/#breadcrumb\"},\"inLanguage\":\"gl-ES\",\"potentialAction\":[{\"@type\":\"ReadAction\",\"target\":[\"https:\\\/\\\/www.anovapeneira.gal\\\/index.php\\\/2019\\\/12\\\/23\\\/do-black-friday-ao-loito-polo-comercio-os-dereitos-e-o-planeta\\\/\"]}]},{\"@type\":\"ImageObject\",\"inLanguage\":\"gl-ES\",\"@id\":\"https:\\\/\\\/www.anovapeneira.gal\\\/index.php\\\/2019\\\/12\\\/23\\\/do-black-friday-ao-loito-polo-comercio-os-dereitos-e-o-planeta\\\/#primaryimage\",\"url\":\"https:\\\/\\\/www.anovapeneira.gal\\\/wp-content\\\/uploads\\\/2019\\\/07\\\/ARTIGO_DE_OPINION_A_NOVA_PENEIRA.jpg\",\"contentUrl\":\"https:\\\/\\\/www.anovapeneira.gal\\\/wp-content\\\/uploads\\\/2019\\\/07\\\/ARTIGO_DE_OPINION_A_NOVA_PENEIRA.jpg\",\"width\":720,\"height\":473,\"caption\":\"Artigo de opini\u00f3n A Nova Peneira\"},{\"@type\":\"BreadcrumbList\",\"@id\":\"https:\\\/\\\/www.anovapeneira.gal\\\/index.php\\\/2019\\\/12\\\/23\\\/do-black-friday-ao-loito-polo-comercio-os-dereitos-e-o-planeta\\\/#breadcrumb\",\"itemListElement\":[{\"@type\":\"ListItem\",\"position\":1,\"name\":\"Portada\",\"item\":\"https:\\\/\\\/www.anovapeneira.gal\\\/\"},{\"@type\":\"ListItem\",\"position\":2,\"name\":\"Do Black Friday ao loito polo comercio, os dereitos e o planeta\"}]},{\"@type\":\"WebSite\",\"@id\":\"https:\\\/\\\/www.anovapeneira.gal\\\/#website\",\"url\":\"https:\\\/\\\/www.anovapeneira.gal\\\/\",\"name\":\"\",\"description\":\"Xornal galego de informaci\u00f3n xeral Publicaci\u00f3n mensual de novas de Galicia e en especial dos Concellos da sur da provincia de Pontevedra.\",\"publisher\":{\"@id\":\"https:\\\/\\\/www.anovapeneira.gal\\\/#organization\"},\"potentialAction\":[{\"@type\":\"SearchAction\",\"target\":{\"@type\":\"EntryPoint\",\"urlTemplate\":\"https:\\\/\\\/www.anovapeneira.gal\\\/?s={search_term_string}\"},\"query-input\":{\"@type\":\"PropertyValueSpecification\",\"valueRequired\":true,\"valueName\":\"search_term_string\"}}],\"inLanguage\":\"gl-ES\"},{\"@type\":\"Organization\",\"@id\":\"https:\\\/\\\/www.anovapeneira.gal\\\/#organization\",\"name\":\"A Nova Peneira\",\"url\":\"https:\\\/\\\/www.anovapeneira.gal\\\/\",\"logo\":{\"@type\":\"ImageObject\",\"inLanguage\":\"gl-ES\",\"@id\":\"https:\\\/\\\/www.anovapeneira.gal\\\/#\\\/schema\\\/logo\\\/image\\\/\",\"url\":\"http:\\\/\\\/www.anovapeneira.gal\\\/wp-content\\\/uploads\\\/2019\\\/06\\\/logo_a_nova_peneira_portal_web.png\",\"contentUrl\":\"http:\\\/\\\/www.anovapeneira.gal\\\/wp-content\\\/uploads\\\/2019\\\/06\\\/logo_a_nova_peneira_portal_web.png\",\"width\":300,\"height\":100,\"caption\":\"A Nova Peneira\"},\"image\":{\"@id\":\"https:\\\/\\\/www.anovapeneira.gal\\\/#\\\/schema\\\/logo\\\/image\\\/\"},\"sameAs\":[\"https:\\\/\\\/www.facebook.com\\\/anovapeneira\",\"https:\\\/\\\/x.com\\\/APeneira\"]},{\"@type\":\"Person\",\"@id\":\"https:\\\/\\\/www.anovapeneira.gal\\\/#\\\/schema\\\/person\\\/b5d841c74dee61f6776658b07b904c18\",\"name\":\"Montse Fajardo\",\"image\":{\"@type\":\"ImageObject\",\"inLanguage\":\"gl-ES\",\"@id\":\"https:\\\/\\\/secure.gravatar.com\\\/avatar\\\/7167d7c282cf42b377b7010dbd21f855dfb9df18abd8af43f29029fc82996df3?s=96&d=mm&r=g\",\"url\":\"https:\\\/\\\/secure.gravatar.com\\\/avatar\\\/7167d7c282cf42b377b7010dbd21f855dfb9df18abd8af43f29029fc82996df3?s=96&d=mm&r=g\",\"contentUrl\":\"https:\\\/\\\/secure.gravatar.com\\\/avatar\\\/7167d7c282cf42b377b7010dbd21f855dfb9df18abd8af43f29029fc82996df3?s=96&d=mm&r=g\",\"caption\":\"Montse Fajardo\"},\"sameAs\":[\"http:\\\/\\\/www.anovapeneira.gal\\\/\"],\"url\":\"https:\\\/\\\/www.anovapeneira.gal\\\/index.php\\\/author\\\/montse-fajardo\\\/\"}]}<\/script>\n<!-- \/ Yoast SEO plugin. -->","yoast_head_json":{"title":"Do Black Friday ao loito polo comercio, os dereitos e o planeta -","robots":{"index":"index","follow":"follow","max-snippet":"max-snippet:-1","max-image-preview":"max-image-preview:large","max-video-preview":"max-video-preview:-1"},"canonical":"https:\/\/www.anovapeneira.gal\/index.php\/2019\/12\/23\/do-black-friday-ao-loito-polo-comercio-os-dereitos-e-o-planeta\/","og_locale":"gl_ES","og_type":"article","og_title":"Do Black Friday ao loito polo comercio, os dereitos e o planeta -","og_description":"Ao d\u00eda seguinte do Black Friday, Vilagarc\u00eda espertaba coa nova do adeus dunha das s\u00faas librar\u00edas m\u00e1is senlleiras: Pamp\u00edn anunciaba que bota o peche arrasada polas novas formas de comercio [...]","og_url":"https:\/\/www.anovapeneira.gal\/index.php\/2019\/12\/23\/do-black-friday-ao-loito-polo-comercio-os-dereitos-e-o-planeta\/","article_publisher":"https:\/\/www.facebook.com\/anovapeneira","article_published_time":"2019-12-23T09:00:55+00:00","og_image":[{"width":720,"height":473,"url":"https:\/\/www.anovapeneira.gal\/wp-content\/uploads\/2019\/07\/ARTIGO_DE_OPINION_A_NOVA_PENEIRA.jpg","type":"image\/jpeg"}],"author":"Montse Fajardo","twitter_card":"summary_large_image","twitter_creator":"@APeneira","twitter_site":"@APeneira","twitter_misc":{"Escrito por":"Montse Fajardo","Tempo de lectura":"3 minutos"},"schema":{"@context":"https:\/\/schema.org","@graph":[{"@type":"Article","@id":"https:\/\/www.anovapeneira.gal\/index.php\/2019\/12\/23\/do-black-friday-ao-loito-polo-comercio-os-dereitos-e-o-planeta\/#article","isPartOf":{"@id":"https:\/\/www.anovapeneira.gal\/index.php\/2019\/12\/23\/do-black-friday-ao-loito-polo-comercio-os-dereitos-e-o-planeta\/"},"author":{"name":"Montse Fajardo","@id":"https:\/\/www.anovapeneira.gal\/#\/schema\/person\/b5d841c74dee61f6776658b07b904c18"},"headline":"Do Black Friday ao loito polo comercio, os dereitos e o planeta","datePublished":"2019-12-23T09:00:55+00:00","mainEntityOfPage":{"@id":"https:\/\/www.anovapeneira.gal\/index.php\/2019\/12\/23\/do-black-friday-ao-loito-polo-comercio-os-dereitos-e-o-planeta\/"},"wordCount":691,"commentCount":2,"publisher":{"@id":"https:\/\/www.anovapeneira.gal\/#organization"},"image":{"@id":"https:\/\/www.anovapeneira.gal\/index.php\/2019\/12\/23\/do-black-friday-ao-loito-polo-comercio-os-dereitos-e-o-planeta\/#primaryimage"},"thumbnailUrl":"https:\/\/www.anovapeneira.gal\/wp-content\/uploads\/2019\/07\/ARTIGO_DE_OPINION_A_NOVA_PENEIRA.jpg","keywords":["Amazon","Black Friday","Pequeno comercio"],"articleSection":["Artigos de opini\u00f3n"],"inLanguage":"gl-ES","potentialAction":[{"@type":"CommentAction","name":"Comment","target":["https:\/\/www.anovapeneira.gal\/index.php\/2019\/12\/23\/do-black-friday-ao-loito-polo-comercio-os-dereitos-e-o-planeta\/#respond"]}]},{"@type":"WebPage","@id":"https:\/\/www.anovapeneira.gal\/index.php\/2019\/12\/23\/do-black-friday-ao-loito-polo-comercio-os-dereitos-e-o-planeta\/","url":"https:\/\/www.anovapeneira.gal\/index.php\/2019\/12\/23\/do-black-friday-ao-loito-polo-comercio-os-dereitos-e-o-planeta\/","name":"Do Black Friday ao loito polo comercio, os dereitos e o planeta -","isPartOf":{"@id":"https:\/\/www.anovapeneira.gal\/#website"},"primaryImageOfPage":{"@id":"https:\/\/www.anovapeneira.gal\/index.php\/2019\/12\/23\/do-black-friday-ao-loito-polo-comercio-os-dereitos-e-o-planeta\/#primaryimage"},"image":{"@id":"https:\/\/www.anovapeneira.gal\/index.php\/2019\/12\/23\/do-black-friday-ao-loito-polo-comercio-os-dereitos-e-o-planeta\/#primaryimage"},"thumbnailUrl":"https:\/\/www.anovapeneira.gal\/wp-content\/uploads\/2019\/07\/ARTIGO_DE_OPINION_A_NOVA_PENEIRA.jpg","datePublished":"2019-12-23T09:00:55+00:00","breadcrumb":{"@id":"https:\/\/www.anovapeneira.gal\/index.php\/2019\/12\/23\/do-black-friday-ao-loito-polo-comercio-os-dereitos-e-o-planeta\/#breadcrumb"},"inLanguage":"gl-ES","potentialAction":[{"@type":"ReadAction","target":["https:\/\/www.anovapeneira.gal\/index.php\/2019\/12\/23\/do-black-friday-ao-loito-polo-comercio-os-dereitos-e-o-planeta\/"]}]},{"@type":"ImageObject","inLanguage":"gl-ES","@id":"https:\/\/www.anovapeneira.gal\/index.php\/2019\/12\/23\/do-black-friday-ao-loito-polo-comercio-os-dereitos-e-o-planeta\/#primaryimage","url":"https:\/\/www.anovapeneira.gal\/wp-content\/uploads\/2019\/07\/ARTIGO_DE_OPINION_A_NOVA_PENEIRA.jpg","contentUrl":"https:\/\/www.anovapeneira.gal\/wp-content\/uploads\/2019\/07\/ARTIGO_DE_OPINION_A_NOVA_PENEIRA.jpg","width":720,"height":473,"caption":"Artigo de opini\u00f3n A Nova Peneira"},{"@type":"BreadcrumbList","@id":"https:\/\/www.anovapeneira.gal\/index.php\/2019\/12\/23\/do-black-friday-ao-loito-polo-comercio-os-dereitos-e-o-planeta\/#breadcrumb","itemListElement":[{"@type":"ListItem","position":1,"name":"Portada","item":"https:\/\/www.anovapeneira.gal\/"},{"@type":"ListItem","position":2,"name":"Do Black Friday ao loito polo comercio, os dereitos e o planeta"}]},{"@type":"WebSite","@id":"https:\/\/www.anovapeneira.gal\/#website","url":"https:\/\/www.anovapeneira.gal\/","name":"","description":"Xornal galego de informaci\u00f3n xeral Publicaci\u00f3n mensual de novas de Galicia e en especial dos Concellos da sur da provincia de Pontevedra.","publisher":{"@id":"https:\/\/www.anovapeneira.gal\/#organization"},"potentialAction":[{"@type":"SearchAction","target":{"@type":"EntryPoint","urlTemplate":"https:\/\/www.anovapeneira.gal\/?s={search_term_string}"},"query-input":{"@type":"PropertyValueSpecification","valueRequired":true,"valueName":"search_term_string"}}],"inLanguage":"gl-ES"},{"@type":"Organization","@id":"https:\/\/www.anovapeneira.gal\/#organization","name":"A Nova Peneira","url":"https:\/\/www.anovapeneira.gal\/","logo":{"@type":"ImageObject","inLanguage":"gl-ES","@id":"https:\/\/www.anovapeneira.gal\/#\/schema\/logo\/image\/","url":"http:\/\/www.anovapeneira.gal\/wp-content\/uploads\/2019\/06\/logo_a_nova_peneira_portal_web.png","contentUrl":"http:\/\/www.anovapeneira.gal\/wp-content\/uploads\/2019\/06\/logo_a_nova_peneira_portal_web.png","width":300,"height":100,"caption":"A Nova Peneira"},"image":{"@id":"https:\/\/www.anovapeneira.gal\/#\/schema\/logo\/image\/"},"sameAs":["https:\/\/www.facebook.com\/anovapeneira","https:\/\/x.com\/APeneira"]},{"@type":"Person","@id":"https:\/\/www.anovapeneira.gal\/#\/schema\/person\/b5d841c74dee61f6776658b07b904c18","name":"Montse Fajardo","image":{"@type":"ImageObject","inLanguage":"gl-ES","@id":"https:\/\/secure.gravatar.com\/avatar\/7167d7c282cf42b377b7010dbd21f855dfb9df18abd8af43f29029fc82996df3?s=96&d=mm&r=g","url":"https:\/\/secure.gravatar.com\/avatar\/7167d7c282cf42b377b7010dbd21f855dfb9df18abd8af43f29029fc82996df3?s=96&d=mm&r=g","contentUrl":"https:\/\/secure.gravatar.com\/avatar\/7167d7c282cf42b377b7010dbd21f855dfb9df18abd8af43f29029fc82996df3?s=96&d=mm&r=g","caption":"Montse Fajardo"},"sameAs":["http:\/\/www.anovapeneira.gal\/"],"url":"https:\/\/www.anovapeneira.gal\/index.php\/author\/montse-fajardo\/"}]}},"jetpack_featured_media_url":"https:\/\/www.anovapeneira.gal\/wp-content\/uploads\/2019\/07\/ARTIGO_DE_OPINION_A_NOVA_PENEIRA.jpg","_links":{"self":[{"href":"https:\/\/www.anovapeneira.gal\/index.php\/wp-json\/wp\/v2\/posts\/2086","targetHints":{"allow":["GET"]}}],"collection":[{"href":"https:\/\/www.anovapeneira.gal\/index.php\/wp-json\/wp\/v2\/posts"}],"about":[{"href":"https:\/\/www.anovapeneira.gal\/index.php\/wp-json\/wp\/v2\/types\/post"}],"author":[{"embeddable":true,"href":"https:\/\/www.anovapeneira.gal\/index.php\/wp-json\/wp\/v2\/users\/15"}],"replies":[{"embeddable":true,"href":"https:\/\/www.anovapeneira.gal\/index.php\/wp-json\/wp\/v2\/comments?post=2086"}],"version-history":[{"count":1,"href":"https:\/\/www.anovapeneira.gal\/index.php\/wp-json\/wp\/v2\/posts\/2086\/revisions"}],"predecessor-version":[{"id":2088,"href":"https:\/\/www.anovapeneira.gal\/index.php\/wp-json\/wp\/v2\/posts\/2086\/revisions\/2088"}],"wp:featuredmedia":[{"embeddable":true,"href":"https:\/\/www.anovapeneira.gal\/index.php\/wp-json\/wp\/v2\/media\/584"}],"wp:attachment":[{"href":"https:\/\/www.anovapeneira.gal\/index.php\/wp-json\/wp\/v2\/media?parent=2086"}],"wp:term":[{"taxonomy":"category","embeddable":true,"href":"https:\/\/www.anovapeneira.gal\/index.php\/wp-json\/wp\/v2\/categories?post=2086"},{"taxonomy":"post_tag","embeddable":true,"href":"https:\/\/www.anovapeneira.gal\/index.php\/wp-json\/wp\/v2\/tags?post=2086"}],"curies":[{"name":"wp","href":"https:\/\/api.w.org\/{rel}","templated":true}]}}