{"id":2089,"date":"2019-12-23T12:00:37","date_gmt":"2019-12-23T11:00:37","guid":{"rendered":"http:\/\/www.anovapeneira.gal\/?p=2089"},"modified":"2019-12-22T21:12:07","modified_gmt":"2019-12-22T20:12:07","slug":"loli-castineiras-alcaldesa-de-salceda","status":"publish","type":"post","link":"https:\/\/www.anovapeneira.gal\/index.php\/2019\/12\/23\/loli-castineiras-alcaldesa-de-salceda\/","title":{"rendered":"Loli Casti\u00f1eiras, Alcaldesa de Salceda"},"content":{"rendered":"\n<p>Despois\nde 12 anos na alcald\u00eda, Marcos Besada, ced\u00eda a testemu\u00f1a, o pasado\nmaio, \u00e1 s\u00faa compa\u00f1eira de Movemento Salceda Loli Casti\u00f1eiras. A\naritm\u00e9tica deste concello non \u00e9 doada, de feito o goberno municipal\nxurde dun acordo entre MS e o PSOE que far\u00e1 a Loli alcaldesa os dous\nprimeiros anos do  mandato, e a Ver\u00f3nica Tour\u00f3n do PSOE os dous\n\u00faltimos. Acheg\u00e1monos ata o concello de Salceda a co\u00f1ecer e a\nconversar con Loli.<\/p>\n\n\n\n<p><strong>Para\nmin, Loli, que xa estiven aqu\u00ed varias veces resulta un tanto\nestra\u00f1o, non ver a Marcos, como lle vai a vida?<\/strong><\/p>\n\n\n\n<blockquote class=\"wp-block-quote is-layout-flow wp-block-quote-is-layout-flow\"><p>O Primeiro benvidos, estou  encantada de recibirvos. Marcos, para min, \u00e9 unha persoa especial tanto desde un punto de vista pol\u00edtico como humano, podo dicir con orgullo que \u00e9 o meu amigo, afortunadamente el est\u00e1 moi ben.<\/p><\/blockquote>\n\n\n\n<p><strong>Supo\u00f1o\nque  estar\u00e1 m\u00e1is tranquilo e con menos presi\u00f3n, non?<\/strong><\/p>\n\n\n\n<blockquote class=\"wp-block-quote is-layout-flow wp-block-quote-is-layout-flow\"><p>M\u00e1is tranquilo e sosegado. Pero eu sempre lle digo que vai ser pol\u00edtico toda a vida.<\/p><\/blockquote>\n\n\n\n<p><strong>Esa\ntranquilidade que ga\u00f1ou Marcos e a presi\u00f3n que perdeu, supo\u00f1o que\npara ti ser\u00eda o proceso inverso?<\/strong><\/p>\n\n\n\n<blockquote class=\"wp-block-quote is-layout-flow wp-block-quote-is-layout-flow\"><p>Poder ser, te\u00f1o maior responsabilidade abof\u00e9 que si, pero l\u00e9voo moi ben, con moita ilusi\u00f3n e cunha actitude moi positiva. Eu levaba oito anos formando parte dos diferentes gobernos de Salceda, e te\u00f1o maior responsabilidade porque son unha persoa moi responsable, pero tam\u00e9n son  unha persoa de equipo e iso sup\u00f3n repartir un pouco as cargas, a\u00ednda que a decisi\u00f3n final sexa mi\u00f1a, \u00e9 compartida. G\u00fastame consensuar sempre co equipo de homes e mulleres que me rodean. Neste caso mulleres, que somo maior\u00eda.  <\/p><\/blockquote>\n\n\n\n<p> <strong>A\nsituaci\u00f3n aritm\u00e9tica do Concello de Salceda \u00e9 un pouco peculiar,\nti vas ser alcaldesa dous anos e Ver\u00f3nica Tour\u00f3n do PSOE  vai ser\nalcaldesa outros dous. Esta cohabitaci\u00f3n esixe un nivel de\ncompenetraci\u00f3n moi elevado e de comunicaci\u00f3n moi importante, porque\nsen\u00f3n ser\u00eda moi dif\u00edcil traballar. Existe ese nivel de\ncompenetraci\u00f3n e compatibilidade coas t\u00faas compa\u00f1eiras do PSOE?<\/strong><\/p>\n\n\n\n<blockquote class=\"wp-block-quote is-layout-flow wp-block-quote-is-layout-flow\"><p>Esta \u00e9 a pregunta que m\u00e1is me repiten ultimamente, e sempre digo o mesmo, a relaci\u00f3n \u00e9 excelente. Sei que \u00e9 un acordo peculiar pero non podiamos permitir que chegara o goberno do PP a Salceda. Tiv\u00e9molo claro desde o principio, e nun exercicio de responsabilidade e madurez, decidimos, Movemento Salceda e PSOE, chegar a un acordo . Este vai ser, sobre todo, produtivo para os veci\u00f1os. Temos un equipo que funciona, estable e con maior\u00eda. Isto da unha tranquilidade tremenda  <\/p><\/blockquote>\n\n\n\n<p><strong>En\nfeitos concretos, que se fixo nestes seis meses polos veci\u00f1os e\nveci\u00f1as de Salceda?<\/strong><\/p>\n\n\n\n<blockquote class=\"wp-block-quote is-layout-flow wp-block-quote-is-layout-flow\"><p>En canto a obras, rematamos  algunhas que eran moi importantes e deron outra imaxe a Salceda. A obra da Devesa; a do antigo Campo da Feira, que mudou por completo a visi\u00f3n de entrada \u00e1 vila, m\u00e1is accesible e moderna. Falamos tam\u00e9n do espazo da G\u00e1ndara, unha zona humanizada e que se recuperou  para a accesibilidade.  <\/p><\/blockquote>\n\n\n\n<p><strong>Un\npequeno inciso. Nas redes sociais do PP definen a obra da G\u00e1ndara\ncomo unha autentica chapuza. <\/strong>\n<\/p>\n\n\n\n<blockquote class=\"wp-block-quote is-layout-flow wp-block-quote-is-layout-flow\"><p>Supo\u00f1o que para o PP son \u201cchapuzas\u201d porque non as fixeron eles. Totalmente en desacordo coa s\u00faa opini\u00f3n. Creo que \u00e9 un exemplo de humanizaci\u00f3n e incluso de mobilidade. Est\u00e1 avalada pola Deputaci\u00f3n de Pontevedra e polos seus enxe\u00f1eiros, non sei con que criterio fan esta cr\u00edtica. Cando se fai unha cr\u00edtica ten que ser responsable, baseada en argumentos s\u00f3lidos, e non que se diga unha chapuzada sen m\u00e1is. Que definan as s\u00faas cr\u00edticas e se cadra poden aportar argumentos para mellorala..<\/p><\/blockquote>\n\n\n\n<blockquote class=\"wp-block-quote is-layout-flow wp-block-quote-is-layout-flow\"><p>Foron meses de moitas obras ao mesmo tempo, que xeraron moitas dificultades para a veci\u00f1anza, pero o que conseguimos foi unha vila moito m\u00e1is fermosa e moito m\u00e1is accesible, que coida, sobre todo, dos colectivos que nos importan. Infancia, maiores e as persoas con discapacidade.<\/p><\/blockquote>\n\n\n\n<blockquote class=\"wp-block-quote is-layout-flow wp-block-quote-is-layout-flow\"><p>Aqu\u00ed tam\u00e9n quero falar  das parroquias. Desde a remodelaci\u00f3n da antiga escola de San Xurxo para convertela en centro onde se atenden enfermidades neurodexenerativas en colaboraci\u00f3n con AFAGA, desde Parderrubias a mellora do Penedo Redondo para que diferentes clubs deportivos e a nosa escola de f\u00fatbol Denis Su\u00e1rez segan tendo cobertura e poidan ampliar a s\u00faa capacidade de nenos e nenas, as melloras viarias na Petoa, na feira ata o enlace que une parroquias como Parderrubias e Soutelo. As parroquias tam\u00e9n son Salceda e a nosa atenci\u00f3n con elas  vai ser especial.<\/p><\/blockquote>\n\n\n\n<blockquote class=\"wp-block-quote is-layout-flow wp-block-quote-is-layout-flow\"><p>Isto \u00e9 no que se refire as obras, pero para min hai algo fundamental que son as pequeni\u00f1as cousas que afectan \u00e1 nosa veci\u00f1anza, para co\u00f1ecelas sa\u00edmos \u00e1 r\u00faa e preguntamos, escoitamos e procuramos solucionalas<\/p><\/blockquote>\n\n\n\n<p> <strong>Salceda\nten unha peculiaridade importante, en plena crise demogr\u00e1fica sodes\ndas vilas de todo o pa\u00eds cun \u00edndice de nenas e nenos m\u00e1is elevado.<\/strong><\/p>\n\n\n\n<blockquote class=\"wp-block-quote is-layout-flow wp-block-quote-is-layout-flow\"><p>Si, que gusto d\u00e1 escoitar isto.Onte escoitei os datos de que Galicia \u00e9 a comunidade que m\u00e1is poboaci\u00f3n perde, estamos a un nivel de nacementos dos anos corenta, e pensei, que sorte te\u00f1o como alcaldesa porque a nosa vila ten moit\u00edsimo futuro. Temos unha media de nacementos en torno aos cen ao ano.<\/p><\/blockquote>\n\n\n\n<p><strong>Que\nexplicaci\u00f3n ten ese fen\u00f3meno? Sodes moi felices e facedes moitos\nfillos e fillas?<\/strong><\/p>\n\n\n\n<blockquote class=\"wp-block-quote is-layout-flow wp-block-quote-is-layout-flow\"><p>Ha ha ha. Isto poeticamente est\u00e1 moi ben pero, penso que \u00e9 un resultado de termos realizado, os gobernos de Marcos Besada, pol\u00edticas adecuadas baseadas na creaci\u00f3n de servizos que lle facilitaran a vida \u00e1s persoas, como por exemplo: comedor escolar, a garder\u00eda Gali\u00f1a Azul, acci\u00f3n temper\u00e1, gabinete de logopedia e pedagox\u00eda, un Centro de Sa\u00fade novo..<\/p><\/blockquote>\n\n\n\n<p><strong>Falemos\n do novo Centro M\u00e9dico. <\/strong>\n<\/p>\n\n\n\n<blockquote class=\"wp-block-quote is-layout-flow wp-block-quote-is-layout-flow\"><p>O Centro de Sa\u00fade foi unha loita e unha pelexa de anos tremenda. Te\u00f1o que reco\u00f1ecer e valorar a xesti\u00f3n do conselleiro  Almu\u00ed\u00f1a.  O prazo de inauguraci\u00f3n  est\u00e1 previsto para maio do 2020 e todo apunta a que incluso poder\u00eda estar antes. O d\u00eda que inauguremos o Centro de Sa\u00fade estarei moi contenta, pero temos que estar atentas e en comunicaci\u00f3n co equipo de m\u00e9dicas e m\u00e9dicos do noso Centro de Sa\u00fade polo plan dotacional. Salceda necesita outro m\u00e9dico ou m\u00e9dica que xa est\u00e1 comprometido polo Sergas, pero precisamos Pediatr\u00eda,  s\u00f3 temos unha pediatra para unha poboaci\u00f3n de 1600 nenos e nenas, as\u00ed a atenci\u00f3n pedi\u00e1trica non \u00e9 posible.  <\/p><\/blockquote>\n\n\n\n<p><strong>Que\ntedes pensado facer co edificio onde est\u00e1 o Centro de Sa\u00fade vello?<\/strong><\/p>\n\n\n\n<blockquote class=\"wp-block-quote is-layout-flow wp-block-quote-is-layout-flow\"><p>A idea fundamental \u00e9 transformar ese edificio nun Centro C\u00edvico. A sociedade de Salceda \u00e9 moi din\u00e1mica, temos moitas asociaci\u00f3ns e colectivos que moitas veces non te\u00f1en espazo onde desenvolver as s\u00faas iniciativas..<\/p><\/blockquote>\n\n\n\n<p><strong>Antes\ncando falabamos da oposici\u00f3n do PP, estes mencionaron que o voso\ngoberno \u00e9 un goberno de malgasto. Supo\u00f1o que  estar\u00e1s en\ndesacordo?<\/strong><\/p>\n\n\n\n<blockquote class=\"wp-block-quote is-layout-flow wp-block-quote-is-layout-flow\"><p>Gustar\u00edame que concretasen cando xeneralizan. Non podo estar m\u00e1is en desacordo. Se consideran propaganda deste goberno o patrocinio a deportistas de elite para que sigan adiante coa s\u00faa carreira deportiva, investir con d\u00edpticos informativos ou nos medios de comunicaci\u00f3n para trasladar con transparencia \u00e1 cidadan\u00eda o que fas desde o concello, ter un salario digno ou unha n\u00f3mina. Eu ch\u00e1molle malgastar a outro tipo de cousas que fai o PP e que non paga a pena mencionar.<\/p><\/blockquote>\n\n\n\n<p><strong>A\noposici\u00f3n do PP non \u00e9 unha oposici\u00f3n construtiva ao teu xu\u00edzo?<\/strong><\/p>\n\n\n\n<blockquote class=\"wp-block-quote is-layout-flow wp-block-quote-is-layout-flow\"><p>Vou  xulgar este inicio de mandato. Tratamos que formen parte dos grandes proxectos e contar coa s\u00faa opini\u00f3n. Non te\u00f1o ning\u00fan problema en ir da man do PP, do PSOE e de ning\u00fan outro partido. Falar con calquera outra administraci\u00f3n, sexa da cor que sexa. O que quero \u00e9 conseguir resultados para a nosa vila.<\/p><\/blockquote>\n\n\n\n<p><strong>Esa\na t\u00faa actitude pol\u00edtica, a busca de consenso no beneficio dos\nsalcedenses. Eu preg\u00fantoche a t\u00faa valoraci\u00f3n sobre a actitude\npol\u00edtica da oposici\u00f3n do PP. \u00c9 construtiva ou non?<\/strong><\/p>\n\n\n\n<blockquote class=\"wp-block-quote is-layout-flow wp-block-quote-is-layout-flow\"><p>Agora mesmo seguen nesa li\u00f1a de destruci\u00f3n. Durante o \u00faltimo ano do anterior mandato sufrimos un acoso tremendo a trav\u00e9s das redes sociais.  Eu sei que a veci\u00f1anza sabe que detr\u00e1s deses perf\u00eds falsos estaba o PP cunha campa\u00f1a demoledora.  <\/p><\/blockquote>\n\n\n\n<p><strong>Estamos\na piques das festas  do nadal. Defin\u00eddelo como un programa de nadal\ndiferente, por que?<\/strong><\/p>\n\n\n\n<blockquote class=\"wp-block-quote is-layout-flow wp-block-quote-is-layout-flow\"><p>\u00c9 diferente porque \u00e9 o noso, fixemos un tremendo esforzo para que estes colectivos dos que levamos falando na entrevista v\u00e9xanse representado. Pretendemos que ese respecto a nosa cultura e a nosa lingua estea presente.<\/p><\/blockquote>\n\n\n\n<p><strong>E\npara o entroido, xa tedes algo pensado?<\/strong><\/p>\n\n\n\n<blockquote class=\"wp-block-quote is-layout-flow wp-block-quote-is-layout-flow\"><p>Este \u00e9 como o noso sinal de identidade. Temos a sorte de contar con colectivos sociais tan importantes que xa un pouco o coci\u00f1an eles, s\u00f3 temos que encaixalas pezas. No entroido tradicional da Feira e Barreiro, a\u00ed non te metas\u2026.Converten ao domingo do entroido no m\u00e1is especial, rechamante, numeroso\u2026<\/p><\/blockquote>\n\n\n\n<p><strong>De\ntodo o pa\u00eds galego problablemente.<\/strong><\/p>\n\n\n\n<blockquote class=\"wp-block-quote is-layout-flow wp-block-quote-is-layout-flow\"><p>Eu vou ser algo m\u00e1is humilde e vou dicir da Comarca ou da \u00c1rea Metropolitana.<\/p><\/blockquote>\n\n\n\n<p><strong>Como\nson as relaci\u00f3n do Concello coa Deputaci\u00f3n de Pontevedra e a Xunta\nde Galicia? <\/strong>\n<\/p>\n\n\n\n<blockquote class=\"wp-block-quote is-layout-flow wp-block-quote-is-layout-flow\"><p>A mi\u00f1a relaci\u00f3n coa Deputaci\u00f3n \u00e9 excelente. Agora e nos mandatos anteriores. O traballo da Deputaci\u00f3n con Salceda \u00e9 moi bo. O Plan Concellos, a min par\u00e9ceme unha forma excelente de traballar.  <\/p><\/blockquote>\n\n\n\n<p><strong>Atendendo\na  criterios obxectivos como poboaci\u00f3n, dispersi\u00f3n e extensi\u00f3n.<\/strong><\/p>\n\n\n\n<blockquote class=\"wp-block-quote is-layout-flow wp-block-quote-is-layout-flow\"><p>Encantar\u00edame que estes criterios foxen utilizados pola Xunta, t\u00e9\u00f1oo clar\u00edsimo, aos concellos dar\u00edalle un aire e unha vida nova.<\/p><\/blockquote>\n\n\n\n<blockquote class=\"wp-block-quote is-layout-flow wp-block-quote-is-layout-flow\"><p>Coa Xunta a\u00ednda non te\u00f1o ning\u00fan tipo de relaci\u00f3n, solicitei tres entrevistas con diferentes conseller\u00edas e supo\u00f1o que me recibir\u00e1n como reciben a outros alcaldes e alcaldesas.<\/p><\/blockquote>\n\n\n\n<p><strong>Hai\nmoito tempo que as solicitaches Loli?<\/strong><\/p>\n\n\n\n<blockquote class=\"wp-block-quote is-layout-flow wp-block-quote-is-layout-flow\"><p>A primeira vai facer dous meses, e as d\u00faas \u00faltimas coa Conseller\u00eda de Educaci\u00f3n e a de Estruturas far\u00e1 un mes e medio, terei que darlles algo m\u00e1is de tempo. Arrincaremos o ano intentando que me reciban como o fan cos demais. Espero que non sexa pola cor pol\u00edtica e vou a crer que me recibiran pronto.<\/p><\/blockquote>\n\n\n\n<p><strong>Imos\nrematando, iniciamos a Conversa cunha pequena confusi\u00f3n, eu pensei\nque te co\u00f1ec\u00eda da \u00faltima Gala que fixemos en xaneiro. No ano 2021\nteremos a seguinte, en xaneiro a\u00ednda ser\u00e1s alcaldesa. Espero contar\ncontigo e que poidamos vernos nese momento.<\/strong><\/p>\n\n\n\n<blockquote class=\"wp-block-quote is-layout-flow wp-block-quote-is-layout-flow\"><p>Non puiden asistir como concelleira, pero penso asistir como alcaldesa.<\/p><\/blockquote>\n\n\n\n<p><strong>Mira\nque queda gravado, est\u00e1s obrigada. <\/strong>\n<\/p>\n\n\n\n<blockquote class=\"wp-block-quote is-layout-flow wp-block-quote-is-layout-flow\"><p>Por iso o digo.  <\/p><\/blockquote>\n","protected":false},"excerpt":{"rendered":"<div class=\"mh-excerpt\"><p>Despois de 12 anos na alcald\u00eda, Marcos Besada, ced\u00eda a testemu\u00f1a, o pasado maio, \u00e1 s\u00faa compa\u00f1eira de Movemento Salceda Loli Casti\u00f1eiras <a class=\"mh-excerpt-more\" href=\"https:\/\/www.anovapeneira.gal\/index.php\/2019\/12\/23\/loli-castineiras-alcaldesa-de-salceda\/\" title=\"Loli Casti\u00f1eiras, Alcaldesa de Salceda\">[&#8230;]<\/a><\/p>\n<\/div>","protected":false},"author":3,"featured_media":2080,"comment_status":"open","ping_status":"open","sticky":false,"template":"","format":"standard","meta":{"_exactmetrics_skip_tracking":false,"_exactmetrics_sitenote_active":false,"_exactmetrics_sitenote_note":"","_exactmetrics_sitenote_category":0,"footnotes":""},"categories":[23],"tags":[359,12],"class_list":{"0":"post-2089","1":"post","2":"type-post","3":"status-publish","4":"format-standard","5":"has-post-thumbnail","7":"category-a-lourina","8":"tag-concello-de-salceda-de-caselas","9":"tag-politica"},"yoast_head":"<!-- This site is optimized with the Yoast SEO plugin v27.4 - https:\/\/yoast.com\/product\/yoast-seo-wordpress\/ -->\n<title>Loli Casti\u00f1eiras, Alcaldesa de Salceda -<\/title>\n<meta name=\"robots\" content=\"index, follow, max-snippet:-1, max-image-preview:large, max-video-preview:-1\" \/>\n<link rel=\"canonical\" href=\"https:\/\/www.anovapeneira.gal\/index.php\/2019\/12\/23\/loli-castineiras-alcaldesa-de-salceda\/\" \/>\n<meta property=\"og:locale\" content=\"gl_ES\" \/>\n<meta property=\"og:type\" content=\"article\" \/>\n<meta property=\"og:title\" content=\"Loli Casti\u00f1eiras, Alcaldesa de Salceda -\" \/>\n<meta property=\"og:description\" content=\"Despois de 12 anos na alcald\u00eda, Marcos Besada, ced\u00eda a testemu\u00f1a, o pasado maio, \u00e1 s\u00faa compa\u00f1eira de Movemento Salceda Loli Casti\u00f1eiras [...]\" \/>\n<meta property=\"og:url\" content=\"https:\/\/www.anovapeneira.gal\/index.php\/2019\/12\/23\/loli-castineiras-alcaldesa-de-salceda\/\" \/>\n<meta property=\"article:publisher\" content=\"https:\/\/www.facebook.com\/anovapeneira\" \/>\n<meta property=\"article:published_time\" content=\"2019-12-23T11:00:37+00:00\" \/>\n<meta property=\"og:image\" content=\"https:\/\/www.anovapeneira.gal\/wp-content\/uploads\/2019\/12\/loli_castinheira_alcaldesa_salceda_a_nova_peneira.jpg\" \/>\n\t<meta property=\"og:image:width\" content=\"720\" \/>\n\t<meta property=\"og:image:height\" content=\"432\" \/>\n\t<meta property=\"og:image:type\" content=\"image\/jpeg\" \/>\n<meta name=\"author\" content=\"Redacci\u00f3n A Nova Peneira\" \/>\n<meta name=\"twitter:card\" content=\"summary_large_image\" \/>\n<meta name=\"twitter:creator\" content=\"@APeneira\" \/>\n<meta name=\"twitter:site\" content=\"@APeneira\" \/>\n<meta name=\"twitter:label1\" content=\"Escrito por\" \/>\n\t<meta name=\"twitter:data1\" content=\"Redacci\u00f3n A Nova Peneira\" \/>\n\t<meta name=\"twitter:label2\" content=\"Tempo de lectura\" \/>\n\t<meta name=\"twitter:data2\" content=\"9 minutos\" \/>\n<script type=\"application\/ld+json\" class=\"yoast-schema-graph\">{\"@context\":\"https:\\\/\\\/schema.org\",\"@graph\":[{\"@type\":\"Article\",\"@id\":\"https:\\\/\\\/www.anovapeneira.gal\\\/index.php\\\/2019\\\/12\\\/23\\\/loli-castineiras-alcaldesa-de-salceda\\\/#article\",\"isPartOf\":{\"@id\":\"https:\\\/\\\/www.anovapeneira.gal\\\/index.php\\\/2019\\\/12\\\/23\\\/loli-castineiras-alcaldesa-de-salceda\\\/\"},\"author\":{\"name\":\"Redacci\u00f3n A Nova Peneira\",\"@id\":\"https:\\\/\\\/www.anovapeneira.gal\\\/#\\\/schema\\\/person\\\/b93e3f8932e3f8da96334607eb6ac6aa\"},\"headline\":\"Loli Casti\u00f1eiras, Alcaldesa de Salceda\",\"datePublished\":\"2019-12-23T11:00:37+00:00\",\"mainEntityOfPage\":{\"@id\":\"https:\\\/\\\/www.anovapeneira.gal\\\/index.php\\\/2019\\\/12\\\/23\\\/loli-castineiras-alcaldesa-de-salceda\\\/\"},\"wordCount\":1818,\"commentCount\":0,\"publisher\":{\"@id\":\"https:\\\/\\\/www.anovapeneira.gal\\\/#organization\"},\"image\":{\"@id\":\"https:\\\/\\\/www.anovapeneira.gal\\\/index.php\\\/2019\\\/12\\\/23\\\/loli-castineiras-alcaldesa-de-salceda\\\/#primaryimage\"},\"thumbnailUrl\":\"https:\\\/\\\/www.anovapeneira.gal\\\/wp-content\\\/uploads\\\/2019\\\/12\\\/loli_castinheira_alcaldesa_salceda_a_nova_peneira.jpg\",\"keywords\":[\"Concello de Salceda de Caselas\",\"Pol\u00edtica\"],\"articleSection\":[\"A Louri\u00f1a\"],\"inLanguage\":\"gl-ES\",\"potentialAction\":[{\"@type\":\"CommentAction\",\"name\":\"Comment\",\"target\":[\"https:\\\/\\\/www.anovapeneira.gal\\\/index.php\\\/2019\\\/12\\\/23\\\/loli-castineiras-alcaldesa-de-salceda\\\/#respond\"]}]},{\"@type\":\"WebPage\",\"@id\":\"https:\\\/\\\/www.anovapeneira.gal\\\/index.php\\\/2019\\\/12\\\/23\\\/loli-castineiras-alcaldesa-de-salceda\\\/\",\"url\":\"https:\\\/\\\/www.anovapeneira.gal\\\/index.php\\\/2019\\\/12\\\/23\\\/loli-castineiras-alcaldesa-de-salceda\\\/\",\"name\":\"Loli Casti\u00f1eiras, Alcaldesa de Salceda -\",\"isPartOf\":{\"@id\":\"https:\\\/\\\/www.anovapeneira.gal\\\/#website\"},\"primaryImageOfPage\":{\"@id\":\"https:\\\/\\\/www.anovapeneira.gal\\\/index.php\\\/2019\\\/12\\\/23\\\/loli-castineiras-alcaldesa-de-salceda\\\/#primaryimage\"},\"image\":{\"@id\":\"https:\\\/\\\/www.anovapeneira.gal\\\/index.php\\\/2019\\\/12\\\/23\\\/loli-castineiras-alcaldesa-de-salceda\\\/#primaryimage\"},\"thumbnailUrl\":\"https:\\\/\\\/www.anovapeneira.gal\\\/wp-content\\\/uploads\\\/2019\\\/12\\\/loli_castinheira_alcaldesa_salceda_a_nova_peneira.jpg\",\"datePublished\":\"2019-12-23T11:00:37+00:00\",\"breadcrumb\":{\"@id\":\"https:\\\/\\\/www.anovapeneira.gal\\\/index.php\\\/2019\\\/12\\\/23\\\/loli-castineiras-alcaldesa-de-salceda\\\/#breadcrumb\"},\"inLanguage\":\"gl-ES\",\"potentialAction\":[{\"@type\":\"ReadAction\",\"target\":[\"https:\\\/\\\/www.anovapeneira.gal\\\/index.php\\\/2019\\\/12\\\/23\\\/loli-castineiras-alcaldesa-de-salceda\\\/\"]}]},{\"@type\":\"ImageObject\",\"inLanguage\":\"gl-ES\",\"@id\":\"https:\\\/\\\/www.anovapeneira.gal\\\/index.php\\\/2019\\\/12\\\/23\\\/loli-castineiras-alcaldesa-de-salceda\\\/#primaryimage\",\"url\":\"https:\\\/\\\/www.anovapeneira.gal\\\/wp-content\\\/uploads\\\/2019\\\/12\\\/loli_castinheira_alcaldesa_salceda_a_nova_peneira.jpg\",\"contentUrl\":\"https:\\\/\\\/www.anovapeneira.gal\\\/wp-content\\\/uploads\\\/2019\\\/12\\\/loli_castinheira_alcaldesa_salceda_a_nova_peneira.jpg\",\"width\":720,\"height\":432,\"caption\":\"Alcaldes de Salceda de Caselas Loli Casti\u00f1eiras A Nova Peneria\"},{\"@type\":\"BreadcrumbList\",\"@id\":\"https:\\\/\\\/www.anovapeneira.gal\\\/index.php\\\/2019\\\/12\\\/23\\\/loli-castineiras-alcaldesa-de-salceda\\\/#breadcrumb\",\"itemListElement\":[{\"@type\":\"ListItem\",\"position\":1,\"name\":\"Portada\",\"item\":\"https:\\\/\\\/www.anovapeneira.gal\\\/\"},{\"@type\":\"ListItem\",\"position\":2,\"name\":\"Loli Casti\u00f1eiras, Alcaldesa de Salceda\"}]},{\"@type\":\"WebSite\",\"@id\":\"https:\\\/\\\/www.anovapeneira.gal\\\/#website\",\"url\":\"https:\\\/\\\/www.anovapeneira.gal\\\/\",\"name\":\"\",\"description\":\"Xornal galego de informaci\u00f3n xeral Publicaci\u00f3n mensual de novas de Galicia e en especial dos Concellos da sur da provincia de Pontevedra.\",\"publisher\":{\"@id\":\"https:\\\/\\\/www.anovapeneira.gal\\\/#organization\"},\"potentialAction\":[{\"@type\":\"SearchAction\",\"target\":{\"@type\":\"EntryPoint\",\"urlTemplate\":\"https:\\\/\\\/www.anovapeneira.gal\\\/?s={search_term_string}\"},\"query-input\":{\"@type\":\"PropertyValueSpecification\",\"valueRequired\":true,\"valueName\":\"search_term_string\"}}],\"inLanguage\":\"gl-ES\"},{\"@type\":\"Organization\",\"@id\":\"https:\\\/\\\/www.anovapeneira.gal\\\/#organization\",\"name\":\"A Nova Peneira\",\"url\":\"https:\\\/\\\/www.anovapeneira.gal\\\/\",\"logo\":{\"@type\":\"ImageObject\",\"inLanguage\":\"gl-ES\",\"@id\":\"https:\\\/\\\/www.anovapeneira.gal\\\/#\\\/schema\\\/logo\\\/image\\\/\",\"url\":\"http:\\\/\\\/www.anovapeneira.gal\\\/wp-content\\\/uploads\\\/2019\\\/06\\\/logo_a_nova_peneira_portal_web.png\",\"contentUrl\":\"http:\\\/\\\/www.anovapeneira.gal\\\/wp-content\\\/uploads\\\/2019\\\/06\\\/logo_a_nova_peneira_portal_web.png\",\"width\":300,\"height\":100,\"caption\":\"A Nova Peneira\"},\"image\":{\"@id\":\"https:\\\/\\\/www.anovapeneira.gal\\\/#\\\/schema\\\/logo\\\/image\\\/\"},\"sameAs\":[\"https:\\\/\\\/www.facebook.com\\\/anovapeneira\",\"https:\\\/\\\/x.com\\\/APeneira\"]},{\"@type\":\"Person\",\"@id\":\"https:\\\/\\\/www.anovapeneira.gal\\\/#\\\/schema\\\/person\\\/b93e3f8932e3f8da96334607eb6ac6aa\",\"name\":\"Redacci\u00f3n A Nova Peneira\",\"image\":{\"@type\":\"ImageObject\",\"inLanguage\":\"gl-ES\",\"@id\":\"https:\\\/\\\/secure.gravatar.com\\\/avatar\\\/c052a2551a06e23fac63626232eaa90abd78dbcf1700fc46a2b2c89fd27b735f?s=96&d=mm&r=g\",\"url\":\"https:\\\/\\\/secure.gravatar.com\\\/avatar\\\/c052a2551a06e23fac63626232eaa90abd78dbcf1700fc46a2b2c89fd27b735f?s=96&d=mm&r=g\",\"contentUrl\":\"https:\\\/\\\/secure.gravatar.com\\\/avatar\\\/c052a2551a06e23fac63626232eaa90abd78dbcf1700fc46a2b2c89fd27b735f?s=96&d=mm&r=g\",\"caption\":\"Redacci\u00f3n A Nova Peneira\"},\"sameAs\":[\"http:\\\/\\\/www.anovapeneira.gal\\\/\"],\"url\":\"https:\\\/\\\/www.anovapeneira.gal\\\/index.php\\\/author\\\/redactor\\\/\"}]}<\/script>\n<!-- \/ Yoast SEO plugin. -->","yoast_head_json":{"title":"Loli Casti\u00f1eiras, Alcaldesa de Salceda -","robots":{"index":"index","follow":"follow","max-snippet":"max-snippet:-1","max-image-preview":"max-image-preview:large","max-video-preview":"max-video-preview:-1"},"canonical":"https:\/\/www.anovapeneira.gal\/index.php\/2019\/12\/23\/loli-castineiras-alcaldesa-de-salceda\/","og_locale":"gl_ES","og_type":"article","og_title":"Loli Casti\u00f1eiras, Alcaldesa de Salceda -","og_description":"Despois de 12 anos na alcald\u00eda, Marcos Besada, ced\u00eda a testemu\u00f1a, o pasado maio, \u00e1 s\u00faa compa\u00f1eira de Movemento Salceda Loli Casti\u00f1eiras [...]","og_url":"https:\/\/www.anovapeneira.gal\/index.php\/2019\/12\/23\/loli-castineiras-alcaldesa-de-salceda\/","article_publisher":"https:\/\/www.facebook.com\/anovapeneira","article_published_time":"2019-12-23T11:00:37+00:00","og_image":[{"width":720,"height":432,"url":"https:\/\/www.anovapeneira.gal\/wp-content\/uploads\/2019\/12\/loli_castinheira_alcaldesa_salceda_a_nova_peneira.jpg","type":"image\/jpeg"}],"author":"Redacci\u00f3n A Nova Peneira","twitter_card":"summary_large_image","twitter_creator":"@APeneira","twitter_site":"@APeneira","twitter_misc":{"Escrito por":"Redacci\u00f3n A Nova Peneira","Tempo de lectura":"9 minutos"},"schema":{"@context":"https:\/\/schema.org","@graph":[{"@type":"Article","@id":"https:\/\/www.anovapeneira.gal\/index.php\/2019\/12\/23\/loli-castineiras-alcaldesa-de-salceda\/#article","isPartOf":{"@id":"https:\/\/www.anovapeneira.gal\/index.php\/2019\/12\/23\/loli-castineiras-alcaldesa-de-salceda\/"},"author":{"name":"Redacci\u00f3n A Nova Peneira","@id":"https:\/\/www.anovapeneira.gal\/#\/schema\/person\/b93e3f8932e3f8da96334607eb6ac6aa"},"headline":"Loli Casti\u00f1eiras, Alcaldesa de Salceda","datePublished":"2019-12-23T11:00:37+00:00","mainEntityOfPage":{"@id":"https:\/\/www.anovapeneira.gal\/index.php\/2019\/12\/23\/loli-castineiras-alcaldesa-de-salceda\/"},"wordCount":1818,"commentCount":0,"publisher":{"@id":"https:\/\/www.anovapeneira.gal\/#organization"},"image":{"@id":"https:\/\/www.anovapeneira.gal\/index.php\/2019\/12\/23\/loli-castineiras-alcaldesa-de-salceda\/#primaryimage"},"thumbnailUrl":"https:\/\/www.anovapeneira.gal\/wp-content\/uploads\/2019\/12\/loli_castinheira_alcaldesa_salceda_a_nova_peneira.jpg","keywords":["Concello de Salceda de Caselas","Pol\u00edtica"],"articleSection":["A Louri\u00f1a"],"inLanguage":"gl-ES","potentialAction":[{"@type":"CommentAction","name":"Comment","target":["https:\/\/www.anovapeneira.gal\/index.php\/2019\/12\/23\/loli-castineiras-alcaldesa-de-salceda\/#respond"]}]},{"@type":"WebPage","@id":"https:\/\/www.anovapeneira.gal\/index.php\/2019\/12\/23\/loli-castineiras-alcaldesa-de-salceda\/","url":"https:\/\/www.anovapeneira.gal\/index.php\/2019\/12\/23\/loli-castineiras-alcaldesa-de-salceda\/","name":"Loli Casti\u00f1eiras, Alcaldesa de Salceda -","isPartOf":{"@id":"https:\/\/www.anovapeneira.gal\/#website"},"primaryImageOfPage":{"@id":"https:\/\/www.anovapeneira.gal\/index.php\/2019\/12\/23\/loli-castineiras-alcaldesa-de-salceda\/#primaryimage"},"image":{"@id":"https:\/\/www.anovapeneira.gal\/index.php\/2019\/12\/23\/loli-castineiras-alcaldesa-de-salceda\/#primaryimage"},"thumbnailUrl":"https:\/\/www.anovapeneira.gal\/wp-content\/uploads\/2019\/12\/loli_castinheira_alcaldesa_salceda_a_nova_peneira.jpg","datePublished":"2019-12-23T11:00:37+00:00","breadcrumb":{"@id":"https:\/\/www.anovapeneira.gal\/index.php\/2019\/12\/23\/loli-castineiras-alcaldesa-de-salceda\/#breadcrumb"},"inLanguage":"gl-ES","potentialAction":[{"@type":"ReadAction","target":["https:\/\/www.anovapeneira.gal\/index.php\/2019\/12\/23\/loli-castineiras-alcaldesa-de-salceda\/"]}]},{"@type":"ImageObject","inLanguage":"gl-ES","@id":"https:\/\/www.anovapeneira.gal\/index.php\/2019\/12\/23\/loli-castineiras-alcaldesa-de-salceda\/#primaryimage","url":"https:\/\/www.anovapeneira.gal\/wp-content\/uploads\/2019\/12\/loli_castinheira_alcaldesa_salceda_a_nova_peneira.jpg","contentUrl":"https:\/\/www.anovapeneira.gal\/wp-content\/uploads\/2019\/12\/loli_castinheira_alcaldesa_salceda_a_nova_peneira.jpg","width":720,"height":432,"caption":"Alcaldes de Salceda de Caselas Loli Casti\u00f1eiras A Nova Peneria"},{"@type":"BreadcrumbList","@id":"https:\/\/www.anovapeneira.gal\/index.php\/2019\/12\/23\/loli-castineiras-alcaldesa-de-salceda\/#breadcrumb","itemListElement":[{"@type":"ListItem","position":1,"name":"Portada","item":"https:\/\/www.anovapeneira.gal\/"},{"@type":"ListItem","position":2,"name":"Loli Casti\u00f1eiras, Alcaldesa de Salceda"}]},{"@type":"WebSite","@id":"https:\/\/www.anovapeneira.gal\/#website","url":"https:\/\/www.anovapeneira.gal\/","name":"","description":"Xornal galego de informaci\u00f3n xeral Publicaci\u00f3n mensual de novas de Galicia e en especial dos Concellos da sur da provincia de Pontevedra.","publisher":{"@id":"https:\/\/www.anovapeneira.gal\/#organization"},"potentialAction":[{"@type":"SearchAction","target":{"@type":"EntryPoint","urlTemplate":"https:\/\/www.anovapeneira.gal\/?s={search_term_string}"},"query-input":{"@type":"PropertyValueSpecification","valueRequired":true,"valueName":"search_term_string"}}],"inLanguage":"gl-ES"},{"@type":"Organization","@id":"https:\/\/www.anovapeneira.gal\/#organization","name":"A Nova Peneira","url":"https:\/\/www.anovapeneira.gal\/","logo":{"@type":"ImageObject","inLanguage":"gl-ES","@id":"https:\/\/www.anovapeneira.gal\/#\/schema\/logo\/image\/","url":"http:\/\/www.anovapeneira.gal\/wp-content\/uploads\/2019\/06\/logo_a_nova_peneira_portal_web.png","contentUrl":"http:\/\/www.anovapeneira.gal\/wp-content\/uploads\/2019\/06\/logo_a_nova_peneira_portal_web.png","width":300,"height":100,"caption":"A Nova Peneira"},"image":{"@id":"https:\/\/www.anovapeneira.gal\/#\/schema\/logo\/image\/"},"sameAs":["https:\/\/www.facebook.com\/anovapeneira","https:\/\/x.com\/APeneira"]},{"@type":"Person","@id":"https:\/\/www.anovapeneira.gal\/#\/schema\/person\/b93e3f8932e3f8da96334607eb6ac6aa","name":"Redacci\u00f3n A Nova Peneira","image":{"@type":"ImageObject","inLanguage":"gl-ES","@id":"https:\/\/secure.gravatar.com\/avatar\/c052a2551a06e23fac63626232eaa90abd78dbcf1700fc46a2b2c89fd27b735f?s=96&d=mm&r=g","url":"https:\/\/secure.gravatar.com\/avatar\/c052a2551a06e23fac63626232eaa90abd78dbcf1700fc46a2b2c89fd27b735f?s=96&d=mm&r=g","contentUrl":"https:\/\/secure.gravatar.com\/avatar\/c052a2551a06e23fac63626232eaa90abd78dbcf1700fc46a2b2c89fd27b735f?s=96&d=mm&r=g","caption":"Redacci\u00f3n A Nova Peneira"},"sameAs":["http:\/\/www.anovapeneira.gal\/"],"url":"https:\/\/www.anovapeneira.gal\/index.php\/author\/redactor\/"}]}},"jetpack_featured_media_url":"https:\/\/www.anovapeneira.gal\/wp-content\/uploads\/2019\/12\/loli_castinheira_alcaldesa_salceda_a_nova_peneira.jpg","_links":{"self":[{"href":"https:\/\/www.anovapeneira.gal\/index.php\/wp-json\/wp\/v2\/posts\/2089","targetHints":{"allow":["GET"]}}],"collection":[{"href":"https:\/\/www.anovapeneira.gal\/index.php\/wp-json\/wp\/v2\/posts"}],"about":[{"href":"https:\/\/www.anovapeneira.gal\/index.php\/wp-json\/wp\/v2\/types\/post"}],"author":[{"embeddable":true,"href":"https:\/\/www.anovapeneira.gal\/index.php\/wp-json\/wp\/v2\/users\/3"}],"replies":[{"embeddable":true,"href":"https:\/\/www.anovapeneira.gal\/index.php\/wp-json\/wp\/v2\/comments?post=2089"}],"version-history":[{"count":2,"href":"https:\/\/www.anovapeneira.gal\/index.php\/wp-json\/wp\/v2\/posts\/2089\/revisions"}],"predecessor-version":[{"id":2091,"href":"https:\/\/www.anovapeneira.gal\/index.php\/wp-json\/wp\/v2\/posts\/2089\/revisions\/2091"}],"wp:featuredmedia":[{"embeddable":true,"href":"https:\/\/www.anovapeneira.gal\/index.php\/wp-json\/wp\/v2\/media\/2080"}],"wp:attachment":[{"href":"https:\/\/www.anovapeneira.gal\/index.php\/wp-json\/wp\/v2\/media?parent=2089"}],"wp:term":[{"taxonomy":"category","embeddable":true,"href":"https:\/\/www.anovapeneira.gal\/index.php\/wp-json\/wp\/v2\/categories?post=2089"},{"taxonomy":"post_tag","embeddable":true,"href":"https:\/\/www.anovapeneira.gal\/index.php\/wp-json\/wp\/v2\/tags?post=2089"}],"curies":[{"name":"wp","href":"https:\/\/api.w.org\/{rel}","templated":true}]}}