{"id":2092,"date":"2019-12-23T14:00:58","date_gmt":"2019-12-23T13:00:58","guid":{"rendered":"http:\/\/www.anovapeneira.gal\/?p=2092"},"modified":"2019-12-22T21:18:24","modified_gmt":"2019-12-22T20:18:24","slug":"as-mocidades-do-bng-de-redondela","status":"publish","type":"post","link":"https:\/\/www.anovapeneira.gal\/index.php\/2019\/12\/23\/as-mocidades-do-bng-de-redondela\/","title":{"rendered":"As mocidades do BNG de Redondela"},"content":{"rendered":"\n<pre class=\"wp-block-verse\"><strong>Marcos Santos<\/strong><\/pre>\n\n\n\n<h2 class=\"wp-block-heading\"><strong>Xos\u00e9, Mari\u00f1a, Iria e\nBrais son  dous mozos e d\u00faas mozas nacionalistas de Redondela, que\namosan que fronte a imaxe de indolencia que ao sistema lle interesa\nvender do conxunto da mocidade, existen colectivos organizados que\ntraballan para  acadar mellores condici\u00f3ns de vida para a sociedade\nen xeral e para os mozos e mozas en particular<\/strong><\/h2>\n\n\n\n<p><strong>Que\n\u00e9 Galiza Nova?<\/strong><\/p>\n\n\n\n<blockquote class=\"wp-block-quote is-layout-flow wp-block-quote-is-layout-flow\"><p>A organizaci\u00f3n xuvenil do BNG, as e os militantes do BLOQUE menores de 30 anos, militamos nesta organizaci\u00f3n ata cumprirmos esa idade<\/p><\/blockquote>\n\n\n\n<p><strong>Pero no BNG hai d\u00faas\norganizaci\u00f3ns de mocidade, non?<\/strong><\/p>\n\n\n\n<blockquote class=\"wp-block-quote is-layout-flow wp-block-quote-is-layout-flow\"><p>Si, tam\u00e9n est\u00e1 ISCA que son as mocidades do MGS, que como sabes \u00e9 un dos partidos, xunto coa UPG, o FOGA e independentes  que constit\u00faen o BNG<\/p><\/blockquote>\n\n\n\n<p><strong>Como analiza un mozo ou\nmoza nacionalista a situaci\u00f3n da mocidade na actualidade?<\/strong><\/p>\n\n\n\n<blockquote class=\"wp-block-quote is-layout-flow wp-block-quote-is-layout-flow\"><p>A situaci\u00f3n da mocidade do noso pa\u00eds p\u00f3dese definir cun s\u00f3 adxectivo: precaria. A voracidade do capital arrastra a ampl\u00edsimos segmentos de mozas e mozas a unha situaci\u00f3n de permanente precariedade, que se pretende normalizar. \u00c9 dram\u00e1tico, pero hoxe podemos ver alusi\u00f3ns ao emprendemento, aos traballos low cost, aos mini pisos&#8230;tinxida todas elas dun verniz de aventura rom\u00e1ntica, cando en realidade do que se trata \u00e9 de normalizar a pobreza e a precariedade<\/p><\/blockquote>\n\n\n\n<p><strong>Ben, e no que respecta\naos estudantes?<\/strong><\/p>\n\n\n\n<blockquote class=\"wp-block-quote is-layout-flow wp-block-quote-is-layout-flow\"><p>Tres cuartos do mesmo, os recursos para o ensino p\u00fablico deteri\u00f3ranse cada vez m\u00e1is grazas \u00e1 nefasta pol\u00edtica dunha administraci\u00f3n que aposta con claridade polo ensino privado e concertado. De feito estase a falar da inauguraci\u00f3n da primeira universidade privada de Galiza, un esc\u00e1ndalo vaia.<\/p><\/blockquote>\n\n\n\n<p><strong>A mocidade nacionalista\nde Redondela fai alg\u00fan tipo de actividade pol\u00edtica, supo\u00f1o?<\/strong><\/p>\n\n\n\n<blockquote class=\"wp-block-quote is-layout-flow wp-block-quote-is-layout-flow\"><p>A nosa actividade est\u00e1 orientada a espallar non s\u00f3 en Redondela, sen\u00f3n en toda a comarca a nosa visi\u00f3n da realidade referente a que s\u00f3 unha situaci\u00f3n pol\u00edtica na que as galegas e os galegos poidamos decidir sobre o noso futuro permitir\u00e1 abordar con perspectivas de \u00e9xito a grande cantidade de problemas que ten Galiza en xeral e a mocidade en particular, xa puxemos distintas mesas informativas nas que pretendemos dar traslado as nosas opini\u00f3ns e tam\u00e9n recollermos as propostas que se nos trasladen.E n\u00f3s quedamos moi orgullosos da visita que organizamos \u00e1 ILLA de San Sim\u00f3n, acompa\u00f1dos polo deputado Luis Bar\u00e1<\/p><\/blockquote>\n\n\n\n<p><strong>Cal \u00e9 a vosa posici\u00f3n\nsobre a casa de apostas que se pretende abrir en Redondela?<\/strong><\/p>\n\n\n\n<blockquote class=\"wp-block-quote is-layout-flow wp-block-quote-is-layout-flow\"><p>Estamos radicalmente en contra<\/p><\/blockquote>\n\n\n\n<p><strong>E as vosas propostas\nsobre o ocio necesario e desexable para a mocidade de Redondela?<\/strong><\/p>\n\n\n\n<blockquote class=\"wp-block-quote is-layout-flow wp-block-quote-is-layout-flow\"><p>Recuperar os locais de ensaio, potenciar a oferta cultural de calidade orientada \u00e1 mocidade. Se cadra a nosa franxa de idade est\u00e1 un pouco abandonada, para os mozos e mozas que non practicamos deporte, que nos queda?, un cine tam\u00e9n estar\u00eda moi ben,ou mellorar as actividades dos multiusos de Redondela e Chapela, e incluso os centros culturais das distintas parroquias&#8230;..<\/p><\/blockquote>\n\n\n\n<p><strong>Antes falabades da Illa\nde SanSim\u00f3n, a vosa opini\u00f3n ai respecto das distintas actividades\nde ocio que al\u00ed se fan?<\/strong><\/p>\n\n\n\n<blockquote class=\"wp-block-quote is-layout-flow wp-block-quote-is-layout-flow\"><p>San Sim\u00f3n ten que ser ILLA DA MEMORIA, \u00e9 a \u00fanica posici\u00f3n digna posible, deb\u00e9mosllo \u00e1s persoas que al\u00ed sufriron e al\u00ed morreron, manter unha actitude fr\u00edvola  co que al\u00ed pasou \u00e9 unha indignidade moral<\/p><\/blockquote>\n\n\n\n<p><strong>O discurso oficial\nv\u00e9ndenos que o r\u00e9xime do78 foi a mellor das soluci\u00f3ns posibles e\nunha especie de culminaci\u00f3n do estadio perfecto de democracia e\nliberdade , que non se pode superar, de feito calquera proxecto\npol\u00edtico que pretenda transcendelo, pouco menos que \u00e9 tratado de\nsedicioso, como  valora a mocidade nacionalista galega o r\u00e9xime no\nque v\u00f3s obrigaron a vivir?<\/strong><\/p>\n\n\n\n<blockquote class=\"wp-block-quote is-layout-flow wp-block-quote-is-layout-flow\"><p>Manifestamente mellorable. Non hai ningunha relaci\u00f3n que poida funcionar se todas as s\u00faas partes non  a asumen con liberdade e comodidade. \u00c9 as\u00ed de sinxelo. Ou a HESPA\u00d1A con H que describ\u00eda Castelao en Sempre en Galiza ou as tensi\u00f3ns territoriais no estado ser\u00e1n inevitables.<\/p><\/blockquote>\n\n\n\n<p><strong>A revoluci\u00f3n ser\u00e1\nfeminista, ou non ser\u00e1?<\/strong><\/p>\n\n\n\n<blockquote class=\"wp-block-quote is-layout-flow wp-block-quote-is-layout-flow\"><p>O mundo non ser\u00e1 xusto e igualitario, se os dous x\u00e9neros que compomos a humanidade non estamos en igualdade de condici\u00f3ns. Mentres unha soa muller poida ser asasinada, violada, acosada ou maltratada polo feito de selo, non viviremos nunha sociedade digna. Abof\u00e9 que o feminismo militante e combativo e un dos eixos da vida pol\u00edtica de Galiza Nova<\/p><\/blockquote>\n\n\n\n<p><strong>Cal \u00e9 a vosa opini\u00f3n\nsobre a non entrada do BNG no goberno de Redondela?<\/strong><\/p>\n\n\n\n<blockquote class=\"wp-block-quote is-layout-flow wp-block-quote-is-layout-flow\"><p>Como militantes  disciplinados e dem\u00f3cratas que somos, asumimos a decisi\u00f3n colectiva da militancia do bloque de Redondela.<\/p><\/blockquote>\n","protected":false},"excerpt":{"rendered":"<div class=\"mh-excerpt\"><p>Xos\u00e9, Mari\u00f1a, Iria e Brais son  dous mozos e d\u00faas mozas nacionalistas de Redondela <a class=\"mh-excerpt-more\" href=\"https:\/\/www.anovapeneira.gal\/index.php\/2019\/12\/23\/as-mocidades-do-bng-de-redondela\/\" title=\"As mocidades do BNG de Redondela\">[&#8230;]<\/a><\/p>\n<\/div>","protected":false},"author":6,"featured_media":2081,"comment_status":"open","ping_status":"open","sticky":false,"template":"","format":"standard","meta":{"_exactmetrics_skip_tracking":false,"_exactmetrics_sitenote_active":false,"_exactmetrics_sitenote_note":"","_exactmetrics_sitenote_category":0,"footnotes":""},"categories":[495],"tags":[10,171],"class_list":{"0":"post-2092","1":"post","2":"type-post","3":"status-publish","4":"format-standard","5":"has-post-thumbnail","7":"category-redondela-reportaxes","8":"tag-bng","9":"tag-concello-de-redondela"},"yoast_head":"<!-- This site is optimized with the Yoast SEO plugin v27.4 - https:\/\/yoast.com\/product\/yoast-seo-wordpress\/ -->\n<title>As mocidades do BNG de Redondela -<\/title>\n<meta name=\"robots\" content=\"index, follow, max-snippet:-1, max-image-preview:large, max-video-preview:-1\" \/>\n<link rel=\"canonical\" href=\"https:\/\/www.anovapeneira.gal\/index.php\/2019\/12\/23\/as-mocidades-do-bng-de-redondela\/\" \/>\n<meta property=\"og:locale\" content=\"gl_ES\" \/>\n<meta property=\"og:type\" content=\"article\" \/>\n<meta property=\"og:title\" content=\"As mocidades do BNG de Redondela -\" \/>\n<meta property=\"og:description\" content=\"Xos\u00e9, Mari\u00f1a, Iria e Brais son dous mozos e d\u00faas mozas nacionalistas de Redondela [...]\" \/>\n<meta property=\"og:url\" content=\"https:\/\/www.anovapeneira.gal\/index.php\/2019\/12\/23\/as-mocidades-do-bng-de-redondela\/\" \/>\n<meta property=\"article:publisher\" content=\"https:\/\/www.facebook.com\/anovapeneira\" \/>\n<meta property=\"article:published_time\" content=\"2019-12-23T13:00:58+00:00\" \/>\n<meta property=\"og:image\" content=\"https:\/\/www.anovapeneira.gal\/wp-content\/uploads\/2019\/12\/mocidade_bng_redondela_a_nova_peneira.jpg\" \/>\n\t<meta property=\"og:image:width\" content=\"720\" \/>\n\t<meta property=\"og:image:height\" content=\"432\" \/>\n\t<meta property=\"og:image:type\" content=\"image\/jpeg\" \/>\n<meta name=\"author\" content=\"Marcos Santos\" \/>\n<meta name=\"twitter:card\" content=\"summary_large_image\" \/>\n<meta name=\"twitter:creator\" content=\"@APeneira\" \/>\n<meta name=\"twitter:site\" content=\"@APeneira\" \/>\n<meta name=\"twitter:label1\" content=\"Escrito por\" \/>\n\t<meta name=\"twitter:data1\" content=\"Marcos Santos\" \/>\n\t<meta name=\"twitter:label2\" content=\"Tempo de lectura\" \/>\n\t<meta name=\"twitter:data2\" content=\"4 minutos\" \/>\n<script type=\"application\/ld+json\" class=\"yoast-schema-graph\">{\"@context\":\"https:\\\/\\\/schema.org\",\"@graph\":[{\"@type\":\"Article\",\"@id\":\"https:\\\/\\\/www.anovapeneira.gal\\\/index.php\\\/2019\\\/12\\\/23\\\/as-mocidades-do-bng-de-redondela\\\/#article\",\"isPartOf\":{\"@id\":\"https:\\\/\\\/www.anovapeneira.gal\\\/index.php\\\/2019\\\/12\\\/23\\\/as-mocidades-do-bng-de-redondela\\\/\"},\"author\":{\"name\":\"Marcos Santos\",\"@id\":\"https:\\\/\\\/www.anovapeneira.gal\\\/#\\\/schema\\\/person\\\/d9d84823564720e7593293bab054e52d\"},\"headline\":\"As mocidades do BNG de Redondela\",\"datePublished\":\"2019-12-23T13:00:58+00:00\",\"mainEntityOfPage\":{\"@id\":\"https:\\\/\\\/www.anovapeneira.gal\\\/index.php\\\/2019\\\/12\\\/23\\\/as-mocidades-do-bng-de-redondela\\\/\"},\"wordCount\":784,\"commentCount\":0,\"publisher\":{\"@id\":\"https:\\\/\\\/www.anovapeneira.gal\\\/#organization\"},\"image\":{\"@id\":\"https:\\\/\\\/www.anovapeneira.gal\\\/index.php\\\/2019\\\/12\\\/23\\\/as-mocidades-do-bng-de-redondela\\\/#primaryimage\"},\"thumbnailUrl\":\"https:\\\/\\\/www.anovapeneira.gal\\\/wp-content\\\/uploads\\\/2019\\\/12\\\/mocidade_bng_redondela_a_nova_peneira.jpg\",\"keywords\":[\"BNG\",\"Concello de Redondela\"],\"articleSection\":[\"Redondela\"],\"inLanguage\":\"gl-ES\",\"potentialAction\":[{\"@type\":\"CommentAction\",\"name\":\"Comment\",\"target\":[\"https:\\\/\\\/www.anovapeneira.gal\\\/index.php\\\/2019\\\/12\\\/23\\\/as-mocidades-do-bng-de-redondela\\\/#respond\"]}]},{\"@type\":\"WebPage\",\"@id\":\"https:\\\/\\\/www.anovapeneira.gal\\\/index.php\\\/2019\\\/12\\\/23\\\/as-mocidades-do-bng-de-redondela\\\/\",\"url\":\"https:\\\/\\\/www.anovapeneira.gal\\\/index.php\\\/2019\\\/12\\\/23\\\/as-mocidades-do-bng-de-redondela\\\/\",\"name\":\"As mocidades do BNG de Redondela -\",\"isPartOf\":{\"@id\":\"https:\\\/\\\/www.anovapeneira.gal\\\/#website\"},\"primaryImageOfPage\":{\"@id\":\"https:\\\/\\\/www.anovapeneira.gal\\\/index.php\\\/2019\\\/12\\\/23\\\/as-mocidades-do-bng-de-redondela\\\/#primaryimage\"},\"image\":{\"@id\":\"https:\\\/\\\/www.anovapeneira.gal\\\/index.php\\\/2019\\\/12\\\/23\\\/as-mocidades-do-bng-de-redondela\\\/#primaryimage\"},\"thumbnailUrl\":\"https:\\\/\\\/www.anovapeneira.gal\\\/wp-content\\\/uploads\\\/2019\\\/12\\\/mocidade_bng_redondela_a_nova_peneira.jpg\",\"datePublished\":\"2019-12-23T13:00:58+00:00\",\"breadcrumb\":{\"@id\":\"https:\\\/\\\/www.anovapeneira.gal\\\/index.php\\\/2019\\\/12\\\/23\\\/as-mocidades-do-bng-de-redondela\\\/#breadcrumb\"},\"inLanguage\":\"gl-ES\",\"potentialAction\":[{\"@type\":\"ReadAction\",\"target\":[\"https:\\\/\\\/www.anovapeneira.gal\\\/index.php\\\/2019\\\/12\\\/23\\\/as-mocidades-do-bng-de-redondela\\\/\"]}]},{\"@type\":\"ImageObject\",\"inLanguage\":\"gl-ES\",\"@id\":\"https:\\\/\\\/www.anovapeneira.gal\\\/index.php\\\/2019\\\/12\\\/23\\\/as-mocidades-do-bng-de-redondela\\\/#primaryimage\",\"url\":\"https:\\\/\\\/www.anovapeneira.gal\\\/wp-content\\\/uploads\\\/2019\\\/12\\\/mocidade_bng_redondela_a_nova_peneira.jpg\",\"contentUrl\":\"https:\\\/\\\/www.anovapeneira.gal\\\/wp-content\\\/uploads\\\/2019\\\/12\\\/mocidade_bng_redondela_a_nova_peneira.jpg\",\"width\":720,\"height\":432,\"caption\":\"BNG Redondela A Nova Peneira\"},{\"@type\":\"BreadcrumbList\",\"@id\":\"https:\\\/\\\/www.anovapeneira.gal\\\/index.php\\\/2019\\\/12\\\/23\\\/as-mocidades-do-bng-de-redondela\\\/#breadcrumb\",\"itemListElement\":[{\"@type\":\"ListItem\",\"position\":1,\"name\":\"Portada\",\"item\":\"https:\\\/\\\/www.anovapeneira.gal\\\/\"},{\"@type\":\"ListItem\",\"position\":2,\"name\":\"As mocidades do BNG de Redondela\"}]},{\"@type\":\"WebSite\",\"@id\":\"https:\\\/\\\/www.anovapeneira.gal\\\/#website\",\"url\":\"https:\\\/\\\/www.anovapeneira.gal\\\/\",\"name\":\"\",\"description\":\"Xornal galego de informaci\u00f3n xeral Publicaci\u00f3n mensual de novas de Galicia e en especial dos Concellos da sur da provincia de Pontevedra.\",\"publisher\":{\"@id\":\"https:\\\/\\\/www.anovapeneira.gal\\\/#organization\"},\"potentialAction\":[{\"@type\":\"SearchAction\",\"target\":{\"@type\":\"EntryPoint\",\"urlTemplate\":\"https:\\\/\\\/www.anovapeneira.gal\\\/?s={search_term_string}\"},\"query-input\":{\"@type\":\"PropertyValueSpecification\",\"valueRequired\":true,\"valueName\":\"search_term_string\"}}],\"inLanguage\":\"gl-ES\"},{\"@type\":\"Organization\",\"@id\":\"https:\\\/\\\/www.anovapeneira.gal\\\/#organization\",\"name\":\"A Nova Peneira\",\"url\":\"https:\\\/\\\/www.anovapeneira.gal\\\/\",\"logo\":{\"@type\":\"ImageObject\",\"inLanguage\":\"gl-ES\",\"@id\":\"https:\\\/\\\/www.anovapeneira.gal\\\/#\\\/schema\\\/logo\\\/image\\\/\",\"url\":\"http:\\\/\\\/www.anovapeneira.gal\\\/wp-content\\\/uploads\\\/2019\\\/06\\\/logo_a_nova_peneira_portal_web.png\",\"contentUrl\":\"http:\\\/\\\/www.anovapeneira.gal\\\/wp-content\\\/uploads\\\/2019\\\/06\\\/logo_a_nova_peneira_portal_web.png\",\"width\":300,\"height\":100,\"caption\":\"A Nova Peneira\"},\"image\":{\"@id\":\"https:\\\/\\\/www.anovapeneira.gal\\\/#\\\/schema\\\/logo\\\/image\\\/\"},\"sameAs\":[\"https:\\\/\\\/www.facebook.com\\\/anovapeneira\",\"https:\\\/\\\/x.com\\\/APeneira\"]},{\"@type\":\"Person\",\"@id\":\"https:\\\/\\\/www.anovapeneira.gal\\\/#\\\/schema\\\/person\\\/d9d84823564720e7593293bab054e52d\",\"name\":\"Marcos Santos\",\"image\":{\"@type\":\"ImageObject\",\"inLanguage\":\"gl-ES\",\"@id\":\"https:\\\/\\\/secure.gravatar.com\\\/avatar\\\/0e8017099a7a47c0a9d2275e865fe326484561eb3d70649069e4b8e61a8d2e8c?s=96&d=mm&r=g\",\"url\":\"https:\\\/\\\/secure.gravatar.com\\\/avatar\\\/0e8017099a7a47c0a9d2275e865fe326484561eb3d70649069e4b8e61a8d2e8c?s=96&d=mm&r=g\",\"contentUrl\":\"https:\\\/\\\/secure.gravatar.com\\\/avatar\\\/0e8017099a7a47c0a9d2275e865fe326484561eb3d70649069e4b8e61a8d2e8c?s=96&d=mm&r=g\",\"caption\":\"Marcos Santos\"},\"sameAs\":[\"http:\\\/\\\/anovapeneira.gal\"],\"url\":\"https:\\\/\\\/www.anovapeneira.gal\\\/index.php\\\/author\\\/marcos-santos\\\/\"}]}<\/script>\n<!-- \/ Yoast SEO plugin. -->","yoast_head_json":{"title":"As mocidades do BNG de Redondela -","robots":{"index":"index","follow":"follow","max-snippet":"max-snippet:-1","max-image-preview":"max-image-preview:large","max-video-preview":"max-video-preview:-1"},"canonical":"https:\/\/www.anovapeneira.gal\/index.php\/2019\/12\/23\/as-mocidades-do-bng-de-redondela\/","og_locale":"gl_ES","og_type":"article","og_title":"As mocidades do BNG de Redondela -","og_description":"Xos\u00e9, Mari\u00f1a, Iria e Brais son dous mozos e d\u00faas mozas nacionalistas de Redondela [...]","og_url":"https:\/\/www.anovapeneira.gal\/index.php\/2019\/12\/23\/as-mocidades-do-bng-de-redondela\/","article_publisher":"https:\/\/www.facebook.com\/anovapeneira","article_published_time":"2019-12-23T13:00:58+00:00","og_image":[{"width":720,"height":432,"url":"https:\/\/www.anovapeneira.gal\/wp-content\/uploads\/2019\/12\/mocidade_bng_redondela_a_nova_peneira.jpg","type":"image\/jpeg"}],"author":"Marcos Santos","twitter_card":"summary_large_image","twitter_creator":"@APeneira","twitter_site":"@APeneira","twitter_misc":{"Escrito por":"Marcos Santos","Tempo de lectura":"4 minutos"},"schema":{"@context":"https:\/\/schema.org","@graph":[{"@type":"Article","@id":"https:\/\/www.anovapeneira.gal\/index.php\/2019\/12\/23\/as-mocidades-do-bng-de-redondela\/#article","isPartOf":{"@id":"https:\/\/www.anovapeneira.gal\/index.php\/2019\/12\/23\/as-mocidades-do-bng-de-redondela\/"},"author":{"name":"Marcos Santos","@id":"https:\/\/www.anovapeneira.gal\/#\/schema\/person\/d9d84823564720e7593293bab054e52d"},"headline":"As mocidades do BNG de Redondela","datePublished":"2019-12-23T13:00:58+00:00","mainEntityOfPage":{"@id":"https:\/\/www.anovapeneira.gal\/index.php\/2019\/12\/23\/as-mocidades-do-bng-de-redondela\/"},"wordCount":784,"commentCount":0,"publisher":{"@id":"https:\/\/www.anovapeneira.gal\/#organization"},"image":{"@id":"https:\/\/www.anovapeneira.gal\/index.php\/2019\/12\/23\/as-mocidades-do-bng-de-redondela\/#primaryimage"},"thumbnailUrl":"https:\/\/www.anovapeneira.gal\/wp-content\/uploads\/2019\/12\/mocidade_bng_redondela_a_nova_peneira.jpg","keywords":["BNG","Concello de Redondela"],"articleSection":["Redondela"],"inLanguage":"gl-ES","potentialAction":[{"@type":"CommentAction","name":"Comment","target":["https:\/\/www.anovapeneira.gal\/index.php\/2019\/12\/23\/as-mocidades-do-bng-de-redondela\/#respond"]}]},{"@type":"WebPage","@id":"https:\/\/www.anovapeneira.gal\/index.php\/2019\/12\/23\/as-mocidades-do-bng-de-redondela\/","url":"https:\/\/www.anovapeneira.gal\/index.php\/2019\/12\/23\/as-mocidades-do-bng-de-redondela\/","name":"As mocidades do BNG de Redondela -","isPartOf":{"@id":"https:\/\/www.anovapeneira.gal\/#website"},"primaryImageOfPage":{"@id":"https:\/\/www.anovapeneira.gal\/index.php\/2019\/12\/23\/as-mocidades-do-bng-de-redondela\/#primaryimage"},"image":{"@id":"https:\/\/www.anovapeneira.gal\/index.php\/2019\/12\/23\/as-mocidades-do-bng-de-redondela\/#primaryimage"},"thumbnailUrl":"https:\/\/www.anovapeneira.gal\/wp-content\/uploads\/2019\/12\/mocidade_bng_redondela_a_nova_peneira.jpg","datePublished":"2019-12-23T13:00:58+00:00","breadcrumb":{"@id":"https:\/\/www.anovapeneira.gal\/index.php\/2019\/12\/23\/as-mocidades-do-bng-de-redondela\/#breadcrumb"},"inLanguage":"gl-ES","potentialAction":[{"@type":"ReadAction","target":["https:\/\/www.anovapeneira.gal\/index.php\/2019\/12\/23\/as-mocidades-do-bng-de-redondela\/"]}]},{"@type":"ImageObject","inLanguage":"gl-ES","@id":"https:\/\/www.anovapeneira.gal\/index.php\/2019\/12\/23\/as-mocidades-do-bng-de-redondela\/#primaryimage","url":"https:\/\/www.anovapeneira.gal\/wp-content\/uploads\/2019\/12\/mocidade_bng_redondela_a_nova_peneira.jpg","contentUrl":"https:\/\/www.anovapeneira.gal\/wp-content\/uploads\/2019\/12\/mocidade_bng_redondela_a_nova_peneira.jpg","width":720,"height":432,"caption":"BNG Redondela A Nova Peneira"},{"@type":"BreadcrumbList","@id":"https:\/\/www.anovapeneira.gal\/index.php\/2019\/12\/23\/as-mocidades-do-bng-de-redondela\/#breadcrumb","itemListElement":[{"@type":"ListItem","position":1,"name":"Portada","item":"https:\/\/www.anovapeneira.gal\/"},{"@type":"ListItem","position":2,"name":"As mocidades do BNG de Redondela"}]},{"@type":"WebSite","@id":"https:\/\/www.anovapeneira.gal\/#website","url":"https:\/\/www.anovapeneira.gal\/","name":"","description":"Xornal galego de informaci\u00f3n xeral Publicaci\u00f3n mensual de novas de Galicia e en especial dos Concellos da sur da provincia de Pontevedra.","publisher":{"@id":"https:\/\/www.anovapeneira.gal\/#organization"},"potentialAction":[{"@type":"SearchAction","target":{"@type":"EntryPoint","urlTemplate":"https:\/\/www.anovapeneira.gal\/?s={search_term_string}"},"query-input":{"@type":"PropertyValueSpecification","valueRequired":true,"valueName":"search_term_string"}}],"inLanguage":"gl-ES"},{"@type":"Organization","@id":"https:\/\/www.anovapeneira.gal\/#organization","name":"A Nova Peneira","url":"https:\/\/www.anovapeneira.gal\/","logo":{"@type":"ImageObject","inLanguage":"gl-ES","@id":"https:\/\/www.anovapeneira.gal\/#\/schema\/logo\/image\/","url":"http:\/\/www.anovapeneira.gal\/wp-content\/uploads\/2019\/06\/logo_a_nova_peneira_portal_web.png","contentUrl":"http:\/\/www.anovapeneira.gal\/wp-content\/uploads\/2019\/06\/logo_a_nova_peneira_portal_web.png","width":300,"height":100,"caption":"A Nova Peneira"},"image":{"@id":"https:\/\/www.anovapeneira.gal\/#\/schema\/logo\/image\/"},"sameAs":["https:\/\/www.facebook.com\/anovapeneira","https:\/\/x.com\/APeneira"]},{"@type":"Person","@id":"https:\/\/www.anovapeneira.gal\/#\/schema\/person\/d9d84823564720e7593293bab054e52d","name":"Marcos Santos","image":{"@type":"ImageObject","inLanguage":"gl-ES","@id":"https:\/\/secure.gravatar.com\/avatar\/0e8017099a7a47c0a9d2275e865fe326484561eb3d70649069e4b8e61a8d2e8c?s=96&d=mm&r=g","url":"https:\/\/secure.gravatar.com\/avatar\/0e8017099a7a47c0a9d2275e865fe326484561eb3d70649069e4b8e61a8d2e8c?s=96&d=mm&r=g","contentUrl":"https:\/\/secure.gravatar.com\/avatar\/0e8017099a7a47c0a9d2275e865fe326484561eb3d70649069e4b8e61a8d2e8c?s=96&d=mm&r=g","caption":"Marcos Santos"},"sameAs":["http:\/\/anovapeneira.gal"],"url":"https:\/\/www.anovapeneira.gal\/index.php\/author\/marcos-santos\/"}]}},"jetpack_featured_media_url":"https:\/\/www.anovapeneira.gal\/wp-content\/uploads\/2019\/12\/mocidade_bng_redondela_a_nova_peneira.jpg","_links":{"self":[{"href":"https:\/\/www.anovapeneira.gal\/index.php\/wp-json\/wp\/v2\/posts\/2092","targetHints":{"allow":["GET"]}}],"collection":[{"href":"https:\/\/www.anovapeneira.gal\/index.php\/wp-json\/wp\/v2\/posts"}],"about":[{"href":"https:\/\/www.anovapeneira.gal\/index.php\/wp-json\/wp\/v2\/types\/post"}],"author":[{"embeddable":true,"href":"https:\/\/www.anovapeneira.gal\/index.php\/wp-json\/wp\/v2\/users\/6"}],"replies":[{"embeddable":true,"href":"https:\/\/www.anovapeneira.gal\/index.php\/wp-json\/wp\/v2\/comments?post=2092"}],"version-history":[{"count":1,"href":"https:\/\/www.anovapeneira.gal\/index.php\/wp-json\/wp\/v2\/posts\/2092\/revisions"}],"predecessor-version":[{"id":2093,"href":"https:\/\/www.anovapeneira.gal\/index.php\/wp-json\/wp\/v2\/posts\/2092\/revisions\/2093"}],"wp:featuredmedia":[{"embeddable":true,"href":"https:\/\/www.anovapeneira.gal\/index.php\/wp-json\/wp\/v2\/media\/2081"}],"wp:attachment":[{"href":"https:\/\/www.anovapeneira.gal\/index.php\/wp-json\/wp\/v2\/media?parent=2092"}],"wp:term":[{"taxonomy":"category","embeddable":true,"href":"https:\/\/www.anovapeneira.gal\/index.php\/wp-json\/wp\/v2\/categories?post=2092"},{"taxonomy":"post_tag","embeddable":true,"href":"https:\/\/www.anovapeneira.gal\/index.php\/wp-json\/wp\/v2\/tags?post=2092"}],"curies":[{"name":"wp","href":"https:\/\/api.w.org\/{rel}","templated":true}]}}