{"id":2104,"date":"2019-12-25T12:00:53","date_gmt":"2019-12-25T11:00:53","guid":{"rendered":"http:\/\/www.anovapeneira.gal\/?p=2104"},"modified":"2019-12-22T21:51:52","modified_gmt":"2019-12-22T20:51:52","slug":"o-musico-pedro-iturralde-deleita-a-redondela","status":"publish","type":"post","link":"https:\/\/www.anovapeneira.gal\/index.php\/2019\/12\/25\/o-musico-pedro-iturralde-deleita-a-redondela\/","title":{"rendered":"O m\u00fasico Pedro Iturralde deleita a Redondela"},"content":{"rendered":"\n<h2 class=\"wp-block-heading\"><strong>Pedro\nIturralde \u00e9 un m\u00fasico navarro de Jazz do m\u00e1ximo nivel mundial.\nNaceu no ano 1.929, e con 90 anos a\u00ednda ten a forza f\u00edsica e mental\nsuficiente para facernos gozar cos seus concertos. Catedr\u00e1tico do\nREAL CONSERVATORIO SUPERIOR DE M\u00daSICA DE MADRID onde ensinou saxof\u00f3n\ndesde 1.978 ata a s\u00faa xubilaci\u00f3n en 1.994, \u00e9 o \u00fanico espa\u00f1ol,\nxunto con Tet\u00e9 Montoliu inclu\u00eddo no dicionario de Jazz de Larousse.\nRecentemente Pedro tocou en Redondela, e A Nova Peneira non pod\u00eda\ndesaproveitar a ocasi\u00f3n para falar con el<\/strong><\/h2>\n\n\n\n<p>\u201c<strong>TODAS\nAS MI\u00d1AS COMPOSICI\u00d3NS EST\u00c1N NA MI\u00d1A CABEZA DESDE O MINUTO 0\u201d<\/strong><\/p>\n\n\n\n<p><strong>Como \u00e9 que temos o\npracer de gozar da t\u00faa compa\u00f1\u00eda en Redondela?<\/strong><\/p>\n\n\n\n<blockquote class=\"wp-block-quote is-layout-flow wp-block-quote-is-layout-flow\"><p>Co\u00f1ezo a Elisa (directora e percusora da orquestra de saxos) , e xa toquei aqu\u00ed m\u00e1is veces  e agardo que non sexa a \u00faltima, xa que estou encantado de poder tocar en Redondela<\/p><\/blockquote>\n\n\n\n<p><strong>F\u00e1lanos de ti, onde\nnaciches? <\/strong>\n<\/p>\n\n\n\n<blockquote class=\"wp-block-quote is-layout-flow wp-block-quote-is-layout-flow\"><p>Pois mira eu nac\u00edn en Navarra, e con sete anos tocaba o saxo pero tam\u00e9n aprend\u00edn a tocar a guitarra e o viol\u00edn<\/p><\/blockquote>\n\n\n\n<p><strong>Logo es un autodidacta\nda m\u00fasica coma Mozart no piano, por po\u00f1er un exemplo&#8230;<\/strong><\/p>\n\n\n\n<blockquote class=\"wp-block-quote is-layout-flow wp-block-quote-is-layout-flow\"><p>Non quero facer comparaci\u00f3ns con ningu\u00e9n, comecei de moi novo na m\u00fasica. O Meu pai era m\u00fasico por natureza e mui\u00f1eiro de profesi\u00f3n  tocaba moi ben, e del fun aprendendo. Era director dunha banda sempre me ensinaba e corrix\u00eda cando non o fac\u00eda ben, e como era moi querido polos nenos da banda todos me ensinaban.<\/p><\/blockquote>\n\n\n\n<p><strong>\u00c9 vostede pioneiro no\nJazz en Espa\u00f1a non si?<\/strong><\/p>\n\n\n\n<blockquote class=\"wp-block-quote is-layout-flow wp-block-quote-is-layout-flow\"><p>O Jazz era daquela unha m\u00fasica de baile, hab\u00eda cantantes bo\u00edsimos de Blues. Cando co\u00f1ec\u00edn a escala do Blues que \u00e9 moi diferente a que co\u00f1ecemos de Do, Re, Mi, Fa, Sol, La, Si, Do; escala principal en Europa e Am\u00e9rica. Ao sentirse en liberdade as cantantes de Blues reun\u00edanse na praza do Congo e al\u00ed se formaron e se deron a co\u00f1ecer os m\u00fasicos de Jazz.<\/p><\/blockquote>\n\n\n\n<blockquote class=\"wp-block-quote is-layout-flow wp-block-quote-is-layout-flow\"><p>O meu primeiro \u00eddolo foi un saxofonista chamado Colermo hopkins que fac\u00eda unhas improvisaci\u00f3ns de solos que eran unha obra de arte.<\/p><\/blockquote>\n\n\n\n<p><strong>E que o Jazz e\nimprovisaci\u00f3n dentro duns par\u00e1metros non?<\/strong><\/p>\n\n\n\n<blockquote class=\"wp-block-quote is-layout-flow wp-block-quote-is-layout-flow\"><p>A improvisaci\u00f3n \u00e9 unha creaci\u00f3n musical  espont\u00e1nea pero sobre unha estrutura r\u00edtmico-harm\u00f3nica determinada.<\/p><\/blockquote>\n\n\n\n<p><strong>Entendo que se o Jazz \u00e9\nimprovisaci\u00f3n \u00e9 moi complicado gravar un disco, pois nunca ser\u00eda\nigual o directo que o gravado<\/strong><\/p>\n\n\n\n<blockquote class=\"wp-block-quote is-layout-flow wp-block-quote-is-layout-flow\"><p>Realmente os m\u00fasicos de Jazz sabemos improvisar dentro da melod\u00eda Sol, Si, Do, Do iso crea compases dentro dunha  harmon\u00eda, a improvisaci\u00f3n \u00e9 tocar unha melod\u00eda improvisadamente  <\/p><\/blockquote>\n\n\n\n<p><strong>Vostede e pioneiro da\nfusi\u00f3n Jazz-flamenco&#8230;<\/strong><\/p>\n\n\n\n<blockquote class=\"wp-block-quote is-layout-flow wp-block-quote-is-layout-flow\"><p>A min g\u00fastame a musica popular de todas as zonas  de Espa\u00f1a de feito tentei facer algo coa m\u00fasica de Navarra. O primeiro disco que fixen quixen  chamalo Jazz-flamenco, era tocar cousas do flamenco pero cos sentimentos e ritmos do Jazz. Paco de Luc\u00eda fixo o mesmo.<\/p><\/blockquote>\n\n\n\n<p><strong>Ala polos 90 Bebo\nVald\u00e9s e o Cigala fixeron unha fusi\u00f3n de Jazz-flamenco cantada, a\nvostede gustoulle esa versi\u00f3n?<\/strong><\/p>\n\n\n\n<blockquote class=\"wp-block-quote is-layout-flow wp-block-quote-is-layout-flow\"><p>Claro que si, por que non? non co\u00f1ec\u00edan o jazz e fixeron unha versi\u00f3n de flamenco-Jazz, eu fac\u00eda Jazz-flamenco.<\/p><\/blockquote>\n\n\n\n<p><strong>Daquela foi unha\nrevoluci\u00f3n&#8230;<\/strong><\/p>\n\n\n\n<blockquote class=\"wp-block-quote is-layout-flow wp-block-quote-is-layout-flow\"><p>Eu te\u00f1o a impresi\u00f3n de que xa daquela a xente co\u00f1ec\u00eda o Jazz e o flamenco, veu que desa a uni\u00f3n funcionou ben. A m\u00fasica tam\u00e9n e sentir doutro xeito, o flamenco tam\u00e9n \u00e9 profundo. O mellor que eu fixen foi unha das canci\u00f3ns populares de Garc\u00eda Lorca, toqueina como Jazz con rumba xitana. \u00c9 flamenco pola esca pero cun acorde funciona como Jazz.<\/p><\/blockquote>\n\n\n\n<p><strong>Cree vostede que logo\nde percorrer tantos pa\u00edses, co idioma da m\u00fasica poderiamos\nentendernos ben?<\/strong><\/p>\n\n\n\n<blockquote class=\"wp-block-quote is-layout-flow wp-block-quote-is-layout-flow\"><p>Para entendernos todos teriamos que co\u00f1ecer o idioma, coa m\u00fasica \u00e9 diferente. A m\u00fasica son unhas notas que todos co\u00f1ecemos e que fan o papel de unir culturas.<\/p><\/blockquote>\n\n\n\n<p><strong>Creou obras de moi novo\ncal foi a primeira<\/strong><\/p>\n\n\n\n<blockquote class=\"wp-block-quote is-layout-flow wp-block-quote-is-layout-flow\"><p>A pequena Sharda, esta  f\u00edxena  de moi novi\u00f1o, normalmente as compo\u00f1o para Saxo e Piano<\/p><\/blockquote>\n\n\n\n<p><strong>E como se fai para que\nas obras que vostede comp\u00f3n soen tam\u00e9n en calquera instrumento?<\/strong><\/p>\n\n\n\n<blockquote class=\"wp-block-quote is-layout-flow wp-block-quote-is-layout-flow\"><p>Cando comp\u00f3s un tema primeiro pensas no instrumento e logo vas engadindo, corda, percusi\u00f3n, metais ata que chegas \u00e1 maior que \u00e9 a sinf\u00f3nica<strong>.<\/strong><\/p><\/blockquote>\n\n\n\n<p><strong>Pero est\u00e1 todo na s\u00faa\ncabeza ou?<\/strong><\/p>\n\n\n\n<blockquote class=\"wp-block-quote is-layout-flow wp-block-quote-is-layout-flow\"><p>Si as\u00ed \u00e9, dende o momento cero<\/p><\/blockquote>\n\n\n\n<p><strong>Hoxe na vila temos un\ngrande tocando con outros grandes como son a orquestra de Saxos e\nAberto Vilas&#8230;<\/strong><\/p>\n\n\n\n<blockquote class=\"wp-block-quote is-layout-flow wp-block-quote-is-layout-flow\"><p>Para min \u00e9 un pracer dobre tocar con un pianista como  Alberto e cunha  orquestra de Saxos como a que dirixe Elisa  <\/p><\/blockquote>\n\n\n\n<p><strong>Cree vostede, para\nrematar, si aos xoves talentos se lle dan facilidades para\ndesenvolver o seu traballo poder\u00edan aparecer m\u00e1is e mellore m\u00fasicos\n?<\/strong><\/p>\n\n\n\n<blockquote class=\"wp-block-quote is-layout-flow wp-block-quote-is-layout-flow\"><p>Eu coido que a m\u00fasica nace dentro de un e iso ten que flu\u00edr sexa con facilidades ou sen  elas con mestres ou sen eles .  <\/p><\/blockquote>\n","protected":false},"excerpt":{"rendered":"<div class=\"mh-excerpt\"><p>Pedro Iturralde \u00e9 un m\u00fasico navarro de Jazz do m\u00e1ximo nivel mundial <a class=\"mh-excerpt-more\" href=\"https:\/\/www.anovapeneira.gal\/index.php\/2019\/12\/25\/o-musico-pedro-iturralde-deleita-a-redondela\/\" title=\"O m\u00fasico Pedro Iturralde deleita a Redondela\">[&#8230;]<\/a><\/p>\n<\/div>","protected":false},"author":3,"featured_media":2083,"comment_status":"open","ping_status":"open","sticky":false,"template":"","format":"standard","meta":{"_exactmetrics_skip_tracking":false,"_exactmetrics_sitenote_active":false,"_exactmetrics_sitenote_note":"","_exactmetrics_sitenote_category":0,"footnotes":""},"categories":[270],"tags":[171,206,865],"class_list":{"0":"post-2104","1":"post","2":"type-post","3":"status-publish","4":"format-standard","5":"has-post-thumbnail","7":"category-redondela-entrevistas","8":"tag-concello-de-redondela","9":"tag-jazz","10":"tag-pedro-iturralde"},"yoast_head":"<!-- This site is optimized with the Yoast SEO plugin v27.4 - https:\/\/yoast.com\/product\/yoast-seo-wordpress\/ -->\n<title>O m\u00fasico Pedro Iturralde deleita a Redondela -<\/title>\n<meta name=\"robots\" content=\"index, follow, max-snippet:-1, max-image-preview:large, max-video-preview:-1\" \/>\n<link rel=\"canonical\" href=\"https:\/\/www.anovapeneira.gal\/index.php\/2019\/12\/25\/o-musico-pedro-iturralde-deleita-a-redondela\/\" \/>\n<meta property=\"og:locale\" content=\"gl_ES\" \/>\n<meta property=\"og:type\" content=\"article\" \/>\n<meta property=\"og:title\" content=\"O m\u00fasico Pedro Iturralde deleita a Redondela -\" \/>\n<meta property=\"og:description\" content=\"Pedro Iturralde \u00e9 un m\u00fasico navarro de Jazz do m\u00e1ximo nivel mundial [...]\" \/>\n<meta property=\"og:url\" content=\"https:\/\/www.anovapeneira.gal\/index.php\/2019\/12\/25\/o-musico-pedro-iturralde-deleita-a-redondela\/\" \/>\n<meta property=\"article:publisher\" content=\"https:\/\/www.facebook.com\/anovapeneira\" \/>\n<meta property=\"article:published_time\" content=\"2019-12-25T11:00:53+00:00\" \/>\n<meta property=\"og:image\" content=\"https:\/\/www.anovapeneira.gal\/wp-content\/uploads\/2019\/12\/pedro_iturralde_entrevista_a_nova_peneira.jpg\" \/>\n\t<meta property=\"og:image:width\" content=\"720\" \/>\n\t<meta property=\"og:image:height\" content=\"432\" \/>\n\t<meta property=\"og:image:type\" content=\"image\/jpeg\" \/>\n<meta name=\"author\" content=\"Redacci\u00f3n A Nova Peneira\" \/>\n<meta name=\"twitter:card\" content=\"summary_large_image\" \/>\n<meta name=\"twitter:creator\" content=\"@APeneira\" \/>\n<meta name=\"twitter:site\" content=\"@APeneira\" \/>\n<meta name=\"twitter:label1\" content=\"Escrito por\" \/>\n\t<meta name=\"twitter:data1\" content=\"Redacci\u00f3n A Nova Peneira\" \/>\n\t<meta name=\"twitter:label2\" content=\"Tempo de lectura\" \/>\n\t<meta name=\"twitter:data2\" content=\"4 minutos\" \/>\n<script type=\"application\/ld+json\" class=\"yoast-schema-graph\">{\"@context\":\"https:\\\/\\\/schema.org\",\"@graph\":[{\"@type\":\"Article\",\"@id\":\"https:\\\/\\\/www.anovapeneira.gal\\\/index.php\\\/2019\\\/12\\\/25\\\/o-musico-pedro-iturralde-deleita-a-redondela\\\/#article\",\"isPartOf\":{\"@id\":\"https:\\\/\\\/www.anovapeneira.gal\\\/index.php\\\/2019\\\/12\\\/25\\\/o-musico-pedro-iturralde-deleita-a-redondela\\\/\"},\"author\":{\"name\":\"Redacci\u00f3n A Nova Peneira\",\"@id\":\"https:\\\/\\\/www.anovapeneira.gal\\\/#\\\/schema\\\/person\\\/b93e3f8932e3f8da96334607eb6ac6aa\"},\"headline\":\"O m\u00fasico Pedro Iturralde deleita a Redondela\",\"datePublished\":\"2019-12-25T11:00:53+00:00\",\"mainEntityOfPage\":{\"@id\":\"https:\\\/\\\/www.anovapeneira.gal\\\/index.php\\\/2019\\\/12\\\/25\\\/o-musico-pedro-iturralde-deleita-a-redondela\\\/\"},\"wordCount\":873,\"commentCount\":0,\"publisher\":{\"@id\":\"https:\\\/\\\/www.anovapeneira.gal\\\/#organization\"},\"image\":{\"@id\":\"https:\\\/\\\/www.anovapeneira.gal\\\/index.php\\\/2019\\\/12\\\/25\\\/o-musico-pedro-iturralde-deleita-a-redondela\\\/#primaryimage\"},\"thumbnailUrl\":\"https:\\\/\\\/www.anovapeneira.gal\\\/wp-content\\\/uploads\\\/2019\\\/12\\\/pedro_iturralde_entrevista_a_nova_peneira.jpg\",\"keywords\":[\"Concello de Redondela\",\"Jazz\",\"Pedro Iturralde\"],\"articleSection\":[\"Redondela\"],\"inLanguage\":\"gl-ES\",\"potentialAction\":[{\"@type\":\"CommentAction\",\"name\":\"Comment\",\"target\":[\"https:\\\/\\\/www.anovapeneira.gal\\\/index.php\\\/2019\\\/12\\\/25\\\/o-musico-pedro-iturralde-deleita-a-redondela\\\/#respond\"]}]},{\"@type\":\"WebPage\",\"@id\":\"https:\\\/\\\/www.anovapeneira.gal\\\/index.php\\\/2019\\\/12\\\/25\\\/o-musico-pedro-iturralde-deleita-a-redondela\\\/\",\"url\":\"https:\\\/\\\/www.anovapeneira.gal\\\/index.php\\\/2019\\\/12\\\/25\\\/o-musico-pedro-iturralde-deleita-a-redondela\\\/\",\"name\":\"O m\u00fasico Pedro Iturralde deleita a Redondela -\",\"isPartOf\":{\"@id\":\"https:\\\/\\\/www.anovapeneira.gal\\\/#website\"},\"primaryImageOfPage\":{\"@id\":\"https:\\\/\\\/www.anovapeneira.gal\\\/index.php\\\/2019\\\/12\\\/25\\\/o-musico-pedro-iturralde-deleita-a-redondela\\\/#primaryimage\"},\"image\":{\"@id\":\"https:\\\/\\\/www.anovapeneira.gal\\\/index.php\\\/2019\\\/12\\\/25\\\/o-musico-pedro-iturralde-deleita-a-redondela\\\/#primaryimage\"},\"thumbnailUrl\":\"https:\\\/\\\/www.anovapeneira.gal\\\/wp-content\\\/uploads\\\/2019\\\/12\\\/pedro_iturralde_entrevista_a_nova_peneira.jpg\",\"datePublished\":\"2019-12-25T11:00:53+00:00\",\"breadcrumb\":{\"@id\":\"https:\\\/\\\/www.anovapeneira.gal\\\/index.php\\\/2019\\\/12\\\/25\\\/o-musico-pedro-iturralde-deleita-a-redondela\\\/#breadcrumb\"},\"inLanguage\":\"gl-ES\",\"potentialAction\":[{\"@type\":\"ReadAction\",\"target\":[\"https:\\\/\\\/www.anovapeneira.gal\\\/index.php\\\/2019\\\/12\\\/25\\\/o-musico-pedro-iturralde-deleita-a-redondela\\\/\"]}]},{\"@type\":\"ImageObject\",\"inLanguage\":\"gl-ES\",\"@id\":\"https:\\\/\\\/www.anovapeneira.gal\\\/index.php\\\/2019\\\/12\\\/25\\\/o-musico-pedro-iturralde-deleita-a-redondela\\\/#primaryimage\",\"url\":\"https:\\\/\\\/www.anovapeneira.gal\\\/wp-content\\\/uploads\\\/2019\\\/12\\\/pedro_iturralde_entrevista_a_nova_peneira.jpg\",\"contentUrl\":\"https:\\\/\\\/www.anovapeneira.gal\\\/wp-content\\\/uploads\\\/2019\\\/12\\\/pedro_iturralde_entrevista_a_nova_peneira.jpg\",\"width\":720,\"height\":432,\"caption\":\"Pedro Iturralde A Nova Peneira\"},{\"@type\":\"BreadcrumbList\",\"@id\":\"https:\\\/\\\/www.anovapeneira.gal\\\/index.php\\\/2019\\\/12\\\/25\\\/o-musico-pedro-iturralde-deleita-a-redondela\\\/#breadcrumb\",\"itemListElement\":[{\"@type\":\"ListItem\",\"position\":1,\"name\":\"Portada\",\"item\":\"https:\\\/\\\/www.anovapeneira.gal\\\/\"},{\"@type\":\"ListItem\",\"position\":2,\"name\":\"O m\u00fasico Pedro Iturralde deleita a Redondela\"}]},{\"@type\":\"WebSite\",\"@id\":\"https:\\\/\\\/www.anovapeneira.gal\\\/#website\",\"url\":\"https:\\\/\\\/www.anovapeneira.gal\\\/\",\"name\":\"\",\"description\":\"Xornal galego de informaci\u00f3n xeral Publicaci\u00f3n mensual de novas de Galicia e en especial dos Concellos da sur da provincia de Pontevedra.\",\"publisher\":{\"@id\":\"https:\\\/\\\/www.anovapeneira.gal\\\/#organization\"},\"potentialAction\":[{\"@type\":\"SearchAction\",\"target\":{\"@type\":\"EntryPoint\",\"urlTemplate\":\"https:\\\/\\\/www.anovapeneira.gal\\\/?s={search_term_string}\"},\"query-input\":{\"@type\":\"PropertyValueSpecification\",\"valueRequired\":true,\"valueName\":\"search_term_string\"}}],\"inLanguage\":\"gl-ES\"},{\"@type\":\"Organization\",\"@id\":\"https:\\\/\\\/www.anovapeneira.gal\\\/#organization\",\"name\":\"A Nova Peneira\",\"url\":\"https:\\\/\\\/www.anovapeneira.gal\\\/\",\"logo\":{\"@type\":\"ImageObject\",\"inLanguage\":\"gl-ES\",\"@id\":\"https:\\\/\\\/www.anovapeneira.gal\\\/#\\\/schema\\\/logo\\\/image\\\/\",\"url\":\"http:\\\/\\\/www.anovapeneira.gal\\\/wp-content\\\/uploads\\\/2019\\\/06\\\/logo_a_nova_peneira_portal_web.png\",\"contentUrl\":\"http:\\\/\\\/www.anovapeneira.gal\\\/wp-content\\\/uploads\\\/2019\\\/06\\\/logo_a_nova_peneira_portal_web.png\",\"width\":300,\"height\":100,\"caption\":\"A Nova Peneira\"},\"image\":{\"@id\":\"https:\\\/\\\/www.anovapeneira.gal\\\/#\\\/schema\\\/logo\\\/image\\\/\"},\"sameAs\":[\"https:\\\/\\\/www.facebook.com\\\/anovapeneira\",\"https:\\\/\\\/x.com\\\/APeneira\"]},{\"@type\":\"Person\",\"@id\":\"https:\\\/\\\/www.anovapeneira.gal\\\/#\\\/schema\\\/person\\\/b93e3f8932e3f8da96334607eb6ac6aa\",\"name\":\"Redacci\u00f3n A Nova Peneira\",\"image\":{\"@type\":\"ImageObject\",\"inLanguage\":\"gl-ES\",\"@id\":\"https:\\\/\\\/secure.gravatar.com\\\/avatar\\\/c052a2551a06e23fac63626232eaa90abd78dbcf1700fc46a2b2c89fd27b735f?s=96&d=mm&r=g\",\"url\":\"https:\\\/\\\/secure.gravatar.com\\\/avatar\\\/c052a2551a06e23fac63626232eaa90abd78dbcf1700fc46a2b2c89fd27b735f?s=96&d=mm&r=g\",\"contentUrl\":\"https:\\\/\\\/secure.gravatar.com\\\/avatar\\\/c052a2551a06e23fac63626232eaa90abd78dbcf1700fc46a2b2c89fd27b735f?s=96&d=mm&r=g\",\"caption\":\"Redacci\u00f3n A Nova Peneira\"},\"sameAs\":[\"http:\\\/\\\/www.anovapeneira.gal\\\/\"],\"url\":\"https:\\\/\\\/www.anovapeneira.gal\\\/index.php\\\/author\\\/redactor\\\/\"}]}<\/script>\n<!-- \/ Yoast SEO plugin. -->","yoast_head_json":{"title":"O m\u00fasico Pedro Iturralde deleita a Redondela -","robots":{"index":"index","follow":"follow","max-snippet":"max-snippet:-1","max-image-preview":"max-image-preview:large","max-video-preview":"max-video-preview:-1"},"canonical":"https:\/\/www.anovapeneira.gal\/index.php\/2019\/12\/25\/o-musico-pedro-iturralde-deleita-a-redondela\/","og_locale":"gl_ES","og_type":"article","og_title":"O m\u00fasico Pedro Iturralde deleita a Redondela -","og_description":"Pedro Iturralde \u00e9 un m\u00fasico navarro de Jazz do m\u00e1ximo nivel mundial [...]","og_url":"https:\/\/www.anovapeneira.gal\/index.php\/2019\/12\/25\/o-musico-pedro-iturralde-deleita-a-redondela\/","article_publisher":"https:\/\/www.facebook.com\/anovapeneira","article_published_time":"2019-12-25T11:00:53+00:00","og_image":[{"width":720,"height":432,"url":"https:\/\/www.anovapeneira.gal\/wp-content\/uploads\/2019\/12\/pedro_iturralde_entrevista_a_nova_peneira.jpg","type":"image\/jpeg"}],"author":"Redacci\u00f3n A Nova Peneira","twitter_card":"summary_large_image","twitter_creator":"@APeneira","twitter_site":"@APeneira","twitter_misc":{"Escrito por":"Redacci\u00f3n A Nova Peneira","Tempo de lectura":"4 minutos"},"schema":{"@context":"https:\/\/schema.org","@graph":[{"@type":"Article","@id":"https:\/\/www.anovapeneira.gal\/index.php\/2019\/12\/25\/o-musico-pedro-iturralde-deleita-a-redondela\/#article","isPartOf":{"@id":"https:\/\/www.anovapeneira.gal\/index.php\/2019\/12\/25\/o-musico-pedro-iturralde-deleita-a-redondela\/"},"author":{"name":"Redacci\u00f3n A Nova Peneira","@id":"https:\/\/www.anovapeneira.gal\/#\/schema\/person\/b93e3f8932e3f8da96334607eb6ac6aa"},"headline":"O m\u00fasico Pedro Iturralde deleita a Redondela","datePublished":"2019-12-25T11:00:53+00:00","mainEntityOfPage":{"@id":"https:\/\/www.anovapeneira.gal\/index.php\/2019\/12\/25\/o-musico-pedro-iturralde-deleita-a-redondela\/"},"wordCount":873,"commentCount":0,"publisher":{"@id":"https:\/\/www.anovapeneira.gal\/#organization"},"image":{"@id":"https:\/\/www.anovapeneira.gal\/index.php\/2019\/12\/25\/o-musico-pedro-iturralde-deleita-a-redondela\/#primaryimage"},"thumbnailUrl":"https:\/\/www.anovapeneira.gal\/wp-content\/uploads\/2019\/12\/pedro_iturralde_entrevista_a_nova_peneira.jpg","keywords":["Concello de Redondela","Jazz","Pedro Iturralde"],"articleSection":["Redondela"],"inLanguage":"gl-ES","potentialAction":[{"@type":"CommentAction","name":"Comment","target":["https:\/\/www.anovapeneira.gal\/index.php\/2019\/12\/25\/o-musico-pedro-iturralde-deleita-a-redondela\/#respond"]}]},{"@type":"WebPage","@id":"https:\/\/www.anovapeneira.gal\/index.php\/2019\/12\/25\/o-musico-pedro-iturralde-deleita-a-redondela\/","url":"https:\/\/www.anovapeneira.gal\/index.php\/2019\/12\/25\/o-musico-pedro-iturralde-deleita-a-redondela\/","name":"O m\u00fasico Pedro Iturralde deleita a Redondela -","isPartOf":{"@id":"https:\/\/www.anovapeneira.gal\/#website"},"primaryImageOfPage":{"@id":"https:\/\/www.anovapeneira.gal\/index.php\/2019\/12\/25\/o-musico-pedro-iturralde-deleita-a-redondela\/#primaryimage"},"image":{"@id":"https:\/\/www.anovapeneira.gal\/index.php\/2019\/12\/25\/o-musico-pedro-iturralde-deleita-a-redondela\/#primaryimage"},"thumbnailUrl":"https:\/\/www.anovapeneira.gal\/wp-content\/uploads\/2019\/12\/pedro_iturralde_entrevista_a_nova_peneira.jpg","datePublished":"2019-12-25T11:00:53+00:00","breadcrumb":{"@id":"https:\/\/www.anovapeneira.gal\/index.php\/2019\/12\/25\/o-musico-pedro-iturralde-deleita-a-redondela\/#breadcrumb"},"inLanguage":"gl-ES","potentialAction":[{"@type":"ReadAction","target":["https:\/\/www.anovapeneira.gal\/index.php\/2019\/12\/25\/o-musico-pedro-iturralde-deleita-a-redondela\/"]}]},{"@type":"ImageObject","inLanguage":"gl-ES","@id":"https:\/\/www.anovapeneira.gal\/index.php\/2019\/12\/25\/o-musico-pedro-iturralde-deleita-a-redondela\/#primaryimage","url":"https:\/\/www.anovapeneira.gal\/wp-content\/uploads\/2019\/12\/pedro_iturralde_entrevista_a_nova_peneira.jpg","contentUrl":"https:\/\/www.anovapeneira.gal\/wp-content\/uploads\/2019\/12\/pedro_iturralde_entrevista_a_nova_peneira.jpg","width":720,"height":432,"caption":"Pedro Iturralde A Nova Peneira"},{"@type":"BreadcrumbList","@id":"https:\/\/www.anovapeneira.gal\/index.php\/2019\/12\/25\/o-musico-pedro-iturralde-deleita-a-redondela\/#breadcrumb","itemListElement":[{"@type":"ListItem","position":1,"name":"Portada","item":"https:\/\/www.anovapeneira.gal\/"},{"@type":"ListItem","position":2,"name":"O m\u00fasico Pedro Iturralde deleita a Redondela"}]},{"@type":"WebSite","@id":"https:\/\/www.anovapeneira.gal\/#website","url":"https:\/\/www.anovapeneira.gal\/","name":"","description":"Xornal galego de informaci\u00f3n xeral Publicaci\u00f3n mensual de novas de Galicia e en especial dos Concellos da sur da provincia de Pontevedra.","publisher":{"@id":"https:\/\/www.anovapeneira.gal\/#organization"},"potentialAction":[{"@type":"SearchAction","target":{"@type":"EntryPoint","urlTemplate":"https:\/\/www.anovapeneira.gal\/?s={search_term_string}"},"query-input":{"@type":"PropertyValueSpecification","valueRequired":true,"valueName":"search_term_string"}}],"inLanguage":"gl-ES"},{"@type":"Organization","@id":"https:\/\/www.anovapeneira.gal\/#organization","name":"A Nova Peneira","url":"https:\/\/www.anovapeneira.gal\/","logo":{"@type":"ImageObject","inLanguage":"gl-ES","@id":"https:\/\/www.anovapeneira.gal\/#\/schema\/logo\/image\/","url":"http:\/\/www.anovapeneira.gal\/wp-content\/uploads\/2019\/06\/logo_a_nova_peneira_portal_web.png","contentUrl":"http:\/\/www.anovapeneira.gal\/wp-content\/uploads\/2019\/06\/logo_a_nova_peneira_portal_web.png","width":300,"height":100,"caption":"A Nova Peneira"},"image":{"@id":"https:\/\/www.anovapeneira.gal\/#\/schema\/logo\/image\/"},"sameAs":["https:\/\/www.facebook.com\/anovapeneira","https:\/\/x.com\/APeneira"]},{"@type":"Person","@id":"https:\/\/www.anovapeneira.gal\/#\/schema\/person\/b93e3f8932e3f8da96334607eb6ac6aa","name":"Redacci\u00f3n A Nova Peneira","image":{"@type":"ImageObject","inLanguage":"gl-ES","@id":"https:\/\/secure.gravatar.com\/avatar\/c052a2551a06e23fac63626232eaa90abd78dbcf1700fc46a2b2c89fd27b735f?s=96&d=mm&r=g","url":"https:\/\/secure.gravatar.com\/avatar\/c052a2551a06e23fac63626232eaa90abd78dbcf1700fc46a2b2c89fd27b735f?s=96&d=mm&r=g","contentUrl":"https:\/\/secure.gravatar.com\/avatar\/c052a2551a06e23fac63626232eaa90abd78dbcf1700fc46a2b2c89fd27b735f?s=96&d=mm&r=g","caption":"Redacci\u00f3n A Nova Peneira"},"sameAs":["http:\/\/www.anovapeneira.gal\/"],"url":"https:\/\/www.anovapeneira.gal\/index.php\/author\/redactor\/"}]}},"jetpack_featured_media_url":"https:\/\/www.anovapeneira.gal\/wp-content\/uploads\/2019\/12\/pedro_iturralde_entrevista_a_nova_peneira.jpg","_links":{"self":[{"href":"https:\/\/www.anovapeneira.gal\/index.php\/wp-json\/wp\/v2\/posts\/2104","targetHints":{"allow":["GET"]}}],"collection":[{"href":"https:\/\/www.anovapeneira.gal\/index.php\/wp-json\/wp\/v2\/posts"}],"about":[{"href":"https:\/\/www.anovapeneira.gal\/index.php\/wp-json\/wp\/v2\/types\/post"}],"author":[{"embeddable":true,"href":"https:\/\/www.anovapeneira.gal\/index.php\/wp-json\/wp\/v2\/users\/3"}],"replies":[{"embeddable":true,"href":"https:\/\/www.anovapeneira.gal\/index.php\/wp-json\/wp\/v2\/comments?post=2104"}],"version-history":[{"count":2,"href":"https:\/\/www.anovapeneira.gal\/index.php\/wp-json\/wp\/v2\/posts\/2104\/revisions"}],"predecessor-version":[{"id":2106,"href":"https:\/\/www.anovapeneira.gal\/index.php\/wp-json\/wp\/v2\/posts\/2104\/revisions\/2106"}],"wp:featuredmedia":[{"embeddable":true,"href":"https:\/\/www.anovapeneira.gal\/index.php\/wp-json\/wp\/v2\/media\/2083"}],"wp:attachment":[{"href":"https:\/\/www.anovapeneira.gal\/index.php\/wp-json\/wp\/v2\/media?parent=2104"}],"wp:term":[{"taxonomy":"category","embeddable":true,"href":"https:\/\/www.anovapeneira.gal\/index.php\/wp-json\/wp\/v2\/categories?post=2104"},{"taxonomy":"post_tag","embeddable":true,"href":"https:\/\/www.anovapeneira.gal\/index.php\/wp-json\/wp\/v2\/tags?post=2104"}],"curies":[{"name":"wp","href":"https:\/\/api.w.org\/{rel}","templated":true}]}}