{"id":2110,"date":"2019-12-26T10:00:44","date_gmt":"2019-12-26T09:00:44","guid":{"rendered":"http:\/\/www.anovapeneira.gal\/?p=2110"},"modified":"2019-12-26T10:06:50","modified_gmt":"2019-12-26T09:06:50","slug":"a-concelleria-de-alumeado-consigue-mais-de-tres-millons-de-euros-dos-fondos-europeos-feder","status":"publish","type":"post","link":"https:\/\/www.anovapeneira.gal\/index.php\/2019\/12\/26\/a-concelleria-de-alumeado-consigue-mais-de-tres-millons-de-euros-dos-fondos-europeos-feder\/","title":{"rendered":"A Conceller\u00eda de Alumeado\u00a0consigue m\u00e1is de tres mill\u00f3ns de euros dos fondos europeos FEDER"},"content":{"rendered":"\n<h2 class=\"wp-block-heading\"><strong>A\nconceller\u00eda de V\u00edas, Obras e Alumeado consigue o respaldo da Uni\u00f3n\nEuropea para a renovaci\u00f3n total das instalaci\u00f3ns do alumeado\nexterior<\/strong><\/h2>\n\n\n\n<h2 class=\"wp-block-heading\"><strong>Ponteareas\nconseguir\u00e1 un aforro enerx\u00e9tico do 83% cambiando un total de 7560\nluminarias e cambiando 155 cadros de mando<\/strong><\/h2>\n\n\n\n<p><strong> Ponteareas, 20 de decembro 2019<\/strong><\/p>\n\n\n\n<p>A\nconceller\u00eda de V\u00edas, Obras e Alumeado, que dirixe Chus Garrote\ninforma que Ponteareas consigue m\u00e1is de tres mill\u00f3ns de euros do\nInstituto para Diversificaci\u00f3n e o Aforro Enerx\u00e9tico (IDAE)\ndependente do Ministerio para a Transici\u00f3n Ecol\u00f3xica para a\nrenovaci\u00f3n total das instalaci\u00f3ns de alumeado exterior en todo o\nconcello.<\/p>\n\n\n\n<p>Chus\nGarrote explica que novamente Ponteareas v\u00e9n de conseguir o apoio e\na confianza do Ministerio e de Europa que subvencionar\u00e1n a trav\u00e9s\ndos Fondos Europeos de Desenvolvemento Rexional (FEDER) o cambio\ntotal de todo o alumeado tanto no casco urbano como no rural.<\/p>\n\n\n\n<p>O\nIDAE aceptou as catro propostas presentadas pola Conceller\u00eda de\nV\u00edas, Obras e Alumeado que suman 4.160.795\u20ac e concede a Ponteareas\n3.332.635,8 euros. Chus Garrote en nome de todo o goberno do BNG-PSOE\namosa a s\u00faa satisfacci\u00f3n por este importate apoio conseguindo nesta\nlexislatura que ven de comezar un respaldo econ\u00f3mico de grande\nenvergadura, \u201cna primeira lexislatura conseguimos os fondos da\nEDUSI para comezar a construir o futuro de cambio de Ponteareas,\nnesta teremos o apoio para executar o cambio no alumeado exterior na\ntotalidade do concello o que sup\u00f3n a mellora da seguridade vial ao\naumentar a visibilidade, un aforro enerx\u00e9tico importante e\ncontribuiremos na reduci\u00f3n de CO2 cami\u00f1ando sempre baixo a\nestratexia \u201cPonteareas, h\u00e1bitat saudable\u201d tam\u00e9n financiada con\nfondos FEDER\u201d.<\/p>\n\n\n\n<p>Ponteareas\npasar\u00e1 a unha econom\u00eda baixa en carbono co cambio do alumedo que se\nexecutar\u00e1 en catro fases para as que o IDAE aportar\u00e1 2.703.355\neuros para afrontar o cambio no rural e 629.280,80 euros para o\ncentro urbano.<\/p>\n\n\n\n<p>No\ncasco urbano actuar\u00e1 en&nbsp;<strong>1301\npuntos de luz substitu\u00edndo&nbsp;<\/strong>as\nactuais luminarias provistas con l\u00e1mpadas de baixo consumo,\nhaloxenuro, mercurio e sodio por luminarias LED m\u00e1is eficientes, e\nactualizando 28 cadros de mando para adaptalos \u00e1 normativa vixente.\nCon esta actuaci\u00f3n diminuirase a potencia de 170,35kW a 67,31kW e\nconseguirase un aforro enerx\u00e9tico do&nbsp;<strong>83,10%.<\/strong><\/p>\n\n\n\n<p><strong>No\nrural actuarase en 6.259 puntos de luz, en 127 cadros de mando e\nconseguirase un aforro enerx\u00e9tico dun 83%, <\/strong>dando\ncumprimento aos compromisos adquiridos coa veci\u00f1anza.<\/p>\n\n\n\n<p>Pola\ns\u00faa banda o concello ter\u00e1 que aportar preto dun mill\u00f3n de euros\npara completar o financiamento destes proxectos.<\/p>\n\n\n\n<p>Chus\nGarrote engade que nos vindeiros meses comezar\u00e1n a redacci\u00f3n dos\nproxectos e traballar\u00e1n de xeito transversal con todas as\nconceller\u00edas para executar obras planificadas capaces de dar un\nservizo \u00f3ptimo no futuro e que te\u00f1an sempre en conta as suxesti\u00f3ns\ne necesidades trasladadas pola veci\u00f1anza a trav\u00e9s de reuni\u00f3ns,\nachegas ou procesos participativos.<\/p>\n","protected":false},"excerpt":{"rendered":"<div class=\"mh-excerpt\"><p>A conceller\u00eda de V\u00edas, Obras e Alumeado consigue o respaldo da Uni\u00f3n Europea para a renovaci\u00f3n total das instalaci\u00f3ns do alumeado exterior <a class=\"mh-excerpt-more\" href=\"https:\/\/www.anovapeneira.gal\/index.php\/2019\/12\/26\/a-concelleria-de-alumeado-consigue-mais-de-tres-millons-de-euros-dos-fondos-europeos-feder\/\" title=\"A Conceller\u00eda de Alumeado\u00a0consigue m\u00e1is de tres mill\u00f3ns de euros dos fondos europeos FEDER\">[&#8230;]<\/a><\/p>\n<\/div>","protected":false},"author":3,"featured_media":2111,"comment_status":"open","ping_status":"open","sticky":false,"template":"","format":"standard","meta":{"_exactmetrics_skip_tracking":false,"_exactmetrics_sitenote_active":false,"_exactmetrics_sitenote_note":"","_exactmetrics_sitenote_category":0,"footnotes":""},"categories":[25],"tags":[870,208,869,868],"class_list":{"0":"post-2110","1":"post","2":"type-post","3":"status-publish","4":"format-standard","5":"has-post-thumbnail","7":"category-condado","8":"tag-alumeado","9":"tag-concello-de-ponteareas","10":"tag-obras","11":"tag-vias"},"yoast_head":"<!-- This site is optimized with the Yoast SEO plugin v27.4 - https:\/\/yoast.com\/product\/yoast-seo-wordpress\/ -->\n<title>A Conceller\u00eda de Alumeado\u00a0consigue m\u00e1is de tres mill\u00f3ns de euros dos fondos europeos FEDER -<\/title>\n<meta name=\"robots\" content=\"index, follow, max-snippet:-1, max-image-preview:large, max-video-preview:-1\" \/>\n<link rel=\"canonical\" href=\"https:\/\/www.anovapeneira.gal\/index.php\/2019\/12\/26\/a-concelleria-de-alumeado-consigue-mais-de-tres-millons-de-euros-dos-fondos-europeos-feder\/\" \/>\n<meta property=\"og:locale\" content=\"gl_ES\" \/>\n<meta property=\"og:type\" content=\"article\" \/>\n<meta property=\"og:title\" content=\"A Conceller\u00eda de Alumeado\u00a0consigue m\u00e1is de tres mill\u00f3ns de euros dos fondos europeos FEDER -\" \/>\n<meta property=\"og:description\" content=\"A conceller\u00eda de V\u00edas, Obras e Alumeado consigue o respaldo da Uni\u00f3n Europea para a renovaci\u00f3n total das instalaci\u00f3ns do alumeado exterior [...]\" \/>\n<meta property=\"og:url\" content=\"https:\/\/www.anovapeneira.gal\/index.php\/2019\/12\/26\/a-concelleria-de-alumeado-consigue-mais-de-tres-millons-de-euros-dos-fondos-europeos-feder\/\" \/>\n<meta property=\"article:publisher\" content=\"https:\/\/www.facebook.com\/anovapeneira\" \/>\n<meta property=\"article:published_time\" content=\"2019-12-26T09:00:44+00:00\" \/>\n<meta property=\"article:modified_time\" content=\"2019-12-26T09:06:50+00:00\" \/>\n<meta property=\"og:image\" content=\"https:\/\/www.anovapeneira.gal\/wp-content\/uploads\/2019\/12\/concelleira_ponteareas_a_nova_peneira.jpg\" \/>\n\t<meta property=\"og:image:width\" content=\"720\" \/>\n\t<meta property=\"og:image:height\" content=\"432\" \/>\n\t<meta property=\"og:image:type\" content=\"image\/jpeg\" \/>\n<meta name=\"author\" content=\"Redacci\u00f3n A Nova Peneira\" \/>\n<meta name=\"twitter:card\" content=\"summary_large_image\" \/>\n<meta name=\"twitter:creator\" content=\"@APeneira\" \/>\n<meta name=\"twitter:site\" content=\"@APeneira\" \/>\n<meta name=\"twitter:label1\" content=\"Escrito por\" \/>\n\t<meta name=\"twitter:data1\" content=\"Redacci\u00f3n A Nova Peneira\" \/>\n\t<meta name=\"twitter:label2\" content=\"Tempo de lectura\" \/>\n\t<meta name=\"twitter:data2\" content=\"2 minutos\" \/>\n<script type=\"application\/ld+json\" class=\"yoast-schema-graph\">{\"@context\":\"https:\\\/\\\/schema.org\",\"@graph\":[{\"@type\":\"Article\",\"@id\":\"https:\\\/\\\/www.anovapeneira.gal\\\/index.php\\\/2019\\\/12\\\/26\\\/a-concelleria-de-alumeado-consigue-mais-de-tres-millons-de-euros-dos-fondos-europeos-feder\\\/#article\",\"isPartOf\":{\"@id\":\"https:\\\/\\\/www.anovapeneira.gal\\\/index.php\\\/2019\\\/12\\\/26\\\/a-concelleria-de-alumeado-consigue-mais-de-tres-millons-de-euros-dos-fondos-europeos-feder\\\/\"},\"author\":{\"name\":\"Redacci\u00f3n A Nova Peneira\",\"@id\":\"https:\\\/\\\/www.anovapeneira.gal\\\/#\\\/schema\\\/person\\\/b93e3f8932e3f8da96334607eb6ac6aa\"},\"headline\":\"A Conceller\u00eda de Alumeado\u00a0consigue m\u00e1is de tres mill\u00f3ns de euros dos fondos europeos FEDER\",\"datePublished\":\"2019-12-26T09:00:44+00:00\",\"dateModified\":\"2019-12-26T09:06:50+00:00\",\"mainEntityOfPage\":{\"@id\":\"https:\\\/\\\/www.anovapeneira.gal\\\/index.php\\\/2019\\\/12\\\/26\\\/a-concelleria-de-alumeado-consigue-mais-de-tres-millons-de-euros-dos-fondos-europeos-feder\\\/\"},\"wordCount\":511,\"commentCount\":0,\"publisher\":{\"@id\":\"https:\\\/\\\/www.anovapeneira.gal\\\/#organization\"},\"image\":{\"@id\":\"https:\\\/\\\/www.anovapeneira.gal\\\/index.php\\\/2019\\\/12\\\/26\\\/a-concelleria-de-alumeado-consigue-mais-de-tres-millons-de-euros-dos-fondos-europeos-feder\\\/#primaryimage\"},\"thumbnailUrl\":\"https:\\\/\\\/www.anovapeneira.gal\\\/wp-content\\\/uploads\\\/2019\\\/12\\\/concelleira_ponteareas_a_nova_peneira.jpg\",\"keywords\":[\"Alumeado\",\"Concello de Ponteareas\",\"Obras\",\"V\u00edas\"],\"articleSection\":[\"Condado\"],\"inLanguage\":\"gl-ES\",\"potentialAction\":[{\"@type\":\"CommentAction\",\"name\":\"Comment\",\"target\":[\"https:\\\/\\\/www.anovapeneira.gal\\\/index.php\\\/2019\\\/12\\\/26\\\/a-concelleria-de-alumeado-consigue-mais-de-tres-millons-de-euros-dos-fondos-europeos-feder\\\/#respond\"]}]},{\"@type\":\"WebPage\",\"@id\":\"https:\\\/\\\/www.anovapeneira.gal\\\/index.php\\\/2019\\\/12\\\/26\\\/a-concelleria-de-alumeado-consigue-mais-de-tres-millons-de-euros-dos-fondos-europeos-feder\\\/\",\"url\":\"https:\\\/\\\/www.anovapeneira.gal\\\/index.php\\\/2019\\\/12\\\/26\\\/a-concelleria-de-alumeado-consigue-mais-de-tres-millons-de-euros-dos-fondos-europeos-feder\\\/\",\"name\":\"A Conceller\u00eda de Alumeado\u00a0consigue m\u00e1is de tres mill\u00f3ns de euros dos fondos europeos FEDER -\",\"isPartOf\":{\"@id\":\"https:\\\/\\\/www.anovapeneira.gal\\\/#website\"},\"primaryImageOfPage\":{\"@id\":\"https:\\\/\\\/www.anovapeneira.gal\\\/index.php\\\/2019\\\/12\\\/26\\\/a-concelleria-de-alumeado-consigue-mais-de-tres-millons-de-euros-dos-fondos-europeos-feder\\\/#primaryimage\"},\"image\":{\"@id\":\"https:\\\/\\\/www.anovapeneira.gal\\\/index.php\\\/2019\\\/12\\\/26\\\/a-concelleria-de-alumeado-consigue-mais-de-tres-millons-de-euros-dos-fondos-europeos-feder\\\/#primaryimage\"},\"thumbnailUrl\":\"https:\\\/\\\/www.anovapeneira.gal\\\/wp-content\\\/uploads\\\/2019\\\/12\\\/concelleira_ponteareas_a_nova_peneira.jpg\",\"datePublished\":\"2019-12-26T09:00:44+00:00\",\"dateModified\":\"2019-12-26T09:06:50+00:00\",\"breadcrumb\":{\"@id\":\"https:\\\/\\\/www.anovapeneira.gal\\\/index.php\\\/2019\\\/12\\\/26\\\/a-concelleria-de-alumeado-consigue-mais-de-tres-millons-de-euros-dos-fondos-europeos-feder\\\/#breadcrumb\"},\"inLanguage\":\"gl-ES\",\"potentialAction\":[{\"@type\":\"ReadAction\",\"target\":[\"https:\\\/\\\/www.anovapeneira.gal\\\/index.php\\\/2019\\\/12\\\/26\\\/a-concelleria-de-alumeado-consigue-mais-de-tres-millons-de-euros-dos-fondos-europeos-feder\\\/\"]}]},{\"@type\":\"ImageObject\",\"inLanguage\":\"gl-ES\",\"@id\":\"https:\\\/\\\/www.anovapeneira.gal\\\/index.php\\\/2019\\\/12\\\/26\\\/a-concelleria-de-alumeado-consigue-mais-de-tres-millons-de-euros-dos-fondos-europeos-feder\\\/#primaryimage\",\"url\":\"https:\\\/\\\/www.anovapeneira.gal\\\/wp-content\\\/uploads\\\/2019\\\/12\\\/concelleira_ponteareas_a_nova_peneira.jpg\",\"contentUrl\":\"https:\\\/\\\/www.anovapeneira.gal\\\/wp-content\\\/uploads\\\/2019\\\/12\\\/concelleira_ponteareas_a_nova_peneira.jpg\",\"width\":720,\"height\":432,\"caption\":\"Concelleira Ponteareas Alumeado A Nova Peneira\"},{\"@type\":\"BreadcrumbList\",\"@id\":\"https:\\\/\\\/www.anovapeneira.gal\\\/index.php\\\/2019\\\/12\\\/26\\\/a-concelleria-de-alumeado-consigue-mais-de-tres-millons-de-euros-dos-fondos-europeos-feder\\\/#breadcrumb\",\"itemListElement\":[{\"@type\":\"ListItem\",\"position\":1,\"name\":\"Portada\",\"item\":\"https:\\\/\\\/www.anovapeneira.gal\\\/\"},{\"@type\":\"ListItem\",\"position\":2,\"name\":\"A Conceller\u00eda de Alumeado\u00a0consigue m\u00e1is de tres mill\u00f3ns de euros dos fondos europeos FEDER\"}]},{\"@type\":\"WebSite\",\"@id\":\"https:\\\/\\\/www.anovapeneira.gal\\\/#website\",\"url\":\"https:\\\/\\\/www.anovapeneira.gal\\\/\",\"name\":\"\",\"description\":\"Xornal galego de informaci\u00f3n xeral Publicaci\u00f3n mensual de novas de Galicia e en especial dos Concellos da sur da provincia de Pontevedra.\",\"publisher\":{\"@id\":\"https:\\\/\\\/www.anovapeneira.gal\\\/#organization\"},\"potentialAction\":[{\"@type\":\"SearchAction\",\"target\":{\"@type\":\"EntryPoint\",\"urlTemplate\":\"https:\\\/\\\/www.anovapeneira.gal\\\/?s={search_term_string}\"},\"query-input\":{\"@type\":\"PropertyValueSpecification\",\"valueRequired\":true,\"valueName\":\"search_term_string\"}}],\"inLanguage\":\"gl-ES\"},{\"@type\":\"Organization\",\"@id\":\"https:\\\/\\\/www.anovapeneira.gal\\\/#organization\",\"name\":\"A Nova Peneira\",\"url\":\"https:\\\/\\\/www.anovapeneira.gal\\\/\",\"logo\":{\"@type\":\"ImageObject\",\"inLanguage\":\"gl-ES\",\"@id\":\"https:\\\/\\\/www.anovapeneira.gal\\\/#\\\/schema\\\/logo\\\/image\\\/\",\"url\":\"http:\\\/\\\/www.anovapeneira.gal\\\/wp-content\\\/uploads\\\/2019\\\/06\\\/logo_a_nova_peneira_portal_web.png\",\"contentUrl\":\"http:\\\/\\\/www.anovapeneira.gal\\\/wp-content\\\/uploads\\\/2019\\\/06\\\/logo_a_nova_peneira_portal_web.png\",\"width\":300,\"height\":100,\"caption\":\"A Nova Peneira\"},\"image\":{\"@id\":\"https:\\\/\\\/www.anovapeneira.gal\\\/#\\\/schema\\\/logo\\\/image\\\/\"},\"sameAs\":[\"https:\\\/\\\/www.facebook.com\\\/anovapeneira\",\"https:\\\/\\\/x.com\\\/APeneira\"]},{\"@type\":\"Person\",\"@id\":\"https:\\\/\\\/www.anovapeneira.gal\\\/#\\\/schema\\\/person\\\/b93e3f8932e3f8da96334607eb6ac6aa\",\"name\":\"Redacci\u00f3n A Nova Peneira\",\"image\":{\"@type\":\"ImageObject\",\"inLanguage\":\"gl-ES\",\"@id\":\"https:\\\/\\\/secure.gravatar.com\\\/avatar\\\/c052a2551a06e23fac63626232eaa90abd78dbcf1700fc46a2b2c89fd27b735f?s=96&d=mm&r=g\",\"url\":\"https:\\\/\\\/secure.gravatar.com\\\/avatar\\\/c052a2551a06e23fac63626232eaa90abd78dbcf1700fc46a2b2c89fd27b735f?s=96&d=mm&r=g\",\"contentUrl\":\"https:\\\/\\\/secure.gravatar.com\\\/avatar\\\/c052a2551a06e23fac63626232eaa90abd78dbcf1700fc46a2b2c89fd27b735f?s=96&d=mm&r=g\",\"caption\":\"Redacci\u00f3n A Nova Peneira\"},\"sameAs\":[\"http:\\\/\\\/www.anovapeneira.gal\\\/\"],\"url\":\"https:\\\/\\\/www.anovapeneira.gal\\\/index.php\\\/author\\\/redactor\\\/\"}]}<\/script>\n<!-- \/ Yoast SEO plugin. -->","yoast_head_json":{"title":"A Conceller\u00eda de Alumeado\u00a0consigue m\u00e1is de tres mill\u00f3ns de euros dos fondos europeos FEDER -","robots":{"index":"index","follow":"follow","max-snippet":"max-snippet:-1","max-image-preview":"max-image-preview:large","max-video-preview":"max-video-preview:-1"},"canonical":"https:\/\/www.anovapeneira.gal\/index.php\/2019\/12\/26\/a-concelleria-de-alumeado-consigue-mais-de-tres-millons-de-euros-dos-fondos-europeos-feder\/","og_locale":"gl_ES","og_type":"article","og_title":"A Conceller\u00eda de Alumeado\u00a0consigue m\u00e1is de tres mill\u00f3ns de euros dos fondos europeos FEDER -","og_description":"A conceller\u00eda de V\u00edas, Obras e Alumeado consigue o respaldo da Uni\u00f3n Europea para a renovaci\u00f3n total das instalaci\u00f3ns do alumeado exterior [...]","og_url":"https:\/\/www.anovapeneira.gal\/index.php\/2019\/12\/26\/a-concelleria-de-alumeado-consigue-mais-de-tres-millons-de-euros-dos-fondos-europeos-feder\/","article_publisher":"https:\/\/www.facebook.com\/anovapeneira","article_published_time":"2019-12-26T09:00:44+00:00","article_modified_time":"2019-12-26T09:06:50+00:00","og_image":[{"width":720,"height":432,"url":"https:\/\/www.anovapeneira.gal\/wp-content\/uploads\/2019\/12\/concelleira_ponteareas_a_nova_peneira.jpg","type":"image\/jpeg"}],"author":"Redacci\u00f3n A Nova Peneira","twitter_card":"summary_large_image","twitter_creator":"@APeneira","twitter_site":"@APeneira","twitter_misc":{"Escrito por":"Redacci\u00f3n A Nova Peneira","Tempo de lectura":"2 minutos"},"schema":{"@context":"https:\/\/schema.org","@graph":[{"@type":"Article","@id":"https:\/\/www.anovapeneira.gal\/index.php\/2019\/12\/26\/a-concelleria-de-alumeado-consigue-mais-de-tres-millons-de-euros-dos-fondos-europeos-feder\/#article","isPartOf":{"@id":"https:\/\/www.anovapeneira.gal\/index.php\/2019\/12\/26\/a-concelleria-de-alumeado-consigue-mais-de-tres-millons-de-euros-dos-fondos-europeos-feder\/"},"author":{"name":"Redacci\u00f3n A Nova Peneira","@id":"https:\/\/www.anovapeneira.gal\/#\/schema\/person\/b93e3f8932e3f8da96334607eb6ac6aa"},"headline":"A Conceller\u00eda de Alumeado\u00a0consigue m\u00e1is de tres mill\u00f3ns de euros dos fondos europeos FEDER","datePublished":"2019-12-26T09:00:44+00:00","dateModified":"2019-12-26T09:06:50+00:00","mainEntityOfPage":{"@id":"https:\/\/www.anovapeneira.gal\/index.php\/2019\/12\/26\/a-concelleria-de-alumeado-consigue-mais-de-tres-millons-de-euros-dos-fondos-europeos-feder\/"},"wordCount":511,"commentCount":0,"publisher":{"@id":"https:\/\/www.anovapeneira.gal\/#organization"},"image":{"@id":"https:\/\/www.anovapeneira.gal\/index.php\/2019\/12\/26\/a-concelleria-de-alumeado-consigue-mais-de-tres-millons-de-euros-dos-fondos-europeos-feder\/#primaryimage"},"thumbnailUrl":"https:\/\/www.anovapeneira.gal\/wp-content\/uploads\/2019\/12\/concelleira_ponteareas_a_nova_peneira.jpg","keywords":["Alumeado","Concello de Ponteareas","Obras","V\u00edas"],"articleSection":["Condado"],"inLanguage":"gl-ES","potentialAction":[{"@type":"CommentAction","name":"Comment","target":["https:\/\/www.anovapeneira.gal\/index.php\/2019\/12\/26\/a-concelleria-de-alumeado-consigue-mais-de-tres-millons-de-euros-dos-fondos-europeos-feder\/#respond"]}]},{"@type":"WebPage","@id":"https:\/\/www.anovapeneira.gal\/index.php\/2019\/12\/26\/a-concelleria-de-alumeado-consigue-mais-de-tres-millons-de-euros-dos-fondos-europeos-feder\/","url":"https:\/\/www.anovapeneira.gal\/index.php\/2019\/12\/26\/a-concelleria-de-alumeado-consigue-mais-de-tres-millons-de-euros-dos-fondos-europeos-feder\/","name":"A Conceller\u00eda de Alumeado\u00a0consigue m\u00e1is de tres mill\u00f3ns de euros dos fondos europeos FEDER -","isPartOf":{"@id":"https:\/\/www.anovapeneira.gal\/#website"},"primaryImageOfPage":{"@id":"https:\/\/www.anovapeneira.gal\/index.php\/2019\/12\/26\/a-concelleria-de-alumeado-consigue-mais-de-tres-millons-de-euros-dos-fondos-europeos-feder\/#primaryimage"},"image":{"@id":"https:\/\/www.anovapeneira.gal\/index.php\/2019\/12\/26\/a-concelleria-de-alumeado-consigue-mais-de-tres-millons-de-euros-dos-fondos-europeos-feder\/#primaryimage"},"thumbnailUrl":"https:\/\/www.anovapeneira.gal\/wp-content\/uploads\/2019\/12\/concelleira_ponteareas_a_nova_peneira.jpg","datePublished":"2019-12-26T09:00:44+00:00","dateModified":"2019-12-26T09:06:50+00:00","breadcrumb":{"@id":"https:\/\/www.anovapeneira.gal\/index.php\/2019\/12\/26\/a-concelleria-de-alumeado-consigue-mais-de-tres-millons-de-euros-dos-fondos-europeos-feder\/#breadcrumb"},"inLanguage":"gl-ES","potentialAction":[{"@type":"ReadAction","target":["https:\/\/www.anovapeneira.gal\/index.php\/2019\/12\/26\/a-concelleria-de-alumeado-consigue-mais-de-tres-millons-de-euros-dos-fondos-europeos-feder\/"]}]},{"@type":"ImageObject","inLanguage":"gl-ES","@id":"https:\/\/www.anovapeneira.gal\/index.php\/2019\/12\/26\/a-concelleria-de-alumeado-consigue-mais-de-tres-millons-de-euros-dos-fondos-europeos-feder\/#primaryimage","url":"https:\/\/www.anovapeneira.gal\/wp-content\/uploads\/2019\/12\/concelleira_ponteareas_a_nova_peneira.jpg","contentUrl":"https:\/\/www.anovapeneira.gal\/wp-content\/uploads\/2019\/12\/concelleira_ponteareas_a_nova_peneira.jpg","width":720,"height":432,"caption":"Concelleira Ponteareas Alumeado A Nova Peneira"},{"@type":"BreadcrumbList","@id":"https:\/\/www.anovapeneira.gal\/index.php\/2019\/12\/26\/a-concelleria-de-alumeado-consigue-mais-de-tres-millons-de-euros-dos-fondos-europeos-feder\/#breadcrumb","itemListElement":[{"@type":"ListItem","position":1,"name":"Portada","item":"https:\/\/www.anovapeneira.gal\/"},{"@type":"ListItem","position":2,"name":"A Conceller\u00eda de Alumeado\u00a0consigue m\u00e1is de tres mill\u00f3ns de euros dos fondos europeos FEDER"}]},{"@type":"WebSite","@id":"https:\/\/www.anovapeneira.gal\/#website","url":"https:\/\/www.anovapeneira.gal\/","name":"","description":"Xornal galego de informaci\u00f3n xeral Publicaci\u00f3n mensual de novas de Galicia e en especial dos Concellos da sur da provincia de Pontevedra.","publisher":{"@id":"https:\/\/www.anovapeneira.gal\/#organization"},"potentialAction":[{"@type":"SearchAction","target":{"@type":"EntryPoint","urlTemplate":"https:\/\/www.anovapeneira.gal\/?s={search_term_string}"},"query-input":{"@type":"PropertyValueSpecification","valueRequired":true,"valueName":"search_term_string"}}],"inLanguage":"gl-ES"},{"@type":"Organization","@id":"https:\/\/www.anovapeneira.gal\/#organization","name":"A Nova Peneira","url":"https:\/\/www.anovapeneira.gal\/","logo":{"@type":"ImageObject","inLanguage":"gl-ES","@id":"https:\/\/www.anovapeneira.gal\/#\/schema\/logo\/image\/","url":"http:\/\/www.anovapeneira.gal\/wp-content\/uploads\/2019\/06\/logo_a_nova_peneira_portal_web.png","contentUrl":"http:\/\/www.anovapeneira.gal\/wp-content\/uploads\/2019\/06\/logo_a_nova_peneira_portal_web.png","width":300,"height":100,"caption":"A Nova Peneira"},"image":{"@id":"https:\/\/www.anovapeneira.gal\/#\/schema\/logo\/image\/"},"sameAs":["https:\/\/www.facebook.com\/anovapeneira","https:\/\/x.com\/APeneira"]},{"@type":"Person","@id":"https:\/\/www.anovapeneira.gal\/#\/schema\/person\/b93e3f8932e3f8da96334607eb6ac6aa","name":"Redacci\u00f3n A Nova Peneira","image":{"@type":"ImageObject","inLanguage":"gl-ES","@id":"https:\/\/secure.gravatar.com\/avatar\/c052a2551a06e23fac63626232eaa90abd78dbcf1700fc46a2b2c89fd27b735f?s=96&d=mm&r=g","url":"https:\/\/secure.gravatar.com\/avatar\/c052a2551a06e23fac63626232eaa90abd78dbcf1700fc46a2b2c89fd27b735f?s=96&d=mm&r=g","contentUrl":"https:\/\/secure.gravatar.com\/avatar\/c052a2551a06e23fac63626232eaa90abd78dbcf1700fc46a2b2c89fd27b735f?s=96&d=mm&r=g","caption":"Redacci\u00f3n A Nova Peneira"},"sameAs":["http:\/\/www.anovapeneira.gal\/"],"url":"https:\/\/www.anovapeneira.gal\/index.php\/author\/redactor\/"}]}},"jetpack_featured_media_url":"https:\/\/www.anovapeneira.gal\/wp-content\/uploads\/2019\/12\/concelleira_ponteareas_a_nova_peneira.jpg","_links":{"self":[{"href":"https:\/\/www.anovapeneira.gal\/index.php\/wp-json\/wp\/v2\/posts\/2110","targetHints":{"allow":["GET"]}}],"collection":[{"href":"https:\/\/www.anovapeneira.gal\/index.php\/wp-json\/wp\/v2\/posts"}],"about":[{"href":"https:\/\/www.anovapeneira.gal\/index.php\/wp-json\/wp\/v2\/types\/post"}],"author":[{"embeddable":true,"href":"https:\/\/www.anovapeneira.gal\/index.php\/wp-json\/wp\/v2\/users\/3"}],"replies":[{"embeddable":true,"href":"https:\/\/www.anovapeneira.gal\/index.php\/wp-json\/wp\/v2\/comments?post=2110"}],"version-history":[{"count":1,"href":"https:\/\/www.anovapeneira.gal\/index.php\/wp-json\/wp\/v2\/posts\/2110\/revisions"}],"predecessor-version":[{"id":2112,"href":"https:\/\/www.anovapeneira.gal\/index.php\/wp-json\/wp\/v2\/posts\/2110\/revisions\/2112"}],"wp:featuredmedia":[{"embeddable":true,"href":"https:\/\/www.anovapeneira.gal\/index.php\/wp-json\/wp\/v2\/media\/2111"}],"wp:attachment":[{"href":"https:\/\/www.anovapeneira.gal\/index.php\/wp-json\/wp\/v2\/media?parent=2110"}],"wp:term":[{"taxonomy":"category","embeddable":true,"href":"https:\/\/www.anovapeneira.gal\/index.php\/wp-json\/wp\/v2\/categories?post=2110"},{"taxonomy":"post_tag","embeddable":true,"href":"https:\/\/www.anovapeneira.gal\/index.php\/wp-json\/wp\/v2\/tags?post=2110"}],"curies":[{"name":"wp","href":"https:\/\/api.w.org\/{rel}","templated":true}]}}