{"id":2113,"date":"2019-12-26T12:09:24","date_gmt":"2019-12-26T11:09:24","guid":{"rendered":"http:\/\/www.anovapeneira.gal\/?p=2113"},"modified":"2019-12-23T10:09:44","modified_gmt":"2019-12-23T09:09:44","slug":"a-coordinadora-nacional-de-anova-elixe-por-unanimidade-unha-nova-comision-permanente","status":"publish","type":"post","link":"https:\/\/www.anovapeneira.gal\/index.php\/2019\/12\/26\/a-coordinadora-nacional-de-anova-elixe-por-unanimidade-unha-nova-comision-permanente\/","title":{"rendered":"A Coordinadora Nacional de Anova elixe por unanimidade unha nova Comisi\u00f3n Permanente"},"content":{"rendered":"\n<h2 class=\"wp-block-heading\">Ant\u00f3n S\u00e1nchez volve ser elixido Portavoz Nacional, e conta cunha nova equipa de traballo renovada para asumir os pr\u00f3ximos retos da organizaci\u00f3n. Compareceu hoxe xunto con Marti\u00f1o Noriega e Oriana M\u00e9ndez<\/h2>\n\n\n\n<p> <strong>Teo, 21 de decembro de 2019<\/strong><\/p>\n\n\n\n<p>Sobre a elecci\u00f3n da Comisi\u00f3n Permanente, Oriana M\u00e9ndez \u2013 que asumir\u00e1 a responsabilidade de coordinaci\u00f3n xunto con Ra\u00fal Asegurado \u2013\u00a0 recalcou que era unha \u201cdirecci\u00f3n executiva ampla, plural, que reforza a organizaci\u00f3n e nos prepara para os retos do futuro\u201d. Recalcou a \u201cpresenza de mulleres referenciais\u201d e de \u201creferentes moi importantes\u201d de Anova nos espazos locais de Unidade Popular con responsabilidades moi importantes.<\/p>\n\n\n\n<p>Pola s\u00faa banda, Marti\u00f1o Noriega \u2013 que asume a responsabilidade de relaci\u00f3ns pol\u00edticas \u2013 recalcou que a actual Comisi\u00f3n Permanente \u201cvai traballar nunha li\u00f1a determinada entendendo a necesidade cambio pol\u00edtico no conxunto do pa\u00eds\u201d e que para esa tarefa \u201ca aportaci\u00f3n de Anova \u00e9 fundamental\u201d.<\/p>\n\n\n\n<p>Marti\u00f1o Noriega apostou pola \u201cconstruci\u00f3n de hexemon\u00edas, a construci\u00f3n de Unidade Popular e a interlocuci\u00f3n que se poida dar no espazo da Unidade Popular e no espazo \u00e1 esquerda do Partido Socialista\u201d para \u201cpoder disputarlle o Goberno Galego ao Partido Popular\u201d.<\/p>\n\n\n\n<p>Por \u00faltimo, o reelixido Portavoz Nacional Ant\u00f3n S\u00e1nchez fixo referencia aos \u201ccolectivos locais e municipalistas\u201d que nestes momentos \u201ccarecen dunha referencia a nivel nacional\u201d. Nese sentido Ant\u00f3n S\u00e1nchez aposta por \u201ctraballar con eles para artellar esa alternativa republicana e galega\u201d.<\/p>\n\n\n\n<p>\nAnt\u00f3n\nS\u00e1nchez afirmou que a unidade \u00e9 necesaria para \u201crematar cun\ngoberno altamente nocivo para o pais e para a xente, letal&nbsp; con\npol\u00edticas que est\u00e1n a facer un dano enorme ao pais\u201d. Afirmou que\no goberno de Alberto N\u00fa\u00f1ez Feij\u00f3o \u201c\u00e9 incapaz de dar soluci\u00f3ns\npara os sectores produtivos deste pa\u00eds, cunha crise industrial\nconsecuencia da ausencia de pol\u00edticas econ\u00f3micas propias\u201d. Sen\nese cambio de goberno estaremos \u201cm\u00e1is indefensos e con menos\nferramentas para traballar para o futuro\u201d, afirmou o Portavoz\nNacional.<\/p>\n\n\n\n<p><strong>Esta\n\u00e9 a composici\u00f3n da nova Comisi\u00f3n Permanente:<\/strong><\/p>\n\n\n\n<p><strong>Portavoz\nNacional<\/strong>\n\u2013 Ant\u00f3n S\u00e1nchez<\/p>\n\n\n\n<p><strong>Coordinaci\u00f3n<\/strong>\u2013\nRa\u00fal Asegurado e Oriana M\u00e9ndez<\/p>\n\n\n\n<p><strong>Relaci\u00f3ns\npol\u00edticas<\/strong>\n\u2013 Marti\u00f1o Noriega<\/p>\n\n\n\n<p><strong>Relaci\u00f3ns\ninternacionais<\/strong>\n\u2013 Xos\u00e9 Manuel Beiras<\/p>\n\n\n\n<p><strong>Organizaci\u00f3n<\/strong>\n\u2013 Rafa do Pico<\/p>\n\n\n\n<p><strong>Finanzas<\/strong>\n\u2013 Gladys Afonso<\/p>\n\n\n\n<p><strong>Feminismo<\/strong>\n\u2013 Iria Otero<\/p>\n\n\n\n<p><strong>Movementos\nsociais<\/strong>\n\u2013 Xiana L\u00f3pez e Cristina Amor<\/p>\n\n\n\n<p><strong>Formaci\u00f3n<\/strong>\n\u2013 Branca Novoneyra<\/p>\n\n\n\n<p><strong>Relato<\/strong>\n\u2013 Ant\u00f3n Dobao<\/p>\n\n\n\n<p><strong>Comunicaci\u00f3n\ninterna<\/strong>\n\u2013 Carlos Nogueira<\/p>\n\n\n\n<p><strong>Cultura\ne Obradoiro de Ideas<\/strong>\n\u2013 Miguel Anxo Fern\u00e1n-Vello e Sara Ribeiro<\/p>\n\n\n\n<p><strong>Mocidade<\/strong>\n\u2013 Sofia Mediero<\/p>\n","protected":false},"excerpt":{"rendered":"<div class=\"mh-excerpt\"><p>Ant\u00f3n S\u00e1nchez volve ser elixido Portavoz Nacional, e conta cunha nova equipa de traballo renovada  <a class=\"mh-excerpt-more\" href=\"https:\/\/www.anovapeneira.gal\/index.php\/2019\/12\/26\/a-coordinadora-nacional-de-anova-elixe-por-unanimidade-unha-nova-comision-permanente\/\" title=\"A Coordinadora Nacional de Anova elixe por unanimidade unha nova Comisi\u00f3n Permanente\">[&#8230;]<\/a><\/p>\n<\/div>","protected":false},"author":3,"featured_media":1878,"comment_status":"open","ping_status":"open","sticky":false,"template":"","format":"standard","meta":{"_exactmetrics_skip_tracking":false,"_exactmetrics_sitenote_active":false,"_exactmetrics_sitenote_note":"","_exactmetrics_sitenote_category":0,"footnotes":""},"categories":[263],"tags":[329,12],"class_list":{"0":"post-2113","1":"post","2":"type-post","3":"status-publish","4":"format-standard","5":"has-post-thumbnail","7":"category-novas","8":"tag-anova","9":"tag-politica"},"yoast_head":"<!-- This site is optimized with the Yoast SEO plugin v27.4 - https:\/\/yoast.com\/product\/yoast-seo-wordpress\/ -->\n<title>A Coordinadora Nacional de Anova elixe por unanimidade unha nova Comisi\u00f3n Permanente -<\/title>\n<meta name=\"robots\" content=\"index, follow, max-snippet:-1, max-image-preview:large, max-video-preview:-1\" \/>\n<link rel=\"canonical\" href=\"https:\/\/www.anovapeneira.gal\/index.php\/2019\/12\/26\/a-coordinadora-nacional-de-anova-elixe-por-unanimidade-unha-nova-comision-permanente\/\" \/>\n<meta property=\"og:locale\" content=\"gl_ES\" \/>\n<meta property=\"og:type\" content=\"article\" \/>\n<meta property=\"og:title\" content=\"A Coordinadora Nacional de Anova elixe por unanimidade unha nova Comisi\u00f3n Permanente -\" \/>\n<meta property=\"og:description\" content=\"Ant\u00f3n S\u00e1nchez volve ser elixido Portavoz Nacional, e conta cunha nova equipa de traballo renovada [...]\" \/>\n<meta property=\"og:url\" content=\"https:\/\/www.anovapeneira.gal\/index.php\/2019\/12\/26\/a-coordinadora-nacional-de-anova-elixe-por-unanimidade-unha-nova-comision-permanente\/\" \/>\n<meta property=\"article:publisher\" content=\"https:\/\/www.facebook.com\/anovapeneira\" \/>\n<meta property=\"article:published_time\" content=\"2019-12-26T11:09:24+00:00\" \/>\n<meta property=\"og:image\" content=\"https:\/\/www.anovapeneira.gal\/wp-content\/uploads\/2019\/11\/00-Logo_ANOVA-Irmandade_Nacionalista-500x300.png\" \/>\n\t<meta property=\"og:image:width\" content=\"720\" \/>\n\t<meta property=\"og:image:height\" content=\"432\" \/>\n\t<meta property=\"og:image:type\" content=\"image\/png\" \/>\n<meta name=\"author\" content=\"Redacci\u00f3n A Nova Peneira\" \/>\n<meta name=\"twitter:card\" content=\"summary_large_image\" \/>\n<meta name=\"twitter:creator\" content=\"@APeneira\" \/>\n<meta name=\"twitter:site\" content=\"@APeneira\" \/>\n<meta name=\"twitter:label1\" content=\"Escrito por\" \/>\n\t<meta name=\"twitter:data1\" content=\"Redacci\u00f3n A Nova Peneira\" \/>\n\t<meta name=\"twitter:label2\" content=\"Tempo de lectura\" \/>\n\t<meta name=\"twitter:data2\" content=\"2 minutos\" \/>\n<script type=\"application\/ld+json\" class=\"yoast-schema-graph\">{\"@context\":\"https:\\\/\\\/schema.org\",\"@graph\":[{\"@type\":\"Article\",\"@id\":\"https:\\\/\\\/www.anovapeneira.gal\\\/index.php\\\/2019\\\/12\\\/26\\\/a-coordinadora-nacional-de-anova-elixe-por-unanimidade-unha-nova-comision-permanente\\\/#article\",\"isPartOf\":{\"@id\":\"https:\\\/\\\/www.anovapeneira.gal\\\/index.php\\\/2019\\\/12\\\/26\\\/a-coordinadora-nacional-de-anova-elixe-por-unanimidade-unha-nova-comision-permanente\\\/\"},\"author\":{\"name\":\"Redacci\u00f3n A Nova Peneira\",\"@id\":\"https:\\\/\\\/www.anovapeneira.gal\\\/#\\\/schema\\\/person\\\/b93e3f8932e3f8da96334607eb6ac6aa\"},\"headline\":\"A Coordinadora Nacional de Anova elixe por unanimidade unha nova Comisi\u00f3n Permanente\",\"datePublished\":\"2019-12-26T11:09:24+00:00\",\"mainEntityOfPage\":{\"@id\":\"https:\\\/\\\/www.anovapeneira.gal\\\/index.php\\\/2019\\\/12\\\/26\\\/a-coordinadora-nacional-de-anova-elixe-por-unanimidade-unha-nova-comision-permanente\\\/\"},\"wordCount\":439,\"commentCount\":0,\"publisher\":{\"@id\":\"https:\\\/\\\/www.anovapeneira.gal\\\/#organization\"},\"image\":{\"@id\":\"https:\\\/\\\/www.anovapeneira.gal\\\/index.php\\\/2019\\\/12\\\/26\\\/a-coordinadora-nacional-de-anova-elixe-por-unanimidade-unha-nova-comision-permanente\\\/#primaryimage\"},\"thumbnailUrl\":\"https:\\\/\\\/www.anovapeneira.gal\\\/wp-content\\\/uploads\\\/2019\\\/11\\\/00-Logo_ANOVA-Irmandade_Nacionalista-500x300.png\",\"keywords\":[\"Anova\",\"Pol\u00edtica\"],\"articleSection\":[\"Novas\"],\"inLanguage\":\"gl-ES\",\"potentialAction\":[{\"@type\":\"CommentAction\",\"name\":\"Comment\",\"target\":[\"https:\\\/\\\/www.anovapeneira.gal\\\/index.php\\\/2019\\\/12\\\/26\\\/a-coordinadora-nacional-de-anova-elixe-por-unanimidade-unha-nova-comision-permanente\\\/#respond\"]}]},{\"@type\":\"WebPage\",\"@id\":\"https:\\\/\\\/www.anovapeneira.gal\\\/index.php\\\/2019\\\/12\\\/26\\\/a-coordinadora-nacional-de-anova-elixe-por-unanimidade-unha-nova-comision-permanente\\\/\",\"url\":\"https:\\\/\\\/www.anovapeneira.gal\\\/index.php\\\/2019\\\/12\\\/26\\\/a-coordinadora-nacional-de-anova-elixe-por-unanimidade-unha-nova-comision-permanente\\\/\",\"name\":\"A Coordinadora Nacional de Anova elixe por unanimidade unha nova Comisi\u00f3n Permanente -\",\"isPartOf\":{\"@id\":\"https:\\\/\\\/www.anovapeneira.gal\\\/#website\"},\"primaryImageOfPage\":{\"@id\":\"https:\\\/\\\/www.anovapeneira.gal\\\/index.php\\\/2019\\\/12\\\/26\\\/a-coordinadora-nacional-de-anova-elixe-por-unanimidade-unha-nova-comision-permanente\\\/#primaryimage\"},\"image\":{\"@id\":\"https:\\\/\\\/www.anovapeneira.gal\\\/index.php\\\/2019\\\/12\\\/26\\\/a-coordinadora-nacional-de-anova-elixe-por-unanimidade-unha-nova-comision-permanente\\\/#primaryimage\"},\"thumbnailUrl\":\"https:\\\/\\\/www.anovapeneira.gal\\\/wp-content\\\/uploads\\\/2019\\\/11\\\/00-Logo_ANOVA-Irmandade_Nacionalista-500x300.png\",\"datePublished\":\"2019-12-26T11:09:24+00:00\",\"breadcrumb\":{\"@id\":\"https:\\\/\\\/www.anovapeneira.gal\\\/index.php\\\/2019\\\/12\\\/26\\\/a-coordinadora-nacional-de-anova-elixe-por-unanimidade-unha-nova-comision-permanente\\\/#breadcrumb\"},\"inLanguage\":\"gl-ES\",\"potentialAction\":[{\"@type\":\"ReadAction\",\"target\":[\"https:\\\/\\\/www.anovapeneira.gal\\\/index.php\\\/2019\\\/12\\\/26\\\/a-coordinadora-nacional-de-anova-elixe-por-unanimidade-unha-nova-comision-permanente\\\/\"]}]},{\"@type\":\"ImageObject\",\"inLanguage\":\"gl-ES\",\"@id\":\"https:\\\/\\\/www.anovapeneira.gal\\\/index.php\\\/2019\\\/12\\\/26\\\/a-coordinadora-nacional-de-anova-elixe-por-unanimidade-unha-nova-comision-permanente\\\/#primaryimage\",\"url\":\"https:\\\/\\\/www.anovapeneira.gal\\\/wp-content\\\/uploads\\\/2019\\\/11\\\/00-Logo_ANOVA-Irmandade_Nacionalista-500x300.png\",\"contentUrl\":\"https:\\\/\\\/www.anovapeneira.gal\\\/wp-content\\\/uploads\\\/2019\\\/11\\\/00-Logo_ANOVA-Irmandade_Nacionalista-500x300.png\",\"width\":720,\"height\":432,\"caption\":\"A Nova Irmandade Nacionalista A Nova Peneira\"},{\"@type\":\"BreadcrumbList\",\"@id\":\"https:\\\/\\\/www.anovapeneira.gal\\\/index.php\\\/2019\\\/12\\\/26\\\/a-coordinadora-nacional-de-anova-elixe-por-unanimidade-unha-nova-comision-permanente\\\/#breadcrumb\",\"itemListElement\":[{\"@type\":\"ListItem\",\"position\":1,\"name\":\"Portada\",\"item\":\"https:\\\/\\\/www.anovapeneira.gal\\\/\"},{\"@type\":\"ListItem\",\"position\":2,\"name\":\"A Coordinadora Nacional de Anova elixe por unanimidade unha nova Comisi\u00f3n Permanente\"}]},{\"@type\":\"WebSite\",\"@id\":\"https:\\\/\\\/www.anovapeneira.gal\\\/#website\",\"url\":\"https:\\\/\\\/www.anovapeneira.gal\\\/\",\"name\":\"\",\"description\":\"Xornal galego de informaci\u00f3n xeral Publicaci\u00f3n mensual de novas de Galicia e en especial dos Concellos da sur da provincia de Pontevedra.\",\"publisher\":{\"@id\":\"https:\\\/\\\/www.anovapeneira.gal\\\/#organization\"},\"potentialAction\":[{\"@type\":\"SearchAction\",\"target\":{\"@type\":\"EntryPoint\",\"urlTemplate\":\"https:\\\/\\\/www.anovapeneira.gal\\\/?s={search_term_string}\"},\"query-input\":{\"@type\":\"PropertyValueSpecification\",\"valueRequired\":true,\"valueName\":\"search_term_string\"}}],\"inLanguage\":\"gl-ES\"},{\"@type\":\"Organization\",\"@id\":\"https:\\\/\\\/www.anovapeneira.gal\\\/#organization\",\"name\":\"A Nova Peneira\",\"url\":\"https:\\\/\\\/www.anovapeneira.gal\\\/\",\"logo\":{\"@type\":\"ImageObject\",\"inLanguage\":\"gl-ES\",\"@id\":\"https:\\\/\\\/www.anovapeneira.gal\\\/#\\\/schema\\\/logo\\\/image\\\/\",\"url\":\"http:\\\/\\\/www.anovapeneira.gal\\\/wp-content\\\/uploads\\\/2019\\\/06\\\/logo_a_nova_peneira_portal_web.png\",\"contentUrl\":\"http:\\\/\\\/www.anovapeneira.gal\\\/wp-content\\\/uploads\\\/2019\\\/06\\\/logo_a_nova_peneira_portal_web.png\",\"width\":300,\"height\":100,\"caption\":\"A Nova Peneira\"},\"image\":{\"@id\":\"https:\\\/\\\/www.anovapeneira.gal\\\/#\\\/schema\\\/logo\\\/image\\\/\"},\"sameAs\":[\"https:\\\/\\\/www.facebook.com\\\/anovapeneira\",\"https:\\\/\\\/x.com\\\/APeneira\"]},{\"@type\":\"Person\",\"@id\":\"https:\\\/\\\/www.anovapeneira.gal\\\/#\\\/schema\\\/person\\\/b93e3f8932e3f8da96334607eb6ac6aa\",\"name\":\"Redacci\u00f3n A Nova Peneira\",\"image\":{\"@type\":\"ImageObject\",\"inLanguage\":\"gl-ES\",\"@id\":\"https:\\\/\\\/secure.gravatar.com\\\/avatar\\\/c052a2551a06e23fac63626232eaa90abd78dbcf1700fc46a2b2c89fd27b735f?s=96&d=mm&r=g\",\"url\":\"https:\\\/\\\/secure.gravatar.com\\\/avatar\\\/c052a2551a06e23fac63626232eaa90abd78dbcf1700fc46a2b2c89fd27b735f?s=96&d=mm&r=g\",\"contentUrl\":\"https:\\\/\\\/secure.gravatar.com\\\/avatar\\\/c052a2551a06e23fac63626232eaa90abd78dbcf1700fc46a2b2c89fd27b735f?s=96&d=mm&r=g\",\"caption\":\"Redacci\u00f3n A Nova Peneira\"},\"sameAs\":[\"http:\\\/\\\/www.anovapeneira.gal\\\/\"],\"url\":\"https:\\\/\\\/www.anovapeneira.gal\\\/index.php\\\/author\\\/redactor\\\/\"}]}<\/script>\n<!-- \/ Yoast SEO plugin. -->","yoast_head_json":{"title":"A Coordinadora Nacional de Anova elixe por unanimidade unha nova Comisi\u00f3n Permanente -","robots":{"index":"index","follow":"follow","max-snippet":"max-snippet:-1","max-image-preview":"max-image-preview:large","max-video-preview":"max-video-preview:-1"},"canonical":"https:\/\/www.anovapeneira.gal\/index.php\/2019\/12\/26\/a-coordinadora-nacional-de-anova-elixe-por-unanimidade-unha-nova-comision-permanente\/","og_locale":"gl_ES","og_type":"article","og_title":"A Coordinadora Nacional de Anova elixe por unanimidade unha nova Comisi\u00f3n Permanente -","og_description":"Ant\u00f3n S\u00e1nchez volve ser elixido Portavoz Nacional, e conta cunha nova equipa de traballo renovada [...]","og_url":"https:\/\/www.anovapeneira.gal\/index.php\/2019\/12\/26\/a-coordinadora-nacional-de-anova-elixe-por-unanimidade-unha-nova-comision-permanente\/","article_publisher":"https:\/\/www.facebook.com\/anovapeneira","article_published_time":"2019-12-26T11:09:24+00:00","og_image":[{"width":720,"height":432,"url":"https:\/\/www.anovapeneira.gal\/wp-content\/uploads\/2019\/11\/00-Logo_ANOVA-Irmandade_Nacionalista-500x300.png","type":"image\/png"}],"author":"Redacci\u00f3n A Nova Peneira","twitter_card":"summary_large_image","twitter_creator":"@APeneira","twitter_site":"@APeneira","twitter_misc":{"Escrito por":"Redacci\u00f3n A Nova Peneira","Tempo de lectura":"2 minutos"},"schema":{"@context":"https:\/\/schema.org","@graph":[{"@type":"Article","@id":"https:\/\/www.anovapeneira.gal\/index.php\/2019\/12\/26\/a-coordinadora-nacional-de-anova-elixe-por-unanimidade-unha-nova-comision-permanente\/#article","isPartOf":{"@id":"https:\/\/www.anovapeneira.gal\/index.php\/2019\/12\/26\/a-coordinadora-nacional-de-anova-elixe-por-unanimidade-unha-nova-comision-permanente\/"},"author":{"name":"Redacci\u00f3n A Nova Peneira","@id":"https:\/\/www.anovapeneira.gal\/#\/schema\/person\/b93e3f8932e3f8da96334607eb6ac6aa"},"headline":"A Coordinadora Nacional de Anova elixe por unanimidade unha nova Comisi\u00f3n Permanente","datePublished":"2019-12-26T11:09:24+00:00","mainEntityOfPage":{"@id":"https:\/\/www.anovapeneira.gal\/index.php\/2019\/12\/26\/a-coordinadora-nacional-de-anova-elixe-por-unanimidade-unha-nova-comision-permanente\/"},"wordCount":439,"commentCount":0,"publisher":{"@id":"https:\/\/www.anovapeneira.gal\/#organization"},"image":{"@id":"https:\/\/www.anovapeneira.gal\/index.php\/2019\/12\/26\/a-coordinadora-nacional-de-anova-elixe-por-unanimidade-unha-nova-comision-permanente\/#primaryimage"},"thumbnailUrl":"https:\/\/www.anovapeneira.gal\/wp-content\/uploads\/2019\/11\/00-Logo_ANOVA-Irmandade_Nacionalista-500x300.png","keywords":["Anova","Pol\u00edtica"],"articleSection":["Novas"],"inLanguage":"gl-ES","potentialAction":[{"@type":"CommentAction","name":"Comment","target":["https:\/\/www.anovapeneira.gal\/index.php\/2019\/12\/26\/a-coordinadora-nacional-de-anova-elixe-por-unanimidade-unha-nova-comision-permanente\/#respond"]}]},{"@type":"WebPage","@id":"https:\/\/www.anovapeneira.gal\/index.php\/2019\/12\/26\/a-coordinadora-nacional-de-anova-elixe-por-unanimidade-unha-nova-comision-permanente\/","url":"https:\/\/www.anovapeneira.gal\/index.php\/2019\/12\/26\/a-coordinadora-nacional-de-anova-elixe-por-unanimidade-unha-nova-comision-permanente\/","name":"A Coordinadora Nacional de Anova elixe por unanimidade unha nova Comisi\u00f3n Permanente -","isPartOf":{"@id":"https:\/\/www.anovapeneira.gal\/#website"},"primaryImageOfPage":{"@id":"https:\/\/www.anovapeneira.gal\/index.php\/2019\/12\/26\/a-coordinadora-nacional-de-anova-elixe-por-unanimidade-unha-nova-comision-permanente\/#primaryimage"},"image":{"@id":"https:\/\/www.anovapeneira.gal\/index.php\/2019\/12\/26\/a-coordinadora-nacional-de-anova-elixe-por-unanimidade-unha-nova-comision-permanente\/#primaryimage"},"thumbnailUrl":"https:\/\/www.anovapeneira.gal\/wp-content\/uploads\/2019\/11\/00-Logo_ANOVA-Irmandade_Nacionalista-500x300.png","datePublished":"2019-12-26T11:09:24+00:00","breadcrumb":{"@id":"https:\/\/www.anovapeneira.gal\/index.php\/2019\/12\/26\/a-coordinadora-nacional-de-anova-elixe-por-unanimidade-unha-nova-comision-permanente\/#breadcrumb"},"inLanguage":"gl-ES","potentialAction":[{"@type":"ReadAction","target":["https:\/\/www.anovapeneira.gal\/index.php\/2019\/12\/26\/a-coordinadora-nacional-de-anova-elixe-por-unanimidade-unha-nova-comision-permanente\/"]}]},{"@type":"ImageObject","inLanguage":"gl-ES","@id":"https:\/\/www.anovapeneira.gal\/index.php\/2019\/12\/26\/a-coordinadora-nacional-de-anova-elixe-por-unanimidade-unha-nova-comision-permanente\/#primaryimage","url":"https:\/\/www.anovapeneira.gal\/wp-content\/uploads\/2019\/11\/00-Logo_ANOVA-Irmandade_Nacionalista-500x300.png","contentUrl":"https:\/\/www.anovapeneira.gal\/wp-content\/uploads\/2019\/11\/00-Logo_ANOVA-Irmandade_Nacionalista-500x300.png","width":720,"height":432,"caption":"A Nova Irmandade Nacionalista A Nova Peneira"},{"@type":"BreadcrumbList","@id":"https:\/\/www.anovapeneira.gal\/index.php\/2019\/12\/26\/a-coordinadora-nacional-de-anova-elixe-por-unanimidade-unha-nova-comision-permanente\/#breadcrumb","itemListElement":[{"@type":"ListItem","position":1,"name":"Portada","item":"https:\/\/www.anovapeneira.gal\/"},{"@type":"ListItem","position":2,"name":"A Coordinadora Nacional de Anova elixe por unanimidade unha nova Comisi\u00f3n Permanente"}]},{"@type":"WebSite","@id":"https:\/\/www.anovapeneira.gal\/#website","url":"https:\/\/www.anovapeneira.gal\/","name":"","description":"Xornal galego de informaci\u00f3n xeral Publicaci\u00f3n mensual de novas de Galicia e en especial dos Concellos da sur da provincia de Pontevedra.","publisher":{"@id":"https:\/\/www.anovapeneira.gal\/#organization"},"potentialAction":[{"@type":"SearchAction","target":{"@type":"EntryPoint","urlTemplate":"https:\/\/www.anovapeneira.gal\/?s={search_term_string}"},"query-input":{"@type":"PropertyValueSpecification","valueRequired":true,"valueName":"search_term_string"}}],"inLanguage":"gl-ES"},{"@type":"Organization","@id":"https:\/\/www.anovapeneira.gal\/#organization","name":"A Nova Peneira","url":"https:\/\/www.anovapeneira.gal\/","logo":{"@type":"ImageObject","inLanguage":"gl-ES","@id":"https:\/\/www.anovapeneira.gal\/#\/schema\/logo\/image\/","url":"http:\/\/www.anovapeneira.gal\/wp-content\/uploads\/2019\/06\/logo_a_nova_peneira_portal_web.png","contentUrl":"http:\/\/www.anovapeneira.gal\/wp-content\/uploads\/2019\/06\/logo_a_nova_peneira_portal_web.png","width":300,"height":100,"caption":"A Nova Peneira"},"image":{"@id":"https:\/\/www.anovapeneira.gal\/#\/schema\/logo\/image\/"},"sameAs":["https:\/\/www.facebook.com\/anovapeneira","https:\/\/x.com\/APeneira"]},{"@type":"Person","@id":"https:\/\/www.anovapeneira.gal\/#\/schema\/person\/b93e3f8932e3f8da96334607eb6ac6aa","name":"Redacci\u00f3n A Nova Peneira","image":{"@type":"ImageObject","inLanguage":"gl-ES","@id":"https:\/\/secure.gravatar.com\/avatar\/c052a2551a06e23fac63626232eaa90abd78dbcf1700fc46a2b2c89fd27b735f?s=96&d=mm&r=g","url":"https:\/\/secure.gravatar.com\/avatar\/c052a2551a06e23fac63626232eaa90abd78dbcf1700fc46a2b2c89fd27b735f?s=96&d=mm&r=g","contentUrl":"https:\/\/secure.gravatar.com\/avatar\/c052a2551a06e23fac63626232eaa90abd78dbcf1700fc46a2b2c89fd27b735f?s=96&d=mm&r=g","caption":"Redacci\u00f3n A Nova Peneira"},"sameAs":["http:\/\/www.anovapeneira.gal\/"],"url":"https:\/\/www.anovapeneira.gal\/index.php\/author\/redactor\/"}]}},"jetpack_featured_media_url":"https:\/\/www.anovapeneira.gal\/wp-content\/uploads\/2019\/11\/00-Logo_ANOVA-Irmandade_Nacionalista-500x300.png","_links":{"self":[{"href":"https:\/\/www.anovapeneira.gal\/index.php\/wp-json\/wp\/v2\/posts\/2113","targetHints":{"allow":["GET"]}}],"collection":[{"href":"https:\/\/www.anovapeneira.gal\/index.php\/wp-json\/wp\/v2\/posts"}],"about":[{"href":"https:\/\/www.anovapeneira.gal\/index.php\/wp-json\/wp\/v2\/types\/post"}],"author":[{"embeddable":true,"href":"https:\/\/www.anovapeneira.gal\/index.php\/wp-json\/wp\/v2\/users\/3"}],"replies":[{"embeddable":true,"href":"https:\/\/www.anovapeneira.gal\/index.php\/wp-json\/wp\/v2\/comments?post=2113"}],"version-history":[{"count":1,"href":"https:\/\/www.anovapeneira.gal\/index.php\/wp-json\/wp\/v2\/posts\/2113\/revisions"}],"predecessor-version":[{"id":2114,"href":"https:\/\/www.anovapeneira.gal\/index.php\/wp-json\/wp\/v2\/posts\/2113\/revisions\/2114"}],"wp:featuredmedia":[{"embeddable":true,"href":"https:\/\/www.anovapeneira.gal\/index.php\/wp-json\/wp\/v2\/media\/1878"}],"wp:attachment":[{"href":"https:\/\/www.anovapeneira.gal\/index.php\/wp-json\/wp\/v2\/media?parent=2113"}],"wp:term":[{"taxonomy":"category","embeddable":true,"href":"https:\/\/www.anovapeneira.gal\/index.php\/wp-json\/wp\/v2\/categories?post=2113"},{"taxonomy":"post_tag","embeddable":true,"href":"https:\/\/www.anovapeneira.gal\/index.php\/wp-json\/wp\/v2\/tags?post=2113"}],"curies":[{"name":"wp","href":"https:\/\/api.w.org\/{rel}","templated":true}]}}