{"id":2128,"date":"2019-12-27T12:00:57","date_gmt":"2019-12-27T11:00:57","guid":{"rendered":"http:\/\/www.anovapeneira.gal\/?p=2128"},"modified":"2019-12-26T15:43:51","modified_gmt":"2019-12-26T14:43:51","slug":"o-grupo-comun-da-esquerda-insta-a-moderar-o-optimismo-sobre-a-negociacion-das-cotas-de-pesca-na-ue","status":"publish","type":"post","link":"https:\/\/www.anovapeneira.gal\/index.php\/2019\/12\/27\/o-grupo-comun-da-esquerda-insta-a-moderar-o-optimismo-sobre-a-negociacion-das-cotas-de-pesca-na-ue\/","title":{"rendered":"O Grupo Com\u00fan da Esquerda insta a &#8220;moderar o optimismo&#8221; sobre a negociaci\u00f3n das cotas de pesca na UE"},"content":{"rendered":"\n<h2 class=\"wp-block-heading\"> <em>Xan Xove: &#8220;lamentamos que a conselleira amose como vitoria o que non \u00e9 nada m\u00e1is que plasmar o que dic\u00edan os informes&#8221;<\/em><\/h2>\n\n\n\n<p><strong>Santiago, 18\u00a0de decembro de 2019<\/strong><\/p>\n\n\n\n<p>Ante\nas novas co\u00f1ecidas esta ma\u00f1\u00e1 ao respecto da negociaci\u00f3n das cotas\nde pesca na UE, o Grupo Com\u00fan da Esquerda salienta a necesidade de\nmoderar o optimismo co que son recibidas tanto por parte Xunta como\npor parte do Ministerio.<br><br>Os datos co\u00f1ecidos na mellora das\ncotas do xurel na zona IV, ou da xarda, non son m\u00e1is que a\nplasmaci\u00f3n dos informes t\u00e9cnicos do ICES, que xa reco\u00f1ec\u00edan esta\nrealidade moito antes das negociaci\u00f3ns. &#8220;Por iso lamentamos que\na conselleira amose como vitoria o que non \u00e9 nada m\u00e1is que plasmar\no que dic\u00edan os informes, sendo polo tanto a s\u00faa acci\u00f3n neste\nsentido absolutamente intranscendente e incapaz de acadar nada a\nmaiores do que xa se co\u00f1ec\u00eda de antem\u00e1n&#8221;, manifestou Xan\nXove. &#8220;Non \u00e9 de recibo aproveitar politicamente as correcci\u00f3ns\nt\u00e9cnicas previsibles publicit\u00e1ndoas como froito da acci\u00f3n\npol\u00edtica&#8221;, engadiu o deputado.<br><br>Ademais, a\u00ednda resta a\nsegunda parte deste reparto, que \u00e9 o reparto interno entre zonas e\ndentro dos propios estados. Nesta li\u00f1a, o Grupo Com\u00fan da Esquerda\namosa a s\u00faa preocupaci\u00f3n polo reparto interno das cotas, agardando\nque a Xunta faga o seu traballo e revirta a discriminaci\u00f3n hist\u00f3rica\nde Galicia neste reparto interno. Por outra banda, Xan Xove apuntou\nque as cotas acadadas &#8220;distan moito das necesarias para\nsatisfacer as necesidades da nosa frota, polo que esperamos que a\u00ednda\nse poidan mellorar en base a intercambios con outros pa\u00edses, como\nacaba de conseguir Portugal co at\u00fan vermello&#8221;.<br><br>As\u00ed\nmesmo, desde o Grupo Com\u00fan da Esquerda am\u00f3sase preocupaci\u00f3n polo\naumento da compravenda de dereitos de pesca entre zonas, o que crea\ngraves distorsi\u00f3ns nas posibilidades pesqueiras instaurando un\nsistema de intermediaci\u00f3n e de xesti\u00f3n paralelo desa propia cota<\/p>\n","protected":false},"excerpt":{"rendered":"<div class=\"mh-excerpt\"><p>Lamentamos que a conselleira amose como vitoria o que non \u00e9 nada m\u00e1is que plasmar o que dic\u00edan os informes <a class=\"mh-excerpt-more\" href=\"https:\/\/www.anovapeneira.gal\/index.php\/2019\/12\/27\/o-grupo-comun-da-esquerda-insta-a-moderar-o-optimismo-sobre-a-negociacion-das-cotas-de-pesca-na-ue\/\" title=\"O Grupo Com\u00fan da Esquerda insta a &#8220;moderar o optimismo&#8221; sobre a negociaci\u00f3n das cotas de pesca na UE\">[&#8230;]<\/a><\/p>\n<\/div>","protected":false},"author":3,"featured_media":2130,"comment_status":"open","ping_status":"open","sticky":false,"template":"","format":"standard","meta":{"_exactmetrics_skip_tracking":false,"_exactmetrics_sitenote_active":false,"_exactmetrics_sitenote_note":"","_exactmetrics_sitenote_category":0,"footnotes":""},"categories":[263],"tags":[722,12],"class_list":{"0":"post-2128","1":"post","2":"type-post","3":"status-publish","4":"format-standard","5":"has-post-thumbnail","7":"category-novas","8":"tag-grupo-comun-da-esquerda","9":"tag-politica"},"yoast_head":"<!-- This site is optimized with the Yoast SEO plugin v27.5 - https:\/\/yoast.com\/product\/yoast-seo-wordpress\/ -->\n<title>O Grupo Com\u00fan da Esquerda insta a &quot;moderar o optimismo&quot; sobre a negociaci\u00f3n das cotas de pesca na UE -<\/title>\n<meta name=\"robots\" content=\"index, follow, max-snippet:-1, max-image-preview:large, max-video-preview:-1\" \/>\n<link rel=\"canonical\" href=\"https:\/\/www.anovapeneira.gal\/index.php\/2019\/12\/27\/o-grupo-comun-da-esquerda-insta-a-moderar-o-optimismo-sobre-a-negociacion-das-cotas-de-pesca-na-ue\/\" \/>\n<meta property=\"og:locale\" content=\"gl_ES\" \/>\n<meta property=\"og:type\" content=\"article\" \/>\n<meta property=\"og:title\" content=\"O Grupo Com\u00fan da Esquerda insta a &quot;moderar o optimismo&quot; sobre a negociaci\u00f3n das cotas de pesca na UE -\" \/>\n<meta property=\"og:description\" content=\"Lamentamos que a conselleira amose como vitoria o que non \u00e9 nada m\u00e1is que plasmar o que dic\u00edan os informes [...]\" \/>\n<meta property=\"og:url\" content=\"https:\/\/www.anovapeneira.gal\/index.php\/2019\/12\/27\/o-grupo-comun-da-esquerda-insta-a-moderar-o-optimismo-sobre-a-negociacion-das-cotas-de-pesca-na-ue\/\" \/>\n<meta property=\"article:publisher\" content=\"https:\/\/www.facebook.com\/anovapeneira\" \/>\n<meta property=\"article:published_time\" content=\"2019-12-27T11:00:57+00:00\" \/>\n<meta property=\"og:image\" content=\"https:\/\/www.anovapeneira.gal\/wp-content\/uploads\/2019\/12\/grupo_comun_da_esquerda_a_nova_peneira.jpg\" \/>\n\t<meta property=\"og:image:width\" content=\"720\" \/>\n\t<meta property=\"og:image:height\" content=\"432\" \/>\n\t<meta property=\"og:image:type\" content=\"image\/jpeg\" \/>\n<meta name=\"author\" content=\"Redacci\u00f3n A Nova Peneira\" \/>\n<meta name=\"twitter:card\" content=\"summary_large_image\" \/>\n<meta name=\"twitter:creator\" content=\"@APeneira\" \/>\n<meta name=\"twitter:site\" content=\"@APeneira\" \/>\n<meta name=\"twitter:label1\" content=\"Escrito por\" \/>\n\t<meta name=\"twitter:data1\" content=\"Redacci\u00f3n A Nova Peneira\" \/>\n\t<meta name=\"twitter:label2\" content=\"Tempo de lectura\" \/>\n\t<meta name=\"twitter:data2\" content=\"2 minutos\" \/>\n<script type=\"application\/ld+json\" class=\"yoast-schema-graph\">{\"@context\":\"https:\\\/\\\/schema.org\",\"@graph\":[{\"@type\":\"Article\",\"@id\":\"https:\\\/\\\/www.anovapeneira.gal\\\/index.php\\\/2019\\\/12\\\/27\\\/o-grupo-comun-da-esquerda-insta-a-moderar-o-optimismo-sobre-a-negociacion-das-cotas-de-pesca-na-ue\\\/#article\",\"isPartOf\":{\"@id\":\"https:\\\/\\\/www.anovapeneira.gal\\\/index.php\\\/2019\\\/12\\\/27\\\/o-grupo-comun-da-esquerda-insta-a-moderar-o-optimismo-sobre-a-negociacion-das-cotas-de-pesca-na-ue\\\/\"},\"author\":{\"name\":\"Redacci\u00f3n A Nova Peneira\",\"@id\":\"https:\\\/\\\/www.anovapeneira.gal\\\/#\\\/schema\\\/person\\\/b93e3f8932e3f8da96334607eb6ac6aa\"},\"headline\":\"O Grupo Com\u00fan da Esquerda insta a &#8220;moderar o optimismo&#8221; sobre a negociaci\u00f3n das cotas de pesca na UE\",\"datePublished\":\"2019-12-27T11:00:57+00:00\",\"mainEntityOfPage\":{\"@id\":\"https:\\\/\\\/www.anovapeneira.gal\\\/index.php\\\/2019\\\/12\\\/27\\\/o-grupo-comun-da-esquerda-insta-a-moderar-o-optimismo-sobre-a-negociacion-das-cotas-de-pesca-na-ue\\\/\"},\"wordCount\":365,\"commentCount\":0,\"publisher\":{\"@id\":\"https:\\\/\\\/www.anovapeneira.gal\\\/#organization\"},\"image\":{\"@id\":\"https:\\\/\\\/www.anovapeneira.gal\\\/index.php\\\/2019\\\/12\\\/27\\\/o-grupo-comun-da-esquerda-insta-a-moderar-o-optimismo-sobre-a-negociacion-das-cotas-de-pesca-na-ue\\\/#primaryimage\"},\"thumbnailUrl\":\"https:\\\/\\\/www.anovapeneira.gal\\\/wp-content\\\/uploads\\\/2019\\\/12\\\/grupo_comun_da_esquerda_a_nova_peneira.jpg\",\"keywords\":[\"Grupo Com\u00fan da Esquerda\",\"Pol\u00edtica\"],\"articleSection\":[\"Novas\"],\"inLanguage\":\"gl-ES\",\"potentialAction\":[{\"@type\":\"CommentAction\",\"name\":\"Comment\",\"target\":[\"https:\\\/\\\/www.anovapeneira.gal\\\/index.php\\\/2019\\\/12\\\/27\\\/o-grupo-comun-da-esquerda-insta-a-moderar-o-optimismo-sobre-a-negociacion-das-cotas-de-pesca-na-ue\\\/#respond\"]}]},{\"@type\":\"WebPage\",\"@id\":\"https:\\\/\\\/www.anovapeneira.gal\\\/index.php\\\/2019\\\/12\\\/27\\\/o-grupo-comun-da-esquerda-insta-a-moderar-o-optimismo-sobre-a-negociacion-das-cotas-de-pesca-na-ue\\\/\",\"url\":\"https:\\\/\\\/www.anovapeneira.gal\\\/index.php\\\/2019\\\/12\\\/27\\\/o-grupo-comun-da-esquerda-insta-a-moderar-o-optimismo-sobre-a-negociacion-das-cotas-de-pesca-na-ue\\\/\",\"name\":\"O Grupo Com\u00fan da Esquerda insta a \\\"moderar o optimismo\\\" sobre a negociaci\u00f3n das cotas de pesca na UE -\",\"isPartOf\":{\"@id\":\"https:\\\/\\\/www.anovapeneira.gal\\\/#website\"},\"primaryImageOfPage\":{\"@id\":\"https:\\\/\\\/www.anovapeneira.gal\\\/index.php\\\/2019\\\/12\\\/27\\\/o-grupo-comun-da-esquerda-insta-a-moderar-o-optimismo-sobre-a-negociacion-das-cotas-de-pesca-na-ue\\\/#primaryimage\"},\"image\":{\"@id\":\"https:\\\/\\\/www.anovapeneira.gal\\\/index.php\\\/2019\\\/12\\\/27\\\/o-grupo-comun-da-esquerda-insta-a-moderar-o-optimismo-sobre-a-negociacion-das-cotas-de-pesca-na-ue\\\/#primaryimage\"},\"thumbnailUrl\":\"https:\\\/\\\/www.anovapeneira.gal\\\/wp-content\\\/uploads\\\/2019\\\/12\\\/grupo_comun_da_esquerda_a_nova_peneira.jpg\",\"datePublished\":\"2019-12-27T11:00:57+00:00\",\"breadcrumb\":{\"@id\":\"https:\\\/\\\/www.anovapeneira.gal\\\/index.php\\\/2019\\\/12\\\/27\\\/o-grupo-comun-da-esquerda-insta-a-moderar-o-optimismo-sobre-a-negociacion-das-cotas-de-pesca-na-ue\\\/#breadcrumb\"},\"inLanguage\":\"gl-ES\",\"potentialAction\":[{\"@type\":\"ReadAction\",\"target\":[\"https:\\\/\\\/www.anovapeneira.gal\\\/index.php\\\/2019\\\/12\\\/27\\\/o-grupo-comun-da-esquerda-insta-a-moderar-o-optimismo-sobre-a-negociacion-das-cotas-de-pesca-na-ue\\\/\"]}]},{\"@type\":\"ImageObject\",\"inLanguage\":\"gl-ES\",\"@id\":\"https:\\\/\\\/www.anovapeneira.gal\\\/index.php\\\/2019\\\/12\\\/27\\\/o-grupo-comun-da-esquerda-insta-a-moderar-o-optimismo-sobre-a-negociacion-das-cotas-de-pesca-na-ue\\\/#primaryimage\",\"url\":\"https:\\\/\\\/www.anovapeneira.gal\\\/wp-content\\\/uploads\\\/2019\\\/12\\\/grupo_comun_da_esquerda_a_nova_peneira.jpg\",\"contentUrl\":\"https:\\\/\\\/www.anovapeneira.gal\\\/wp-content\\\/uploads\\\/2019\\\/12\\\/grupo_comun_da_esquerda_a_nova_peneira.jpg\",\"width\":720,\"height\":432,\"caption\":\"Grupo Com\u00fan da Esquerda A Nova Peneira\"},{\"@type\":\"BreadcrumbList\",\"@id\":\"https:\\\/\\\/www.anovapeneira.gal\\\/index.php\\\/2019\\\/12\\\/27\\\/o-grupo-comun-da-esquerda-insta-a-moderar-o-optimismo-sobre-a-negociacion-das-cotas-de-pesca-na-ue\\\/#breadcrumb\",\"itemListElement\":[{\"@type\":\"ListItem\",\"position\":1,\"name\":\"Portada\",\"item\":\"https:\\\/\\\/www.anovapeneira.gal\\\/\"},{\"@type\":\"ListItem\",\"position\":2,\"name\":\"O Grupo Com\u00fan da Esquerda insta a &#8220;moderar o optimismo&#8221; sobre a negociaci\u00f3n das cotas de pesca na UE\"}]},{\"@type\":\"WebSite\",\"@id\":\"https:\\\/\\\/www.anovapeneira.gal\\\/#website\",\"url\":\"https:\\\/\\\/www.anovapeneira.gal\\\/\",\"name\":\"\",\"description\":\"Xornal galego de informaci\u00f3n xeral Publicaci\u00f3n mensual de novas de Galicia e en especial dos Concellos da sur da provincia de Pontevedra.\",\"publisher\":{\"@id\":\"https:\\\/\\\/www.anovapeneira.gal\\\/#organization\"},\"potentialAction\":[{\"@type\":\"SearchAction\",\"target\":{\"@type\":\"EntryPoint\",\"urlTemplate\":\"https:\\\/\\\/www.anovapeneira.gal\\\/?s={search_term_string}\"},\"query-input\":{\"@type\":\"PropertyValueSpecification\",\"valueRequired\":true,\"valueName\":\"search_term_string\"}}],\"inLanguage\":\"gl-ES\"},{\"@type\":\"Organization\",\"@id\":\"https:\\\/\\\/www.anovapeneira.gal\\\/#organization\",\"name\":\"A Nova Peneira\",\"url\":\"https:\\\/\\\/www.anovapeneira.gal\\\/\",\"logo\":{\"@type\":\"ImageObject\",\"inLanguage\":\"gl-ES\",\"@id\":\"https:\\\/\\\/www.anovapeneira.gal\\\/#\\\/schema\\\/logo\\\/image\\\/\",\"url\":\"http:\\\/\\\/www.anovapeneira.gal\\\/wp-content\\\/uploads\\\/2019\\\/06\\\/logo_a_nova_peneira_portal_web.png\",\"contentUrl\":\"http:\\\/\\\/www.anovapeneira.gal\\\/wp-content\\\/uploads\\\/2019\\\/06\\\/logo_a_nova_peneira_portal_web.png\",\"width\":300,\"height\":100,\"caption\":\"A Nova Peneira\"},\"image\":{\"@id\":\"https:\\\/\\\/www.anovapeneira.gal\\\/#\\\/schema\\\/logo\\\/image\\\/\"},\"sameAs\":[\"https:\\\/\\\/www.facebook.com\\\/anovapeneira\",\"https:\\\/\\\/x.com\\\/APeneira\"]},{\"@type\":\"Person\",\"@id\":\"https:\\\/\\\/www.anovapeneira.gal\\\/#\\\/schema\\\/person\\\/b93e3f8932e3f8da96334607eb6ac6aa\",\"name\":\"Redacci\u00f3n A Nova Peneira\",\"image\":{\"@type\":\"ImageObject\",\"inLanguage\":\"gl-ES\",\"@id\":\"https:\\\/\\\/secure.gravatar.com\\\/avatar\\\/c052a2551a06e23fac63626232eaa90abd78dbcf1700fc46a2b2c89fd27b735f?s=96&d=mm&r=g\",\"url\":\"https:\\\/\\\/secure.gravatar.com\\\/avatar\\\/c052a2551a06e23fac63626232eaa90abd78dbcf1700fc46a2b2c89fd27b735f?s=96&d=mm&r=g\",\"contentUrl\":\"https:\\\/\\\/secure.gravatar.com\\\/avatar\\\/c052a2551a06e23fac63626232eaa90abd78dbcf1700fc46a2b2c89fd27b735f?s=96&d=mm&r=g\",\"caption\":\"Redacci\u00f3n A Nova Peneira\"},\"sameAs\":[\"http:\\\/\\\/www.anovapeneira.gal\\\/\"],\"url\":\"https:\\\/\\\/www.anovapeneira.gal\\\/index.php\\\/author\\\/redactor\\\/\"}]}<\/script>\n<!-- \/ Yoast SEO plugin. -->","yoast_head_json":{"title":"O Grupo Com\u00fan da Esquerda insta a \"moderar o optimismo\" sobre a negociaci\u00f3n das cotas de pesca na UE -","robots":{"index":"index","follow":"follow","max-snippet":"max-snippet:-1","max-image-preview":"max-image-preview:large","max-video-preview":"max-video-preview:-1"},"canonical":"https:\/\/www.anovapeneira.gal\/index.php\/2019\/12\/27\/o-grupo-comun-da-esquerda-insta-a-moderar-o-optimismo-sobre-a-negociacion-das-cotas-de-pesca-na-ue\/","og_locale":"gl_ES","og_type":"article","og_title":"O Grupo Com\u00fan da Esquerda insta a \"moderar o optimismo\" sobre a negociaci\u00f3n das cotas de pesca na UE -","og_description":"Lamentamos que a conselleira amose como vitoria o que non \u00e9 nada m\u00e1is que plasmar o que dic\u00edan os informes [...]","og_url":"https:\/\/www.anovapeneira.gal\/index.php\/2019\/12\/27\/o-grupo-comun-da-esquerda-insta-a-moderar-o-optimismo-sobre-a-negociacion-das-cotas-de-pesca-na-ue\/","article_publisher":"https:\/\/www.facebook.com\/anovapeneira","article_published_time":"2019-12-27T11:00:57+00:00","og_image":[{"width":720,"height":432,"url":"https:\/\/www.anovapeneira.gal\/wp-content\/uploads\/2019\/12\/grupo_comun_da_esquerda_a_nova_peneira.jpg","type":"image\/jpeg"}],"author":"Redacci\u00f3n A Nova Peneira","twitter_card":"summary_large_image","twitter_creator":"@APeneira","twitter_site":"@APeneira","twitter_misc":{"Escrito por":"Redacci\u00f3n A Nova Peneira","Tempo de lectura":"2 minutos"},"schema":{"@context":"https:\/\/schema.org","@graph":[{"@type":"Article","@id":"https:\/\/www.anovapeneira.gal\/index.php\/2019\/12\/27\/o-grupo-comun-da-esquerda-insta-a-moderar-o-optimismo-sobre-a-negociacion-das-cotas-de-pesca-na-ue\/#article","isPartOf":{"@id":"https:\/\/www.anovapeneira.gal\/index.php\/2019\/12\/27\/o-grupo-comun-da-esquerda-insta-a-moderar-o-optimismo-sobre-a-negociacion-das-cotas-de-pesca-na-ue\/"},"author":{"name":"Redacci\u00f3n A Nova Peneira","@id":"https:\/\/www.anovapeneira.gal\/#\/schema\/person\/b93e3f8932e3f8da96334607eb6ac6aa"},"headline":"O Grupo Com\u00fan da Esquerda insta a &#8220;moderar o optimismo&#8221; sobre a negociaci\u00f3n das cotas de pesca na UE","datePublished":"2019-12-27T11:00:57+00:00","mainEntityOfPage":{"@id":"https:\/\/www.anovapeneira.gal\/index.php\/2019\/12\/27\/o-grupo-comun-da-esquerda-insta-a-moderar-o-optimismo-sobre-a-negociacion-das-cotas-de-pesca-na-ue\/"},"wordCount":365,"commentCount":0,"publisher":{"@id":"https:\/\/www.anovapeneira.gal\/#organization"},"image":{"@id":"https:\/\/www.anovapeneira.gal\/index.php\/2019\/12\/27\/o-grupo-comun-da-esquerda-insta-a-moderar-o-optimismo-sobre-a-negociacion-das-cotas-de-pesca-na-ue\/#primaryimage"},"thumbnailUrl":"https:\/\/www.anovapeneira.gal\/wp-content\/uploads\/2019\/12\/grupo_comun_da_esquerda_a_nova_peneira.jpg","keywords":["Grupo Com\u00fan da Esquerda","Pol\u00edtica"],"articleSection":["Novas"],"inLanguage":"gl-ES","potentialAction":[{"@type":"CommentAction","name":"Comment","target":["https:\/\/www.anovapeneira.gal\/index.php\/2019\/12\/27\/o-grupo-comun-da-esquerda-insta-a-moderar-o-optimismo-sobre-a-negociacion-das-cotas-de-pesca-na-ue\/#respond"]}]},{"@type":"WebPage","@id":"https:\/\/www.anovapeneira.gal\/index.php\/2019\/12\/27\/o-grupo-comun-da-esquerda-insta-a-moderar-o-optimismo-sobre-a-negociacion-das-cotas-de-pesca-na-ue\/","url":"https:\/\/www.anovapeneira.gal\/index.php\/2019\/12\/27\/o-grupo-comun-da-esquerda-insta-a-moderar-o-optimismo-sobre-a-negociacion-das-cotas-de-pesca-na-ue\/","name":"O Grupo Com\u00fan da Esquerda insta a \"moderar o optimismo\" sobre a negociaci\u00f3n das cotas de pesca na UE -","isPartOf":{"@id":"https:\/\/www.anovapeneira.gal\/#website"},"primaryImageOfPage":{"@id":"https:\/\/www.anovapeneira.gal\/index.php\/2019\/12\/27\/o-grupo-comun-da-esquerda-insta-a-moderar-o-optimismo-sobre-a-negociacion-das-cotas-de-pesca-na-ue\/#primaryimage"},"image":{"@id":"https:\/\/www.anovapeneira.gal\/index.php\/2019\/12\/27\/o-grupo-comun-da-esquerda-insta-a-moderar-o-optimismo-sobre-a-negociacion-das-cotas-de-pesca-na-ue\/#primaryimage"},"thumbnailUrl":"https:\/\/www.anovapeneira.gal\/wp-content\/uploads\/2019\/12\/grupo_comun_da_esquerda_a_nova_peneira.jpg","datePublished":"2019-12-27T11:00:57+00:00","breadcrumb":{"@id":"https:\/\/www.anovapeneira.gal\/index.php\/2019\/12\/27\/o-grupo-comun-da-esquerda-insta-a-moderar-o-optimismo-sobre-a-negociacion-das-cotas-de-pesca-na-ue\/#breadcrumb"},"inLanguage":"gl-ES","potentialAction":[{"@type":"ReadAction","target":["https:\/\/www.anovapeneira.gal\/index.php\/2019\/12\/27\/o-grupo-comun-da-esquerda-insta-a-moderar-o-optimismo-sobre-a-negociacion-das-cotas-de-pesca-na-ue\/"]}]},{"@type":"ImageObject","inLanguage":"gl-ES","@id":"https:\/\/www.anovapeneira.gal\/index.php\/2019\/12\/27\/o-grupo-comun-da-esquerda-insta-a-moderar-o-optimismo-sobre-a-negociacion-das-cotas-de-pesca-na-ue\/#primaryimage","url":"https:\/\/www.anovapeneira.gal\/wp-content\/uploads\/2019\/12\/grupo_comun_da_esquerda_a_nova_peneira.jpg","contentUrl":"https:\/\/www.anovapeneira.gal\/wp-content\/uploads\/2019\/12\/grupo_comun_da_esquerda_a_nova_peneira.jpg","width":720,"height":432,"caption":"Grupo Com\u00fan da Esquerda A Nova Peneira"},{"@type":"BreadcrumbList","@id":"https:\/\/www.anovapeneira.gal\/index.php\/2019\/12\/27\/o-grupo-comun-da-esquerda-insta-a-moderar-o-optimismo-sobre-a-negociacion-das-cotas-de-pesca-na-ue\/#breadcrumb","itemListElement":[{"@type":"ListItem","position":1,"name":"Portada","item":"https:\/\/www.anovapeneira.gal\/"},{"@type":"ListItem","position":2,"name":"O Grupo Com\u00fan da Esquerda insta a &#8220;moderar o optimismo&#8221; sobre a negociaci\u00f3n das cotas de pesca na UE"}]},{"@type":"WebSite","@id":"https:\/\/www.anovapeneira.gal\/#website","url":"https:\/\/www.anovapeneira.gal\/","name":"","description":"Xornal galego de informaci\u00f3n xeral Publicaci\u00f3n mensual de novas de Galicia e en especial dos Concellos da sur da provincia de Pontevedra.","publisher":{"@id":"https:\/\/www.anovapeneira.gal\/#organization"},"potentialAction":[{"@type":"SearchAction","target":{"@type":"EntryPoint","urlTemplate":"https:\/\/www.anovapeneira.gal\/?s={search_term_string}"},"query-input":{"@type":"PropertyValueSpecification","valueRequired":true,"valueName":"search_term_string"}}],"inLanguage":"gl-ES"},{"@type":"Organization","@id":"https:\/\/www.anovapeneira.gal\/#organization","name":"A Nova Peneira","url":"https:\/\/www.anovapeneira.gal\/","logo":{"@type":"ImageObject","inLanguage":"gl-ES","@id":"https:\/\/www.anovapeneira.gal\/#\/schema\/logo\/image\/","url":"http:\/\/www.anovapeneira.gal\/wp-content\/uploads\/2019\/06\/logo_a_nova_peneira_portal_web.png","contentUrl":"http:\/\/www.anovapeneira.gal\/wp-content\/uploads\/2019\/06\/logo_a_nova_peneira_portal_web.png","width":300,"height":100,"caption":"A Nova Peneira"},"image":{"@id":"https:\/\/www.anovapeneira.gal\/#\/schema\/logo\/image\/"},"sameAs":["https:\/\/www.facebook.com\/anovapeneira","https:\/\/x.com\/APeneira"]},{"@type":"Person","@id":"https:\/\/www.anovapeneira.gal\/#\/schema\/person\/b93e3f8932e3f8da96334607eb6ac6aa","name":"Redacci\u00f3n A Nova Peneira","image":{"@type":"ImageObject","inLanguage":"gl-ES","@id":"https:\/\/secure.gravatar.com\/avatar\/c052a2551a06e23fac63626232eaa90abd78dbcf1700fc46a2b2c89fd27b735f?s=96&d=mm&r=g","url":"https:\/\/secure.gravatar.com\/avatar\/c052a2551a06e23fac63626232eaa90abd78dbcf1700fc46a2b2c89fd27b735f?s=96&d=mm&r=g","contentUrl":"https:\/\/secure.gravatar.com\/avatar\/c052a2551a06e23fac63626232eaa90abd78dbcf1700fc46a2b2c89fd27b735f?s=96&d=mm&r=g","caption":"Redacci\u00f3n A Nova Peneira"},"sameAs":["http:\/\/www.anovapeneira.gal\/"],"url":"https:\/\/www.anovapeneira.gal\/index.php\/author\/redactor\/"}]}},"jetpack_featured_media_url":"https:\/\/www.anovapeneira.gal\/wp-content\/uploads\/2019\/12\/grupo_comun_da_esquerda_a_nova_peneira.jpg","_links":{"self":[{"href":"https:\/\/www.anovapeneira.gal\/index.php\/wp-json\/wp\/v2\/posts\/2128","targetHints":{"allow":["GET"]}}],"collection":[{"href":"https:\/\/www.anovapeneira.gal\/index.php\/wp-json\/wp\/v2\/posts"}],"about":[{"href":"https:\/\/www.anovapeneira.gal\/index.php\/wp-json\/wp\/v2\/types\/post"}],"author":[{"embeddable":true,"href":"https:\/\/www.anovapeneira.gal\/index.php\/wp-json\/wp\/v2\/users\/3"}],"replies":[{"embeddable":true,"href":"https:\/\/www.anovapeneira.gal\/index.php\/wp-json\/wp\/v2\/comments?post=2128"}],"version-history":[{"count":1,"href":"https:\/\/www.anovapeneira.gal\/index.php\/wp-json\/wp\/v2\/posts\/2128\/revisions"}],"predecessor-version":[{"id":2131,"href":"https:\/\/www.anovapeneira.gal\/index.php\/wp-json\/wp\/v2\/posts\/2128\/revisions\/2131"}],"wp:featuredmedia":[{"embeddable":true,"href":"https:\/\/www.anovapeneira.gal\/index.php\/wp-json\/wp\/v2\/media\/2130"}],"wp:attachment":[{"href":"https:\/\/www.anovapeneira.gal\/index.php\/wp-json\/wp\/v2\/media?parent=2128"}],"wp:term":[{"taxonomy":"category","embeddable":true,"href":"https:\/\/www.anovapeneira.gal\/index.php\/wp-json\/wp\/v2\/categories?post=2128"},{"taxonomy":"post_tag","embeddable":true,"href":"https:\/\/www.anovapeneira.gal\/index.php\/wp-json\/wp\/v2\/tags?post=2128"}],"curies":[{"name":"wp","href":"https:\/\/api.w.org\/{rel}","templated":true}]}}