{"id":2136,"date":"2019-12-26T16:02:20","date_gmt":"2019-12-26T15:02:20","guid":{"rendered":"http:\/\/www.anovapeneira.gal\/?p=2136"},"modified":"2020-01-21T08:53:33","modified_gmt":"2020-01-21T07:53:33","slug":"sempre-presentes","status":"publish","type":"post","link":"https:\/\/www.anovapeneira.gal\/index.php\/2019\/12\/26\/sempre-presentes\/","title":{"rendered":"Sempre presentes"},"content":{"rendered":"\n<figure class=\"wp-block-image size-large is-resized\"><img loading=\"lazy\" decoding=\"async\" src=\"http:\/\/www.anovapeneira.gal\/wp-content\/uploads\/2019\/12\/presidente_a_tameiga_mos_a_nova_peneira.jpg\" alt=\"A Tameiga Mos A Nova Peneira\" class=\"wp-image-2137\" width=\"95\" height=\"111\"\/><figcaption>Antonio Cajide | Presidente da Comunidade de Montes de Tameiga <\/figcaption><\/figure>\n\n\n\n<p>O 2019 foi un ano agridoce, cheo de grandes fitos protagonizados pola veci\u00f1anza comuneira pero non falto de desgustos e amarguras. Pero postos a escoller, eu qu\u00e9dome coa veci\u00f1anza tinxida de verde, a solidariedade cotiza a alza en Tameiga. As veci\u00f1as e veci\u00f1os comuneiros acudiron prestos a cada cita na defensa dos montes comunais: andainas, palestras, manifestaci\u00f3ns, concentraci\u00f3ns,&#8230; Sempre presentes.&nbsp;<br><\/p>\n\n\n\n<p>Enchemos de dignidade a praza do Concello cunha participaci\u00f3n hist\u00f3rica; m\u00e1is de trescentas persoas percorremos os montes de Tameiga nunha andaina solidaria; nunca un profesor en econom\u00eda aplicada tivo unha audiencia tan entregada como a veci\u00f1anza que abarrotou o auditorio do Pazo de Mos e levamos a marea verde a Compostela na defensa do monte galego e a Vigo cami\u00f1ando xuntas polo clima. A veci\u00f1anza nunca defraudou, sempre presente.&nbsp;<br><\/p>\n\n\n\n<p>Un orgullo compartir parroquia cunha veci\u00f1anza que defende a s\u00faa dignidade como comunidade, que non deixa que de fora lle impo\u00f1an como ten que ser e pensar.&nbsp;<br><\/p>\n\n\n\n<p>Para salvar o nosos montes comunais nunca cami\u00f1amos s\u00f3s. As comunidades de auga afectadas e a asociaci\u00f3n veci\u00f1al da parroquia apretan c\u00f3bado con c\u00f3bado connosco como numantinos. Temos tam\u00e9n o respaldo de todo o movemento ecoloxista (Greenpeace, Verdegaia, Ecoloxistas en Acci\u00f3n, Adega, Fridays for future,&#8230;) e das centrais sindicais do pa\u00eds (CIG, CCOO, CGT, CUT, UGT,&#8230;). E desde hoxe tam\u00e9n contamos co reco\u00f1ecemento da ONU pola nosa denodada labor por manter os montes e os seus usos comunais fora do alcance da especulaci\u00f3n. A propia organizaci\u00f3n mundial fai un chamado \u00e1s administraci\u00f3ns tanto local como auton\u00f3mica para que respecten a vontade da veci\u00f1anza comuneira expresada democr\u00e1tica mente nas s\u00faas asembleas. Pero a cobiza ten sordeira cr\u00f3nica.&nbsp;<br><\/p>\n\n\n\n<p>O cami\u00f1o non estivo exento de amarguras. A desaz\u00f3n foi grande vendo como se criminalizaba \u00e1s directivas das tra\u00eddas e como se ensa\u00f1aban contra os meus compa\u00f1eiros e compa\u00f1eiras de xunta reitera. Contivemos a rabia vendo como se trataba como delincuentes \u00e1s veci\u00f1as e veci\u00f1os por exercer&nbsp; uns dereitos democr\u00e1ticos tan b\u00e1sicos como os de libre asociaci\u00f3n e libertade de expresi\u00f3n. Dispararon acusaci\u00f3ns contra todo aquel que levantou a voz denunciando a inxustiza. Abusando dos poderes do cargo intentaron intimidarnos e desacreditarnos para que a veci\u00f1anza perdera os seus referentes e rematara sumisa \u00e1s agresi\u00f3ns. Anunciaron tantos delitos e detenci\u00f3ns que segundo eles media Tameiga deber\u00eda de estar xa entre rexas, pero o certo \u00e9 que estamos todos e todas na casa tomando tranquilamente o turr\u00f3n. Mentres, quen pode rematar tendo serios problemas coa xustiza son os promotores da operaci\u00f3n especulativa. A alongada sombra da sospeita c\u00e9rnese sobre eles. Agardamos que a fiscal\u00eda abra dilixencias en base as m\u00faltiples irregularidades detectadas na concesi\u00f3n.<br><\/p>\n\n\n\n<p>Ante a absoluta carencia de apoio popular agora queren construir a falacia de que as elecci\u00f3ns municipais foron un plebiscito sobre o seu proxecto pero a parroquia lembra como asaltaron casa por casa xurando que nunca expropiar\u00edan o monte de Tameiga e que nunca far\u00edan nada sen o consenso da comunidade. Se as mentiras foran comestibles, en Mos hai tempo que ti\u00f1amos rematado coa fame do mundo.&nbsp;<br><\/p>\n\n\n\n<p>Moito se empe\u00f1an en facer ru\u00eddo medi\u00e1tico simulando o Macro Centro Comercial como algo feito, pero o seu desprop\u00f3sito segue estando fora de toda ordenaci\u00f3n e as\u00ed quedar\u00e1 ante a marea de alegaci\u00f3ns que vai inundar o Concello de Mos para parar o proceso de expropiaci\u00f3n e recualificaci\u00f3n dos montes comunais.&nbsp;<br><\/p>\n\n\n\n<p>Ax\u00edtanse e rev\u00f3lvense contra n\u00f3s porque a tempestade mudou ao seu barrio mentres en Tameiga brila o sol da solidariedade. Mentres a veci\u00f1anza comuneira estea sempre presente te\u00f1o a segura certeza de que NON PASAR\u00c1N!.&nbsp;<\/p>\n","protected":false},"excerpt":{"rendered":"<div class=\"mh-excerpt\"><p>O 2019 foi un ano agridoce, cheo de grandes fitos protagonizados pola veci\u00f1anza comuneira pero non falto de desgustos e amarguras. <a class=\"mh-excerpt-more\" href=\"https:\/\/www.anovapeneira.gal\/index.php\/2019\/12\/26\/sempre-presentes\/\" title=\"Sempre presentes\">[&#8230;]<\/a><\/p>\n<\/div>","protected":false},"author":3,"featured_media":2138,"comment_status":"open","ping_status":"open","sticky":false,"template":"","format":"standard","meta":{"_exactmetrics_skip_tracking":false,"_exactmetrics_sitenote_active":false,"_exactmetrics_sitenote_note":"","_exactmetrics_sitenote_category":0,"footnotes":""},"categories":[23],"tags":[561,218,712],"class_list":{"0":"post-2136","1":"post","2":"type-post","3":"status-publish","4":"format-standard","5":"has-post-thumbnail","7":"category-a-lourina","8":"tag-comunidade-de-montes-de-tameiga","9":"tag-concello-de-mos","10":"tag-tameiga"},"yoast_head":"<!-- This site is optimized with the Yoast SEO plugin v27.4 - https:\/\/yoast.com\/product\/yoast-seo-wordpress\/ -->\n<title>Sempre presentes -<\/title>\n<meta name=\"robots\" content=\"index, follow, max-snippet:-1, max-image-preview:large, max-video-preview:-1\" \/>\n<link rel=\"canonical\" href=\"https:\/\/www.anovapeneira.gal\/index.php\/2019\/12\/26\/sempre-presentes\/\" \/>\n<meta property=\"og:locale\" content=\"gl_ES\" \/>\n<meta property=\"og:type\" content=\"article\" \/>\n<meta property=\"og:title\" content=\"Sempre presentes -\" \/>\n<meta property=\"og:description\" content=\"O 2019 foi un ano agridoce, cheo de grandes fitos protagonizados pola veci\u00f1anza comuneira pero non falto de desgustos e amarguras. [...]\" \/>\n<meta property=\"og:url\" content=\"https:\/\/www.anovapeneira.gal\/index.php\/2019\/12\/26\/sempre-presentes\/\" \/>\n<meta property=\"article:publisher\" content=\"https:\/\/www.facebook.com\/anovapeneira\" \/>\n<meta property=\"article:published_time\" content=\"2019-12-26T15:02:20+00:00\" \/>\n<meta property=\"article:modified_time\" content=\"2020-01-21T07:53:33+00:00\" \/>\n<meta property=\"og:image\" content=\"https:\/\/www.anovapeneira.gal\/wp-content\/uploads\/2019\/12\/centro_comercial_tameiga.jpg\" \/>\n\t<meta property=\"og:image:width\" content=\"720\" \/>\n\t<meta property=\"og:image:height\" content=\"432\" \/>\n\t<meta property=\"og:image:type\" content=\"image\/jpeg\" \/>\n<meta name=\"author\" content=\"Redacci\u00f3n A Nova Peneira\" \/>\n<meta name=\"twitter:card\" content=\"summary_large_image\" \/>\n<meta name=\"twitter:creator\" content=\"@APeneira\" \/>\n<meta name=\"twitter:site\" content=\"@APeneira\" \/>\n<meta name=\"twitter:label1\" content=\"Escrito por\" \/>\n\t<meta name=\"twitter:data1\" content=\"Redacci\u00f3n A Nova Peneira\" \/>\n\t<meta name=\"twitter:label2\" content=\"Tempo de lectura\" \/>\n\t<meta name=\"twitter:data2\" content=\"3 minutos\" \/>\n<script type=\"application\/ld+json\" class=\"yoast-schema-graph\">{\"@context\":\"https:\\\/\\\/schema.org\",\"@graph\":[{\"@type\":\"Article\",\"@id\":\"https:\\\/\\\/www.anovapeneira.gal\\\/index.php\\\/2019\\\/12\\\/26\\\/sempre-presentes\\\/#article\",\"isPartOf\":{\"@id\":\"https:\\\/\\\/www.anovapeneira.gal\\\/index.php\\\/2019\\\/12\\\/26\\\/sempre-presentes\\\/\"},\"author\":{\"name\":\"Redacci\u00f3n A Nova Peneira\",\"@id\":\"https:\\\/\\\/www.anovapeneira.gal\\\/#\\\/schema\\\/person\\\/b93e3f8932e3f8da96334607eb6ac6aa\"},\"headline\":\"Sempre presentes\",\"datePublished\":\"2019-12-26T15:02:20+00:00\",\"dateModified\":\"2020-01-21T07:53:33+00:00\",\"mainEntityOfPage\":{\"@id\":\"https:\\\/\\\/www.anovapeneira.gal\\\/index.php\\\/2019\\\/12\\\/26\\\/sempre-presentes\\\/\"},\"wordCount\":682,\"commentCount\":0,\"publisher\":{\"@id\":\"https:\\\/\\\/www.anovapeneira.gal\\\/#organization\"},\"image\":{\"@id\":\"https:\\\/\\\/www.anovapeneira.gal\\\/index.php\\\/2019\\\/12\\\/26\\\/sempre-presentes\\\/#primaryimage\"},\"thumbnailUrl\":\"https:\\\/\\\/www.anovapeneira.gal\\\/wp-content\\\/uploads\\\/2019\\\/12\\\/centro_comercial_tameiga.jpg\",\"keywords\":[\"Comunidade de montes de Tameiga\",\"Concello de Mos\",\"Tameiga\"],\"articleSection\":[\"A Louri\u00f1a\"],\"inLanguage\":\"gl-ES\",\"potentialAction\":[{\"@type\":\"CommentAction\",\"name\":\"Comment\",\"target\":[\"https:\\\/\\\/www.anovapeneira.gal\\\/index.php\\\/2019\\\/12\\\/26\\\/sempre-presentes\\\/#respond\"]}]},{\"@type\":\"WebPage\",\"@id\":\"https:\\\/\\\/www.anovapeneira.gal\\\/index.php\\\/2019\\\/12\\\/26\\\/sempre-presentes\\\/\",\"url\":\"https:\\\/\\\/www.anovapeneira.gal\\\/index.php\\\/2019\\\/12\\\/26\\\/sempre-presentes\\\/\",\"name\":\"Sempre presentes -\",\"isPartOf\":{\"@id\":\"https:\\\/\\\/www.anovapeneira.gal\\\/#website\"},\"primaryImageOfPage\":{\"@id\":\"https:\\\/\\\/www.anovapeneira.gal\\\/index.php\\\/2019\\\/12\\\/26\\\/sempre-presentes\\\/#primaryimage\"},\"image\":{\"@id\":\"https:\\\/\\\/www.anovapeneira.gal\\\/index.php\\\/2019\\\/12\\\/26\\\/sempre-presentes\\\/#primaryimage\"},\"thumbnailUrl\":\"https:\\\/\\\/www.anovapeneira.gal\\\/wp-content\\\/uploads\\\/2019\\\/12\\\/centro_comercial_tameiga.jpg\",\"datePublished\":\"2019-12-26T15:02:20+00:00\",\"dateModified\":\"2020-01-21T07:53:33+00:00\",\"breadcrumb\":{\"@id\":\"https:\\\/\\\/www.anovapeneira.gal\\\/index.php\\\/2019\\\/12\\\/26\\\/sempre-presentes\\\/#breadcrumb\"},\"inLanguage\":\"gl-ES\",\"potentialAction\":[{\"@type\":\"ReadAction\",\"target\":[\"https:\\\/\\\/www.anovapeneira.gal\\\/index.php\\\/2019\\\/12\\\/26\\\/sempre-presentes\\\/\"]}]},{\"@type\":\"ImageObject\",\"inLanguage\":\"gl-ES\",\"@id\":\"https:\\\/\\\/www.anovapeneira.gal\\\/index.php\\\/2019\\\/12\\\/26\\\/sempre-presentes\\\/#primaryimage\",\"url\":\"https:\\\/\\\/www.anovapeneira.gal\\\/wp-content\\\/uploads\\\/2019\\\/12\\\/centro_comercial_tameiga.jpg\",\"contentUrl\":\"https:\\\/\\\/www.anovapeneira.gal\\\/wp-content\\\/uploads\\\/2019\\\/12\\\/centro_comercial_tameiga.jpg\",\"width\":720,\"height\":432,\"caption\":\"Centro Comercial Tameiga Mos A Nova Peneira\"},{\"@type\":\"BreadcrumbList\",\"@id\":\"https:\\\/\\\/www.anovapeneira.gal\\\/index.php\\\/2019\\\/12\\\/26\\\/sempre-presentes\\\/#breadcrumb\",\"itemListElement\":[{\"@type\":\"ListItem\",\"position\":1,\"name\":\"Portada\",\"item\":\"https:\\\/\\\/www.anovapeneira.gal\\\/\"},{\"@type\":\"ListItem\",\"position\":2,\"name\":\"Sempre presentes\"}]},{\"@type\":\"WebSite\",\"@id\":\"https:\\\/\\\/www.anovapeneira.gal\\\/#website\",\"url\":\"https:\\\/\\\/www.anovapeneira.gal\\\/\",\"name\":\"\",\"description\":\"Xornal galego de informaci\u00f3n xeral Publicaci\u00f3n mensual de novas de Galicia e en especial dos Concellos da sur da provincia de Pontevedra.\",\"publisher\":{\"@id\":\"https:\\\/\\\/www.anovapeneira.gal\\\/#organization\"},\"potentialAction\":[{\"@type\":\"SearchAction\",\"target\":{\"@type\":\"EntryPoint\",\"urlTemplate\":\"https:\\\/\\\/www.anovapeneira.gal\\\/?s={search_term_string}\"},\"query-input\":{\"@type\":\"PropertyValueSpecification\",\"valueRequired\":true,\"valueName\":\"search_term_string\"}}],\"inLanguage\":\"gl-ES\"},{\"@type\":\"Organization\",\"@id\":\"https:\\\/\\\/www.anovapeneira.gal\\\/#organization\",\"name\":\"A Nova Peneira\",\"url\":\"https:\\\/\\\/www.anovapeneira.gal\\\/\",\"logo\":{\"@type\":\"ImageObject\",\"inLanguage\":\"gl-ES\",\"@id\":\"https:\\\/\\\/www.anovapeneira.gal\\\/#\\\/schema\\\/logo\\\/image\\\/\",\"url\":\"http:\\\/\\\/www.anovapeneira.gal\\\/wp-content\\\/uploads\\\/2019\\\/06\\\/logo_a_nova_peneira_portal_web.png\",\"contentUrl\":\"http:\\\/\\\/www.anovapeneira.gal\\\/wp-content\\\/uploads\\\/2019\\\/06\\\/logo_a_nova_peneira_portal_web.png\",\"width\":300,\"height\":100,\"caption\":\"A Nova Peneira\"},\"image\":{\"@id\":\"https:\\\/\\\/www.anovapeneira.gal\\\/#\\\/schema\\\/logo\\\/image\\\/\"},\"sameAs\":[\"https:\\\/\\\/www.facebook.com\\\/anovapeneira\",\"https:\\\/\\\/x.com\\\/APeneira\"]},{\"@type\":\"Person\",\"@id\":\"https:\\\/\\\/www.anovapeneira.gal\\\/#\\\/schema\\\/person\\\/b93e3f8932e3f8da96334607eb6ac6aa\",\"name\":\"Redacci\u00f3n A Nova Peneira\",\"image\":{\"@type\":\"ImageObject\",\"inLanguage\":\"gl-ES\",\"@id\":\"https:\\\/\\\/secure.gravatar.com\\\/avatar\\\/c052a2551a06e23fac63626232eaa90abd78dbcf1700fc46a2b2c89fd27b735f?s=96&d=mm&r=g\",\"url\":\"https:\\\/\\\/secure.gravatar.com\\\/avatar\\\/c052a2551a06e23fac63626232eaa90abd78dbcf1700fc46a2b2c89fd27b735f?s=96&d=mm&r=g\",\"contentUrl\":\"https:\\\/\\\/secure.gravatar.com\\\/avatar\\\/c052a2551a06e23fac63626232eaa90abd78dbcf1700fc46a2b2c89fd27b735f?s=96&d=mm&r=g\",\"caption\":\"Redacci\u00f3n A Nova Peneira\"},\"sameAs\":[\"http:\\\/\\\/www.anovapeneira.gal\\\/\"],\"url\":\"https:\\\/\\\/www.anovapeneira.gal\\\/index.php\\\/author\\\/redactor\\\/\"}]}<\/script>\n<!-- \/ Yoast SEO plugin. -->","yoast_head_json":{"title":"Sempre presentes -","robots":{"index":"index","follow":"follow","max-snippet":"max-snippet:-1","max-image-preview":"max-image-preview:large","max-video-preview":"max-video-preview:-1"},"canonical":"https:\/\/www.anovapeneira.gal\/index.php\/2019\/12\/26\/sempre-presentes\/","og_locale":"gl_ES","og_type":"article","og_title":"Sempre presentes -","og_description":"O 2019 foi un ano agridoce, cheo de grandes fitos protagonizados pola veci\u00f1anza comuneira pero non falto de desgustos e amarguras. [...]","og_url":"https:\/\/www.anovapeneira.gal\/index.php\/2019\/12\/26\/sempre-presentes\/","article_publisher":"https:\/\/www.facebook.com\/anovapeneira","article_published_time":"2019-12-26T15:02:20+00:00","article_modified_time":"2020-01-21T07:53:33+00:00","og_image":[{"width":720,"height":432,"url":"https:\/\/www.anovapeneira.gal\/wp-content\/uploads\/2019\/12\/centro_comercial_tameiga.jpg","type":"image\/jpeg"}],"author":"Redacci\u00f3n A Nova Peneira","twitter_card":"summary_large_image","twitter_creator":"@APeneira","twitter_site":"@APeneira","twitter_misc":{"Escrito por":"Redacci\u00f3n A Nova Peneira","Tempo de lectura":"3 minutos"},"schema":{"@context":"https:\/\/schema.org","@graph":[{"@type":"Article","@id":"https:\/\/www.anovapeneira.gal\/index.php\/2019\/12\/26\/sempre-presentes\/#article","isPartOf":{"@id":"https:\/\/www.anovapeneira.gal\/index.php\/2019\/12\/26\/sempre-presentes\/"},"author":{"name":"Redacci\u00f3n A Nova Peneira","@id":"https:\/\/www.anovapeneira.gal\/#\/schema\/person\/b93e3f8932e3f8da96334607eb6ac6aa"},"headline":"Sempre presentes","datePublished":"2019-12-26T15:02:20+00:00","dateModified":"2020-01-21T07:53:33+00:00","mainEntityOfPage":{"@id":"https:\/\/www.anovapeneira.gal\/index.php\/2019\/12\/26\/sempre-presentes\/"},"wordCount":682,"commentCount":0,"publisher":{"@id":"https:\/\/www.anovapeneira.gal\/#organization"},"image":{"@id":"https:\/\/www.anovapeneira.gal\/index.php\/2019\/12\/26\/sempre-presentes\/#primaryimage"},"thumbnailUrl":"https:\/\/www.anovapeneira.gal\/wp-content\/uploads\/2019\/12\/centro_comercial_tameiga.jpg","keywords":["Comunidade de montes de Tameiga","Concello de Mos","Tameiga"],"articleSection":["A Louri\u00f1a"],"inLanguage":"gl-ES","potentialAction":[{"@type":"CommentAction","name":"Comment","target":["https:\/\/www.anovapeneira.gal\/index.php\/2019\/12\/26\/sempre-presentes\/#respond"]}]},{"@type":"WebPage","@id":"https:\/\/www.anovapeneira.gal\/index.php\/2019\/12\/26\/sempre-presentes\/","url":"https:\/\/www.anovapeneira.gal\/index.php\/2019\/12\/26\/sempre-presentes\/","name":"Sempre presentes -","isPartOf":{"@id":"https:\/\/www.anovapeneira.gal\/#website"},"primaryImageOfPage":{"@id":"https:\/\/www.anovapeneira.gal\/index.php\/2019\/12\/26\/sempre-presentes\/#primaryimage"},"image":{"@id":"https:\/\/www.anovapeneira.gal\/index.php\/2019\/12\/26\/sempre-presentes\/#primaryimage"},"thumbnailUrl":"https:\/\/www.anovapeneira.gal\/wp-content\/uploads\/2019\/12\/centro_comercial_tameiga.jpg","datePublished":"2019-12-26T15:02:20+00:00","dateModified":"2020-01-21T07:53:33+00:00","breadcrumb":{"@id":"https:\/\/www.anovapeneira.gal\/index.php\/2019\/12\/26\/sempre-presentes\/#breadcrumb"},"inLanguage":"gl-ES","potentialAction":[{"@type":"ReadAction","target":["https:\/\/www.anovapeneira.gal\/index.php\/2019\/12\/26\/sempre-presentes\/"]}]},{"@type":"ImageObject","inLanguage":"gl-ES","@id":"https:\/\/www.anovapeneira.gal\/index.php\/2019\/12\/26\/sempre-presentes\/#primaryimage","url":"https:\/\/www.anovapeneira.gal\/wp-content\/uploads\/2019\/12\/centro_comercial_tameiga.jpg","contentUrl":"https:\/\/www.anovapeneira.gal\/wp-content\/uploads\/2019\/12\/centro_comercial_tameiga.jpg","width":720,"height":432,"caption":"Centro Comercial Tameiga Mos A Nova Peneira"},{"@type":"BreadcrumbList","@id":"https:\/\/www.anovapeneira.gal\/index.php\/2019\/12\/26\/sempre-presentes\/#breadcrumb","itemListElement":[{"@type":"ListItem","position":1,"name":"Portada","item":"https:\/\/www.anovapeneira.gal\/"},{"@type":"ListItem","position":2,"name":"Sempre presentes"}]},{"@type":"WebSite","@id":"https:\/\/www.anovapeneira.gal\/#website","url":"https:\/\/www.anovapeneira.gal\/","name":"","description":"Xornal galego de informaci\u00f3n xeral Publicaci\u00f3n mensual de novas de Galicia e en especial dos Concellos da sur da provincia de Pontevedra.","publisher":{"@id":"https:\/\/www.anovapeneira.gal\/#organization"},"potentialAction":[{"@type":"SearchAction","target":{"@type":"EntryPoint","urlTemplate":"https:\/\/www.anovapeneira.gal\/?s={search_term_string}"},"query-input":{"@type":"PropertyValueSpecification","valueRequired":true,"valueName":"search_term_string"}}],"inLanguage":"gl-ES"},{"@type":"Organization","@id":"https:\/\/www.anovapeneira.gal\/#organization","name":"A Nova Peneira","url":"https:\/\/www.anovapeneira.gal\/","logo":{"@type":"ImageObject","inLanguage":"gl-ES","@id":"https:\/\/www.anovapeneira.gal\/#\/schema\/logo\/image\/","url":"http:\/\/www.anovapeneira.gal\/wp-content\/uploads\/2019\/06\/logo_a_nova_peneira_portal_web.png","contentUrl":"http:\/\/www.anovapeneira.gal\/wp-content\/uploads\/2019\/06\/logo_a_nova_peneira_portal_web.png","width":300,"height":100,"caption":"A Nova Peneira"},"image":{"@id":"https:\/\/www.anovapeneira.gal\/#\/schema\/logo\/image\/"},"sameAs":["https:\/\/www.facebook.com\/anovapeneira","https:\/\/x.com\/APeneira"]},{"@type":"Person","@id":"https:\/\/www.anovapeneira.gal\/#\/schema\/person\/b93e3f8932e3f8da96334607eb6ac6aa","name":"Redacci\u00f3n A Nova Peneira","image":{"@type":"ImageObject","inLanguage":"gl-ES","@id":"https:\/\/secure.gravatar.com\/avatar\/c052a2551a06e23fac63626232eaa90abd78dbcf1700fc46a2b2c89fd27b735f?s=96&d=mm&r=g","url":"https:\/\/secure.gravatar.com\/avatar\/c052a2551a06e23fac63626232eaa90abd78dbcf1700fc46a2b2c89fd27b735f?s=96&d=mm&r=g","contentUrl":"https:\/\/secure.gravatar.com\/avatar\/c052a2551a06e23fac63626232eaa90abd78dbcf1700fc46a2b2c89fd27b735f?s=96&d=mm&r=g","caption":"Redacci\u00f3n A Nova Peneira"},"sameAs":["http:\/\/www.anovapeneira.gal\/"],"url":"https:\/\/www.anovapeneira.gal\/index.php\/author\/redactor\/"}]}},"jetpack_featured_media_url":"https:\/\/www.anovapeneira.gal\/wp-content\/uploads\/2019\/12\/centro_comercial_tameiga.jpg","_links":{"self":[{"href":"https:\/\/www.anovapeneira.gal\/index.php\/wp-json\/wp\/v2\/posts\/2136","targetHints":{"allow":["GET"]}}],"collection":[{"href":"https:\/\/www.anovapeneira.gal\/index.php\/wp-json\/wp\/v2\/posts"}],"about":[{"href":"https:\/\/www.anovapeneira.gal\/index.php\/wp-json\/wp\/v2\/types\/post"}],"author":[{"embeddable":true,"href":"https:\/\/www.anovapeneira.gal\/index.php\/wp-json\/wp\/v2\/users\/3"}],"replies":[{"embeddable":true,"href":"https:\/\/www.anovapeneira.gal\/index.php\/wp-json\/wp\/v2\/comments?post=2136"}],"version-history":[{"count":1,"href":"https:\/\/www.anovapeneira.gal\/index.php\/wp-json\/wp\/v2\/posts\/2136\/revisions"}],"predecessor-version":[{"id":2139,"href":"https:\/\/www.anovapeneira.gal\/index.php\/wp-json\/wp\/v2\/posts\/2136\/revisions\/2139"}],"wp:featuredmedia":[{"embeddable":true,"href":"https:\/\/www.anovapeneira.gal\/index.php\/wp-json\/wp\/v2\/media\/2138"}],"wp:attachment":[{"href":"https:\/\/www.anovapeneira.gal\/index.php\/wp-json\/wp\/v2\/media?parent=2136"}],"wp:term":[{"taxonomy":"category","embeddable":true,"href":"https:\/\/www.anovapeneira.gal\/index.php\/wp-json\/wp\/v2\/categories?post=2136"},{"taxonomy":"post_tag","embeddable":true,"href":"https:\/\/www.anovapeneira.gal\/index.php\/wp-json\/wp\/v2\/tags?post=2136"}],"curies":[{"name":"wp","href":"https:\/\/api.w.org\/{rel}","templated":true}]}}