{"id":2154,"date":"2019-12-31T10:00:08","date_gmt":"2019-12-31T09:00:08","guid":{"rendered":"http:\/\/www.anovapeneira.gal\/?p=2154"},"modified":"2019-12-29T21:31:30","modified_gmt":"2019-12-29T20:31:30","slug":"o-bng-apoia-as-demandas-da-plataforma-iniciativa-galega-pola-memoria-historica","status":"publish","type":"post","link":"https:\/\/www.anovapeneira.gal\/index.php\/2019\/12\/31\/o-bng-apoia-as-demandas-da-plataforma-iniciativa-galega-pola-memoria-historica\/","title":{"rendered":"O BNG apoia as demandas da plataforma Iniciativa Galega pola Memoria Hist\u00f3rica"},"content":{"rendered":"\n<h2 class=\"wp-block-heading\">A rede de colectivos que integra a plataforma tenta dende o ano 2007 pol\u00edticas reais de recuperaci\u00f3n da Memoria Hist\u00f3rica e de condena do franquismo<\/h2>\n\n\n\n<p><strong>Santiago, 27 de decembro, 2019<\/strong><\/p>\n\n\n\n<p>O\ndeputado do BNG, Xos\u00e9 Lu\u00eds Rivas participou hoxe nunha xuntanza con\nmembros da plataforma Iniciativa Galega pola Memoria hist\u00f3rica na\nque amosou o apoio do BNG  \u00e1s demandas da  entidade  que dende o ano\n2007 desenvolve unha intensa actividade para a recuperaci\u00f3n das\nv\u00edtimas do franquismo e contra a \u201cimpunidade\u201d da lei de\namnist\u00eda.<\/p>\n\n\n\n<p>Pola\ns\u00faa parte,  Mat\u00edas Rodr\u00edguez,  representante de Iniciativa Galega,\nque aglutina ao un centenar de colectivos, apelou ao \u201cconsenso\u201d\ndas forzas pol\u00edticas para instar \u00e1 Xunta a executar medidas de\nrecuperaci\u00f3n da memoria hist\u00f3rica. Neste sentido, denunciou  que a\nAdministraci\u00f3n non est\u00e1 a aplicar pol\u00edticas p\u00fablicas e mesmo de\nrecuperaci\u00f3n de \u201clugares simb\u00f3licos\u201d como a Illa de San Sim\u00f3n.<\/p>\n\n\n\n<p>Nesta\nli\u00f1a, o  parlamentario  Xos\u00e9 lu\u00eds Rivas lembrou que o BNG\nrexistrou diversas iniciativas no Parlamento galego para que a Illa\nde San Sim\u00f3n sexa un lugar de \u201creco\u00f1ecemento e homenaxe das\nv\u00edtimas da represi\u00f3n franquista\u201d e non utilizado para actividades\nde car\u00e1cter lucrativo que oculten o que realmente aconteceu na illa\ndurante o per\u00edodo franquista. \u00c9 necesario, dixo, que se co\u00f1eza a\nverdade e se repare a memoria das  v\u00edtimas polo que  volveu a\nreiterar o apoio do BNG \u00e1s demandas da plataforma Iniciativa Galega\npola Memoria.<\/p>\n","protected":false},"excerpt":{"rendered":"<div class=\"mh-excerpt\"><p>A rede de colectivos que integra a plataforma tenta dende o ano 2007 pol\u00edticas reais de recuperaci\u00f3n da Memoria Hist\u00f3rica  <a class=\"mh-excerpt-more\" href=\"https:\/\/www.anovapeneira.gal\/index.php\/2019\/12\/31\/o-bng-apoia-as-demandas-da-plataforma-iniciativa-galega-pola-memoria-historica\/\" title=\"O BNG apoia as demandas da plataforma Iniciativa Galega pola Memoria Hist\u00f3rica\">[&#8230;]<\/a><\/p>\n<\/div>","protected":false},"author":3,"featured_media":2155,"comment_status":"open","ping_status":"open","sticky":false,"template":"","format":"standard","meta":{"_exactmetrics_skip_tracking":false,"_exactmetrics_sitenote_active":false,"_exactmetrics_sitenote_note":"","_exactmetrics_sitenote_category":0,"footnotes":""},"categories":[263],"tags":[10,199,448],"class_list":{"0":"post-2154","1":"post","2":"type-post","3":"status-publish","4":"format-standard","5":"has-post-thumbnail","7":"category-novas","8":"tag-bng","9":"tag-franquismo","10":"tag-memoria-historica"},"yoast_head":"<!-- This site is optimized with the Yoast SEO plugin v27.4 - https:\/\/yoast.com\/product\/yoast-seo-wordpress\/ -->\n<title>O BNG apoia as demandas da plataforma Iniciativa Galega pola Memoria Hist\u00f3rica -<\/title>\n<meta name=\"robots\" content=\"index, follow, max-snippet:-1, max-image-preview:large, max-video-preview:-1\" \/>\n<link rel=\"canonical\" href=\"https:\/\/www.anovapeneira.gal\/index.php\/2019\/12\/31\/o-bng-apoia-as-demandas-da-plataforma-iniciativa-galega-pola-memoria-historica\/\" \/>\n<meta property=\"og:locale\" content=\"gl_ES\" \/>\n<meta property=\"og:type\" content=\"article\" \/>\n<meta property=\"og:title\" content=\"O BNG apoia as demandas da plataforma Iniciativa Galega pola Memoria Hist\u00f3rica -\" \/>\n<meta property=\"og:description\" content=\"A rede de colectivos que integra a plataforma tenta dende o ano 2007 pol\u00edticas reais de recuperaci\u00f3n da Memoria Hist\u00f3rica [...]\" \/>\n<meta property=\"og:url\" content=\"https:\/\/www.anovapeneira.gal\/index.php\/2019\/12\/31\/o-bng-apoia-as-demandas-da-plataforma-iniciativa-galega-pola-memoria-historica\/\" \/>\n<meta property=\"article:publisher\" content=\"https:\/\/www.facebook.com\/anovapeneira\" \/>\n<meta property=\"article:published_time\" content=\"2019-12-31T09:00:08+00:00\" \/>\n<meta property=\"og:image\" content=\"https:\/\/www.anovapeneira.gal\/wp-content\/uploads\/2019\/12\/iniciativa_galega_pola_Memoria_histo\u0301rica_bng.jpg\" \/>\n\t<meta property=\"og:image:width\" content=\"2144\" \/>\n\t<meta property=\"og:image:height\" content=\"1424\" \/>\n\t<meta property=\"og:image:type\" content=\"image\/jpeg\" \/>\n<meta name=\"author\" content=\"Redacci\u00f3n A Nova Peneira\" \/>\n<meta name=\"twitter:card\" content=\"summary_large_image\" \/>\n<meta name=\"twitter:creator\" content=\"@APeneira\" \/>\n<meta name=\"twitter:site\" content=\"@APeneira\" \/>\n<meta name=\"twitter:label1\" content=\"Escrito por\" \/>\n\t<meta name=\"twitter:data1\" content=\"Redacci\u00f3n A Nova Peneira\" \/>\n\t<meta name=\"twitter:label2\" content=\"Tempo de lectura\" \/>\n\t<meta name=\"twitter:data2\" content=\"1 minuto\" \/>\n<script type=\"application\/ld+json\" class=\"yoast-schema-graph\">{\"@context\":\"https:\\\/\\\/schema.org\",\"@graph\":[{\"@type\":\"Article\",\"@id\":\"https:\\\/\\\/www.anovapeneira.gal\\\/index.php\\\/2019\\\/12\\\/31\\\/o-bng-apoia-as-demandas-da-plataforma-iniciativa-galega-pola-memoria-historica\\\/#article\",\"isPartOf\":{\"@id\":\"https:\\\/\\\/www.anovapeneira.gal\\\/index.php\\\/2019\\\/12\\\/31\\\/o-bng-apoia-as-demandas-da-plataforma-iniciativa-galega-pola-memoria-historica\\\/\"},\"author\":{\"name\":\"Redacci\u00f3n A Nova Peneira\",\"@id\":\"https:\\\/\\\/www.anovapeneira.gal\\\/#\\\/schema\\\/person\\\/b93e3f8932e3f8da96334607eb6ac6aa\"},\"headline\":\"O BNG apoia as demandas da plataforma Iniciativa Galega pola Memoria Hist\u00f3rica\",\"datePublished\":\"2019-12-31T09:00:08+00:00\",\"mainEntityOfPage\":{\"@id\":\"https:\\\/\\\/www.anovapeneira.gal\\\/index.php\\\/2019\\\/12\\\/31\\\/o-bng-apoia-as-demandas-da-plataforma-iniciativa-galega-pola-memoria-historica\\\/\"},\"wordCount\":269,\"commentCount\":0,\"publisher\":{\"@id\":\"https:\\\/\\\/www.anovapeneira.gal\\\/#organization\"},\"image\":{\"@id\":\"https:\\\/\\\/www.anovapeneira.gal\\\/index.php\\\/2019\\\/12\\\/31\\\/o-bng-apoia-as-demandas-da-plataforma-iniciativa-galega-pola-memoria-historica\\\/#primaryimage\"},\"thumbnailUrl\":\"https:\\\/\\\/www.anovapeneira.gal\\\/wp-content\\\/uploads\\\/2019\\\/12\\\/iniciativa_galega_pola_Memoria_histo\u0301rica_bng.jpg\",\"keywords\":[\"BNG\",\"Franquismo\",\"Memoria hist\u00f3rica\"],\"articleSection\":[\"Novas\"],\"inLanguage\":\"gl-ES\",\"potentialAction\":[{\"@type\":\"CommentAction\",\"name\":\"Comment\",\"target\":[\"https:\\\/\\\/www.anovapeneira.gal\\\/index.php\\\/2019\\\/12\\\/31\\\/o-bng-apoia-as-demandas-da-plataforma-iniciativa-galega-pola-memoria-historica\\\/#respond\"]}]},{\"@type\":\"WebPage\",\"@id\":\"https:\\\/\\\/www.anovapeneira.gal\\\/index.php\\\/2019\\\/12\\\/31\\\/o-bng-apoia-as-demandas-da-plataforma-iniciativa-galega-pola-memoria-historica\\\/\",\"url\":\"https:\\\/\\\/www.anovapeneira.gal\\\/index.php\\\/2019\\\/12\\\/31\\\/o-bng-apoia-as-demandas-da-plataforma-iniciativa-galega-pola-memoria-historica\\\/\",\"name\":\"O BNG apoia as demandas da plataforma Iniciativa Galega pola Memoria Hist\u00f3rica -\",\"isPartOf\":{\"@id\":\"https:\\\/\\\/www.anovapeneira.gal\\\/#website\"},\"primaryImageOfPage\":{\"@id\":\"https:\\\/\\\/www.anovapeneira.gal\\\/index.php\\\/2019\\\/12\\\/31\\\/o-bng-apoia-as-demandas-da-plataforma-iniciativa-galega-pola-memoria-historica\\\/#primaryimage\"},\"image\":{\"@id\":\"https:\\\/\\\/www.anovapeneira.gal\\\/index.php\\\/2019\\\/12\\\/31\\\/o-bng-apoia-as-demandas-da-plataforma-iniciativa-galega-pola-memoria-historica\\\/#primaryimage\"},\"thumbnailUrl\":\"https:\\\/\\\/www.anovapeneira.gal\\\/wp-content\\\/uploads\\\/2019\\\/12\\\/iniciativa_galega_pola_Memoria_histo\u0301rica_bng.jpg\",\"datePublished\":\"2019-12-31T09:00:08+00:00\",\"breadcrumb\":{\"@id\":\"https:\\\/\\\/www.anovapeneira.gal\\\/index.php\\\/2019\\\/12\\\/31\\\/o-bng-apoia-as-demandas-da-plataforma-iniciativa-galega-pola-memoria-historica\\\/#breadcrumb\"},\"inLanguage\":\"gl-ES\",\"potentialAction\":[{\"@type\":\"ReadAction\",\"target\":[\"https:\\\/\\\/www.anovapeneira.gal\\\/index.php\\\/2019\\\/12\\\/31\\\/o-bng-apoia-as-demandas-da-plataforma-iniciativa-galega-pola-memoria-historica\\\/\"]}]},{\"@type\":\"ImageObject\",\"inLanguage\":\"gl-ES\",\"@id\":\"https:\\\/\\\/www.anovapeneira.gal\\\/index.php\\\/2019\\\/12\\\/31\\\/o-bng-apoia-as-demandas-da-plataforma-iniciativa-galega-pola-memoria-historica\\\/#primaryimage\",\"url\":\"https:\\\/\\\/www.anovapeneira.gal\\\/wp-content\\\/uploads\\\/2019\\\/12\\\/iniciativa_galega_pola_Memoria_histo\u0301rica_bng.jpg\",\"contentUrl\":\"https:\\\/\\\/www.anovapeneira.gal\\\/wp-content\\\/uploads\\\/2019\\\/12\\\/iniciativa_galega_pola_Memoria_histo\u0301rica_bng.jpg\",\"width\":2144,\"height\":1424,\"caption\":\"Iniciativa Galega pola memoria hist\u00f3rica A Nova Peneira\"},{\"@type\":\"BreadcrumbList\",\"@id\":\"https:\\\/\\\/www.anovapeneira.gal\\\/index.php\\\/2019\\\/12\\\/31\\\/o-bng-apoia-as-demandas-da-plataforma-iniciativa-galega-pola-memoria-historica\\\/#breadcrumb\",\"itemListElement\":[{\"@type\":\"ListItem\",\"position\":1,\"name\":\"Portada\",\"item\":\"https:\\\/\\\/www.anovapeneira.gal\\\/\"},{\"@type\":\"ListItem\",\"position\":2,\"name\":\"O BNG apoia as demandas da plataforma Iniciativa Galega pola Memoria Hist\u00f3rica\"}]},{\"@type\":\"WebSite\",\"@id\":\"https:\\\/\\\/www.anovapeneira.gal\\\/#website\",\"url\":\"https:\\\/\\\/www.anovapeneira.gal\\\/\",\"name\":\"\",\"description\":\"Xornal galego de informaci\u00f3n xeral Publicaci\u00f3n mensual de novas de Galicia e en especial dos Concellos da sur da provincia de Pontevedra.\",\"publisher\":{\"@id\":\"https:\\\/\\\/www.anovapeneira.gal\\\/#organization\"},\"potentialAction\":[{\"@type\":\"SearchAction\",\"target\":{\"@type\":\"EntryPoint\",\"urlTemplate\":\"https:\\\/\\\/www.anovapeneira.gal\\\/?s={search_term_string}\"},\"query-input\":{\"@type\":\"PropertyValueSpecification\",\"valueRequired\":true,\"valueName\":\"search_term_string\"}}],\"inLanguage\":\"gl-ES\"},{\"@type\":\"Organization\",\"@id\":\"https:\\\/\\\/www.anovapeneira.gal\\\/#organization\",\"name\":\"A Nova Peneira\",\"url\":\"https:\\\/\\\/www.anovapeneira.gal\\\/\",\"logo\":{\"@type\":\"ImageObject\",\"inLanguage\":\"gl-ES\",\"@id\":\"https:\\\/\\\/www.anovapeneira.gal\\\/#\\\/schema\\\/logo\\\/image\\\/\",\"url\":\"http:\\\/\\\/www.anovapeneira.gal\\\/wp-content\\\/uploads\\\/2019\\\/06\\\/logo_a_nova_peneira_portal_web.png\",\"contentUrl\":\"http:\\\/\\\/www.anovapeneira.gal\\\/wp-content\\\/uploads\\\/2019\\\/06\\\/logo_a_nova_peneira_portal_web.png\",\"width\":300,\"height\":100,\"caption\":\"A Nova Peneira\"},\"image\":{\"@id\":\"https:\\\/\\\/www.anovapeneira.gal\\\/#\\\/schema\\\/logo\\\/image\\\/\"},\"sameAs\":[\"https:\\\/\\\/www.facebook.com\\\/anovapeneira\",\"https:\\\/\\\/x.com\\\/APeneira\"]},{\"@type\":\"Person\",\"@id\":\"https:\\\/\\\/www.anovapeneira.gal\\\/#\\\/schema\\\/person\\\/b93e3f8932e3f8da96334607eb6ac6aa\",\"name\":\"Redacci\u00f3n A Nova Peneira\",\"image\":{\"@type\":\"ImageObject\",\"inLanguage\":\"gl-ES\",\"@id\":\"https:\\\/\\\/secure.gravatar.com\\\/avatar\\\/c052a2551a06e23fac63626232eaa90abd78dbcf1700fc46a2b2c89fd27b735f?s=96&d=mm&r=g\",\"url\":\"https:\\\/\\\/secure.gravatar.com\\\/avatar\\\/c052a2551a06e23fac63626232eaa90abd78dbcf1700fc46a2b2c89fd27b735f?s=96&d=mm&r=g\",\"contentUrl\":\"https:\\\/\\\/secure.gravatar.com\\\/avatar\\\/c052a2551a06e23fac63626232eaa90abd78dbcf1700fc46a2b2c89fd27b735f?s=96&d=mm&r=g\",\"caption\":\"Redacci\u00f3n A Nova Peneira\"},\"sameAs\":[\"http:\\\/\\\/www.anovapeneira.gal\\\/\"],\"url\":\"https:\\\/\\\/www.anovapeneira.gal\\\/index.php\\\/author\\\/redactor\\\/\"}]}<\/script>\n<!-- \/ Yoast SEO plugin. -->","yoast_head_json":{"title":"O BNG apoia as demandas da plataforma Iniciativa Galega pola Memoria Hist\u00f3rica -","robots":{"index":"index","follow":"follow","max-snippet":"max-snippet:-1","max-image-preview":"max-image-preview:large","max-video-preview":"max-video-preview:-1"},"canonical":"https:\/\/www.anovapeneira.gal\/index.php\/2019\/12\/31\/o-bng-apoia-as-demandas-da-plataforma-iniciativa-galega-pola-memoria-historica\/","og_locale":"gl_ES","og_type":"article","og_title":"O BNG apoia as demandas da plataforma Iniciativa Galega pola Memoria Hist\u00f3rica -","og_description":"A rede de colectivos que integra a plataforma tenta dende o ano 2007 pol\u00edticas reais de recuperaci\u00f3n da Memoria Hist\u00f3rica [...]","og_url":"https:\/\/www.anovapeneira.gal\/index.php\/2019\/12\/31\/o-bng-apoia-as-demandas-da-plataforma-iniciativa-galega-pola-memoria-historica\/","article_publisher":"https:\/\/www.facebook.com\/anovapeneira","article_published_time":"2019-12-31T09:00:08+00:00","og_image":[{"width":2144,"height":1424,"url":"https:\/\/www.anovapeneira.gal\/wp-content\/uploads\/2019\/12\/iniciativa_galega_pola_Memoria_histo\u0301rica_bng.jpg","type":"image\/jpeg"}],"author":"Redacci\u00f3n A Nova Peneira","twitter_card":"summary_large_image","twitter_creator":"@APeneira","twitter_site":"@APeneira","twitter_misc":{"Escrito por":"Redacci\u00f3n A Nova Peneira","Tempo de lectura":"1 minuto"},"schema":{"@context":"https:\/\/schema.org","@graph":[{"@type":"Article","@id":"https:\/\/www.anovapeneira.gal\/index.php\/2019\/12\/31\/o-bng-apoia-as-demandas-da-plataforma-iniciativa-galega-pola-memoria-historica\/#article","isPartOf":{"@id":"https:\/\/www.anovapeneira.gal\/index.php\/2019\/12\/31\/o-bng-apoia-as-demandas-da-plataforma-iniciativa-galega-pola-memoria-historica\/"},"author":{"name":"Redacci\u00f3n A Nova Peneira","@id":"https:\/\/www.anovapeneira.gal\/#\/schema\/person\/b93e3f8932e3f8da96334607eb6ac6aa"},"headline":"O BNG apoia as demandas da plataforma Iniciativa Galega pola Memoria Hist\u00f3rica","datePublished":"2019-12-31T09:00:08+00:00","mainEntityOfPage":{"@id":"https:\/\/www.anovapeneira.gal\/index.php\/2019\/12\/31\/o-bng-apoia-as-demandas-da-plataforma-iniciativa-galega-pola-memoria-historica\/"},"wordCount":269,"commentCount":0,"publisher":{"@id":"https:\/\/www.anovapeneira.gal\/#organization"},"image":{"@id":"https:\/\/www.anovapeneira.gal\/index.php\/2019\/12\/31\/o-bng-apoia-as-demandas-da-plataforma-iniciativa-galega-pola-memoria-historica\/#primaryimage"},"thumbnailUrl":"https:\/\/www.anovapeneira.gal\/wp-content\/uploads\/2019\/12\/iniciativa_galega_pola_Memoria_histo\u0301rica_bng.jpg","keywords":["BNG","Franquismo","Memoria hist\u00f3rica"],"articleSection":["Novas"],"inLanguage":"gl-ES","potentialAction":[{"@type":"CommentAction","name":"Comment","target":["https:\/\/www.anovapeneira.gal\/index.php\/2019\/12\/31\/o-bng-apoia-as-demandas-da-plataforma-iniciativa-galega-pola-memoria-historica\/#respond"]}]},{"@type":"WebPage","@id":"https:\/\/www.anovapeneira.gal\/index.php\/2019\/12\/31\/o-bng-apoia-as-demandas-da-plataforma-iniciativa-galega-pola-memoria-historica\/","url":"https:\/\/www.anovapeneira.gal\/index.php\/2019\/12\/31\/o-bng-apoia-as-demandas-da-plataforma-iniciativa-galega-pola-memoria-historica\/","name":"O BNG apoia as demandas da plataforma Iniciativa Galega pola Memoria Hist\u00f3rica -","isPartOf":{"@id":"https:\/\/www.anovapeneira.gal\/#website"},"primaryImageOfPage":{"@id":"https:\/\/www.anovapeneira.gal\/index.php\/2019\/12\/31\/o-bng-apoia-as-demandas-da-plataforma-iniciativa-galega-pola-memoria-historica\/#primaryimage"},"image":{"@id":"https:\/\/www.anovapeneira.gal\/index.php\/2019\/12\/31\/o-bng-apoia-as-demandas-da-plataforma-iniciativa-galega-pola-memoria-historica\/#primaryimage"},"thumbnailUrl":"https:\/\/www.anovapeneira.gal\/wp-content\/uploads\/2019\/12\/iniciativa_galega_pola_Memoria_histo\u0301rica_bng.jpg","datePublished":"2019-12-31T09:00:08+00:00","breadcrumb":{"@id":"https:\/\/www.anovapeneira.gal\/index.php\/2019\/12\/31\/o-bng-apoia-as-demandas-da-plataforma-iniciativa-galega-pola-memoria-historica\/#breadcrumb"},"inLanguage":"gl-ES","potentialAction":[{"@type":"ReadAction","target":["https:\/\/www.anovapeneira.gal\/index.php\/2019\/12\/31\/o-bng-apoia-as-demandas-da-plataforma-iniciativa-galega-pola-memoria-historica\/"]}]},{"@type":"ImageObject","inLanguage":"gl-ES","@id":"https:\/\/www.anovapeneira.gal\/index.php\/2019\/12\/31\/o-bng-apoia-as-demandas-da-plataforma-iniciativa-galega-pola-memoria-historica\/#primaryimage","url":"https:\/\/www.anovapeneira.gal\/wp-content\/uploads\/2019\/12\/iniciativa_galega_pola_Memoria_histo\u0301rica_bng.jpg","contentUrl":"https:\/\/www.anovapeneira.gal\/wp-content\/uploads\/2019\/12\/iniciativa_galega_pola_Memoria_histo\u0301rica_bng.jpg","width":2144,"height":1424,"caption":"Iniciativa Galega pola memoria hist\u00f3rica A Nova Peneira"},{"@type":"BreadcrumbList","@id":"https:\/\/www.anovapeneira.gal\/index.php\/2019\/12\/31\/o-bng-apoia-as-demandas-da-plataforma-iniciativa-galega-pola-memoria-historica\/#breadcrumb","itemListElement":[{"@type":"ListItem","position":1,"name":"Portada","item":"https:\/\/www.anovapeneira.gal\/"},{"@type":"ListItem","position":2,"name":"O BNG apoia as demandas da plataforma Iniciativa Galega pola Memoria Hist\u00f3rica"}]},{"@type":"WebSite","@id":"https:\/\/www.anovapeneira.gal\/#website","url":"https:\/\/www.anovapeneira.gal\/","name":"","description":"Xornal galego de informaci\u00f3n xeral Publicaci\u00f3n mensual de novas de Galicia e en especial dos Concellos da sur da provincia de Pontevedra.","publisher":{"@id":"https:\/\/www.anovapeneira.gal\/#organization"},"potentialAction":[{"@type":"SearchAction","target":{"@type":"EntryPoint","urlTemplate":"https:\/\/www.anovapeneira.gal\/?s={search_term_string}"},"query-input":{"@type":"PropertyValueSpecification","valueRequired":true,"valueName":"search_term_string"}}],"inLanguage":"gl-ES"},{"@type":"Organization","@id":"https:\/\/www.anovapeneira.gal\/#organization","name":"A Nova Peneira","url":"https:\/\/www.anovapeneira.gal\/","logo":{"@type":"ImageObject","inLanguage":"gl-ES","@id":"https:\/\/www.anovapeneira.gal\/#\/schema\/logo\/image\/","url":"http:\/\/www.anovapeneira.gal\/wp-content\/uploads\/2019\/06\/logo_a_nova_peneira_portal_web.png","contentUrl":"http:\/\/www.anovapeneira.gal\/wp-content\/uploads\/2019\/06\/logo_a_nova_peneira_portal_web.png","width":300,"height":100,"caption":"A Nova Peneira"},"image":{"@id":"https:\/\/www.anovapeneira.gal\/#\/schema\/logo\/image\/"},"sameAs":["https:\/\/www.facebook.com\/anovapeneira","https:\/\/x.com\/APeneira"]},{"@type":"Person","@id":"https:\/\/www.anovapeneira.gal\/#\/schema\/person\/b93e3f8932e3f8da96334607eb6ac6aa","name":"Redacci\u00f3n A Nova Peneira","image":{"@type":"ImageObject","inLanguage":"gl-ES","@id":"https:\/\/secure.gravatar.com\/avatar\/c052a2551a06e23fac63626232eaa90abd78dbcf1700fc46a2b2c89fd27b735f?s=96&d=mm&r=g","url":"https:\/\/secure.gravatar.com\/avatar\/c052a2551a06e23fac63626232eaa90abd78dbcf1700fc46a2b2c89fd27b735f?s=96&d=mm&r=g","contentUrl":"https:\/\/secure.gravatar.com\/avatar\/c052a2551a06e23fac63626232eaa90abd78dbcf1700fc46a2b2c89fd27b735f?s=96&d=mm&r=g","caption":"Redacci\u00f3n A Nova Peneira"},"sameAs":["http:\/\/www.anovapeneira.gal\/"],"url":"https:\/\/www.anovapeneira.gal\/index.php\/author\/redactor\/"}]}},"jetpack_featured_media_url":"https:\/\/www.anovapeneira.gal\/wp-content\/uploads\/2019\/12\/iniciativa_galega_pola_Memoria_histo\u0301rica_bng.jpg","_links":{"self":[{"href":"https:\/\/www.anovapeneira.gal\/index.php\/wp-json\/wp\/v2\/posts\/2154","targetHints":{"allow":["GET"]}}],"collection":[{"href":"https:\/\/www.anovapeneira.gal\/index.php\/wp-json\/wp\/v2\/posts"}],"about":[{"href":"https:\/\/www.anovapeneira.gal\/index.php\/wp-json\/wp\/v2\/types\/post"}],"author":[{"embeddable":true,"href":"https:\/\/www.anovapeneira.gal\/index.php\/wp-json\/wp\/v2\/users\/3"}],"replies":[{"embeddable":true,"href":"https:\/\/www.anovapeneira.gal\/index.php\/wp-json\/wp\/v2\/comments?post=2154"}],"version-history":[{"count":1,"href":"https:\/\/www.anovapeneira.gal\/index.php\/wp-json\/wp\/v2\/posts\/2154\/revisions"}],"predecessor-version":[{"id":2156,"href":"https:\/\/www.anovapeneira.gal\/index.php\/wp-json\/wp\/v2\/posts\/2154\/revisions\/2156"}],"wp:featuredmedia":[{"embeddable":true,"href":"https:\/\/www.anovapeneira.gal\/index.php\/wp-json\/wp\/v2\/media\/2155"}],"wp:attachment":[{"href":"https:\/\/www.anovapeneira.gal\/index.php\/wp-json\/wp\/v2\/media?parent=2154"}],"wp:term":[{"taxonomy":"category","embeddable":true,"href":"https:\/\/www.anovapeneira.gal\/index.php\/wp-json\/wp\/v2\/categories?post=2154"},{"taxonomy":"post_tag","embeddable":true,"href":"https:\/\/www.anovapeneira.gal\/index.php\/wp-json\/wp\/v2\/tags?post=2154"}],"curies":[{"name":"wp","href":"https:\/\/api.w.org\/{rel}","templated":true}]}}