{"id":2159,"date":"2019-12-31T14:00:49","date_gmt":"2019-12-31T13:00:49","guid":{"rendered":"http:\/\/www.anovapeneira.gal\/?p=2159"},"modified":"2019-12-29T21:42:07","modified_gmt":"2019-12-29T20:42:07","slug":"tomino-convertese-en-mecenas-da-casa-de-rosalia-para-asegurar-a-difusion-do-legado-da-grande-escritora-galega","status":"publish","type":"post","link":"https:\/\/www.anovapeneira.gal\/index.php\/2019\/12\/31\/tomino-convertese-en-mecenas-da-casa-de-rosalia-para-asegurar-a-difusion-do-legado-da-grande-escritora-galega\/","title":{"rendered":"Tomi\u00f1o conv\u00e9rtese en Mecenas da Casa de Rosal\u00eda, para asegurar a difusi\u00f3n do legado da grande escritora galega"},"content":{"rendered":"\n<h2 class=\"wp-block-heading\">O Concello colaborou economicamente d\u00faas veces m\u00e1is coa instituci\u00f3n, durante a segunda metade do s\u00e9culo pasado<\/h2>\n\n\n\n<p><strong>Tomi\u00f1o, decembro de 2019<\/strong><\/p>\n\n\n\n<p>O\nConcello de Tomi\u00f1o conv\u00e9rtese en Mecenas da Casa de Rosal\u00eda de\nCastro, grande escritora galega, falecida no ano 1885.<\/p>\n\n\n\n<p>\nA decisi\u00f3n, pola que o Concello doar\u00e1 2.000\neuros ao ano \u00e1 fundaci\u00f3n sen \u00e1nimo de lucro que sost\u00e9n a\ncasa-museo, situada na aldea da Matanza (Padr\u00f3n. A Coru\u00f1a), foi\ntomada durante o \u00faltimo pleno ordinario, celebrado o pasado d\u00eda 26\nde decembro.<\/p>\n\n\n\n<p>Segundo\na proposta da Alcald\u00eda de colaboraci\u00f3n coa Casa de Rosal\u00eda, esta\ninstituci\u00f3n, adicada ao co\u00f1ecemento da figura e obra da escritora e\na do seu marido, o historiador Manuel Murgu\u00eda, non recibe\nfinanciamento regular que asegure o seu funcionamento anual nin o seu\nfuturo. Por esta raz\u00f3n e para reafirmar a independencia cultural e\necon\u00f3mica e ao mesmo tempo toda Galiza sinta a casa coma propia, o\nConcello colaborar\u00e1 a partir do ano que se inicia coa cantidade\nmencionada.<\/p>\n\n\n\n<p>D\u00e1se\na circunstancia de que o Concello de Tomi\u00f1o xa colaborou\neconomicamente coa Casa de Rosal\u00eda en d\u00faas oportunidades bastante\nlonxe no tempo: a primeira, no ano 1953, doando 500 pesetas, e a\nsegunda, no 1971, cando apoiou a recuperaci\u00f3n e o proceso de\ncreaci\u00f3n da Casa-Museo, cunha achega de 2.000 pesetas (uns 11.500\neuros).<\/p>\n\n\n\n<p>\u201cPor\nestes motivos, propomos que o Concello de Tomi\u00f1o se converta en\nMecenas da Casa de Rosal\u00eda a trav\u00e9s dunha colaboraci\u00f3n econ\u00f3mica\nanual, grazas \u00e1 cal, tanto os escolares, coma as asociaci\u00f3ns\nculturais do seu municipio, poidan ter visitas guiadas de balde\u201d,\nreza a proposta.<\/p>\n\n\n\n<p>No ano\n1947 cr\u00e9ase o Padroado Rosal\u00eda de Castro co fin de recuperar a Casa\nda Matanza. Esta foi restaurada no ano 1971 e na actualidade \u00e9\npropietaria da mesma a Fundaci\u00f3n Rosal\u00eda de Castro, que contin\u00faa o\nlabor que comezara o Padroado. Entre os obxectivos primordiais da\nfundaci\u00f3n est\u00e1n o co\u00f1ecemento da figura e obra da escritora ao\nmesmo tempo que difundir a do seu marido, o historiador Manuel\nMurgu\u00eda, ademais de encargarse da conservaci\u00f3n de Casa-Museo e do\nPante\u00f3n da escritora situado na Igrexa de Santo Domingos de Bonaval\nen Santiago.<\/p>\n\n\n\n<p>Acordo\nplenario<\/p>\n\n\n\n<p>Durante\na mesma cesi\u00f3n, aprobouse un acordo plenario de adhesi\u00f3n \u00e1\niniciativa europea do Pacto dos Alcaldes para o Clima e a Enerx\u00eda,\nque faculta \u00e1 alcaldesa a representar ao Concello de Tomi\u00f1o na\nsinatura do referido pacto de alcaldes.<\/p>\n","protected":false},"excerpt":{"rendered":"<div class=\"mh-excerpt\"><p>O Concello colaborou economicamente d\u00faas veces m\u00e1is coa instituci\u00f3n, durante a segunda metade do s\u00e9culo pasado <a class=\"mh-excerpt-more\" href=\"https:\/\/www.anovapeneira.gal\/index.php\/2019\/12\/31\/tomino-convertese-en-mecenas-da-casa-de-rosalia-para-asegurar-a-difusion-do-legado-da-grande-escritora-galega\/\" title=\"Tomi\u00f1o conv\u00e9rtese en Mecenas da Casa de Rosal\u00eda, para asegurar a difusi\u00f3n do legado da grande escritora galega\">[&#8230;]<\/a><\/p>\n<\/div>","protected":false},"author":3,"featured_media":1336,"comment_status":"open","ping_status":"open","sticky":false,"template":"","format":"standard","meta":{"_exactmetrics_skip_tracking":false,"_exactmetrics_sitenote_active":false,"_exactmetrics_sitenote_note":"","_exactmetrics_sitenote_category":0,"footnotes":""},"categories":[21],"tags":[880,81],"class_list":{"0":"post-2159","1":"post","2":"type-post","3":"status-publish","4":"format-standard","5":"has-post-thumbnail","7":"category-baixo-mino","8":"tag-casa-de-rosalia","9":"tag-concello-de-tomino"},"yoast_head":"<!-- This site is optimized with the Yoast SEO plugin v27.4 - https:\/\/yoast.com\/product\/yoast-seo-wordpress\/ -->\n<title>Tomi\u00f1o conv\u00e9rtese en Mecenas da Casa de Rosal\u00eda, para asegurar a difusi\u00f3n do legado da grande escritora galega -<\/title>\n<meta name=\"robots\" content=\"index, follow, max-snippet:-1, max-image-preview:large, max-video-preview:-1\" \/>\n<link rel=\"canonical\" href=\"https:\/\/www.anovapeneira.gal\/index.php\/2019\/12\/31\/tomino-convertese-en-mecenas-da-casa-de-rosalia-para-asegurar-a-difusion-do-legado-da-grande-escritora-galega\/\" \/>\n<meta property=\"og:locale\" content=\"gl_ES\" \/>\n<meta property=\"og:type\" content=\"article\" \/>\n<meta property=\"og:title\" content=\"Tomi\u00f1o conv\u00e9rtese en Mecenas da Casa de Rosal\u00eda, para asegurar a difusi\u00f3n do legado da grande escritora galega -\" \/>\n<meta property=\"og:description\" content=\"O Concello colaborou economicamente d\u00faas veces m\u00e1is coa instituci\u00f3n, durante a segunda metade do s\u00e9culo pasado [...]\" \/>\n<meta property=\"og:url\" content=\"https:\/\/www.anovapeneira.gal\/index.php\/2019\/12\/31\/tomino-convertese-en-mecenas-da-casa-de-rosalia-para-asegurar-a-difusion-do-legado-da-grande-escritora-galega\/\" \/>\n<meta property=\"article:publisher\" content=\"https:\/\/www.facebook.com\/anovapeneira\" \/>\n<meta property=\"article:published_time\" content=\"2019-12-31T13:00:49+00:00\" \/>\n<meta property=\"og:image\" content=\"https:\/\/www.anovapeneira.gal\/wp-content\/uploads\/2019\/09\/concello_De_tominho_a_nova_peneria.jpg\" \/>\n\t<meta property=\"og:image:width\" content=\"720\" \/>\n\t<meta property=\"og:image:height\" content=\"473\" \/>\n\t<meta property=\"og:image:type\" content=\"image\/jpeg\" \/>\n<meta name=\"author\" content=\"Redacci\u00f3n A Nova Peneira\" \/>\n<meta name=\"twitter:card\" content=\"summary_large_image\" \/>\n<meta name=\"twitter:creator\" content=\"@APeneira\" \/>\n<meta name=\"twitter:site\" content=\"@APeneira\" \/>\n<meta name=\"twitter:label1\" content=\"Escrito por\" \/>\n\t<meta name=\"twitter:data1\" content=\"Redacci\u00f3n A Nova Peneira\" \/>\n\t<meta name=\"twitter:label2\" content=\"Tempo de lectura\" \/>\n\t<meta name=\"twitter:data2\" content=\"2 minutos\" \/>\n<script type=\"application\/ld+json\" class=\"yoast-schema-graph\">{\"@context\":\"https:\\\/\\\/schema.org\",\"@graph\":[{\"@type\":\"Article\",\"@id\":\"https:\\\/\\\/www.anovapeneira.gal\\\/index.php\\\/2019\\\/12\\\/31\\\/tomino-convertese-en-mecenas-da-casa-de-rosalia-para-asegurar-a-difusion-do-legado-da-grande-escritora-galega\\\/#article\",\"isPartOf\":{\"@id\":\"https:\\\/\\\/www.anovapeneira.gal\\\/index.php\\\/2019\\\/12\\\/31\\\/tomino-convertese-en-mecenas-da-casa-de-rosalia-para-asegurar-a-difusion-do-legado-da-grande-escritora-galega\\\/\"},\"author\":{\"name\":\"Redacci\u00f3n A Nova Peneira\",\"@id\":\"https:\\\/\\\/www.anovapeneira.gal\\\/#\\\/schema\\\/person\\\/b93e3f8932e3f8da96334607eb6ac6aa\"},\"headline\":\"Tomi\u00f1o conv\u00e9rtese en Mecenas da Casa de Rosal\u00eda, para asegurar a difusi\u00f3n do legado da grande escritora galega\",\"datePublished\":\"2019-12-31T13:00:49+00:00\",\"mainEntityOfPage\":{\"@id\":\"https:\\\/\\\/www.anovapeneira.gal\\\/index.php\\\/2019\\\/12\\\/31\\\/tomino-convertese-en-mecenas-da-casa-de-rosalia-para-asegurar-a-difusion-do-legado-da-grande-escritora-galega\\\/\"},\"wordCount\":453,\"commentCount\":0,\"publisher\":{\"@id\":\"https:\\\/\\\/www.anovapeneira.gal\\\/#organization\"},\"image\":{\"@id\":\"https:\\\/\\\/www.anovapeneira.gal\\\/index.php\\\/2019\\\/12\\\/31\\\/tomino-convertese-en-mecenas-da-casa-de-rosalia-para-asegurar-a-difusion-do-legado-da-grande-escritora-galega\\\/#primaryimage\"},\"thumbnailUrl\":\"https:\\\/\\\/www.anovapeneira.gal\\\/wp-content\\\/uploads\\\/2019\\\/09\\\/concello_De_tominho_a_nova_peneria.jpg\",\"keywords\":[\"Casa de Rosal\u00eda\",\"Concello de Tomi\u00f1o\"],\"articleSection\":[\"Baixo Mi\u00f1o\"],\"inLanguage\":\"gl-ES\",\"potentialAction\":[{\"@type\":\"CommentAction\",\"name\":\"Comment\",\"target\":[\"https:\\\/\\\/www.anovapeneira.gal\\\/index.php\\\/2019\\\/12\\\/31\\\/tomino-convertese-en-mecenas-da-casa-de-rosalia-para-asegurar-a-difusion-do-legado-da-grande-escritora-galega\\\/#respond\"]}]},{\"@type\":\"WebPage\",\"@id\":\"https:\\\/\\\/www.anovapeneira.gal\\\/index.php\\\/2019\\\/12\\\/31\\\/tomino-convertese-en-mecenas-da-casa-de-rosalia-para-asegurar-a-difusion-do-legado-da-grande-escritora-galega\\\/\",\"url\":\"https:\\\/\\\/www.anovapeneira.gal\\\/index.php\\\/2019\\\/12\\\/31\\\/tomino-convertese-en-mecenas-da-casa-de-rosalia-para-asegurar-a-difusion-do-legado-da-grande-escritora-galega\\\/\",\"name\":\"Tomi\u00f1o conv\u00e9rtese en Mecenas da Casa de Rosal\u00eda, para asegurar a difusi\u00f3n do legado da grande escritora galega -\",\"isPartOf\":{\"@id\":\"https:\\\/\\\/www.anovapeneira.gal\\\/#website\"},\"primaryImageOfPage\":{\"@id\":\"https:\\\/\\\/www.anovapeneira.gal\\\/index.php\\\/2019\\\/12\\\/31\\\/tomino-convertese-en-mecenas-da-casa-de-rosalia-para-asegurar-a-difusion-do-legado-da-grande-escritora-galega\\\/#primaryimage\"},\"image\":{\"@id\":\"https:\\\/\\\/www.anovapeneira.gal\\\/index.php\\\/2019\\\/12\\\/31\\\/tomino-convertese-en-mecenas-da-casa-de-rosalia-para-asegurar-a-difusion-do-legado-da-grande-escritora-galega\\\/#primaryimage\"},\"thumbnailUrl\":\"https:\\\/\\\/www.anovapeneira.gal\\\/wp-content\\\/uploads\\\/2019\\\/09\\\/concello_De_tominho_a_nova_peneria.jpg\",\"datePublished\":\"2019-12-31T13:00:49+00:00\",\"breadcrumb\":{\"@id\":\"https:\\\/\\\/www.anovapeneira.gal\\\/index.php\\\/2019\\\/12\\\/31\\\/tomino-convertese-en-mecenas-da-casa-de-rosalia-para-asegurar-a-difusion-do-legado-da-grande-escritora-galega\\\/#breadcrumb\"},\"inLanguage\":\"gl-ES\",\"potentialAction\":[{\"@type\":\"ReadAction\",\"target\":[\"https:\\\/\\\/www.anovapeneira.gal\\\/index.php\\\/2019\\\/12\\\/31\\\/tomino-convertese-en-mecenas-da-casa-de-rosalia-para-asegurar-a-difusion-do-legado-da-grande-escritora-galega\\\/\"]}]},{\"@type\":\"ImageObject\",\"inLanguage\":\"gl-ES\",\"@id\":\"https:\\\/\\\/www.anovapeneira.gal\\\/index.php\\\/2019\\\/12\\\/31\\\/tomino-convertese-en-mecenas-da-casa-de-rosalia-para-asegurar-a-difusion-do-legado-da-grande-escritora-galega\\\/#primaryimage\",\"url\":\"https:\\\/\\\/www.anovapeneira.gal\\\/wp-content\\\/uploads\\\/2019\\\/09\\\/concello_De_tominho_a_nova_peneria.jpg\",\"contentUrl\":\"https:\\\/\\\/www.anovapeneira.gal\\\/wp-content\\\/uploads\\\/2019\\\/09\\\/concello_De_tominho_a_nova_peneria.jpg\",\"width\":720,\"height\":473,\"caption\":\"Concello de Tomi\u00f1o A Nova Peneira\"},{\"@type\":\"BreadcrumbList\",\"@id\":\"https:\\\/\\\/www.anovapeneira.gal\\\/index.php\\\/2019\\\/12\\\/31\\\/tomino-convertese-en-mecenas-da-casa-de-rosalia-para-asegurar-a-difusion-do-legado-da-grande-escritora-galega\\\/#breadcrumb\",\"itemListElement\":[{\"@type\":\"ListItem\",\"position\":1,\"name\":\"Portada\",\"item\":\"https:\\\/\\\/www.anovapeneira.gal\\\/\"},{\"@type\":\"ListItem\",\"position\":2,\"name\":\"Tomi\u00f1o conv\u00e9rtese en Mecenas da Casa de Rosal\u00eda, para asegurar a difusi\u00f3n do legado da grande escritora galega\"}]},{\"@type\":\"WebSite\",\"@id\":\"https:\\\/\\\/www.anovapeneira.gal\\\/#website\",\"url\":\"https:\\\/\\\/www.anovapeneira.gal\\\/\",\"name\":\"\",\"description\":\"Xornal galego de informaci\u00f3n xeral Publicaci\u00f3n mensual de novas de Galicia e en especial dos Concellos da sur da provincia de Pontevedra.\",\"publisher\":{\"@id\":\"https:\\\/\\\/www.anovapeneira.gal\\\/#organization\"},\"potentialAction\":[{\"@type\":\"SearchAction\",\"target\":{\"@type\":\"EntryPoint\",\"urlTemplate\":\"https:\\\/\\\/www.anovapeneira.gal\\\/?s={search_term_string}\"},\"query-input\":{\"@type\":\"PropertyValueSpecification\",\"valueRequired\":true,\"valueName\":\"search_term_string\"}}],\"inLanguage\":\"gl-ES\"},{\"@type\":\"Organization\",\"@id\":\"https:\\\/\\\/www.anovapeneira.gal\\\/#organization\",\"name\":\"A Nova Peneira\",\"url\":\"https:\\\/\\\/www.anovapeneira.gal\\\/\",\"logo\":{\"@type\":\"ImageObject\",\"inLanguage\":\"gl-ES\",\"@id\":\"https:\\\/\\\/www.anovapeneira.gal\\\/#\\\/schema\\\/logo\\\/image\\\/\",\"url\":\"http:\\\/\\\/www.anovapeneira.gal\\\/wp-content\\\/uploads\\\/2019\\\/06\\\/logo_a_nova_peneira_portal_web.png\",\"contentUrl\":\"http:\\\/\\\/www.anovapeneira.gal\\\/wp-content\\\/uploads\\\/2019\\\/06\\\/logo_a_nova_peneira_portal_web.png\",\"width\":300,\"height\":100,\"caption\":\"A Nova Peneira\"},\"image\":{\"@id\":\"https:\\\/\\\/www.anovapeneira.gal\\\/#\\\/schema\\\/logo\\\/image\\\/\"},\"sameAs\":[\"https:\\\/\\\/www.facebook.com\\\/anovapeneira\",\"https:\\\/\\\/x.com\\\/APeneira\"]},{\"@type\":\"Person\",\"@id\":\"https:\\\/\\\/www.anovapeneira.gal\\\/#\\\/schema\\\/person\\\/b93e3f8932e3f8da96334607eb6ac6aa\",\"name\":\"Redacci\u00f3n A Nova Peneira\",\"image\":{\"@type\":\"ImageObject\",\"inLanguage\":\"gl-ES\",\"@id\":\"https:\\\/\\\/secure.gravatar.com\\\/avatar\\\/c052a2551a06e23fac63626232eaa90abd78dbcf1700fc46a2b2c89fd27b735f?s=96&d=mm&r=g\",\"url\":\"https:\\\/\\\/secure.gravatar.com\\\/avatar\\\/c052a2551a06e23fac63626232eaa90abd78dbcf1700fc46a2b2c89fd27b735f?s=96&d=mm&r=g\",\"contentUrl\":\"https:\\\/\\\/secure.gravatar.com\\\/avatar\\\/c052a2551a06e23fac63626232eaa90abd78dbcf1700fc46a2b2c89fd27b735f?s=96&d=mm&r=g\",\"caption\":\"Redacci\u00f3n A Nova Peneira\"},\"sameAs\":[\"http:\\\/\\\/www.anovapeneira.gal\\\/\"],\"url\":\"https:\\\/\\\/www.anovapeneira.gal\\\/index.php\\\/author\\\/redactor\\\/\"}]}<\/script>\n<!-- \/ Yoast SEO plugin. -->","yoast_head_json":{"title":"Tomi\u00f1o conv\u00e9rtese en Mecenas da Casa de Rosal\u00eda, para asegurar a difusi\u00f3n do legado da grande escritora galega -","robots":{"index":"index","follow":"follow","max-snippet":"max-snippet:-1","max-image-preview":"max-image-preview:large","max-video-preview":"max-video-preview:-1"},"canonical":"https:\/\/www.anovapeneira.gal\/index.php\/2019\/12\/31\/tomino-convertese-en-mecenas-da-casa-de-rosalia-para-asegurar-a-difusion-do-legado-da-grande-escritora-galega\/","og_locale":"gl_ES","og_type":"article","og_title":"Tomi\u00f1o conv\u00e9rtese en Mecenas da Casa de Rosal\u00eda, para asegurar a difusi\u00f3n do legado da grande escritora galega -","og_description":"O Concello colaborou economicamente d\u00faas veces m\u00e1is coa instituci\u00f3n, durante a segunda metade do s\u00e9culo pasado [...]","og_url":"https:\/\/www.anovapeneira.gal\/index.php\/2019\/12\/31\/tomino-convertese-en-mecenas-da-casa-de-rosalia-para-asegurar-a-difusion-do-legado-da-grande-escritora-galega\/","article_publisher":"https:\/\/www.facebook.com\/anovapeneira","article_published_time":"2019-12-31T13:00:49+00:00","og_image":[{"width":720,"height":473,"url":"https:\/\/www.anovapeneira.gal\/wp-content\/uploads\/2019\/09\/concello_De_tominho_a_nova_peneria.jpg","type":"image\/jpeg"}],"author":"Redacci\u00f3n A Nova Peneira","twitter_card":"summary_large_image","twitter_creator":"@APeneira","twitter_site":"@APeneira","twitter_misc":{"Escrito por":"Redacci\u00f3n A Nova Peneira","Tempo de lectura":"2 minutos"},"schema":{"@context":"https:\/\/schema.org","@graph":[{"@type":"Article","@id":"https:\/\/www.anovapeneira.gal\/index.php\/2019\/12\/31\/tomino-convertese-en-mecenas-da-casa-de-rosalia-para-asegurar-a-difusion-do-legado-da-grande-escritora-galega\/#article","isPartOf":{"@id":"https:\/\/www.anovapeneira.gal\/index.php\/2019\/12\/31\/tomino-convertese-en-mecenas-da-casa-de-rosalia-para-asegurar-a-difusion-do-legado-da-grande-escritora-galega\/"},"author":{"name":"Redacci\u00f3n A Nova Peneira","@id":"https:\/\/www.anovapeneira.gal\/#\/schema\/person\/b93e3f8932e3f8da96334607eb6ac6aa"},"headline":"Tomi\u00f1o conv\u00e9rtese en Mecenas da Casa de Rosal\u00eda, para asegurar a difusi\u00f3n do legado da grande escritora galega","datePublished":"2019-12-31T13:00:49+00:00","mainEntityOfPage":{"@id":"https:\/\/www.anovapeneira.gal\/index.php\/2019\/12\/31\/tomino-convertese-en-mecenas-da-casa-de-rosalia-para-asegurar-a-difusion-do-legado-da-grande-escritora-galega\/"},"wordCount":453,"commentCount":0,"publisher":{"@id":"https:\/\/www.anovapeneira.gal\/#organization"},"image":{"@id":"https:\/\/www.anovapeneira.gal\/index.php\/2019\/12\/31\/tomino-convertese-en-mecenas-da-casa-de-rosalia-para-asegurar-a-difusion-do-legado-da-grande-escritora-galega\/#primaryimage"},"thumbnailUrl":"https:\/\/www.anovapeneira.gal\/wp-content\/uploads\/2019\/09\/concello_De_tominho_a_nova_peneria.jpg","keywords":["Casa de Rosal\u00eda","Concello de Tomi\u00f1o"],"articleSection":["Baixo Mi\u00f1o"],"inLanguage":"gl-ES","potentialAction":[{"@type":"CommentAction","name":"Comment","target":["https:\/\/www.anovapeneira.gal\/index.php\/2019\/12\/31\/tomino-convertese-en-mecenas-da-casa-de-rosalia-para-asegurar-a-difusion-do-legado-da-grande-escritora-galega\/#respond"]}]},{"@type":"WebPage","@id":"https:\/\/www.anovapeneira.gal\/index.php\/2019\/12\/31\/tomino-convertese-en-mecenas-da-casa-de-rosalia-para-asegurar-a-difusion-do-legado-da-grande-escritora-galega\/","url":"https:\/\/www.anovapeneira.gal\/index.php\/2019\/12\/31\/tomino-convertese-en-mecenas-da-casa-de-rosalia-para-asegurar-a-difusion-do-legado-da-grande-escritora-galega\/","name":"Tomi\u00f1o conv\u00e9rtese en Mecenas da Casa de Rosal\u00eda, para asegurar a difusi\u00f3n do legado da grande escritora galega -","isPartOf":{"@id":"https:\/\/www.anovapeneira.gal\/#website"},"primaryImageOfPage":{"@id":"https:\/\/www.anovapeneira.gal\/index.php\/2019\/12\/31\/tomino-convertese-en-mecenas-da-casa-de-rosalia-para-asegurar-a-difusion-do-legado-da-grande-escritora-galega\/#primaryimage"},"image":{"@id":"https:\/\/www.anovapeneira.gal\/index.php\/2019\/12\/31\/tomino-convertese-en-mecenas-da-casa-de-rosalia-para-asegurar-a-difusion-do-legado-da-grande-escritora-galega\/#primaryimage"},"thumbnailUrl":"https:\/\/www.anovapeneira.gal\/wp-content\/uploads\/2019\/09\/concello_De_tominho_a_nova_peneria.jpg","datePublished":"2019-12-31T13:00:49+00:00","breadcrumb":{"@id":"https:\/\/www.anovapeneira.gal\/index.php\/2019\/12\/31\/tomino-convertese-en-mecenas-da-casa-de-rosalia-para-asegurar-a-difusion-do-legado-da-grande-escritora-galega\/#breadcrumb"},"inLanguage":"gl-ES","potentialAction":[{"@type":"ReadAction","target":["https:\/\/www.anovapeneira.gal\/index.php\/2019\/12\/31\/tomino-convertese-en-mecenas-da-casa-de-rosalia-para-asegurar-a-difusion-do-legado-da-grande-escritora-galega\/"]}]},{"@type":"ImageObject","inLanguage":"gl-ES","@id":"https:\/\/www.anovapeneira.gal\/index.php\/2019\/12\/31\/tomino-convertese-en-mecenas-da-casa-de-rosalia-para-asegurar-a-difusion-do-legado-da-grande-escritora-galega\/#primaryimage","url":"https:\/\/www.anovapeneira.gal\/wp-content\/uploads\/2019\/09\/concello_De_tominho_a_nova_peneria.jpg","contentUrl":"https:\/\/www.anovapeneira.gal\/wp-content\/uploads\/2019\/09\/concello_De_tominho_a_nova_peneria.jpg","width":720,"height":473,"caption":"Concello de Tomi\u00f1o A Nova Peneira"},{"@type":"BreadcrumbList","@id":"https:\/\/www.anovapeneira.gal\/index.php\/2019\/12\/31\/tomino-convertese-en-mecenas-da-casa-de-rosalia-para-asegurar-a-difusion-do-legado-da-grande-escritora-galega\/#breadcrumb","itemListElement":[{"@type":"ListItem","position":1,"name":"Portada","item":"https:\/\/www.anovapeneira.gal\/"},{"@type":"ListItem","position":2,"name":"Tomi\u00f1o conv\u00e9rtese en Mecenas da Casa de Rosal\u00eda, para asegurar a difusi\u00f3n do legado da grande escritora galega"}]},{"@type":"WebSite","@id":"https:\/\/www.anovapeneira.gal\/#website","url":"https:\/\/www.anovapeneira.gal\/","name":"","description":"Xornal galego de informaci\u00f3n xeral Publicaci\u00f3n mensual de novas de Galicia e en especial dos Concellos da sur da provincia de Pontevedra.","publisher":{"@id":"https:\/\/www.anovapeneira.gal\/#organization"},"potentialAction":[{"@type":"SearchAction","target":{"@type":"EntryPoint","urlTemplate":"https:\/\/www.anovapeneira.gal\/?s={search_term_string}"},"query-input":{"@type":"PropertyValueSpecification","valueRequired":true,"valueName":"search_term_string"}}],"inLanguage":"gl-ES"},{"@type":"Organization","@id":"https:\/\/www.anovapeneira.gal\/#organization","name":"A Nova Peneira","url":"https:\/\/www.anovapeneira.gal\/","logo":{"@type":"ImageObject","inLanguage":"gl-ES","@id":"https:\/\/www.anovapeneira.gal\/#\/schema\/logo\/image\/","url":"http:\/\/www.anovapeneira.gal\/wp-content\/uploads\/2019\/06\/logo_a_nova_peneira_portal_web.png","contentUrl":"http:\/\/www.anovapeneira.gal\/wp-content\/uploads\/2019\/06\/logo_a_nova_peneira_portal_web.png","width":300,"height":100,"caption":"A Nova Peneira"},"image":{"@id":"https:\/\/www.anovapeneira.gal\/#\/schema\/logo\/image\/"},"sameAs":["https:\/\/www.facebook.com\/anovapeneira","https:\/\/x.com\/APeneira"]},{"@type":"Person","@id":"https:\/\/www.anovapeneira.gal\/#\/schema\/person\/b93e3f8932e3f8da96334607eb6ac6aa","name":"Redacci\u00f3n A Nova Peneira","image":{"@type":"ImageObject","inLanguage":"gl-ES","@id":"https:\/\/secure.gravatar.com\/avatar\/c052a2551a06e23fac63626232eaa90abd78dbcf1700fc46a2b2c89fd27b735f?s=96&d=mm&r=g","url":"https:\/\/secure.gravatar.com\/avatar\/c052a2551a06e23fac63626232eaa90abd78dbcf1700fc46a2b2c89fd27b735f?s=96&d=mm&r=g","contentUrl":"https:\/\/secure.gravatar.com\/avatar\/c052a2551a06e23fac63626232eaa90abd78dbcf1700fc46a2b2c89fd27b735f?s=96&d=mm&r=g","caption":"Redacci\u00f3n A Nova Peneira"},"sameAs":["http:\/\/www.anovapeneira.gal\/"],"url":"https:\/\/www.anovapeneira.gal\/index.php\/author\/redactor\/"}]}},"jetpack_featured_media_url":"https:\/\/www.anovapeneira.gal\/wp-content\/uploads\/2019\/09\/concello_De_tominho_a_nova_peneria.jpg","_links":{"self":[{"href":"https:\/\/www.anovapeneira.gal\/index.php\/wp-json\/wp\/v2\/posts\/2159","targetHints":{"allow":["GET"]}}],"collection":[{"href":"https:\/\/www.anovapeneira.gal\/index.php\/wp-json\/wp\/v2\/posts"}],"about":[{"href":"https:\/\/www.anovapeneira.gal\/index.php\/wp-json\/wp\/v2\/types\/post"}],"author":[{"embeddable":true,"href":"https:\/\/www.anovapeneira.gal\/index.php\/wp-json\/wp\/v2\/users\/3"}],"replies":[{"embeddable":true,"href":"https:\/\/www.anovapeneira.gal\/index.php\/wp-json\/wp\/v2\/comments?post=2159"}],"version-history":[{"count":1,"href":"https:\/\/www.anovapeneira.gal\/index.php\/wp-json\/wp\/v2\/posts\/2159\/revisions"}],"predecessor-version":[{"id":2160,"href":"https:\/\/www.anovapeneira.gal\/index.php\/wp-json\/wp\/v2\/posts\/2159\/revisions\/2160"}],"wp:featuredmedia":[{"embeddable":true,"href":"https:\/\/www.anovapeneira.gal\/index.php\/wp-json\/wp\/v2\/media\/1336"}],"wp:attachment":[{"href":"https:\/\/www.anovapeneira.gal\/index.php\/wp-json\/wp\/v2\/media?parent=2159"}],"wp:term":[{"taxonomy":"category","embeddable":true,"href":"https:\/\/www.anovapeneira.gal\/index.php\/wp-json\/wp\/v2\/categories?post=2159"},{"taxonomy":"post_tag","embeddable":true,"href":"https:\/\/www.anovapeneira.gal\/index.php\/wp-json\/wp\/v2\/tags?post=2159"}],"curies":[{"name":"wp","href":"https:\/\/api.w.org\/{rel}","templated":true}]}}