{"id":2171,"date":"2020-01-02T10:00:15","date_gmt":"2020-01-02T09:00:15","guid":{"rendered":"http:\/\/www.anovapeneira.gal\/?p=2171"},"modified":"2019-12-29T22:27:54","modified_gmt":"2019-12-29T21:27:54","slug":"o-bng-pide-a-eliminacion-da-subida-abusiva-das-peaxes-da-ap-9-e-anuncia-iniciativas-para-acadar-bonificacions-e-o-traspaso-da-infraestrutura","status":"publish","type":"post","link":"https:\/\/www.anovapeneira.gal\/index.php\/2020\/01\/02\/o-bng-pide-a-eliminacion-da-subida-abusiva-das-peaxes-da-ap-9-e-anuncia-iniciativas-para-acadar-bonificacions-e-o-traspaso-da-infraestrutura\/","title":{"rendered":"O BNG pide a eliminaci\u00f3n da subida \u201cabusiva\u201d das peaxes da AP-9 e anuncia iniciativas para acadar \u00a0bonificaci\u00f3ns e o traspaso da infraestrutura"},"content":{"rendered":"\n<h2 class=\"wp-block-heading\"><strong>O BNG pide a eliminaci\u00f3n da subida \u201cabusiva\u201d das peaxes da AP-9 e anuncia iniciativas para acadar \u00a0bonificaci\u00f3ns e o traspaso da infraestrutura<\/strong><\/h2>\n\n\n\n<p><strong>Santiago, 26 de decembro, 2019<\/strong><\/p>\n\n\n\n<p>O\ndeputado do BNG, Lu\u00eds Bar\u00e1 cualificou hoxe de \u201catraco e espolio \u201d\no anuncio da subida das peaxes na AP-9. O parlamentario presentou as\npropostas do BNG contra esta medida entre as que destacou, o apoio \u00e1\nplataforma de organizaci\u00f3ns empresariais e persoas usuarias e\niniciativas no Parlamento galego e no Congreso dos deputados no que a\nAP-9, afirmou, \u201cser\u00e1 un asunto de m\u00e1xima prioridade tras a\nconformaci\u00f3n do novo goberno.<\/p>\n\n\n\n<p>Bar\u00e1\nrecalcou que o obxectivo \u201cirrenunciable\u201d na presente lexislatura\nser\u00e1 a defensa da transferencia da titularidade e xesti\u00f3n &nbsp;a\nAP-9 as\u00ed como \u201ca gratuidade da autoestrada\u201d. O deputado\nnacionalista explicou que mentres non remate o proceso da\ntransferencia, o BNG reclamar\u00e1 a \u201canulaci\u00f3n e regulaci\u00f3n dos\nconvenios asinados no 2011 e 2013 polos goberno do Estado espa\u00f1ol\u201d\nque permiten a subida abusiva dos \u00faltimos anos dunha media do 3%, \u201ca\nmaior de todo o estado\u201d.<\/p>\n\n\n\n<p>Bar\u00e1\ninsistiu en que as ampliaci\u00f3ns de Rande e AP-9 deben ser a cargo dos\norzamentos do estado e non a trav\u00e9s de incrementos nas peaxes.\nAdemais, &nbsp;remarcou&nbsp; que o BNG reclama un \u201csistema de\nbonificaci\u00f3ns\u201d semellante a outros territorios por un importe do\n35% para todos os veh\u00edculos, tanto pesados como lixeiros, durante\ntodos os d\u00edas da semana acumulables en funci\u00f3n do n\u00famero de\nviaxes, n\u00famero de quil\u00f3metros e &nbsp;inclu\u00edndo nas bonificaci\u00f3ns\nveh\u00edculos menos contaminantes e por criterios de renda social.<\/p>\n\n\n\n<p>Ademais\ndestas medidas, o BNG defender\u00e1 nas instituci\u00f3ns como obxectivos\ninmediatos no momento da conformaci\u00f3n de goberno no estado: \u201ca\ncomprometida gratuidade da peaxe entre Rande e Vigo, un plan de obras\npara o mantemento e mellora da infraestrutura con pantallas contra o\nru\u00eddo nas parroquias de Chapela e Redondela, o mantemento dos postos\nde traballo, a aprobaci\u00f3n para levantar as barreiras en casos de\nemerxencia, unha auditor\u00eda sobre o servizo da concesionaria, a&nbsp;\napertura de expedientes por retenci\u00f3ns e a eliminaci\u00f3n de todos os\nprivilexios fiscais da concesionaria\u201d. Resulta un \u201cesc\u00e1ndalo\u201d,\ndenunciou, que a concesionaria sega benefici\u00e1ndose dunha lei\nfranquista para non ingresar o IBI que sup\u00f3n un montante de 93\nmill\u00f3ns de euros que deixan de percibir os concellos polos que\ndiscorre a AP-9.<\/p>\n\n\n\n<p><strong>PP\ne PSOE c\u00f3mplices do espolio da AP-9 en&nbsp; Galiza <\/strong>\n<\/p>\n\n\n\n<p>O\nparlamentario lembrou que a AP-9 recada diariamente 400.000 euros en\npeaxes, \u201cun fil\u00f3n de diamantes\u201d que sup\u00f3n 150 Mill\u00f3ns de euros\npara a concesionaria cuns beneficios de entre &nbsp;40 e 45 Mill\u00f3ns\nde euros netos que se incrementan ano a ano. Bar\u00e1 denunciou que os\nbeneficios pertencen a grupos de inversores estranxeiros, \u201cnon\nqueda nada para a concesionaria galega\u201d e ao longo dos anos xa\nforon ingresados m\u00e1is de 3.000 mill\u00f3ns de euros e entre o 2007 e o\n2019, m\u00e1is de 600 mill\u00f3ns de beneficios pagados polas empresas e\npersoas usuarias que acaban en \u201cpara\u00edsos fiscais\u201d.<\/p>\n\n\n\n<p>Por\noutra parte, salientou que \u201co espolio\u201d da AP-9 \u00e9 produto da\nconivencia dos gobernos do PP e PSOE cuxas arcas do estado tam\u00e9n\ningresan 230 mill\u00f3ns de euros aos que hai que sumar \u201c1.500 mill\u00f3ns\nde euros pola privatizaci\u00f3n\u201d do goberno de Aznar. Unha\nprivatizaci\u00f3n de \u201csaldo\u201d.<\/p>\n\n\n\n<p>O\nPP tam\u00e9n \u00e9 culpable da ampliaci\u00f3n ate o ano 49, unha \u201cconcesi\u00f3n\nde 75 anos\u201d pero agora seguimos sufrindo outros agravios\ncomparativos con d\u00faas autoestradas do mesmo per\u00edodo que a AP-9,\nSevilla-C\u00e1diz e Tarragona-Alacante que ser\u00e1n gratu\u00edtas mentres\naqu\u00ed \u201cpagaremos a toca teja, un incremento do 2.64% a partir do 1\nde xaneiro\u201d.<\/p>\n","protected":false},"excerpt":{"rendered":"<div class=\"mh-excerpt\"><p>O BNG pide a eliminaci\u00f3n da subida \u201cabusiva\u201d das peaxes da AP-9 e anuncia iniciativas para acadar  bonificaci\u00f3ns e o traspaso da infraestrutura <a class=\"mh-excerpt-more\" href=\"https:\/\/www.anovapeneira.gal\/index.php\/2020\/01\/02\/o-bng-pide-a-eliminacion-da-subida-abusiva-das-peaxes-da-ap-9-e-anuncia-iniciativas-para-acadar-bonificacions-e-o-traspaso-da-infraestrutura\/\" title=\"O BNG pide a eliminaci\u00f3n da subida \u201cabusiva\u201d das peaxes da AP-9 e anuncia iniciativas para acadar \u00a0bonificaci\u00f3ns e o traspaso da infraestrutura\">[&#8230;]<\/a><\/p>\n<\/div>","protected":false},"author":3,"featured_media":2172,"comment_status":"open","ping_status":"open","sticky":false,"template":"","format":"standard","meta":{"_exactmetrics_skip_tracking":false,"_exactmetrics_sitenote_active":false,"_exactmetrics_sitenote_note":"","_exactmetrics_sitenote_category":0,"footnotes":""},"categories":[263],"tags":[860,10,121,12],"class_list":{"0":"post-2171","1":"post","2":"type-post","3":"status-publish","4":"format-standard","5":"has-post-thumbnail","7":"category-novas","8":"tag-ap9","9":"tag-bng","10":"tag-fomento","11":"tag-politica"},"yoast_head":"<!-- This site is optimized with the Yoast SEO plugin v27.4 - https:\/\/yoast.com\/product\/yoast-seo-wordpress\/ -->\n<title>O BNG pide a eliminaci\u00f3n da subida \u201cabusiva\u201d das peaxes da AP-9 e anuncia iniciativas para acadar \u00a0bonificaci\u00f3ns e o traspaso da infraestrutura -<\/title>\n<meta name=\"robots\" content=\"index, follow, max-snippet:-1, max-image-preview:large, max-video-preview:-1\" \/>\n<link rel=\"canonical\" href=\"https:\/\/www.anovapeneira.gal\/index.php\/2020\/01\/02\/o-bng-pide-a-eliminacion-da-subida-abusiva-das-peaxes-da-ap-9-e-anuncia-iniciativas-para-acadar-bonificacions-e-o-traspaso-da-infraestrutura\/\" \/>\n<meta property=\"og:locale\" content=\"gl_ES\" \/>\n<meta property=\"og:type\" content=\"article\" \/>\n<meta property=\"og:title\" content=\"O BNG pide a eliminaci\u00f3n da subida \u201cabusiva\u201d das peaxes da AP-9 e anuncia iniciativas para acadar \u00a0bonificaci\u00f3ns e o traspaso da infraestrutura -\" \/>\n<meta property=\"og:description\" content=\"O BNG pide a eliminaci\u00f3n da subida \u201cabusiva\u201d das peaxes da AP-9 e anuncia iniciativas para acadar bonificaci\u00f3ns e o traspaso da infraestrutura [...]\" \/>\n<meta property=\"og:url\" content=\"https:\/\/www.anovapeneira.gal\/index.php\/2020\/01\/02\/o-bng-pide-a-eliminacion-da-subida-abusiva-das-peaxes-da-ap-9-e-anuncia-iniciativas-para-acadar-bonificacions-e-o-traspaso-da-infraestrutura\/\" \/>\n<meta property=\"article:publisher\" content=\"https:\/\/www.facebook.com\/anovapeneira\" \/>\n<meta property=\"article:published_time\" content=\"2020-01-02T09:00:15+00:00\" \/>\n<meta property=\"og:image\" content=\"https:\/\/www.anovapeneira.gal\/wp-content\/uploads\/2019\/12\/luis_bara_ap9_a_nova_peneira.jpg\" \/>\n\t<meta property=\"og:image:width\" content=\"720\" \/>\n\t<meta property=\"og:image:height\" content=\"432\" \/>\n\t<meta property=\"og:image:type\" content=\"image\/jpeg\" \/>\n<meta name=\"author\" content=\"Redacci\u00f3n A Nova Peneira\" \/>\n<meta name=\"twitter:card\" content=\"summary_large_image\" \/>\n<meta name=\"twitter:creator\" content=\"@APeneira\" \/>\n<meta name=\"twitter:site\" content=\"@APeneira\" \/>\n<meta name=\"twitter:label1\" content=\"Escrito por\" \/>\n\t<meta name=\"twitter:data1\" content=\"Redacci\u00f3n A Nova Peneira\" \/>\n\t<meta name=\"twitter:label2\" content=\"Tempo de lectura\" \/>\n\t<meta name=\"twitter:data2\" content=\"3 minutos\" \/>\n<script type=\"application\/ld+json\" class=\"yoast-schema-graph\">{\"@context\":\"https:\\\/\\\/schema.org\",\"@graph\":[{\"@type\":\"Article\",\"@id\":\"https:\\\/\\\/www.anovapeneira.gal\\\/index.php\\\/2020\\\/01\\\/02\\\/o-bng-pide-a-eliminacion-da-subida-abusiva-das-peaxes-da-ap-9-e-anuncia-iniciativas-para-acadar-bonificacions-e-o-traspaso-da-infraestrutura\\\/#article\",\"isPartOf\":{\"@id\":\"https:\\\/\\\/www.anovapeneira.gal\\\/index.php\\\/2020\\\/01\\\/02\\\/o-bng-pide-a-eliminacion-da-subida-abusiva-das-peaxes-da-ap-9-e-anuncia-iniciativas-para-acadar-bonificacions-e-o-traspaso-da-infraestrutura\\\/\"},\"author\":{\"name\":\"Redacci\u00f3n A Nova Peneira\",\"@id\":\"https:\\\/\\\/www.anovapeneira.gal\\\/#\\\/schema\\\/person\\\/b93e3f8932e3f8da96334607eb6ac6aa\"},\"headline\":\"O BNG pide a eliminaci\u00f3n da subida \u201cabusiva\u201d das peaxes da AP-9 e anuncia iniciativas para acadar \u00a0bonificaci\u00f3ns e o traspaso da infraestrutura\",\"datePublished\":\"2020-01-02T09:00:15+00:00\",\"mainEntityOfPage\":{\"@id\":\"https:\\\/\\\/www.anovapeneira.gal\\\/index.php\\\/2020\\\/01\\\/02\\\/o-bng-pide-a-eliminacion-da-subida-abusiva-das-peaxes-da-ap-9-e-anuncia-iniciativas-para-acadar-bonificacions-e-o-traspaso-da-infraestrutura\\\/\"},\"wordCount\":656,\"commentCount\":0,\"publisher\":{\"@id\":\"https:\\\/\\\/www.anovapeneira.gal\\\/#organization\"},\"image\":{\"@id\":\"https:\\\/\\\/www.anovapeneira.gal\\\/index.php\\\/2020\\\/01\\\/02\\\/o-bng-pide-a-eliminacion-da-subida-abusiva-das-peaxes-da-ap-9-e-anuncia-iniciativas-para-acadar-bonificacions-e-o-traspaso-da-infraestrutura\\\/#primaryimage\"},\"thumbnailUrl\":\"https:\\\/\\\/www.anovapeneira.gal\\\/wp-content\\\/uploads\\\/2019\\\/12\\\/luis_bara_ap9_a_nova_peneira.jpg\",\"keywords\":[\"AP9\",\"BNG\",\"Fomento\",\"Pol\u00edtica\"],\"articleSection\":[\"Novas\"],\"inLanguage\":\"gl-ES\",\"potentialAction\":[{\"@type\":\"CommentAction\",\"name\":\"Comment\",\"target\":[\"https:\\\/\\\/www.anovapeneira.gal\\\/index.php\\\/2020\\\/01\\\/02\\\/o-bng-pide-a-eliminacion-da-subida-abusiva-das-peaxes-da-ap-9-e-anuncia-iniciativas-para-acadar-bonificacions-e-o-traspaso-da-infraestrutura\\\/#respond\"]}]},{\"@type\":\"WebPage\",\"@id\":\"https:\\\/\\\/www.anovapeneira.gal\\\/index.php\\\/2020\\\/01\\\/02\\\/o-bng-pide-a-eliminacion-da-subida-abusiva-das-peaxes-da-ap-9-e-anuncia-iniciativas-para-acadar-bonificacions-e-o-traspaso-da-infraestrutura\\\/\",\"url\":\"https:\\\/\\\/www.anovapeneira.gal\\\/index.php\\\/2020\\\/01\\\/02\\\/o-bng-pide-a-eliminacion-da-subida-abusiva-das-peaxes-da-ap-9-e-anuncia-iniciativas-para-acadar-bonificacions-e-o-traspaso-da-infraestrutura\\\/\",\"name\":\"O BNG pide a eliminaci\u00f3n da subida \u201cabusiva\u201d das peaxes da AP-9 e anuncia iniciativas para acadar \u00a0bonificaci\u00f3ns e o traspaso da infraestrutura -\",\"isPartOf\":{\"@id\":\"https:\\\/\\\/www.anovapeneira.gal\\\/#website\"},\"primaryImageOfPage\":{\"@id\":\"https:\\\/\\\/www.anovapeneira.gal\\\/index.php\\\/2020\\\/01\\\/02\\\/o-bng-pide-a-eliminacion-da-subida-abusiva-das-peaxes-da-ap-9-e-anuncia-iniciativas-para-acadar-bonificacions-e-o-traspaso-da-infraestrutura\\\/#primaryimage\"},\"image\":{\"@id\":\"https:\\\/\\\/www.anovapeneira.gal\\\/index.php\\\/2020\\\/01\\\/02\\\/o-bng-pide-a-eliminacion-da-subida-abusiva-das-peaxes-da-ap-9-e-anuncia-iniciativas-para-acadar-bonificacions-e-o-traspaso-da-infraestrutura\\\/#primaryimage\"},\"thumbnailUrl\":\"https:\\\/\\\/www.anovapeneira.gal\\\/wp-content\\\/uploads\\\/2019\\\/12\\\/luis_bara_ap9_a_nova_peneira.jpg\",\"datePublished\":\"2020-01-02T09:00:15+00:00\",\"breadcrumb\":{\"@id\":\"https:\\\/\\\/www.anovapeneira.gal\\\/index.php\\\/2020\\\/01\\\/02\\\/o-bng-pide-a-eliminacion-da-subida-abusiva-das-peaxes-da-ap-9-e-anuncia-iniciativas-para-acadar-bonificacions-e-o-traspaso-da-infraestrutura\\\/#breadcrumb\"},\"inLanguage\":\"gl-ES\",\"potentialAction\":[{\"@type\":\"ReadAction\",\"target\":[\"https:\\\/\\\/www.anovapeneira.gal\\\/index.php\\\/2020\\\/01\\\/02\\\/o-bng-pide-a-eliminacion-da-subida-abusiva-das-peaxes-da-ap-9-e-anuncia-iniciativas-para-acadar-bonificacions-e-o-traspaso-da-infraestrutura\\\/\"]}]},{\"@type\":\"ImageObject\",\"inLanguage\":\"gl-ES\",\"@id\":\"https:\\\/\\\/www.anovapeneira.gal\\\/index.php\\\/2020\\\/01\\\/02\\\/o-bng-pide-a-eliminacion-da-subida-abusiva-das-peaxes-da-ap-9-e-anuncia-iniciativas-para-acadar-bonificacions-e-o-traspaso-da-infraestrutura\\\/#primaryimage\",\"url\":\"https:\\\/\\\/www.anovapeneira.gal\\\/wp-content\\\/uploads\\\/2019\\\/12\\\/luis_bara_ap9_a_nova_peneira.jpg\",\"contentUrl\":\"https:\\\/\\\/www.anovapeneira.gal\\\/wp-content\\\/uploads\\\/2019\\\/12\\\/luis_bara_ap9_a_nova_peneira.jpg\",\"width\":720,\"height\":432,\"caption\":\"Luis Bar\u00e1 AP9 A Nova Peneira\"},{\"@type\":\"BreadcrumbList\",\"@id\":\"https:\\\/\\\/www.anovapeneira.gal\\\/index.php\\\/2020\\\/01\\\/02\\\/o-bng-pide-a-eliminacion-da-subida-abusiva-das-peaxes-da-ap-9-e-anuncia-iniciativas-para-acadar-bonificacions-e-o-traspaso-da-infraestrutura\\\/#breadcrumb\",\"itemListElement\":[{\"@type\":\"ListItem\",\"position\":1,\"name\":\"Portada\",\"item\":\"https:\\\/\\\/www.anovapeneira.gal\\\/\"},{\"@type\":\"ListItem\",\"position\":2,\"name\":\"O BNG pide a eliminaci\u00f3n da subida \u201cabusiva\u201d das peaxes da AP-9 e anuncia iniciativas para acadar \u00a0bonificaci\u00f3ns e o traspaso da infraestrutura\"}]},{\"@type\":\"WebSite\",\"@id\":\"https:\\\/\\\/www.anovapeneira.gal\\\/#website\",\"url\":\"https:\\\/\\\/www.anovapeneira.gal\\\/\",\"name\":\"\",\"description\":\"Xornal galego de informaci\u00f3n xeral Publicaci\u00f3n mensual de novas de Galicia e en especial dos Concellos da sur da provincia de Pontevedra.\",\"publisher\":{\"@id\":\"https:\\\/\\\/www.anovapeneira.gal\\\/#organization\"},\"potentialAction\":[{\"@type\":\"SearchAction\",\"target\":{\"@type\":\"EntryPoint\",\"urlTemplate\":\"https:\\\/\\\/www.anovapeneira.gal\\\/?s={search_term_string}\"},\"query-input\":{\"@type\":\"PropertyValueSpecification\",\"valueRequired\":true,\"valueName\":\"search_term_string\"}}],\"inLanguage\":\"gl-ES\"},{\"@type\":\"Organization\",\"@id\":\"https:\\\/\\\/www.anovapeneira.gal\\\/#organization\",\"name\":\"A Nova Peneira\",\"url\":\"https:\\\/\\\/www.anovapeneira.gal\\\/\",\"logo\":{\"@type\":\"ImageObject\",\"inLanguage\":\"gl-ES\",\"@id\":\"https:\\\/\\\/www.anovapeneira.gal\\\/#\\\/schema\\\/logo\\\/image\\\/\",\"url\":\"http:\\\/\\\/www.anovapeneira.gal\\\/wp-content\\\/uploads\\\/2019\\\/06\\\/logo_a_nova_peneira_portal_web.png\",\"contentUrl\":\"http:\\\/\\\/www.anovapeneira.gal\\\/wp-content\\\/uploads\\\/2019\\\/06\\\/logo_a_nova_peneira_portal_web.png\",\"width\":300,\"height\":100,\"caption\":\"A Nova Peneira\"},\"image\":{\"@id\":\"https:\\\/\\\/www.anovapeneira.gal\\\/#\\\/schema\\\/logo\\\/image\\\/\"},\"sameAs\":[\"https:\\\/\\\/www.facebook.com\\\/anovapeneira\",\"https:\\\/\\\/x.com\\\/APeneira\"]},{\"@type\":\"Person\",\"@id\":\"https:\\\/\\\/www.anovapeneira.gal\\\/#\\\/schema\\\/person\\\/b93e3f8932e3f8da96334607eb6ac6aa\",\"name\":\"Redacci\u00f3n A Nova Peneira\",\"image\":{\"@type\":\"ImageObject\",\"inLanguage\":\"gl-ES\",\"@id\":\"https:\\\/\\\/secure.gravatar.com\\\/avatar\\\/c052a2551a06e23fac63626232eaa90abd78dbcf1700fc46a2b2c89fd27b735f?s=96&d=mm&r=g\",\"url\":\"https:\\\/\\\/secure.gravatar.com\\\/avatar\\\/c052a2551a06e23fac63626232eaa90abd78dbcf1700fc46a2b2c89fd27b735f?s=96&d=mm&r=g\",\"contentUrl\":\"https:\\\/\\\/secure.gravatar.com\\\/avatar\\\/c052a2551a06e23fac63626232eaa90abd78dbcf1700fc46a2b2c89fd27b735f?s=96&d=mm&r=g\",\"caption\":\"Redacci\u00f3n A Nova Peneira\"},\"sameAs\":[\"http:\\\/\\\/www.anovapeneira.gal\\\/\"],\"url\":\"https:\\\/\\\/www.anovapeneira.gal\\\/index.php\\\/author\\\/redactor\\\/\"}]}<\/script>\n<!-- \/ Yoast SEO plugin. -->","yoast_head_json":{"title":"O BNG pide a eliminaci\u00f3n da subida \u201cabusiva\u201d das peaxes da AP-9 e anuncia iniciativas para acadar \u00a0bonificaci\u00f3ns e o traspaso da infraestrutura -","robots":{"index":"index","follow":"follow","max-snippet":"max-snippet:-1","max-image-preview":"max-image-preview:large","max-video-preview":"max-video-preview:-1"},"canonical":"https:\/\/www.anovapeneira.gal\/index.php\/2020\/01\/02\/o-bng-pide-a-eliminacion-da-subida-abusiva-das-peaxes-da-ap-9-e-anuncia-iniciativas-para-acadar-bonificacions-e-o-traspaso-da-infraestrutura\/","og_locale":"gl_ES","og_type":"article","og_title":"O BNG pide a eliminaci\u00f3n da subida \u201cabusiva\u201d das peaxes da AP-9 e anuncia iniciativas para acadar \u00a0bonificaci\u00f3ns e o traspaso da infraestrutura -","og_description":"O BNG pide a eliminaci\u00f3n da subida \u201cabusiva\u201d das peaxes da AP-9 e anuncia iniciativas para acadar bonificaci\u00f3ns e o traspaso da infraestrutura [...]","og_url":"https:\/\/www.anovapeneira.gal\/index.php\/2020\/01\/02\/o-bng-pide-a-eliminacion-da-subida-abusiva-das-peaxes-da-ap-9-e-anuncia-iniciativas-para-acadar-bonificacions-e-o-traspaso-da-infraestrutura\/","article_publisher":"https:\/\/www.facebook.com\/anovapeneira","article_published_time":"2020-01-02T09:00:15+00:00","og_image":[{"width":720,"height":432,"url":"https:\/\/www.anovapeneira.gal\/wp-content\/uploads\/2019\/12\/luis_bara_ap9_a_nova_peneira.jpg","type":"image\/jpeg"}],"author":"Redacci\u00f3n A Nova Peneira","twitter_card":"summary_large_image","twitter_creator":"@APeneira","twitter_site":"@APeneira","twitter_misc":{"Escrito por":"Redacci\u00f3n A Nova Peneira","Tempo de lectura":"3 minutos"},"schema":{"@context":"https:\/\/schema.org","@graph":[{"@type":"Article","@id":"https:\/\/www.anovapeneira.gal\/index.php\/2020\/01\/02\/o-bng-pide-a-eliminacion-da-subida-abusiva-das-peaxes-da-ap-9-e-anuncia-iniciativas-para-acadar-bonificacions-e-o-traspaso-da-infraestrutura\/#article","isPartOf":{"@id":"https:\/\/www.anovapeneira.gal\/index.php\/2020\/01\/02\/o-bng-pide-a-eliminacion-da-subida-abusiva-das-peaxes-da-ap-9-e-anuncia-iniciativas-para-acadar-bonificacions-e-o-traspaso-da-infraestrutura\/"},"author":{"name":"Redacci\u00f3n A Nova Peneira","@id":"https:\/\/www.anovapeneira.gal\/#\/schema\/person\/b93e3f8932e3f8da96334607eb6ac6aa"},"headline":"O BNG pide a eliminaci\u00f3n da subida \u201cabusiva\u201d das peaxes da AP-9 e anuncia iniciativas para acadar \u00a0bonificaci\u00f3ns e o traspaso da infraestrutura","datePublished":"2020-01-02T09:00:15+00:00","mainEntityOfPage":{"@id":"https:\/\/www.anovapeneira.gal\/index.php\/2020\/01\/02\/o-bng-pide-a-eliminacion-da-subida-abusiva-das-peaxes-da-ap-9-e-anuncia-iniciativas-para-acadar-bonificacions-e-o-traspaso-da-infraestrutura\/"},"wordCount":656,"commentCount":0,"publisher":{"@id":"https:\/\/www.anovapeneira.gal\/#organization"},"image":{"@id":"https:\/\/www.anovapeneira.gal\/index.php\/2020\/01\/02\/o-bng-pide-a-eliminacion-da-subida-abusiva-das-peaxes-da-ap-9-e-anuncia-iniciativas-para-acadar-bonificacions-e-o-traspaso-da-infraestrutura\/#primaryimage"},"thumbnailUrl":"https:\/\/www.anovapeneira.gal\/wp-content\/uploads\/2019\/12\/luis_bara_ap9_a_nova_peneira.jpg","keywords":["AP9","BNG","Fomento","Pol\u00edtica"],"articleSection":["Novas"],"inLanguage":"gl-ES","potentialAction":[{"@type":"CommentAction","name":"Comment","target":["https:\/\/www.anovapeneira.gal\/index.php\/2020\/01\/02\/o-bng-pide-a-eliminacion-da-subida-abusiva-das-peaxes-da-ap-9-e-anuncia-iniciativas-para-acadar-bonificacions-e-o-traspaso-da-infraestrutura\/#respond"]}]},{"@type":"WebPage","@id":"https:\/\/www.anovapeneira.gal\/index.php\/2020\/01\/02\/o-bng-pide-a-eliminacion-da-subida-abusiva-das-peaxes-da-ap-9-e-anuncia-iniciativas-para-acadar-bonificacions-e-o-traspaso-da-infraestrutura\/","url":"https:\/\/www.anovapeneira.gal\/index.php\/2020\/01\/02\/o-bng-pide-a-eliminacion-da-subida-abusiva-das-peaxes-da-ap-9-e-anuncia-iniciativas-para-acadar-bonificacions-e-o-traspaso-da-infraestrutura\/","name":"O BNG pide a eliminaci\u00f3n da subida \u201cabusiva\u201d das peaxes da AP-9 e anuncia iniciativas para acadar \u00a0bonificaci\u00f3ns e o traspaso da infraestrutura -","isPartOf":{"@id":"https:\/\/www.anovapeneira.gal\/#website"},"primaryImageOfPage":{"@id":"https:\/\/www.anovapeneira.gal\/index.php\/2020\/01\/02\/o-bng-pide-a-eliminacion-da-subida-abusiva-das-peaxes-da-ap-9-e-anuncia-iniciativas-para-acadar-bonificacions-e-o-traspaso-da-infraestrutura\/#primaryimage"},"image":{"@id":"https:\/\/www.anovapeneira.gal\/index.php\/2020\/01\/02\/o-bng-pide-a-eliminacion-da-subida-abusiva-das-peaxes-da-ap-9-e-anuncia-iniciativas-para-acadar-bonificacions-e-o-traspaso-da-infraestrutura\/#primaryimage"},"thumbnailUrl":"https:\/\/www.anovapeneira.gal\/wp-content\/uploads\/2019\/12\/luis_bara_ap9_a_nova_peneira.jpg","datePublished":"2020-01-02T09:00:15+00:00","breadcrumb":{"@id":"https:\/\/www.anovapeneira.gal\/index.php\/2020\/01\/02\/o-bng-pide-a-eliminacion-da-subida-abusiva-das-peaxes-da-ap-9-e-anuncia-iniciativas-para-acadar-bonificacions-e-o-traspaso-da-infraestrutura\/#breadcrumb"},"inLanguage":"gl-ES","potentialAction":[{"@type":"ReadAction","target":["https:\/\/www.anovapeneira.gal\/index.php\/2020\/01\/02\/o-bng-pide-a-eliminacion-da-subida-abusiva-das-peaxes-da-ap-9-e-anuncia-iniciativas-para-acadar-bonificacions-e-o-traspaso-da-infraestrutura\/"]}]},{"@type":"ImageObject","inLanguage":"gl-ES","@id":"https:\/\/www.anovapeneira.gal\/index.php\/2020\/01\/02\/o-bng-pide-a-eliminacion-da-subida-abusiva-das-peaxes-da-ap-9-e-anuncia-iniciativas-para-acadar-bonificacions-e-o-traspaso-da-infraestrutura\/#primaryimage","url":"https:\/\/www.anovapeneira.gal\/wp-content\/uploads\/2019\/12\/luis_bara_ap9_a_nova_peneira.jpg","contentUrl":"https:\/\/www.anovapeneira.gal\/wp-content\/uploads\/2019\/12\/luis_bara_ap9_a_nova_peneira.jpg","width":720,"height":432,"caption":"Luis Bar\u00e1 AP9 A Nova Peneira"},{"@type":"BreadcrumbList","@id":"https:\/\/www.anovapeneira.gal\/index.php\/2020\/01\/02\/o-bng-pide-a-eliminacion-da-subida-abusiva-das-peaxes-da-ap-9-e-anuncia-iniciativas-para-acadar-bonificacions-e-o-traspaso-da-infraestrutura\/#breadcrumb","itemListElement":[{"@type":"ListItem","position":1,"name":"Portada","item":"https:\/\/www.anovapeneira.gal\/"},{"@type":"ListItem","position":2,"name":"O BNG pide a eliminaci\u00f3n da subida \u201cabusiva\u201d das peaxes da AP-9 e anuncia iniciativas para acadar \u00a0bonificaci\u00f3ns e o traspaso da infraestrutura"}]},{"@type":"WebSite","@id":"https:\/\/www.anovapeneira.gal\/#website","url":"https:\/\/www.anovapeneira.gal\/","name":"","description":"Xornal galego de informaci\u00f3n xeral Publicaci\u00f3n mensual de novas de Galicia e en especial dos Concellos da sur da provincia de Pontevedra.","publisher":{"@id":"https:\/\/www.anovapeneira.gal\/#organization"},"potentialAction":[{"@type":"SearchAction","target":{"@type":"EntryPoint","urlTemplate":"https:\/\/www.anovapeneira.gal\/?s={search_term_string}"},"query-input":{"@type":"PropertyValueSpecification","valueRequired":true,"valueName":"search_term_string"}}],"inLanguage":"gl-ES"},{"@type":"Organization","@id":"https:\/\/www.anovapeneira.gal\/#organization","name":"A Nova Peneira","url":"https:\/\/www.anovapeneira.gal\/","logo":{"@type":"ImageObject","inLanguage":"gl-ES","@id":"https:\/\/www.anovapeneira.gal\/#\/schema\/logo\/image\/","url":"http:\/\/www.anovapeneira.gal\/wp-content\/uploads\/2019\/06\/logo_a_nova_peneira_portal_web.png","contentUrl":"http:\/\/www.anovapeneira.gal\/wp-content\/uploads\/2019\/06\/logo_a_nova_peneira_portal_web.png","width":300,"height":100,"caption":"A Nova Peneira"},"image":{"@id":"https:\/\/www.anovapeneira.gal\/#\/schema\/logo\/image\/"},"sameAs":["https:\/\/www.facebook.com\/anovapeneira","https:\/\/x.com\/APeneira"]},{"@type":"Person","@id":"https:\/\/www.anovapeneira.gal\/#\/schema\/person\/b93e3f8932e3f8da96334607eb6ac6aa","name":"Redacci\u00f3n A Nova Peneira","image":{"@type":"ImageObject","inLanguage":"gl-ES","@id":"https:\/\/secure.gravatar.com\/avatar\/c052a2551a06e23fac63626232eaa90abd78dbcf1700fc46a2b2c89fd27b735f?s=96&d=mm&r=g","url":"https:\/\/secure.gravatar.com\/avatar\/c052a2551a06e23fac63626232eaa90abd78dbcf1700fc46a2b2c89fd27b735f?s=96&d=mm&r=g","contentUrl":"https:\/\/secure.gravatar.com\/avatar\/c052a2551a06e23fac63626232eaa90abd78dbcf1700fc46a2b2c89fd27b735f?s=96&d=mm&r=g","caption":"Redacci\u00f3n A Nova Peneira"},"sameAs":["http:\/\/www.anovapeneira.gal\/"],"url":"https:\/\/www.anovapeneira.gal\/index.php\/author\/redactor\/"}]}},"jetpack_featured_media_url":"https:\/\/www.anovapeneira.gal\/wp-content\/uploads\/2019\/12\/luis_bara_ap9_a_nova_peneira.jpg","_links":{"self":[{"href":"https:\/\/www.anovapeneira.gal\/index.php\/wp-json\/wp\/v2\/posts\/2171","targetHints":{"allow":["GET"]}}],"collection":[{"href":"https:\/\/www.anovapeneira.gal\/index.php\/wp-json\/wp\/v2\/posts"}],"about":[{"href":"https:\/\/www.anovapeneira.gal\/index.php\/wp-json\/wp\/v2\/types\/post"}],"author":[{"embeddable":true,"href":"https:\/\/www.anovapeneira.gal\/index.php\/wp-json\/wp\/v2\/users\/3"}],"replies":[{"embeddable":true,"href":"https:\/\/www.anovapeneira.gal\/index.php\/wp-json\/wp\/v2\/comments?post=2171"}],"version-history":[{"count":1,"href":"https:\/\/www.anovapeneira.gal\/index.php\/wp-json\/wp\/v2\/posts\/2171\/revisions"}],"predecessor-version":[{"id":2173,"href":"https:\/\/www.anovapeneira.gal\/index.php\/wp-json\/wp\/v2\/posts\/2171\/revisions\/2173"}],"wp:featuredmedia":[{"embeddable":true,"href":"https:\/\/www.anovapeneira.gal\/index.php\/wp-json\/wp\/v2\/media\/2172"}],"wp:attachment":[{"href":"https:\/\/www.anovapeneira.gal\/index.php\/wp-json\/wp\/v2\/media?parent=2171"}],"wp:term":[{"taxonomy":"category","embeddable":true,"href":"https:\/\/www.anovapeneira.gal\/index.php\/wp-json\/wp\/v2\/categories?post=2171"},{"taxonomy":"post_tag","embeddable":true,"href":"https:\/\/www.anovapeneira.gal\/index.php\/wp-json\/wp\/v2\/tags?post=2171"}],"curies":[{"name":"wp","href":"https:\/\/api.w.org\/{rel}","templated":true}]}}