{"id":2177,"date":"2020-01-02T14:00:21","date_gmt":"2020-01-02T13:00:21","guid":{"rendered":"http:\/\/www.anovapeneira.gal\/?p=2177"},"modified":"2019-12-29T22:38:45","modified_gmt":"2019-12-29T21:38:45","slug":"o-grupo-comun-da-esquerda-critica-a-falta-de-planificacion-da-xunta-fronte-as-decisions-de-endesa","status":"publish","type":"post","link":"https:\/\/www.anovapeneira.gal\/index.php\/2020\/01\/02\/o-grupo-comun-da-esquerda-critica-a-falta-de-planificacion-da-xunta-fronte-as-decisions-de-endesa\/","title":{"rendered":"O Grupo Com\u00fan da Esquerda critica a falta de planificaci\u00f3n da Xunta fronte \u00e1s decisi\u00f3ns de Endesa"},"content":{"rendered":"\n<h2 class=\"wp-block-heading\">Luca Chao reclama que as empresas que esquilman os recursos e contaminan se fagan cargo dun plan de emprego cos seus beneficios<\/h2>\n\n\n\n<p><strong> Santiago, 27\u00a0de decembro de 2019<\/strong><\/p>\n\n\n\n<p>\nO\nGrupo Com\u00fan da Esquerda criticou este venres a falta de\nplanificaci\u00f3n da Xunta tras o comunicado no que se anuncia o peche\nda central t\u00e9rmica de Endesa nas Pontes. &#8220;En primeiro lugar\nqueremos amosar o noso apoio e solidariedade cos traballadores tanto\nda central, como da industria auxiliar. Tam\u00e9n con toda a comarca das\nPontes, que vai verse moi afectada por esta noticia&#8221;, expresou a\nvoceira Luca Chao.<br><br>Tras o anuncio, Chao quixo insistir &#8220;no\nque xa dixemos hai tempo: non se pod\u00eda mirar para outro lado. A\ntransici\u00f3n enerx\u00e9tica esix\u00eda planificaci\u00f3n. Isto foi o que non\nfixo o goberno da Xunta de Galicia. Mirou para outro lado e deixou\npasar o tempo, permitindo que a empresa tomara unha decisi\u00f3n en base\na criterios econ\u00f3micos cando o considerara necesario&#8221;.<br><br>Fronte\na isto, a voceira reafirmouse en que &#8220;hai que facer unha\ntransici\u00f3n enerx\u00e9tica. Non podemos permitir que haxa industrias tan\ncontaminantes no noso pa\u00eds, pero isto non pode ser a costa dos\ntraballadores&#8221;. Pola contra, considerou que &#8220;o que hai que\nesixirlle \u00e1s empresas que esquilman os recursos de toda cidadan\u00eda e\ncontaminan o medio ambiente \u00e9 que cos seus enormes beneficios se\nfagan cargo dun plan de emprego que garanta estabilidade e futuro\npara as comarcas das que se lucraron ata agora&#8221;.<\/p>\n","protected":false},"excerpt":{"rendered":"<div class=\"mh-excerpt\"><p>Luca Chao reclama que as empresas que esquilman os recursos e contaminan se fagan cargo dun plan de emprego cos seus beneficios <a class=\"mh-excerpt-more\" href=\"https:\/\/www.anovapeneira.gal\/index.php\/2020\/01\/02\/o-grupo-comun-da-esquerda-critica-a-falta-de-planificacion-da-xunta-fronte-as-decisions-de-endesa\/\" title=\"O Grupo Com\u00fan da Esquerda critica a falta de planificaci\u00f3n da Xunta fronte \u00e1s decisi\u00f3ns de Endesa\">[&#8230;]<\/a><\/p>\n<\/div>","protected":false},"author":3,"featured_media":2178,"comment_status":"open","ping_status":"open","sticky":false,"template":"","format":"standard","meta":{"_exactmetrics_skip_tracking":false,"_exactmetrics_sitenote_active":false,"_exactmetrics_sitenote_note":"","_exactmetrics_sitenote_category":0,"footnotes":""},"categories":[263],"tags":[722],"class_list":{"0":"post-2177","1":"post","2":"type-post","3":"status-publish","4":"format-standard","5":"has-post-thumbnail","7":"category-novas","8":"tag-grupo-comun-da-esquerda"},"yoast_head":"<!-- This site is optimized with the Yoast SEO plugin v27.4 - https:\/\/yoast.com\/product\/yoast-seo-wordpress\/ -->\n<title>O Grupo Com\u00fan da Esquerda critica a falta de planificaci\u00f3n da Xunta fronte \u00e1s decisi\u00f3ns de Endesa -<\/title>\n<meta name=\"robots\" content=\"index, follow, max-snippet:-1, max-image-preview:large, max-video-preview:-1\" \/>\n<link rel=\"canonical\" href=\"https:\/\/www.anovapeneira.gal\/index.php\/2020\/01\/02\/o-grupo-comun-da-esquerda-critica-a-falta-de-planificacion-da-xunta-fronte-as-decisions-de-endesa\/\" \/>\n<meta property=\"og:locale\" content=\"gl_ES\" \/>\n<meta property=\"og:type\" content=\"article\" \/>\n<meta property=\"og:title\" content=\"O Grupo Com\u00fan da Esquerda critica a falta de planificaci\u00f3n da Xunta fronte \u00e1s decisi\u00f3ns de Endesa -\" \/>\n<meta property=\"og:description\" content=\"Luca Chao reclama que as empresas que esquilman os recursos e contaminan se fagan cargo dun plan de emprego cos seus beneficios [...]\" \/>\n<meta property=\"og:url\" content=\"https:\/\/www.anovapeneira.gal\/index.php\/2020\/01\/02\/o-grupo-comun-da-esquerda-critica-a-falta-de-planificacion-da-xunta-fronte-as-decisions-de-endesa\/\" \/>\n<meta property=\"article:publisher\" content=\"https:\/\/www.facebook.com\/anovapeneira\" \/>\n<meta property=\"article:published_time\" content=\"2020-01-02T13:00:21+00:00\" \/>\n<meta property=\"og:image\" content=\"https:\/\/www.anovapeneira.gal\/wp-content\/uploads\/2019\/12\/lucha_grupo_comun_de_esquerda_a_nova_peneira.jpg\" \/>\n\t<meta property=\"og:image:width\" content=\"720\" \/>\n\t<meta property=\"og:image:height\" content=\"432\" \/>\n\t<meta property=\"og:image:type\" content=\"image\/jpeg\" \/>\n<meta name=\"author\" content=\"Redacci\u00f3n A Nova Peneira\" \/>\n<meta name=\"twitter:card\" content=\"summary_large_image\" \/>\n<meta name=\"twitter:creator\" content=\"@APeneira\" \/>\n<meta name=\"twitter:site\" content=\"@APeneira\" \/>\n<meta name=\"twitter:label1\" content=\"Escrito por\" \/>\n\t<meta name=\"twitter:data1\" content=\"Redacci\u00f3n A Nova Peneira\" \/>\n\t<meta name=\"twitter:label2\" content=\"Tempo de lectura\" \/>\n\t<meta name=\"twitter:data2\" content=\"1 minuto\" \/>\n<script type=\"application\/ld+json\" class=\"yoast-schema-graph\">{\"@context\":\"https:\\\/\\\/schema.org\",\"@graph\":[{\"@type\":\"Article\",\"@id\":\"https:\\\/\\\/www.anovapeneira.gal\\\/index.php\\\/2020\\\/01\\\/02\\\/o-grupo-comun-da-esquerda-critica-a-falta-de-planificacion-da-xunta-fronte-as-decisions-de-endesa\\\/#article\",\"isPartOf\":{\"@id\":\"https:\\\/\\\/www.anovapeneira.gal\\\/index.php\\\/2020\\\/01\\\/02\\\/o-grupo-comun-da-esquerda-critica-a-falta-de-planificacion-da-xunta-fronte-as-decisions-de-endesa\\\/\"},\"author\":{\"name\":\"Redacci\u00f3n A Nova Peneira\",\"@id\":\"https:\\\/\\\/www.anovapeneira.gal\\\/#\\\/schema\\\/person\\\/b93e3f8932e3f8da96334607eb6ac6aa\"},\"headline\":\"O Grupo Com\u00fan da Esquerda critica a falta de planificaci\u00f3n da Xunta fronte \u00e1s decisi\u00f3ns de Endesa\",\"datePublished\":\"2020-01-02T13:00:21+00:00\",\"mainEntityOfPage\":{\"@id\":\"https:\\\/\\\/www.anovapeneira.gal\\\/index.php\\\/2020\\\/01\\\/02\\\/o-grupo-comun-da-esquerda-critica-a-falta-de-planificacion-da-xunta-fronte-as-decisions-de-endesa\\\/\"},\"wordCount\":274,\"commentCount\":0,\"publisher\":{\"@id\":\"https:\\\/\\\/www.anovapeneira.gal\\\/#organization\"},\"image\":{\"@id\":\"https:\\\/\\\/www.anovapeneira.gal\\\/index.php\\\/2020\\\/01\\\/02\\\/o-grupo-comun-da-esquerda-critica-a-falta-de-planificacion-da-xunta-fronte-as-decisions-de-endesa\\\/#primaryimage\"},\"thumbnailUrl\":\"https:\\\/\\\/www.anovapeneira.gal\\\/wp-content\\\/uploads\\\/2019\\\/12\\\/lucha_grupo_comun_de_esquerda_a_nova_peneira.jpg\",\"keywords\":[\"Grupo Com\u00fan da Esquerda\"],\"articleSection\":[\"Novas\"],\"inLanguage\":\"gl-ES\",\"potentialAction\":[{\"@type\":\"CommentAction\",\"name\":\"Comment\",\"target\":[\"https:\\\/\\\/www.anovapeneira.gal\\\/index.php\\\/2020\\\/01\\\/02\\\/o-grupo-comun-da-esquerda-critica-a-falta-de-planificacion-da-xunta-fronte-as-decisions-de-endesa\\\/#respond\"]}]},{\"@type\":\"WebPage\",\"@id\":\"https:\\\/\\\/www.anovapeneira.gal\\\/index.php\\\/2020\\\/01\\\/02\\\/o-grupo-comun-da-esquerda-critica-a-falta-de-planificacion-da-xunta-fronte-as-decisions-de-endesa\\\/\",\"url\":\"https:\\\/\\\/www.anovapeneira.gal\\\/index.php\\\/2020\\\/01\\\/02\\\/o-grupo-comun-da-esquerda-critica-a-falta-de-planificacion-da-xunta-fronte-as-decisions-de-endesa\\\/\",\"name\":\"O Grupo Com\u00fan da Esquerda critica a falta de planificaci\u00f3n da Xunta fronte \u00e1s decisi\u00f3ns de Endesa -\",\"isPartOf\":{\"@id\":\"https:\\\/\\\/www.anovapeneira.gal\\\/#website\"},\"primaryImageOfPage\":{\"@id\":\"https:\\\/\\\/www.anovapeneira.gal\\\/index.php\\\/2020\\\/01\\\/02\\\/o-grupo-comun-da-esquerda-critica-a-falta-de-planificacion-da-xunta-fronte-as-decisions-de-endesa\\\/#primaryimage\"},\"image\":{\"@id\":\"https:\\\/\\\/www.anovapeneira.gal\\\/index.php\\\/2020\\\/01\\\/02\\\/o-grupo-comun-da-esquerda-critica-a-falta-de-planificacion-da-xunta-fronte-as-decisions-de-endesa\\\/#primaryimage\"},\"thumbnailUrl\":\"https:\\\/\\\/www.anovapeneira.gal\\\/wp-content\\\/uploads\\\/2019\\\/12\\\/lucha_grupo_comun_de_esquerda_a_nova_peneira.jpg\",\"datePublished\":\"2020-01-02T13:00:21+00:00\",\"breadcrumb\":{\"@id\":\"https:\\\/\\\/www.anovapeneira.gal\\\/index.php\\\/2020\\\/01\\\/02\\\/o-grupo-comun-da-esquerda-critica-a-falta-de-planificacion-da-xunta-fronte-as-decisions-de-endesa\\\/#breadcrumb\"},\"inLanguage\":\"gl-ES\",\"potentialAction\":[{\"@type\":\"ReadAction\",\"target\":[\"https:\\\/\\\/www.anovapeneira.gal\\\/index.php\\\/2020\\\/01\\\/02\\\/o-grupo-comun-da-esquerda-critica-a-falta-de-planificacion-da-xunta-fronte-as-decisions-de-endesa\\\/\"]}]},{\"@type\":\"ImageObject\",\"inLanguage\":\"gl-ES\",\"@id\":\"https:\\\/\\\/www.anovapeneira.gal\\\/index.php\\\/2020\\\/01\\\/02\\\/o-grupo-comun-da-esquerda-critica-a-falta-de-planificacion-da-xunta-fronte-as-decisions-de-endesa\\\/#primaryimage\",\"url\":\"https:\\\/\\\/www.anovapeneira.gal\\\/wp-content\\\/uploads\\\/2019\\\/12\\\/lucha_grupo_comun_de_esquerda_a_nova_peneira.jpg\",\"contentUrl\":\"https:\\\/\\\/www.anovapeneira.gal\\\/wp-content\\\/uploads\\\/2019\\\/12\\\/lucha_grupo_comun_de_esquerda_a_nova_peneira.jpg\",\"width\":720,\"height\":432,\"caption\":\"Luca Chao no Parlamento\"},{\"@type\":\"BreadcrumbList\",\"@id\":\"https:\\\/\\\/www.anovapeneira.gal\\\/index.php\\\/2020\\\/01\\\/02\\\/o-grupo-comun-da-esquerda-critica-a-falta-de-planificacion-da-xunta-fronte-as-decisions-de-endesa\\\/#breadcrumb\",\"itemListElement\":[{\"@type\":\"ListItem\",\"position\":1,\"name\":\"Portada\",\"item\":\"https:\\\/\\\/www.anovapeneira.gal\\\/\"},{\"@type\":\"ListItem\",\"position\":2,\"name\":\"O Grupo Com\u00fan da Esquerda critica a falta de planificaci\u00f3n da Xunta fronte \u00e1s decisi\u00f3ns de Endesa\"}]},{\"@type\":\"WebSite\",\"@id\":\"https:\\\/\\\/www.anovapeneira.gal\\\/#website\",\"url\":\"https:\\\/\\\/www.anovapeneira.gal\\\/\",\"name\":\"\",\"description\":\"Xornal galego de informaci\u00f3n xeral Publicaci\u00f3n mensual de novas de Galicia e en especial dos Concellos da sur da provincia de Pontevedra.\",\"publisher\":{\"@id\":\"https:\\\/\\\/www.anovapeneira.gal\\\/#organization\"},\"potentialAction\":[{\"@type\":\"SearchAction\",\"target\":{\"@type\":\"EntryPoint\",\"urlTemplate\":\"https:\\\/\\\/www.anovapeneira.gal\\\/?s={search_term_string}\"},\"query-input\":{\"@type\":\"PropertyValueSpecification\",\"valueRequired\":true,\"valueName\":\"search_term_string\"}}],\"inLanguage\":\"gl-ES\"},{\"@type\":\"Organization\",\"@id\":\"https:\\\/\\\/www.anovapeneira.gal\\\/#organization\",\"name\":\"A Nova Peneira\",\"url\":\"https:\\\/\\\/www.anovapeneira.gal\\\/\",\"logo\":{\"@type\":\"ImageObject\",\"inLanguage\":\"gl-ES\",\"@id\":\"https:\\\/\\\/www.anovapeneira.gal\\\/#\\\/schema\\\/logo\\\/image\\\/\",\"url\":\"http:\\\/\\\/www.anovapeneira.gal\\\/wp-content\\\/uploads\\\/2019\\\/06\\\/logo_a_nova_peneira_portal_web.png\",\"contentUrl\":\"http:\\\/\\\/www.anovapeneira.gal\\\/wp-content\\\/uploads\\\/2019\\\/06\\\/logo_a_nova_peneira_portal_web.png\",\"width\":300,\"height\":100,\"caption\":\"A Nova Peneira\"},\"image\":{\"@id\":\"https:\\\/\\\/www.anovapeneira.gal\\\/#\\\/schema\\\/logo\\\/image\\\/\"},\"sameAs\":[\"https:\\\/\\\/www.facebook.com\\\/anovapeneira\",\"https:\\\/\\\/x.com\\\/APeneira\"]},{\"@type\":\"Person\",\"@id\":\"https:\\\/\\\/www.anovapeneira.gal\\\/#\\\/schema\\\/person\\\/b93e3f8932e3f8da96334607eb6ac6aa\",\"name\":\"Redacci\u00f3n A Nova Peneira\",\"image\":{\"@type\":\"ImageObject\",\"inLanguage\":\"gl-ES\",\"@id\":\"https:\\\/\\\/secure.gravatar.com\\\/avatar\\\/c052a2551a06e23fac63626232eaa90abd78dbcf1700fc46a2b2c89fd27b735f?s=96&d=mm&r=g\",\"url\":\"https:\\\/\\\/secure.gravatar.com\\\/avatar\\\/c052a2551a06e23fac63626232eaa90abd78dbcf1700fc46a2b2c89fd27b735f?s=96&d=mm&r=g\",\"contentUrl\":\"https:\\\/\\\/secure.gravatar.com\\\/avatar\\\/c052a2551a06e23fac63626232eaa90abd78dbcf1700fc46a2b2c89fd27b735f?s=96&d=mm&r=g\",\"caption\":\"Redacci\u00f3n A Nova Peneira\"},\"sameAs\":[\"http:\\\/\\\/www.anovapeneira.gal\\\/\"],\"url\":\"https:\\\/\\\/www.anovapeneira.gal\\\/index.php\\\/author\\\/redactor\\\/\"}]}<\/script>\n<!-- \/ Yoast SEO plugin. -->","yoast_head_json":{"title":"O Grupo Com\u00fan da Esquerda critica a falta de planificaci\u00f3n da Xunta fronte \u00e1s decisi\u00f3ns de Endesa -","robots":{"index":"index","follow":"follow","max-snippet":"max-snippet:-1","max-image-preview":"max-image-preview:large","max-video-preview":"max-video-preview:-1"},"canonical":"https:\/\/www.anovapeneira.gal\/index.php\/2020\/01\/02\/o-grupo-comun-da-esquerda-critica-a-falta-de-planificacion-da-xunta-fronte-as-decisions-de-endesa\/","og_locale":"gl_ES","og_type":"article","og_title":"O Grupo Com\u00fan da Esquerda critica a falta de planificaci\u00f3n da Xunta fronte \u00e1s decisi\u00f3ns de Endesa -","og_description":"Luca Chao reclama que as empresas que esquilman os recursos e contaminan se fagan cargo dun plan de emprego cos seus beneficios [...]","og_url":"https:\/\/www.anovapeneira.gal\/index.php\/2020\/01\/02\/o-grupo-comun-da-esquerda-critica-a-falta-de-planificacion-da-xunta-fronte-as-decisions-de-endesa\/","article_publisher":"https:\/\/www.facebook.com\/anovapeneira","article_published_time":"2020-01-02T13:00:21+00:00","og_image":[{"width":720,"height":432,"url":"https:\/\/www.anovapeneira.gal\/wp-content\/uploads\/2019\/12\/lucha_grupo_comun_de_esquerda_a_nova_peneira.jpg","type":"image\/jpeg"}],"author":"Redacci\u00f3n A Nova Peneira","twitter_card":"summary_large_image","twitter_creator":"@APeneira","twitter_site":"@APeneira","twitter_misc":{"Escrito por":"Redacci\u00f3n A Nova Peneira","Tempo de lectura":"1 minuto"},"schema":{"@context":"https:\/\/schema.org","@graph":[{"@type":"Article","@id":"https:\/\/www.anovapeneira.gal\/index.php\/2020\/01\/02\/o-grupo-comun-da-esquerda-critica-a-falta-de-planificacion-da-xunta-fronte-as-decisions-de-endesa\/#article","isPartOf":{"@id":"https:\/\/www.anovapeneira.gal\/index.php\/2020\/01\/02\/o-grupo-comun-da-esquerda-critica-a-falta-de-planificacion-da-xunta-fronte-as-decisions-de-endesa\/"},"author":{"name":"Redacci\u00f3n A Nova Peneira","@id":"https:\/\/www.anovapeneira.gal\/#\/schema\/person\/b93e3f8932e3f8da96334607eb6ac6aa"},"headline":"O Grupo Com\u00fan da Esquerda critica a falta de planificaci\u00f3n da Xunta fronte \u00e1s decisi\u00f3ns de Endesa","datePublished":"2020-01-02T13:00:21+00:00","mainEntityOfPage":{"@id":"https:\/\/www.anovapeneira.gal\/index.php\/2020\/01\/02\/o-grupo-comun-da-esquerda-critica-a-falta-de-planificacion-da-xunta-fronte-as-decisions-de-endesa\/"},"wordCount":274,"commentCount":0,"publisher":{"@id":"https:\/\/www.anovapeneira.gal\/#organization"},"image":{"@id":"https:\/\/www.anovapeneira.gal\/index.php\/2020\/01\/02\/o-grupo-comun-da-esquerda-critica-a-falta-de-planificacion-da-xunta-fronte-as-decisions-de-endesa\/#primaryimage"},"thumbnailUrl":"https:\/\/www.anovapeneira.gal\/wp-content\/uploads\/2019\/12\/lucha_grupo_comun_de_esquerda_a_nova_peneira.jpg","keywords":["Grupo Com\u00fan da Esquerda"],"articleSection":["Novas"],"inLanguage":"gl-ES","potentialAction":[{"@type":"CommentAction","name":"Comment","target":["https:\/\/www.anovapeneira.gal\/index.php\/2020\/01\/02\/o-grupo-comun-da-esquerda-critica-a-falta-de-planificacion-da-xunta-fronte-as-decisions-de-endesa\/#respond"]}]},{"@type":"WebPage","@id":"https:\/\/www.anovapeneira.gal\/index.php\/2020\/01\/02\/o-grupo-comun-da-esquerda-critica-a-falta-de-planificacion-da-xunta-fronte-as-decisions-de-endesa\/","url":"https:\/\/www.anovapeneira.gal\/index.php\/2020\/01\/02\/o-grupo-comun-da-esquerda-critica-a-falta-de-planificacion-da-xunta-fronte-as-decisions-de-endesa\/","name":"O Grupo Com\u00fan da Esquerda critica a falta de planificaci\u00f3n da Xunta fronte \u00e1s decisi\u00f3ns de Endesa -","isPartOf":{"@id":"https:\/\/www.anovapeneira.gal\/#website"},"primaryImageOfPage":{"@id":"https:\/\/www.anovapeneira.gal\/index.php\/2020\/01\/02\/o-grupo-comun-da-esquerda-critica-a-falta-de-planificacion-da-xunta-fronte-as-decisions-de-endesa\/#primaryimage"},"image":{"@id":"https:\/\/www.anovapeneira.gal\/index.php\/2020\/01\/02\/o-grupo-comun-da-esquerda-critica-a-falta-de-planificacion-da-xunta-fronte-as-decisions-de-endesa\/#primaryimage"},"thumbnailUrl":"https:\/\/www.anovapeneira.gal\/wp-content\/uploads\/2019\/12\/lucha_grupo_comun_de_esquerda_a_nova_peneira.jpg","datePublished":"2020-01-02T13:00:21+00:00","breadcrumb":{"@id":"https:\/\/www.anovapeneira.gal\/index.php\/2020\/01\/02\/o-grupo-comun-da-esquerda-critica-a-falta-de-planificacion-da-xunta-fronte-as-decisions-de-endesa\/#breadcrumb"},"inLanguage":"gl-ES","potentialAction":[{"@type":"ReadAction","target":["https:\/\/www.anovapeneira.gal\/index.php\/2020\/01\/02\/o-grupo-comun-da-esquerda-critica-a-falta-de-planificacion-da-xunta-fronte-as-decisions-de-endesa\/"]}]},{"@type":"ImageObject","inLanguage":"gl-ES","@id":"https:\/\/www.anovapeneira.gal\/index.php\/2020\/01\/02\/o-grupo-comun-da-esquerda-critica-a-falta-de-planificacion-da-xunta-fronte-as-decisions-de-endesa\/#primaryimage","url":"https:\/\/www.anovapeneira.gal\/wp-content\/uploads\/2019\/12\/lucha_grupo_comun_de_esquerda_a_nova_peneira.jpg","contentUrl":"https:\/\/www.anovapeneira.gal\/wp-content\/uploads\/2019\/12\/lucha_grupo_comun_de_esquerda_a_nova_peneira.jpg","width":720,"height":432,"caption":"Luca Chao no Parlamento"},{"@type":"BreadcrumbList","@id":"https:\/\/www.anovapeneira.gal\/index.php\/2020\/01\/02\/o-grupo-comun-da-esquerda-critica-a-falta-de-planificacion-da-xunta-fronte-as-decisions-de-endesa\/#breadcrumb","itemListElement":[{"@type":"ListItem","position":1,"name":"Portada","item":"https:\/\/www.anovapeneira.gal\/"},{"@type":"ListItem","position":2,"name":"O Grupo Com\u00fan da Esquerda critica a falta de planificaci\u00f3n da Xunta fronte \u00e1s decisi\u00f3ns de Endesa"}]},{"@type":"WebSite","@id":"https:\/\/www.anovapeneira.gal\/#website","url":"https:\/\/www.anovapeneira.gal\/","name":"","description":"Xornal galego de informaci\u00f3n xeral Publicaci\u00f3n mensual de novas de Galicia e en especial dos Concellos da sur da provincia de Pontevedra.","publisher":{"@id":"https:\/\/www.anovapeneira.gal\/#organization"},"potentialAction":[{"@type":"SearchAction","target":{"@type":"EntryPoint","urlTemplate":"https:\/\/www.anovapeneira.gal\/?s={search_term_string}"},"query-input":{"@type":"PropertyValueSpecification","valueRequired":true,"valueName":"search_term_string"}}],"inLanguage":"gl-ES"},{"@type":"Organization","@id":"https:\/\/www.anovapeneira.gal\/#organization","name":"A Nova Peneira","url":"https:\/\/www.anovapeneira.gal\/","logo":{"@type":"ImageObject","inLanguage":"gl-ES","@id":"https:\/\/www.anovapeneira.gal\/#\/schema\/logo\/image\/","url":"http:\/\/www.anovapeneira.gal\/wp-content\/uploads\/2019\/06\/logo_a_nova_peneira_portal_web.png","contentUrl":"http:\/\/www.anovapeneira.gal\/wp-content\/uploads\/2019\/06\/logo_a_nova_peneira_portal_web.png","width":300,"height":100,"caption":"A Nova Peneira"},"image":{"@id":"https:\/\/www.anovapeneira.gal\/#\/schema\/logo\/image\/"},"sameAs":["https:\/\/www.facebook.com\/anovapeneira","https:\/\/x.com\/APeneira"]},{"@type":"Person","@id":"https:\/\/www.anovapeneira.gal\/#\/schema\/person\/b93e3f8932e3f8da96334607eb6ac6aa","name":"Redacci\u00f3n A Nova Peneira","image":{"@type":"ImageObject","inLanguage":"gl-ES","@id":"https:\/\/secure.gravatar.com\/avatar\/c052a2551a06e23fac63626232eaa90abd78dbcf1700fc46a2b2c89fd27b735f?s=96&d=mm&r=g","url":"https:\/\/secure.gravatar.com\/avatar\/c052a2551a06e23fac63626232eaa90abd78dbcf1700fc46a2b2c89fd27b735f?s=96&d=mm&r=g","contentUrl":"https:\/\/secure.gravatar.com\/avatar\/c052a2551a06e23fac63626232eaa90abd78dbcf1700fc46a2b2c89fd27b735f?s=96&d=mm&r=g","caption":"Redacci\u00f3n A Nova Peneira"},"sameAs":["http:\/\/www.anovapeneira.gal\/"],"url":"https:\/\/www.anovapeneira.gal\/index.php\/author\/redactor\/"}]}},"jetpack_featured_media_url":"https:\/\/www.anovapeneira.gal\/wp-content\/uploads\/2019\/12\/lucha_grupo_comun_de_esquerda_a_nova_peneira.jpg","_links":{"self":[{"href":"https:\/\/www.anovapeneira.gal\/index.php\/wp-json\/wp\/v2\/posts\/2177","targetHints":{"allow":["GET"]}}],"collection":[{"href":"https:\/\/www.anovapeneira.gal\/index.php\/wp-json\/wp\/v2\/posts"}],"about":[{"href":"https:\/\/www.anovapeneira.gal\/index.php\/wp-json\/wp\/v2\/types\/post"}],"author":[{"embeddable":true,"href":"https:\/\/www.anovapeneira.gal\/index.php\/wp-json\/wp\/v2\/users\/3"}],"replies":[{"embeddable":true,"href":"https:\/\/www.anovapeneira.gal\/index.php\/wp-json\/wp\/v2\/comments?post=2177"}],"version-history":[{"count":1,"href":"https:\/\/www.anovapeneira.gal\/index.php\/wp-json\/wp\/v2\/posts\/2177\/revisions"}],"predecessor-version":[{"id":2179,"href":"https:\/\/www.anovapeneira.gal\/index.php\/wp-json\/wp\/v2\/posts\/2177\/revisions\/2179"}],"wp:featuredmedia":[{"embeddable":true,"href":"https:\/\/www.anovapeneira.gal\/index.php\/wp-json\/wp\/v2\/media\/2178"}],"wp:attachment":[{"href":"https:\/\/www.anovapeneira.gal\/index.php\/wp-json\/wp\/v2\/media?parent=2177"}],"wp:term":[{"taxonomy":"category","embeddable":true,"href":"https:\/\/www.anovapeneira.gal\/index.php\/wp-json\/wp\/v2\/categories?post=2177"},{"taxonomy":"post_tag","embeddable":true,"href":"https:\/\/www.anovapeneira.gal\/index.php\/wp-json\/wp\/v2\/tags?post=2177"}],"curies":[{"name":"wp","href":"https:\/\/api.w.org\/{rel}","templated":true}]}}