{"id":2180,"date":"2020-01-03T10:00:31","date_gmt":"2020-01-03T09:00:31","guid":{"rendered":"http:\/\/www.anovapeneira.gal\/?p=2180"},"modified":"2019-12-29T22:44:55","modified_gmt":"2019-12-29T21:44:55","slug":"constituese-en-santiago-a-federacion-de-ateneos-de-galicia","status":"publish","type":"post","link":"https:\/\/www.anovapeneira.gal\/index.php\/2020\/01\/03\/constituese-en-santiago-a-federacion-de-ateneos-de-galicia\/","title":{"rendered":"Constit\u00faese en Santiago a Federaci\u00f3n de Ateneos de Galicia"},"content":{"rendered":"\n<p><strong>Santiago de Compostela, 20 de decembro de 2019<\/strong><\/p>\n\n\n\n<p>Este xoves tivo lugar en Santiago unha nova xuntanza de Ateneos de Galicia, onde quedou constitu\u00edda a asociaci\u00f3n \u201cFederaci\u00f3n de Ateneos de Galicia\u201d, naque se vi\u00f1a traballando dende marzo do pasado ano, cando se formalizou unconvenio de colaboraci\u00f3n entre as entidades promotoras desta nova instituci\u00f3n. No   acto   de   constituci\u00f3n,   que   se   oficializou   mediante   a   sinatura   da   actafundacional   as\u00ed   como   dos   Estatutos   da   nova   entidade,   participaronrepresentantes dos Ateneos de Santiago, Ferrol\u00e1n, Santa Cecilia de Mar\u00edn, Moa\u00f1a, Atl\u00e1ntico de Vigo, Ourense e Pontevedra.Na nomeada acta fundacional foi recollida a designaci\u00f3n, como \u00f3rgano degoberno   provisional   da   Federaci\u00f3n,   unha   Xunta   Directiva   conformada   porFrancisco Javier Montero Dongil como Presidente, Xulio Pardellas de Blascomo   Vicepresidente,   Francisco   Candela   Castrillo   como   Secretario,   Ant\u00f3nPorteiro   Lago   como   Tesoureiro   e   Anxo   Cabada   \u00c1lvarez,   Pablo   SantiagoFern\u00e1ndez   Prieto,   Xaime   Dom\u00ednguez   Toxo   e   Xos\u00e9   Collazo   Castro   comoVogais. Do mesmo xeito, neste documento tam\u00e9n se incl\u00fae o mandato destanova directiva ao Secretario para \u201cformalizar o proceso de constituci\u00f3n diantedas distintas administraci\u00f3ns e instituci\u00f3ns p\u00fablicas\u201d.Pola s\u00faa banda, nos Estatutos que rexer\u00e1n a Federaci\u00f3n de Ateneos deGalicia, aprobados polos presentes, establ\u00e9cese o domicilio social no local doAteneo de Santiago, ata que se conte con sede propia, as\u00ed como o fin defuncionar \u201ccomo un espazo de encontro, di\u00e1logo, cooperaci\u00f3n e axuda entre osAteneos   que   formen   parte   da   mesma\u201d   e   \u201cde   impulso   de   realizaci\u00f3n   deactividades conxuntas preferentemente no \u00e1mbito xeogr\u00e1fico de Galicia\u201d.<\/p>\n","protected":false},"excerpt":{"rendered":"<div class=\"mh-excerpt\"><p>Este xoves tivo lugar en Santiago unha nova xuntanza de Ateneos de Galicia, onde quedou constitu\u00edda a asociaci\u00f3n \u201cFederaci\u00f3n de Ateneos de Galicia\u201d <a class=\"mh-excerpt-more\" href=\"https:\/\/www.anovapeneira.gal\/index.php\/2020\/01\/03\/constituese-en-santiago-a-federacion-de-ateneos-de-galicia\/\" title=\"Constit\u00faese en Santiago a Federaci\u00f3n de Ateneos de Galicia\">[&#8230;]<\/a><\/p>\n<\/div>","protected":false},"author":3,"featured_media":2181,"comment_status":"open","ping_status":"open","sticky":false,"template":"","format":"standard","meta":{"_exactmetrics_skip_tracking":false,"_exactmetrics_sitenote_active":false,"_exactmetrics_sitenote_note":"","_exactmetrics_sitenote_category":0,"footnotes":""},"categories":[263],"tags":[885],"class_list":{"0":"post-2180","1":"post","2":"type-post","3":"status-publish","4":"format-standard","5":"has-post-thumbnail","7":"category-novas","8":"tag-ateneos-de-galicia"},"yoast_head":"<!-- This site is optimized with the Yoast SEO plugin v27.4 - https:\/\/yoast.com\/product\/yoast-seo-wordpress\/ -->\n<title>Constit\u00faese en Santiago a Federaci\u00f3n de Ateneos de Galicia -<\/title>\n<meta name=\"robots\" content=\"index, follow, max-snippet:-1, max-image-preview:large, max-video-preview:-1\" \/>\n<link rel=\"canonical\" href=\"https:\/\/www.anovapeneira.gal\/index.php\/2020\/01\/03\/constituese-en-santiago-a-federacion-de-ateneos-de-galicia\/\" \/>\n<meta property=\"og:locale\" content=\"gl_ES\" \/>\n<meta property=\"og:type\" content=\"article\" \/>\n<meta property=\"og:title\" content=\"Constit\u00faese en Santiago a Federaci\u00f3n de Ateneos de Galicia -\" \/>\n<meta property=\"og:description\" content=\"Este xoves tivo lugar en Santiago unha nova xuntanza de Ateneos de Galicia, onde quedou constitu\u00edda a asociaci\u00f3n \u201cFederaci\u00f3n de Ateneos de Galicia\u201d [...]\" \/>\n<meta property=\"og:url\" content=\"https:\/\/www.anovapeneira.gal\/index.php\/2020\/01\/03\/constituese-en-santiago-a-federacion-de-ateneos-de-galicia\/\" \/>\n<meta property=\"article:publisher\" content=\"https:\/\/www.facebook.com\/anovapeneira\" \/>\n<meta property=\"article:published_time\" content=\"2020-01-03T09:00:31+00:00\" \/>\n<meta property=\"og:image\" content=\"https:\/\/www.anovapeneira.gal\/wp-content\/uploads\/2019\/12\/Constitucion_Federacion_Ateneos_Galicia.jpg\" \/>\n\t<meta property=\"og:image:width\" content=\"720\" \/>\n\t<meta property=\"og:image:height\" content=\"432\" \/>\n\t<meta property=\"og:image:type\" content=\"image\/jpeg\" \/>\n<meta name=\"author\" content=\"Redacci\u00f3n A Nova Peneira\" \/>\n<meta name=\"twitter:card\" content=\"summary_large_image\" \/>\n<meta name=\"twitter:creator\" content=\"@APeneira\" \/>\n<meta name=\"twitter:site\" content=\"@APeneira\" \/>\n<meta name=\"twitter:label1\" content=\"Escrito por\" \/>\n\t<meta name=\"twitter:data1\" content=\"Redacci\u00f3n A Nova Peneira\" \/>\n\t<meta name=\"twitter:label2\" content=\"Tempo de lectura\" \/>\n\t<meta name=\"twitter:data2\" content=\"1 minuto\" \/>\n<script type=\"application\/ld+json\" class=\"yoast-schema-graph\">{\"@context\":\"https:\\\/\\\/schema.org\",\"@graph\":[{\"@type\":\"Article\",\"@id\":\"https:\\\/\\\/www.anovapeneira.gal\\\/index.php\\\/2020\\\/01\\\/03\\\/constituese-en-santiago-a-federacion-de-ateneos-de-galicia\\\/#article\",\"isPartOf\":{\"@id\":\"https:\\\/\\\/www.anovapeneira.gal\\\/index.php\\\/2020\\\/01\\\/03\\\/constituese-en-santiago-a-federacion-de-ateneos-de-galicia\\\/\"},\"author\":{\"name\":\"Redacci\u00f3n A Nova Peneira\",\"@id\":\"https:\\\/\\\/www.anovapeneira.gal\\\/#\\\/schema\\\/person\\\/b93e3f8932e3f8da96334607eb6ac6aa\"},\"headline\":\"Constit\u00faese en Santiago a Federaci\u00f3n de Ateneos de Galicia\",\"datePublished\":\"2020-01-03T09:00:31+00:00\",\"mainEntityOfPage\":{\"@id\":\"https:\\\/\\\/www.anovapeneira.gal\\\/index.php\\\/2020\\\/01\\\/03\\\/constituese-en-santiago-a-federacion-de-ateneos-de-galicia\\\/\"},\"wordCount\":272,\"commentCount\":0,\"publisher\":{\"@id\":\"https:\\\/\\\/www.anovapeneira.gal\\\/#organization\"},\"image\":{\"@id\":\"https:\\\/\\\/www.anovapeneira.gal\\\/index.php\\\/2020\\\/01\\\/03\\\/constituese-en-santiago-a-federacion-de-ateneos-de-galicia\\\/#primaryimage\"},\"thumbnailUrl\":\"https:\\\/\\\/www.anovapeneira.gal\\\/wp-content\\\/uploads\\\/2019\\\/12\\\/Constitucion_Federacion_Ateneos_Galicia.jpg\",\"keywords\":[\"Ateneos de Galicia\"],\"articleSection\":[\"Novas\"],\"inLanguage\":\"gl-ES\",\"potentialAction\":[{\"@type\":\"CommentAction\",\"name\":\"Comment\",\"target\":[\"https:\\\/\\\/www.anovapeneira.gal\\\/index.php\\\/2020\\\/01\\\/03\\\/constituese-en-santiago-a-federacion-de-ateneos-de-galicia\\\/#respond\"]}]},{\"@type\":\"WebPage\",\"@id\":\"https:\\\/\\\/www.anovapeneira.gal\\\/index.php\\\/2020\\\/01\\\/03\\\/constituese-en-santiago-a-federacion-de-ateneos-de-galicia\\\/\",\"url\":\"https:\\\/\\\/www.anovapeneira.gal\\\/index.php\\\/2020\\\/01\\\/03\\\/constituese-en-santiago-a-federacion-de-ateneos-de-galicia\\\/\",\"name\":\"Constit\u00faese en Santiago a Federaci\u00f3n de Ateneos de Galicia -\",\"isPartOf\":{\"@id\":\"https:\\\/\\\/www.anovapeneira.gal\\\/#website\"},\"primaryImageOfPage\":{\"@id\":\"https:\\\/\\\/www.anovapeneira.gal\\\/index.php\\\/2020\\\/01\\\/03\\\/constituese-en-santiago-a-federacion-de-ateneos-de-galicia\\\/#primaryimage\"},\"image\":{\"@id\":\"https:\\\/\\\/www.anovapeneira.gal\\\/index.php\\\/2020\\\/01\\\/03\\\/constituese-en-santiago-a-federacion-de-ateneos-de-galicia\\\/#primaryimage\"},\"thumbnailUrl\":\"https:\\\/\\\/www.anovapeneira.gal\\\/wp-content\\\/uploads\\\/2019\\\/12\\\/Constitucion_Federacion_Ateneos_Galicia.jpg\",\"datePublished\":\"2020-01-03T09:00:31+00:00\",\"breadcrumb\":{\"@id\":\"https:\\\/\\\/www.anovapeneira.gal\\\/index.php\\\/2020\\\/01\\\/03\\\/constituese-en-santiago-a-federacion-de-ateneos-de-galicia\\\/#breadcrumb\"},\"inLanguage\":\"gl-ES\",\"potentialAction\":[{\"@type\":\"ReadAction\",\"target\":[\"https:\\\/\\\/www.anovapeneira.gal\\\/index.php\\\/2020\\\/01\\\/03\\\/constituese-en-santiago-a-federacion-de-ateneos-de-galicia\\\/\"]}]},{\"@type\":\"ImageObject\",\"inLanguage\":\"gl-ES\",\"@id\":\"https:\\\/\\\/www.anovapeneira.gal\\\/index.php\\\/2020\\\/01\\\/03\\\/constituese-en-santiago-a-federacion-de-ateneos-de-galicia\\\/#primaryimage\",\"url\":\"https:\\\/\\\/www.anovapeneira.gal\\\/wp-content\\\/uploads\\\/2019\\\/12\\\/Constitucion_Federacion_Ateneos_Galicia.jpg\",\"contentUrl\":\"https:\\\/\\\/www.anovapeneira.gal\\\/wp-content\\\/uploads\\\/2019\\\/12\\\/Constitucion_Federacion_Ateneos_Galicia.jpg\",\"width\":720,\"height\":432,\"caption\":\"Ateneos de Galicia A Nova Peneira\"},{\"@type\":\"BreadcrumbList\",\"@id\":\"https:\\\/\\\/www.anovapeneira.gal\\\/index.php\\\/2020\\\/01\\\/03\\\/constituese-en-santiago-a-federacion-de-ateneos-de-galicia\\\/#breadcrumb\",\"itemListElement\":[{\"@type\":\"ListItem\",\"position\":1,\"name\":\"Portada\",\"item\":\"https:\\\/\\\/www.anovapeneira.gal\\\/\"},{\"@type\":\"ListItem\",\"position\":2,\"name\":\"Constit\u00faese en Santiago a Federaci\u00f3n de Ateneos de Galicia\"}]},{\"@type\":\"WebSite\",\"@id\":\"https:\\\/\\\/www.anovapeneira.gal\\\/#website\",\"url\":\"https:\\\/\\\/www.anovapeneira.gal\\\/\",\"name\":\"\",\"description\":\"Xornal galego de informaci\u00f3n xeral Publicaci\u00f3n mensual de novas de Galicia e en especial dos Concellos da sur da provincia de Pontevedra.\",\"publisher\":{\"@id\":\"https:\\\/\\\/www.anovapeneira.gal\\\/#organization\"},\"potentialAction\":[{\"@type\":\"SearchAction\",\"target\":{\"@type\":\"EntryPoint\",\"urlTemplate\":\"https:\\\/\\\/www.anovapeneira.gal\\\/?s={search_term_string}\"},\"query-input\":{\"@type\":\"PropertyValueSpecification\",\"valueRequired\":true,\"valueName\":\"search_term_string\"}}],\"inLanguage\":\"gl-ES\"},{\"@type\":\"Organization\",\"@id\":\"https:\\\/\\\/www.anovapeneira.gal\\\/#organization\",\"name\":\"A Nova Peneira\",\"url\":\"https:\\\/\\\/www.anovapeneira.gal\\\/\",\"logo\":{\"@type\":\"ImageObject\",\"inLanguage\":\"gl-ES\",\"@id\":\"https:\\\/\\\/www.anovapeneira.gal\\\/#\\\/schema\\\/logo\\\/image\\\/\",\"url\":\"http:\\\/\\\/www.anovapeneira.gal\\\/wp-content\\\/uploads\\\/2019\\\/06\\\/logo_a_nova_peneira_portal_web.png\",\"contentUrl\":\"http:\\\/\\\/www.anovapeneira.gal\\\/wp-content\\\/uploads\\\/2019\\\/06\\\/logo_a_nova_peneira_portal_web.png\",\"width\":300,\"height\":100,\"caption\":\"A Nova Peneira\"},\"image\":{\"@id\":\"https:\\\/\\\/www.anovapeneira.gal\\\/#\\\/schema\\\/logo\\\/image\\\/\"},\"sameAs\":[\"https:\\\/\\\/www.facebook.com\\\/anovapeneira\",\"https:\\\/\\\/x.com\\\/APeneira\"]},{\"@type\":\"Person\",\"@id\":\"https:\\\/\\\/www.anovapeneira.gal\\\/#\\\/schema\\\/person\\\/b93e3f8932e3f8da96334607eb6ac6aa\",\"name\":\"Redacci\u00f3n A Nova Peneira\",\"image\":{\"@type\":\"ImageObject\",\"inLanguage\":\"gl-ES\",\"@id\":\"https:\\\/\\\/secure.gravatar.com\\\/avatar\\\/c052a2551a06e23fac63626232eaa90abd78dbcf1700fc46a2b2c89fd27b735f?s=96&d=mm&r=g\",\"url\":\"https:\\\/\\\/secure.gravatar.com\\\/avatar\\\/c052a2551a06e23fac63626232eaa90abd78dbcf1700fc46a2b2c89fd27b735f?s=96&d=mm&r=g\",\"contentUrl\":\"https:\\\/\\\/secure.gravatar.com\\\/avatar\\\/c052a2551a06e23fac63626232eaa90abd78dbcf1700fc46a2b2c89fd27b735f?s=96&d=mm&r=g\",\"caption\":\"Redacci\u00f3n A Nova Peneira\"},\"sameAs\":[\"http:\\\/\\\/www.anovapeneira.gal\\\/\"],\"url\":\"https:\\\/\\\/www.anovapeneira.gal\\\/index.php\\\/author\\\/redactor\\\/\"}]}<\/script>\n<!-- \/ Yoast SEO plugin. -->","yoast_head_json":{"title":"Constit\u00faese en Santiago a Federaci\u00f3n de Ateneos de Galicia -","robots":{"index":"index","follow":"follow","max-snippet":"max-snippet:-1","max-image-preview":"max-image-preview:large","max-video-preview":"max-video-preview:-1"},"canonical":"https:\/\/www.anovapeneira.gal\/index.php\/2020\/01\/03\/constituese-en-santiago-a-federacion-de-ateneos-de-galicia\/","og_locale":"gl_ES","og_type":"article","og_title":"Constit\u00faese en Santiago a Federaci\u00f3n de Ateneos de Galicia -","og_description":"Este xoves tivo lugar en Santiago unha nova xuntanza de Ateneos de Galicia, onde quedou constitu\u00edda a asociaci\u00f3n \u201cFederaci\u00f3n de Ateneos de Galicia\u201d [...]","og_url":"https:\/\/www.anovapeneira.gal\/index.php\/2020\/01\/03\/constituese-en-santiago-a-federacion-de-ateneos-de-galicia\/","article_publisher":"https:\/\/www.facebook.com\/anovapeneira","article_published_time":"2020-01-03T09:00:31+00:00","og_image":[{"width":720,"height":432,"url":"https:\/\/www.anovapeneira.gal\/wp-content\/uploads\/2019\/12\/Constitucion_Federacion_Ateneos_Galicia.jpg","type":"image\/jpeg"}],"author":"Redacci\u00f3n A Nova Peneira","twitter_card":"summary_large_image","twitter_creator":"@APeneira","twitter_site":"@APeneira","twitter_misc":{"Escrito por":"Redacci\u00f3n A Nova Peneira","Tempo de lectura":"1 minuto"},"schema":{"@context":"https:\/\/schema.org","@graph":[{"@type":"Article","@id":"https:\/\/www.anovapeneira.gal\/index.php\/2020\/01\/03\/constituese-en-santiago-a-federacion-de-ateneos-de-galicia\/#article","isPartOf":{"@id":"https:\/\/www.anovapeneira.gal\/index.php\/2020\/01\/03\/constituese-en-santiago-a-federacion-de-ateneos-de-galicia\/"},"author":{"name":"Redacci\u00f3n A Nova Peneira","@id":"https:\/\/www.anovapeneira.gal\/#\/schema\/person\/b93e3f8932e3f8da96334607eb6ac6aa"},"headline":"Constit\u00faese en Santiago a Federaci\u00f3n de Ateneos de Galicia","datePublished":"2020-01-03T09:00:31+00:00","mainEntityOfPage":{"@id":"https:\/\/www.anovapeneira.gal\/index.php\/2020\/01\/03\/constituese-en-santiago-a-federacion-de-ateneos-de-galicia\/"},"wordCount":272,"commentCount":0,"publisher":{"@id":"https:\/\/www.anovapeneira.gal\/#organization"},"image":{"@id":"https:\/\/www.anovapeneira.gal\/index.php\/2020\/01\/03\/constituese-en-santiago-a-federacion-de-ateneos-de-galicia\/#primaryimage"},"thumbnailUrl":"https:\/\/www.anovapeneira.gal\/wp-content\/uploads\/2019\/12\/Constitucion_Federacion_Ateneos_Galicia.jpg","keywords":["Ateneos de Galicia"],"articleSection":["Novas"],"inLanguage":"gl-ES","potentialAction":[{"@type":"CommentAction","name":"Comment","target":["https:\/\/www.anovapeneira.gal\/index.php\/2020\/01\/03\/constituese-en-santiago-a-federacion-de-ateneos-de-galicia\/#respond"]}]},{"@type":"WebPage","@id":"https:\/\/www.anovapeneira.gal\/index.php\/2020\/01\/03\/constituese-en-santiago-a-federacion-de-ateneos-de-galicia\/","url":"https:\/\/www.anovapeneira.gal\/index.php\/2020\/01\/03\/constituese-en-santiago-a-federacion-de-ateneos-de-galicia\/","name":"Constit\u00faese en Santiago a Federaci\u00f3n de Ateneos de Galicia -","isPartOf":{"@id":"https:\/\/www.anovapeneira.gal\/#website"},"primaryImageOfPage":{"@id":"https:\/\/www.anovapeneira.gal\/index.php\/2020\/01\/03\/constituese-en-santiago-a-federacion-de-ateneos-de-galicia\/#primaryimage"},"image":{"@id":"https:\/\/www.anovapeneira.gal\/index.php\/2020\/01\/03\/constituese-en-santiago-a-federacion-de-ateneos-de-galicia\/#primaryimage"},"thumbnailUrl":"https:\/\/www.anovapeneira.gal\/wp-content\/uploads\/2019\/12\/Constitucion_Federacion_Ateneos_Galicia.jpg","datePublished":"2020-01-03T09:00:31+00:00","breadcrumb":{"@id":"https:\/\/www.anovapeneira.gal\/index.php\/2020\/01\/03\/constituese-en-santiago-a-federacion-de-ateneos-de-galicia\/#breadcrumb"},"inLanguage":"gl-ES","potentialAction":[{"@type":"ReadAction","target":["https:\/\/www.anovapeneira.gal\/index.php\/2020\/01\/03\/constituese-en-santiago-a-federacion-de-ateneos-de-galicia\/"]}]},{"@type":"ImageObject","inLanguage":"gl-ES","@id":"https:\/\/www.anovapeneira.gal\/index.php\/2020\/01\/03\/constituese-en-santiago-a-federacion-de-ateneos-de-galicia\/#primaryimage","url":"https:\/\/www.anovapeneira.gal\/wp-content\/uploads\/2019\/12\/Constitucion_Federacion_Ateneos_Galicia.jpg","contentUrl":"https:\/\/www.anovapeneira.gal\/wp-content\/uploads\/2019\/12\/Constitucion_Federacion_Ateneos_Galicia.jpg","width":720,"height":432,"caption":"Ateneos de Galicia A Nova Peneira"},{"@type":"BreadcrumbList","@id":"https:\/\/www.anovapeneira.gal\/index.php\/2020\/01\/03\/constituese-en-santiago-a-federacion-de-ateneos-de-galicia\/#breadcrumb","itemListElement":[{"@type":"ListItem","position":1,"name":"Portada","item":"https:\/\/www.anovapeneira.gal\/"},{"@type":"ListItem","position":2,"name":"Constit\u00faese en Santiago a Federaci\u00f3n de Ateneos de Galicia"}]},{"@type":"WebSite","@id":"https:\/\/www.anovapeneira.gal\/#website","url":"https:\/\/www.anovapeneira.gal\/","name":"","description":"Xornal galego de informaci\u00f3n xeral Publicaci\u00f3n mensual de novas de Galicia e en especial dos Concellos da sur da provincia de Pontevedra.","publisher":{"@id":"https:\/\/www.anovapeneira.gal\/#organization"},"potentialAction":[{"@type":"SearchAction","target":{"@type":"EntryPoint","urlTemplate":"https:\/\/www.anovapeneira.gal\/?s={search_term_string}"},"query-input":{"@type":"PropertyValueSpecification","valueRequired":true,"valueName":"search_term_string"}}],"inLanguage":"gl-ES"},{"@type":"Organization","@id":"https:\/\/www.anovapeneira.gal\/#organization","name":"A Nova Peneira","url":"https:\/\/www.anovapeneira.gal\/","logo":{"@type":"ImageObject","inLanguage":"gl-ES","@id":"https:\/\/www.anovapeneira.gal\/#\/schema\/logo\/image\/","url":"http:\/\/www.anovapeneira.gal\/wp-content\/uploads\/2019\/06\/logo_a_nova_peneira_portal_web.png","contentUrl":"http:\/\/www.anovapeneira.gal\/wp-content\/uploads\/2019\/06\/logo_a_nova_peneira_portal_web.png","width":300,"height":100,"caption":"A Nova Peneira"},"image":{"@id":"https:\/\/www.anovapeneira.gal\/#\/schema\/logo\/image\/"},"sameAs":["https:\/\/www.facebook.com\/anovapeneira","https:\/\/x.com\/APeneira"]},{"@type":"Person","@id":"https:\/\/www.anovapeneira.gal\/#\/schema\/person\/b93e3f8932e3f8da96334607eb6ac6aa","name":"Redacci\u00f3n A Nova Peneira","image":{"@type":"ImageObject","inLanguage":"gl-ES","@id":"https:\/\/secure.gravatar.com\/avatar\/c052a2551a06e23fac63626232eaa90abd78dbcf1700fc46a2b2c89fd27b735f?s=96&d=mm&r=g","url":"https:\/\/secure.gravatar.com\/avatar\/c052a2551a06e23fac63626232eaa90abd78dbcf1700fc46a2b2c89fd27b735f?s=96&d=mm&r=g","contentUrl":"https:\/\/secure.gravatar.com\/avatar\/c052a2551a06e23fac63626232eaa90abd78dbcf1700fc46a2b2c89fd27b735f?s=96&d=mm&r=g","caption":"Redacci\u00f3n A Nova Peneira"},"sameAs":["http:\/\/www.anovapeneira.gal\/"],"url":"https:\/\/www.anovapeneira.gal\/index.php\/author\/redactor\/"}]}},"jetpack_featured_media_url":"https:\/\/www.anovapeneira.gal\/wp-content\/uploads\/2019\/12\/Constitucion_Federacion_Ateneos_Galicia.jpg","_links":{"self":[{"href":"https:\/\/www.anovapeneira.gal\/index.php\/wp-json\/wp\/v2\/posts\/2180","targetHints":{"allow":["GET"]}}],"collection":[{"href":"https:\/\/www.anovapeneira.gal\/index.php\/wp-json\/wp\/v2\/posts"}],"about":[{"href":"https:\/\/www.anovapeneira.gal\/index.php\/wp-json\/wp\/v2\/types\/post"}],"author":[{"embeddable":true,"href":"https:\/\/www.anovapeneira.gal\/index.php\/wp-json\/wp\/v2\/users\/3"}],"replies":[{"embeddable":true,"href":"https:\/\/www.anovapeneira.gal\/index.php\/wp-json\/wp\/v2\/comments?post=2180"}],"version-history":[{"count":1,"href":"https:\/\/www.anovapeneira.gal\/index.php\/wp-json\/wp\/v2\/posts\/2180\/revisions"}],"predecessor-version":[{"id":2182,"href":"https:\/\/www.anovapeneira.gal\/index.php\/wp-json\/wp\/v2\/posts\/2180\/revisions\/2182"}],"wp:featuredmedia":[{"embeddable":true,"href":"https:\/\/www.anovapeneira.gal\/index.php\/wp-json\/wp\/v2\/media\/2181"}],"wp:attachment":[{"href":"https:\/\/www.anovapeneira.gal\/index.php\/wp-json\/wp\/v2\/media?parent=2180"}],"wp:term":[{"taxonomy":"category","embeddable":true,"href":"https:\/\/www.anovapeneira.gal\/index.php\/wp-json\/wp\/v2\/categories?post=2180"},{"taxonomy":"post_tag","embeddable":true,"href":"https:\/\/www.anovapeneira.gal\/index.php\/wp-json\/wp\/v2\/tags?post=2180"}],"curies":[{"name":"wp","href":"https:\/\/api.w.org\/{rel}","templated":true}]}}