{"id":2183,"date":"2020-01-03T12:00:25","date_gmt":"2020-01-03T11:00:25","guid":{"rendered":"http:\/\/www.anovapeneira.gal\/?p=2183"},"modified":"2019-12-29T22:51:01","modified_gmt":"2019-12-29T21:51:01","slug":"oitavo-fragmento-do-diario-de-senlua-arraiana","status":"publish","type":"post","link":"https:\/\/www.anovapeneira.gal\/index.php\/2020\/01\/03\/oitavo-fragmento-do-diario-de-senlua-arraiana\/","title":{"rendered":"Oitavo fragmento do diario de Senl\u00faa Arraiana"},"content":{"rendered":"\n<p> <em><strong>A cidade rebelde<\/strong><\/em><\/p>\n\n\n\n<figure class=\"wp-block-image size-large is-resized\"><img loading=\"lazy\" decoding=\"async\" src=\"http:\/\/www.anovapeneira.gal\/wp-content\/uploads\/2019\/07\/cristobal_a_nova_peneira.jpg\" alt=\"Crist\u00f3bal L\u00f3pez A Nova Peneira\" class=\"wp-image-555\" width=\"95\" height=\"111\"\/><figcaption>Crist\u00f3bal L\u00f3pez.\nComuneiro de Montes de Tameiga, militante de Anticapitalistas e veci\u00f1o constituinte da Asemblea Veci\u00f1al Ga\u00f1aM\u00f3s. <\/figcaption><\/figure>\n\n\n\n<figure class=\"wp-block-image size-large is-resized\"><img loading=\"lazy\" decoding=\"async\" src=\"http:\/\/www.anovapeneira.gal\/wp-content\/uploads\/2019\/08\/senlua_arraiana_2135.jpg\" alt=\"\" class=\"wp-image-877\" width=\"350\" height=\"408\" srcset=\"https:\/\/www.anovapeneira.gal\/wp-content\/uploads\/2019\/08\/senlua_arraiana_2135.jpg 700w, https:\/\/www.anovapeneira.gal\/wp-content\/uploads\/2019\/08\/senlua_arraiana_2135-257x300.jpg 257w\" sizes=\"auto, (max-width: 350px) 100vw, 350px\" \/><\/figure>\n\n\n\n<p><em><strong>(Este octavo fragmento do diario de Senl\u00faa Arraiana foi recuperado e adiantado ao noso tempo por Noitepedralonga, fiel camarada do av\u00f3 da futura l\u00edder da resistencia arraiana)<\/strong><\/em><\/p>\n\n\n\n<p>Ch\u00e1momeSenl\u00faa\n\u00e9 son punta de lanza da resistencia arraiana.<\/p>\n\n\n\n<p>Nada\nmellor para comezar o d\u00eda que erguerse coa certidumbre de que hoxe\nestamos m\u00e1is preto do noso horizonte. Nin os ecos do festexo de onte\nxogando ao front\u00f3n dentro da mi\u00f1a cabeza foron quen de desdebuxar o\nmeu sorriso. A\u00ednda non me desperezara cando vi\u00f1eron a buscarme para\nque almorzara coas menestrais. Fun conducida a unha gran sala onde o\nestridente alboroto das voces conferiulle ao meu rostro un rictus\ndelator. Pregaba por atopar un sitio discreto na mesa cando a mi\u00f1a\nmirada traicionoume cruz\u00e1ndose coa das ocupantes da cabeceira da\nmesa, quen repet\u00edan ostentosos xestos indic\u00e1ndome que me achegara.\nIrremediablemente encamineime hacia elas mentres un insufrible coro\nde gargalladas celebraba un chascarrillo sobre a mi\u00f1a resaca. Al\u00ed\nestaba eu compartindo mesa coa florinata da cidade, rindo as s\u00faas\nbromas e modulando monos\u00edlabos como resposta \u00e1s andanadas de\npreguntas mentres daba conta de todas as xarras de zumos ao meu\nalcance. Cando xa me abandonar\u00e1 a mi\u00f1a sorte ante o interminable\nsupl\u00edcio, o grupo de menestrales m\u00e1is vellas encabezadas por\nAr\u00faspice emplazoume a dar un paseo pola contorna da cidade.\nIncorporeime coma un resorte sen darlles oportunidade a cambiar de\nidea e apresteime a seguir a aquelas donas da mi\u00f1a gratitude.&nbsp;\nPaseamos at\u00e9 un pequeno outeiro \u00e1s aforas da cidade. Petra, as\u00ed a\nchamaban. A parada non era casual desde a cima do promontorio\napreci\u00e1base toda a magnificiencia da cidade coronando a gran mole de\npedra que lle daba nome e serv\u00edalle de fortificaci\u00f3n natural. A\nbrisa da ma\u00f1\u00e1 foi un reconstituinte e a conversa animouse\nadentr\u00e1ndonos nun quid procuo sobre a historia dos nosos pobos.\nPetra recobrara a vida hai apenas dous anos cando refuxi\u00e1ranse nela\nun grupo de disidentes entre os que se atopaba Ar\u00faspice. A cidade\nresistiu ao desastre planetario pero as cicatrices da hecatombe\nd\u00e9ranlle unha apariencia fantasmag\u00f3rica. As supersticiosas\npatrullas da Colmea evitaban adentrarse nas ruelas de Petra\nconvert\u00e9ndose esta nun santuario para a disidencia. Coa rotaci\u00f3n da\nterra definitivamente estacionaria coa translaci\u00f3n do sol, Petra\nquedou ubicada ao suroeste da franxa. O val onde est\u00e1 enclavada a\ncidade rebelde, moi alonxada da capital da Colmea, foi dos primeiros\nterritorios en escapar ao seu control.&nbsp;<\/p>\n\n\n\n<p>O\nproceso de desmoronamento do estado totalitario da Colmea\nresquebraxou o seu dominio militar nesta rec\u00f3ndita zona fronteiriza\ne os victoriosos enfrentamentos dos disidentes coas patrullas fixeron\nque estas se replegaran. A convulsa metr\u00f3poli cun goberno absorto\nnas loitas intestinas polo poder non era xa quen de manter o seu\ndominio en toda a franxa. A existencia dunha cidade rebelde\nespallouse entre unha poboaci\u00f3n desexosa de fuxir do r\u00e9xime de\nterror ao que estaba sometida. Pronto arribaron a Petra longas\ncaravanas de refuxiados. Na cidade sobraban paredes onde acubillalos\npero a escaseza de alimentos era perentoria.&nbsp;<\/p>\n\n\n\n<p>Ar\u00faspice\nrelataba con pesar aquel per\u00edodo. Para alimentar a crecente\npoboaci\u00f3n v\u00edronse obrigadas a asaltar e saquear poboados agr\u00edcolas\ncercanos. Os campesi\u00f1os destes poboados apenas conservaban o\nsuficiente para sobrevivir despois do paso das patrullas requisadoras\nda Colmea e agora ti\u00f1an que soportar o latrocinio do resto dos seus\nv\u00edveres por aqueles que se autoproclamaban os seus libertadores.\nCando posteriormente a cidade rebelde agrandou os seus dominios e\nliberou estos poboados do xugo da Colmea ning\u00fan campesi\u00f1o das\nlocalidades sumouse \u00e1s celebraci\u00f3ns. As menestrais aseguraban que\nfixeron todo o posible por reverter a situaci\u00f3n e ga\u00f1arse a\nconfianza destas aldeas, pero o seu resquemor e recelo est\u00e1 a\u00ednda\npresente nas relaci\u00f3ns coa agora capital do territorio rebelde. Elas\nachacaban a falta de participaci\u00f3n da xente das aldeas agrarias na\nvida pol\u00edtica ao at\u00e1vico rexeitamento do campesi\u00f1ado a inmiscuirse\nnos asuntos da capital, limit\u00e1ndose a negociar o diezmo co rexente&nbsp;\nde turno a cambio de protecci\u00f3n. Ante a mi\u00f1a insistencia por\nco\u00f1ecer mellor ao campesi\u00f1ado detall\u00e1ronme, nun ton non exento de\ndesprezo, o seu sistema de terras e usos comunais e a s\u00faa xesti\u00f3n\nasemblearia. Ineficaz e primitivo o tildaron, pero a min evoc\u00e1bame\nao meu fogar e neses intres de morri\u00f1a fun presa de certa irritaci\u00f3n\ncontra as menestrais. A cal estivo a punto de desbaratar a nosa\nsinton\u00eda. Sa\u00edn do paso pregunt\u00e1ndolle como estaba articulado o\nresto do territorio rebelde. Segundo elas aparte da capital, Petra, e\nas aldeas agr\u00edcolas s\u00f3 dispo\u00f1\u00edan dunha serie de fortificaci\u00f3ns\nna li\u00f1a da fronte polo que excluindo os campos de cultivo extramuros\nde Petra toda a carga alimentaria reca\u00eda sobre as comunidades\ncampesi\u00f1as. Erroneamente pareceume o momento de indagar pola\ncapacidade militar rebelde, exp\u00faselles a mi\u00f1a sorpresa porque as\nmilicias que nos atoparon non portaran armas de fogo e sen embargo as\ns\u00faas tropas foran quen de facer retroceder aos destacamentos\nfronteirizos da Colmea. O silencio e vacilaci\u00f3n das menestrais para\nresponderme deixoume claro a debilidade da confianza mutua. Esta vez\nfoi Ar\u00faspice quen sa\u00edu ao paso aducindo&nbsp; que todo o seu\npotencial armament\u00edstico se concentraba na li\u00f1a da fronte e acto\nseguido desencadenou unha bater\u00eda de preguntas sobre o pobo\narraiano. Eu xa ti\u00f1a a composici\u00f3n de lugar para modular as mi\u00f1as\nrespostas. Unha descripci\u00f3n dun pobo arraiano n\u00fameroso e armado\nser\u00eda m\u00e1is temido que desexado como aliado e nembargantes un pobo\ndiezmado e feble ser\u00eda ninguneado por irrelevante. O meu relato foi\nun traxe a medida que satisfizo en primeira instancia \u00e1s\ninquisitivas menestrais. Cando estas comenzaron a asoballarme\nsolicitando detalles sobre os meus, escabullinme insistindo na\nnecesidade de presentarme ante a mi\u00f1a escolta antes de que empezaran\na preocuparse por min. O primeiro asalto rematou en empate t\u00e9cnico.\nCando me reencontrei cos meus expliqueilles a necesidade de seguirlle\no xogo \u00e1s menestrais pero que ao mesmo tempo ti\u00f1amos que averiguar\nm\u00e1is para saber con certeza a correlaci\u00f3n de forzas entre os\nrebeldes e a Colmea. Debemos aproveitarnos da situaci\u00f3n privilexiada\nna que me coloca a supercher\u00eda de que eu son a escollida polos ceos\npero sempre tendo en conta que todo pode ser un perverso montaxe das\nmenestrais para manipularnos e que sexamos a s\u00faa carne de can\u00f3n.\nEstamos abocados a cami\u00f1ar xuntas nunha fronte \u00fanica pero canto\nm\u00e1is as co\u00f1ezo m\u00e1is se menoscaba a mi\u00f1a confianza en que o seu\ncami\u00f1o non se bifurque do noso cando menos o esperemos. As\nmenestrais poden ter boas intenci\u00f3ns pero son unha elite gobernista\nna que o corporativismo sempre prevalecer\u00e1 nas s\u00faas decisi\u00f3ns.&nbsp;<\/p>\n\n\n\n<p>Necesito\ndescansar, hoxe foi un d\u00eda longo coa migra\u00f1a como inseparable\ncompa\u00f1eira. Se de algo estou segura \u00e9 de non volver a catar ese\nbrevaxe infernal.&nbsp;<\/p>\n","protected":false},"excerpt":{"rendered":"<div class=\"mh-excerpt\"><p>Este octavo fragmento do diario de Senl\u00faa Arraiana foi recuperado e adiantado ao noso tempo por Noitepedralonga, fiel camarada do av\u00f3 da futura l\u00edder da resistencia arraiana <a class=\"mh-excerpt-more\" href=\"https:\/\/www.anovapeneira.gal\/index.php\/2020\/01\/03\/oitavo-fragmento-do-diario-de-senlua-arraiana\/\" title=\"Oitavo fragmento do diario de Senl\u00faa Arraiana\">[&#8230;]<\/a><\/p>\n<\/div>","protected":false},"author":13,"featured_media":2184,"comment_status":"open","ping_status":"open","sticky":false,"template":"","format":"standard","meta":{"_exactmetrics_skip_tracking":false,"_exactmetrics_sitenote_active":false,"_exactmetrics_sitenote_note":"","_exactmetrics_sitenote_category":0,"footnotes":""},"categories":[7],"tags":[236,235],"class_list":{"0":"post-2183","1":"post","2":"type-post","3":"status-publish","4":"format-standard","5":"has-post-thumbnail","7":"category-artigos-de-opinion","8":"tag-resistencia-arraiana","9":"tag-senlua-arraiana"},"yoast_head":"<!-- This site is optimized with the Yoast SEO plugin v27.4 - https:\/\/yoast.com\/product\/yoast-seo-wordpress\/ -->\n<title>Oitavo fragmento do diario de Senl\u00faa Arraiana -<\/title>\n<meta name=\"robots\" content=\"index, follow, max-snippet:-1, max-image-preview:large, max-video-preview:-1\" \/>\n<link rel=\"canonical\" href=\"https:\/\/www.anovapeneira.gal\/index.php\/2020\/01\/03\/oitavo-fragmento-do-diario-de-senlua-arraiana\/\" \/>\n<meta property=\"og:locale\" content=\"gl_ES\" \/>\n<meta property=\"og:type\" content=\"article\" \/>\n<meta property=\"og:title\" content=\"Oitavo fragmento do diario de Senl\u00faa Arraiana -\" \/>\n<meta property=\"og:description\" content=\"Este octavo fragmento do diario de Senl\u00faa Arraiana foi recuperado e adiantado ao noso tempo por Noitepedralonga, fiel camarada do av\u00f3 da futura l\u00edder da resistencia arraiana [...]\" \/>\n<meta property=\"og:url\" content=\"https:\/\/www.anovapeneira.gal\/index.php\/2020\/01\/03\/oitavo-fragmento-do-diario-de-senlua-arraiana\/\" \/>\n<meta property=\"article:publisher\" content=\"https:\/\/www.facebook.com\/anovapeneira\" \/>\n<meta property=\"article:published_time\" content=\"2020-01-03T11:00:25+00:00\" \/>\n<meta property=\"og:image\" content=\"https:\/\/www.anovapeneira.gal\/wp-content\/uploads\/2019\/12\/A_cidade_rebelde_a_nova_peneira.jpg\" \/>\n\t<meta property=\"og:image:width\" content=\"720\" \/>\n\t<meta property=\"og:image:height\" content=\"432\" \/>\n\t<meta property=\"og:image:type\" content=\"image\/jpeg\" \/>\n<meta name=\"author\" content=\"Cristobal L\u00f3pez\" \/>\n<meta name=\"twitter:card\" content=\"summary_large_image\" \/>\n<meta name=\"twitter:creator\" content=\"@APeneira\" \/>\n<meta name=\"twitter:site\" content=\"@APeneira\" \/>\n<meta name=\"twitter:label1\" content=\"Escrito por\" \/>\n\t<meta name=\"twitter:data1\" content=\"Cristobal L\u00f3pez\" \/>\n\t<meta name=\"twitter:label2\" content=\"Tempo de lectura\" \/>\n\t<meta name=\"twitter:data2\" content=\"6 minutos\" \/>\n<script type=\"application\/ld+json\" class=\"yoast-schema-graph\">{\"@context\":\"https:\\\/\\\/schema.org\",\"@graph\":[{\"@type\":\"Article\",\"@id\":\"https:\\\/\\\/www.anovapeneira.gal\\\/index.php\\\/2020\\\/01\\\/03\\\/oitavo-fragmento-do-diario-de-senlua-arraiana\\\/#article\",\"isPartOf\":{\"@id\":\"https:\\\/\\\/www.anovapeneira.gal\\\/index.php\\\/2020\\\/01\\\/03\\\/oitavo-fragmento-do-diario-de-senlua-arraiana\\\/\"},\"author\":{\"name\":\"Cristobal L\u00f3pez\",\"@id\":\"https:\\\/\\\/www.anovapeneira.gal\\\/#\\\/schema\\\/person\\\/45b3df2338e4d898b7616809f9c5906c\"},\"headline\":\"Oitavo fragmento do diario de Senl\u00faa Arraiana\",\"datePublished\":\"2020-01-03T11:00:25+00:00\",\"mainEntityOfPage\":{\"@id\":\"https:\\\/\\\/www.anovapeneira.gal\\\/index.php\\\/2020\\\/01\\\/03\\\/oitavo-fragmento-do-diario-de-senlua-arraiana\\\/\"},\"wordCount\":1253,\"commentCount\":0,\"publisher\":{\"@id\":\"https:\\\/\\\/www.anovapeneira.gal\\\/#organization\"},\"image\":{\"@id\":\"https:\\\/\\\/www.anovapeneira.gal\\\/index.php\\\/2020\\\/01\\\/03\\\/oitavo-fragmento-do-diario-de-senlua-arraiana\\\/#primaryimage\"},\"thumbnailUrl\":\"https:\\\/\\\/www.anovapeneira.gal\\\/wp-content\\\/uploads\\\/2019\\\/12\\\/A_cidade_rebelde_a_nova_peneira.jpg\",\"keywords\":[\"Resistencia arraiana\",\"Senl\u00faa Arraiana\"],\"articleSection\":[\"Artigos de opini\u00f3n\"],\"inLanguage\":\"gl-ES\",\"potentialAction\":[{\"@type\":\"CommentAction\",\"name\":\"Comment\",\"target\":[\"https:\\\/\\\/www.anovapeneira.gal\\\/index.php\\\/2020\\\/01\\\/03\\\/oitavo-fragmento-do-diario-de-senlua-arraiana\\\/#respond\"]}]},{\"@type\":\"WebPage\",\"@id\":\"https:\\\/\\\/www.anovapeneira.gal\\\/index.php\\\/2020\\\/01\\\/03\\\/oitavo-fragmento-do-diario-de-senlua-arraiana\\\/\",\"url\":\"https:\\\/\\\/www.anovapeneira.gal\\\/index.php\\\/2020\\\/01\\\/03\\\/oitavo-fragmento-do-diario-de-senlua-arraiana\\\/\",\"name\":\"Oitavo fragmento do diario de Senl\u00faa Arraiana -\",\"isPartOf\":{\"@id\":\"https:\\\/\\\/www.anovapeneira.gal\\\/#website\"},\"primaryImageOfPage\":{\"@id\":\"https:\\\/\\\/www.anovapeneira.gal\\\/index.php\\\/2020\\\/01\\\/03\\\/oitavo-fragmento-do-diario-de-senlua-arraiana\\\/#primaryimage\"},\"image\":{\"@id\":\"https:\\\/\\\/www.anovapeneira.gal\\\/index.php\\\/2020\\\/01\\\/03\\\/oitavo-fragmento-do-diario-de-senlua-arraiana\\\/#primaryimage\"},\"thumbnailUrl\":\"https:\\\/\\\/www.anovapeneira.gal\\\/wp-content\\\/uploads\\\/2019\\\/12\\\/A_cidade_rebelde_a_nova_peneira.jpg\",\"datePublished\":\"2020-01-03T11:00:25+00:00\",\"breadcrumb\":{\"@id\":\"https:\\\/\\\/www.anovapeneira.gal\\\/index.php\\\/2020\\\/01\\\/03\\\/oitavo-fragmento-do-diario-de-senlua-arraiana\\\/#breadcrumb\"},\"inLanguage\":\"gl-ES\",\"potentialAction\":[{\"@type\":\"ReadAction\",\"target\":[\"https:\\\/\\\/www.anovapeneira.gal\\\/index.php\\\/2020\\\/01\\\/03\\\/oitavo-fragmento-do-diario-de-senlua-arraiana\\\/\"]}]},{\"@type\":\"ImageObject\",\"inLanguage\":\"gl-ES\",\"@id\":\"https:\\\/\\\/www.anovapeneira.gal\\\/index.php\\\/2020\\\/01\\\/03\\\/oitavo-fragmento-do-diario-de-senlua-arraiana\\\/#primaryimage\",\"url\":\"https:\\\/\\\/www.anovapeneira.gal\\\/wp-content\\\/uploads\\\/2019\\\/12\\\/A_cidade_rebelde_a_nova_peneira.jpg\",\"contentUrl\":\"https:\\\/\\\/www.anovapeneira.gal\\\/wp-content\\\/uploads\\\/2019\\\/12\\\/A_cidade_rebelde_a_nova_peneira.jpg\",\"width\":720,\"height\":432,\"caption\":\"A cidade rebelde A Nova Peneira\"},{\"@type\":\"BreadcrumbList\",\"@id\":\"https:\\\/\\\/www.anovapeneira.gal\\\/index.php\\\/2020\\\/01\\\/03\\\/oitavo-fragmento-do-diario-de-senlua-arraiana\\\/#breadcrumb\",\"itemListElement\":[{\"@type\":\"ListItem\",\"position\":1,\"name\":\"Portada\",\"item\":\"https:\\\/\\\/www.anovapeneira.gal\\\/\"},{\"@type\":\"ListItem\",\"position\":2,\"name\":\"Oitavo fragmento do diario de Senl\u00faa Arraiana\"}]},{\"@type\":\"WebSite\",\"@id\":\"https:\\\/\\\/www.anovapeneira.gal\\\/#website\",\"url\":\"https:\\\/\\\/www.anovapeneira.gal\\\/\",\"name\":\"\",\"description\":\"Xornal galego de informaci\u00f3n xeral Publicaci\u00f3n mensual de novas de Galicia e en especial dos Concellos da sur da provincia de Pontevedra.\",\"publisher\":{\"@id\":\"https:\\\/\\\/www.anovapeneira.gal\\\/#organization\"},\"potentialAction\":[{\"@type\":\"SearchAction\",\"target\":{\"@type\":\"EntryPoint\",\"urlTemplate\":\"https:\\\/\\\/www.anovapeneira.gal\\\/?s={search_term_string}\"},\"query-input\":{\"@type\":\"PropertyValueSpecification\",\"valueRequired\":true,\"valueName\":\"search_term_string\"}}],\"inLanguage\":\"gl-ES\"},{\"@type\":\"Organization\",\"@id\":\"https:\\\/\\\/www.anovapeneira.gal\\\/#organization\",\"name\":\"A Nova Peneira\",\"url\":\"https:\\\/\\\/www.anovapeneira.gal\\\/\",\"logo\":{\"@type\":\"ImageObject\",\"inLanguage\":\"gl-ES\",\"@id\":\"https:\\\/\\\/www.anovapeneira.gal\\\/#\\\/schema\\\/logo\\\/image\\\/\",\"url\":\"http:\\\/\\\/www.anovapeneira.gal\\\/wp-content\\\/uploads\\\/2019\\\/06\\\/logo_a_nova_peneira_portal_web.png\",\"contentUrl\":\"http:\\\/\\\/www.anovapeneira.gal\\\/wp-content\\\/uploads\\\/2019\\\/06\\\/logo_a_nova_peneira_portal_web.png\",\"width\":300,\"height\":100,\"caption\":\"A Nova Peneira\"},\"image\":{\"@id\":\"https:\\\/\\\/www.anovapeneira.gal\\\/#\\\/schema\\\/logo\\\/image\\\/\"},\"sameAs\":[\"https:\\\/\\\/www.facebook.com\\\/anovapeneira\",\"https:\\\/\\\/x.com\\\/APeneira\"]},{\"@type\":\"Person\",\"@id\":\"https:\\\/\\\/www.anovapeneira.gal\\\/#\\\/schema\\\/person\\\/45b3df2338e4d898b7616809f9c5906c\",\"name\":\"Cristobal L\u00f3pez\",\"image\":{\"@type\":\"ImageObject\",\"inLanguage\":\"gl-ES\",\"@id\":\"https:\\\/\\\/secure.gravatar.com\\\/avatar\\\/b537cf06ef8166c9ef72b09f4d5f6446b1e22ea99505d94e40b8685710482f79?s=96&d=mm&r=g\",\"url\":\"https:\\\/\\\/secure.gravatar.com\\\/avatar\\\/b537cf06ef8166c9ef72b09f4d5f6446b1e22ea99505d94e40b8685710482f79?s=96&d=mm&r=g\",\"contentUrl\":\"https:\\\/\\\/secure.gravatar.com\\\/avatar\\\/b537cf06ef8166c9ef72b09f4d5f6446b1e22ea99505d94e40b8685710482f79?s=96&d=mm&r=g\",\"caption\":\"Cristobal L\u00f3pez\"},\"sameAs\":[\"http:\\\/\\\/anovapeneira.gal\"],\"url\":\"https:\\\/\\\/www.anovapeneira.gal\\\/index.php\\\/author\\\/opinioncristoballopez\\\/\"}]}<\/script>\n<!-- \/ Yoast SEO plugin. -->","yoast_head_json":{"title":"Oitavo fragmento do diario de Senl\u00faa Arraiana -","robots":{"index":"index","follow":"follow","max-snippet":"max-snippet:-1","max-image-preview":"max-image-preview:large","max-video-preview":"max-video-preview:-1"},"canonical":"https:\/\/www.anovapeneira.gal\/index.php\/2020\/01\/03\/oitavo-fragmento-do-diario-de-senlua-arraiana\/","og_locale":"gl_ES","og_type":"article","og_title":"Oitavo fragmento do diario de Senl\u00faa Arraiana -","og_description":"Este octavo fragmento do diario de Senl\u00faa Arraiana foi recuperado e adiantado ao noso tempo por Noitepedralonga, fiel camarada do av\u00f3 da futura l\u00edder da resistencia arraiana [...]","og_url":"https:\/\/www.anovapeneira.gal\/index.php\/2020\/01\/03\/oitavo-fragmento-do-diario-de-senlua-arraiana\/","article_publisher":"https:\/\/www.facebook.com\/anovapeneira","article_published_time":"2020-01-03T11:00:25+00:00","og_image":[{"width":720,"height":432,"url":"https:\/\/www.anovapeneira.gal\/wp-content\/uploads\/2019\/12\/A_cidade_rebelde_a_nova_peneira.jpg","type":"image\/jpeg"}],"author":"Cristobal L\u00f3pez","twitter_card":"summary_large_image","twitter_creator":"@APeneira","twitter_site":"@APeneira","twitter_misc":{"Escrito por":"Cristobal L\u00f3pez","Tempo de lectura":"6 minutos"},"schema":{"@context":"https:\/\/schema.org","@graph":[{"@type":"Article","@id":"https:\/\/www.anovapeneira.gal\/index.php\/2020\/01\/03\/oitavo-fragmento-do-diario-de-senlua-arraiana\/#article","isPartOf":{"@id":"https:\/\/www.anovapeneira.gal\/index.php\/2020\/01\/03\/oitavo-fragmento-do-diario-de-senlua-arraiana\/"},"author":{"name":"Cristobal L\u00f3pez","@id":"https:\/\/www.anovapeneira.gal\/#\/schema\/person\/45b3df2338e4d898b7616809f9c5906c"},"headline":"Oitavo fragmento do diario de Senl\u00faa Arraiana","datePublished":"2020-01-03T11:00:25+00:00","mainEntityOfPage":{"@id":"https:\/\/www.anovapeneira.gal\/index.php\/2020\/01\/03\/oitavo-fragmento-do-diario-de-senlua-arraiana\/"},"wordCount":1253,"commentCount":0,"publisher":{"@id":"https:\/\/www.anovapeneira.gal\/#organization"},"image":{"@id":"https:\/\/www.anovapeneira.gal\/index.php\/2020\/01\/03\/oitavo-fragmento-do-diario-de-senlua-arraiana\/#primaryimage"},"thumbnailUrl":"https:\/\/www.anovapeneira.gal\/wp-content\/uploads\/2019\/12\/A_cidade_rebelde_a_nova_peneira.jpg","keywords":["Resistencia arraiana","Senl\u00faa Arraiana"],"articleSection":["Artigos de opini\u00f3n"],"inLanguage":"gl-ES","potentialAction":[{"@type":"CommentAction","name":"Comment","target":["https:\/\/www.anovapeneira.gal\/index.php\/2020\/01\/03\/oitavo-fragmento-do-diario-de-senlua-arraiana\/#respond"]}]},{"@type":"WebPage","@id":"https:\/\/www.anovapeneira.gal\/index.php\/2020\/01\/03\/oitavo-fragmento-do-diario-de-senlua-arraiana\/","url":"https:\/\/www.anovapeneira.gal\/index.php\/2020\/01\/03\/oitavo-fragmento-do-diario-de-senlua-arraiana\/","name":"Oitavo fragmento do diario de Senl\u00faa Arraiana -","isPartOf":{"@id":"https:\/\/www.anovapeneira.gal\/#website"},"primaryImageOfPage":{"@id":"https:\/\/www.anovapeneira.gal\/index.php\/2020\/01\/03\/oitavo-fragmento-do-diario-de-senlua-arraiana\/#primaryimage"},"image":{"@id":"https:\/\/www.anovapeneira.gal\/index.php\/2020\/01\/03\/oitavo-fragmento-do-diario-de-senlua-arraiana\/#primaryimage"},"thumbnailUrl":"https:\/\/www.anovapeneira.gal\/wp-content\/uploads\/2019\/12\/A_cidade_rebelde_a_nova_peneira.jpg","datePublished":"2020-01-03T11:00:25+00:00","breadcrumb":{"@id":"https:\/\/www.anovapeneira.gal\/index.php\/2020\/01\/03\/oitavo-fragmento-do-diario-de-senlua-arraiana\/#breadcrumb"},"inLanguage":"gl-ES","potentialAction":[{"@type":"ReadAction","target":["https:\/\/www.anovapeneira.gal\/index.php\/2020\/01\/03\/oitavo-fragmento-do-diario-de-senlua-arraiana\/"]}]},{"@type":"ImageObject","inLanguage":"gl-ES","@id":"https:\/\/www.anovapeneira.gal\/index.php\/2020\/01\/03\/oitavo-fragmento-do-diario-de-senlua-arraiana\/#primaryimage","url":"https:\/\/www.anovapeneira.gal\/wp-content\/uploads\/2019\/12\/A_cidade_rebelde_a_nova_peneira.jpg","contentUrl":"https:\/\/www.anovapeneira.gal\/wp-content\/uploads\/2019\/12\/A_cidade_rebelde_a_nova_peneira.jpg","width":720,"height":432,"caption":"A cidade rebelde A Nova Peneira"},{"@type":"BreadcrumbList","@id":"https:\/\/www.anovapeneira.gal\/index.php\/2020\/01\/03\/oitavo-fragmento-do-diario-de-senlua-arraiana\/#breadcrumb","itemListElement":[{"@type":"ListItem","position":1,"name":"Portada","item":"https:\/\/www.anovapeneira.gal\/"},{"@type":"ListItem","position":2,"name":"Oitavo fragmento do diario de Senl\u00faa Arraiana"}]},{"@type":"WebSite","@id":"https:\/\/www.anovapeneira.gal\/#website","url":"https:\/\/www.anovapeneira.gal\/","name":"","description":"Xornal galego de informaci\u00f3n xeral Publicaci\u00f3n mensual de novas de Galicia e en especial dos Concellos da sur da provincia de Pontevedra.","publisher":{"@id":"https:\/\/www.anovapeneira.gal\/#organization"},"potentialAction":[{"@type":"SearchAction","target":{"@type":"EntryPoint","urlTemplate":"https:\/\/www.anovapeneira.gal\/?s={search_term_string}"},"query-input":{"@type":"PropertyValueSpecification","valueRequired":true,"valueName":"search_term_string"}}],"inLanguage":"gl-ES"},{"@type":"Organization","@id":"https:\/\/www.anovapeneira.gal\/#organization","name":"A Nova Peneira","url":"https:\/\/www.anovapeneira.gal\/","logo":{"@type":"ImageObject","inLanguage":"gl-ES","@id":"https:\/\/www.anovapeneira.gal\/#\/schema\/logo\/image\/","url":"http:\/\/www.anovapeneira.gal\/wp-content\/uploads\/2019\/06\/logo_a_nova_peneira_portal_web.png","contentUrl":"http:\/\/www.anovapeneira.gal\/wp-content\/uploads\/2019\/06\/logo_a_nova_peneira_portal_web.png","width":300,"height":100,"caption":"A Nova Peneira"},"image":{"@id":"https:\/\/www.anovapeneira.gal\/#\/schema\/logo\/image\/"},"sameAs":["https:\/\/www.facebook.com\/anovapeneira","https:\/\/x.com\/APeneira"]},{"@type":"Person","@id":"https:\/\/www.anovapeneira.gal\/#\/schema\/person\/45b3df2338e4d898b7616809f9c5906c","name":"Cristobal L\u00f3pez","image":{"@type":"ImageObject","inLanguage":"gl-ES","@id":"https:\/\/secure.gravatar.com\/avatar\/b537cf06ef8166c9ef72b09f4d5f6446b1e22ea99505d94e40b8685710482f79?s=96&d=mm&r=g","url":"https:\/\/secure.gravatar.com\/avatar\/b537cf06ef8166c9ef72b09f4d5f6446b1e22ea99505d94e40b8685710482f79?s=96&d=mm&r=g","contentUrl":"https:\/\/secure.gravatar.com\/avatar\/b537cf06ef8166c9ef72b09f4d5f6446b1e22ea99505d94e40b8685710482f79?s=96&d=mm&r=g","caption":"Cristobal L\u00f3pez"},"sameAs":["http:\/\/anovapeneira.gal"],"url":"https:\/\/www.anovapeneira.gal\/index.php\/author\/opinioncristoballopez\/"}]}},"jetpack_featured_media_url":"https:\/\/www.anovapeneira.gal\/wp-content\/uploads\/2019\/12\/A_cidade_rebelde_a_nova_peneira.jpg","_links":{"self":[{"href":"https:\/\/www.anovapeneira.gal\/index.php\/wp-json\/wp\/v2\/posts\/2183","targetHints":{"allow":["GET"]}}],"collection":[{"href":"https:\/\/www.anovapeneira.gal\/index.php\/wp-json\/wp\/v2\/posts"}],"about":[{"href":"https:\/\/www.anovapeneira.gal\/index.php\/wp-json\/wp\/v2\/types\/post"}],"author":[{"embeddable":true,"href":"https:\/\/www.anovapeneira.gal\/index.php\/wp-json\/wp\/v2\/users\/13"}],"replies":[{"embeddable":true,"href":"https:\/\/www.anovapeneira.gal\/index.php\/wp-json\/wp\/v2\/comments?post=2183"}],"version-history":[{"count":1,"href":"https:\/\/www.anovapeneira.gal\/index.php\/wp-json\/wp\/v2\/posts\/2183\/revisions"}],"predecessor-version":[{"id":2185,"href":"https:\/\/www.anovapeneira.gal\/index.php\/wp-json\/wp\/v2\/posts\/2183\/revisions\/2185"}],"wp:featuredmedia":[{"embeddable":true,"href":"https:\/\/www.anovapeneira.gal\/index.php\/wp-json\/wp\/v2\/media\/2184"}],"wp:attachment":[{"href":"https:\/\/www.anovapeneira.gal\/index.php\/wp-json\/wp\/v2\/media?parent=2183"}],"wp:term":[{"taxonomy":"category","embeddable":true,"href":"https:\/\/www.anovapeneira.gal\/index.php\/wp-json\/wp\/v2\/categories?post=2183"},{"taxonomy":"post_tag","embeddable":true,"href":"https:\/\/www.anovapeneira.gal\/index.php\/wp-json\/wp\/v2\/tags?post=2183"}],"curies":[{"name":"wp","href":"https:\/\/api.w.org\/{rel}","templated":true}]}}