{"id":2195,"date":"2020-01-06T12:00:23","date_gmt":"2020-01-06T11:00:23","guid":{"rendered":"http:\/\/www.anovapeneira.gal\/?p=2195"},"modified":"2020-01-05T10:59:46","modified_gmt":"2020-01-05T09:59:46","slug":"o-grupo-comun-da-esquerda-critica-que-feijoo-segue-mais-preocupado-polo-que-pasa-no-estado-que-por-gobernar-galicia","status":"publish","type":"post","link":"https:\/\/www.anovapeneira.gal\/index.php\/2020\/01\/06\/o-grupo-comun-da-esquerda-critica-que-feijoo-segue-mais-preocupado-polo-que-pasa-no-estado-que-por-gobernar-galicia\/","title":{"rendered":"O Grupo Com\u00fan da Esquerda critica que Feij\u00f3o segue m\u00e1is preocupado polo que pasa no Estado que por gobernar Galicia"},"content":{"rendered":"\n<h2 class=\"wp-block-heading\">Luca Chao sinala que ten que ser o seu derradeiro discurso como presidente porque as galegas e galegos &#8220;non poden aturar outros catro anos das s\u00faas pol\u00edticas&#8221;.<\/h2>\n\n\n\n<p> <strong>Santiago, 31\u00a0de decembro de 2019<\/strong><\/p>\n\n\n\n<p>O Grupo Com\u00fan da Esquerda criticou este martes que Feij\u00f3o &#8220;segue m\u00e1is preocupado polo que pasa no Estado que por gobernar Galicia&#8221; tras o discurso de fin de ano do presidente da Xunta. A voceira Luca Chao indicou que &#8220;vimos de escoitar o que ten que ser o derradeiro discurso de Feij\u00f3o como presidente da Xunta. Nel, non hai unha soa idea novidosa para Galicia, ao contrario, destina boa parte do tempo a falar de temas que nada te\u00f1en a ver cos nosos problemas. Feij\u00f3o leva demasiado tempo ocupado e preocupado polo goberno do Estado en vez de centrarse na s\u00faa responsabilidade, gobernar o noso pa\u00eds&#8221;.<br><br>Chao valorou que &#8220;as galegas e galegos non poden aturar outros catro anos das s\u00faas pol\u00edticas&#8221;, sendo o lugar escollido para o discurso un bo reflexo dos efectos negativos das mesmas. &#8220;Parece unha tomadura de pelo que decidira dar o seu discurso precisamente dende Ourense, unha provincia esquecida e maltratada polas pol\u00edticas do Partido Popular, como a decisi\u00f3n recente de pechar o paridoiro de Ver\u00edn&#8221;, lamentou a voceira, lembrando que &#8220;vai un mes de desprop\u00f3sito, as\u00ed que polo menos Feij\u00f3o puidera ter aproveitado a ocasi\u00f3n para rectificar&#8221;.<br><br>Do mesmo xeito, Luca Chao considerou que &#8220;tam\u00e9n parece unha tomadura de pelo que decida dar o seu discurso dende unha escola, tam\u00e9n nesta provincia. Esquece que cada ano seguen pechando aulas no medio rural, que os seus orzamentos de ensino consolidan unha d\u00e9cada de recortes ao tempo que aumenta os concertos educativos para escolas privadas ou d\u00e1 pasos adiante para a primeira universidade privada do pa\u00eds&#8221;.<br><br>A voceira conclu\u00edu que &#8220;asistimos a un discurso continuista, sen ningunha proposta de futuro e que insiste na\u00a0 publicidade e propaganda do Partido Popular, que non pode\u00a0ocultar\u00a0a realidade que vive a cidadan\u00eda galega&#8221;.<\/p>\n","protected":false},"excerpt":{"rendered":"<div class=\"mh-excerpt\"><p>Luca Chao sinala que ten que ser o seu derradeiro discurso como presidente porque as galegas e galegos &#8220;non poden aturar outros catro anos das s\u00faas pol\u00edticas&#8221; <a class=\"mh-excerpt-more\" href=\"https:\/\/www.anovapeneira.gal\/index.php\/2020\/01\/06\/o-grupo-comun-da-esquerda-critica-que-feijoo-segue-mais-preocupado-polo-que-pasa-no-estado-que-por-gobernar-galicia\/\" title=\"O Grupo Com\u00fan da Esquerda critica que Feij\u00f3o segue m\u00e1is preocupado polo que pasa no Estado que por gobernar Galicia\">[&#8230;]<\/a><\/p>\n<\/div>","protected":false},"author":3,"featured_media":2196,"comment_status":"open","ping_status":"open","sticky":false,"template":"","format":"standard","meta":{"_exactmetrics_skip_tracking":false,"_exactmetrics_sitenote_active":false,"_exactmetrics_sitenote_note":"","_exactmetrics_sitenote_category":0,"footnotes":""},"categories":[263],"tags":[722,12],"class_list":{"0":"post-2195","1":"post","2":"type-post","3":"status-publish","4":"format-standard","5":"has-post-thumbnail","7":"category-novas","8":"tag-grupo-comun-da-esquerda","9":"tag-politica"},"yoast_head":"<!-- This site is optimized with the Yoast SEO plugin v27.5 - https:\/\/yoast.com\/product\/yoast-seo-wordpress\/ -->\n<title>O Grupo Com\u00fan da Esquerda critica que Feij\u00f3o segue m\u00e1is preocupado polo que pasa no Estado que por gobernar Galicia -<\/title>\n<meta name=\"robots\" content=\"index, follow, max-snippet:-1, max-image-preview:large, max-video-preview:-1\" \/>\n<link rel=\"canonical\" href=\"https:\/\/www.anovapeneira.gal\/index.php\/2020\/01\/06\/o-grupo-comun-da-esquerda-critica-que-feijoo-segue-mais-preocupado-polo-que-pasa-no-estado-que-por-gobernar-galicia\/\" \/>\n<meta property=\"og:locale\" content=\"gl_ES\" \/>\n<meta property=\"og:type\" content=\"article\" \/>\n<meta property=\"og:title\" content=\"O Grupo Com\u00fan da Esquerda critica que Feij\u00f3o segue m\u00e1is preocupado polo que pasa no Estado que por gobernar Galicia -\" \/>\n<meta property=\"og:description\" content=\"Luca Chao sinala que ten que ser o seu derradeiro discurso como presidente porque as galegas e galegos &quot;non poden aturar outros catro anos das s\u00faas pol\u00edticas&quot; [...]\" \/>\n<meta property=\"og:url\" content=\"https:\/\/www.anovapeneira.gal\/index.php\/2020\/01\/06\/o-grupo-comun-da-esquerda-critica-que-feijoo-segue-mais-preocupado-polo-que-pasa-no-estado-que-por-gobernar-galicia\/\" \/>\n<meta property=\"article:publisher\" content=\"https:\/\/www.facebook.com\/anovapeneira\" \/>\n<meta property=\"article:published_time\" content=\"2020-01-06T11:00:23+00:00\" \/>\n<meta property=\"og:image\" content=\"https:\/\/www.anovapeneira.gal\/wp-content\/uploads\/2020\/01\/luca_chao_a_nova_peneira.jpg\" \/>\n\t<meta property=\"og:image:width\" content=\"720\" \/>\n\t<meta property=\"og:image:height\" content=\"432\" \/>\n\t<meta property=\"og:image:type\" content=\"image\/jpeg\" \/>\n<meta name=\"author\" content=\"Redacci\u00f3n A Nova Peneira\" \/>\n<meta name=\"twitter:card\" content=\"summary_large_image\" \/>\n<meta name=\"twitter:creator\" content=\"@APeneira\" \/>\n<meta name=\"twitter:site\" content=\"@APeneira\" \/>\n<meta name=\"twitter:label1\" content=\"Escrito por\" \/>\n\t<meta name=\"twitter:data1\" content=\"Redacci\u00f3n A Nova Peneira\" \/>\n\t<meta name=\"twitter:label2\" content=\"Tempo de lectura\" \/>\n\t<meta name=\"twitter:data2\" content=\"2 minutos\" \/>\n<script type=\"application\/ld+json\" class=\"yoast-schema-graph\">{\"@context\":\"https:\\\/\\\/schema.org\",\"@graph\":[{\"@type\":\"Article\",\"@id\":\"https:\\\/\\\/www.anovapeneira.gal\\\/index.php\\\/2020\\\/01\\\/06\\\/o-grupo-comun-da-esquerda-critica-que-feijoo-segue-mais-preocupado-polo-que-pasa-no-estado-que-por-gobernar-galicia\\\/#article\",\"isPartOf\":{\"@id\":\"https:\\\/\\\/www.anovapeneira.gal\\\/index.php\\\/2020\\\/01\\\/06\\\/o-grupo-comun-da-esquerda-critica-que-feijoo-segue-mais-preocupado-polo-que-pasa-no-estado-que-por-gobernar-galicia\\\/\"},\"author\":{\"name\":\"Redacci\u00f3n A Nova Peneira\",\"@id\":\"https:\\\/\\\/www.anovapeneira.gal\\\/#\\\/schema\\\/person\\\/b93e3f8932e3f8da96334607eb6ac6aa\"},\"headline\":\"O Grupo Com\u00fan da Esquerda critica que Feij\u00f3o segue m\u00e1is preocupado polo que pasa no Estado que por gobernar Galicia\",\"datePublished\":\"2020-01-06T11:00:23+00:00\",\"mainEntityOfPage\":{\"@id\":\"https:\\\/\\\/www.anovapeneira.gal\\\/index.php\\\/2020\\\/01\\\/06\\\/o-grupo-comun-da-esquerda-critica-que-feijoo-segue-mais-preocupado-polo-que-pasa-no-estado-que-por-gobernar-galicia\\\/\"},\"wordCount\":373,\"commentCount\":0,\"publisher\":{\"@id\":\"https:\\\/\\\/www.anovapeneira.gal\\\/#organization\"},\"image\":{\"@id\":\"https:\\\/\\\/www.anovapeneira.gal\\\/index.php\\\/2020\\\/01\\\/06\\\/o-grupo-comun-da-esquerda-critica-que-feijoo-segue-mais-preocupado-polo-que-pasa-no-estado-que-por-gobernar-galicia\\\/#primaryimage\"},\"thumbnailUrl\":\"https:\\\/\\\/www.anovapeneira.gal\\\/wp-content\\\/uploads\\\/2020\\\/01\\\/luca_chao_a_nova_peneira.jpg\",\"keywords\":[\"Grupo Com\u00fan da Esquerda\",\"Pol\u00edtica\"],\"articleSection\":[\"Novas\"],\"inLanguage\":\"gl-ES\",\"potentialAction\":[{\"@type\":\"CommentAction\",\"name\":\"Comment\",\"target\":[\"https:\\\/\\\/www.anovapeneira.gal\\\/index.php\\\/2020\\\/01\\\/06\\\/o-grupo-comun-da-esquerda-critica-que-feijoo-segue-mais-preocupado-polo-que-pasa-no-estado-que-por-gobernar-galicia\\\/#respond\"]}]},{\"@type\":\"WebPage\",\"@id\":\"https:\\\/\\\/www.anovapeneira.gal\\\/index.php\\\/2020\\\/01\\\/06\\\/o-grupo-comun-da-esquerda-critica-que-feijoo-segue-mais-preocupado-polo-que-pasa-no-estado-que-por-gobernar-galicia\\\/\",\"url\":\"https:\\\/\\\/www.anovapeneira.gal\\\/index.php\\\/2020\\\/01\\\/06\\\/o-grupo-comun-da-esquerda-critica-que-feijoo-segue-mais-preocupado-polo-que-pasa-no-estado-que-por-gobernar-galicia\\\/\",\"name\":\"O Grupo Com\u00fan da Esquerda critica que Feij\u00f3o segue m\u00e1is preocupado polo que pasa no Estado que por gobernar Galicia -\",\"isPartOf\":{\"@id\":\"https:\\\/\\\/www.anovapeneira.gal\\\/#website\"},\"primaryImageOfPage\":{\"@id\":\"https:\\\/\\\/www.anovapeneira.gal\\\/index.php\\\/2020\\\/01\\\/06\\\/o-grupo-comun-da-esquerda-critica-que-feijoo-segue-mais-preocupado-polo-que-pasa-no-estado-que-por-gobernar-galicia\\\/#primaryimage\"},\"image\":{\"@id\":\"https:\\\/\\\/www.anovapeneira.gal\\\/index.php\\\/2020\\\/01\\\/06\\\/o-grupo-comun-da-esquerda-critica-que-feijoo-segue-mais-preocupado-polo-que-pasa-no-estado-que-por-gobernar-galicia\\\/#primaryimage\"},\"thumbnailUrl\":\"https:\\\/\\\/www.anovapeneira.gal\\\/wp-content\\\/uploads\\\/2020\\\/01\\\/luca_chao_a_nova_peneira.jpg\",\"datePublished\":\"2020-01-06T11:00:23+00:00\",\"breadcrumb\":{\"@id\":\"https:\\\/\\\/www.anovapeneira.gal\\\/index.php\\\/2020\\\/01\\\/06\\\/o-grupo-comun-da-esquerda-critica-que-feijoo-segue-mais-preocupado-polo-que-pasa-no-estado-que-por-gobernar-galicia\\\/#breadcrumb\"},\"inLanguage\":\"gl-ES\",\"potentialAction\":[{\"@type\":\"ReadAction\",\"target\":[\"https:\\\/\\\/www.anovapeneira.gal\\\/index.php\\\/2020\\\/01\\\/06\\\/o-grupo-comun-da-esquerda-critica-que-feijoo-segue-mais-preocupado-polo-que-pasa-no-estado-que-por-gobernar-galicia\\\/\"]}]},{\"@type\":\"ImageObject\",\"inLanguage\":\"gl-ES\",\"@id\":\"https:\\\/\\\/www.anovapeneira.gal\\\/index.php\\\/2020\\\/01\\\/06\\\/o-grupo-comun-da-esquerda-critica-que-feijoo-segue-mais-preocupado-polo-que-pasa-no-estado-que-por-gobernar-galicia\\\/#primaryimage\",\"url\":\"https:\\\/\\\/www.anovapeneira.gal\\\/wp-content\\\/uploads\\\/2020\\\/01\\\/luca_chao_a_nova_peneira.jpg\",\"contentUrl\":\"https:\\\/\\\/www.anovapeneira.gal\\\/wp-content\\\/uploads\\\/2020\\\/01\\\/luca_chao_a_nova_peneira.jpg\",\"width\":720,\"height\":432,\"caption\":\"Luca Chao no Parlamento\"},{\"@type\":\"BreadcrumbList\",\"@id\":\"https:\\\/\\\/www.anovapeneira.gal\\\/index.php\\\/2020\\\/01\\\/06\\\/o-grupo-comun-da-esquerda-critica-que-feijoo-segue-mais-preocupado-polo-que-pasa-no-estado-que-por-gobernar-galicia\\\/#breadcrumb\",\"itemListElement\":[{\"@type\":\"ListItem\",\"position\":1,\"name\":\"Portada\",\"item\":\"https:\\\/\\\/www.anovapeneira.gal\\\/\"},{\"@type\":\"ListItem\",\"position\":2,\"name\":\"O Grupo Com\u00fan da Esquerda critica que Feij\u00f3o segue m\u00e1is preocupado polo que pasa no Estado que por gobernar Galicia\"}]},{\"@type\":\"WebSite\",\"@id\":\"https:\\\/\\\/www.anovapeneira.gal\\\/#website\",\"url\":\"https:\\\/\\\/www.anovapeneira.gal\\\/\",\"name\":\"\",\"description\":\"Xornal galego de informaci\u00f3n xeral Publicaci\u00f3n mensual de novas de Galicia e en especial dos Concellos da sur da provincia de Pontevedra.\",\"publisher\":{\"@id\":\"https:\\\/\\\/www.anovapeneira.gal\\\/#organization\"},\"potentialAction\":[{\"@type\":\"SearchAction\",\"target\":{\"@type\":\"EntryPoint\",\"urlTemplate\":\"https:\\\/\\\/www.anovapeneira.gal\\\/?s={search_term_string}\"},\"query-input\":{\"@type\":\"PropertyValueSpecification\",\"valueRequired\":true,\"valueName\":\"search_term_string\"}}],\"inLanguage\":\"gl-ES\"},{\"@type\":\"Organization\",\"@id\":\"https:\\\/\\\/www.anovapeneira.gal\\\/#organization\",\"name\":\"A Nova Peneira\",\"url\":\"https:\\\/\\\/www.anovapeneira.gal\\\/\",\"logo\":{\"@type\":\"ImageObject\",\"inLanguage\":\"gl-ES\",\"@id\":\"https:\\\/\\\/www.anovapeneira.gal\\\/#\\\/schema\\\/logo\\\/image\\\/\",\"url\":\"http:\\\/\\\/www.anovapeneira.gal\\\/wp-content\\\/uploads\\\/2019\\\/06\\\/logo_a_nova_peneira_portal_web.png\",\"contentUrl\":\"http:\\\/\\\/www.anovapeneira.gal\\\/wp-content\\\/uploads\\\/2019\\\/06\\\/logo_a_nova_peneira_portal_web.png\",\"width\":300,\"height\":100,\"caption\":\"A Nova Peneira\"},\"image\":{\"@id\":\"https:\\\/\\\/www.anovapeneira.gal\\\/#\\\/schema\\\/logo\\\/image\\\/\"},\"sameAs\":[\"https:\\\/\\\/www.facebook.com\\\/anovapeneira\",\"https:\\\/\\\/x.com\\\/APeneira\"]},{\"@type\":\"Person\",\"@id\":\"https:\\\/\\\/www.anovapeneira.gal\\\/#\\\/schema\\\/person\\\/b93e3f8932e3f8da96334607eb6ac6aa\",\"name\":\"Redacci\u00f3n A Nova Peneira\",\"image\":{\"@type\":\"ImageObject\",\"inLanguage\":\"gl-ES\",\"@id\":\"https:\\\/\\\/secure.gravatar.com\\\/avatar\\\/c052a2551a06e23fac63626232eaa90abd78dbcf1700fc46a2b2c89fd27b735f?s=96&d=mm&r=g\",\"url\":\"https:\\\/\\\/secure.gravatar.com\\\/avatar\\\/c052a2551a06e23fac63626232eaa90abd78dbcf1700fc46a2b2c89fd27b735f?s=96&d=mm&r=g\",\"contentUrl\":\"https:\\\/\\\/secure.gravatar.com\\\/avatar\\\/c052a2551a06e23fac63626232eaa90abd78dbcf1700fc46a2b2c89fd27b735f?s=96&d=mm&r=g\",\"caption\":\"Redacci\u00f3n A Nova Peneira\"},\"sameAs\":[\"http:\\\/\\\/www.anovapeneira.gal\\\/\"],\"url\":\"https:\\\/\\\/www.anovapeneira.gal\\\/index.php\\\/author\\\/redactor\\\/\"}]}<\/script>\n<!-- \/ Yoast SEO plugin. -->","yoast_head_json":{"title":"O Grupo Com\u00fan da Esquerda critica que Feij\u00f3o segue m\u00e1is preocupado polo que pasa no Estado que por gobernar Galicia -","robots":{"index":"index","follow":"follow","max-snippet":"max-snippet:-1","max-image-preview":"max-image-preview:large","max-video-preview":"max-video-preview:-1"},"canonical":"https:\/\/www.anovapeneira.gal\/index.php\/2020\/01\/06\/o-grupo-comun-da-esquerda-critica-que-feijoo-segue-mais-preocupado-polo-que-pasa-no-estado-que-por-gobernar-galicia\/","og_locale":"gl_ES","og_type":"article","og_title":"O Grupo Com\u00fan da Esquerda critica que Feij\u00f3o segue m\u00e1is preocupado polo que pasa no Estado que por gobernar Galicia -","og_description":"Luca Chao sinala que ten que ser o seu derradeiro discurso como presidente porque as galegas e galegos \"non poden aturar outros catro anos das s\u00faas pol\u00edticas\" [...]","og_url":"https:\/\/www.anovapeneira.gal\/index.php\/2020\/01\/06\/o-grupo-comun-da-esquerda-critica-que-feijoo-segue-mais-preocupado-polo-que-pasa-no-estado-que-por-gobernar-galicia\/","article_publisher":"https:\/\/www.facebook.com\/anovapeneira","article_published_time":"2020-01-06T11:00:23+00:00","og_image":[{"width":720,"height":432,"url":"https:\/\/www.anovapeneira.gal\/wp-content\/uploads\/2020\/01\/luca_chao_a_nova_peneira.jpg","type":"image\/jpeg"}],"author":"Redacci\u00f3n A Nova Peneira","twitter_card":"summary_large_image","twitter_creator":"@APeneira","twitter_site":"@APeneira","twitter_misc":{"Escrito por":"Redacci\u00f3n A Nova Peneira","Tempo de lectura":"2 minutos"},"schema":{"@context":"https:\/\/schema.org","@graph":[{"@type":"Article","@id":"https:\/\/www.anovapeneira.gal\/index.php\/2020\/01\/06\/o-grupo-comun-da-esquerda-critica-que-feijoo-segue-mais-preocupado-polo-que-pasa-no-estado-que-por-gobernar-galicia\/#article","isPartOf":{"@id":"https:\/\/www.anovapeneira.gal\/index.php\/2020\/01\/06\/o-grupo-comun-da-esquerda-critica-que-feijoo-segue-mais-preocupado-polo-que-pasa-no-estado-que-por-gobernar-galicia\/"},"author":{"name":"Redacci\u00f3n A Nova Peneira","@id":"https:\/\/www.anovapeneira.gal\/#\/schema\/person\/b93e3f8932e3f8da96334607eb6ac6aa"},"headline":"O Grupo Com\u00fan da Esquerda critica que Feij\u00f3o segue m\u00e1is preocupado polo que pasa no Estado que por gobernar Galicia","datePublished":"2020-01-06T11:00:23+00:00","mainEntityOfPage":{"@id":"https:\/\/www.anovapeneira.gal\/index.php\/2020\/01\/06\/o-grupo-comun-da-esquerda-critica-que-feijoo-segue-mais-preocupado-polo-que-pasa-no-estado-que-por-gobernar-galicia\/"},"wordCount":373,"commentCount":0,"publisher":{"@id":"https:\/\/www.anovapeneira.gal\/#organization"},"image":{"@id":"https:\/\/www.anovapeneira.gal\/index.php\/2020\/01\/06\/o-grupo-comun-da-esquerda-critica-que-feijoo-segue-mais-preocupado-polo-que-pasa-no-estado-que-por-gobernar-galicia\/#primaryimage"},"thumbnailUrl":"https:\/\/www.anovapeneira.gal\/wp-content\/uploads\/2020\/01\/luca_chao_a_nova_peneira.jpg","keywords":["Grupo Com\u00fan da Esquerda","Pol\u00edtica"],"articleSection":["Novas"],"inLanguage":"gl-ES","potentialAction":[{"@type":"CommentAction","name":"Comment","target":["https:\/\/www.anovapeneira.gal\/index.php\/2020\/01\/06\/o-grupo-comun-da-esquerda-critica-que-feijoo-segue-mais-preocupado-polo-que-pasa-no-estado-que-por-gobernar-galicia\/#respond"]}]},{"@type":"WebPage","@id":"https:\/\/www.anovapeneira.gal\/index.php\/2020\/01\/06\/o-grupo-comun-da-esquerda-critica-que-feijoo-segue-mais-preocupado-polo-que-pasa-no-estado-que-por-gobernar-galicia\/","url":"https:\/\/www.anovapeneira.gal\/index.php\/2020\/01\/06\/o-grupo-comun-da-esquerda-critica-que-feijoo-segue-mais-preocupado-polo-que-pasa-no-estado-que-por-gobernar-galicia\/","name":"O Grupo Com\u00fan da Esquerda critica que Feij\u00f3o segue m\u00e1is preocupado polo que pasa no Estado que por gobernar Galicia -","isPartOf":{"@id":"https:\/\/www.anovapeneira.gal\/#website"},"primaryImageOfPage":{"@id":"https:\/\/www.anovapeneira.gal\/index.php\/2020\/01\/06\/o-grupo-comun-da-esquerda-critica-que-feijoo-segue-mais-preocupado-polo-que-pasa-no-estado-que-por-gobernar-galicia\/#primaryimage"},"image":{"@id":"https:\/\/www.anovapeneira.gal\/index.php\/2020\/01\/06\/o-grupo-comun-da-esquerda-critica-que-feijoo-segue-mais-preocupado-polo-que-pasa-no-estado-que-por-gobernar-galicia\/#primaryimage"},"thumbnailUrl":"https:\/\/www.anovapeneira.gal\/wp-content\/uploads\/2020\/01\/luca_chao_a_nova_peneira.jpg","datePublished":"2020-01-06T11:00:23+00:00","breadcrumb":{"@id":"https:\/\/www.anovapeneira.gal\/index.php\/2020\/01\/06\/o-grupo-comun-da-esquerda-critica-que-feijoo-segue-mais-preocupado-polo-que-pasa-no-estado-que-por-gobernar-galicia\/#breadcrumb"},"inLanguage":"gl-ES","potentialAction":[{"@type":"ReadAction","target":["https:\/\/www.anovapeneira.gal\/index.php\/2020\/01\/06\/o-grupo-comun-da-esquerda-critica-que-feijoo-segue-mais-preocupado-polo-que-pasa-no-estado-que-por-gobernar-galicia\/"]}]},{"@type":"ImageObject","inLanguage":"gl-ES","@id":"https:\/\/www.anovapeneira.gal\/index.php\/2020\/01\/06\/o-grupo-comun-da-esquerda-critica-que-feijoo-segue-mais-preocupado-polo-que-pasa-no-estado-que-por-gobernar-galicia\/#primaryimage","url":"https:\/\/www.anovapeneira.gal\/wp-content\/uploads\/2020\/01\/luca_chao_a_nova_peneira.jpg","contentUrl":"https:\/\/www.anovapeneira.gal\/wp-content\/uploads\/2020\/01\/luca_chao_a_nova_peneira.jpg","width":720,"height":432,"caption":"Luca Chao no Parlamento"},{"@type":"BreadcrumbList","@id":"https:\/\/www.anovapeneira.gal\/index.php\/2020\/01\/06\/o-grupo-comun-da-esquerda-critica-que-feijoo-segue-mais-preocupado-polo-que-pasa-no-estado-que-por-gobernar-galicia\/#breadcrumb","itemListElement":[{"@type":"ListItem","position":1,"name":"Portada","item":"https:\/\/www.anovapeneira.gal\/"},{"@type":"ListItem","position":2,"name":"O Grupo Com\u00fan da Esquerda critica que Feij\u00f3o segue m\u00e1is preocupado polo que pasa no Estado que por gobernar Galicia"}]},{"@type":"WebSite","@id":"https:\/\/www.anovapeneira.gal\/#website","url":"https:\/\/www.anovapeneira.gal\/","name":"","description":"Xornal galego de informaci\u00f3n xeral Publicaci\u00f3n mensual de novas de Galicia e en especial dos Concellos da sur da provincia de Pontevedra.","publisher":{"@id":"https:\/\/www.anovapeneira.gal\/#organization"},"potentialAction":[{"@type":"SearchAction","target":{"@type":"EntryPoint","urlTemplate":"https:\/\/www.anovapeneira.gal\/?s={search_term_string}"},"query-input":{"@type":"PropertyValueSpecification","valueRequired":true,"valueName":"search_term_string"}}],"inLanguage":"gl-ES"},{"@type":"Organization","@id":"https:\/\/www.anovapeneira.gal\/#organization","name":"A Nova Peneira","url":"https:\/\/www.anovapeneira.gal\/","logo":{"@type":"ImageObject","inLanguage":"gl-ES","@id":"https:\/\/www.anovapeneira.gal\/#\/schema\/logo\/image\/","url":"http:\/\/www.anovapeneira.gal\/wp-content\/uploads\/2019\/06\/logo_a_nova_peneira_portal_web.png","contentUrl":"http:\/\/www.anovapeneira.gal\/wp-content\/uploads\/2019\/06\/logo_a_nova_peneira_portal_web.png","width":300,"height":100,"caption":"A Nova Peneira"},"image":{"@id":"https:\/\/www.anovapeneira.gal\/#\/schema\/logo\/image\/"},"sameAs":["https:\/\/www.facebook.com\/anovapeneira","https:\/\/x.com\/APeneira"]},{"@type":"Person","@id":"https:\/\/www.anovapeneira.gal\/#\/schema\/person\/b93e3f8932e3f8da96334607eb6ac6aa","name":"Redacci\u00f3n A Nova Peneira","image":{"@type":"ImageObject","inLanguage":"gl-ES","@id":"https:\/\/secure.gravatar.com\/avatar\/c052a2551a06e23fac63626232eaa90abd78dbcf1700fc46a2b2c89fd27b735f?s=96&d=mm&r=g","url":"https:\/\/secure.gravatar.com\/avatar\/c052a2551a06e23fac63626232eaa90abd78dbcf1700fc46a2b2c89fd27b735f?s=96&d=mm&r=g","contentUrl":"https:\/\/secure.gravatar.com\/avatar\/c052a2551a06e23fac63626232eaa90abd78dbcf1700fc46a2b2c89fd27b735f?s=96&d=mm&r=g","caption":"Redacci\u00f3n A Nova Peneira"},"sameAs":["http:\/\/www.anovapeneira.gal\/"],"url":"https:\/\/www.anovapeneira.gal\/index.php\/author\/redactor\/"}]}},"jetpack_featured_media_url":"https:\/\/www.anovapeneira.gal\/wp-content\/uploads\/2020\/01\/luca_chao_a_nova_peneira.jpg","_links":{"self":[{"href":"https:\/\/www.anovapeneira.gal\/index.php\/wp-json\/wp\/v2\/posts\/2195","targetHints":{"allow":["GET"]}}],"collection":[{"href":"https:\/\/www.anovapeneira.gal\/index.php\/wp-json\/wp\/v2\/posts"}],"about":[{"href":"https:\/\/www.anovapeneira.gal\/index.php\/wp-json\/wp\/v2\/types\/post"}],"author":[{"embeddable":true,"href":"https:\/\/www.anovapeneira.gal\/index.php\/wp-json\/wp\/v2\/users\/3"}],"replies":[{"embeddable":true,"href":"https:\/\/www.anovapeneira.gal\/index.php\/wp-json\/wp\/v2\/comments?post=2195"}],"version-history":[{"count":1,"href":"https:\/\/www.anovapeneira.gal\/index.php\/wp-json\/wp\/v2\/posts\/2195\/revisions"}],"predecessor-version":[{"id":2197,"href":"https:\/\/www.anovapeneira.gal\/index.php\/wp-json\/wp\/v2\/posts\/2195\/revisions\/2197"}],"wp:featuredmedia":[{"embeddable":true,"href":"https:\/\/www.anovapeneira.gal\/index.php\/wp-json\/wp\/v2\/media\/2196"}],"wp:attachment":[{"href":"https:\/\/www.anovapeneira.gal\/index.php\/wp-json\/wp\/v2\/media?parent=2195"}],"wp:term":[{"taxonomy":"category","embeddable":true,"href":"https:\/\/www.anovapeneira.gal\/index.php\/wp-json\/wp\/v2\/categories?post=2195"},{"taxonomy":"post_tag","embeddable":true,"href":"https:\/\/www.anovapeneira.gal\/index.php\/wp-json\/wp\/v2\/tags?post=2195"}],"curies":[{"name":"wp","href":"https:\/\/api.w.org\/{rel}","templated":true}]}}