{"id":2207,"date":"2020-01-07T14:00:28","date_gmt":"2020-01-07T13:00:28","guid":{"rendered":"http:\/\/www.anovapeneira.gal\/?p=2207"},"modified":"2020-01-05T11:38:48","modified_gmt":"2020-01-05T10:38:48","slug":"o-concello-de-nigran-incluira-a-rehabilitacion-de-sete-lavadoiros-municipais-por-importe-de-129-000-e-no-plan-concellos-2020","status":"publish","type":"post","link":"https:\/\/www.anovapeneira.gal\/index.php\/2020\/01\/07\/o-concello-de-nigran-incluira-a-rehabilitacion-de-sete-lavadoiros-municipais-por-importe-de-129-000-e-no-plan-concellos-2020\/","title":{"rendered":"O Concello de Nigr\u00e1n incluir\u00e1 a rehabilitaci\u00f3n de sete lavadoiros municipais por importe de 129.000 \u20ac no plan concellos 2020"},"content":{"rendered":"\n<h2 class=\"wp-block-heading\"><strong>O proxecto, que foi informado no pleno de hoxe, contempla restaurar e por en valor lavadoiros de Camos, Parada, Priegue e Panx\u00f3n e substit\u00fae as actuais cubertas de formig\u00f3n por envolventes de madeira e tella<\/strong><\/h2>\n\n\n\n<h2 class=\"wp-block-heading\"><strong>O goberno de Nigr\u00e1n deu conta tam\u00e9n do proxecto aprobado para dotar de saneamento e restitu\u00edr o pavimento das r\u00faas Carreiro (Panx\u00f3n) e Carousa (Camos)<\/strong><\/h2>\n\n\n\n<p> <strong>Nigr\u00e1n , 16 de decembro de 2019<\/strong><\/p>\n\n\n\n<p>O goberno de Nigr\u00e1n deu conta no Pleno ordinario deste luns do proxecto aprobado en Xunta de Goberno para rehabilitar, conservar e consolidar sete lavadoiros municipais de Camos, Parada, Priegue e Panx\u00f3n cun orzamento base de 128.959 \u20ac, cuesti\u00f3n que se incluir\u00e1 no Plan Concellos 2020 e no orzamento 2020 e que se ir\u00e1 extendendo a todos os lavadoiros p\u00fablicos. A sesi\u00f3n, adiantada como cada mes de decembro por mor do Nadal, serv\u00edu para dar conta dos proxectos aprobados en Xunta de Goberno, facultade delegada polo propio Pleno no mes de outubro.  <\/p>\n\n\n\n<p>O obxectivo de rehabilitar os lavadoiros \u00e9 por en valor este patrimonio que, debido a engadidos moi posteriores a base de materias como formig\u00f3n ou bloques, presenta unha imaxe de conxunto desvirtuada e carente de interese.  <\/p>\n\n\n\n<p>&#8220;Interviremos naqueles lavadoiros que si son de titularidade municipal harmonizando a s\u00faa imaxe de conxunto para devolverlles o valor patrimonial e etnogr\u00e1fico que representan. Compre sinalar que, a\u00ednda que de xeito xa m\u00e1is anecd\u00f3tico, seguen a ser empregados polos veci\u00f1os&#8221;, indica o alcalde, Juan Gonz\u00e1lez.<\/p>\n\n\n\n<p>En concreto, o Concello intervir\u00e1 nos lavadoiros de A Cruz, Suapena e Rial (Camos), Cabaleiro (Parada), Mestra Em\u00e9rita e Albor\u00e9s Peque\u00f1o (Priegue) e San Xoan (Panx\u00f3n). O proxecto, asinado polo arquitecto nigran\u00e9s Severo Fern\u00e1ndez, contempla limpar e restaurar manualmente a canter\u00eda existente de todos eles (sen empregar m\u00e1quinas hidrolimpiadoras ) e eliminar e desmontar todos os elementos construtivos alleos ao lavadoiro orixinal. Asi, nos sete lavadoiros se eliminar\u00e1n as respectivas cubertas de formig\u00f3n e cimentos porque non son orixinais do conxunto e lles restan valor para, a s\u00faa vez, constru\u00edr novas cubertas a d\u00faas augas (ou segundo a situaci\u00f3n e tipolox\u00eda) que ser\u00e1n de tella curva sobre list\u00f3ns de pino e apoiadas sobre unha estrutura tam\u00e9n de madeira. Este cambio, que conta coa autorizaci\u00f3n de Patrimonio, crear\u00e1 unha envolvente m\u00e1is lixeira que contribuir\u00e1 a por en valor o propio lavadoiro.  <\/p>\n\n\n\n<p>Ademais, no caso dos que te\u00f1en actualmente plaquetas ou muretes de formig\u00f3n ou bloques, estes ser\u00e1n substitu\u00eddos por granito e se eliminar\u00e1n as pintadas ou graffitis se os hai, ademais de dotar a todas as contornas dos lavadoiros de puntos de luz.<\/p>\n\n\n\n<p>\n<strong>Saneamento<\/strong><\/p>\n\n\n\n<p>Ademais, o goberno tam\u00e9n deu conta do proxecto de obra aprobado en Xunta de Goberno para instalar saneamento na r\u00faa Carreiro (Panx\u00f3n) cun orzamento base de 90.547 \u20ac e que incl\u00fae a renovaci\u00f3n da estrada, en moi mal estado e, ao mesmo tempo, na r\u00faa Carousa (Camos) cun orzamento base de 51.084 \u20ac (tam\u00e9n saneamento e renovaci\u00f3n do pavimento).\u00a0 <\/p>\n","protected":false},"excerpt":{"rendered":"<div class=\"mh-excerpt\"><p>O proxecto, que foi informado no pleno de hoxe, contempla restaurar e por en valor lavadoiros de Camos, Parada, Priegue e Panx\u00f3n <a class=\"mh-excerpt-more\" href=\"https:\/\/www.anovapeneira.gal\/index.php\/2020\/01\/07\/o-concello-de-nigran-incluira-a-rehabilitacion-de-sete-lavadoiros-municipais-por-importe-de-129-000-e-no-plan-concellos-2020\/\" title=\"O Concello de Nigr\u00e1n incluir\u00e1 a rehabilitaci\u00f3n de sete lavadoiros municipais por importe de 129.000 \u20ac no plan concellos 2020\">[&#8230;]<\/a><\/p>\n<\/div>","protected":false},"author":3,"featured_media":2208,"comment_status":"open","ping_status":"open","sticky":false,"template":"","format":"standard","meta":{"_exactmetrics_skip_tracking":false,"_exactmetrics_sitenote_active":false,"_exactmetrics_sitenote_note":"","_exactmetrics_sitenote_category":0,"footnotes":""},"categories":[20],"tags":[135,312],"class_list":{"0":"post-2207","1":"post","2":"type-post","3":"status-publish","4":"format-standard","5":"has-post-thumbnail","7":"category-val-minor","8":"tag-concello-de-nigran","9":"tag-patrimonio"},"yoast_head":"<!-- This site is optimized with the Yoast SEO plugin v27.4 - https:\/\/yoast.com\/product\/yoast-seo-wordpress\/ -->\n<title>O Concello de Nigr\u00e1n incluir\u00e1 a rehabilitaci\u00f3n de sete lavadoiros municipais por importe de 129.000 \u20ac no plan concellos 2020 -<\/title>\n<meta name=\"robots\" content=\"index, follow, max-snippet:-1, max-image-preview:large, max-video-preview:-1\" \/>\n<link rel=\"canonical\" href=\"https:\/\/www.anovapeneira.gal\/index.php\/2020\/01\/07\/o-concello-de-nigran-incluira-a-rehabilitacion-de-sete-lavadoiros-municipais-por-importe-de-129-000-e-no-plan-concellos-2020\/\" \/>\n<meta property=\"og:locale\" content=\"gl_ES\" \/>\n<meta property=\"og:type\" content=\"article\" \/>\n<meta property=\"og:title\" content=\"O Concello de Nigr\u00e1n incluir\u00e1 a rehabilitaci\u00f3n de sete lavadoiros municipais por importe de 129.000 \u20ac no plan concellos 2020 -\" \/>\n<meta property=\"og:description\" content=\"O proxecto, que foi informado no pleno de hoxe, contempla restaurar e por en valor lavadoiros de Camos, Parada, Priegue e Panx\u00f3n [...]\" \/>\n<meta property=\"og:url\" content=\"https:\/\/www.anovapeneira.gal\/index.php\/2020\/01\/07\/o-concello-de-nigran-incluira-a-rehabilitacion-de-sete-lavadoiros-municipais-por-importe-de-129-000-e-no-plan-concellos-2020\/\" \/>\n<meta property=\"article:publisher\" content=\"https:\/\/www.facebook.com\/anovapeneira\" \/>\n<meta property=\"article:published_time\" content=\"2020-01-07T13:00:28+00:00\" \/>\n<meta property=\"og:image\" content=\"https:\/\/www.anovapeneira.gal\/wp-content\/uploads\/2020\/01\/nigran_2_lavadoiros_a_nova_peneira.jpg\" \/>\n\t<meta property=\"og:image:width\" content=\"720\" \/>\n\t<meta property=\"og:image:height\" content=\"432\" \/>\n\t<meta property=\"og:image:type\" content=\"image\/jpeg\" \/>\n<meta name=\"author\" content=\"Redacci\u00f3n A Nova Peneira\" \/>\n<meta name=\"twitter:card\" content=\"summary_large_image\" \/>\n<meta name=\"twitter:creator\" content=\"@APeneira\" \/>\n<meta name=\"twitter:site\" content=\"@APeneira\" \/>\n<meta name=\"twitter:label1\" content=\"Escrito por\" \/>\n\t<meta name=\"twitter:data1\" content=\"Redacci\u00f3n A Nova Peneira\" \/>\n\t<meta name=\"twitter:label2\" content=\"Tempo de lectura\" \/>\n\t<meta name=\"twitter:data2\" content=\"3 minutos\" \/>\n<script type=\"application\/ld+json\" class=\"yoast-schema-graph\">{\"@context\":\"https:\\\/\\\/schema.org\",\"@graph\":[{\"@type\":\"Article\",\"@id\":\"https:\\\/\\\/www.anovapeneira.gal\\\/index.php\\\/2020\\\/01\\\/07\\\/o-concello-de-nigran-incluira-a-rehabilitacion-de-sete-lavadoiros-municipais-por-importe-de-129-000-e-no-plan-concellos-2020\\\/#article\",\"isPartOf\":{\"@id\":\"https:\\\/\\\/www.anovapeneira.gal\\\/index.php\\\/2020\\\/01\\\/07\\\/o-concello-de-nigran-incluira-a-rehabilitacion-de-sete-lavadoiros-municipais-por-importe-de-129-000-e-no-plan-concellos-2020\\\/\"},\"author\":{\"name\":\"Redacci\u00f3n A Nova Peneira\",\"@id\":\"https:\\\/\\\/www.anovapeneira.gal\\\/#\\\/schema\\\/person\\\/b93e3f8932e3f8da96334607eb6ac6aa\"},\"headline\":\"O Concello de Nigr\u00e1n incluir\u00e1 a rehabilitaci\u00f3n de sete lavadoiros municipais por importe de 129.000 \u20ac no plan concellos 2020\",\"datePublished\":\"2020-01-07T13:00:28+00:00\",\"mainEntityOfPage\":{\"@id\":\"https:\\\/\\\/www.anovapeneira.gal\\\/index.php\\\/2020\\\/01\\\/07\\\/o-concello-de-nigran-incluira-a-rehabilitacion-de-sete-lavadoiros-municipais-por-importe-de-129-000-e-no-plan-concellos-2020\\\/\"},\"wordCount\":544,\"commentCount\":0,\"publisher\":{\"@id\":\"https:\\\/\\\/www.anovapeneira.gal\\\/#organization\"},\"image\":{\"@id\":\"https:\\\/\\\/www.anovapeneira.gal\\\/index.php\\\/2020\\\/01\\\/07\\\/o-concello-de-nigran-incluira-a-rehabilitacion-de-sete-lavadoiros-municipais-por-importe-de-129-000-e-no-plan-concellos-2020\\\/#primaryimage\"},\"thumbnailUrl\":\"https:\\\/\\\/www.anovapeneira.gal\\\/wp-content\\\/uploads\\\/2020\\\/01\\\/nigran_2_lavadoiros_a_nova_peneira.jpg\",\"keywords\":[\"Concello de Nigr\u00e1n\",\"Patrimonio\"],\"articleSection\":[\"Val Mi\u00f1or\"],\"inLanguage\":\"gl-ES\",\"potentialAction\":[{\"@type\":\"CommentAction\",\"name\":\"Comment\",\"target\":[\"https:\\\/\\\/www.anovapeneira.gal\\\/index.php\\\/2020\\\/01\\\/07\\\/o-concello-de-nigran-incluira-a-rehabilitacion-de-sete-lavadoiros-municipais-por-importe-de-129-000-e-no-plan-concellos-2020\\\/#respond\"]}]},{\"@type\":\"WebPage\",\"@id\":\"https:\\\/\\\/www.anovapeneira.gal\\\/index.php\\\/2020\\\/01\\\/07\\\/o-concello-de-nigran-incluira-a-rehabilitacion-de-sete-lavadoiros-municipais-por-importe-de-129-000-e-no-plan-concellos-2020\\\/\",\"url\":\"https:\\\/\\\/www.anovapeneira.gal\\\/index.php\\\/2020\\\/01\\\/07\\\/o-concello-de-nigran-incluira-a-rehabilitacion-de-sete-lavadoiros-municipais-por-importe-de-129-000-e-no-plan-concellos-2020\\\/\",\"name\":\"O Concello de Nigr\u00e1n incluir\u00e1 a rehabilitaci\u00f3n de sete lavadoiros municipais por importe de 129.000 \u20ac no plan concellos 2020 -\",\"isPartOf\":{\"@id\":\"https:\\\/\\\/www.anovapeneira.gal\\\/#website\"},\"primaryImageOfPage\":{\"@id\":\"https:\\\/\\\/www.anovapeneira.gal\\\/index.php\\\/2020\\\/01\\\/07\\\/o-concello-de-nigran-incluira-a-rehabilitacion-de-sete-lavadoiros-municipais-por-importe-de-129-000-e-no-plan-concellos-2020\\\/#primaryimage\"},\"image\":{\"@id\":\"https:\\\/\\\/www.anovapeneira.gal\\\/index.php\\\/2020\\\/01\\\/07\\\/o-concello-de-nigran-incluira-a-rehabilitacion-de-sete-lavadoiros-municipais-por-importe-de-129-000-e-no-plan-concellos-2020\\\/#primaryimage\"},\"thumbnailUrl\":\"https:\\\/\\\/www.anovapeneira.gal\\\/wp-content\\\/uploads\\\/2020\\\/01\\\/nigran_2_lavadoiros_a_nova_peneira.jpg\",\"datePublished\":\"2020-01-07T13:00:28+00:00\",\"breadcrumb\":{\"@id\":\"https:\\\/\\\/www.anovapeneira.gal\\\/index.php\\\/2020\\\/01\\\/07\\\/o-concello-de-nigran-incluira-a-rehabilitacion-de-sete-lavadoiros-municipais-por-importe-de-129-000-e-no-plan-concellos-2020\\\/#breadcrumb\"},\"inLanguage\":\"gl-ES\",\"potentialAction\":[{\"@type\":\"ReadAction\",\"target\":[\"https:\\\/\\\/www.anovapeneira.gal\\\/index.php\\\/2020\\\/01\\\/07\\\/o-concello-de-nigran-incluira-a-rehabilitacion-de-sete-lavadoiros-municipais-por-importe-de-129-000-e-no-plan-concellos-2020\\\/\"]}]},{\"@type\":\"ImageObject\",\"inLanguage\":\"gl-ES\",\"@id\":\"https:\\\/\\\/www.anovapeneira.gal\\\/index.php\\\/2020\\\/01\\\/07\\\/o-concello-de-nigran-incluira-a-rehabilitacion-de-sete-lavadoiros-municipais-por-importe-de-129-000-e-no-plan-concellos-2020\\\/#primaryimage\",\"url\":\"https:\\\/\\\/www.anovapeneira.gal\\\/wp-content\\\/uploads\\\/2020\\\/01\\\/nigran_2_lavadoiros_a_nova_peneira.jpg\",\"contentUrl\":\"https:\\\/\\\/www.anovapeneira.gal\\\/wp-content\\\/uploads\\\/2020\\\/01\\\/nigran_2_lavadoiros_a_nova_peneira.jpg\",\"width\":720,\"height\":432,\"caption\":\"Lavadoiro Concello de Nigr\u00e1n A Nova Peneira\"},{\"@type\":\"BreadcrumbList\",\"@id\":\"https:\\\/\\\/www.anovapeneira.gal\\\/index.php\\\/2020\\\/01\\\/07\\\/o-concello-de-nigran-incluira-a-rehabilitacion-de-sete-lavadoiros-municipais-por-importe-de-129-000-e-no-plan-concellos-2020\\\/#breadcrumb\",\"itemListElement\":[{\"@type\":\"ListItem\",\"position\":1,\"name\":\"Portada\",\"item\":\"https:\\\/\\\/www.anovapeneira.gal\\\/\"},{\"@type\":\"ListItem\",\"position\":2,\"name\":\"O Concello de Nigr\u00e1n incluir\u00e1 a rehabilitaci\u00f3n de sete lavadoiros municipais por importe de 129.000 \u20ac no plan concellos 2020\"}]},{\"@type\":\"WebSite\",\"@id\":\"https:\\\/\\\/www.anovapeneira.gal\\\/#website\",\"url\":\"https:\\\/\\\/www.anovapeneira.gal\\\/\",\"name\":\"\",\"description\":\"Xornal galego de informaci\u00f3n xeral Publicaci\u00f3n mensual de novas de Galicia e en especial dos Concellos da sur da provincia de Pontevedra.\",\"publisher\":{\"@id\":\"https:\\\/\\\/www.anovapeneira.gal\\\/#organization\"},\"potentialAction\":[{\"@type\":\"SearchAction\",\"target\":{\"@type\":\"EntryPoint\",\"urlTemplate\":\"https:\\\/\\\/www.anovapeneira.gal\\\/?s={search_term_string}\"},\"query-input\":{\"@type\":\"PropertyValueSpecification\",\"valueRequired\":true,\"valueName\":\"search_term_string\"}}],\"inLanguage\":\"gl-ES\"},{\"@type\":\"Organization\",\"@id\":\"https:\\\/\\\/www.anovapeneira.gal\\\/#organization\",\"name\":\"A Nova Peneira\",\"url\":\"https:\\\/\\\/www.anovapeneira.gal\\\/\",\"logo\":{\"@type\":\"ImageObject\",\"inLanguage\":\"gl-ES\",\"@id\":\"https:\\\/\\\/www.anovapeneira.gal\\\/#\\\/schema\\\/logo\\\/image\\\/\",\"url\":\"http:\\\/\\\/www.anovapeneira.gal\\\/wp-content\\\/uploads\\\/2019\\\/06\\\/logo_a_nova_peneira_portal_web.png\",\"contentUrl\":\"http:\\\/\\\/www.anovapeneira.gal\\\/wp-content\\\/uploads\\\/2019\\\/06\\\/logo_a_nova_peneira_portal_web.png\",\"width\":300,\"height\":100,\"caption\":\"A Nova Peneira\"},\"image\":{\"@id\":\"https:\\\/\\\/www.anovapeneira.gal\\\/#\\\/schema\\\/logo\\\/image\\\/\"},\"sameAs\":[\"https:\\\/\\\/www.facebook.com\\\/anovapeneira\",\"https:\\\/\\\/x.com\\\/APeneira\"]},{\"@type\":\"Person\",\"@id\":\"https:\\\/\\\/www.anovapeneira.gal\\\/#\\\/schema\\\/person\\\/b93e3f8932e3f8da96334607eb6ac6aa\",\"name\":\"Redacci\u00f3n A Nova Peneira\",\"image\":{\"@type\":\"ImageObject\",\"inLanguage\":\"gl-ES\",\"@id\":\"https:\\\/\\\/secure.gravatar.com\\\/avatar\\\/c052a2551a06e23fac63626232eaa90abd78dbcf1700fc46a2b2c89fd27b735f?s=96&d=mm&r=g\",\"url\":\"https:\\\/\\\/secure.gravatar.com\\\/avatar\\\/c052a2551a06e23fac63626232eaa90abd78dbcf1700fc46a2b2c89fd27b735f?s=96&d=mm&r=g\",\"contentUrl\":\"https:\\\/\\\/secure.gravatar.com\\\/avatar\\\/c052a2551a06e23fac63626232eaa90abd78dbcf1700fc46a2b2c89fd27b735f?s=96&d=mm&r=g\",\"caption\":\"Redacci\u00f3n A Nova Peneira\"},\"sameAs\":[\"http:\\\/\\\/www.anovapeneira.gal\\\/\"],\"url\":\"https:\\\/\\\/www.anovapeneira.gal\\\/index.php\\\/author\\\/redactor\\\/\"}]}<\/script>\n<!-- \/ Yoast SEO plugin. -->","yoast_head_json":{"title":"O Concello de Nigr\u00e1n incluir\u00e1 a rehabilitaci\u00f3n de sete lavadoiros municipais por importe de 129.000 \u20ac no plan concellos 2020 -","robots":{"index":"index","follow":"follow","max-snippet":"max-snippet:-1","max-image-preview":"max-image-preview:large","max-video-preview":"max-video-preview:-1"},"canonical":"https:\/\/www.anovapeneira.gal\/index.php\/2020\/01\/07\/o-concello-de-nigran-incluira-a-rehabilitacion-de-sete-lavadoiros-municipais-por-importe-de-129-000-e-no-plan-concellos-2020\/","og_locale":"gl_ES","og_type":"article","og_title":"O Concello de Nigr\u00e1n incluir\u00e1 a rehabilitaci\u00f3n de sete lavadoiros municipais por importe de 129.000 \u20ac no plan concellos 2020 -","og_description":"O proxecto, que foi informado no pleno de hoxe, contempla restaurar e por en valor lavadoiros de Camos, Parada, Priegue e Panx\u00f3n [...]","og_url":"https:\/\/www.anovapeneira.gal\/index.php\/2020\/01\/07\/o-concello-de-nigran-incluira-a-rehabilitacion-de-sete-lavadoiros-municipais-por-importe-de-129-000-e-no-plan-concellos-2020\/","article_publisher":"https:\/\/www.facebook.com\/anovapeneira","article_published_time":"2020-01-07T13:00:28+00:00","og_image":[{"width":720,"height":432,"url":"https:\/\/www.anovapeneira.gal\/wp-content\/uploads\/2020\/01\/nigran_2_lavadoiros_a_nova_peneira.jpg","type":"image\/jpeg"}],"author":"Redacci\u00f3n A Nova Peneira","twitter_card":"summary_large_image","twitter_creator":"@APeneira","twitter_site":"@APeneira","twitter_misc":{"Escrito por":"Redacci\u00f3n A Nova Peneira","Tempo de lectura":"3 minutos"},"schema":{"@context":"https:\/\/schema.org","@graph":[{"@type":"Article","@id":"https:\/\/www.anovapeneira.gal\/index.php\/2020\/01\/07\/o-concello-de-nigran-incluira-a-rehabilitacion-de-sete-lavadoiros-municipais-por-importe-de-129-000-e-no-plan-concellos-2020\/#article","isPartOf":{"@id":"https:\/\/www.anovapeneira.gal\/index.php\/2020\/01\/07\/o-concello-de-nigran-incluira-a-rehabilitacion-de-sete-lavadoiros-municipais-por-importe-de-129-000-e-no-plan-concellos-2020\/"},"author":{"name":"Redacci\u00f3n A Nova Peneira","@id":"https:\/\/www.anovapeneira.gal\/#\/schema\/person\/b93e3f8932e3f8da96334607eb6ac6aa"},"headline":"O Concello de Nigr\u00e1n incluir\u00e1 a rehabilitaci\u00f3n de sete lavadoiros municipais por importe de 129.000 \u20ac no plan concellos 2020","datePublished":"2020-01-07T13:00:28+00:00","mainEntityOfPage":{"@id":"https:\/\/www.anovapeneira.gal\/index.php\/2020\/01\/07\/o-concello-de-nigran-incluira-a-rehabilitacion-de-sete-lavadoiros-municipais-por-importe-de-129-000-e-no-plan-concellos-2020\/"},"wordCount":544,"commentCount":0,"publisher":{"@id":"https:\/\/www.anovapeneira.gal\/#organization"},"image":{"@id":"https:\/\/www.anovapeneira.gal\/index.php\/2020\/01\/07\/o-concello-de-nigran-incluira-a-rehabilitacion-de-sete-lavadoiros-municipais-por-importe-de-129-000-e-no-plan-concellos-2020\/#primaryimage"},"thumbnailUrl":"https:\/\/www.anovapeneira.gal\/wp-content\/uploads\/2020\/01\/nigran_2_lavadoiros_a_nova_peneira.jpg","keywords":["Concello de Nigr\u00e1n","Patrimonio"],"articleSection":["Val Mi\u00f1or"],"inLanguage":"gl-ES","potentialAction":[{"@type":"CommentAction","name":"Comment","target":["https:\/\/www.anovapeneira.gal\/index.php\/2020\/01\/07\/o-concello-de-nigran-incluira-a-rehabilitacion-de-sete-lavadoiros-municipais-por-importe-de-129-000-e-no-plan-concellos-2020\/#respond"]}]},{"@type":"WebPage","@id":"https:\/\/www.anovapeneira.gal\/index.php\/2020\/01\/07\/o-concello-de-nigran-incluira-a-rehabilitacion-de-sete-lavadoiros-municipais-por-importe-de-129-000-e-no-plan-concellos-2020\/","url":"https:\/\/www.anovapeneira.gal\/index.php\/2020\/01\/07\/o-concello-de-nigran-incluira-a-rehabilitacion-de-sete-lavadoiros-municipais-por-importe-de-129-000-e-no-plan-concellos-2020\/","name":"O Concello de Nigr\u00e1n incluir\u00e1 a rehabilitaci\u00f3n de sete lavadoiros municipais por importe de 129.000 \u20ac no plan concellos 2020 -","isPartOf":{"@id":"https:\/\/www.anovapeneira.gal\/#website"},"primaryImageOfPage":{"@id":"https:\/\/www.anovapeneira.gal\/index.php\/2020\/01\/07\/o-concello-de-nigran-incluira-a-rehabilitacion-de-sete-lavadoiros-municipais-por-importe-de-129-000-e-no-plan-concellos-2020\/#primaryimage"},"image":{"@id":"https:\/\/www.anovapeneira.gal\/index.php\/2020\/01\/07\/o-concello-de-nigran-incluira-a-rehabilitacion-de-sete-lavadoiros-municipais-por-importe-de-129-000-e-no-plan-concellos-2020\/#primaryimage"},"thumbnailUrl":"https:\/\/www.anovapeneira.gal\/wp-content\/uploads\/2020\/01\/nigran_2_lavadoiros_a_nova_peneira.jpg","datePublished":"2020-01-07T13:00:28+00:00","breadcrumb":{"@id":"https:\/\/www.anovapeneira.gal\/index.php\/2020\/01\/07\/o-concello-de-nigran-incluira-a-rehabilitacion-de-sete-lavadoiros-municipais-por-importe-de-129-000-e-no-plan-concellos-2020\/#breadcrumb"},"inLanguage":"gl-ES","potentialAction":[{"@type":"ReadAction","target":["https:\/\/www.anovapeneira.gal\/index.php\/2020\/01\/07\/o-concello-de-nigran-incluira-a-rehabilitacion-de-sete-lavadoiros-municipais-por-importe-de-129-000-e-no-plan-concellos-2020\/"]}]},{"@type":"ImageObject","inLanguage":"gl-ES","@id":"https:\/\/www.anovapeneira.gal\/index.php\/2020\/01\/07\/o-concello-de-nigran-incluira-a-rehabilitacion-de-sete-lavadoiros-municipais-por-importe-de-129-000-e-no-plan-concellos-2020\/#primaryimage","url":"https:\/\/www.anovapeneira.gal\/wp-content\/uploads\/2020\/01\/nigran_2_lavadoiros_a_nova_peneira.jpg","contentUrl":"https:\/\/www.anovapeneira.gal\/wp-content\/uploads\/2020\/01\/nigran_2_lavadoiros_a_nova_peneira.jpg","width":720,"height":432,"caption":"Lavadoiro Concello de Nigr\u00e1n A Nova Peneira"},{"@type":"BreadcrumbList","@id":"https:\/\/www.anovapeneira.gal\/index.php\/2020\/01\/07\/o-concello-de-nigran-incluira-a-rehabilitacion-de-sete-lavadoiros-municipais-por-importe-de-129-000-e-no-plan-concellos-2020\/#breadcrumb","itemListElement":[{"@type":"ListItem","position":1,"name":"Portada","item":"https:\/\/www.anovapeneira.gal\/"},{"@type":"ListItem","position":2,"name":"O Concello de Nigr\u00e1n incluir\u00e1 a rehabilitaci\u00f3n de sete lavadoiros municipais por importe de 129.000 \u20ac no plan concellos 2020"}]},{"@type":"WebSite","@id":"https:\/\/www.anovapeneira.gal\/#website","url":"https:\/\/www.anovapeneira.gal\/","name":"","description":"Xornal galego de informaci\u00f3n xeral Publicaci\u00f3n mensual de novas de Galicia e en especial dos Concellos da sur da provincia de Pontevedra.","publisher":{"@id":"https:\/\/www.anovapeneira.gal\/#organization"},"potentialAction":[{"@type":"SearchAction","target":{"@type":"EntryPoint","urlTemplate":"https:\/\/www.anovapeneira.gal\/?s={search_term_string}"},"query-input":{"@type":"PropertyValueSpecification","valueRequired":true,"valueName":"search_term_string"}}],"inLanguage":"gl-ES"},{"@type":"Organization","@id":"https:\/\/www.anovapeneira.gal\/#organization","name":"A Nova Peneira","url":"https:\/\/www.anovapeneira.gal\/","logo":{"@type":"ImageObject","inLanguage":"gl-ES","@id":"https:\/\/www.anovapeneira.gal\/#\/schema\/logo\/image\/","url":"http:\/\/www.anovapeneira.gal\/wp-content\/uploads\/2019\/06\/logo_a_nova_peneira_portal_web.png","contentUrl":"http:\/\/www.anovapeneira.gal\/wp-content\/uploads\/2019\/06\/logo_a_nova_peneira_portal_web.png","width":300,"height":100,"caption":"A Nova Peneira"},"image":{"@id":"https:\/\/www.anovapeneira.gal\/#\/schema\/logo\/image\/"},"sameAs":["https:\/\/www.facebook.com\/anovapeneira","https:\/\/x.com\/APeneira"]},{"@type":"Person","@id":"https:\/\/www.anovapeneira.gal\/#\/schema\/person\/b93e3f8932e3f8da96334607eb6ac6aa","name":"Redacci\u00f3n A Nova Peneira","image":{"@type":"ImageObject","inLanguage":"gl-ES","@id":"https:\/\/secure.gravatar.com\/avatar\/c052a2551a06e23fac63626232eaa90abd78dbcf1700fc46a2b2c89fd27b735f?s=96&d=mm&r=g","url":"https:\/\/secure.gravatar.com\/avatar\/c052a2551a06e23fac63626232eaa90abd78dbcf1700fc46a2b2c89fd27b735f?s=96&d=mm&r=g","contentUrl":"https:\/\/secure.gravatar.com\/avatar\/c052a2551a06e23fac63626232eaa90abd78dbcf1700fc46a2b2c89fd27b735f?s=96&d=mm&r=g","caption":"Redacci\u00f3n A Nova Peneira"},"sameAs":["http:\/\/www.anovapeneira.gal\/"],"url":"https:\/\/www.anovapeneira.gal\/index.php\/author\/redactor\/"}]}},"jetpack_featured_media_url":"https:\/\/www.anovapeneira.gal\/wp-content\/uploads\/2020\/01\/nigran_2_lavadoiros_a_nova_peneira.jpg","_links":{"self":[{"href":"https:\/\/www.anovapeneira.gal\/index.php\/wp-json\/wp\/v2\/posts\/2207","targetHints":{"allow":["GET"]}}],"collection":[{"href":"https:\/\/www.anovapeneira.gal\/index.php\/wp-json\/wp\/v2\/posts"}],"about":[{"href":"https:\/\/www.anovapeneira.gal\/index.php\/wp-json\/wp\/v2\/types\/post"}],"author":[{"embeddable":true,"href":"https:\/\/www.anovapeneira.gal\/index.php\/wp-json\/wp\/v2\/users\/3"}],"replies":[{"embeddable":true,"href":"https:\/\/www.anovapeneira.gal\/index.php\/wp-json\/wp\/v2\/comments?post=2207"}],"version-history":[{"count":1,"href":"https:\/\/www.anovapeneira.gal\/index.php\/wp-json\/wp\/v2\/posts\/2207\/revisions"}],"predecessor-version":[{"id":2209,"href":"https:\/\/www.anovapeneira.gal\/index.php\/wp-json\/wp\/v2\/posts\/2207\/revisions\/2209"}],"wp:featuredmedia":[{"embeddable":true,"href":"https:\/\/www.anovapeneira.gal\/index.php\/wp-json\/wp\/v2\/media\/2208"}],"wp:attachment":[{"href":"https:\/\/www.anovapeneira.gal\/index.php\/wp-json\/wp\/v2\/media?parent=2207"}],"wp:term":[{"taxonomy":"category","embeddable":true,"href":"https:\/\/www.anovapeneira.gal\/index.php\/wp-json\/wp\/v2\/categories?post=2207"},{"taxonomy":"post_tag","embeddable":true,"href":"https:\/\/www.anovapeneira.gal\/index.php\/wp-json\/wp\/v2\/tags?post=2207"}],"curies":[{"name":"wp","href":"https:\/\/api.w.org\/{rel}","templated":true}]}}