{"id":2210,"date":"2020-01-08T10:00:11","date_gmt":"2020-01-08T09:00:11","guid":{"rendered":"http:\/\/www.anovapeneira.gal\/?p=2210"},"modified":"2020-01-05T11:45:36","modified_gmt":"2020-01-05T10:45:36","slug":"xabier-p-igrexas-no-2020-o-concello-de-vigo-ten-que-pasar-da-politica-do-autobombo-a-atender-as-necesidades-reais-da-cidade","status":"publish","type":"post","link":"https:\/\/www.anovapeneira.gal\/index.php\/2020\/01\/08\/xabier-p-igrexas-no-2020-o-concello-de-vigo-ten-que-pasar-da-politica-do-autobombo-a-atender-as-necesidades-reais-da-cidade\/","title":{"rendered":"Xabier P. Igrexas: \u201cNo 2020 o Concello de Vigo ten que pasar da pol\u00edtica do autobombo a atender as necesidades reais da cidade\u201d"},"content":{"rendered":"\n<h2 class=\"wp-block-heading\">O\nconcelleiro do BNG en Vigo chama a dedicar m\u00e1is medios e esforzos\npara facer fronte \u00e1 situaci\u00f3n de emerxencia social da cidade,\napostar por unha mobilidade sustent\u00e1bel e moderna, reverter a\ndesertizaci\u00f3n cultural, redobrar os esforzos para despregar\npol\u00edticas radicalmente feministas e m\u00e1is participaci\u00f3n e di\u00e1logo.<\/h2>\n\n\n\n<h2 class=\"wp-block-heading\">\u201cO mellor que lle pode pasar a  Vigo e a Galiza \u00e9 desaloxar a Alberto N\u00fa\u00f1ez Feix\u00f3o da Xunta\u201d, defenden desde a fronte nacionalista, denunciando o \u201cabandono deliberado\u201d que o Partido Popular aplica contra a principal cidade galega.  <\/h2>\n\n\n\n<p><strong>Vigo, 31 de decembro de 2019<\/strong><\/p>\n\n\n\n<p>O\nBNG en troca de realizar un balanzo do ano que fecha quixo facer un\n\u201cchamado en positivo\u201d de cara ao 2020. Destarte, o concelleiro do\nBloque na cidade ol\u00edvica, Xabier P. Igrexas, resumiu os prop\u00f3sitos\ncos que a fronte nacionalista encara o ano na necesidade de que a\npol\u00edtica municipal pase \u201cdo autombombo permanente a atender as\nnecesidades reais das viguesas e dos vigueses\u201d. Igrexas, tam\u00e9n\napostou en que o 2020 sexa o ano que po\u00f1a \u201cpunto e final\u201d \u00e1\npol\u00edtica de \u201cdeliberado abandono\u201d que a Xunta do Partido Popular\npractica contra a principal cidade de Galiza.<\/p>\n\n\n\n<p>O\nportavoz municipal nacionalista criticou o \u201cdiscurso triunfalista e\nde propaganda\u201d co que o Goberno local valorou o ano 2019. Neste\nsentido, Igrexas, apelou a dedicar m\u00e1is medios e esforzos a atender\na situaci\u00f3n de emerxencia social que padece a cidade, lembrando que\nen Vigo son 60 mil as persoas en risco de exclusi\u00f3n social e\npobreza, segundo o \u00edndice AROPE, e que o n\u00famero de desempregadas\nsupera as 24 mil con \u201cmillares de mozas e mozos que tiveron que\nmarchar \u00e1 emigraci\u00f3n por falla de oportunidades laborais\u201d. \n<\/p>\n\n\n\n<p>Tam\u00e9n\ndefendeu a necesidade de \u201capostar nunha mobilidade sustent\u00e1bel e\ncon futuro\u201d aproveitando a fin da concesi\u00f3n de Vitrasa para\n\u201cmellorar radicalmente o servizo de autob\u00fas urbano e po\u00f1elo \u00e1\naltura dunha cidade de 300 mil habitantes\u201d. \n<\/p>\n\n\n\n<p>\u201c2020\nten que ser tam\u00e9n o ano no que comezar a reverter a pol\u00edtica de\ndesertizaci\u00f3n cultural que padece a nosa cidade\u201d, demandou o edil\nnacionalista, po\u00f1endo o foco no feche do Centro de Artesan\u00eda\nTradicional (CAT) a inicios deste ano e sen local no que reabrir ou a\ndecisi\u00f3n \u201cpor capricho do PSOE\u201d de renunciar ao Centro Galego de\nFotograf\u00eda para o converter \u201cnunha oficina da Deputaci\u00f3n\u201d. \n<\/p>\n\n\n\n<p>Outra\ndas prioridades para o BNG \u00e9 que se redobren esforzos en favor da\nigualdade efectiva entre mulleres e homes. \u201cTemos que despregar\npol\u00edticas radicalmente feministas, pero non s\u00f3 no declarativo,\nsen\u00f3n sobre todo nos feitos\u201d, esixiu. A este respeito volveu\ncriticar que a pesar dos discursos o Goberno municipal decidiu gastar\nm\u00e1is ano en chocolatadas de nadal (18 mil euros) que en campa\u00f1as\ncontra a violencia machista durante todo o ano (14 mil euros). \n<\/p>\n\n\n\n<p>Por\noutra parte, desde o BNG volven insistir na necesidade de que se po\u00f1a\nen marcha unha Estratexia Local de Sustentabilidade. \u201cA declaraci\u00f3n\nde emerxencia clim\u00e1tica que aprobamos por unanimidade no Pleno ten\nque deixar de ser un brinde ao sol, hai que tomar medidas e po\u00f1er\nrecursos para apostar nun Vigo con futuro que s\u00f3 poder\u00e1 ser verde\u201d,\nreclama Igrexas. Unha estratexia que resume na necesidade de\n\u201creconciliar Vigo co seu medio natural\u201d, elevando a protecci\u00f3n\nambiental dos montes, recuperando a faixa litoral e po\u00f1endo en valor\no r\u00edo Lagares. \n<\/p>\n\n\n\n<p>Ali\u00e1s,\npara Igrexas o 2020 ter\u00e1 que ser tam\u00e9n o ano \u201cdunha emenda \u00e1\ntotalidade do talante autoritario e da falta de di\u00e1logo\u201d, con m\u00e1is\nparticipaci\u00f3n e \u201cfacendo que escoitar deixe de ser unha opci\u00f3n\npara se tornar nunha obriga democr\u00e1tica\u201d. \u201cO Concello de Vigo\nnon pode atender s\u00f3 as persoas que votaron por Abel Caballero, hai\nque gobernar para toda a cidade, contando con todos e con todas\u201d,\ndemandou. \n<\/p>\n\n\n\n<p><strong>Mudanza\nna Xunta<\/strong><\/p>\n\n\n\n<p>Para\nal\u00e9n de expresar a reorientaci\u00f3n que desexa para a pol\u00edtica\nmunicipal, o portavoz do Bloque en Vigo reiterou a s\u00faa esixencia\npara que o vindeiro ano \u201cse po\u00f1a fin ao abandono deliberado que a\nXunta do Partido Popular practica contra Vigo\u201d. \n<\/p>\n\n\n\n<p>Igrexas\ndemandou que se rectifiquen as pol\u00edticas de privatizaci\u00f3n e recorte\nde servizos p\u00fablicos, aplicadas polo executivo galego, as\u00ed como a\n\u201cpermanente desatenci\u00f3n das necesidades da principal urbe do noso\nPa\u00eds\u201d. Ademais, expresou o seu convencemento de que o vindeiro ano\nmaterializarase unha mudanza pol\u00edtica a nivel galego. \u201cNo BNG\nestamos certas e certos de que as viguesas e os vigueses, que o\ncompromiso desta cidade, van ser determinantes para facer pos\u00edbel\nunha mudanza a nivel galego que po\u00f1a fin ao nefasto goberno do PP. O\nmellor que lle pode pasar a  Vigo e a Galiza \u00e9 desaloxar a Alberto\nN\u00fa\u00f1ez Feix\u00f3o da Xunta\u201d, remachou.<\/p>\n","protected":false},"excerpt":{"rendered":"<div class=\"mh-excerpt\"><p>O concelleiro do BNG en Vigo chama a dedicar m\u00e1is medios e esforzos para facer fronte \u00e1 situaci\u00f3n de emerxencia social da cidade <a class=\"mh-excerpt-more\" href=\"https:\/\/www.anovapeneira.gal\/index.php\/2020\/01\/08\/xabier-p-igrexas-no-2020-o-concello-de-vigo-ten-que-pasar-da-politica-do-autobombo-a-atender-as-necesidades-reais-da-cidade\/\" title=\"Xabier P. Igrexas: \u201cNo 2020 o Concello de Vigo ten que pasar da pol\u00edtica do autobombo a atender as necesidades reais da cidade\u201d\">[&#8230;]<\/a><\/p>\n<\/div>","protected":false},"author":3,"featured_media":936,"comment_status":"open","ping_status":"open","sticky":false,"template":"","format":"standard","meta":{"_exactmetrics_skip_tracking":false,"_exactmetrics_sitenote_active":false,"_exactmetrics_sitenote_note":"","_exactmetrics_sitenote_category":0,"footnotes":""},"categories":[19],"tags":[10,227],"class_list":{"0":"post-2210","1":"post","2":"type-post","3":"status-publish","4":"format-standard","5":"has-post-thumbnail","7":"category-vigo","8":"tag-bng","9":"tag-concello-de-vigo"},"yoast_head":"<!-- This site is optimized with the Yoast SEO plugin v27.4 - https:\/\/yoast.com\/product\/yoast-seo-wordpress\/ -->\n<title>Xabier P. Igrexas: \u201cNo 2020 o Concello de Vigo ten que pasar da pol\u00edtica do autobombo a atender as necesidades reais da cidade\u201d -<\/title>\n<meta name=\"robots\" content=\"index, follow, max-snippet:-1, max-image-preview:large, max-video-preview:-1\" \/>\n<link rel=\"canonical\" href=\"https:\/\/www.anovapeneira.gal\/index.php\/2020\/01\/08\/xabier-p-igrexas-no-2020-o-concello-de-vigo-ten-que-pasar-da-politica-do-autobombo-a-atender-as-necesidades-reais-da-cidade\/\" \/>\n<meta property=\"og:locale\" content=\"gl_ES\" \/>\n<meta property=\"og:type\" content=\"article\" \/>\n<meta property=\"og:title\" content=\"Xabier P. Igrexas: \u201cNo 2020 o Concello de Vigo ten que pasar da pol\u00edtica do autobombo a atender as necesidades reais da cidade\u201d -\" \/>\n<meta property=\"og:description\" content=\"O concelleiro do BNG en Vigo chama a dedicar m\u00e1is medios e esforzos para facer fronte \u00e1 situaci\u00f3n de emerxencia social da cidade [...]\" \/>\n<meta property=\"og:url\" content=\"https:\/\/www.anovapeneira.gal\/index.php\/2020\/01\/08\/xabier-p-igrexas-no-2020-o-concello-de-vigo-ten-que-pasar-da-politica-do-autobombo-a-atender-as-necesidades-reais-da-cidade\/\" \/>\n<meta property=\"article:publisher\" content=\"https:\/\/www.facebook.com\/anovapeneira\" \/>\n<meta property=\"article:published_time\" content=\"2020-01-08T09:00:11+00:00\" \/>\n<meta property=\"og:image\" content=\"https:\/\/www.anovapeneira.gal\/wp-content\/uploads\/2019\/08\/XABIER_PE\u0301REZ_bng_vigo_a_nova_peneira.jpg\" \/>\n\t<meta property=\"og:image:width\" content=\"720\" \/>\n\t<meta property=\"og:image:height\" content=\"473\" \/>\n\t<meta property=\"og:image:type\" content=\"image\/jpeg\" \/>\n<meta name=\"author\" content=\"Redacci\u00f3n A Nova Peneira\" \/>\n<meta name=\"twitter:card\" content=\"summary_large_image\" \/>\n<meta name=\"twitter:creator\" content=\"@APeneira\" \/>\n<meta name=\"twitter:site\" content=\"@APeneira\" \/>\n<meta name=\"twitter:label1\" content=\"Escrito por\" \/>\n\t<meta name=\"twitter:data1\" content=\"Redacci\u00f3n A Nova Peneira\" \/>\n\t<meta name=\"twitter:label2\" content=\"Tempo de lectura\" \/>\n\t<meta name=\"twitter:data2\" content=\"4 minutos\" \/>\n<script type=\"application\/ld+json\" class=\"yoast-schema-graph\">{\"@context\":\"https:\\\/\\\/schema.org\",\"@graph\":[{\"@type\":\"Article\",\"@id\":\"https:\\\/\\\/www.anovapeneira.gal\\\/index.php\\\/2020\\\/01\\\/08\\\/xabier-p-igrexas-no-2020-o-concello-de-vigo-ten-que-pasar-da-politica-do-autobombo-a-atender-as-necesidades-reais-da-cidade\\\/#article\",\"isPartOf\":{\"@id\":\"https:\\\/\\\/www.anovapeneira.gal\\\/index.php\\\/2020\\\/01\\\/08\\\/xabier-p-igrexas-no-2020-o-concello-de-vigo-ten-que-pasar-da-politica-do-autobombo-a-atender-as-necesidades-reais-da-cidade\\\/\"},\"author\":{\"name\":\"Redacci\u00f3n A Nova Peneira\",\"@id\":\"https:\\\/\\\/www.anovapeneira.gal\\\/#\\\/schema\\\/person\\\/b93e3f8932e3f8da96334607eb6ac6aa\"},\"headline\":\"Xabier P. Igrexas: \u201cNo 2020 o Concello de Vigo ten que pasar da pol\u00edtica do autobombo a atender as necesidades reais da cidade\u201d\",\"datePublished\":\"2020-01-08T09:00:11+00:00\",\"mainEntityOfPage\":{\"@id\":\"https:\\\/\\\/www.anovapeneira.gal\\\/index.php\\\/2020\\\/01\\\/08\\\/xabier-p-igrexas-no-2020-o-concello-de-vigo-ten-que-pasar-da-politica-do-autobombo-a-atender-as-necesidades-reais-da-cidade\\\/\"},\"wordCount\":838,\"commentCount\":0,\"publisher\":{\"@id\":\"https:\\\/\\\/www.anovapeneira.gal\\\/#organization\"},\"image\":{\"@id\":\"https:\\\/\\\/www.anovapeneira.gal\\\/index.php\\\/2020\\\/01\\\/08\\\/xabier-p-igrexas-no-2020-o-concello-de-vigo-ten-que-pasar-da-politica-do-autobombo-a-atender-as-necesidades-reais-da-cidade\\\/#primaryimage\"},\"thumbnailUrl\":\"https:\\\/\\\/www.anovapeneira.gal\\\/wp-content\\\/uploads\\\/2019\\\/08\\\/XABIER_PE\u0301REZ_bng_vigo_a_nova_peneira.jpg\",\"keywords\":[\"BNG\",\"Concello de Vigo\"],\"articleSection\":[\"Vigo\"],\"inLanguage\":\"gl-ES\",\"potentialAction\":[{\"@type\":\"CommentAction\",\"name\":\"Comment\",\"target\":[\"https:\\\/\\\/www.anovapeneira.gal\\\/index.php\\\/2020\\\/01\\\/08\\\/xabier-p-igrexas-no-2020-o-concello-de-vigo-ten-que-pasar-da-politica-do-autobombo-a-atender-as-necesidades-reais-da-cidade\\\/#respond\"]}]},{\"@type\":\"WebPage\",\"@id\":\"https:\\\/\\\/www.anovapeneira.gal\\\/index.php\\\/2020\\\/01\\\/08\\\/xabier-p-igrexas-no-2020-o-concello-de-vigo-ten-que-pasar-da-politica-do-autobombo-a-atender-as-necesidades-reais-da-cidade\\\/\",\"url\":\"https:\\\/\\\/www.anovapeneira.gal\\\/index.php\\\/2020\\\/01\\\/08\\\/xabier-p-igrexas-no-2020-o-concello-de-vigo-ten-que-pasar-da-politica-do-autobombo-a-atender-as-necesidades-reais-da-cidade\\\/\",\"name\":\"Xabier P. Igrexas: \u201cNo 2020 o Concello de Vigo ten que pasar da pol\u00edtica do autobombo a atender as necesidades reais da cidade\u201d -\",\"isPartOf\":{\"@id\":\"https:\\\/\\\/www.anovapeneira.gal\\\/#website\"},\"primaryImageOfPage\":{\"@id\":\"https:\\\/\\\/www.anovapeneira.gal\\\/index.php\\\/2020\\\/01\\\/08\\\/xabier-p-igrexas-no-2020-o-concello-de-vigo-ten-que-pasar-da-politica-do-autobombo-a-atender-as-necesidades-reais-da-cidade\\\/#primaryimage\"},\"image\":{\"@id\":\"https:\\\/\\\/www.anovapeneira.gal\\\/index.php\\\/2020\\\/01\\\/08\\\/xabier-p-igrexas-no-2020-o-concello-de-vigo-ten-que-pasar-da-politica-do-autobombo-a-atender-as-necesidades-reais-da-cidade\\\/#primaryimage\"},\"thumbnailUrl\":\"https:\\\/\\\/www.anovapeneira.gal\\\/wp-content\\\/uploads\\\/2019\\\/08\\\/XABIER_PE\u0301REZ_bng_vigo_a_nova_peneira.jpg\",\"datePublished\":\"2020-01-08T09:00:11+00:00\",\"breadcrumb\":{\"@id\":\"https:\\\/\\\/www.anovapeneira.gal\\\/index.php\\\/2020\\\/01\\\/08\\\/xabier-p-igrexas-no-2020-o-concello-de-vigo-ten-que-pasar-da-politica-do-autobombo-a-atender-as-necesidades-reais-da-cidade\\\/#breadcrumb\"},\"inLanguage\":\"gl-ES\",\"potentialAction\":[{\"@type\":\"ReadAction\",\"target\":[\"https:\\\/\\\/www.anovapeneira.gal\\\/index.php\\\/2020\\\/01\\\/08\\\/xabier-p-igrexas-no-2020-o-concello-de-vigo-ten-que-pasar-da-politica-do-autobombo-a-atender-as-necesidades-reais-da-cidade\\\/\"]}]},{\"@type\":\"ImageObject\",\"inLanguage\":\"gl-ES\",\"@id\":\"https:\\\/\\\/www.anovapeneira.gal\\\/index.php\\\/2020\\\/01\\\/08\\\/xabier-p-igrexas-no-2020-o-concello-de-vigo-ten-que-pasar-da-politica-do-autobombo-a-atender-as-necesidades-reais-da-cidade\\\/#primaryimage\",\"url\":\"https:\\\/\\\/www.anovapeneira.gal\\\/wp-content\\\/uploads\\\/2019\\\/08\\\/XABIER_PE\u0301REZ_bng_vigo_a_nova_peneira.jpg\",\"contentUrl\":\"https:\\\/\\\/www.anovapeneira.gal\\\/wp-content\\\/uploads\\\/2019\\\/08\\\/XABIER_PE\u0301REZ_bng_vigo_a_nova_peneira.jpg\",\"width\":720,\"height\":473,\"caption\":\"Xabier P\u00e9rez BNG Vigo A Nova Peneira\"},{\"@type\":\"BreadcrumbList\",\"@id\":\"https:\\\/\\\/www.anovapeneira.gal\\\/index.php\\\/2020\\\/01\\\/08\\\/xabier-p-igrexas-no-2020-o-concello-de-vigo-ten-que-pasar-da-politica-do-autobombo-a-atender-as-necesidades-reais-da-cidade\\\/#breadcrumb\",\"itemListElement\":[{\"@type\":\"ListItem\",\"position\":1,\"name\":\"Portada\",\"item\":\"https:\\\/\\\/www.anovapeneira.gal\\\/\"},{\"@type\":\"ListItem\",\"position\":2,\"name\":\"Xabier P. Igrexas: \u201cNo 2020 o Concello de Vigo ten que pasar da pol\u00edtica do autobombo a atender as necesidades reais da cidade\u201d\"}]},{\"@type\":\"WebSite\",\"@id\":\"https:\\\/\\\/www.anovapeneira.gal\\\/#website\",\"url\":\"https:\\\/\\\/www.anovapeneira.gal\\\/\",\"name\":\"\",\"description\":\"Xornal galego de informaci\u00f3n xeral Publicaci\u00f3n mensual de novas de Galicia e en especial dos Concellos da sur da provincia de Pontevedra.\",\"publisher\":{\"@id\":\"https:\\\/\\\/www.anovapeneira.gal\\\/#organization\"},\"potentialAction\":[{\"@type\":\"SearchAction\",\"target\":{\"@type\":\"EntryPoint\",\"urlTemplate\":\"https:\\\/\\\/www.anovapeneira.gal\\\/?s={search_term_string}\"},\"query-input\":{\"@type\":\"PropertyValueSpecification\",\"valueRequired\":true,\"valueName\":\"search_term_string\"}}],\"inLanguage\":\"gl-ES\"},{\"@type\":\"Organization\",\"@id\":\"https:\\\/\\\/www.anovapeneira.gal\\\/#organization\",\"name\":\"A Nova Peneira\",\"url\":\"https:\\\/\\\/www.anovapeneira.gal\\\/\",\"logo\":{\"@type\":\"ImageObject\",\"inLanguage\":\"gl-ES\",\"@id\":\"https:\\\/\\\/www.anovapeneira.gal\\\/#\\\/schema\\\/logo\\\/image\\\/\",\"url\":\"http:\\\/\\\/www.anovapeneira.gal\\\/wp-content\\\/uploads\\\/2019\\\/06\\\/logo_a_nova_peneira_portal_web.png\",\"contentUrl\":\"http:\\\/\\\/www.anovapeneira.gal\\\/wp-content\\\/uploads\\\/2019\\\/06\\\/logo_a_nova_peneira_portal_web.png\",\"width\":300,\"height\":100,\"caption\":\"A Nova Peneira\"},\"image\":{\"@id\":\"https:\\\/\\\/www.anovapeneira.gal\\\/#\\\/schema\\\/logo\\\/image\\\/\"},\"sameAs\":[\"https:\\\/\\\/www.facebook.com\\\/anovapeneira\",\"https:\\\/\\\/x.com\\\/APeneira\"]},{\"@type\":\"Person\",\"@id\":\"https:\\\/\\\/www.anovapeneira.gal\\\/#\\\/schema\\\/person\\\/b93e3f8932e3f8da96334607eb6ac6aa\",\"name\":\"Redacci\u00f3n A Nova Peneira\",\"image\":{\"@type\":\"ImageObject\",\"inLanguage\":\"gl-ES\",\"@id\":\"https:\\\/\\\/secure.gravatar.com\\\/avatar\\\/c052a2551a06e23fac63626232eaa90abd78dbcf1700fc46a2b2c89fd27b735f?s=96&d=mm&r=g\",\"url\":\"https:\\\/\\\/secure.gravatar.com\\\/avatar\\\/c052a2551a06e23fac63626232eaa90abd78dbcf1700fc46a2b2c89fd27b735f?s=96&d=mm&r=g\",\"contentUrl\":\"https:\\\/\\\/secure.gravatar.com\\\/avatar\\\/c052a2551a06e23fac63626232eaa90abd78dbcf1700fc46a2b2c89fd27b735f?s=96&d=mm&r=g\",\"caption\":\"Redacci\u00f3n A Nova Peneira\"},\"sameAs\":[\"http:\\\/\\\/www.anovapeneira.gal\\\/\"],\"url\":\"https:\\\/\\\/www.anovapeneira.gal\\\/index.php\\\/author\\\/redactor\\\/\"}]}<\/script>\n<!-- \/ Yoast SEO plugin. -->","yoast_head_json":{"title":"Xabier P. Igrexas: \u201cNo 2020 o Concello de Vigo ten que pasar da pol\u00edtica do autobombo a atender as necesidades reais da cidade\u201d -","robots":{"index":"index","follow":"follow","max-snippet":"max-snippet:-1","max-image-preview":"max-image-preview:large","max-video-preview":"max-video-preview:-1"},"canonical":"https:\/\/www.anovapeneira.gal\/index.php\/2020\/01\/08\/xabier-p-igrexas-no-2020-o-concello-de-vigo-ten-que-pasar-da-politica-do-autobombo-a-atender-as-necesidades-reais-da-cidade\/","og_locale":"gl_ES","og_type":"article","og_title":"Xabier P. Igrexas: \u201cNo 2020 o Concello de Vigo ten que pasar da pol\u00edtica do autobombo a atender as necesidades reais da cidade\u201d -","og_description":"O concelleiro do BNG en Vigo chama a dedicar m\u00e1is medios e esforzos para facer fronte \u00e1 situaci\u00f3n de emerxencia social da cidade [...]","og_url":"https:\/\/www.anovapeneira.gal\/index.php\/2020\/01\/08\/xabier-p-igrexas-no-2020-o-concello-de-vigo-ten-que-pasar-da-politica-do-autobombo-a-atender-as-necesidades-reais-da-cidade\/","article_publisher":"https:\/\/www.facebook.com\/anovapeneira","article_published_time":"2020-01-08T09:00:11+00:00","og_image":[{"width":720,"height":473,"url":"https:\/\/www.anovapeneira.gal\/wp-content\/uploads\/2019\/08\/XABIER_PE\u0301REZ_bng_vigo_a_nova_peneira.jpg","type":"image\/jpeg"}],"author":"Redacci\u00f3n A Nova Peneira","twitter_card":"summary_large_image","twitter_creator":"@APeneira","twitter_site":"@APeneira","twitter_misc":{"Escrito por":"Redacci\u00f3n A Nova Peneira","Tempo de lectura":"4 minutos"},"schema":{"@context":"https:\/\/schema.org","@graph":[{"@type":"Article","@id":"https:\/\/www.anovapeneira.gal\/index.php\/2020\/01\/08\/xabier-p-igrexas-no-2020-o-concello-de-vigo-ten-que-pasar-da-politica-do-autobombo-a-atender-as-necesidades-reais-da-cidade\/#article","isPartOf":{"@id":"https:\/\/www.anovapeneira.gal\/index.php\/2020\/01\/08\/xabier-p-igrexas-no-2020-o-concello-de-vigo-ten-que-pasar-da-politica-do-autobombo-a-atender-as-necesidades-reais-da-cidade\/"},"author":{"name":"Redacci\u00f3n A Nova Peneira","@id":"https:\/\/www.anovapeneira.gal\/#\/schema\/person\/b93e3f8932e3f8da96334607eb6ac6aa"},"headline":"Xabier P. Igrexas: \u201cNo 2020 o Concello de Vigo ten que pasar da pol\u00edtica do autobombo a atender as necesidades reais da cidade\u201d","datePublished":"2020-01-08T09:00:11+00:00","mainEntityOfPage":{"@id":"https:\/\/www.anovapeneira.gal\/index.php\/2020\/01\/08\/xabier-p-igrexas-no-2020-o-concello-de-vigo-ten-que-pasar-da-politica-do-autobombo-a-atender-as-necesidades-reais-da-cidade\/"},"wordCount":838,"commentCount":0,"publisher":{"@id":"https:\/\/www.anovapeneira.gal\/#organization"},"image":{"@id":"https:\/\/www.anovapeneira.gal\/index.php\/2020\/01\/08\/xabier-p-igrexas-no-2020-o-concello-de-vigo-ten-que-pasar-da-politica-do-autobombo-a-atender-as-necesidades-reais-da-cidade\/#primaryimage"},"thumbnailUrl":"https:\/\/www.anovapeneira.gal\/wp-content\/uploads\/2019\/08\/XABIER_PE\u0301REZ_bng_vigo_a_nova_peneira.jpg","keywords":["BNG","Concello de Vigo"],"articleSection":["Vigo"],"inLanguage":"gl-ES","potentialAction":[{"@type":"CommentAction","name":"Comment","target":["https:\/\/www.anovapeneira.gal\/index.php\/2020\/01\/08\/xabier-p-igrexas-no-2020-o-concello-de-vigo-ten-que-pasar-da-politica-do-autobombo-a-atender-as-necesidades-reais-da-cidade\/#respond"]}]},{"@type":"WebPage","@id":"https:\/\/www.anovapeneira.gal\/index.php\/2020\/01\/08\/xabier-p-igrexas-no-2020-o-concello-de-vigo-ten-que-pasar-da-politica-do-autobombo-a-atender-as-necesidades-reais-da-cidade\/","url":"https:\/\/www.anovapeneira.gal\/index.php\/2020\/01\/08\/xabier-p-igrexas-no-2020-o-concello-de-vigo-ten-que-pasar-da-politica-do-autobombo-a-atender-as-necesidades-reais-da-cidade\/","name":"Xabier P. Igrexas: \u201cNo 2020 o Concello de Vigo ten que pasar da pol\u00edtica do autobombo a atender as necesidades reais da cidade\u201d -","isPartOf":{"@id":"https:\/\/www.anovapeneira.gal\/#website"},"primaryImageOfPage":{"@id":"https:\/\/www.anovapeneira.gal\/index.php\/2020\/01\/08\/xabier-p-igrexas-no-2020-o-concello-de-vigo-ten-que-pasar-da-politica-do-autobombo-a-atender-as-necesidades-reais-da-cidade\/#primaryimage"},"image":{"@id":"https:\/\/www.anovapeneira.gal\/index.php\/2020\/01\/08\/xabier-p-igrexas-no-2020-o-concello-de-vigo-ten-que-pasar-da-politica-do-autobombo-a-atender-as-necesidades-reais-da-cidade\/#primaryimage"},"thumbnailUrl":"https:\/\/www.anovapeneira.gal\/wp-content\/uploads\/2019\/08\/XABIER_PE\u0301REZ_bng_vigo_a_nova_peneira.jpg","datePublished":"2020-01-08T09:00:11+00:00","breadcrumb":{"@id":"https:\/\/www.anovapeneira.gal\/index.php\/2020\/01\/08\/xabier-p-igrexas-no-2020-o-concello-de-vigo-ten-que-pasar-da-politica-do-autobombo-a-atender-as-necesidades-reais-da-cidade\/#breadcrumb"},"inLanguage":"gl-ES","potentialAction":[{"@type":"ReadAction","target":["https:\/\/www.anovapeneira.gal\/index.php\/2020\/01\/08\/xabier-p-igrexas-no-2020-o-concello-de-vigo-ten-que-pasar-da-politica-do-autobombo-a-atender-as-necesidades-reais-da-cidade\/"]}]},{"@type":"ImageObject","inLanguage":"gl-ES","@id":"https:\/\/www.anovapeneira.gal\/index.php\/2020\/01\/08\/xabier-p-igrexas-no-2020-o-concello-de-vigo-ten-que-pasar-da-politica-do-autobombo-a-atender-as-necesidades-reais-da-cidade\/#primaryimage","url":"https:\/\/www.anovapeneira.gal\/wp-content\/uploads\/2019\/08\/XABIER_PE\u0301REZ_bng_vigo_a_nova_peneira.jpg","contentUrl":"https:\/\/www.anovapeneira.gal\/wp-content\/uploads\/2019\/08\/XABIER_PE\u0301REZ_bng_vigo_a_nova_peneira.jpg","width":720,"height":473,"caption":"Xabier P\u00e9rez BNG Vigo A Nova Peneira"},{"@type":"BreadcrumbList","@id":"https:\/\/www.anovapeneira.gal\/index.php\/2020\/01\/08\/xabier-p-igrexas-no-2020-o-concello-de-vigo-ten-que-pasar-da-politica-do-autobombo-a-atender-as-necesidades-reais-da-cidade\/#breadcrumb","itemListElement":[{"@type":"ListItem","position":1,"name":"Portada","item":"https:\/\/www.anovapeneira.gal\/"},{"@type":"ListItem","position":2,"name":"Xabier P. Igrexas: \u201cNo 2020 o Concello de Vigo ten que pasar da pol\u00edtica do autobombo a atender as necesidades reais da cidade\u201d"}]},{"@type":"WebSite","@id":"https:\/\/www.anovapeneira.gal\/#website","url":"https:\/\/www.anovapeneira.gal\/","name":"","description":"Xornal galego de informaci\u00f3n xeral Publicaci\u00f3n mensual de novas de Galicia e en especial dos Concellos da sur da provincia de Pontevedra.","publisher":{"@id":"https:\/\/www.anovapeneira.gal\/#organization"},"potentialAction":[{"@type":"SearchAction","target":{"@type":"EntryPoint","urlTemplate":"https:\/\/www.anovapeneira.gal\/?s={search_term_string}"},"query-input":{"@type":"PropertyValueSpecification","valueRequired":true,"valueName":"search_term_string"}}],"inLanguage":"gl-ES"},{"@type":"Organization","@id":"https:\/\/www.anovapeneira.gal\/#organization","name":"A Nova Peneira","url":"https:\/\/www.anovapeneira.gal\/","logo":{"@type":"ImageObject","inLanguage":"gl-ES","@id":"https:\/\/www.anovapeneira.gal\/#\/schema\/logo\/image\/","url":"http:\/\/www.anovapeneira.gal\/wp-content\/uploads\/2019\/06\/logo_a_nova_peneira_portal_web.png","contentUrl":"http:\/\/www.anovapeneira.gal\/wp-content\/uploads\/2019\/06\/logo_a_nova_peneira_portal_web.png","width":300,"height":100,"caption":"A Nova Peneira"},"image":{"@id":"https:\/\/www.anovapeneira.gal\/#\/schema\/logo\/image\/"},"sameAs":["https:\/\/www.facebook.com\/anovapeneira","https:\/\/x.com\/APeneira"]},{"@type":"Person","@id":"https:\/\/www.anovapeneira.gal\/#\/schema\/person\/b93e3f8932e3f8da96334607eb6ac6aa","name":"Redacci\u00f3n A Nova Peneira","image":{"@type":"ImageObject","inLanguage":"gl-ES","@id":"https:\/\/secure.gravatar.com\/avatar\/c052a2551a06e23fac63626232eaa90abd78dbcf1700fc46a2b2c89fd27b735f?s=96&d=mm&r=g","url":"https:\/\/secure.gravatar.com\/avatar\/c052a2551a06e23fac63626232eaa90abd78dbcf1700fc46a2b2c89fd27b735f?s=96&d=mm&r=g","contentUrl":"https:\/\/secure.gravatar.com\/avatar\/c052a2551a06e23fac63626232eaa90abd78dbcf1700fc46a2b2c89fd27b735f?s=96&d=mm&r=g","caption":"Redacci\u00f3n A Nova Peneira"},"sameAs":["http:\/\/www.anovapeneira.gal\/"],"url":"https:\/\/www.anovapeneira.gal\/index.php\/author\/redactor\/"}]}},"jetpack_featured_media_url":"https:\/\/www.anovapeneira.gal\/wp-content\/uploads\/2019\/08\/XABIER_PE\u0301REZ_bng_vigo_a_nova_peneira.jpg","_links":{"self":[{"href":"https:\/\/www.anovapeneira.gal\/index.php\/wp-json\/wp\/v2\/posts\/2210","targetHints":{"allow":["GET"]}}],"collection":[{"href":"https:\/\/www.anovapeneira.gal\/index.php\/wp-json\/wp\/v2\/posts"}],"about":[{"href":"https:\/\/www.anovapeneira.gal\/index.php\/wp-json\/wp\/v2\/types\/post"}],"author":[{"embeddable":true,"href":"https:\/\/www.anovapeneira.gal\/index.php\/wp-json\/wp\/v2\/users\/3"}],"replies":[{"embeddable":true,"href":"https:\/\/www.anovapeneira.gal\/index.php\/wp-json\/wp\/v2\/comments?post=2210"}],"version-history":[{"count":1,"href":"https:\/\/www.anovapeneira.gal\/index.php\/wp-json\/wp\/v2\/posts\/2210\/revisions"}],"predecessor-version":[{"id":2211,"href":"https:\/\/www.anovapeneira.gal\/index.php\/wp-json\/wp\/v2\/posts\/2210\/revisions\/2211"}],"wp:featuredmedia":[{"embeddable":true,"href":"https:\/\/www.anovapeneira.gal\/index.php\/wp-json\/wp\/v2\/media\/936"}],"wp:attachment":[{"href":"https:\/\/www.anovapeneira.gal\/index.php\/wp-json\/wp\/v2\/media?parent=2210"}],"wp:term":[{"taxonomy":"category","embeddable":true,"href":"https:\/\/www.anovapeneira.gal\/index.php\/wp-json\/wp\/v2\/categories?post=2210"},{"taxonomy":"post_tag","embeddable":true,"href":"https:\/\/www.anovapeneira.gal\/index.php\/wp-json\/wp\/v2\/tags?post=2210"}],"curies":[{"name":"wp","href":"https:\/\/api.w.org\/{rel}","templated":true}]}}