{"id":2212,"date":"2020-01-08T12:00:30","date_gmt":"2020-01-08T11:00:30","guid":{"rendered":"http:\/\/www.anovapeneira.gal\/?p=2212"},"modified":"2020-01-05T11:55:13","modified_gmt":"2020-01-05T10:55:13","slug":"comunicacion-dos-sindicatos-comerciais-ccoo-e-ugt-despois-reunion-coa-delegada-da-xunta-de-galicia-en-vigo","status":"publish","type":"post","link":"https:\/\/www.anovapeneira.gal\/index.php\/2020\/01\/08\/comunicacion-dos-sindicatos-comerciais-ccoo-e-ugt-despois-reunion-coa-delegada-da-xunta-de-galicia-en-vigo\/","title":{"rendered":"Comunicaci\u00f3n dos sindicatos comerciais CCOO e UGT despois reuni\u00f3n coa delegada da Xunta de Galicia en  Vigo"},"content":{"rendered":"\n<p>Hoxe unha representaci\u00f3n dos pensionistas e dos sindicatos xubilados de CCOO e UGT encabezados polos seus l\u00edderes Tito Ucha e Juan Fontela mantiveron unha reuni\u00f3n coa delegada da Xunta en Vigo Do\u00f1a Corina Porro.<\/p>\n\n\n\n<p>Esta\nreuni\u00f3n, froito da concentraci\u00f3n de ambos os sindicatos no edificio\nda Xunta o d\u00eda 18 e a entrega da reclamaci\u00f3n presentada na que se\ncritica a non solicitude por parte da Administraci\u00f3n auton\u00f3mica dos\ndereitos previstos na Constituci\u00f3n e desenvolvida. na Lei 39\/2006 de\ndependencia, lei que garante o dereito das persoas dependentes a\nenvellecer en condici\u00f3ns materiais xustas, socialmente dignas e\nsanitarias adecuadas. Estes dereitos est\u00e1n a infundir flagrantemente\nno caso da \u00e1rea de Vigo. Isto refl\u00edctese no feito incontestable de\nque, desde 2009, cando o PP volveu ao goberno da Xunta de Galicia,\nnon se incrementou a oferta p\u00fablica en Residencias para Maiores\nmentres  aumentou significativamente a oferta de prazas privadas con\ncustos superiores aos 2000 e inalcanzable para a maior\u00eda dos\npensionistas.<\/p>\n\n\n\n<p>\tO\nescandaloso resultado \u00e9 que polo momento o 80% das prazas ofertadas\nson privadas e que nas moi poucas residencias p\u00fablicas as listas de\nespera para obter prazas son superiores a dous anos. Neste encontro,\nUGT e CCOO, insistimos na nosa proposta para reverter o modelo\nactual, no que a iniciativa privada, impulsada polo motivo de \u00e1nimo\nde lucro, explota un servizo como un negocio que move 3.5 mill\u00f3ns de\neuros en Espa\u00f1a. ao ano, mentres se busca que o sector p\u00fablico siga\nsendo algo residual, como unha especie de caridade para os m\u00e1is\npobres, en contra da Lei de dependencia que estabece que ter unha\npraza p\u00fablica accesible en custos e protecci\u00f3n das necesidades dos\ncidad\u00e1ns \u00e9 un dereito garantido pola Administraci\u00f3n para todas as\npersoas maiores para envellecer dignamente. Por todo isto propo\u00f1emos:<\/p>\n\n\n\n<p>\t1.\n\u00c1 vista da necesidade de prazas p\u00fablicas, deberase elaborar un Plan\npara a construci\u00f3n das 400 novas prazas que precisa a \u00e1rea de Vigo\ncon absoluta urxencia. As\u00ed, a promesa de m\u00e1is de tres anos non\ncumpriu constru\u00edr unha residencia de 150 prazas e o compromiso, de\ninmediato e a curto prazo, de facer propostas para a construci\u00f3n de\nnovas residencias durante o ano 2020 ata cubrir o 1.\n400 prazas necesarias.<\/p>\n\n\n\n<p> 2. Que se elabore un plan para acabar co esc\u00e1ndalo das listas de espera e que se cumpra o disposto na Lei de dependencia e que se cumpra o seu cumprimento no \u00e1mbito da Xurisdici\u00f3n Social. <\/p>\n\n\n\n<p>3. Que o Consello Galego das Persoas Maiores, creado polo anterior goberno da Xunta, sexa lanzado polo goberno galego, para que os seus representantes poidan participar democr\u00e1ticamente e institucionalmente nas pol\u00edticas promovidas pola Administraci\u00f3n auton\u00f3mica. <\/p>\n\n\n\n<p>4. Que se mellore o Servizo de Inspecci\u00f3n das Residencias de Maiores, tanto p\u00fablicas como privadas, controlando as condici\u00f3ns laborais das 16.000 persoas, na s\u00faa maior\u00eda mulleres, que actualmente empregan o sector en Galicia, cumprindo a relaci\u00f3n de persoal cualificado \/ Prazas establecidas, na Lei. <\/p>\n\n\n\n<p>5. Que as Persoas Maiores sexan situadas no centro do Sistema Nacional de Sa\u00fade, garantindo o seu debido financiamento. <\/p>\n\n\n\n<p>A delegada da Xunta, dixo desco\u00f1ecer o documento presentado no Rexistro da Xunta en Vigo por CCOO e UGT o d\u00eda 18, pero compartiu a necesidade de dar un impulso \u00e1s demandas en dependencia, especialmente no que se refire \u00e1s grandes dependentes e comprometeuse que, unha vez estudadas as nosas demandas, a manter unha nova reuni\u00f3n ao longo de xaneiro.<\/p>\n\n\n\n<p>UGT e CCOO pola nosa parte trasladamos a proposta de destinar a parcela propiedade da Xunta de Galicia para a construci\u00f3n dunha residencia para persoas maiores con distintos graos de dependencia, en funci\u00f3n das novas tendencias avanzadas en Europa, na que as persoas est\u00e1n.<\/p>\n","protected":false},"excerpt":{"rendered":"<div class=\"mh-excerpt\"><p>Hoxe unha representaci\u00f3n dos pensionistas e dos sindicatos xubilados de CCOO e UGT encabezados polos seus l\u00edderes Tito Ucha e Juan Fontela mantiveron unha reuni\u00f3n coa delegada da Xunta en Vigo Do\u00f1a Corina Porro <a class=\"mh-excerpt-more\" href=\"https:\/\/www.anovapeneira.gal\/index.php\/2020\/01\/08\/comunicacion-dos-sindicatos-comerciais-ccoo-e-ugt-despois-reunion-coa-delegada-da-xunta-de-galicia-en-vigo\/\" title=\"Comunicaci\u00f3n dos sindicatos comerciais CCOO e UGT despois reuni\u00f3n coa delegada da Xunta de Galicia en  Vigo\">[&#8230;]<\/a><\/p>\n<\/div>","protected":false},"author":3,"featured_media":2213,"comment_status":"open","ping_status":"open","sticky":false,"template":"","format":"standard","meta":{"_exactmetrics_skip_tracking":false,"_exactmetrics_sitenote_active":false,"_exactmetrics_sitenote_note":"","_exactmetrics_sitenote_category":0,"footnotes":""},"categories":[19],"tags":[891,227,93,892],"class_list":{"0":"post-2212","1":"post","2":"type-post","3":"status-publish","4":"format-standard","5":"has-post-thumbnail","7":"category-vigo","8":"tag-ccoo","9":"tag-concello-de-vigo","10":"tag-sindicalismo","11":"tag-ugt"},"yoast_head":"<!-- This site is optimized with the Yoast SEO plugin v27.4 - https:\/\/yoast.com\/product\/yoast-seo-wordpress\/ -->\n<title>Comunicaci\u00f3n dos sindicatos comerciais CCOO e UGT despois reuni\u00f3n coa delegada da Xunta de Galicia en Vigo -<\/title>\n<meta name=\"robots\" content=\"index, follow, max-snippet:-1, max-image-preview:large, max-video-preview:-1\" \/>\n<link rel=\"canonical\" href=\"https:\/\/www.anovapeneira.gal\/index.php\/2020\/01\/08\/comunicacion-dos-sindicatos-comerciais-ccoo-e-ugt-despois-reunion-coa-delegada-da-xunta-de-galicia-en-vigo\/\" \/>\n<meta property=\"og:locale\" content=\"gl_ES\" \/>\n<meta property=\"og:type\" content=\"article\" \/>\n<meta property=\"og:title\" content=\"Comunicaci\u00f3n dos sindicatos comerciais CCOO e UGT despois reuni\u00f3n coa delegada da Xunta de Galicia en Vigo -\" \/>\n<meta property=\"og:description\" content=\"Hoxe unha representaci\u00f3n dos pensionistas e dos sindicatos xubilados de CCOO e UGT encabezados polos seus l\u00edderes Tito Ucha e Juan Fontela mantiveron unha reuni\u00f3n coa delegada da Xunta en Vigo Do\u00f1a Corina Porro [...]\" \/>\n<meta property=\"og:url\" content=\"https:\/\/www.anovapeneira.gal\/index.php\/2020\/01\/08\/comunicacion-dos-sindicatos-comerciais-ccoo-e-ugt-despois-reunion-coa-delegada-da-xunta-de-galicia-en-vigo\/\" \/>\n<meta property=\"article:publisher\" content=\"https:\/\/www.facebook.com\/anovapeneira\" \/>\n<meta property=\"article:published_time\" content=\"2020-01-08T11:00:30+00:00\" \/>\n<meta property=\"og:image\" content=\"https:\/\/www.anovapeneira.gal\/wp-content\/uploads\/2020\/01\/logo-vector-concello-vigo.jpg\" \/>\n\t<meta property=\"og:image:width\" content=\"720\" \/>\n\t<meta property=\"og:image:height\" content=\"432\" \/>\n\t<meta property=\"og:image:type\" content=\"image\/jpeg\" \/>\n<meta name=\"author\" content=\"Redacci\u00f3n A Nova Peneira\" \/>\n<meta name=\"twitter:card\" content=\"summary_large_image\" \/>\n<meta name=\"twitter:creator\" content=\"@APeneira\" \/>\n<meta name=\"twitter:site\" content=\"@APeneira\" \/>\n<meta name=\"twitter:label1\" content=\"Escrito por\" \/>\n\t<meta name=\"twitter:data1\" content=\"Redacci\u00f3n A Nova Peneira\" \/>\n\t<meta name=\"twitter:label2\" content=\"Tempo de lectura\" \/>\n\t<meta name=\"twitter:data2\" content=\"3 minutos\" \/>\n<script type=\"application\/ld+json\" class=\"yoast-schema-graph\">{\"@context\":\"https:\\\/\\\/schema.org\",\"@graph\":[{\"@type\":\"Article\",\"@id\":\"https:\\\/\\\/www.anovapeneira.gal\\\/index.php\\\/2020\\\/01\\\/08\\\/comunicacion-dos-sindicatos-comerciais-ccoo-e-ugt-despois-reunion-coa-delegada-da-xunta-de-galicia-en-vigo\\\/#article\",\"isPartOf\":{\"@id\":\"https:\\\/\\\/www.anovapeneira.gal\\\/index.php\\\/2020\\\/01\\\/08\\\/comunicacion-dos-sindicatos-comerciais-ccoo-e-ugt-despois-reunion-coa-delegada-da-xunta-de-galicia-en-vigo\\\/\"},\"author\":{\"name\":\"Redacci\u00f3n A Nova Peneira\",\"@id\":\"https:\\\/\\\/www.anovapeneira.gal\\\/#\\\/schema\\\/person\\\/b93e3f8932e3f8da96334607eb6ac6aa\"},\"headline\":\"Comunicaci\u00f3n dos sindicatos comerciais CCOO e UGT despois reuni\u00f3n coa delegada da Xunta de Galicia en Vigo\",\"datePublished\":\"2020-01-08T11:00:30+00:00\",\"mainEntityOfPage\":{\"@id\":\"https:\\\/\\\/www.anovapeneira.gal\\\/index.php\\\/2020\\\/01\\\/08\\\/comunicacion-dos-sindicatos-comerciais-ccoo-e-ugt-despois-reunion-coa-delegada-da-xunta-de-galicia-en-vigo\\\/\"},\"wordCount\":654,\"commentCount\":0,\"publisher\":{\"@id\":\"https:\\\/\\\/www.anovapeneira.gal\\\/#organization\"},\"image\":{\"@id\":\"https:\\\/\\\/www.anovapeneira.gal\\\/index.php\\\/2020\\\/01\\\/08\\\/comunicacion-dos-sindicatos-comerciais-ccoo-e-ugt-despois-reunion-coa-delegada-da-xunta-de-galicia-en-vigo\\\/#primaryimage\"},\"thumbnailUrl\":\"https:\\\/\\\/www.anovapeneira.gal\\\/wp-content\\\/uploads\\\/2020\\\/01\\\/logo-vector-concello-vigo.jpg\",\"keywords\":[\"CCOO\",\"Concello de Vigo\",\"Sindicalismo\",\"UGT\"],\"articleSection\":[\"Vigo\"],\"inLanguage\":\"gl-ES\",\"potentialAction\":[{\"@type\":\"CommentAction\",\"name\":\"Comment\",\"target\":[\"https:\\\/\\\/www.anovapeneira.gal\\\/index.php\\\/2020\\\/01\\\/08\\\/comunicacion-dos-sindicatos-comerciais-ccoo-e-ugt-despois-reunion-coa-delegada-da-xunta-de-galicia-en-vigo\\\/#respond\"]}]},{\"@type\":\"WebPage\",\"@id\":\"https:\\\/\\\/www.anovapeneira.gal\\\/index.php\\\/2020\\\/01\\\/08\\\/comunicacion-dos-sindicatos-comerciais-ccoo-e-ugt-despois-reunion-coa-delegada-da-xunta-de-galicia-en-vigo\\\/\",\"url\":\"https:\\\/\\\/www.anovapeneira.gal\\\/index.php\\\/2020\\\/01\\\/08\\\/comunicacion-dos-sindicatos-comerciais-ccoo-e-ugt-despois-reunion-coa-delegada-da-xunta-de-galicia-en-vigo\\\/\",\"name\":\"Comunicaci\u00f3n dos sindicatos comerciais CCOO e UGT despois reuni\u00f3n coa delegada da Xunta de Galicia en Vigo -\",\"isPartOf\":{\"@id\":\"https:\\\/\\\/www.anovapeneira.gal\\\/#website\"},\"primaryImageOfPage\":{\"@id\":\"https:\\\/\\\/www.anovapeneira.gal\\\/index.php\\\/2020\\\/01\\\/08\\\/comunicacion-dos-sindicatos-comerciais-ccoo-e-ugt-despois-reunion-coa-delegada-da-xunta-de-galicia-en-vigo\\\/#primaryimage\"},\"image\":{\"@id\":\"https:\\\/\\\/www.anovapeneira.gal\\\/index.php\\\/2020\\\/01\\\/08\\\/comunicacion-dos-sindicatos-comerciais-ccoo-e-ugt-despois-reunion-coa-delegada-da-xunta-de-galicia-en-vigo\\\/#primaryimage\"},\"thumbnailUrl\":\"https:\\\/\\\/www.anovapeneira.gal\\\/wp-content\\\/uploads\\\/2020\\\/01\\\/logo-vector-concello-vigo.jpg\",\"datePublished\":\"2020-01-08T11:00:30+00:00\",\"breadcrumb\":{\"@id\":\"https:\\\/\\\/www.anovapeneira.gal\\\/index.php\\\/2020\\\/01\\\/08\\\/comunicacion-dos-sindicatos-comerciais-ccoo-e-ugt-despois-reunion-coa-delegada-da-xunta-de-galicia-en-vigo\\\/#breadcrumb\"},\"inLanguage\":\"gl-ES\",\"potentialAction\":[{\"@type\":\"ReadAction\",\"target\":[\"https:\\\/\\\/www.anovapeneira.gal\\\/index.php\\\/2020\\\/01\\\/08\\\/comunicacion-dos-sindicatos-comerciais-ccoo-e-ugt-despois-reunion-coa-delegada-da-xunta-de-galicia-en-vigo\\\/\"]}]},{\"@type\":\"ImageObject\",\"inLanguage\":\"gl-ES\",\"@id\":\"https:\\\/\\\/www.anovapeneira.gal\\\/index.php\\\/2020\\\/01\\\/08\\\/comunicacion-dos-sindicatos-comerciais-ccoo-e-ugt-despois-reunion-coa-delegada-da-xunta-de-galicia-en-vigo\\\/#primaryimage\",\"url\":\"https:\\\/\\\/www.anovapeneira.gal\\\/wp-content\\\/uploads\\\/2020\\\/01\\\/logo-vector-concello-vigo.jpg\",\"contentUrl\":\"https:\\\/\\\/www.anovapeneira.gal\\\/wp-content\\\/uploads\\\/2020\\\/01\\\/logo-vector-concello-vigo.jpg\",\"width\":720,\"height\":432,\"caption\":\"Concello de Vigo A Nova Peneira\"},{\"@type\":\"BreadcrumbList\",\"@id\":\"https:\\\/\\\/www.anovapeneira.gal\\\/index.php\\\/2020\\\/01\\\/08\\\/comunicacion-dos-sindicatos-comerciais-ccoo-e-ugt-despois-reunion-coa-delegada-da-xunta-de-galicia-en-vigo\\\/#breadcrumb\",\"itemListElement\":[{\"@type\":\"ListItem\",\"position\":1,\"name\":\"Portada\",\"item\":\"https:\\\/\\\/www.anovapeneira.gal\\\/\"},{\"@type\":\"ListItem\",\"position\":2,\"name\":\"Comunicaci\u00f3n dos sindicatos comerciais CCOO e UGT despois reuni\u00f3n coa delegada da Xunta de Galicia en Vigo\"}]},{\"@type\":\"WebSite\",\"@id\":\"https:\\\/\\\/www.anovapeneira.gal\\\/#website\",\"url\":\"https:\\\/\\\/www.anovapeneira.gal\\\/\",\"name\":\"\",\"description\":\"Xornal galego de informaci\u00f3n xeral Publicaci\u00f3n mensual de novas de Galicia e en especial dos Concellos da sur da provincia de Pontevedra.\",\"publisher\":{\"@id\":\"https:\\\/\\\/www.anovapeneira.gal\\\/#organization\"},\"potentialAction\":[{\"@type\":\"SearchAction\",\"target\":{\"@type\":\"EntryPoint\",\"urlTemplate\":\"https:\\\/\\\/www.anovapeneira.gal\\\/?s={search_term_string}\"},\"query-input\":{\"@type\":\"PropertyValueSpecification\",\"valueRequired\":true,\"valueName\":\"search_term_string\"}}],\"inLanguage\":\"gl-ES\"},{\"@type\":\"Organization\",\"@id\":\"https:\\\/\\\/www.anovapeneira.gal\\\/#organization\",\"name\":\"A Nova Peneira\",\"url\":\"https:\\\/\\\/www.anovapeneira.gal\\\/\",\"logo\":{\"@type\":\"ImageObject\",\"inLanguage\":\"gl-ES\",\"@id\":\"https:\\\/\\\/www.anovapeneira.gal\\\/#\\\/schema\\\/logo\\\/image\\\/\",\"url\":\"http:\\\/\\\/www.anovapeneira.gal\\\/wp-content\\\/uploads\\\/2019\\\/06\\\/logo_a_nova_peneira_portal_web.png\",\"contentUrl\":\"http:\\\/\\\/www.anovapeneira.gal\\\/wp-content\\\/uploads\\\/2019\\\/06\\\/logo_a_nova_peneira_portal_web.png\",\"width\":300,\"height\":100,\"caption\":\"A Nova Peneira\"},\"image\":{\"@id\":\"https:\\\/\\\/www.anovapeneira.gal\\\/#\\\/schema\\\/logo\\\/image\\\/\"},\"sameAs\":[\"https:\\\/\\\/www.facebook.com\\\/anovapeneira\",\"https:\\\/\\\/x.com\\\/APeneira\"]},{\"@type\":\"Person\",\"@id\":\"https:\\\/\\\/www.anovapeneira.gal\\\/#\\\/schema\\\/person\\\/b93e3f8932e3f8da96334607eb6ac6aa\",\"name\":\"Redacci\u00f3n A Nova Peneira\",\"image\":{\"@type\":\"ImageObject\",\"inLanguage\":\"gl-ES\",\"@id\":\"https:\\\/\\\/secure.gravatar.com\\\/avatar\\\/c052a2551a06e23fac63626232eaa90abd78dbcf1700fc46a2b2c89fd27b735f?s=96&d=mm&r=g\",\"url\":\"https:\\\/\\\/secure.gravatar.com\\\/avatar\\\/c052a2551a06e23fac63626232eaa90abd78dbcf1700fc46a2b2c89fd27b735f?s=96&d=mm&r=g\",\"contentUrl\":\"https:\\\/\\\/secure.gravatar.com\\\/avatar\\\/c052a2551a06e23fac63626232eaa90abd78dbcf1700fc46a2b2c89fd27b735f?s=96&d=mm&r=g\",\"caption\":\"Redacci\u00f3n A Nova Peneira\"},\"sameAs\":[\"http:\\\/\\\/www.anovapeneira.gal\\\/\"],\"url\":\"https:\\\/\\\/www.anovapeneira.gal\\\/index.php\\\/author\\\/redactor\\\/\"}]}<\/script>\n<!-- \/ Yoast SEO plugin. -->","yoast_head_json":{"title":"Comunicaci\u00f3n dos sindicatos comerciais CCOO e UGT despois reuni\u00f3n coa delegada da Xunta de Galicia en Vigo -","robots":{"index":"index","follow":"follow","max-snippet":"max-snippet:-1","max-image-preview":"max-image-preview:large","max-video-preview":"max-video-preview:-1"},"canonical":"https:\/\/www.anovapeneira.gal\/index.php\/2020\/01\/08\/comunicacion-dos-sindicatos-comerciais-ccoo-e-ugt-despois-reunion-coa-delegada-da-xunta-de-galicia-en-vigo\/","og_locale":"gl_ES","og_type":"article","og_title":"Comunicaci\u00f3n dos sindicatos comerciais CCOO e UGT despois reuni\u00f3n coa delegada da Xunta de Galicia en Vigo -","og_description":"Hoxe unha representaci\u00f3n dos pensionistas e dos sindicatos xubilados de CCOO e UGT encabezados polos seus l\u00edderes Tito Ucha e Juan Fontela mantiveron unha reuni\u00f3n coa delegada da Xunta en Vigo Do\u00f1a Corina Porro [...]","og_url":"https:\/\/www.anovapeneira.gal\/index.php\/2020\/01\/08\/comunicacion-dos-sindicatos-comerciais-ccoo-e-ugt-despois-reunion-coa-delegada-da-xunta-de-galicia-en-vigo\/","article_publisher":"https:\/\/www.facebook.com\/anovapeneira","article_published_time":"2020-01-08T11:00:30+00:00","og_image":[{"width":720,"height":432,"url":"https:\/\/www.anovapeneira.gal\/wp-content\/uploads\/2020\/01\/logo-vector-concello-vigo.jpg","type":"image\/jpeg"}],"author":"Redacci\u00f3n A Nova Peneira","twitter_card":"summary_large_image","twitter_creator":"@APeneira","twitter_site":"@APeneira","twitter_misc":{"Escrito por":"Redacci\u00f3n A Nova Peneira","Tempo de lectura":"3 minutos"},"schema":{"@context":"https:\/\/schema.org","@graph":[{"@type":"Article","@id":"https:\/\/www.anovapeneira.gal\/index.php\/2020\/01\/08\/comunicacion-dos-sindicatos-comerciais-ccoo-e-ugt-despois-reunion-coa-delegada-da-xunta-de-galicia-en-vigo\/#article","isPartOf":{"@id":"https:\/\/www.anovapeneira.gal\/index.php\/2020\/01\/08\/comunicacion-dos-sindicatos-comerciais-ccoo-e-ugt-despois-reunion-coa-delegada-da-xunta-de-galicia-en-vigo\/"},"author":{"name":"Redacci\u00f3n A Nova Peneira","@id":"https:\/\/www.anovapeneira.gal\/#\/schema\/person\/b93e3f8932e3f8da96334607eb6ac6aa"},"headline":"Comunicaci\u00f3n dos sindicatos comerciais CCOO e UGT despois reuni\u00f3n coa delegada da Xunta de Galicia en Vigo","datePublished":"2020-01-08T11:00:30+00:00","mainEntityOfPage":{"@id":"https:\/\/www.anovapeneira.gal\/index.php\/2020\/01\/08\/comunicacion-dos-sindicatos-comerciais-ccoo-e-ugt-despois-reunion-coa-delegada-da-xunta-de-galicia-en-vigo\/"},"wordCount":654,"commentCount":0,"publisher":{"@id":"https:\/\/www.anovapeneira.gal\/#organization"},"image":{"@id":"https:\/\/www.anovapeneira.gal\/index.php\/2020\/01\/08\/comunicacion-dos-sindicatos-comerciais-ccoo-e-ugt-despois-reunion-coa-delegada-da-xunta-de-galicia-en-vigo\/#primaryimage"},"thumbnailUrl":"https:\/\/www.anovapeneira.gal\/wp-content\/uploads\/2020\/01\/logo-vector-concello-vigo.jpg","keywords":["CCOO","Concello de Vigo","Sindicalismo","UGT"],"articleSection":["Vigo"],"inLanguage":"gl-ES","potentialAction":[{"@type":"CommentAction","name":"Comment","target":["https:\/\/www.anovapeneira.gal\/index.php\/2020\/01\/08\/comunicacion-dos-sindicatos-comerciais-ccoo-e-ugt-despois-reunion-coa-delegada-da-xunta-de-galicia-en-vigo\/#respond"]}]},{"@type":"WebPage","@id":"https:\/\/www.anovapeneira.gal\/index.php\/2020\/01\/08\/comunicacion-dos-sindicatos-comerciais-ccoo-e-ugt-despois-reunion-coa-delegada-da-xunta-de-galicia-en-vigo\/","url":"https:\/\/www.anovapeneira.gal\/index.php\/2020\/01\/08\/comunicacion-dos-sindicatos-comerciais-ccoo-e-ugt-despois-reunion-coa-delegada-da-xunta-de-galicia-en-vigo\/","name":"Comunicaci\u00f3n dos sindicatos comerciais CCOO e UGT despois reuni\u00f3n coa delegada da Xunta de Galicia en Vigo -","isPartOf":{"@id":"https:\/\/www.anovapeneira.gal\/#website"},"primaryImageOfPage":{"@id":"https:\/\/www.anovapeneira.gal\/index.php\/2020\/01\/08\/comunicacion-dos-sindicatos-comerciais-ccoo-e-ugt-despois-reunion-coa-delegada-da-xunta-de-galicia-en-vigo\/#primaryimage"},"image":{"@id":"https:\/\/www.anovapeneira.gal\/index.php\/2020\/01\/08\/comunicacion-dos-sindicatos-comerciais-ccoo-e-ugt-despois-reunion-coa-delegada-da-xunta-de-galicia-en-vigo\/#primaryimage"},"thumbnailUrl":"https:\/\/www.anovapeneira.gal\/wp-content\/uploads\/2020\/01\/logo-vector-concello-vigo.jpg","datePublished":"2020-01-08T11:00:30+00:00","breadcrumb":{"@id":"https:\/\/www.anovapeneira.gal\/index.php\/2020\/01\/08\/comunicacion-dos-sindicatos-comerciais-ccoo-e-ugt-despois-reunion-coa-delegada-da-xunta-de-galicia-en-vigo\/#breadcrumb"},"inLanguage":"gl-ES","potentialAction":[{"@type":"ReadAction","target":["https:\/\/www.anovapeneira.gal\/index.php\/2020\/01\/08\/comunicacion-dos-sindicatos-comerciais-ccoo-e-ugt-despois-reunion-coa-delegada-da-xunta-de-galicia-en-vigo\/"]}]},{"@type":"ImageObject","inLanguage":"gl-ES","@id":"https:\/\/www.anovapeneira.gal\/index.php\/2020\/01\/08\/comunicacion-dos-sindicatos-comerciais-ccoo-e-ugt-despois-reunion-coa-delegada-da-xunta-de-galicia-en-vigo\/#primaryimage","url":"https:\/\/www.anovapeneira.gal\/wp-content\/uploads\/2020\/01\/logo-vector-concello-vigo.jpg","contentUrl":"https:\/\/www.anovapeneira.gal\/wp-content\/uploads\/2020\/01\/logo-vector-concello-vigo.jpg","width":720,"height":432,"caption":"Concello de Vigo A Nova Peneira"},{"@type":"BreadcrumbList","@id":"https:\/\/www.anovapeneira.gal\/index.php\/2020\/01\/08\/comunicacion-dos-sindicatos-comerciais-ccoo-e-ugt-despois-reunion-coa-delegada-da-xunta-de-galicia-en-vigo\/#breadcrumb","itemListElement":[{"@type":"ListItem","position":1,"name":"Portada","item":"https:\/\/www.anovapeneira.gal\/"},{"@type":"ListItem","position":2,"name":"Comunicaci\u00f3n dos sindicatos comerciais CCOO e UGT despois reuni\u00f3n coa delegada da Xunta de Galicia en Vigo"}]},{"@type":"WebSite","@id":"https:\/\/www.anovapeneira.gal\/#website","url":"https:\/\/www.anovapeneira.gal\/","name":"","description":"Xornal galego de informaci\u00f3n xeral Publicaci\u00f3n mensual de novas de Galicia e en especial dos Concellos da sur da provincia de Pontevedra.","publisher":{"@id":"https:\/\/www.anovapeneira.gal\/#organization"},"potentialAction":[{"@type":"SearchAction","target":{"@type":"EntryPoint","urlTemplate":"https:\/\/www.anovapeneira.gal\/?s={search_term_string}"},"query-input":{"@type":"PropertyValueSpecification","valueRequired":true,"valueName":"search_term_string"}}],"inLanguage":"gl-ES"},{"@type":"Organization","@id":"https:\/\/www.anovapeneira.gal\/#organization","name":"A Nova Peneira","url":"https:\/\/www.anovapeneira.gal\/","logo":{"@type":"ImageObject","inLanguage":"gl-ES","@id":"https:\/\/www.anovapeneira.gal\/#\/schema\/logo\/image\/","url":"http:\/\/www.anovapeneira.gal\/wp-content\/uploads\/2019\/06\/logo_a_nova_peneira_portal_web.png","contentUrl":"http:\/\/www.anovapeneira.gal\/wp-content\/uploads\/2019\/06\/logo_a_nova_peneira_portal_web.png","width":300,"height":100,"caption":"A Nova Peneira"},"image":{"@id":"https:\/\/www.anovapeneira.gal\/#\/schema\/logo\/image\/"},"sameAs":["https:\/\/www.facebook.com\/anovapeneira","https:\/\/x.com\/APeneira"]},{"@type":"Person","@id":"https:\/\/www.anovapeneira.gal\/#\/schema\/person\/b93e3f8932e3f8da96334607eb6ac6aa","name":"Redacci\u00f3n A Nova Peneira","image":{"@type":"ImageObject","inLanguage":"gl-ES","@id":"https:\/\/secure.gravatar.com\/avatar\/c052a2551a06e23fac63626232eaa90abd78dbcf1700fc46a2b2c89fd27b735f?s=96&d=mm&r=g","url":"https:\/\/secure.gravatar.com\/avatar\/c052a2551a06e23fac63626232eaa90abd78dbcf1700fc46a2b2c89fd27b735f?s=96&d=mm&r=g","contentUrl":"https:\/\/secure.gravatar.com\/avatar\/c052a2551a06e23fac63626232eaa90abd78dbcf1700fc46a2b2c89fd27b735f?s=96&d=mm&r=g","caption":"Redacci\u00f3n A Nova Peneira"},"sameAs":["http:\/\/www.anovapeneira.gal\/"],"url":"https:\/\/www.anovapeneira.gal\/index.php\/author\/redactor\/"}]}},"jetpack_featured_media_url":"https:\/\/www.anovapeneira.gal\/wp-content\/uploads\/2020\/01\/logo-vector-concello-vigo.jpg","_links":{"self":[{"href":"https:\/\/www.anovapeneira.gal\/index.php\/wp-json\/wp\/v2\/posts\/2212","targetHints":{"allow":["GET"]}}],"collection":[{"href":"https:\/\/www.anovapeneira.gal\/index.php\/wp-json\/wp\/v2\/posts"}],"about":[{"href":"https:\/\/www.anovapeneira.gal\/index.php\/wp-json\/wp\/v2\/types\/post"}],"author":[{"embeddable":true,"href":"https:\/\/www.anovapeneira.gal\/index.php\/wp-json\/wp\/v2\/users\/3"}],"replies":[{"embeddable":true,"href":"https:\/\/www.anovapeneira.gal\/index.php\/wp-json\/wp\/v2\/comments?post=2212"}],"version-history":[{"count":1,"href":"https:\/\/www.anovapeneira.gal\/index.php\/wp-json\/wp\/v2\/posts\/2212\/revisions"}],"predecessor-version":[{"id":2214,"href":"https:\/\/www.anovapeneira.gal\/index.php\/wp-json\/wp\/v2\/posts\/2212\/revisions\/2214"}],"wp:featuredmedia":[{"embeddable":true,"href":"https:\/\/www.anovapeneira.gal\/index.php\/wp-json\/wp\/v2\/media\/2213"}],"wp:attachment":[{"href":"https:\/\/www.anovapeneira.gal\/index.php\/wp-json\/wp\/v2\/media?parent=2212"}],"wp:term":[{"taxonomy":"category","embeddable":true,"href":"https:\/\/www.anovapeneira.gal\/index.php\/wp-json\/wp\/v2\/categories?post=2212"},{"taxonomy":"post_tag","embeddable":true,"href":"https:\/\/www.anovapeneira.gal\/index.php\/wp-json\/wp\/v2\/tags?post=2212"}],"curies":[{"name":"wp","href":"https:\/\/api.w.org\/{rel}","templated":true}]}}