{"id":2223,"date":"2020-01-09T14:00:50","date_gmt":"2020-01-09T13:00:50","guid":{"rendered":"http:\/\/www.anovapeneira.gal\/?p=2223"},"modified":"2020-01-08T22:20:16","modified_gmt":"2020-01-08T21:20:16","slug":"o-concello-de-salvaterra-de-mino-ven-de-presentar-unha-nova-edicion-do-ciclo-cine-de-inverno","status":"publish","type":"post","link":"https:\/\/www.anovapeneira.gal\/index.php\/2020\/01\/09\/o-concello-de-salvaterra-de-mino-ven-de-presentar-unha-nova-edicion-do-ciclo-cine-de-inverno\/","title":{"rendered":"O Concello de Salvaterra de Mi\u00f1o ven de presentar unha nova edici\u00f3n do ciclo \u201cCINE DE INVERNO\u201d"},"content":{"rendered":"\n<h2 class=\"wp-block-heading\">Proxectaranse\n18 pel\u00edculas, entre o 18 de xaneiro e o 22 de marzo, no Sal\u00f3n da\nCasa de Cultura de Salvaterra<\/h2>\n\n\n\n<p>O\nprograma \u201cCine de Inverno\u201d \u00e9 un ciclo gratu\u00edto de cine que\nofrece 18 pel\u00edculas, os fins de semana, con sesi\u00f3ns os s\u00e1bados \u00e1s\n22.00 horas e os domingos \u00e1s 17.00 horas, entre o 18 de xaneiro e o\n22 de marzo, no Sal\u00f3n da Casa de Cultura de Salvaterra. Un programa\nde ocio e cultura enfocado a toda a poboaci\u00f3n, adultos, nenos,\nfamilias, grupos de amigos ou simplemente a calquera persoa que est\u00e1\nbuscando unha alternativa diferente e asequible.<\/p>\n\n\n\n<p>Nesta\nedici\u00f3n poderemos desfrutar dos \u00faltimos lanzamentos coas pel\u00edculas\nm\u00e1is recomendadas do 2018, con x\u00e9neros tan diversos como comedia,\nanimaci\u00f3n, fantas\u00eda, drama, acci\u00f3n, aventura.. con directores como\nFranck Dubosc, Rob Marshall, Javier Ru\u00edz Caldera, Daniel Moz\u00f3n&#8230;,\nentre outros-<\/p>\n\n\n\n<p>A\nprimeira pel\u00edcula que abrir\u00e1 este ciclo o s\u00e1bado 18&nbsp; ser\u00e1\nunha comedia dirixida por Franck Dubosc co&nbsp; t\u00edtulo \u201cSobre\nRuedas\u201d \u00e1s 22.00h e o domingo 19.00h proxectarase \u201cSpiderman, un\nnuevo universo\u201d \u00e1s 17.00h, unha ppel\u00edcula de animaci\u00f3n enfocada\npara o p\u00fablico m\u00e1is novo.<\/p>\n","protected":false},"excerpt":{"rendered":"<div class=\"mh-excerpt\"><p>Proxectaranse 18 pel\u00edculas, entre o 18 de xaneiro e o 22 de marzo, no Sal\u00f3n da Casa de Cultura de Salvaterra <a class=\"mh-excerpt-more\" href=\"https:\/\/www.anovapeneira.gal\/index.php\/2020\/01\/09\/o-concello-de-salvaterra-de-mino-ven-de-presentar-unha-nova-edicion-do-ciclo-cine-de-inverno\/\" title=\"O Concello de Salvaterra de Mi\u00f1o ven de presentar unha nova edici\u00f3n do ciclo \u201cCINE DE INVERNO\u201d\">[&#8230;]<\/a><\/p>\n<\/div>","protected":false},"author":3,"featured_media":2224,"comment_status":"open","ping_status":"open","sticky":false,"template":"","format":"standard","meta":{"_exactmetrics_skip_tracking":false,"_exactmetrics_sitenote_active":false,"_exactmetrics_sitenote_note":"","_exactmetrics_sitenote_category":0,"footnotes":""},"categories":[25],"tags":[895,186],"class_list":{"0":"post-2223","1":"post","2":"type-post","3":"status-publish","4":"format-standard","5":"has-post-thumbnail","7":"category-condado","8":"tag-cine-de-inverno","9":"tag-concello-de-salvaterra-do-mino"},"yoast_head":"<!-- This site is optimized with the Yoast SEO plugin v27.4 - https:\/\/yoast.com\/product\/yoast-seo-wordpress\/ -->\n<title>O Concello de Salvaterra de Mi\u00f1o ven de presentar unha nova edici\u00f3n do ciclo \u201cCINE DE INVERNO\u201d -<\/title>\n<meta name=\"robots\" content=\"index, follow, max-snippet:-1, max-image-preview:large, max-video-preview:-1\" \/>\n<link rel=\"canonical\" href=\"https:\/\/www.anovapeneira.gal\/index.php\/2020\/01\/09\/o-concello-de-salvaterra-de-mino-ven-de-presentar-unha-nova-edicion-do-ciclo-cine-de-inverno\/\" \/>\n<meta property=\"og:locale\" content=\"gl_ES\" \/>\n<meta property=\"og:type\" content=\"article\" \/>\n<meta property=\"og:title\" content=\"O Concello de Salvaterra de Mi\u00f1o ven de presentar unha nova edici\u00f3n do ciclo \u201cCINE DE INVERNO\u201d -\" \/>\n<meta property=\"og:description\" content=\"Proxectaranse 18 pel\u00edculas, entre o 18 de xaneiro e o 22 de marzo, no Sal\u00f3n da Casa de Cultura de Salvaterra [...]\" \/>\n<meta property=\"og:url\" content=\"https:\/\/www.anovapeneira.gal\/index.php\/2020\/01\/09\/o-concello-de-salvaterra-de-mino-ven-de-presentar-unha-nova-edicion-do-ciclo-cine-de-inverno\/\" \/>\n<meta property=\"article:publisher\" content=\"https:\/\/www.facebook.com\/anovapeneira\" \/>\n<meta property=\"article:published_time\" content=\"2020-01-09T13:00:50+00:00\" \/>\n<meta property=\"og:image\" content=\"https:\/\/www.anovapeneira.gal\/wp-content\/uploads\/2020\/01\/ciclo_cine_inverno_a_nova_peneira.jpg\" \/>\n\t<meta property=\"og:image:width\" content=\"720\" \/>\n\t<meta property=\"og:image:height\" content=\"432\" \/>\n\t<meta property=\"og:image:type\" content=\"image\/jpeg\" \/>\n<meta name=\"author\" content=\"Redacci\u00f3n A Nova Peneira\" \/>\n<meta name=\"twitter:card\" content=\"summary_large_image\" \/>\n<meta name=\"twitter:creator\" content=\"@APeneira\" \/>\n<meta name=\"twitter:site\" content=\"@APeneira\" \/>\n<meta name=\"twitter:label1\" content=\"Escrito por\" \/>\n\t<meta name=\"twitter:data1\" content=\"Redacci\u00f3n A Nova Peneira\" \/>\n\t<meta name=\"twitter:label2\" content=\"Tempo de lectura\" \/>\n\t<meta name=\"twitter:data2\" content=\"1 minuto\" \/>\n<script type=\"application\/ld+json\" class=\"yoast-schema-graph\">{\"@context\":\"https:\\\/\\\/schema.org\",\"@graph\":[{\"@type\":\"Article\",\"@id\":\"https:\\\/\\\/www.anovapeneira.gal\\\/index.php\\\/2020\\\/01\\\/09\\\/o-concello-de-salvaterra-de-mino-ven-de-presentar-unha-nova-edicion-do-ciclo-cine-de-inverno\\\/#article\",\"isPartOf\":{\"@id\":\"https:\\\/\\\/www.anovapeneira.gal\\\/index.php\\\/2020\\\/01\\\/09\\\/o-concello-de-salvaterra-de-mino-ven-de-presentar-unha-nova-edicion-do-ciclo-cine-de-inverno\\\/\"},\"author\":{\"name\":\"Redacci\u00f3n A Nova Peneira\",\"@id\":\"https:\\\/\\\/www.anovapeneira.gal\\\/#\\\/schema\\\/person\\\/b93e3f8932e3f8da96334607eb6ac6aa\"},\"headline\":\"O Concello de Salvaterra de Mi\u00f1o ven de presentar unha nova edici\u00f3n do ciclo \u201cCINE DE INVERNO\u201d\",\"datePublished\":\"2020-01-09T13:00:50+00:00\",\"mainEntityOfPage\":{\"@id\":\"https:\\\/\\\/www.anovapeneira.gal\\\/index.php\\\/2020\\\/01\\\/09\\\/o-concello-de-salvaterra-de-mino-ven-de-presentar-unha-nova-edicion-do-ciclo-cine-de-inverno\\\/\"},\"wordCount\":217,\"commentCount\":0,\"publisher\":{\"@id\":\"https:\\\/\\\/www.anovapeneira.gal\\\/#organization\"},\"image\":{\"@id\":\"https:\\\/\\\/www.anovapeneira.gal\\\/index.php\\\/2020\\\/01\\\/09\\\/o-concello-de-salvaterra-de-mino-ven-de-presentar-unha-nova-edicion-do-ciclo-cine-de-inverno\\\/#primaryimage\"},\"thumbnailUrl\":\"https:\\\/\\\/www.anovapeneira.gal\\\/wp-content\\\/uploads\\\/2020\\\/01\\\/ciclo_cine_inverno_a_nova_peneira.jpg\",\"keywords\":[\"Cine de inverno\",\"Concello de Salvaterra do Mi\u00f1o\"],\"articleSection\":[\"Condado\"],\"inLanguage\":\"gl-ES\",\"potentialAction\":[{\"@type\":\"CommentAction\",\"name\":\"Comment\",\"target\":[\"https:\\\/\\\/www.anovapeneira.gal\\\/index.php\\\/2020\\\/01\\\/09\\\/o-concello-de-salvaterra-de-mino-ven-de-presentar-unha-nova-edicion-do-ciclo-cine-de-inverno\\\/#respond\"]}]},{\"@type\":\"WebPage\",\"@id\":\"https:\\\/\\\/www.anovapeneira.gal\\\/index.php\\\/2020\\\/01\\\/09\\\/o-concello-de-salvaterra-de-mino-ven-de-presentar-unha-nova-edicion-do-ciclo-cine-de-inverno\\\/\",\"url\":\"https:\\\/\\\/www.anovapeneira.gal\\\/index.php\\\/2020\\\/01\\\/09\\\/o-concello-de-salvaterra-de-mino-ven-de-presentar-unha-nova-edicion-do-ciclo-cine-de-inverno\\\/\",\"name\":\"O Concello de Salvaterra de Mi\u00f1o ven de presentar unha nova edici\u00f3n do ciclo \u201cCINE DE INVERNO\u201d -\",\"isPartOf\":{\"@id\":\"https:\\\/\\\/www.anovapeneira.gal\\\/#website\"},\"primaryImageOfPage\":{\"@id\":\"https:\\\/\\\/www.anovapeneira.gal\\\/index.php\\\/2020\\\/01\\\/09\\\/o-concello-de-salvaterra-de-mino-ven-de-presentar-unha-nova-edicion-do-ciclo-cine-de-inverno\\\/#primaryimage\"},\"image\":{\"@id\":\"https:\\\/\\\/www.anovapeneira.gal\\\/index.php\\\/2020\\\/01\\\/09\\\/o-concello-de-salvaterra-de-mino-ven-de-presentar-unha-nova-edicion-do-ciclo-cine-de-inverno\\\/#primaryimage\"},\"thumbnailUrl\":\"https:\\\/\\\/www.anovapeneira.gal\\\/wp-content\\\/uploads\\\/2020\\\/01\\\/ciclo_cine_inverno_a_nova_peneira.jpg\",\"datePublished\":\"2020-01-09T13:00:50+00:00\",\"breadcrumb\":{\"@id\":\"https:\\\/\\\/www.anovapeneira.gal\\\/index.php\\\/2020\\\/01\\\/09\\\/o-concello-de-salvaterra-de-mino-ven-de-presentar-unha-nova-edicion-do-ciclo-cine-de-inverno\\\/#breadcrumb\"},\"inLanguage\":\"gl-ES\",\"potentialAction\":[{\"@type\":\"ReadAction\",\"target\":[\"https:\\\/\\\/www.anovapeneira.gal\\\/index.php\\\/2020\\\/01\\\/09\\\/o-concello-de-salvaterra-de-mino-ven-de-presentar-unha-nova-edicion-do-ciclo-cine-de-inverno\\\/\"]}]},{\"@type\":\"ImageObject\",\"inLanguage\":\"gl-ES\",\"@id\":\"https:\\\/\\\/www.anovapeneira.gal\\\/index.php\\\/2020\\\/01\\\/09\\\/o-concello-de-salvaterra-de-mino-ven-de-presentar-unha-nova-edicion-do-ciclo-cine-de-inverno\\\/#primaryimage\",\"url\":\"https:\\\/\\\/www.anovapeneira.gal\\\/wp-content\\\/uploads\\\/2020\\\/01\\\/ciclo_cine_inverno_a_nova_peneira.jpg\",\"contentUrl\":\"https:\\\/\\\/www.anovapeneira.gal\\\/wp-content\\\/uploads\\\/2020\\\/01\\\/ciclo_cine_inverno_a_nova_peneira.jpg\",\"width\":720,\"height\":432,\"caption\":\"ciclo de cine de inverno concello de Salvaterra A Nova Peneira\"},{\"@type\":\"BreadcrumbList\",\"@id\":\"https:\\\/\\\/www.anovapeneira.gal\\\/index.php\\\/2020\\\/01\\\/09\\\/o-concello-de-salvaterra-de-mino-ven-de-presentar-unha-nova-edicion-do-ciclo-cine-de-inverno\\\/#breadcrumb\",\"itemListElement\":[{\"@type\":\"ListItem\",\"position\":1,\"name\":\"Portada\",\"item\":\"https:\\\/\\\/www.anovapeneira.gal\\\/\"},{\"@type\":\"ListItem\",\"position\":2,\"name\":\"O Concello de Salvaterra de Mi\u00f1o ven de presentar unha nova edici\u00f3n do ciclo \u201cCINE DE INVERNO\u201d\"}]},{\"@type\":\"WebSite\",\"@id\":\"https:\\\/\\\/www.anovapeneira.gal\\\/#website\",\"url\":\"https:\\\/\\\/www.anovapeneira.gal\\\/\",\"name\":\"\",\"description\":\"Xornal galego de informaci\u00f3n xeral Publicaci\u00f3n mensual de novas de Galicia e en especial dos Concellos da sur da provincia de Pontevedra.\",\"publisher\":{\"@id\":\"https:\\\/\\\/www.anovapeneira.gal\\\/#organization\"},\"potentialAction\":[{\"@type\":\"SearchAction\",\"target\":{\"@type\":\"EntryPoint\",\"urlTemplate\":\"https:\\\/\\\/www.anovapeneira.gal\\\/?s={search_term_string}\"},\"query-input\":{\"@type\":\"PropertyValueSpecification\",\"valueRequired\":true,\"valueName\":\"search_term_string\"}}],\"inLanguage\":\"gl-ES\"},{\"@type\":\"Organization\",\"@id\":\"https:\\\/\\\/www.anovapeneira.gal\\\/#organization\",\"name\":\"A Nova Peneira\",\"url\":\"https:\\\/\\\/www.anovapeneira.gal\\\/\",\"logo\":{\"@type\":\"ImageObject\",\"inLanguage\":\"gl-ES\",\"@id\":\"https:\\\/\\\/www.anovapeneira.gal\\\/#\\\/schema\\\/logo\\\/image\\\/\",\"url\":\"http:\\\/\\\/www.anovapeneira.gal\\\/wp-content\\\/uploads\\\/2019\\\/06\\\/logo_a_nova_peneira_portal_web.png\",\"contentUrl\":\"http:\\\/\\\/www.anovapeneira.gal\\\/wp-content\\\/uploads\\\/2019\\\/06\\\/logo_a_nova_peneira_portal_web.png\",\"width\":300,\"height\":100,\"caption\":\"A Nova Peneira\"},\"image\":{\"@id\":\"https:\\\/\\\/www.anovapeneira.gal\\\/#\\\/schema\\\/logo\\\/image\\\/\"},\"sameAs\":[\"https:\\\/\\\/www.facebook.com\\\/anovapeneira\",\"https:\\\/\\\/x.com\\\/APeneira\"]},{\"@type\":\"Person\",\"@id\":\"https:\\\/\\\/www.anovapeneira.gal\\\/#\\\/schema\\\/person\\\/b93e3f8932e3f8da96334607eb6ac6aa\",\"name\":\"Redacci\u00f3n A Nova Peneira\",\"image\":{\"@type\":\"ImageObject\",\"inLanguage\":\"gl-ES\",\"@id\":\"https:\\\/\\\/secure.gravatar.com\\\/avatar\\\/c052a2551a06e23fac63626232eaa90abd78dbcf1700fc46a2b2c89fd27b735f?s=96&d=mm&r=g\",\"url\":\"https:\\\/\\\/secure.gravatar.com\\\/avatar\\\/c052a2551a06e23fac63626232eaa90abd78dbcf1700fc46a2b2c89fd27b735f?s=96&d=mm&r=g\",\"contentUrl\":\"https:\\\/\\\/secure.gravatar.com\\\/avatar\\\/c052a2551a06e23fac63626232eaa90abd78dbcf1700fc46a2b2c89fd27b735f?s=96&d=mm&r=g\",\"caption\":\"Redacci\u00f3n A Nova Peneira\"},\"sameAs\":[\"http:\\\/\\\/www.anovapeneira.gal\\\/\"],\"url\":\"https:\\\/\\\/www.anovapeneira.gal\\\/index.php\\\/author\\\/redactor\\\/\"}]}<\/script>\n<!-- \/ Yoast SEO plugin. -->","yoast_head_json":{"title":"O Concello de Salvaterra de Mi\u00f1o ven de presentar unha nova edici\u00f3n do ciclo \u201cCINE DE INVERNO\u201d -","robots":{"index":"index","follow":"follow","max-snippet":"max-snippet:-1","max-image-preview":"max-image-preview:large","max-video-preview":"max-video-preview:-1"},"canonical":"https:\/\/www.anovapeneira.gal\/index.php\/2020\/01\/09\/o-concello-de-salvaterra-de-mino-ven-de-presentar-unha-nova-edicion-do-ciclo-cine-de-inverno\/","og_locale":"gl_ES","og_type":"article","og_title":"O Concello de Salvaterra de Mi\u00f1o ven de presentar unha nova edici\u00f3n do ciclo \u201cCINE DE INVERNO\u201d -","og_description":"Proxectaranse 18 pel\u00edculas, entre o 18 de xaneiro e o 22 de marzo, no Sal\u00f3n da Casa de Cultura de Salvaterra [...]","og_url":"https:\/\/www.anovapeneira.gal\/index.php\/2020\/01\/09\/o-concello-de-salvaterra-de-mino-ven-de-presentar-unha-nova-edicion-do-ciclo-cine-de-inverno\/","article_publisher":"https:\/\/www.facebook.com\/anovapeneira","article_published_time":"2020-01-09T13:00:50+00:00","og_image":[{"width":720,"height":432,"url":"https:\/\/www.anovapeneira.gal\/wp-content\/uploads\/2020\/01\/ciclo_cine_inverno_a_nova_peneira.jpg","type":"image\/jpeg"}],"author":"Redacci\u00f3n A Nova Peneira","twitter_card":"summary_large_image","twitter_creator":"@APeneira","twitter_site":"@APeneira","twitter_misc":{"Escrito por":"Redacci\u00f3n A Nova Peneira","Tempo de lectura":"1 minuto"},"schema":{"@context":"https:\/\/schema.org","@graph":[{"@type":"Article","@id":"https:\/\/www.anovapeneira.gal\/index.php\/2020\/01\/09\/o-concello-de-salvaterra-de-mino-ven-de-presentar-unha-nova-edicion-do-ciclo-cine-de-inverno\/#article","isPartOf":{"@id":"https:\/\/www.anovapeneira.gal\/index.php\/2020\/01\/09\/o-concello-de-salvaterra-de-mino-ven-de-presentar-unha-nova-edicion-do-ciclo-cine-de-inverno\/"},"author":{"name":"Redacci\u00f3n A Nova Peneira","@id":"https:\/\/www.anovapeneira.gal\/#\/schema\/person\/b93e3f8932e3f8da96334607eb6ac6aa"},"headline":"O Concello de Salvaterra de Mi\u00f1o ven de presentar unha nova edici\u00f3n do ciclo \u201cCINE DE INVERNO\u201d","datePublished":"2020-01-09T13:00:50+00:00","mainEntityOfPage":{"@id":"https:\/\/www.anovapeneira.gal\/index.php\/2020\/01\/09\/o-concello-de-salvaterra-de-mino-ven-de-presentar-unha-nova-edicion-do-ciclo-cine-de-inverno\/"},"wordCount":217,"commentCount":0,"publisher":{"@id":"https:\/\/www.anovapeneira.gal\/#organization"},"image":{"@id":"https:\/\/www.anovapeneira.gal\/index.php\/2020\/01\/09\/o-concello-de-salvaterra-de-mino-ven-de-presentar-unha-nova-edicion-do-ciclo-cine-de-inverno\/#primaryimage"},"thumbnailUrl":"https:\/\/www.anovapeneira.gal\/wp-content\/uploads\/2020\/01\/ciclo_cine_inverno_a_nova_peneira.jpg","keywords":["Cine de inverno","Concello de Salvaterra do Mi\u00f1o"],"articleSection":["Condado"],"inLanguage":"gl-ES","potentialAction":[{"@type":"CommentAction","name":"Comment","target":["https:\/\/www.anovapeneira.gal\/index.php\/2020\/01\/09\/o-concello-de-salvaterra-de-mino-ven-de-presentar-unha-nova-edicion-do-ciclo-cine-de-inverno\/#respond"]}]},{"@type":"WebPage","@id":"https:\/\/www.anovapeneira.gal\/index.php\/2020\/01\/09\/o-concello-de-salvaterra-de-mino-ven-de-presentar-unha-nova-edicion-do-ciclo-cine-de-inverno\/","url":"https:\/\/www.anovapeneira.gal\/index.php\/2020\/01\/09\/o-concello-de-salvaterra-de-mino-ven-de-presentar-unha-nova-edicion-do-ciclo-cine-de-inverno\/","name":"O Concello de Salvaterra de Mi\u00f1o ven de presentar unha nova edici\u00f3n do ciclo \u201cCINE DE INVERNO\u201d -","isPartOf":{"@id":"https:\/\/www.anovapeneira.gal\/#website"},"primaryImageOfPage":{"@id":"https:\/\/www.anovapeneira.gal\/index.php\/2020\/01\/09\/o-concello-de-salvaterra-de-mino-ven-de-presentar-unha-nova-edicion-do-ciclo-cine-de-inverno\/#primaryimage"},"image":{"@id":"https:\/\/www.anovapeneira.gal\/index.php\/2020\/01\/09\/o-concello-de-salvaterra-de-mino-ven-de-presentar-unha-nova-edicion-do-ciclo-cine-de-inverno\/#primaryimage"},"thumbnailUrl":"https:\/\/www.anovapeneira.gal\/wp-content\/uploads\/2020\/01\/ciclo_cine_inverno_a_nova_peneira.jpg","datePublished":"2020-01-09T13:00:50+00:00","breadcrumb":{"@id":"https:\/\/www.anovapeneira.gal\/index.php\/2020\/01\/09\/o-concello-de-salvaterra-de-mino-ven-de-presentar-unha-nova-edicion-do-ciclo-cine-de-inverno\/#breadcrumb"},"inLanguage":"gl-ES","potentialAction":[{"@type":"ReadAction","target":["https:\/\/www.anovapeneira.gal\/index.php\/2020\/01\/09\/o-concello-de-salvaterra-de-mino-ven-de-presentar-unha-nova-edicion-do-ciclo-cine-de-inverno\/"]}]},{"@type":"ImageObject","inLanguage":"gl-ES","@id":"https:\/\/www.anovapeneira.gal\/index.php\/2020\/01\/09\/o-concello-de-salvaterra-de-mino-ven-de-presentar-unha-nova-edicion-do-ciclo-cine-de-inverno\/#primaryimage","url":"https:\/\/www.anovapeneira.gal\/wp-content\/uploads\/2020\/01\/ciclo_cine_inverno_a_nova_peneira.jpg","contentUrl":"https:\/\/www.anovapeneira.gal\/wp-content\/uploads\/2020\/01\/ciclo_cine_inverno_a_nova_peneira.jpg","width":720,"height":432,"caption":"ciclo de cine de inverno concello de Salvaterra A Nova Peneira"},{"@type":"BreadcrumbList","@id":"https:\/\/www.anovapeneira.gal\/index.php\/2020\/01\/09\/o-concello-de-salvaterra-de-mino-ven-de-presentar-unha-nova-edicion-do-ciclo-cine-de-inverno\/#breadcrumb","itemListElement":[{"@type":"ListItem","position":1,"name":"Portada","item":"https:\/\/www.anovapeneira.gal\/"},{"@type":"ListItem","position":2,"name":"O Concello de Salvaterra de Mi\u00f1o ven de presentar unha nova edici\u00f3n do ciclo \u201cCINE DE INVERNO\u201d"}]},{"@type":"WebSite","@id":"https:\/\/www.anovapeneira.gal\/#website","url":"https:\/\/www.anovapeneira.gal\/","name":"","description":"Xornal galego de informaci\u00f3n xeral Publicaci\u00f3n mensual de novas de Galicia e en especial dos Concellos da sur da provincia de Pontevedra.","publisher":{"@id":"https:\/\/www.anovapeneira.gal\/#organization"},"potentialAction":[{"@type":"SearchAction","target":{"@type":"EntryPoint","urlTemplate":"https:\/\/www.anovapeneira.gal\/?s={search_term_string}"},"query-input":{"@type":"PropertyValueSpecification","valueRequired":true,"valueName":"search_term_string"}}],"inLanguage":"gl-ES"},{"@type":"Organization","@id":"https:\/\/www.anovapeneira.gal\/#organization","name":"A Nova Peneira","url":"https:\/\/www.anovapeneira.gal\/","logo":{"@type":"ImageObject","inLanguage":"gl-ES","@id":"https:\/\/www.anovapeneira.gal\/#\/schema\/logo\/image\/","url":"http:\/\/www.anovapeneira.gal\/wp-content\/uploads\/2019\/06\/logo_a_nova_peneira_portal_web.png","contentUrl":"http:\/\/www.anovapeneira.gal\/wp-content\/uploads\/2019\/06\/logo_a_nova_peneira_portal_web.png","width":300,"height":100,"caption":"A Nova Peneira"},"image":{"@id":"https:\/\/www.anovapeneira.gal\/#\/schema\/logo\/image\/"},"sameAs":["https:\/\/www.facebook.com\/anovapeneira","https:\/\/x.com\/APeneira"]},{"@type":"Person","@id":"https:\/\/www.anovapeneira.gal\/#\/schema\/person\/b93e3f8932e3f8da96334607eb6ac6aa","name":"Redacci\u00f3n A Nova Peneira","image":{"@type":"ImageObject","inLanguage":"gl-ES","@id":"https:\/\/secure.gravatar.com\/avatar\/c052a2551a06e23fac63626232eaa90abd78dbcf1700fc46a2b2c89fd27b735f?s=96&d=mm&r=g","url":"https:\/\/secure.gravatar.com\/avatar\/c052a2551a06e23fac63626232eaa90abd78dbcf1700fc46a2b2c89fd27b735f?s=96&d=mm&r=g","contentUrl":"https:\/\/secure.gravatar.com\/avatar\/c052a2551a06e23fac63626232eaa90abd78dbcf1700fc46a2b2c89fd27b735f?s=96&d=mm&r=g","caption":"Redacci\u00f3n A Nova Peneira"},"sameAs":["http:\/\/www.anovapeneira.gal\/"],"url":"https:\/\/www.anovapeneira.gal\/index.php\/author\/redactor\/"}]}},"jetpack_featured_media_url":"https:\/\/www.anovapeneira.gal\/wp-content\/uploads\/2020\/01\/ciclo_cine_inverno_a_nova_peneira.jpg","_links":{"self":[{"href":"https:\/\/www.anovapeneira.gal\/index.php\/wp-json\/wp\/v2\/posts\/2223","targetHints":{"allow":["GET"]}}],"collection":[{"href":"https:\/\/www.anovapeneira.gal\/index.php\/wp-json\/wp\/v2\/posts"}],"about":[{"href":"https:\/\/www.anovapeneira.gal\/index.php\/wp-json\/wp\/v2\/types\/post"}],"author":[{"embeddable":true,"href":"https:\/\/www.anovapeneira.gal\/index.php\/wp-json\/wp\/v2\/users\/3"}],"replies":[{"embeddable":true,"href":"https:\/\/www.anovapeneira.gal\/index.php\/wp-json\/wp\/v2\/comments?post=2223"}],"version-history":[{"count":1,"href":"https:\/\/www.anovapeneira.gal\/index.php\/wp-json\/wp\/v2\/posts\/2223\/revisions"}],"predecessor-version":[{"id":2225,"href":"https:\/\/www.anovapeneira.gal\/index.php\/wp-json\/wp\/v2\/posts\/2223\/revisions\/2225"}],"wp:featuredmedia":[{"embeddable":true,"href":"https:\/\/www.anovapeneira.gal\/index.php\/wp-json\/wp\/v2\/media\/2224"}],"wp:attachment":[{"href":"https:\/\/www.anovapeneira.gal\/index.php\/wp-json\/wp\/v2\/media?parent=2223"}],"wp:term":[{"taxonomy":"category","embeddable":true,"href":"https:\/\/www.anovapeneira.gal\/index.php\/wp-json\/wp\/v2\/categories?post=2223"},{"taxonomy":"post_tag","embeddable":true,"href":"https:\/\/www.anovapeneira.gal\/index.php\/wp-json\/wp\/v2\/tags?post=2223"}],"curies":[{"name":"wp","href":"https:\/\/api.w.org\/{rel}","templated":true}]}}