{"id":2237,"date":"2020-01-13T10:00:14","date_gmt":"2020-01-13T09:00:14","guid":{"rendered":"http:\/\/www.anovapeneira.gal\/?p=2237"},"modified":"2020-01-11T21:46:44","modified_gmt":"2020-01-11T20:46:44","slug":"debate-de-investidura","status":"publish","type":"post","link":"https:\/\/www.anovapeneira.gal\/index.php\/2020\/01\/13\/debate-de-investidura\/","title":{"rendered":"Debate de investidura"},"content":{"rendered":"\n<figure class=\"wp-block-image size-large is-resized\"><img loading=\"lazy\" decoding=\"async\" src=\"http:\/\/www.anovapeneira.gal\/wp-content\/uploads\/2019\/07\/pedro_cortegoso_opinion_a_nova_peneira_bn.jpg\" alt=\"Pedro M. Cortegoso Gago Artigo Opini\u00f3n A Nova Peneira\" class=\"wp-image-464\" width=\"95\" height=\"111\"\/><figcaption><strong>Pedro M. Cortegoso Gago<\/strong><\/figcaption><\/figure>\n\n\n\n<p>No\nrecente debate de investidura tivemos unha mostra de como as gastan\nas dereitas espa\u00f1olas cando te\u00f1en as de perder, amosando a s\u00faas\npeores formas e po\u00f1endo en cuesti\u00f3n a \u201cexquisita\u201d educaci\u00f3n\nrecibida nos caros colexios privados nos que os forman. Desprezaron\nconstantemente a liberdade de expresi\u00f3n e de opini\u00f3n dos deputados\ne deputadas do congreso que non son do seu agrado. Ameazaron,\ncoaccionaron, berraron e interromperon&#8230; para impedir o debate das\nideas, das ideas que non son as s\u00faas. Transformaron o congreso nun\nestudio de televisi\u00f3n de calquera desas canles privadas onde o nivel\nintelectual descende e \u00e9 substitu\u00eddo polos berros para machacar ao\ncontrario.<\/p>\n\n\n\n<p>Calquera\npersoa cuns m\u00ednimos principios democr\u00e1ticos deber\u00eda escandalizarse\nante os chamamentos ao \u201ctamayazo\u201d, ao transfuguismo, feitos\npublicamente na tribuna parlamentar. As\u00ed \u00e9 como entende a\ndemocracia a dereita espa\u00f1ola? En calquera pa\u00eds normal ser\u00eda\nimpens\u00e1bel que acontecese isto, pero Espa\u00f1a non \u00e9 un pa\u00eds normal.\nEspa\u00f1a \u00e9 o resultado de corenta anos dunha ditadura fechada en\nfalso nunha transici\u00f3n onde nos venderon unha moto coas rodas\npinchadas coa complicidade interesada da \u201cesquerda\u201d espa\u00f1ola.<\/p>\n\n\n\n<p>Escoitar\nos vivas a Espa\u00f1a e ao Rei no congreso levounos a tempos pasados.\nSon berros de nostalxia, dos que queren un estado espa\u00f1ol en branco\nen negro, un estado espa\u00f1ol mais totalitario do que xa \u00e9 nestes\nmomentos. Uns vivas cos que pretenden agochar o que realmente est\u00e1n\ndefendendo: os privilexios do capital, da banca, do Ibex, das altas\nc\u00fapulas militares e eclesi\u00e1sticas&#8230;<\/p>\n\n\n\n<p>Parede\nque est\u00e1n quentando motores para xustificar que \u00e1s r\u00faas se\nconvertan en campos de batalla onde o totalitarismo tente calar a voz\ndo diferente, da disidencia. Contra as mulleres, @s comunistas, @s\nseparatistas&#8230; contra tod@s @s que non pensen coma eles.<\/p>\n\n\n\n<p>E\nno medio de todos estes estaba a nosa medio alcaldesa de Mar\u00edn, a\nSra. Ramallo, aplaudindo o discurso en branco e negro do Sr. Casado.\nPregunt\u00e1monos se deixou en Mar\u00edn o seu talante moderado e tam\u00e9n se\nxuntou ao akelarre de insultos e descualificaci\u00f3ns do contrario?<\/p>\n\n\n\n<p><strong>Na\nGaliza tam\u00e9n temos o noso \u201chooligan\u201d.<\/strong><\/p>\n\n\n\n<p>Parece\nser que ao Sr. Feixoo non lle sentou moi ben o acordo de investidura\nentre o BNG e o PSOE. Un documento onde se comprometen as partes a\npotenciar o autogoberno, defender o idioma, mellorar as\ninfraestruturas de comunicaci\u00f3n, rexenerar as r\u00edas, buscar un\nfuturo para as comarcas que dependen das industrias\nelectro-intensivas, mellorar a protecci\u00f3n das mulleres, etc.<\/p>\n\n\n\n<p>A\nreacci\u00f3n furibunda e airada do Sr. Presidente nas redes sociais\ncontra este acordo deixa en evidencia o dano que lles fai a estes\nfilibusteiros que nos gobernan a acci\u00f3n pol\u00edtica do BNG en defensa\ndos intereses do pobo galego. Cun s\u00f3 deputado en Madrid Galiza pasou\nda irrelevancia pol\u00edtica ao n\u00famero un das listas de \u00e9xitos nos\nmedios de comunicaci\u00f3n, nos de f\u00f3ra xa que a TVG segue coa s\u00faa\nli\u00f1a de ocultaci\u00f3n da realidade e loas ao l\u00edder do PP.<\/p>\n\n\n\n<p>Lendo\neste texto calquera persoa minimamente intelixente d\u00e1se conta da\ninutilidade dos gobernos con maior\u00eda absoluta do PP desde a chegada\nde Feixoo \u00e1 presidencia. Queda en evidencia a s\u00faa incapacidade. O\nresultado da acci\u00f3n de goberno nestes dez anos para Galiza \u00e9\nlament\u00e1bel: perda de poboaci\u00f3n, desertizaci\u00f3n do rural,\ndesmantelamento do noso sector industrial, agon\u00eda do sector\nagro-gandeiro, desmantelamento do noso sector pesqueiro, emigraci\u00f3n\nda nosa mocidade, irrelevancia pol\u00edtica de Galiza no estado espa\u00f1ol.<\/p>\n\n\n\n<p>Pero\nFeixoo non est\u00e1 molesto por que non foi capaz de acadar ren para\nGaliza. O programa oculto do PP era e \u00e9 precisamente ese, facer\ndesaparecer aos poucos a nosa naci\u00f3n e po\u00f1er os nosos recursos en\nmans da \u201ciniciativa privada\u201d.<\/p>\n\n\n\n<p>O\nacordo entre de investidura entre o BNG eo PSOE non \u00e9 a panacea, non\n\u00e9 a meta final, \u00e9 un paso adiante para tentar mellorar as nosas\nvidas. \u00c9 un acordo que haber\u00e1 que pelexar para que se cumpra, pois\nxa sabemos como as gasta o PSOE, por\u00e9n a sociedade galega tam\u00e9n\nser\u00e1 consciente de quen cumpre e quen non.<\/p>\n","protected":false},"excerpt":{"rendered":"<div class=\"mh-excerpt\"><p>No recente debate de investidura tivemos unha mostra de como as gastan as dereitas espa\u00f1olas cando te\u00f1en as de perder, amosando a s\u00faas peores formas e po\u00f1endo en cuesti\u00f3n a \u201cexquisita\u201d educaci\u00f3n recibida nos caros colexios privados nos que os forman <a class=\"mh-excerpt-more\" href=\"https:\/\/www.anovapeneira.gal\/index.php\/2020\/01\/13\/debate-de-investidura\/\" title=\"Debate de investidura\">[&#8230;]<\/a><\/p>\n<\/div>","protected":false},"author":4,"featured_media":584,"comment_status":"open","ping_status":"open","sticky":false,"template":"","format":"standard","meta":{"_exactmetrics_skip_tracking":false,"_exactmetrics_sitenote_active":false,"_exactmetrics_sitenote_note":"","_exactmetrics_sitenote_category":0,"footnotes":""},"categories":[7],"tags":[900],"class_list":{"0":"post-2237","1":"post","2":"type-post","3":"status-publish","4":"format-standard","5":"has-post-thumbnail","7":"category-artigos-de-opinion","8":"tag-debate-investidura"},"yoast_head":"<!-- This site is optimized with the Yoast SEO plugin v27.4 - https:\/\/yoast.com\/product\/yoast-seo-wordpress\/ -->\n<title>Debate de investidura -<\/title>\n<meta name=\"robots\" content=\"index, follow, max-snippet:-1, max-image-preview:large, max-video-preview:-1\" \/>\n<link rel=\"canonical\" href=\"https:\/\/www.anovapeneira.gal\/index.php\/2020\/01\/13\/debate-de-investidura\/\" \/>\n<meta property=\"og:locale\" content=\"gl_ES\" \/>\n<meta property=\"og:type\" content=\"article\" \/>\n<meta property=\"og:title\" content=\"Debate de investidura -\" \/>\n<meta property=\"og:description\" content=\"No recente debate de investidura tivemos unha mostra de como as gastan as dereitas espa\u00f1olas cando te\u00f1en as de perder, amosando a s\u00faas peores formas e po\u00f1endo en cuesti\u00f3n a \u201cexquisita\u201d educaci\u00f3n recibida nos caros colexios privados nos que os forman [...]\" \/>\n<meta property=\"og:url\" content=\"https:\/\/www.anovapeneira.gal\/index.php\/2020\/01\/13\/debate-de-investidura\/\" \/>\n<meta property=\"article:publisher\" content=\"https:\/\/www.facebook.com\/anovapeneira\" \/>\n<meta property=\"article:published_time\" content=\"2020-01-13T09:00:14+00:00\" \/>\n<meta property=\"og:image\" content=\"https:\/\/www.anovapeneira.gal\/wp-content\/uploads\/2019\/07\/ARTIGO_DE_OPINION_A_NOVA_PENEIRA.jpg\" \/>\n\t<meta property=\"og:image:width\" content=\"720\" \/>\n\t<meta property=\"og:image:height\" content=\"473\" \/>\n\t<meta property=\"og:image:type\" content=\"image\/jpeg\" \/>\n<meta name=\"author\" content=\"Pedro M. Cortegoso Gago\" \/>\n<meta name=\"twitter:card\" content=\"summary_large_image\" \/>\n<meta name=\"twitter:creator\" content=\"@APeneira\" \/>\n<meta name=\"twitter:site\" content=\"@APeneira\" \/>\n<meta name=\"twitter:label1\" content=\"Escrito por\" \/>\n\t<meta name=\"twitter:data1\" content=\"Pedro M. Cortegoso Gago\" \/>\n\t<meta name=\"twitter:label2\" content=\"Tempo de lectura\" \/>\n\t<meta name=\"twitter:data2\" content=\"4 minutos\" \/>\n<script type=\"application\/ld+json\" class=\"yoast-schema-graph\">{\"@context\":\"https:\\\/\\\/schema.org\",\"@graph\":[{\"@type\":\"Article\",\"@id\":\"https:\\\/\\\/www.anovapeneira.gal\\\/index.php\\\/2020\\\/01\\\/13\\\/debate-de-investidura\\\/#article\",\"isPartOf\":{\"@id\":\"https:\\\/\\\/www.anovapeneira.gal\\\/index.php\\\/2020\\\/01\\\/13\\\/debate-de-investidura\\\/\"},\"author\":{\"name\":\"Pedro M. Cortegoso Gago\",\"@id\":\"https:\\\/\\\/www.anovapeneira.gal\\\/#\\\/schema\\\/person\\\/c04a9c9f722c9446e71ae434c0353337\"},\"headline\":\"Debate de investidura\",\"datePublished\":\"2020-01-13T09:00:14+00:00\",\"mainEntityOfPage\":{\"@id\":\"https:\\\/\\\/www.anovapeneira.gal\\\/index.php\\\/2020\\\/01\\\/13\\\/debate-de-investidura\\\/\"},\"wordCount\":721,\"commentCount\":0,\"publisher\":{\"@id\":\"https:\\\/\\\/www.anovapeneira.gal\\\/#organization\"},\"image\":{\"@id\":\"https:\\\/\\\/www.anovapeneira.gal\\\/index.php\\\/2020\\\/01\\\/13\\\/debate-de-investidura\\\/#primaryimage\"},\"thumbnailUrl\":\"https:\\\/\\\/www.anovapeneira.gal\\\/wp-content\\\/uploads\\\/2019\\\/07\\\/ARTIGO_DE_OPINION_A_NOVA_PENEIRA.jpg\",\"keywords\":[\"Debate investidura\"],\"articleSection\":[\"Artigos de opini\u00f3n\"],\"inLanguage\":\"gl-ES\",\"potentialAction\":[{\"@type\":\"CommentAction\",\"name\":\"Comment\",\"target\":[\"https:\\\/\\\/www.anovapeneira.gal\\\/index.php\\\/2020\\\/01\\\/13\\\/debate-de-investidura\\\/#respond\"]}]},{\"@type\":\"WebPage\",\"@id\":\"https:\\\/\\\/www.anovapeneira.gal\\\/index.php\\\/2020\\\/01\\\/13\\\/debate-de-investidura\\\/\",\"url\":\"https:\\\/\\\/www.anovapeneira.gal\\\/index.php\\\/2020\\\/01\\\/13\\\/debate-de-investidura\\\/\",\"name\":\"Debate de investidura -\",\"isPartOf\":{\"@id\":\"https:\\\/\\\/www.anovapeneira.gal\\\/#website\"},\"primaryImageOfPage\":{\"@id\":\"https:\\\/\\\/www.anovapeneira.gal\\\/index.php\\\/2020\\\/01\\\/13\\\/debate-de-investidura\\\/#primaryimage\"},\"image\":{\"@id\":\"https:\\\/\\\/www.anovapeneira.gal\\\/index.php\\\/2020\\\/01\\\/13\\\/debate-de-investidura\\\/#primaryimage\"},\"thumbnailUrl\":\"https:\\\/\\\/www.anovapeneira.gal\\\/wp-content\\\/uploads\\\/2019\\\/07\\\/ARTIGO_DE_OPINION_A_NOVA_PENEIRA.jpg\",\"datePublished\":\"2020-01-13T09:00:14+00:00\",\"breadcrumb\":{\"@id\":\"https:\\\/\\\/www.anovapeneira.gal\\\/index.php\\\/2020\\\/01\\\/13\\\/debate-de-investidura\\\/#breadcrumb\"},\"inLanguage\":\"gl-ES\",\"potentialAction\":[{\"@type\":\"ReadAction\",\"target\":[\"https:\\\/\\\/www.anovapeneira.gal\\\/index.php\\\/2020\\\/01\\\/13\\\/debate-de-investidura\\\/\"]}]},{\"@type\":\"ImageObject\",\"inLanguage\":\"gl-ES\",\"@id\":\"https:\\\/\\\/www.anovapeneira.gal\\\/index.php\\\/2020\\\/01\\\/13\\\/debate-de-investidura\\\/#primaryimage\",\"url\":\"https:\\\/\\\/www.anovapeneira.gal\\\/wp-content\\\/uploads\\\/2019\\\/07\\\/ARTIGO_DE_OPINION_A_NOVA_PENEIRA.jpg\",\"contentUrl\":\"https:\\\/\\\/www.anovapeneira.gal\\\/wp-content\\\/uploads\\\/2019\\\/07\\\/ARTIGO_DE_OPINION_A_NOVA_PENEIRA.jpg\",\"width\":720,\"height\":473,\"caption\":\"Artigo de opini\u00f3n A Nova Peneira\"},{\"@type\":\"BreadcrumbList\",\"@id\":\"https:\\\/\\\/www.anovapeneira.gal\\\/index.php\\\/2020\\\/01\\\/13\\\/debate-de-investidura\\\/#breadcrumb\",\"itemListElement\":[{\"@type\":\"ListItem\",\"position\":1,\"name\":\"Portada\",\"item\":\"https:\\\/\\\/www.anovapeneira.gal\\\/\"},{\"@type\":\"ListItem\",\"position\":2,\"name\":\"Debate de investidura\"}]},{\"@type\":\"WebSite\",\"@id\":\"https:\\\/\\\/www.anovapeneira.gal\\\/#website\",\"url\":\"https:\\\/\\\/www.anovapeneira.gal\\\/\",\"name\":\"\",\"description\":\"Xornal galego de informaci\u00f3n xeral Publicaci\u00f3n mensual de novas de Galicia e en especial dos Concellos da sur da provincia de Pontevedra.\",\"publisher\":{\"@id\":\"https:\\\/\\\/www.anovapeneira.gal\\\/#organization\"},\"potentialAction\":[{\"@type\":\"SearchAction\",\"target\":{\"@type\":\"EntryPoint\",\"urlTemplate\":\"https:\\\/\\\/www.anovapeneira.gal\\\/?s={search_term_string}\"},\"query-input\":{\"@type\":\"PropertyValueSpecification\",\"valueRequired\":true,\"valueName\":\"search_term_string\"}}],\"inLanguage\":\"gl-ES\"},{\"@type\":\"Organization\",\"@id\":\"https:\\\/\\\/www.anovapeneira.gal\\\/#organization\",\"name\":\"A Nova Peneira\",\"url\":\"https:\\\/\\\/www.anovapeneira.gal\\\/\",\"logo\":{\"@type\":\"ImageObject\",\"inLanguage\":\"gl-ES\",\"@id\":\"https:\\\/\\\/www.anovapeneira.gal\\\/#\\\/schema\\\/logo\\\/image\\\/\",\"url\":\"http:\\\/\\\/www.anovapeneira.gal\\\/wp-content\\\/uploads\\\/2019\\\/06\\\/logo_a_nova_peneira_portal_web.png\",\"contentUrl\":\"http:\\\/\\\/www.anovapeneira.gal\\\/wp-content\\\/uploads\\\/2019\\\/06\\\/logo_a_nova_peneira_portal_web.png\",\"width\":300,\"height\":100,\"caption\":\"A Nova Peneira\"},\"image\":{\"@id\":\"https:\\\/\\\/www.anovapeneira.gal\\\/#\\\/schema\\\/logo\\\/image\\\/\"},\"sameAs\":[\"https:\\\/\\\/www.facebook.com\\\/anovapeneira\",\"https:\\\/\\\/x.com\\\/APeneira\"]},{\"@type\":\"Person\",\"@id\":\"https:\\\/\\\/www.anovapeneira.gal\\\/#\\\/schema\\\/person\\\/c04a9c9f722c9446e71ae434c0353337\",\"name\":\"Pedro M. Cortegoso Gago\",\"image\":{\"@type\":\"ImageObject\",\"inLanguage\":\"gl-ES\",\"@id\":\"https:\\\/\\\/secure.gravatar.com\\\/avatar\\\/1613b27278a972c04db5c2f04fb2cbfa9edb58d6c3e2547817ecb8240eb58381?s=96&d=mm&r=g\",\"url\":\"https:\\\/\\\/secure.gravatar.com\\\/avatar\\\/1613b27278a972c04db5c2f04fb2cbfa9edb58d6c3e2547817ecb8240eb58381?s=96&d=mm&r=g\",\"contentUrl\":\"https:\\\/\\\/secure.gravatar.com\\\/avatar\\\/1613b27278a972c04db5c2f04fb2cbfa9edb58d6c3e2547817ecb8240eb58381?s=96&d=mm&r=g\",\"caption\":\"Pedro M. Cortegoso Gago\"},\"sameAs\":[\"http:\\\/\\\/anovapeneira.gal\"],\"url\":\"https:\\\/\\\/www.anovapeneira.gal\\\/index.php\\\/author\\\/opinionpcortegoso\\\/\"}]}<\/script>\n<!-- \/ Yoast SEO plugin. -->","yoast_head_json":{"title":"Debate de investidura -","robots":{"index":"index","follow":"follow","max-snippet":"max-snippet:-1","max-image-preview":"max-image-preview:large","max-video-preview":"max-video-preview:-1"},"canonical":"https:\/\/www.anovapeneira.gal\/index.php\/2020\/01\/13\/debate-de-investidura\/","og_locale":"gl_ES","og_type":"article","og_title":"Debate de investidura -","og_description":"No recente debate de investidura tivemos unha mostra de como as gastan as dereitas espa\u00f1olas cando te\u00f1en as de perder, amosando a s\u00faas peores formas e po\u00f1endo en cuesti\u00f3n a \u201cexquisita\u201d educaci\u00f3n recibida nos caros colexios privados nos que os forman [...]","og_url":"https:\/\/www.anovapeneira.gal\/index.php\/2020\/01\/13\/debate-de-investidura\/","article_publisher":"https:\/\/www.facebook.com\/anovapeneira","article_published_time":"2020-01-13T09:00:14+00:00","og_image":[{"width":720,"height":473,"url":"https:\/\/www.anovapeneira.gal\/wp-content\/uploads\/2019\/07\/ARTIGO_DE_OPINION_A_NOVA_PENEIRA.jpg","type":"image\/jpeg"}],"author":"Pedro M. Cortegoso Gago","twitter_card":"summary_large_image","twitter_creator":"@APeneira","twitter_site":"@APeneira","twitter_misc":{"Escrito por":"Pedro M. Cortegoso Gago","Tempo de lectura":"4 minutos"},"schema":{"@context":"https:\/\/schema.org","@graph":[{"@type":"Article","@id":"https:\/\/www.anovapeneira.gal\/index.php\/2020\/01\/13\/debate-de-investidura\/#article","isPartOf":{"@id":"https:\/\/www.anovapeneira.gal\/index.php\/2020\/01\/13\/debate-de-investidura\/"},"author":{"name":"Pedro M. Cortegoso Gago","@id":"https:\/\/www.anovapeneira.gal\/#\/schema\/person\/c04a9c9f722c9446e71ae434c0353337"},"headline":"Debate de investidura","datePublished":"2020-01-13T09:00:14+00:00","mainEntityOfPage":{"@id":"https:\/\/www.anovapeneira.gal\/index.php\/2020\/01\/13\/debate-de-investidura\/"},"wordCount":721,"commentCount":0,"publisher":{"@id":"https:\/\/www.anovapeneira.gal\/#organization"},"image":{"@id":"https:\/\/www.anovapeneira.gal\/index.php\/2020\/01\/13\/debate-de-investidura\/#primaryimage"},"thumbnailUrl":"https:\/\/www.anovapeneira.gal\/wp-content\/uploads\/2019\/07\/ARTIGO_DE_OPINION_A_NOVA_PENEIRA.jpg","keywords":["Debate investidura"],"articleSection":["Artigos de opini\u00f3n"],"inLanguage":"gl-ES","potentialAction":[{"@type":"CommentAction","name":"Comment","target":["https:\/\/www.anovapeneira.gal\/index.php\/2020\/01\/13\/debate-de-investidura\/#respond"]}]},{"@type":"WebPage","@id":"https:\/\/www.anovapeneira.gal\/index.php\/2020\/01\/13\/debate-de-investidura\/","url":"https:\/\/www.anovapeneira.gal\/index.php\/2020\/01\/13\/debate-de-investidura\/","name":"Debate de investidura -","isPartOf":{"@id":"https:\/\/www.anovapeneira.gal\/#website"},"primaryImageOfPage":{"@id":"https:\/\/www.anovapeneira.gal\/index.php\/2020\/01\/13\/debate-de-investidura\/#primaryimage"},"image":{"@id":"https:\/\/www.anovapeneira.gal\/index.php\/2020\/01\/13\/debate-de-investidura\/#primaryimage"},"thumbnailUrl":"https:\/\/www.anovapeneira.gal\/wp-content\/uploads\/2019\/07\/ARTIGO_DE_OPINION_A_NOVA_PENEIRA.jpg","datePublished":"2020-01-13T09:00:14+00:00","breadcrumb":{"@id":"https:\/\/www.anovapeneira.gal\/index.php\/2020\/01\/13\/debate-de-investidura\/#breadcrumb"},"inLanguage":"gl-ES","potentialAction":[{"@type":"ReadAction","target":["https:\/\/www.anovapeneira.gal\/index.php\/2020\/01\/13\/debate-de-investidura\/"]}]},{"@type":"ImageObject","inLanguage":"gl-ES","@id":"https:\/\/www.anovapeneira.gal\/index.php\/2020\/01\/13\/debate-de-investidura\/#primaryimage","url":"https:\/\/www.anovapeneira.gal\/wp-content\/uploads\/2019\/07\/ARTIGO_DE_OPINION_A_NOVA_PENEIRA.jpg","contentUrl":"https:\/\/www.anovapeneira.gal\/wp-content\/uploads\/2019\/07\/ARTIGO_DE_OPINION_A_NOVA_PENEIRA.jpg","width":720,"height":473,"caption":"Artigo de opini\u00f3n A Nova Peneira"},{"@type":"BreadcrumbList","@id":"https:\/\/www.anovapeneira.gal\/index.php\/2020\/01\/13\/debate-de-investidura\/#breadcrumb","itemListElement":[{"@type":"ListItem","position":1,"name":"Portada","item":"https:\/\/www.anovapeneira.gal\/"},{"@type":"ListItem","position":2,"name":"Debate de investidura"}]},{"@type":"WebSite","@id":"https:\/\/www.anovapeneira.gal\/#website","url":"https:\/\/www.anovapeneira.gal\/","name":"","description":"Xornal galego de informaci\u00f3n xeral Publicaci\u00f3n mensual de novas de Galicia e en especial dos Concellos da sur da provincia de Pontevedra.","publisher":{"@id":"https:\/\/www.anovapeneira.gal\/#organization"},"potentialAction":[{"@type":"SearchAction","target":{"@type":"EntryPoint","urlTemplate":"https:\/\/www.anovapeneira.gal\/?s={search_term_string}"},"query-input":{"@type":"PropertyValueSpecification","valueRequired":true,"valueName":"search_term_string"}}],"inLanguage":"gl-ES"},{"@type":"Organization","@id":"https:\/\/www.anovapeneira.gal\/#organization","name":"A Nova Peneira","url":"https:\/\/www.anovapeneira.gal\/","logo":{"@type":"ImageObject","inLanguage":"gl-ES","@id":"https:\/\/www.anovapeneira.gal\/#\/schema\/logo\/image\/","url":"http:\/\/www.anovapeneira.gal\/wp-content\/uploads\/2019\/06\/logo_a_nova_peneira_portal_web.png","contentUrl":"http:\/\/www.anovapeneira.gal\/wp-content\/uploads\/2019\/06\/logo_a_nova_peneira_portal_web.png","width":300,"height":100,"caption":"A Nova Peneira"},"image":{"@id":"https:\/\/www.anovapeneira.gal\/#\/schema\/logo\/image\/"},"sameAs":["https:\/\/www.facebook.com\/anovapeneira","https:\/\/x.com\/APeneira"]},{"@type":"Person","@id":"https:\/\/www.anovapeneira.gal\/#\/schema\/person\/c04a9c9f722c9446e71ae434c0353337","name":"Pedro M. Cortegoso Gago","image":{"@type":"ImageObject","inLanguage":"gl-ES","@id":"https:\/\/secure.gravatar.com\/avatar\/1613b27278a972c04db5c2f04fb2cbfa9edb58d6c3e2547817ecb8240eb58381?s=96&d=mm&r=g","url":"https:\/\/secure.gravatar.com\/avatar\/1613b27278a972c04db5c2f04fb2cbfa9edb58d6c3e2547817ecb8240eb58381?s=96&d=mm&r=g","contentUrl":"https:\/\/secure.gravatar.com\/avatar\/1613b27278a972c04db5c2f04fb2cbfa9edb58d6c3e2547817ecb8240eb58381?s=96&d=mm&r=g","caption":"Pedro M. Cortegoso Gago"},"sameAs":["http:\/\/anovapeneira.gal"],"url":"https:\/\/www.anovapeneira.gal\/index.php\/author\/opinionpcortegoso\/"}]}},"jetpack_featured_media_url":"https:\/\/www.anovapeneira.gal\/wp-content\/uploads\/2019\/07\/ARTIGO_DE_OPINION_A_NOVA_PENEIRA.jpg","_links":{"self":[{"href":"https:\/\/www.anovapeneira.gal\/index.php\/wp-json\/wp\/v2\/posts\/2237","targetHints":{"allow":["GET"]}}],"collection":[{"href":"https:\/\/www.anovapeneira.gal\/index.php\/wp-json\/wp\/v2\/posts"}],"about":[{"href":"https:\/\/www.anovapeneira.gal\/index.php\/wp-json\/wp\/v2\/types\/post"}],"author":[{"embeddable":true,"href":"https:\/\/www.anovapeneira.gal\/index.php\/wp-json\/wp\/v2\/users\/4"}],"replies":[{"embeddable":true,"href":"https:\/\/www.anovapeneira.gal\/index.php\/wp-json\/wp\/v2\/comments?post=2237"}],"version-history":[{"count":1,"href":"https:\/\/www.anovapeneira.gal\/index.php\/wp-json\/wp\/v2\/posts\/2237\/revisions"}],"predecessor-version":[{"id":2238,"href":"https:\/\/www.anovapeneira.gal\/index.php\/wp-json\/wp\/v2\/posts\/2237\/revisions\/2238"}],"wp:featuredmedia":[{"embeddable":true,"href":"https:\/\/www.anovapeneira.gal\/index.php\/wp-json\/wp\/v2\/media\/584"}],"wp:attachment":[{"href":"https:\/\/www.anovapeneira.gal\/index.php\/wp-json\/wp\/v2\/media?parent=2237"}],"wp:term":[{"taxonomy":"category","embeddable":true,"href":"https:\/\/www.anovapeneira.gal\/index.php\/wp-json\/wp\/v2\/categories?post=2237"},{"taxonomy":"post_tag","embeddable":true,"href":"https:\/\/www.anovapeneira.gal\/index.php\/wp-json\/wp\/v2\/tags?post=2237"}],"curies":[{"name":"wp","href":"https:\/\/api.w.org\/{rel}","templated":true}]}}