{"id":2239,"date":"2020-01-13T12:00:56","date_gmt":"2020-01-13T11:00:56","guid":{"rendered":"http:\/\/www.anovapeneira.gal\/?p=2239"},"modified":"2020-01-11T21:52:19","modified_gmt":"2020-01-11T20:52:19","slug":"denunciando-as-consecuencias-da-crise-climatica","status":"publish","type":"post","link":"https:\/\/www.anovapeneira.gal\/index.php\/2020\/01\/13\/denunciando-as-consecuencias-da-crise-climatica\/","title":{"rendered":"Denunciando as consecuencias da crise clim\u00e1tica"},"content":{"rendered":"\n<p><strong>Vigo, 10 de xaneiro de 2020<\/strong><\/p>\n\n\n\n<p>A\ngrave e prolongada seca e as ondas de calor r\u00e9cord que est\u00e1 a\nsufrir o Australia est\u00e1n detr\u00e1s destes graves incendios. Estas\nsecas e olas de calor son consecuencia, entre outros factores, do\ncambio clim\u00e1tico que esta sufrindo o noso planeta. O que est\u00e1\nsucedendo en Australia ven antecedido pola devastaci\u00f3n das lamas na\nAmazonia, California e noutros lugares que por desgraza non saen nas\nnoticias. O que est\u00e1 sucedendo nas nosas ant\u00edpodas pode sucedernos\na n\u00f3s e ter un desastre ecoloxico maior do que estamos acostumados\ncada ver\u00e1n porque a crise clim\u00e1tica afecta a todo o planeta. A\nemerxencia clim\u00e1tica \u00e9 un grave problema que temos que abordar\nentre todas coin decisi\u00f3n e sen m\u00e1is demoras. Por iso desde o\nMovemento\nGalego polo Clima en Vigo realizamos este acto coa intenci\u00f3n de\nseguir chamando a atenci\u00f3n sobre a necesidade de abordar sin\ndilaci\u00f3n a crise clim\u00e1tica con medidas dr\u00e1sticas respecto a\nemisi\u00f3n de CO2 \u00e1 atomosfera.<\/p>\n\n\n\n<p>Estes\nincendios catastr\u00f3ficos son froito dun complexo n\u00famero de factores\n(aumento de vexetaci\u00f3n seca e falta de xesti\u00f3n forestal, non ter en\nconta as zonas de risco de incendio na planificaci\u00f3n urban\u00edstica,\netc), e por suposto o cambio clim\u00e1tico que, como dixemos, fai que os\nbosques estean en m\u00e1xima vulnerabilidade en canto aparece o lume.\nPor iso, ademais de lidar coa devastaci\u00f3n inmediata, o Goberno\naustraliano debe tomar medidas serias para reducir as emisi\u00f3ns a fin\nde limitar o impacto da crise clim\u00e1tica na poboaci\u00f3n australiana e\noutras persoas en todo o mundo. Os gobernos de todo o mundo tam\u00e9n\nte\u00f1en a responsabilidade de establecer un v\u00ednculo claro entre a\ncrise incendiaria de Australia e a emerxencia clim\u00e1tica global. A\nreduci\u00f3n na queima de combustibles f\u00f3siles en todo o mundo \u00e9 clave\npara previr estes impactos catastr\u00f3ficos nun planeta cada vez m\u00e1is\nquente.<\/p>\n","protected":false},"excerpt":{"rendered":"<div class=\"mh-excerpt\"><p>A grave e prolongada seca e as ondas de calor r\u00e9cord que est\u00e1 a sufrir o Australia est\u00e1n detr\u00e1s destes graves incendios. Estas secas e olas de calor son consecuencia, entre outros factores, do cambio clim\u00e1tico que esta sufrindo o noso planeta <a class=\"mh-excerpt-more\" href=\"https:\/\/www.anovapeneira.gal\/index.php\/2020\/01\/13\/denunciando-as-consecuencias-da-crise-climatica\/\" title=\"Denunciando as consecuencias da crise clim\u00e1tica\">[&#8230;]<\/a><\/p>\n<\/div>","protected":false},"author":3,"featured_media":2240,"comment_status":"open","ping_status":"open","sticky":false,"template":"","format":"standard","meta":{"_exactmetrics_skip_tracking":false,"_exactmetrics_sitenote_active":false,"_exactmetrics_sitenote_note":"","_exactmetrics_sitenote_category":0,"footnotes":""},"categories":[19],"tags":[901,902],"class_list":{"0":"post-2239","1":"post","2":"type-post","3":"status-publish","4":"format-standard","5":"has-post-thumbnail","7":"category-vigo","8":"tag-cambio-climatico","9":"tag-ecoloxia"},"yoast_head":"<!-- This site is optimized with the Yoast SEO plugin v27.4 - https:\/\/yoast.com\/product\/yoast-seo-wordpress\/ -->\n<title>Denunciando as consecuencias da crise clim\u00e1tica -<\/title>\n<meta name=\"robots\" content=\"index, follow, max-snippet:-1, max-image-preview:large, max-video-preview:-1\" \/>\n<link rel=\"canonical\" href=\"https:\/\/www.anovapeneira.gal\/index.php\/2020\/01\/13\/denunciando-as-consecuencias-da-crise-climatica\/\" \/>\n<meta property=\"og:locale\" content=\"gl_ES\" \/>\n<meta property=\"og:type\" content=\"article\" \/>\n<meta property=\"og:title\" content=\"Denunciando as consecuencias da crise clim\u00e1tica -\" \/>\n<meta property=\"og:description\" content=\"A grave e prolongada seca e as ondas de calor r\u00e9cord que est\u00e1 a sufrir o Australia est\u00e1n detr\u00e1s destes graves incendios. Estas secas e olas de calor son consecuencia, entre outros factores, do cambio clim\u00e1tico que esta sufrindo o noso planeta [...]\" \/>\n<meta property=\"og:url\" content=\"https:\/\/www.anovapeneira.gal\/index.php\/2020\/01\/13\/denunciando-as-consecuencias-da-crise-climatica\/\" \/>\n<meta property=\"article:publisher\" content=\"https:\/\/www.facebook.com\/anovapeneira\" \/>\n<meta property=\"article:published_time\" content=\"2020-01-13T11:00:56+00:00\" \/>\n<meta property=\"og:image\" content=\"https:\/\/www.anovapeneira.gal\/wp-content\/uploads\/2020\/01\/cumbre_clima_vigo_a_nova_peneira.jpg\" \/>\n\t<meta property=\"og:image:width\" content=\"720\" \/>\n\t<meta property=\"og:image:height\" content=\"432\" \/>\n\t<meta property=\"og:image:type\" content=\"image\/jpeg\" \/>\n<meta name=\"author\" content=\"Redacci\u00f3n A Nova Peneira\" \/>\n<meta name=\"twitter:card\" content=\"summary_large_image\" \/>\n<meta name=\"twitter:creator\" content=\"@APeneira\" \/>\n<meta name=\"twitter:site\" content=\"@APeneira\" \/>\n<meta name=\"twitter:label1\" content=\"Escrito por\" \/>\n\t<meta name=\"twitter:data1\" content=\"Redacci\u00f3n A Nova Peneira\" \/>\n\t<meta name=\"twitter:label2\" content=\"Tempo de lectura\" \/>\n\t<meta name=\"twitter:data2\" content=\"2 minutos\" \/>\n<script type=\"application\/ld+json\" class=\"yoast-schema-graph\">{\"@context\":\"https:\\\/\\\/schema.org\",\"@graph\":[{\"@type\":\"Article\",\"@id\":\"https:\\\/\\\/www.anovapeneira.gal\\\/index.php\\\/2020\\\/01\\\/13\\\/denunciando-as-consecuencias-da-crise-climatica\\\/#article\",\"isPartOf\":{\"@id\":\"https:\\\/\\\/www.anovapeneira.gal\\\/index.php\\\/2020\\\/01\\\/13\\\/denunciando-as-consecuencias-da-crise-climatica\\\/\"},\"author\":{\"name\":\"Redacci\u00f3n A Nova Peneira\",\"@id\":\"https:\\\/\\\/www.anovapeneira.gal\\\/#\\\/schema\\\/person\\\/b93e3f8932e3f8da96334607eb6ac6aa\"},\"headline\":\"Denunciando as consecuencias da crise clim\u00e1tica\",\"datePublished\":\"2020-01-13T11:00:56+00:00\",\"mainEntityOfPage\":{\"@id\":\"https:\\\/\\\/www.anovapeneira.gal\\\/index.php\\\/2020\\\/01\\\/13\\\/denunciando-as-consecuencias-da-crise-climatica\\\/\"},\"wordCount\":347,\"commentCount\":0,\"publisher\":{\"@id\":\"https:\\\/\\\/www.anovapeneira.gal\\\/#organization\"},\"image\":{\"@id\":\"https:\\\/\\\/www.anovapeneira.gal\\\/index.php\\\/2020\\\/01\\\/13\\\/denunciando-as-consecuencias-da-crise-climatica\\\/#primaryimage\"},\"thumbnailUrl\":\"https:\\\/\\\/www.anovapeneira.gal\\\/wp-content\\\/uploads\\\/2020\\\/01\\\/cumbre_clima_vigo_a_nova_peneira.jpg\",\"keywords\":[\"Cambio clim\u00e1tico\",\"Ecolox\u00eda\"],\"articleSection\":[\"Vigo\"],\"inLanguage\":\"gl-ES\",\"potentialAction\":[{\"@type\":\"CommentAction\",\"name\":\"Comment\",\"target\":[\"https:\\\/\\\/www.anovapeneira.gal\\\/index.php\\\/2020\\\/01\\\/13\\\/denunciando-as-consecuencias-da-crise-climatica\\\/#respond\"]}]},{\"@type\":\"WebPage\",\"@id\":\"https:\\\/\\\/www.anovapeneira.gal\\\/index.php\\\/2020\\\/01\\\/13\\\/denunciando-as-consecuencias-da-crise-climatica\\\/\",\"url\":\"https:\\\/\\\/www.anovapeneira.gal\\\/index.php\\\/2020\\\/01\\\/13\\\/denunciando-as-consecuencias-da-crise-climatica\\\/\",\"name\":\"Denunciando as consecuencias da crise clim\u00e1tica -\",\"isPartOf\":{\"@id\":\"https:\\\/\\\/www.anovapeneira.gal\\\/#website\"},\"primaryImageOfPage\":{\"@id\":\"https:\\\/\\\/www.anovapeneira.gal\\\/index.php\\\/2020\\\/01\\\/13\\\/denunciando-as-consecuencias-da-crise-climatica\\\/#primaryimage\"},\"image\":{\"@id\":\"https:\\\/\\\/www.anovapeneira.gal\\\/index.php\\\/2020\\\/01\\\/13\\\/denunciando-as-consecuencias-da-crise-climatica\\\/#primaryimage\"},\"thumbnailUrl\":\"https:\\\/\\\/www.anovapeneira.gal\\\/wp-content\\\/uploads\\\/2020\\\/01\\\/cumbre_clima_vigo_a_nova_peneira.jpg\",\"datePublished\":\"2020-01-13T11:00:56+00:00\",\"breadcrumb\":{\"@id\":\"https:\\\/\\\/www.anovapeneira.gal\\\/index.php\\\/2020\\\/01\\\/13\\\/denunciando-as-consecuencias-da-crise-climatica\\\/#breadcrumb\"},\"inLanguage\":\"gl-ES\",\"potentialAction\":[{\"@type\":\"ReadAction\",\"target\":[\"https:\\\/\\\/www.anovapeneira.gal\\\/index.php\\\/2020\\\/01\\\/13\\\/denunciando-as-consecuencias-da-crise-climatica\\\/\"]}]},{\"@type\":\"ImageObject\",\"inLanguage\":\"gl-ES\",\"@id\":\"https:\\\/\\\/www.anovapeneira.gal\\\/index.php\\\/2020\\\/01\\\/13\\\/denunciando-as-consecuencias-da-crise-climatica\\\/#primaryimage\",\"url\":\"https:\\\/\\\/www.anovapeneira.gal\\\/wp-content\\\/uploads\\\/2020\\\/01\\\/cumbre_clima_vigo_a_nova_peneira.jpg\",\"contentUrl\":\"https:\\\/\\\/www.anovapeneira.gal\\\/wp-content\\\/uploads\\\/2020\\\/01\\\/cumbre_clima_vigo_a_nova_peneira.jpg\",\"width\":720,\"height\":432,\"caption\":\"Cumbre clima Vigo A Nova Peneira\"},{\"@type\":\"BreadcrumbList\",\"@id\":\"https:\\\/\\\/www.anovapeneira.gal\\\/index.php\\\/2020\\\/01\\\/13\\\/denunciando-as-consecuencias-da-crise-climatica\\\/#breadcrumb\",\"itemListElement\":[{\"@type\":\"ListItem\",\"position\":1,\"name\":\"Portada\",\"item\":\"https:\\\/\\\/www.anovapeneira.gal\\\/\"},{\"@type\":\"ListItem\",\"position\":2,\"name\":\"Denunciando as consecuencias da crise clim\u00e1tica\"}]},{\"@type\":\"WebSite\",\"@id\":\"https:\\\/\\\/www.anovapeneira.gal\\\/#website\",\"url\":\"https:\\\/\\\/www.anovapeneira.gal\\\/\",\"name\":\"\",\"description\":\"Xornal galego de informaci\u00f3n xeral Publicaci\u00f3n mensual de novas de Galicia e en especial dos Concellos da sur da provincia de Pontevedra.\",\"publisher\":{\"@id\":\"https:\\\/\\\/www.anovapeneira.gal\\\/#organization\"},\"potentialAction\":[{\"@type\":\"SearchAction\",\"target\":{\"@type\":\"EntryPoint\",\"urlTemplate\":\"https:\\\/\\\/www.anovapeneira.gal\\\/?s={search_term_string}\"},\"query-input\":{\"@type\":\"PropertyValueSpecification\",\"valueRequired\":true,\"valueName\":\"search_term_string\"}}],\"inLanguage\":\"gl-ES\"},{\"@type\":\"Organization\",\"@id\":\"https:\\\/\\\/www.anovapeneira.gal\\\/#organization\",\"name\":\"A Nova Peneira\",\"url\":\"https:\\\/\\\/www.anovapeneira.gal\\\/\",\"logo\":{\"@type\":\"ImageObject\",\"inLanguage\":\"gl-ES\",\"@id\":\"https:\\\/\\\/www.anovapeneira.gal\\\/#\\\/schema\\\/logo\\\/image\\\/\",\"url\":\"http:\\\/\\\/www.anovapeneira.gal\\\/wp-content\\\/uploads\\\/2019\\\/06\\\/logo_a_nova_peneira_portal_web.png\",\"contentUrl\":\"http:\\\/\\\/www.anovapeneira.gal\\\/wp-content\\\/uploads\\\/2019\\\/06\\\/logo_a_nova_peneira_portal_web.png\",\"width\":300,\"height\":100,\"caption\":\"A Nova Peneira\"},\"image\":{\"@id\":\"https:\\\/\\\/www.anovapeneira.gal\\\/#\\\/schema\\\/logo\\\/image\\\/\"},\"sameAs\":[\"https:\\\/\\\/www.facebook.com\\\/anovapeneira\",\"https:\\\/\\\/x.com\\\/APeneira\"]},{\"@type\":\"Person\",\"@id\":\"https:\\\/\\\/www.anovapeneira.gal\\\/#\\\/schema\\\/person\\\/b93e3f8932e3f8da96334607eb6ac6aa\",\"name\":\"Redacci\u00f3n A Nova Peneira\",\"image\":{\"@type\":\"ImageObject\",\"inLanguage\":\"gl-ES\",\"@id\":\"https:\\\/\\\/secure.gravatar.com\\\/avatar\\\/c052a2551a06e23fac63626232eaa90abd78dbcf1700fc46a2b2c89fd27b735f?s=96&d=mm&r=g\",\"url\":\"https:\\\/\\\/secure.gravatar.com\\\/avatar\\\/c052a2551a06e23fac63626232eaa90abd78dbcf1700fc46a2b2c89fd27b735f?s=96&d=mm&r=g\",\"contentUrl\":\"https:\\\/\\\/secure.gravatar.com\\\/avatar\\\/c052a2551a06e23fac63626232eaa90abd78dbcf1700fc46a2b2c89fd27b735f?s=96&d=mm&r=g\",\"caption\":\"Redacci\u00f3n A Nova Peneira\"},\"sameAs\":[\"http:\\\/\\\/www.anovapeneira.gal\\\/\"],\"url\":\"https:\\\/\\\/www.anovapeneira.gal\\\/index.php\\\/author\\\/redactor\\\/\"}]}<\/script>\n<!-- \/ Yoast SEO plugin. -->","yoast_head_json":{"title":"Denunciando as consecuencias da crise clim\u00e1tica -","robots":{"index":"index","follow":"follow","max-snippet":"max-snippet:-1","max-image-preview":"max-image-preview:large","max-video-preview":"max-video-preview:-1"},"canonical":"https:\/\/www.anovapeneira.gal\/index.php\/2020\/01\/13\/denunciando-as-consecuencias-da-crise-climatica\/","og_locale":"gl_ES","og_type":"article","og_title":"Denunciando as consecuencias da crise clim\u00e1tica -","og_description":"A grave e prolongada seca e as ondas de calor r\u00e9cord que est\u00e1 a sufrir o Australia est\u00e1n detr\u00e1s destes graves incendios. Estas secas e olas de calor son consecuencia, entre outros factores, do cambio clim\u00e1tico que esta sufrindo o noso planeta [...]","og_url":"https:\/\/www.anovapeneira.gal\/index.php\/2020\/01\/13\/denunciando-as-consecuencias-da-crise-climatica\/","article_publisher":"https:\/\/www.facebook.com\/anovapeneira","article_published_time":"2020-01-13T11:00:56+00:00","og_image":[{"width":720,"height":432,"url":"https:\/\/www.anovapeneira.gal\/wp-content\/uploads\/2020\/01\/cumbre_clima_vigo_a_nova_peneira.jpg","type":"image\/jpeg"}],"author":"Redacci\u00f3n A Nova Peneira","twitter_card":"summary_large_image","twitter_creator":"@APeneira","twitter_site":"@APeneira","twitter_misc":{"Escrito por":"Redacci\u00f3n A Nova Peneira","Tempo de lectura":"2 minutos"},"schema":{"@context":"https:\/\/schema.org","@graph":[{"@type":"Article","@id":"https:\/\/www.anovapeneira.gal\/index.php\/2020\/01\/13\/denunciando-as-consecuencias-da-crise-climatica\/#article","isPartOf":{"@id":"https:\/\/www.anovapeneira.gal\/index.php\/2020\/01\/13\/denunciando-as-consecuencias-da-crise-climatica\/"},"author":{"name":"Redacci\u00f3n A Nova Peneira","@id":"https:\/\/www.anovapeneira.gal\/#\/schema\/person\/b93e3f8932e3f8da96334607eb6ac6aa"},"headline":"Denunciando as consecuencias da crise clim\u00e1tica","datePublished":"2020-01-13T11:00:56+00:00","mainEntityOfPage":{"@id":"https:\/\/www.anovapeneira.gal\/index.php\/2020\/01\/13\/denunciando-as-consecuencias-da-crise-climatica\/"},"wordCount":347,"commentCount":0,"publisher":{"@id":"https:\/\/www.anovapeneira.gal\/#organization"},"image":{"@id":"https:\/\/www.anovapeneira.gal\/index.php\/2020\/01\/13\/denunciando-as-consecuencias-da-crise-climatica\/#primaryimage"},"thumbnailUrl":"https:\/\/www.anovapeneira.gal\/wp-content\/uploads\/2020\/01\/cumbre_clima_vigo_a_nova_peneira.jpg","keywords":["Cambio clim\u00e1tico","Ecolox\u00eda"],"articleSection":["Vigo"],"inLanguage":"gl-ES","potentialAction":[{"@type":"CommentAction","name":"Comment","target":["https:\/\/www.anovapeneira.gal\/index.php\/2020\/01\/13\/denunciando-as-consecuencias-da-crise-climatica\/#respond"]}]},{"@type":"WebPage","@id":"https:\/\/www.anovapeneira.gal\/index.php\/2020\/01\/13\/denunciando-as-consecuencias-da-crise-climatica\/","url":"https:\/\/www.anovapeneira.gal\/index.php\/2020\/01\/13\/denunciando-as-consecuencias-da-crise-climatica\/","name":"Denunciando as consecuencias da crise clim\u00e1tica -","isPartOf":{"@id":"https:\/\/www.anovapeneira.gal\/#website"},"primaryImageOfPage":{"@id":"https:\/\/www.anovapeneira.gal\/index.php\/2020\/01\/13\/denunciando-as-consecuencias-da-crise-climatica\/#primaryimage"},"image":{"@id":"https:\/\/www.anovapeneira.gal\/index.php\/2020\/01\/13\/denunciando-as-consecuencias-da-crise-climatica\/#primaryimage"},"thumbnailUrl":"https:\/\/www.anovapeneira.gal\/wp-content\/uploads\/2020\/01\/cumbre_clima_vigo_a_nova_peneira.jpg","datePublished":"2020-01-13T11:00:56+00:00","breadcrumb":{"@id":"https:\/\/www.anovapeneira.gal\/index.php\/2020\/01\/13\/denunciando-as-consecuencias-da-crise-climatica\/#breadcrumb"},"inLanguage":"gl-ES","potentialAction":[{"@type":"ReadAction","target":["https:\/\/www.anovapeneira.gal\/index.php\/2020\/01\/13\/denunciando-as-consecuencias-da-crise-climatica\/"]}]},{"@type":"ImageObject","inLanguage":"gl-ES","@id":"https:\/\/www.anovapeneira.gal\/index.php\/2020\/01\/13\/denunciando-as-consecuencias-da-crise-climatica\/#primaryimage","url":"https:\/\/www.anovapeneira.gal\/wp-content\/uploads\/2020\/01\/cumbre_clima_vigo_a_nova_peneira.jpg","contentUrl":"https:\/\/www.anovapeneira.gal\/wp-content\/uploads\/2020\/01\/cumbre_clima_vigo_a_nova_peneira.jpg","width":720,"height":432,"caption":"Cumbre clima Vigo A Nova Peneira"},{"@type":"BreadcrumbList","@id":"https:\/\/www.anovapeneira.gal\/index.php\/2020\/01\/13\/denunciando-as-consecuencias-da-crise-climatica\/#breadcrumb","itemListElement":[{"@type":"ListItem","position":1,"name":"Portada","item":"https:\/\/www.anovapeneira.gal\/"},{"@type":"ListItem","position":2,"name":"Denunciando as consecuencias da crise clim\u00e1tica"}]},{"@type":"WebSite","@id":"https:\/\/www.anovapeneira.gal\/#website","url":"https:\/\/www.anovapeneira.gal\/","name":"","description":"Xornal galego de informaci\u00f3n xeral Publicaci\u00f3n mensual de novas de Galicia e en especial dos Concellos da sur da provincia de Pontevedra.","publisher":{"@id":"https:\/\/www.anovapeneira.gal\/#organization"},"potentialAction":[{"@type":"SearchAction","target":{"@type":"EntryPoint","urlTemplate":"https:\/\/www.anovapeneira.gal\/?s={search_term_string}"},"query-input":{"@type":"PropertyValueSpecification","valueRequired":true,"valueName":"search_term_string"}}],"inLanguage":"gl-ES"},{"@type":"Organization","@id":"https:\/\/www.anovapeneira.gal\/#organization","name":"A Nova Peneira","url":"https:\/\/www.anovapeneira.gal\/","logo":{"@type":"ImageObject","inLanguage":"gl-ES","@id":"https:\/\/www.anovapeneira.gal\/#\/schema\/logo\/image\/","url":"http:\/\/www.anovapeneira.gal\/wp-content\/uploads\/2019\/06\/logo_a_nova_peneira_portal_web.png","contentUrl":"http:\/\/www.anovapeneira.gal\/wp-content\/uploads\/2019\/06\/logo_a_nova_peneira_portal_web.png","width":300,"height":100,"caption":"A Nova Peneira"},"image":{"@id":"https:\/\/www.anovapeneira.gal\/#\/schema\/logo\/image\/"},"sameAs":["https:\/\/www.facebook.com\/anovapeneira","https:\/\/x.com\/APeneira"]},{"@type":"Person","@id":"https:\/\/www.anovapeneira.gal\/#\/schema\/person\/b93e3f8932e3f8da96334607eb6ac6aa","name":"Redacci\u00f3n A Nova Peneira","image":{"@type":"ImageObject","inLanguage":"gl-ES","@id":"https:\/\/secure.gravatar.com\/avatar\/c052a2551a06e23fac63626232eaa90abd78dbcf1700fc46a2b2c89fd27b735f?s=96&d=mm&r=g","url":"https:\/\/secure.gravatar.com\/avatar\/c052a2551a06e23fac63626232eaa90abd78dbcf1700fc46a2b2c89fd27b735f?s=96&d=mm&r=g","contentUrl":"https:\/\/secure.gravatar.com\/avatar\/c052a2551a06e23fac63626232eaa90abd78dbcf1700fc46a2b2c89fd27b735f?s=96&d=mm&r=g","caption":"Redacci\u00f3n A Nova Peneira"},"sameAs":["http:\/\/www.anovapeneira.gal\/"],"url":"https:\/\/www.anovapeneira.gal\/index.php\/author\/redactor\/"}]}},"jetpack_featured_media_url":"https:\/\/www.anovapeneira.gal\/wp-content\/uploads\/2020\/01\/cumbre_clima_vigo_a_nova_peneira.jpg","_links":{"self":[{"href":"https:\/\/www.anovapeneira.gal\/index.php\/wp-json\/wp\/v2\/posts\/2239","targetHints":{"allow":["GET"]}}],"collection":[{"href":"https:\/\/www.anovapeneira.gal\/index.php\/wp-json\/wp\/v2\/posts"}],"about":[{"href":"https:\/\/www.anovapeneira.gal\/index.php\/wp-json\/wp\/v2\/types\/post"}],"author":[{"embeddable":true,"href":"https:\/\/www.anovapeneira.gal\/index.php\/wp-json\/wp\/v2\/users\/3"}],"replies":[{"embeddable":true,"href":"https:\/\/www.anovapeneira.gal\/index.php\/wp-json\/wp\/v2\/comments?post=2239"}],"version-history":[{"count":1,"href":"https:\/\/www.anovapeneira.gal\/index.php\/wp-json\/wp\/v2\/posts\/2239\/revisions"}],"predecessor-version":[{"id":2241,"href":"https:\/\/www.anovapeneira.gal\/index.php\/wp-json\/wp\/v2\/posts\/2239\/revisions\/2241"}],"wp:featuredmedia":[{"embeddable":true,"href":"https:\/\/www.anovapeneira.gal\/index.php\/wp-json\/wp\/v2\/media\/2240"}],"wp:attachment":[{"href":"https:\/\/www.anovapeneira.gal\/index.php\/wp-json\/wp\/v2\/media?parent=2239"}],"wp:term":[{"taxonomy":"category","embeddable":true,"href":"https:\/\/www.anovapeneira.gal\/index.php\/wp-json\/wp\/v2\/categories?post=2239"},{"taxonomy":"post_tag","embeddable":true,"href":"https:\/\/www.anovapeneira.gal\/index.php\/wp-json\/wp\/v2\/tags?post=2239"}],"curies":[{"name":"wp","href":"https:\/\/api.w.org\/{rel}","templated":true}]}}