{"id":2242,"date":"2020-01-13T14:00:50","date_gmt":"2020-01-13T13:00:50","guid":{"rendered":"http:\/\/www.anovapeneira.gal\/?p=2242"},"modified":"2020-01-11T22:08:17","modified_gmt":"2020-01-11T21:08:17","slug":"o-acordo-asinado-polo-bng-conseguiu-poner-enriba-da-mesa-a-necesidade-de-buscar-unha-solucion-a-crise-industrial-que-sofre-a-ria-de-vigo","status":"publish","type":"post","link":"https:\/\/www.anovapeneira.gal\/index.php\/2020\/01\/13\/o-acordo-asinado-polo-bng-conseguiu-poner-enriba-da-mesa-a-necesidade-de-buscar-unha-solucion-a-crise-industrial-que-sofre-a-ria-de-vigo\/","title":{"rendered":"O acordo asinado polo BNG conseguiu po\u00f1er enriba da mesa a necesidade de buscar unha soluci\u00f3n a crise industrial que sofre a r\u00eda de Vigo"},"content":{"rendered":"\n<h2 class=\"wp-block-heading\"><strong>N\u00e9stor Rego lembra que non s\u00f3 sae beneficiada Galiza, tam\u00e9n moi de preto os intereses dos vigueses e viguesas, que ver\u00e1n solucionarse problemas como a suba das peaxes nos tramos da AP-9 ou a crise industrial<\/strong><\/h2>\n\n\n\n<h2 class=\"wp-block-heading\"><strong>O deputado recorda que se crear\u00e1 unha comisi\u00f3n de seguimento para o cumprimento das medidas asinadas no acrodo co grupo socialista<\/strong><\/h2>\n\n\n\n<p> <strong>Vigo, 10 de xaneiro de 2020<\/strong><\/p>\n\n\n\n<p>O\ndeputado, N\u00e9stor Rego, reuniuse hoxe en Vigo co portavoz do BNG na\ncidade, Xabier P. Igrexas, para dar conta do alcance do acordo de\ninvestidura subscrito entre o BNG e o PSOE, e que recolle importantes\ncompromisos, non s\u00f3 para Galiza, tam\u00e9n para a cidade de Vigo.<\/p>\n\n\n\n<p>\nO\nconcelleiro do BNG na cidade de Vigo, Xabier P. Igrexias, apuntaba\nque \u201ca recuperaci\u00f3n da presenza do BNG no Congreso dos Deputados\nnon s\u00f3 \u00eda permitir que o noso pa\u00eds existise, se non que \u00eda ser\ntam\u00e9n un voto decisivo\u201d e que garantir\u00eda \u201cos intereses de\nGaliza e de Vigo\u201d. Do mesmo xeito apuntaba que \u201conde se ten que\nconstatar que se ten en conta a Vigo e a Galiza \u00e9 nos comprimisos e\ndecisi\u00f3ns pol\u00edticas\u201d.<\/p>\n\n\n\n<p>\nPola\ns\u00faa banda, o deputado N\u00e9stor Rego salienta \u201ca mudanza que se\nproduciu de Galiza no papel que xoga no Estado\u201d. A presenza dun\n\u00fanico deputado do BNG fixo desbloquear as soluci\u00f3ns a moitas das\nnecesidades e problemas que est\u00e1 a vivir o pa\u00eds e que o propio\nGoberno da Xunta non foi capaz de facer en dez anos. \u201c\u00c9 unha\ncuesti\u00f3n de vontade pol\u00edtica\u201d apuntaba o deputado.<\/p>\n\n\n\n<p>\n<strong>GRATUIDADE\nDA AP-9<\/strong><\/p>\n\n\n\n<p>\nCon\neste acordo m\u00e1rcase unha soluci\u00f3n \u00e1s peaxes da AP-9, que vi\u00f1an\nsendo unha din\u00e1mica de subas continuadas ata chegar a ser\n\u201cinsoport\u00e1beis, especialmente para o sector profesional do\ntransporte e das empresas na medida en que encarec\u00eda os custos\u201d\nsalienta N\u00e9stor Rego. \u00c9 unha das poucas autoestradas do Estado\nespa\u00f1ol que por decisi\u00f3n do Partido Popular e do Partido Socialista\nten un periodo de concensi\u00f3n ata o ano 2048, prolong\u00e1ndose m\u00e1is de\n70 anos.<\/p>\n\n\n\n<p>\nPara\npo\u00f1er freo a estas subas, o deputado recorda que o acordo asinado\nentre as d\u00faas forza obriga \u201ca que haxa como m\u00ednimo, un desconto\ndo 100% para os usuarios recorrentes, \u00e9 dicir, para aquelas persoas\nque fagan como m\u00ednimo d\u00faas viaxes no mesmo d\u00eda ter\u00e1n a viaxe de\nmaneira gratu\u00edta\u201d. No referente ao tramo Vigo-Redondela, para o\ndeputado \u00e9 fundamental que se converta canto antes nunha zona libre\nde peaxes.<\/p>\n\n\n\n<p>\n<strong>MODERNIZACI\u00d3N\nDA REDE FERROVIARIA<\/strong><\/p>\n\n\n\n<p>\nNos\n\u00faltimos anos a atenci\u00f3n ferroviaria estivo posta na li\u00f1a de alta\nvelocidade con Madrid, deixando esquecida a propia rede interior. \u00c9\nurxente compensar o d\u00e9ficit nas estructuras ferroviaria internas e\ntraballar na modernizaci\u00f3n desa rede ferroviaria.<\/p>\n\n\n\n<p>\n<strong>CRISE\nINDUSTRIAL<\/strong><\/p>\n\n\n\n<p>\nNo\nacordo tam\u00e9n se presta atenci\u00f3n \u00e1 crise industrial que sofre\nGaliza. Con singularidade a construcci\u00f3n naval tanto na r\u00eda de Vigo\ncomo na r\u00eda de Ferrol. No caso da cidade de Vigo cunha situaci\u00f3n\nmoi grave, en concreto con Vulcano e Barreras, mais hai que buscar\nsoluci\u00f3n a estes estaleiros para darlle estabilidade e continuidade\n\u00e1 construcci\u00f3n naval na r\u00eda de Vigo.<\/p>\n\n\n\n<p>\n<strong>REXENERACI\u00d3N\nDAS NOSAS R\u00cdAS<\/strong><\/p>\n\n\n\n<p>\nUnha\ndas demandas hist\u00f3ricas do Bloque Nacionalista Galego en toda a\ncosta galega \u00e9 a rexeneraci\u00f3n e saneamento das nosas r\u00edas. A\u00ednda\nque no acordo se trata singularmente a r\u00eda do Burgo, o deputado\nnacionalista afirma que denden o BNG \u201cvamos prestar atenci\u00f3n ese\ncompromiso que establece o goberno con caracter xeral de saneamento e\nde atenci\u00f3n \u00e1 rexeneraci\u00f3n das nosas r\u00edas que se cumpra coas\nmedidas e cos proxectos que sexan oportunos en cada caso\u201d.<\/p>\n","protected":false},"excerpt":{"rendered":"<div class=\"mh-excerpt\"><p>N\u00e9stor Rego lembra que non s\u00f3 sae beneficiada Galiza, tam\u00e9n moi de preto os intereses dos vigueses e viguesas <a class=\"mh-excerpt-more\" href=\"https:\/\/www.anovapeneira.gal\/index.php\/2020\/01\/13\/o-acordo-asinado-polo-bng-conseguiu-poner-enriba-da-mesa-a-necesidade-de-buscar-unha-solucion-a-crise-industrial-que-sofre-a-ria-de-vigo\/\" title=\"O acordo asinado polo BNG conseguiu po\u00f1er enriba da mesa a necesidade de buscar unha soluci\u00f3n a crise industrial que sofre a r\u00eda de Vigo\">[&#8230;]<\/a><\/p>\n<\/div>","protected":false},"author":3,"featured_media":2243,"comment_status":"open","ping_status":"open","sticky":false,"template":"","format":"standard","meta":{"_exactmetrics_skip_tracking":false,"_exactmetrics_sitenote_active":false,"_exactmetrics_sitenote_note":"","_exactmetrics_sitenote_category":0,"footnotes":""},"categories":[263],"tags":[860,10,631],"class_list":{"0":"post-2242","1":"post","2":"type-post","3":"status-publish","4":"format-standard","5":"has-post-thumbnail","7":"category-novas","8":"tag-ap9","9":"tag-bng","10":"tag-nestor-rego"},"yoast_head":"<!-- This site is optimized with the Yoast SEO plugin v27.4 - https:\/\/yoast.com\/product\/yoast-seo-wordpress\/ -->\n<title>O acordo asinado polo BNG conseguiu po\u00f1er enriba da mesa a necesidade de buscar unha soluci\u00f3n a crise industrial que sofre a r\u00eda de Vigo -<\/title>\n<meta name=\"robots\" content=\"index, follow, max-snippet:-1, max-image-preview:large, max-video-preview:-1\" \/>\n<link rel=\"canonical\" href=\"https:\/\/www.anovapeneira.gal\/index.php\/2020\/01\/13\/o-acordo-asinado-polo-bng-conseguiu-poner-enriba-da-mesa-a-necesidade-de-buscar-unha-solucion-a-crise-industrial-que-sofre-a-ria-de-vigo\/\" \/>\n<meta property=\"og:locale\" content=\"gl_ES\" \/>\n<meta property=\"og:type\" content=\"article\" \/>\n<meta property=\"og:title\" content=\"O acordo asinado polo BNG conseguiu po\u00f1er enriba da mesa a necesidade de buscar unha soluci\u00f3n a crise industrial que sofre a r\u00eda de Vigo -\" \/>\n<meta property=\"og:description\" content=\"N\u00e9stor Rego lembra que non s\u00f3 sae beneficiada Galiza, tam\u00e9n moi de preto os intereses dos vigueses e viguesas [...]\" \/>\n<meta property=\"og:url\" content=\"https:\/\/www.anovapeneira.gal\/index.php\/2020\/01\/13\/o-acordo-asinado-polo-bng-conseguiu-poner-enriba-da-mesa-a-necesidade-de-buscar-unha-solucion-a-crise-industrial-que-sofre-a-ria-de-vigo\/\" \/>\n<meta property=\"article:publisher\" content=\"https:\/\/www.facebook.com\/anovapeneira\" \/>\n<meta property=\"article:published_time\" content=\"2020-01-13T13:00:50+00:00\" \/>\n<meta property=\"og:image\" content=\"https:\/\/www.anovapeneira.gal\/wp-content\/uploads\/2020\/01\/nestor_xabier_bng_a_nova_peneira.jpeg\" \/>\n\t<meta property=\"og:image:width\" content=\"720\" \/>\n\t<meta property=\"og:image:height\" content=\"432\" \/>\n\t<meta property=\"og:image:type\" content=\"image\/jpeg\" \/>\n<meta name=\"author\" content=\"Redacci\u00f3n A Nova Peneira\" \/>\n<meta name=\"twitter:card\" content=\"summary_large_image\" \/>\n<meta name=\"twitter:creator\" content=\"@APeneira\" \/>\n<meta name=\"twitter:site\" content=\"@APeneira\" \/>\n<meta name=\"twitter:label1\" content=\"Escrito por\" \/>\n\t<meta name=\"twitter:data1\" content=\"Redacci\u00f3n A Nova Peneira\" \/>\n\t<meta name=\"twitter:label2\" content=\"Tempo de lectura\" \/>\n\t<meta name=\"twitter:data2\" content=\"3 minutos\" \/>\n<script type=\"application\/ld+json\" class=\"yoast-schema-graph\">{\"@context\":\"https:\\\/\\\/schema.org\",\"@graph\":[{\"@type\":\"Article\",\"@id\":\"https:\\\/\\\/www.anovapeneira.gal\\\/index.php\\\/2020\\\/01\\\/13\\\/o-acordo-asinado-polo-bng-conseguiu-poner-enriba-da-mesa-a-necesidade-de-buscar-unha-solucion-a-crise-industrial-que-sofre-a-ria-de-vigo\\\/#article\",\"isPartOf\":{\"@id\":\"https:\\\/\\\/www.anovapeneira.gal\\\/index.php\\\/2020\\\/01\\\/13\\\/o-acordo-asinado-polo-bng-conseguiu-poner-enriba-da-mesa-a-necesidade-de-buscar-unha-solucion-a-crise-industrial-que-sofre-a-ria-de-vigo\\\/\"},\"author\":{\"name\":\"Redacci\u00f3n A Nova Peneira\",\"@id\":\"https:\\\/\\\/www.anovapeneira.gal\\\/#\\\/schema\\\/person\\\/b93e3f8932e3f8da96334607eb6ac6aa\"},\"headline\":\"O acordo asinado polo BNG conseguiu po\u00f1er enriba da mesa a necesidade de buscar unha soluci\u00f3n a crise industrial que sofre a r\u00eda de Vigo\",\"datePublished\":\"2020-01-13T13:00:50+00:00\",\"mainEntityOfPage\":{\"@id\":\"https:\\\/\\\/www.anovapeneira.gal\\\/index.php\\\/2020\\\/01\\\/13\\\/o-acordo-asinado-polo-bng-conseguiu-poner-enriba-da-mesa-a-necesidade-de-buscar-unha-solucion-a-crise-industrial-que-sofre-a-ria-de-vigo\\\/\"},\"wordCount\":667,\"commentCount\":0,\"publisher\":{\"@id\":\"https:\\\/\\\/www.anovapeneira.gal\\\/#organization\"},\"image\":{\"@id\":\"https:\\\/\\\/www.anovapeneira.gal\\\/index.php\\\/2020\\\/01\\\/13\\\/o-acordo-asinado-polo-bng-conseguiu-poner-enriba-da-mesa-a-necesidade-de-buscar-unha-solucion-a-crise-industrial-que-sofre-a-ria-de-vigo\\\/#primaryimage\"},\"thumbnailUrl\":\"https:\\\/\\\/www.anovapeneira.gal\\\/wp-content\\\/uploads\\\/2020\\\/01\\\/nestor_xabier_bng_a_nova_peneira.jpeg\",\"keywords\":[\"AP9\",\"BNG\",\"N\u00e9stor Rego\"],\"articleSection\":[\"Novas\"],\"inLanguage\":\"gl-ES\",\"potentialAction\":[{\"@type\":\"CommentAction\",\"name\":\"Comment\",\"target\":[\"https:\\\/\\\/www.anovapeneira.gal\\\/index.php\\\/2020\\\/01\\\/13\\\/o-acordo-asinado-polo-bng-conseguiu-poner-enriba-da-mesa-a-necesidade-de-buscar-unha-solucion-a-crise-industrial-que-sofre-a-ria-de-vigo\\\/#respond\"]}]},{\"@type\":\"WebPage\",\"@id\":\"https:\\\/\\\/www.anovapeneira.gal\\\/index.php\\\/2020\\\/01\\\/13\\\/o-acordo-asinado-polo-bng-conseguiu-poner-enriba-da-mesa-a-necesidade-de-buscar-unha-solucion-a-crise-industrial-que-sofre-a-ria-de-vigo\\\/\",\"url\":\"https:\\\/\\\/www.anovapeneira.gal\\\/index.php\\\/2020\\\/01\\\/13\\\/o-acordo-asinado-polo-bng-conseguiu-poner-enriba-da-mesa-a-necesidade-de-buscar-unha-solucion-a-crise-industrial-que-sofre-a-ria-de-vigo\\\/\",\"name\":\"O acordo asinado polo BNG conseguiu po\u00f1er enriba da mesa a necesidade de buscar unha soluci\u00f3n a crise industrial que sofre a r\u00eda de Vigo -\",\"isPartOf\":{\"@id\":\"https:\\\/\\\/www.anovapeneira.gal\\\/#website\"},\"primaryImageOfPage\":{\"@id\":\"https:\\\/\\\/www.anovapeneira.gal\\\/index.php\\\/2020\\\/01\\\/13\\\/o-acordo-asinado-polo-bng-conseguiu-poner-enriba-da-mesa-a-necesidade-de-buscar-unha-solucion-a-crise-industrial-que-sofre-a-ria-de-vigo\\\/#primaryimage\"},\"image\":{\"@id\":\"https:\\\/\\\/www.anovapeneira.gal\\\/index.php\\\/2020\\\/01\\\/13\\\/o-acordo-asinado-polo-bng-conseguiu-poner-enriba-da-mesa-a-necesidade-de-buscar-unha-solucion-a-crise-industrial-que-sofre-a-ria-de-vigo\\\/#primaryimage\"},\"thumbnailUrl\":\"https:\\\/\\\/www.anovapeneira.gal\\\/wp-content\\\/uploads\\\/2020\\\/01\\\/nestor_xabier_bng_a_nova_peneira.jpeg\",\"datePublished\":\"2020-01-13T13:00:50+00:00\",\"breadcrumb\":{\"@id\":\"https:\\\/\\\/www.anovapeneira.gal\\\/index.php\\\/2020\\\/01\\\/13\\\/o-acordo-asinado-polo-bng-conseguiu-poner-enriba-da-mesa-a-necesidade-de-buscar-unha-solucion-a-crise-industrial-que-sofre-a-ria-de-vigo\\\/#breadcrumb\"},\"inLanguage\":\"gl-ES\",\"potentialAction\":[{\"@type\":\"ReadAction\",\"target\":[\"https:\\\/\\\/www.anovapeneira.gal\\\/index.php\\\/2020\\\/01\\\/13\\\/o-acordo-asinado-polo-bng-conseguiu-poner-enriba-da-mesa-a-necesidade-de-buscar-unha-solucion-a-crise-industrial-que-sofre-a-ria-de-vigo\\\/\"]}]},{\"@type\":\"ImageObject\",\"inLanguage\":\"gl-ES\",\"@id\":\"https:\\\/\\\/www.anovapeneira.gal\\\/index.php\\\/2020\\\/01\\\/13\\\/o-acordo-asinado-polo-bng-conseguiu-poner-enriba-da-mesa-a-necesidade-de-buscar-unha-solucion-a-crise-industrial-que-sofre-a-ria-de-vigo\\\/#primaryimage\",\"url\":\"https:\\\/\\\/www.anovapeneira.gal\\\/wp-content\\\/uploads\\\/2020\\\/01\\\/nestor_xabier_bng_a_nova_peneira.jpeg\",\"contentUrl\":\"https:\\\/\\\/www.anovapeneira.gal\\\/wp-content\\\/uploads\\\/2020\\\/01\\\/nestor_xabier_bng_a_nova_peneira.jpeg\",\"width\":720,\"height\":432,\"caption\":\"N\u00e9stor Rego BNG A Nova Peneira\"},{\"@type\":\"BreadcrumbList\",\"@id\":\"https:\\\/\\\/www.anovapeneira.gal\\\/index.php\\\/2020\\\/01\\\/13\\\/o-acordo-asinado-polo-bng-conseguiu-poner-enriba-da-mesa-a-necesidade-de-buscar-unha-solucion-a-crise-industrial-que-sofre-a-ria-de-vigo\\\/#breadcrumb\",\"itemListElement\":[{\"@type\":\"ListItem\",\"position\":1,\"name\":\"Portada\",\"item\":\"https:\\\/\\\/www.anovapeneira.gal\\\/\"},{\"@type\":\"ListItem\",\"position\":2,\"name\":\"O acordo asinado polo BNG conseguiu po\u00f1er enriba da mesa a necesidade de buscar unha soluci\u00f3n a crise industrial que sofre a r\u00eda de Vigo\"}]},{\"@type\":\"WebSite\",\"@id\":\"https:\\\/\\\/www.anovapeneira.gal\\\/#website\",\"url\":\"https:\\\/\\\/www.anovapeneira.gal\\\/\",\"name\":\"\",\"description\":\"Xornal galego de informaci\u00f3n xeral Publicaci\u00f3n mensual de novas de Galicia e en especial dos Concellos da sur da provincia de Pontevedra.\",\"publisher\":{\"@id\":\"https:\\\/\\\/www.anovapeneira.gal\\\/#organization\"},\"potentialAction\":[{\"@type\":\"SearchAction\",\"target\":{\"@type\":\"EntryPoint\",\"urlTemplate\":\"https:\\\/\\\/www.anovapeneira.gal\\\/?s={search_term_string}\"},\"query-input\":{\"@type\":\"PropertyValueSpecification\",\"valueRequired\":true,\"valueName\":\"search_term_string\"}}],\"inLanguage\":\"gl-ES\"},{\"@type\":\"Organization\",\"@id\":\"https:\\\/\\\/www.anovapeneira.gal\\\/#organization\",\"name\":\"A Nova Peneira\",\"url\":\"https:\\\/\\\/www.anovapeneira.gal\\\/\",\"logo\":{\"@type\":\"ImageObject\",\"inLanguage\":\"gl-ES\",\"@id\":\"https:\\\/\\\/www.anovapeneira.gal\\\/#\\\/schema\\\/logo\\\/image\\\/\",\"url\":\"http:\\\/\\\/www.anovapeneira.gal\\\/wp-content\\\/uploads\\\/2019\\\/06\\\/logo_a_nova_peneira_portal_web.png\",\"contentUrl\":\"http:\\\/\\\/www.anovapeneira.gal\\\/wp-content\\\/uploads\\\/2019\\\/06\\\/logo_a_nova_peneira_portal_web.png\",\"width\":300,\"height\":100,\"caption\":\"A Nova Peneira\"},\"image\":{\"@id\":\"https:\\\/\\\/www.anovapeneira.gal\\\/#\\\/schema\\\/logo\\\/image\\\/\"},\"sameAs\":[\"https:\\\/\\\/www.facebook.com\\\/anovapeneira\",\"https:\\\/\\\/x.com\\\/APeneira\"]},{\"@type\":\"Person\",\"@id\":\"https:\\\/\\\/www.anovapeneira.gal\\\/#\\\/schema\\\/person\\\/b93e3f8932e3f8da96334607eb6ac6aa\",\"name\":\"Redacci\u00f3n A Nova Peneira\",\"image\":{\"@type\":\"ImageObject\",\"inLanguage\":\"gl-ES\",\"@id\":\"https:\\\/\\\/secure.gravatar.com\\\/avatar\\\/c052a2551a06e23fac63626232eaa90abd78dbcf1700fc46a2b2c89fd27b735f?s=96&d=mm&r=g\",\"url\":\"https:\\\/\\\/secure.gravatar.com\\\/avatar\\\/c052a2551a06e23fac63626232eaa90abd78dbcf1700fc46a2b2c89fd27b735f?s=96&d=mm&r=g\",\"contentUrl\":\"https:\\\/\\\/secure.gravatar.com\\\/avatar\\\/c052a2551a06e23fac63626232eaa90abd78dbcf1700fc46a2b2c89fd27b735f?s=96&d=mm&r=g\",\"caption\":\"Redacci\u00f3n A Nova Peneira\"},\"sameAs\":[\"http:\\\/\\\/www.anovapeneira.gal\\\/\"],\"url\":\"https:\\\/\\\/www.anovapeneira.gal\\\/index.php\\\/author\\\/redactor\\\/\"}]}<\/script>\n<!-- \/ Yoast SEO plugin. -->","yoast_head_json":{"title":"O acordo asinado polo BNG conseguiu po\u00f1er enriba da mesa a necesidade de buscar unha soluci\u00f3n a crise industrial que sofre a r\u00eda de Vigo -","robots":{"index":"index","follow":"follow","max-snippet":"max-snippet:-1","max-image-preview":"max-image-preview:large","max-video-preview":"max-video-preview:-1"},"canonical":"https:\/\/www.anovapeneira.gal\/index.php\/2020\/01\/13\/o-acordo-asinado-polo-bng-conseguiu-poner-enriba-da-mesa-a-necesidade-de-buscar-unha-solucion-a-crise-industrial-que-sofre-a-ria-de-vigo\/","og_locale":"gl_ES","og_type":"article","og_title":"O acordo asinado polo BNG conseguiu po\u00f1er enriba da mesa a necesidade de buscar unha soluci\u00f3n a crise industrial que sofre a r\u00eda de Vigo -","og_description":"N\u00e9stor Rego lembra que non s\u00f3 sae beneficiada Galiza, tam\u00e9n moi de preto os intereses dos vigueses e viguesas [...]","og_url":"https:\/\/www.anovapeneira.gal\/index.php\/2020\/01\/13\/o-acordo-asinado-polo-bng-conseguiu-poner-enriba-da-mesa-a-necesidade-de-buscar-unha-solucion-a-crise-industrial-que-sofre-a-ria-de-vigo\/","article_publisher":"https:\/\/www.facebook.com\/anovapeneira","article_published_time":"2020-01-13T13:00:50+00:00","og_image":[{"width":720,"height":432,"url":"https:\/\/www.anovapeneira.gal\/wp-content\/uploads\/2020\/01\/nestor_xabier_bng_a_nova_peneira.jpeg","type":"image\/jpeg"}],"author":"Redacci\u00f3n A Nova Peneira","twitter_card":"summary_large_image","twitter_creator":"@APeneira","twitter_site":"@APeneira","twitter_misc":{"Escrito por":"Redacci\u00f3n A Nova Peneira","Tempo de lectura":"3 minutos"},"schema":{"@context":"https:\/\/schema.org","@graph":[{"@type":"Article","@id":"https:\/\/www.anovapeneira.gal\/index.php\/2020\/01\/13\/o-acordo-asinado-polo-bng-conseguiu-poner-enriba-da-mesa-a-necesidade-de-buscar-unha-solucion-a-crise-industrial-que-sofre-a-ria-de-vigo\/#article","isPartOf":{"@id":"https:\/\/www.anovapeneira.gal\/index.php\/2020\/01\/13\/o-acordo-asinado-polo-bng-conseguiu-poner-enriba-da-mesa-a-necesidade-de-buscar-unha-solucion-a-crise-industrial-que-sofre-a-ria-de-vigo\/"},"author":{"name":"Redacci\u00f3n A Nova Peneira","@id":"https:\/\/www.anovapeneira.gal\/#\/schema\/person\/b93e3f8932e3f8da96334607eb6ac6aa"},"headline":"O acordo asinado polo BNG conseguiu po\u00f1er enriba da mesa a necesidade de buscar unha soluci\u00f3n a crise industrial que sofre a r\u00eda de Vigo","datePublished":"2020-01-13T13:00:50+00:00","mainEntityOfPage":{"@id":"https:\/\/www.anovapeneira.gal\/index.php\/2020\/01\/13\/o-acordo-asinado-polo-bng-conseguiu-poner-enriba-da-mesa-a-necesidade-de-buscar-unha-solucion-a-crise-industrial-que-sofre-a-ria-de-vigo\/"},"wordCount":667,"commentCount":0,"publisher":{"@id":"https:\/\/www.anovapeneira.gal\/#organization"},"image":{"@id":"https:\/\/www.anovapeneira.gal\/index.php\/2020\/01\/13\/o-acordo-asinado-polo-bng-conseguiu-poner-enriba-da-mesa-a-necesidade-de-buscar-unha-solucion-a-crise-industrial-que-sofre-a-ria-de-vigo\/#primaryimage"},"thumbnailUrl":"https:\/\/www.anovapeneira.gal\/wp-content\/uploads\/2020\/01\/nestor_xabier_bng_a_nova_peneira.jpeg","keywords":["AP9","BNG","N\u00e9stor Rego"],"articleSection":["Novas"],"inLanguage":"gl-ES","potentialAction":[{"@type":"CommentAction","name":"Comment","target":["https:\/\/www.anovapeneira.gal\/index.php\/2020\/01\/13\/o-acordo-asinado-polo-bng-conseguiu-poner-enriba-da-mesa-a-necesidade-de-buscar-unha-solucion-a-crise-industrial-que-sofre-a-ria-de-vigo\/#respond"]}]},{"@type":"WebPage","@id":"https:\/\/www.anovapeneira.gal\/index.php\/2020\/01\/13\/o-acordo-asinado-polo-bng-conseguiu-poner-enriba-da-mesa-a-necesidade-de-buscar-unha-solucion-a-crise-industrial-que-sofre-a-ria-de-vigo\/","url":"https:\/\/www.anovapeneira.gal\/index.php\/2020\/01\/13\/o-acordo-asinado-polo-bng-conseguiu-poner-enriba-da-mesa-a-necesidade-de-buscar-unha-solucion-a-crise-industrial-que-sofre-a-ria-de-vigo\/","name":"O acordo asinado polo BNG conseguiu po\u00f1er enriba da mesa a necesidade de buscar unha soluci\u00f3n a crise industrial que sofre a r\u00eda de Vigo -","isPartOf":{"@id":"https:\/\/www.anovapeneira.gal\/#website"},"primaryImageOfPage":{"@id":"https:\/\/www.anovapeneira.gal\/index.php\/2020\/01\/13\/o-acordo-asinado-polo-bng-conseguiu-poner-enriba-da-mesa-a-necesidade-de-buscar-unha-solucion-a-crise-industrial-que-sofre-a-ria-de-vigo\/#primaryimage"},"image":{"@id":"https:\/\/www.anovapeneira.gal\/index.php\/2020\/01\/13\/o-acordo-asinado-polo-bng-conseguiu-poner-enriba-da-mesa-a-necesidade-de-buscar-unha-solucion-a-crise-industrial-que-sofre-a-ria-de-vigo\/#primaryimage"},"thumbnailUrl":"https:\/\/www.anovapeneira.gal\/wp-content\/uploads\/2020\/01\/nestor_xabier_bng_a_nova_peneira.jpeg","datePublished":"2020-01-13T13:00:50+00:00","breadcrumb":{"@id":"https:\/\/www.anovapeneira.gal\/index.php\/2020\/01\/13\/o-acordo-asinado-polo-bng-conseguiu-poner-enriba-da-mesa-a-necesidade-de-buscar-unha-solucion-a-crise-industrial-que-sofre-a-ria-de-vigo\/#breadcrumb"},"inLanguage":"gl-ES","potentialAction":[{"@type":"ReadAction","target":["https:\/\/www.anovapeneira.gal\/index.php\/2020\/01\/13\/o-acordo-asinado-polo-bng-conseguiu-poner-enriba-da-mesa-a-necesidade-de-buscar-unha-solucion-a-crise-industrial-que-sofre-a-ria-de-vigo\/"]}]},{"@type":"ImageObject","inLanguage":"gl-ES","@id":"https:\/\/www.anovapeneira.gal\/index.php\/2020\/01\/13\/o-acordo-asinado-polo-bng-conseguiu-poner-enriba-da-mesa-a-necesidade-de-buscar-unha-solucion-a-crise-industrial-que-sofre-a-ria-de-vigo\/#primaryimage","url":"https:\/\/www.anovapeneira.gal\/wp-content\/uploads\/2020\/01\/nestor_xabier_bng_a_nova_peneira.jpeg","contentUrl":"https:\/\/www.anovapeneira.gal\/wp-content\/uploads\/2020\/01\/nestor_xabier_bng_a_nova_peneira.jpeg","width":720,"height":432,"caption":"N\u00e9stor Rego BNG A Nova Peneira"},{"@type":"BreadcrumbList","@id":"https:\/\/www.anovapeneira.gal\/index.php\/2020\/01\/13\/o-acordo-asinado-polo-bng-conseguiu-poner-enriba-da-mesa-a-necesidade-de-buscar-unha-solucion-a-crise-industrial-que-sofre-a-ria-de-vigo\/#breadcrumb","itemListElement":[{"@type":"ListItem","position":1,"name":"Portada","item":"https:\/\/www.anovapeneira.gal\/"},{"@type":"ListItem","position":2,"name":"O acordo asinado polo BNG conseguiu po\u00f1er enriba da mesa a necesidade de buscar unha soluci\u00f3n a crise industrial que sofre a r\u00eda de Vigo"}]},{"@type":"WebSite","@id":"https:\/\/www.anovapeneira.gal\/#website","url":"https:\/\/www.anovapeneira.gal\/","name":"","description":"Xornal galego de informaci\u00f3n xeral Publicaci\u00f3n mensual de novas de Galicia e en especial dos Concellos da sur da provincia de Pontevedra.","publisher":{"@id":"https:\/\/www.anovapeneira.gal\/#organization"},"potentialAction":[{"@type":"SearchAction","target":{"@type":"EntryPoint","urlTemplate":"https:\/\/www.anovapeneira.gal\/?s={search_term_string}"},"query-input":{"@type":"PropertyValueSpecification","valueRequired":true,"valueName":"search_term_string"}}],"inLanguage":"gl-ES"},{"@type":"Organization","@id":"https:\/\/www.anovapeneira.gal\/#organization","name":"A Nova Peneira","url":"https:\/\/www.anovapeneira.gal\/","logo":{"@type":"ImageObject","inLanguage":"gl-ES","@id":"https:\/\/www.anovapeneira.gal\/#\/schema\/logo\/image\/","url":"http:\/\/www.anovapeneira.gal\/wp-content\/uploads\/2019\/06\/logo_a_nova_peneira_portal_web.png","contentUrl":"http:\/\/www.anovapeneira.gal\/wp-content\/uploads\/2019\/06\/logo_a_nova_peneira_portal_web.png","width":300,"height":100,"caption":"A Nova Peneira"},"image":{"@id":"https:\/\/www.anovapeneira.gal\/#\/schema\/logo\/image\/"},"sameAs":["https:\/\/www.facebook.com\/anovapeneira","https:\/\/x.com\/APeneira"]},{"@type":"Person","@id":"https:\/\/www.anovapeneira.gal\/#\/schema\/person\/b93e3f8932e3f8da96334607eb6ac6aa","name":"Redacci\u00f3n A Nova Peneira","image":{"@type":"ImageObject","inLanguage":"gl-ES","@id":"https:\/\/secure.gravatar.com\/avatar\/c052a2551a06e23fac63626232eaa90abd78dbcf1700fc46a2b2c89fd27b735f?s=96&d=mm&r=g","url":"https:\/\/secure.gravatar.com\/avatar\/c052a2551a06e23fac63626232eaa90abd78dbcf1700fc46a2b2c89fd27b735f?s=96&d=mm&r=g","contentUrl":"https:\/\/secure.gravatar.com\/avatar\/c052a2551a06e23fac63626232eaa90abd78dbcf1700fc46a2b2c89fd27b735f?s=96&d=mm&r=g","caption":"Redacci\u00f3n A Nova Peneira"},"sameAs":["http:\/\/www.anovapeneira.gal\/"],"url":"https:\/\/www.anovapeneira.gal\/index.php\/author\/redactor\/"}]}},"jetpack_featured_media_url":"https:\/\/www.anovapeneira.gal\/wp-content\/uploads\/2020\/01\/nestor_xabier_bng_a_nova_peneira.jpeg","_links":{"self":[{"href":"https:\/\/www.anovapeneira.gal\/index.php\/wp-json\/wp\/v2\/posts\/2242","targetHints":{"allow":["GET"]}}],"collection":[{"href":"https:\/\/www.anovapeneira.gal\/index.php\/wp-json\/wp\/v2\/posts"}],"about":[{"href":"https:\/\/www.anovapeneira.gal\/index.php\/wp-json\/wp\/v2\/types\/post"}],"author":[{"embeddable":true,"href":"https:\/\/www.anovapeneira.gal\/index.php\/wp-json\/wp\/v2\/users\/3"}],"replies":[{"embeddable":true,"href":"https:\/\/www.anovapeneira.gal\/index.php\/wp-json\/wp\/v2\/comments?post=2242"}],"version-history":[{"count":1,"href":"https:\/\/www.anovapeneira.gal\/index.php\/wp-json\/wp\/v2\/posts\/2242\/revisions"}],"predecessor-version":[{"id":2244,"href":"https:\/\/www.anovapeneira.gal\/index.php\/wp-json\/wp\/v2\/posts\/2242\/revisions\/2244"}],"wp:featuredmedia":[{"embeddable":true,"href":"https:\/\/www.anovapeneira.gal\/index.php\/wp-json\/wp\/v2\/media\/2243"}],"wp:attachment":[{"href":"https:\/\/www.anovapeneira.gal\/index.php\/wp-json\/wp\/v2\/media?parent=2242"}],"wp:term":[{"taxonomy":"category","embeddable":true,"href":"https:\/\/www.anovapeneira.gal\/index.php\/wp-json\/wp\/v2\/categories?post=2242"},{"taxonomy":"post_tag","embeddable":true,"href":"https:\/\/www.anovapeneira.gal\/index.php\/wp-json\/wp\/v2\/tags?post=2242"}],"curies":[{"name":"wp","href":"https:\/\/api.w.org\/{rel}","templated":true}]}}