{"id":2245,"date":"2020-01-14T10:00:31","date_gmt":"2020-01-14T09:00:31","guid":{"rendered":"http:\/\/www.anovapeneira.gal\/?p=2245"},"modified":"2020-01-11T22:13:16","modified_gmt":"2020-01-11T21:13:16","slug":"o-museo-do-vino-presenta-unha-oferta-ampla-e-variada-de-cursos-e-experiencias-para-o-ano-2020","status":"publish","type":"post","link":"https:\/\/www.anovapeneira.gal\/index.php\/2020\/01\/14\/o-museo-do-vino-presenta-unha-oferta-ampla-e-variada-de-cursos-e-experiencias-para-o-ano-2020\/","title":{"rendered":"O Museo do Vi\u00f1o presenta unha oferta ampla e variada de cursos e experiencias para o ano 2020"},"content":{"rendered":"\n<p>Dende\nque se abriu o ano pasado no mes de marzo, o Museo do Vi\u00f1o do\nCondado est\u00e1 sendo un referente en toda a comunidade. As m\u00e1is de\n3.000 persoas que nos visitaron neste primeiros meses de andadura\ncoinciden en destacar a gran calidade do museo, pero sobre todo a s\u00faa\ninteractividade.<\/p>\n\n\n\n<p>Nestes\nprimeiros meses dende o Conxunto museol\u00f3xico l\u00e9vanse impartido\ndiferentes charlas e cursos cun gran \u00e9xito de participaci\u00f3n,\nademais est\u00e1 sendo utilizado polo sector profesional como referente\nnas visitas nacionais e internacionais utiliz\u00e1ndoo como unha\nferramenta fundamental na promoci\u00f3n do noso sector vitivin\u00edcola;  e\nnesa li\u00f1a s\u00e9guese traballando, xa que tanto dende o Concello como\ndende a Cofrad\u00eda do Vi\u00f1o do Condado do Tea e Espumosos cremos que \u00e9\nnecesario que este museo sexa un museo vivo, que ademais da\nexposici\u00f3n fixa oferte aos usuarios outras opci\u00f3ns e alternativas\nvinculadas co propio sector, e \u00e9 as\u00ed como nace este programa de\nactividades para o ano 2020.<\/p>\n\n\n\n<p>Dende\no Museo do Vi\u00f1o presentamos hoxe conxuntamente, dende o Concello e a\nCofrad\u00eda,  unha oferta ampla e variada de Cursos formativos para o\nano 2020, un proxecto ambicioso e pioneiro en canto a volume de\nactividades programadas durante todo o ano que van dende un curso de\niniciaci\u00f3n \u00e1 cultura do Vi\u00f1o, onde se busca , sen co\u00f1ecementos\nprevios e en moi pouco tempo, conseguir entender moito mellor o vi\u00f1o\ne aprender a aprecialo; cursos sobre os grandes cl\u00e1sicos: Espa\u00f1a,\nFrancia, Italia e Portugal onde se far\u00e1 unha viaxe fant\u00e1stica polas\npaisaxes, sabores e culturas destes pa\u00edses; ofertarase tam\u00e9n un\ncurso sobre as 9 grandes, as variedades de uva que conquistan o\nmundo, variedades que calquera afeccionado ao vi\u00f1o escoitou algunha\nvez: cabernet sauvignon, chardonnay, shyarah.. Neste curso\nco\u00f1eceremos as s\u00faas caracter\u00edsticas fundamentais, os diferentes\nestilos de vi\u00f1os que producen ao largo e ancho do planeta e\naprenderemos a diferencialos e aprecialos.<\/p>\n\n\n\n<p>E\nrematamos a parte formativa coa impartici\u00f3n da Certificaci\u00f3n WSET:\nCualificaci\u00f3n de Nivel 2 en vi\u00f1os. WSET \u00e9 unha organizaci\u00f3n con\nsede en Londres e estendida por todo o mundo que conseguiu\nconverterse na referencia internacional na formaci\u00f3n do vi\u00f1o.<\/p>\n\n\n\n<p>Como\nparte novidosa dende a organizaci\u00f3n of\u00e9rtanse  nove experiencias en\nadegas baixo o lema \u201cDA CEPA A COPA\u201d que implicar\u00e1n as adegas e\naos profesionais na impartici\u00f3n de clases pr\u00e1cticas na produci\u00f3n e\nformaci\u00f3n en espaldeira e outros sistemas, en enxertos, en\nmantemento do chan e laboreos, no manexo de vexetaci\u00f3n e poda en\nverde, nas enfermidades e pragas da vi\u00f1a, no aclareo de acios e\ndestetado e desfollado, no  seguimento de maduraci\u00f3n e toma de\nmostras, na vendima e elaboraci\u00f3n de vi\u00f1os brancos e tintos e no\nseguimento das distintas elaboraci\u00f3ns. Experiencias que rematar\u00e1n\ncunha cata de vi\u00f1os das adegas visitadas.<\/p>\n","protected":false},"excerpt":{"rendered":"<div class=\"mh-excerpt\"><p>Dende que se abriu o ano pasado no mes de marzo, o Museo do Vi\u00f1o do Condado est\u00e1 sendo un referente en toda a comunidade. As m\u00e1is de 3.000 persoas que nos visitaron neste primeiros meses de andadura coinciden en destacar a gran calidade do museo <a class=\"mh-excerpt-more\" href=\"https:\/\/www.anovapeneira.gal\/index.php\/2020\/01\/14\/o-museo-do-vino-presenta-unha-oferta-ampla-e-variada-de-cursos-e-experiencias-para-o-ano-2020\/\" title=\"O Museo do Vi\u00f1o presenta unha oferta ampla e variada de cursos e experiencias para o ano 2020\">[&#8230;]<\/a><\/p>\n<\/div>","protected":false},"author":3,"featured_media":2246,"comment_status":"open","ping_status":"open","sticky":false,"template":"","format":"standard","meta":{"_exactmetrics_skip_tracking":false,"_exactmetrics_sitenote_active":false,"_exactmetrics_sitenote_note":"","_exactmetrics_sitenote_category":0,"footnotes":""},"categories":[25],"tags":[186,903],"class_list":{"0":"post-2245","1":"post","2":"type-post","3":"status-publish","4":"format-standard","5":"has-post-thumbnail","7":"category-condado","8":"tag-concello-de-salvaterra-do-mino","9":"tag-museo-do-vino"},"yoast_head":"<!-- This site is optimized with the Yoast SEO plugin v27.4 - https:\/\/yoast.com\/product\/yoast-seo-wordpress\/ -->\n<title>O Museo do Vi\u00f1o presenta unha oferta ampla e variada de cursos e experiencias para o ano 2020 -<\/title>\n<meta name=\"robots\" content=\"index, follow, max-snippet:-1, max-image-preview:large, max-video-preview:-1\" \/>\n<link rel=\"canonical\" href=\"https:\/\/www.anovapeneira.gal\/index.php\/2020\/01\/14\/o-museo-do-vino-presenta-unha-oferta-ampla-e-variada-de-cursos-e-experiencias-para-o-ano-2020\/\" \/>\n<meta property=\"og:locale\" content=\"gl_ES\" \/>\n<meta property=\"og:type\" content=\"article\" \/>\n<meta property=\"og:title\" content=\"O Museo do Vi\u00f1o presenta unha oferta ampla e variada de cursos e experiencias para o ano 2020 -\" \/>\n<meta property=\"og:description\" content=\"Dende que se abriu o ano pasado no mes de marzo, o Museo do Vi\u00f1o do Condado est\u00e1 sendo un referente en toda a comunidade. As m\u00e1is de 3.000 persoas que nos visitaron neste primeiros meses de andadura coinciden en destacar a gran calidade do museo [...]\" \/>\n<meta property=\"og:url\" content=\"https:\/\/www.anovapeneira.gal\/index.php\/2020\/01\/14\/o-museo-do-vino-presenta-unha-oferta-ampla-e-variada-de-cursos-e-experiencias-para-o-ano-2020\/\" \/>\n<meta property=\"article:publisher\" content=\"https:\/\/www.facebook.com\/anovapeneira\" \/>\n<meta property=\"article:published_time\" content=\"2020-01-14T09:00:31+00:00\" \/>\n<meta property=\"og:image\" content=\"https:\/\/www.anovapeneira.gal\/wp-content\/uploads\/2020\/01\/museo_do_vino_salvaterra_a_nova_peneira.jpg\" \/>\n\t<meta property=\"og:image:width\" content=\"720\" \/>\n\t<meta property=\"og:image:height\" content=\"432\" \/>\n\t<meta property=\"og:image:type\" content=\"image\/jpeg\" \/>\n<meta name=\"author\" content=\"Redacci\u00f3n A Nova Peneira\" \/>\n<meta name=\"twitter:card\" content=\"summary_large_image\" \/>\n<meta name=\"twitter:creator\" content=\"@APeneira\" \/>\n<meta name=\"twitter:site\" content=\"@APeneira\" \/>\n<meta name=\"twitter:label1\" content=\"Escrito por\" \/>\n\t<meta name=\"twitter:data1\" content=\"Redacci\u00f3n A Nova Peneira\" \/>\n\t<meta name=\"twitter:label2\" content=\"Tempo de lectura\" \/>\n\t<meta name=\"twitter:data2\" content=\"2 minutos\" \/>\n<script type=\"application\/ld+json\" class=\"yoast-schema-graph\">{\"@context\":\"https:\\\/\\\/schema.org\",\"@graph\":[{\"@type\":\"Article\",\"@id\":\"https:\\\/\\\/www.anovapeneira.gal\\\/index.php\\\/2020\\\/01\\\/14\\\/o-museo-do-vino-presenta-unha-oferta-ampla-e-variada-de-cursos-e-experiencias-para-o-ano-2020\\\/#article\",\"isPartOf\":{\"@id\":\"https:\\\/\\\/www.anovapeneira.gal\\\/index.php\\\/2020\\\/01\\\/14\\\/o-museo-do-vino-presenta-unha-oferta-ampla-e-variada-de-cursos-e-experiencias-para-o-ano-2020\\\/\"},\"author\":{\"name\":\"Redacci\u00f3n A Nova Peneira\",\"@id\":\"https:\\\/\\\/www.anovapeneira.gal\\\/#\\\/schema\\\/person\\\/b93e3f8932e3f8da96334607eb6ac6aa\"},\"headline\":\"O Museo do Vi\u00f1o presenta unha oferta ampla e variada de cursos e experiencias para o ano 2020\",\"datePublished\":\"2020-01-14T09:00:31+00:00\",\"mainEntityOfPage\":{\"@id\":\"https:\\\/\\\/www.anovapeneira.gal\\\/index.php\\\/2020\\\/01\\\/14\\\/o-museo-do-vino-presenta-unha-oferta-ampla-e-variada-de-cursos-e-experiencias-para-o-ano-2020\\\/\"},\"wordCount\":514,\"commentCount\":0,\"publisher\":{\"@id\":\"https:\\\/\\\/www.anovapeneira.gal\\\/#organization\"},\"image\":{\"@id\":\"https:\\\/\\\/www.anovapeneira.gal\\\/index.php\\\/2020\\\/01\\\/14\\\/o-museo-do-vino-presenta-unha-oferta-ampla-e-variada-de-cursos-e-experiencias-para-o-ano-2020\\\/#primaryimage\"},\"thumbnailUrl\":\"https:\\\/\\\/www.anovapeneira.gal\\\/wp-content\\\/uploads\\\/2020\\\/01\\\/museo_do_vino_salvaterra_a_nova_peneira.jpg\",\"keywords\":[\"Concello de Salvaterra do Mi\u00f1o\",\"Museo do vi\u00f1o\"],\"articleSection\":[\"Condado\"],\"inLanguage\":\"gl-ES\",\"potentialAction\":[{\"@type\":\"CommentAction\",\"name\":\"Comment\",\"target\":[\"https:\\\/\\\/www.anovapeneira.gal\\\/index.php\\\/2020\\\/01\\\/14\\\/o-museo-do-vino-presenta-unha-oferta-ampla-e-variada-de-cursos-e-experiencias-para-o-ano-2020\\\/#respond\"]}]},{\"@type\":\"WebPage\",\"@id\":\"https:\\\/\\\/www.anovapeneira.gal\\\/index.php\\\/2020\\\/01\\\/14\\\/o-museo-do-vino-presenta-unha-oferta-ampla-e-variada-de-cursos-e-experiencias-para-o-ano-2020\\\/\",\"url\":\"https:\\\/\\\/www.anovapeneira.gal\\\/index.php\\\/2020\\\/01\\\/14\\\/o-museo-do-vino-presenta-unha-oferta-ampla-e-variada-de-cursos-e-experiencias-para-o-ano-2020\\\/\",\"name\":\"O Museo do Vi\u00f1o presenta unha oferta ampla e variada de cursos e experiencias para o ano 2020 -\",\"isPartOf\":{\"@id\":\"https:\\\/\\\/www.anovapeneira.gal\\\/#website\"},\"primaryImageOfPage\":{\"@id\":\"https:\\\/\\\/www.anovapeneira.gal\\\/index.php\\\/2020\\\/01\\\/14\\\/o-museo-do-vino-presenta-unha-oferta-ampla-e-variada-de-cursos-e-experiencias-para-o-ano-2020\\\/#primaryimage\"},\"image\":{\"@id\":\"https:\\\/\\\/www.anovapeneira.gal\\\/index.php\\\/2020\\\/01\\\/14\\\/o-museo-do-vino-presenta-unha-oferta-ampla-e-variada-de-cursos-e-experiencias-para-o-ano-2020\\\/#primaryimage\"},\"thumbnailUrl\":\"https:\\\/\\\/www.anovapeneira.gal\\\/wp-content\\\/uploads\\\/2020\\\/01\\\/museo_do_vino_salvaterra_a_nova_peneira.jpg\",\"datePublished\":\"2020-01-14T09:00:31+00:00\",\"breadcrumb\":{\"@id\":\"https:\\\/\\\/www.anovapeneira.gal\\\/index.php\\\/2020\\\/01\\\/14\\\/o-museo-do-vino-presenta-unha-oferta-ampla-e-variada-de-cursos-e-experiencias-para-o-ano-2020\\\/#breadcrumb\"},\"inLanguage\":\"gl-ES\",\"potentialAction\":[{\"@type\":\"ReadAction\",\"target\":[\"https:\\\/\\\/www.anovapeneira.gal\\\/index.php\\\/2020\\\/01\\\/14\\\/o-museo-do-vino-presenta-unha-oferta-ampla-e-variada-de-cursos-e-experiencias-para-o-ano-2020\\\/\"]}]},{\"@type\":\"ImageObject\",\"inLanguage\":\"gl-ES\",\"@id\":\"https:\\\/\\\/www.anovapeneira.gal\\\/index.php\\\/2020\\\/01\\\/14\\\/o-museo-do-vino-presenta-unha-oferta-ampla-e-variada-de-cursos-e-experiencias-para-o-ano-2020\\\/#primaryimage\",\"url\":\"https:\\\/\\\/www.anovapeneira.gal\\\/wp-content\\\/uploads\\\/2020\\\/01\\\/museo_do_vino_salvaterra_a_nova_peneira.jpg\",\"contentUrl\":\"https:\\\/\\\/www.anovapeneira.gal\\\/wp-content\\\/uploads\\\/2020\\\/01\\\/museo_do_vino_salvaterra_a_nova_peneira.jpg\",\"width\":720,\"height\":432,\"caption\":\"Museo do vi\u00f1o Concello de Salvaterra A Nova Peneira\"},{\"@type\":\"BreadcrumbList\",\"@id\":\"https:\\\/\\\/www.anovapeneira.gal\\\/index.php\\\/2020\\\/01\\\/14\\\/o-museo-do-vino-presenta-unha-oferta-ampla-e-variada-de-cursos-e-experiencias-para-o-ano-2020\\\/#breadcrumb\",\"itemListElement\":[{\"@type\":\"ListItem\",\"position\":1,\"name\":\"Portada\",\"item\":\"https:\\\/\\\/www.anovapeneira.gal\\\/\"},{\"@type\":\"ListItem\",\"position\":2,\"name\":\"O Museo do Vi\u00f1o presenta unha oferta ampla e variada de cursos e experiencias para o ano 2020\"}]},{\"@type\":\"WebSite\",\"@id\":\"https:\\\/\\\/www.anovapeneira.gal\\\/#website\",\"url\":\"https:\\\/\\\/www.anovapeneira.gal\\\/\",\"name\":\"\",\"description\":\"Xornal galego de informaci\u00f3n xeral Publicaci\u00f3n mensual de novas de Galicia e en especial dos Concellos da sur da provincia de Pontevedra.\",\"publisher\":{\"@id\":\"https:\\\/\\\/www.anovapeneira.gal\\\/#organization\"},\"potentialAction\":[{\"@type\":\"SearchAction\",\"target\":{\"@type\":\"EntryPoint\",\"urlTemplate\":\"https:\\\/\\\/www.anovapeneira.gal\\\/?s={search_term_string}\"},\"query-input\":{\"@type\":\"PropertyValueSpecification\",\"valueRequired\":true,\"valueName\":\"search_term_string\"}}],\"inLanguage\":\"gl-ES\"},{\"@type\":\"Organization\",\"@id\":\"https:\\\/\\\/www.anovapeneira.gal\\\/#organization\",\"name\":\"A Nova Peneira\",\"url\":\"https:\\\/\\\/www.anovapeneira.gal\\\/\",\"logo\":{\"@type\":\"ImageObject\",\"inLanguage\":\"gl-ES\",\"@id\":\"https:\\\/\\\/www.anovapeneira.gal\\\/#\\\/schema\\\/logo\\\/image\\\/\",\"url\":\"http:\\\/\\\/www.anovapeneira.gal\\\/wp-content\\\/uploads\\\/2019\\\/06\\\/logo_a_nova_peneira_portal_web.png\",\"contentUrl\":\"http:\\\/\\\/www.anovapeneira.gal\\\/wp-content\\\/uploads\\\/2019\\\/06\\\/logo_a_nova_peneira_portal_web.png\",\"width\":300,\"height\":100,\"caption\":\"A Nova Peneira\"},\"image\":{\"@id\":\"https:\\\/\\\/www.anovapeneira.gal\\\/#\\\/schema\\\/logo\\\/image\\\/\"},\"sameAs\":[\"https:\\\/\\\/www.facebook.com\\\/anovapeneira\",\"https:\\\/\\\/x.com\\\/APeneira\"]},{\"@type\":\"Person\",\"@id\":\"https:\\\/\\\/www.anovapeneira.gal\\\/#\\\/schema\\\/person\\\/b93e3f8932e3f8da96334607eb6ac6aa\",\"name\":\"Redacci\u00f3n A Nova Peneira\",\"image\":{\"@type\":\"ImageObject\",\"inLanguage\":\"gl-ES\",\"@id\":\"https:\\\/\\\/secure.gravatar.com\\\/avatar\\\/c052a2551a06e23fac63626232eaa90abd78dbcf1700fc46a2b2c89fd27b735f?s=96&d=mm&r=g\",\"url\":\"https:\\\/\\\/secure.gravatar.com\\\/avatar\\\/c052a2551a06e23fac63626232eaa90abd78dbcf1700fc46a2b2c89fd27b735f?s=96&d=mm&r=g\",\"contentUrl\":\"https:\\\/\\\/secure.gravatar.com\\\/avatar\\\/c052a2551a06e23fac63626232eaa90abd78dbcf1700fc46a2b2c89fd27b735f?s=96&d=mm&r=g\",\"caption\":\"Redacci\u00f3n A Nova Peneira\"},\"sameAs\":[\"http:\\\/\\\/www.anovapeneira.gal\\\/\"],\"url\":\"https:\\\/\\\/www.anovapeneira.gal\\\/index.php\\\/author\\\/redactor\\\/\"}]}<\/script>\n<!-- \/ Yoast SEO plugin. -->","yoast_head_json":{"title":"O Museo do Vi\u00f1o presenta unha oferta ampla e variada de cursos e experiencias para o ano 2020 -","robots":{"index":"index","follow":"follow","max-snippet":"max-snippet:-1","max-image-preview":"max-image-preview:large","max-video-preview":"max-video-preview:-1"},"canonical":"https:\/\/www.anovapeneira.gal\/index.php\/2020\/01\/14\/o-museo-do-vino-presenta-unha-oferta-ampla-e-variada-de-cursos-e-experiencias-para-o-ano-2020\/","og_locale":"gl_ES","og_type":"article","og_title":"O Museo do Vi\u00f1o presenta unha oferta ampla e variada de cursos e experiencias para o ano 2020 -","og_description":"Dende que se abriu o ano pasado no mes de marzo, o Museo do Vi\u00f1o do Condado est\u00e1 sendo un referente en toda a comunidade. As m\u00e1is de 3.000 persoas que nos visitaron neste primeiros meses de andadura coinciden en destacar a gran calidade do museo [...]","og_url":"https:\/\/www.anovapeneira.gal\/index.php\/2020\/01\/14\/o-museo-do-vino-presenta-unha-oferta-ampla-e-variada-de-cursos-e-experiencias-para-o-ano-2020\/","article_publisher":"https:\/\/www.facebook.com\/anovapeneira","article_published_time":"2020-01-14T09:00:31+00:00","og_image":[{"width":720,"height":432,"url":"https:\/\/www.anovapeneira.gal\/wp-content\/uploads\/2020\/01\/museo_do_vino_salvaterra_a_nova_peneira.jpg","type":"image\/jpeg"}],"author":"Redacci\u00f3n A Nova Peneira","twitter_card":"summary_large_image","twitter_creator":"@APeneira","twitter_site":"@APeneira","twitter_misc":{"Escrito por":"Redacci\u00f3n A Nova Peneira","Tempo de lectura":"2 minutos"},"schema":{"@context":"https:\/\/schema.org","@graph":[{"@type":"Article","@id":"https:\/\/www.anovapeneira.gal\/index.php\/2020\/01\/14\/o-museo-do-vino-presenta-unha-oferta-ampla-e-variada-de-cursos-e-experiencias-para-o-ano-2020\/#article","isPartOf":{"@id":"https:\/\/www.anovapeneira.gal\/index.php\/2020\/01\/14\/o-museo-do-vino-presenta-unha-oferta-ampla-e-variada-de-cursos-e-experiencias-para-o-ano-2020\/"},"author":{"name":"Redacci\u00f3n A Nova Peneira","@id":"https:\/\/www.anovapeneira.gal\/#\/schema\/person\/b93e3f8932e3f8da96334607eb6ac6aa"},"headline":"O Museo do Vi\u00f1o presenta unha oferta ampla e variada de cursos e experiencias para o ano 2020","datePublished":"2020-01-14T09:00:31+00:00","mainEntityOfPage":{"@id":"https:\/\/www.anovapeneira.gal\/index.php\/2020\/01\/14\/o-museo-do-vino-presenta-unha-oferta-ampla-e-variada-de-cursos-e-experiencias-para-o-ano-2020\/"},"wordCount":514,"commentCount":0,"publisher":{"@id":"https:\/\/www.anovapeneira.gal\/#organization"},"image":{"@id":"https:\/\/www.anovapeneira.gal\/index.php\/2020\/01\/14\/o-museo-do-vino-presenta-unha-oferta-ampla-e-variada-de-cursos-e-experiencias-para-o-ano-2020\/#primaryimage"},"thumbnailUrl":"https:\/\/www.anovapeneira.gal\/wp-content\/uploads\/2020\/01\/museo_do_vino_salvaterra_a_nova_peneira.jpg","keywords":["Concello de Salvaterra do Mi\u00f1o","Museo do vi\u00f1o"],"articleSection":["Condado"],"inLanguage":"gl-ES","potentialAction":[{"@type":"CommentAction","name":"Comment","target":["https:\/\/www.anovapeneira.gal\/index.php\/2020\/01\/14\/o-museo-do-vino-presenta-unha-oferta-ampla-e-variada-de-cursos-e-experiencias-para-o-ano-2020\/#respond"]}]},{"@type":"WebPage","@id":"https:\/\/www.anovapeneira.gal\/index.php\/2020\/01\/14\/o-museo-do-vino-presenta-unha-oferta-ampla-e-variada-de-cursos-e-experiencias-para-o-ano-2020\/","url":"https:\/\/www.anovapeneira.gal\/index.php\/2020\/01\/14\/o-museo-do-vino-presenta-unha-oferta-ampla-e-variada-de-cursos-e-experiencias-para-o-ano-2020\/","name":"O Museo do Vi\u00f1o presenta unha oferta ampla e variada de cursos e experiencias para o ano 2020 -","isPartOf":{"@id":"https:\/\/www.anovapeneira.gal\/#website"},"primaryImageOfPage":{"@id":"https:\/\/www.anovapeneira.gal\/index.php\/2020\/01\/14\/o-museo-do-vino-presenta-unha-oferta-ampla-e-variada-de-cursos-e-experiencias-para-o-ano-2020\/#primaryimage"},"image":{"@id":"https:\/\/www.anovapeneira.gal\/index.php\/2020\/01\/14\/o-museo-do-vino-presenta-unha-oferta-ampla-e-variada-de-cursos-e-experiencias-para-o-ano-2020\/#primaryimage"},"thumbnailUrl":"https:\/\/www.anovapeneira.gal\/wp-content\/uploads\/2020\/01\/museo_do_vino_salvaterra_a_nova_peneira.jpg","datePublished":"2020-01-14T09:00:31+00:00","breadcrumb":{"@id":"https:\/\/www.anovapeneira.gal\/index.php\/2020\/01\/14\/o-museo-do-vino-presenta-unha-oferta-ampla-e-variada-de-cursos-e-experiencias-para-o-ano-2020\/#breadcrumb"},"inLanguage":"gl-ES","potentialAction":[{"@type":"ReadAction","target":["https:\/\/www.anovapeneira.gal\/index.php\/2020\/01\/14\/o-museo-do-vino-presenta-unha-oferta-ampla-e-variada-de-cursos-e-experiencias-para-o-ano-2020\/"]}]},{"@type":"ImageObject","inLanguage":"gl-ES","@id":"https:\/\/www.anovapeneira.gal\/index.php\/2020\/01\/14\/o-museo-do-vino-presenta-unha-oferta-ampla-e-variada-de-cursos-e-experiencias-para-o-ano-2020\/#primaryimage","url":"https:\/\/www.anovapeneira.gal\/wp-content\/uploads\/2020\/01\/museo_do_vino_salvaterra_a_nova_peneira.jpg","contentUrl":"https:\/\/www.anovapeneira.gal\/wp-content\/uploads\/2020\/01\/museo_do_vino_salvaterra_a_nova_peneira.jpg","width":720,"height":432,"caption":"Museo do vi\u00f1o Concello de Salvaterra A Nova Peneira"},{"@type":"BreadcrumbList","@id":"https:\/\/www.anovapeneira.gal\/index.php\/2020\/01\/14\/o-museo-do-vino-presenta-unha-oferta-ampla-e-variada-de-cursos-e-experiencias-para-o-ano-2020\/#breadcrumb","itemListElement":[{"@type":"ListItem","position":1,"name":"Portada","item":"https:\/\/www.anovapeneira.gal\/"},{"@type":"ListItem","position":2,"name":"O Museo do Vi\u00f1o presenta unha oferta ampla e variada de cursos e experiencias para o ano 2020"}]},{"@type":"WebSite","@id":"https:\/\/www.anovapeneira.gal\/#website","url":"https:\/\/www.anovapeneira.gal\/","name":"","description":"Xornal galego de informaci\u00f3n xeral Publicaci\u00f3n mensual de novas de Galicia e en especial dos Concellos da sur da provincia de Pontevedra.","publisher":{"@id":"https:\/\/www.anovapeneira.gal\/#organization"},"potentialAction":[{"@type":"SearchAction","target":{"@type":"EntryPoint","urlTemplate":"https:\/\/www.anovapeneira.gal\/?s={search_term_string}"},"query-input":{"@type":"PropertyValueSpecification","valueRequired":true,"valueName":"search_term_string"}}],"inLanguage":"gl-ES"},{"@type":"Organization","@id":"https:\/\/www.anovapeneira.gal\/#organization","name":"A Nova Peneira","url":"https:\/\/www.anovapeneira.gal\/","logo":{"@type":"ImageObject","inLanguage":"gl-ES","@id":"https:\/\/www.anovapeneira.gal\/#\/schema\/logo\/image\/","url":"http:\/\/www.anovapeneira.gal\/wp-content\/uploads\/2019\/06\/logo_a_nova_peneira_portal_web.png","contentUrl":"http:\/\/www.anovapeneira.gal\/wp-content\/uploads\/2019\/06\/logo_a_nova_peneira_portal_web.png","width":300,"height":100,"caption":"A Nova Peneira"},"image":{"@id":"https:\/\/www.anovapeneira.gal\/#\/schema\/logo\/image\/"},"sameAs":["https:\/\/www.facebook.com\/anovapeneira","https:\/\/x.com\/APeneira"]},{"@type":"Person","@id":"https:\/\/www.anovapeneira.gal\/#\/schema\/person\/b93e3f8932e3f8da96334607eb6ac6aa","name":"Redacci\u00f3n A Nova Peneira","image":{"@type":"ImageObject","inLanguage":"gl-ES","@id":"https:\/\/secure.gravatar.com\/avatar\/c052a2551a06e23fac63626232eaa90abd78dbcf1700fc46a2b2c89fd27b735f?s=96&d=mm&r=g","url":"https:\/\/secure.gravatar.com\/avatar\/c052a2551a06e23fac63626232eaa90abd78dbcf1700fc46a2b2c89fd27b735f?s=96&d=mm&r=g","contentUrl":"https:\/\/secure.gravatar.com\/avatar\/c052a2551a06e23fac63626232eaa90abd78dbcf1700fc46a2b2c89fd27b735f?s=96&d=mm&r=g","caption":"Redacci\u00f3n A Nova Peneira"},"sameAs":["http:\/\/www.anovapeneira.gal\/"],"url":"https:\/\/www.anovapeneira.gal\/index.php\/author\/redactor\/"}]}},"jetpack_featured_media_url":"https:\/\/www.anovapeneira.gal\/wp-content\/uploads\/2020\/01\/museo_do_vino_salvaterra_a_nova_peneira.jpg","_links":{"self":[{"href":"https:\/\/www.anovapeneira.gal\/index.php\/wp-json\/wp\/v2\/posts\/2245","targetHints":{"allow":["GET"]}}],"collection":[{"href":"https:\/\/www.anovapeneira.gal\/index.php\/wp-json\/wp\/v2\/posts"}],"about":[{"href":"https:\/\/www.anovapeneira.gal\/index.php\/wp-json\/wp\/v2\/types\/post"}],"author":[{"embeddable":true,"href":"https:\/\/www.anovapeneira.gal\/index.php\/wp-json\/wp\/v2\/users\/3"}],"replies":[{"embeddable":true,"href":"https:\/\/www.anovapeneira.gal\/index.php\/wp-json\/wp\/v2\/comments?post=2245"}],"version-history":[{"count":1,"href":"https:\/\/www.anovapeneira.gal\/index.php\/wp-json\/wp\/v2\/posts\/2245\/revisions"}],"predecessor-version":[{"id":2247,"href":"https:\/\/www.anovapeneira.gal\/index.php\/wp-json\/wp\/v2\/posts\/2245\/revisions\/2247"}],"wp:featuredmedia":[{"embeddable":true,"href":"https:\/\/www.anovapeneira.gal\/index.php\/wp-json\/wp\/v2\/media\/2246"}],"wp:attachment":[{"href":"https:\/\/www.anovapeneira.gal\/index.php\/wp-json\/wp\/v2\/media?parent=2245"}],"wp:term":[{"taxonomy":"category","embeddable":true,"href":"https:\/\/www.anovapeneira.gal\/index.php\/wp-json\/wp\/v2\/categories?post=2245"},{"taxonomy":"post_tag","embeddable":true,"href":"https:\/\/www.anovapeneira.gal\/index.php\/wp-json\/wp\/v2\/tags?post=2245"}],"curies":[{"name":"wp","href":"https:\/\/api.w.org\/{rel}","templated":true}]}}