{"id":2248,"date":"2020-01-14T12:00:53","date_gmt":"2020-01-14T11:00:53","guid":{"rendered":"http:\/\/www.anovapeneira.gal\/?p=2248"},"modified":"2020-01-11T22:19:40","modified_gmt":"2020-01-11T21:19:40","slug":"nenos-e-nenas-do-rosal-descubriron-diferentes-culturas-do-mundo-no-campamento-municipal-de-nadal","status":"publish","type":"post","link":"https:\/\/www.anovapeneira.gal\/index.php\/2020\/01\/14\/nenos-e-nenas-do-rosal-descubriron-diferentes-culturas-do-mundo-no-campamento-municipal-de-nadal\/","title":{"rendered":"Nenos e nenas do Rosal descubriron diferentes culturas do mundo no campamento municipal de Nadal"},"content":{"rendered":"\n<h2 class=\"wp-block-heading\"><strong>Organizado polo Concello de balde, o campamento ti\u00f1a por obxectivo facilitar a conciliaci\u00f3n familiar e laboral \u00e1 veci\u00f1anza<\/strong><\/h2>\n\n\n\n<p><strong>O Rosal, 10 de xaneiro de 2020<\/strong><\/p>\n\n\n\n<p>Un\npercorrido polo mundo e polas tradici\u00f3ns de Nadal en diferentes\nculturas. As\u00ed foi o campamento de Nadal organizado polo Concello do\nRosal durante o mes de decembro e xaneiro, posto en marcha co\nobxectivo principal de axudar \u00e1s familias rosaleiras a conciliar a\nvida laboral e familiar a trav\u00e9s de actividades educativas e l\u00fadicas\ncoas que dinamizar o tempo libre dos nenos e nenas durante o per\u00edodo\nde vacaci\u00f3ns escolares. O campamento era gratu\u00edto e encheu todas as\nprazas dispo\u00f1ibles.<\/p>\n\n\n\n<p>Baixo\no t\u00edtulo de \u2018Nadal no mundo\u2019, 25 nenos e nenas de educaci\u00f3n\ninfantil e primaria puideron co\u00f1ecer os costumes e xogos\ntradicionais de diferentes culturas e crear motivos e aderezos\npropios destas datas, atendendo \u00e1 educaci\u00f3n en valores e \u00e1\ndiversidade. As\u00ed, os m\u00e1is pequenos e pequenas co\u00f1eceron xogos\npropios das culturas asi\u00e1tica ou africana, compartiron ideas sobre\nno Nadal e reflexionaron sobre o consumo despois dos agasallos de\nPap\u00e1 N\u00f6el, crearon un tarro de luz propio do J\u00e1nuca xudeu ou un\npersonaxe propio das culturas n\u00f3rdicas, os axudantes de San Nicol\u00e1s:\nos elfos verdes. Una morea de actividades a trav\u00e9s das que os nenos\ne nenas aprenderon a convivir e cooperar nunhas datas tan sinaladas. \n<\/p>\n\n\n\n<p>Dende\no Concello somos conscientes \u201cda importancia da\ncorresponsabilidade, por iso queremos achegar o noso gran de area con\niniciativas como este campamento, axudando aos pais e nais que\ntraballan e non te\u00f1en con quen deixar aos seus fillos e fillas ao\ntempo que os mais pequenos e pequenas aprenden\u201d.<\/p>\n","protected":false},"excerpt":{"rendered":"<div class=\"mh-excerpt\"><p>Organizado polo Concello de balde, o campamento ti\u00f1a por obxectivo facilitar a conciliaci\u00f3n familiar e laboral \u00e1 veci\u00f1anza <a class=\"mh-excerpt-more\" href=\"https:\/\/www.anovapeneira.gal\/index.php\/2020\/01\/14\/nenos-e-nenas-do-rosal-descubriron-diferentes-culturas-do-mundo-no-campamento-municipal-de-nadal\/\" title=\"Nenos e nenas do Rosal descubriron diferentes culturas do mundo no campamento municipal de Nadal\">[&#8230;]<\/a><\/p>\n<\/div>","protected":false},"author":3,"featured_media":2249,"comment_status":"closed","ping_status":"open","sticky":false,"template":"","format":"standard","meta":{"_exactmetrics_skip_tracking":false,"_exactmetrics_sitenote_active":false,"_exactmetrics_sitenote_note":"","_exactmetrics_sitenote_category":0,"footnotes":""},"categories":[21],"tags":[904,131],"class_list":{"0":"post-2248","1":"post","2":"type-post","3":"status-publish","4":"format-standard","5":"has-post-thumbnail","7":"category-baixo-mino","8":"tag-campamento-municipal-de-nadal","9":"tag-concello-do-rosal"},"yoast_head":"<!-- This site is optimized with the Yoast SEO plugin v27.4 - https:\/\/yoast.com\/product\/yoast-seo-wordpress\/ -->\n<title>Nenos e nenas do Rosal descubriron diferentes culturas do mundo no campamento municipal de Nadal -<\/title>\n<meta name=\"robots\" content=\"index, follow, max-snippet:-1, max-image-preview:large, max-video-preview:-1\" \/>\n<link rel=\"canonical\" href=\"https:\/\/www.anovapeneira.gal\/index.php\/2020\/01\/14\/nenos-e-nenas-do-rosal-descubriron-diferentes-culturas-do-mundo-no-campamento-municipal-de-nadal\/\" \/>\n<meta property=\"og:locale\" content=\"gl_ES\" \/>\n<meta property=\"og:type\" content=\"article\" \/>\n<meta property=\"og:title\" content=\"Nenos e nenas do Rosal descubriron diferentes culturas do mundo no campamento municipal de Nadal -\" \/>\n<meta property=\"og:description\" content=\"Organizado polo Concello de balde, o campamento ti\u00f1a por obxectivo facilitar a conciliaci\u00f3n familiar e laboral \u00e1 veci\u00f1anza [...]\" \/>\n<meta property=\"og:url\" content=\"https:\/\/www.anovapeneira.gal\/index.php\/2020\/01\/14\/nenos-e-nenas-do-rosal-descubriron-diferentes-culturas-do-mundo-no-campamento-municipal-de-nadal\/\" \/>\n<meta property=\"article:publisher\" content=\"https:\/\/www.facebook.com\/anovapeneira\" \/>\n<meta property=\"article:published_time\" content=\"2020-01-14T11:00:53+00:00\" \/>\n<meta property=\"og:image\" content=\"https:\/\/www.anovapeneira.gal\/wp-content\/uploads\/2020\/01\/o_rosal_nenos_e_nenas_a_nova_peneira.jpg\" \/>\n\t<meta property=\"og:image:width\" content=\"720\" \/>\n\t<meta property=\"og:image:height\" content=\"432\" \/>\n\t<meta property=\"og:image:type\" content=\"image\/jpeg\" \/>\n<meta name=\"author\" content=\"Redacci\u00f3n A Nova Peneira\" \/>\n<meta name=\"twitter:card\" content=\"summary_large_image\" \/>\n<meta name=\"twitter:creator\" content=\"@APeneira\" \/>\n<meta name=\"twitter:site\" content=\"@APeneira\" \/>\n<meta name=\"twitter:label1\" content=\"Escrito por\" \/>\n\t<meta name=\"twitter:data1\" content=\"Redacci\u00f3n A Nova Peneira\" \/>\n\t<meta name=\"twitter:label2\" content=\"Tempo de lectura\" \/>\n\t<meta name=\"twitter:data2\" content=\"1 minuto\" \/>\n<script type=\"application\/ld+json\" class=\"yoast-schema-graph\">{\"@context\":\"https:\\\/\\\/schema.org\",\"@graph\":[{\"@type\":\"Article\",\"@id\":\"https:\\\/\\\/www.anovapeneira.gal\\\/index.php\\\/2020\\\/01\\\/14\\\/nenos-e-nenas-do-rosal-descubriron-diferentes-culturas-do-mundo-no-campamento-municipal-de-nadal\\\/#article\",\"isPartOf\":{\"@id\":\"https:\\\/\\\/www.anovapeneira.gal\\\/index.php\\\/2020\\\/01\\\/14\\\/nenos-e-nenas-do-rosal-descubriron-diferentes-culturas-do-mundo-no-campamento-municipal-de-nadal\\\/\"},\"author\":{\"name\":\"Redacci\u00f3n A Nova Peneira\",\"@id\":\"https:\\\/\\\/www.anovapeneira.gal\\\/#\\\/schema\\\/person\\\/b93e3f8932e3f8da96334607eb6ac6aa\"},\"headline\":\"Nenos e nenas do Rosal descubriron diferentes culturas do mundo no campamento municipal de Nadal\",\"datePublished\":\"2020-01-14T11:00:53+00:00\",\"mainEntityOfPage\":{\"@id\":\"https:\\\/\\\/www.anovapeneira.gal\\\/index.php\\\/2020\\\/01\\\/14\\\/nenos-e-nenas-do-rosal-descubriron-diferentes-culturas-do-mundo-no-campamento-municipal-de-nadal\\\/\"},\"wordCount\":305,\"publisher\":{\"@id\":\"https:\\\/\\\/www.anovapeneira.gal\\\/#organization\"},\"image\":{\"@id\":\"https:\\\/\\\/www.anovapeneira.gal\\\/index.php\\\/2020\\\/01\\\/14\\\/nenos-e-nenas-do-rosal-descubriron-diferentes-culturas-do-mundo-no-campamento-municipal-de-nadal\\\/#primaryimage\"},\"thumbnailUrl\":\"https:\\\/\\\/www.anovapeneira.gal\\\/wp-content\\\/uploads\\\/2020\\\/01\\\/o_rosal_nenos_e_nenas_a_nova_peneira.jpg\",\"keywords\":[\"Campamento municipal de Nadal\",\"Concello do Rosal\"],\"articleSection\":[\"Baixo Mi\u00f1o\"],\"inLanguage\":\"gl-ES\"},{\"@type\":\"WebPage\",\"@id\":\"https:\\\/\\\/www.anovapeneira.gal\\\/index.php\\\/2020\\\/01\\\/14\\\/nenos-e-nenas-do-rosal-descubriron-diferentes-culturas-do-mundo-no-campamento-municipal-de-nadal\\\/\",\"url\":\"https:\\\/\\\/www.anovapeneira.gal\\\/index.php\\\/2020\\\/01\\\/14\\\/nenos-e-nenas-do-rosal-descubriron-diferentes-culturas-do-mundo-no-campamento-municipal-de-nadal\\\/\",\"name\":\"Nenos e nenas do Rosal descubriron diferentes culturas do mundo no campamento municipal de Nadal -\",\"isPartOf\":{\"@id\":\"https:\\\/\\\/www.anovapeneira.gal\\\/#website\"},\"primaryImageOfPage\":{\"@id\":\"https:\\\/\\\/www.anovapeneira.gal\\\/index.php\\\/2020\\\/01\\\/14\\\/nenos-e-nenas-do-rosal-descubriron-diferentes-culturas-do-mundo-no-campamento-municipal-de-nadal\\\/#primaryimage\"},\"image\":{\"@id\":\"https:\\\/\\\/www.anovapeneira.gal\\\/index.php\\\/2020\\\/01\\\/14\\\/nenos-e-nenas-do-rosal-descubriron-diferentes-culturas-do-mundo-no-campamento-municipal-de-nadal\\\/#primaryimage\"},\"thumbnailUrl\":\"https:\\\/\\\/www.anovapeneira.gal\\\/wp-content\\\/uploads\\\/2020\\\/01\\\/o_rosal_nenos_e_nenas_a_nova_peneira.jpg\",\"datePublished\":\"2020-01-14T11:00:53+00:00\",\"breadcrumb\":{\"@id\":\"https:\\\/\\\/www.anovapeneira.gal\\\/index.php\\\/2020\\\/01\\\/14\\\/nenos-e-nenas-do-rosal-descubriron-diferentes-culturas-do-mundo-no-campamento-municipal-de-nadal\\\/#breadcrumb\"},\"inLanguage\":\"gl-ES\",\"potentialAction\":[{\"@type\":\"ReadAction\",\"target\":[\"https:\\\/\\\/www.anovapeneira.gal\\\/index.php\\\/2020\\\/01\\\/14\\\/nenos-e-nenas-do-rosal-descubriron-diferentes-culturas-do-mundo-no-campamento-municipal-de-nadal\\\/\"]}]},{\"@type\":\"ImageObject\",\"inLanguage\":\"gl-ES\",\"@id\":\"https:\\\/\\\/www.anovapeneira.gal\\\/index.php\\\/2020\\\/01\\\/14\\\/nenos-e-nenas-do-rosal-descubriron-diferentes-culturas-do-mundo-no-campamento-municipal-de-nadal\\\/#primaryimage\",\"url\":\"https:\\\/\\\/www.anovapeneira.gal\\\/wp-content\\\/uploads\\\/2020\\\/01\\\/o_rosal_nenos_e_nenas_a_nova_peneira.jpg\",\"contentUrl\":\"https:\\\/\\\/www.anovapeneira.gal\\\/wp-content\\\/uploads\\\/2020\\\/01\\\/o_rosal_nenos_e_nenas_a_nova_peneira.jpg\",\"width\":720,\"height\":432,\"caption\":\"Campamento Nadal O Rosal A Nova Peneira\"},{\"@type\":\"BreadcrumbList\",\"@id\":\"https:\\\/\\\/www.anovapeneira.gal\\\/index.php\\\/2020\\\/01\\\/14\\\/nenos-e-nenas-do-rosal-descubriron-diferentes-culturas-do-mundo-no-campamento-municipal-de-nadal\\\/#breadcrumb\",\"itemListElement\":[{\"@type\":\"ListItem\",\"position\":1,\"name\":\"Portada\",\"item\":\"https:\\\/\\\/www.anovapeneira.gal\\\/\"},{\"@type\":\"ListItem\",\"position\":2,\"name\":\"Nenos e nenas do Rosal descubriron diferentes culturas do mundo no campamento municipal de Nadal\"}]},{\"@type\":\"WebSite\",\"@id\":\"https:\\\/\\\/www.anovapeneira.gal\\\/#website\",\"url\":\"https:\\\/\\\/www.anovapeneira.gal\\\/\",\"name\":\"\",\"description\":\"Xornal galego de informaci\u00f3n xeral Publicaci\u00f3n mensual de novas de Galicia e en especial dos Concellos da sur da provincia de Pontevedra.\",\"publisher\":{\"@id\":\"https:\\\/\\\/www.anovapeneira.gal\\\/#organization\"},\"potentialAction\":[{\"@type\":\"SearchAction\",\"target\":{\"@type\":\"EntryPoint\",\"urlTemplate\":\"https:\\\/\\\/www.anovapeneira.gal\\\/?s={search_term_string}\"},\"query-input\":{\"@type\":\"PropertyValueSpecification\",\"valueRequired\":true,\"valueName\":\"search_term_string\"}}],\"inLanguage\":\"gl-ES\"},{\"@type\":\"Organization\",\"@id\":\"https:\\\/\\\/www.anovapeneira.gal\\\/#organization\",\"name\":\"A Nova Peneira\",\"url\":\"https:\\\/\\\/www.anovapeneira.gal\\\/\",\"logo\":{\"@type\":\"ImageObject\",\"inLanguage\":\"gl-ES\",\"@id\":\"https:\\\/\\\/www.anovapeneira.gal\\\/#\\\/schema\\\/logo\\\/image\\\/\",\"url\":\"http:\\\/\\\/www.anovapeneira.gal\\\/wp-content\\\/uploads\\\/2019\\\/06\\\/logo_a_nova_peneira_portal_web.png\",\"contentUrl\":\"http:\\\/\\\/www.anovapeneira.gal\\\/wp-content\\\/uploads\\\/2019\\\/06\\\/logo_a_nova_peneira_portal_web.png\",\"width\":300,\"height\":100,\"caption\":\"A Nova Peneira\"},\"image\":{\"@id\":\"https:\\\/\\\/www.anovapeneira.gal\\\/#\\\/schema\\\/logo\\\/image\\\/\"},\"sameAs\":[\"https:\\\/\\\/www.facebook.com\\\/anovapeneira\",\"https:\\\/\\\/x.com\\\/APeneira\"]},{\"@type\":\"Person\",\"@id\":\"https:\\\/\\\/www.anovapeneira.gal\\\/#\\\/schema\\\/person\\\/b93e3f8932e3f8da96334607eb6ac6aa\",\"name\":\"Redacci\u00f3n A Nova Peneira\",\"image\":{\"@type\":\"ImageObject\",\"inLanguage\":\"gl-ES\",\"@id\":\"https:\\\/\\\/secure.gravatar.com\\\/avatar\\\/c052a2551a06e23fac63626232eaa90abd78dbcf1700fc46a2b2c89fd27b735f?s=96&d=mm&r=g\",\"url\":\"https:\\\/\\\/secure.gravatar.com\\\/avatar\\\/c052a2551a06e23fac63626232eaa90abd78dbcf1700fc46a2b2c89fd27b735f?s=96&d=mm&r=g\",\"contentUrl\":\"https:\\\/\\\/secure.gravatar.com\\\/avatar\\\/c052a2551a06e23fac63626232eaa90abd78dbcf1700fc46a2b2c89fd27b735f?s=96&d=mm&r=g\",\"caption\":\"Redacci\u00f3n A Nova Peneira\"},\"sameAs\":[\"http:\\\/\\\/www.anovapeneira.gal\\\/\"],\"url\":\"https:\\\/\\\/www.anovapeneira.gal\\\/index.php\\\/author\\\/redactor\\\/\"}]}<\/script>\n<!-- \/ Yoast SEO plugin. -->","yoast_head_json":{"title":"Nenos e nenas do Rosal descubriron diferentes culturas do mundo no campamento municipal de Nadal -","robots":{"index":"index","follow":"follow","max-snippet":"max-snippet:-1","max-image-preview":"max-image-preview:large","max-video-preview":"max-video-preview:-1"},"canonical":"https:\/\/www.anovapeneira.gal\/index.php\/2020\/01\/14\/nenos-e-nenas-do-rosal-descubriron-diferentes-culturas-do-mundo-no-campamento-municipal-de-nadal\/","og_locale":"gl_ES","og_type":"article","og_title":"Nenos e nenas do Rosal descubriron diferentes culturas do mundo no campamento municipal de Nadal -","og_description":"Organizado polo Concello de balde, o campamento ti\u00f1a por obxectivo facilitar a conciliaci\u00f3n familiar e laboral \u00e1 veci\u00f1anza [...]","og_url":"https:\/\/www.anovapeneira.gal\/index.php\/2020\/01\/14\/nenos-e-nenas-do-rosal-descubriron-diferentes-culturas-do-mundo-no-campamento-municipal-de-nadal\/","article_publisher":"https:\/\/www.facebook.com\/anovapeneira","article_published_time":"2020-01-14T11:00:53+00:00","og_image":[{"width":720,"height":432,"url":"https:\/\/www.anovapeneira.gal\/wp-content\/uploads\/2020\/01\/o_rosal_nenos_e_nenas_a_nova_peneira.jpg","type":"image\/jpeg"}],"author":"Redacci\u00f3n A Nova Peneira","twitter_card":"summary_large_image","twitter_creator":"@APeneira","twitter_site":"@APeneira","twitter_misc":{"Escrito por":"Redacci\u00f3n A Nova Peneira","Tempo de lectura":"1 minuto"},"schema":{"@context":"https:\/\/schema.org","@graph":[{"@type":"Article","@id":"https:\/\/www.anovapeneira.gal\/index.php\/2020\/01\/14\/nenos-e-nenas-do-rosal-descubriron-diferentes-culturas-do-mundo-no-campamento-municipal-de-nadal\/#article","isPartOf":{"@id":"https:\/\/www.anovapeneira.gal\/index.php\/2020\/01\/14\/nenos-e-nenas-do-rosal-descubriron-diferentes-culturas-do-mundo-no-campamento-municipal-de-nadal\/"},"author":{"name":"Redacci\u00f3n A Nova Peneira","@id":"https:\/\/www.anovapeneira.gal\/#\/schema\/person\/b93e3f8932e3f8da96334607eb6ac6aa"},"headline":"Nenos e nenas do Rosal descubriron diferentes culturas do mundo no campamento municipal de Nadal","datePublished":"2020-01-14T11:00:53+00:00","mainEntityOfPage":{"@id":"https:\/\/www.anovapeneira.gal\/index.php\/2020\/01\/14\/nenos-e-nenas-do-rosal-descubriron-diferentes-culturas-do-mundo-no-campamento-municipal-de-nadal\/"},"wordCount":305,"publisher":{"@id":"https:\/\/www.anovapeneira.gal\/#organization"},"image":{"@id":"https:\/\/www.anovapeneira.gal\/index.php\/2020\/01\/14\/nenos-e-nenas-do-rosal-descubriron-diferentes-culturas-do-mundo-no-campamento-municipal-de-nadal\/#primaryimage"},"thumbnailUrl":"https:\/\/www.anovapeneira.gal\/wp-content\/uploads\/2020\/01\/o_rosal_nenos_e_nenas_a_nova_peneira.jpg","keywords":["Campamento municipal de Nadal","Concello do Rosal"],"articleSection":["Baixo Mi\u00f1o"],"inLanguage":"gl-ES"},{"@type":"WebPage","@id":"https:\/\/www.anovapeneira.gal\/index.php\/2020\/01\/14\/nenos-e-nenas-do-rosal-descubriron-diferentes-culturas-do-mundo-no-campamento-municipal-de-nadal\/","url":"https:\/\/www.anovapeneira.gal\/index.php\/2020\/01\/14\/nenos-e-nenas-do-rosal-descubriron-diferentes-culturas-do-mundo-no-campamento-municipal-de-nadal\/","name":"Nenos e nenas do Rosal descubriron diferentes culturas do mundo no campamento municipal de Nadal -","isPartOf":{"@id":"https:\/\/www.anovapeneira.gal\/#website"},"primaryImageOfPage":{"@id":"https:\/\/www.anovapeneira.gal\/index.php\/2020\/01\/14\/nenos-e-nenas-do-rosal-descubriron-diferentes-culturas-do-mundo-no-campamento-municipal-de-nadal\/#primaryimage"},"image":{"@id":"https:\/\/www.anovapeneira.gal\/index.php\/2020\/01\/14\/nenos-e-nenas-do-rosal-descubriron-diferentes-culturas-do-mundo-no-campamento-municipal-de-nadal\/#primaryimage"},"thumbnailUrl":"https:\/\/www.anovapeneira.gal\/wp-content\/uploads\/2020\/01\/o_rosal_nenos_e_nenas_a_nova_peneira.jpg","datePublished":"2020-01-14T11:00:53+00:00","breadcrumb":{"@id":"https:\/\/www.anovapeneira.gal\/index.php\/2020\/01\/14\/nenos-e-nenas-do-rosal-descubriron-diferentes-culturas-do-mundo-no-campamento-municipal-de-nadal\/#breadcrumb"},"inLanguage":"gl-ES","potentialAction":[{"@type":"ReadAction","target":["https:\/\/www.anovapeneira.gal\/index.php\/2020\/01\/14\/nenos-e-nenas-do-rosal-descubriron-diferentes-culturas-do-mundo-no-campamento-municipal-de-nadal\/"]}]},{"@type":"ImageObject","inLanguage":"gl-ES","@id":"https:\/\/www.anovapeneira.gal\/index.php\/2020\/01\/14\/nenos-e-nenas-do-rosal-descubriron-diferentes-culturas-do-mundo-no-campamento-municipal-de-nadal\/#primaryimage","url":"https:\/\/www.anovapeneira.gal\/wp-content\/uploads\/2020\/01\/o_rosal_nenos_e_nenas_a_nova_peneira.jpg","contentUrl":"https:\/\/www.anovapeneira.gal\/wp-content\/uploads\/2020\/01\/o_rosal_nenos_e_nenas_a_nova_peneira.jpg","width":720,"height":432,"caption":"Campamento Nadal O Rosal A Nova Peneira"},{"@type":"BreadcrumbList","@id":"https:\/\/www.anovapeneira.gal\/index.php\/2020\/01\/14\/nenos-e-nenas-do-rosal-descubriron-diferentes-culturas-do-mundo-no-campamento-municipal-de-nadal\/#breadcrumb","itemListElement":[{"@type":"ListItem","position":1,"name":"Portada","item":"https:\/\/www.anovapeneira.gal\/"},{"@type":"ListItem","position":2,"name":"Nenos e nenas do Rosal descubriron diferentes culturas do mundo no campamento municipal de Nadal"}]},{"@type":"WebSite","@id":"https:\/\/www.anovapeneira.gal\/#website","url":"https:\/\/www.anovapeneira.gal\/","name":"","description":"Xornal galego de informaci\u00f3n xeral Publicaci\u00f3n mensual de novas de Galicia e en especial dos Concellos da sur da provincia de Pontevedra.","publisher":{"@id":"https:\/\/www.anovapeneira.gal\/#organization"},"potentialAction":[{"@type":"SearchAction","target":{"@type":"EntryPoint","urlTemplate":"https:\/\/www.anovapeneira.gal\/?s={search_term_string}"},"query-input":{"@type":"PropertyValueSpecification","valueRequired":true,"valueName":"search_term_string"}}],"inLanguage":"gl-ES"},{"@type":"Organization","@id":"https:\/\/www.anovapeneira.gal\/#organization","name":"A Nova Peneira","url":"https:\/\/www.anovapeneira.gal\/","logo":{"@type":"ImageObject","inLanguage":"gl-ES","@id":"https:\/\/www.anovapeneira.gal\/#\/schema\/logo\/image\/","url":"http:\/\/www.anovapeneira.gal\/wp-content\/uploads\/2019\/06\/logo_a_nova_peneira_portal_web.png","contentUrl":"http:\/\/www.anovapeneira.gal\/wp-content\/uploads\/2019\/06\/logo_a_nova_peneira_portal_web.png","width":300,"height":100,"caption":"A Nova Peneira"},"image":{"@id":"https:\/\/www.anovapeneira.gal\/#\/schema\/logo\/image\/"},"sameAs":["https:\/\/www.facebook.com\/anovapeneira","https:\/\/x.com\/APeneira"]},{"@type":"Person","@id":"https:\/\/www.anovapeneira.gal\/#\/schema\/person\/b93e3f8932e3f8da96334607eb6ac6aa","name":"Redacci\u00f3n A Nova Peneira","image":{"@type":"ImageObject","inLanguage":"gl-ES","@id":"https:\/\/secure.gravatar.com\/avatar\/c052a2551a06e23fac63626232eaa90abd78dbcf1700fc46a2b2c89fd27b735f?s=96&d=mm&r=g","url":"https:\/\/secure.gravatar.com\/avatar\/c052a2551a06e23fac63626232eaa90abd78dbcf1700fc46a2b2c89fd27b735f?s=96&d=mm&r=g","contentUrl":"https:\/\/secure.gravatar.com\/avatar\/c052a2551a06e23fac63626232eaa90abd78dbcf1700fc46a2b2c89fd27b735f?s=96&d=mm&r=g","caption":"Redacci\u00f3n A Nova Peneira"},"sameAs":["http:\/\/www.anovapeneira.gal\/"],"url":"https:\/\/www.anovapeneira.gal\/index.php\/author\/redactor\/"}]}},"jetpack_featured_media_url":"https:\/\/www.anovapeneira.gal\/wp-content\/uploads\/2020\/01\/o_rosal_nenos_e_nenas_a_nova_peneira.jpg","_links":{"self":[{"href":"https:\/\/www.anovapeneira.gal\/index.php\/wp-json\/wp\/v2\/posts\/2248","targetHints":{"allow":["GET"]}}],"collection":[{"href":"https:\/\/www.anovapeneira.gal\/index.php\/wp-json\/wp\/v2\/posts"}],"about":[{"href":"https:\/\/www.anovapeneira.gal\/index.php\/wp-json\/wp\/v2\/types\/post"}],"author":[{"embeddable":true,"href":"https:\/\/www.anovapeneira.gal\/index.php\/wp-json\/wp\/v2\/users\/3"}],"replies":[{"embeddable":true,"href":"https:\/\/www.anovapeneira.gal\/index.php\/wp-json\/wp\/v2\/comments?post=2248"}],"version-history":[{"count":1,"href":"https:\/\/www.anovapeneira.gal\/index.php\/wp-json\/wp\/v2\/posts\/2248\/revisions"}],"predecessor-version":[{"id":2250,"href":"https:\/\/www.anovapeneira.gal\/index.php\/wp-json\/wp\/v2\/posts\/2248\/revisions\/2250"}],"wp:featuredmedia":[{"embeddable":true,"href":"https:\/\/www.anovapeneira.gal\/index.php\/wp-json\/wp\/v2\/media\/2249"}],"wp:attachment":[{"href":"https:\/\/www.anovapeneira.gal\/index.php\/wp-json\/wp\/v2\/media?parent=2248"}],"wp:term":[{"taxonomy":"category","embeddable":true,"href":"https:\/\/www.anovapeneira.gal\/index.php\/wp-json\/wp\/v2\/categories?post=2248"},{"taxonomy":"post_tag","embeddable":true,"href":"https:\/\/www.anovapeneira.gal\/index.php\/wp-json\/wp\/v2\/tags?post=2248"}],"curies":[{"name":"wp","href":"https:\/\/api.w.org\/{rel}","templated":true}]}}